{"id":4324,"date":"2026-03-13T13:44:34","date_gmt":"2026-03-13T16:44:34","guid":{"rendered":"https:\/\/prefeitosegestoes.com.br\/portal\/?p=4324"},"modified":"2026-03-13T13:54:42","modified_gmt":"2026-03-13T16:54:42","slug":"guerra-no-ira-gera-incertezas-pelo-mundo-e-afeta-o-agronegocio-do-brasil","status":"publish","type":"post","link":"https:\/\/prefeitosegestoes.com.br\/portal\/guerra-no-ira-gera-incertezas-pelo-mundo-e-afeta-o-agronegocio-do-brasil\/","title":{"rendered":"Guerra no Ir\u00e3 gera incertezas pelo mundo e afeta o agroneg\u00f3cio do Brasil"},"content":{"rendered":"<header class=\"mt-3 styles_header__poIhx\">\n<div class=\"mb-2\">\n<h6 class=\"styles_subtitle__pGR22\"><em>\u00a0Foto de Fadel Senna\/AFP<\/em><\/h6>\n<h2 class=\"styles_subtitle__pGR22\">Alta no pre\u00e7o dos fertilizantes j\u00e1 gera incerteza em produtores de todo o mundo; Brasil ainda tem tempo at\u00e9 a pr\u00f3xima safra, mas tudo vai depender de quanto tempo conflito vai perdurar<\/h2>\n<p><em><strong>F\u00e1bio Corr\u00eaa<\/strong><\/em><\/p>\n<\/div>\n<\/header>\n<div class=\"d-flex mt-3 mb-3\">\n<div class=\"col-md-8 styles_containerTextNew__BgQmh\">\n<div class=\"styles_boxTextNew___lkSZ\">\n<div id=\"newtext\" class=\"styles_newText__1xKtb\">\n<div id=\"newtext-above\">\n<p>Os reflexos econ\u00f4micos da guerra travada entre Estados Unidos e Israel contra o Ir\u00e3 est\u00e3o gerando incertezas em setores considerados essenciais para a produ\u00e7\u00e3o de alimentos no mundo.<\/p>\n<p>Depois do choque no pre\u00e7o da energia, com o barril de petr\u00f3leo atingindo um valor pr\u00f3ximo dos US$ 100, o novo foco da inseguran\u00e7a agora s\u00e3o os fertilizantes, produzidos largamente por pa\u00edses do Golfo P\u00e9rsico, que utilizam o Estreito de Ormuz, agora bloqueado, como rota de transporte.<\/p>\n<p>O choque atinge em especial o grupo de fertilizantes nitrogenados, principalmente a ureia, o insumo do tipo mais usado por agricultores em todo o mundo \u2013 estima-se que metade do volume do produto comercializado no planeta tenha origem no Golfo, segundo a Bloomberg Intelligence.<\/p>\n<\/div>\n<div id=\"newtext-below\">\n<p>L\u00edder na produ\u00e7\u00e3o de alimentos, o Brasil importa cerca de 85% do volume de fertilizantes utilizados anualmente, de acordo com dados da Empresa Brasileira de Pesquisa Agropecu\u00e1ria (Embrapa), citados pela ag\u00eancia de not\u00edcias Reuters.<\/p>\n<p>Em 2025, todo o estoque de ureia do pa\u00eds teve origem no exterior, com aproximadamente 41% dessas importa\u00e7\u00f5es passando justamente pelo Estreito de Ormuz, segundo a consultoria Agrinvest.<\/p>\n<h3>Pre\u00e7o da ureia dispara<\/h3>\n<p>Um complicador a mais nessa equa\u00e7\u00e3o \u00e9 g\u00e1s natural liquefeito (GLN), utilizado para a produ\u00e7\u00e3o dos fertilizantes nitrogenados. Assim como o petr\u00f3leo, cerca de um quinto do volume de GNL exportado mundialmente passa por Ormuz. Al\u00e9m disso, na semana passada, a Qatar Energy interrompeu a produ\u00e7\u00e3o devido a ataques iranianos a Ras Laffan, maior centro mundial de GNL e fertilizantes.<\/p>\n<p>Essas vari\u00e1veis j\u00e1 est\u00e3o sendo repassadas para o mercado. Tamb\u00e9m na semana passada, a ureia comercializada registrou uma alta de 37%, no Egito, mercado utilizado como refer\u00eancia para os pre\u00e7os internacionais, com o pre\u00e7o da tonelada passando de US$ 485 para US$ 665.<\/p>\n<p>\u00c9 um valor ainda abaixo do pico de mil d\u00f3lares, alcan\u00e7ado ap\u00f3s a invas\u00e3o da Ucr\u00e2nia pela R\u00fassia, outro grande produtor do nitrogenado e alvo de san\u00e7\u00f5es internacionais. Mas j\u00e1 gera temor quanto \u00e0s pr\u00f3ximas semanas principalmente junto aos mercados do Hemisf\u00e9rio Norte, que est\u00e3o no in\u00edcio do plantio para a pr\u00f3xima colheita.<\/p>\n<p>A depend\u00eancia da ureia \u00e9 maior para gr\u00e3os como milho, trigo e arroz. Segundo Joseph Glauber, pesquisador s\u00eanior do Instituto Internacional de Pesquisa sobre Pol\u00edticas Alimentares (IFPRI, na sigla em ingl\u00eas), com sede em Washington, a alta nos fertilizantes pode levar agricultores a optar por culturas que precisam de menos fertilizantes para evitar custos mais altos com insumos. Com isso, a produ\u00e7\u00e3o agr\u00edcola pode ficar prejudicada.<\/p>\n<p>Um bloqueio prolongado do Estreito de Ormuz reduzir\u00e1 \u201csignificativamente a disponibilidade de fertilizantes em grandes regi\u00f5es dependentes de importa\u00e7\u00f5es, como Brasil, \u00cdndia, Sul da \u00c1sia e partes da EU\u201d, alertou o banco holand\u00eas ING, em um comunicado do in\u00edcio do m\u00eas.<\/p>\n<p>Outros produtores de fertilizantes, como R\u00fassia, China, Estados Unidos e Marrocos, t\u00eam capacidade ociosa limitada e ter\u00e3o dificuldade em aumentar instantaneamente a produ\u00e7\u00e3o de fertilizantes para compensar o d\u00e9ficit. A China recentemente imp\u00f4s restri\u00e7\u00f5es \u00e0 importa\u00e7\u00e3o de fertilizantes fosfatados e nitrogenados, mas pode decidir voltar atr\u00e1s para amortecer os pre\u00e7os.<\/p>\n<h3>E o Brasil?<\/h3>\n<p>Enquanto esse impacto deve chegar primeiro nos pa\u00edses do Hemisf\u00e9rio Norte, como os Estados Unidos, por causa do in\u00edcio da primavera, no Brasil os reflexos ainda s\u00e3o incertos. No pa\u00eds, a compra de fertilizantes nitrogenados \u00e9 maior nos \u00faltimos meses do ano, antes do plantio de milho.<\/p>\n<p>\u201cApesar disso, o n\u00edvel de incerteza \u00e9 elevado e n\u00e3o h\u00e1 garantia de que os pre\u00e7os estar\u00e3o mais favor\u00e1veis nas pr\u00f3ximas semanas. A falta de previsibilidade no cen\u00e1rio geopol\u00edtico torna o comportamento do mercado de fertilizantes especialmente dif\u00edcil de antecipar neste momento\u201d, afirmou, em nota, o analista Tom\u00e1s Pern\u00edas, da consultoria StoneX, especializada em commodities.<\/p>\n<p>Mas, a princ\u00edpio, pelo menos por agora, os agricultores brasileiros devem sofrer menos em compara\u00e7\u00f5es com os colegas do Hemisf\u00e9rio Norte, diz Mauro Osaki, pesquisador de custos agr\u00edcolas do Centro de Estudos Avan\u00e7ados em Economia Aplicada (Cepea), da Esaql-USP.<\/p>\n<p>\u201cEst\u00e1 tudo ainda muito incerto em rela\u00e7\u00e3o aos fertilizantes, mas a cultura de segunda safra j\u00e1 est\u00e1 praticamente finalizada. Para o milho, o produtor provavelmente j\u00e1 comprou [os fertilizantes]\u201d, comenta. A preocupa\u00e7\u00e3o agora \u00e9 com o planejamento para a pr\u00f3xima safra, de 2026\/27.<\/p>\n<p>Osaki ainda completa: \u201cMas, comparado com anos anteriores, em fun\u00e7\u00e3o desse conflito, d\u00e1 a impress\u00e3o de que n\u00f3s aceleramos um pouco mais a compra dos fertilizantes para essa temporada\u201d.<\/p>\n<p>Segundo ele, os maiores impactos futuros podem recair sobre as culturas de trigo e cevada \u2013 que j\u00e1 v\u00eam acumulando rentabilidade negativa em algumas safras. A dificuldade de obter fertilizante nitrogenado tamb\u00e9m amea\u00e7a atingir o plantio de arroz e do feij\u00e3o.<\/p>\n<p>Ambos os gr\u00e3os, no entanto, j\u00e1 v\u00eam sofrendo queda de rentabilidade por uma mudan\u00e7a no perfil do consumidor brasileiro, que vem lentamente substituindo esses produtos, reduzindo a demanda, acrescenta o pesquisador do Cepea.<\/p>\n<p>\u201cBasicamente, a gente vive ainda uma certa incerteza, sobre o quanto que esse conflito vai se transmitir no pre\u00e7o \u2013 e mais para frente, em alguma eleva\u00e7\u00e3o do custo de produ\u00e7\u00e3o\u201d, diz Osaki.<\/p>\n<p>No curto prazo, acrescenta, o impacto maior ficaria a\u00ed para as lavouras de inverno \u2013 trigo, aveia, cevada e a chamada safrinha de milho.<\/p>\n<p><img fetchpriority=\"high\" decoding=\"async\" class=\"alignnone wp-image-4328\" src=\"https:\/\/prefeitosegestoes.com.br\/portal\/wp-content\/uploads\/2026\/03\/1057811-ebc_07.12.2016-2948_07.12.16-1-300x225.webp\" alt=\"\" width=\"507\" height=\"380\" srcset=\"https:\/\/prefeitosegestoes.com.br\/portal\/wp-content\/uploads\/2026\/03\/1057811-ebc_07.12.2016-2948_07.12.16-1-300x225.webp 300w, https:\/\/prefeitosegestoes.com.br\/portal\/wp-content\/uploads\/2026\/03\/1057811-ebc_07.12.2016-2948_07.12.16-1-768x576.webp 768w, https:\/\/prefeitosegestoes.com.br\/portal\/wp-content\/uploads\/2026\/03\/1057811-ebc_07.12.2016-2948_07.12.16-1.webp 1024w\" sizes=\"(max-width: 507px) 100vw, 507px\" \/><\/p>\n<h6 class=\"styles_subtitle__pGR22\"><em>Foto: Marcelo Camargo\/Ag\u00eancia Brasil<\/em><\/h6>\n<h3>Soja<\/h3>\n<p>At\u00e9 agora, a Petrobras n\u00e3o repassou a alta do petr\u00f3leo no mercado internacional aos postos de gasolina. O consumidor, no entanto, j\u00e1 sente o aumento do combust\u00edvel no bolso, mesmo que menor em rela\u00e7\u00e3o a pa\u00edses europeus, como a Alemanha.<\/p>\n<p>Em S\u00e3o Paulo, por exemplo, segundo a Ag\u00eancia Nacional do Petr\u00f3leo, G\u00e1s Natural e Biocombust\u00edveis (ANP), o pre\u00e7o m\u00e9dio do diesel acumulou uma alta de 8,4% na \u00faltima semana \u2013 um aumento de R$ 0,50 no litro comercializado pelos postos. A gasolina ficou 11% mais cara no per\u00edodo.<\/p>\n<p>Esse desdobramento j\u00e1 afeta a comercializa\u00e7\u00e3o da soja, maior produto de exporta\u00e7\u00e3o brasileira, aponta o Cepea. Neste per\u00edodo do ano, o fluxo de caminh\u00f5es \u00e9 maior por causa da colheita do gr\u00e3o, o que tamb\u00e9m impacta no frete. Isso tende a reduzir a margem de lucro dos produtores.<\/p>\n<p>Diante disso, \u201cboa parte desses agentes j\u00e1 se mostra mais ativa nas vendas da oleaginosa, o que vem elevando a liquidez no mercado spot nacional. Al\u00e9m disso, as vendas foram estimuladas pela proximidade de vencimento de compromissos financeiros e pela recupera\u00e7\u00e3o cambial\u201d, acrescenta o Cepea.<\/p>\n<p>A institui\u00e7\u00e3o de pesquisa tamb\u00e9m acrescenta que o conflito no Oriente M\u00e9dio pode redirecionar outros compradores de soja ao Brasil, aumentando as exporta\u00e7\u00f5es nacionais, principalmente pelo fato de o pa\u00eds j\u00e1 concentrar 61% da demanda mundial para o gr\u00e3o nesse per\u00edodo do ano.<\/p>\n<h3>Carne de frango<\/h3>\n<p>J\u00e1 no setor de prote\u00edna animal a preocupa\u00e7\u00e3o \u00e9 maior, j\u00e1 que quase 25% das exporta\u00e7\u00f5es de carne de frango tiveram como destino, em 2025, o Oriente M\u00e9dio \u2013 com Emirados \u00c1rabes Unidos, pa\u00eds impactado pelos ataques do Ir\u00e3, em primeiro lugar. A Ar\u00e1bia Saudita \u00e9 o terceiro.<\/p>\n<p>De acordo com o Cepea, agendamentos de novos embarques para a regi\u00e3o podem acabar suspensos por causa do conflito. O fechamento do Estreito de Ormuz tamb\u00e9m afeta o setor av\u00edcola, que utiliza a rota para as exporta\u00e7\u00f5es na regi\u00e3o.<\/p>\n<p>Diante disso, produtores j\u00e1 avaliam redirecionar as vendas de carne de frango para outros mercados. \u201cPor\u00e9m, vale lembrar que o com\u00e9rcio exterior tamb\u00e9m envolve quest\u00f5es log\u00edsticas, legais e fitossanit\u00e1rias, o que dificulta essa alternativa\u201d, diz o Cepea.<\/p>\n<p>O instituto observa que, caso as exporta\u00e7\u00f5es brasileiras da carne de frango sejam bastante comprometidas pelo contexto e por consequ\u00eancias do conflito observado no Oriente M\u00e9dio, a produ\u00e7\u00e3o nacional voltada ao mercado externo poderia ser destinada e comercializada no interno.<\/p>\n<p>\u201cAgentes relatam que essa alternativa, contudo, traz novos desafios ao setor, j\u00e1 que exigiria algumas adapta\u00e7\u00f5es (como embalagens, etiquetas e afins)\u201d, complementa o Cepea.<\/p>\n<p>Fonte: Nova Cana<\/p>\n<\/div>\n<\/div>\n<\/div>\n<\/div>\n<\/div>\n","protected":false},"excerpt":{"rendered":"<p>\u00a0Foto de Fadel Senna\/AFP Alta no pre\u00e7o dos fertilizantes j\u00e1 gera incerteza em produtores de todo o mundo; Brasil ainda tem tempo at\u00e9 a pr\u00f3xima safra, mas tudo vai depender de quanto tempo conflito vai perdurar F\u00e1bio Corr\u00eaa Os reflexos econ\u00f4micos da guerra travada entre Estados Unidos e Israel contra o Ir\u00e3 est\u00e3o gerando incertezas [&hellip;]<\/p>\n","protected":false},"author":2,"featured_media":4329,"comment_status":"open","ping_status":"open","sticky":false,"template":"","format":"standard","meta":{"rop_custom_images_group":[],"rop_custom_messages_group":[],"rop_publish_now":"initial","rop_publish_now_accounts":{"twitter_850042665852968960_850042665852968960":""},"rop_publish_now_history":[],"rop_publish_now_status":"pending","footnotes":""},"categories":[15],"tags":[968,971,972,967,969,970],"class_list":["post-4324","post","type-post","status-publish","format-standard","has-post-thumbnail","hentry","category-destaques","tag-agronegocio","tag-fertilizantes","tag-frango","tag-guera-eua-irao","tag-guerra-eua-ira","tag-soja"],"yoast_head":"<!-- This site is optimized with the Yoast SEO plugin v27.2 - https:\/\/yoast.com\/product\/yoast-seo-wordpress\/ -->\n<title>Guerra no Ir\u00e3 gera incertezas pelo mundo e afeta o agroneg\u00f3cio do Brasil - Prefeitos &amp; Gest\u00f5es<\/title>\n<meta name=\"description\" content=\"Alta no pre\u00e7o dos fertilizantes j\u00e1 gera incerteza em produtores de todo o mundo; Brasil ainda tem tempo at\u00e9 a pr\u00f3xima safra, mas tudo vai depender de quanto tempo conflito vai perdurar\" \/>\n<meta name=\"robots\" content=\"index, follow, max-snippet:-1, max-image-preview:large, max-video-preview:-1\" \/>\n<link rel=\"canonical\" href=\"https:\/\/prefeitosegestoes.com.br\/portal\/guerra-no-ira-gera-incertezas-pelo-mundo-e-afeta-o-agronegocio-do-brasil\/\" \/>\n<meta property=\"og:locale\" content=\"pt_BR\" \/>\n<meta property=\"og:type\" content=\"article\" \/>\n<meta property=\"og:title\" content=\"Guerra no Ir\u00e3 gera incertezas pelo mundo e afeta o agroneg\u00f3cio do Brasil - Prefeitos &amp; Gest\u00f5es\" \/>\n<meta property=\"og:description\" content=\"Alta no pre\u00e7o dos fertilizantes j\u00e1 gera incerteza em produtores de todo o mundo; Brasil ainda tem tempo at\u00e9 a pr\u00f3xima safra, mas tudo vai depender de quanto tempo conflito vai perdurar\" \/>\n<meta property=\"og:url\" content=\"https:\/\/prefeitosegestoes.com.br\/portal\/guerra-no-ira-gera-incertezas-pelo-mundo-e-afeta-o-agronegocio-do-brasil\/\" \/>\n<meta property=\"og:site_name\" content=\"Prefeitos &amp; Gest\u00f5es\" \/>\n<meta property=\"article:publisher\" content=\"https:\/\/www.facebook.com\/prefeitosonline\" \/>\n<meta property=\"article:published_time\" content=\"2026-03-13T16:44:34+00:00\" \/>\n<meta property=\"article:modified_time\" content=\"2026-03-13T16:54:42+00:00\" \/>\n<meta property=\"og:image\" content=\"https:\/\/prefeitosegestoes.com.br\/portal\/wp-content\/uploads\/2026\/03\/Materia-1-Imagem.webp\" \/>\n\t<meta property=\"og:image:width\" content=\"1013\" \/>\n\t<meta property=\"og:image:height\" content=\"675\" \/>\n\t<meta property=\"og:image:type\" content=\"image\/webp\" \/>\n<meta name=\"author\" content=\"Prefeitos &amp; Gest\u00f5es\" \/>\n<meta name=\"twitter:card\" content=\"summary_large_image\" \/>\n<meta name=\"twitter:creator\" content=\"@PrefGestoes\" \/>\n<meta name=\"twitter:site\" content=\"@PrefGestoes\" \/>\n<meta name=\"twitter:label1\" content=\"Escrito por\" \/>\n\t<meta name=\"twitter:data1\" content=\"Prefeitos &amp; Gest\u00f5es\" \/>\n\t<meta name=\"twitter:label2\" content=\"Est. tempo de leitura\" \/>\n\t<meta name=\"twitter:data2\" content=\"8 minutos\" \/>\n<script type=\"application\/ld+json\" class=\"yoast-schema-graph\">{\"@context\":\"https:\/\/schema.org\",\"@graph\":[{\"@type\":\"Article\",\"@id\":\"https:\/\/prefeitosegestoes.com.br\/portal\/guerra-no-ira-gera-incertezas-pelo-mundo-e-afeta-o-agronegocio-do-brasil\/#article\",\"isPartOf\":{\"@id\":\"https:\/\/prefeitosegestoes.com.br\/portal\/guerra-no-ira-gera-incertezas-pelo-mundo-e-afeta-o-agronegocio-do-brasil\/\"},\"author\":{\"name\":\"Prefeitos &amp; Gest\u00f5es\",\"@id\":\"https:\/\/prefeitosegestoes.com.br\/portal\/#\/schema\/person\/d00059f2ec99963e7e1850d448ae94b8\"},\"headline\":\"Guerra no Ir\u00e3 gera incertezas pelo mundo e afeta o agroneg\u00f3cio do Brasil\",\"datePublished\":\"2026-03-13T16:44:34+00:00\",\"dateModified\":\"2026-03-13T16:54:42+00:00\",\"mainEntityOfPage\":{\"@id\":\"https:\/\/prefeitosegestoes.com.br\/portal\/guerra-no-ira-gera-incertezas-pelo-mundo-e-afeta-o-agronegocio-do-brasil\/\"},\"wordCount\":1448,\"commentCount\":0,\"publisher\":{\"@id\":\"https:\/\/prefeitosegestoes.com.br\/portal\/#organization\"},\"image\":{\"@id\":\"https:\/\/prefeitosegestoes.com.br\/portal\/guerra-no-ira-gera-incertezas-pelo-mundo-e-afeta-o-agronegocio-do-brasil\/#primaryimage\"},\"thumbnailUrl\":\"https:\/\/prefeitosegestoes.com.br\/portal\/wp-content\/uploads\/2026\/03\/Materia-1-Imagem.webp\",\"keywords\":[\"agroneg\u00f3cio\",\"Fertilizantes\",\"frango\",\"Guera eua ir\u00e3o\",\"Guerra EUA Ir\u00e3\",\"Soja\"],\"articleSection\":[\"Destaques\"],\"inLanguage\":\"pt-BR\",\"potentialAction\":[{\"@type\":\"CommentAction\",\"name\":\"Comment\",\"target\":[\"https:\/\/prefeitosegestoes.com.br\/portal\/guerra-no-ira-gera-incertezas-pelo-mundo-e-afeta-o-agronegocio-do-brasil\/#respond\"]}]},{\"@type\":\"WebPage\",\"@id\":\"https:\/\/prefeitosegestoes.com.br\/portal\/guerra-no-ira-gera-incertezas-pelo-mundo-e-afeta-o-agronegocio-do-brasil\/\",\"url\":\"https:\/\/prefeitosegestoes.com.br\/portal\/guerra-no-ira-gera-incertezas-pelo-mundo-e-afeta-o-agronegocio-do-brasil\/\",\"name\":\"Guerra no Ir\u00e3 gera incertezas pelo mundo e afeta o agroneg\u00f3cio do Brasil - Prefeitos &amp; Gest\u00f5es\",\"isPartOf\":{\"@id\":\"https:\/\/prefeitosegestoes.com.br\/portal\/#website\"},\"primaryImageOfPage\":{\"@id\":\"https:\/\/prefeitosegestoes.com.br\/portal\/guerra-no-ira-gera-incertezas-pelo-mundo-e-afeta-o-agronegocio-do-brasil\/#primaryimage\"},\"image\":{\"@id\":\"https:\/\/prefeitosegestoes.com.br\/portal\/guerra-no-ira-gera-incertezas-pelo-mundo-e-afeta-o-agronegocio-do-brasil\/#primaryimage\"},\"thumbnailUrl\":\"https:\/\/prefeitosegestoes.com.br\/portal\/wp-content\/uploads\/2026\/03\/Materia-1-Imagem.webp\",\"datePublished\":\"2026-03-13T16:44:34+00:00\",\"dateModified\":\"2026-03-13T16:54:42+00:00\",\"description\":\"Alta no pre\u00e7o dos fertilizantes j\u00e1 gera incerteza em produtores de todo o mundo; Brasil ainda tem tempo at\u00e9 a pr\u00f3xima safra, mas tudo vai depender de quanto tempo conflito vai perdurar\",\"breadcrumb\":{\"@id\":\"https:\/\/prefeitosegestoes.com.br\/portal\/guerra-no-ira-gera-incertezas-pelo-mundo-e-afeta-o-agronegocio-do-brasil\/#breadcrumb\"},\"inLanguage\":\"pt-BR\",\"potentialAction\":[{\"@type\":\"ReadAction\",\"target\":[\"https:\/\/prefeitosegestoes.com.br\/portal\/guerra-no-ira-gera-incertezas-pelo-mundo-e-afeta-o-agronegocio-do-brasil\/\"]}]},{\"@type\":\"ImageObject\",\"inLanguage\":\"pt-BR\",\"@id\":\"https:\/\/prefeitosegestoes.com.br\/portal\/guerra-no-ira-gera-incertezas-pelo-mundo-e-afeta-o-agronegocio-do-brasil\/#primaryimage\",\"url\":\"https:\/\/prefeitosegestoes.com.br\/portal\/wp-content\/uploads\/2026\/03\/Materia-1-Imagem.webp\",\"contentUrl\":\"https:\/\/prefeitosegestoes.com.br\/portal\/wp-content\/uploads\/2026\/03\/Materia-1-Imagem.webp\",\"width\":1013,\"height\":675},{\"@type\":\"BreadcrumbList\",\"@id\":\"https:\/\/prefeitosegestoes.com.br\/portal\/guerra-no-ira-gera-incertezas-pelo-mundo-e-afeta-o-agronegocio-do-brasil\/#breadcrumb\",\"itemListElement\":[{\"@type\":\"ListItem\",\"position\":1,\"name\":\"In\u00edcio\",\"item\":\"https:\/\/prefeitosegestoes.com.br\/portal\/\"},{\"@type\":\"ListItem\",\"position\":2,\"name\":\"Guerra no Ir\u00e3 gera incertezas pelo mundo e afeta o agroneg\u00f3cio do Brasil\"}]},{\"@type\":\"WebSite\",\"@id\":\"https:\/\/prefeitosegestoes.com.br\/portal\/#website\",\"url\":\"https:\/\/prefeitosegestoes.com.br\/portal\/\",\"name\":\"Prefeitos & Gest\u00f5es\",\"description\":\"\",\"publisher\":{\"@id\":\"https:\/\/prefeitosegestoes.com.br\/portal\/#organization\"},\"potentialAction\":[{\"@type\":\"SearchAction\",\"target\":{\"@type\":\"EntryPoint\",\"urlTemplate\":\"https:\/\/prefeitosegestoes.com.br\/portal\/?s={search_term_string}\"},\"query-input\":{\"@type\":\"PropertyValueSpecification\",\"valueRequired\":true,\"valueName\":\"search_term_string\"}}],\"inLanguage\":\"pt-BR\"},{\"@type\":\"Organization\",\"@id\":\"https:\/\/prefeitosegestoes.com.br\/portal\/#organization\",\"name\":\"Prefeitos & Gest\u00f5es\",\"url\":\"https:\/\/prefeitosegestoes.com.br\/portal\/\",\"logo\":{\"@type\":\"ImageObject\",\"inLanguage\":\"pt-BR\",\"@id\":\"https:\/\/prefeitosegestoes.com.br\/portal\/#\/schema\/logo\/image\/\",\"url\":\"https:\/\/prefeitosegestoes.com.br\/portal\/wp-content\/uploads\/2024\/10\/lg_trans_prefeitos_2024_preto2.png\",\"contentUrl\":\"https:\/\/prefeitosegestoes.com.br\/portal\/wp-content\/uploads\/2024\/10\/lg_trans_prefeitos_2024_preto2.png\",\"width\":199,\"height\":122,\"caption\":\"Prefeitos & Gest\u00f5es\"},\"image\":{\"@id\":\"https:\/\/prefeitosegestoes.com.br\/portal\/#\/schema\/logo\/image\/\"},\"sameAs\":[\"https:\/\/www.facebook.com\/prefeitosonline\",\"https:\/\/x.com\/PrefGestoes\"]},{\"@type\":\"Person\",\"@id\":\"https:\/\/prefeitosegestoes.com.br\/portal\/#\/schema\/person\/d00059f2ec99963e7e1850d448ae94b8\",\"name\":\"Prefeitos &amp; Gest\u00f5es\",\"image\":{\"@type\":\"ImageObject\",\"inLanguage\":\"pt-BR\",\"@id\":\"https:\/\/secure.gravatar.com\/avatar\/738fb281e479212ed32c1a21a4307dda9f3af9292edb6918a16c9ce9fff5f48d?s=96&d=mm&r=g\",\"url\":\"https:\/\/secure.gravatar.com\/avatar\/738fb281e479212ed32c1a21a4307dda9f3af9292edb6918a16c9ce9fff5f48d?s=96&d=mm&r=g\",\"contentUrl\":\"https:\/\/secure.gravatar.com\/avatar\/738fb281e479212ed32c1a21a4307dda9f3af9292edb6918a16c9ce9fff5f48d?s=96&d=mm&r=g\",\"caption\":\"Prefeitos &amp; Gest\u00f5es\"},\"url\":\"https:\/\/prefeitosegestoes.com.br\/portal\/author\/prefeitosegestoes\/\"}]}<\/script>\n<!-- \/ Yoast SEO plugin. -->","yoast_head_json":{"title":"Guerra no Ir\u00e3 gera incertezas pelo mundo e afeta o agroneg\u00f3cio do Brasil - Prefeitos &amp; Gest\u00f5es","description":"Alta no pre\u00e7o dos fertilizantes j\u00e1 gera incerteza em produtores de todo o mundo; Brasil ainda tem tempo at\u00e9 a pr\u00f3xima safra, mas tudo vai depender de quanto tempo conflito vai perdurar","robots":{"index":"index","follow":"follow","max-snippet":"max-snippet:-1","max-image-preview":"max-image-preview:large","max-video-preview":"max-video-preview:-1"},"canonical":"https:\/\/prefeitosegestoes.com.br\/portal\/guerra-no-ira-gera-incertezas-pelo-mundo-e-afeta-o-agronegocio-do-brasil\/","og_locale":"pt_BR","og_type":"article","og_title":"Guerra no Ir\u00e3 gera incertezas pelo mundo e afeta o agroneg\u00f3cio do Brasil - Prefeitos &amp; Gest\u00f5es","og_description":"Alta no pre\u00e7o dos fertilizantes j\u00e1 gera incerteza em produtores de todo o mundo; Brasil ainda tem tempo at\u00e9 a pr\u00f3xima safra, mas tudo vai depender de quanto tempo conflito vai perdurar","og_url":"https:\/\/prefeitosegestoes.com.br\/portal\/guerra-no-ira-gera-incertezas-pelo-mundo-e-afeta-o-agronegocio-do-brasil\/","og_site_name":"Prefeitos &amp; Gest\u00f5es","article_publisher":"https:\/\/www.facebook.com\/prefeitosonline","article_published_time":"2026-03-13T16:44:34+00:00","article_modified_time":"2026-03-13T16:54:42+00:00","og_image":[{"width":1013,"height":675,"url":"https:\/\/prefeitosegestoes.com.br\/portal\/wp-content\/uploads\/2026\/03\/Materia-1-Imagem.webp","type":"image\/webp"}],"author":"Prefeitos &amp; Gest\u00f5es","twitter_card":"summary_large_image","twitter_creator":"@PrefGestoes","twitter_site":"@PrefGestoes","twitter_misc":{"Escrito por":"Prefeitos &amp; Gest\u00f5es","Est. tempo de leitura":"8 minutos"},"schema":{"@context":"https:\/\/schema.org","@graph":[{"@type":"Article","@id":"https:\/\/prefeitosegestoes.com.br\/portal\/guerra-no-ira-gera-incertezas-pelo-mundo-e-afeta-o-agronegocio-do-brasil\/#article","isPartOf":{"@id":"https:\/\/prefeitosegestoes.com.br\/portal\/guerra-no-ira-gera-incertezas-pelo-mundo-e-afeta-o-agronegocio-do-brasil\/"},"author":{"name":"Prefeitos &amp; Gest\u00f5es","@id":"https:\/\/prefeitosegestoes.com.br\/portal\/#\/schema\/person\/d00059f2ec99963e7e1850d448ae94b8"},"headline":"Guerra no Ir\u00e3 gera incertezas pelo mundo e afeta o agroneg\u00f3cio do Brasil","datePublished":"2026-03-13T16:44:34+00:00","dateModified":"2026-03-13T16:54:42+00:00","mainEntityOfPage":{"@id":"https:\/\/prefeitosegestoes.com.br\/portal\/guerra-no-ira-gera-incertezas-pelo-mundo-e-afeta-o-agronegocio-do-brasil\/"},"wordCount":1448,"commentCount":0,"publisher":{"@id":"https:\/\/prefeitosegestoes.com.br\/portal\/#organization"},"image":{"@id":"https:\/\/prefeitosegestoes.com.br\/portal\/guerra-no-ira-gera-incertezas-pelo-mundo-e-afeta-o-agronegocio-do-brasil\/#primaryimage"},"thumbnailUrl":"https:\/\/prefeitosegestoes.com.br\/portal\/wp-content\/uploads\/2026\/03\/Materia-1-Imagem.webp","keywords":["agroneg\u00f3cio","Fertilizantes","frango","Guera eua ir\u00e3o","Guerra EUA Ir\u00e3","Soja"],"articleSection":["Destaques"],"inLanguage":"pt-BR","potentialAction":[{"@type":"CommentAction","name":"Comment","target":["https:\/\/prefeitosegestoes.com.br\/portal\/guerra-no-ira-gera-incertezas-pelo-mundo-e-afeta-o-agronegocio-do-brasil\/#respond"]}]},{"@type":"WebPage","@id":"https:\/\/prefeitosegestoes.com.br\/portal\/guerra-no-ira-gera-incertezas-pelo-mundo-e-afeta-o-agronegocio-do-brasil\/","url":"https:\/\/prefeitosegestoes.com.br\/portal\/guerra-no-ira-gera-incertezas-pelo-mundo-e-afeta-o-agronegocio-do-brasil\/","name":"Guerra no Ir\u00e3 gera incertezas pelo mundo e afeta o agroneg\u00f3cio do Brasil - Prefeitos &amp; Gest\u00f5es","isPartOf":{"@id":"https:\/\/prefeitosegestoes.com.br\/portal\/#website"},"primaryImageOfPage":{"@id":"https:\/\/prefeitosegestoes.com.br\/portal\/guerra-no-ira-gera-incertezas-pelo-mundo-e-afeta-o-agronegocio-do-brasil\/#primaryimage"},"image":{"@id":"https:\/\/prefeitosegestoes.com.br\/portal\/guerra-no-ira-gera-incertezas-pelo-mundo-e-afeta-o-agronegocio-do-brasil\/#primaryimage"},"thumbnailUrl":"https:\/\/prefeitosegestoes.com.br\/portal\/wp-content\/uploads\/2026\/03\/Materia-1-Imagem.webp","datePublished":"2026-03-13T16:44:34+00:00","dateModified":"2026-03-13T16:54:42+00:00","description":"Alta no pre\u00e7o dos fertilizantes j\u00e1 gera incerteza em produtores de todo o mundo; Brasil ainda tem tempo at\u00e9 a pr\u00f3xima safra, mas tudo vai depender de quanto tempo conflito vai perdurar","breadcrumb":{"@id":"https:\/\/prefeitosegestoes.com.br\/portal\/guerra-no-ira-gera-incertezas-pelo-mundo-e-afeta-o-agronegocio-do-brasil\/#breadcrumb"},"inLanguage":"pt-BR","potentialAction":[{"@type":"ReadAction","target":["https:\/\/prefeitosegestoes.com.br\/portal\/guerra-no-ira-gera-incertezas-pelo-mundo-e-afeta-o-agronegocio-do-brasil\/"]}]},{"@type":"ImageObject","inLanguage":"pt-BR","@id":"https:\/\/prefeitosegestoes.com.br\/portal\/guerra-no-ira-gera-incertezas-pelo-mundo-e-afeta-o-agronegocio-do-brasil\/#primaryimage","url":"https:\/\/prefeitosegestoes.com.br\/portal\/wp-content\/uploads\/2026\/03\/Materia-1-Imagem.webp","contentUrl":"https:\/\/prefeitosegestoes.com.br\/portal\/wp-content\/uploads\/2026\/03\/Materia-1-Imagem.webp","width":1013,"height":675},{"@type":"BreadcrumbList","@id":"https:\/\/prefeitosegestoes.com.br\/portal\/guerra-no-ira-gera-incertezas-pelo-mundo-e-afeta-o-agronegocio-do-brasil\/#breadcrumb","itemListElement":[{"@type":"ListItem","position":1,"name":"In\u00edcio","item":"https:\/\/prefeitosegestoes.com.br\/portal\/"},{"@type":"ListItem","position":2,"name":"Guerra no Ir\u00e3 gera incertezas pelo mundo e afeta o agroneg\u00f3cio do Brasil"}]},{"@type":"WebSite","@id":"https:\/\/prefeitosegestoes.com.br\/portal\/#website","url":"https:\/\/prefeitosegestoes.com.br\/portal\/","name":"Prefeitos & Gest\u00f5es","description":"","publisher":{"@id":"https:\/\/prefeitosegestoes.com.br\/portal\/#organization"},"potentialAction":[{"@type":"SearchAction","target":{"@type":"EntryPoint","urlTemplate":"https:\/\/prefeitosegestoes.com.br\/portal\/?s={search_term_string}"},"query-input":{"@type":"PropertyValueSpecification","valueRequired":true,"valueName":"search_term_string"}}],"inLanguage":"pt-BR"},{"@type":"Organization","@id":"https:\/\/prefeitosegestoes.com.br\/portal\/#organization","name":"Prefeitos & Gest\u00f5es","url":"https:\/\/prefeitosegestoes.com.br\/portal\/","logo":{"@type":"ImageObject","inLanguage":"pt-BR","@id":"https:\/\/prefeitosegestoes.com.br\/portal\/#\/schema\/logo\/image\/","url":"https:\/\/prefeitosegestoes.com.br\/portal\/wp-content\/uploads\/2024\/10\/lg_trans_prefeitos_2024_preto2.png","contentUrl":"https:\/\/prefeitosegestoes.com.br\/portal\/wp-content\/uploads\/2024\/10\/lg_trans_prefeitos_2024_preto2.png","width":199,"height":122,"caption":"Prefeitos & Gest\u00f5es"},"image":{"@id":"https:\/\/prefeitosegestoes.com.br\/portal\/#\/schema\/logo\/image\/"},"sameAs":["https:\/\/www.facebook.com\/prefeitosonline","https:\/\/x.com\/PrefGestoes"]},{"@type":"Person","@id":"https:\/\/prefeitosegestoes.com.br\/portal\/#\/schema\/person\/d00059f2ec99963e7e1850d448ae94b8","name":"Prefeitos &amp; Gest\u00f5es","image":{"@type":"ImageObject","inLanguage":"pt-BR","@id":"https:\/\/secure.gravatar.com\/avatar\/738fb281e479212ed32c1a21a4307dda9f3af9292edb6918a16c9ce9fff5f48d?s=96&d=mm&r=g","url":"https:\/\/secure.gravatar.com\/avatar\/738fb281e479212ed32c1a21a4307dda9f3af9292edb6918a16c9ce9fff5f48d?s=96&d=mm&r=g","contentUrl":"https:\/\/secure.gravatar.com\/avatar\/738fb281e479212ed32c1a21a4307dda9f3af9292edb6918a16c9ce9fff5f48d?s=96&d=mm&r=g","caption":"Prefeitos &amp; Gest\u00f5es"},"url":"https:\/\/prefeitosegestoes.com.br\/portal\/author\/prefeitosegestoes\/"}]}},"_links":{"self":[{"href":"https:\/\/prefeitosegestoes.com.br\/portal\/wp-json\/wp\/v2\/posts\/4324","targetHints":{"allow":["GET"]}}],"collection":[{"href":"https:\/\/prefeitosegestoes.com.br\/portal\/wp-json\/wp\/v2\/posts"}],"about":[{"href":"https:\/\/prefeitosegestoes.com.br\/portal\/wp-json\/wp\/v2\/types\/post"}],"author":[{"embeddable":true,"href":"https:\/\/prefeitosegestoes.com.br\/portal\/wp-json\/wp\/v2\/users\/2"}],"replies":[{"embeddable":true,"href":"https:\/\/prefeitosegestoes.com.br\/portal\/wp-json\/wp\/v2\/comments?post=4324"}],"version-history":[{"count":4,"href":"https:\/\/prefeitosegestoes.com.br\/portal\/wp-json\/wp\/v2\/posts\/4324\/revisions"}],"predecessor-version":[{"id":4331,"href":"https:\/\/prefeitosegestoes.com.br\/portal\/wp-json\/wp\/v2\/posts\/4324\/revisions\/4331"}],"wp:featuredmedia":[{"embeddable":true,"href":"https:\/\/prefeitosegestoes.com.br\/portal\/wp-json\/wp\/v2\/media\/4329"}],"wp:attachment":[{"href":"https:\/\/prefeitosegestoes.com.br\/portal\/wp-json\/wp\/v2\/media?parent=4324"}],"wp:term":[{"taxonomy":"category","embeddable":true,"href":"https:\/\/prefeitosegestoes.com.br\/portal\/wp-json\/wp\/v2\/categories?post=4324"},{"taxonomy":"post_tag","embeddable":true,"href":"https:\/\/prefeitosegestoes.com.br\/portal\/wp-json\/wp\/v2\/tags?post=4324"}],"curies":[{"name":"wp","href":"https:\/\/api.w.org\/{rel}","templated":true}]}}