{"id":4321,"date":"2026-03-13T12:17:39","date_gmt":"2026-03-13T15:17:39","guid":{"rendered":"https:\/\/prefeitosegestoes.com.br\/portal\/?p=4321"},"modified":"2026-03-13T12:17:39","modified_gmt":"2026-03-13T15:17:39","slug":"novos-campi-de-institutos-federais-ofertam-ensino-medio-integrado","status":"publish","type":"post","link":"https:\/\/prefeitosegestoes.com.br\/portal\/novos-campi-de-institutos-federais-ofertam-ensino-medio-integrado\/","title":{"rendered":"Novos campi de institutos federais ofertam ensino m\u00e9dio integrado"},"content":{"rendered":"<div id=\"viewlet-above-content-body\">\n<h6 id=\"plone-document-byline\" class=\"documentByLine\"><em>Aula inaugural no campus Sete Lagoas, do IFTM. Foto: Divulga\u00e7\u00e3o\/IFTM<\/em><\/h6>\n<div id=\"media\">\n<h2 class=\"documentDescription\">Campi Itajub\u00e1, do IFSULDEMINAS, e Sete Lagoas, do IFTM, s\u00e3o as primeiras unidades de ensino entre os mais de 100 novos institutos federais que o MEC est\u00e1 construindo com recursos do Novo PAC a ofertarem forma\u00e7\u00e3o integral<\/h2>\n<div id=\"viewlet-above-content-body\">\n<div id=\"plone-document-byline\" class=\"documentByLine\"><span class=\"documentModified\">Atualizado em\u00a0<span class=\"value\">12\/03\/2026 19h39<\/span><\/span><\/div>\n<div id=\"media\"><img fetchpriority=\"high\" decoding=\"async\" src=\"https:\/\/www.gov.br\/mec\/pt-br\/assuntos\/noticias\/2026\/marco\/novos-campi-de-institutos-federais-ofertam-ensino-medio-integrado\/dicom-2026_0145.jpg\/@@images\/c87e3f39-b0de-465f-a338-5913c478f2d5.jpeg\" alt=\"DICOM-2026_0145.jpg\" width=\"768\" height=\"512\" \/><\/p>\n<p class=\"discreet\">Aula inaugural no campus Itajub\u00e1, do IFSULDEMINAS. Foto: Divulga\u00e7\u00e3o\/IFSULDEMINAS<\/p>\n<\/div>\n<\/div>\n<div id=\"content-core\">\n<div id=\"parent-fieldname-text\" class=\"\">\n<p>Os campi\u00a0Itajub\u00e1, do Instituto Federal do Sul de Minas\u00a0Gerais\u00a0(IFSULDEMINAS),\u00a0e Sete Lagoas, do Instituto Federal do Tri\u00e2ngulo Mineiro (IFTM),\u00a0s\u00e3o\u00a0os\u00a0primeiros\u00a0dos\u00a0<a href=\"https:\/\/www.gov.br\/mec\/pt-br\/100-novos-ifs\" target=\"_blank\" rel=\"noopener\">mais de\u00a0100 novos institutos\u00a0federais<\/a>\u00a0que o Minist\u00e9rio da Educa\u00e7\u00e3o (MEC) est\u00e1 construindo\u00a0por todo\u00a0o\u00a0pa\u00eds\u00a0a\u00a0ofertarem\u00a0cursos t\u00e9cnicos integrados ao ensino m\u00e9dio.<\/p>\n<p>O ensino\u00a0dos\u00a0institutos\u00a0federais compreende a forma\u00e7\u00e3o integral dos estudantes, articulando forma\u00e7\u00e3o t\u00e9cnica, cient\u00edfica, human\u00edstica e cultural, em que o trabalho \u00e9 entendido como princ\u00edpio educativo.\u00a0Voltado\u00a0a alunos que conclu\u00edram o ensino fundamental, o\u00a0curso t\u00e9cnico integrado possui um \u00fanico projeto formativo e articulado, que une forma\u00e7\u00e3o geral e forma\u00e7\u00e3o t\u00e9cnica. Ao final do curso, o\u00a0concluinte recebe\u00a0diploma\u00a0\u00fanico de t\u00e9cnico integrado ao ensino m\u00e9dio.<\/p>\n<p>O\u00a0Campus Itajub\u00e1 deu in\u00edcio \u00e0s aulas nesta semana,\u00a0no Complexo Hist\u00f3rico e Cultural da Universidade Federal de Itajub\u00e1 (Unifei), com 64 alunos inscritos nos cursos de\u00a0inform\u00e1tica e\u00a0administra\u00e7\u00e3o. Quando as obras\u00a0da nova unidade\u00a0estiverem finalizadas,\u00a0o antigo im\u00f3vel do Laborat\u00f3rio Nacional de Astrof\u00edsica (LNA),\u00a0que est\u00e1 sendo reformado,\u00a0ter\u00e1 cerca de\u00a03 mil m\u00b2 de \u00e1rea constru\u00edda.<\/p>\n<p>J\u00e1 as aulas do IFTM\u00a0foram iniciadas em fevereiro, em um espa\u00e7o do Centro Universit\u00e1rio de Sete Lagoas (Unifemm), com\u00a070 estudantes\u00a0dos cursos de\u00a0automa\u00e7\u00e3o industrial e desenvolvimento de sistemas.\u00a0A expectativa \u00e9 que as obras\u00a0do campus\u00a0estejam prontas at\u00e9 abril\u00a0e que as atividades possam ser desenvolvidas na sede definitiva.<\/p>\n<p>Ainda em instala\u00e7\u00f5es provis\u00f3rias, as unidades aguardam o fim das obras dos campi definitivos, que receberam investimento\u00a0de R$ 25 milh\u00f5es do Novo Programa de Acelera\u00e7\u00e3o do Crescimento (Novo PAC), cada, incluindo infraestrutura, equipamentos e mobili\u00e1rio. Em todo\u00a0o\u00a0Brasil, os recursos totalizam R$ 2,5 bilh\u00f5es, com a previs\u00e3o de\u00a0serem criadas\u00a0mais de 142 mil novas vagas de educa\u00e7\u00e3o profissional e tecnol\u00f3gica.<\/p>\n<p><b>Nova oferta \u2013\u00a0<\/b>Outros 15\u00a0novos\u00a0campi\u00a0da expans\u00e3o dos institutos federais come\u00e7ar\u00e3o a ofertar os cursos t\u00e9cnicos integrados em breve: S\u00e3o Miguel, Touros e Umarizal, do Instituto Federal do Rio Grande do Norte (IFRN); Tartarugalzinho, do Instituto Federal do Amap\u00e1 (IFPA); Remanso, Ruy Barbosa e Santo Estev\u00e3o, do Instituto Federal Baiano (IF\u00a0Baiano); Mag\u00e9, do Instituto Federal Fluminense (IFF); Quirin\u00f3polis, do Instituto Federal de Goi\u00e1s (IFG);\u00a0Altos, Barras e Esperantina, do Instituto Federal do Piau\u00ed (IFPI);\u00a0Arena\u00a0Ol\u00edmpica, do Instituto Federal do Rio de Janeiro (IFRJ);\u00a0Mau\u00e1, do Instituto Federal de S\u00e3o Paulo (IFSP);\u00a0e\u00a0Arauc\u00e1ria, do Instituto Federal do Paran\u00e1.<\/p>\n<p>Muitas dessas unidades planejam dar in\u00edcio \u00e0s atividades ainda em 2026, ap\u00f3s a aprova\u00e7\u00e3o no Senado do Projeto de Lei (PL) n\u00ba 5.874\/2025, que prev\u00ea a cria\u00e7\u00e3o de 16.363 novos cargos efetivos de professores e t\u00e9cnicos administrativos em educa\u00e7\u00e3o. Agora, o PL aguarda a san\u00e7\u00e3o da Presid\u00eancia da Rep\u00fablica.<\/p>\n<p><b>IFSULDEMINAS \u2013\u00a0<\/b>O instituto surgiu da unifica\u00e7\u00e3o das\u00a0escolas agrot\u00e9cnicas federais de Inconfidentes, Machado e Muzambinho\u00a0(MG), tradicionalmente reconhecidas pela qualidade na oferta de ensino m\u00e9dio t\u00e9cnico. Atualmente, o IFSULDEMINAS possui\u00a0oito campi,\u00a0sendo eles: Inconfidentes, Machado, Muzambinho, Passos, Po\u00e7os de Caldas, Pouso Alegre, Carmo de Minas e Tr\u00eas Cora\u00e7\u00f5es, al\u00e9m de\u00a0um polo de inova\u00e7\u00e3o e um novo campus da expans\u00e3o, Itajub\u00e1.<\/p>\n<p><b>IFTM \u2013<\/b>\u00a0A escola\u00a0foi criada ap\u00f3s a integra\u00e7\u00e3o\u00a0dos antigos centros federais de educa\u00e7\u00e3o tecnol\u00f3gica, escolas t\u00e9cnicas e agrot\u00e9cnicas da regi\u00e3o.\u00a0O IFTM\u00a0conta com nove campi, sendo eles: Ituiutaba;\u00a0Paracatu;\u00a0Patos de Minas;\u00a0Patroc\u00ednio;\u00a0Uberaba;\u00a0Uberaba Parque Tecnol\u00f3gico;\u00a0Uberl\u00e2ndia;\u00a0Uberl\u00e2ndia\u00a0Centro;\u00a0e Campina Verde.<\/p>\n<p>A Rede Federal conta,\u202fatualmente,\u202fcom 686\u202funidades presentes em todos\u202fos\u00a0estados\u202fe no Distrito Federal,\u202fe oferta,\u202fgratuitamente,\u202fcursos de qualifica\u00e7\u00e3o profissional, t\u00e9cnicos, superiores e p\u00f3s-gradua\u00e7\u00e3o a\u202fmais de\u202f1,9\u202fmilh\u00e3o de estudantes.\u202fS\u00e3o\u202fmais de\u202f10,1\u202fmil cursos dispon\u00edveis, al\u00e9m de projetos de extens\u00e3o para a comunidade\u202fe desenvolvimento de pesquisas aplicadas.<\/p>\n<p><i>Assessoria de Comunica\u00e7\u00e3o Social do MEC, com informa\u00e7\u00f5es da Secretaria de Educa\u00e7\u00e3o Profissional e Tecnol\u00f3gica (Setec),\u00a0do IFSULDEMINAS\u00a0e do IFTM<\/i><\/p>\n<\/div>\n<\/div>\n<\/div>\n<\/div>\n","protected":false},"excerpt":{"rendered":"<p>Aula inaugural no campus Sete Lagoas, do IFTM. Foto: Divulga\u00e7\u00e3o\/IFTM Campi Itajub\u00e1, do IFSULDEMINAS, e Sete Lagoas, do IFTM, s\u00e3o as primeiras unidades de ensino entre os mais de 100 novos institutos federais que o MEC est\u00e1 construindo com recursos do Novo PAC a ofertarem forma\u00e7\u00e3o integral Atualizado em\u00a012\/03\/2026 19h39 Aula inaugural no campus Itajub\u00e1, [&hellip;]<\/p>\n","protected":false},"author":2,"featured_media":4322,"comment_status":"open","ping_status":"open","sticky":false,"template":"","format":"standard","meta":{"rop_custom_images_group":[],"rop_custom_messages_group":[],"rop_publish_now":"initial","rop_publish_now_accounts":{"twitter_850042665852968960_850042665852968960":""},"rop_publish_now_history":[],"rop_publish_now_status":"pending","footnotes":""},"categories":[10],"tags":[963,961,964,697,178,962,966,965],"class_list":["post-4321","post","type-post","status-publish","format-standard","has-post-thumbnail","hentry","category-educacao","tag-campi","tag-cnt","tag-itajuba","tag-ministerio-das-cidades","tag-mobilidade","tag-novo-pac","tag-novo-pacc","tag-sete-lagoas"],"yoast_head":"<!-- This site is optimized with the Yoast SEO plugin v27.2 - https:\/\/yoast.com\/product\/yoast-seo-wordpress\/ -->\n<title>Novos campi de institutos federais ofertam ensino m\u00e9dio integrado - Prefeitos &amp; Gest\u00f5es<\/title>\n<meta name=\"description\" content=\"Campi Itajub\u00e1, do IFSULDEMINAS, e Sete Lagoas, do IFTM, s\u00e3o as primeiras unidades de ensino entre os mais de 100 novos institutos federais que o MEC est\u00e1 construindo com recursos do Novo PAC a ofertarem forma\u00e7\u00e3o integral\" \/>\n<meta name=\"robots\" content=\"index, follow, max-snippet:-1, max-image-preview:large, max-video-preview:-1\" \/>\n<link rel=\"canonical\" href=\"https:\/\/prefeitosegestoes.com.br\/portal\/novos-campi-de-institutos-federais-ofertam-ensino-medio-integrado\/\" \/>\n<meta property=\"og:locale\" content=\"pt_BR\" \/>\n<meta property=\"og:type\" content=\"article\" \/>\n<meta property=\"og:title\" content=\"Novos campi de institutos federais ofertam ensino m\u00e9dio integrado - Prefeitos &amp; Gest\u00f5es\" \/>\n<meta property=\"og:description\" content=\"Campi Itajub\u00e1, do IFSULDEMINAS, e Sete Lagoas, do IFTM, s\u00e3o as primeiras unidades de ensino entre os mais de 100 novos institutos federais que o MEC est\u00e1 construindo com recursos do Novo PAC a ofertarem forma\u00e7\u00e3o integral\" \/>\n<meta property=\"og:url\" content=\"https:\/\/prefeitosegestoes.com.br\/portal\/novos-campi-de-institutos-federais-ofertam-ensino-medio-integrado\/\" \/>\n<meta property=\"og:site_name\" content=\"Prefeitos &amp; Gest\u00f5es\" \/>\n<meta property=\"article:publisher\" content=\"https:\/\/www.facebook.com\/prefeitosonline\" \/>\n<meta property=\"article:published_time\" content=\"2026-03-13T15:17:39+00:00\" \/>\n<meta property=\"og:image\" content=\"https:\/\/prefeitosegestoes.com.br\/portal\/wp-content\/uploads\/2026\/03\/7.jpeg\" \/>\n\t<meta property=\"og:image:width\" content=\"1600\" \/>\n\t<meta property=\"og:image:height\" content=\"1200\" \/>\n\t<meta property=\"og:image:type\" content=\"image\/jpeg\" \/>\n<meta name=\"author\" content=\"Prefeitos &amp; Gest\u00f5es\" \/>\n<meta name=\"twitter:card\" content=\"summary_large_image\" \/>\n<meta name=\"twitter:creator\" content=\"@PrefGestoes\" \/>\n<meta name=\"twitter:site\" content=\"@PrefGestoes\" \/>\n<meta name=\"twitter:label1\" content=\"Escrito por\" \/>\n\t<meta name=\"twitter:data1\" content=\"Prefeitos &amp; Gest\u00f5es\" \/>\n\t<meta name=\"twitter:label2\" content=\"Est. tempo de leitura\" \/>\n\t<meta name=\"twitter:data2\" content=\"5 minutos\" \/>\n<script type=\"application\/ld+json\" class=\"yoast-schema-graph\">{\"@context\":\"https:\/\/schema.org\",\"@graph\":[{\"@type\":\"Article\",\"@id\":\"https:\/\/prefeitosegestoes.com.br\/portal\/novos-campi-de-institutos-federais-ofertam-ensino-medio-integrado\/#article\",\"isPartOf\":{\"@id\":\"https:\/\/prefeitosegestoes.com.br\/portal\/novos-campi-de-institutos-federais-ofertam-ensino-medio-integrado\/\"},\"author\":{\"name\":\"Prefeitos &amp; Gest\u00f5es\",\"@id\":\"https:\/\/prefeitosegestoes.com.br\/portal\/#\/schema\/person\/d00059f2ec99963e7e1850d448ae94b8\"},\"headline\":\"Novos campi de institutos federais ofertam ensino m\u00e9dio integrado\",\"datePublished\":\"2026-03-13T15:17:39+00:00\",\"mainEntityOfPage\":{\"@id\":\"https:\/\/prefeitosegestoes.com.br\/portal\/novos-campi-de-institutos-federais-ofertam-ensino-medio-integrado\/\"},\"wordCount\":781,\"commentCount\":0,\"publisher\":{\"@id\":\"https:\/\/prefeitosegestoes.com.br\/portal\/#organization\"},\"image\":{\"@id\":\"https:\/\/prefeitosegestoes.com.br\/portal\/novos-campi-de-institutos-federais-ofertam-ensino-medio-integrado\/#primaryimage\"},\"thumbnailUrl\":\"https:\/\/prefeitosegestoes.com.br\/portal\/wp-content\/uploads\/2026\/03\/7.jpeg\",\"keywords\":[\"Campi\",\"CNT\",\"Itajub\u00e1\",\"Minist\u00e9rio das Cidades\",\"Mobilidade\",\"Novo PAC\",\"Novo PACC\",\"Sete Lagoas\"],\"articleSection\":[\"Educa\u00e7\u00e3o\"],\"inLanguage\":\"pt-BR\",\"potentialAction\":[{\"@type\":\"CommentAction\",\"name\":\"Comment\",\"target\":[\"https:\/\/prefeitosegestoes.com.br\/portal\/novos-campi-de-institutos-federais-ofertam-ensino-medio-integrado\/#respond\"]}]},{\"@type\":\"WebPage\",\"@id\":\"https:\/\/prefeitosegestoes.com.br\/portal\/novos-campi-de-institutos-federais-ofertam-ensino-medio-integrado\/\",\"url\":\"https:\/\/prefeitosegestoes.com.br\/portal\/novos-campi-de-institutos-federais-ofertam-ensino-medio-integrado\/\",\"name\":\"Novos campi de institutos federais ofertam ensino m\u00e9dio integrado - Prefeitos &amp; Gest\u00f5es\",\"isPartOf\":{\"@id\":\"https:\/\/prefeitosegestoes.com.br\/portal\/#website\"},\"primaryImageOfPage\":{\"@id\":\"https:\/\/prefeitosegestoes.com.br\/portal\/novos-campi-de-institutos-federais-ofertam-ensino-medio-integrado\/#primaryimage\"},\"image\":{\"@id\":\"https:\/\/prefeitosegestoes.com.br\/portal\/novos-campi-de-institutos-federais-ofertam-ensino-medio-integrado\/#primaryimage\"},\"thumbnailUrl\":\"https:\/\/prefeitosegestoes.com.br\/portal\/wp-content\/uploads\/2026\/03\/7.jpeg\",\"datePublished\":\"2026-03-13T15:17:39+00:00\",\"description\":\"Campi Itajub\u00e1, do IFSULDEMINAS, e Sete Lagoas, do IFTM, s\u00e3o as primeiras unidades de ensino entre os mais de 100 novos institutos federais que o MEC est\u00e1 construindo com recursos do Novo PAC a ofertarem forma\u00e7\u00e3o integral\",\"breadcrumb\":{\"@id\":\"https:\/\/prefeitosegestoes.com.br\/portal\/novos-campi-de-institutos-federais-ofertam-ensino-medio-integrado\/#breadcrumb\"},\"inLanguage\":\"pt-BR\",\"potentialAction\":[{\"@type\":\"ReadAction\",\"target\":[\"https:\/\/prefeitosegestoes.com.br\/portal\/novos-campi-de-institutos-federais-ofertam-ensino-medio-integrado\/\"]}]},{\"@type\":\"ImageObject\",\"inLanguage\":\"pt-BR\",\"@id\":\"https:\/\/prefeitosegestoes.com.br\/portal\/novos-campi-de-institutos-federais-ofertam-ensino-medio-integrado\/#primaryimage\",\"url\":\"https:\/\/prefeitosegestoes.com.br\/portal\/wp-content\/uploads\/2026\/03\/7.jpeg\",\"contentUrl\":\"https:\/\/prefeitosegestoes.com.br\/portal\/wp-content\/uploads\/2026\/03\/7.jpeg\",\"width\":1600,\"height\":1200},{\"@type\":\"BreadcrumbList\",\"@id\":\"https:\/\/prefeitosegestoes.com.br\/portal\/novos-campi-de-institutos-federais-ofertam-ensino-medio-integrado\/#breadcrumb\",\"itemListElement\":[{\"@type\":\"ListItem\",\"position\":1,\"name\":\"In\u00edcio\",\"item\":\"https:\/\/prefeitosegestoes.com.br\/portal\/\"},{\"@type\":\"ListItem\",\"position\":2,\"name\":\"Novos campi de institutos federais ofertam ensino m\u00e9dio integrado\"}]},{\"@type\":\"WebSite\",\"@id\":\"https:\/\/prefeitosegestoes.com.br\/portal\/#website\",\"url\":\"https:\/\/prefeitosegestoes.com.br\/portal\/\",\"name\":\"Prefeitos & Gest\u00f5es\",\"description\":\"\",\"publisher\":{\"@id\":\"https:\/\/prefeitosegestoes.com.br\/portal\/#organization\"},\"potentialAction\":[{\"@type\":\"SearchAction\",\"target\":{\"@type\":\"EntryPoint\",\"urlTemplate\":\"https:\/\/prefeitosegestoes.com.br\/portal\/?s={search_term_string}\"},\"query-input\":{\"@type\":\"PropertyValueSpecification\",\"valueRequired\":true,\"valueName\":\"search_term_string\"}}],\"inLanguage\":\"pt-BR\"},{\"@type\":\"Organization\",\"@id\":\"https:\/\/prefeitosegestoes.com.br\/portal\/#organization\",\"name\":\"Prefeitos & Gest\u00f5es\",\"url\":\"https:\/\/prefeitosegestoes.com.br\/portal\/\",\"logo\":{\"@type\":\"ImageObject\",\"inLanguage\":\"pt-BR\",\"@id\":\"https:\/\/prefeitosegestoes.com.br\/portal\/#\/schema\/logo\/image\/\",\"url\":\"https:\/\/prefeitosegestoes.com.br\/portal\/wp-content\/uploads\/2024\/10\/lg_trans_prefeitos_2024_preto2.png\",\"contentUrl\":\"https:\/\/prefeitosegestoes.com.br\/portal\/wp-content\/uploads\/2024\/10\/lg_trans_prefeitos_2024_preto2.png\",\"width\":199,\"height\":122,\"caption\":\"Prefeitos & Gest\u00f5es\"},\"image\":{\"@id\":\"https:\/\/prefeitosegestoes.com.br\/portal\/#\/schema\/logo\/image\/\"},\"sameAs\":[\"https:\/\/www.facebook.com\/prefeitosonline\",\"https:\/\/x.com\/PrefGestoes\"]},{\"@type\":\"Person\",\"@id\":\"https:\/\/prefeitosegestoes.com.br\/portal\/#\/schema\/person\/d00059f2ec99963e7e1850d448ae94b8\",\"name\":\"Prefeitos &amp; Gest\u00f5es\",\"image\":{\"@type\":\"ImageObject\",\"inLanguage\":\"pt-BR\",\"@id\":\"https:\/\/secure.gravatar.com\/avatar\/738fb281e479212ed32c1a21a4307dda9f3af9292edb6918a16c9ce9fff5f48d?s=96&d=mm&r=g\",\"url\":\"https:\/\/secure.gravatar.com\/avatar\/738fb281e479212ed32c1a21a4307dda9f3af9292edb6918a16c9ce9fff5f48d?s=96&d=mm&r=g\",\"contentUrl\":\"https:\/\/secure.gravatar.com\/avatar\/738fb281e479212ed32c1a21a4307dda9f3af9292edb6918a16c9ce9fff5f48d?s=96&d=mm&r=g\",\"caption\":\"Prefeitos &amp; Gest\u00f5es\"},\"url\":\"https:\/\/prefeitosegestoes.com.br\/portal\/author\/prefeitosegestoes\/\"}]}<\/script>\n<!-- \/ Yoast SEO plugin. -->","yoast_head_json":{"title":"Novos campi de institutos federais ofertam ensino m\u00e9dio integrado - Prefeitos &amp; Gest\u00f5es","description":"Campi Itajub\u00e1, do IFSULDEMINAS, e Sete Lagoas, do IFTM, s\u00e3o as primeiras unidades de ensino entre os mais de 100 novos institutos federais que o MEC est\u00e1 construindo com recursos do Novo PAC a ofertarem forma\u00e7\u00e3o integral","robots":{"index":"index","follow":"follow","max-snippet":"max-snippet:-1","max-image-preview":"max-image-preview:large","max-video-preview":"max-video-preview:-1"},"canonical":"https:\/\/prefeitosegestoes.com.br\/portal\/novos-campi-de-institutos-federais-ofertam-ensino-medio-integrado\/","og_locale":"pt_BR","og_type":"article","og_title":"Novos campi de institutos federais ofertam ensino m\u00e9dio integrado - Prefeitos &amp; Gest\u00f5es","og_description":"Campi Itajub\u00e1, do IFSULDEMINAS, e Sete Lagoas, do IFTM, s\u00e3o as primeiras unidades de ensino entre os mais de 100 novos institutos federais que o MEC est\u00e1 construindo com recursos do Novo PAC a ofertarem forma\u00e7\u00e3o integral","og_url":"https:\/\/prefeitosegestoes.com.br\/portal\/novos-campi-de-institutos-federais-ofertam-ensino-medio-integrado\/","og_site_name":"Prefeitos &amp; Gest\u00f5es","article_publisher":"https:\/\/www.facebook.com\/prefeitosonline","article_published_time":"2026-03-13T15:17:39+00:00","og_image":[{"width":1600,"height":1200,"url":"https:\/\/prefeitosegestoes.com.br\/portal\/wp-content\/uploads\/2026\/03\/7.jpeg","type":"image\/jpeg"}],"author":"Prefeitos &amp; Gest\u00f5es","twitter_card":"summary_large_image","twitter_creator":"@PrefGestoes","twitter_site":"@PrefGestoes","twitter_misc":{"Escrito por":"Prefeitos &amp; Gest\u00f5es","Est. tempo de leitura":"5 minutos"},"schema":{"@context":"https:\/\/schema.org","@graph":[{"@type":"Article","@id":"https:\/\/prefeitosegestoes.com.br\/portal\/novos-campi-de-institutos-federais-ofertam-ensino-medio-integrado\/#article","isPartOf":{"@id":"https:\/\/prefeitosegestoes.com.br\/portal\/novos-campi-de-institutos-federais-ofertam-ensino-medio-integrado\/"},"author":{"name":"Prefeitos &amp; Gest\u00f5es","@id":"https:\/\/prefeitosegestoes.com.br\/portal\/#\/schema\/person\/d00059f2ec99963e7e1850d448ae94b8"},"headline":"Novos campi de institutos federais ofertam ensino m\u00e9dio integrado","datePublished":"2026-03-13T15:17:39+00:00","mainEntityOfPage":{"@id":"https:\/\/prefeitosegestoes.com.br\/portal\/novos-campi-de-institutos-federais-ofertam-ensino-medio-integrado\/"},"wordCount":781,"commentCount":0,"publisher":{"@id":"https:\/\/prefeitosegestoes.com.br\/portal\/#organization"},"image":{"@id":"https:\/\/prefeitosegestoes.com.br\/portal\/novos-campi-de-institutos-federais-ofertam-ensino-medio-integrado\/#primaryimage"},"thumbnailUrl":"https:\/\/prefeitosegestoes.com.br\/portal\/wp-content\/uploads\/2026\/03\/7.jpeg","keywords":["Campi","CNT","Itajub\u00e1","Minist\u00e9rio das Cidades","Mobilidade","Novo PAC","Novo PACC","Sete Lagoas"],"articleSection":["Educa\u00e7\u00e3o"],"inLanguage":"pt-BR","potentialAction":[{"@type":"CommentAction","name":"Comment","target":["https:\/\/prefeitosegestoes.com.br\/portal\/novos-campi-de-institutos-federais-ofertam-ensino-medio-integrado\/#respond"]}]},{"@type":"WebPage","@id":"https:\/\/prefeitosegestoes.com.br\/portal\/novos-campi-de-institutos-federais-ofertam-ensino-medio-integrado\/","url":"https:\/\/prefeitosegestoes.com.br\/portal\/novos-campi-de-institutos-federais-ofertam-ensino-medio-integrado\/","name":"Novos campi de institutos federais ofertam ensino m\u00e9dio integrado - Prefeitos &amp; Gest\u00f5es","isPartOf":{"@id":"https:\/\/prefeitosegestoes.com.br\/portal\/#website"},"primaryImageOfPage":{"@id":"https:\/\/prefeitosegestoes.com.br\/portal\/novos-campi-de-institutos-federais-ofertam-ensino-medio-integrado\/#primaryimage"},"image":{"@id":"https:\/\/prefeitosegestoes.com.br\/portal\/novos-campi-de-institutos-federais-ofertam-ensino-medio-integrado\/#primaryimage"},"thumbnailUrl":"https:\/\/prefeitosegestoes.com.br\/portal\/wp-content\/uploads\/2026\/03\/7.jpeg","datePublished":"2026-03-13T15:17:39+00:00","description":"Campi Itajub\u00e1, do IFSULDEMINAS, e Sete Lagoas, do IFTM, s\u00e3o as primeiras unidades de ensino entre os mais de 100 novos institutos federais que o MEC est\u00e1 construindo com recursos do Novo PAC a ofertarem forma\u00e7\u00e3o integral","breadcrumb":{"@id":"https:\/\/prefeitosegestoes.com.br\/portal\/novos-campi-de-institutos-federais-ofertam-ensino-medio-integrado\/#breadcrumb"},"inLanguage":"pt-BR","potentialAction":[{"@type":"ReadAction","target":["https:\/\/prefeitosegestoes.com.br\/portal\/novos-campi-de-institutos-federais-ofertam-ensino-medio-integrado\/"]}]},{"@type":"ImageObject","inLanguage":"pt-BR","@id":"https:\/\/prefeitosegestoes.com.br\/portal\/novos-campi-de-institutos-federais-ofertam-ensino-medio-integrado\/#primaryimage","url":"https:\/\/prefeitosegestoes.com.br\/portal\/wp-content\/uploads\/2026\/03\/7.jpeg","contentUrl":"https:\/\/prefeitosegestoes.com.br\/portal\/wp-content\/uploads\/2026\/03\/7.jpeg","width":1600,"height":1200},{"@type":"BreadcrumbList","@id":"https:\/\/prefeitosegestoes.com.br\/portal\/novos-campi-de-institutos-federais-ofertam-ensino-medio-integrado\/#breadcrumb","itemListElement":[{"@type":"ListItem","position":1,"name":"In\u00edcio","item":"https:\/\/prefeitosegestoes.com.br\/portal\/"},{"@type":"ListItem","position":2,"name":"Novos campi de institutos federais ofertam ensino m\u00e9dio integrado"}]},{"@type":"WebSite","@id":"https:\/\/prefeitosegestoes.com.br\/portal\/#website","url":"https:\/\/prefeitosegestoes.com.br\/portal\/","name":"Prefeitos & Gest\u00f5es","description":"","publisher":{"@id":"https:\/\/prefeitosegestoes.com.br\/portal\/#organization"},"potentialAction":[{"@type":"SearchAction","target":{"@type":"EntryPoint","urlTemplate":"https:\/\/prefeitosegestoes.com.br\/portal\/?s={search_term_string}"},"query-input":{"@type":"PropertyValueSpecification","valueRequired":true,"valueName":"search_term_string"}}],"inLanguage":"pt-BR"},{"@type":"Organization","@id":"https:\/\/prefeitosegestoes.com.br\/portal\/#organization","name":"Prefeitos & Gest\u00f5es","url":"https:\/\/prefeitosegestoes.com.br\/portal\/","logo":{"@type":"ImageObject","inLanguage":"pt-BR","@id":"https:\/\/prefeitosegestoes.com.br\/portal\/#\/schema\/logo\/image\/","url":"https:\/\/prefeitosegestoes.com.br\/portal\/wp-content\/uploads\/2024\/10\/lg_trans_prefeitos_2024_preto2.png","contentUrl":"https:\/\/prefeitosegestoes.com.br\/portal\/wp-content\/uploads\/2024\/10\/lg_trans_prefeitos_2024_preto2.png","width":199,"height":122,"caption":"Prefeitos & Gest\u00f5es"},"image":{"@id":"https:\/\/prefeitosegestoes.com.br\/portal\/#\/schema\/logo\/image\/"},"sameAs":["https:\/\/www.facebook.com\/prefeitosonline","https:\/\/x.com\/PrefGestoes"]},{"@type":"Person","@id":"https:\/\/prefeitosegestoes.com.br\/portal\/#\/schema\/person\/d00059f2ec99963e7e1850d448ae94b8","name":"Prefeitos &amp; Gest\u00f5es","image":{"@type":"ImageObject","inLanguage":"pt-BR","@id":"https:\/\/secure.gravatar.com\/avatar\/738fb281e479212ed32c1a21a4307dda9f3af9292edb6918a16c9ce9fff5f48d?s=96&d=mm&r=g","url":"https:\/\/secure.gravatar.com\/avatar\/738fb281e479212ed32c1a21a4307dda9f3af9292edb6918a16c9ce9fff5f48d?s=96&d=mm&r=g","contentUrl":"https:\/\/secure.gravatar.com\/avatar\/738fb281e479212ed32c1a21a4307dda9f3af9292edb6918a16c9ce9fff5f48d?s=96&d=mm&r=g","caption":"Prefeitos &amp; Gest\u00f5es"},"url":"https:\/\/prefeitosegestoes.com.br\/portal\/author\/prefeitosegestoes\/"}]}},"_links":{"self":[{"href":"https:\/\/prefeitosegestoes.com.br\/portal\/wp-json\/wp\/v2\/posts\/4321","targetHints":{"allow":["GET"]}}],"collection":[{"href":"https:\/\/prefeitosegestoes.com.br\/portal\/wp-json\/wp\/v2\/posts"}],"about":[{"href":"https:\/\/prefeitosegestoes.com.br\/portal\/wp-json\/wp\/v2\/types\/post"}],"author":[{"embeddable":true,"href":"https:\/\/prefeitosegestoes.com.br\/portal\/wp-json\/wp\/v2\/users\/2"}],"replies":[{"embeddable":true,"href":"https:\/\/prefeitosegestoes.com.br\/portal\/wp-json\/wp\/v2\/comments?post=4321"}],"version-history":[{"count":1,"href":"https:\/\/prefeitosegestoes.com.br\/portal\/wp-json\/wp\/v2\/posts\/4321\/revisions"}],"predecessor-version":[{"id":4323,"href":"https:\/\/prefeitosegestoes.com.br\/portal\/wp-json\/wp\/v2\/posts\/4321\/revisions\/4323"}],"wp:featuredmedia":[{"embeddable":true,"href":"https:\/\/prefeitosegestoes.com.br\/portal\/wp-json\/wp\/v2\/media\/4322"}],"wp:attachment":[{"href":"https:\/\/prefeitosegestoes.com.br\/portal\/wp-json\/wp\/v2\/media?parent=4321"}],"wp:term":[{"taxonomy":"category","embeddable":true,"href":"https:\/\/prefeitosegestoes.com.br\/portal\/wp-json\/wp\/v2\/categories?post=4321"},{"taxonomy":"post_tag","embeddable":true,"href":"https:\/\/prefeitosegestoes.com.br\/portal\/wp-json\/wp\/v2\/tags?post=4321"}],"curies":[{"name":"wp","href":"https:\/\/api.w.org\/{rel}","templated":true}]}}