{"id":4318,"date":"2026-03-13T11:03:26","date_gmt":"2026-03-13T14:03:26","guid":{"rendered":"https:\/\/prefeitosegestoes.com.br\/portal\/?p=4318"},"modified":"2026-03-13T11:03:26","modified_gmt":"2026-03-13T14:03:26","slug":"ministerio-das-cidades-investe-r-514-bilhoes-em-mobilidade-urbana","status":"publish","type":"post","link":"https:\/\/prefeitosegestoes.com.br\/portal\/ministerio-das-cidades-investe-r-514-bilhoes-em-mobilidade-urbana\/","title":{"rendered":"Minist\u00e9rio das Cidades investe R$ 51,4 bilh\u00f5es em Mobilidade Urbana"},"content":{"rendered":"<h2 class=\"documentDescription\"><em>Foto:Tomaz Silva\/Ag\u00eancia Brasil<\/em><\/h2>\n<div><\/div>\n<h2 class=\"documentDescription\">Ministro Jader Filho apresentou balan\u00e7o em evento realizado pela Confedera\u00e7\u00e3o Nacional do Transporte<\/h2>\n<div><\/div>\n<div id=\"viewlet-above-content-body\">\n<div id=\"plone-document-byline\" class=\"documentByLine\"><span class=\"documentPublished\">Publicado em\u00a0<span class=\"value\">12\/03\/2026 11h50<\/span><\/span><span class=\"documentModified\">Atualizado em\u00a0<span class=\"value\">12\/03\/2026 11h51<\/span><\/span><\/div>\n<div><\/div>\n<div id=\"media\"><img fetchpriority=\"high\" decoding=\"async\" src=\"https:\/\/www.gov.br\/cidades\/pt-br\/assuntos\/noticias-1\/noticia-mcid-n-2009\/whatsapp-image-2026-03-12-at-11-42-24.jpeg\/@@images\/f1c7912e-5b0c-487b-825f-dcc05b1cf153.jpeg\" alt=\"Na foto o ministro das cidades discursando no palco do evento\" width=\"768\" height=\"444\" \/><\/p>\n<p class=\"discreet\">Foto: Marcelo Camar\u00e1\/MCID<\/p>\n<\/div>\n<\/div>\n<div id=\"content-core\">\n<div id=\"parent-fieldname-text\" class=\"\">\n<div>\n<p>OMinist\u00e9rio das Cidades, por meio da Secretaria Nacional de Mobilidade Urbana (SEMOB), j\u00e1 disponibilizou mais de R$ 51 bilh\u00f5es para investimentos desde 2023. Os projetos foram selecionados pelo Minist\u00e9rio das Cidades com recursos do Novo PAC. O valor atualizado foi informado pelo ministro das Cidades, Jader Filho.<\/p>\n<p>\u201cO investimento na mobilidade que pelo Novo PAC foi de R$ 51 bilh\u00f5es em faixas exclusivas, em VLTs, em BRTs, em metr\u00f4s por todo o Brasil.\u201d, disse Jader Filho em evento na Confedera\u00e7\u00e3o Nacional do Transporte (CNT) em Bras\u00edlia nesta quarta-feira (11). \u201cE vamos continuar fazendo esse processo de investimento em mobilidade urbana. N\u00f3s estamos, nesse momento, com uma sele\u00e7\u00e3o aberta, tanto para iniciativa privada quanto para o setor p\u00fablico, com cerca de 8 bilh\u00f5es de reais dispon\u00edveis.\u201d<\/p>\n<p>O ministro tamb\u00e9m destacou a sele\u00e7\u00e3o do Novo PAC para renova\u00e7\u00e3o de frotas. \u201cN\u00f3s fizemos uma sele\u00e7\u00e3o, que foi a maior da hist\u00f3ria do pa\u00eds, da ordem de R$ 10 bilh\u00f5es. Isso p\u00f4de tamb\u00e9m ativar nossa ind\u00fastria da metalurgia, em que temos protagonismo\u201d, ressaltou.<\/p>\n<p>O Minist\u00e9rio das Cidades atua tamb\u00e9m no planejamento para a mobilidade urbana nas regi\u00f5es metropolitanas.\u00a0 Junto com o Banco Nacional de Desenvolvimento Econ\u00f4mico e Social (BNDES), faz o Estudo Nacional de Mobilidade Urbana (ENMU) que j\u00e1 identificou 187 projetos estruturantes de mobilidade urbana em 21 regi\u00f5es metropolitanas, como parte de planejamento de longo prazo, at\u00e9 2054. Juntos, os 187 projetos significariam investimento da ordem de R$ 430 bilh\u00f5es. \u201cN\u00f3s estamos colocando recursos para as obras, mas tamb\u00e9m apontando para novos investimentos que v\u00e3o acontecer no pa\u00eds\u201d, afirmou o ministro.<\/p>\n<p>\u201cA mobilidade, como todos voc\u00eas sabem, \u00e9 muito importante para o Brasil. O desenvolvimento significa melhorar a qualidade de vida das pessoas\u201d, disse ele ao receber a Ordem do M\u00e9rito do Transporte &#8211; Medalha JK, concedida pela CNT a personalidades que contribu\u00edram para o fortalecimento do transporte e da log\u00edstica no pa\u00eds. \u201cIsso \u00e9 fazer com que as pessoas cheguem mais cedo ao trabalho e que voltem mais cedo para casa com transporte seguro e eficiente.\u201d<\/p>\n<p class=\"callout\">Acesse a\u00a0<a class=\"external-link\" title=\"\" href=\"https:\/\/www.gov.br\/cidades\/pt-br\/central-de-conteudos\" target=\"_blank\" rel=\"noopener\" data-tippreview-enabled=\"false\" data-tippreview-image=\"\" data-tippreview-title=\"\">Central de Conte\u00fados<\/a>\u00a0do Minist\u00e9rio das Cidades<\/p>\n<p>Assessoria Especial de Comunica\u00e7\u00e3o Social do Minist\u00e9rio das Cidades<br \/>\nAtendimento \u00e0 Imprensa<br \/>\nTelefone: (61) 2034-4282<br \/>\nE-mail: imprensa@cidades.gov.br<\/p>\n<\/div>\n<\/div>\n<\/div>\n","protected":false},"excerpt":{"rendered":"<p>Foto:Tomaz Silva\/Ag\u00eancia Brasil Ministro Jader Filho apresentou balan\u00e7o em evento realizado pela Confedera\u00e7\u00e3o Nacional do Transporte Publicado em\u00a012\/03\/2026 11h50Atualizado em\u00a012\/03\/2026 11h51 Foto: Marcelo Camar\u00e1\/MCID OMinist\u00e9rio das Cidades, por meio da Secretaria Nacional de Mobilidade Urbana (SEMOB), j\u00e1 disponibilizou mais de R$ 51 bilh\u00f5es para investimentos desde 2023. Os projetos foram selecionados pelo Minist\u00e9rio das Cidades [&hellip;]<\/p>\n","protected":false},"author":2,"featured_media":4319,"comment_status":"open","ping_status":"open","sticky":false,"template":"","format":"standard","meta":{"rop_custom_images_group":[],"rop_custom_messages_group":[],"rop_publish_now":"initial","rop_publish_now_accounts":{"twitter_850042665852968960_850042665852968960":""},"rop_publish_now_history":[],"rop_publish_now_status":"pending","footnotes":""},"categories":[13],"tags":[960,125,79,959],"class_list":["post-4318","post","type-post","status-publish","format-standard","has-post-thumbnail","hentry","category-sustentabilidade","tag-metro","tag-mobilidade-urbana","tag-pac","tag-vlt"],"yoast_head":"<!-- This site is optimized with the Yoast SEO plugin v27.2 - https:\/\/yoast.com\/product\/yoast-seo-wordpress\/ -->\n<title>Minist\u00e9rio das Cidades investe R$ 51,4 bilh\u00f5es em Mobilidade Urbana - Prefeitos &amp; Gest\u00f5es<\/title>\n<meta name=\"description\" content=\"Ministro Jader Filho apresentou balan\u00e7o em evento realizado pela Confedera\u00e7\u00e3o Nacional do Transporte\" \/>\n<meta name=\"robots\" content=\"index, follow, max-snippet:-1, max-image-preview:large, max-video-preview:-1\" \/>\n<link rel=\"canonical\" href=\"https:\/\/prefeitosegestoes.com.br\/portal\/ministerio-das-cidades-investe-r-514-bilhoes-em-mobilidade-urbana\/\" \/>\n<meta property=\"og:locale\" content=\"pt_BR\" \/>\n<meta property=\"og:type\" content=\"article\" \/>\n<meta property=\"og:title\" content=\"Minist\u00e9rio das Cidades investe R$ 51,4 bilh\u00f5es em Mobilidade Urbana - Prefeitos &amp; Gest\u00f5es\" \/>\n<meta property=\"og:description\" content=\"Ministro Jader Filho apresentou balan\u00e7o em evento realizado pela Confedera\u00e7\u00e3o Nacional do Transporte\" \/>\n<meta property=\"og:url\" content=\"https:\/\/prefeitosegestoes.com.br\/portal\/ministerio-das-cidades-investe-r-514-bilhoes-em-mobilidade-urbana\/\" \/>\n<meta property=\"og:site_name\" content=\"Prefeitos &amp; Gest\u00f5es\" \/>\n<meta property=\"article:publisher\" content=\"https:\/\/www.facebook.com\/prefeitosonline\" \/>\n<meta property=\"article:published_time\" content=\"2026-03-13T14:03:26+00:00\" \/>\n<meta property=\"og:image\" content=\"https:\/\/prefeitosegestoes.com.br\/portal\/wp-content\/uploads\/2026\/03\/linha_3_do_vlt_comeca_a_operardsc4649.webp\" \/>\n\t<meta property=\"og:image:width\" content=\"1024\" \/>\n\t<meta property=\"og:image:height\" content=\"768\" \/>\n\t<meta property=\"og:image:type\" content=\"image\/webp\" \/>\n<meta name=\"author\" content=\"Prefeitos &amp; Gest\u00f5es\" \/>\n<meta name=\"twitter:card\" content=\"summary_large_image\" \/>\n<meta name=\"twitter:creator\" content=\"@PrefGestoes\" \/>\n<meta name=\"twitter:site\" content=\"@PrefGestoes\" \/>\n<meta name=\"twitter:label1\" content=\"Escrito por\" \/>\n\t<meta name=\"twitter:data1\" content=\"Prefeitos &amp; Gest\u00f5es\" \/>\n\t<meta name=\"twitter:label2\" content=\"Est. tempo de leitura\" \/>\n\t<meta name=\"twitter:data2\" content=\"3 minutos\" \/>\n<script type=\"application\/ld+json\" class=\"yoast-schema-graph\">{\"@context\":\"https:\/\/schema.org\",\"@graph\":[{\"@type\":\"Article\",\"@id\":\"https:\/\/prefeitosegestoes.com.br\/portal\/ministerio-das-cidades-investe-r-514-bilhoes-em-mobilidade-urbana\/#article\",\"isPartOf\":{\"@id\":\"https:\/\/prefeitosegestoes.com.br\/portal\/ministerio-das-cidades-investe-r-514-bilhoes-em-mobilidade-urbana\/\"},\"author\":{\"name\":\"Prefeitos &amp; Gest\u00f5es\",\"@id\":\"https:\/\/prefeitosegestoes.com.br\/portal\/#\/schema\/person\/d00059f2ec99963e7e1850d448ae94b8\"},\"headline\":\"Minist\u00e9rio das Cidades investe R$ 51,4 bilh\u00f5es em Mobilidade Urbana\",\"datePublished\":\"2026-03-13T14:03:26+00:00\",\"mainEntityOfPage\":{\"@id\":\"https:\/\/prefeitosegestoes.com.br\/portal\/ministerio-das-cidades-investe-r-514-bilhoes-em-mobilidade-urbana\/\"},\"wordCount\":432,\"commentCount\":0,\"publisher\":{\"@id\":\"https:\/\/prefeitosegestoes.com.br\/portal\/#organization\"},\"image\":{\"@id\":\"https:\/\/prefeitosegestoes.com.br\/portal\/ministerio-das-cidades-investe-r-514-bilhoes-em-mobilidade-urbana\/#primaryimage\"},\"thumbnailUrl\":\"https:\/\/prefeitosegestoes.com.br\/portal\/wp-content\/uploads\/2026\/03\/linha_3_do_vlt_comeca_a_operardsc4649.webp\",\"keywords\":[\"Metr\u00f4\",\"Mobilidade Urbana\",\"PAC\",\"VLT\"],\"articleSection\":[\"Sustentabilidade\"],\"inLanguage\":\"pt-BR\",\"potentialAction\":[{\"@type\":\"CommentAction\",\"name\":\"Comment\",\"target\":[\"https:\/\/prefeitosegestoes.com.br\/portal\/ministerio-das-cidades-investe-r-514-bilhoes-em-mobilidade-urbana\/#respond\"]}]},{\"@type\":\"WebPage\",\"@id\":\"https:\/\/prefeitosegestoes.com.br\/portal\/ministerio-das-cidades-investe-r-514-bilhoes-em-mobilidade-urbana\/\",\"url\":\"https:\/\/prefeitosegestoes.com.br\/portal\/ministerio-das-cidades-investe-r-514-bilhoes-em-mobilidade-urbana\/\",\"name\":\"Minist\u00e9rio das Cidades investe R$ 51,4 bilh\u00f5es em Mobilidade Urbana - Prefeitos &amp; Gest\u00f5es\",\"isPartOf\":{\"@id\":\"https:\/\/prefeitosegestoes.com.br\/portal\/#website\"},\"primaryImageOfPage\":{\"@id\":\"https:\/\/prefeitosegestoes.com.br\/portal\/ministerio-das-cidades-investe-r-514-bilhoes-em-mobilidade-urbana\/#primaryimage\"},\"image\":{\"@id\":\"https:\/\/prefeitosegestoes.com.br\/portal\/ministerio-das-cidades-investe-r-514-bilhoes-em-mobilidade-urbana\/#primaryimage\"},\"thumbnailUrl\":\"https:\/\/prefeitosegestoes.com.br\/portal\/wp-content\/uploads\/2026\/03\/linha_3_do_vlt_comeca_a_operardsc4649.webp\",\"datePublished\":\"2026-03-13T14:03:26+00:00\",\"description\":\"Ministro Jader Filho apresentou balan\u00e7o em evento realizado pela Confedera\u00e7\u00e3o Nacional do Transporte\",\"breadcrumb\":{\"@id\":\"https:\/\/prefeitosegestoes.com.br\/portal\/ministerio-das-cidades-investe-r-514-bilhoes-em-mobilidade-urbana\/#breadcrumb\"},\"inLanguage\":\"pt-BR\",\"potentialAction\":[{\"@type\":\"ReadAction\",\"target\":[\"https:\/\/prefeitosegestoes.com.br\/portal\/ministerio-das-cidades-investe-r-514-bilhoes-em-mobilidade-urbana\/\"]}]},{\"@type\":\"ImageObject\",\"inLanguage\":\"pt-BR\",\"@id\":\"https:\/\/prefeitosegestoes.com.br\/portal\/ministerio-das-cidades-investe-r-514-bilhoes-em-mobilidade-urbana\/#primaryimage\",\"url\":\"https:\/\/prefeitosegestoes.com.br\/portal\/wp-content\/uploads\/2026\/03\/linha_3_do_vlt_comeca_a_operardsc4649.webp\",\"contentUrl\":\"https:\/\/prefeitosegestoes.com.br\/portal\/wp-content\/uploads\/2026\/03\/linha_3_do_vlt_comeca_a_operardsc4649.webp\",\"width\":1024,\"height\":768},{\"@type\":\"BreadcrumbList\",\"@id\":\"https:\/\/prefeitosegestoes.com.br\/portal\/ministerio-das-cidades-investe-r-514-bilhoes-em-mobilidade-urbana\/#breadcrumb\",\"itemListElement\":[{\"@type\":\"ListItem\",\"position\":1,\"name\":\"In\u00edcio\",\"item\":\"https:\/\/prefeitosegestoes.com.br\/portal\/\"},{\"@type\":\"ListItem\",\"position\":2,\"name\":\"Minist\u00e9rio das Cidades investe R$ 51,4 bilh\u00f5es em Mobilidade Urbana\"}]},{\"@type\":\"WebSite\",\"@id\":\"https:\/\/prefeitosegestoes.com.br\/portal\/#website\",\"url\":\"https:\/\/prefeitosegestoes.com.br\/portal\/\",\"name\":\"Prefeitos & Gest\u00f5es\",\"description\":\"\",\"publisher\":{\"@id\":\"https:\/\/prefeitosegestoes.com.br\/portal\/#organization\"},\"potentialAction\":[{\"@type\":\"SearchAction\",\"target\":{\"@type\":\"EntryPoint\",\"urlTemplate\":\"https:\/\/prefeitosegestoes.com.br\/portal\/?s={search_term_string}\"},\"query-input\":{\"@type\":\"PropertyValueSpecification\",\"valueRequired\":true,\"valueName\":\"search_term_string\"}}],\"inLanguage\":\"pt-BR\"},{\"@type\":\"Organization\",\"@id\":\"https:\/\/prefeitosegestoes.com.br\/portal\/#organization\",\"name\":\"Prefeitos & Gest\u00f5es\",\"url\":\"https:\/\/prefeitosegestoes.com.br\/portal\/\",\"logo\":{\"@type\":\"ImageObject\",\"inLanguage\":\"pt-BR\",\"@id\":\"https:\/\/prefeitosegestoes.com.br\/portal\/#\/schema\/logo\/image\/\",\"url\":\"https:\/\/prefeitosegestoes.com.br\/portal\/wp-content\/uploads\/2024\/10\/lg_trans_prefeitos_2024_preto2.png\",\"contentUrl\":\"https:\/\/prefeitosegestoes.com.br\/portal\/wp-content\/uploads\/2024\/10\/lg_trans_prefeitos_2024_preto2.png\",\"width\":199,\"height\":122,\"caption\":\"Prefeitos & Gest\u00f5es\"},\"image\":{\"@id\":\"https:\/\/prefeitosegestoes.com.br\/portal\/#\/schema\/logo\/image\/\"},\"sameAs\":[\"https:\/\/www.facebook.com\/prefeitosonline\",\"https:\/\/x.com\/PrefGestoes\"]},{\"@type\":\"Person\",\"@id\":\"https:\/\/prefeitosegestoes.com.br\/portal\/#\/schema\/person\/d00059f2ec99963e7e1850d448ae94b8\",\"name\":\"Prefeitos &amp; Gest\u00f5es\",\"image\":{\"@type\":\"ImageObject\",\"inLanguage\":\"pt-BR\",\"@id\":\"https:\/\/secure.gravatar.com\/avatar\/738fb281e479212ed32c1a21a4307dda9f3af9292edb6918a16c9ce9fff5f48d?s=96&d=mm&r=g\",\"url\":\"https:\/\/secure.gravatar.com\/avatar\/738fb281e479212ed32c1a21a4307dda9f3af9292edb6918a16c9ce9fff5f48d?s=96&d=mm&r=g\",\"contentUrl\":\"https:\/\/secure.gravatar.com\/avatar\/738fb281e479212ed32c1a21a4307dda9f3af9292edb6918a16c9ce9fff5f48d?s=96&d=mm&r=g\",\"caption\":\"Prefeitos &amp; Gest\u00f5es\"},\"url\":\"https:\/\/prefeitosegestoes.com.br\/portal\/author\/prefeitosegestoes\/\"}]}<\/script>\n<!-- \/ Yoast SEO plugin. -->","yoast_head_json":{"title":"Minist\u00e9rio das Cidades investe R$ 51,4 bilh\u00f5es em Mobilidade Urbana - Prefeitos &amp; Gest\u00f5es","description":"Ministro Jader Filho apresentou balan\u00e7o em evento realizado pela Confedera\u00e7\u00e3o Nacional do Transporte","robots":{"index":"index","follow":"follow","max-snippet":"max-snippet:-1","max-image-preview":"max-image-preview:large","max-video-preview":"max-video-preview:-1"},"canonical":"https:\/\/prefeitosegestoes.com.br\/portal\/ministerio-das-cidades-investe-r-514-bilhoes-em-mobilidade-urbana\/","og_locale":"pt_BR","og_type":"article","og_title":"Minist\u00e9rio das Cidades investe R$ 51,4 bilh\u00f5es em Mobilidade Urbana - Prefeitos &amp; Gest\u00f5es","og_description":"Ministro Jader Filho apresentou balan\u00e7o em evento realizado pela Confedera\u00e7\u00e3o Nacional do Transporte","og_url":"https:\/\/prefeitosegestoes.com.br\/portal\/ministerio-das-cidades-investe-r-514-bilhoes-em-mobilidade-urbana\/","og_site_name":"Prefeitos &amp; Gest\u00f5es","article_publisher":"https:\/\/www.facebook.com\/prefeitosonline","article_published_time":"2026-03-13T14:03:26+00:00","og_image":[{"width":1024,"height":768,"url":"https:\/\/prefeitosegestoes.com.br\/portal\/wp-content\/uploads\/2026\/03\/linha_3_do_vlt_comeca_a_operardsc4649.webp","type":"image\/webp"}],"author":"Prefeitos &amp; Gest\u00f5es","twitter_card":"summary_large_image","twitter_creator":"@PrefGestoes","twitter_site":"@PrefGestoes","twitter_misc":{"Escrito por":"Prefeitos &amp; Gest\u00f5es","Est. tempo de leitura":"3 minutos"},"schema":{"@context":"https:\/\/schema.org","@graph":[{"@type":"Article","@id":"https:\/\/prefeitosegestoes.com.br\/portal\/ministerio-das-cidades-investe-r-514-bilhoes-em-mobilidade-urbana\/#article","isPartOf":{"@id":"https:\/\/prefeitosegestoes.com.br\/portal\/ministerio-das-cidades-investe-r-514-bilhoes-em-mobilidade-urbana\/"},"author":{"name":"Prefeitos &amp; Gest\u00f5es","@id":"https:\/\/prefeitosegestoes.com.br\/portal\/#\/schema\/person\/d00059f2ec99963e7e1850d448ae94b8"},"headline":"Minist\u00e9rio das Cidades investe R$ 51,4 bilh\u00f5es em Mobilidade Urbana","datePublished":"2026-03-13T14:03:26+00:00","mainEntityOfPage":{"@id":"https:\/\/prefeitosegestoes.com.br\/portal\/ministerio-das-cidades-investe-r-514-bilhoes-em-mobilidade-urbana\/"},"wordCount":432,"commentCount":0,"publisher":{"@id":"https:\/\/prefeitosegestoes.com.br\/portal\/#organization"},"image":{"@id":"https:\/\/prefeitosegestoes.com.br\/portal\/ministerio-das-cidades-investe-r-514-bilhoes-em-mobilidade-urbana\/#primaryimage"},"thumbnailUrl":"https:\/\/prefeitosegestoes.com.br\/portal\/wp-content\/uploads\/2026\/03\/linha_3_do_vlt_comeca_a_operardsc4649.webp","keywords":["Metr\u00f4","Mobilidade Urbana","PAC","VLT"],"articleSection":["Sustentabilidade"],"inLanguage":"pt-BR","potentialAction":[{"@type":"CommentAction","name":"Comment","target":["https:\/\/prefeitosegestoes.com.br\/portal\/ministerio-das-cidades-investe-r-514-bilhoes-em-mobilidade-urbana\/#respond"]}]},{"@type":"WebPage","@id":"https:\/\/prefeitosegestoes.com.br\/portal\/ministerio-das-cidades-investe-r-514-bilhoes-em-mobilidade-urbana\/","url":"https:\/\/prefeitosegestoes.com.br\/portal\/ministerio-das-cidades-investe-r-514-bilhoes-em-mobilidade-urbana\/","name":"Minist\u00e9rio das Cidades investe R$ 51,4 bilh\u00f5es em Mobilidade Urbana - Prefeitos &amp; Gest\u00f5es","isPartOf":{"@id":"https:\/\/prefeitosegestoes.com.br\/portal\/#website"},"primaryImageOfPage":{"@id":"https:\/\/prefeitosegestoes.com.br\/portal\/ministerio-das-cidades-investe-r-514-bilhoes-em-mobilidade-urbana\/#primaryimage"},"image":{"@id":"https:\/\/prefeitosegestoes.com.br\/portal\/ministerio-das-cidades-investe-r-514-bilhoes-em-mobilidade-urbana\/#primaryimage"},"thumbnailUrl":"https:\/\/prefeitosegestoes.com.br\/portal\/wp-content\/uploads\/2026\/03\/linha_3_do_vlt_comeca_a_operardsc4649.webp","datePublished":"2026-03-13T14:03:26+00:00","description":"Ministro Jader Filho apresentou balan\u00e7o em evento realizado pela Confedera\u00e7\u00e3o Nacional do Transporte","breadcrumb":{"@id":"https:\/\/prefeitosegestoes.com.br\/portal\/ministerio-das-cidades-investe-r-514-bilhoes-em-mobilidade-urbana\/#breadcrumb"},"inLanguage":"pt-BR","potentialAction":[{"@type":"ReadAction","target":["https:\/\/prefeitosegestoes.com.br\/portal\/ministerio-das-cidades-investe-r-514-bilhoes-em-mobilidade-urbana\/"]}]},{"@type":"ImageObject","inLanguage":"pt-BR","@id":"https:\/\/prefeitosegestoes.com.br\/portal\/ministerio-das-cidades-investe-r-514-bilhoes-em-mobilidade-urbana\/#primaryimage","url":"https:\/\/prefeitosegestoes.com.br\/portal\/wp-content\/uploads\/2026\/03\/linha_3_do_vlt_comeca_a_operardsc4649.webp","contentUrl":"https:\/\/prefeitosegestoes.com.br\/portal\/wp-content\/uploads\/2026\/03\/linha_3_do_vlt_comeca_a_operardsc4649.webp","width":1024,"height":768},{"@type":"BreadcrumbList","@id":"https:\/\/prefeitosegestoes.com.br\/portal\/ministerio-das-cidades-investe-r-514-bilhoes-em-mobilidade-urbana\/#breadcrumb","itemListElement":[{"@type":"ListItem","position":1,"name":"In\u00edcio","item":"https:\/\/prefeitosegestoes.com.br\/portal\/"},{"@type":"ListItem","position":2,"name":"Minist\u00e9rio das Cidades investe R$ 51,4 bilh\u00f5es em Mobilidade Urbana"}]},{"@type":"WebSite","@id":"https:\/\/prefeitosegestoes.com.br\/portal\/#website","url":"https:\/\/prefeitosegestoes.com.br\/portal\/","name":"Prefeitos & Gest\u00f5es","description":"","publisher":{"@id":"https:\/\/prefeitosegestoes.com.br\/portal\/#organization"},"potentialAction":[{"@type":"SearchAction","target":{"@type":"EntryPoint","urlTemplate":"https:\/\/prefeitosegestoes.com.br\/portal\/?s={search_term_string}"},"query-input":{"@type":"PropertyValueSpecification","valueRequired":true,"valueName":"search_term_string"}}],"inLanguage":"pt-BR"},{"@type":"Organization","@id":"https:\/\/prefeitosegestoes.com.br\/portal\/#organization","name":"Prefeitos & Gest\u00f5es","url":"https:\/\/prefeitosegestoes.com.br\/portal\/","logo":{"@type":"ImageObject","inLanguage":"pt-BR","@id":"https:\/\/prefeitosegestoes.com.br\/portal\/#\/schema\/logo\/image\/","url":"https:\/\/prefeitosegestoes.com.br\/portal\/wp-content\/uploads\/2024\/10\/lg_trans_prefeitos_2024_preto2.png","contentUrl":"https:\/\/prefeitosegestoes.com.br\/portal\/wp-content\/uploads\/2024\/10\/lg_trans_prefeitos_2024_preto2.png","width":199,"height":122,"caption":"Prefeitos & Gest\u00f5es"},"image":{"@id":"https:\/\/prefeitosegestoes.com.br\/portal\/#\/schema\/logo\/image\/"},"sameAs":["https:\/\/www.facebook.com\/prefeitosonline","https:\/\/x.com\/PrefGestoes"]},{"@type":"Person","@id":"https:\/\/prefeitosegestoes.com.br\/portal\/#\/schema\/person\/d00059f2ec99963e7e1850d448ae94b8","name":"Prefeitos &amp; Gest\u00f5es","image":{"@type":"ImageObject","inLanguage":"pt-BR","@id":"https:\/\/secure.gravatar.com\/avatar\/738fb281e479212ed32c1a21a4307dda9f3af9292edb6918a16c9ce9fff5f48d?s=96&d=mm&r=g","url":"https:\/\/secure.gravatar.com\/avatar\/738fb281e479212ed32c1a21a4307dda9f3af9292edb6918a16c9ce9fff5f48d?s=96&d=mm&r=g","contentUrl":"https:\/\/secure.gravatar.com\/avatar\/738fb281e479212ed32c1a21a4307dda9f3af9292edb6918a16c9ce9fff5f48d?s=96&d=mm&r=g","caption":"Prefeitos &amp; Gest\u00f5es"},"url":"https:\/\/prefeitosegestoes.com.br\/portal\/author\/prefeitosegestoes\/"}]}},"_links":{"self":[{"href":"https:\/\/prefeitosegestoes.com.br\/portal\/wp-json\/wp\/v2\/posts\/4318","targetHints":{"allow":["GET"]}}],"collection":[{"href":"https:\/\/prefeitosegestoes.com.br\/portal\/wp-json\/wp\/v2\/posts"}],"about":[{"href":"https:\/\/prefeitosegestoes.com.br\/portal\/wp-json\/wp\/v2\/types\/post"}],"author":[{"embeddable":true,"href":"https:\/\/prefeitosegestoes.com.br\/portal\/wp-json\/wp\/v2\/users\/2"}],"replies":[{"embeddable":true,"href":"https:\/\/prefeitosegestoes.com.br\/portal\/wp-json\/wp\/v2\/comments?post=4318"}],"version-history":[{"count":1,"href":"https:\/\/prefeitosegestoes.com.br\/portal\/wp-json\/wp\/v2\/posts\/4318\/revisions"}],"predecessor-version":[{"id":4320,"href":"https:\/\/prefeitosegestoes.com.br\/portal\/wp-json\/wp\/v2\/posts\/4318\/revisions\/4320"}],"wp:featuredmedia":[{"embeddable":true,"href":"https:\/\/prefeitosegestoes.com.br\/portal\/wp-json\/wp\/v2\/media\/4319"}],"wp:attachment":[{"href":"https:\/\/prefeitosegestoes.com.br\/portal\/wp-json\/wp\/v2\/media?parent=4318"}],"wp:term":[{"taxonomy":"category","embeddable":true,"href":"https:\/\/prefeitosegestoes.com.br\/portal\/wp-json\/wp\/v2\/categories?post=4318"},{"taxonomy":"post_tag","embeddable":true,"href":"https:\/\/prefeitosegestoes.com.br\/portal\/wp-json\/wp\/v2\/tags?post=4318"}],"curies":[{"name":"wp","href":"https:\/\/api.w.org\/{rel}","templated":true}]}}