{"id":4312,"date":"2026-03-13T10:26:20","date_gmt":"2026-03-13T13:26:20","guid":{"rendered":"https:\/\/prefeitosegestoes.com.br\/portal\/?p=4312"},"modified":"2026-03-13T10:26:20","modified_gmt":"2026-03-13T13:26:20","slug":"troca-no-comando-de-12-estados-e-do-df-redesenha-a-corrida-eleitoral","status":"publish","type":"post","link":"https:\/\/prefeitosegestoes.com.br\/portal\/troca-no-comando-de-12-estados-e-do-df-redesenha-a-corrida-eleitoral\/","title":{"rendered":"Troca no comando de 12 Estados e do DF redesenha a corrida eleitoral"},"content":{"rendered":"<h6 class=\"asset__summary\"><em>Foto: Marcelo Camargo\/Ag\u00eancia Brasil<\/em><\/h6>\n<h2 class=\"asset__summary\">Sa\u00edda de governadores para disputar outros cargos abre espa\u00e7o para a posse dos vices, que ganham visibilidade e ampliam poder para a sucess\u00e3o; veja o perfil de quem deve assumir.<\/h2>\n<div class=\"asset__actions\">\n<div class=\"asset__info\">\n<p class=\"asset__publisher\">Congresso em Foco<\/p>\n<p class=\"asset__date\">13\/3\/2026\u00a0<span class=\"ng-star-inserted\">7:00<\/span><\/p>\n<\/div>\n<\/div>\n<div class=\"asset__content leitura-materia-117132\">\n<div class=\"html-content\">\n<p>As elei\u00e7\u00f5es de 2026 j\u00e1 come\u00e7aram a redesenhar o mapa de poder nos Estados. At\u00e9 4 de abril, prazo final para a desincompatibiliza\u00e7\u00e3o de governadores que pretendem disputar outro cargo, ao menos 13 unidades da federa\u00e7\u00e3o devem trocar de comando. Na maior parte dos casos, os vices herdar\u00e3o o posto com o aval pol\u00edtico dos atuais chefes do Executivo e j\u00e1 como nomes competitivos para a sucess\u00e3o.<\/p>\n<p>Mais do que uma substitui\u00e7\u00e3o protocolar, a mudan\u00e7a oferece uma vantagem estrat\u00e9gica a esses futuros ocupantes dos pal\u00e1cios. Ao assumir a m\u00e1quina estadual nos meses que antecedem a elei\u00e7\u00e3o, eles ampliam a visibilidade, ganham poder de articula\u00e7\u00e3o e passam a ocupar posi\u00e7\u00e3o privilegiada na montagem dos palanques. Em v\u00e1rios Estados, a tend\u00eancia \u00e9 que cheguem ao cargo n\u00e3o apenas como substitutos, mas como candidatos do grupo governista \u00e0 continuidade do projeto pol\u00edtico local.<\/p>\n<p><img fetchpriority=\"high\" decoding=\"async\" title=\"Vices v\u00e3o disputar a sucess\u00e3o estadual com o apoio dos governadores.\" src=\"https:\/\/static.congressoemfoco.com.br\/2026\/03\/12\/cong_materia\/2026\/03\/12\/b63f26_cong_materia_manual_governadoresmudancasmenor01.png\" alt=\"Vices v\u00e3o disputar a sucess\u00e3o estadual com o apoio dos governadores.\" width=\"800\" height=\"450\" \/><\/p>\n<div class=\"img-info\"><span class=\"img-legenda\">Vices v\u00e3o disputar a sucess\u00e3o estadual com o apoio dos governadores.<\/span><span class=\"img-credito\">Arte Congresso em Foco<\/span><\/div>\n<p>O rearranjo ser\u00e1 amplo. Das 27 unidades da federa\u00e7\u00e3o, apenas nove devem ter governadores aptos a disputar a reelei\u00e7\u00e3o. Nos demais casos, a sucess\u00e3o \u00e9 inevit\u00e1vel, o que torna ainda mais relevante o perfil de quem assumir\u00e1 o comando dos Estados nas pr\u00f3ximas semanas. A troca, portanto, n\u00e3o antecipa apenas uma mudan\u00e7a administrativa: ela reposiciona for\u00e7as regionais e entrega aos novos governadores uma vitrine decisiva para 2026.<\/p>\n<p>Entre os governadores que devem deixar o cargo, parte mira uma vaga no Senado e parte se movimenta em torno de um projeto presidencial. Hoje, esse campo \u00e9 representado de forma mais clara por quatro nomes:\u00a0<a href=\"http:\/\/congressoemfoco.com.br\/tag\/ronaldo-caiado\/\" target=\"_blank\" rel=\"noopener\">Ronaldo Caiado<\/a>\u00a0(PSD-GO),\u00a0<a href=\"http:\/\/congressoemfoco.com.br\/tag\/ratinho-junior\/\" target=\"_blank\" rel=\"noopener\">Ratinho Junior<\/a>\u00a0(PSD-PR),\u00a0<a href=\"http:\/\/congressoemfoco.com.br\/tag\/eduardo-leite\/\" target=\"_blank\" rel=\"noopener\">Eduardo Leite<\/a>\u00a0(PSD-RS) e\u00a0<a href=\"https:\/\/www.congressoemfoco.com.br\/congressoemfoco.com.br\/tag\/romeu-zema\/\" target=\"_blank\" rel=\"noopener\">Romeu Zema<\/a>\u00a0(Novo-MG). Nos demais casos, a principal rota pol\u00edtica \u00e9 o Senado.<\/p>\n<p><strong>Duas elei\u00e7\u00f5es para governador no mesmo ano<\/strong><\/p>\n<p>Na maior parte do pa\u00eds, a sucess\u00e3o seguir\u00e1 a linha normal, com o vice assumindo a chefia do Executivo ap\u00f3s a sa\u00edda do titular. Em dois Estados, por\u00e9m, o roteiro tende a ser diferente. Rio Grande do Norte e Rio de Janeiro podem realizar ainda neste ano elei\u00e7\u00e3o indireta nas assembleias legislativas para escolher um governador-tamp\u00e3o at\u00e9 janeiro de 2027. Nesses casos, o problema n\u00e3o \u00e9 apenas a eventual ren\u00fancia do titular, mas a inexist\u00eancia de um vice dispon\u00edvel para completar o mandato.<\/p>\n<p>No Rio Grande do Norte, essa hip\u00f3tese ganhou for\u00e7a depois que o vice-governador Walter Alves informou que n\u00e3o pretende assumir o governo caso F\u00e1tima Bezerra deixe o cargo para disputar o Senado. Walter quer disputar o mandato de deputado estadual. No Rio de Janeiro, o quadro \u00e9 semelhante, embora por outro motivo: o ent\u00e3o vice-governador Thiago Pampolha deixou o cargo em 2025 para assumir uma vaga no Tribunal de Contas do Estado. Se Cl\u00e1udio Castro renunciar para disputar o Senado, haver\u00e1 dupla vac\u00e2ncia no Executivo fluminense, e a escolha do substituto caber\u00e1 \u00e0 Assembleia Legislativa. A expectativa \u00e9 que as assembleias escolham os governadores-tamp\u00f5es em at\u00e9 30 dias ap\u00f3s a sa\u00edda dos titulares.<\/p>\n<p><img decoding=\"async\" title=\"Nove dos 27 governadores poder\u00e3o disputar a reelei\u00e7\u00e3o.\" src=\"https:\/\/static.congressoemfoco.com.br\/2026\/03\/12\/cong_materia\/2026\/03\/12\/7d34b5_cong_materia_manual_governadoresmudancasmenor02.png\" alt=\"Nove dos 27 governadores poder\u00e3o disputar a reelei\u00e7\u00e3o.\" width=\"800\" height=\"450\" \/><\/p>\n<div class=\"img-info\"><span class=\"img-legenda\">Nove dos 27 governadores poder\u00e3o disputar a reelei\u00e7\u00e3o.<\/span><span class=\"img-credito\">Arte Congresso em Foco<\/span><\/div>\n<p><strong>Legisla\u00e7\u00e3o eleitoral<\/strong><\/p>\n<p>O pano de fundo dessa dan\u00e7a das cadeiras \u00e9 a legisla\u00e7\u00e3o eleitoral. Governadores que pretendem disputar cargo diferente do atual precisam deixar o mandato at\u00e9 seis meses antes do primeiro turno. Ao mesmo tempo, a jurisprud\u00eancia do Supremo consolidou o entendimento de que, em caso de dupla vac\u00e2ncia no \u00faltimo bi\u00eanio, a substitui\u00e7\u00e3o deve ocorrer por elei\u00e7\u00e3o, conforme a regra local, e n\u00e3o por simples sucess\u00e3o autom\u00e1tica.<\/p>\n<p>Em princ\u00edpio, apenas cinco governadores n\u00e3o devem disputar cargo em 2026: os de Alagoas, Amazonas, Maranh\u00e3o, Rond\u00f4nia e Tocantins.<\/p>\n<p>Os perfis dos vices que v\u00e3o assumir revelam trajet\u00f3rias diversas. H\u00e1 ex-senadores, parlamentares experientes, dirigentes empresariais, gestores t\u00e9cnicos e nomes mais jovens que despontam como apostas para o futuro de seus Estados. Em comum, todos chegam ao posto num momento em que a cadeira de governador deixa de ser apenas uma fun\u00e7\u00e3o eventual e passa a funcionar tamb\u00e9m como vitrine pol\u00edtica para 2026.<\/p>\n<p>Veja quem s\u00e3o os vices que v\u00e3o herdar os governos com a ren\u00fancia dos titulares nas pr\u00f3ximas semanas:<\/p>\n<p><strong>Acre: Mailza Assis, a vice que volta ao centro do poder<\/strong><\/p>\n<p>No Acre, quem assumir\u00e1 o governo \u00e9 uma pol\u00edtica que transitou pela administra\u00e7\u00e3o municipal, pelo Senado e pela \u00e1rea social do Executivo estadual. Mailza Assis (PP), de 49 anos, chegou \u00e0 vice-governadoria em 2022, na chapa de Gladson Cameli, e atualmente tamb\u00e9m comanda a Secretaria de Estado de Assist\u00eancia Social e Direitos Humanos. Ela \u00e9 candidata \u00e0 sucess\u00e3o de Gladson, com o apoio do governador, que deve concorrer ao Senado.<\/p>\n<p>Nascida em Mundo Novo, no Mato Grosso do Sul, Mailza Assis da Silva \u00e9 formada em Pedagogia, tem MBA em Pol\u00edticas P\u00fablicas e \u00e9 m\u00e3e de tr\u00eas filhos. Entrou na vida p\u00fablica em 2009, como secret\u00e1ria municipal de Administra\u00e7\u00e3o de Senador Guiomard. Depois, assumiu a Assist\u00eancia Social do munic\u00edpio, onde lan\u00e7ou iniciativas voltadas ao atendimento direto da popula\u00e7\u00e3o, como o Prefeitura no Bairro e o Natal Feliz.<\/p>\n<p>Sua proje\u00e7\u00e3o estadual veio em 2014, quando foi eleita primeira suplente de senadora na chapa de Gladson Cameli. Com a elei\u00e7\u00e3o dele para o governo do Acre, assumiu o mandato no Senado em 2019. Desde ent\u00e3o, consolidou espa\u00e7o pr\u00f3prio na pol\u00edtica acreana, embora mantenha la\u00e7os estreitos com o grupo do governador: \u00e9 casada com Madson Cameli, primo de Gladson.<\/p>\n<p><strong>Distrito Federal: Celina Le\u00e3o, da C\u00e2mara ao comando do Buriti<\/strong><\/p>\n<p>No Distrito Federal, Celina Le\u00e3o (PP) chega ao comando do Buriti depois de uma trajet\u00f3ria marcada por forte protagonismo no Legislativo local. Vice-governadora desde 2023, ela j\u00e1 foi deputada distrital, deputada federal, presidente da C\u00e2mara Legislativa e secret\u00e1ria de governo.<\/p>\n<p>Administradora de empresas, Celina Le\u00e3o Hizim Ferreira nasceu em Goi\u00e2nia, em 2 de mar\u00e7o de 1977, e iniciou a carreira eleitoral em 2010, ao se eleger deputada distrital. Reeleita em 2014, assumiu a presid\u00eancia da C\u00e2mara Legislativa no ano seguinte e se firmou como uma das figuras mais conhecidas da pol\u00edtica brasiliense.<\/p>\n<p>Antes de chegar \u00e0 vice-governadoria, cumpriu mandato como deputada federal entre 2019 e 2022 e se licenciou temporariamente do cargo para assumir a Secretaria de Esporte e Lazer no governo Ibaneis Rocha. Em janeiro de 2023, ganhou proje\u00e7\u00e3o nacional ao assumir interinamente o governo do DF durante o afastamento de Ibaneis ap\u00f3s os ataques de 8 de janeiro. A experi\u00eancia refor\u00e7ou seu peso pol\u00edtico na sucess\u00e3o local. Disputar\u00e1 o governo com o apoio de Ibaneis, que deve buscar o Senado.<\/p>\n<p><strong>Esp\u00edrito Santo: Ricardo Ferra\u00e7o, vice de dois governadores<\/strong><\/p>\n<p>Ricardo Ferra\u00e7o (MDB) assume o governo do Esp\u00edrito Santo depois de ter sido vice de dois governadores: Paulo Hartung (2007-2011) e Renato Casagrande (2023-2026).<\/p>\n<p>Nascido em Cachoeiro de Itapemirim, em 17 de agosto de 1963, Ferra\u00e7o come\u00e7ou cedo: foi eleito vereador em 1982. Depois, cumpriu dois mandatos como deputado estadual, presidiu a Assembleia Legislativa e chefiou a Casa Civil do governo capixaba. Em 1998, chegou \u00e0 C\u00e2mara dos Deputados como o mais votado do Estado.<\/p>\n<p>Em 2010, foi eleito senador. Retornou ao MDB e, em 2022, foi eleito vice-governador na chapa de Renato Casagrande. Filho do ex-prefeito e ex-deputado Theodorico Ferra\u00e7o, carrega um sobrenome tradicional da pol\u00edtica capixaba. \u00c9 o candidato de Casagrande \u00e0 sua sucess\u00e3o.<\/p>\n<p><strong>Goi\u00e1s: Daniel Vilela, herdeiro pol\u00edtico que chega ao poder<\/strong><\/p>\n<p>Em Goi\u00e1s, Daniel Vilela (MDB) assumir\u00e1 o governo levando consigo um sobrenome de peso e uma trajet\u00f3ria constru\u00edda em etapas, da pol\u00edtica municipal \u00e0 vice-governadoria. Filho do ex-governador e ex-senador Maguito Vilela, soube transformar heran\u00e7a pol\u00edtica em capital pr\u00f3prio e hoje ocupa posi\u00e7\u00e3o central no tabuleiro goiano.<\/p>\n<p>Nascido em Jata\u00ed, em 23 de outubro de 1983, Daniel \u00e9 advogado, p\u00f3s-graduado em gest\u00e3o p\u00fablica e presidente estadual do MDB. Antes de entrar para a vida p\u00fablica, tentou carreira no futebol profissional e passou por clubes como Goi\u00e1s e Atl\u00e9tico Goianiense.<\/p>\n<p>Na pol\u00edtica, foi vereador em Goi\u00e2nia, deputado estadual e deputado federal. Em 2018, disputou o governo de Goi\u00e1s e terminou em segundo lugar. Quatro anos depois, comp\u00f4s chapa justamente com Ronaldo Caiado, advers\u00e1rio daquela elei\u00e7\u00e3o, e foi eleito vice-governador. A alian\u00e7a selou sua ascens\u00e3o a um novo patamar e o colocou no centro das articula\u00e7\u00f5es para o futuro pol\u00edtico do Estado. \u00c9 apoiado por Caiado, que tenta viabilizar sua candidatura a presidente pelo PSD.<\/p>\n<p><strong>Mato Grosso: Otaviano Pivetta, o nome do agro no comando do Estado<\/strong><\/p>\n<p>Otaviano Pivetta (Republicanos) chega ao comando de Mato Grosso com a imagem de gestor ligado ao agroneg\u00f3cio e ao interior produtivo do Estado. Empres\u00e1rio e produtor rural, construiu a carreira pol\u00edtica a partir de Lucas do Rio Verde, munic\u00edpio que ajudou a transformar em s\u00edmbolo da expans\u00e3o econ\u00f4mica mato-grossense.<\/p>\n<p>Nascido em Cai\u00e7ara, no Rio Grande do Sul, em 10 de maio de 1959, Pivetta foi tr\u00eas vezes prefeito de Lucas do Rio Verde. Governou a cidade em diferentes momentos e encerrou a \u00faltima gest\u00e3o, em 2016, com alta aprova\u00e7\u00e3o. Tamb\u00e9m foi deputado estadual, ampliando sua influ\u00eancia na pol\u00edtica local.<\/p>\n<p>Em 2018, chegou \u00e0 vice-governadoria ao lado de Mauro Mendes. Reeleito em 2022, j\u00e1 filiado ao Republicanos, consolidou-se como uma das principais figuras do grupo no poder. Sua trajet\u00f3ria combina experi\u00eancia administrativa, tr\u00e2nsito pol\u00edtico e forte identifica\u00e7\u00e3o com o setor mais din\u00e2mico da economia estadual. Concorre \u00e0 sucess\u00e3o estadual com apoio de Mendes, que postula o Senado.<\/p>\n<p><strong>Minas Gerais: Mateus Sim\u00f5es, o herdeiro pol\u00edtico de Zema<\/strong><\/p>\n<p>Em Minas Gerais, Mateus Sim\u00f5es (PSD) encarna a nova gera\u00e7\u00e3o da direita liberal e j\u00e1 \u00e9 tratado como herdeiro pol\u00edtico de Romeu Zema. Vice-governador do Estado, construiu sua ascens\u00e3o com rapidez, combinando discurso ideol\u00f3gico, capacidade de articula\u00e7\u00e3o e presen\u00e7a crescente no centro da m\u00e1quina p\u00fablica.<\/p>\n<p>Nascido em Gurupi, no Tocantins, em 9 de mar\u00e7o de 1981, mudou-se ainda crian\u00e7a para Belo Horizonte, onde fez carreira como advogado, professor e pol\u00edtico. Em 2016, elegeu-se vereador da capital pelo Novo, tornando-se o primeiro parlamentar do partido em Minas Gerais. No Legislativo municipal, destacou-se pela defesa do corte de gastos e pela cr\u00edtica a privil\u00e9gios no setor p\u00fablico.<\/p>\n<p>Em 2020, deixou a C\u00e2mara para assumir a Secretaria-Geral do governo mineiro. No cargo, ampliou sua influ\u00eancia e passou a coordenar \u00e1reas estrat\u00e9gicas da gest\u00e3o. Em 2022, foi escolhido por Zema como companheiro de chapa e eleito vice-governador. Desde ent\u00e3o, transformou-se em um dos nomes mais fortes para a sucess\u00e3o estadual, movimento refor\u00e7ado por sua recente filia\u00e7\u00e3o ao PSD. At\u00e9 ent\u00e3o, era do Novo.<\/p>\n<p><strong>Par\u00e1: Hana Ghassan, o nome de confian\u00e7a de Helder<\/strong><\/p>\n<p>No Par\u00e1, Hana Ghassan (MDB) acumulou a vice-governadoria com a Secretaria Estadual de Planejamento e Administra\u00e7\u00e3o. No cargo, firmou-se como uma das principais pe\u00e7as da engrenagem do governo Helder Barbalho.<\/p>\n<p>Nascida em Bel\u00e9m, em 16 de janeiro de 1968, Hana Ghassan Tuma \u00e9 contabilista, auditora fiscal e servidora de carreira da Secretaria da Fazenda. Fez boa parte da trajet\u00f3ria em \u00e1reas ligadas \u00e0 fiscaliza\u00e7\u00e3o, arrecada\u00e7\u00e3o e planejamento, ocupando fun\u00e7\u00f5es como delegada de grandes contribuintes e diretora de fiscaliza\u00e7\u00e3o.<\/p>\n<p>Tamb\u00e9m teve passagens por gest\u00f5es municipais, em cargos ligados a finan\u00e7as, planejamento e infraestrutura, tanto em Ananindeua quanto em Bel\u00e9m. Em 2019, assumiu a Secretaria de Planejamento e Administra\u00e7\u00e3o do Par\u00e1. Em 2022, foi escolhida por Helder Barbalho para compor a chapa da reelei\u00e7\u00e3o, vencedora com ampla folga j\u00e1 no primeiro turno. \u00c9 a aposta de Helder, que tentar\u00e1 o Senado, para a sua sucess\u00e3o.<\/p>\n<p><strong>Para\u00edba:<\/strong>\u00a0<strong>Lucas Ribeiro, juventude e sobrenome forte no poder<\/strong><\/p>\n<p>Na Para\u00edba, Lucas Ribeiro (PP) simboliza a renova\u00e7\u00e3o de uma linhagem pol\u00edtica tradicional. Jovem, articulado e herdeiro de um dos grupos mais influentes do Estado, chega ao governo depois de uma trajet\u00f3ria r\u00e1pida, concentrada sobretudo em Campina Grande.<\/p>\n<p>Nascido em Jo\u00e3o Pessoa, em 15 de agosto de 1989, \u00e9 advogado e dirigente do Progressistas em Campina Grande. Filho da senadora Daniella Ribeiro, neto do ex-prefeito e ex-deputado Enivaldo Ribeiro e sobrinho do deputado federal Aguinaldo Ribeiro, cresceu cercado pela pol\u00edtica.<\/p>\n<p>Foi eleito vereador de Campina Grande em 2016. Depois, assumiu a Secretaria Municipal de Ci\u00eancia, Tecnologia e Inova\u00e7\u00e3o. Em 2020, retornou \u00e0 C\u00e2mara e, no mesmo ano, foi eleito vice-prefeito da cidade. Dois anos depois, trocou a pol\u00edtica municipal pelo salto estadual ao integrar a chapa de Jo\u00e3o Azev\u00eado. O movimento o projetou definitivamente para o primeiro escal\u00e3o da pol\u00edtica paraibana.<\/p>\n<p><strong>Paran\u00e1: Darci Piana, do empresariado ao comando do Estado<\/strong><\/p>\n<p>No Paran\u00e1, Darci Piana (PSD) \u00e9 o exemplo mais claro de algu\u00e9m que chegou tarde \u00e0 pol\u00edtica eleitoral, mas depois de d\u00e9cadas exercendo influ\u00eancia fora das urnas. Vice-governador desde 2019, levou ao Pal\u00e1cio Igua\u00e7u a experi\u00eancia acumulada no empresariado e nas entidades de classe.<\/p>\n<p>Nascido em Carazinho, no Rio Grande do Sul, em 24 de dezembro de 1941, \u00e9 economista, empres\u00e1rio e dirigente classista. Presidiu o Sindicato do Com\u00e9rcio Varejista de Ve\u00edculos, Pe\u00e7as e Acess\u00f3rios do Paran\u00e1, ajudou a fundar a cooperativa de cr\u00e9dito Sincoocred e comandou o Conselho Deliberativo do Sebrae-PR. Tamb\u00e9m exerceu a superintend\u00eancia regional da Companhia de Financiamento da Produ\u00e7\u00e3o no Estado.<\/p>\n<p>Sua estreia nas urnas ocorreu apenas em 2018, quando j\u00e1 havia migrado do PDT para o PSD e foi eleito vice-governador na chapa de Ratinho Junior. Reeleito em 2022, manteve-se como elo importante entre o governo e o setor produtivo. Licenciado da presid\u00eancia do Sistema Fecom\u00e9rcio, Sesc e Senac Paran\u00e1, carrega para o cargo a imagem de gestor experiente e conciliador. Aos 84 anos, n\u00e3o disputar\u00e1 qualquer cargo em outubro.<\/p>\n<p><strong>Rio Grande do Sul:<\/strong>\u00a0<strong>Gabriel Souza, um quadro jovem no topo do MDB ga\u00facho<\/strong><\/p>\n<p>No Rio Grande do Sul, Gabriel Souza (MDB) chega ao governo como um dos principais quadros de sua gera\u00e7\u00e3o no MDB. Jovem para os padr\u00f5es da elite pol\u00edtica ga\u00facha, construiu a carreira no Parlamento estadual e se destacou pela capacidade de articula\u00e7\u00e3o dentro e fora do partido.<\/p>\n<p>Natural de Tramanda\u00ed, Gabriel \u00e9 m\u00e9dico veterin\u00e1rio de forma\u00e7\u00e3o, mas fez da pol\u00edtica sua principal atividade desde cedo. Em 2014, foi eleito deputado estadual e tomou posse no ano seguinte. No primeiro mandato, ganhou espa\u00e7o como l\u00edder da bancada do MDB e, entre 2016 e 2018, tornou-se l\u00edder do governo Jos\u00e9 Ivo Sartori na Assembleia Legislativa.<\/p>\n<p>Foi reeleito em 2018 como o deputado mais votado do MDB ga\u00facho. Em 2022, chegou a se lan\u00e7ar como pr\u00e9-candidato do partido ao governo estadual, mas acabou integrando a chapa vencedora como vice-governador. O emedebista disputar\u00e1 novo mandato em outubro, com apoio de Leite, que disputa com Caiado e Ratinho Junior a indica\u00e7\u00e3o do PSD para concorrer a presidente da Rep\u00fablica.<\/p>\n<p><strong>Roraima: Edilson Dami\u00e3o, da infraestrutura para a chefia do governo<\/strong><\/p>\n<p>Em Roraima, Edilson Dami\u00e3o (Republicanos) assumir\u00e1 o governo com um perfil diferente do pol\u00edtico tradicional. Engenheiro civil e servidor p\u00fablico, chegou ao topo do Executivo estadual apoiado mais na experi\u00eancia administrativa do que na proje\u00e7\u00e3o eleitoral.<\/p>\n<p>Nascido em Curitiba, em 13 de dezembro de 1977, Edilson Dami\u00e3o Lima fez carreira na \u00e1rea de infraestrutura. Foi assessor no Minist\u00e9rio dos Transportes e, a partir de 2019, assumiu a Secretaria de Infraestrutura de Roraima, posi\u00e7\u00e3o que ocupou por v\u00e1rios anos e que o aproximou do n\u00facleo pol\u00edtico do governador Antonio Denarium.<\/p>\n<p>Em 2022, foi eleito vice-governador na chapa de Denarium. Desde ent\u00e3o, ganhou espa\u00e7o dentro do grupo governista e passou a ser visto como pe\u00e7a relevante na reorganiza\u00e7\u00e3o da sucess\u00e3o estadual.<\/p>\n<p>Fonte: Congresso em Foco<\/p>\n<\/div>\n<\/div>\n","protected":false},"excerpt":{"rendered":"<p>Foto: Marcelo Camargo\/Ag\u00eancia Brasil Sa\u00edda de governadores para disputar outros cargos abre espa\u00e7o para a posse dos vices, que ganham visibilidade e ampliam poder para a sucess\u00e3o; veja o perfil de quem deve assumir. Congresso em Foco 13\/3\/2026\u00a07:00 As elei\u00e7\u00f5es de 2026 j\u00e1 come\u00e7aram a redesenhar o mapa de poder nos Estados. At\u00e9 4 de [&hellip;]<\/p>\n","protected":false},"author":2,"featured_media":4313,"comment_status":"open","ping_status":"open","sticky":false,"template":"","format":"standard","meta":{"rop_custom_images_group":[],"rop_custom_messages_group":[],"rop_publish_now":"initial","rop_publish_now_accounts":{"twitter_850042665852968960_850042665852968960":""},"rop_publish_now_history":[],"rop_publish_now_status":"pending","footnotes":""},"categories":[6],"tags":[955,953,956,954,313],"class_list":["post-4312","post","type-post","status-publish","format-standard","has-post-thumbnail","hentry","category-smart-city","tag-comando","tag-eleicoes","tag-governadores","tag-tse","tag-urna"],"yoast_head":"<!-- This site is optimized with the Yoast SEO plugin v27.2 - https:\/\/yoast.com\/product\/yoast-seo-wordpress\/ -->\n<title>Troca no comando de 12 Estados e do DF redesenha a corrida eleitoral - Prefeitos &amp; Gest\u00f5es<\/title>\n<meta name=\"description\" content=\"Sa\u00edda de governadores para disputar outros cargos abre espa\u00e7o para a posse dos vices, que ganham visibilidade e ampliam poder para a sucess\u00e3o; veja o perfil de quem deve assumir.\" \/>\n<meta name=\"robots\" content=\"index, follow, max-snippet:-1, max-image-preview:large, max-video-preview:-1\" \/>\n<link rel=\"canonical\" href=\"https:\/\/prefeitosegestoes.com.br\/portal\/troca-no-comando-de-12-estados-e-do-df-redesenha-a-corrida-eleitoral\/\" \/>\n<meta property=\"og:locale\" content=\"pt_BR\" \/>\n<meta property=\"og:type\" content=\"article\" \/>\n<meta property=\"og:title\" content=\"Troca no comando de 12 Estados e do DF redesenha a corrida eleitoral - Prefeitos &amp; Gest\u00f5es\" \/>\n<meta property=\"og:description\" content=\"Sa\u00edda de governadores para disputar outros cargos abre espa\u00e7o para a posse dos vices, que ganham visibilidade e ampliam poder para a sucess\u00e3o; veja o perfil de quem deve assumir.\" \/>\n<meta property=\"og:url\" content=\"https:\/\/prefeitosegestoes.com.br\/portal\/troca-no-comando-de-12-estados-e-do-df-redesenha-a-corrida-eleitoral\/\" \/>\n<meta property=\"og:site_name\" content=\"Prefeitos &amp; Gest\u00f5es\" \/>\n<meta property=\"article:publisher\" content=\"https:\/\/www.facebook.com\/prefeitosonline\" \/>\n<meta property=\"article:published_time\" content=\"2026-03-13T13:26:20+00:00\" \/>\n<meta property=\"og:image\" content=\"https:\/\/prefeitosegestoes.com.br\/portal\/wp-content\/uploads\/2026\/03\/Materia-2-Imagem.webp\" \/>\n\t<meta property=\"og:image:width\" content=\"1024\" \/>\n\t<meta property=\"og:image:height\" content=\"768\" \/>\n\t<meta property=\"og:image:type\" content=\"image\/webp\" \/>\n<meta name=\"author\" content=\"Prefeitos &amp; Gest\u00f5es\" \/>\n<meta name=\"twitter:card\" content=\"summary_large_image\" \/>\n<meta name=\"twitter:creator\" content=\"@PrefGestoes\" \/>\n<meta name=\"twitter:site\" content=\"@PrefGestoes\" \/>\n<meta name=\"twitter:label1\" content=\"Escrito por\" \/>\n\t<meta name=\"twitter:data1\" content=\"Prefeitos &amp; Gest\u00f5es\" \/>\n\t<meta name=\"twitter:label2\" content=\"Est. tempo de leitura\" \/>\n\t<meta name=\"twitter:data2\" content=\"15 minutos\" \/>\n<script type=\"application\/ld+json\" class=\"yoast-schema-graph\">{\"@context\":\"https:\/\/schema.org\",\"@graph\":[{\"@type\":\"Article\",\"@id\":\"https:\/\/prefeitosegestoes.com.br\/portal\/troca-no-comando-de-12-estados-e-do-df-redesenha-a-corrida-eleitoral\/#article\",\"isPartOf\":{\"@id\":\"https:\/\/prefeitosegestoes.com.br\/portal\/troca-no-comando-de-12-estados-e-do-df-redesenha-a-corrida-eleitoral\/\"},\"author\":{\"name\":\"Prefeitos &amp; Gest\u00f5es\",\"@id\":\"https:\/\/prefeitosegestoes.com.br\/portal\/#\/schema\/person\/d00059f2ec99963e7e1850d448ae94b8\"},\"headline\":\"Troca no comando de 12 Estados e do DF redesenha a corrida eleitoral\",\"datePublished\":\"2026-03-13T13:26:20+00:00\",\"mainEntityOfPage\":{\"@id\":\"https:\/\/prefeitosegestoes.com.br\/portal\/troca-no-comando-de-12-estados-e-do-df-redesenha-a-corrida-eleitoral\/\"},\"wordCount\":2733,\"commentCount\":0,\"publisher\":{\"@id\":\"https:\/\/prefeitosegestoes.com.br\/portal\/#organization\"},\"image\":{\"@id\":\"https:\/\/prefeitosegestoes.com.br\/portal\/troca-no-comando-de-12-estados-e-do-df-redesenha-a-corrida-eleitoral\/#primaryimage\"},\"thumbnailUrl\":\"https:\/\/prefeitosegestoes.com.br\/portal\/wp-content\/uploads\/2026\/03\/Materia-2-Imagem.webp\",\"keywords\":[\"Comando\",\"Elei\u00e7\u00f5es\",\"Governadores\",\"TSE\",\"Urna\"],\"articleSection\":[\"Smart City\"],\"inLanguage\":\"pt-BR\",\"potentialAction\":[{\"@type\":\"CommentAction\",\"name\":\"Comment\",\"target\":[\"https:\/\/prefeitosegestoes.com.br\/portal\/troca-no-comando-de-12-estados-e-do-df-redesenha-a-corrida-eleitoral\/#respond\"]}]},{\"@type\":\"WebPage\",\"@id\":\"https:\/\/prefeitosegestoes.com.br\/portal\/troca-no-comando-de-12-estados-e-do-df-redesenha-a-corrida-eleitoral\/\",\"url\":\"https:\/\/prefeitosegestoes.com.br\/portal\/troca-no-comando-de-12-estados-e-do-df-redesenha-a-corrida-eleitoral\/\",\"name\":\"Troca no comando de 12 Estados e do DF redesenha a corrida eleitoral - Prefeitos &amp; Gest\u00f5es\",\"isPartOf\":{\"@id\":\"https:\/\/prefeitosegestoes.com.br\/portal\/#website\"},\"primaryImageOfPage\":{\"@id\":\"https:\/\/prefeitosegestoes.com.br\/portal\/troca-no-comando-de-12-estados-e-do-df-redesenha-a-corrida-eleitoral\/#primaryimage\"},\"image\":{\"@id\":\"https:\/\/prefeitosegestoes.com.br\/portal\/troca-no-comando-de-12-estados-e-do-df-redesenha-a-corrida-eleitoral\/#primaryimage\"},\"thumbnailUrl\":\"https:\/\/prefeitosegestoes.com.br\/portal\/wp-content\/uploads\/2026\/03\/Materia-2-Imagem.webp\",\"datePublished\":\"2026-03-13T13:26:20+00:00\",\"description\":\"Sa\u00edda de governadores para disputar outros cargos abre espa\u00e7o para a posse dos vices, que ganham visibilidade e ampliam poder para a sucess\u00e3o; veja o perfil de quem deve assumir.\",\"breadcrumb\":{\"@id\":\"https:\/\/prefeitosegestoes.com.br\/portal\/troca-no-comando-de-12-estados-e-do-df-redesenha-a-corrida-eleitoral\/#breadcrumb\"},\"inLanguage\":\"pt-BR\",\"potentialAction\":[{\"@type\":\"ReadAction\",\"target\":[\"https:\/\/prefeitosegestoes.com.br\/portal\/troca-no-comando-de-12-estados-e-do-df-redesenha-a-corrida-eleitoral\/\"]}]},{\"@type\":\"ImageObject\",\"inLanguage\":\"pt-BR\",\"@id\":\"https:\/\/prefeitosegestoes.com.br\/portal\/troca-no-comando-de-12-estados-e-do-df-redesenha-a-corrida-eleitoral\/#primaryimage\",\"url\":\"https:\/\/prefeitosegestoes.com.br\/portal\/wp-content\/uploads\/2026\/03\/Materia-2-Imagem.webp\",\"contentUrl\":\"https:\/\/prefeitosegestoes.com.br\/portal\/wp-content\/uploads\/2026\/03\/Materia-2-Imagem.webp\",\"width\":1024,\"height\":768},{\"@type\":\"BreadcrumbList\",\"@id\":\"https:\/\/prefeitosegestoes.com.br\/portal\/troca-no-comando-de-12-estados-e-do-df-redesenha-a-corrida-eleitoral\/#breadcrumb\",\"itemListElement\":[{\"@type\":\"ListItem\",\"position\":1,\"name\":\"In\u00edcio\",\"item\":\"https:\/\/prefeitosegestoes.com.br\/portal\/\"},{\"@type\":\"ListItem\",\"position\":2,\"name\":\"Troca no comando de 12 Estados e do DF redesenha a corrida eleitoral\"}]},{\"@type\":\"WebSite\",\"@id\":\"https:\/\/prefeitosegestoes.com.br\/portal\/#website\",\"url\":\"https:\/\/prefeitosegestoes.com.br\/portal\/\",\"name\":\"Prefeitos & Gest\u00f5es\",\"description\":\"\",\"publisher\":{\"@id\":\"https:\/\/prefeitosegestoes.com.br\/portal\/#organization\"},\"potentialAction\":[{\"@type\":\"SearchAction\",\"target\":{\"@type\":\"EntryPoint\",\"urlTemplate\":\"https:\/\/prefeitosegestoes.com.br\/portal\/?s={search_term_string}\"},\"query-input\":{\"@type\":\"PropertyValueSpecification\",\"valueRequired\":true,\"valueName\":\"search_term_string\"}}],\"inLanguage\":\"pt-BR\"},{\"@type\":\"Organization\",\"@id\":\"https:\/\/prefeitosegestoes.com.br\/portal\/#organization\",\"name\":\"Prefeitos & Gest\u00f5es\",\"url\":\"https:\/\/prefeitosegestoes.com.br\/portal\/\",\"logo\":{\"@type\":\"ImageObject\",\"inLanguage\":\"pt-BR\",\"@id\":\"https:\/\/prefeitosegestoes.com.br\/portal\/#\/schema\/logo\/image\/\",\"url\":\"https:\/\/prefeitosegestoes.com.br\/portal\/wp-content\/uploads\/2024\/10\/lg_trans_prefeitos_2024_preto2.png\",\"contentUrl\":\"https:\/\/prefeitosegestoes.com.br\/portal\/wp-content\/uploads\/2024\/10\/lg_trans_prefeitos_2024_preto2.png\",\"width\":199,\"height\":122,\"caption\":\"Prefeitos & Gest\u00f5es\"},\"image\":{\"@id\":\"https:\/\/prefeitosegestoes.com.br\/portal\/#\/schema\/logo\/image\/\"},\"sameAs\":[\"https:\/\/www.facebook.com\/prefeitosonline\",\"https:\/\/x.com\/PrefGestoes\"]},{\"@type\":\"Person\",\"@id\":\"https:\/\/prefeitosegestoes.com.br\/portal\/#\/schema\/person\/d00059f2ec99963e7e1850d448ae94b8\",\"name\":\"Prefeitos &amp; Gest\u00f5es\",\"image\":{\"@type\":\"ImageObject\",\"inLanguage\":\"pt-BR\",\"@id\":\"https:\/\/secure.gravatar.com\/avatar\/738fb281e479212ed32c1a21a4307dda9f3af9292edb6918a16c9ce9fff5f48d?s=96&d=mm&r=g\",\"url\":\"https:\/\/secure.gravatar.com\/avatar\/738fb281e479212ed32c1a21a4307dda9f3af9292edb6918a16c9ce9fff5f48d?s=96&d=mm&r=g\",\"contentUrl\":\"https:\/\/secure.gravatar.com\/avatar\/738fb281e479212ed32c1a21a4307dda9f3af9292edb6918a16c9ce9fff5f48d?s=96&d=mm&r=g\",\"caption\":\"Prefeitos &amp; Gest\u00f5es\"},\"url\":\"https:\/\/prefeitosegestoes.com.br\/portal\/author\/prefeitosegestoes\/\"}]}<\/script>\n<!-- \/ Yoast SEO plugin. -->","yoast_head_json":{"title":"Troca no comando de 12 Estados e do DF redesenha a corrida eleitoral - Prefeitos &amp; Gest\u00f5es","description":"Sa\u00edda de governadores para disputar outros cargos abre espa\u00e7o para a posse dos vices, que ganham visibilidade e ampliam poder para a sucess\u00e3o; veja o perfil de quem deve assumir.","robots":{"index":"index","follow":"follow","max-snippet":"max-snippet:-1","max-image-preview":"max-image-preview:large","max-video-preview":"max-video-preview:-1"},"canonical":"https:\/\/prefeitosegestoes.com.br\/portal\/troca-no-comando-de-12-estados-e-do-df-redesenha-a-corrida-eleitoral\/","og_locale":"pt_BR","og_type":"article","og_title":"Troca no comando de 12 Estados e do DF redesenha a corrida eleitoral - Prefeitos &amp; Gest\u00f5es","og_description":"Sa\u00edda de governadores para disputar outros cargos abre espa\u00e7o para a posse dos vices, que ganham visibilidade e ampliam poder para a sucess\u00e3o; veja o perfil de quem deve assumir.","og_url":"https:\/\/prefeitosegestoes.com.br\/portal\/troca-no-comando-de-12-estados-e-do-df-redesenha-a-corrida-eleitoral\/","og_site_name":"Prefeitos &amp; Gest\u00f5es","article_publisher":"https:\/\/www.facebook.com\/prefeitosonline","article_published_time":"2026-03-13T13:26:20+00:00","og_image":[{"width":1024,"height":768,"url":"https:\/\/prefeitosegestoes.com.br\/portal\/wp-content\/uploads\/2026\/03\/Materia-2-Imagem.webp","type":"image\/webp"}],"author":"Prefeitos &amp; Gest\u00f5es","twitter_card":"summary_large_image","twitter_creator":"@PrefGestoes","twitter_site":"@PrefGestoes","twitter_misc":{"Escrito por":"Prefeitos &amp; Gest\u00f5es","Est. tempo de leitura":"15 minutos"},"schema":{"@context":"https:\/\/schema.org","@graph":[{"@type":"Article","@id":"https:\/\/prefeitosegestoes.com.br\/portal\/troca-no-comando-de-12-estados-e-do-df-redesenha-a-corrida-eleitoral\/#article","isPartOf":{"@id":"https:\/\/prefeitosegestoes.com.br\/portal\/troca-no-comando-de-12-estados-e-do-df-redesenha-a-corrida-eleitoral\/"},"author":{"name":"Prefeitos &amp; Gest\u00f5es","@id":"https:\/\/prefeitosegestoes.com.br\/portal\/#\/schema\/person\/d00059f2ec99963e7e1850d448ae94b8"},"headline":"Troca no comando de 12 Estados e do DF redesenha a corrida eleitoral","datePublished":"2026-03-13T13:26:20+00:00","mainEntityOfPage":{"@id":"https:\/\/prefeitosegestoes.com.br\/portal\/troca-no-comando-de-12-estados-e-do-df-redesenha-a-corrida-eleitoral\/"},"wordCount":2733,"commentCount":0,"publisher":{"@id":"https:\/\/prefeitosegestoes.com.br\/portal\/#organization"},"image":{"@id":"https:\/\/prefeitosegestoes.com.br\/portal\/troca-no-comando-de-12-estados-e-do-df-redesenha-a-corrida-eleitoral\/#primaryimage"},"thumbnailUrl":"https:\/\/prefeitosegestoes.com.br\/portal\/wp-content\/uploads\/2026\/03\/Materia-2-Imagem.webp","keywords":["Comando","Elei\u00e7\u00f5es","Governadores","TSE","Urna"],"articleSection":["Smart City"],"inLanguage":"pt-BR","potentialAction":[{"@type":"CommentAction","name":"Comment","target":["https:\/\/prefeitosegestoes.com.br\/portal\/troca-no-comando-de-12-estados-e-do-df-redesenha-a-corrida-eleitoral\/#respond"]}]},{"@type":"WebPage","@id":"https:\/\/prefeitosegestoes.com.br\/portal\/troca-no-comando-de-12-estados-e-do-df-redesenha-a-corrida-eleitoral\/","url":"https:\/\/prefeitosegestoes.com.br\/portal\/troca-no-comando-de-12-estados-e-do-df-redesenha-a-corrida-eleitoral\/","name":"Troca no comando de 12 Estados e do DF redesenha a corrida eleitoral - Prefeitos &amp; Gest\u00f5es","isPartOf":{"@id":"https:\/\/prefeitosegestoes.com.br\/portal\/#website"},"primaryImageOfPage":{"@id":"https:\/\/prefeitosegestoes.com.br\/portal\/troca-no-comando-de-12-estados-e-do-df-redesenha-a-corrida-eleitoral\/#primaryimage"},"image":{"@id":"https:\/\/prefeitosegestoes.com.br\/portal\/troca-no-comando-de-12-estados-e-do-df-redesenha-a-corrida-eleitoral\/#primaryimage"},"thumbnailUrl":"https:\/\/prefeitosegestoes.com.br\/portal\/wp-content\/uploads\/2026\/03\/Materia-2-Imagem.webp","datePublished":"2026-03-13T13:26:20+00:00","description":"Sa\u00edda de governadores para disputar outros cargos abre espa\u00e7o para a posse dos vices, que ganham visibilidade e ampliam poder para a sucess\u00e3o; veja o perfil de quem deve assumir.","breadcrumb":{"@id":"https:\/\/prefeitosegestoes.com.br\/portal\/troca-no-comando-de-12-estados-e-do-df-redesenha-a-corrida-eleitoral\/#breadcrumb"},"inLanguage":"pt-BR","potentialAction":[{"@type":"ReadAction","target":["https:\/\/prefeitosegestoes.com.br\/portal\/troca-no-comando-de-12-estados-e-do-df-redesenha-a-corrida-eleitoral\/"]}]},{"@type":"ImageObject","inLanguage":"pt-BR","@id":"https:\/\/prefeitosegestoes.com.br\/portal\/troca-no-comando-de-12-estados-e-do-df-redesenha-a-corrida-eleitoral\/#primaryimage","url":"https:\/\/prefeitosegestoes.com.br\/portal\/wp-content\/uploads\/2026\/03\/Materia-2-Imagem.webp","contentUrl":"https:\/\/prefeitosegestoes.com.br\/portal\/wp-content\/uploads\/2026\/03\/Materia-2-Imagem.webp","width":1024,"height":768},{"@type":"BreadcrumbList","@id":"https:\/\/prefeitosegestoes.com.br\/portal\/troca-no-comando-de-12-estados-e-do-df-redesenha-a-corrida-eleitoral\/#breadcrumb","itemListElement":[{"@type":"ListItem","position":1,"name":"In\u00edcio","item":"https:\/\/prefeitosegestoes.com.br\/portal\/"},{"@type":"ListItem","position":2,"name":"Troca no comando de 12 Estados e do DF redesenha a corrida eleitoral"}]},{"@type":"WebSite","@id":"https:\/\/prefeitosegestoes.com.br\/portal\/#website","url":"https:\/\/prefeitosegestoes.com.br\/portal\/","name":"Prefeitos & Gest\u00f5es","description":"","publisher":{"@id":"https:\/\/prefeitosegestoes.com.br\/portal\/#organization"},"potentialAction":[{"@type":"SearchAction","target":{"@type":"EntryPoint","urlTemplate":"https:\/\/prefeitosegestoes.com.br\/portal\/?s={search_term_string}"},"query-input":{"@type":"PropertyValueSpecification","valueRequired":true,"valueName":"search_term_string"}}],"inLanguage":"pt-BR"},{"@type":"Organization","@id":"https:\/\/prefeitosegestoes.com.br\/portal\/#organization","name":"Prefeitos & Gest\u00f5es","url":"https:\/\/prefeitosegestoes.com.br\/portal\/","logo":{"@type":"ImageObject","inLanguage":"pt-BR","@id":"https:\/\/prefeitosegestoes.com.br\/portal\/#\/schema\/logo\/image\/","url":"https:\/\/prefeitosegestoes.com.br\/portal\/wp-content\/uploads\/2024\/10\/lg_trans_prefeitos_2024_preto2.png","contentUrl":"https:\/\/prefeitosegestoes.com.br\/portal\/wp-content\/uploads\/2024\/10\/lg_trans_prefeitos_2024_preto2.png","width":199,"height":122,"caption":"Prefeitos & Gest\u00f5es"},"image":{"@id":"https:\/\/prefeitosegestoes.com.br\/portal\/#\/schema\/logo\/image\/"},"sameAs":["https:\/\/www.facebook.com\/prefeitosonline","https:\/\/x.com\/PrefGestoes"]},{"@type":"Person","@id":"https:\/\/prefeitosegestoes.com.br\/portal\/#\/schema\/person\/d00059f2ec99963e7e1850d448ae94b8","name":"Prefeitos &amp; Gest\u00f5es","image":{"@type":"ImageObject","inLanguage":"pt-BR","@id":"https:\/\/secure.gravatar.com\/avatar\/738fb281e479212ed32c1a21a4307dda9f3af9292edb6918a16c9ce9fff5f48d?s=96&d=mm&r=g","url":"https:\/\/secure.gravatar.com\/avatar\/738fb281e479212ed32c1a21a4307dda9f3af9292edb6918a16c9ce9fff5f48d?s=96&d=mm&r=g","contentUrl":"https:\/\/secure.gravatar.com\/avatar\/738fb281e479212ed32c1a21a4307dda9f3af9292edb6918a16c9ce9fff5f48d?s=96&d=mm&r=g","caption":"Prefeitos &amp; Gest\u00f5es"},"url":"https:\/\/prefeitosegestoes.com.br\/portal\/author\/prefeitosegestoes\/"}]}},"_links":{"self":[{"href":"https:\/\/prefeitosegestoes.com.br\/portal\/wp-json\/wp\/v2\/posts\/4312","targetHints":{"allow":["GET"]}}],"collection":[{"href":"https:\/\/prefeitosegestoes.com.br\/portal\/wp-json\/wp\/v2\/posts"}],"about":[{"href":"https:\/\/prefeitosegestoes.com.br\/portal\/wp-json\/wp\/v2\/types\/post"}],"author":[{"embeddable":true,"href":"https:\/\/prefeitosegestoes.com.br\/portal\/wp-json\/wp\/v2\/users\/2"}],"replies":[{"embeddable":true,"href":"https:\/\/prefeitosegestoes.com.br\/portal\/wp-json\/wp\/v2\/comments?post=4312"}],"version-history":[{"count":1,"href":"https:\/\/prefeitosegestoes.com.br\/portal\/wp-json\/wp\/v2\/posts\/4312\/revisions"}],"predecessor-version":[{"id":4314,"href":"https:\/\/prefeitosegestoes.com.br\/portal\/wp-json\/wp\/v2\/posts\/4312\/revisions\/4314"}],"wp:featuredmedia":[{"embeddable":true,"href":"https:\/\/prefeitosegestoes.com.br\/portal\/wp-json\/wp\/v2\/media\/4313"}],"wp:attachment":[{"href":"https:\/\/prefeitosegestoes.com.br\/portal\/wp-json\/wp\/v2\/media?parent=4312"}],"wp:term":[{"taxonomy":"category","embeddable":true,"href":"https:\/\/prefeitosegestoes.com.br\/portal\/wp-json\/wp\/v2\/categories?post=4312"},{"taxonomy":"post_tag","embeddable":true,"href":"https:\/\/prefeitosegestoes.com.br\/portal\/wp-json\/wp\/v2\/tags?post=4312"}],"curies":[{"name":"wp","href":"https:\/\/api.w.org\/{rel}","templated":true}]}}