{"id":4306,"date":"2026-03-09T13:39:44","date_gmt":"2026-03-09T16:39:44","guid":{"rendered":"https:\/\/prefeitosegestoes.com.br\/portal\/?p=4306"},"modified":"2026-03-09T13:39:44","modified_gmt":"2026-03-09T16:39:44","slug":"ia-nas-prefeituras-do-plano-nacional-a-decisao-local-na-gestao-da-dengue","status":"publish","type":"post","link":"https:\/\/prefeitosegestoes.com.br\/portal\/ia-nas-prefeituras-do-plano-nacional-a-decisao-local-na-gestao-da-dengue\/","title":{"rendered":"IA nas prefeituras: do plano nacional \u00e0 decis\u00e3o local na gest\u00e3o da dengue"},"content":{"rendered":"<h6><em>Flyttr integra dados e IA para apoiar decis\u00f5es mais seguras Flyttr integra dados e IA para apoiar decis\u00f5es mais seguras <\/em><\/h6>\n<h2><em>Com ado\u00e7\u00e3o ainda heterog\u00eanea nos munic\u00edpios, a intelig\u00eancia artificial deixa o campo das diretrizes e come\u00e7a a ganhar espa\u00e7o na tomada de decis\u00e3o local.<\/em><\/h2>\n<p>A intelig\u00eancia artificial (IA) deixou de ser um conceito restrito a debates acad\u00eamicos ou ao setor privado. Nos \u00faltimos anos, a tecnologia passou a integrar o vocabul\u00e1rio da administra\u00e7\u00e3o p\u00fablica brasileira, impulsionada por estrat\u00e9gias nacionais voltadas \u00e0 moderniza\u00e7\u00e3o do Estado e \u00e0 transforma\u00e7\u00e3o digital dos servi\u00e7os p\u00fablicos. Existem iniciativas relevantes, pol\u00edticas nacionais estruturadas e pilotos concretos, por\u00e9m a ado\u00e7\u00e3o em escala ainda \u00e9 desigual entre \u00f3rg\u00e3os, estados e munic\u00edpios.<\/p>\n<p>O Brasil estruturou nos \u00faltimos anos um conjunto de pol\u00edticas para orientar o uso de IA com a <strong>Estrat\u00e9gia Brasileira de Intelig\u00eancia Artificial (EBIA) e o Plano Brasileiro de Intelig\u00eancia Artificial 2024-2028 (\u201cIA para o Bem de Todos\u201d)<\/strong>, entre outras iniciativas. Essas pol\u00edticas incentivam o uso de IA para melhorar a efici\u00eancia, a transpar\u00eancia e a qualidade dos servi\u00e7os p\u00fablicos atrav\u00e9s da automatiza\u00e7\u00e3o de servi\u00e7os e da an\u00e1lise e integra\u00e7\u00e3o de grandes bases de dados governamentais, buscando a melhoria de pol\u00edticas p\u00fablicas baseadas em evid\u00eancia<\/p>\n<p>Mas, na pr\u00e1tica, como essa agenda chega \u00e0s prefeituras \u2014 especialmente em \u00e1reas cr\u00edticas como a sa\u00fade p\u00fablica?<\/p>\n<p>Dados da pesquisa TIC Governo Eletr\u00f4nico 2023, conduzida pelo Centro Regional de Estudos para o Desenvolvimento da Sociedade da Informa\u00e7\u00e3o (Cetic.br) e publicada em 2024, indicam que o uso de tecnologias avan\u00e7adas no setor p\u00fablico vem crescendo, com maior concentra\u00e7\u00e3o nos n\u00edveis federal e estadual. A ado\u00e7\u00e3o, no entanto, ocorre de forma desigual entre os entes federativos.<\/p>\n<p>Em 2025, durante audi\u00eancia p\u00fablica da Comiss\u00e3o de Ci\u00eancia, Tecnologia e Inova\u00e7\u00e3o da C\u00e2mara dos Deputados, especialistas refor\u00e7aram esse diagn\u00f3stico ao destacar que a aplica\u00e7\u00e3o de intelig\u00eancia artificial nos munic\u00edpios brasileiros ainda \u00e9 desigual, com maior incid\u00eancia em administra\u00e7\u00f5es de maior porte e maior capacidade t\u00e9cnica.<\/p>\n<p><strong>E quais s\u00e3o os obst\u00e1culos?<\/strong><\/p>\n<p>O maior obst\u00e1culo t\u00e9cnico \u00e9, sem d\u00favida, a fragmenta\u00e7\u00e3o e a baixa qualidade dos dados de sa\u00fade. Embora o SUS produza enormes volumes de dados (SINAN, SIH, SIM, e-SUS, SIVEP etc.), esses sistemas n\u00e3o foram originalmente desenhados para interoperabilidade, possuem padr\u00f5es de dados heterog\u00eaneos, apresentam atrasos na alimenta\u00e7\u00e3o e atualiza\u00e7\u00e3o e frequentemente t\u00eam lacunas ou inconsist\u00eancias. Como consequ\u00eancia, temos a dificuldade em treinar modelos de IA confi\u00e1veis, a necessidade de grande esfor\u00e7o de limpeza e integra\u00e7\u00e3o de dados e a limita\u00e7\u00e3o de an\u00e1lises em tempo real.<\/p>\n<p>Outro obst\u00e1culo importante \u00e9 a escassez de capacidade t\u00e9cnica dentro do setor p\u00fablico. A implementa\u00e7\u00e3o e manuten\u00e7\u00e3o de sistemas de IA exigem cientistas de dados, engenheiros de software, especialistas em sa\u00fade digital e profissionais capazes de interpretar modelos anal\u00edticos.<\/p>\n<p>O estudo feito pelo Cetic.br retrata exatamente esse cen\u00e1rio, apontando barreiras como falta de pessoal qualificado, desafios relacionados \u00e0 qualidade e organiza\u00e7\u00e3o dos dados e a necessidade de prioriza\u00e7\u00e3o institucional.<\/p>\n<p>Apesar desses obst\u00e1culos, h\u00e1 tr\u00eas fatores que favorecem fortemente a ado\u00e7\u00e3o de IA em sa\u00fade no Brasil: a<strong> escala do SUS (um dos maiores bancos de dados de sa\u00fade do mundo), a press\u00e3o crescente por efici\u00eancia no sistema p\u00fablico, e o aumento das epidemias climato-sens\u00edveis, como a dengue. <\/strong><\/p>\n<p><strong>IA aplicada \u00e0 vigil\u00e2ncia epidemiol\u00f3gica<\/strong><\/p>\n<p>\u00c9 nesse contexto que surgem plataformas como a <strong>Flyttr Dengue<\/strong>, desenvolvida para consolidar dados epidemiol\u00f3gicos, hist\u00f3ricos e territoriais em um \u00fanico ambiente de an\u00e1lise e apoio \u00e0 decis\u00e3o voltado \u00e0 gest\u00e3o municipal.<\/p>\n<p>\u00c9 conhecido que a din\u00e2mica da dengue \u00e9 influenciada por vari\u00e1veis clim\u00e1ticas, mobilidade urbana e padr\u00f5es hist\u00f3ricos de infesta\u00e7\u00e3o. Em muitos munic\u00edpios, o enfrentamento ainda ocorre de forma reativa, com intensifica\u00e7\u00e3o de a\u00e7\u00f5es quando os casos j\u00e1 est\u00e3o em crescimento. <strong>A incorpora\u00e7\u00e3o de ferramentas preditivas permite inverter essa l\u00f3gica<\/strong>: identificar \u00e1reas priorit\u00e1rias antes da eleva\u00e7\u00e3o expressiva da curva epidemiol\u00f3gica e direcionar recursos com maior precis\u00e3o.<\/p>\n<p><strong>Flyttr Dengue<\/strong> foi desenvolvida para organizar informa\u00e7\u00f5es sobre evolu\u00e7\u00e3o de casos por estado e munic\u00edpio, predizer tend\u00eancias epidemiol\u00f3gicas, e criar mapas de risco por bairros e proje\u00e7\u00f5es de infesta\u00e7\u00e3o com base em modelos preditivos. Ao <strong>integrar diferentes bases e estruturar an\u00e1lises em pain\u00e9is consolidados<\/strong>, o sistema busca apoiar o gestor na prioriza\u00e7\u00e3o territorial e no planejamento de a\u00e7\u00f5es preventivas \u2014 reduzindo a fragmenta\u00e7\u00e3o de dados que ainda marca parte das rotinas administrativas.<\/p>\n<p>Outro recurso \u00e9 o agente conversacional baseado em intelig\u00eancia artificial, integrado \u00e0 plataforma, que permite a gestores e equipes t\u00e9cnicas realizarem consultas em linguagem natural sobre cen\u00e1rios de risco, evolu\u00e7\u00e3o comparativa de indicadores e proje\u00e7\u00f5es para as semanas seguintes.<\/p>\n<p>\u201cA proposta \u00e9 facilitar o acesso \u00e0 informa\u00e7\u00e3o estrat\u00e9gica integrada e curada. O gestor pode perguntar quais bairros apresentam maior risco nas pr\u00f3ximas semanas e meses, ou descrever os recursos dispon\u00edveis e perguntar onde e quando melhor utiliz\u00e1-los frente ao risco, e receber respostas organizadas de forma clara\u201d, afirma Natalia Ferreira, diretora executiva da Flyttr Brasil.<\/p>\n<p>Segundo ela, o objetivo n\u00e3o \u00e9 substituir a an\u00e1lise t\u00e9cnica das equipes municipais, mas transformar grandes volumes de dados em informa\u00e7\u00e3o estruturada e acion\u00e1vel, ampliando a agilidade na tomada de decis\u00e3o.<\/p>\n<p><strong>Tecnologia acompanhada de suporte t\u00e9cnico<\/strong><\/p>\n<p>A interpreta\u00e7\u00e3o de modelos preditivos \u00e9 um dos pontos mais sens\u00edveis na ado\u00e7\u00e3o de intelig\u00eancia artificial no setor p\u00fablico. A pr\u00f3pria pesquisa TIC Governo Eletr\u00f4nico 2023 aponta a falta de pessoal qualificado como uma das principais barreiras \u00e0 implementa\u00e7\u00e3o de solu\u00e7\u00f5es baseadas em IA.<\/p>\n<p>Nesse cen\u00e1rio, a Flyttr Dengue opera em modelo que combina tecnologia e suporte especializado. Munic\u00edpios contam com apoio de profissionais de ci\u00eancia de dados e especialistas em controle de vetores para auxiliar na leitura dos cen\u00e1rios e na defini\u00e7\u00e3o de estrat\u00e9gias operacionais. A proposta \u00e9 reduzir a depend\u00eancia exclusiva de capacidade t\u00e9cnica interna e ampliar a seguran\u00e7a na tomada de decis\u00e3o, especialmente em administra\u00e7\u00f5es com equipes enxutas.<\/p>\n<p><strong>Da diretriz \u00e0 rotina administrativa<\/strong><\/p>\n<p>Embora o Brasil conte com diretrizes nacionais voltadas ao uso respons\u00e1vel de intelig\u00eancia artificial, a consolida\u00e7\u00e3o da tecnologia depende de sua aplica\u00e7\u00e3o pr\u00e1tica nas cidades.<\/p>\n<p>A amplia\u00e7\u00e3o do uso de IA na gest\u00e3o p\u00fablica tem sido acompanhada por iniciativas de capacita\u00e7\u00e3o. Em 2026, o Minist\u00e9rio da Gest\u00e3o e da Inova\u00e7\u00e3o em Servi\u00e7os P\u00fablicos, em parceria com a Escola Nacional de Administra\u00e7\u00e3o P\u00fablica (Enap), lan\u00e7ou programa voltado \u00e0 aplica\u00e7\u00e3o da tecnologia na otimiza\u00e7\u00e3o de processos e no apoio \u00e0 tomada de decis\u00e3o no setor p\u00fablico.<\/p>\n<p>Movimentos como esse indicam que o tema deixou de ser experimental e passou a integrar a agenda estruturante de forma\u00e7\u00e3o de gestores.<\/p>\n<p>No enfrentamento da dengue \u2014 onde tempo, prioriza\u00e7\u00e3o territorial e planejamento s\u00e3o determinantes \u2014 solu\u00e7\u00f5es capazes de estruturar informa\u00e7\u00f5es e oferecer previs\u00f5es podem ampliar a capacidade de antecipa\u00e7\u00e3o dos munic\u00edpios e reduzir a depend\u00eancia de respostas emergenciais.<\/p>\n<p>Mais do que aderir a uma tend\u00eancia tecnol\u00f3gica, a incorpora\u00e7\u00e3o da intelig\u00eancia artificial na rotina administrativa representa uma mudan\u00e7a de postura: sair da l\u00f3gica reativa e avan\u00e7ar para decis\u00f5es baseadas em an\u00e1lise preditiva e evid\u00eancias estruturadas.<\/p>\n<p><strong><em>A plataforma Flyttr Dengue \u00e9 desenvolvida pela Flyttr Brasil. Saiba mais em flyttr.com\/pt\/dengue.<\/em><\/strong><\/p>\n","protected":false},"excerpt":{"rendered":"<p>Flyttr integra dados e IA para apoiar decis\u00f5es mais seguras Flyttr integra dados e IA para apoiar decis\u00f5es mais seguras Com ado\u00e7\u00e3o ainda heterog\u00eanea nos munic\u00edpios, a intelig\u00eancia artificial deixa o campo das diretrizes e come\u00e7a a ganhar espa\u00e7o na tomada de decis\u00e3o local. A intelig\u00eancia artificial (IA) deixou de ser um conceito restrito a [&hellip;]<\/p>\n","protected":false},"author":2,"featured_media":4307,"comment_status":"open","ping_status":"open","sticky":false,"template":"","format":"standard","meta":{"rop_custom_images_group":[],"rop_custom_messages_group":[],"rop_publish_now":"initial","rop_publish_now_accounts":{"twitter_850042665852968960_850042665852968960":""},"rop_publish_now_history":[],"rop_publish_now_status":"pending","footnotes":""},"categories":[9],"tags":[415,952,951],"class_list":["post-4306","post","type-post","status-publish","format-standard","has-post-thumbnail","hentry","category-municipios","tag-dengue","tag-ia-para-o-bem-de-todos","tag-plataforma-flyttr"],"yoast_head":"<!-- This site is optimized with the Yoast SEO plugin v27.2 - https:\/\/yoast.com\/product\/yoast-seo-wordpress\/ -->\n<title>IA nas prefeituras: do plano nacional \u00e0 decis\u00e3o local na gest\u00e3o da dengue - Prefeitos &amp; Gest\u00f5es<\/title>\n<meta name=\"description\" content=\"Com ado\u00e7\u00e3o ainda heterog\u00eanea nos munic\u00edpios, a intelig\u00eancia artificial deixa o campo das diretrizes e come\u00e7a a ganhar espa\u00e7o na tomada de decis\u00e3o local.\" \/>\n<meta name=\"robots\" content=\"index, follow, max-snippet:-1, max-image-preview:large, max-video-preview:-1\" \/>\n<link rel=\"canonical\" href=\"https:\/\/prefeitosegestoes.com.br\/portal\/ia-nas-prefeituras-do-plano-nacional-a-decisao-local-na-gestao-da-dengue\/\" \/>\n<meta property=\"og:locale\" content=\"pt_BR\" \/>\n<meta property=\"og:type\" content=\"article\" \/>\n<meta property=\"og:title\" content=\"IA nas prefeituras: do plano nacional \u00e0 decis\u00e3o local na gest\u00e3o da dengue - Prefeitos &amp; Gest\u00f5es\" \/>\n<meta property=\"og:description\" content=\"Com ado\u00e7\u00e3o ainda heterog\u00eanea nos munic\u00edpios, a intelig\u00eancia artificial deixa o campo das diretrizes e come\u00e7a a ganhar espa\u00e7o na tomada de decis\u00e3o local.\" \/>\n<meta property=\"og:url\" content=\"https:\/\/prefeitosegestoes.com.br\/portal\/ia-nas-prefeituras-do-plano-nacional-a-decisao-local-na-gestao-da-dengue\/\" \/>\n<meta property=\"og:site_name\" content=\"Prefeitos &amp; Gest\u00f5es\" \/>\n<meta property=\"article:publisher\" content=\"https:\/\/www.facebook.com\/prefeitosonline\" \/>\n<meta property=\"article:published_time\" content=\"2026-03-09T16:39:44+00:00\" \/>\n<meta property=\"og:image\" content=\"https:\/\/prefeitosegestoes.com.br\/portal\/wp-content\/uploads\/2026\/03\/Flyttr-integra-dados-e-IA-para-apoiar-decisoes-mais-seguras-Copia.jpeg\" \/>\n\t<meta property=\"og:image:width\" content=\"1600\" \/>\n\t<meta property=\"og:image:height\" content=\"1200\" \/>\n\t<meta property=\"og:image:type\" content=\"image\/jpeg\" \/>\n<meta name=\"author\" content=\"Prefeitos &amp; Gest\u00f5es\" \/>\n<meta name=\"twitter:card\" content=\"summary_large_image\" \/>\n<meta name=\"twitter:creator\" content=\"@PrefGestoes\" \/>\n<meta name=\"twitter:site\" content=\"@PrefGestoes\" \/>\n<meta name=\"twitter:label1\" content=\"Escrito por\" \/>\n\t<meta name=\"twitter:data1\" content=\"Prefeitos &amp; Gest\u00f5es\" \/>\n\t<meta name=\"twitter:label2\" content=\"Est. tempo de leitura\" \/>\n\t<meta name=\"twitter:data2\" content=\"7 minutos\" \/>\n<script type=\"application\/ld+json\" class=\"yoast-schema-graph\">{\"@context\":\"https:\/\/schema.org\",\"@graph\":[{\"@type\":\"Article\",\"@id\":\"https:\/\/prefeitosegestoes.com.br\/portal\/ia-nas-prefeituras-do-plano-nacional-a-decisao-local-na-gestao-da-dengue\/#article\",\"isPartOf\":{\"@id\":\"https:\/\/prefeitosegestoes.com.br\/portal\/ia-nas-prefeituras-do-plano-nacional-a-decisao-local-na-gestao-da-dengue\/\"},\"author\":{\"name\":\"Prefeitos &amp; Gest\u00f5es\",\"@id\":\"https:\/\/prefeitosegestoes.com.br\/portal\/#\/schema\/person\/d00059f2ec99963e7e1850d448ae94b8\"},\"headline\":\"IA nas prefeituras: do plano nacional \u00e0 decis\u00e3o local na gest\u00e3o da dengue\",\"datePublished\":\"2026-03-09T16:39:44+00:00\",\"mainEntityOfPage\":{\"@id\":\"https:\/\/prefeitosegestoes.com.br\/portal\/ia-nas-prefeituras-do-plano-nacional-a-decisao-local-na-gestao-da-dengue\/\"},\"wordCount\":1342,\"commentCount\":0,\"publisher\":{\"@id\":\"https:\/\/prefeitosegestoes.com.br\/portal\/#organization\"},\"image\":{\"@id\":\"https:\/\/prefeitosegestoes.com.br\/portal\/ia-nas-prefeituras-do-plano-nacional-a-decisao-local-na-gestao-da-dengue\/#primaryimage\"},\"thumbnailUrl\":\"https:\/\/prefeitosegestoes.com.br\/portal\/wp-content\/uploads\/2026\/03\/Flyttr-integra-dados-e-IA-para-apoiar-decisoes-mais-seguras-Copia.jpeg\",\"keywords\":[\"Dengue\",\"IA para o bem de todos\",\"Plataforma Flyttr\"],\"articleSection\":[\"Munic\u00edpios\"],\"inLanguage\":\"pt-BR\",\"potentialAction\":[{\"@type\":\"CommentAction\",\"name\":\"Comment\",\"target\":[\"https:\/\/prefeitosegestoes.com.br\/portal\/ia-nas-prefeituras-do-plano-nacional-a-decisao-local-na-gestao-da-dengue\/#respond\"]}]},{\"@type\":\"WebPage\",\"@id\":\"https:\/\/prefeitosegestoes.com.br\/portal\/ia-nas-prefeituras-do-plano-nacional-a-decisao-local-na-gestao-da-dengue\/\",\"url\":\"https:\/\/prefeitosegestoes.com.br\/portal\/ia-nas-prefeituras-do-plano-nacional-a-decisao-local-na-gestao-da-dengue\/\",\"name\":\"IA nas prefeituras: do plano nacional \u00e0 decis\u00e3o local na gest\u00e3o da dengue - Prefeitos &amp; Gest\u00f5es\",\"isPartOf\":{\"@id\":\"https:\/\/prefeitosegestoes.com.br\/portal\/#website\"},\"primaryImageOfPage\":{\"@id\":\"https:\/\/prefeitosegestoes.com.br\/portal\/ia-nas-prefeituras-do-plano-nacional-a-decisao-local-na-gestao-da-dengue\/#primaryimage\"},\"image\":{\"@id\":\"https:\/\/prefeitosegestoes.com.br\/portal\/ia-nas-prefeituras-do-plano-nacional-a-decisao-local-na-gestao-da-dengue\/#primaryimage\"},\"thumbnailUrl\":\"https:\/\/prefeitosegestoes.com.br\/portal\/wp-content\/uploads\/2026\/03\/Flyttr-integra-dados-e-IA-para-apoiar-decisoes-mais-seguras-Copia.jpeg\",\"datePublished\":\"2026-03-09T16:39:44+00:00\",\"description\":\"Com ado\u00e7\u00e3o ainda heterog\u00eanea nos munic\u00edpios, a intelig\u00eancia artificial deixa o campo das diretrizes e come\u00e7a a ganhar espa\u00e7o na tomada de decis\u00e3o local.\",\"breadcrumb\":{\"@id\":\"https:\/\/prefeitosegestoes.com.br\/portal\/ia-nas-prefeituras-do-plano-nacional-a-decisao-local-na-gestao-da-dengue\/#breadcrumb\"},\"inLanguage\":\"pt-BR\",\"potentialAction\":[{\"@type\":\"ReadAction\",\"target\":[\"https:\/\/prefeitosegestoes.com.br\/portal\/ia-nas-prefeituras-do-plano-nacional-a-decisao-local-na-gestao-da-dengue\/\"]}]},{\"@type\":\"ImageObject\",\"inLanguage\":\"pt-BR\",\"@id\":\"https:\/\/prefeitosegestoes.com.br\/portal\/ia-nas-prefeituras-do-plano-nacional-a-decisao-local-na-gestao-da-dengue\/#primaryimage\",\"url\":\"https:\/\/prefeitosegestoes.com.br\/portal\/wp-content\/uploads\/2026\/03\/Flyttr-integra-dados-e-IA-para-apoiar-decisoes-mais-seguras-Copia.jpeg\",\"contentUrl\":\"https:\/\/prefeitosegestoes.com.br\/portal\/wp-content\/uploads\/2026\/03\/Flyttr-integra-dados-e-IA-para-apoiar-decisoes-mais-seguras-Copia.jpeg\",\"width\":1600,\"height\":1200},{\"@type\":\"BreadcrumbList\",\"@id\":\"https:\/\/prefeitosegestoes.com.br\/portal\/ia-nas-prefeituras-do-plano-nacional-a-decisao-local-na-gestao-da-dengue\/#breadcrumb\",\"itemListElement\":[{\"@type\":\"ListItem\",\"position\":1,\"name\":\"In\u00edcio\",\"item\":\"https:\/\/prefeitosegestoes.com.br\/portal\/\"},{\"@type\":\"ListItem\",\"position\":2,\"name\":\"IA nas prefeituras: do plano nacional \u00e0 decis\u00e3o local na gest\u00e3o da dengue\"}]},{\"@type\":\"WebSite\",\"@id\":\"https:\/\/prefeitosegestoes.com.br\/portal\/#website\",\"url\":\"https:\/\/prefeitosegestoes.com.br\/portal\/\",\"name\":\"Prefeitos & Gest\u00f5es\",\"description\":\"\",\"publisher\":{\"@id\":\"https:\/\/prefeitosegestoes.com.br\/portal\/#organization\"},\"potentialAction\":[{\"@type\":\"SearchAction\",\"target\":{\"@type\":\"EntryPoint\",\"urlTemplate\":\"https:\/\/prefeitosegestoes.com.br\/portal\/?s={search_term_string}\"},\"query-input\":{\"@type\":\"PropertyValueSpecification\",\"valueRequired\":true,\"valueName\":\"search_term_string\"}}],\"inLanguage\":\"pt-BR\"},{\"@type\":\"Organization\",\"@id\":\"https:\/\/prefeitosegestoes.com.br\/portal\/#organization\",\"name\":\"Prefeitos & Gest\u00f5es\",\"url\":\"https:\/\/prefeitosegestoes.com.br\/portal\/\",\"logo\":{\"@type\":\"ImageObject\",\"inLanguage\":\"pt-BR\",\"@id\":\"https:\/\/prefeitosegestoes.com.br\/portal\/#\/schema\/logo\/image\/\",\"url\":\"https:\/\/prefeitosegestoes.com.br\/portal\/wp-content\/uploads\/2024\/10\/lg_trans_prefeitos_2024_preto2.png\",\"contentUrl\":\"https:\/\/prefeitosegestoes.com.br\/portal\/wp-content\/uploads\/2024\/10\/lg_trans_prefeitos_2024_preto2.png\",\"width\":199,\"height\":122,\"caption\":\"Prefeitos & Gest\u00f5es\"},\"image\":{\"@id\":\"https:\/\/prefeitosegestoes.com.br\/portal\/#\/schema\/logo\/image\/\"},\"sameAs\":[\"https:\/\/www.facebook.com\/prefeitosonline\",\"https:\/\/x.com\/PrefGestoes\"]},{\"@type\":\"Person\",\"@id\":\"https:\/\/prefeitosegestoes.com.br\/portal\/#\/schema\/person\/d00059f2ec99963e7e1850d448ae94b8\",\"name\":\"Prefeitos &amp; Gest\u00f5es\",\"image\":{\"@type\":\"ImageObject\",\"inLanguage\":\"pt-BR\",\"@id\":\"https:\/\/secure.gravatar.com\/avatar\/738fb281e479212ed32c1a21a4307dda9f3af9292edb6918a16c9ce9fff5f48d?s=96&d=mm&r=g\",\"url\":\"https:\/\/secure.gravatar.com\/avatar\/738fb281e479212ed32c1a21a4307dda9f3af9292edb6918a16c9ce9fff5f48d?s=96&d=mm&r=g\",\"contentUrl\":\"https:\/\/secure.gravatar.com\/avatar\/738fb281e479212ed32c1a21a4307dda9f3af9292edb6918a16c9ce9fff5f48d?s=96&d=mm&r=g\",\"caption\":\"Prefeitos &amp; Gest\u00f5es\"},\"url\":\"https:\/\/prefeitosegestoes.com.br\/portal\/author\/prefeitosegestoes\/\"}]}<\/script>\n<!-- \/ Yoast SEO plugin. -->","yoast_head_json":{"title":"IA nas prefeituras: do plano nacional \u00e0 decis\u00e3o local na gest\u00e3o da dengue - Prefeitos &amp; Gest\u00f5es","description":"Com ado\u00e7\u00e3o ainda heterog\u00eanea nos munic\u00edpios, a intelig\u00eancia artificial deixa o campo das diretrizes e come\u00e7a a ganhar espa\u00e7o na tomada de decis\u00e3o local.","robots":{"index":"index","follow":"follow","max-snippet":"max-snippet:-1","max-image-preview":"max-image-preview:large","max-video-preview":"max-video-preview:-1"},"canonical":"https:\/\/prefeitosegestoes.com.br\/portal\/ia-nas-prefeituras-do-plano-nacional-a-decisao-local-na-gestao-da-dengue\/","og_locale":"pt_BR","og_type":"article","og_title":"IA nas prefeituras: do plano nacional \u00e0 decis\u00e3o local na gest\u00e3o da dengue - Prefeitos &amp; Gest\u00f5es","og_description":"Com ado\u00e7\u00e3o ainda heterog\u00eanea nos munic\u00edpios, a intelig\u00eancia artificial deixa o campo das diretrizes e come\u00e7a a ganhar espa\u00e7o na tomada de decis\u00e3o local.","og_url":"https:\/\/prefeitosegestoes.com.br\/portal\/ia-nas-prefeituras-do-plano-nacional-a-decisao-local-na-gestao-da-dengue\/","og_site_name":"Prefeitos &amp; Gest\u00f5es","article_publisher":"https:\/\/www.facebook.com\/prefeitosonline","article_published_time":"2026-03-09T16:39:44+00:00","og_image":[{"width":1600,"height":1200,"url":"https:\/\/prefeitosegestoes.com.br\/portal\/wp-content\/uploads\/2026\/03\/Flyttr-integra-dados-e-IA-para-apoiar-decisoes-mais-seguras-Copia.jpeg","type":"image\/jpeg"}],"author":"Prefeitos &amp; Gest\u00f5es","twitter_card":"summary_large_image","twitter_creator":"@PrefGestoes","twitter_site":"@PrefGestoes","twitter_misc":{"Escrito por":"Prefeitos &amp; Gest\u00f5es","Est. tempo de leitura":"7 minutos"},"schema":{"@context":"https:\/\/schema.org","@graph":[{"@type":"Article","@id":"https:\/\/prefeitosegestoes.com.br\/portal\/ia-nas-prefeituras-do-plano-nacional-a-decisao-local-na-gestao-da-dengue\/#article","isPartOf":{"@id":"https:\/\/prefeitosegestoes.com.br\/portal\/ia-nas-prefeituras-do-plano-nacional-a-decisao-local-na-gestao-da-dengue\/"},"author":{"name":"Prefeitos &amp; Gest\u00f5es","@id":"https:\/\/prefeitosegestoes.com.br\/portal\/#\/schema\/person\/d00059f2ec99963e7e1850d448ae94b8"},"headline":"IA nas prefeituras: do plano nacional \u00e0 decis\u00e3o local na gest\u00e3o da dengue","datePublished":"2026-03-09T16:39:44+00:00","mainEntityOfPage":{"@id":"https:\/\/prefeitosegestoes.com.br\/portal\/ia-nas-prefeituras-do-plano-nacional-a-decisao-local-na-gestao-da-dengue\/"},"wordCount":1342,"commentCount":0,"publisher":{"@id":"https:\/\/prefeitosegestoes.com.br\/portal\/#organization"},"image":{"@id":"https:\/\/prefeitosegestoes.com.br\/portal\/ia-nas-prefeituras-do-plano-nacional-a-decisao-local-na-gestao-da-dengue\/#primaryimage"},"thumbnailUrl":"https:\/\/prefeitosegestoes.com.br\/portal\/wp-content\/uploads\/2026\/03\/Flyttr-integra-dados-e-IA-para-apoiar-decisoes-mais-seguras-Copia.jpeg","keywords":["Dengue","IA para o bem de todos","Plataforma Flyttr"],"articleSection":["Munic\u00edpios"],"inLanguage":"pt-BR","potentialAction":[{"@type":"CommentAction","name":"Comment","target":["https:\/\/prefeitosegestoes.com.br\/portal\/ia-nas-prefeituras-do-plano-nacional-a-decisao-local-na-gestao-da-dengue\/#respond"]}]},{"@type":"WebPage","@id":"https:\/\/prefeitosegestoes.com.br\/portal\/ia-nas-prefeituras-do-plano-nacional-a-decisao-local-na-gestao-da-dengue\/","url":"https:\/\/prefeitosegestoes.com.br\/portal\/ia-nas-prefeituras-do-plano-nacional-a-decisao-local-na-gestao-da-dengue\/","name":"IA nas prefeituras: do plano nacional \u00e0 decis\u00e3o local na gest\u00e3o da dengue - Prefeitos &amp; Gest\u00f5es","isPartOf":{"@id":"https:\/\/prefeitosegestoes.com.br\/portal\/#website"},"primaryImageOfPage":{"@id":"https:\/\/prefeitosegestoes.com.br\/portal\/ia-nas-prefeituras-do-plano-nacional-a-decisao-local-na-gestao-da-dengue\/#primaryimage"},"image":{"@id":"https:\/\/prefeitosegestoes.com.br\/portal\/ia-nas-prefeituras-do-plano-nacional-a-decisao-local-na-gestao-da-dengue\/#primaryimage"},"thumbnailUrl":"https:\/\/prefeitosegestoes.com.br\/portal\/wp-content\/uploads\/2026\/03\/Flyttr-integra-dados-e-IA-para-apoiar-decisoes-mais-seguras-Copia.jpeg","datePublished":"2026-03-09T16:39:44+00:00","description":"Com ado\u00e7\u00e3o ainda heterog\u00eanea nos munic\u00edpios, a intelig\u00eancia artificial deixa o campo das diretrizes e come\u00e7a a ganhar espa\u00e7o na tomada de decis\u00e3o local.","breadcrumb":{"@id":"https:\/\/prefeitosegestoes.com.br\/portal\/ia-nas-prefeituras-do-plano-nacional-a-decisao-local-na-gestao-da-dengue\/#breadcrumb"},"inLanguage":"pt-BR","potentialAction":[{"@type":"ReadAction","target":["https:\/\/prefeitosegestoes.com.br\/portal\/ia-nas-prefeituras-do-plano-nacional-a-decisao-local-na-gestao-da-dengue\/"]}]},{"@type":"ImageObject","inLanguage":"pt-BR","@id":"https:\/\/prefeitosegestoes.com.br\/portal\/ia-nas-prefeituras-do-plano-nacional-a-decisao-local-na-gestao-da-dengue\/#primaryimage","url":"https:\/\/prefeitosegestoes.com.br\/portal\/wp-content\/uploads\/2026\/03\/Flyttr-integra-dados-e-IA-para-apoiar-decisoes-mais-seguras-Copia.jpeg","contentUrl":"https:\/\/prefeitosegestoes.com.br\/portal\/wp-content\/uploads\/2026\/03\/Flyttr-integra-dados-e-IA-para-apoiar-decisoes-mais-seguras-Copia.jpeg","width":1600,"height":1200},{"@type":"BreadcrumbList","@id":"https:\/\/prefeitosegestoes.com.br\/portal\/ia-nas-prefeituras-do-plano-nacional-a-decisao-local-na-gestao-da-dengue\/#breadcrumb","itemListElement":[{"@type":"ListItem","position":1,"name":"In\u00edcio","item":"https:\/\/prefeitosegestoes.com.br\/portal\/"},{"@type":"ListItem","position":2,"name":"IA nas prefeituras: do plano nacional \u00e0 decis\u00e3o local na gest\u00e3o da dengue"}]},{"@type":"WebSite","@id":"https:\/\/prefeitosegestoes.com.br\/portal\/#website","url":"https:\/\/prefeitosegestoes.com.br\/portal\/","name":"Prefeitos & Gest\u00f5es","description":"","publisher":{"@id":"https:\/\/prefeitosegestoes.com.br\/portal\/#organization"},"potentialAction":[{"@type":"SearchAction","target":{"@type":"EntryPoint","urlTemplate":"https:\/\/prefeitosegestoes.com.br\/portal\/?s={search_term_string}"},"query-input":{"@type":"PropertyValueSpecification","valueRequired":true,"valueName":"search_term_string"}}],"inLanguage":"pt-BR"},{"@type":"Organization","@id":"https:\/\/prefeitosegestoes.com.br\/portal\/#organization","name":"Prefeitos & Gest\u00f5es","url":"https:\/\/prefeitosegestoes.com.br\/portal\/","logo":{"@type":"ImageObject","inLanguage":"pt-BR","@id":"https:\/\/prefeitosegestoes.com.br\/portal\/#\/schema\/logo\/image\/","url":"https:\/\/prefeitosegestoes.com.br\/portal\/wp-content\/uploads\/2024\/10\/lg_trans_prefeitos_2024_preto2.png","contentUrl":"https:\/\/prefeitosegestoes.com.br\/portal\/wp-content\/uploads\/2024\/10\/lg_trans_prefeitos_2024_preto2.png","width":199,"height":122,"caption":"Prefeitos & Gest\u00f5es"},"image":{"@id":"https:\/\/prefeitosegestoes.com.br\/portal\/#\/schema\/logo\/image\/"},"sameAs":["https:\/\/www.facebook.com\/prefeitosonline","https:\/\/x.com\/PrefGestoes"]},{"@type":"Person","@id":"https:\/\/prefeitosegestoes.com.br\/portal\/#\/schema\/person\/d00059f2ec99963e7e1850d448ae94b8","name":"Prefeitos &amp; Gest\u00f5es","image":{"@type":"ImageObject","inLanguage":"pt-BR","@id":"https:\/\/secure.gravatar.com\/avatar\/738fb281e479212ed32c1a21a4307dda9f3af9292edb6918a16c9ce9fff5f48d?s=96&d=mm&r=g","url":"https:\/\/secure.gravatar.com\/avatar\/738fb281e479212ed32c1a21a4307dda9f3af9292edb6918a16c9ce9fff5f48d?s=96&d=mm&r=g","contentUrl":"https:\/\/secure.gravatar.com\/avatar\/738fb281e479212ed32c1a21a4307dda9f3af9292edb6918a16c9ce9fff5f48d?s=96&d=mm&r=g","caption":"Prefeitos &amp; Gest\u00f5es"},"url":"https:\/\/prefeitosegestoes.com.br\/portal\/author\/prefeitosegestoes\/"}]}},"_links":{"self":[{"href":"https:\/\/prefeitosegestoes.com.br\/portal\/wp-json\/wp\/v2\/posts\/4306","targetHints":{"allow":["GET"]}}],"collection":[{"href":"https:\/\/prefeitosegestoes.com.br\/portal\/wp-json\/wp\/v2\/posts"}],"about":[{"href":"https:\/\/prefeitosegestoes.com.br\/portal\/wp-json\/wp\/v2\/types\/post"}],"author":[{"embeddable":true,"href":"https:\/\/prefeitosegestoes.com.br\/portal\/wp-json\/wp\/v2\/users\/2"}],"replies":[{"embeddable":true,"href":"https:\/\/prefeitosegestoes.com.br\/portal\/wp-json\/wp\/v2\/comments?post=4306"}],"version-history":[{"count":1,"href":"https:\/\/prefeitosegestoes.com.br\/portal\/wp-json\/wp\/v2\/posts\/4306\/revisions"}],"predecessor-version":[{"id":4308,"href":"https:\/\/prefeitosegestoes.com.br\/portal\/wp-json\/wp\/v2\/posts\/4306\/revisions\/4308"}],"wp:featuredmedia":[{"embeddable":true,"href":"https:\/\/prefeitosegestoes.com.br\/portal\/wp-json\/wp\/v2\/media\/4307"}],"wp:attachment":[{"href":"https:\/\/prefeitosegestoes.com.br\/portal\/wp-json\/wp\/v2\/media?parent=4306"}],"wp:term":[{"taxonomy":"category","embeddable":true,"href":"https:\/\/prefeitosegestoes.com.br\/portal\/wp-json\/wp\/v2\/categories?post=4306"},{"taxonomy":"post_tag","embeddable":true,"href":"https:\/\/prefeitosegestoes.com.br\/portal\/wp-json\/wp\/v2\/tags?post=4306"}],"curies":[{"name":"wp","href":"https:\/\/api.w.org\/{rel}","templated":true}]}}