{"id":4303,"date":"2026-03-09T13:28:43","date_gmt":"2026-03-09T16:28:43","guid":{"rendered":"https:\/\/prefeitosegestoes.com.br\/portal\/?p=4303"},"modified":"2026-03-10T05:30:00","modified_gmt":"2026-03-10T08:30:00","slug":"dengue-nao-desaparece-por-que-a-gestao-publica-ainda-trata-como-emergencia-o-que-deveria-ser-rotina","status":"publish","type":"post","link":"https:\/\/prefeitosegestoes.com.br\/portal\/dengue-nao-desaparece-por-que-a-gestao-publica-ainda-trata-como-emergencia-o-que-deveria-ser-rotina\/","title":{"rendered":"Dengue n\u00e3o desaparece: por que o combate precisa deixar de ser emergencial e se tornar rotina?"},"content":{"rendered":"<h6><em>Aedes do Bem PRO \u00e9 instalado para controle do mosquito<\/em><\/h6>\n<h2><em>Enquanto munic\u00edpios alternam entre crise e esquecimento, evid\u00eancias cient\u00edficas e experi\u00eancias municipais apontam para um modelo diferente \u2014 e mais eficiente \u2014 de enfrentar o Aedes aegypti.<\/em><\/h2>\n<p>Todo ano, o roteiro se repete. Com a chegada das chuvas, os casos sobem, as secretarias de sa\u00fade entram em alerta, os agentes s\u00e3o mobilizados em mutir\u00f5es, e a dengue domina a pauta pol\u00edtica local. Depois, com o inverno, o volume cai, o assunto some das reuni\u00f5es e os recursos se redistribuem. At\u00e9 o pr\u00f3ximo ver\u00e3o \u2014 quando o ciclo recome\u00e7a, muitas vezes mais grave do que o anterior.<\/p>\n<p>Esse modelo de gest\u00e3o reativa tem um custo alto \u2014 e mensur\u00e1vel. N\u00e3o apenas em vidas e interna\u00e7\u00f5es, mas em or\u00e7amento p\u00fablico. Um estudo publicado na revista cient\u00edfica <em>PLoS Neglected Tropical Diseases<\/em> estima que, em anos de maior incid\u00eancia, o impacto econ\u00f4mico da dengue no Brasil pode ultrapassar US$ 1 bilh\u00e3o \u2014 considerando atendimentos, hospitaliza\u00e7\u00f5es e perda de produtividade.<\/p>\n<p>Para o gestor municipal, isso se traduz em uma equa\u00e7\u00e3o conhecida: quanto maior a circula\u00e7\u00e3o do vetor, maior o risco de transmiss\u00e3o em larga escala e maior a press\u00e3o sobre a rede de sa\u00fade \u2014 com mais gastos emergenciais e menos recursos dispon\u00edveis para o que foi planejado.<\/p>\n<p><strong>Da emerg\u00eancia ao planejamento: uma mudan\u00e7a de l\u00f3gica<\/strong><\/p>\n<p>A Organiza\u00e7\u00e3o Mundial da Sa\u00fade n\u00e3o deixa margem para interpreta\u00e7\u00f5es: o plano <em>Global Vector Control Response 2017\u20132030<\/em> estabelece que programas sustent\u00e1veis de controle vetorial s\u00e3o essenciais para reduzir o risco de epidemias e fortalecer sistemas de sa\u00fade. N\u00e3o como resposta emergencial. Como pol\u00edtica permanente.<\/p>\n<p>Para gestores, a mudan\u00e7a de l\u00f3gica \u00e9 mais simples do que parece: controlar continuamente o mosquito tende a ser mais eficiente do que mobilizar estruturas emergenciais repetidas vezes. A quest\u00e3o n\u00e3o \u00e9 se o munic\u00edpio vai enfrentar a dengue. \u00c9 se vai faz\u00ea-lo no modo p\u00e2nico ou no modo planejamento.<\/p>\n<p>As ferramentas tradicionais \u2014 visitas domiciliares, campanhas educativas, elimina\u00e7\u00e3o de criadouros \u2014 continuam sendo pilares insubstitu\u00edveis. Mas enfrentam limites operacionais reais: im\u00f3veis fechados, resist\u00eancia crescente a inseticidas, alta capacidade de adapta\u00e7\u00e3o do <em>Aedes aegypti<\/em> ao ambiente urbano. Diante desse cen\u00e1rio, novas tecnologias passaram a integrar o portf\u00f3lio de estrat\u00e9gias dispon\u00edveis aos munic\u00edpios.<\/p>\n<p><strong>Tecnologia com evid\u00eancia: o caso de Indaiatuba<\/strong><\/p>\n<p>Entre as solu\u00e7\u00f5es que ganharam espa\u00e7o na gest\u00e3o p\u00fablica est\u00e1 o <strong>Aedes do Bem<\/strong>, tecnologia biol\u00f3gica de supress\u00e3o populacional do <em>Aedes aegypti<\/em>. O mecanismo \u00e9 preciso: mosquitos machos \u2014 que n\u00e3o picam nem transmitem doen\u00e7as \u2014 portadores de uma caracter\u00edstica autolimitante s\u00e3o liberados no ambiente. Ao acasalarem com as f\u00eameas locais, reduzem progressivamente a popula\u00e7\u00e3o respons\u00e1vel pela transmiss\u00e3o das arboviroses. A Comiss\u00e3o T\u00e9cnica Nacional de Biosseguran\u00e7a (CTNBio) classificou a tecnologia como um larvicida biol\u00f3gico f\u00eamea-espec\u00edfico, com efeito multigeracional e seguran\u00e7a comprovada para pessoas, animais e meio ambiente.<\/p>\n<p>Em Indaiatuba (SP), a aplica\u00e7\u00e3o da tecnologia entre 2018 e 2022 resultou na redu\u00e7\u00e3o de at\u00e9 96% da popula\u00e7\u00e3o do mosquito nas \u00e1reas tratadas. Os resultados, publicados na revista Frontiers in Bioengineering and Biotechnology, foram acompanhados por uma queda de 84% nos casos confirmados de dengue nas regi\u00f5es atendidas. Em novembro de 2025, antes do in\u00edcio de um novo ciclo sazonal, o munic\u00edpio retomou a aplica\u00e7\u00e3o \u2014 n\u00e3o como resposta a uma crise, mas como parte do calend\u00e1rio sanit\u00e1rio.<\/p>\n<p>\u00c9 exatamente esse deslocamento de tempo que interessa \u00e0 gest\u00e3o p\u00fablica: agir antes que a epidemia se instale, e n\u00e3o correr atr\u00e1s depois que ela j\u00e1 est\u00e1 em curso.<\/p>\n<p><strong>O que muda quando a dengue vira pol\u00edtica p\u00fablica permanente<\/strong><\/p>\n<p>Incorporar o controle vetorial \u00e0 rotina da gest\u00e3o municipal n\u00e3o \u00e9 apenas uma quest\u00e3o sanit\u00e1ria. \u00c9 tamb\u00e9m uma decis\u00e3o de efici\u00eancia or\u00e7ament\u00e1ria e de governan\u00e7a. Gestores que estruturam programas cont\u00ednuos de controle do <em>Aedes aegypti<\/em> ganham previsibilidade no planejamento, reduzem os custos emergenciais e diminuem o risco de crises que sobrecarregam UPAs, UBSs e hospitais p\u00fablicos \u2014 justamente quando a rede j\u00e1 est\u00e1 pressionada por outros fatores.<\/p>\n<p>A li\u00e7\u00e3o que come\u00e7a a emergir de experi\u00eancias como a de Indaiatuba \u00e9 direta: n\u00e3o existe boa gest\u00e3o de sa\u00fade p\u00fablica que trate uma amea\u00e7a c\u00edclica e previs\u00edvel como se fosse uma surpresa. A dengue volta todo ano. A pergunta que cada gestor municipal precisa responder \u00e9 se sua cidade vai estar pronta \u2014 ou vai improvisar mais uma vez.<\/p>\n<p><em>Para saber mais sobre o Aedes do Bem, acesse aedesdobem.com.br.<\/em><\/p>\n","protected":false},"excerpt":{"rendered":"<p>Aedes do Bem PRO \u00e9 instalado para controle do mosquito Enquanto munic\u00edpios alternam entre crise e esquecimento, evid\u00eancias cient\u00edficas e experi\u00eancias municipais apontam para um modelo diferente \u2014 e mais eficiente \u2014 de enfrentar o Aedes aegypti. Todo ano, o roteiro se repete. Com a chegada das chuvas, os casos sobem, as secretarias de sa\u00fade [&hellip;]<\/p>\n","protected":false},"author":2,"featured_media":4304,"comment_status":"open","ping_status":"open","sticky":false,"template":"","format":"standard","meta":{"rop_custom_images_group":[],"rop_custom_messages_group":[],"rop_publish_now":"initial","rop_publish_now_accounts":{"twitter_850042665852968960_850042665852968960":""},"rop_publish_now_history":[],"rop_publish_now_status":"pending","footnotes":""},"categories":[9],"tags":[407,886,415,950],"class_list":["post-4303","post","type-post","status-publish","format-standard","has-post-thumbnail","hentry","category-municipios","tag-aedes-aegypti","tag-aedes-do-bem","tag-dengue","tag-prefeitura-de-indaiatuba"],"yoast_head":"<!-- This site is optimized with the Yoast SEO plugin v27.2 - https:\/\/yoast.com\/product\/yoast-seo-wordpress\/ -->\n<title>Dengue n\u00e3o desaparece: por que o combate precisa deixar de ser emergencial e se tornar rotina? - Prefeitos &amp; Gest\u00f5es<\/title>\n<meta name=\"description\" content=\"Enquanto munic\u00edpios alternam entre crise e esquecimento, evid\u00eancias cient\u00edficas e experi\u00eancias municipais apontam para um modelo diferente \u2014 e mais eficiente \u2014 de enfrentar o Aedes aegypti.\" \/>\n<meta name=\"robots\" content=\"index, follow, max-snippet:-1, max-image-preview:large, max-video-preview:-1\" \/>\n<link rel=\"canonical\" href=\"https:\/\/prefeitosegestoes.com.br\/portal\/dengue-nao-desaparece-por-que-a-gestao-publica-ainda-trata-como-emergencia-o-que-deveria-ser-rotina\/\" \/>\n<meta property=\"og:locale\" content=\"pt_BR\" \/>\n<meta property=\"og:type\" content=\"article\" \/>\n<meta property=\"og:title\" content=\"Dengue n\u00e3o desaparece: por que o combate precisa deixar de ser emergencial e se tornar rotina? - Prefeitos &amp; Gest\u00f5es\" \/>\n<meta property=\"og:description\" content=\"Enquanto munic\u00edpios alternam entre crise e esquecimento, evid\u00eancias cient\u00edficas e experi\u00eancias municipais apontam para um modelo diferente \u2014 e mais eficiente \u2014 de enfrentar o Aedes aegypti.\" \/>\n<meta property=\"og:url\" content=\"https:\/\/prefeitosegestoes.com.br\/portal\/dengue-nao-desaparece-por-que-a-gestao-publica-ainda-trata-como-emergencia-o-que-deveria-ser-rotina\/\" \/>\n<meta property=\"og:site_name\" content=\"Prefeitos &amp; Gest\u00f5es\" \/>\n<meta property=\"article:publisher\" content=\"https:\/\/www.facebook.com\/prefeitosonline\" \/>\n<meta property=\"article:published_time\" content=\"2026-03-09T16:28:43+00:00\" \/>\n<meta property=\"article:modified_time\" content=\"2026-03-10T08:30:00+00:00\" \/>\n<meta property=\"og:image\" content=\"https:\/\/prefeitosegestoes.com.br\/portal\/wp-content\/uploads\/2026\/03\/Aedes-do-Bem-PRO-e-instalado-para-controle-do-mosquito-Copia-scaled.jpg\" \/>\n\t<meta property=\"og:image:width\" content=\"2560\" \/>\n\t<meta property=\"og:image:height\" content=\"1707\" \/>\n\t<meta property=\"og:image:type\" content=\"image\/jpeg\" \/>\n<meta name=\"author\" content=\"Prefeitos &amp; Gest\u00f5es\" \/>\n<meta name=\"twitter:card\" content=\"summary_large_image\" \/>\n<meta name=\"twitter:creator\" content=\"@PrefGestoes\" \/>\n<meta name=\"twitter:site\" content=\"@PrefGestoes\" \/>\n<meta name=\"twitter:label1\" content=\"Escrito por\" \/>\n\t<meta name=\"twitter:data1\" content=\"Prefeitos &amp; Gest\u00f5es\" \/>\n\t<meta name=\"twitter:label2\" content=\"Est. tempo de leitura\" \/>\n\t<meta name=\"twitter:data2\" content=\"5 minutos\" \/>\n<script type=\"application\/ld+json\" class=\"yoast-schema-graph\">{\"@context\":\"https:\/\/schema.org\",\"@graph\":[{\"@type\":\"Article\",\"@id\":\"https:\/\/prefeitosegestoes.com.br\/portal\/dengue-nao-desaparece-por-que-a-gestao-publica-ainda-trata-como-emergencia-o-que-deveria-ser-rotina\/#article\",\"isPartOf\":{\"@id\":\"https:\/\/prefeitosegestoes.com.br\/portal\/dengue-nao-desaparece-por-que-a-gestao-publica-ainda-trata-como-emergencia-o-que-deveria-ser-rotina\/\"},\"author\":{\"name\":\"Prefeitos &amp; Gest\u00f5es\",\"@id\":\"https:\/\/prefeitosegestoes.com.br\/portal\/#\/schema\/person\/d00059f2ec99963e7e1850d448ae94b8\"},\"headline\":\"Dengue n\u00e3o desaparece: por que o combate precisa deixar de ser emergencial e se tornar rotina?\",\"datePublished\":\"2026-03-09T16:28:43+00:00\",\"dateModified\":\"2026-03-10T08:30:00+00:00\",\"mainEntityOfPage\":{\"@id\":\"https:\/\/prefeitosegestoes.com.br\/portal\/dengue-nao-desaparece-por-que-a-gestao-publica-ainda-trata-como-emergencia-o-que-deveria-ser-rotina\/\"},\"wordCount\":821,\"commentCount\":0,\"publisher\":{\"@id\":\"https:\/\/prefeitosegestoes.com.br\/portal\/#organization\"},\"image\":{\"@id\":\"https:\/\/prefeitosegestoes.com.br\/portal\/dengue-nao-desaparece-por-que-a-gestao-publica-ainda-trata-como-emergencia-o-que-deveria-ser-rotina\/#primaryimage\"},\"thumbnailUrl\":\"https:\/\/prefeitosegestoes.com.br\/portal\/wp-content\/uploads\/2026\/03\/Aedes-do-Bem-PRO-e-instalado-para-controle-do-mosquito-Copia-scaled.jpg\",\"keywords\":[\"Aedes Aegypti\",\"Aedes do Bem\",\"Dengue\",\"Prefeitura de Indaiatuba\"],\"articleSection\":[\"Munic\u00edpios\"],\"inLanguage\":\"pt-BR\",\"potentialAction\":[{\"@type\":\"CommentAction\",\"name\":\"Comment\",\"target\":[\"https:\/\/prefeitosegestoes.com.br\/portal\/dengue-nao-desaparece-por-que-a-gestao-publica-ainda-trata-como-emergencia-o-que-deveria-ser-rotina\/#respond\"]}]},{\"@type\":\"WebPage\",\"@id\":\"https:\/\/prefeitosegestoes.com.br\/portal\/dengue-nao-desaparece-por-que-a-gestao-publica-ainda-trata-como-emergencia-o-que-deveria-ser-rotina\/\",\"url\":\"https:\/\/prefeitosegestoes.com.br\/portal\/dengue-nao-desaparece-por-que-a-gestao-publica-ainda-trata-como-emergencia-o-que-deveria-ser-rotina\/\",\"name\":\"Dengue n\u00e3o desaparece: por que o combate precisa deixar de ser emergencial e se tornar rotina? - Prefeitos &amp; Gest\u00f5es\",\"isPartOf\":{\"@id\":\"https:\/\/prefeitosegestoes.com.br\/portal\/#website\"},\"primaryImageOfPage\":{\"@id\":\"https:\/\/prefeitosegestoes.com.br\/portal\/dengue-nao-desaparece-por-que-a-gestao-publica-ainda-trata-como-emergencia-o-que-deveria-ser-rotina\/#primaryimage\"},\"image\":{\"@id\":\"https:\/\/prefeitosegestoes.com.br\/portal\/dengue-nao-desaparece-por-que-a-gestao-publica-ainda-trata-como-emergencia-o-que-deveria-ser-rotina\/#primaryimage\"},\"thumbnailUrl\":\"https:\/\/prefeitosegestoes.com.br\/portal\/wp-content\/uploads\/2026\/03\/Aedes-do-Bem-PRO-e-instalado-para-controle-do-mosquito-Copia-scaled.jpg\",\"datePublished\":\"2026-03-09T16:28:43+00:00\",\"dateModified\":\"2026-03-10T08:30:00+00:00\",\"description\":\"Enquanto munic\u00edpios alternam entre crise e esquecimento, evid\u00eancias cient\u00edficas e experi\u00eancias municipais apontam para um modelo diferente \u2014 e mais eficiente \u2014 de enfrentar o Aedes aegypti.\",\"breadcrumb\":{\"@id\":\"https:\/\/prefeitosegestoes.com.br\/portal\/dengue-nao-desaparece-por-que-a-gestao-publica-ainda-trata-como-emergencia-o-que-deveria-ser-rotina\/#breadcrumb\"},\"inLanguage\":\"pt-BR\",\"potentialAction\":[{\"@type\":\"ReadAction\",\"target\":[\"https:\/\/prefeitosegestoes.com.br\/portal\/dengue-nao-desaparece-por-que-a-gestao-publica-ainda-trata-como-emergencia-o-que-deveria-ser-rotina\/\"]}]},{\"@type\":\"ImageObject\",\"inLanguage\":\"pt-BR\",\"@id\":\"https:\/\/prefeitosegestoes.com.br\/portal\/dengue-nao-desaparece-por-que-a-gestao-publica-ainda-trata-como-emergencia-o-que-deveria-ser-rotina\/#primaryimage\",\"url\":\"https:\/\/prefeitosegestoes.com.br\/portal\/wp-content\/uploads\/2026\/03\/Aedes-do-Bem-PRO-e-instalado-para-controle-do-mosquito-Copia-scaled.jpg\",\"contentUrl\":\"https:\/\/prefeitosegestoes.com.br\/portal\/wp-content\/uploads\/2026\/03\/Aedes-do-Bem-PRO-e-instalado-para-controle-do-mosquito-Copia-scaled.jpg\",\"width\":2560,\"height\":1707},{\"@type\":\"BreadcrumbList\",\"@id\":\"https:\/\/prefeitosegestoes.com.br\/portal\/dengue-nao-desaparece-por-que-a-gestao-publica-ainda-trata-como-emergencia-o-que-deveria-ser-rotina\/#breadcrumb\",\"itemListElement\":[{\"@type\":\"ListItem\",\"position\":1,\"name\":\"In\u00edcio\",\"item\":\"https:\/\/prefeitosegestoes.com.br\/portal\/\"},{\"@type\":\"ListItem\",\"position\":2,\"name\":\"Dengue n\u00e3o desaparece: por que o combate precisa deixar de ser emergencial e se tornar rotina?\"}]},{\"@type\":\"WebSite\",\"@id\":\"https:\/\/prefeitosegestoes.com.br\/portal\/#website\",\"url\":\"https:\/\/prefeitosegestoes.com.br\/portal\/\",\"name\":\"Prefeitos & Gest\u00f5es\",\"description\":\"\",\"publisher\":{\"@id\":\"https:\/\/prefeitosegestoes.com.br\/portal\/#organization\"},\"potentialAction\":[{\"@type\":\"SearchAction\",\"target\":{\"@type\":\"EntryPoint\",\"urlTemplate\":\"https:\/\/prefeitosegestoes.com.br\/portal\/?s={search_term_string}\"},\"query-input\":{\"@type\":\"PropertyValueSpecification\",\"valueRequired\":true,\"valueName\":\"search_term_string\"}}],\"inLanguage\":\"pt-BR\"},{\"@type\":\"Organization\",\"@id\":\"https:\/\/prefeitosegestoes.com.br\/portal\/#organization\",\"name\":\"Prefeitos & Gest\u00f5es\",\"url\":\"https:\/\/prefeitosegestoes.com.br\/portal\/\",\"logo\":{\"@type\":\"ImageObject\",\"inLanguage\":\"pt-BR\",\"@id\":\"https:\/\/prefeitosegestoes.com.br\/portal\/#\/schema\/logo\/image\/\",\"url\":\"https:\/\/prefeitosegestoes.com.br\/portal\/wp-content\/uploads\/2024\/10\/lg_trans_prefeitos_2024_preto2.png\",\"contentUrl\":\"https:\/\/prefeitosegestoes.com.br\/portal\/wp-content\/uploads\/2024\/10\/lg_trans_prefeitos_2024_preto2.png\",\"width\":199,\"height\":122,\"caption\":\"Prefeitos & Gest\u00f5es\"},\"image\":{\"@id\":\"https:\/\/prefeitosegestoes.com.br\/portal\/#\/schema\/logo\/image\/\"},\"sameAs\":[\"https:\/\/www.facebook.com\/prefeitosonline\",\"https:\/\/x.com\/PrefGestoes\"]},{\"@type\":\"Person\",\"@id\":\"https:\/\/prefeitosegestoes.com.br\/portal\/#\/schema\/person\/d00059f2ec99963e7e1850d448ae94b8\",\"name\":\"Prefeitos &amp; Gest\u00f5es\",\"image\":{\"@type\":\"ImageObject\",\"inLanguage\":\"pt-BR\",\"@id\":\"https:\/\/secure.gravatar.com\/avatar\/738fb281e479212ed32c1a21a4307dda9f3af9292edb6918a16c9ce9fff5f48d?s=96&d=mm&r=g\",\"url\":\"https:\/\/secure.gravatar.com\/avatar\/738fb281e479212ed32c1a21a4307dda9f3af9292edb6918a16c9ce9fff5f48d?s=96&d=mm&r=g\",\"contentUrl\":\"https:\/\/secure.gravatar.com\/avatar\/738fb281e479212ed32c1a21a4307dda9f3af9292edb6918a16c9ce9fff5f48d?s=96&d=mm&r=g\",\"caption\":\"Prefeitos &amp; Gest\u00f5es\"},\"url\":\"https:\/\/prefeitosegestoes.com.br\/portal\/author\/prefeitosegestoes\/\"}]}<\/script>\n<!-- \/ Yoast SEO plugin. -->","yoast_head_json":{"title":"Dengue n\u00e3o desaparece: por que o combate precisa deixar de ser emergencial e se tornar rotina? - Prefeitos &amp; Gest\u00f5es","description":"Enquanto munic\u00edpios alternam entre crise e esquecimento, evid\u00eancias cient\u00edficas e experi\u00eancias municipais apontam para um modelo diferente \u2014 e mais eficiente \u2014 de enfrentar o Aedes aegypti.","robots":{"index":"index","follow":"follow","max-snippet":"max-snippet:-1","max-image-preview":"max-image-preview:large","max-video-preview":"max-video-preview:-1"},"canonical":"https:\/\/prefeitosegestoes.com.br\/portal\/dengue-nao-desaparece-por-que-a-gestao-publica-ainda-trata-como-emergencia-o-que-deveria-ser-rotina\/","og_locale":"pt_BR","og_type":"article","og_title":"Dengue n\u00e3o desaparece: por que o combate precisa deixar de ser emergencial e se tornar rotina? - Prefeitos &amp; Gest\u00f5es","og_description":"Enquanto munic\u00edpios alternam entre crise e esquecimento, evid\u00eancias cient\u00edficas e experi\u00eancias municipais apontam para um modelo diferente \u2014 e mais eficiente \u2014 de enfrentar o Aedes aegypti.","og_url":"https:\/\/prefeitosegestoes.com.br\/portal\/dengue-nao-desaparece-por-que-a-gestao-publica-ainda-trata-como-emergencia-o-que-deveria-ser-rotina\/","og_site_name":"Prefeitos &amp; Gest\u00f5es","article_publisher":"https:\/\/www.facebook.com\/prefeitosonline","article_published_time":"2026-03-09T16:28:43+00:00","article_modified_time":"2026-03-10T08:30:00+00:00","og_image":[{"width":2560,"height":1707,"url":"https:\/\/prefeitosegestoes.com.br\/portal\/wp-content\/uploads\/2026\/03\/Aedes-do-Bem-PRO-e-instalado-para-controle-do-mosquito-Copia-scaled.jpg","type":"image\/jpeg"}],"author":"Prefeitos &amp; Gest\u00f5es","twitter_card":"summary_large_image","twitter_creator":"@PrefGestoes","twitter_site":"@PrefGestoes","twitter_misc":{"Escrito por":"Prefeitos &amp; Gest\u00f5es","Est. tempo de leitura":"5 minutos"},"schema":{"@context":"https:\/\/schema.org","@graph":[{"@type":"Article","@id":"https:\/\/prefeitosegestoes.com.br\/portal\/dengue-nao-desaparece-por-que-a-gestao-publica-ainda-trata-como-emergencia-o-que-deveria-ser-rotina\/#article","isPartOf":{"@id":"https:\/\/prefeitosegestoes.com.br\/portal\/dengue-nao-desaparece-por-que-a-gestao-publica-ainda-trata-como-emergencia-o-que-deveria-ser-rotina\/"},"author":{"name":"Prefeitos &amp; Gest\u00f5es","@id":"https:\/\/prefeitosegestoes.com.br\/portal\/#\/schema\/person\/d00059f2ec99963e7e1850d448ae94b8"},"headline":"Dengue n\u00e3o desaparece: por que o combate precisa deixar de ser emergencial e se tornar rotina?","datePublished":"2026-03-09T16:28:43+00:00","dateModified":"2026-03-10T08:30:00+00:00","mainEntityOfPage":{"@id":"https:\/\/prefeitosegestoes.com.br\/portal\/dengue-nao-desaparece-por-que-a-gestao-publica-ainda-trata-como-emergencia-o-que-deveria-ser-rotina\/"},"wordCount":821,"commentCount":0,"publisher":{"@id":"https:\/\/prefeitosegestoes.com.br\/portal\/#organization"},"image":{"@id":"https:\/\/prefeitosegestoes.com.br\/portal\/dengue-nao-desaparece-por-que-a-gestao-publica-ainda-trata-como-emergencia-o-que-deveria-ser-rotina\/#primaryimage"},"thumbnailUrl":"https:\/\/prefeitosegestoes.com.br\/portal\/wp-content\/uploads\/2026\/03\/Aedes-do-Bem-PRO-e-instalado-para-controle-do-mosquito-Copia-scaled.jpg","keywords":["Aedes Aegypti","Aedes do Bem","Dengue","Prefeitura de Indaiatuba"],"articleSection":["Munic\u00edpios"],"inLanguage":"pt-BR","potentialAction":[{"@type":"CommentAction","name":"Comment","target":["https:\/\/prefeitosegestoes.com.br\/portal\/dengue-nao-desaparece-por-que-a-gestao-publica-ainda-trata-como-emergencia-o-que-deveria-ser-rotina\/#respond"]}]},{"@type":"WebPage","@id":"https:\/\/prefeitosegestoes.com.br\/portal\/dengue-nao-desaparece-por-que-a-gestao-publica-ainda-trata-como-emergencia-o-que-deveria-ser-rotina\/","url":"https:\/\/prefeitosegestoes.com.br\/portal\/dengue-nao-desaparece-por-que-a-gestao-publica-ainda-trata-como-emergencia-o-que-deveria-ser-rotina\/","name":"Dengue n\u00e3o desaparece: por que o combate precisa deixar de ser emergencial e se tornar rotina? - Prefeitos &amp; Gest\u00f5es","isPartOf":{"@id":"https:\/\/prefeitosegestoes.com.br\/portal\/#website"},"primaryImageOfPage":{"@id":"https:\/\/prefeitosegestoes.com.br\/portal\/dengue-nao-desaparece-por-que-a-gestao-publica-ainda-trata-como-emergencia-o-que-deveria-ser-rotina\/#primaryimage"},"image":{"@id":"https:\/\/prefeitosegestoes.com.br\/portal\/dengue-nao-desaparece-por-que-a-gestao-publica-ainda-trata-como-emergencia-o-que-deveria-ser-rotina\/#primaryimage"},"thumbnailUrl":"https:\/\/prefeitosegestoes.com.br\/portal\/wp-content\/uploads\/2026\/03\/Aedes-do-Bem-PRO-e-instalado-para-controle-do-mosquito-Copia-scaled.jpg","datePublished":"2026-03-09T16:28:43+00:00","dateModified":"2026-03-10T08:30:00+00:00","description":"Enquanto munic\u00edpios alternam entre crise e esquecimento, evid\u00eancias cient\u00edficas e experi\u00eancias municipais apontam para um modelo diferente \u2014 e mais eficiente \u2014 de enfrentar o Aedes aegypti.","breadcrumb":{"@id":"https:\/\/prefeitosegestoes.com.br\/portal\/dengue-nao-desaparece-por-que-a-gestao-publica-ainda-trata-como-emergencia-o-que-deveria-ser-rotina\/#breadcrumb"},"inLanguage":"pt-BR","potentialAction":[{"@type":"ReadAction","target":["https:\/\/prefeitosegestoes.com.br\/portal\/dengue-nao-desaparece-por-que-a-gestao-publica-ainda-trata-como-emergencia-o-que-deveria-ser-rotina\/"]}]},{"@type":"ImageObject","inLanguage":"pt-BR","@id":"https:\/\/prefeitosegestoes.com.br\/portal\/dengue-nao-desaparece-por-que-a-gestao-publica-ainda-trata-como-emergencia-o-que-deveria-ser-rotina\/#primaryimage","url":"https:\/\/prefeitosegestoes.com.br\/portal\/wp-content\/uploads\/2026\/03\/Aedes-do-Bem-PRO-e-instalado-para-controle-do-mosquito-Copia-scaled.jpg","contentUrl":"https:\/\/prefeitosegestoes.com.br\/portal\/wp-content\/uploads\/2026\/03\/Aedes-do-Bem-PRO-e-instalado-para-controle-do-mosquito-Copia-scaled.jpg","width":2560,"height":1707},{"@type":"BreadcrumbList","@id":"https:\/\/prefeitosegestoes.com.br\/portal\/dengue-nao-desaparece-por-que-a-gestao-publica-ainda-trata-como-emergencia-o-que-deveria-ser-rotina\/#breadcrumb","itemListElement":[{"@type":"ListItem","position":1,"name":"In\u00edcio","item":"https:\/\/prefeitosegestoes.com.br\/portal\/"},{"@type":"ListItem","position":2,"name":"Dengue n\u00e3o desaparece: por que o combate precisa deixar de ser emergencial e se tornar rotina?"}]},{"@type":"WebSite","@id":"https:\/\/prefeitosegestoes.com.br\/portal\/#website","url":"https:\/\/prefeitosegestoes.com.br\/portal\/","name":"Prefeitos & Gest\u00f5es","description":"","publisher":{"@id":"https:\/\/prefeitosegestoes.com.br\/portal\/#organization"},"potentialAction":[{"@type":"SearchAction","target":{"@type":"EntryPoint","urlTemplate":"https:\/\/prefeitosegestoes.com.br\/portal\/?s={search_term_string}"},"query-input":{"@type":"PropertyValueSpecification","valueRequired":true,"valueName":"search_term_string"}}],"inLanguage":"pt-BR"},{"@type":"Organization","@id":"https:\/\/prefeitosegestoes.com.br\/portal\/#organization","name":"Prefeitos & Gest\u00f5es","url":"https:\/\/prefeitosegestoes.com.br\/portal\/","logo":{"@type":"ImageObject","inLanguage":"pt-BR","@id":"https:\/\/prefeitosegestoes.com.br\/portal\/#\/schema\/logo\/image\/","url":"https:\/\/prefeitosegestoes.com.br\/portal\/wp-content\/uploads\/2024\/10\/lg_trans_prefeitos_2024_preto2.png","contentUrl":"https:\/\/prefeitosegestoes.com.br\/portal\/wp-content\/uploads\/2024\/10\/lg_trans_prefeitos_2024_preto2.png","width":199,"height":122,"caption":"Prefeitos & Gest\u00f5es"},"image":{"@id":"https:\/\/prefeitosegestoes.com.br\/portal\/#\/schema\/logo\/image\/"},"sameAs":["https:\/\/www.facebook.com\/prefeitosonline","https:\/\/x.com\/PrefGestoes"]},{"@type":"Person","@id":"https:\/\/prefeitosegestoes.com.br\/portal\/#\/schema\/person\/d00059f2ec99963e7e1850d448ae94b8","name":"Prefeitos &amp; Gest\u00f5es","image":{"@type":"ImageObject","inLanguage":"pt-BR","@id":"https:\/\/secure.gravatar.com\/avatar\/738fb281e479212ed32c1a21a4307dda9f3af9292edb6918a16c9ce9fff5f48d?s=96&d=mm&r=g","url":"https:\/\/secure.gravatar.com\/avatar\/738fb281e479212ed32c1a21a4307dda9f3af9292edb6918a16c9ce9fff5f48d?s=96&d=mm&r=g","contentUrl":"https:\/\/secure.gravatar.com\/avatar\/738fb281e479212ed32c1a21a4307dda9f3af9292edb6918a16c9ce9fff5f48d?s=96&d=mm&r=g","caption":"Prefeitos &amp; Gest\u00f5es"},"url":"https:\/\/prefeitosegestoes.com.br\/portal\/author\/prefeitosegestoes\/"}]}},"_links":{"self":[{"href":"https:\/\/prefeitosegestoes.com.br\/portal\/wp-json\/wp\/v2\/posts\/4303","targetHints":{"allow":["GET"]}}],"collection":[{"href":"https:\/\/prefeitosegestoes.com.br\/portal\/wp-json\/wp\/v2\/posts"}],"about":[{"href":"https:\/\/prefeitosegestoes.com.br\/portal\/wp-json\/wp\/v2\/types\/post"}],"author":[{"embeddable":true,"href":"https:\/\/prefeitosegestoes.com.br\/portal\/wp-json\/wp\/v2\/users\/2"}],"replies":[{"embeddable":true,"href":"https:\/\/prefeitosegestoes.com.br\/portal\/wp-json\/wp\/v2\/comments?post=4303"}],"version-history":[{"count":3,"href":"https:\/\/prefeitosegestoes.com.br\/portal\/wp-json\/wp\/v2\/posts\/4303\/revisions"}],"predecessor-version":[{"id":4310,"href":"https:\/\/prefeitosegestoes.com.br\/portal\/wp-json\/wp\/v2\/posts\/4303\/revisions\/4310"}],"wp:featuredmedia":[{"embeddable":true,"href":"https:\/\/prefeitosegestoes.com.br\/portal\/wp-json\/wp\/v2\/media\/4304"}],"wp:attachment":[{"href":"https:\/\/prefeitosegestoes.com.br\/portal\/wp-json\/wp\/v2\/media?parent=4303"}],"wp:term":[{"taxonomy":"category","embeddable":true,"href":"https:\/\/prefeitosegestoes.com.br\/portal\/wp-json\/wp\/v2\/categories?post=4303"},{"taxonomy":"post_tag","embeddable":true,"href":"https:\/\/prefeitosegestoes.com.br\/portal\/wp-json\/wp\/v2\/tags?post=4303"}],"curies":[{"name":"wp","href":"https:\/\/api.w.org\/{rel}","templated":true}]}}