{"id":4299,"date":"2026-03-06T11:03:17","date_gmt":"2026-03-06T14:03:17","guid":{"rendered":"https:\/\/prefeitosegestoes.com.br\/portal\/?p=4299"},"modified":"2026-03-06T11:03:17","modified_gmt":"2026-03-06T14:03:17","slug":"cabine-lilas-ajudou-mais-de-25-mil-mulheres-a-romper-o-ciclo-da-violencia-no-estado-de-sp","status":"publish","type":"post","link":"https:\/\/prefeitosegestoes.com.br\/portal\/cabine-lilas-ajudou-mais-de-25-mil-mulheres-a-romper-o-ciclo-da-violencia-no-estado-de-sp\/","title":{"rendered":"Cabine Lil\u00e1s ajudou mais de 25 mil mulheres a romper o ciclo da viol\u00eancia no estado de SP"},"content":{"rendered":"<div id=\"noticias-interna\" class=\"elementor-element elementor-element-c4536fa header-noticias-leitura e-flex e-con-boxed e-con e-parent e-lazyloaded\" data-id=\"c4536fa\" data-element_type=\"container\" data-settings=\"{&quot;_ha_eqh_enable&quot;:false}\">\n<div class=\"e-con-inner\">\n<div class=\"elementor-element elementor-element-4784657 elementor-widget__width-initial elementor-widget elementor-widget-theme-post-excerpt\" data-id=\"4784657\" data-element_type=\"widget\" data-widget_type=\"theme-post-excerpt.default\">\n<h6 class=\"elementor-widget-container\">Programa promove atendimento \u00e0 v\u00edtima e fornece orienta\u00e7\u00f5es sobre medidas protetivas, redes de abrigos, localiza\u00e7\u00e3o das Delegacias da Mulher e informa\u00e7\u00f5es sobre como agir nos casos de agress\u00e3o Foto: Divulga\u00e7\u00e3o\/Governo de SP<\/h6>\n<h2 class=\"elementor-widget-container\">No m\u00eas da mulher, Governo de S\u00e3o Paulo refor\u00e7a a rede de prote\u00e7\u00e3o \u00e0s v\u00edtimas de agress\u00e3o<\/h2>\n<\/div>\n<\/div>\n<\/div>\n<div class=\"elementor-element elementor-element-5c5279b noticias-content e-flex e-con-boxed e-con e-parent e-lazyloaded\" data-id=\"5c5279b\" data-element_type=\"container\" data-settings=\"{&quot;_ha_eqh_enable&quot;:false}\">\n<div class=\"e-con-inner\">\n<div class=\"elementor-element elementor-element-753696f legenda-fotos elementor-widget elementor-widget-text-editor\" data-id=\"753696f\" data-element_type=\"widget\" data-widget_type=\"text-editor.default\">\n<h2 class=\"elementor-widget-container\">Programa promove atendimento \u00e0 v\u00edtima e fornece orienta\u00e7\u00f5es sobre medidas protetivas, redes de abrigos, localiza\u00e7\u00e3o das Delegacias da Mulher e informa\u00e7\u00f5es sobre como agir nos casos de agress\u00e3o Foto: Divulga\u00e7\u00e3o\/Governo de SP<\/h2>\n<\/div>\n<div class=\"elementor-element elementor-element-cb76742 elementor-widget elementor-widget-post-info\" data-id=\"cb76742\" data-element_type=\"widget\" data-widget_type=\"post-info.default\">\n<div class=\"elementor-widget-container\">\n<ul class=\"elementor-inline-items elementor-icon-list-items elementor-post-info\">\n<li class=\"elementor-icon-list-item elementor-repeater-item-ca87380 elementor-inline-item\"><span class=\"elementor-icon-list-text elementor-post-info__item elementor-post-info__item--type-custom\">Ag\u00eancia SP<\/span><\/li>\n<\/ul>\n<\/div>\n<\/div>\n<div class=\"elementor-element elementor-element-8cc89f6 e-con-full e-flex e-con e-child\" data-id=\"8cc89f6\" data-element_type=\"container\" data-settings=\"{&quot;_ha_eqh_enable&quot;:false}\">\n<div class=\"elementor-element elementor-element-0b409b9 elementor-align-left data-atualizado elementor-widget elementor-widget-post-info\" data-id=\"0b409b9\" data-element_type=\"widget\" data-widget_type=\"post-info.default\">\n<div class=\"elementor-widget-container\">\n<ul class=\"elementor-inline-items elementor-icon-list-items elementor-post-info\">\n<li class=\"elementor-icon-list-item elementor-repeater-item-4b89d83 elementor-inline-item\"><span class=\"elementor-icon-list-text elementor-post-info__item elementor-post-info__item--type-date\"><span class=\"elementor-post-info__item-prefix\">Publicado em<\/span>\u00a0<time>06\/03\/2026 &#8211; 07:01<\/time><\/span><\/li>\n<\/ul>\n<\/div>\n<\/div>\n<div class=\"elementor-element elementor-element-d4b75ed data-atualizado elementor-widget elementor-widget-shortcode\" data-id=\"d4b75ed\" data-element_type=\"widget\" data-widget_type=\"shortcode.default\"><\/div>\n<\/div>\n<div class=\"elementor-element elementor-element-5a922b4 conteudo-post elementor-widget elementor-widget-theme-post-content\" data-id=\"5a922b4\" data-element_type=\"widget\" data-widget_type=\"theme-post-content.default\">\n<div class=\"elementor-widget-container\">\n<p>A Cabine Lil\u00e1s faz parte da rede de prote\u00e7\u00e3o disponibilizada pelo Governo de S\u00e3o Paulo para ajudar as v\u00edtimas de agress\u00e3o e, desde sua inaugura\u00e7\u00e3o, em 2024, j\u00e1 ajudou mais de 25 mil mulheres a interromperem o ciclo de viol\u00eancia.<\/p>\n<p>Acessado pela central 190 do Copom (Centro de Opera\u00e7\u00f5es da Pol\u00edcia Militar), o programa, que j\u00e1 foi ampliado para todo o interior do estado, promove o atendimento \u00e0 v\u00edtima e fornece orienta\u00e7\u00f5es de como obter medidas protetivas, as redes de abrigo na regi\u00e3o onde mora, a localiza\u00e7\u00e3o das Delegacias da Mulher e informa\u00e7\u00f5es sobre como agir nos casos de agress\u00e3o. As v\u00edtimas tamb\u00e9m s\u00e3o instru\u00eddas sobre assist\u00eancia jur\u00eddica gratuita, pens\u00e3o aliment\u00edcia e guarda do filho, al\u00e9m de atendimento \u00e0 sa\u00fade.<\/p>\n<p>A cabo PM Raianne Cavalcante faz parte da 1\u00aa turma treinada para o atendimento da Cabine Lil\u00e1s, em 2024, e esclarece que a subnotifica\u00e7\u00e3o dos casos sempre foi um problema para o trabalho policial, mas tem diminu\u00eddo muito com a abertura de novos servi\u00e7os pelo Governo de SP. \u201c\u00c9 a primeira orienta\u00e7\u00e3o que damos \u00e0s mulheres que foram agredidas, fa\u00e7am o registro da ocorr\u00eancia, seja em uma delegacia f\u00edsica, nas DDMs on-line ou pelo aplicativo SP Mulher Segura, que tem a mesma validade do boletim de ocorr\u00eancia feito diretamente na delegacia\u201d, esclareceu.<\/p>\n<p>Raianne explicou que as v\u00edtimas chegam muito fragilizadas, necessitando de acolhimento, e muitas vezes t\u00eam dificuldade em compreender que sofreram uma viol\u00eancia, porque\u00a0 s\u00f3 identificam isso quando existe a agress\u00e3o f\u00edsica. \u201cEsclarecemos que a viol\u00eancia pode ser psicol\u00f3gica, com amea\u00e7as, patrimonial, com o controle sobre a renda e as posses, e tamb\u00e9m moral, com xingamentos e ofensas\u201d, disse.<\/p>\n<p>H\u00e1 casos, ainda, onde a viol\u00eancia se estende aos filhos. \u201cTivemos um caso onde o pai agredia a m\u00e3e e dizia aos filhos menores que eles deveriam se acostumar com isso, que esse era o jeito dele e quem n\u00e3o quisesse aceitar podia pegar as coisas e ir para a\u00a0 rua. A mulher e as crian\u00e7as eram totalmente dependentes financeiramente dele e n\u00e3o sabiam o que fazer\u201d, disse. \u201cNosso trabalho na Cabine Lil\u00e1s \u00e9\u00a0 orientar, esclarecer o que ela deve fazer e ajud\u00e1-la a acionar os servi\u00e7os para cessar a viol\u00eancia e proteger toda a fam\u00edlia\u201d, disse.<\/p>\n<h2 class=\"wp-block-heading\"><strong>Rede Integrada<\/strong><\/h2>\n<p>Com o movimento SP Por Todas, o Governo de SP tem estruturado uma rede de pol\u00edticas p\u00fablicas inovadoras para enfrentar a viol\u00eancia dom\u00e9stica e garantir sa\u00fade e dignidade \u00e0s mulheres.<\/p>\n<p>Desde 2023, o Estado ampliou o alcance das a\u00e7\u00f5es integradas, fortaleceu a rede de prote\u00e7\u00e3o com mais Salas de Delegacias de Defesa da Mulher (DDMs) 24 horas, cria\u00e7\u00e3o da Cabine Lil\u00e1s e o tornozelamento de acusados de agress\u00e3o contra mulheres. Lan\u00e7ou ainda, em 2024, o aplicativo SP Mulher Segura, com informa\u00e7\u00f5es sobre acolhimento, registro de boletim de ocorr\u00eancia on-line e bot\u00e3o de p\u00e2nico, para os casos em que j\u00e1 existe medida protetiva,<\/p>\n<p>Como reflexo destas a\u00e7\u00f5es, o n\u00famero de pris\u00f5es realizadas pelas Delegacias de Defesa da Mulher (DDMS) no estado de S\u00e3o Paulo aumentou 30,2% no ano passado. Foram registradas 18,5 mil deten\u00e7\u00f5es em 2025, frente a 10,9 mil em 2024.<\/p>\n<p><strong>SP Por Todas<\/strong><\/p>\n<p>O SP Por Todas \u00e9 um movimento promovido pelo Governo do Estado de S\u00e3o Paulo para ampliar a visibilidade das pol\u00edticas p\u00fablicas para mulheres, bem como a rede de prote\u00e7\u00e3o, acolhimento e autonomia profissional e financeira para elas. Todas essas iniciativas e orienta\u00e7\u00f5es est\u00e3o agregadas no site:\u00a0<a role=\"link\" href=\"https:\/\/www.spportodas.sp.gov.br\/sp-por-todas\" target=\"_blank\" rel=\"noopener\">https:\/\/www.spportodas.sp.gov.br\/sp-por-todas<\/a>.<\/p>\n<p>Fonte: https:\/\/www.agenciasp.sp.gov.br\/<\/p>\n<\/div>\n<\/div>\n<\/div>\n<\/div>\n","protected":false},"excerpt":{"rendered":"<p>Programa promove atendimento \u00e0 v\u00edtima e fornece orienta\u00e7\u00f5es sobre medidas protetivas, redes de abrigos, localiza\u00e7\u00e3o das Delegacias da Mulher e informa\u00e7\u00f5es sobre como agir nos casos de agress\u00e3o Foto: Divulga\u00e7\u00e3o\/Governo de SP No m\u00eas da mulher, Governo de S\u00e3o Paulo refor\u00e7a a rede de prote\u00e7\u00e3o \u00e0s v\u00edtimas de agress\u00e3o Programa promove atendimento \u00e0 v\u00edtima e [&hellip;]<\/p>\n","protected":false},"author":2,"featured_media":4300,"comment_status":"open","ping_status":"open","sticky":false,"template":"","format":"standard","meta":{"rop_custom_images_group":[],"rop_custom_messages_group":[],"rop_publish_now":"initial","rop_publish_now_accounts":{"twitter_850042665852968960_850042665852968960":""},"rop_publish_now_history":[],"rop_publish_now_status":"pending","footnotes":""},"categories":[6],"tags":[949,946,948,947],"class_list":["post-4299","post","type-post","status-publish","format-standard","has-post-thumbnail","hentry","category-smart-city","tag-delegacia-da-mulher","tag-dia-da-mulher","tag-governo-do-estado-de-sao-paulo","tag-rede-integrada"],"yoast_head":"<!-- This site is optimized with the Yoast SEO plugin v27.2 - https:\/\/yoast.com\/product\/yoast-seo-wordpress\/ -->\n<title>Cabine Lil\u00e1s ajudou mais de 25 mil mulheres a romper o ciclo da viol\u00eancia no estado de SP - Prefeitos &amp; Gest\u00f5es<\/title>\n<meta name=\"description\" content=\"Acessado pela central 190 do Copom (Centro de Opera\u00e7\u00f5es da Pol\u00edcia Militar), o programa, que j\u00e1 foi ampliado para todo o interior do estado, promove o atendimento \u00e0 v\u00edtima e fornece orienta\u00e7\u00f5es de como obter medidas protetivas, as redes de abrigo na regi\u00e3o onde mora, a localiza\u00e7\u00e3o das Delegacias da Mulher e informa\u00e7\u00f5es sobre como agir nos casos de agress\u00e3o. As v\u00edtimas tamb\u00e9m s\u00e3o instru\u00eddas sobre assist\u00eancia jur\u00eddica gratuita, pens\u00e3o aliment\u00edcia e guarda do filho, al\u00e9m de atendimento \u00e0 sa\u00fade.\u00a0\" \/>\n<meta name=\"robots\" content=\"index, follow, max-snippet:-1, max-image-preview:large, max-video-preview:-1\" \/>\n<link rel=\"canonical\" href=\"https:\/\/prefeitosegestoes.com.br\/portal\/cabine-lilas-ajudou-mais-de-25-mil-mulheres-a-romper-o-ciclo-da-violencia-no-estado-de-sp\/\" \/>\n<meta property=\"og:locale\" content=\"pt_BR\" \/>\n<meta property=\"og:type\" content=\"article\" \/>\n<meta property=\"og:title\" content=\"Cabine Lil\u00e1s ajudou mais de 25 mil mulheres a romper o ciclo da viol\u00eancia no estado de SP - Prefeitos &amp; Gest\u00f5es\" \/>\n<meta property=\"og:description\" content=\"Acessado pela central 190 do Copom (Centro de Opera\u00e7\u00f5es da Pol\u00edcia Militar), o programa, que j\u00e1 foi ampliado para todo o interior do estado, promove o atendimento \u00e0 v\u00edtima e fornece orienta\u00e7\u00f5es de como obter medidas protetivas, as redes de abrigo na regi\u00e3o onde mora, a localiza\u00e7\u00e3o das Delegacias da Mulher e informa\u00e7\u00f5es sobre como agir nos casos de agress\u00e3o. As v\u00edtimas tamb\u00e9m s\u00e3o instru\u00eddas sobre assist\u00eancia jur\u00eddica gratuita, pens\u00e3o aliment\u00edcia e guarda do filho, al\u00e9m de atendimento \u00e0 sa\u00fade.\u00a0\" \/>\n<meta property=\"og:url\" content=\"https:\/\/prefeitosegestoes.com.br\/portal\/cabine-lilas-ajudou-mais-de-25-mil-mulheres-a-romper-o-ciclo-da-violencia-no-estado-de-sp\/\" \/>\n<meta property=\"og:site_name\" content=\"Prefeitos &amp; Gest\u00f5es\" \/>\n<meta property=\"article:publisher\" content=\"https:\/\/www.facebook.com\/prefeitosonline\" \/>\n<meta property=\"article:published_time\" content=\"2026-03-06T14:03:17+00:00\" \/>\n<meta property=\"og:image\" content=\"https:\/\/prefeitosegestoes.com.br\/portal\/wp-content\/uploads\/2026\/03\/Imagem-do-WhatsApp-de-2025-08-15-as-09.32.29_daf7fe39-1024x683-1.jpg\" \/>\n\t<meta property=\"og:image:width\" content=\"1024\" \/>\n\t<meta property=\"og:image:height\" content=\"683\" \/>\n\t<meta property=\"og:image:type\" content=\"image\/jpeg\" \/>\n<meta name=\"author\" content=\"Prefeitos &amp; Gest\u00f5es\" \/>\n<meta name=\"twitter:card\" content=\"summary_large_image\" \/>\n<meta name=\"twitter:creator\" content=\"@PrefGestoes\" \/>\n<meta name=\"twitter:site\" content=\"@PrefGestoes\" \/>\n<meta name=\"twitter:label1\" content=\"Escrito por\" \/>\n\t<meta name=\"twitter:data1\" content=\"Prefeitos &amp; Gest\u00f5es\" \/>\n\t<meta name=\"twitter:label2\" content=\"Est. tempo de leitura\" \/>\n\t<meta name=\"twitter:data2\" content=\"4 minutos\" \/>\n<script type=\"application\/ld+json\" class=\"yoast-schema-graph\">{\"@context\":\"https:\/\/schema.org\",\"@graph\":[{\"@type\":\"Article\",\"@id\":\"https:\/\/prefeitosegestoes.com.br\/portal\/cabine-lilas-ajudou-mais-de-25-mil-mulheres-a-romper-o-ciclo-da-violencia-no-estado-de-sp\/#article\",\"isPartOf\":{\"@id\":\"https:\/\/prefeitosegestoes.com.br\/portal\/cabine-lilas-ajudou-mais-de-25-mil-mulheres-a-romper-o-ciclo-da-violencia-no-estado-de-sp\/\"},\"author\":{\"name\":\"Prefeitos &amp; Gest\u00f5es\",\"@id\":\"https:\/\/prefeitosegestoes.com.br\/portal\/#\/schema\/person\/d00059f2ec99963e7e1850d448ae94b8\"},\"headline\":\"Cabine Lil\u00e1s ajudou mais de 25 mil mulheres a romper o ciclo da viol\u00eancia no estado de SP\",\"datePublished\":\"2026-03-06T14:03:17+00:00\",\"mainEntityOfPage\":{\"@id\":\"https:\/\/prefeitosegestoes.com.br\/portal\/cabine-lilas-ajudou-mais-de-25-mil-mulheres-a-romper-o-ciclo-da-violencia-no-estado-de-sp\/\"},\"wordCount\":759,\"commentCount\":0,\"publisher\":{\"@id\":\"https:\/\/prefeitosegestoes.com.br\/portal\/#organization\"},\"image\":{\"@id\":\"https:\/\/prefeitosegestoes.com.br\/portal\/cabine-lilas-ajudou-mais-de-25-mil-mulheres-a-romper-o-ciclo-da-violencia-no-estado-de-sp\/#primaryimage\"},\"thumbnailUrl\":\"https:\/\/prefeitosegestoes.com.br\/portal\/wp-content\/uploads\/2026\/03\/Imagem-do-WhatsApp-de-2025-08-15-as-09.32.29_daf7fe39-1024x683-1.jpg\",\"keywords\":[\"Delegacia da Mulher\",\"Dia da Mulher\",\"Governo do Estado de S\u00e3o Paulo\",\"Rede Integrada\"],\"articleSection\":[\"Smart City\"],\"inLanguage\":\"pt-BR\",\"potentialAction\":[{\"@type\":\"CommentAction\",\"name\":\"Comment\",\"target\":[\"https:\/\/prefeitosegestoes.com.br\/portal\/cabine-lilas-ajudou-mais-de-25-mil-mulheres-a-romper-o-ciclo-da-violencia-no-estado-de-sp\/#respond\"]}]},{\"@type\":\"WebPage\",\"@id\":\"https:\/\/prefeitosegestoes.com.br\/portal\/cabine-lilas-ajudou-mais-de-25-mil-mulheres-a-romper-o-ciclo-da-violencia-no-estado-de-sp\/\",\"url\":\"https:\/\/prefeitosegestoes.com.br\/portal\/cabine-lilas-ajudou-mais-de-25-mil-mulheres-a-romper-o-ciclo-da-violencia-no-estado-de-sp\/\",\"name\":\"Cabine Lil\u00e1s ajudou mais de 25 mil mulheres a romper o ciclo da viol\u00eancia no estado de SP - Prefeitos &amp; Gest\u00f5es\",\"isPartOf\":{\"@id\":\"https:\/\/prefeitosegestoes.com.br\/portal\/#website\"},\"primaryImageOfPage\":{\"@id\":\"https:\/\/prefeitosegestoes.com.br\/portal\/cabine-lilas-ajudou-mais-de-25-mil-mulheres-a-romper-o-ciclo-da-violencia-no-estado-de-sp\/#primaryimage\"},\"image\":{\"@id\":\"https:\/\/prefeitosegestoes.com.br\/portal\/cabine-lilas-ajudou-mais-de-25-mil-mulheres-a-romper-o-ciclo-da-violencia-no-estado-de-sp\/#primaryimage\"},\"thumbnailUrl\":\"https:\/\/prefeitosegestoes.com.br\/portal\/wp-content\/uploads\/2026\/03\/Imagem-do-WhatsApp-de-2025-08-15-as-09.32.29_daf7fe39-1024x683-1.jpg\",\"datePublished\":\"2026-03-06T14:03:17+00:00\",\"description\":\"Acessado pela central 190 do Copom (Centro de Opera\u00e7\u00f5es da Pol\u00edcia Militar), o programa, que j\u00e1 foi ampliado para todo o interior do estado, promove o atendimento \u00e0 v\u00edtima e fornece orienta\u00e7\u00f5es de como obter medidas protetivas, as redes de abrigo na regi\u00e3o onde mora, a localiza\u00e7\u00e3o das Delegacias da Mulher e informa\u00e7\u00f5es sobre como agir nos casos de agress\u00e3o. As v\u00edtimas tamb\u00e9m s\u00e3o instru\u00eddas sobre assist\u00eancia jur\u00eddica gratuita, pens\u00e3o aliment\u00edcia e guarda do filho, al\u00e9m de atendimento \u00e0 sa\u00fade.\u00a0\",\"breadcrumb\":{\"@id\":\"https:\/\/prefeitosegestoes.com.br\/portal\/cabine-lilas-ajudou-mais-de-25-mil-mulheres-a-romper-o-ciclo-da-violencia-no-estado-de-sp\/#breadcrumb\"},\"inLanguage\":\"pt-BR\",\"potentialAction\":[{\"@type\":\"ReadAction\",\"target\":[\"https:\/\/prefeitosegestoes.com.br\/portal\/cabine-lilas-ajudou-mais-de-25-mil-mulheres-a-romper-o-ciclo-da-violencia-no-estado-de-sp\/\"]}]},{\"@type\":\"ImageObject\",\"inLanguage\":\"pt-BR\",\"@id\":\"https:\/\/prefeitosegestoes.com.br\/portal\/cabine-lilas-ajudou-mais-de-25-mil-mulheres-a-romper-o-ciclo-da-violencia-no-estado-de-sp\/#primaryimage\",\"url\":\"https:\/\/prefeitosegestoes.com.br\/portal\/wp-content\/uploads\/2026\/03\/Imagem-do-WhatsApp-de-2025-08-15-as-09.32.29_daf7fe39-1024x683-1.jpg\",\"contentUrl\":\"https:\/\/prefeitosegestoes.com.br\/portal\/wp-content\/uploads\/2026\/03\/Imagem-do-WhatsApp-de-2025-08-15-as-09.32.29_daf7fe39-1024x683-1.jpg\",\"width\":1024,\"height\":683},{\"@type\":\"BreadcrumbList\",\"@id\":\"https:\/\/prefeitosegestoes.com.br\/portal\/cabine-lilas-ajudou-mais-de-25-mil-mulheres-a-romper-o-ciclo-da-violencia-no-estado-de-sp\/#breadcrumb\",\"itemListElement\":[{\"@type\":\"ListItem\",\"position\":1,\"name\":\"In\u00edcio\",\"item\":\"https:\/\/prefeitosegestoes.com.br\/portal\/\"},{\"@type\":\"ListItem\",\"position\":2,\"name\":\"Cabine Lil\u00e1s ajudou mais de 25 mil mulheres a romper o ciclo da viol\u00eancia no estado de SP\"}]},{\"@type\":\"WebSite\",\"@id\":\"https:\/\/prefeitosegestoes.com.br\/portal\/#website\",\"url\":\"https:\/\/prefeitosegestoes.com.br\/portal\/\",\"name\":\"Prefeitos & Gest\u00f5es\",\"description\":\"\",\"publisher\":{\"@id\":\"https:\/\/prefeitosegestoes.com.br\/portal\/#organization\"},\"potentialAction\":[{\"@type\":\"SearchAction\",\"target\":{\"@type\":\"EntryPoint\",\"urlTemplate\":\"https:\/\/prefeitosegestoes.com.br\/portal\/?s={search_term_string}\"},\"query-input\":{\"@type\":\"PropertyValueSpecification\",\"valueRequired\":true,\"valueName\":\"search_term_string\"}}],\"inLanguage\":\"pt-BR\"},{\"@type\":\"Organization\",\"@id\":\"https:\/\/prefeitosegestoes.com.br\/portal\/#organization\",\"name\":\"Prefeitos & Gest\u00f5es\",\"url\":\"https:\/\/prefeitosegestoes.com.br\/portal\/\",\"logo\":{\"@type\":\"ImageObject\",\"inLanguage\":\"pt-BR\",\"@id\":\"https:\/\/prefeitosegestoes.com.br\/portal\/#\/schema\/logo\/image\/\",\"url\":\"https:\/\/prefeitosegestoes.com.br\/portal\/wp-content\/uploads\/2024\/10\/lg_trans_prefeitos_2024_preto2.png\",\"contentUrl\":\"https:\/\/prefeitosegestoes.com.br\/portal\/wp-content\/uploads\/2024\/10\/lg_trans_prefeitos_2024_preto2.png\",\"width\":199,\"height\":122,\"caption\":\"Prefeitos & Gest\u00f5es\"},\"image\":{\"@id\":\"https:\/\/prefeitosegestoes.com.br\/portal\/#\/schema\/logo\/image\/\"},\"sameAs\":[\"https:\/\/www.facebook.com\/prefeitosonline\",\"https:\/\/x.com\/PrefGestoes\"]},{\"@type\":\"Person\",\"@id\":\"https:\/\/prefeitosegestoes.com.br\/portal\/#\/schema\/person\/d00059f2ec99963e7e1850d448ae94b8\",\"name\":\"Prefeitos &amp; Gest\u00f5es\",\"image\":{\"@type\":\"ImageObject\",\"inLanguage\":\"pt-BR\",\"@id\":\"https:\/\/secure.gravatar.com\/avatar\/738fb281e479212ed32c1a21a4307dda9f3af9292edb6918a16c9ce9fff5f48d?s=96&d=mm&r=g\",\"url\":\"https:\/\/secure.gravatar.com\/avatar\/738fb281e479212ed32c1a21a4307dda9f3af9292edb6918a16c9ce9fff5f48d?s=96&d=mm&r=g\",\"contentUrl\":\"https:\/\/secure.gravatar.com\/avatar\/738fb281e479212ed32c1a21a4307dda9f3af9292edb6918a16c9ce9fff5f48d?s=96&d=mm&r=g\",\"caption\":\"Prefeitos &amp; Gest\u00f5es\"},\"url\":\"https:\/\/prefeitosegestoes.com.br\/portal\/author\/prefeitosegestoes\/\"}]}<\/script>\n<!-- \/ Yoast SEO plugin. -->","yoast_head_json":{"title":"Cabine Lil\u00e1s ajudou mais de 25 mil mulheres a romper o ciclo da viol\u00eancia no estado de SP - Prefeitos &amp; Gest\u00f5es","description":"Acessado pela central 190 do Copom (Centro de Opera\u00e7\u00f5es da Pol\u00edcia Militar), o programa, que j\u00e1 foi ampliado para todo o interior do estado, promove o atendimento \u00e0 v\u00edtima e fornece orienta\u00e7\u00f5es de como obter medidas protetivas, as redes de abrigo na regi\u00e3o onde mora, a localiza\u00e7\u00e3o das Delegacias da Mulher e informa\u00e7\u00f5es sobre como agir nos casos de agress\u00e3o. As v\u00edtimas tamb\u00e9m s\u00e3o instru\u00eddas sobre assist\u00eancia jur\u00eddica gratuita, pens\u00e3o aliment\u00edcia e guarda do filho, al\u00e9m de atendimento \u00e0 sa\u00fade.\u00a0","robots":{"index":"index","follow":"follow","max-snippet":"max-snippet:-1","max-image-preview":"max-image-preview:large","max-video-preview":"max-video-preview:-1"},"canonical":"https:\/\/prefeitosegestoes.com.br\/portal\/cabine-lilas-ajudou-mais-de-25-mil-mulheres-a-romper-o-ciclo-da-violencia-no-estado-de-sp\/","og_locale":"pt_BR","og_type":"article","og_title":"Cabine Lil\u00e1s ajudou mais de 25 mil mulheres a romper o ciclo da viol\u00eancia no estado de SP - Prefeitos &amp; Gest\u00f5es","og_description":"Acessado pela central 190 do Copom (Centro de Opera\u00e7\u00f5es da Pol\u00edcia Militar), o programa, que j\u00e1 foi ampliado para todo o interior do estado, promove o atendimento \u00e0 v\u00edtima e fornece orienta\u00e7\u00f5es de como obter medidas protetivas, as redes de abrigo na regi\u00e3o onde mora, a localiza\u00e7\u00e3o das Delegacias da Mulher e informa\u00e7\u00f5es sobre como agir nos casos de agress\u00e3o. As v\u00edtimas tamb\u00e9m s\u00e3o instru\u00eddas sobre assist\u00eancia jur\u00eddica gratuita, pens\u00e3o aliment\u00edcia e guarda do filho, al\u00e9m de atendimento \u00e0 sa\u00fade.\u00a0","og_url":"https:\/\/prefeitosegestoes.com.br\/portal\/cabine-lilas-ajudou-mais-de-25-mil-mulheres-a-romper-o-ciclo-da-violencia-no-estado-de-sp\/","og_site_name":"Prefeitos &amp; Gest\u00f5es","article_publisher":"https:\/\/www.facebook.com\/prefeitosonline","article_published_time":"2026-03-06T14:03:17+00:00","og_image":[{"width":1024,"height":683,"url":"https:\/\/prefeitosegestoes.com.br\/portal\/wp-content\/uploads\/2026\/03\/Imagem-do-WhatsApp-de-2025-08-15-as-09.32.29_daf7fe39-1024x683-1.jpg","type":"image\/jpeg"}],"author":"Prefeitos &amp; Gest\u00f5es","twitter_card":"summary_large_image","twitter_creator":"@PrefGestoes","twitter_site":"@PrefGestoes","twitter_misc":{"Escrito por":"Prefeitos &amp; Gest\u00f5es","Est. tempo de leitura":"4 minutos"},"schema":{"@context":"https:\/\/schema.org","@graph":[{"@type":"Article","@id":"https:\/\/prefeitosegestoes.com.br\/portal\/cabine-lilas-ajudou-mais-de-25-mil-mulheres-a-romper-o-ciclo-da-violencia-no-estado-de-sp\/#article","isPartOf":{"@id":"https:\/\/prefeitosegestoes.com.br\/portal\/cabine-lilas-ajudou-mais-de-25-mil-mulheres-a-romper-o-ciclo-da-violencia-no-estado-de-sp\/"},"author":{"name":"Prefeitos &amp; Gest\u00f5es","@id":"https:\/\/prefeitosegestoes.com.br\/portal\/#\/schema\/person\/d00059f2ec99963e7e1850d448ae94b8"},"headline":"Cabine Lil\u00e1s ajudou mais de 25 mil mulheres a romper o ciclo da viol\u00eancia no estado de SP","datePublished":"2026-03-06T14:03:17+00:00","mainEntityOfPage":{"@id":"https:\/\/prefeitosegestoes.com.br\/portal\/cabine-lilas-ajudou-mais-de-25-mil-mulheres-a-romper-o-ciclo-da-violencia-no-estado-de-sp\/"},"wordCount":759,"commentCount":0,"publisher":{"@id":"https:\/\/prefeitosegestoes.com.br\/portal\/#organization"},"image":{"@id":"https:\/\/prefeitosegestoes.com.br\/portal\/cabine-lilas-ajudou-mais-de-25-mil-mulheres-a-romper-o-ciclo-da-violencia-no-estado-de-sp\/#primaryimage"},"thumbnailUrl":"https:\/\/prefeitosegestoes.com.br\/portal\/wp-content\/uploads\/2026\/03\/Imagem-do-WhatsApp-de-2025-08-15-as-09.32.29_daf7fe39-1024x683-1.jpg","keywords":["Delegacia da Mulher","Dia da Mulher","Governo do Estado de S\u00e3o Paulo","Rede Integrada"],"articleSection":["Smart City"],"inLanguage":"pt-BR","potentialAction":[{"@type":"CommentAction","name":"Comment","target":["https:\/\/prefeitosegestoes.com.br\/portal\/cabine-lilas-ajudou-mais-de-25-mil-mulheres-a-romper-o-ciclo-da-violencia-no-estado-de-sp\/#respond"]}]},{"@type":"WebPage","@id":"https:\/\/prefeitosegestoes.com.br\/portal\/cabine-lilas-ajudou-mais-de-25-mil-mulheres-a-romper-o-ciclo-da-violencia-no-estado-de-sp\/","url":"https:\/\/prefeitosegestoes.com.br\/portal\/cabine-lilas-ajudou-mais-de-25-mil-mulheres-a-romper-o-ciclo-da-violencia-no-estado-de-sp\/","name":"Cabine Lil\u00e1s ajudou mais de 25 mil mulheres a romper o ciclo da viol\u00eancia no estado de SP - Prefeitos &amp; Gest\u00f5es","isPartOf":{"@id":"https:\/\/prefeitosegestoes.com.br\/portal\/#website"},"primaryImageOfPage":{"@id":"https:\/\/prefeitosegestoes.com.br\/portal\/cabine-lilas-ajudou-mais-de-25-mil-mulheres-a-romper-o-ciclo-da-violencia-no-estado-de-sp\/#primaryimage"},"image":{"@id":"https:\/\/prefeitosegestoes.com.br\/portal\/cabine-lilas-ajudou-mais-de-25-mil-mulheres-a-romper-o-ciclo-da-violencia-no-estado-de-sp\/#primaryimage"},"thumbnailUrl":"https:\/\/prefeitosegestoes.com.br\/portal\/wp-content\/uploads\/2026\/03\/Imagem-do-WhatsApp-de-2025-08-15-as-09.32.29_daf7fe39-1024x683-1.jpg","datePublished":"2026-03-06T14:03:17+00:00","description":"Acessado pela central 190 do Copom (Centro de Opera\u00e7\u00f5es da Pol\u00edcia Militar), o programa, que j\u00e1 foi ampliado para todo o interior do estado, promove o atendimento \u00e0 v\u00edtima e fornece orienta\u00e7\u00f5es de como obter medidas protetivas, as redes de abrigo na regi\u00e3o onde mora, a localiza\u00e7\u00e3o das Delegacias da Mulher e informa\u00e7\u00f5es sobre como agir nos casos de agress\u00e3o. As v\u00edtimas tamb\u00e9m s\u00e3o instru\u00eddas sobre assist\u00eancia jur\u00eddica gratuita, pens\u00e3o aliment\u00edcia e guarda do filho, al\u00e9m de atendimento \u00e0 sa\u00fade.\u00a0","breadcrumb":{"@id":"https:\/\/prefeitosegestoes.com.br\/portal\/cabine-lilas-ajudou-mais-de-25-mil-mulheres-a-romper-o-ciclo-da-violencia-no-estado-de-sp\/#breadcrumb"},"inLanguage":"pt-BR","potentialAction":[{"@type":"ReadAction","target":["https:\/\/prefeitosegestoes.com.br\/portal\/cabine-lilas-ajudou-mais-de-25-mil-mulheres-a-romper-o-ciclo-da-violencia-no-estado-de-sp\/"]}]},{"@type":"ImageObject","inLanguage":"pt-BR","@id":"https:\/\/prefeitosegestoes.com.br\/portal\/cabine-lilas-ajudou-mais-de-25-mil-mulheres-a-romper-o-ciclo-da-violencia-no-estado-de-sp\/#primaryimage","url":"https:\/\/prefeitosegestoes.com.br\/portal\/wp-content\/uploads\/2026\/03\/Imagem-do-WhatsApp-de-2025-08-15-as-09.32.29_daf7fe39-1024x683-1.jpg","contentUrl":"https:\/\/prefeitosegestoes.com.br\/portal\/wp-content\/uploads\/2026\/03\/Imagem-do-WhatsApp-de-2025-08-15-as-09.32.29_daf7fe39-1024x683-1.jpg","width":1024,"height":683},{"@type":"BreadcrumbList","@id":"https:\/\/prefeitosegestoes.com.br\/portal\/cabine-lilas-ajudou-mais-de-25-mil-mulheres-a-romper-o-ciclo-da-violencia-no-estado-de-sp\/#breadcrumb","itemListElement":[{"@type":"ListItem","position":1,"name":"In\u00edcio","item":"https:\/\/prefeitosegestoes.com.br\/portal\/"},{"@type":"ListItem","position":2,"name":"Cabine Lil\u00e1s ajudou mais de 25 mil mulheres a romper o ciclo da viol\u00eancia no estado de SP"}]},{"@type":"WebSite","@id":"https:\/\/prefeitosegestoes.com.br\/portal\/#website","url":"https:\/\/prefeitosegestoes.com.br\/portal\/","name":"Prefeitos & Gest\u00f5es","description":"","publisher":{"@id":"https:\/\/prefeitosegestoes.com.br\/portal\/#organization"},"potentialAction":[{"@type":"SearchAction","target":{"@type":"EntryPoint","urlTemplate":"https:\/\/prefeitosegestoes.com.br\/portal\/?s={search_term_string}"},"query-input":{"@type":"PropertyValueSpecification","valueRequired":true,"valueName":"search_term_string"}}],"inLanguage":"pt-BR"},{"@type":"Organization","@id":"https:\/\/prefeitosegestoes.com.br\/portal\/#organization","name":"Prefeitos & Gest\u00f5es","url":"https:\/\/prefeitosegestoes.com.br\/portal\/","logo":{"@type":"ImageObject","inLanguage":"pt-BR","@id":"https:\/\/prefeitosegestoes.com.br\/portal\/#\/schema\/logo\/image\/","url":"https:\/\/prefeitosegestoes.com.br\/portal\/wp-content\/uploads\/2024\/10\/lg_trans_prefeitos_2024_preto2.png","contentUrl":"https:\/\/prefeitosegestoes.com.br\/portal\/wp-content\/uploads\/2024\/10\/lg_trans_prefeitos_2024_preto2.png","width":199,"height":122,"caption":"Prefeitos & Gest\u00f5es"},"image":{"@id":"https:\/\/prefeitosegestoes.com.br\/portal\/#\/schema\/logo\/image\/"},"sameAs":["https:\/\/www.facebook.com\/prefeitosonline","https:\/\/x.com\/PrefGestoes"]},{"@type":"Person","@id":"https:\/\/prefeitosegestoes.com.br\/portal\/#\/schema\/person\/d00059f2ec99963e7e1850d448ae94b8","name":"Prefeitos &amp; Gest\u00f5es","image":{"@type":"ImageObject","inLanguage":"pt-BR","@id":"https:\/\/secure.gravatar.com\/avatar\/738fb281e479212ed32c1a21a4307dda9f3af9292edb6918a16c9ce9fff5f48d?s=96&d=mm&r=g","url":"https:\/\/secure.gravatar.com\/avatar\/738fb281e479212ed32c1a21a4307dda9f3af9292edb6918a16c9ce9fff5f48d?s=96&d=mm&r=g","contentUrl":"https:\/\/secure.gravatar.com\/avatar\/738fb281e479212ed32c1a21a4307dda9f3af9292edb6918a16c9ce9fff5f48d?s=96&d=mm&r=g","caption":"Prefeitos &amp; Gest\u00f5es"},"url":"https:\/\/prefeitosegestoes.com.br\/portal\/author\/prefeitosegestoes\/"}]}},"_links":{"self":[{"href":"https:\/\/prefeitosegestoes.com.br\/portal\/wp-json\/wp\/v2\/posts\/4299","targetHints":{"allow":["GET"]}}],"collection":[{"href":"https:\/\/prefeitosegestoes.com.br\/portal\/wp-json\/wp\/v2\/posts"}],"about":[{"href":"https:\/\/prefeitosegestoes.com.br\/portal\/wp-json\/wp\/v2\/types\/post"}],"author":[{"embeddable":true,"href":"https:\/\/prefeitosegestoes.com.br\/portal\/wp-json\/wp\/v2\/users\/2"}],"replies":[{"embeddable":true,"href":"https:\/\/prefeitosegestoes.com.br\/portal\/wp-json\/wp\/v2\/comments?post=4299"}],"version-history":[{"count":1,"href":"https:\/\/prefeitosegestoes.com.br\/portal\/wp-json\/wp\/v2\/posts\/4299\/revisions"}],"predecessor-version":[{"id":4301,"href":"https:\/\/prefeitosegestoes.com.br\/portal\/wp-json\/wp\/v2\/posts\/4299\/revisions\/4301"}],"wp:featuredmedia":[{"embeddable":true,"href":"https:\/\/prefeitosegestoes.com.br\/portal\/wp-json\/wp\/v2\/media\/4300"}],"wp:attachment":[{"href":"https:\/\/prefeitosegestoes.com.br\/portal\/wp-json\/wp\/v2\/media?parent=4299"}],"wp:term":[{"taxonomy":"category","embeddable":true,"href":"https:\/\/prefeitosegestoes.com.br\/portal\/wp-json\/wp\/v2\/categories?post=4299"},{"taxonomy":"post_tag","embeddable":true,"href":"https:\/\/prefeitosegestoes.com.br\/portal\/wp-json\/wp\/v2\/tags?post=4299"}],"curies":[{"name":"wp","href":"https:\/\/api.w.org\/{rel}","templated":true}]}}