{"id":4292,"date":"2026-03-06T10:28:29","date_gmt":"2026-03-06T13:28:29","guid":{"rendered":"https:\/\/prefeitosegestoes.com.br\/portal\/?p=4292"},"modified":"2026-03-06T10:28:29","modified_gmt":"2026-03-06T13:28:29","slug":"supermercados-falam-em-remedios-mais-baratos-apos-aprovacao-de-lei-farmacias-contestam","status":"publish","type":"post","link":"https:\/\/prefeitosegestoes.com.br\/portal\/supermercados-falam-em-remedios-mais-baratos-apos-aprovacao-de-lei-farmacias-contestam\/","title":{"rendered":"Supermercados falam em rem\u00e9dios mais baratos ap\u00f3s aprova\u00e7\u00e3o de lei; farm\u00e1cias contestam"},"content":{"rendered":"<h6>Foto: Jo\u00e9dson Alves\/Ag\u00eancia\u00a0Brasil<\/h6>\n<h2>Ind\u00fastria farmac\u00eautica lembra que pre\u00e7o do produto \u00e9 controlado e margem de negocia\u00e7\u00e3o, limitada<\/h2>\n<p><a href=\"https:\/\/www1.folha.uol.com.br\/autores\/daniele-madureira.shtml\"><strong>Daniele Madureira<\/strong><\/a><\/p>\n<p><strong>S\u00e3o Paulo<\/strong><\/p>\n<p>Assa\u00ed planeja implantar 25 pontos de venda de medicamentos em atacarejos no estado de S\u00e3o Paulo no segundo semestre<\/p>\n<p>A aprova\u00e7\u00e3o do projeto de lei que\u00a0<a href=\"https:\/\/www1.folha.uol.com.br\/mercado\/2026\/03\/camara-aprova-venda-de-remedios-em-supermercados.shtml\">permite a venda de medicamentos por parte do varejo alimentar<\/a>\u00a0vem com a promessa de pre\u00e7os mais baixos por parte dos supermercadistas. A medida, aprovada nesta segunda (2) pela C\u00e2mara dos Deputados, ainda depende de san\u00e7\u00e3o presidencial, mas j\u00e1 foi\u00a0<a href=\"https:\/\/www1.folha.uol.com.br\/colunas\/painelsa\/2025\/08\/padilha-grava-video-em-que-defende-farmacia-em-supermercados.shtml\">defendida pelo ministro da Sa\u00fade, Alexandre Padilha<\/a>.<\/p>\n<p>O assunto foi alvo de uma\u00a0<a href=\"https:\/\/www1.folha.uol.com.br\/mercado\/2025\/10\/associacao-de-farmacias-vai-ao-cade-contra-investida-do-mercado-livre-para-vender-remedio.shtml\">intensa queda de bra\u00e7o entre os varejistas<\/a>\u00a0do segmento alimentar e farmac\u00eautico no ano passado. Do lado dos supermercados, a Abras (Associa\u00e7\u00e3o Brasileira de Supermercados) afirma que a medida aumenta a concorr\u00eancia no setor e &#8220;pressiona pre\u00e7os para baixo&#8221;.<\/p>\n<p>A Abrafarma (Associa\u00e7\u00e3o Brasileira das Redes de Farm\u00e1cias e Drogarias), que re\u00fane as maiores redes do\u00a0<a href=\"https:\/\/www1.folha.uol.com.br\/folha-topicos\/varejo\/\">varejo<\/a>\u00a0farmac\u00eautico do pa\u00eds, por sua vez, duvida que haja desconto nesses produtos nos supermercados, uma vez que o pre\u00e7o dos rem\u00e9dios \u00e9 controlado pelo governo.<\/p>\n<div class=\"c-image-aspect-ratio c-image-aspect-ratio--3x2\"><img fetchpriority=\"high\" decoding=\"async\" class=\"alignnone  wp-image-4293\" src=\"https:\/\/prefeitosegestoes.com.br\/portal\/wp-content\/uploads\/2026\/03\/16498602136256de75ba234_1649860213_3x2_xl-300x200.jpg\" alt=\"\" width=\"488\" height=\"325\" srcset=\"https:\/\/prefeitosegestoes.com.br\/portal\/wp-content\/uploads\/2026\/03\/16498602136256de75ba234_1649860213_3x2_xl-300x200.jpg 300w, https:\/\/prefeitosegestoes.com.br\/portal\/wp-content\/uploads\/2026\/03\/16498602136256de75ba234_1649860213_3x2_xl-1024x683.jpg 1024w, https:\/\/prefeitosegestoes.com.br\/portal\/wp-content\/uploads\/2026\/03\/16498602136256de75ba234_1649860213_3x2_xl-768x512.jpg 768w, https:\/\/prefeitosegestoes.com.br\/portal\/wp-content\/uploads\/2026\/03\/16498602136256de75ba234_1649860213_3x2_xl.jpg 1200w\" sizes=\"(max-width: 488px) 100vw, 488px\" \/><\/div>\n<p><em>Loja do Assa\u00ed no bairro Aricanduva, zona leste de S\u00e3o Paulo: rede vai implantar 25 farm\u00e1cias dentro de atacarejos a partir do segundo semestre &#8211;\u00a0<span class=\"widget-image__credits\">Rubens Cavallari 12.abr.22\/Folhapress<\/span><\/em><\/p>\n<p>Loja do Assa\u00ed no bairro Aricanduva, zona leste de S\u00e3o Paulo: rede vai implantar 25 farm\u00e1cias dentro de atacarejos a partir do segundo semestre &#8211;\u00a0Rubens Cavallari 12.abr.22\/Folhapress<\/p>\n<p>No cerne da disputa, um mercado de R$ 227 bilh\u00f5es em medicamentos, que cresceu 12% no ano passado, fazendo do Brasil o 8\u00ba maior mercado no ranking mundial. Desse total, 65% s\u00e3o do varejo farmac\u00eautico (medicamentos vendidos em farm\u00e1cias) e 35% s\u00e3o do segmento institucional (servi\u00e7os p\u00fablicos, hospitais e cl\u00ednicas), segundo o Sindusfarma (Sindicato da Ind\u00fastria de Produtos Farmac\u00eauticos).<\/p>\n<p>&#8220;Eu n\u00e3o acho que v\u00e1 ter grandes diferen\u00e7as de pre\u00e7o&#8221;, diz Nelson Mussolini, presidente do Sindusfarma, que re\u00fane grandes fabricantes como Bayer, Pfizer, AstraZeneca, Ach\u00e9, Lilly e EMS. &#8220;Se o varejista tem estoque, por exemplo, antes do aumento de pre\u00e7os, vai oferecer um valor vantajoso para o cliente. Mas no Brasil quem define pre\u00e7o \u00e9 o governo. \u00c9 diferente de pneu ou qualquer outro bem de consumo.&#8221;<\/p>\n<p>No Brasil, a Anvisa (Ag\u00eancia Nacional de Vigil\u00e2ncia Sanit\u00e1ria) determina que as farm\u00e1cias n\u00e3o cobrem pre\u00e7os acima do permitido pela CMED (C\u00e2mara de Regula\u00e7\u00e3o do Mercado de Medicamentos). A lista \u00e9 atualizada mensalmente com o pre\u00e7o f\u00e1brica e o pre\u00e7o m\u00e1ximo ao consumidor para incluir novos produtos, apresenta\u00e7\u00f5es ou ajustes pontuais. O aumento geral dos medicamentos ocorre uma vez ao ano, a partir de 1\u00ba de abril.<\/p>\n<p>Em entrevista \u00e0\u00a0<strong>Folha<\/strong>\u00a0no ano passado, o\u00a0<a href=\"https:\/\/www1.folha.uol.com.br\/mercado\/2025\/03\/podemos-ter-preco-tao-bom-em-remedio-quanto-em-pneu-diz-presidente-do-assai-veja-video.shtml\">CEO do Assa\u00ed, Belmiro Gomes,<\/a>\u00a0afirmou que, assim como a rede se tornou l\u00edder na revenda de pneus, poderia repetir o feito com medicamentos. &#8220;Como atacarejo, \u00e9 muito prov\u00e1vel que conseguir\u00edamos reduzir muito o pre\u00e7o dessa categoria, assim como hoje somos um dos maiores revendedores de pneus do pa\u00eds&#8221;, disse, \u00e0 \u00e9poca. O executivo n\u00e3o foi encontrado para comentar o assunto.<\/p>\n<p>Segundo maior varejista do Brasil, depois do Carrefour, o Assa\u00ed \u00e9 uma das redes mais animadas a implantar farm\u00e1cias dentro de suas lojas. Ser\u00e3o 25 unidades criadas j\u00e1 a partir do segundo semestre no estado de S\u00e3o Paulo. A ideia \u00e9 equipar os espa\u00e7os com um &#8220;sortimento completo de medicamentos&#8221;, acompanhado de um farmac\u00eautico, como determina a nova legisla\u00e7\u00e3o, informou a rede por meio da sua assessoria de imprensa.<\/p>\n<p>Na opini\u00e3o do consultor Alberto Serrentino, s\u00f3cio da Varese Retail, os medicamentos podem se tornar uma receita relevante para os supermercados, mas apenas nas grandes redes. &#8220;A legisla\u00e7\u00e3o exige que voc\u00ea monte uma farm\u00e1cia dentro da loja. Isso envolve custos, riscos e um novo perfil de profissional, o farmac\u00eautico. N\u00e3o \u00e9 uma opera\u00e7\u00e3o simples&#8221;, diz ele, lembrando que \u00e9 preciso ter um fluxo de clientes que justifique essa escolha.<\/p>\n<p>De acordo com o PL 2158\/23, o supermercado pode montar uma farm\u00e1cia dentro da loja ou licenci\u00e1-la. \u00c9 obrigat\u00f3ria a presen\u00e7a de farmac\u00eauticos profissionais durante todo o per\u00edodo de funcionamento do espa\u00e7o, cuja estrutura deve estar separada fisicamente do supermercado. A farm\u00e1cia precisa ter um local para recebimento e armazenamento de produtos, al\u00e9m de controlar temperatura, ventila\u00e7\u00e3o, ilumina\u00e7\u00e3o e umidade. \u00c9 proibida a exposi\u00e7\u00e3o de medicamentos em g\u00f4ndolas fora da farm\u00e1cia.<\/p>\n<p>Em caso de medicamentos com reten\u00e7\u00e3o de receita m\u00e9dica, o produto s\u00f3 pode ser transportado do balc\u00e3o da drogaria at\u00e9 o local de pagamento em embalagem lacrada. Os supermercados poder\u00e3o, por\u00e9m, contratar canais digitais e plataformas de com\u00e9rcio eletr\u00f4nico para venda ao consumidor.<\/p>\n<p>Para Serrentino, \u00e9 claro que ter uma farm\u00e1cia na loja agrega conveni\u00eancia, \u00e9 mais um servi\u00e7o para a clientela. &#8220;Mas as grandes redes de farm\u00e1cias j\u00e1 s\u00e3o bastante competitivas, buscam a fidelidade do consumidor por meio de servi\u00e7os de\u00a0<a href=\"https:\/\/www1.folha.uol.com.br\/folha-topicos\/saude\/\">sa\u00fade<\/a>\u00a0e do atendimento especializado. N\u00e3o \u00e9 uma briga f\u00e1cil&#8221;, diz o especialista, que descarta qualquer guerra de pre\u00e7os entre varejo alimentar e farmac\u00eautico.<\/p>\n<p>Os laborat\u00f3rios costumam conceder descontos a pacientes cadastrados, ap\u00f3s negocia\u00e7\u00e3o com o varejo. Mas esses pre\u00e7os costumam variar pouco de uma farm\u00e1cia a outra.<\/p>\n<p>Na opini\u00e3o de Sergio Mena Barreto, presidente da Abrafarma, que re\u00fane as 26 maiores redes de farm\u00e1cias do pa\u00eds, os grandes laborat\u00f3rios n\u00e3o v\u00e3o querer se indispor com o setor, que responde pela maior capilaridade da ind\u00fastria. &#8220;Apenas as associadas da Abrafarma somam 11,7 mil pontos de venda&#8221;, diz o executivo. &#8220;Se fizerem um pre\u00e7o menor para supermercados, ter\u00e3o que fazer para as farm\u00e1cias tamb\u00e9m.&#8221;<\/p>\n<p>Em contrapartida, as 30 maiores varejistas do pa\u00eds somam menos de 4.500 lojas, de acordo com o \u00faltimo ranking Abras \u2014e em apenas uma parte delas caberia a montagem de uma farm\u00e1cia dentro do supermercado.<\/p>\n<p>&#8220;Para pre\u00e7os mais justos, \u00e9 necess\u00e1rio alterar as regras sobre o tema&#8221;, diz Marina Paullelli, coordenadora do programa de sa\u00fade do Idec (Instituto de Defesa de Consumidores). &#8220;Medicamento n\u00e3o \u00e9 um produto qualquer. Por isso, sua comercializa\u00e7\u00e3o e acesso devem ser organizados a partir de pol\u00edticas com foco na sa\u00fade p\u00fablica&#8221;, afirma a especialista.<\/p>\n<p>Fonte: https: www1.folha.uol.com.br<\/p>\n","protected":false},"excerpt":{"rendered":"<p>Foto: Jo\u00e9dson Alves\/Ag\u00eancia\u00a0Brasil Ind\u00fastria farmac\u00eautica lembra que pre\u00e7o do produto \u00e9 controlado e margem de negocia\u00e7\u00e3o, limitada Daniele Madureira S\u00e3o Paulo Assa\u00ed planeja implantar 25 pontos de venda de medicamentos em atacarejos no estado de S\u00e3o Paulo no segundo semestre A aprova\u00e7\u00e3o do projeto de lei que\u00a0permite a venda de medicamentos por parte do varejo [&hellip;]<\/p>\n","protected":false},"author":2,"featured_media":4294,"comment_status":"open","ping_status":"open","sticky":false,"template":"","format":"standard","meta":{"rop_custom_images_group":[],"rop_custom_messages_group":[],"rop_publish_now":"initial","rop_publish_now_accounts":{"twitter_850042665852968960_850042665852968960":""},"rop_publish_now_history":[],"rop_publish_now_status":"pending","footnotes":""},"categories":[9],"tags":[940,941,646,942],"class_list":["post-4292","post","type-post","status-publish","format-standard","has-post-thumbnail","hentry","category-municipios","tag-industria-farmaceutica","tag-medicamentos","tag-remedios","tag-varejo-alimentar"],"yoast_head":"<!-- This site is optimized with the Yoast SEO plugin v27.2 - https:\/\/yoast.com\/product\/yoast-seo-wordpress\/ -->\n<title>Supermercados falam em rem\u00e9dios mais baratos ap\u00f3s aprova\u00e7\u00e3o de lei; farm\u00e1cias contestam - Prefeitos &amp; Gest\u00f5es<\/title>\n<meta name=\"description\" content=\"A aprova\u00e7\u00e3o do projeto de lei que\u00a0permite a venda de medicamentos por parte do varejo alimentar\u00a0vem com a promessa de pre\u00e7os mais baixos por parte dos supermercadistas. A medida, aprovada nesta segunda (2) pela C\u00e2mara dos Deputados, ainda depende de san\u00e7\u00e3o presidencial, mas j\u00e1 foi\u00a0defendida pelo ministro da Sa\u00fade, Alexandre Padilha.\" \/>\n<meta name=\"robots\" content=\"index, follow, max-snippet:-1, max-image-preview:large, max-video-preview:-1\" \/>\n<link rel=\"canonical\" href=\"https:\/\/prefeitosegestoes.com.br\/portal\/supermercados-falam-em-remedios-mais-baratos-apos-aprovacao-de-lei-farmacias-contestam\/\" \/>\n<meta property=\"og:locale\" content=\"pt_BR\" \/>\n<meta property=\"og:type\" content=\"article\" \/>\n<meta property=\"og:title\" content=\"Supermercados falam em rem\u00e9dios mais baratos ap\u00f3s aprova\u00e7\u00e3o de lei; farm\u00e1cias contestam - Prefeitos &amp; Gest\u00f5es\" \/>\n<meta property=\"og:description\" content=\"A aprova\u00e7\u00e3o do projeto de lei que\u00a0permite a venda de medicamentos por parte do varejo alimentar\u00a0vem com a promessa de pre\u00e7os mais baixos por parte dos supermercadistas. A medida, aprovada nesta segunda (2) pela C\u00e2mara dos Deputados, ainda depende de san\u00e7\u00e3o presidencial, mas j\u00e1 foi\u00a0defendida pelo ministro da Sa\u00fade, Alexandre Padilha.\" \/>\n<meta property=\"og:url\" content=\"https:\/\/prefeitosegestoes.com.br\/portal\/supermercados-falam-em-remedios-mais-baratos-apos-aprovacao-de-lei-farmacias-contestam\/\" \/>\n<meta property=\"og:site_name\" content=\"Prefeitos &amp; Gest\u00f5es\" \/>\n<meta property=\"article:publisher\" content=\"https:\/\/www.facebook.com\/prefeitosonline\" \/>\n<meta property=\"article:published_time\" content=\"2026-03-06T13:28:29+00:00\" \/>\n<meta property=\"og:image\" content=\"https:\/\/prefeitosegestoes.com.br\/portal\/wp-content\/uploads\/2026\/03\/mg_8153.webp\" \/>\n\t<meta property=\"og:image:width\" content=\"1024\" \/>\n\t<meta property=\"og:image:height\" content=\"768\" \/>\n\t<meta property=\"og:image:type\" content=\"image\/webp\" \/>\n<meta name=\"author\" content=\"Prefeitos &amp; Gest\u00f5es\" \/>\n<meta name=\"twitter:card\" content=\"summary_large_image\" \/>\n<meta name=\"twitter:creator\" content=\"@PrefGestoes\" \/>\n<meta name=\"twitter:site\" content=\"@PrefGestoes\" \/>\n<meta name=\"twitter:label1\" content=\"Escrito por\" \/>\n\t<meta name=\"twitter:data1\" content=\"Prefeitos &amp; Gest\u00f5es\" \/>\n\t<meta name=\"twitter:label2\" content=\"Est. tempo de leitura\" \/>\n\t<meta name=\"twitter:data2\" content=\"6 minutos\" \/>\n<script type=\"application\/ld+json\" class=\"yoast-schema-graph\">{\"@context\":\"https:\/\/schema.org\",\"@graph\":[{\"@type\":\"Article\",\"@id\":\"https:\/\/prefeitosegestoes.com.br\/portal\/supermercados-falam-em-remedios-mais-baratos-apos-aprovacao-de-lei-farmacias-contestam\/#article\",\"isPartOf\":{\"@id\":\"https:\/\/prefeitosegestoes.com.br\/portal\/supermercados-falam-em-remedios-mais-baratos-apos-aprovacao-de-lei-farmacias-contestam\/\"},\"author\":{\"name\":\"Prefeitos &amp; Gest\u00f5es\",\"@id\":\"https:\/\/prefeitosegestoes.com.br\/portal\/#\/schema\/person\/d00059f2ec99963e7e1850d448ae94b8\"},\"headline\":\"Supermercados falam em rem\u00e9dios mais baratos ap\u00f3s aprova\u00e7\u00e3o de lei; farm\u00e1cias contestam\",\"datePublished\":\"2026-03-06T13:28:29+00:00\",\"mainEntityOfPage\":{\"@id\":\"https:\/\/prefeitosegestoes.com.br\/portal\/supermercados-falam-em-remedios-mais-baratos-apos-aprovacao-de-lei-farmacias-contestam\/\"},\"wordCount\":1120,\"commentCount\":0,\"publisher\":{\"@id\":\"https:\/\/prefeitosegestoes.com.br\/portal\/#organization\"},\"image\":{\"@id\":\"https:\/\/prefeitosegestoes.com.br\/portal\/supermercados-falam-em-remedios-mais-baratos-apos-aprovacao-de-lei-farmacias-contestam\/#primaryimage\"},\"thumbnailUrl\":\"https:\/\/prefeitosegestoes.com.br\/portal\/wp-content\/uploads\/2026\/03\/mg_8153.webp\",\"keywords\":[\"Ind\u00fastria farmac\u00eautica\",\"Medicamentos\",\"Rem\u00e9dios\",\"Varejo Alimentar\"],\"articleSection\":[\"Munic\u00edpios\"],\"inLanguage\":\"pt-BR\",\"potentialAction\":[{\"@type\":\"CommentAction\",\"name\":\"Comment\",\"target\":[\"https:\/\/prefeitosegestoes.com.br\/portal\/supermercados-falam-em-remedios-mais-baratos-apos-aprovacao-de-lei-farmacias-contestam\/#respond\"]}]},{\"@type\":\"WebPage\",\"@id\":\"https:\/\/prefeitosegestoes.com.br\/portal\/supermercados-falam-em-remedios-mais-baratos-apos-aprovacao-de-lei-farmacias-contestam\/\",\"url\":\"https:\/\/prefeitosegestoes.com.br\/portal\/supermercados-falam-em-remedios-mais-baratos-apos-aprovacao-de-lei-farmacias-contestam\/\",\"name\":\"Supermercados falam em rem\u00e9dios mais baratos ap\u00f3s aprova\u00e7\u00e3o de lei; farm\u00e1cias contestam - Prefeitos &amp; Gest\u00f5es\",\"isPartOf\":{\"@id\":\"https:\/\/prefeitosegestoes.com.br\/portal\/#website\"},\"primaryImageOfPage\":{\"@id\":\"https:\/\/prefeitosegestoes.com.br\/portal\/supermercados-falam-em-remedios-mais-baratos-apos-aprovacao-de-lei-farmacias-contestam\/#primaryimage\"},\"image\":{\"@id\":\"https:\/\/prefeitosegestoes.com.br\/portal\/supermercados-falam-em-remedios-mais-baratos-apos-aprovacao-de-lei-farmacias-contestam\/#primaryimage\"},\"thumbnailUrl\":\"https:\/\/prefeitosegestoes.com.br\/portal\/wp-content\/uploads\/2026\/03\/mg_8153.webp\",\"datePublished\":\"2026-03-06T13:28:29+00:00\",\"description\":\"A aprova\u00e7\u00e3o do projeto de lei que\u00a0permite a venda de medicamentos por parte do varejo alimentar\u00a0vem com a promessa de pre\u00e7os mais baixos por parte dos supermercadistas. A medida, aprovada nesta segunda (2) pela C\u00e2mara dos Deputados, ainda depende de san\u00e7\u00e3o presidencial, mas j\u00e1 foi\u00a0defendida pelo ministro da Sa\u00fade, Alexandre Padilha.\",\"breadcrumb\":{\"@id\":\"https:\/\/prefeitosegestoes.com.br\/portal\/supermercados-falam-em-remedios-mais-baratos-apos-aprovacao-de-lei-farmacias-contestam\/#breadcrumb\"},\"inLanguage\":\"pt-BR\",\"potentialAction\":[{\"@type\":\"ReadAction\",\"target\":[\"https:\/\/prefeitosegestoes.com.br\/portal\/supermercados-falam-em-remedios-mais-baratos-apos-aprovacao-de-lei-farmacias-contestam\/\"]}]},{\"@type\":\"ImageObject\",\"inLanguage\":\"pt-BR\",\"@id\":\"https:\/\/prefeitosegestoes.com.br\/portal\/supermercados-falam-em-remedios-mais-baratos-apos-aprovacao-de-lei-farmacias-contestam\/#primaryimage\",\"url\":\"https:\/\/prefeitosegestoes.com.br\/portal\/wp-content\/uploads\/2026\/03\/mg_8153.webp\",\"contentUrl\":\"https:\/\/prefeitosegestoes.com.br\/portal\/wp-content\/uploads\/2026\/03\/mg_8153.webp\",\"width\":1024,\"height\":768},{\"@type\":\"BreadcrumbList\",\"@id\":\"https:\/\/prefeitosegestoes.com.br\/portal\/supermercados-falam-em-remedios-mais-baratos-apos-aprovacao-de-lei-farmacias-contestam\/#breadcrumb\",\"itemListElement\":[{\"@type\":\"ListItem\",\"position\":1,\"name\":\"In\u00edcio\",\"item\":\"https:\/\/prefeitosegestoes.com.br\/portal\/\"},{\"@type\":\"ListItem\",\"position\":2,\"name\":\"Supermercados falam em rem\u00e9dios mais baratos ap\u00f3s aprova\u00e7\u00e3o de lei; farm\u00e1cias contestam\"}]},{\"@type\":\"WebSite\",\"@id\":\"https:\/\/prefeitosegestoes.com.br\/portal\/#website\",\"url\":\"https:\/\/prefeitosegestoes.com.br\/portal\/\",\"name\":\"Prefeitos & Gest\u00f5es\",\"description\":\"\",\"publisher\":{\"@id\":\"https:\/\/prefeitosegestoes.com.br\/portal\/#organization\"},\"potentialAction\":[{\"@type\":\"SearchAction\",\"target\":{\"@type\":\"EntryPoint\",\"urlTemplate\":\"https:\/\/prefeitosegestoes.com.br\/portal\/?s={search_term_string}\"},\"query-input\":{\"@type\":\"PropertyValueSpecification\",\"valueRequired\":true,\"valueName\":\"search_term_string\"}}],\"inLanguage\":\"pt-BR\"},{\"@type\":\"Organization\",\"@id\":\"https:\/\/prefeitosegestoes.com.br\/portal\/#organization\",\"name\":\"Prefeitos & Gest\u00f5es\",\"url\":\"https:\/\/prefeitosegestoes.com.br\/portal\/\",\"logo\":{\"@type\":\"ImageObject\",\"inLanguage\":\"pt-BR\",\"@id\":\"https:\/\/prefeitosegestoes.com.br\/portal\/#\/schema\/logo\/image\/\",\"url\":\"https:\/\/prefeitosegestoes.com.br\/portal\/wp-content\/uploads\/2024\/10\/lg_trans_prefeitos_2024_preto2.png\",\"contentUrl\":\"https:\/\/prefeitosegestoes.com.br\/portal\/wp-content\/uploads\/2024\/10\/lg_trans_prefeitos_2024_preto2.png\",\"width\":199,\"height\":122,\"caption\":\"Prefeitos & Gest\u00f5es\"},\"image\":{\"@id\":\"https:\/\/prefeitosegestoes.com.br\/portal\/#\/schema\/logo\/image\/\"},\"sameAs\":[\"https:\/\/www.facebook.com\/prefeitosonline\",\"https:\/\/x.com\/PrefGestoes\"]},{\"@type\":\"Person\",\"@id\":\"https:\/\/prefeitosegestoes.com.br\/portal\/#\/schema\/person\/d00059f2ec99963e7e1850d448ae94b8\",\"name\":\"Prefeitos &amp; Gest\u00f5es\",\"image\":{\"@type\":\"ImageObject\",\"inLanguage\":\"pt-BR\",\"@id\":\"https:\/\/secure.gravatar.com\/avatar\/738fb281e479212ed32c1a21a4307dda9f3af9292edb6918a16c9ce9fff5f48d?s=96&d=mm&r=g\",\"url\":\"https:\/\/secure.gravatar.com\/avatar\/738fb281e479212ed32c1a21a4307dda9f3af9292edb6918a16c9ce9fff5f48d?s=96&d=mm&r=g\",\"contentUrl\":\"https:\/\/secure.gravatar.com\/avatar\/738fb281e479212ed32c1a21a4307dda9f3af9292edb6918a16c9ce9fff5f48d?s=96&d=mm&r=g\",\"caption\":\"Prefeitos &amp; Gest\u00f5es\"},\"url\":\"https:\/\/prefeitosegestoes.com.br\/portal\/author\/prefeitosegestoes\/\"}]}<\/script>\n<!-- \/ Yoast SEO plugin. -->","yoast_head_json":{"title":"Supermercados falam em rem\u00e9dios mais baratos ap\u00f3s aprova\u00e7\u00e3o de lei; farm\u00e1cias contestam - Prefeitos &amp; Gest\u00f5es","description":"A aprova\u00e7\u00e3o do projeto de lei que\u00a0permite a venda de medicamentos por parte do varejo alimentar\u00a0vem com a promessa de pre\u00e7os mais baixos por parte dos supermercadistas. A medida, aprovada nesta segunda (2) pela C\u00e2mara dos Deputados, ainda depende de san\u00e7\u00e3o presidencial, mas j\u00e1 foi\u00a0defendida pelo ministro da Sa\u00fade, Alexandre Padilha.","robots":{"index":"index","follow":"follow","max-snippet":"max-snippet:-1","max-image-preview":"max-image-preview:large","max-video-preview":"max-video-preview:-1"},"canonical":"https:\/\/prefeitosegestoes.com.br\/portal\/supermercados-falam-em-remedios-mais-baratos-apos-aprovacao-de-lei-farmacias-contestam\/","og_locale":"pt_BR","og_type":"article","og_title":"Supermercados falam em rem\u00e9dios mais baratos ap\u00f3s aprova\u00e7\u00e3o de lei; farm\u00e1cias contestam - Prefeitos &amp; Gest\u00f5es","og_description":"A aprova\u00e7\u00e3o do projeto de lei que\u00a0permite a venda de medicamentos por parte do varejo alimentar\u00a0vem com a promessa de pre\u00e7os mais baixos por parte dos supermercadistas. A medida, aprovada nesta segunda (2) pela C\u00e2mara dos Deputados, ainda depende de san\u00e7\u00e3o presidencial, mas j\u00e1 foi\u00a0defendida pelo ministro da Sa\u00fade, Alexandre Padilha.","og_url":"https:\/\/prefeitosegestoes.com.br\/portal\/supermercados-falam-em-remedios-mais-baratos-apos-aprovacao-de-lei-farmacias-contestam\/","og_site_name":"Prefeitos &amp; Gest\u00f5es","article_publisher":"https:\/\/www.facebook.com\/prefeitosonline","article_published_time":"2026-03-06T13:28:29+00:00","og_image":[{"width":1024,"height":768,"url":"https:\/\/prefeitosegestoes.com.br\/portal\/wp-content\/uploads\/2026\/03\/mg_8153.webp","type":"image\/webp"}],"author":"Prefeitos &amp; Gest\u00f5es","twitter_card":"summary_large_image","twitter_creator":"@PrefGestoes","twitter_site":"@PrefGestoes","twitter_misc":{"Escrito por":"Prefeitos &amp; Gest\u00f5es","Est. tempo de leitura":"6 minutos"},"schema":{"@context":"https:\/\/schema.org","@graph":[{"@type":"Article","@id":"https:\/\/prefeitosegestoes.com.br\/portal\/supermercados-falam-em-remedios-mais-baratos-apos-aprovacao-de-lei-farmacias-contestam\/#article","isPartOf":{"@id":"https:\/\/prefeitosegestoes.com.br\/portal\/supermercados-falam-em-remedios-mais-baratos-apos-aprovacao-de-lei-farmacias-contestam\/"},"author":{"name":"Prefeitos &amp; Gest\u00f5es","@id":"https:\/\/prefeitosegestoes.com.br\/portal\/#\/schema\/person\/d00059f2ec99963e7e1850d448ae94b8"},"headline":"Supermercados falam em rem\u00e9dios mais baratos ap\u00f3s aprova\u00e7\u00e3o de lei; farm\u00e1cias contestam","datePublished":"2026-03-06T13:28:29+00:00","mainEntityOfPage":{"@id":"https:\/\/prefeitosegestoes.com.br\/portal\/supermercados-falam-em-remedios-mais-baratos-apos-aprovacao-de-lei-farmacias-contestam\/"},"wordCount":1120,"commentCount":0,"publisher":{"@id":"https:\/\/prefeitosegestoes.com.br\/portal\/#organization"},"image":{"@id":"https:\/\/prefeitosegestoes.com.br\/portal\/supermercados-falam-em-remedios-mais-baratos-apos-aprovacao-de-lei-farmacias-contestam\/#primaryimage"},"thumbnailUrl":"https:\/\/prefeitosegestoes.com.br\/portal\/wp-content\/uploads\/2026\/03\/mg_8153.webp","keywords":["Ind\u00fastria farmac\u00eautica","Medicamentos","Rem\u00e9dios","Varejo Alimentar"],"articleSection":["Munic\u00edpios"],"inLanguage":"pt-BR","potentialAction":[{"@type":"CommentAction","name":"Comment","target":["https:\/\/prefeitosegestoes.com.br\/portal\/supermercados-falam-em-remedios-mais-baratos-apos-aprovacao-de-lei-farmacias-contestam\/#respond"]}]},{"@type":"WebPage","@id":"https:\/\/prefeitosegestoes.com.br\/portal\/supermercados-falam-em-remedios-mais-baratos-apos-aprovacao-de-lei-farmacias-contestam\/","url":"https:\/\/prefeitosegestoes.com.br\/portal\/supermercados-falam-em-remedios-mais-baratos-apos-aprovacao-de-lei-farmacias-contestam\/","name":"Supermercados falam em rem\u00e9dios mais baratos ap\u00f3s aprova\u00e7\u00e3o de lei; farm\u00e1cias contestam - Prefeitos &amp; Gest\u00f5es","isPartOf":{"@id":"https:\/\/prefeitosegestoes.com.br\/portal\/#website"},"primaryImageOfPage":{"@id":"https:\/\/prefeitosegestoes.com.br\/portal\/supermercados-falam-em-remedios-mais-baratos-apos-aprovacao-de-lei-farmacias-contestam\/#primaryimage"},"image":{"@id":"https:\/\/prefeitosegestoes.com.br\/portal\/supermercados-falam-em-remedios-mais-baratos-apos-aprovacao-de-lei-farmacias-contestam\/#primaryimage"},"thumbnailUrl":"https:\/\/prefeitosegestoes.com.br\/portal\/wp-content\/uploads\/2026\/03\/mg_8153.webp","datePublished":"2026-03-06T13:28:29+00:00","description":"A aprova\u00e7\u00e3o do projeto de lei que\u00a0permite a venda de medicamentos por parte do varejo alimentar\u00a0vem com a promessa de pre\u00e7os mais baixos por parte dos supermercadistas. A medida, aprovada nesta segunda (2) pela C\u00e2mara dos Deputados, ainda depende de san\u00e7\u00e3o presidencial, mas j\u00e1 foi\u00a0defendida pelo ministro da Sa\u00fade, Alexandre Padilha.","breadcrumb":{"@id":"https:\/\/prefeitosegestoes.com.br\/portal\/supermercados-falam-em-remedios-mais-baratos-apos-aprovacao-de-lei-farmacias-contestam\/#breadcrumb"},"inLanguage":"pt-BR","potentialAction":[{"@type":"ReadAction","target":["https:\/\/prefeitosegestoes.com.br\/portal\/supermercados-falam-em-remedios-mais-baratos-apos-aprovacao-de-lei-farmacias-contestam\/"]}]},{"@type":"ImageObject","inLanguage":"pt-BR","@id":"https:\/\/prefeitosegestoes.com.br\/portal\/supermercados-falam-em-remedios-mais-baratos-apos-aprovacao-de-lei-farmacias-contestam\/#primaryimage","url":"https:\/\/prefeitosegestoes.com.br\/portal\/wp-content\/uploads\/2026\/03\/mg_8153.webp","contentUrl":"https:\/\/prefeitosegestoes.com.br\/portal\/wp-content\/uploads\/2026\/03\/mg_8153.webp","width":1024,"height":768},{"@type":"BreadcrumbList","@id":"https:\/\/prefeitosegestoes.com.br\/portal\/supermercados-falam-em-remedios-mais-baratos-apos-aprovacao-de-lei-farmacias-contestam\/#breadcrumb","itemListElement":[{"@type":"ListItem","position":1,"name":"In\u00edcio","item":"https:\/\/prefeitosegestoes.com.br\/portal\/"},{"@type":"ListItem","position":2,"name":"Supermercados falam em rem\u00e9dios mais baratos ap\u00f3s aprova\u00e7\u00e3o de lei; farm\u00e1cias contestam"}]},{"@type":"WebSite","@id":"https:\/\/prefeitosegestoes.com.br\/portal\/#website","url":"https:\/\/prefeitosegestoes.com.br\/portal\/","name":"Prefeitos & Gest\u00f5es","description":"","publisher":{"@id":"https:\/\/prefeitosegestoes.com.br\/portal\/#organization"},"potentialAction":[{"@type":"SearchAction","target":{"@type":"EntryPoint","urlTemplate":"https:\/\/prefeitosegestoes.com.br\/portal\/?s={search_term_string}"},"query-input":{"@type":"PropertyValueSpecification","valueRequired":true,"valueName":"search_term_string"}}],"inLanguage":"pt-BR"},{"@type":"Organization","@id":"https:\/\/prefeitosegestoes.com.br\/portal\/#organization","name":"Prefeitos & Gest\u00f5es","url":"https:\/\/prefeitosegestoes.com.br\/portal\/","logo":{"@type":"ImageObject","inLanguage":"pt-BR","@id":"https:\/\/prefeitosegestoes.com.br\/portal\/#\/schema\/logo\/image\/","url":"https:\/\/prefeitosegestoes.com.br\/portal\/wp-content\/uploads\/2024\/10\/lg_trans_prefeitos_2024_preto2.png","contentUrl":"https:\/\/prefeitosegestoes.com.br\/portal\/wp-content\/uploads\/2024\/10\/lg_trans_prefeitos_2024_preto2.png","width":199,"height":122,"caption":"Prefeitos & Gest\u00f5es"},"image":{"@id":"https:\/\/prefeitosegestoes.com.br\/portal\/#\/schema\/logo\/image\/"},"sameAs":["https:\/\/www.facebook.com\/prefeitosonline","https:\/\/x.com\/PrefGestoes"]},{"@type":"Person","@id":"https:\/\/prefeitosegestoes.com.br\/portal\/#\/schema\/person\/d00059f2ec99963e7e1850d448ae94b8","name":"Prefeitos &amp; Gest\u00f5es","image":{"@type":"ImageObject","inLanguage":"pt-BR","@id":"https:\/\/secure.gravatar.com\/avatar\/738fb281e479212ed32c1a21a4307dda9f3af9292edb6918a16c9ce9fff5f48d?s=96&d=mm&r=g","url":"https:\/\/secure.gravatar.com\/avatar\/738fb281e479212ed32c1a21a4307dda9f3af9292edb6918a16c9ce9fff5f48d?s=96&d=mm&r=g","contentUrl":"https:\/\/secure.gravatar.com\/avatar\/738fb281e479212ed32c1a21a4307dda9f3af9292edb6918a16c9ce9fff5f48d?s=96&d=mm&r=g","caption":"Prefeitos &amp; Gest\u00f5es"},"url":"https:\/\/prefeitosegestoes.com.br\/portal\/author\/prefeitosegestoes\/"}]}},"_links":{"self":[{"href":"https:\/\/prefeitosegestoes.com.br\/portal\/wp-json\/wp\/v2\/posts\/4292","targetHints":{"allow":["GET"]}}],"collection":[{"href":"https:\/\/prefeitosegestoes.com.br\/portal\/wp-json\/wp\/v2\/posts"}],"about":[{"href":"https:\/\/prefeitosegestoes.com.br\/portal\/wp-json\/wp\/v2\/types\/post"}],"author":[{"embeddable":true,"href":"https:\/\/prefeitosegestoes.com.br\/portal\/wp-json\/wp\/v2\/users\/2"}],"replies":[{"embeddable":true,"href":"https:\/\/prefeitosegestoes.com.br\/portal\/wp-json\/wp\/v2\/comments?post=4292"}],"version-history":[{"count":1,"href":"https:\/\/prefeitosegestoes.com.br\/portal\/wp-json\/wp\/v2\/posts\/4292\/revisions"}],"predecessor-version":[{"id":4295,"href":"https:\/\/prefeitosegestoes.com.br\/portal\/wp-json\/wp\/v2\/posts\/4292\/revisions\/4295"}],"wp:featuredmedia":[{"embeddable":true,"href":"https:\/\/prefeitosegestoes.com.br\/portal\/wp-json\/wp\/v2\/media\/4294"}],"wp:attachment":[{"href":"https:\/\/prefeitosegestoes.com.br\/portal\/wp-json\/wp\/v2\/media?parent=4292"}],"wp:term":[{"taxonomy":"category","embeddable":true,"href":"https:\/\/prefeitosegestoes.com.br\/portal\/wp-json\/wp\/v2\/categories?post=4292"},{"taxonomy":"post_tag","embeddable":true,"href":"https:\/\/prefeitosegestoes.com.br\/portal\/wp-json\/wp\/v2\/tags?post=4292"}],"curies":[{"name":"wp","href":"https:\/\/api.w.org\/{rel}","templated":true}]}}