{"id":4269,"date":"2026-02-27T16:57:01","date_gmt":"2026-02-27T19:57:01","guid":{"rendered":"https:\/\/prefeitosegestoes.com.br\/portal\/?p=4269"},"modified":"2026-02-27T16:57:01","modified_gmt":"2026-02-27T19:57:01","slug":"onde-agir-primeiro-a-importancia-da-priorizacao-territorial-no-enfrentamento-da-dengue","status":"publish","type":"post","link":"https:\/\/prefeitosegestoes.com.br\/portal\/onde-agir-primeiro-a-importancia-da-priorizacao-territorial-no-enfrentamento-da-dengue\/","title":{"rendered":"Onde agir primeiro? A import\u00e2ncia da prioriza\u00e7\u00e3o territorial no enfrentamento da dengue"},"content":{"rendered":"<h2>Equipes limitadas, territ\u00f3rio extenso e press\u00e3o por resultados imediatos. Esse \u00e9 o cen\u00e1rio enfrentado por secretarias municipais de sa\u00fade \u00a0e coordena\u00e7\u00f5es de vigil\u00e2ncia durante o per\u00edodo de maior incid\u00eancia da dengue.<\/h2>\n<p>O planejamento detalhado faz a diferen\u00e7a. Em um contexto de alta demanda e de restri\u00e7\u00e3o or\u00e7ament\u00e1ria, a principal pergunta dos bons gestores p\u00fablicosdeixa de ser apenas \u201cquais a\u00e7\u00f5es realizar?\u201d, mas inclui tamb\u00e9m \u201conde concentrar recursos nas pr\u00f3ximas semanas para maximizar impacto?\u201d.<\/p>\n<p>O desafio de responder a estas perguntas est\u00e1 na fragmenta\u00e7\u00e3o das informa\u00e7\u00f5es. Dados epidemiol\u00f3gicos, clim\u00e1ticos, ambientais e demogr\u00e1ficos frequentemente est\u00e3o dispon\u00edveis, mas em sistemas distintos, com pouca ou nenhuma integra\u00e7\u00e3o e baixa capacidade de visualiza\u00e7\u00e3o territorial.<\/p>\n<p>No entanto, uma nova ferramenta gratuita tem se mostrado promissora: o aplicativo Flyttr\u2122 Dengue foi desenvolvido para consolidar, em um \u00fanico ambiente simples e intuitivo, m\u00faltiplas camadas de dados relevantes para a tomada de decis\u00f5es.<\/p>\n<p>A plataforma integra:<\/p>\n<ul>\n<li>Dados epidemiol\u00f3gicos oficiais<\/li>\n<li>Informa\u00e7\u00f5es meteorol\u00f3gicas<\/li>\n<li>Indicadores socioecon\u00f4micos<\/li>\n<li>Imagens de sat\u00e9lite<\/li>\n<li>Dados demogr\u00e1ficos<\/li>\n<li>Informa\u00e7\u00f5es de mobilidade urbana<\/li>\n<\/ul>\n<p>Com todas essas camadas organizadas e sobrepostas em mapas territoriais, o gestor passa a visualizar padr\u00f5es espaciais, identificar micro\u00e1reas mais vulner\u00e1veis e estruturar matrizes de prioriza\u00e7\u00e3o com maior seguran\u00e7a t\u00e9cnica.<\/p>\n<p>A visualiza\u00e7\u00e3o pode ser feita por estado, munic\u00edpio, bairro \u00a0ou micro\u00e1rea, epermite:<\/p>\n<ul>\n<li>Monitorar evolu\u00e7\u00e3o de indicadores ao longo das semanas, e prever n\u00famero de casos e risco de mosquitos com at\u00e9 8 semanas de anteced\u00eancia<\/li>\n<li>Direcionar mutir\u00f5es de forma mais estrat\u00e9gica para \u00e1reas cr\u00edticas<\/li>\n<li>Organizar cronogramas de visitas domiciliares e campanhas educativas, priorizando conforme as predi\u00e7\u00f5es<\/li>\n<li>Estruturar relat\u00f3rios t\u00e9cnicos para reuni\u00f5es e presta\u00e7\u00f5es de contas<\/li>\n<\/ul>\n<p><img fetchpriority=\"high\" decoding=\"async\" class=\"alignnone  wp-image-4270\" src=\"https:\/\/prefeitosegestoes.com.br\/portal\/wp-content\/uploads\/2026\/02\/PREVEN1-Copia-300x146.png\" alt=\"\" width=\"378\" height=\"184\" srcset=\"https:\/\/prefeitosegestoes.com.br\/portal\/wp-content\/uploads\/2026\/02\/PREVEN1-Copia-300x146.png 300w, https:\/\/prefeitosegestoes.com.br\/portal\/wp-content\/uploads\/2026\/02\/PREVEN1-Copia-1024x499.png 1024w, https:\/\/prefeitosegestoes.com.br\/portal\/wp-content\/uploads\/2026\/02\/PREVEN1-Copia-768x374.png 768w, https:\/\/prefeitosegestoes.com.br\/portal\/wp-content\/uploads\/2026\/02\/PREVEN1-Copia-1536x748.png 1536w, https:\/\/prefeitosegestoes.com.br\/portal\/wp-content\/uploads\/2026\/02\/PREVEN1-Copia-2048x998.png 2048w\" sizes=\"(max-width: 378px) 100vw, 378px\" \/><\/p>\n<p>Imagem cedida pelo cliente<\/p>\n<p>Ao inv\u00e9s de distribuir as equipes e os recursos de forma homog\u00eanea pelo territ\u00f3rio, a gest\u00e3o passa a atuar com base em evid\u00eancia consolidada.<\/p>\n<p>O Flyttr\u2122 Dengue cobre mais de 5.000 munic\u00edpios brasileiros, pode ser acessado via navegador (computador ou celular) e oferece treinamento para equipes t\u00e9cnicas e n\u00e3o t\u00e9cnicas.<\/p>\n<p>No enfrentamento da dengue, velocidade \u00e9 importante \u2014 mas direcionamento estrat\u00e9gico \u00e9 determinante.<\/p>\n<p>Secretarias e equipes t\u00e9cnicas podem inscrever-se gratuitamente para criar uma conta e acessar os dados integrados dispon\u00edveis na plataforma em <strong>flyttr.com\/pt\/dengue<\/strong>.<\/p>\n","protected":false},"excerpt":{"rendered":"<p>Equipes limitadas, territ\u00f3rio extenso e press\u00e3o por resultados imediatos. Esse \u00e9 o cen\u00e1rio enfrentado por secretarias municipais de sa\u00fade \u00a0e coordena\u00e7\u00f5es de vigil\u00e2ncia durante o per\u00edodo de maior incid\u00eancia da dengue. O planejamento detalhado faz a diferen\u00e7a. Em um contexto de alta demanda e de restri\u00e7\u00e3o or\u00e7ament\u00e1ria, a principal pergunta dos bons gestores p\u00fablicosdeixa de [&hellip;]<\/p>\n","protected":false},"author":2,"featured_media":4271,"comment_status":"open","ping_status":"open","sticky":false,"template":"","format":"standard","meta":{"rop_custom_images_group":[],"rop_custom_messages_group":[],"rop_publish_now":"initial","rop_publish_now_accounts":{"twitter_850042665852968960_850042665852968960":""},"rop_publish_now_history":[],"rop_publish_now_status":"pending","footnotes":""},"categories":[9],"tags":[415,928,929,153],"class_list":["post-4269","post","type-post","status-publish","format-standard","has-post-thumbnail","hentry","category-municipios","tag-dengue","tag-equipes","tag-flyttr","tag-monitoramento"],"yoast_head":"<!-- This site is optimized with the Yoast SEO plugin v27.2 - https:\/\/yoast.com\/product\/yoast-seo-wordpress\/ -->\n<title>Onde agir primeiro? A import\u00e2ncia da prioriza\u00e7\u00e3o territorial no enfrentamento da dengue - Prefeitos &amp; Gest\u00f5es<\/title>\n<meta name=\"description\" content=\"Equipes limitadas, territ\u00f3rio extenso e press\u00e3o por resultados imediatos. Esse \u00e9 o cen\u00e1rio enfrentado por secretarias municipais de sa\u00fade \u00a0e coordena\u00e7\u00f5es de vigil\u00e2ncia durante o per\u00edodo de maior incid\u00eancia da dengue.\" \/>\n<meta name=\"robots\" content=\"index, follow, max-snippet:-1, max-image-preview:large, max-video-preview:-1\" \/>\n<link rel=\"canonical\" href=\"https:\/\/prefeitosegestoes.com.br\/portal\/onde-agir-primeiro-a-importancia-da-priorizacao-territorial-no-enfrentamento-da-dengue\/\" \/>\n<meta property=\"og:locale\" content=\"pt_BR\" \/>\n<meta property=\"og:type\" content=\"article\" \/>\n<meta property=\"og:title\" content=\"Onde agir primeiro? A import\u00e2ncia da prioriza\u00e7\u00e3o territorial no enfrentamento da dengue - Prefeitos &amp; Gest\u00f5es\" \/>\n<meta property=\"og:description\" content=\"Equipes limitadas, territ\u00f3rio extenso e press\u00e3o por resultados imediatos. Esse \u00e9 o cen\u00e1rio enfrentado por secretarias municipais de sa\u00fade \u00a0e coordena\u00e7\u00f5es de vigil\u00e2ncia durante o per\u00edodo de maior incid\u00eancia da dengue.\" \/>\n<meta property=\"og:url\" content=\"https:\/\/prefeitosegestoes.com.br\/portal\/onde-agir-primeiro-a-importancia-da-priorizacao-territorial-no-enfrentamento-da-dengue\/\" \/>\n<meta property=\"og:site_name\" content=\"Prefeitos &amp; Gest\u00f5es\" \/>\n<meta property=\"article:publisher\" content=\"https:\/\/www.facebook.com\/prefeitosonline\" \/>\n<meta property=\"article:published_time\" content=\"2026-02-27T19:57:01+00:00\" \/>\n<meta property=\"og:image\" content=\"https:\/\/prefeitosegestoes.com.br\/portal\/wp-content\/uploads\/2026\/02\/ffffImagem-sec-Legenda-Com-Flyttr-visualize-o-risco-antes-que-ele-vire-surto-Copia.jpeg\" \/>\n\t<meta property=\"og:image:width\" content=\"1600\" \/>\n\t<meta property=\"og:image:height\" content=\"1200\" \/>\n\t<meta property=\"og:image:type\" content=\"image\/jpeg\" \/>\n<meta name=\"author\" content=\"Prefeitos &amp; Gest\u00f5es\" \/>\n<meta name=\"twitter:card\" content=\"summary_large_image\" \/>\n<meta name=\"twitter:creator\" content=\"@PrefGestoes\" \/>\n<meta name=\"twitter:site\" content=\"@PrefGestoes\" \/>\n<meta name=\"twitter:label1\" content=\"Escrito por\" \/>\n\t<meta name=\"twitter:data1\" content=\"Prefeitos &amp; Gest\u00f5es\" \/>\n\t<meta name=\"twitter:label2\" content=\"Est. tempo de leitura\" \/>\n\t<meta name=\"twitter:data2\" content=\"3 minutos\" \/>\n<script type=\"application\/ld+json\" class=\"yoast-schema-graph\">{\"@context\":\"https:\/\/schema.org\",\"@graph\":[{\"@type\":\"Article\",\"@id\":\"https:\/\/prefeitosegestoes.com.br\/portal\/onde-agir-primeiro-a-importancia-da-priorizacao-territorial-no-enfrentamento-da-dengue\/#article\",\"isPartOf\":{\"@id\":\"https:\/\/prefeitosegestoes.com.br\/portal\/onde-agir-primeiro-a-importancia-da-priorizacao-territorial-no-enfrentamento-da-dengue\/\"},\"author\":{\"name\":\"Prefeitos &amp; Gest\u00f5es\",\"@id\":\"https:\/\/prefeitosegestoes.com.br\/portal\/#\/schema\/person\/d00059f2ec99963e7e1850d448ae94b8\"},\"headline\":\"Onde agir primeiro? A import\u00e2ncia da prioriza\u00e7\u00e3o territorial no enfrentamento da dengue\",\"datePublished\":\"2026-02-27T19:57:01+00:00\",\"mainEntityOfPage\":{\"@id\":\"https:\/\/prefeitosegestoes.com.br\/portal\/onde-agir-primeiro-a-importancia-da-priorizacao-territorial-no-enfrentamento-da-dengue\/\"},\"wordCount\":422,\"commentCount\":0,\"publisher\":{\"@id\":\"https:\/\/prefeitosegestoes.com.br\/portal\/#organization\"},\"image\":{\"@id\":\"https:\/\/prefeitosegestoes.com.br\/portal\/onde-agir-primeiro-a-importancia-da-priorizacao-territorial-no-enfrentamento-da-dengue\/#primaryimage\"},\"thumbnailUrl\":\"https:\/\/prefeitosegestoes.com.br\/portal\/wp-content\/uploads\/2026\/02\/ffffImagem-sec-Legenda-Com-Flyttr-visualize-o-risco-antes-que-ele-vire-surto-Copia.jpeg\",\"keywords\":[\"Dengue\",\"Equipes\",\"Flyttr\",\"Monitoramento\"],\"articleSection\":[\"Munic\u00edpios\"],\"inLanguage\":\"pt-BR\",\"potentialAction\":[{\"@type\":\"CommentAction\",\"name\":\"Comment\",\"target\":[\"https:\/\/prefeitosegestoes.com.br\/portal\/onde-agir-primeiro-a-importancia-da-priorizacao-territorial-no-enfrentamento-da-dengue\/#respond\"]}]},{\"@type\":\"WebPage\",\"@id\":\"https:\/\/prefeitosegestoes.com.br\/portal\/onde-agir-primeiro-a-importancia-da-priorizacao-territorial-no-enfrentamento-da-dengue\/\",\"url\":\"https:\/\/prefeitosegestoes.com.br\/portal\/onde-agir-primeiro-a-importancia-da-priorizacao-territorial-no-enfrentamento-da-dengue\/\",\"name\":\"Onde agir primeiro? A import\u00e2ncia da prioriza\u00e7\u00e3o territorial no enfrentamento da dengue - Prefeitos &amp; Gest\u00f5es\",\"isPartOf\":{\"@id\":\"https:\/\/prefeitosegestoes.com.br\/portal\/#website\"},\"primaryImageOfPage\":{\"@id\":\"https:\/\/prefeitosegestoes.com.br\/portal\/onde-agir-primeiro-a-importancia-da-priorizacao-territorial-no-enfrentamento-da-dengue\/#primaryimage\"},\"image\":{\"@id\":\"https:\/\/prefeitosegestoes.com.br\/portal\/onde-agir-primeiro-a-importancia-da-priorizacao-territorial-no-enfrentamento-da-dengue\/#primaryimage\"},\"thumbnailUrl\":\"https:\/\/prefeitosegestoes.com.br\/portal\/wp-content\/uploads\/2026\/02\/ffffImagem-sec-Legenda-Com-Flyttr-visualize-o-risco-antes-que-ele-vire-surto-Copia.jpeg\",\"datePublished\":\"2026-02-27T19:57:01+00:00\",\"description\":\"Equipes limitadas, territ\u00f3rio extenso e press\u00e3o por resultados imediatos. Esse \u00e9 o cen\u00e1rio enfrentado por secretarias municipais de sa\u00fade \u00a0e coordena\u00e7\u00f5es de vigil\u00e2ncia durante o per\u00edodo de maior incid\u00eancia da dengue.\",\"breadcrumb\":{\"@id\":\"https:\/\/prefeitosegestoes.com.br\/portal\/onde-agir-primeiro-a-importancia-da-priorizacao-territorial-no-enfrentamento-da-dengue\/#breadcrumb\"},\"inLanguage\":\"pt-BR\",\"potentialAction\":[{\"@type\":\"ReadAction\",\"target\":[\"https:\/\/prefeitosegestoes.com.br\/portal\/onde-agir-primeiro-a-importancia-da-priorizacao-territorial-no-enfrentamento-da-dengue\/\"]}]},{\"@type\":\"ImageObject\",\"inLanguage\":\"pt-BR\",\"@id\":\"https:\/\/prefeitosegestoes.com.br\/portal\/onde-agir-primeiro-a-importancia-da-priorizacao-territorial-no-enfrentamento-da-dengue\/#primaryimage\",\"url\":\"https:\/\/prefeitosegestoes.com.br\/portal\/wp-content\/uploads\/2026\/02\/ffffImagem-sec-Legenda-Com-Flyttr-visualize-o-risco-antes-que-ele-vire-surto-Copia.jpeg\",\"contentUrl\":\"https:\/\/prefeitosegestoes.com.br\/portal\/wp-content\/uploads\/2026\/02\/ffffImagem-sec-Legenda-Com-Flyttr-visualize-o-risco-antes-que-ele-vire-surto-Copia.jpeg\",\"width\":1600,\"height\":1200},{\"@type\":\"BreadcrumbList\",\"@id\":\"https:\/\/prefeitosegestoes.com.br\/portal\/onde-agir-primeiro-a-importancia-da-priorizacao-territorial-no-enfrentamento-da-dengue\/#breadcrumb\",\"itemListElement\":[{\"@type\":\"ListItem\",\"position\":1,\"name\":\"In\u00edcio\",\"item\":\"https:\/\/prefeitosegestoes.com.br\/portal\/\"},{\"@type\":\"ListItem\",\"position\":2,\"name\":\"Onde agir primeiro? A import\u00e2ncia da prioriza\u00e7\u00e3o territorial no enfrentamento da dengue\"}]},{\"@type\":\"WebSite\",\"@id\":\"https:\/\/prefeitosegestoes.com.br\/portal\/#website\",\"url\":\"https:\/\/prefeitosegestoes.com.br\/portal\/\",\"name\":\"Prefeitos & Gest\u00f5es\",\"description\":\"\",\"publisher\":{\"@id\":\"https:\/\/prefeitosegestoes.com.br\/portal\/#organization\"},\"potentialAction\":[{\"@type\":\"SearchAction\",\"target\":{\"@type\":\"EntryPoint\",\"urlTemplate\":\"https:\/\/prefeitosegestoes.com.br\/portal\/?s={search_term_string}\"},\"query-input\":{\"@type\":\"PropertyValueSpecification\",\"valueRequired\":true,\"valueName\":\"search_term_string\"}}],\"inLanguage\":\"pt-BR\"},{\"@type\":\"Organization\",\"@id\":\"https:\/\/prefeitosegestoes.com.br\/portal\/#organization\",\"name\":\"Prefeitos & Gest\u00f5es\",\"url\":\"https:\/\/prefeitosegestoes.com.br\/portal\/\",\"logo\":{\"@type\":\"ImageObject\",\"inLanguage\":\"pt-BR\",\"@id\":\"https:\/\/prefeitosegestoes.com.br\/portal\/#\/schema\/logo\/image\/\",\"url\":\"https:\/\/prefeitosegestoes.com.br\/portal\/wp-content\/uploads\/2024\/10\/lg_trans_prefeitos_2024_preto2.png\",\"contentUrl\":\"https:\/\/prefeitosegestoes.com.br\/portal\/wp-content\/uploads\/2024\/10\/lg_trans_prefeitos_2024_preto2.png\",\"width\":199,\"height\":122,\"caption\":\"Prefeitos & Gest\u00f5es\"},\"image\":{\"@id\":\"https:\/\/prefeitosegestoes.com.br\/portal\/#\/schema\/logo\/image\/\"},\"sameAs\":[\"https:\/\/www.facebook.com\/prefeitosonline\",\"https:\/\/x.com\/PrefGestoes\"]},{\"@type\":\"Person\",\"@id\":\"https:\/\/prefeitosegestoes.com.br\/portal\/#\/schema\/person\/d00059f2ec99963e7e1850d448ae94b8\",\"name\":\"Prefeitos &amp; Gest\u00f5es\",\"image\":{\"@type\":\"ImageObject\",\"inLanguage\":\"pt-BR\",\"@id\":\"https:\/\/secure.gravatar.com\/avatar\/738fb281e479212ed32c1a21a4307dda9f3af9292edb6918a16c9ce9fff5f48d?s=96&d=mm&r=g\",\"url\":\"https:\/\/secure.gravatar.com\/avatar\/738fb281e479212ed32c1a21a4307dda9f3af9292edb6918a16c9ce9fff5f48d?s=96&d=mm&r=g\",\"contentUrl\":\"https:\/\/secure.gravatar.com\/avatar\/738fb281e479212ed32c1a21a4307dda9f3af9292edb6918a16c9ce9fff5f48d?s=96&d=mm&r=g\",\"caption\":\"Prefeitos &amp; Gest\u00f5es\"},\"url\":\"https:\/\/prefeitosegestoes.com.br\/portal\/author\/prefeitosegestoes\/\"}]}<\/script>\n<!-- \/ Yoast SEO plugin. -->","yoast_head_json":{"title":"Onde agir primeiro? A import\u00e2ncia da prioriza\u00e7\u00e3o territorial no enfrentamento da dengue - Prefeitos &amp; Gest\u00f5es","description":"Equipes limitadas, territ\u00f3rio extenso e press\u00e3o por resultados imediatos. Esse \u00e9 o cen\u00e1rio enfrentado por secretarias municipais de sa\u00fade \u00a0e coordena\u00e7\u00f5es de vigil\u00e2ncia durante o per\u00edodo de maior incid\u00eancia da dengue.","robots":{"index":"index","follow":"follow","max-snippet":"max-snippet:-1","max-image-preview":"max-image-preview:large","max-video-preview":"max-video-preview:-1"},"canonical":"https:\/\/prefeitosegestoes.com.br\/portal\/onde-agir-primeiro-a-importancia-da-priorizacao-territorial-no-enfrentamento-da-dengue\/","og_locale":"pt_BR","og_type":"article","og_title":"Onde agir primeiro? A import\u00e2ncia da prioriza\u00e7\u00e3o territorial no enfrentamento da dengue - Prefeitos &amp; Gest\u00f5es","og_description":"Equipes limitadas, territ\u00f3rio extenso e press\u00e3o por resultados imediatos. Esse \u00e9 o cen\u00e1rio enfrentado por secretarias municipais de sa\u00fade \u00a0e coordena\u00e7\u00f5es de vigil\u00e2ncia durante o per\u00edodo de maior incid\u00eancia da dengue.","og_url":"https:\/\/prefeitosegestoes.com.br\/portal\/onde-agir-primeiro-a-importancia-da-priorizacao-territorial-no-enfrentamento-da-dengue\/","og_site_name":"Prefeitos &amp; Gest\u00f5es","article_publisher":"https:\/\/www.facebook.com\/prefeitosonline","article_published_time":"2026-02-27T19:57:01+00:00","og_image":[{"width":1600,"height":1200,"url":"https:\/\/prefeitosegestoes.com.br\/portal\/wp-content\/uploads\/2026\/02\/ffffImagem-sec-Legenda-Com-Flyttr-visualize-o-risco-antes-que-ele-vire-surto-Copia.jpeg","type":"image\/jpeg"}],"author":"Prefeitos &amp; Gest\u00f5es","twitter_card":"summary_large_image","twitter_creator":"@PrefGestoes","twitter_site":"@PrefGestoes","twitter_misc":{"Escrito por":"Prefeitos &amp; Gest\u00f5es","Est. tempo de leitura":"3 minutos"},"schema":{"@context":"https:\/\/schema.org","@graph":[{"@type":"Article","@id":"https:\/\/prefeitosegestoes.com.br\/portal\/onde-agir-primeiro-a-importancia-da-priorizacao-territorial-no-enfrentamento-da-dengue\/#article","isPartOf":{"@id":"https:\/\/prefeitosegestoes.com.br\/portal\/onde-agir-primeiro-a-importancia-da-priorizacao-territorial-no-enfrentamento-da-dengue\/"},"author":{"name":"Prefeitos &amp; Gest\u00f5es","@id":"https:\/\/prefeitosegestoes.com.br\/portal\/#\/schema\/person\/d00059f2ec99963e7e1850d448ae94b8"},"headline":"Onde agir primeiro? A import\u00e2ncia da prioriza\u00e7\u00e3o territorial no enfrentamento da dengue","datePublished":"2026-02-27T19:57:01+00:00","mainEntityOfPage":{"@id":"https:\/\/prefeitosegestoes.com.br\/portal\/onde-agir-primeiro-a-importancia-da-priorizacao-territorial-no-enfrentamento-da-dengue\/"},"wordCount":422,"commentCount":0,"publisher":{"@id":"https:\/\/prefeitosegestoes.com.br\/portal\/#organization"},"image":{"@id":"https:\/\/prefeitosegestoes.com.br\/portal\/onde-agir-primeiro-a-importancia-da-priorizacao-territorial-no-enfrentamento-da-dengue\/#primaryimage"},"thumbnailUrl":"https:\/\/prefeitosegestoes.com.br\/portal\/wp-content\/uploads\/2026\/02\/ffffImagem-sec-Legenda-Com-Flyttr-visualize-o-risco-antes-que-ele-vire-surto-Copia.jpeg","keywords":["Dengue","Equipes","Flyttr","Monitoramento"],"articleSection":["Munic\u00edpios"],"inLanguage":"pt-BR","potentialAction":[{"@type":"CommentAction","name":"Comment","target":["https:\/\/prefeitosegestoes.com.br\/portal\/onde-agir-primeiro-a-importancia-da-priorizacao-territorial-no-enfrentamento-da-dengue\/#respond"]}]},{"@type":"WebPage","@id":"https:\/\/prefeitosegestoes.com.br\/portal\/onde-agir-primeiro-a-importancia-da-priorizacao-territorial-no-enfrentamento-da-dengue\/","url":"https:\/\/prefeitosegestoes.com.br\/portal\/onde-agir-primeiro-a-importancia-da-priorizacao-territorial-no-enfrentamento-da-dengue\/","name":"Onde agir primeiro? A import\u00e2ncia da prioriza\u00e7\u00e3o territorial no enfrentamento da dengue - Prefeitos &amp; Gest\u00f5es","isPartOf":{"@id":"https:\/\/prefeitosegestoes.com.br\/portal\/#website"},"primaryImageOfPage":{"@id":"https:\/\/prefeitosegestoes.com.br\/portal\/onde-agir-primeiro-a-importancia-da-priorizacao-territorial-no-enfrentamento-da-dengue\/#primaryimage"},"image":{"@id":"https:\/\/prefeitosegestoes.com.br\/portal\/onde-agir-primeiro-a-importancia-da-priorizacao-territorial-no-enfrentamento-da-dengue\/#primaryimage"},"thumbnailUrl":"https:\/\/prefeitosegestoes.com.br\/portal\/wp-content\/uploads\/2026\/02\/ffffImagem-sec-Legenda-Com-Flyttr-visualize-o-risco-antes-que-ele-vire-surto-Copia.jpeg","datePublished":"2026-02-27T19:57:01+00:00","description":"Equipes limitadas, territ\u00f3rio extenso e press\u00e3o por resultados imediatos. Esse \u00e9 o cen\u00e1rio enfrentado por secretarias municipais de sa\u00fade \u00a0e coordena\u00e7\u00f5es de vigil\u00e2ncia durante o per\u00edodo de maior incid\u00eancia da dengue.","breadcrumb":{"@id":"https:\/\/prefeitosegestoes.com.br\/portal\/onde-agir-primeiro-a-importancia-da-priorizacao-territorial-no-enfrentamento-da-dengue\/#breadcrumb"},"inLanguage":"pt-BR","potentialAction":[{"@type":"ReadAction","target":["https:\/\/prefeitosegestoes.com.br\/portal\/onde-agir-primeiro-a-importancia-da-priorizacao-territorial-no-enfrentamento-da-dengue\/"]}]},{"@type":"ImageObject","inLanguage":"pt-BR","@id":"https:\/\/prefeitosegestoes.com.br\/portal\/onde-agir-primeiro-a-importancia-da-priorizacao-territorial-no-enfrentamento-da-dengue\/#primaryimage","url":"https:\/\/prefeitosegestoes.com.br\/portal\/wp-content\/uploads\/2026\/02\/ffffImagem-sec-Legenda-Com-Flyttr-visualize-o-risco-antes-que-ele-vire-surto-Copia.jpeg","contentUrl":"https:\/\/prefeitosegestoes.com.br\/portal\/wp-content\/uploads\/2026\/02\/ffffImagem-sec-Legenda-Com-Flyttr-visualize-o-risco-antes-que-ele-vire-surto-Copia.jpeg","width":1600,"height":1200},{"@type":"BreadcrumbList","@id":"https:\/\/prefeitosegestoes.com.br\/portal\/onde-agir-primeiro-a-importancia-da-priorizacao-territorial-no-enfrentamento-da-dengue\/#breadcrumb","itemListElement":[{"@type":"ListItem","position":1,"name":"In\u00edcio","item":"https:\/\/prefeitosegestoes.com.br\/portal\/"},{"@type":"ListItem","position":2,"name":"Onde agir primeiro? A import\u00e2ncia da prioriza\u00e7\u00e3o territorial no enfrentamento da dengue"}]},{"@type":"WebSite","@id":"https:\/\/prefeitosegestoes.com.br\/portal\/#website","url":"https:\/\/prefeitosegestoes.com.br\/portal\/","name":"Prefeitos & Gest\u00f5es","description":"","publisher":{"@id":"https:\/\/prefeitosegestoes.com.br\/portal\/#organization"},"potentialAction":[{"@type":"SearchAction","target":{"@type":"EntryPoint","urlTemplate":"https:\/\/prefeitosegestoes.com.br\/portal\/?s={search_term_string}"},"query-input":{"@type":"PropertyValueSpecification","valueRequired":true,"valueName":"search_term_string"}}],"inLanguage":"pt-BR"},{"@type":"Organization","@id":"https:\/\/prefeitosegestoes.com.br\/portal\/#organization","name":"Prefeitos & Gest\u00f5es","url":"https:\/\/prefeitosegestoes.com.br\/portal\/","logo":{"@type":"ImageObject","inLanguage":"pt-BR","@id":"https:\/\/prefeitosegestoes.com.br\/portal\/#\/schema\/logo\/image\/","url":"https:\/\/prefeitosegestoes.com.br\/portal\/wp-content\/uploads\/2024\/10\/lg_trans_prefeitos_2024_preto2.png","contentUrl":"https:\/\/prefeitosegestoes.com.br\/portal\/wp-content\/uploads\/2024\/10\/lg_trans_prefeitos_2024_preto2.png","width":199,"height":122,"caption":"Prefeitos & Gest\u00f5es"},"image":{"@id":"https:\/\/prefeitosegestoes.com.br\/portal\/#\/schema\/logo\/image\/"},"sameAs":["https:\/\/www.facebook.com\/prefeitosonline","https:\/\/x.com\/PrefGestoes"]},{"@type":"Person","@id":"https:\/\/prefeitosegestoes.com.br\/portal\/#\/schema\/person\/d00059f2ec99963e7e1850d448ae94b8","name":"Prefeitos &amp; Gest\u00f5es","image":{"@type":"ImageObject","inLanguage":"pt-BR","@id":"https:\/\/secure.gravatar.com\/avatar\/738fb281e479212ed32c1a21a4307dda9f3af9292edb6918a16c9ce9fff5f48d?s=96&d=mm&r=g","url":"https:\/\/secure.gravatar.com\/avatar\/738fb281e479212ed32c1a21a4307dda9f3af9292edb6918a16c9ce9fff5f48d?s=96&d=mm&r=g","contentUrl":"https:\/\/secure.gravatar.com\/avatar\/738fb281e479212ed32c1a21a4307dda9f3af9292edb6918a16c9ce9fff5f48d?s=96&d=mm&r=g","caption":"Prefeitos &amp; Gest\u00f5es"},"url":"https:\/\/prefeitosegestoes.com.br\/portal\/author\/prefeitosegestoes\/"}]}},"_links":{"self":[{"href":"https:\/\/prefeitosegestoes.com.br\/portal\/wp-json\/wp\/v2\/posts\/4269","targetHints":{"allow":["GET"]}}],"collection":[{"href":"https:\/\/prefeitosegestoes.com.br\/portal\/wp-json\/wp\/v2\/posts"}],"about":[{"href":"https:\/\/prefeitosegestoes.com.br\/portal\/wp-json\/wp\/v2\/types\/post"}],"author":[{"embeddable":true,"href":"https:\/\/prefeitosegestoes.com.br\/portal\/wp-json\/wp\/v2\/users\/2"}],"replies":[{"embeddable":true,"href":"https:\/\/prefeitosegestoes.com.br\/portal\/wp-json\/wp\/v2\/comments?post=4269"}],"version-history":[{"count":1,"href":"https:\/\/prefeitosegestoes.com.br\/portal\/wp-json\/wp\/v2\/posts\/4269\/revisions"}],"predecessor-version":[{"id":4272,"href":"https:\/\/prefeitosegestoes.com.br\/portal\/wp-json\/wp\/v2\/posts\/4269\/revisions\/4272"}],"wp:featuredmedia":[{"embeddable":true,"href":"https:\/\/prefeitosegestoes.com.br\/portal\/wp-json\/wp\/v2\/media\/4271"}],"wp:attachment":[{"href":"https:\/\/prefeitosegestoes.com.br\/portal\/wp-json\/wp\/v2\/media?parent=4269"}],"wp:term":[{"taxonomy":"category","embeddable":true,"href":"https:\/\/prefeitosegestoes.com.br\/portal\/wp-json\/wp\/v2\/categories?post=4269"},{"taxonomy":"post_tag","embeddable":true,"href":"https:\/\/prefeitosegestoes.com.br\/portal\/wp-json\/wp\/v2\/tags?post=4269"}],"curies":[{"name":"wp","href":"https:\/\/api.w.org\/{rel}","templated":true}]}}