{"id":4265,"date":"2026-02-27T16:40:13","date_gmt":"2026-02-27T19:40:13","guid":{"rendered":"https:\/\/prefeitosegestoes.com.br\/portal\/?p=4265"},"modified":"2026-02-27T16:40:13","modified_gmt":"2026-02-27T19:40:13","slug":"controle-vetorial-preventivo-como-reduzir-a-pressao-epidemiologica-antes-da-escalada-sazonal","status":"publish","type":"post","link":"https:\/\/prefeitosegestoes.com.br\/portal\/controle-vetorial-preventivo-como-reduzir-a-pressao-epidemiologica-antes-da-escalada-sazonal\/","title":{"rendered":"Controle vetorial preventivo: como reduzir a press\u00e3o epidemiol\u00f3gica antes da escalada sazonal"},"content":{"rendered":"<h3>Com a transi\u00e7\u00e3o do ver\u00e3o para o outono, mar\u00e7o representa um ponto cr\u00edtico no ciclo do <em>Aedes aegypti<\/em>. Ap\u00f3s semanas de temperaturas elevadas e chuvas acumuladas, a popula\u00e7\u00e3o do mosquito j\u00e1 se encontra estabelecida em grande parte dos territ\u00f3rios urbanos \u2014 e tende a crescer de forma acelerada nas semanas seguintes.<\/h3>\n<p>\u00c9 nesse intervalo que se define a intensidade da curva epidemiol\u00f3gica.<\/p>\n<p>Munic\u00edpios que investem em reduzir o vetor <strong>antes da escalada de casos<\/strong> diminuem a probabilidade de sobrecarga da aten\u00e7\u00e3o b\u00e1sica, press\u00e3o hospitalar e necessidade de medidas emergenciais. J\u00e1 aqueles que atuam apenas ap\u00f3s o aumento expressivo das notifica\u00e7\u00f5es passam a operar em regime reativo, com maior impacto financeiro, desgaste administrativo e vidas em risco.<\/p>\n<p><strong>Supress\u00e3o vetorial como pol\u00edtica preventiva<\/strong><\/p>\n<p>Ferramentas tradicionais de controle do mosquito da dengue seguem sendo fundamentais, mas enfrentam desafios crescentes, como a resist\u00eancia cada vez maior do <em>Aedes aegypti<\/em> aos qu\u00edmicos amplamente utilizados. Al\u00e9m disso, a as a\u00e7\u00f5es de educa\u00e7\u00e3o, a realiza\u00e7\u00e3o de visitas domiciliares e a supress\u00e3o mec\u00e2nica de criadouros enfrentam cada vez mais o desafio de encontrar im\u00f3veis fechados durante o turno de trabalho.<\/p>\n<p>Nesse contexto, novas tecnologias passaram a integrar estrat\u00e9gias estruturantes de controle vetorial.<\/p>\n<p>O Aedes do Bem \u00e9 uma dessas ferramentas: uma solu\u00e7\u00e3o biol\u00f3gica que combate a pr\u00f3pria esp\u00e9cie, atuando na supress\u00e3o da popula\u00e7\u00e3o do mosquito transmissor da dengue. A tecnologia utiliza mosquitos machos que n\u00e3o picam nem transmitem doen\u00e7as e que carregam uma caracter\u00edstica autolimitante. Ao serem liberados a partir de caixas ativadas com \u00e1gua, esses insetos acasalam com as f\u00eameas presentes no ambiente e apenas descendentes machos chegam \u00e0 fase adulta, reduzindo progressivamente a popula\u00e7\u00e3o das f\u00eameas respons\u00e1veis pela transmiss\u00e3o das arboviroses.<\/p>\n<p>Avaliada pela Comiss\u00e3o T\u00e9cnica Nacional de Biosseguran\u00e7a (CTNBio) como um larvicida biol\u00f3gico f\u00eamea-espec\u00edfico, a tecnologia apresenta 100% de efic\u00e1cia, efeito multigeracional e atua\u00e7\u00e3o segura para pessoas, animais e meio ambiente.<\/p>\n<p><img fetchpriority=\"high\" decoding=\"async\" class=\"alignnone  wp-image-4266\" src=\"https:\/\/prefeitosegestoes.com.br\/portal\/wp-content\/uploads\/2026\/02\/Aedes-do-Bem-e-ativado-com-agua-limpa-300x200.jpg\" alt=\"\" width=\"407\" height=\"271\" srcset=\"https:\/\/prefeitosegestoes.com.br\/portal\/wp-content\/uploads\/2026\/02\/Aedes-do-Bem-e-ativado-com-agua-limpa-300x200.jpg 300w, https:\/\/prefeitosegestoes.com.br\/portal\/wp-content\/uploads\/2026\/02\/Aedes-do-Bem-e-ativado-com-agua-limpa-1024x682.jpg 1024w, https:\/\/prefeitosegestoes.com.br\/portal\/wp-content\/uploads\/2026\/02\/Aedes-do-Bem-e-ativado-com-agua-limpa-768x512.jpg 768w, https:\/\/prefeitosegestoes.com.br\/portal\/wp-content\/uploads\/2026\/02\/Aedes-do-Bem-e-ativado-com-agua-limpa-1536x1024.jpg 1536w, https:\/\/prefeitosegestoes.com.br\/portal\/wp-content\/uploads\/2026\/02\/Aedes-do-Bem-e-ativado-com-agua-limpa-2048x1365.jpg 2048w\" sizes=\"(max-width: 407px) 100vw, 407px\" \/><\/p>\n<p>Aedes do Bem \u00e9 ativado com \u00e1gua limpa<\/p>\n<p><strong>Evid\u00eancia cient\u00edfica e resultados em campo<\/strong><\/p>\n<p>Entre os munic\u00edpios que adotaram a tecnologia est\u00e1 Indaiatuba (SP), refer\u00eancia nacional em gest\u00e3o p\u00fablica. Entre 2018 e 2022, a aplica\u00e7\u00e3o em 12 bairros resultou na redu\u00e7\u00e3o de at\u00e9 96% na popula\u00e7\u00e3o de <em>Aedes aegypti<\/em> nas \u00e1reas tratadas, conforme estudo publicado na revista cient\u00edfica Frontiers. Segundo dados da Secretaria de Sa\u00fade do munic\u00edpio, houve ainda redu\u00e7\u00e3o de 84% nos casos confirmados de dengue nas regi\u00f5es atendidas &#8211; dado publicado na p\u00e1gina do munic\u00edpio<\/p>\n<p>Em novembro de 2025, Indaiatuba retomou a aplica\u00e7\u00e3o do Aedes do Bem antes do in\u00edcio do novo ciclo sazonal, refor\u00e7ando a l\u00f3gica de antecipa\u00e7\u00e3o como instrumento de planejamento e controle sanit\u00e1rio.<\/p>\n<p><strong>Preven\u00e7\u00e3o como instrumento de governan\u00e7a<\/strong><\/p>\n<p>No enfrentamento da dengue, cada semana de atraso amplia a probabilidade de crescimento exponencial da popula\u00e7\u00e3o do mosquito.<\/p>\n<p>A supress\u00e3o vetorial antecipada n\u00e3o \u00e9 apenas uma medida sanit\u00e1ria \u2014 \u00e9 uma decis\u00e3o estrat\u00e9gica de gest\u00e3o p\u00fablica. Ao reduzir o vetor antes da escalada epidemiol\u00f3gica, o munic\u00edpio ganha previsibilidade, preserva recursos e fortalece sua capacidade de resposta ao longo do ano.<\/p>\n<p>Agir antes do pico significa utilizar com maestria os recursos p\u00fablicos para proteger as comunidades. Agir depois dele significa administrar crise.<\/p>\n<p>Para saber mais sobre o Aedes do Bem, acesse <strong>aedesdobem.com.br<\/strong>.<\/p>\n","protected":false},"excerpt":{"rendered":"<p>Com a transi\u00e7\u00e3o do ver\u00e3o para o outono, mar\u00e7o representa um ponto cr\u00edtico no ciclo do Aedes aegypti. Ap\u00f3s semanas de temperaturas elevadas e chuvas acumuladas, a popula\u00e7\u00e3o do mosquito j\u00e1 se encontra estabelecida em grande parte dos territ\u00f3rios urbanos \u2014 e tende a crescer de forma acelerada nas semanas seguintes. \u00c9 nesse intervalo que [&hellip;]<\/p>\n","protected":false},"author":2,"featured_media":4267,"comment_status":"open","ping_status":"open","sticky":false,"template":"","format":"standard","meta":{"rop_custom_images_group":[],"rop_custom_messages_group":[],"rop_publish_now":"initial","rop_publish_now_accounts":{"twitter_850042665852968960_850042665852968960":""},"rop_publish_now_history":[],"rop_publish_now_status":"pending","footnotes":""},"categories":[9],"tags":[407,886,415],"class_list":["post-4265","post","type-post","status-publish","format-standard","has-post-thumbnail","hentry","category-municipios","tag-aedes-aegypti","tag-aedes-do-bem","tag-dengue"],"yoast_head":"<!-- This site is optimized with the Yoast SEO plugin v27.2 - https:\/\/yoast.com\/product\/yoast-seo-wordpress\/ -->\n<title>Controle vetorial preventivo: como reduzir a press\u00e3o epidemiol\u00f3gica antes da escalada sazonal - Prefeitos &amp; Gest\u00f5es<\/title>\n<meta name=\"description\" content=\"Com a transi\u00e7\u00e3o do ver\u00e3o para o outono, mar\u00e7o representa um ponto cr\u00edtico no ciclo do Aedes aegypti. Ap\u00f3s semanas de temperaturas elevadas e chuvas acumuladas, a popula\u00e7\u00e3o do mosquito j\u00e1 se encontra estabelecida em grande parte dos territ\u00f3rios urbanos \u2014 e tende a crescer de forma acelerada nas semanas seguintes.\" \/>\n<meta name=\"robots\" content=\"index, follow, max-snippet:-1, max-image-preview:large, max-video-preview:-1\" \/>\n<link rel=\"canonical\" href=\"https:\/\/prefeitosegestoes.com.br\/portal\/controle-vetorial-preventivo-como-reduzir-a-pressao-epidemiologica-antes-da-escalada-sazonal\/\" \/>\n<meta property=\"og:locale\" content=\"pt_BR\" \/>\n<meta property=\"og:type\" content=\"article\" \/>\n<meta property=\"og:title\" content=\"Controle vetorial preventivo: como reduzir a press\u00e3o epidemiol\u00f3gica antes da escalada sazonal - Prefeitos &amp; Gest\u00f5es\" \/>\n<meta property=\"og:description\" content=\"Com a transi\u00e7\u00e3o do ver\u00e3o para o outono, mar\u00e7o representa um ponto cr\u00edtico no ciclo do Aedes aegypti. Ap\u00f3s semanas de temperaturas elevadas e chuvas acumuladas, a popula\u00e7\u00e3o do mosquito j\u00e1 se encontra estabelecida em grande parte dos territ\u00f3rios urbanos \u2014 e tende a crescer de forma acelerada nas semanas seguintes.\" \/>\n<meta property=\"og:url\" content=\"https:\/\/prefeitosegestoes.com.br\/portal\/controle-vetorial-preventivo-como-reduzir-a-pressao-epidemiologica-antes-da-escalada-sazonal\/\" \/>\n<meta property=\"og:site_name\" content=\"Prefeitos &amp; Gest\u00f5es\" \/>\n<meta property=\"article:publisher\" content=\"https:\/\/www.facebook.com\/prefeitosonline\" \/>\n<meta property=\"article:published_time\" content=\"2026-02-27T19:40:13+00:00\" \/>\n<meta property=\"og:image\" content=\"https:\/\/prefeitosegestoes.com.br\/portal\/wp-content\/uploads\/2026\/02\/oooImagem-sec-Legenda-Populacao-e-informada-sobre-a-tecnologia-do-Aedes-do-Bem-Foto-cedida-pelo-cliente-Copia-scaled.jpg\" \/>\n\t<meta property=\"og:image:width\" content=\"2560\" \/>\n\t<meta property=\"og:image:height\" content=\"1709\" \/>\n\t<meta property=\"og:image:type\" content=\"image\/jpeg\" \/>\n<meta name=\"author\" content=\"Prefeitos &amp; Gest\u00f5es\" \/>\n<meta name=\"twitter:card\" content=\"summary_large_image\" \/>\n<meta name=\"twitter:creator\" content=\"@PrefGestoes\" \/>\n<meta name=\"twitter:site\" content=\"@PrefGestoes\" \/>\n<meta name=\"twitter:label1\" content=\"Escrito por\" \/>\n\t<meta name=\"twitter:data1\" content=\"Prefeitos &amp; Gest\u00f5es\" \/>\n\t<meta name=\"twitter:label2\" content=\"Est. tempo de leitura\" \/>\n\t<meta name=\"twitter:data2\" content=\"4 minutos\" \/>\n<script type=\"application\/ld+json\" class=\"yoast-schema-graph\">{\"@context\":\"https:\/\/schema.org\",\"@graph\":[{\"@type\":\"Article\",\"@id\":\"https:\/\/prefeitosegestoes.com.br\/portal\/controle-vetorial-preventivo-como-reduzir-a-pressao-epidemiologica-antes-da-escalada-sazonal\/#article\",\"isPartOf\":{\"@id\":\"https:\/\/prefeitosegestoes.com.br\/portal\/controle-vetorial-preventivo-como-reduzir-a-pressao-epidemiologica-antes-da-escalada-sazonal\/\"},\"author\":{\"name\":\"Prefeitos &amp; Gest\u00f5es\",\"@id\":\"https:\/\/prefeitosegestoes.com.br\/portal\/#\/schema\/person\/d00059f2ec99963e7e1850d448ae94b8\"},\"headline\":\"Controle vetorial preventivo: como reduzir a press\u00e3o epidemiol\u00f3gica antes da escalada sazonal\",\"datePublished\":\"2026-02-27T19:40:13+00:00\",\"mainEntityOfPage\":{\"@id\":\"https:\/\/prefeitosegestoes.com.br\/portal\/controle-vetorial-preventivo-como-reduzir-a-pressao-epidemiologica-antes-da-escalada-sazonal\/\"},\"wordCount\":603,\"commentCount\":0,\"publisher\":{\"@id\":\"https:\/\/prefeitosegestoes.com.br\/portal\/#organization\"},\"image\":{\"@id\":\"https:\/\/prefeitosegestoes.com.br\/portal\/controle-vetorial-preventivo-como-reduzir-a-pressao-epidemiologica-antes-da-escalada-sazonal\/#primaryimage\"},\"thumbnailUrl\":\"https:\/\/prefeitosegestoes.com.br\/portal\/wp-content\/uploads\/2026\/02\/oooImagem-sec-Legenda-Populacao-e-informada-sobre-a-tecnologia-do-Aedes-do-Bem-Foto-cedida-pelo-cliente-Copia-scaled.jpg\",\"keywords\":[\"Aedes Aegypti\",\"Aedes do Bem\",\"Dengue\"],\"articleSection\":[\"Munic\u00edpios\"],\"inLanguage\":\"pt-BR\",\"potentialAction\":[{\"@type\":\"CommentAction\",\"name\":\"Comment\",\"target\":[\"https:\/\/prefeitosegestoes.com.br\/portal\/controle-vetorial-preventivo-como-reduzir-a-pressao-epidemiologica-antes-da-escalada-sazonal\/#respond\"]}]},{\"@type\":\"WebPage\",\"@id\":\"https:\/\/prefeitosegestoes.com.br\/portal\/controle-vetorial-preventivo-como-reduzir-a-pressao-epidemiologica-antes-da-escalada-sazonal\/\",\"url\":\"https:\/\/prefeitosegestoes.com.br\/portal\/controle-vetorial-preventivo-como-reduzir-a-pressao-epidemiologica-antes-da-escalada-sazonal\/\",\"name\":\"Controle vetorial preventivo: como reduzir a press\u00e3o epidemiol\u00f3gica antes da escalada sazonal - Prefeitos &amp; Gest\u00f5es\",\"isPartOf\":{\"@id\":\"https:\/\/prefeitosegestoes.com.br\/portal\/#website\"},\"primaryImageOfPage\":{\"@id\":\"https:\/\/prefeitosegestoes.com.br\/portal\/controle-vetorial-preventivo-como-reduzir-a-pressao-epidemiologica-antes-da-escalada-sazonal\/#primaryimage\"},\"image\":{\"@id\":\"https:\/\/prefeitosegestoes.com.br\/portal\/controle-vetorial-preventivo-como-reduzir-a-pressao-epidemiologica-antes-da-escalada-sazonal\/#primaryimage\"},\"thumbnailUrl\":\"https:\/\/prefeitosegestoes.com.br\/portal\/wp-content\/uploads\/2026\/02\/oooImagem-sec-Legenda-Populacao-e-informada-sobre-a-tecnologia-do-Aedes-do-Bem-Foto-cedida-pelo-cliente-Copia-scaled.jpg\",\"datePublished\":\"2026-02-27T19:40:13+00:00\",\"description\":\"Com a transi\u00e7\u00e3o do ver\u00e3o para o outono, mar\u00e7o representa um ponto cr\u00edtico no ciclo do Aedes aegypti. Ap\u00f3s semanas de temperaturas elevadas e chuvas acumuladas, a popula\u00e7\u00e3o do mosquito j\u00e1 se encontra estabelecida em grande parte dos territ\u00f3rios urbanos \u2014 e tende a crescer de forma acelerada nas semanas seguintes.\",\"breadcrumb\":{\"@id\":\"https:\/\/prefeitosegestoes.com.br\/portal\/controle-vetorial-preventivo-como-reduzir-a-pressao-epidemiologica-antes-da-escalada-sazonal\/#breadcrumb\"},\"inLanguage\":\"pt-BR\",\"potentialAction\":[{\"@type\":\"ReadAction\",\"target\":[\"https:\/\/prefeitosegestoes.com.br\/portal\/controle-vetorial-preventivo-como-reduzir-a-pressao-epidemiologica-antes-da-escalada-sazonal\/\"]}]},{\"@type\":\"ImageObject\",\"inLanguage\":\"pt-BR\",\"@id\":\"https:\/\/prefeitosegestoes.com.br\/portal\/controle-vetorial-preventivo-como-reduzir-a-pressao-epidemiologica-antes-da-escalada-sazonal\/#primaryimage\",\"url\":\"https:\/\/prefeitosegestoes.com.br\/portal\/wp-content\/uploads\/2026\/02\/oooImagem-sec-Legenda-Populacao-e-informada-sobre-a-tecnologia-do-Aedes-do-Bem-Foto-cedida-pelo-cliente-Copia-scaled.jpg\",\"contentUrl\":\"https:\/\/prefeitosegestoes.com.br\/portal\/wp-content\/uploads\/2026\/02\/oooImagem-sec-Legenda-Populacao-e-informada-sobre-a-tecnologia-do-Aedes-do-Bem-Foto-cedida-pelo-cliente-Copia-scaled.jpg\",\"width\":2560,\"height\":1709},{\"@type\":\"BreadcrumbList\",\"@id\":\"https:\/\/prefeitosegestoes.com.br\/portal\/controle-vetorial-preventivo-como-reduzir-a-pressao-epidemiologica-antes-da-escalada-sazonal\/#breadcrumb\",\"itemListElement\":[{\"@type\":\"ListItem\",\"position\":1,\"name\":\"In\u00edcio\",\"item\":\"https:\/\/prefeitosegestoes.com.br\/portal\/\"},{\"@type\":\"ListItem\",\"position\":2,\"name\":\"Controle vetorial preventivo: como reduzir a press\u00e3o epidemiol\u00f3gica antes da escalada sazonal\"}]},{\"@type\":\"WebSite\",\"@id\":\"https:\/\/prefeitosegestoes.com.br\/portal\/#website\",\"url\":\"https:\/\/prefeitosegestoes.com.br\/portal\/\",\"name\":\"Prefeitos & Gest\u00f5es\",\"description\":\"\",\"publisher\":{\"@id\":\"https:\/\/prefeitosegestoes.com.br\/portal\/#organization\"},\"potentialAction\":[{\"@type\":\"SearchAction\",\"target\":{\"@type\":\"EntryPoint\",\"urlTemplate\":\"https:\/\/prefeitosegestoes.com.br\/portal\/?s={search_term_string}\"},\"query-input\":{\"@type\":\"PropertyValueSpecification\",\"valueRequired\":true,\"valueName\":\"search_term_string\"}}],\"inLanguage\":\"pt-BR\"},{\"@type\":\"Organization\",\"@id\":\"https:\/\/prefeitosegestoes.com.br\/portal\/#organization\",\"name\":\"Prefeitos & Gest\u00f5es\",\"url\":\"https:\/\/prefeitosegestoes.com.br\/portal\/\",\"logo\":{\"@type\":\"ImageObject\",\"inLanguage\":\"pt-BR\",\"@id\":\"https:\/\/prefeitosegestoes.com.br\/portal\/#\/schema\/logo\/image\/\",\"url\":\"https:\/\/prefeitosegestoes.com.br\/portal\/wp-content\/uploads\/2024\/10\/lg_trans_prefeitos_2024_preto2.png\",\"contentUrl\":\"https:\/\/prefeitosegestoes.com.br\/portal\/wp-content\/uploads\/2024\/10\/lg_trans_prefeitos_2024_preto2.png\",\"width\":199,\"height\":122,\"caption\":\"Prefeitos & Gest\u00f5es\"},\"image\":{\"@id\":\"https:\/\/prefeitosegestoes.com.br\/portal\/#\/schema\/logo\/image\/\"},\"sameAs\":[\"https:\/\/www.facebook.com\/prefeitosonline\",\"https:\/\/x.com\/PrefGestoes\"]},{\"@type\":\"Person\",\"@id\":\"https:\/\/prefeitosegestoes.com.br\/portal\/#\/schema\/person\/d00059f2ec99963e7e1850d448ae94b8\",\"name\":\"Prefeitos &amp; Gest\u00f5es\",\"image\":{\"@type\":\"ImageObject\",\"inLanguage\":\"pt-BR\",\"@id\":\"https:\/\/secure.gravatar.com\/avatar\/738fb281e479212ed32c1a21a4307dda9f3af9292edb6918a16c9ce9fff5f48d?s=96&d=mm&r=g\",\"url\":\"https:\/\/secure.gravatar.com\/avatar\/738fb281e479212ed32c1a21a4307dda9f3af9292edb6918a16c9ce9fff5f48d?s=96&d=mm&r=g\",\"contentUrl\":\"https:\/\/secure.gravatar.com\/avatar\/738fb281e479212ed32c1a21a4307dda9f3af9292edb6918a16c9ce9fff5f48d?s=96&d=mm&r=g\",\"caption\":\"Prefeitos &amp; Gest\u00f5es\"},\"url\":\"https:\/\/prefeitosegestoes.com.br\/portal\/author\/prefeitosegestoes\/\"}]}<\/script>\n<!-- \/ Yoast SEO plugin. -->","yoast_head_json":{"title":"Controle vetorial preventivo: como reduzir a press\u00e3o epidemiol\u00f3gica antes da escalada sazonal - Prefeitos &amp; Gest\u00f5es","description":"Com a transi\u00e7\u00e3o do ver\u00e3o para o outono, mar\u00e7o representa um ponto cr\u00edtico no ciclo do Aedes aegypti. Ap\u00f3s semanas de temperaturas elevadas e chuvas acumuladas, a popula\u00e7\u00e3o do mosquito j\u00e1 se encontra estabelecida em grande parte dos territ\u00f3rios urbanos \u2014 e tende a crescer de forma acelerada nas semanas seguintes.","robots":{"index":"index","follow":"follow","max-snippet":"max-snippet:-1","max-image-preview":"max-image-preview:large","max-video-preview":"max-video-preview:-1"},"canonical":"https:\/\/prefeitosegestoes.com.br\/portal\/controle-vetorial-preventivo-como-reduzir-a-pressao-epidemiologica-antes-da-escalada-sazonal\/","og_locale":"pt_BR","og_type":"article","og_title":"Controle vetorial preventivo: como reduzir a press\u00e3o epidemiol\u00f3gica antes da escalada sazonal - Prefeitos &amp; Gest\u00f5es","og_description":"Com a transi\u00e7\u00e3o do ver\u00e3o para o outono, mar\u00e7o representa um ponto cr\u00edtico no ciclo do Aedes aegypti. Ap\u00f3s semanas de temperaturas elevadas e chuvas acumuladas, a popula\u00e7\u00e3o do mosquito j\u00e1 se encontra estabelecida em grande parte dos territ\u00f3rios urbanos \u2014 e tende a crescer de forma acelerada nas semanas seguintes.","og_url":"https:\/\/prefeitosegestoes.com.br\/portal\/controle-vetorial-preventivo-como-reduzir-a-pressao-epidemiologica-antes-da-escalada-sazonal\/","og_site_name":"Prefeitos &amp; Gest\u00f5es","article_publisher":"https:\/\/www.facebook.com\/prefeitosonline","article_published_time":"2026-02-27T19:40:13+00:00","og_image":[{"width":2560,"height":1709,"url":"https:\/\/prefeitosegestoes.com.br\/portal\/wp-content\/uploads\/2026\/02\/oooImagem-sec-Legenda-Populacao-e-informada-sobre-a-tecnologia-do-Aedes-do-Bem-Foto-cedida-pelo-cliente-Copia-scaled.jpg","type":"image\/jpeg"}],"author":"Prefeitos &amp; Gest\u00f5es","twitter_card":"summary_large_image","twitter_creator":"@PrefGestoes","twitter_site":"@PrefGestoes","twitter_misc":{"Escrito por":"Prefeitos &amp; Gest\u00f5es","Est. tempo de leitura":"4 minutos"},"schema":{"@context":"https:\/\/schema.org","@graph":[{"@type":"Article","@id":"https:\/\/prefeitosegestoes.com.br\/portal\/controle-vetorial-preventivo-como-reduzir-a-pressao-epidemiologica-antes-da-escalada-sazonal\/#article","isPartOf":{"@id":"https:\/\/prefeitosegestoes.com.br\/portal\/controle-vetorial-preventivo-como-reduzir-a-pressao-epidemiologica-antes-da-escalada-sazonal\/"},"author":{"name":"Prefeitos &amp; Gest\u00f5es","@id":"https:\/\/prefeitosegestoes.com.br\/portal\/#\/schema\/person\/d00059f2ec99963e7e1850d448ae94b8"},"headline":"Controle vetorial preventivo: como reduzir a press\u00e3o epidemiol\u00f3gica antes da escalada sazonal","datePublished":"2026-02-27T19:40:13+00:00","mainEntityOfPage":{"@id":"https:\/\/prefeitosegestoes.com.br\/portal\/controle-vetorial-preventivo-como-reduzir-a-pressao-epidemiologica-antes-da-escalada-sazonal\/"},"wordCount":603,"commentCount":0,"publisher":{"@id":"https:\/\/prefeitosegestoes.com.br\/portal\/#organization"},"image":{"@id":"https:\/\/prefeitosegestoes.com.br\/portal\/controle-vetorial-preventivo-como-reduzir-a-pressao-epidemiologica-antes-da-escalada-sazonal\/#primaryimage"},"thumbnailUrl":"https:\/\/prefeitosegestoes.com.br\/portal\/wp-content\/uploads\/2026\/02\/oooImagem-sec-Legenda-Populacao-e-informada-sobre-a-tecnologia-do-Aedes-do-Bem-Foto-cedida-pelo-cliente-Copia-scaled.jpg","keywords":["Aedes Aegypti","Aedes do Bem","Dengue"],"articleSection":["Munic\u00edpios"],"inLanguage":"pt-BR","potentialAction":[{"@type":"CommentAction","name":"Comment","target":["https:\/\/prefeitosegestoes.com.br\/portal\/controle-vetorial-preventivo-como-reduzir-a-pressao-epidemiologica-antes-da-escalada-sazonal\/#respond"]}]},{"@type":"WebPage","@id":"https:\/\/prefeitosegestoes.com.br\/portal\/controle-vetorial-preventivo-como-reduzir-a-pressao-epidemiologica-antes-da-escalada-sazonal\/","url":"https:\/\/prefeitosegestoes.com.br\/portal\/controle-vetorial-preventivo-como-reduzir-a-pressao-epidemiologica-antes-da-escalada-sazonal\/","name":"Controle vetorial preventivo: como reduzir a press\u00e3o epidemiol\u00f3gica antes da escalada sazonal - Prefeitos &amp; Gest\u00f5es","isPartOf":{"@id":"https:\/\/prefeitosegestoes.com.br\/portal\/#website"},"primaryImageOfPage":{"@id":"https:\/\/prefeitosegestoes.com.br\/portal\/controle-vetorial-preventivo-como-reduzir-a-pressao-epidemiologica-antes-da-escalada-sazonal\/#primaryimage"},"image":{"@id":"https:\/\/prefeitosegestoes.com.br\/portal\/controle-vetorial-preventivo-como-reduzir-a-pressao-epidemiologica-antes-da-escalada-sazonal\/#primaryimage"},"thumbnailUrl":"https:\/\/prefeitosegestoes.com.br\/portal\/wp-content\/uploads\/2026\/02\/oooImagem-sec-Legenda-Populacao-e-informada-sobre-a-tecnologia-do-Aedes-do-Bem-Foto-cedida-pelo-cliente-Copia-scaled.jpg","datePublished":"2026-02-27T19:40:13+00:00","description":"Com a transi\u00e7\u00e3o do ver\u00e3o para o outono, mar\u00e7o representa um ponto cr\u00edtico no ciclo do Aedes aegypti. Ap\u00f3s semanas de temperaturas elevadas e chuvas acumuladas, a popula\u00e7\u00e3o do mosquito j\u00e1 se encontra estabelecida em grande parte dos territ\u00f3rios urbanos \u2014 e tende a crescer de forma acelerada nas semanas seguintes.","breadcrumb":{"@id":"https:\/\/prefeitosegestoes.com.br\/portal\/controle-vetorial-preventivo-como-reduzir-a-pressao-epidemiologica-antes-da-escalada-sazonal\/#breadcrumb"},"inLanguage":"pt-BR","potentialAction":[{"@type":"ReadAction","target":["https:\/\/prefeitosegestoes.com.br\/portal\/controle-vetorial-preventivo-como-reduzir-a-pressao-epidemiologica-antes-da-escalada-sazonal\/"]}]},{"@type":"ImageObject","inLanguage":"pt-BR","@id":"https:\/\/prefeitosegestoes.com.br\/portal\/controle-vetorial-preventivo-como-reduzir-a-pressao-epidemiologica-antes-da-escalada-sazonal\/#primaryimage","url":"https:\/\/prefeitosegestoes.com.br\/portal\/wp-content\/uploads\/2026\/02\/oooImagem-sec-Legenda-Populacao-e-informada-sobre-a-tecnologia-do-Aedes-do-Bem-Foto-cedida-pelo-cliente-Copia-scaled.jpg","contentUrl":"https:\/\/prefeitosegestoes.com.br\/portal\/wp-content\/uploads\/2026\/02\/oooImagem-sec-Legenda-Populacao-e-informada-sobre-a-tecnologia-do-Aedes-do-Bem-Foto-cedida-pelo-cliente-Copia-scaled.jpg","width":2560,"height":1709},{"@type":"BreadcrumbList","@id":"https:\/\/prefeitosegestoes.com.br\/portal\/controle-vetorial-preventivo-como-reduzir-a-pressao-epidemiologica-antes-da-escalada-sazonal\/#breadcrumb","itemListElement":[{"@type":"ListItem","position":1,"name":"In\u00edcio","item":"https:\/\/prefeitosegestoes.com.br\/portal\/"},{"@type":"ListItem","position":2,"name":"Controle vetorial preventivo: como reduzir a press\u00e3o epidemiol\u00f3gica antes da escalada sazonal"}]},{"@type":"WebSite","@id":"https:\/\/prefeitosegestoes.com.br\/portal\/#website","url":"https:\/\/prefeitosegestoes.com.br\/portal\/","name":"Prefeitos & Gest\u00f5es","description":"","publisher":{"@id":"https:\/\/prefeitosegestoes.com.br\/portal\/#organization"},"potentialAction":[{"@type":"SearchAction","target":{"@type":"EntryPoint","urlTemplate":"https:\/\/prefeitosegestoes.com.br\/portal\/?s={search_term_string}"},"query-input":{"@type":"PropertyValueSpecification","valueRequired":true,"valueName":"search_term_string"}}],"inLanguage":"pt-BR"},{"@type":"Organization","@id":"https:\/\/prefeitosegestoes.com.br\/portal\/#organization","name":"Prefeitos & Gest\u00f5es","url":"https:\/\/prefeitosegestoes.com.br\/portal\/","logo":{"@type":"ImageObject","inLanguage":"pt-BR","@id":"https:\/\/prefeitosegestoes.com.br\/portal\/#\/schema\/logo\/image\/","url":"https:\/\/prefeitosegestoes.com.br\/portal\/wp-content\/uploads\/2024\/10\/lg_trans_prefeitos_2024_preto2.png","contentUrl":"https:\/\/prefeitosegestoes.com.br\/portal\/wp-content\/uploads\/2024\/10\/lg_trans_prefeitos_2024_preto2.png","width":199,"height":122,"caption":"Prefeitos & Gest\u00f5es"},"image":{"@id":"https:\/\/prefeitosegestoes.com.br\/portal\/#\/schema\/logo\/image\/"},"sameAs":["https:\/\/www.facebook.com\/prefeitosonline","https:\/\/x.com\/PrefGestoes"]},{"@type":"Person","@id":"https:\/\/prefeitosegestoes.com.br\/portal\/#\/schema\/person\/d00059f2ec99963e7e1850d448ae94b8","name":"Prefeitos &amp; Gest\u00f5es","image":{"@type":"ImageObject","inLanguage":"pt-BR","@id":"https:\/\/secure.gravatar.com\/avatar\/738fb281e479212ed32c1a21a4307dda9f3af9292edb6918a16c9ce9fff5f48d?s=96&d=mm&r=g","url":"https:\/\/secure.gravatar.com\/avatar\/738fb281e479212ed32c1a21a4307dda9f3af9292edb6918a16c9ce9fff5f48d?s=96&d=mm&r=g","contentUrl":"https:\/\/secure.gravatar.com\/avatar\/738fb281e479212ed32c1a21a4307dda9f3af9292edb6918a16c9ce9fff5f48d?s=96&d=mm&r=g","caption":"Prefeitos &amp; Gest\u00f5es"},"url":"https:\/\/prefeitosegestoes.com.br\/portal\/author\/prefeitosegestoes\/"}]}},"_links":{"self":[{"href":"https:\/\/prefeitosegestoes.com.br\/portal\/wp-json\/wp\/v2\/posts\/4265","targetHints":{"allow":["GET"]}}],"collection":[{"href":"https:\/\/prefeitosegestoes.com.br\/portal\/wp-json\/wp\/v2\/posts"}],"about":[{"href":"https:\/\/prefeitosegestoes.com.br\/portal\/wp-json\/wp\/v2\/types\/post"}],"author":[{"embeddable":true,"href":"https:\/\/prefeitosegestoes.com.br\/portal\/wp-json\/wp\/v2\/users\/2"}],"replies":[{"embeddable":true,"href":"https:\/\/prefeitosegestoes.com.br\/portal\/wp-json\/wp\/v2\/comments?post=4265"}],"version-history":[{"count":1,"href":"https:\/\/prefeitosegestoes.com.br\/portal\/wp-json\/wp\/v2\/posts\/4265\/revisions"}],"predecessor-version":[{"id":4268,"href":"https:\/\/prefeitosegestoes.com.br\/portal\/wp-json\/wp\/v2\/posts\/4265\/revisions\/4268"}],"wp:featuredmedia":[{"embeddable":true,"href":"https:\/\/prefeitosegestoes.com.br\/portal\/wp-json\/wp\/v2\/media\/4267"}],"wp:attachment":[{"href":"https:\/\/prefeitosegestoes.com.br\/portal\/wp-json\/wp\/v2\/media?parent=4265"}],"wp:term":[{"taxonomy":"category","embeddable":true,"href":"https:\/\/prefeitosegestoes.com.br\/portal\/wp-json\/wp\/v2\/categories?post=4265"},{"taxonomy":"post_tag","embeddable":true,"href":"https:\/\/prefeitosegestoes.com.br\/portal\/wp-json\/wp\/v2\/tags?post=4265"}],"curies":[{"name":"wp","href":"https:\/\/api.w.org\/{rel}","templated":true}]}}