{"id":4261,"date":"2026-02-27T11:55:54","date_gmt":"2026-02-27T14:55:54","guid":{"rendered":"https:\/\/prefeitosegestoes.com.br\/portal\/?p=4261"},"modified":"2026-02-27T11:55:54","modified_gmt":"2026-02-27T14:55:54","slug":"paraty-esta-entre-as-50-vilas-mais-lindas-do-mundo","status":"publish","type":"post","link":"https:\/\/prefeitosegestoes.com.br\/portal\/paraty-esta-entre-as-50-vilas-mais-lindas-do-mundo\/","title":{"rendered":"Paraty est\u00e1 entre as 50 Vilas Mais Lindas do Mundo"},"content":{"rendered":"<section class=\"container_16\">\n<div class=\"grid_16\">Foto: Rovena Rosa\/Ag\u00eancia Brasil<\/p>\n<h1 class=\"titulo_noticia_g\">Paraty est\u00e1 entre as &#8217;50 Vilas Mais Lindas do Mundo&#8217;<\/h1>\n<h2 class=\"descricao_noticia\">Patrim\u00f4nio Mundial da Unesco, Paraty \u00e9 a \u00fanica cidade brasileira na lista dominada pelas vilas europeias<\/h2>\n<div class=\"autor_share\">\n<div class=\"autor_data\">\u00a026\/02\/2026 &#8211; 12:12\u00a0<span class=\"autor_materia\">Por Wilson Lopes<\/span><\/div>\n<\/div>\n<\/div>\n<div class=\"spacer20 mobile_nao\"><\/div>\n<\/section>\n<section class=\"container_16\">\n<div class=\"grid_12\">\n<article><button class=\"img_principal\" type=\"button\"><a href=\"https:\/\/cdn.agenciacidades.com.br\/upload\/dn_arquivo\/2025\/10\/5749-paraty-brasil-1.jpg\" data-lightbox=\"imagem-principal\"><img decoding=\"async\" src=\"https:\/\/cdn.agenciacidades.com.br\/img\/pc\/940\/620\/dn_arquivo\/2025\/10\/5749-paraty-brasil-1.jpg\" alt=\"\" \/><\/a><small class=\"legenda_img_principal\">Paraty \u00e9 Patrim\u00f4nio Mundial da Unesco desde 2019, reconhecendo a combina\u00e7\u00e3o \u00fanica de sua cultura (centro hist\u00f3rico, povos tradicionais) e sua rica biodiversidade (Mata Atl\u00e2ntica) &#8211;\u00a0<strong>Freepik<\/strong><\/small><\/button>A Forbes, uma das mais conceituadas revistas de neg\u00f3cios e economia, divulgou recentemente a lista das \u201850 Vilas Mais Lindas do Mundo\u2019. O ranking foi produzido pela Unforgettable Travel, especialista em viagens de luxo e jornadas ultrapersonalizadas, com escrit\u00f3rios em Londres, Nova York, Split (Cro\u00e1cia), Atenas, Cidade do Cabo e Melbourne.<\/p>\n<p>O conte\u00fado n\u00e3o evidencia quais foram os crit\u00e9rios utilizados, nem qual a defini\u00e7\u00e3o de \u201cvila\u201d, e tamb\u00e9m apresenta um certo \u2018nepotismo\u2019 pelos recantos europeus, mas serve de par\u00e2metro para quem planeja seu pr\u00f3ximo roteiro de viagem.<\/p>\n<p>Na lista, h\u00e1 apenas uma cidade brasileira: Paraty, no litoral do Rio de Janeiro, na 35\u00aa posi\u00e7\u00e3o. As refer\u00eancias citam igrejas coloniais e ruas de pedra preservadas, o Saco do Mamangu\u00e1 (considerado um fiorde tropical), trilhas e cachoeiras, al\u00e9m da produ\u00e7\u00e3o de cacha\u00e7a artesanal.<\/p>\n<ul>\n<li>Siga a\u00a0<a href=\"https:\/\/www.instagram.com\/agenciacidades\/\" target=\"_blank\" rel=\"noopener\"><strong>Ag\u00eancia Cidades no Instagram&gt;&gt;<\/strong><\/a><\/li>\n<li>Siga a\u00a0<a href=\"https:\/\/www.facebook.com\/profile.php?id=61571576403435\" target=\"_blank\" rel=\"noopener\"><strong>Ag\u00eancia Cidades no Facebook&gt;&gt;<\/strong><\/a><\/li>\n<\/ul>\n<p><strong>Confira a lista, com informa\u00e7\u00f5es de Lewis Nunn, da Forbes.<\/strong><\/p>\n<p><strong>\u00a0As 50 Vilas Mais Lindas do Mundo em 2025\u00a0<\/strong><\/p>\n<div class=\"dn_imagemComLegenda full\"><img decoding=\"async\" src=\"https:\/\/cdn.agenciacidades.com.br\/upload\/dn_arquivo\/2025\/10\/405-bibury-cotswolds-1.jpg\" alt=\"\" \/><small class=\"dn_legendaImg\"><em>Bibury se destaca pelas casas de pedra da Arlington Row (Freepik)<\/em><\/small><\/div>\n<p><strong>1. Bibury, Inglaterra<\/strong><br \/>\nLocalizada na regi\u00e3o de Cotswolds, Bibury se destaca pelas casas de pedra da Arlington Row, constru\u00eddas no s\u00e9culo 14. O rio Coln atravessa a vila entre campos floridos, enquanto patos nadam sob salgueiros. Nas proximidades, a Bibury Trout Farm recebe visitantes para alimentar peixes ou fazer piqueniques \u00e0 beira do rio. A Igreja de St. Mary oferece um espa\u00e7o de contempla\u00e7\u00e3o em meio \u00e0s constru\u00e7\u00f5es de pedra antigas.<\/p>\n<div class=\"dn_imagemComLegenda full\"><img decoding=\"async\" src=\"https:\/\/cdn.agenciacidades.com.br\/upload\/dn_arquivo\/2025\/10\/25392266-hallstatt-austria-1.jpg\" alt=\"\" \/><small class=\"dn_legendaImg\"><em>Hallstatt abriga casas de madeira hist\u00f3ricas constru\u00eddas na encosta e varandas decoradas com ger\u00e2nios (Freepik)<\/em><\/small><\/div>\n<p><strong>2. Hallstatt, \u00c1ustria<\/strong><br \/>\nSituada entre montanhas e o Lago Hallstatt, a vila abriga casas de madeira hist\u00f3ricas constru\u00eddas na encosta e varandas decoradas com ger\u00e2nios. O Hallstatt Skywalk oferece vistas dos Alpes de Dachstein e do lago, enquanto o Salzwelten Hallstatt, considerada a mina de sal mais antiga do mundo, apresenta 7 mil anos de hist\u00f3ria. A visita pode incluir o Marketplace Hallstatt, com venda de artesanato e produtos locais, a queda-d\u2019\u00e1gua Hallst\u00e4tter Wasserfall e o Museu do Patrim\u00f4nio Mundial, que re\u00fane objetos pr\u00e9-hist\u00f3ricos e rel\u00edquias celtas.<\/p>\n<div class=\"dn_imagemComLegenda full\"><img decoding=\"async\" src=\"https:\/\/cdn.agenciacidades.com.br\/upload\/dn_arquivo\/2025\/10\/356-reine-noruega-1.jpg\" alt=\"\" \/><small class=\"dn_legendaImg\"><em>Reine est\u00e1 localizada entre montanhas do \u00c1rtico e re\u00fane cabanas de pescadores vermelhas \u00e0 beira do fiorde (Freepik)<\/em><\/small><\/div>\n<p><strong>3. Reine, Noruega<\/strong><br \/>\nReine est\u00e1 localizada entre montanhas do \u00c1rtico e re\u00fane cabanas de pescadores vermelhas \u00e0 beira do fiorde. Cestos de vime carregam amoras locais, enquanto redes secam ao sol. O ponto de trilha Reinebringen atrai visitantes pelas vistas panor\u00e2micas do lago Reinevatnet e das montanhas. Tamb\u00e9m \u00e9 poss\u00edvel fazer passeios de caiaque ou visitar a padaria Bringen Kaffebar, conhecida por p\u00e3es de centeio e bolos de cardamomo.<\/p>\n<div class=\"dn_imagemComLegenda full\"><img decoding=\"async\" src=\"https:\/\/cdn.agenciacidades.com.br\/upload\/dn_arquivo\/2025\/10\/2855-giethoorn-paises-baixos-1.jpg\" alt=\"\" \/><small class=\"dn_legendaImg\"><em>Giethoorn \u00e9 marcada por casas de telhado de palha e jardins floridos (Freepik)<\/em><\/small><\/div>\n<p><strong>4. Giethoorn, Pa\u00edses Baixos<\/strong><br \/>\nCom canais estreitos e pontes de madeira, Giethoorn \u00e9 marcada por casas de telhado de palha e jardins floridos. O transporte \u00e9 feito por pequenas embarca\u00e7\u00f5es. O Museu Giethoorn \u2019t Olde Maat Uus apresenta a hist\u00f3ria local de cortadores de turfa e pescadores. Nas proximidades, o Parque Nacional De Weerribben-Wieden preserva \u00e1reas de p\u00e2ntano, florestas alagadas e esp\u00e9cies de lontras.<\/p>\n<div class=\"dn_imagemComLegenda full\"><img decoding=\"async\" src=\"https:\/\/cdn.agenciacidades.com.br\/upload\/dn_arquivo\/2025\/10\/22375-gasadalur-ilhas-faroe-1.jpg\" alt=\"\" \/><small class=\"dn_legendaImg\"><em>G\u00e1sadalur \u00e9 cercada por vales glaciais e pela cachoeira M\u00falafossur, que\u00a0des\u00e1gua diretamente no oceano Atl\u00e2ntico (Freepik)<\/em><\/small><\/div>\n<p><strong>5. G\u00e1sadalur, Ilhas Faro\u00e9<\/strong><br \/>\nNa ilha de V\u00e1gar, G\u00e1sadalur \u00e9 cercada por vales glaciais e pelo monte \u00c1rnafjall, o mais alto da regi\u00e3o, com 722 metros. A cachoeira M\u00falafossur des\u00e1gua diretamente no oceano Atl\u00e2ntico. O acesso ao vilarejo foi facilitado a partir de 2004, com a abertura de um t\u00fanel.<\/p>\n<div class=\"dn_imagemComLegenda full\"><img decoding=\"async\" src=\"https:\/\/cdn.agenciacidades.com.br\/upload\/dn_arquivo\/2025\/10\/27-oia-grecia-1.jpg\" alt=\"\" \/><small class=\"dn_legendaImg\"><em>Oia,\u00a0no norte de Santorini, \u00e9 formada por casas brancas constru\u00eddas nas encostas da caldeira, galerias de arte e pequenas igrejas (Freepik)<\/em><\/small><\/div>\n<p><strong>6. Oia, Gr\u00e9cia<\/strong><br \/>\nLocalizada no norte de Santorini, Oia \u00e9 formada por casas brancas constru\u00eddas nas encostas da caldeira, galerias de arte e pequenas igrejas. O p\u00f4r do sol \u00e9 um dos pontos de encontro mais conhecidos, observado a partir das ru\u00ednas de um castelo veneziano. A ba\u00eda de Ammoudi concentra restaurantes de frutos do mar.<\/p>\n<p><strong>7. Bourtange, Pa\u00edses Baixos<br \/>\n8. Kotor, Montenegro<br \/>\n9. Shirakawa-go, Jap\u00e3o<br \/>\n10. Batad, Filipinas<br \/>\n11. Russell, Nova Zel\u00e2ndia<br \/>\n12. Mrauk U, Mianmar<br \/>\n13. Adare, Irlanda<br \/>\n14. Steg, Liechtenstein<br \/>\n15. Eguisheim, Fran\u00e7a<br \/>\n16. Manarola, It\u00e1lia<br \/>\n17. Valldemossa, Espanha<br \/>\n18. Zhouzhuang, China<br \/>\n19. Ghandruk, Nepal<br \/>\n20. Cam Thanh, Vietn\u00e3<br \/>\n21. Monsanto, Portugal<br \/>\n22. \u0160pania Dolina, Eslov\u00e1quia<br \/>\n23. Victoria-by-the-Sea, Canad\u00e1<br \/>\n24. Purmamarca, Argentina<br \/>\n25. Izamal, M\u00e9xico<br \/>\n26. Ubud, Indon\u00e9sia<br \/>\n27. Motovun, Cro\u00e1cia<br \/>\n28. Ogunquit, Estados Unidos<br \/>\n29. Boquete, Panam\u00e1<br \/>\n30. Chefchaouen, Marrocos<br \/>\n31. Coffee Bay, \u00c1frica do Sul<br \/>\n32. Sidi Bou Said, Tun\u00edsia<br \/>\n33. Lauterbrunnen, Su\u00ed\u00e7a<br \/>\n34. Ban Rak Thai, Tail\u00e2ndia<\/strong><\/p>\n<div class=\"dn_imagemComLegenda full\"><img decoding=\"async\" src=\"https:\/\/cdn.agenciacidades.com.br\/upload\/dn_arquivo\/2025\/10\/21966619-paraty-brasil-1.jpg\" alt=\"\" \/><small class=\"dn_legendaImg\"><em>Paraty, no litoral do Rio de Janeiro, preserva igrejas coloniais e ruas de pedra (Freepik)<\/em><\/small><\/div>\n<p><strong>35. Paraty, Brasil<\/strong><br \/>\nParaty, no litoral do Rio de Janeiro, preserva igrejas coloniais e ruas de pedra. Do cais partem barcos para o Saco do Mamangu\u00e1, considerado um fiorde tropical. Nas proximidades, h\u00e1 trilhas e cachoeiras. A regi\u00e3o tamb\u00e9m \u00e9 conhecida pela produ\u00e7\u00e3o de cacha\u00e7a artesanal.<\/p>\n<p><strong>36. Ghadames, L\u00edbia<br \/>\n37. Chamarel, Maur\u00edcio<br \/>\n38. Bandiagara, Mali<br \/>\n39. Titikaveka, Ilhas Cook<br \/>\n40. Ortahisar, Turquia<br \/>\n41. Jukkasj\u00e4rvi, Su\u00e9cia<br \/>\n42. Ollantaytambo, Peru<br \/>\n43. Bilad Sayt, Om\u00e3<br \/>\n44. Arang Kel, Paquist\u00e3o<br \/>\n45. Gudhjem, Dinamarca<br \/>\n46. Sey\u00f0isfj\u00f6r\u00f0ur, Isl\u00e2ndia<br \/>\n47. Hahoe, Coreia do Sul<br \/>\n48. Tatev, Arm\u00eania<br \/>\n49. Rothenburg ob der Tauber, Alemanha<br \/>\n50. Marsaxlokk, Malta<\/strong><\/p>\n<p>Com informa\u00e7\u00f5es da Forbes e Unforgettable Travel.<br \/>\n@forbesbr @unforgettabletravelcompany @prefeitura.paraty<\/p>\n<\/article>\n<p>Fonte: Cidades- Ag\u00eancia de Not\u00edcias<\/p>\n<article>\n<div class=\"dn_noticiasRelacionadas nrEsquerda\"><\/div>\n<\/article>\n<\/div>\n<\/section>\n","protected":false},"excerpt":{"rendered":"<p>Foto: Rovena Rosa\/Ag\u00eancia Brasil Paraty est\u00e1 entre as &#8217;50 Vilas Mais Lindas do Mundo&#8217; Patrim\u00f4nio Mundial da Unesco, Paraty \u00e9 a \u00fanica cidade brasileira na lista dominada pelas vilas europeias \u00a026\/02\/2026 &#8211; 12:12\u00a0Por Wilson Lopes Paraty \u00e9 Patrim\u00f4nio Mundial da Unesco desde 2019, reconhecendo a combina\u00e7\u00e3o \u00fanica de sua cultura (centro hist\u00f3rico, povos tradicionais) e [&hellip;]<\/p>\n","protected":false},"author":2,"featured_media":4262,"comment_status":"open","ping_status":"open","sticky":false,"template":"","format":"standard","meta":{"rop_custom_images_group":[],"rop_custom_messages_group":[],"rop_publish_now":"initial","rop_publish_now_accounts":{"twitter_850042665852968960_850042665852968960":""},"rop_publish_now_history":[],"rop_publish_now_status":"pending","footnotes":""},"categories":[9],"tags":[925,926,927],"class_list":["post-4261","post","type-post","status-publish","format-standard","has-post-thumbnail","hentry","category-municipios","tag-paraty","tag-patrimonio-historico-da-unesco","tag-vilas-mais-lindas-do-munco"],"yoast_head":"<!-- This site is optimized with the Yoast SEO plugin v27.2 - https:\/\/yoast.com\/product\/yoast-seo-wordpress\/ -->\n<title>Paraty est\u00e1 entre as 50 Vilas Mais Lindas do Mundo - Prefeitos &amp; Gest\u00f5es<\/title>\n<meta name=\"description\" content=\"Paraty est\u00e1 entre as &#039;50 Vilas Mais Lindas do Mundo&#039;Patrim\u00f4nio Mundial da Unesco, Paraty \u00e9 a \u00fanica cidade brasileira na lista dominada pelas vilas europeias\" \/>\n<meta name=\"robots\" content=\"index, follow, max-snippet:-1, max-image-preview:large, max-video-preview:-1\" \/>\n<link rel=\"canonical\" href=\"https:\/\/prefeitosegestoes.com.br\/portal\/paraty-esta-entre-as-50-vilas-mais-lindas-do-mundo\/\" \/>\n<meta property=\"og:locale\" content=\"pt_BR\" \/>\n<meta property=\"og:type\" content=\"article\" \/>\n<meta property=\"og:title\" content=\"Paraty est\u00e1 entre as 50 Vilas Mais Lindas do Mundo - Prefeitos &amp; Gest\u00f5es\" \/>\n<meta property=\"og:description\" content=\"Paraty est\u00e1 entre as &#039;50 Vilas Mais Lindas do Mundo&#039;Patrim\u00f4nio Mundial da Unesco, Paraty \u00e9 a \u00fanica cidade brasileira na lista dominada pelas vilas europeias\" \/>\n<meta property=\"og:url\" content=\"https:\/\/prefeitosegestoes.com.br\/portal\/paraty-esta-entre-as-50-vilas-mais-lindas-do-mundo\/\" \/>\n<meta property=\"og:site_name\" content=\"Prefeitos &amp; Gest\u00f5es\" \/>\n<meta property=\"article:publisher\" content=\"https:\/\/www.facebook.com\/prefeitosonline\" \/>\n<meta property=\"article:published_time\" content=\"2026-02-27T14:55:54+00:00\" \/>\n<meta property=\"og:image\" content=\"https:\/\/prefeitosegestoes.com.br\/portal\/wp-content\/uploads\/2026\/02\/Materia-7-Imagem.webp\" \/>\n\t<meta property=\"og:image:width\" content=\"1024\" \/>\n\t<meta property=\"og:image:height\" content=\"768\" \/>\n\t<meta property=\"og:image:type\" content=\"image\/webp\" \/>\n<meta name=\"author\" content=\"Prefeitos &amp; Gest\u00f5es\" \/>\n<meta name=\"twitter:card\" content=\"summary_large_image\" \/>\n<meta name=\"twitter:creator\" content=\"@PrefGestoes\" \/>\n<meta name=\"twitter:site\" content=\"@PrefGestoes\" \/>\n<meta name=\"twitter:label1\" content=\"Escrito por\" \/>\n\t<meta name=\"twitter:data1\" content=\"Prefeitos &amp; Gest\u00f5es\" \/>\n\t<meta name=\"twitter:label2\" content=\"Est. tempo de leitura\" \/>\n\t<meta name=\"twitter:data2\" content=\"8 minutos\" \/>\n<script type=\"application\/ld+json\" class=\"yoast-schema-graph\">{\"@context\":\"https:\/\/schema.org\",\"@graph\":[{\"@type\":\"Article\",\"@id\":\"https:\/\/prefeitosegestoes.com.br\/portal\/paraty-esta-entre-as-50-vilas-mais-lindas-do-mundo\/#article\",\"isPartOf\":{\"@id\":\"https:\/\/prefeitosegestoes.com.br\/portal\/paraty-esta-entre-as-50-vilas-mais-lindas-do-mundo\/\"},\"author\":{\"name\":\"Prefeitos &amp; Gest\u00f5es\",\"@id\":\"https:\/\/prefeitosegestoes.com.br\/portal\/#\/schema\/person\/d00059f2ec99963e7e1850d448ae94b8\"},\"headline\":\"Paraty est\u00e1 entre as 50 Vilas Mais Lindas do Mundo\",\"datePublished\":\"2026-02-27T14:55:54+00:00\",\"mainEntityOfPage\":{\"@id\":\"https:\/\/prefeitosegestoes.com.br\/portal\/paraty-esta-entre-as-50-vilas-mais-lindas-do-mundo\/\"},\"wordCount\":985,\"commentCount\":0,\"publisher\":{\"@id\":\"https:\/\/prefeitosegestoes.com.br\/portal\/#organization\"},\"image\":{\"@id\":\"https:\/\/prefeitosegestoes.com.br\/portal\/paraty-esta-entre-as-50-vilas-mais-lindas-do-mundo\/#primaryimage\"},\"thumbnailUrl\":\"https:\/\/prefeitosegestoes.com.br\/portal\/wp-content\/uploads\/2026\/02\/Materia-7-Imagem.webp\",\"keywords\":[\"Paraty\",\"Patrim\u00f4nio Hist\u00f3rico da Unesco\",\"Vilas mais lindas do munco\"],\"articleSection\":[\"Munic\u00edpios\"],\"inLanguage\":\"pt-BR\",\"potentialAction\":[{\"@type\":\"CommentAction\",\"name\":\"Comment\",\"target\":[\"https:\/\/prefeitosegestoes.com.br\/portal\/paraty-esta-entre-as-50-vilas-mais-lindas-do-mundo\/#respond\"]}]},{\"@type\":\"WebPage\",\"@id\":\"https:\/\/prefeitosegestoes.com.br\/portal\/paraty-esta-entre-as-50-vilas-mais-lindas-do-mundo\/\",\"url\":\"https:\/\/prefeitosegestoes.com.br\/portal\/paraty-esta-entre-as-50-vilas-mais-lindas-do-mundo\/\",\"name\":\"Paraty est\u00e1 entre as 50 Vilas Mais Lindas do Mundo - Prefeitos &amp; Gest\u00f5es\",\"isPartOf\":{\"@id\":\"https:\/\/prefeitosegestoes.com.br\/portal\/#website\"},\"primaryImageOfPage\":{\"@id\":\"https:\/\/prefeitosegestoes.com.br\/portal\/paraty-esta-entre-as-50-vilas-mais-lindas-do-mundo\/#primaryimage\"},\"image\":{\"@id\":\"https:\/\/prefeitosegestoes.com.br\/portal\/paraty-esta-entre-as-50-vilas-mais-lindas-do-mundo\/#primaryimage\"},\"thumbnailUrl\":\"https:\/\/prefeitosegestoes.com.br\/portal\/wp-content\/uploads\/2026\/02\/Materia-7-Imagem.webp\",\"datePublished\":\"2026-02-27T14:55:54+00:00\",\"description\":\"Paraty est\u00e1 entre as '50 Vilas Mais Lindas do Mundo'Patrim\u00f4nio Mundial da Unesco, Paraty \u00e9 a \u00fanica cidade brasileira na lista dominada pelas vilas europeias\",\"breadcrumb\":{\"@id\":\"https:\/\/prefeitosegestoes.com.br\/portal\/paraty-esta-entre-as-50-vilas-mais-lindas-do-mundo\/#breadcrumb\"},\"inLanguage\":\"pt-BR\",\"potentialAction\":[{\"@type\":\"ReadAction\",\"target\":[\"https:\/\/prefeitosegestoes.com.br\/portal\/paraty-esta-entre-as-50-vilas-mais-lindas-do-mundo\/\"]}]},{\"@type\":\"ImageObject\",\"inLanguage\":\"pt-BR\",\"@id\":\"https:\/\/prefeitosegestoes.com.br\/portal\/paraty-esta-entre-as-50-vilas-mais-lindas-do-mundo\/#primaryimage\",\"url\":\"https:\/\/prefeitosegestoes.com.br\/portal\/wp-content\/uploads\/2026\/02\/Materia-7-Imagem.webp\",\"contentUrl\":\"https:\/\/prefeitosegestoes.com.br\/portal\/wp-content\/uploads\/2026\/02\/Materia-7-Imagem.webp\",\"width\":1024,\"height\":768},{\"@type\":\"BreadcrumbList\",\"@id\":\"https:\/\/prefeitosegestoes.com.br\/portal\/paraty-esta-entre-as-50-vilas-mais-lindas-do-mundo\/#breadcrumb\",\"itemListElement\":[{\"@type\":\"ListItem\",\"position\":1,\"name\":\"In\u00edcio\",\"item\":\"https:\/\/prefeitosegestoes.com.br\/portal\/\"},{\"@type\":\"ListItem\",\"position\":2,\"name\":\"Paraty est\u00e1 entre as 50 Vilas Mais Lindas do Mundo\"}]},{\"@type\":\"WebSite\",\"@id\":\"https:\/\/prefeitosegestoes.com.br\/portal\/#website\",\"url\":\"https:\/\/prefeitosegestoes.com.br\/portal\/\",\"name\":\"Prefeitos & Gest\u00f5es\",\"description\":\"\",\"publisher\":{\"@id\":\"https:\/\/prefeitosegestoes.com.br\/portal\/#organization\"},\"potentialAction\":[{\"@type\":\"SearchAction\",\"target\":{\"@type\":\"EntryPoint\",\"urlTemplate\":\"https:\/\/prefeitosegestoes.com.br\/portal\/?s={search_term_string}\"},\"query-input\":{\"@type\":\"PropertyValueSpecification\",\"valueRequired\":true,\"valueName\":\"search_term_string\"}}],\"inLanguage\":\"pt-BR\"},{\"@type\":\"Organization\",\"@id\":\"https:\/\/prefeitosegestoes.com.br\/portal\/#organization\",\"name\":\"Prefeitos & Gest\u00f5es\",\"url\":\"https:\/\/prefeitosegestoes.com.br\/portal\/\",\"logo\":{\"@type\":\"ImageObject\",\"inLanguage\":\"pt-BR\",\"@id\":\"https:\/\/prefeitosegestoes.com.br\/portal\/#\/schema\/logo\/image\/\",\"url\":\"https:\/\/prefeitosegestoes.com.br\/portal\/wp-content\/uploads\/2024\/10\/lg_trans_prefeitos_2024_preto2.png\",\"contentUrl\":\"https:\/\/prefeitosegestoes.com.br\/portal\/wp-content\/uploads\/2024\/10\/lg_trans_prefeitos_2024_preto2.png\",\"width\":199,\"height\":122,\"caption\":\"Prefeitos & Gest\u00f5es\"},\"image\":{\"@id\":\"https:\/\/prefeitosegestoes.com.br\/portal\/#\/schema\/logo\/image\/\"},\"sameAs\":[\"https:\/\/www.facebook.com\/prefeitosonline\",\"https:\/\/x.com\/PrefGestoes\"]},{\"@type\":\"Person\",\"@id\":\"https:\/\/prefeitosegestoes.com.br\/portal\/#\/schema\/person\/d00059f2ec99963e7e1850d448ae94b8\",\"name\":\"Prefeitos &amp; Gest\u00f5es\",\"image\":{\"@type\":\"ImageObject\",\"inLanguage\":\"pt-BR\",\"@id\":\"https:\/\/secure.gravatar.com\/avatar\/738fb281e479212ed32c1a21a4307dda9f3af9292edb6918a16c9ce9fff5f48d?s=96&d=mm&r=g\",\"url\":\"https:\/\/secure.gravatar.com\/avatar\/738fb281e479212ed32c1a21a4307dda9f3af9292edb6918a16c9ce9fff5f48d?s=96&d=mm&r=g\",\"contentUrl\":\"https:\/\/secure.gravatar.com\/avatar\/738fb281e479212ed32c1a21a4307dda9f3af9292edb6918a16c9ce9fff5f48d?s=96&d=mm&r=g\",\"caption\":\"Prefeitos &amp; Gest\u00f5es\"},\"url\":\"https:\/\/prefeitosegestoes.com.br\/portal\/author\/prefeitosegestoes\/\"}]}<\/script>\n<!-- \/ Yoast SEO plugin. -->","yoast_head_json":{"title":"Paraty est\u00e1 entre as 50 Vilas Mais Lindas do Mundo - Prefeitos &amp; Gest\u00f5es","description":"Paraty est\u00e1 entre as '50 Vilas Mais Lindas do Mundo'Patrim\u00f4nio Mundial da Unesco, Paraty \u00e9 a \u00fanica cidade brasileira na lista dominada pelas vilas europeias","robots":{"index":"index","follow":"follow","max-snippet":"max-snippet:-1","max-image-preview":"max-image-preview:large","max-video-preview":"max-video-preview:-1"},"canonical":"https:\/\/prefeitosegestoes.com.br\/portal\/paraty-esta-entre-as-50-vilas-mais-lindas-do-mundo\/","og_locale":"pt_BR","og_type":"article","og_title":"Paraty est\u00e1 entre as 50 Vilas Mais Lindas do Mundo - Prefeitos &amp; Gest\u00f5es","og_description":"Paraty est\u00e1 entre as '50 Vilas Mais Lindas do Mundo'Patrim\u00f4nio Mundial da Unesco, Paraty \u00e9 a \u00fanica cidade brasileira na lista dominada pelas vilas europeias","og_url":"https:\/\/prefeitosegestoes.com.br\/portal\/paraty-esta-entre-as-50-vilas-mais-lindas-do-mundo\/","og_site_name":"Prefeitos &amp; Gest\u00f5es","article_publisher":"https:\/\/www.facebook.com\/prefeitosonline","article_published_time":"2026-02-27T14:55:54+00:00","og_image":[{"width":1024,"height":768,"url":"https:\/\/prefeitosegestoes.com.br\/portal\/wp-content\/uploads\/2026\/02\/Materia-7-Imagem.webp","type":"image\/webp"}],"author":"Prefeitos &amp; Gest\u00f5es","twitter_card":"summary_large_image","twitter_creator":"@PrefGestoes","twitter_site":"@PrefGestoes","twitter_misc":{"Escrito por":"Prefeitos &amp; Gest\u00f5es","Est. tempo de leitura":"8 minutos"},"schema":{"@context":"https:\/\/schema.org","@graph":[{"@type":"Article","@id":"https:\/\/prefeitosegestoes.com.br\/portal\/paraty-esta-entre-as-50-vilas-mais-lindas-do-mundo\/#article","isPartOf":{"@id":"https:\/\/prefeitosegestoes.com.br\/portal\/paraty-esta-entre-as-50-vilas-mais-lindas-do-mundo\/"},"author":{"name":"Prefeitos &amp; Gest\u00f5es","@id":"https:\/\/prefeitosegestoes.com.br\/portal\/#\/schema\/person\/d00059f2ec99963e7e1850d448ae94b8"},"headline":"Paraty est\u00e1 entre as 50 Vilas Mais Lindas do Mundo","datePublished":"2026-02-27T14:55:54+00:00","mainEntityOfPage":{"@id":"https:\/\/prefeitosegestoes.com.br\/portal\/paraty-esta-entre-as-50-vilas-mais-lindas-do-mundo\/"},"wordCount":985,"commentCount":0,"publisher":{"@id":"https:\/\/prefeitosegestoes.com.br\/portal\/#organization"},"image":{"@id":"https:\/\/prefeitosegestoes.com.br\/portal\/paraty-esta-entre-as-50-vilas-mais-lindas-do-mundo\/#primaryimage"},"thumbnailUrl":"https:\/\/prefeitosegestoes.com.br\/portal\/wp-content\/uploads\/2026\/02\/Materia-7-Imagem.webp","keywords":["Paraty","Patrim\u00f4nio Hist\u00f3rico da Unesco","Vilas mais lindas do munco"],"articleSection":["Munic\u00edpios"],"inLanguage":"pt-BR","potentialAction":[{"@type":"CommentAction","name":"Comment","target":["https:\/\/prefeitosegestoes.com.br\/portal\/paraty-esta-entre-as-50-vilas-mais-lindas-do-mundo\/#respond"]}]},{"@type":"WebPage","@id":"https:\/\/prefeitosegestoes.com.br\/portal\/paraty-esta-entre-as-50-vilas-mais-lindas-do-mundo\/","url":"https:\/\/prefeitosegestoes.com.br\/portal\/paraty-esta-entre-as-50-vilas-mais-lindas-do-mundo\/","name":"Paraty est\u00e1 entre as 50 Vilas Mais Lindas do Mundo - Prefeitos &amp; Gest\u00f5es","isPartOf":{"@id":"https:\/\/prefeitosegestoes.com.br\/portal\/#website"},"primaryImageOfPage":{"@id":"https:\/\/prefeitosegestoes.com.br\/portal\/paraty-esta-entre-as-50-vilas-mais-lindas-do-mundo\/#primaryimage"},"image":{"@id":"https:\/\/prefeitosegestoes.com.br\/portal\/paraty-esta-entre-as-50-vilas-mais-lindas-do-mundo\/#primaryimage"},"thumbnailUrl":"https:\/\/prefeitosegestoes.com.br\/portal\/wp-content\/uploads\/2026\/02\/Materia-7-Imagem.webp","datePublished":"2026-02-27T14:55:54+00:00","description":"Paraty est\u00e1 entre as '50 Vilas Mais Lindas do Mundo'Patrim\u00f4nio Mundial da Unesco, Paraty \u00e9 a \u00fanica cidade brasileira na lista dominada pelas vilas europeias","breadcrumb":{"@id":"https:\/\/prefeitosegestoes.com.br\/portal\/paraty-esta-entre-as-50-vilas-mais-lindas-do-mundo\/#breadcrumb"},"inLanguage":"pt-BR","potentialAction":[{"@type":"ReadAction","target":["https:\/\/prefeitosegestoes.com.br\/portal\/paraty-esta-entre-as-50-vilas-mais-lindas-do-mundo\/"]}]},{"@type":"ImageObject","inLanguage":"pt-BR","@id":"https:\/\/prefeitosegestoes.com.br\/portal\/paraty-esta-entre-as-50-vilas-mais-lindas-do-mundo\/#primaryimage","url":"https:\/\/prefeitosegestoes.com.br\/portal\/wp-content\/uploads\/2026\/02\/Materia-7-Imagem.webp","contentUrl":"https:\/\/prefeitosegestoes.com.br\/portal\/wp-content\/uploads\/2026\/02\/Materia-7-Imagem.webp","width":1024,"height":768},{"@type":"BreadcrumbList","@id":"https:\/\/prefeitosegestoes.com.br\/portal\/paraty-esta-entre-as-50-vilas-mais-lindas-do-mundo\/#breadcrumb","itemListElement":[{"@type":"ListItem","position":1,"name":"In\u00edcio","item":"https:\/\/prefeitosegestoes.com.br\/portal\/"},{"@type":"ListItem","position":2,"name":"Paraty est\u00e1 entre as 50 Vilas Mais Lindas do Mundo"}]},{"@type":"WebSite","@id":"https:\/\/prefeitosegestoes.com.br\/portal\/#website","url":"https:\/\/prefeitosegestoes.com.br\/portal\/","name":"Prefeitos & Gest\u00f5es","description":"","publisher":{"@id":"https:\/\/prefeitosegestoes.com.br\/portal\/#organization"},"potentialAction":[{"@type":"SearchAction","target":{"@type":"EntryPoint","urlTemplate":"https:\/\/prefeitosegestoes.com.br\/portal\/?s={search_term_string}"},"query-input":{"@type":"PropertyValueSpecification","valueRequired":true,"valueName":"search_term_string"}}],"inLanguage":"pt-BR"},{"@type":"Organization","@id":"https:\/\/prefeitosegestoes.com.br\/portal\/#organization","name":"Prefeitos & Gest\u00f5es","url":"https:\/\/prefeitosegestoes.com.br\/portal\/","logo":{"@type":"ImageObject","inLanguage":"pt-BR","@id":"https:\/\/prefeitosegestoes.com.br\/portal\/#\/schema\/logo\/image\/","url":"https:\/\/prefeitosegestoes.com.br\/portal\/wp-content\/uploads\/2024\/10\/lg_trans_prefeitos_2024_preto2.png","contentUrl":"https:\/\/prefeitosegestoes.com.br\/portal\/wp-content\/uploads\/2024\/10\/lg_trans_prefeitos_2024_preto2.png","width":199,"height":122,"caption":"Prefeitos & Gest\u00f5es"},"image":{"@id":"https:\/\/prefeitosegestoes.com.br\/portal\/#\/schema\/logo\/image\/"},"sameAs":["https:\/\/www.facebook.com\/prefeitosonline","https:\/\/x.com\/PrefGestoes"]},{"@type":"Person","@id":"https:\/\/prefeitosegestoes.com.br\/portal\/#\/schema\/person\/d00059f2ec99963e7e1850d448ae94b8","name":"Prefeitos &amp; Gest\u00f5es","image":{"@type":"ImageObject","inLanguage":"pt-BR","@id":"https:\/\/secure.gravatar.com\/avatar\/738fb281e479212ed32c1a21a4307dda9f3af9292edb6918a16c9ce9fff5f48d?s=96&d=mm&r=g","url":"https:\/\/secure.gravatar.com\/avatar\/738fb281e479212ed32c1a21a4307dda9f3af9292edb6918a16c9ce9fff5f48d?s=96&d=mm&r=g","contentUrl":"https:\/\/secure.gravatar.com\/avatar\/738fb281e479212ed32c1a21a4307dda9f3af9292edb6918a16c9ce9fff5f48d?s=96&d=mm&r=g","caption":"Prefeitos &amp; Gest\u00f5es"},"url":"https:\/\/prefeitosegestoes.com.br\/portal\/author\/prefeitosegestoes\/"}]}},"_links":{"self":[{"href":"https:\/\/prefeitosegestoes.com.br\/portal\/wp-json\/wp\/v2\/posts\/4261","targetHints":{"allow":["GET"]}}],"collection":[{"href":"https:\/\/prefeitosegestoes.com.br\/portal\/wp-json\/wp\/v2\/posts"}],"about":[{"href":"https:\/\/prefeitosegestoes.com.br\/portal\/wp-json\/wp\/v2\/types\/post"}],"author":[{"embeddable":true,"href":"https:\/\/prefeitosegestoes.com.br\/portal\/wp-json\/wp\/v2\/users\/2"}],"replies":[{"embeddable":true,"href":"https:\/\/prefeitosegestoes.com.br\/portal\/wp-json\/wp\/v2\/comments?post=4261"}],"version-history":[{"count":1,"href":"https:\/\/prefeitosegestoes.com.br\/portal\/wp-json\/wp\/v2\/posts\/4261\/revisions"}],"predecessor-version":[{"id":4263,"href":"https:\/\/prefeitosegestoes.com.br\/portal\/wp-json\/wp\/v2\/posts\/4261\/revisions\/4263"}],"wp:featuredmedia":[{"embeddable":true,"href":"https:\/\/prefeitosegestoes.com.br\/portal\/wp-json\/wp\/v2\/media\/4262"}],"wp:attachment":[{"href":"https:\/\/prefeitosegestoes.com.br\/portal\/wp-json\/wp\/v2\/media?parent=4261"}],"wp:term":[{"taxonomy":"category","embeddable":true,"href":"https:\/\/prefeitosegestoes.com.br\/portal\/wp-json\/wp\/v2\/categories?post=4261"},{"taxonomy":"post_tag","embeddable":true,"href":"https:\/\/prefeitosegestoes.com.br\/portal\/wp-json\/wp\/v2\/tags?post=4261"}],"curies":[{"name":"wp","href":"https:\/\/api.w.org\/{rel}","templated":true}]}}