{"id":4257,"date":"2026-02-27T11:38:00","date_gmt":"2026-02-27T14:38:00","guid":{"rendered":"https:\/\/prefeitosegestoes.com.br\/portal\/?p=4257"},"modified":"2026-02-27T11:38:00","modified_gmt":"2026-02-27T14:38:00","slug":"nova-sede-governo-de-sao-paulo","status":"publish","type":"post","link":"https:\/\/prefeitosegestoes.com.br\/portal\/nova-sede-governo-de-sao-paulo\/","title":{"rendered":"Nova sede Governo de S\u00e3o Paulo"},"content":{"rendered":"<div class=\"elementor-element elementor-element-529a374 e-con-full e-flex e-con e-child\" data-id=\"529a374\" data-element_type=\"container\" data-settings=\"{&quot;_ha_eqh_enable&quot;:false}\">\n<div class=\"elementor-element elementor-element-c6acef9 titulos-paginas elementor-widget__width-initial elementor-widget elementor-widget-heading\" data-id=\"c6acef9\" data-element_type=\"widget\" data-widget_type=\"heading.default\">\n<div class=\"elementor-widget-container\">\n<h6 class=\"elementor-heading-title elementor-size-default\">Imagem Divulga\u00e7\u00e3o<\/h6>\n<h1 class=\"elementor-heading-title elementor-size-default\">Nova sede do Governo de SP: inscri\u00e7\u00e3o para concurso arquitet\u00f4nico entra na reta final<\/h1>\n<\/div>\n<\/div>\n<div class=\"elementor-element elementor-element-dd5fb13 elementor-widget__width-initial elementor-widget elementor-widget-theme-post-excerpt\" data-id=\"dd5fb13\" data-element_type=\"widget\" data-widget_type=\"theme-post-excerpt.default\">\n<div class=\"elementor-widget-container\">Prazo para arquitetos e urbanistas participarem do processo seletivo termina no dia 12; entrega de propostas foi adiada at\u00e9 10 de julho<\/div>\n<\/div>\n<\/div>\n<div class=\"elementor-element elementor-element-574532e elementor-share-buttons--view-icon elementor-share-buttons--skin-framed elementor-share-buttons--shape-circle elementor-share-buttons--color-custom elementor-grid-0 elementor-widget elementor-widget-share-buttons\" data-id=\"574532e\" data-element_type=\"widget\" data-widget_type=\"share-buttons.default\">\n<div class=\"elementor-widget-container\">\n<div class=\"elementor-grid\" role=\"list\">\n<div class=\"elementor-grid-item\" role=\"listitem\">\n<div class=\"elementor-share-btn elementor-share-btn_facebook\" tabindex=\"0\" role=\"button\" aria-label=\"Share on facebook\"><\/div>\n<\/div>\n<div class=\"elementor-grid-item\" role=\"listitem\">\n<div class=\"elementor-share-btn elementor-share-btn_email\" tabindex=\"0\" role=\"button\" aria-label=\"Share on email\"><\/div>\n<\/div>\n<\/div>\n<\/div>\n<\/div>\n<div class=\"elementor-element elementor-element-b740d74 elementor-widget elementor-widget-image\" data-id=\"b740d74\" data-element_type=\"widget\" data-widget_type=\"image.default\">\n<div class=\"elementor-widget-container\"><img fetchpriority=\"high\" decoding=\"async\" class=\"attachment-1536x1536 size-1536x1536 wp-image-2387\" src=\"https:\/\/www.ppi.sp.gov.br\/wp-content\/uploads\/2025\/01\/concurso-arquitetonico-1.jpg\" sizes=\"(max-width: 602px) 100vw, 602px\" srcset=\"https:\/\/www.ppi.sp.gov.br\/wp-content\/uploads\/2025\/01\/concurso-arquitetonico-1.jpg 602w, https:\/\/www.ppi.sp.gov.br\/wp-content\/uploads\/2025\/01\/concurso-arquitetonico-1-300x169.jpg 300w\" alt=\"\" width=\"602\" height=\"339\" \/><\/div>\n<div>Imagem Divulga\u00e7\u00e3o<\/div>\n<\/div>\n<div class=\"elementor-element elementor-element-7a413d5 elementor-widget elementor-widget-theme-post-content\" data-id=\"7a413d5\" data-element_type=\"widget\" data-widget_type=\"theme-post-content.default\">\n<div class=\"elementor-widget-container\">\n<p>As inscri\u00e7\u00f5es para o\u00a0Concurso P\u00fablico Nacional de Arquitetura\u00a0que vai selecionar o projeto da nova sede administrativa do Governo de S\u00e3o Paulo nos Campos El\u00edseos, centro da capital, terminam na pr\u00f3xima quarta-feira (12). Assim, arquitetos e urbanistas de todo o Brasil t\u00eam somente mais uma semana para se candidatar.<\/p>\n<p>O concurso \u00e9 considerado um dos maiores j\u00e1 realizados no pa\u00eds desde a constru\u00e7\u00e3o de Bras\u00edlia, na d\u00e9cada de 1960. A escolha pelo formato teve o objetivo de tornar o processo transparente e aberto ao debate de forma ampla.<\/p>\n<p>\u201c<em>Sab\u00edamos que um concurso p\u00fablico n\u00e3o era o caminho mais simples, mas \u00e9 o mais correto. Os arquitetos e urbanistas do pa\u00eds v\u00e3o poder dialogar conosco sobre as solu\u00e7\u00f5es mais adequadas para o centro administrativo<\/em>\u201d, explica Edgard Benozatti, diretor presidente da Companhia Paulista de Parcerias (CPP). A estatal do governo de S\u00e3o Paulo organiza o concurso em parceria com o Instituto de Arquitetos do Brasil \u2013 Departamento de S\u00e3o Paulo (IAB).<\/p>\n<p>A instala\u00e7\u00e3o da nova estrutura tem amparo nas leis de zoneamento urbano da cidade, e todas as propostas dever\u00e3o considerar obrigatoriamente o Plano Diretor do munic\u00edpio de S\u00e3o Paulo e as resolu\u00e7\u00f5es ligadas aos tombamentos hist\u00f3ricos na \u00e1rea de interven\u00e7\u00e3o.<\/p>\n<p>O\u00a0concurso ser\u00e1 realizado em uma \u00fanica fase, que selecionar\u00e1 o projeto vencedor, com pr\u00eamio de R$ 850 mil. O segundo colocado receber\u00e1 R$ 100 mil, enquanto o terceiro colocado ser\u00e1 premiado com R$ 50 mil, al\u00e9m de poss\u00edveis men\u00e7\u00f5es honrosas.<\/p>\n<p>J\u00e1 o per\u00edodo para os concorrentes entregarem as propostas contendo os estudos preliminares foi prorrogado e termina no dia 10 de julho. O julgamento das propostas recebidas vai at\u00e9 5 de agosto, e a data limite para homologa\u00e7\u00e3o e divulga\u00e7\u00e3o do resultado definitivo do concurso \u00e9 em 19 de agosto.<\/p>\n<p><strong><em>Veja o cronograma completo:<\/em><\/strong><\/p>\n<p>Todo o processo para inscri\u00e7\u00e3o e entrega das propostas ser\u00e1 por meio eletr\u00f4nico. Instru\u00e7\u00f5es e formul\u00e1rios est\u00e3o dispon\u00edveis no site oficial do concurso (<a href=\"https:\/\/concursogovspnocentro.org.br\/\" target=\"_blank\" rel=\"noreferrer noopener\">https:\/\/concursogovspnocentro.org.br<\/a>).<\/p>\n<p>A participa\u00e7\u00e3o \u00e9 aberta exclusivamente a arquitetos e urbanistas residentes no Brasil. O profissional precisa ser legalmente habilitado, com registro profissional regularizado e adimplente junto ao Conselho de Arquitetura e Urbanismo (CAU). No ato da inscri\u00e7\u00e3o, o respons\u00e1vel t\u00e9cnico dever\u00e1 indicar a pessoa jur\u00eddica \u00e0 qual \u00e9 vinculado, que ser\u00e1 a empresa que poder\u00e1 ser contratada para o desenvolvimento do projeto executivo de arquitetura, caso sua proposta seja a vencedora. A Pessoa Jur\u00eddica dever\u00e1 estar registrada e adimplente junto ao CAU.<\/p>\n<p>Para este concurso, ser\u00e3o aceitos cons\u00f3rcios de pessoas jur\u00eddicas, permitindo que diferentes empresas se associem para participar. N\u00e3o ser\u00e1 cobrada qualquer taxa de participa\u00e7\u00e3o.<\/p>\n<h3 class=\"wp-block-heading\"><strong>Sobre o projeto<\/strong><\/h3>\n<p>A pra\u00e7a Princesa Isabel e seu entorno v\u00e3o se tornar uma esplanada com novos edif\u00edcios para reunir todas as secretarias, funda\u00e7\u00f5es e autarquias estaduais. O Governo de S\u00e3o Paulo estima que ao menos 22 mil servidores p\u00fablicos passar\u00e3o a atuar no novo complexo com a mudan\u00e7a.<\/p>\n<p>A \u00e1rea disponibilizada para os projetos a serem apresentados abrange quatro quadras no entorno da pra\u00e7a Princesa Isabel, em que poder\u00e3o ser projetados edif\u00edcios que contemplem \u00e1rea constru\u00edda total de at\u00e9 450 mil m\u00b2. Os espa\u00e7os a serem projetados devem incluir \u00e1reas constru\u00eddas de edif\u00edcios e suas instala\u00e7\u00f5es \u2013 inclusive subsolos, \u00e1reas verdes e espa\u00e7os comuns.<\/p>\n<p><strong><em>Secretaria de Parcerias em Investimentos<\/em><\/strong><\/p>\n<p>Fonte: Terra<\/p>\n<\/div>\n<\/div>\n","protected":false},"excerpt":{"rendered":"<p>Imagem Divulga\u00e7\u00e3o Nova sede do Governo de SP: inscri\u00e7\u00e3o para concurso arquitet\u00f4nico entra na reta final Prazo para arquitetos e urbanistas participarem do processo seletivo termina no dia 12; entrega de propostas foi adiada at\u00e9 10 de julho Imagem Divulga\u00e7\u00e3o As inscri\u00e7\u00f5es para o\u00a0Concurso P\u00fablico Nacional de Arquitetura\u00a0que vai selecionar o projeto da nova sede [&hellip;]<\/p>\n","protected":false},"author":2,"featured_media":4259,"comment_status":"open","ping_status":"open","sticky":false,"template":"","format":"standard","meta":{"rop_custom_images_group":[],"rop_custom_messages_group":[],"rop_publish_now":"initial","rop_publish_now_accounts":{"twitter_850042665852968960_850042665852968960":""},"rop_publish_now_history":[],"rop_publish_now_status":"pending","footnotes":""},"categories":[6],"tags":[923,924,922],"class_list":["post-4257","post","type-post","status-publish","format-standard","has-post-thumbnail","hentry","category-smart-city","tag-campos-elisios","tag-companhia-paulista-de-parcerias","tag-nova-sede-governo-de-sao-paulo"],"yoast_head":"<!-- This site is optimized with the Yoast SEO plugin v27.2 - https:\/\/yoast.com\/product\/yoast-seo-wordpress\/ -->\n<title>Nova sede Governo de S\u00e3o Paulo - Prefeitos &amp; Gest\u00f5es<\/title>\n<meta name=\"description\" content=\"As inscri\u00e7\u00f5es para o\u00a0Concurso P\u00fablico Nacional de Arquitetura\u00a0que vai selecionar o projeto da nova sede administrativa do Governo de S\u00e3o Paulo nos Campos El\u00edseos, centro da capital, terminam na pr\u00f3xima quarta-feira (12). Assim, arquitetos e urbanistas de todo o Brasil t\u00eam somente mais uma semana para se candidatar.\" \/>\n<meta name=\"robots\" content=\"index, follow, max-snippet:-1, max-image-preview:large, max-video-preview:-1\" \/>\n<link rel=\"canonical\" href=\"https:\/\/prefeitosegestoes.com.br\/portal\/nova-sede-governo-de-sao-paulo\/\" \/>\n<meta property=\"og:locale\" content=\"pt_BR\" \/>\n<meta property=\"og:type\" content=\"article\" \/>\n<meta property=\"og:title\" content=\"Nova sede Governo de S\u00e3o Paulo - Prefeitos &amp; Gest\u00f5es\" \/>\n<meta property=\"og:description\" content=\"As inscri\u00e7\u00f5es para o\u00a0Concurso P\u00fablico Nacional de Arquitetura\u00a0que vai selecionar o projeto da nova sede administrativa do Governo de S\u00e3o Paulo nos Campos El\u00edseos, centro da capital, terminam na pr\u00f3xima quarta-feira (12). Assim, arquitetos e urbanistas de todo o Brasil t\u00eam somente mais uma semana para se candidatar.\" \/>\n<meta property=\"og:url\" content=\"https:\/\/prefeitosegestoes.com.br\/portal\/nova-sede-governo-de-sao-paulo\/\" \/>\n<meta property=\"og:site_name\" content=\"Prefeitos &amp; Gest\u00f5es\" \/>\n<meta property=\"article:publisher\" content=\"https:\/\/www.facebook.com\/prefeitosonline\" \/>\n<meta property=\"article:published_time\" content=\"2026-02-27T14:38:00+00:00\" \/>\n<meta property=\"og:image\" content=\"https:\/\/prefeitosegestoes.com.br\/portal\/wp-content\/uploads\/2026\/02\/Materia-7-imagem-1.png\" \/>\n\t<meta property=\"og:image:width\" content=\"750\" \/>\n\t<meta property=\"og:image:height\" content=\"450\" \/>\n\t<meta property=\"og:image:type\" content=\"image\/png\" \/>\n<meta name=\"author\" content=\"Prefeitos &amp; Gest\u00f5es\" \/>\n<meta name=\"twitter:card\" content=\"summary_large_image\" \/>\n<meta name=\"twitter:creator\" content=\"@PrefGestoes\" \/>\n<meta name=\"twitter:site\" content=\"@PrefGestoes\" \/>\n<meta name=\"twitter:label1\" content=\"Escrito por\" \/>\n\t<meta name=\"twitter:data1\" content=\"Prefeitos &amp; Gest\u00f5es\" \/>\n\t<meta name=\"twitter:label2\" content=\"Est. tempo de leitura\" \/>\n\t<meta name=\"twitter:data2\" content=\"4 minutos\" \/>\n<script type=\"application\/ld+json\" class=\"yoast-schema-graph\">{\"@context\":\"https:\/\/schema.org\",\"@graph\":[{\"@type\":\"Article\",\"@id\":\"https:\/\/prefeitosegestoes.com.br\/portal\/nova-sede-governo-de-sao-paulo\/#article\",\"isPartOf\":{\"@id\":\"https:\/\/prefeitosegestoes.com.br\/portal\/nova-sede-governo-de-sao-paulo\/\"},\"author\":{\"name\":\"Prefeitos &amp; Gest\u00f5es\",\"@id\":\"https:\/\/prefeitosegestoes.com.br\/portal\/#\/schema\/person\/d00059f2ec99963e7e1850d448ae94b8\"},\"headline\":\"Nova sede Governo de S\u00e3o Paulo\",\"datePublished\":\"2026-02-27T14:38:00+00:00\",\"mainEntityOfPage\":{\"@id\":\"https:\/\/prefeitosegestoes.com.br\/portal\/nova-sede-governo-de-sao-paulo\/\"},\"wordCount\":636,\"commentCount\":0,\"publisher\":{\"@id\":\"https:\/\/prefeitosegestoes.com.br\/portal\/#organization\"},\"image\":{\"@id\":\"https:\/\/prefeitosegestoes.com.br\/portal\/nova-sede-governo-de-sao-paulo\/#primaryimage\"},\"thumbnailUrl\":\"https:\/\/prefeitosegestoes.com.br\/portal\/wp-content\/uploads\/2026\/02\/Materia-7-imagem-1.png\",\"keywords\":[\"Campos El\u00edsios\",\"Companhia Paulista de Parcerias\",\"Nova Sede Governo de S\u00e3o Paulo\"],\"articleSection\":[\"Smart City\"],\"inLanguage\":\"pt-BR\",\"potentialAction\":[{\"@type\":\"CommentAction\",\"name\":\"Comment\",\"target\":[\"https:\/\/prefeitosegestoes.com.br\/portal\/nova-sede-governo-de-sao-paulo\/#respond\"]}]},{\"@type\":\"WebPage\",\"@id\":\"https:\/\/prefeitosegestoes.com.br\/portal\/nova-sede-governo-de-sao-paulo\/\",\"url\":\"https:\/\/prefeitosegestoes.com.br\/portal\/nova-sede-governo-de-sao-paulo\/\",\"name\":\"Nova sede Governo de S\u00e3o Paulo - Prefeitos &amp; Gest\u00f5es\",\"isPartOf\":{\"@id\":\"https:\/\/prefeitosegestoes.com.br\/portal\/#website\"},\"primaryImageOfPage\":{\"@id\":\"https:\/\/prefeitosegestoes.com.br\/portal\/nova-sede-governo-de-sao-paulo\/#primaryimage\"},\"image\":{\"@id\":\"https:\/\/prefeitosegestoes.com.br\/portal\/nova-sede-governo-de-sao-paulo\/#primaryimage\"},\"thumbnailUrl\":\"https:\/\/prefeitosegestoes.com.br\/portal\/wp-content\/uploads\/2026\/02\/Materia-7-imagem-1.png\",\"datePublished\":\"2026-02-27T14:38:00+00:00\",\"description\":\"As inscri\u00e7\u00f5es para o\u00a0Concurso P\u00fablico Nacional de Arquitetura\u00a0que vai selecionar o projeto da nova sede administrativa do Governo de S\u00e3o Paulo nos Campos El\u00edseos, centro da capital, terminam na pr\u00f3xima quarta-feira (12). Assim, arquitetos e urbanistas de todo o Brasil t\u00eam somente mais uma semana para se candidatar.\",\"breadcrumb\":{\"@id\":\"https:\/\/prefeitosegestoes.com.br\/portal\/nova-sede-governo-de-sao-paulo\/#breadcrumb\"},\"inLanguage\":\"pt-BR\",\"potentialAction\":[{\"@type\":\"ReadAction\",\"target\":[\"https:\/\/prefeitosegestoes.com.br\/portal\/nova-sede-governo-de-sao-paulo\/\"]}]},{\"@type\":\"ImageObject\",\"inLanguage\":\"pt-BR\",\"@id\":\"https:\/\/prefeitosegestoes.com.br\/portal\/nova-sede-governo-de-sao-paulo\/#primaryimage\",\"url\":\"https:\/\/prefeitosegestoes.com.br\/portal\/wp-content\/uploads\/2026\/02\/Materia-7-imagem-1.png\",\"contentUrl\":\"https:\/\/prefeitosegestoes.com.br\/portal\/wp-content\/uploads\/2026\/02\/Materia-7-imagem-1.png\",\"width\":750,\"height\":450},{\"@type\":\"BreadcrumbList\",\"@id\":\"https:\/\/prefeitosegestoes.com.br\/portal\/nova-sede-governo-de-sao-paulo\/#breadcrumb\",\"itemListElement\":[{\"@type\":\"ListItem\",\"position\":1,\"name\":\"In\u00edcio\",\"item\":\"https:\/\/prefeitosegestoes.com.br\/portal\/\"},{\"@type\":\"ListItem\",\"position\":2,\"name\":\"Nova sede Governo de S\u00e3o Paulo\"}]},{\"@type\":\"WebSite\",\"@id\":\"https:\/\/prefeitosegestoes.com.br\/portal\/#website\",\"url\":\"https:\/\/prefeitosegestoes.com.br\/portal\/\",\"name\":\"Prefeitos & Gest\u00f5es\",\"description\":\"\",\"publisher\":{\"@id\":\"https:\/\/prefeitosegestoes.com.br\/portal\/#organization\"},\"potentialAction\":[{\"@type\":\"SearchAction\",\"target\":{\"@type\":\"EntryPoint\",\"urlTemplate\":\"https:\/\/prefeitosegestoes.com.br\/portal\/?s={search_term_string}\"},\"query-input\":{\"@type\":\"PropertyValueSpecification\",\"valueRequired\":true,\"valueName\":\"search_term_string\"}}],\"inLanguage\":\"pt-BR\"},{\"@type\":\"Organization\",\"@id\":\"https:\/\/prefeitosegestoes.com.br\/portal\/#organization\",\"name\":\"Prefeitos & Gest\u00f5es\",\"url\":\"https:\/\/prefeitosegestoes.com.br\/portal\/\",\"logo\":{\"@type\":\"ImageObject\",\"inLanguage\":\"pt-BR\",\"@id\":\"https:\/\/prefeitosegestoes.com.br\/portal\/#\/schema\/logo\/image\/\",\"url\":\"https:\/\/prefeitosegestoes.com.br\/portal\/wp-content\/uploads\/2024\/10\/lg_trans_prefeitos_2024_preto2.png\",\"contentUrl\":\"https:\/\/prefeitosegestoes.com.br\/portal\/wp-content\/uploads\/2024\/10\/lg_trans_prefeitos_2024_preto2.png\",\"width\":199,\"height\":122,\"caption\":\"Prefeitos & Gest\u00f5es\"},\"image\":{\"@id\":\"https:\/\/prefeitosegestoes.com.br\/portal\/#\/schema\/logo\/image\/\"},\"sameAs\":[\"https:\/\/www.facebook.com\/prefeitosonline\",\"https:\/\/x.com\/PrefGestoes\"]},{\"@type\":\"Person\",\"@id\":\"https:\/\/prefeitosegestoes.com.br\/portal\/#\/schema\/person\/d00059f2ec99963e7e1850d448ae94b8\",\"name\":\"Prefeitos &amp; Gest\u00f5es\",\"image\":{\"@type\":\"ImageObject\",\"inLanguage\":\"pt-BR\",\"@id\":\"https:\/\/secure.gravatar.com\/avatar\/738fb281e479212ed32c1a21a4307dda9f3af9292edb6918a16c9ce9fff5f48d?s=96&d=mm&r=g\",\"url\":\"https:\/\/secure.gravatar.com\/avatar\/738fb281e479212ed32c1a21a4307dda9f3af9292edb6918a16c9ce9fff5f48d?s=96&d=mm&r=g\",\"contentUrl\":\"https:\/\/secure.gravatar.com\/avatar\/738fb281e479212ed32c1a21a4307dda9f3af9292edb6918a16c9ce9fff5f48d?s=96&d=mm&r=g\",\"caption\":\"Prefeitos &amp; Gest\u00f5es\"},\"url\":\"https:\/\/prefeitosegestoes.com.br\/portal\/author\/prefeitosegestoes\/\"}]}<\/script>\n<!-- \/ Yoast SEO plugin. -->","yoast_head_json":{"title":"Nova sede Governo de S\u00e3o Paulo - Prefeitos &amp; Gest\u00f5es","description":"As inscri\u00e7\u00f5es para o\u00a0Concurso P\u00fablico Nacional de Arquitetura\u00a0que vai selecionar o projeto da nova sede administrativa do Governo de S\u00e3o Paulo nos Campos El\u00edseos, centro da capital, terminam na pr\u00f3xima quarta-feira (12). Assim, arquitetos e urbanistas de todo o Brasil t\u00eam somente mais uma semana para se candidatar.","robots":{"index":"index","follow":"follow","max-snippet":"max-snippet:-1","max-image-preview":"max-image-preview:large","max-video-preview":"max-video-preview:-1"},"canonical":"https:\/\/prefeitosegestoes.com.br\/portal\/nova-sede-governo-de-sao-paulo\/","og_locale":"pt_BR","og_type":"article","og_title":"Nova sede Governo de S\u00e3o Paulo - Prefeitos &amp; Gest\u00f5es","og_description":"As inscri\u00e7\u00f5es para o\u00a0Concurso P\u00fablico Nacional de Arquitetura\u00a0que vai selecionar o projeto da nova sede administrativa do Governo de S\u00e3o Paulo nos Campos El\u00edseos, centro da capital, terminam na pr\u00f3xima quarta-feira (12). Assim, arquitetos e urbanistas de todo o Brasil t\u00eam somente mais uma semana para se candidatar.","og_url":"https:\/\/prefeitosegestoes.com.br\/portal\/nova-sede-governo-de-sao-paulo\/","og_site_name":"Prefeitos &amp; Gest\u00f5es","article_publisher":"https:\/\/www.facebook.com\/prefeitosonline","article_published_time":"2026-02-27T14:38:00+00:00","og_image":[{"width":750,"height":450,"url":"https:\/\/prefeitosegestoes.com.br\/portal\/wp-content\/uploads\/2026\/02\/Materia-7-imagem-1.png","type":"image\/png"}],"author":"Prefeitos &amp; Gest\u00f5es","twitter_card":"summary_large_image","twitter_creator":"@PrefGestoes","twitter_site":"@PrefGestoes","twitter_misc":{"Escrito por":"Prefeitos &amp; Gest\u00f5es","Est. tempo de leitura":"4 minutos"},"schema":{"@context":"https:\/\/schema.org","@graph":[{"@type":"Article","@id":"https:\/\/prefeitosegestoes.com.br\/portal\/nova-sede-governo-de-sao-paulo\/#article","isPartOf":{"@id":"https:\/\/prefeitosegestoes.com.br\/portal\/nova-sede-governo-de-sao-paulo\/"},"author":{"name":"Prefeitos &amp; Gest\u00f5es","@id":"https:\/\/prefeitosegestoes.com.br\/portal\/#\/schema\/person\/d00059f2ec99963e7e1850d448ae94b8"},"headline":"Nova sede Governo de S\u00e3o Paulo","datePublished":"2026-02-27T14:38:00+00:00","mainEntityOfPage":{"@id":"https:\/\/prefeitosegestoes.com.br\/portal\/nova-sede-governo-de-sao-paulo\/"},"wordCount":636,"commentCount":0,"publisher":{"@id":"https:\/\/prefeitosegestoes.com.br\/portal\/#organization"},"image":{"@id":"https:\/\/prefeitosegestoes.com.br\/portal\/nova-sede-governo-de-sao-paulo\/#primaryimage"},"thumbnailUrl":"https:\/\/prefeitosegestoes.com.br\/portal\/wp-content\/uploads\/2026\/02\/Materia-7-imagem-1.png","keywords":["Campos El\u00edsios","Companhia Paulista de Parcerias","Nova Sede Governo de S\u00e3o Paulo"],"articleSection":["Smart City"],"inLanguage":"pt-BR","potentialAction":[{"@type":"CommentAction","name":"Comment","target":["https:\/\/prefeitosegestoes.com.br\/portal\/nova-sede-governo-de-sao-paulo\/#respond"]}]},{"@type":"WebPage","@id":"https:\/\/prefeitosegestoes.com.br\/portal\/nova-sede-governo-de-sao-paulo\/","url":"https:\/\/prefeitosegestoes.com.br\/portal\/nova-sede-governo-de-sao-paulo\/","name":"Nova sede Governo de S\u00e3o Paulo - Prefeitos &amp; Gest\u00f5es","isPartOf":{"@id":"https:\/\/prefeitosegestoes.com.br\/portal\/#website"},"primaryImageOfPage":{"@id":"https:\/\/prefeitosegestoes.com.br\/portal\/nova-sede-governo-de-sao-paulo\/#primaryimage"},"image":{"@id":"https:\/\/prefeitosegestoes.com.br\/portal\/nova-sede-governo-de-sao-paulo\/#primaryimage"},"thumbnailUrl":"https:\/\/prefeitosegestoes.com.br\/portal\/wp-content\/uploads\/2026\/02\/Materia-7-imagem-1.png","datePublished":"2026-02-27T14:38:00+00:00","description":"As inscri\u00e7\u00f5es para o\u00a0Concurso P\u00fablico Nacional de Arquitetura\u00a0que vai selecionar o projeto da nova sede administrativa do Governo de S\u00e3o Paulo nos Campos El\u00edseos, centro da capital, terminam na pr\u00f3xima quarta-feira (12). Assim, arquitetos e urbanistas de todo o Brasil t\u00eam somente mais uma semana para se candidatar.","breadcrumb":{"@id":"https:\/\/prefeitosegestoes.com.br\/portal\/nova-sede-governo-de-sao-paulo\/#breadcrumb"},"inLanguage":"pt-BR","potentialAction":[{"@type":"ReadAction","target":["https:\/\/prefeitosegestoes.com.br\/portal\/nova-sede-governo-de-sao-paulo\/"]}]},{"@type":"ImageObject","inLanguage":"pt-BR","@id":"https:\/\/prefeitosegestoes.com.br\/portal\/nova-sede-governo-de-sao-paulo\/#primaryimage","url":"https:\/\/prefeitosegestoes.com.br\/portal\/wp-content\/uploads\/2026\/02\/Materia-7-imagem-1.png","contentUrl":"https:\/\/prefeitosegestoes.com.br\/portal\/wp-content\/uploads\/2026\/02\/Materia-7-imagem-1.png","width":750,"height":450},{"@type":"BreadcrumbList","@id":"https:\/\/prefeitosegestoes.com.br\/portal\/nova-sede-governo-de-sao-paulo\/#breadcrumb","itemListElement":[{"@type":"ListItem","position":1,"name":"In\u00edcio","item":"https:\/\/prefeitosegestoes.com.br\/portal\/"},{"@type":"ListItem","position":2,"name":"Nova sede Governo de S\u00e3o Paulo"}]},{"@type":"WebSite","@id":"https:\/\/prefeitosegestoes.com.br\/portal\/#website","url":"https:\/\/prefeitosegestoes.com.br\/portal\/","name":"Prefeitos & Gest\u00f5es","description":"","publisher":{"@id":"https:\/\/prefeitosegestoes.com.br\/portal\/#organization"},"potentialAction":[{"@type":"SearchAction","target":{"@type":"EntryPoint","urlTemplate":"https:\/\/prefeitosegestoes.com.br\/portal\/?s={search_term_string}"},"query-input":{"@type":"PropertyValueSpecification","valueRequired":true,"valueName":"search_term_string"}}],"inLanguage":"pt-BR"},{"@type":"Organization","@id":"https:\/\/prefeitosegestoes.com.br\/portal\/#organization","name":"Prefeitos & Gest\u00f5es","url":"https:\/\/prefeitosegestoes.com.br\/portal\/","logo":{"@type":"ImageObject","inLanguage":"pt-BR","@id":"https:\/\/prefeitosegestoes.com.br\/portal\/#\/schema\/logo\/image\/","url":"https:\/\/prefeitosegestoes.com.br\/portal\/wp-content\/uploads\/2024\/10\/lg_trans_prefeitos_2024_preto2.png","contentUrl":"https:\/\/prefeitosegestoes.com.br\/portal\/wp-content\/uploads\/2024\/10\/lg_trans_prefeitos_2024_preto2.png","width":199,"height":122,"caption":"Prefeitos & Gest\u00f5es"},"image":{"@id":"https:\/\/prefeitosegestoes.com.br\/portal\/#\/schema\/logo\/image\/"},"sameAs":["https:\/\/www.facebook.com\/prefeitosonline","https:\/\/x.com\/PrefGestoes"]},{"@type":"Person","@id":"https:\/\/prefeitosegestoes.com.br\/portal\/#\/schema\/person\/d00059f2ec99963e7e1850d448ae94b8","name":"Prefeitos &amp; Gest\u00f5es","image":{"@type":"ImageObject","inLanguage":"pt-BR","@id":"https:\/\/secure.gravatar.com\/avatar\/738fb281e479212ed32c1a21a4307dda9f3af9292edb6918a16c9ce9fff5f48d?s=96&d=mm&r=g","url":"https:\/\/secure.gravatar.com\/avatar\/738fb281e479212ed32c1a21a4307dda9f3af9292edb6918a16c9ce9fff5f48d?s=96&d=mm&r=g","contentUrl":"https:\/\/secure.gravatar.com\/avatar\/738fb281e479212ed32c1a21a4307dda9f3af9292edb6918a16c9ce9fff5f48d?s=96&d=mm&r=g","caption":"Prefeitos &amp; Gest\u00f5es"},"url":"https:\/\/prefeitosegestoes.com.br\/portal\/author\/prefeitosegestoes\/"}]}},"_links":{"self":[{"href":"https:\/\/prefeitosegestoes.com.br\/portal\/wp-json\/wp\/v2\/posts\/4257","targetHints":{"allow":["GET"]}}],"collection":[{"href":"https:\/\/prefeitosegestoes.com.br\/portal\/wp-json\/wp\/v2\/posts"}],"about":[{"href":"https:\/\/prefeitosegestoes.com.br\/portal\/wp-json\/wp\/v2\/types\/post"}],"author":[{"embeddable":true,"href":"https:\/\/prefeitosegestoes.com.br\/portal\/wp-json\/wp\/v2\/users\/2"}],"replies":[{"embeddable":true,"href":"https:\/\/prefeitosegestoes.com.br\/portal\/wp-json\/wp\/v2\/comments?post=4257"}],"version-history":[{"count":1,"href":"https:\/\/prefeitosegestoes.com.br\/portal\/wp-json\/wp\/v2\/posts\/4257\/revisions"}],"predecessor-version":[{"id":4260,"href":"https:\/\/prefeitosegestoes.com.br\/portal\/wp-json\/wp\/v2\/posts\/4257\/revisions\/4260"}],"wp:featuredmedia":[{"embeddable":true,"href":"https:\/\/prefeitosegestoes.com.br\/portal\/wp-json\/wp\/v2\/media\/4259"}],"wp:attachment":[{"href":"https:\/\/prefeitosegestoes.com.br\/portal\/wp-json\/wp\/v2\/media?parent=4257"}],"wp:term":[{"taxonomy":"category","embeddable":true,"href":"https:\/\/prefeitosegestoes.com.br\/portal\/wp-json\/wp\/v2\/categories?post=4257"},{"taxonomy":"post_tag","embeddable":true,"href":"https:\/\/prefeitosegestoes.com.br\/portal\/wp-json\/wp\/v2\/tags?post=4257"}],"curies":[{"name":"wp","href":"https:\/\/api.w.org\/{rel}","templated":true}]}}