{"id":4251,"date":"2026-02-27T10:25:02","date_gmt":"2026-02-27T13:25:02","guid":{"rendered":"https:\/\/prefeitosegestoes.com.br\/portal\/?p=4251"},"modified":"2026-02-27T10:25:02","modified_gmt":"2026-02-27T13:25:02","slug":"governo-destina-r-2-milhoes-para-cidades-atingidas-pelas-chuvas-em-mg","status":"publish","type":"post","link":"https:\/\/prefeitosegestoes.com.br\/portal\/governo-destina-r-2-milhoes-para-cidades-atingidas-pelas-chuvas-em-mg\/","title":{"rendered":"Governo destina R$ 2 milh\u00f5es para cidades atingidas pelas chuvas em MG"},"content":{"rendered":"<h6 class=\"asset__summary\"><span class=\"img-legenda\">Situa\u00e7\u00e3o do munic\u00edpio de Ub\u00e1 (MG).<\/span><span class=\"img-credito\">M\u00e1rcio Pinheiro\/MIDR<\/span><\/h6>\n<h2 class=\"asset__summary\">At\u00e9 o momento, foram destinados R$ 5,4 milh\u00f5es para diferentes munic\u00edpios do Estado.<\/h2>\n<div class=\"asset__actions\">\n<div class=\"asset__info\">\n<p class=\"asset__publisher\">Congresso em Foco<\/p>\n<p class=\"asset__date\">27\/2\/2026\u00a0<span class=\"ng-star-inserted\">9:09<\/span><\/p>\n<\/div>\n<\/div>\n<div class=\"asset__content leitura-materia-116772\">\n<div class=\"html-content\">\n<p>Nesta quinta-feira (26), o ministro de Integra\u00e7\u00e3o e desenvolvimento Regional, Waldez Go\u00e9s, por meio da Secretaria Nacional de Prote\u00e7\u00e3o e Defesa Civil (Sedec), aprovou a destina\u00e7\u00e3o de mais de R$ 2 milh\u00f5es para cidades atingidas pelas fortes chuvas em Minas Gerais. At\u00e9 o momento, foram destinados R$ 5,4 milh\u00f5es para diferentes munic\u00edpios do Estado.<\/p>\n<p>Para a cidade de Matias Barbosa, ser\u00e3o destinados R$ 245,9 mil para restabelecimento e R$ 1 milh\u00e3o para assist\u00eancia humanit\u00e1ria. Mais recursos foram aprovados nesta quarta-feira (25), com R$ 2,9 milh\u00f5es para Juiz de Fora e R$ 482,4 mil para Ub\u00e1.<\/p>\n<div class=\"img-info\"><span class=\"img-legenda\">Situa\u00e7\u00e3o do munic\u00edpio de Ub\u00e1 (MG).<\/span><span class=\"img-credito\">M\u00e1rcio Pinheiro\/MIDR<\/span><\/div>\n<p>O ministro reiterou que munic\u00edpios podem contar com o apoio do governo federal. &#8220;Existe uma for\u00e7a-tarefa de v\u00e1rios minist\u00e9rios para ajudar o Estado e tudo o que precisarmos empregar em termos de pessoas, tecnologia, equipamentos e recursos. Isso ser\u00e1 feito em todos os munic\u00edpios&#8221;, afirmou Waldez Go\u00e9s.<\/p>\n<p><strong>Chuvas em Minas Gerais<\/strong><\/p>\n<p>At\u00e9 o momento, o temporal na Zona da Mata mineira deixou 53 mortos e 15 desaparecidos.\u00a0Encostas cederam, casas foram engolidas pela lama e ruas inteiras ficaram submersas.<\/p>\n<p>A Defesa Civil Nacional reconheceu o estado de calamidade p\u00fablica em Juiz de Fora, Ub\u00e1 e Matias Barbosa. Em Juiz de Fora, na \u00e1rea mais afetada, a tempestade provocou deslizamentos e o transbordamento do rio Paraibuna, o que deixou bairros ilhados e fam\u00edlias sem acesso a servi\u00e7os b\u00e1sicos.<\/p>\n<p>O Instituto Nacional de Meteorologia (Inmet) emitiu alerta vermelho de acumulado de chuva para 365 cidades mineiras, em classifica\u00e7\u00e3o do cen\u00e1rio como de &#8220;grande perigo&#8221;. Equipes de resgate ainda procuram desaparecidos sob escombros e \u00e1reas de lama.<\/p>\n<p>Fonte: Congresso em Foco<\/p>\n<\/div>\n<\/div>\n","protected":false},"excerpt":{"rendered":"<p>Situa\u00e7\u00e3o do munic\u00edpio de Ub\u00e1 (MG).M\u00e1rcio Pinheiro\/MIDR At\u00e9 o momento, foram destinados R$ 5,4 milh\u00f5es para diferentes munic\u00edpios do Estado. Congresso em Foco 27\/2\/2026\u00a09:09 Nesta quinta-feira (26), o ministro de Integra\u00e7\u00e3o e desenvolvimento Regional, Waldez Go\u00e9s, por meio da Secretaria Nacional de Prote\u00e7\u00e3o e Defesa Civil (Sedec), aprovou a destina\u00e7\u00e3o de mais de R$ 2 [&hellip;]<\/p>\n","protected":false},"author":2,"featured_media":4252,"comment_status":"open","ping_status":"open","sticky":false,"template":"","format":"standard","meta":{"rop_custom_images_group":[],"rop_custom_messages_group":[],"rop_publish_now":"initial","rop_publish_now_accounts":{"twitter_850042665852968960_850042665852968960":""},"rop_publish_now_history":[],"rop_publish_now_status":"pending","footnotes":""},"categories":[9],"tags":[472,477,919,918,917,916],"class_list":["post-4251","post","type-post","status-publish","format-standard","has-post-thumbnail","hentry","category-municipios","tag-chuvas","tag-defesa-civil","tag-desabrigados","tag-desmoronamento","tag-mg","tag-uba"],"yoast_head":"<!-- This site is optimized with the Yoast SEO plugin v27.2 - https:\/\/yoast.com\/product\/yoast-seo-wordpress\/ -->\n<title>Governo destina R$ 2 milh\u00f5es para cidades atingidas pelas chuvas em MG - Prefeitos &amp; Gest\u00f5es<\/title>\n<meta name=\"description\" content=\"Nesta quinta-feira (26), o ministro de Integra\u00e7\u00e3o e desenvolvimento Regional, Waldez Go\u00e9s, por meio da Secretaria Nacional de Prote\u00e7\u00e3o e Defesa Civil (Sedec), aprovou a destina\u00e7\u00e3o de mais de R$ 2 milh\u00f5es para cidades atingidas pelas fortes chuvas em Minas Gerais. At\u00e9 o momento, foram destinados R$ 5,4 milh\u00f5es para diferentes munic\u00edpios do Estado.\" \/>\n<meta name=\"robots\" content=\"index, follow, max-snippet:-1, max-image-preview:large, max-video-preview:-1\" \/>\n<link rel=\"canonical\" href=\"https:\/\/prefeitosegestoes.com.br\/portal\/governo-destina-r-2-milhoes-para-cidades-atingidas-pelas-chuvas-em-mg\/\" \/>\n<meta property=\"og:locale\" content=\"pt_BR\" \/>\n<meta property=\"og:type\" content=\"article\" \/>\n<meta property=\"og:title\" content=\"Governo destina R$ 2 milh\u00f5es para cidades atingidas pelas chuvas em MG - Prefeitos &amp; Gest\u00f5es\" \/>\n<meta property=\"og:description\" content=\"Nesta quinta-feira (26), o ministro de Integra\u00e7\u00e3o e desenvolvimento Regional, Waldez Go\u00e9s, por meio da Secretaria Nacional de Prote\u00e7\u00e3o e Defesa Civil (Sedec), aprovou a destina\u00e7\u00e3o de mais de R$ 2 milh\u00f5es para cidades atingidas pelas fortes chuvas em Minas Gerais. At\u00e9 o momento, foram destinados R$ 5,4 milh\u00f5es para diferentes munic\u00edpios do Estado.\" \/>\n<meta property=\"og:url\" content=\"https:\/\/prefeitosegestoes.com.br\/portal\/governo-destina-r-2-milhoes-para-cidades-atingidas-pelas-chuvas-em-mg\/\" \/>\n<meta property=\"og:site_name\" content=\"Prefeitos &amp; Gest\u00f5es\" \/>\n<meta property=\"article:publisher\" content=\"https:\/\/www.facebook.com\/prefeitosonline\" \/>\n<meta property=\"article:published_time\" content=\"2026-02-27T13:25:02+00:00\" \/>\n<meta property=\"og:image\" content=\"https:\/\/prefeitosegestoes.com.br\/portal\/wp-content\/uploads\/2026\/02\/c0a262_cong_materia_manual_551163597786f236ba4e0k.webp\" \/>\n\t<meta property=\"og:image:width\" content=\"800\" \/>\n\t<meta property=\"og:image:height\" content=\"450\" \/>\n\t<meta property=\"og:image:type\" content=\"image\/webp\" \/>\n<meta name=\"author\" content=\"Prefeitos &amp; Gest\u00f5es\" \/>\n<meta name=\"twitter:card\" content=\"summary_large_image\" \/>\n<meta name=\"twitter:creator\" content=\"@PrefGestoes\" \/>\n<meta name=\"twitter:site\" content=\"@PrefGestoes\" \/>\n<meta name=\"twitter:label1\" content=\"Escrito por\" \/>\n\t<meta name=\"twitter:data1\" content=\"Prefeitos &amp; Gest\u00f5es\" \/>\n\t<meta name=\"twitter:label2\" content=\"Est. tempo de leitura\" \/>\n\t<meta name=\"twitter:data2\" content=\"2 minutos\" \/>\n<script type=\"application\/ld+json\" class=\"yoast-schema-graph\">{\"@context\":\"https:\/\/schema.org\",\"@graph\":[{\"@type\":\"Article\",\"@id\":\"https:\/\/prefeitosegestoes.com.br\/portal\/governo-destina-r-2-milhoes-para-cidades-atingidas-pelas-chuvas-em-mg\/#article\",\"isPartOf\":{\"@id\":\"https:\/\/prefeitosegestoes.com.br\/portal\/governo-destina-r-2-milhoes-para-cidades-atingidas-pelas-chuvas-em-mg\/\"},\"author\":{\"name\":\"Prefeitos &amp; Gest\u00f5es\",\"@id\":\"https:\/\/prefeitosegestoes.com.br\/portal\/#\/schema\/person\/d00059f2ec99963e7e1850d448ae94b8\"},\"headline\":\"Governo destina R$ 2 milh\u00f5es para cidades atingidas pelas chuvas em MG\",\"datePublished\":\"2026-02-27T13:25:02+00:00\",\"mainEntityOfPage\":{\"@id\":\"https:\/\/prefeitosegestoes.com.br\/portal\/governo-destina-r-2-milhoes-para-cidades-atingidas-pelas-chuvas-em-mg\/\"},\"wordCount\":329,\"commentCount\":0,\"publisher\":{\"@id\":\"https:\/\/prefeitosegestoes.com.br\/portal\/#organization\"},\"image\":{\"@id\":\"https:\/\/prefeitosegestoes.com.br\/portal\/governo-destina-r-2-milhoes-para-cidades-atingidas-pelas-chuvas-em-mg\/#primaryimage\"},\"thumbnailUrl\":\"https:\/\/prefeitosegestoes.com.br\/portal\/wp-content\/uploads\/2026\/02\/c0a262_cong_materia_manual_551163597786f236ba4e0k.webp\",\"keywords\":[\"Chuvas\",\"Defesa Civil\",\"Desabrigados\",\"Desmoronamento\",\"MG\",\"Ub\u00e1\"],\"articleSection\":[\"Munic\u00edpios\"],\"inLanguage\":\"pt-BR\",\"potentialAction\":[{\"@type\":\"CommentAction\",\"name\":\"Comment\",\"target\":[\"https:\/\/prefeitosegestoes.com.br\/portal\/governo-destina-r-2-milhoes-para-cidades-atingidas-pelas-chuvas-em-mg\/#respond\"]}]},{\"@type\":\"WebPage\",\"@id\":\"https:\/\/prefeitosegestoes.com.br\/portal\/governo-destina-r-2-milhoes-para-cidades-atingidas-pelas-chuvas-em-mg\/\",\"url\":\"https:\/\/prefeitosegestoes.com.br\/portal\/governo-destina-r-2-milhoes-para-cidades-atingidas-pelas-chuvas-em-mg\/\",\"name\":\"Governo destina R$ 2 milh\u00f5es para cidades atingidas pelas chuvas em MG - Prefeitos &amp; Gest\u00f5es\",\"isPartOf\":{\"@id\":\"https:\/\/prefeitosegestoes.com.br\/portal\/#website\"},\"primaryImageOfPage\":{\"@id\":\"https:\/\/prefeitosegestoes.com.br\/portal\/governo-destina-r-2-milhoes-para-cidades-atingidas-pelas-chuvas-em-mg\/#primaryimage\"},\"image\":{\"@id\":\"https:\/\/prefeitosegestoes.com.br\/portal\/governo-destina-r-2-milhoes-para-cidades-atingidas-pelas-chuvas-em-mg\/#primaryimage\"},\"thumbnailUrl\":\"https:\/\/prefeitosegestoes.com.br\/portal\/wp-content\/uploads\/2026\/02\/c0a262_cong_materia_manual_551163597786f236ba4e0k.webp\",\"datePublished\":\"2026-02-27T13:25:02+00:00\",\"description\":\"Nesta quinta-feira (26), o ministro de Integra\u00e7\u00e3o e desenvolvimento Regional, Waldez Go\u00e9s, por meio da Secretaria Nacional de Prote\u00e7\u00e3o e Defesa Civil (Sedec), aprovou a destina\u00e7\u00e3o de mais de R$ 2 milh\u00f5es para cidades atingidas pelas fortes chuvas em Minas Gerais. At\u00e9 o momento, foram destinados R$ 5,4 milh\u00f5es para diferentes munic\u00edpios do Estado.\",\"breadcrumb\":{\"@id\":\"https:\/\/prefeitosegestoes.com.br\/portal\/governo-destina-r-2-milhoes-para-cidades-atingidas-pelas-chuvas-em-mg\/#breadcrumb\"},\"inLanguage\":\"pt-BR\",\"potentialAction\":[{\"@type\":\"ReadAction\",\"target\":[\"https:\/\/prefeitosegestoes.com.br\/portal\/governo-destina-r-2-milhoes-para-cidades-atingidas-pelas-chuvas-em-mg\/\"]}]},{\"@type\":\"ImageObject\",\"inLanguage\":\"pt-BR\",\"@id\":\"https:\/\/prefeitosegestoes.com.br\/portal\/governo-destina-r-2-milhoes-para-cidades-atingidas-pelas-chuvas-em-mg\/#primaryimage\",\"url\":\"https:\/\/prefeitosegestoes.com.br\/portal\/wp-content\/uploads\/2026\/02\/c0a262_cong_materia_manual_551163597786f236ba4e0k.webp\",\"contentUrl\":\"https:\/\/prefeitosegestoes.com.br\/portal\/wp-content\/uploads\/2026\/02\/c0a262_cong_materia_manual_551163597786f236ba4e0k.webp\",\"width\":800,\"height\":450},{\"@type\":\"BreadcrumbList\",\"@id\":\"https:\/\/prefeitosegestoes.com.br\/portal\/governo-destina-r-2-milhoes-para-cidades-atingidas-pelas-chuvas-em-mg\/#breadcrumb\",\"itemListElement\":[{\"@type\":\"ListItem\",\"position\":1,\"name\":\"In\u00edcio\",\"item\":\"https:\/\/prefeitosegestoes.com.br\/portal\/\"},{\"@type\":\"ListItem\",\"position\":2,\"name\":\"Governo destina R$ 2 milh\u00f5es para cidades atingidas pelas chuvas em MG\"}]},{\"@type\":\"WebSite\",\"@id\":\"https:\/\/prefeitosegestoes.com.br\/portal\/#website\",\"url\":\"https:\/\/prefeitosegestoes.com.br\/portal\/\",\"name\":\"Prefeitos & Gest\u00f5es\",\"description\":\"\",\"publisher\":{\"@id\":\"https:\/\/prefeitosegestoes.com.br\/portal\/#organization\"},\"potentialAction\":[{\"@type\":\"SearchAction\",\"target\":{\"@type\":\"EntryPoint\",\"urlTemplate\":\"https:\/\/prefeitosegestoes.com.br\/portal\/?s={search_term_string}\"},\"query-input\":{\"@type\":\"PropertyValueSpecification\",\"valueRequired\":true,\"valueName\":\"search_term_string\"}}],\"inLanguage\":\"pt-BR\"},{\"@type\":\"Organization\",\"@id\":\"https:\/\/prefeitosegestoes.com.br\/portal\/#organization\",\"name\":\"Prefeitos & Gest\u00f5es\",\"url\":\"https:\/\/prefeitosegestoes.com.br\/portal\/\",\"logo\":{\"@type\":\"ImageObject\",\"inLanguage\":\"pt-BR\",\"@id\":\"https:\/\/prefeitosegestoes.com.br\/portal\/#\/schema\/logo\/image\/\",\"url\":\"https:\/\/prefeitosegestoes.com.br\/portal\/wp-content\/uploads\/2024\/10\/lg_trans_prefeitos_2024_preto2.png\",\"contentUrl\":\"https:\/\/prefeitosegestoes.com.br\/portal\/wp-content\/uploads\/2024\/10\/lg_trans_prefeitos_2024_preto2.png\",\"width\":199,\"height\":122,\"caption\":\"Prefeitos & Gest\u00f5es\"},\"image\":{\"@id\":\"https:\/\/prefeitosegestoes.com.br\/portal\/#\/schema\/logo\/image\/\"},\"sameAs\":[\"https:\/\/www.facebook.com\/prefeitosonline\",\"https:\/\/x.com\/PrefGestoes\"]},{\"@type\":\"Person\",\"@id\":\"https:\/\/prefeitosegestoes.com.br\/portal\/#\/schema\/person\/d00059f2ec99963e7e1850d448ae94b8\",\"name\":\"Prefeitos &amp; Gest\u00f5es\",\"image\":{\"@type\":\"ImageObject\",\"inLanguage\":\"pt-BR\",\"@id\":\"https:\/\/secure.gravatar.com\/avatar\/738fb281e479212ed32c1a21a4307dda9f3af9292edb6918a16c9ce9fff5f48d?s=96&d=mm&r=g\",\"url\":\"https:\/\/secure.gravatar.com\/avatar\/738fb281e479212ed32c1a21a4307dda9f3af9292edb6918a16c9ce9fff5f48d?s=96&d=mm&r=g\",\"contentUrl\":\"https:\/\/secure.gravatar.com\/avatar\/738fb281e479212ed32c1a21a4307dda9f3af9292edb6918a16c9ce9fff5f48d?s=96&d=mm&r=g\",\"caption\":\"Prefeitos &amp; Gest\u00f5es\"},\"url\":\"https:\/\/prefeitosegestoes.com.br\/portal\/author\/prefeitosegestoes\/\"}]}<\/script>\n<!-- \/ Yoast SEO plugin. -->","yoast_head_json":{"title":"Governo destina R$ 2 milh\u00f5es para cidades atingidas pelas chuvas em MG - Prefeitos &amp; Gest\u00f5es","description":"Nesta quinta-feira (26), o ministro de Integra\u00e7\u00e3o e desenvolvimento Regional, Waldez Go\u00e9s, por meio da Secretaria Nacional de Prote\u00e7\u00e3o e Defesa Civil (Sedec), aprovou a destina\u00e7\u00e3o de mais de R$ 2 milh\u00f5es para cidades atingidas pelas fortes chuvas em Minas Gerais. At\u00e9 o momento, foram destinados R$ 5,4 milh\u00f5es para diferentes munic\u00edpios do Estado.","robots":{"index":"index","follow":"follow","max-snippet":"max-snippet:-1","max-image-preview":"max-image-preview:large","max-video-preview":"max-video-preview:-1"},"canonical":"https:\/\/prefeitosegestoes.com.br\/portal\/governo-destina-r-2-milhoes-para-cidades-atingidas-pelas-chuvas-em-mg\/","og_locale":"pt_BR","og_type":"article","og_title":"Governo destina R$ 2 milh\u00f5es para cidades atingidas pelas chuvas em MG - Prefeitos &amp; Gest\u00f5es","og_description":"Nesta quinta-feira (26), o ministro de Integra\u00e7\u00e3o e desenvolvimento Regional, Waldez Go\u00e9s, por meio da Secretaria Nacional de Prote\u00e7\u00e3o e Defesa Civil (Sedec), aprovou a destina\u00e7\u00e3o de mais de R$ 2 milh\u00f5es para cidades atingidas pelas fortes chuvas em Minas Gerais. At\u00e9 o momento, foram destinados R$ 5,4 milh\u00f5es para diferentes munic\u00edpios do Estado.","og_url":"https:\/\/prefeitosegestoes.com.br\/portal\/governo-destina-r-2-milhoes-para-cidades-atingidas-pelas-chuvas-em-mg\/","og_site_name":"Prefeitos &amp; Gest\u00f5es","article_publisher":"https:\/\/www.facebook.com\/prefeitosonline","article_published_time":"2026-02-27T13:25:02+00:00","og_image":[{"width":800,"height":450,"url":"https:\/\/prefeitosegestoes.com.br\/portal\/wp-content\/uploads\/2026\/02\/c0a262_cong_materia_manual_551163597786f236ba4e0k.webp","type":"image\/webp"}],"author":"Prefeitos &amp; Gest\u00f5es","twitter_card":"summary_large_image","twitter_creator":"@PrefGestoes","twitter_site":"@PrefGestoes","twitter_misc":{"Escrito por":"Prefeitos &amp; Gest\u00f5es","Est. tempo de leitura":"2 minutos"},"schema":{"@context":"https:\/\/schema.org","@graph":[{"@type":"Article","@id":"https:\/\/prefeitosegestoes.com.br\/portal\/governo-destina-r-2-milhoes-para-cidades-atingidas-pelas-chuvas-em-mg\/#article","isPartOf":{"@id":"https:\/\/prefeitosegestoes.com.br\/portal\/governo-destina-r-2-milhoes-para-cidades-atingidas-pelas-chuvas-em-mg\/"},"author":{"name":"Prefeitos &amp; Gest\u00f5es","@id":"https:\/\/prefeitosegestoes.com.br\/portal\/#\/schema\/person\/d00059f2ec99963e7e1850d448ae94b8"},"headline":"Governo destina R$ 2 milh\u00f5es para cidades atingidas pelas chuvas em MG","datePublished":"2026-02-27T13:25:02+00:00","mainEntityOfPage":{"@id":"https:\/\/prefeitosegestoes.com.br\/portal\/governo-destina-r-2-milhoes-para-cidades-atingidas-pelas-chuvas-em-mg\/"},"wordCount":329,"commentCount":0,"publisher":{"@id":"https:\/\/prefeitosegestoes.com.br\/portal\/#organization"},"image":{"@id":"https:\/\/prefeitosegestoes.com.br\/portal\/governo-destina-r-2-milhoes-para-cidades-atingidas-pelas-chuvas-em-mg\/#primaryimage"},"thumbnailUrl":"https:\/\/prefeitosegestoes.com.br\/portal\/wp-content\/uploads\/2026\/02\/c0a262_cong_materia_manual_551163597786f236ba4e0k.webp","keywords":["Chuvas","Defesa Civil","Desabrigados","Desmoronamento","MG","Ub\u00e1"],"articleSection":["Munic\u00edpios"],"inLanguage":"pt-BR","potentialAction":[{"@type":"CommentAction","name":"Comment","target":["https:\/\/prefeitosegestoes.com.br\/portal\/governo-destina-r-2-milhoes-para-cidades-atingidas-pelas-chuvas-em-mg\/#respond"]}]},{"@type":"WebPage","@id":"https:\/\/prefeitosegestoes.com.br\/portal\/governo-destina-r-2-milhoes-para-cidades-atingidas-pelas-chuvas-em-mg\/","url":"https:\/\/prefeitosegestoes.com.br\/portal\/governo-destina-r-2-milhoes-para-cidades-atingidas-pelas-chuvas-em-mg\/","name":"Governo destina R$ 2 milh\u00f5es para cidades atingidas pelas chuvas em MG - Prefeitos &amp; Gest\u00f5es","isPartOf":{"@id":"https:\/\/prefeitosegestoes.com.br\/portal\/#website"},"primaryImageOfPage":{"@id":"https:\/\/prefeitosegestoes.com.br\/portal\/governo-destina-r-2-milhoes-para-cidades-atingidas-pelas-chuvas-em-mg\/#primaryimage"},"image":{"@id":"https:\/\/prefeitosegestoes.com.br\/portal\/governo-destina-r-2-milhoes-para-cidades-atingidas-pelas-chuvas-em-mg\/#primaryimage"},"thumbnailUrl":"https:\/\/prefeitosegestoes.com.br\/portal\/wp-content\/uploads\/2026\/02\/c0a262_cong_materia_manual_551163597786f236ba4e0k.webp","datePublished":"2026-02-27T13:25:02+00:00","description":"Nesta quinta-feira (26), o ministro de Integra\u00e7\u00e3o e desenvolvimento Regional, Waldez Go\u00e9s, por meio da Secretaria Nacional de Prote\u00e7\u00e3o e Defesa Civil (Sedec), aprovou a destina\u00e7\u00e3o de mais de R$ 2 milh\u00f5es para cidades atingidas pelas fortes chuvas em Minas Gerais. At\u00e9 o momento, foram destinados R$ 5,4 milh\u00f5es para diferentes munic\u00edpios do Estado.","breadcrumb":{"@id":"https:\/\/prefeitosegestoes.com.br\/portal\/governo-destina-r-2-milhoes-para-cidades-atingidas-pelas-chuvas-em-mg\/#breadcrumb"},"inLanguage":"pt-BR","potentialAction":[{"@type":"ReadAction","target":["https:\/\/prefeitosegestoes.com.br\/portal\/governo-destina-r-2-milhoes-para-cidades-atingidas-pelas-chuvas-em-mg\/"]}]},{"@type":"ImageObject","inLanguage":"pt-BR","@id":"https:\/\/prefeitosegestoes.com.br\/portal\/governo-destina-r-2-milhoes-para-cidades-atingidas-pelas-chuvas-em-mg\/#primaryimage","url":"https:\/\/prefeitosegestoes.com.br\/portal\/wp-content\/uploads\/2026\/02\/c0a262_cong_materia_manual_551163597786f236ba4e0k.webp","contentUrl":"https:\/\/prefeitosegestoes.com.br\/portal\/wp-content\/uploads\/2026\/02\/c0a262_cong_materia_manual_551163597786f236ba4e0k.webp","width":800,"height":450},{"@type":"BreadcrumbList","@id":"https:\/\/prefeitosegestoes.com.br\/portal\/governo-destina-r-2-milhoes-para-cidades-atingidas-pelas-chuvas-em-mg\/#breadcrumb","itemListElement":[{"@type":"ListItem","position":1,"name":"In\u00edcio","item":"https:\/\/prefeitosegestoes.com.br\/portal\/"},{"@type":"ListItem","position":2,"name":"Governo destina R$ 2 milh\u00f5es para cidades atingidas pelas chuvas em MG"}]},{"@type":"WebSite","@id":"https:\/\/prefeitosegestoes.com.br\/portal\/#website","url":"https:\/\/prefeitosegestoes.com.br\/portal\/","name":"Prefeitos & Gest\u00f5es","description":"","publisher":{"@id":"https:\/\/prefeitosegestoes.com.br\/portal\/#organization"},"potentialAction":[{"@type":"SearchAction","target":{"@type":"EntryPoint","urlTemplate":"https:\/\/prefeitosegestoes.com.br\/portal\/?s={search_term_string}"},"query-input":{"@type":"PropertyValueSpecification","valueRequired":true,"valueName":"search_term_string"}}],"inLanguage":"pt-BR"},{"@type":"Organization","@id":"https:\/\/prefeitosegestoes.com.br\/portal\/#organization","name":"Prefeitos & Gest\u00f5es","url":"https:\/\/prefeitosegestoes.com.br\/portal\/","logo":{"@type":"ImageObject","inLanguage":"pt-BR","@id":"https:\/\/prefeitosegestoes.com.br\/portal\/#\/schema\/logo\/image\/","url":"https:\/\/prefeitosegestoes.com.br\/portal\/wp-content\/uploads\/2024\/10\/lg_trans_prefeitos_2024_preto2.png","contentUrl":"https:\/\/prefeitosegestoes.com.br\/portal\/wp-content\/uploads\/2024\/10\/lg_trans_prefeitos_2024_preto2.png","width":199,"height":122,"caption":"Prefeitos & Gest\u00f5es"},"image":{"@id":"https:\/\/prefeitosegestoes.com.br\/portal\/#\/schema\/logo\/image\/"},"sameAs":["https:\/\/www.facebook.com\/prefeitosonline","https:\/\/x.com\/PrefGestoes"]},{"@type":"Person","@id":"https:\/\/prefeitosegestoes.com.br\/portal\/#\/schema\/person\/d00059f2ec99963e7e1850d448ae94b8","name":"Prefeitos &amp; Gest\u00f5es","image":{"@type":"ImageObject","inLanguage":"pt-BR","@id":"https:\/\/secure.gravatar.com\/avatar\/738fb281e479212ed32c1a21a4307dda9f3af9292edb6918a16c9ce9fff5f48d?s=96&d=mm&r=g","url":"https:\/\/secure.gravatar.com\/avatar\/738fb281e479212ed32c1a21a4307dda9f3af9292edb6918a16c9ce9fff5f48d?s=96&d=mm&r=g","contentUrl":"https:\/\/secure.gravatar.com\/avatar\/738fb281e479212ed32c1a21a4307dda9f3af9292edb6918a16c9ce9fff5f48d?s=96&d=mm&r=g","caption":"Prefeitos &amp; Gest\u00f5es"},"url":"https:\/\/prefeitosegestoes.com.br\/portal\/author\/prefeitosegestoes\/"}]}},"_links":{"self":[{"href":"https:\/\/prefeitosegestoes.com.br\/portal\/wp-json\/wp\/v2\/posts\/4251","targetHints":{"allow":["GET"]}}],"collection":[{"href":"https:\/\/prefeitosegestoes.com.br\/portal\/wp-json\/wp\/v2\/posts"}],"about":[{"href":"https:\/\/prefeitosegestoes.com.br\/portal\/wp-json\/wp\/v2\/types\/post"}],"author":[{"embeddable":true,"href":"https:\/\/prefeitosegestoes.com.br\/portal\/wp-json\/wp\/v2\/users\/2"}],"replies":[{"embeddable":true,"href":"https:\/\/prefeitosegestoes.com.br\/portal\/wp-json\/wp\/v2\/comments?post=4251"}],"version-history":[{"count":1,"href":"https:\/\/prefeitosegestoes.com.br\/portal\/wp-json\/wp\/v2\/posts\/4251\/revisions"}],"predecessor-version":[{"id":4253,"href":"https:\/\/prefeitosegestoes.com.br\/portal\/wp-json\/wp\/v2\/posts\/4251\/revisions\/4253"}],"wp:featuredmedia":[{"embeddable":true,"href":"https:\/\/prefeitosegestoes.com.br\/portal\/wp-json\/wp\/v2\/media\/4252"}],"wp:attachment":[{"href":"https:\/\/prefeitosegestoes.com.br\/portal\/wp-json\/wp\/v2\/media?parent=4251"}],"wp:term":[{"taxonomy":"category","embeddable":true,"href":"https:\/\/prefeitosegestoes.com.br\/portal\/wp-json\/wp\/v2\/categories?post=4251"},{"taxonomy":"post_tag","embeddable":true,"href":"https:\/\/prefeitosegestoes.com.br\/portal\/wp-json\/wp\/v2\/tags?post=4251"}],"curies":[{"name":"wp","href":"https:\/\/api.w.org\/{rel}","templated":true}]}}