{"id":4245,"date":"2026-02-23T17:16:20","date_gmt":"2026-02-23T20:16:20","guid":{"rendered":"https:\/\/prefeitosegestoes.com.br\/portal\/?p=4245"},"modified":"2026-02-23T17:16:20","modified_gmt":"2026-02-23T20:16:20","slug":"acelera-amapa-leva-ajuda-humanitaria-e-credito-produtivo-ao-interior-do-amapa","status":"publish","type":"post","link":"https:\/\/prefeitosegestoes.com.br\/portal\/acelera-amapa-leva-ajuda-humanitaria-e-credito-produtivo-ao-interior-do-amapa\/","title":{"rendered":"Acelera Amap\u00e1 leva ajuda humanit\u00e1ria e cr\u00e9dito produtivo ao interior do Amap\u00e1"},"content":{"rendered":"<div id=\"viewlet-above-content-body\">\n<div id=\"media\">\n<p class=\"discreet\"><em>Mais de 1.500 fam\u00edlias de Serra do Navio e Pedra Branca foram atendidas (Foto: M\u00e1rcio Pinheiro\/MIDR)<\/em><\/p>\n<\/div>\n<\/div>\n<h2 class=\"documentDescription\">A\u00e7\u00f5es do MIDR beneficiam agricultores e pescadores de Serra do Navio e Pedra Branca<\/h2>\n<div id=\"viewlet-above-content-body\">\n<div id=\"plone-document-byline\" class=\"documentByLine\"><span class=\"documentPublished\">Publicado em\u00a0<span class=\"value\">22\/02\/2026 18h41<\/span><\/span><\/div>\n<div id=\"media\">\n<p class=\"discreet\">Mais de 1.500 fam\u00edlias de Serra do Navio e Pedra Branca foram atendidas (Foto: M\u00e1rcio Pinheiro\/MIDR)<\/p>\n<\/div>\n<\/div>\n<div id=\"content-core\">\n<div id=\"parent-fieldname-text\" class=\"\">\n<div>\n<p>Serra do Navio (AP) &#8211; Em meio aos impactos da praga da mandioca e do per\u00edodo de estiagem, mais de 1.500 fam\u00edlias de Serra do Navio e Pedra Branca, no Amap\u00e1, receberam neste domingo (22) a\u00e7\u00f5es emergenciais do Minist\u00e9rio da Integra\u00e7\u00e3o e do Desenvolvimento Regional (MIDR). A iniciativa contou ainda com o mutir\u00e3o Microcr\u00e9dito Pertinho da Gente, para impulsionar a atividade produtiva na regi\u00e3o.<\/p>\n<dl class=\"image-left captioned caption-center\">\n<dt><a href=\"https:\/\/www.gov.br\/mdr\/pt-br\/noticias\/acelera-amapa-leva-ajuda-humanitaria-e-credito-produtivo-ao-interior-do-amapa\/serra-do-navio1b.jpg\" rel=\"lightbox\"><img fetchpriority=\"high\" decoding=\"async\" class=\"\" src=\"https:\/\/www.gov.br\/mdr\/pt-br\/noticias\/acelera-amapa-leva-ajuda-humanitaria-e-credito-produtivo-ao-interior-do-amapa\/serra-do-navio1b.jpg\/@@images\/f8b581a8-1114-4856-b955-24bd9939d58d.jpeg\" alt=\"Serra do Navio1b.JPG\" width=\"366\" height=\"309\" \/><\/a><\/dt>\n<dd class=\"image-caption\">Mutir\u00e3o do Microcr\u00e9dito Pertinho da Gente<\/dd>\n<\/dl>\n<p>O ministro da Integra\u00e7\u00e3o e do Desenvolvimento Regional, Waldez G\u00f3es, conta que uma for\u00e7a-tarefa composta pelo Governo Federal, Estado e por prefeituras de dez munic\u00edpios atua no Amap\u00e1 para combater os impactos da vassoura-de-bruxa. &#8220;N\u00f3s j\u00e1 estamos h\u00e1 dois anos nessa for\u00e7a-tarefa para enfrentar a crise criada no estado em rela\u00e7\u00e3o \u00e0 vassoura-de-bruxa, que atinge socialmente e economicamente os produtores de dez munic\u00edpios&#8221;, explicou o ministro Waldez.<\/p>\n<p>Em Serra do Navio, foram entregues cerca de 600 kits de alimenta\u00e7\u00e3o. J\u00e1 em Pedra Branca, 900 unidades foram distribu\u00eddas entre produtores e pescadores. A iniciativa, feita em parceria com o Minist\u00e9rio do Desenvolvimento Social (MDS), Governo do Amap\u00e1 e as prefeituras municipais, faz parte de uma s\u00e9rie de a\u00e7\u00f5es do projeto Acelera Amap\u00e1, que percorre o estado. Nesta semana, as atividades passaram por seis munic\u00edpios.<\/p>\n<h3>Apoio aos pescadores locais<\/h3>\n<dl class=\"image-left captioned caption-center\">\n<dt><a href=\"https:\/\/www.gov.br\/mdr\/pt-br\/noticias\/acelera-amapa-leva-ajuda-humanitaria-e-credito-produtivo-ao-interior-do-amapa\/serra-do-navio4a.jpg\" rel=\"lightbox\"><img decoding=\"async\" class=\"\" src=\"https:\/\/www.gov.br\/mdr\/pt-br\/noticias\/acelera-amapa-leva-ajuda-humanitaria-e-credito-produtivo-ao-interior-do-amapa\/serra-do-navio4a.jpg\/@@images\/8a0c4427-f2a2-402e-8c03-9ec754dddb0b.jpeg\" alt=\"Serra do Navio4a.JPG\" width=\"418\" height=\"351\" \/><\/a><\/dt>\n<dd class=\"image-caption\">Kits de alimenta\u00e7\u00e3o entregues aos produtores locais<\/dd>\n<\/dl>\n<p>Pescador desde crian\u00e7a, Leonardo Miranda agradeceu o apoio do Governo Federal para enfrentar as dificuldades impostas pelo per\u00edodo de estiagem. Morador de Serra do Navio, ele explicou que o kit de seguran\u00e7a alimentar chega como um refor\u00e7o para a subsist\u00eancia de sua casa. &#8220;Com esse kit, vamos ter esse apoio para o per\u00edodo de estiagem da pesca. Tudo isso vai ser muito bem-vindo para a nossa fam\u00edlia agora, realmente uma ajuda boa porque, no momento, o pescado est\u00e1 meio escasso&#8221;, afirmou o pescador.<\/p>\n<p>Com o mutir\u00e3o Microcr\u00e9dito Pertinho da Gente, os produtores tiveram atendimento do Banco da Amaz\u00f4nia (Basa) e a Cactvs, institui\u00e7\u00e3o parceira da Caixa Econ\u00f4mica Federal, para conhecer o Microcr\u00e9dito Produtivo Orientado (MPO) do MIDR. A pescadora Huanny Priscila veio de Pedra Branca do Amapari para saber como impulsionar o neg\u00f3cio com a fam\u00edlia no setor do pescado. Ela recebeu orienta\u00e7\u00f5es sobre as linhas de microcr\u00e9dito oferecidas pelo Basa. &#8220;Meu sonho \u00e9 transformar a nossa pesca em um neg\u00f3cio de fam\u00edlia. Aproveitei o evento para entender como posso acessar esse investimento e dar o pr\u00f3ximo passo. O que a gente busca \u00e9 uma oportunidade de crescer com as nossas pr\u00f3prias m\u00e3os, comprando nossos equipamentos e aumentando nossas vendas\u201d, contou Huanny.<\/p>\n<p>Fonte: Minst\u00e9rio de Desenvolvimento Regional<\/p>\n<\/div>\n<\/div>\n<\/div>\n","protected":false},"excerpt":{"rendered":"<p>Mais de 1.500 fam\u00edlias de Serra do Navio e Pedra Branca foram atendidas (Foto: M\u00e1rcio Pinheiro\/MIDR) A\u00e7\u00f5es do MIDR beneficiam agricultores e pescadores de Serra do Navio e Pedra Branca Publicado em\u00a022\/02\/2026 18h41 Mais de 1.500 fam\u00edlias de Serra do Navio e Pedra Branca foram atendidas (Foto: M\u00e1rcio Pinheiro\/MIDR) Serra do Navio (AP) &#8211; Em [&hellip;]<\/p>\n","protected":false},"author":2,"featured_media":4246,"comment_status":"open","ping_status":"open","sticky":false,"template":"","format":"standard","meta":{"rop_custom_images_group":[],"rop_custom_messages_group":[],"rop_publish_now":"initial","rop_publish_now_accounts":{"twitter_850042665852968960_850042665852968960":""},"rop_publish_now_history":[],"rop_publish_now_status":"pending","footnotes":""},"categories":[9],"tags":[913,912,915,914],"class_list":["post-4245","post","type-post","status-publish","format-standard","has-post-thumbnail","hentry","category-municipios","tag-acelera-amapa","tag-amapa","tag-pedra-branca","tag-pescadorees"],"yoast_head":"<!-- This site is optimized with the Yoast SEO plugin v27.2 - https:\/\/yoast.com\/product\/yoast-seo-wordpress\/ -->\n<title>Acelera Amap\u00e1 leva ajuda humanit\u00e1ria e cr\u00e9dito produtivo ao interior do Amap\u00e1 - Prefeitos &amp; Gest\u00f5es<\/title>\n<meta name=\"robots\" content=\"index, follow, max-snippet:-1, max-image-preview:large, max-video-preview:-1\" \/>\n<link rel=\"canonical\" href=\"https:\/\/prefeitosegestoes.com.br\/portal\/acelera-amapa-leva-ajuda-humanitaria-e-credito-produtivo-ao-interior-do-amapa\/\" \/>\n<meta property=\"og:locale\" content=\"pt_BR\" \/>\n<meta property=\"og:type\" content=\"article\" \/>\n<meta property=\"og:title\" content=\"Acelera Amap\u00e1 leva ajuda humanit\u00e1ria e cr\u00e9dito produtivo ao interior do Amap\u00e1 - Prefeitos &amp; Gest\u00f5es\" \/>\n<meta property=\"og:description\" content=\"Mais de 1.500 fam\u00edlias de Serra do Navio e Pedra Branca foram atendidas (Foto: M\u00e1rcio Pinheiro\/MIDR) A\u00e7\u00f5es do MIDR beneficiam agricultores e pescadores de Serra do Navio e Pedra Branca Publicado em\u00a022\/02\/2026 18h41 Mais de 1.500 fam\u00edlias de Serra do Navio e Pedra Branca foram atendidas (Foto: M\u00e1rcio Pinheiro\/MIDR) Serra do Navio (AP) &#8211; Em [&hellip;]\" \/>\n<meta property=\"og:url\" content=\"https:\/\/prefeitosegestoes.com.br\/portal\/acelera-amapa-leva-ajuda-humanitaria-e-credito-produtivo-ao-interior-do-amapa\/\" \/>\n<meta property=\"og:site_name\" content=\"Prefeitos &amp; Gest\u00f5es\" \/>\n<meta property=\"article:publisher\" content=\"https:\/\/www.facebook.com\/prefeitosonline\" \/>\n<meta property=\"article:published_time\" content=\"2026-02-23T20:16:20+00:00\" \/>\n<meta property=\"og:image\" content=\"https:\/\/prefeitosegestoes.com.br\/portal\/wp-content\/uploads\/2026\/02\/Amapa.jpeg\" \/>\n\t<meta property=\"og:image:width\" content=\"768\" \/>\n\t<meta property=\"og:image:height\" content=\"512\" \/>\n\t<meta property=\"og:image:type\" content=\"image\/jpeg\" \/>\n<meta name=\"author\" content=\"Prefeitos &amp; Gest\u00f5es\" \/>\n<meta name=\"twitter:card\" content=\"summary_large_image\" \/>\n<meta name=\"twitter:creator\" content=\"@PrefGestoes\" \/>\n<meta name=\"twitter:site\" content=\"@PrefGestoes\" \/>\n<meta name=\"twitter:label1\" content=\"Escrito por\" \/>\n\t<meta name=\"twitter:data1\" content=\"Prefeitos &amp; Gest\u00f5es\" \/>\n\t<meta name=\"twitter:label2\" content=\"Est. tempo de leitura\" \/>\n\t<meta name=\"twitter:data2\" content=\"4 minutos\" \/>\n<script type=\"application\/ld+json\" class=\"yoast-schema-graph\">{\"@context\":\"https:\/\/schema.org\",\"@graph\":[{\"@type\":\"Article\",\"@id\":\"https:\/\/prefeitosegestoes.com.br\/portal\/acelera-amapa-leva-ajuda-humanitaria-e-credito-produtivo-ao-interior-do-amapa\/#article\",\"isPartOf\":{\"@id\":\"https:\/\/prefeitosegestoes.com.br\/portal\/acelera-amapa-leva-ajuda-humanitaria-e-credito-produtivo-ao-interior-do-amapa\/\"},\"author\":{\"name\":\"Prefeitos &amp; Gest\u00f5es\",\"@id\":\"https:\/\/prefeitosegestoes.com.br\/portal\/#\/schema\/person\/d00059f2ec99963e7e1850d448ae94b8\"},\"headline\":\"Acelera Amap\u00e1 leva ajuda humanit\u00e1ria e cr\u00e9dito produtivo ao interior do Amap\u00e1\",\"datePublished\":\"2026-02-23T20:16:20+00:00\",\"mainEntityOfPage\":{\"@id\":\"https:\/\/prefeitosegestoes.com.br\/portal\/acelera-amapa-leva-ajuda-humanitaria-e-credito-produtivo-ao-interior-do-amapa\/\"},\"wordCount\":530,\"commentCount\":0,\"publisher\":{\"@id\":\"https:\/\/prefeitosegestoes.com.br\/portal\/#organization\"},\"image\":{\"@id\":\"https:\/\/prefeitosegestoes.com.br\/portal\/acelera-amapa-leva-ajuda-humanitaria-e-credito-produtivo-ao-interior-do-amapa\/#primaryimage\"},\"thumbnailUrl\":\"https:\/\/prefeitosegestoes.com.br\/portal\/wp-content\/uploads\/2026\/02\/Amapa.jpeg\",\"keywords\":[\"Acelera Amap\u00e1\",\"Amap\u00e1\",\"Pedra Branca\",\"Pescadorees\"],\"articleSection\":[\"Munic\u00edpios\"],\"inLanguage\":\"pt-BR\",\"potentialAction\":[{\"@type\":\"CommentAction\",\"name\":\"Comment\",\"target\":[\"https:\/\/prefeitosegestoes.com.br\/portal\/acelera-amapa-leva-ajuda-humanitaria-e-credito-produtivo-ao-interior-do-amapa\/#respond\"]}]},{\"@type\":\"WebPage\",\"@id\":\"https:\/\/prefeitosegestoes.com.br\/portal\/acelera-amapa-leva-ajuda-humanitaria-e-credito-produtivo-ao-interior-do-amapa\/\",\"url\":\"https:\/\/prefeitosegestoes.com.br\/portal\/acelera-amapa-leva-ajuda-humanitaria-e-credito-produtivo-ao-interior-do-amapa\/\",\"name\":\"Acelera Amap\u00e1 leva ajuda humanit\u00e1ria e cr\u00e9dito produtivo ao interior do Amap\u00e1 - Prefeitos &amp; Gest\u00f5es\",\"isPartOf\":{\"@id\":\"https:\/\/prefeitosegestoes.com.br\/portal\/#website\"},\"primaryImageOfPage\":{\"@id\":\"https:\/\/prefeitosegestoes.com.br\/portal\/acelera-amapa-leva-ajuda-humanitaria-e-credito-produtivo-ao-interior-do-amapa\/#primaryimage\"},\"image\":{\"@id\":\"https:\/\/prefeitosegestoes.com.br\/portal\/acelera-amapa-leva-ajuda-humanitaria-e-credito-produtivo-ao-interior-do-amapa\/#primaryimage\"},\"thumbnailUrl\":\"https:\/\/prefeitosegestoes.com.br\/portal\/wp-content\/uploads\/2026\/02\/Amapa.jpeg\",\"datePublished\":\"2026-02-23T20:16:20+00:00\",\"breadcrumb\":{\"@id\":\"https:\/\/prefeitosegestoes.com.br\/portal\/acelera-amapa-leva-ajuda-humanitaria-e-credito-produtivo-ao-interior-do-amapa\/#breadcrumb\"},\"inLanguage\":\"pt-BR\",\"potentialAction\":[{\"@type\":\"ReadAction\",\"target\":[\"https:\/\/prefeitosegestoes.com.br\/portal\/acelera-amapa-leva-ajuda-humanitaria-e-credito-produtivo-ao-interior-do-amapa\/\"]}]},{\"@type\":\"ImageObject\",\"inLanguage\":\"pt-BR\",\"@id\":\"https:\/\/prefeitosegestoes.com.br\/portal\/acelera-amapa-leva-ajuda-humanitaria-e-credito-produtivo-ao-interior-do-amapa\/#primaryimage\",\"url\":\"https:\/\/prefeitosegestoes.com.br\/portal\/wp-content\/uploads\/2026\/02\/Amapa.jpeg\",\"contentUrl\":\"https:\/\/prefeitosegestoes.com.br\/portal\/wp-content\/uploads\/2026\/02\/Amapa.jpeg\",\"width\":768,\"height\":512},{\"@type\":\"BreadcrumbList\",\"@id\":\"https:\/\/prefeitosegestoes.com.br\/portal\/acelera-amapa-leva-ajuda-humanitaria-e-credito-produtivo-ao-interior-do-amapa\/#breadcrumb\",\"itemListElement\":[{\"@type\":\"ListItem\",\"position\":1,\"name\":\"In\u00edcio\",\"item\":\"https:\/\/prefeitosegestoes.com.br\/portal\/\"},{\"@type\":\"ListItem\",\"position\":2,\"name\":\"Acelera Amap\u00e1 leva ajuda humanit\u00e1ria e cr\u00e9dito produtivo ao interior do Amap\u00e1\"}]},{\"@type\":\"WebSite\",\"@id\":\"https:\/\/prefeitosegestoes.com.br\/portal\/#website\",\"url\":\"https:\/\/prefeitosegestoes.com.br\/portal\/\",\"name\":\"Prefeitos & Gest\u00f5es\",\"description\":\"\",\"publisher\":{\"@id\":\"https:\/\/prefeitosegestoes.com.br\/portal\/#organization\"},\"potentialAction\":[{\"@type\":\"SearchAction\",\"target\":{\"@type\":\"EntryPoint\",\"urlTemplate\":\"https:\/\/prefeitosegestoes.com.br\/portal\/?s={search_term_string}\"},\"query-input\":{\"@type\":\"PropertyValueSpecification\",\"valueRequired\":true,\"valueName\":\"search_term_string\"}}],\"inLanguage\":\"pt-BR\"},{\"@type\":\"Organization\",\"@id\":\"https:\/\/prefeitosegestoes.com.br\/portal\/#organization\",\"name\":\"Prefeitos & Gest\u00f5es\",\"url\":\"https:\/\/prefeitosegestoes.com.br\/portal\/\",\"logo\":{\"@type\":\"ImageObject\",\"inLanguage\":\"pt-BR\",\"@id\":\"https:\/\/prefeitosegestoes.com.br\/portal\/#\/schema\/logo\/image\/\",\"url\":\"https:\/\/prefeitosegestoes.com.br\/portal\/wp-content\/uploads\/2024\/10\/lg_trans_prefeitos_2024_preto2.png\",\"contentUrl\":\"https:\/\/prefeitosegestoes.com.br\/portal\/wp-content\/uploads\/2024\/10\/lg_trans_prefeitos_2024_preto2.png\",\"width\":199,\"height\":122,\"caption\":\"Prefeitos & Gest\u00f5es\"},\"image\":{\"@id\":\"https:\/\/prefeitosegestoes.com.br\/portal\/#\/schema\/logo\/image\/\"},\"sameAs\":[\"https:\/\/www.facebook.com\/prefeitosonline\",\"https:\/\/x.com\/PrefGestoes\"]},{\"@type\":\"Person\",\"@id\":\"https:\/\/prefeitosegestoes.com.br\/portal\/#\/schema\/person\/d00059f2ec99963e7e1850d448ae94b8\",\"name\":\"Prefeitos &amp; Gest\u00f5es\",\"image\":{\"@type\":\"ImageObject\",\"inLanguage\":\"pt-BR\",\"@id\":\"https:\/\/secure.gravatar.com\/avatar\/738fb281e479212ed32c1a21a4307dda9f3af9292edb6918a16c9ce9fff5f48d?s=96&d=mm&r=g\",\"url\":\"https:\/\/secure.gravatar.com\/avatar\/738fb281e479212ed32c1a21a4307dda9f3af9292edb6918a16c9ce9fff5f48d?s=96&d=mm&r=g\",\"contentUrl\":\"https:\/\/secure.gravatar.com\/avatar\/738fb281e479212ed32c1a21a4307dda9f3af9292edb6918a16c9ce9fff5f48d?s=96&d=mm&r=g\",\"caption\":\"Prefeitos &amp; Gest\u00f5es\"},\"url\":\"https:\/\/prefeitosegestoes.com.br\/portal\/author\/prefeitosegestoes\/\"}]}<\/script>\n<!-- \/ Yoast SEO plugin. -->","yoast_head_json":{"title":"Acelera Amap\u00e1 leva ajuda humanit\u00e1ria e cr\u00e9dito produtivo ao interior do Amap\u00e1 - Prefeitos &amp; Gest\u00f5es","robots":{"index":"index","follow":"follow","max-snippet":"max-snippet:-1","max-image-preview":"max-image-preview:large","max-video-preview":"max-video-preview:-1"},"canonical":"https:\/\/prefeitosegestoes.com.br\/portal\/acelera-amapa-leva-ajuda-humanitaria-e-credito-produtivo-ao-interior-do-amapa\/","og_locale":"pt_BR","og_type":"article","og_title":"Acelera Amap\u00e1 leva ajuda humanit\u00e1ria e cr\u00e9dito produtivo ao interior do Amap\u00e1 - Prefeitos &amp; Gest\u00f5es","og_description":"Mais de 1.500 fam\u00edlias de Serra do Navio e Pedra Branca foram atendidas (Foto: M\u00e1rcio Pinheiro\/MIDR) A\u00e7\u00f5es do MIDR beneficiam agricultores e pescadores de Serra do Navio e Pedra Branca Publicado em\u00a022\/02\/2026 18h41 Mais de 1.500 fam\u00edlias de Serra do Navio e Pedra Branca foram atendidas (Foto: M\u00e1rcio Pinheiro\/MIDR) Serra do Navio (AP) &#8211; Em [&hellip;]","og_url":"https:\/\/prefeitosegestoes.com.br\/portal\/acelera-amapa-leva-ajuda-humanitaria-e-credito-produtivo-ao-interior-do-amapa\/","og_site_name":"Prefeitos &amp; Gest\u00f5es","article_publisher":"https:\/\/www.facebook.com\/prefeitosonline","article_published_time":"2026-02-23T20:16:20+00:00","og_image":[{"width":768,"height":512,"url":"https:\/\/prefeitosegestoes.com.br\/portal\/wp-content\/uploads\/2026\/02\/Amapa.jpeg","type":"image\/jpeg"}],"author":"Prefeitos &amp; Gest\u00f5es","twitter_card":"summary_large_image","twitter_creator":"@PrefGestoes","twitter_site":"@PrefGestoes","twitter_misc":{"Escrito por":"Prefeitos &amp; Gest\u00f5es","Est. tempo de leitura":"4 minutos"},"schema":{"@context":"https:\/\/schema.org","@graph":[{"@type":"Article","@id":"https:\/\/prefeitosegestoes.com.br\/portal\/acelera-amapa-leva-ajuda-humanitaria-e-credito-produtivo-ao-interior-do-amapa\/#article","isPartOf":{"@id":"https:\/\/prefeitosegestoes.com.br\/portal\/acelera-amapa-leva-ajuda-humanitaria-e-credito-produtivo-ao-interior-do-amapa\/"},"author":{"name":"Prefeitos &amp; Gest\u00f5es","@id":"https:\/\/prefeitosegestoes.com.br\/portal\/#\/schema\/person\/d00059f2ec99963e7e1850d448ae94b8"},"headline":"Acelera Amap\u00e1 leva ajuda humanit\u00e1ria e cr\u00e9dito produtivo ao interior do Amap\u00e1","datePublished":"2026-02-23T20:16:20+00:00","mainEntityOfPage":{"@id":"https:\/\/prefeitosegestoes.com.br\/portal\/acelera-amapa-leva-ajuda-humanitaria-e-credito-produtivo-ao-interior-do-amapa\/"},"wordCount":530,"commentCount":0,"publisher":{"@id":"https:\/\/prefeitosegestoes.com.br\/portal\/#organization"},"image":{"@id":"https:\/\/prefeitosegestoes.com.br\/portal\/acelera-amapa-leva-ajuda-humanitaria-e-credito-produtivo-ao-interior-do-amapa\/#primaryimage"},"thumbnailUrl":"https:\/\/prefeitosegestoes.com.br\/portal\/wp-content\/uploads\/2026\/02\/Amapa.jpeg","keywords":["Acelera Amap\u00e1","Amap\u00e1","Pedra Branca","Pescadorees"],"articleSection":["Munic\u00edpios"],"inLanguage":"pt-BR","potentialAction":[{"@type":"CommentAction","name":"Comment","target":["https:\/\/prefeitosegestoes.com.br\/portal\/acelera-amapa-leva-ajuda-humanitaria-e-credito-produtivo-ao-interior-do-amapa\/#respond"]}]},{"@type":"WebPage","@id":"https:\/\/prefeitosegestoes.com.br\/portal\/acelera-amapa-leva-ajuda-humanitaria-e-credito-produtivo-ao-interior-do-amapa\/","url":"https:\/\/prefeitosegestoes.com.br\/portal\/acelera-amapa-leva-ajuda-humanitaria-e-credito-produtivo-ao-interior-do-amapa\/","name":"Acelera Amap\u00e1 leva ajuda humanit\u00e1ria e cr\u00e9dito produtivo ao interior do Amap\u00e1 - Prefeitos &amp; Gest\u00f5es","isPartOf":{"@id":"https:\/\/prefeitosegestoes.com.br\/portal\/#website"},"primaryImageOfPage":{"@id":"https:\/\/prefeitosegestoes.com.br\/portal\/acelera-amapa-leva-ajuda-humanitaria-e-credito-produtivo-ao-interior-do-amapa\/#primaryimage"},"image":{"@id":"https:\/\/prefeitosegestoes.com.br\/portal\/acelera-amapa-leva-ajuda-humanitaria-e-credito-produtivo-ao-interior-do-amapa\/#primaryimage"},"thumbnailUrl":"https:\/\/prefeitosegestoes.com.br\/portal\/wp-content\/uploads\/2026\/02\/Amapa.jpeg","datePublished":"2026-02-23T20:16:20+00:00","breadcrumb":{"@id":"https:\/\/prefeitosegestoes.com.br\/portal\/acelera-amapa-leva-ajuda-humanitaria-e-credito-produtivo-ao-interior-do-amapa\/#breadcrumb"},"inLanguage":"pt-BR","potentialAction":[{"@type":"ReadAction","target":["https:\/\/prefeitosegestoes.com.br\/portal\/acelera-amapa-leva-ajuda-humanitaria-e-credito-produtivo-ao-interior-do-amapa\/"]}]},{"@type":"ImageObject","inLanguage":"pt-BR","@id":"https:\/\/prefeitosegestoes.com.br\/portal\/acelera-amapa-leva-ajuda-humanitaria-e-credito-produtivo-ao-interior-do-amapa\/#primaryimage","url":"https:\/\/prefeitosegestoes.com.br\/portal\/wp-content\/uploads\/2026\/02\/Amapa.jpeg","contentUrl":"https:\/\/prefeitosegestoes.com.br\/portal\/wp-content\/uploads\/2026\/02\/Amapa.jpeg","width":768,"height":512},{"@type":"BreadcrumbList","@id":"https:\/\/prefeitosegestoes.com.br\/portal\/acelera-amapa-leva-ajuda-humanitaria-e-credito-produtivo-ao-interior-do-amapa\/#breadcrumb","itemListElement":[{"@type":"ListItem","position":1,"name":"In\u00edcio","item":"https:\/\/prefeitosegestoes.com.br\/portal\/"},{"@type":"ListItem","position":2,"name":"Acelera Amap\u00e1 leva ajuda humanit\u00e1ria e cr\u00e9dito produtivo ao interior do Amap\u00e1"}]},{"@type":"WebSite","@id":"https:\/\/prefeitosegestoes.com.br\/portal\/#website","url":"https:\/\/prefeitosegestoes.com.br\/portal\/","name":"Prefeitos & Gest\u00f5es","description":"","publisher":{"@id":"https:\/\/prefeitosegestoes.com.br\/portal\/#organization"},"potentialAction":[{"@type":"SearchAction","target":{"@type":"EntryPoint","urlTemplate":"https:\/\/prefeitosegestoes.com.br\/portal\/?s={search_term_string}"},"query-input":{"@type":"PropertyValueSpecification","valueRequired":true,"valueName":"search_term_string"}}],"inLanguage":"pt-BR"},{"@type":"Organization","@id":"https:\/\/prefeitosegestoes.com.br\/portal\/#organization","name":"Prefeitos & Gest\u00f5es","url":"https:\/\/prefeitosegestoes.com.br\/portal\/","logo":{"@type":"ImageObject","inLanguage":"pt-BR","@id":"https:\/\/prefeitosegestoes.com.br\/portal\/#\/schema\/logo\/image\/","url":"https:\/\/prefeitosegestoes.com.br\/portal\/wp-content\/uploads\/2024\/10\/lg_trans_prefeitos_2024_preto2.png","contentUrl":"https:\/\/prefeitosegestoes.com.br\/portal\/wp-content\/uploads\/2024\/10\/lg_trans_prefeitos_2024_preto2.png","width":199,"height":122,"caption":"Prefeitos & Gest\u00f5es"},"image":{"@id":"https:\/\/prefeitosegestoes.com.br\/portal\/#\/schema\/logo\/image\/"},"sameAs":["https:\/\/www.facebook.com\/prefeitosonline","https:\/\/x.com\/PrefGestoes"]},{"@type":"Person","@id":"https:\/\/prefeitosegestoes.com.br\/portal\/#\/schema\/person\/d00059f2ec99963e7e1850d448ae94b8","name":"Prefeitos &amp; Gest\u00f5es","image":{"@type":"ImageObject","inLanguage":"pt-BR","@id":"https:\/\/secure.gravatar.com\/avatar\/738fb281e479212ed32c1a21a4307dda9f3af9292edb6918a16c9ce9fff5f48d?s=96&d=mm&r=g","url":"https:\/\/secure.gravatar.com\/avatar\/738fb281e479212ed32c1a21a4307dda9f3af9292edb6918a16c9ce9fff5f48d?s=96&d=mm&r=g","contentUrl":"https:\/\/secure.gravatar.com\/avatar\/738fb281e479212ed32c1a21a4307dda9f3af9292edb6918a16c9ce9fff5f48d?s=96&d=mm&r=g","caption":"Prefeitos &amp; Gest\u00f5es"},"url":"https:\/\/prefeitosegestoes.com.br\/portal\/author\/prefeitosegestoes\/"}]}},"_links":{"self":[{"href":"https:\/\/prefeitosegestoes.com.br\/portal\/wp-json\/wp\/v2\/posts\/4245","targetHints":{"allow":["GET"]}}],"collection":[{"href":"https:\/\/prefeitosegestoes.com.br\/portal\/wp-json\/wp\/v2\/posts"}],"about":[{"href":"https:\/\/prefeitosegestoes.com.br\/portal\/wp-json\/wp\/v2\/types\/post"}],"author":[{"embeddable":true,"href":"https:\/\/prefeitosegestoes.com.br\/portal\/wp-json\/wp\/v2\/users\/2"}],"replies":[{"embeddable":true,"href":"https:\/\/prefeitosegestoes.com.br\/portal\/wp-json\/wp\/v2\/comments?post=4245"}],"version-history":[{"count":1,"href":"https:\/\/prefeitosegestoes.com.br\/portal\/wp-json\/wp\/v2\/posts\/4245\/revisions"}],"predecessor-version":[{"id":4247,"href":"https:\/\/prefeitosegestoes.com.br\/portal\/wp-json\/wp\/v2\/posts\/4245\/revisions\/4247"}],"wp:featuredmedia":[{"embeddable":true,"href":"https:\/\/prefeitosegestoes.com.br\/portal\/wp-json\/wp\/v2\/media\/4246"}],"wp:attachment":[{"href":"https:\/\/prefeitosegestoes.com.br\/portal\/wp-json\/wp\/v2\/media?parent=4245"}],"wp:term":[{"taxonomy":"category","embeddable":true,"href":"https:\/\/prefeitosegestoes.com.br\/portal\/wp-json\/wp\/v2\/categories?post=4245"},{"taxonomy":"post_tag","embeddable":true,"href":"https:\/\/prefeitosegestoes.com.br\/portal\/wp-json\/wp\/v2\/tags?post=4245"}],"curies":[{"name":"wp","href":"https:\/\/api.w.org\/{rel}","templated":true}]}}