{"id":4131,"date":"2026-01-02T11:05:34","date_gmt":"2026-01-02T14:05:34","guid":{"rendered":"https:\/\/prefeitosegestoes.com.br\/portal\/?p=4131"},"modified":"2026-01-02T11:05:34","modified_gmt":"2026-01-02T14:05:34","slug":"taxa-de-desemprego-atinge-52-o-menor-indice-desde-2012","status":"publish","type":"post","link":"https:\/\/prefeitosegestoes.com.br\/portal\/taxa-de-desemprego-atinge-52-o-menor-indice-desde-2012\/","title":{"rendered":"Taxa de desemprego atinge 5,2%, o menor \u00edndice desde 2012"},"content":{"rendered":"<div class=\"ng-star-inserted\">\n<div class=\"ng-star-inserted\">\n<div class=\"widget\">\n<div class=\"widget__row\">\n<div class=\"widget__column\">\n<div class=\"ng-star-inserted\">\n<div class=\"asset\">\n<h6>\u00a0Foto: Fernando Fraz\u00e3o\/Ag\u00eancia Brasil<\/h6>\n<h2 class=\"asset__summary\">Dados do IBGE revelam que a taxa de desemprego no Brasil caiu para 5,2%, o menor \u00edndice desde 2012, com recorde de ocupa\u00e7\u00e3o de 103,2 milh\u00f5es de pessoas.<\/h2>\n<div class=\"asset__actions\">\n<div class=\"asset__info\">\n<p class=\"asset__publisher\">Congresso em Foco<\/p>\n<p class=\"asset__date\">1\/1\/2026\u00a0<span class=\"ng-star-inserted\">13:00<\/span><\/p>\n<\/div>\n<\/div>\n<div class=\"asset__content leitura-materia-115217\">\n<div class=\"html-content\">\n<p>De acordo com informa\u00e7\u00f5es divulgadas pelo Instituto Brasileiro de Geografia e Estat\u00edstica (IBGE), a taxa de desocupa\u00e7\u00e3o no trimestre findo em novembro atingiu 5,2%. Este valor representa o menor \u00edndice de desemprego desde 2012, conforme mensurado pela Pesquisa Nacional por Amostra de Domic\u00edlios Cont\u00ednua (Pnad) Cont\u00ednua.<\/p>\n<p>O IBGE aponta que, no per\u00edodo de setembro a novembro, o contingente de pessoas desempregadas totalizou 5,6 milh\u00f5es, configurando o menor n\u00famero de desocupados j\u00e1 documentado pela pesquisa. Em contrapartida, o maior volume de desocupados foi registrado no trimestre conclu\u00eddo em mar\u00e7o de 2021, auge da pandemia de covid-19, quando o indicador alcan\u00e7ou 14,9 milh\u00f5es de indiv\u00edduos sem emprego formal.<\/p>\n<p><img fetchpriority=\"high\" decoding=\"async\" title=\"Desemprego cai a 5,2% e Brasil bate recorde de 103,2 mi ocupados.\" src=\"https:\/\/static.congressoemfoco.com.br\/CONG_MATERIA\/2025\/12\/30\/c1d9fe_CONG_MATERIA_MANUAL_industriaswd22191.png\" alt=\"Desemprego cai a 5,2% e Brasil bate recorde de 103,2 mi ocupados.\" width=\"800\" height=\"450\" \/><\/p>\n<div class=\"img-info\"><span class=\"img-legenda\">Desemprego cai a 5,2% e Brasil bate recorde de 103,2 mi ocupados.<\/span><span class=\"img-credito\">Ag\u00eancia Brasil\/ Arquivo<\/span><\/div>\n<p>&nbsp;<\/p>\n<p>A redu\u00e7\u00e3o do desemprego foi acompanhada por um novo recorde no n\u00famero de pessoas ocupadas no pa\u00eds, atingindo 103,2 milh\u00f5es, conforme dados do IBGE. O n\u00edvel de ocupa\u00e7\u00e3o, definido como a propor\u00e7\u00e3o de pessoas com 14 anos ou mais de idade que estavam trabalhando, atingiu o maior percentual da s\u00e9rie hist\u00f3rica da PNAD Cont\u00ednua: 59,0%.<\/p>\n<\/div>\n<\/div>\n<div class=\"share share--bottom\"><a class=\"share-news\" title=\"Google News\" href=\"https:\/\/news.google.com\/publications\/CAAqBwgKMKzRlQswnbarAw?hl=pt-BR&amp;gl=BR&amp;ceid=BR%3Apt-419\" target=\"_blank\" rel=\"noopener\"><span class=\"share-news--texto\">Siga-nos no<\/span><img decoding=\"async\" class=\"share-news--icon\" title=\"Google News\" src=\"https:\/\/www.congressoemfoco.com.br\/assets\/images\/google-news.png\" alt=\"Google News\" width=\"100\" height=\"20\" \/><\/a><\/p>\n<div class=\"share-social\"><span class=\"share-title\">Compartilhar<\/span><\/p>\n<div class=\"share-icons\"><\/div>\n<\/div>\n<\/div>\n<div class=\"asset__tags\">\n<p class=\"asset__tags-title\">Tags<\/p>\n<div class=\"asset__tags-links\"><a class=\"asset__tags-link ignore-hover\" title=\"IBGE\" href=\"https:\/\/www.congressoemfoco.com.br\/tag\/ibge\">IBGE<\/a><a class=\"asset__tags-link ignore-hover\" title=\"emprego\" href=\"https:\/\/www.congressoemfoco.com.br\/tag\/emprego\">emprego<\/a><\/div>\n<\/div>\n<div class=\"asset__tags\">\n<p class=\"asset__tags-title\">Temas<\/p>\n<div class=\"asset__tags-links\"><a class=\"asset__tags-link ignore-hover\" title=\"taxa Selic\" href=\"https:\/\/www.congressoemfoco.com.br\/tema\/taxa-selic\">taxa Selic<\/a><\/div>\n<\/div>\n<div>\n<section id=\"comentario\" class=\"comentario padding ng-star-inserted\">\n<div class=\"comentario__conteudo\">\n<div class=\"comentario__header\"><span class=\"comentario__title\">Coment\u00e1rios (0)<\/span><\/p>\n<div class=\"comentarios__botoes\">\n<div class=\"button__wrapper\"><\/div>\n<\/div>\n<\/div>\n<div class=\"comentario__logar ng-star-inserted\">\n<p>Fa\u00e7a\u00a0<a title=\"Login\" rel=\"noopener\">login<\/a>\u00a0e deixe seu coment\u00e1rio<\/p>\n<\/div>\n<\/div>\n<\/section>\n<\/div>\n<\/div>\n<\/div>\n<\/div>\n<\/div>\n<\/div>\n<\/div>\n<\/div>\n<div class=\"mt-50\">\n<div class=\"ng-star-inserted\">\n<div class=\"widget ng-star-inserted\">\n<div class=\"widget__row\">\n<div class=\"widget__column\">\n<div class=\"ng-star-inserted\">\n<div class=\"asset ng-star-inserted\">\n<p class=\"asset__label\">ECONOMIA<\/p>\n<h1 class=\"asset__title\">Desemprego cai a 5,2% e atinge menor n\u00edvel da s\u00e9rie hist\u00f3rica<\/h1>\n<h2 class=\"asset__summary\">IBGE registra menor n\u00famero de desempregados desde 2012 com recorde de ocupa\u00e7\u00e3o e avan\u00e7o da renda do trabalho.<\/h2>\n<div class=\"asset__author\"><\/div>\n<div class=\"asset__actions\">\n<div class=\"asset__info\">\n<p class=\"asset__publisher\">Congresso em Foco<\/p>\n<p class=\"asset__date\">30\/12\/2025\u00a0<span class=\"ng-star-inserted\">10:20<\/span><\/p>\n<\/div>\n<\/div>\n<div class=\"share\">\n<div class=\"share-social\"><span class=\"share-title ng-star-inserted\">COMPARTILHE ESTA NOT\u00cdCIA<\/span><\/p>\n<div class=\"share-icons\"><\/div>\n<\/div>\n<\/div>\n<div class=\"asset__content leitura-materia-115214\">\n<div class=\"html-content ng-star-inserted\">\n<p>A taxa de\u00a0<a href=\"https:\/\/www.congressoemfoco.com.br\/tag\/desemprego\" target=\"_blank\" rel=\"noopener\">desemprego\u00a0<\/a>no Brasil caiu para 5,2% no trimestre encerrado em novembro de 2025, o menor patamar desde o in\u00edcio da s\u00e9rie hist\u00f3rica da Pesquisa Nacional por Amostra de Domic\u00edlios Cont\u00ednua (Pnad Cont\u00ednua), iniciada em 2012. Os dados foram divulgados nesta ter\u00e7a-feira (30) pelo Instituto Brasileiro de Geografia e Estat\u00edstica (<a href=\"https:\/\/www.congressoemfoco.com.br\/tag\/ibge\" target=\"_blank\" rel=\"noopener\">IBGE<\/a>).<\/p>\n<p>De acordo com o levantamento, 5,644 milh\u00f5es de pessoas estavam desocupadas no per\u00edodo \u2014 o menor contingente j\u00e1 registrado. Em rela\u00e7\u00e3o ao trimestre anterior, houve redu\u00e7\u00e3o de 7,2%, o equivalente a 441 mil pessoas. Na compara\u00e7\u00e3o anual, a queda foi de 14,9%, com 988 mil desempregados a menos.<\/p>\n<p><img decoding=\"async\" title=\"Fila para ofertas de trabalho em S\u00e3o Paulo.\" src=\"https:\/\/static.congressoemfoco.com.br\/CONG_MATERIA\/2025\/12\/30\/584449_CONG_MATERIA_MANUAL_30920329high.jpeg\" alt=\"Fila para ofertas de trabalho em S\u00e3o Paulo.\" width=\"800\" height=\"450\" \/><\/p>\n<div class=\"img-info\"><span class=\"img-legenda\">Fila para ofertas de trabalho em S\u00e3o Paulo.<\/span><span class=\"img-credito\">Oslaim Brito\/Thenews2\/Folhapress<\/span><\/div>\n<p>&nbsp;<\/p>\n<p>O resultado veio acompanhado de recordes no mercado de trabalho. A popula\u00e7\u00e3o ocupada chegou a 103 milh\u00f5es de pessoas, maior n\u00edvel da s\u00e9rie hist\u00f3rica, enquanto o n\u00edvel de ocupa\u00e7\u00e3o atingiu 59,0% da popula\u00e7\u00e3o em idade de trabalhar.<\/p>\n<p><strong>Emprego formal e informalidade<\/strong><\/p>\n<p>A taxa de informalidade recuou para 37,7% da popula\u00e7\u00e3o ocupada, abaixo dos 38% observados no trimestre anterior e dos 38,8% registrados um ano antes. Ao todo, cerca de 38,8 milh\u00f5es de trabalhadores estavam na informalidade.<\/p>\n<p>O recuo foi influenciado pelo aumento do emprego formal. O n\u00famero de trabalhadores com carteira assinada no setor privado chegou a 39,4 milh\u00f5es, novo recorde da s\u00e9rie. O contingente permaneceu est\u00e1vel na compara\u00e7\u00e3o trimestral, mas cresceu 2,6% em um ano, com a cria\u00e7\u00e3o de cerca de 1 milh\u00e3o de vagas.<\/p>\n<p>J\u00e1 o n\u00famero de empregados sem carteira no setor privado ficou em 13,6 milh\u00f5es, est\u00e1vel no trimestre e com queda de 3,4% em rela\u00e7\u00e3o a 2024. O total de trabalhadores por conta pr\u00f3pria tamb\u00e9m atingiu patamar recorde, com 26 milh\u00f5es de pessoas, crescimento de 2,9% no ano.<\/p>\n<p><strong>Setor p\u00fablico sustenta avan\u00e7o recente<\/strong><\/p>\n<p>Na compara\u00e7\u00e3o com o trimestre anterior, o crescimento da ocupa\u00e7\u00e3o foi puxado exclusivamente pelo grupamento de administra\u00e7\u00e3o p\u00fablica, defesa, seguridade social, educa\u00e7\u00e3o, sa\u00fade humana e servi\u00e7os sociais, que registrou aumento de 2,6%, com 492 mil pessoas a mais ocupadas.<\/p>\n<p>O n\u00famero de empregados no setor p\u00fablico chegou a 13,1 milh\u00f5es, tamb\u00e9m recorde da s\u00e9rie hist\u00f3rica. Houve alta de 1,9% no trimestre e de 3,8% no ano. Segundo o IBGE, as \u00e1reas de educa\u00e7\u00e3o e sa\u00fade foram as principais respons\u00e1veis pela expans\u00e3o recente do emprego.<\/p>\n<p>O rendimento m\u00e9dio real habitual da popula\u00e7\u00e3o ocupada alcan\u00e7ou R$ 3.574, maior valor j\u00e1 registrado pela pesquisa. O indicador cresceu 1,8% no trimestre e 4,5% em rela\u00e7\u00e3o ao mesmo per\u00edodo de 2024, j\u00e1 descontada a infla\u00e7\u00e3o.<\/p>\n<p>A massa de rendimento real habitual tamb\u00e9m atingiu n\u00edvel recorde, somando R$ 363,7 bilh\u00f5es. O montante representa aumento de 2,5% no trimestre e de 5,8% no ano, impulsionado tanto pela expans\u00e3o do emprego quanto pela eleva\u00e7\u00e3o dos sal\u00e1rios.<\/p>\n<p><strong>Menos subutiliza\u00e7\u00e3o e desalento<\/strong><\/p>\n<p>A taxa composta de subutiliza\u00e7\u00e3o da for\u00e7a de trabalho caiu para 13,5%, o menor n\u00edvel da s\u00e9rie hist\u00f3rica. O n\u00famero de pessoas subutilizadas foi estimado em 15,4 milh\u00f5es, o menor desde 2014.<\/p>\n<p>A popula\u00e7\u00e3o desalentada somou 2,6 milh\u00f5es de pessoas, menor patamar desde 2015, com queda de 12,9% em rela\u00e7\u00e3o ao ano anterior. J\u00e1 o contingente de trabalhadores subocupados por insufici\u00eancia de horas permaneceu est\u00e1vel no trimestre, em 4,5 milh\u00f5es, mas recuou 9,1% no ano.<\/p>\n<p>Fonte: Congresso em Foco<\/p>\n<\/div>\n<\/div>\n<\/div>\n<\/div>\n<\/div>\n<\/div>\n<\/div>\n<\/div>\n<\/div>\n","protected":false},"excerpt":{"rendered":"<p>\u00a0Foto: Fernando Fraz\u00e3o\/Ag\u00eancia Brasil Dados do IBGE revelam que a taxa de desemprego no Brasil caiu para 5,2%, o menor \u00edndice desde 2012, com recorde de ocupa\u00e7\u00e3o de 103,2 milh\u00f5es de pessoas. Congresso em Foco 1\/1\/2026\u00a013:00 De acordo com informa\u00e7\u00f5es divulgadas pelo Instituto Brasileiro de Geografia e Estat\u00edstica (IBGE), a taxa de desocupa\u00e7\u00e3o no trimestre [&hellip;]<\/p>\n","protected":false},"author":2,"featured_media":4132,"comment_status":"open","ping_status":"open","sticky":false,"template":"","format":"standard","meta":{"rop_custom_images_group":[],"rop_custom_messages_group":[],"rop_publish_now":"initial","rop_publish_now_accounts":{"twitter_850042665852968960_850042665852968960":""},"rop_publish_now_history":[],"rop_publish_now_status":"pending","footnotes":""},"categories":[15],"tags":[703,861,184,860,859],"class_list":["post-4131","post","type-post","status-publish","format-standard","has-post-thumbnail","hentry","category-destaques","tag-desemprego","tag-governo-federal","tag-ibge","tag-pnad","tag-queda"],"yoast_head":"<!-- This site is optimized with the Yoast SEO plugin v27.2 - https:\/\/yoast.com\/product\/yoast-seo-wordpress\/ -->\n<title>Taxa de desemprego atinge 5,2%, o menor \u00edndice desde 2012 - Prefeitos &amp; Gest\u00f5es<\/title>\n<meta name=\"description\" content=\"A taxa de\u00a0desemprego\u00a0no Brasil caiu para 5,2% no trimestre encerrado em novembro de 2025, o menor patamar desde o in\u00edcio da s\u00e9rie hist\u00f3rica da Pesquisa Nacional por Amostra de Domic\u00edlios Cont\u00ednua (Pnad Cont\u00ednua), iniciada em 2012. Os dados foram divulgados nesta ter\u00e7a-feira (30) pelo Instituto Brasileiro de Geografia e Estat\u00edstica (IBGE).\" \/>\n<meta name=\"robots\" content=\"index, follow, max-snippet:-1, max-image-preview:large, max-video-preview:-1\" \/>\n<link rel=\"canonical\" href=\"https:\/\/prefeitosegestoes.com.br\/portal\/taxa-de-desemprego-atinge-52-o-menor-indice-desde-2012\/\" \/>\n<meta property=\"og:locale\" content=\"pt_BR\" \/>\n<meta property=\"og:type\" content=\"article\" \/>\n<meta property=\"og:title\" content=\"Taxa de desemprego atinge 5,2%, o menor \u00edndice desde 2012 - Prefeitos &amp; Gest\u00f5es\" \/>\n<meta property=\"og:description\" content=\"A taxa de\u00a0desemprego\u00a0no Brasil caiu para 5,2% no trimestre encerrado em novembro de 2025, o menor patamar desde o in\u00edcio da s\u00e9rie hist\u00f3rica da Pesquisa Nacional por Amostra de Domic\u00edlios Cont\u00ednua (Pnad Cont\u00ednua), iniciada em 2012. Os dados foram divulgados nesta ter\u00e7a-feira (30) pelo Instituto Brasileiro de Geografia e Estat\u00edstica (IBGE).\" \/>\n<meta property=\"og:url\" content=\"https:\/\/prefeitosegestoes.com.br\/portal\/taxa-de-desemprego-atinge-52-o-menor-indice-desde-2012\/\" \/>\n<meta property=\"og:site_name\" content=\"Prefeitos &amp; Gest\u00f5es\" \/>\n<meta property=\"article:publisher\" content=\"https:\/\/www.facebook.com\/prefeitosonline\" \/>\n<meta property=\"article:published_time\" content=\"2026-01-02T14:05:34+00:00\" \/>\n<meta property=\"og:image\" content=\"https:\/\/prefeitosegestoes.com.br\/portal\/wp-content\/uploads\/2026\/01\/d6a8930.webp\" \/>\n\t<meta property=\"og:image:width\" content=\"1024\" \/>\n\t<meta property=\"og:image:height\" content=\"768\" \/>\n\t<meta property=\"og:image:type\" content=\"image\/webp\" \/>\n<meta name=\"author\" content=\"Prefeitos &amp; Gest\u00f5es\" \/>\n<meta name=\"twitter:card\" content=\"summary_large_image\" \/>\n<meta name=\"twitter:creator\" content=\"@PrefGestoes\" \/>\n<meta name=\"twitter:site\" content=\"@PrefGestoes\" \/>\n<meta name=\"twitter:label1\" content=\"Escrito por\" \/>\n\t<meta name=\"twitter:data1\" content=\"Prefeitos &amp; Gest\u00f5es\" \/>\n\t<meta name=\"twitter:label2\" content=\"Est. tempo de leitura\" \/>\n\t<meta name=\"twitter:data2\" content=\"6 minutos\" \/>\n<script type=\"application\/ld+json\" class=\"yoast-schema-graph\">{\"@context\":\"https:\/\/schema.org\",\"@graph\":[{\"@type\":\"Article\",\"@id\":\"https:\/\/prefeitosegestoes.com.br\/portal\/taxa-de-desemprego-atinge-52-o-menor-indice-desde-2012\/#article\",\"isPartOf\":{\"@id\":\"https:\/\/prefeitosegestoes.com.br\/portal\/taxa-de-desemprego-atinge-52-o-menor-indice-desde-2012\/\"},\"author\":{\"name\":\"Prefeitos &amp; Gest\u00f5es\",\"@id\":\"https:\/\/prefeitosegestoes.com.br\/portal\/#\/schema\/person\/d00059f2ec99963e7e1850d448ae94b8\"},\"headline\":\"Taxa de desemprego atinge 5,2%, o menor \u00edndice desde 2012\",\"datePublished\":\"2026-01-02T14:05:34+00:00\",\"mainEntityOfPage\":{\"@id\":\"https:\/\/prefeitosegestoes.com.br\/portal\/taxa-de-desemprego-atinge-52-o-menor-indice-desde-2012\/\"},\"wordCount\":869,\"commentCount\":0,\"publisher\":{\"@id\":\"https:\/\/prefeitosegestoes.com.br\/portal\/#organization\"},\"image\":{\"@id\":\"https:\/\/prefeitosegestoes.com.br\/portal\/taxa-de-desemprego-atinge-52-o-menor-indice-desde-2012\/#primaryimage\"},\"thumbnailUrl\":\"https:\/\/prefeitosegestoes.com.br\/portal\/wp-content\/uploads\/2026\/01\/d6a8930.webp\",\"keywords\":[\"Desemprego\",\"Governo federal\",\"IBGE\",\"Pnad\",\"queda\"],\"articleSection\":[\"Destaques\"],\"inLanguage\":\"pt-BR\",\"potentialAction\":[{\"@type\":\"CommentAction\",\"name\":\"Comment\",\"target\":[\"https:\/\/prefeitosegestoes.com.br\/portal\/taxa-de-desemprego-atinge-52-o-menor-indice-desde-2012\/#respond\"]}]},{\"@type\":\"WebPage\",\"@id\":\"https:\/\/prefeitosegestoes.com.br\/portal\/taxa-de-desemprego-atinge-52-o-menor-indice-desde-2012\/\",\"url\":\"https:\/\/prefeitosegestoes.com.br\/portal\/taxa-de-desemprego-atinge-52-o-menor-indice-desde-2012\/\",\"name\":\"Taxa de desemprego atinge 5,2%, o menor \u00edndice desde 2012 - Prefeitos &amp; Gest\u00f5es\",\"isPartOf\":{\"@id\":\"https:\/\/prefeitosegestoes.com.br\/portal\/#website\"},\"primaryImageOfPage\":{\"@id\":\"https:\/\/prefeitosegestoes.com.br\/portal\/taxa-de-desemprego-atinge-52-o-menor-indice-desde-2012\/#primaryimage\"},\"image\":{\"@id\":\"https:\/\/prefeitosegestoes.com.br\/portal\/taxa-de-desemprego-atinge-52-o-menor-indice-desde-2012\/#primaryimage\"},\"thumbnailUrl\":\"https:\/\/prefeitosegestoes.com.br\/portal\/wp-content\/uploads\/2026\/01\/d6a8930.webp\",\"datePublished\":\"2026-01-02T14:05:34+00:00\",\"description\":\"A taxa de\u00a0desemprego\u00a0no Brasil caiu para 5,2% no trimestre encerrado em novembro de 2025, o menor patamar desde o in\u00edcio da s\u00e9rie hist\u00f3rica da Pesquisa Nacional por Amostra de Domic\u00edlios Cont\u00ednua (Pnad Cont\u00ednua), iniciada em 2012. Os dados foram divulgados nesta ter\u00e7a-feira (30) pelo Instituto Brasileiro de Geografia e Estat\u00edstica (IBGE).\",\"breadcrumb\":{\"@id\":\"https:\/\/prefeitosegestoes.com.br\/portal\/taxa-de-desemprego-atinge-52-o-menor-indice-desde-2012\/#breadcrumb\"},\"inLanguage\":\"pt-BR\",\"potentialAction\":[{\"@type\":\"ReadAction\",\"target\":[\"https:\/\/prefeitosegestoes.com.br\/portal\/taxa-de-desemprego-atinge-52-o-menor-indice-desde-2012\/\"]}]},{\"@type\":\"ImageObject\",\"inLanguage\":\"pt-BR\",\"@id\":\"https:\/\/prefeitosegestoes.com.br\/portal\/taxa-de-desemprego-atinge-52-o-menor-indice-desde-2012\/#primaryimage\",\"url\":\"https:\/\/prefeitosegestoes.com.br\/portal\/wp-content\/uploads\/2026\/01\/d6a8930.webp\",\"contentUrl\":\"https:\/\/prefeitosegestoes.com.br\/portal\/wp-content\/uploads\/2026\/01\/d6a8930.webp\",\"width\":1024,\"height\":768},{\"@type\":\"BreadcrumbList\",\"@id\":\"https:\/\/prefeitosegestoes.com.br\/portal\/taxa-de-desemprego-atinge-52-o-menor-indice-desde-2012\/#breadcrumb\",\"itemListElement\":[{\"@type\":\"ListItem\",\"position\":1,\"name\":\"In\u00edcio\",\"item\":\"https:\/\/prefeitosegestoes.com.br\/portal\/\"},{\"@type\":\"ListItem\",\"position\":2,\"name\":\"Taxa de desemprego atinge 5,2%, o menor \u00edndice desde 2012\"}]},{\"@type\":\"WebSite\",\"@id\":\"https:\/\/prefeitosegestoes.com.br\/portal\/#website\",\"url\":\"https:\/\/prefeitosegestoes.com.br\/portal\/\",\"name\":\"Prefeitos & Gest\u00f5es\",\"description\":\"\",\"publisher\":{\"@id\":\"https:\/\/prefeitosegestoes.com.br\/portal\/#organization\"},\"potentialAction\":[{\"@type\":\"SearchAction\",\"target\":{\"@type\":\"EntryPoint\",\"urlTemplate\":\"https:\/\/prefeitosegestoes.com.br\/portal\/?s={search_term_string}\"},\"query-input\":{\"@type\":\"PropertyValueSpecification\",\"valueRequired\":true,\"valueName\":\"search_term_string\"}}],\"inLanguage\":\"pt-BR\"},{\"@type\":\"Organization\",\"@id\":\"https:\/\/prefeitosegestoes.com.br\/portal\/#organization\",\"name\":\"Prefeitos & Gest\u00f5es\",\"url\":\"https:\/\/prefeitosegestoes.com.br\/portal\/\",\"logo\":{\"@type\":\"ImageObject\",\"inLanguage\":\"pt-BR\",\"@id\":\"https:\/\/prefeitosegestoes.com.br\/portal\/#\/schema\/logo\/image\/\",\"url\":\"https:\/\/prefeitosegestoes.com.br\/portal\/wp-content\/uploads\/2024\/10\/lg_trans_prefeitos_2024_preto2.png\",\"contentUrl\":\"https:\/\/prefeitosegestoes.com.br\/portal\/wp-content\/uploads\/2024\/10\/lg_trans_prefeitos_2024_preto2.png\",\"width\":199,\"height\":122,\"caption\":\"Prefeitos & Gest\u00f5es\"},\"image\":{\"@id\":\"https:\/\/prefeitosegestoes.com.br\/portal\/#\/schema\/logo\/image\/\"},\"sameAs\":[\"https:\/\/www.facebook.com\/prefeitosonline\",\"https:\/\/x.com\/PrefGestoes\"]},{\"@type\":\"Person\",\"@id\":\"https:\/\/prefeitosegestoes.com.br\/portal\/#\/schema\/person\/d00059f2ec99963e7e1850d448ae94b8\",\"name\":\"Prefeitos &amp; Gest\u00f5es\",\"image\":{\"@type\":\"ImageObject\",\"inLanguage\":\"pt-BR\",\"@id\":\"https:\/\/secure.gravatar.com\/avatar\/738fb281e479212ed32c1a21a4307dda9f3af9292edb6918a16c9ce9fff5f48d?s=96&d=mm&r=g\",\"url\":\"https:\/\/secure.gravatar.com\/avatar\/738fb281e479212ed32c1a21a4307dda9f3af9292edb6918a16c9ce9fff5f48d?s=96&d=mm&r=g\",\"contentUrl\":\"https:\/\/secure.gravatar.com\/avatar\/738fb281e479212ed32c1a21a4307dda9f3af9292edb6918a16c9ce9fff5f48d?s=96&d=mm&r=g\",\"caption\":\"Prefeitos &amp; Gest\u00f5es\"},\"url\":\"https:\/\/prefeitosegestoes.com.br\/portal\/author\/prefeitosegestoes\/\"}]}<\/script>\n<!-- \/ Yoast SEO plugin. -->","yoast_head_json":{"title":"Taxa de desemprego atinge 5,2%, o menor \u00edndice desde 2012 - Prefeitos &amp; Gest\u00f5es","description":"A taxa de\u00a0desemprego\u00a0no Brasil caiu para 5,2% no trimestre encerrado em novembro de 2025, o menor patamar desde o in\u00edcio da s\u00e9rie hist\u00f3rica da Pesquisa Nacional por Amostra de Domic\u00edlios Cont\u00ednua (Pnad Cont\u00ednua), iniciada em 2012. Os dados foram divulgados nesta ter\u00e7a-feira (30) pelo Instituto Brasileiro de Geografia e Estat\u00edstica (IBGE).","robots":{"index":"index","follow":"follow","max-snippet":"max-snippet:-1","max-image-preview":"max-image-preview:large","max-video-preview":"max-video-preview:-1"},"canonical":"https:\/\/prefeitosegestoes.com.br\/portal\/taxa-de-desemprego-atinge-52-o-menor-indice-desde-2012\/","og_locale":"pt_BR","og_type":"article","og_title":"Taxa de desemprego atinge 5,2%, o menor \u00edndice desde 2012 - Prefeitos &amp; Gest\u00f5es","og_description":"A taxa de\u00a0desemprego\u00a0no Brasil caiu para 5,2% no trimestre encerrado em novembro de 2025, o menor patamar desde o in\u00edcio da s\u00e9rie hist\u00f3rica da Pesquisa Nacional por Amostra de Domic\u00edlios Cont\u00ednua (Pnad Cont\u00ednua), iniciada em 2012. Os dados foram divulgados nesta ter\u00e7a-feira (30) pelo Instituto Brasileiro de Geografia e Estat\u00edstica (IBGE).","og_url":"https:\/\/prefeitosegestoes.com.br\/portal\/taxa-de-desemprego-atinge-52-o-menor-indice-desde-2012\/","og_site_name":"Prefeitos &amp; Gest\u00f5es","article_publisher":"https:\/\/www.facebook.com\/prefeitosonline","article_published_time":"2026-01-02T14:05:34+00:00","og_image":[{"width":1024,"height":768,"url":"https:\/\/prefeitosegestoes.com.br\/portal\/wp-content\/uploads\/2026\/01\/d6a8930.webp","type":"image\/webp"}],"author":"Prefeitos &amp; Gest\u00f5es","twitter_card":"summary_large_image","twitter_creator":"@PrefGestoes","twitter_site":"@PrefGestoes","twitter_misc":{"Escrito por":"Prefeitos &amp; Gest\u00f5es","Est. tempo de leitura":"6 minutos"},"schema":{"@context":"https:\/\/schema.org","@graph":[{"@type":"Article","@id":"https:\/\/prefeitosegestoes.com.br\/portal\/taxa-de-desemprego-atinge-52-o-menor-indice-desde-2012\/#article","isPartOf":{"@id":"https:\/\/prefeitosegestoes.com.br\/portal\/taxa-de-desemprego-atinge-52-o-menor-indice-desde-2012\/"},"author":{"name":"Prefeitos &amp; Gest\u00f5es","@id":"https:\/\/prefeitosegestoes.com.br\/portal\/#\/schema\/person\/d00059f2ec99963e7e1850d448ae94b8"},"headline":"Taxa de desemprego atinge 5,2%, o menor \u00edndice desde 2012","datePublished":"2026-01-02T14:05:34+00:00","mainEntityOfPage":{"@id":"https:\/\/prefeitosegestoes.com.br\/portal\/taxa-de-desemprego-atinge-52-o-menor-indice-desde-2012\/"},"wordCount":869,"commentCount":0,"publisher":{"@id":"https:\/\/prefeitosegestoes.com.br\/portal\/#organization"},"image":{"@id":"https:\/\/prefeitosegestoes.com.br\/portal\/taxa-de-desemprego-atinge-52-o-menor-indice-desde-2012\/#primaryimage"},"thumbnailUrl":"https:\/\/prefeitosegestoes.com.br\/portal\/wp-content\/uploads\/2026\/01\/d6a8930.webp","keywords":["Desemprego","Governo federal","IBGE","Pnad","queda"],"articleSection":["Destaques"],"inLanguage":"pt-BR","potentialAction":[{"@type":"CommentAction","name":"Comment","target":["https:\/\/prefeitosegestoes.com.br\/portal\/taxa-de-desemprego-atinge-52-o-menor-indice-desde-2012\/#respond"]}]},{"@type":"WebPage","@id":"https:\/\/prefeitosegestoes.com.br\/portal\/taxa-de-desemprego-atinge-52-o-menor-indice-desde-2012\/","url":"https:\/\/prefeitosegestoes.com.br\/portal\/taxa-de-desemprego-atinge-52-o-menor-indice-desde-2012\/","name":"Taxa de desemprego atinge 5,2%, o menor \u00edndice desde 2012 - Prefeitos &amp; Gest\u00f5es","isPartOf":{"@id":"https:\/\/prefeitosegestoes.com.br\/portal\/#website"},"primaryImageOfPage":{"@id":"https:\/\/prefeitosegestoes.com.br\/portal\/taxa-de-desemprego-atinge-52-o-menor-indice-desde-2012\/#primaryimage"},"image":{"@id":"https:\/\/prefeitosegestoes.com.br\/portal\/taxa-de-desemprego-atinge-52-o-menor-indice-desde-2012\/#primaryimage"},"thumbnailUrl":"https:\/\/prefeitosegestoes.com.br\/portal\/wp-content\/uploads\/2026\/01\/d6a8930.webp","datePublished":"2026-01-02T14:05:34+00:00","description":"A taxa de\u00a0desemprego\u00a0no Brasil caiu para 5,2% no trimestre encerrado em novembro de 2025, o menor patamar desde o in\u00edcio da s\u00e9rie hist\u00f3rica da Pesquisa Nacional por Amostra de Domic\u00edlios Cont\u00ednua (Pnad Cont\u00ednua), iniciada em 2012. Os dados foram divulgados nesta ter\u00e7a-feira (30) pelo Instituto Brasileiro de Geografia e Estat\u00edstica (IBGE).","breadcrumb":{"@id":"https:\/\/prefeitosegestoes.com.br\/portal\/taxa-de-desemprego-atinge-52-o-menor-indice-desde-2012\/#breadcrumb"},"inLanguage":"pt-BR","potentialAction":[{"@type":"ReadAction","target":["https:\/\/prefeitosegestoes.com.br\/portal\/taxa-de-desemprego-atinge-52-o-menor-indice-desde-2012\/"]}]},{"@type":"ImageObject","inLanguage":"pt-BR","@id":"https:\/\/prefeitosegestoes.com.br\/portal\/taxa-de-desemprego-atinge-52-o-menor-indice-desde-2012\/#primaryimage","url":"https:\/\/prefeitosegestoes.com.br\/portal\/wp-content\/uploads\/2026\/01\/d6a8930.webp","contentUrl":"https:\/\/prefeitosegestoes.com.br\/portal\/wp-content\/uploads\/2026\/01\/d6a8930.webp","width":1024,"height":768},{"@type":"BreadcrumbList","@id":"https:\/\/prefeitosegestoes.com.br\/portal\/taxa-de-desemprego-atinge-52-o-menor-indice-desde-2012\/#breadcrumb","itemListElement":[{"@type":"ListItem","position":1,"name":"In\u00edcio","item":"https:\/\/prefeitosegestoes.com.br\/portal\/"},{"@type":"ListItem","position":2,"name":"Taxa de desemprego atinge 5,2%, o menor \u00edndice desde 2012"}]},{"@type":"WebSite","@id":"https:\/\/prefeitosegestoes.com.br\/portal\/#website","url":"https:\/\/prefeitosegestoes.com.br\/portal\/","name":"Prefeitos & Gest\u00f5es","description":"","publisher":{"@id":"https:\/\/prefeitosegestoes.com.br\/portal\/#organization"},"potentialAction":[{"@type":"SearchAction","target":{"@type":"EntryPoint","urlTemplate":"https:\/\/prefeitosegestoes.com.br\/portal\/?s={search_term_string}"},"query-input":{"@type":"PropertyValueSpecification","valueRequired":true,"valueName":"search_term_string"}}],"inLanguage":"pt-BR"},{"@type":"Organization","@id":"https:\/\/prefeitosegestoes.com.br\/portal\/#organization","name":"Prefeitos & Gest\u00f5es","url":"https:\/\/prefeitosegestoes.com.br\/portal\/","logo":{"@type":"ImageObject","inLanguage":"pt-BR","@id":"https:\/\/prefeitosegestoes.com.br\/portal\/#\/schema\/logo\/image\/","url":"https:\/\/prefeitosegestoes.com.br\/portal\/wp-content\/uploads\/2024\/10\/lg_trans_prefeitos_2024_preto2.png","contentUrl":"https:\/\/prefeitosegestoes.com.br\/portal\/wp-content\/uploads\/2024\/10\/lg_trans_prefeitos_2024_preto2.png","width":199,"height":122,"caption":"Prefeitos & Gest\u00f5es"},"image":{"@id":"https:\/\/prefeitosegestoes.com.br\/portal\/#\/schema\/logo\/image\/"},"sameAs":["https:\/\/www.facebook.com\/prefeitosonline","https:\/\/x.com\/PrefGestoes"]},{"@type":"Person","@id":"https:\/\/prefeitosegestoes.com.br\/portal\/#\/schema\/person\/d00059f2ec99963e7e1850d448ae94b8","name":"Prefeitos &amp; Gest\u00f5es","image":{"@type":"ImageObject","inLanguage":"pt-BR","@id":"https:\/\/secure.gravatar.com\/avatar\/738fb281e479212ed32c1a21a4307dda9f3af9292edb6918a16c9ce9fff5f48d?s=96&d=mm&r=g","url":"https:\/\/secure.gravatar.com\/avatar\/738fb281e479212ed32c1a21a4307dda9f3af9292edb6918a16c9ce9fff5f48d?s=96&d=mm&r=g","contentUrl":"https:\/\/secure.gravatar.com\/avatar\/738fb281e479212ed32c1a21a4307dda9f3af9292edb6918a16c9ce9fff5f48d?s=96&d=mm&r=g","caption":"Prefeitos &amp; Gest\u00f5es"},"url":"https:\/\/prefeitosegestoes.com.br\/portal\/author\/prefeitosegestoes\/"}]}},"_links":{"self":[{"href":"https:\/\/prefeitosegestoes.com.br\/portal\/wp-json\/wp\/v2\/posts\/4131","targetHints":{"allow":["GET"]}}],"collection":[{"href":"https:\/\/prefeitosegestoes.com.br\/portal\/wp-json\/wp\/v2\/posts"}],"about":[{"href":"https:\/\/prefeitosegestoes.com.br\/portal\/wp-json\/wp\/v2\/types\/post"}],"author":[{"embeddable":true,"href":"https:\/\/prefeitosegestoes.com.br\/portal\/wp-json\/wp\/v2\/users\/2"}],"replies":[{"embeddable":true,"href":"https:\/\/prefeitosegestoes.com.br\/portal\/wp-json\/wp\/v2\/comments?post=4131"}],"version-history":[{"count":1,"href":"https:\/\/prefeitosegestoes.com.br\/portal\/wp-json\/wp\/v2\/posts\/4131\/revisions"}],"predecessor-version":[{"id":4133,"href":"https:\/\/prefeitosegestoes.com.br\/portal\/wp-json\/wp\/v2\/posts\/4131\/revisions\/4133"}],"wp:featuredmedia":[{"embeddable":true,"href":"https:\/\/prefeitosegestoes.com.br\/portal\/wp-json\/wp\/v2\/media\/4132"}],"wp:attachment":[{"href":"https:\/\/prefeitosegestoes.com.br\/portal\/wp-json\/wp\/v2\/media?parent=4131"}],"wp:term":[{"taxonomy":"category","embeddable":true,"href":"https:\/\/prefeitosegestoes.com.br\/portal\/wp-json\/wp\/v2\/categories?post=4131"},{"taxonomy":"post_tag","embeddable":true,"href":"https:\/\/prefeitosegestoes.com.br\/portal\/wp-json\/wp\/v2\/tags?post=4131"}],"curies":[{"name":"wp","href":"https:\/\/api.w.org\/{rel}","templated":true}]}}