{"id":4088,"date":"2025-12-05T19:38:55","date_gmt":"2025-12-05T22:38:55","guid":{"rendered":"https:\/\/prefeitosegestoes.com.br\/portal\/?p=4088"},"modified":"2025-12-05T19:38:55","modified_gmt":"2025-12-05T22:38:55","slug":"projetos-de-iluminacao-e-saneamento-sao-enquadrados-como-prioritarios","status":"publish","type":"post","link":"https:\/\/prefeitosegestoes.com.br\/portal\/projetos-de-iluminacao-e-saneamento-sao-enquadrados-como-prioritarios\/","title":{"rendered":"Projetos de ilumina\u00e7\u00e3o e saneamento s\u00e3o enquadrados como priorit\u00e1rios"},"content":{"rendered":"<article>\n<div id=\"viewlet-above-content-body\">\n<div id=\"plone-document-byline\" class=\"documentByLine\"><span class=\"documentPublished\">Publicado em\u00a0<span class=\"value\">03\/12\/2025 15h17<\/span>\u00a0<\/span><span class=\"documentModified\">Atualizado em\u00a0<span class=\"value\">04\/12\/2025 16h36<\/span><\/span><\/div>\n<div id=\"media\">\n<p class=\"discreet\">Cr\u00e9dito: AESCOM\/MCID<\/p>\n<\/div>\n<\/div>\n<div id=\"content-core\">\n<div id=\"parent-fieldname-text\" class=\"\">\n<div>\n<p>O Minist\u00e9rio das Cidades publicou quatro portarias que autorizam o enquadramento, como priorit\u00e1rio, de novos projetos de infraestrutura nos setores de ilumina\u00e7\u00e3o p\u00fablica e de saneamento b\u00e1sico.<\/p>\n<p class=\" \">O objetivo \u00e9 viabilizar a emiss\u00e3o de valores mobili\u00e1rios com benef\u00edcios fiscais, instrumento que facilita a capta\u00e7\u00e3o de investimentos privados para obras essenciais em munic\u00edpios brasileiros.<\/p>\n<p class=\" \">Os munic\u00edpios beneficiados s\u00e3o Itapecerica da Serra (SP), Sumar\u00e9 (SP), Itapema (SC) e Buriti Alegre (GO). As portarias foram publicadas no Di\u00e1rio Oficial da Uni\u00e3o desta quarta-feira (3).<\/p>\n<p class=\" \">No caso da ilumina\u00e7\u00e3o p\u00fablica, as Portarias MCID n\u00ba 1.364 e n\u00ba 1.363 autorizam os projetos apresentados pelos cons\u00f3rcios Ilumina Itapecerica da Serra e Ilumina Sumar\u00e9. As iniciativas preveem a moderniza\u00e7\u00e3o e expans\u00e3o do parque de ilumina\u00e7\u00e3o dos munic\u00edpios, com substitui\u00e7\u00e3o de pontos de luz, melhoria da luminosidade urbana e uso de tecnologias mais eficientes.<\/p>\n<p class=\" \">Esses projetos seguem as diretrizes da Portaria MCID n\u00ba 359\/2025, que rege o setor, e est\u00e3o autorizados a emitir deb\u00eantures incentivadas para financiar despesas de capital. As regras permitem tamb\u00e9m o pagamento ou reembolso de gastos diretamente ligados ao projeto, desde que devidamente comprovados e que n\u00e3o envolvam recursos da Uni\u00e3o.<\/p>\n<p><img fetchpriority=\"high\" decoding=\"async\" class=\"alignnone  wp-image-4089\" src=\"https:\/\/prefeitosegestoes.com.br\/portal\/wp-content\/uploads\/2025\/12\/pzzb2507-300x225.webp\" alt=\"\" width=\"447\" height=\"335\" srcset=\"https:\/\/prefeitosegestoes.com.br\/portal\/wp-content\/uploads\/2025\/12\/pzzb2507-300x225.webp 300w, https:\/\/prefeitosegestoes.com.br\/portal\/wp-content\/uploads\/2025\/12\/pzzb2507-768x576.webp 768w, https:\/\/prefeitosegestoes.com.br\/portal\/wp-content\/uploads\/2025\/12\/pzzb2507.webp 1024w\" sizes=\"(max-width: 447px) 100vw, 447px\" \/><\/p>\n<p>Foto: Fabio Rodrigues-Pozzebom\/ Ag\u00eancia Brasil<\/p>\n<p class=\" \">J\u00e1 no saneamento b\u00e1sico, as Portarias MCID n\u00ba 1.351 e n\u00ba 1.352 enquadram como priorit\u00e1rios os projetos da Companhia \u00c1guas de Itapema e da Buriti Alegre Ambiental, voltados para abastecimento de \u00e1gua e esgotamento sanit\u00e1rio. As obras incluem amplia\u00e7\u00e3o de redes, moderniza\u00e7\u00e3o de sistemas de tratamento e refor\u00e7o da seguran\u00e7a h\u00eddrica.<\/p>\n<p class=\" \">Esses projetos seguem a Portaria MCID n\u00ba 1.411\/2024, que organiza as regras do setor. Diferentemente da ilumina\u00e7\u00e3o p\u00fablica, a legisla\u00e7\u00e3o de saneamento n\u00e3o permite reembolso de despesas j\u00e1 cobertas por verbas da Uni\u00e3o, garantindo que os recursos captados sejam usados exclusivamente na expans\u00e3o e melhoria do sistema local.<\/p>\n<h6><img decoding=\"async\" class=\"alignnone  wp-image-4090\" src=\"https:\/\/prefeitosegestoes.com.br\/portal\/wp-content\/uploads\/2025\/12\/54313140068_b651404a4e_o-300x225.webp\" alt=\"\" width=\"449\" height=\"337\" srcset=\"https:\/\/prefeitosegestoes.com.br\/portal\/wp-content\/uploads\/2025\/12\/54313140068_b651404a4e_o-300x225.webp 300w, https:\/\/prefeitosegestoes.com.br\/portal\/wp-content\/uploads\/2025\/12\/54313140068_b651404a4e_o-768x576.webp 768w, https:\/\/prefeitosegestoes.com.br\/portal\/wp-content\/uploads\/2025\/12\/54313140068_b651404a4e_o.webp 1024w\" sizes=\"(max-width: 449px) 100vw, 449px\" \/><\/h6>\n<h6>Esta\u00e7\u00e3o de Tratamento de \u00c1gua de Paramirim. Paramirim &#8211; BA. Foto: Ricardo Stuckert \/ PR<\/h6>\n<p class=\" \">Nos dois setores, as empresas respons\u00e1veis dever\u00e3o manter documenta\u00e7\u00e3o dispon\u00edvel para fiscaliza\u00e7\u00e3o, garantir transpar\u00eancia das informa\u00e7\u00f5es aos investidores e comunicar formalmente ao Minist\u00e9rio das Cidades sempre que realizarem a emiss\u00e3o dos valores mobili\u00e1rios. Altera\u00e7\u00f5es t\u00e9cnicas autorizadas pelo Minist\u00e9rio n\u00e3o exigem nova portaria para manter o enquadramento como priorit\u00e1rio.<\/p>\n<p class=\" \">Os projetos t\u00eam prazo de dois anos, a partir da publica\u00e7\u00e3o das portarias, para concluir as emiss\u00f5es com benef\u00edcios fiscais. Se isso n\u00e3o ocorrer, as empresas precisam comunicar o Minist\u00e9rio das Cidades.<\/p>\n<p class=\" \">Para o cidad\u00e3o, o enquadramento como priorit\u00e1rio significa mais que uma formalidade: ele ajuda a destravar investimentos e acelerar obras que impactam diretamente a vida urbana. Os projetos aprovados geram impacto direto no dia a dia da popula\u00e7\u00e3o.<\/p>\n<p class=\" \">A moderniza\u00e7\u00e3o da ilumina\u00e7\u00e3o p\u00fablica melhora a seguran\u00e7a, a visibilidade nas ruas e a sensa\u00e7\u00e3o de bem-estar urbano, enquanto os investimentos em \u00e1gua e esgoto reduzem riscos sanit\u00e1rios, ampliam o acesso a servi\u00e7os essenciais e elevam a qualidade de vida. Esses benef\u00edcios chegam ao cidad\u00e3o por meio de obras que tornam as cidades mais modernas, saud\u00e1veis e eficientes.<\/p>\n<p class=\" \">Com esses atos, o Minist\u00e9rio das Cidades refor\u00e7a o uso de instrumentos financeiros modernos para ampliar investimentos em infraestrutura urbana, estimulando a parceria entre setor p\u00fablico e iniciativa privada para melhorar servi\u00e7os essenciais como ilumina\u00e7\u00e3o, \u00e1gua e esgoto.<\/p>\n<p class=\" \">Para mais informa\u00e7\u00f5es, acesse as portarias na \u00edntegra abaixo:<\/p>\n<ul>\n<li><a class=\"external-link\" title=\"\" href=\"https:\/\/www.in.gov.br\/web\/dou\/-\/portaria-mcid-n-1.352-de-25-de-novembro-de-2025-672664406\" target=\"_blank\" rel=\"noopener\" data-tippreview-enabled=\"false\" data-tippreview-image=\"\" data-tippreview-title=\"\">Saneamento b\u00e1sico em Itapema (SC)<\/a><\/li>\n<li><a class=\"external-link\" title=\"\" href=\"https:\/\/www.in.gov.br\/web\/dou\/-\/portaria-mcid-n-1.351-de-25-de-novembro-de-2025-672676629\" target=\"_blank\" rel=\"noopener\" data-tippreview-enabled=\"false\" data-tippreview-image=\"\" data-tippreview-title=\"\">Saneamento b\u00e1sico em Buriti Alegre (GO)<\/a><\/li>\n<li><a class=\"external-link\" title=\"\" href=\"https:\/\/www.in.gov.br\/web\/dou\/-\/portaria-mcid-n-1.364-de-26-de-novembro-de-2025-672672312\" target=\"_blank\" rel=\"noopener\" data-tippreview-enabled=\"false\" data-tippreview-image=\"\" data-tippreview-title=\"\">Ilumina\u00e7\u00e3o p\u00fablica em Itapecerica da Serra (SP)<\/a><\/li>\n<li><a class=\"external-link\" title=\"\" href=\"https:\/\/www.in.gov.br\/web\/dou\/-\/portaria-mcid-n-1.363-de-26-de-novembro-de-2025-672666170\" target=\"_blank\" rel=\"noopener\" data-tippreview-enabled=\"false\" data-tippreview-image=\"\" data-tippreview-title=\"\">Ilumina\u00e7\u00e3o p\u00fablica em Sumar\u00e9 (SP<\/a>)<\/li>\n<\/ul>\n<p><iframe src=\"https:\/\/open.spotify.com\/embed\/episode\/0OvLvEHOYcIOy8QZqAuncI?utm_source=generator\" width=\"60%\" height=\"152\" frameborder=\"0\" allowfullscreen=\"allowfullscreen\" data-testid=\"embed-iframe\" data-src=\"https:\/\/open.spotify.com\/embed\/episode\/0OvLvEHOYcIOy8QZqAuncI?utm_source=generator\" data-mce-fragment=\"1\"><\/iframe><\/p>\n<p class=\"callout\">Acesse a\u00a0<a class=\"external-link\" title=\"\" href=\"https:\/\/www.gov.br\/cidades\/pt-br\/central-de-conteudos\" target=\"_blank\" rel=\"noopener\" data-tippreview-enabled=\"false\" data-tippreview-image=\"\" data-tippreview-title=\"\">Central de Conte\u00fados\u00a0<\/a>do Minist\u00e9rio das Cidades<\/p>\n<p>Assessoria Especial de Comunica\u00e7\u00e3o Social do Minist\u00e9rio das Cidades<br \/>\nAtendimento \u00e0 Imprensa<br \/>\nTelefone: (61) 2034-4282<br \/>\nE-mail: imprensa@cidades.gov.br<\/p>\n<\/div>\n<\/div>\n<\/div>\n<\/article>\n<div class=\"column\">\n<div id=\"category\"><\/div>\n<\/div>\n","protected":false},"excerpt":{"rendered":"<p>Publicado em\u00a003\/12\/2025 15h17\u00a0Atualizado em\u00a004\/12\/2025 16h36 Cr\u00e9dito: AESCOM\/MCID O Minist\u00e9rio das Cidades publicou quatro portarias que autorizam o enquadramento, como priorit\u00e1rio, de novos projetos de infraestrutura nos setores de ilumina\u00e7\u00e3o p\u00fablica e de saneamento b\u00e1sico. O objetivo \u00e9 viabilizar a emiss\u00e3o de valores mobili\u00e1rios com benef\u00edcios fiscais, instrumento que facilita a capta\u00e7\u00e3o de investimentos privados para [&hellip;]<\/p>\n","protected":false},"author":2,"featured_media":4091,"comment_status":"open","ping_status":"open","sticky":false,"template":"","format":"standard","meta":{"rop_custom_images_group":[],"rop_custom_messages_group":[],"rop_publish_now":"initial","rop_publish_now_accounts":{"twitter_850042665852968960_850042665852968960":""},"rop_publish_now_history":[],"rop_publish_now_status":"pending","footnotes":""},"categories":[15],"tags":[140,697,608],"class_list":["post-4088","post","type-post","status-publish","format-standard","has-post-thumbnail","hentry","category-destaques","tag-iluminacao-publica","tag-ministerio-das-cidades","tag-saneamento-basico"],"yoast_head":"<!-- This site is optimized with the Yoast SEO plugin v27.2 - https:\/\/yoast.com\/product\/yoast-seo-wordpress\/ -->\n<title>Projetos de ilumina\u00e7\u00e3o e saneamento s\u00e3o enquadrados como priorit\u00e1rios - Prefeitos &amp; Gest\u00f5es<\/title>\n<meta name=\"description\" content=\"OMinist\u00e9rio das Cidades publicou quatro portarias que autorizam o enquadramento, como priorit\u00e1rio, de novos projetos de infraestrutura nos setores de ilumina\u00e7\u00e3o p\u00fablica e de saneamento b\u00e1sico.\u00a0\" \/>\n<meta name=\"robots\" content=\"index, follow, max-snippet:-1, max-image-preview:large, max-video-preview:-1\" \/>\n<link rel=\"canonical\" href=\"https:\/\/prefeitosegestoes.com.br\/portal\/projetos-de-iluminacao-e-saneamento-sao-enquadrados-como-prioritarios\/\" \/>\n<meta property=\"og:locale\" content=\"pt_BR\" \/>\n<meta property=\"og:type\" content=\"article\" \/>\n<meta property=\"og:title\" content=\"Projetos de ilumina\u00e7\u00e3o e saneamento s\u00e3o enquadrados como priorit\u00e1rios - Prefeitos &amp; Gest\u00f5es\" \/>\n<meta property=\"og:description\" content=\"OMinist\u00e9rio das Cidades publicou quatro portarias que autorizam o enquadramento, como priorit\u00e1rio, de novos projetos de infraestrutura nos setores de ilumina\u00e7\u00e3o p\u00fablica e de saneamento b\u00e1sico.\u00a0\" \/>\n<meta property=\"og:url\" content=\"https:\/\/prefeitosegestoes.com.br\/portal\/projetos-de-iluminacao-e-saneamento-sao-enquadrados-como-prioritarios\/\" \/>\n<meta property=\"og:site_name\" content=\"Prefeitos &amp; Gest\u00f5es\" \/>\n<meta property=\"article:publisher\" content=\"https:\/\/www.facebook.com\/prefeitosonline\" \/>\n<meta property=\"article:published_time\" content=\"2025-12-05T22:38:55+00:00\" \/>\n<meta property=\"og:image\" content=\"https:\/\/prefeitosegestoes.com.br\/portal\/wp-content\/uploads\/2025\/12\/fdb4177c-0fcf-4902-b37b-15a7cee8033a.jpeg\" \/>\n\t<meta property=\"og:image:width\" content=\"768\" \/>\n\t<meta property=\"og:image:height\" content=\"444\" \/>\n\t<meta property=\"og:image:type\" content=\"image\/jpeg\" \/>\n<meta name=\"author\" content=\"Prefeitos &amp; Gest\u00f5es\" \/>\n<meta name=\"twitter:card\" content=\"summary_large_image\" \/>\n<meta name=\"twitter:creator\" content=\"@PrefGestoes\" \/>\n<meta name=\"twitter:site\" content=\"@PrefGestoes\" \/>\n<meta name=\"twitter:label1\" content=\"Escrito por\" \/>\n\t<meta name=\"twitter:data1\" content=\"Prefeitos &amp; Gest\u00f5es\" \/>\n\t<meta name=\"twitter:label2\" content=\"Est. tempo de leitura\" \/>\n\t<meta name=\"twitter:data2\" content=\"4 minutos\" \/>\n<script type=\"application\/ld+json\" class=\"yoast-schema-graph\">{\"@context\":\"https:\/\/schema.org\",\"@graph\":[{\"@type\":\"Article\",\"@id\":\"https:\/\/prefeitosegestoes.com.br\/portal\/projetos-de-iluminacao-e-saneamento-sao-enquadrados-como-prioritarios\/#article\",\"isPartOf\":{\"@id\":\"https:\/\/prefeitosegestoes.com.br\/portal\/projetos-de-iluminacao-e-saneamento-sao-enquadrados-como-prioritarios\/\"},\"author\":{\"name\":\"Prefeitos &amp; Gest\u00f5es\",\"@id\":\"https:\/\/prefeitosegestoes.com.br\/portal\/#\/schema\/person\/d00059f2ec99963e7e1850d448ae94b8\"},\"headline\":\"Projetos de ilumina\u00e7\u00e3o e saneamento s\u00e3o enquadrados como priorit\u00e1rios\",\"datePublished\":\"2025-12-05T22:38:55+00:00\",\"mainEntityOfPage\":{\"@id\":\"https:\/\/prefeitosegestoes.com.br\/portal\/projetos-de-iluminacao-e-saneamento-sao-enquadrados-como-prioritarios\/\"},\"wordCount\":685,\"commentCount\":0,\"publisher\":{\"@id\":\"https:\/\/prefeitosegestoes.com.br\/portal\/#organization\"},\"image\":{\"@id\":\"https:\/\/prefeitosegestoes.com.br\/portal\/projetos-de-iluminacao-e-saneamento-sao-enquadrados-como-prioritarios\/#primaryimage\"},\"thumbnailUrl\":\"https:\/\/prefeitosegestoes.com.br\/portal\/wp-content\/uploads\/2025\/12\/fdb4177c-0fcf-4902-b37b-15a7cee8033a.jpeg\",\"keywords\":[\"Ilumina\u00e7\u00e3o P\u00fablica\",\"Minist\u00e9rio das Cidades\",\"Saneamento B\u00e1sico\"],\"articleSection\":[\"Destaques\"],\"inLanguage\":\"pt-BR\",\"potentialAction\":[{\"@type\":\"CommentAction\",\"name\":\"Comment\",\"target\":[\"https:\/\/prefeitosegestoes.com.br\/portal\/projetos-de-iluminacao-e-saneamento-sao-enquadrados-como-prioritarios\/#respond\"]}]},{\"@type\":\"WebPage\",\"@id\":\"https:\/\/prefeitosegestoes.com.br\/portal\/projetos-de-iluminacao-e-saneamento-sao-enquadrados-como-prioritarios\/\",\"url\":\"https:\/\/prefeitosegestoes.com.br\/portal\/projetos-de-iluminacao-e-saneamento-sao-enquadrados-como-prioritarios\/\",\"name\":\"Projetos de ilumina\u00e7\u00e3o e saneamento s\u00e3o enquadrados como priorit\u00e1rios - Prefeitos &amp; Gest\u00f5es\",\"isPartOf\":{\"@id\":\"https:\/\/prefeitosegestoes.com.br\/portal\/#website\"},\"primaryImageOfPage\":{\"@id\":\"https:\/\/prefeitosegestoes.com.br\/portal\/projetos-de-iluminacao-e-saneamento-sao-enquadrados-como-prioritarios\/#primaryimage\"},\"image\":{\"@id\":\"https:\/\/prefeitosegestoes.com.br\/portal\/projetos-de-iluminacao-e-saneamento-sao-enquadrados-como-prioritarios\/#primaryimage\"},\"thumbnailUrl\":\"https:\/\/prefeitosegestoes.com.br\/portal\/wp-content\/uploads\/2025\/12\/fdb4177c-0fcf-4902-b37b-15a7cee8033a.jpeg\",\"datePublished\":\"2025-12-05T22:38:55+00:00\",\"description\":\"OMinist\u00e9rio das Cidades publicou quatro portarias que autorizam o enquadramento, como priorit\u00e1rio, de novos projetos de infraestrutura nos setores de ilumina\u00e7\u00e3o p\u00fablica e de saneamento b\u00e1sico.\u00a0\",\"breadcrumb\":{\"@id\":\"https:\/\/prefeitosegestoes.com.br\/portal\/projetos-de-iluminacao-e-saneamento-sao-enquadrados-como-prioritarios\/#breadcrumb\"},\"inLanguage\":\"pt-BR\",\"potentialAction\":[{\"@type\":\"ReadAction\",\"target\":[\"https:\/\/prefeitosegestoes.com.br\/portal\/projetos-de-iluminacao-e-saneamento-sao-enquadrados-como-prioritarios\/\"]}]},{\"@type\":\"ImageObject\",\"inLanguage\":\"pt-BR\",\"@id\":\"https:\/\/prefeitosegestoes.com.br\/portal\/projetos-de-iluminacao-e-saneamento-sao-enquadrados-como-prioritarios\/#primaryimage\",\"url\":\"https:\/\/prefeitosegestoes.com.br\/portal\/wp-content\/uploads\/2025\/12\/fdb4177c-0fcf-4902-b37b-15a7cee8033a.jpeg\",\"contentUrl\":\"https:\/\/prefeitosegestoes.com.br\/portal\/wp-content\/uploads\/2025\/12\/fdb4177c-0fcf-4902-b37b-15a7cee8033a.jpeg\",\"width\":768,\"height\":444},{\"@type\":\"BreadcrumbList\",\"@id\":\"https:\/\/prefeitosegestoes.com.br\/portal\/projetos-de-iluminacao-e-saneamento-sao-enquadrados-como-prioritarios\/#breadcrumb\",\"itemListElement\":[{\"@type\":\"ListItem\",\"position\":1,\"name\":\"In\u00edcio\",\"item\":\"https:\/\/prefeitosegestoes.com.br\/portal\/\"},{\"@type\":\"ListItem\",\"position\":2,\"name\":\"Projetos de ilumina\u00e7\u00e3o e saneamento s\u00e3o enquadrados como priorit\u00e1rios\"}]},{\"@type\":\"WebSite\",\"@id\":\"https:\/\/prefeitosegestoes.com.br\/portal\/#website\",\"url\":\"https:\/\/prefeitosegestoes.com.br\/portal\/\",\"name\":\"Prefeitos & Gest\u00f5es\",\"description\":\"\",\"publisher\":{\"@id\":\"https:\/\/prefeitosegestoes.com.br\/portal\/#organization\"},\"potentialAction\":[{\"@type\":\"SearchAction\",\"target\":{\"@type\":\"EntryPoint\",\"urlTemplate\":\"https:\/\/prefeitosegestoes.com.br\/portal\/?s={search_term_string}\"},\"query-input\":{\"@type\":\"PropertyValueSpecification\",\"valueRequired\":true,\"valueName\":\"search_term_string\"}}],\"inLanguage\":\"pt-BR\"},{\"@type\":\"Organization\",\"@id\":\"https:\/\/prefeitosegestoes.com.br\/portal\/#organization\",\"name\":\"Prefeitos & Gest\u00f5es\",\"url\":\"https:\/\/prefeitosegestoes.com.br\/portal\/\",\"logo\":{\"@type\":\"ImageObject\",\"inLanguage\":\"pt-BR\",\"@id\":\"https:\/\/prefeitosegestoes.com.br\/portal\/#\/schema\/logo\/image\/\",\"url\":\"https:\/\/prefeitosegestoes.com.br\/portal\/wp-content\/uploads\/2024\/10\/lg_trans_prefeitos_2024_preto2.png\",\"contentUrl\":\"https:\/\/prefeitosegestoes.com.br\/portal\/wp-content\/uploads\/2024\/10\/lg_trans_prefeitos_2024_preto2.png\",\"width\":199,\"height\":122,\"caption\":\"Prefeitos & Gest\u00f5es\"},\"image\":{\"@id\":\"https:\/\/prefeitosegestoes.com.br\/portal\/#\/schema\/logo\/image\/\"},\"sameAs\":[\"https:\/\/www.facebook.com\/prefeitosonline\",\"https:\/\/x.com\/PrefGestoes\"]},{\"@type\":\"Person\",\"@id\":\"https:\/\/prefeitosegestoes.com.br\/portal\/#\/schema\/person\/d00059f2ec99963e7e1850d448ae94b8\",\"name\":\"Prefeitos &amp; Gest\u00f5es\",\"image\":{\"@type\":\"ImageObject\",\"inLanguage\":\"pt-BR\",\"@id\":\"https:\/\/secure.gravatar.com\/avatar\/738fb281e479212ed32c1a21a4307dda9f3af9292edb6918a16c9ce9fff5f48d?s=96&d=mm&r=g\",\"url\":\"https:\/\/secure.gravatar.com\/avatar\/738fb281e479212ed32c1a21a4307dda9f3af9292edb6918a16c9ce9fff5f48d?s=96&d=mm&r=g\",\"contentUrl\":\"https:\/\/secure.gravatar.com\/avatar\/738fb281e479212ed32c1a21a4307dda9f3af9292edb6918a16c9ce9fff5f48d?s=96&d=mm&r=g\",\"caption\":\"Prefeitos &amp; Gest\u00f5es\"},\"url\":\"https:\/\/prefeitosegestoes.com.br\/portal\/author\/prefeitosegestoes\/\"}]}<\/script>\n<!-- \/ Yoast SEO plugin. -->","yoast_head_json":{"title":"Projetos de ilumina\u00e7\u00e3o e saneamento s\u00e3o enquadrados como priorit\u00e1rios - Prefeitos &amp; Gest\u00f5es","description":"OMinist\u00e9rio das Cidades publicou quatro portarias que autorizam o enquadramento, como priorit\u00e1rio, de novos projetos de infraestrutura nos setores de ilumina\u00e7\u00e3o p\u00fablica e de saneamento b\u00e1sico.\u00a0","robots":{"index":"index","follow":"follow","max-snippet":"max-snippet:-1","max-image-preview":"max-image-preview:large","max-video-preview":"max-video-preview:-1"},"canonical":"https:\/\/prefeitosegestoes.com.br\/portal\/projetos-de-iluminacao-e-saneamento-sao-enquadrados-como-prioritarios\/","og_locale":"pt_BR","og_type":"article","og_title":"Projetos de ilumina\u00e7\u00e3o e saneamento s\u00e3o enquadrados como priorit\u00e1rios - Prefeitos &amp; Gest\u00f5es","og_description":"OMinist\u00e9rio das Cidades publicou quatro portarias que autorizam o enquadramento, como priorit\u00e1rio, de novos projetos de infraestrutura nos setores de ilumina\u00e7\u00e3o p\u00fablica e de saneamento b\u00e1sico.\u00a0","og_url":"https:\/\/prefeitosegestoes.com.br\/portal\/projetos-de-iluminacao-e-saneamento-sao-enquadrados-como-prioritarios\/","og_site_name":"Prefeitos &amp; Gest\u00f5es","article_publisher":"https:\/\/www.facebook.com\/prefeitosonline","article_published_time":"2025-12-05T22:38:55+00:00","og_image":[{"width":768,"height":444,"url":"https:\/\/prefeitosegestoes.com.br\/portal\/wp-content\/uploads\/2025\/12\/fdb4177c-0fcf-4902-b37b-15a7cee8033a.jpeg","type":"image\/jpeg"}],"author":"Prefeitos &amp; Gest\u00f5es","twitter_card":"summary_large_image","twitter_creator":"@PrefGestoes","twitter_site":"@PrefGestoes","twitter_misc":{"Escrito por":"Prefeitos &amp; Gest\u00f5es","Est. tempo de leitura":"4 minutos"},"schema":{"@context":"https:\/\/schema.org","@graph":[{"@type":"Article","@id":"https:\/\/prefeitosegestoes.com.br\/portal\/projetos-de-iluminacao-e-saneamento-sao-enquadrados-como-prioritarios\/#article","isPartOf":{"@id":"https:\/\/prefeitosegestoes.com.br\/portal\/projetos-de-iluminacao-e-saneamento-sao-enquadrados-como-prioritarios\/"},"author":{"name":"Prefeitos &amp; Gest\u00f5es","@id":"https:\/\/prefeitosegestoes.com.br\/portal\/#\/schema\/person\/d00059f2ec99963e7e1850d448ae94b8"},"headline":"Projetos de ilumina\u00e7\u00e3o e saneamento s\u00e3o enquadrados como priorit\u00e1rios","datePublished":"2025-12-05T22:38:55+00:00","mainEntityOfPage":{"@id":"https:\/\/prefeitosegestoes.com.br\/portal\/projetos-de-iluminacao-e-saneamento-sao-enquadrados-como-prioritarios\/"},"wordCount":685,"commentCount":0,"publisher":{"@id":"https:\/\/prefeitosegestoes.com.br\/portal\/#organization"},"image":{"@id":"https:\/\/prefeitosegestoes.com.br\/portal\/projetos-de-iluminacao-e-saneamento-sao-enquadrados-como-prioritarios\/#primaryimage"},"thumbnailUrl":"https:\/\/prefeitosegestoes.com.br\/portal\/wp-content\/uploads\/2025\/12\/fdb4177c-0fcf-4902-b37b-15a7cee8033a.jpeg","keywords":["Ilumina\u00e7\u00e3o P\u00fablica","Minist\u00e9rio das Cidades","Saneamento B\u00e1sico"],"articleSection":["Destaques"],"inLanguage":"pt-BR","potentialAction":[{"@type":"CommentAction","name":"Comment","target":["https:\/\/prefeitosegestoes.com.br\/portal\/projetos-de-iluminacao-e-saneamento-sao-enquadrados-como-prioritarios\/#respond"]}]},{"@type":"WebPage","@id":"https:\/\/prefeitosegestoes.com.br\/portal\/projetos-de-iluminacao-e-saneamento-sao-enquadrados-como-prioritarios\/","url":"https:\/\/prefeitosegestoes.com.br\/portal\/projetos-de-iluminacao-e-saneamento-sao-enquadrados-como-prioritarios\/","name":"Projetos de ilumina\u00e7\u00e3o e saneamento s\u00e3o enquadrados como priorit\u00e1rios - Prefeitos &amp; Gest\u00f5es","isPartOf":{"@id":"https:\/\/prefeitosegestoes.com.br\/portal\/#website"},"primaryImageOfPage":{"@id":"https:\/\/prefeitosegestoes.com.br\/portal\/projetos-de-iluminacao-e-saneamento-sao-enquadrados-como-prioritarios\/#primaryimage"},"image":{"@id":"https:\/\/prefeitosegestoes.com.br\/portal\/projetos-de-iluminacao-e-saneamento-sao-enquadrados-como-prioritarios\/#primaryimage"},"thumbnailUrl":"https:\/\/prefeitosegestoes.com.br\/portal\/wp-content\/uploads\/2025\/12\/fdb4177c-0fcf-4902-b37b-15a7cee8033a.jpeg","datePublished":"2025-12-05T22:38:55+00:00","description":"OMinist\u00e9rio das Cidades publicou quatro portarias que autorizam o enquadramento, como priorit\u00e1rio, de novos projetos de infraestrutura nos setores de ilumina\u00e7\u00e3o p\u00fablica e de saneamento b\u00e1sico.\u00a0","breadcrumb":{"@id":"https:\/\/prefeitosegestoes.com.br\/portal\/projetos-de-iluminacao-e-saneamento-sao-enquadrados-como-prioritarios\/#breadcrumb"},"inLanguage":"pt-BR","potentialAction":[{"@type":"ReadAction","target":["https:\/\/prefeitosegestoes.com.br\/portal\/projetos-de-iluminacao-e-saneamento-sao-enquadrados-como-prioritarios\/"]}]},{"@type":"ImageObject","inLanguage":"pt-BR","@id":"https:\/\/prefeitosegestoes.com.br\/portal\/projetos-de-iluminacao-e-saneamento-sao-enquadrados-como-prioritarios\/#primaryimage","url":"https:\/\/prefeitosegestoes.com.br\/portal\/wp-content\/uploads\/2025\/12\/fdb4177c-0fcf-4902-b37b-15a7cee8033a.jpeg","contentUrl":"https:\/\/prefeitosegestoes.com.br\/portal\/wp-content\/uploads\/2025\/12\/fdb4177c-0fcf-4902-b37b-15a7cee8033a.jpeg","width":768,"height":444},{"@type":"BreadcrumbList","@id":"https:\/\/prefeitosegestoes.com.br\/portal\/projetos-de-iluminacao-e-saneamento-sao-enquadrados-como-prioritarios\/#breadcrumb","itemListElement":[{"@type":"ListItem","position":1,"name":"In\u00edcio","item":"https:\/\/prefeitosegestoes.com.br\/portal\/"},{"@type":"ListItem","position":2,"name":"Projetos de ilumina\u00e7\u00e3o e saneamento s\u00e3o enquadrados como priorit\u00e1rios"}]},{"@type":"WebSite","@id":"https:\/\/prefeitosegestoes.com.br\/portal\/#website","url":"https:\/\/prefeitosegestoes.com.br\/portal\/","name":"Prefeitos & Gest\u00f5es","description":"","publisher":{"@id":"https:\/\/prefeitosegestoes.com.br\/portal\/#organization"},"potentialAction":[{"@type":"SearchAction","target":{"@type":"EntryPoint","urlTemplate":"https:\/\/prefeitosegestoes.com.br\/portal\/?s={search_term_string}"},"query-input":{"@type":"PropertyValueSpecification","valueRequired":true,"valueName":"search_term_string"}}],"inLanguage":"pt-BR"},{"@type":"Organization","@id":"https:\/\/prefeitosegestoes.com.br\/portal\/#organization","name":"Prefeitos & Gest\u00f5es","url":"https:\/\/prefeitosegestoes.com.br\/portal\/","logo":{"@type":"ImageObject","inLanguage":"pt-BR","@id":"https:\/\/prefeitosegestoes.com.br\/portal\/#\/schema\/logo\/image\/","url":"https:\/\/prefeitosegestoes.com.br\/portal\/wp-content\/uploads\/2024\/10\/lg_trans_prefeitos_2024_preto2.png","contentUrl":"https:\/\/prefeitosegestoes.com.br\/portal\/wp-content\/uploads\/2024\/10\/lg_trans_prefeitos_2024_preto2.png","width":199,"height":122,"caption":"Prefeitos & Gest\u00f5es"},"image":{"@id":"https:\/\/prefeitosegestoes.com.br\/portal\/#\/schema\/logo\/image\/"},"sameAs":["https:\/\/www.facebook.com\/prefeitosonline","https:\/\/x.com\/PrefGestoes"]},{"@type":"Person","@id":"https:\/\/prefeitosegestoes.com.br\/portal\/#\/schema\/person\/d00059f2ec99963e7e1850d448ae94b8","name":"Prefeitos &amp; Gest\u00f5es","image":{"@type":"ImageObject","inLanguage":"pt-BR","@id":"https:\/\/secure.gravatar.com\/avatar\/738fb281e479212ed32c1a21a4307dda9f3af9292edb6918a16c9ce9fff5f48d?s=96&d=mm&r=g","url":"https:\/\/secure.gravatar.com\/avatar\/738fb281e479212ed32c1a21a4307dda9f3af9292edb6918a16c9ce9fff5f48d?s=96&d=mm&r=g","contentUrl":"https:\/\/secure.gravatar.com\/avatar\/738fb281e479212ed32c1a21a4307dda9f3af9292edb6918a16c9ce9fff5f48d?s=96&d=mm&r=g","caption":"Prefeitos &amp; Gest\u00f5es"},"url":"https:\/\/prefeitosegestoes.com.br\/portal\/author\/prefeitosegestoes\/"}]}},"_links":{"self":[{"href":"https:\/\/prefeitosegestoes.com.br\/portal\/wp-json\/wp\/v2\/posts\/4088","targetHints":{"allow":["GET"]}}],"collection":[{"href":"https:\/\/prefeitosegestoes.com.br\/portal\/wp-json\/wp\/v2\/posts"}],"about":[{"href":"https:\/\/prefeitosegestoes.com.br\/portal\/wp-json\/wp\/v2\/types\/post"}],"author":[{"embeddable":true,"href":"https:\/\/prefeitosegestoes.com.br\/portal\/wp-json\/wp\/v2\/users\/2"}],"replies":[{"embeddable":true,"href":"https:\/\/prefeitosegestoes.com.br\/portal\/wp-json\/wp\/v2\/comments?post=4088"}],"version-history":[{"count":1,"href":"https:\/\/prefeitosegestoes.com.br\/portal\/wp-json\/wp\/v2\/posts\/4088\/revisions"}],"predecessor-version":[{"id":4092,"href":"https:\/\/prefeitosegestoes.com.br\/portal\/wp-json\/wp\/v2\/posts\/4088\/revisions\/4092"}],"wp:featuredmedia":[{"embeddable":true,"href":"https:\/\/prefeitosegestoes.com.br\/portal\/wp-json\/wp\/v2\/media\/4091"}],"wp:attachment":[{"href":"https:\/\/prefeitosegestoes.com.br\/portal\/wp-json\/wp\/v2\/media?parent=4088"}],"wp:term":[{"taxonomy":"category","embeddable":true,"href":"https:\/\/prefeitosegestoes.com.br\/portal\/wp-json\/wp\/v2\/categories?post=4088"},{"taxonomy":"post_tag","embeddable":true,"href":"https:\/\/prefeitosegestoes.com.br\/portal\/wp-json\/wp\/v2\/tags?post=4088"}],"curies":[{"name":"wp","href":"https:\/\/api.w.org\/{rel}","templated":true}]}}