{"id":4056,"date":"2025-11-28T16:43:51","date_gmt":"2025-11-28T19:43:51","guid":{"rendered":"https:\/\/prefeitosegestoes.com.br\/portal\/?p=4056"},"modified":"2025-11-28T16:43:51","modified_gmt":"2025-11-28T19:43:51","slug":"luz-do-futuro-a-iluminacao-publica-deixa-de-ser-apenas-lampada-na-rua","status":"publish","type":"post","link":"https:\/\/prefeitosegestoes.com.br\/portal\/luz-do-futuro-a-iluminacao-publica-deixa-de-ser-apenas-lampada-na-rua\/","title":{"rendered":"LUZ DO FUTURO: A ILUMINA\u00c7\u00c3O P\u00daBLICA DEIXA DE SER APENAS L\u00c2MPADA NA RUA"},"content":{"rendered":"<h6>Cr\u00e9dito foto Richard Vaillanc Foto divulga\u00e7\u00e3o<\/h6>\n<p>Entrevistas exclusivas com alguns dos nomes mais relevantes do setor:<\/p>\n<ul>\n<li><strong>Gilberto Jannuzzi<\/strong>, coordenador do CePIL<\/li>\n<li><strong>Roberto Saheli<\/strong>, presidente da ABILUX<\/li>\n<li><strong>Pedro Iacovino<\/strong>, presidente da ABCIP<\/li>\n<li><strong>Eduardo Freire Bastos<\/strong>, presidente da ABRASI<\/li>\n<\/ul>\n<p>A ilumina\u00e7\u00e3o p\u00fablica passou de um servi\u00e7o operacional para infraestrutura estrat\u00e9gica das cidades inteligentes. Ela aborda.<\/p>\n<p><img fetchpriority=\"high\" decoding=\"async\" class=\"alignnone  wp-image-4057\" src=\"https:\/\/prefeitosegestoes.com.br\/portal\/wp-content\/uploads\/2025\/11\/Mat-5-link-legenda-Credito-foto-Talos-300-Foto-divulgacao-300x169.jpg\" alt=\"\" width=\"486\" height=\"274\" srcset=\"https:\/\/prefeitosegestoes.com.br\/portal\/wp-content\/uploads\/2025\/11\/Mat-5-link-legenda-Credito-foto-Talos-300-Foto-divulgacao-300x169.jpg 300w, https:\/\/prefeitosegestoes.com.br\/portal\/wp-content\/uploads\/2025\/11\/Mat-5-link-legenda-Credito-foto-Talos-300-Foto-divulgacao-768x432.jpg 768w, https:\/\/prefeitosegestoes.com.br\/portal\/wp-content\/uploads\/2025\/11\/Mat-5-link-legenda-Credito-foto-Talos-300-Foto-divulgacao.jpg 1024w\" sizes=\"(max-width: 486px) 100vw, 486px\" \/><\/p>\n<p>Cr\u00e9dito foto Talos 300 Foto divulga\u00e7\u00e3o<\/p>\n<h3><strong>1. LED como base de efici\u00eancia energ\u00e9tica<\/strong><\/h3>\n<p>Redu\u00e7\u00e3o de custos, durabilidade e padroniza\u00e7\u00e3o tecnol\u00f3gica.<\/p>\n<h3><strong>2. Telegest\u00e3o e sensores urbanos<\/strong><\/h3>\n<p>Sensores instalados nos postes permitem:<\/p>\n<p>\u2013 monitorar falhas em tempo real;<br \/>\n\u2013 acompanhar consumo individual por ponto;<br \/>\n\u2013 ajustar intensidade luminosa automaticamente;<br \/>\n\u2013 integrar c\u00e2meras, Wi-Fi, sensores ambientais e redes de IoT.<\/p>\n<h3><strong>3. Ilumina\u00e7\u00e3o como plataforma de seguran\u00e7a p\u00fablica<\/strong><\/h3>\n<p>A ilumina\u00e7\u00e3o \u00e9 um dos fatores urbanos mais correlacionados com sensa\u00e7\u00e3o de seguran\u00e7a.<\/p>\n<p>Roberto Saheli afirma:<\/p>\n<p><em>\u201cIlumina\u00e7\u00e3o p\u00fablica \u00e9 infraestrutura cr\u00edtica. Sem ela, n\u00e3o h\u00e1 cidade segura, eficiente ou moderna\u201d<\/em><\/p>\n<h3><strong>4. PPPs e o papel do setor privado<\/strong><\/h3>\n<p>Pedro Iacovino destaca que as concess\u00f5es s\u00e3o fundamentais para moderniza\u00e7\u00e3o em larga escala, especialmente em munic\u00edpios sem recursos pr\u00f3prios.<\/p>\n<h3><strong>5. Pesquisa, inova\u00e7\u00e3o e dados<\/strong><\/h3>\n<p>Jannuzzi refor\u00e7a que ilumina\u00e7\u00e3o inteligente depende de sistemas integrados e interoper\u00e1veis, n\u00e3o apenas de novas lumin\u00e1rias.<\/p>\n<h3><strong>6. A vis\u00e3o de futuro<\/strong><\/h3>\n<p>Eduardo Bastos pontua que a ilumina\u00e7\u00e3o inteligente \u00e9 a \u201cespinha dorsal\u201d das cidades do futuro, permitindo que servi\u00e7os urbanos \u201cmobilidade, seguran\u00e7a, conectividade\u201d conversem entre si.<\/p>\n<p>A ilumina\u00e7\u00e3o p\u00fablica se tornou o primeiro passo do processo de transforma\u00e7\u00e3o urbana, abrindo caminho para cidades mais inteligentes, sustent\u00e1veis e humanas.<\/p>\n<p>Fonte: P&amp;G<\/p>\n<p>&nbsp;<\/p>\n<p>&nbsp;<\/p>\n","protected":false},"excerpt":{"rendered":"<p>Cr\u00e9dito foto Richard Vaillanc Foto divulga\u00e7\u00e3o Entrevistas exclusivas com alguns dos nomes mais relevantes do setor: Gilberto Jannuzzi, coordenador do CePIL Roberto Saheli, presidente da ABILUX Pedro Iacovino, presidente da ABCIP Eduardo Freire Bastos, presidente da ABRASI A ilumina\u00e7\u00e3o p\u00fablica passou de um servi\u00e7o operacional para infraestrutura estrat\u00e9gica das cidades inteligentes. Ela aborda. Cr\u00e9dito foto [&hellip;]<\/p>\n","protected":false},"author":2,"featured_media":4058,"comment_status":"open","ping_status":"open","sticky":false,"template":"","format":"standard","meta":{"rop_custom_images_group":[],"rop_custom_messages_group":[],"rop_publish_now":"initial","rop_publish_now_accounts":{"twitter_850042665852968960_850042665852968960":""},"rop_publish_now_history":[],"rop_publish_now_status":"pending","footnotes":""},"categories":[6],"tags":[140,751,835,267],"class_list":["post-4056","post","type-post","status-publish","format-standard","has-post-thumbnail","hentry","category-smart-city","tag-iluminacao-publica","tag-luminarias-led","tag-luz-do-futuro","tag-tecnologia"],"yoast_head":"<!-- This site is optimized with the Yoast SEO plugin v27.2 - https:\/\/yoast.com\/product\/yoast-seo-wordpress\/ -->\n<title>LUZ DO FUTURO: A ILUMINA\u00c7\u00c3O P\u00daBLICA DEIXA DE SER APENAS L\u00c2MPADA NA RUA - Prefeitos &amp; Gest\u00f5es<\/title>\n<meta name=\"description\" content=\"Entrevistas exclusivas com alguns dos nomes mais relevantes do setor:Gilberto Jannuzzi, coordenador do CePILRoberto Saheli, presidente da ABILUXPedro Iacovino, presidente da ABCIPEduardo Freire Bastos, presidente da ABRASI\" \/>\n<meta name=\"robots\" content=\"index, follow, max-snippet:-1, max-image-preview:large, max-video-preview:-1\" \/>\n<link rel=\"canonical\" href=\"https:\/\/prefeitosegestoes.com.br\/portal\/luz-do-futuro-a-iluminacao-publica-deixa-de-ser-apenas-lampada-na-rua\/\" \/>\n<meta property=\"og:locale\" content=\"pt_BR\" \/>\n<meta property=\"og:type\" content=\"article\" \/>\n<meta property=\"og:title\" content=\"LUZ DO FUTURO: A ILUMINA\u00c7\u00c3O P\u00daBLICA DEIXA DE SER APENAS L\u00c2MPADA NA RUA - Prefeitos &amp; Gest\u00f5es\" \/>\n<meta property=\"og:description\" content=\"Entrevistas exclusivas com alguns dos nomes mais relevantes do setor:Gilberto Jannuzzi, coordenador do CePILRoberto Saheli, presidente da ABILUXPedro Iacovino, presidente da ABCIPEduardo Freire Bastos, presidente da ABRASI\" \/>\n<meta property=\"og:url\" content=\"https:\/\/prefeitosegestoes.com.br\/portal\/luz-do-futuro-a-iluminacao-publica-deixa-de-ser-apenas-lampada-na-rua\/\" \/>\n<meta property=\"og:site_name\" content=\"Prefeitos &amp; Gest\u00f5es\" \/>\n<meta property=\"article:publisher\" content=\"https:\/\/www.facebook.com\/prefeitosonline\" \/>\n<meta property=\"article:published_time\" content=\"2025-11-28T19:43:51+00:00\" \/>\n<meta property=\"og:image\" content=\"https:\/\/prefeitosegestoes.com.br\/portal\/wp-content\/uploads\/2025\/11\/Mat-5-Pr-legenda-Credito-foto-Richard-Vaillanc-Foto-divulgacao-scaled.jpg\" \/>\n\t<meta property=\"og:image:width\" content=\"2560\" \/>\n\t<meta property=\"og:image:height\" content=\"1440\" \/>\n\t<meta property=\"og:image:type\" content=\"image\/jpeg\" \/>\n<meta name=\"author\" content=\"Prefeitos &amp; Gest\u00f5es\" \/>\n<meta name=\"twitter:card\" content=\"summary_large_image\" \/>\n<meta name=\"twitter:creator\" content=\"@PrefGestoes\" \/>\n<meta name=\"twitter:site\" content=\"@PrefGestoes\" \/>\n<meta name=\"twitter:label1\" content=\"Escrito por\" \/>\n\t<meta name=\"twitter:data1\" content=\"Prefeitos &amp; Gest\u00f5es\" \/>\n\t<meta name=\"twitter:label2\" content=\"Est. tempo de leitura\" \/>\n\t<meta name=\"twitter:data2\" content=\"2 minutos\" \/>\n<script type=\"application\/ld+json\" class=\"yoast-schema-graph\">{\"@context\":\"https:\/\/schema.org\",\"@graph\":[{\"@type\":\"Article\",\"@id\":\"https:\/\/prefeitosegestoes.com.br\/portal\/luz-do-futuro-a-iluminacao-publica-deixa-de-ser-apenas-lampada-na-rua\/#article\",\"isPartOf\":{\"@id\":\"https:\/\/prefeitosegestoes.com.br\/portal\/luz-do-futuro-a-iluminacao-publica-deixa-de-ser-apenas-lampada-na-rua\/\"},\"author\":{\"name\":\"Prefeitos &amp; Gest\u00f5es\",\"@id\":\"https:\/\/prefeitosegestoes.com.br\/portal\/#\/schema\/person\/d00059f2ec99963e7e1850d448ae94b8\"},\"headline\":\"LUZ DO FUTURO: A ILUMINA\u00c7\u00c3O P\u00daBLICA DEIXA DE SER APENAS L\u00c2MPADA NA RUA\",\"datePublished\":\"2025-11-28T19:43:51+00:00\",\"mainEntityOfPage\":{\"@id\":\"https:\/\/prefeitosegestoes.com.br\/portal\/luz-do-futuro-a-iluminacao-publica-deixa-de-ser-apenas-lampada-na-rua\/\"},\"wordCount\":299,\"commentCount\":0,\"publisher\":{\"@id\":\"https:\/\/prefeitosegestoes.com.br\/portal\/#organization\"},\"image\":{\"@id\":\"https:\/\/prefeitosegestoes.com.br\/portal\/luz-do-futuro-a-iluminacao-publica-deixa-de-ser-apenas-lampada-na-rua\/#primaryimage\"},\"thumbnailUrl\":\"https:\/\/prefeitosegestoes.com.br\/portal\/wp-content\/uploads\/2025\/11\/Mat-5-Pr-legenda-Credito-foto-Richard-Vaillanc-Foto-divulgacao-scaled.jpg\",\"keywords\":[\"Ilumina\u00e7\u00e3o P\u00fablica\",\"Lumin\u00e1rias Led\",\"Luz do Futuro\",\"Tecnologia\"],\"articleSection\":[\"Smart City\"],\"inLanguage\":\"pt-BR\",\"potentialAction\":[{\"@type\":\"CommentAction\",\"name\":\"Comment\",\"target\":[\"https:\/\/prefeitosegestoes.com.br\/portal\/luz-do-futuro-a-iluminacao-publica-deixa-de-ser-apenas-lampada-na-rua\/#respond\"]}]},{\"@type\":\"WebPage\",\"@id\":\"https:\/\/prefeitosegestoes.com.br\/portal\/luz-do-futuro-a-iluminacao-publica-deixa-de-ser-apenas-lampada-na-rua\/\",\"url\":\"https:\/\/prefeitosegestoes.com.br\/portal\/luz-do-futuro-a-iluminacao-publica-deixa-de-ser-apenas-lampada-na-rua\/\",\"name\":\"LUZ DO FUTURO: A ILUMINA\u00c7\u00c3O P\u00daBLICA DEIXA DE SER APENAS L\u00c2MPADA NA RUA - Prefeitos &amp; Gest\u00f5es\",\"isPartOf\":{\"@id\":\"https:\/\/prefeitosegestoes.com.br\/portal\/#website\"},\"primaryImageOfPage\":{\"@id\":\"https:\/\/prefeitosegestoes.com.br\/portal\/luz-do-futuro-a-iluminacao-publica-deixa-de-ser-apenas-lampada-na-rua\/#primaryimage\"},\"image\":{\"@id\":\"https:\/\/prefeitosegestoes.com.br\/portal\/luz-do-futuro-a-iluminacao-publica-deixa-de-ser-apenas-lampada-na-rua\/#primaryimage\"},\"thumbnailUrl\":\"https:\/\/prefeitosegestoes.com.br\/portal\/wp-content\/uploads\/2025\/11\/Mat-5-Pr-legenda-Credito-foto-Richard-Vaillanc-Foto-divulgacao-scaled.jpg\",\"datePublished\":\"2025-11-28T19:43:51+00:00\",\"description\":\"Entrevistas exclusivas com alguns dos nomes mais relevantes do setor:Gilberto Jannuzzi, coordenador do CePILRoberto Saheli, presidente da ABILUXPedro Iacovino, presidente da ABCIPEduardo Freire Bastos, presidente da ABRASI\",\"breadcrumb\":{\"@id\":\"https:\/\/prefeitosegestoes.com.br\/portal\/luz-do-futuro-a-iluminacao-publica-deixa-de-ser-apenas-lampada-na-rua\/#breadcrumb\"},\"inLanguage\":\"pt-BR\",\"potentialAction\":[{\"@type\":\"ReadAction\",\"target\":[\"https:\/\/prefeitosegestoes.com.br\/portal\/luz-do-futuro-a-iluminacao-publica-deixa-de-ser-apenas-lampada-na-rua\/\"]}]},{\"@type\":\"ImageObject\",\"inLanguage\":\"pt-BR\",\"@id\":\"https:\/\/prefeitosegestoes.com.br\/portal\/luz-do-futuro-a-iluminacao-publica-deixa-de-ser-apenas-lampada-na-rua\/#primaryimage\",\"url\":\"https:\/\/prefeitosegestoes.com.br\/portal\/wp-content\/uploads\/2025\/11\/Mat-5-Pr-legenda-Credito-foto-Richard-Vaillanc-Foto-divulgacao-scaled.jpg\",\"contentUrl\":\"https:\/\/prefeitosegestoes.com.br\/portal\/wp-content\/uploads\/2025\/11\/Mat-5-Pr-legenda-Credito-foto-Richard-Vaillanc-Foto-divulgacao-scaled.jpg\",\"width\":2560,\"height\":1440},{\"@type\":\"BreadcrumbList\",\"@id\":\"https:\/\/prefeitosegestoes.com.br\/portal\/luz-do-futuro-a-iluminacao-publica-deixa-de-ser-apenas-lampada-na-rua\/#breadcrumb\",\"itemListElement\":[{\"@type\":\"ListItem\",\"position\":1,\"name\":\"In\u00edcio\",\"item\":\"https:\/\/prefeitosegestoes.com.br\/portal\/\"},{\"@type\":\"ListItem\",\"position\":2,\"name\":\"LUZ DO FUTURO: A ILUMINA\u00c7\u00c3O P\u00daBLICA DEIXA DE SER APENAS L\u00c2MPADA NA RUA\"}]},{\"@type\":\"WebSite\",\"@id\":\"https:\/\/prefeitosegestoes.com.br\/portal\/#website\",\"url\":\"https:\/\/prefeitosegestoes.com.br\/portal\/\",\"name\":\"Prefeitos & Gest\u00f5es\",\"description\":\"\",\"publisher\":{\"@id\":\"https:\/\/prefeitosegestoes.com.br\/portal\/#organization\"},\"potentialAction\":[{\"@type\":\"SearchAction\",\"target\":{\"@type\":\"EntryPoint\",\"urlTemplate\":\"https:\/\/prefeitosegestoes.com.br\/portal\/?s={search_term_string}\"},\"query-input\":{\"@type\":\"PropertyValueSpecification\",\"valueRequired\":true,\"valueName\":\"search_term_string\"}}],\"inLanguage\":\"pt-BR\"},{\"@type\":\"Organization\",\"@id\":\"https:\/\/prefeitosegestoes.com.br\/portal\/#organization\",\"name\":\"Prefeitos & Gest\u00f5es\",\"url\":\"https:\/\/prefeitosegestoes.com.br\/portal\/\",\"logo\":{\"@type\":\"ImageObject\",\"inLanguage\":\"pt-BR\",\"@id\":\"https:\/\/prefeitosegestoes.com.br\/portal\/#\/schema\/logo\/image\/\",\"url\":\"https:\/\/prefeitosegestoes.com.br\/portal\/wp-content\/uploads\/2024\/10\/lg_trans_prefeitos_2024_preto2.png\",\"contentUrl\":\"https:\/\/prefeitosegestoes.com.br\/portal\/wp-content\/uploads\/2024\/10\/lg_trans_prefeitos_2024_preto2.png\",\"width\":199,\"height\":122,\"caption\":\"Prefeitos & Gest\u00f5es\"},\"image\":{\"@id\":\"https:\/\/prefeitosegestoes.com.br\/portal\/#\/schema\/logo\/image\/\"},\"sameAs\":[\"https:\/\/www.facebook.com\/prefeitosonline\",\"https:\/\/x.com\/PrefGestoes\"]},{\"@type\":\"Person\",\"@id\":\"https:\/\/prefeitosegestoes.com.br\/portal\/#\/schema\/person\/d00059f2ec99963e7e1850d448ae94b8\",\"name\":\"Prefeitos &amp; Gest\u00f5es\",\"image\":{\"@type\":\"ImageObject\",\"inLanguage\":\"pt-BR\",\"@id\":\"https:\/\/secure.gravatar.com\/avatar\/738fb281e479212ed32c1a21a4307dda9f3af9292edb6918a16c9ce9fff5f48d?s=96&d=mm&r=g\",\"url\":\"https:\/\/secure.gravatar.com\/avatar\/738fb281e479212ed32c1a21a4307dda9f3af9292edb6918a16c9ce9fff5f48d?s=96&d=mm&r=g\",\"contentUrl\":\"https:\/\/secure.gravatar.com\/avatar\/738fb281e479212ed32c1a21a4307dda9f3af9292edb6918a16c9ce9fff5f48d?s=96&d=mm&r=g\",\"caption\":\"Prefeitos &amp; Gest\u00f5es\"},\"url\":\"https:\/\/prefeitosegestoes.com.br\/portal\/author\/prefeitosegestoes\/\"}]}<\/script>\n<!-- \/ Yoast SEO plugin. -->","yoast_head_json":{"title":"LUZ DO FUTURO: A ILUMINA\u00c7\u00c3O P\u00daBLICA DEIXA DE SER APENAS L\u00c2MPADA NA RUA - Prefeitos &amp; Gest\u00f5es","description":"Entrevistas exclusivas com alguns dos nomes mais relevantes do setor:Gilberto Jannuzzi, coordenador do CePILRoberto Saheli, presidente da ABILUXPedro Iacovino, presidente da ABCIPEduardo Freire Bastos, presidente da ABRASI","robots":{"index":"index","follow":"follow","max-snippet":"max-snippet:-1","max-image-preview":"max-image-preview:large","max-video-preview":"max-video-preview:-1"},"canonical":"https:\/\/prefeitosegestoes.com.br\/portal\/luz-do-futuro-a-iluminacao-publica-deixa-de-ser-apenas-lampada-na-rua\/","og_locale":"pt_BR","og_type":"article","og_title":"LUZ DO FUTURO: A ILUMINA\u00c7\u00c3O P\u00daBLICA DEIXA DE SER APENAS L\u00c2MPADA NA RUA - Prefeitos &amp; Gest\u00f5es","og_description":"Entrevistas exclusivas com alguns dos nomes mais relevantes do setor:Gilberto Jannuzzi, coordenador do CePILRoberto Saheli, presidente da ABILUXPedro Iacovino, presidente da ABCIPEduardo Freire Bastos, presidente da ABRASI","og_url":"https:\/\/prefeitosegestoes.com.br\/portal\/luz-do-futuro-a-iluminacao-publica-deixa-de-ser-apenas-lampada-na-rua\/","og_site_name":"Prefeitos &amp; Gest\u00f5es","article_publisher":"https:\/\/www.facebook.com\/prefeitosonline","article_published_time":"2025-11-28T19:43:51+00:00","og_image":[{"width":2560,"height":1440,"url":"https:\/\/prefeitosegestoes.com.br\/portal\/wp-content\/uploads\/2025\/11\/Mat-5-Pr-legenda-Credito-foto-Richard-Vaillanc-Foto-divulgacao-scaled.jpg","type":"image\/jpeg"}],"author":"Prefeitos &amp; Gest\u00f5es","twitter_card":"summary_large_image","twitter_creator":"@PrefGestoes","twitter_site":"@PrefGestoes","twitter_misc":{"Escrito por":"Prefeitos &amp; Gest\u00f5es","Est. tempo de leitura":"2 minutos"},"schema":{"@context":"https:\/\/schema.org","@graph":[{"@type":"Article","@id":"https:\/\/prefeitosegestoes.com.br\/portal\/luz-do-futuro-a-iluminacao-publica-deixa-de-ser-apenas-lampada-na-rua\/#article","isPartOf":{"@id":"https:\/\/prefeitosegestoes.com.br\/portal\/luz-do-futuro-a-iluminacao-publica-deixa-de-ser-apenas-lampada-na-rua\/"},"author":{"name":"Prefeitos &amp; Gest\u00f5es","@id":"https:\/\/prefeitosegestoes.com.br\/portal\/#\/schema\/person\/d00059f2ec99963e7e1850d448ae94b8"},"headline":"LUZ DO FUTURO: A ILUMINA\u00c7\u00c3O P\u00daBLICA DEIXA DE SER APENAS L\u00c2MPADA NA RUA","datePublished":"2025-11-28T19:43:51+00:00","mainEntityOfPage":{"@id":"https:\/\/prefeitosegestoes.com.br\/portal\/luz-do-futuro-a-iluminacao-publica-deixa-de-ser-apenas-lampada-na-rua\/"},"wordCount":299,"commentCount":0,"publisher":{"@id":"https:\/\/prefeitosegestoes.com.br\/portal\/#organization"},"image":{"@id":"https:\/\/prefeitosegestoes.com.br\/portal\/luz-do-futuro-a-iluminacao-publica-deixa-de-ser-apenas-lampada-na-rua\/#primaryimage"},"thumbnailUrl":"https:\/\/prefeitosegestoes.com.br\/portal\/wp-content\/uploads\/2025\/11\/Mat-5-Pr-legenda-Credito-foto-Richard-Vaillanc-Foto-divulgacao-scaled.jpg","keywords":["Ilumina\u00e7\u00e3o P\u00fablica","Lumin\u00e1rias Led","Luz do Futuro","Tecnologia"],"articleSection":["Smart City"],"inLanguage":"pt-BR","potentialAction":[{"@type":"CommentAction","name":"Comment","target":["https:\/\/prefeitosegestoes.com.br\/portal\/luz-do-futuro-a-iluminacao-publica-deixa-de-ser-apenas-lampada-na-rua\/#respond"]}]},{"@type":"WebPage","@id":"https:\/\/prefeitosegestoes.com.br\/portal\/luz-do-futuro-a-iluminacao-publica-deixa-de-ser-apenas-lampada-na-rua\/","url":"https:\/\/prefeitosegestoes.com.br\/portal\/luz-do-futuro-a-iluminacao-publica-deixa-de-ser-apenas-lampada-na-rua\/","name":"LUZ DO FUTURO: A ILUMINA\u00c7\u00c3O P\u00daBLICA DEIXA DE SER APENAS L\u00c2MPADA NA RUA - Prefeitos &amp; Gest\u00f5es","isPartOf":{"@id":"https:\/\/prefeitosegestoes.com.br\/portal\/#website"},"primaryImageOfPage":{"@id":"https:\/\/prefeitosegestoes.com.br\/portal\/luz-do-futuro-a-iluminacao-publica-deixa-de-ser-apenas-lampada-na-rua\/#primaryimage"},"image":{"@id":"https:\/\/prefeitosegestoes.com.br\/portal\/luz-do-futuro-a-iluminacao-publica-deixa-de-ser-apenas-lampada-na-rua\/#primaryimage"},"thumbnailUrl":"https:\/\/prefeitosegestoes.com.br\/portal\/wp-content\/uploads\/2025\/11\/Mat-5-Pr-legenda-Credito-foto-Richard-Vaillanc-Foto-divulgacao-scaled.jpg","datePublished":"2025-11-28T19:43:51+00:00","description":"Entrevistas exclusivas com alguns dos nomes mais relevantes do setor:Gilberto Jannuzzi, coordenador do CePILRoberto Saheli, presidente da ABILUXPedro Iacovino, presidente da ABCIPEduardo Freire Bastos, presidente da ABRASI","breadcrumb":{"@id":"https:\/\/prefeitosegestoes.com.br\/portal\/luz-do-futuro-a-iluminacao-publica-deixa-de-ser-apenas-lampada-na-rua\/#breadcrumb"},"inLanguage":"pt-BR","potentialAction":[{"@type":"ReadAction","target":["https:\/\/prefeitosegestoes.com.br\/portal\/luz-do-futuro-a-iluminacao-publica-deixa-de-ser-apenas-lampada-na-rua\/"]}]},{"@type":"ImageObject","inLanguage":"pt-BR","@id":"https:\/\/prefeitosegestoes.com.br\/portal\/luz-do-futuro-a-iluminacao-publica-deixa-de-ser-apenas-lampada-na-rua\/#primaryimage","url":"https:\/\/prefeitosegestoes.com.br\/portal\/wp-content\/uploads\/2025\/11\/Mat-5-Pr-legenda-Credito-foto-Richard-Vaillanc-Foto-divulgacao-scaled.jpg","contentUrl":"https:\/\/prefeitosegestoes.com.br\/portal\/wp-content\/uploads\/2025\/11\/Mat-5-Pr-legenda-Credito-foto-Richard-Vaillanc-Foto-divulgacao-scaled.jpg","width":2560,"height":1440},{"@type":"BreadcrumbList","@id":"https:\/\/prefeitosegestoes.com.br\/portal\/luz-do-futuro-a-iluminacao-publica-deixa-de-ser-apenas-lampada-na-rua\/#breadcrumb","itemListElement":[{"@type":"ListItem","position":1,"name":"In\u00edcio","item":"https:\/\/prefeitosegestoes.com.br\/portal\/"},{"@type":"ListItem","position":2,"name":"LUZ DO FUTURO: A ILUMINA\u00c7\u00c3O P\u00daBLICA DEIXA DE SER APENAS L\u00c2MPADA NA RUA"}]},{"@type":"WebSite","@id":"https:\/\/prefeitosegestoes.com.br\/portal\/#website","url":"https:\/\/prefeitosegestoes.com.br\/portal\/","name":"Prefeitos & Gest\u00f5es","description":"","publisher":{"@id":"https:\/\/prefeitosegestoes.com.br\/portal\/#organization"},"potentialAction":[{"@type":"SearchAction","target":{"@type":"EntryPoint","urlTemplate":"https:\/\/prefeitosegestoes.com.br\/portal\/?s={search_term_string}"},"query-input":{"@type":"PropertyValueSpecification","valueRequired":true,"valueName":"search_term_string"}}],"inLanguage":"pt-BR"},{"@type":"Organization","@id":"https:\/\/prefeitosegestoes.com.br\/portal\/#organization","name":"Prefeitos & Gest\u00f5es","url":"https:\/\/prefeitosegestoes.com.br\/portal\/","logo":{"@type":"ImageObject","inLanguage":"pt-BR","@id":"https:\/\/prefeitosegestoes.com.br\/portal\/#\/schema\/logo\/image\/","url":"https:\/\/prefeitosegestoes.com.br\/portal\/wp-content\/uploads\/2024\/10\/lg_trans_prefeitos_2024_preto2.png","contentUrl":"https:\/\/prefeitosegestoes.com.br\/portal\/wp-content\/uploads\/2024\/10\/lg_trans_prefeitos_2024_preto2.png","width":199,"height":122,"caption":"Prefeitos & Gest\u00f5es"},"image":{"@id":"https:\/\/prefeitosegestoes.com.br\/portal\/#\/schema\/logo\/image\/"},"sameAs":["https:\/\/www.facebook.com\/prefeitosonline","https:\/\/x.com\/PrefGestoes"]},{"@type":"Person","@id":"https:\/\/prefeitosegestoes.com.br\/portal\/#\/schema\/person\/d00059f2ec99963e7e1850d448ae94b8","name":"Prefeitos &amp; Gest\u00f5es","image":{"@type":"ImageObject","inLanguage":"pt-BR","@id":"https:\/\/secure.gravatar.com\/avatar\/738fb281e479212ed32c1a21a4307dda9f3af9292edb6918a16c9ce9fff5f48d?s=96&d=mm&r=g","url":"https:\/\/secure.gravatar.com\/avatar\/738fb281e479212ed32c1a21a4307dda9f3af9292edb6918a16c9ce9fff5f48d?s=96&d=mm&r=g","contentUrl":"https:\/\/secure.gravatar.com\/avatar\/738fb281e479212ed32c1a21a4307dda9f3af9292edb6918a16c9ce9fff5f48d?s=96&d=mm&r=g","caption":"Prefeitos &amp; Gest\u00f5es"},"url":"https:\/\/prefeitosegestoes.com.br\/portal\/author\/prefeitosegestoes\/"}]}},"_links":{"self":[{"href":"https:\/\/prefeitosegestoes.com.br\/portal\/wp-json\/wp\/v2\/posts\/4056","targetHints":{"allow":["GET"]}}],"collection":[{"href":"https:\/\/prefeitosegestoes.com.br\/portal\/wp-json\/wp\/v2\/posts"}],"about":[{"href":"https:\/\/prefeitosegestoes.com.br\/portal\/wp-json\/wp\/v2\/types\/post"}],"author":[{"embeddable":true,"href":"https:\/\/prefeitosegestoes.com.br\/portal\/wp-json\/wp\/v2\/users\/2"}],"replies":[{"embeddable":true,"href":"https:\/\/prefeitosegestoes.com.br\/portal\/wp-json\/wp\/v2\/comments?post=4056"}],"version-history":[{"count":1,"href":"https:\/\/prefeitosegestoes.com.br\/portal\/wp-json\/wp\/v2\/posts\/4056\/revisions"}],"predecessor-version":[{"id":4059,"href":"https:\/\/prefeitosegestoes.com.br\/portal\/wp-json\/wp\/v2\/posts\/4056\/revisions\/4059"}],"wp:featuredmedia":[{"embeddable":true,"href":"https:\/\/prefeitosegestoes.com.br\/portal\/wp-json\/wp\/v2\/media\/4058"}],"wp:attachment":[{"href":"https:\/\/prefeitosegestoes.com.br\/portal\/wp-json\/wp\/v2\/media?parent=4056"}],"wp:term":[{"taxonomy":"category","embeddable":true,"href":"https:\/\/prefeitosegestoes.com.br\/portal\/wp-json\/wp\/v2\/categories?post=4056"},{"taxonomy":"post_tag","embeddable":true,"href":"https:\/\/prefeitosegestoes.com.br\/portal\/wp-json\/wp\/v2\/tags?post=4056"}],"curies":[{"name":"wp","href":"https:\/\/api.w.org\/{rel}","templated":true}]}}