{"id":4034,"date":"2025-11-28T16:05:15","date_gmt":"2025-11-28T19:05:15","guid":{"rendered":"https:\/\/prefeitosegestoes.com.br\/portal\/?p=4034"},"modified":"2025-11-28T16:46:03","modified_gmt":"2025-11-28T19:46:03","slug":"prefeitos-e-prefeitas-eleitos-em-2024-tomam-posse","status":"publish","type":"post","link":"https:\/\/prefeitosegestoes.com.br\/portal\/prefeitos-e-prefeitas-eleitos-em-2024-tomam-posse\/","title":{"rendered":"PREFEITOS E PREFEITAS ELEITOS EM 2024 TOMAM POSSE"},"content":{"rendered":"<h6>Evandro Leit\u00e3o, Prefeito de Fortaleza -(CE )-Foto cedida pela prefeitura<\/h6>\n<p>A an\u00e1lise parte do contexto nacional: prefeitos iniciam seus mandatos 2025\u20132028 diante de um pa\u00eds pressionado por desigualdades sociais, inseguran\u00e7a urbana, desafios fiscais, mudan\u00e7as clim\u00e1ticas, judicializa\u00e7\u00e3o crescente das pol\u00edticas p\u00fablicas e avan\u00e7os tecnol\u00f3gicos que imp\u00f5em moderniza\u00e7\u00e3o acelerada.<\/p>\n<p>O primeiro ano de governo, historicamente destinado \u00e0 reorganiza\u00e7\u00e3o, ganha complexidade in\u00e9dita. Os novos gestores precisam conciliar tr\u00eas frentes simult\u00e2neas:<\/p>\n<p><strong>1- Reorganiza\u00e7\u00e3o da m\u00e1quina p\u00fablica<\/strong> \u2014 revis\u00e3o de contratos, diagn\u00f3stico de pend\u00eancias, auditorias em obras e programas interrompidos, recomposi\u00e7\u00e3o de equipes t\u00e9cnicas e reestrutura\u00e7\u00e3o administrativa;<\/p>\n<p><strong>2- Planejamento estrat\u00e9gico orientado por dados<\/strong> \u2014 a reportagem refor\u00e7a que, diferentemente de gest\u00f5es anteriores, prefeituras agora operam em um ambiente federativo mais din\u00e2mico, exigindo integra\u00e7\u00e3o com plataformas nacionais, como o Plano Plurianual Federal, cadastros unificados e sistemas de interoperabilidade;<\/p>\n<p><strong>3-Atendimento a demandas reprimidas do cidad\u00e3o<\/strong>, sobretudo em \u00e1reas sens\u00edveis:<br \/>\n\u2014 Sa\u00fade municipal ainda marcada por fila de cirurgias eletivas;<br \/>\n\u2014 Educa\u00e7\u00e3o pressionada pela demanda crescente por escolas integrais;<br \/>\n\u2014 Expans\u00e3o de pol\u00edticas de seguran\u00e7a urbana em munic\u00edpios de m\u00e9dio porte;<br \/>\n\u2014 D\u00e9ficit habitacional acumulado e aumento da popula\u00e7\u00e3o vulner\u00e1vel.<\/p>\n<p><img fetchpriority=\"high\" decoding=\"async\" class=\"alignnone wp-image-4036\" src=\"https:\/\/prefeitosegestoes.com.br\/portal\/wp-content\/uploads\/2025\/11\/Mat-1-link-Legenda-Silvio-Barros-Prefeito-de-Maringa-PRp-Foto-cedida-pela-prefeitura-300x200.jpeg\" alt=\"\" width=\"446\" height=\"297\" srcset=\"https:\/\/prefeitosegestoes.com.br\/portal\/wp-content\/uploads\/2025\/11\/Mat-1-link-Legenda-Silvio-Barros-Prefeito-de-Maringa-PRp-Foto-cedida-pela-prefeitura-300x200.jpeg 300w, https:\/\/prefeitosegestoes.com.br\/portal\/wp-content\/uploads\/2025\/11\/Mat-1-link-Legenda-Silvio-Barros-Prefeito-de-Maringa-PRp-Foto-cedida-pela-prefeitura-1024x682.jpeg 1024w, https:\/\/prefeitosegestoes.com.br\/portal\/wp-content\/uploads\/2025\/11\/Mat-1-link-Legenda-Silvio-Barros-Prefeito-de-Maringa-PRp-Foto-cedida-pela-prefeitura-768x512.jpeg 768w, https:\/\/prefeitosegestoes.com.br\/portal\/wp-content\/uploads\/2025\/11\/Mat-1-link-Legenda-Silvio-Barros-Prefeito-de-Maringa-PRp-Foto-cedida-pela-prefeitura-1536x1024.jpeg 1536w, https:\/\/prefeitosegestoes.com.br\/portal\/wp-content\/uploads\/2025\/11\/Mat-1-link-Legenda-Silvio-Barros-Prefeito-de-Maringa-PRp-Foto-cedida-pela-prefeitura-2048x1365.jpeg 2048w\" sizes=\"(max-width: 446px) 100vw, 446px\" \/><\/p>\n<h6>S\u00edlvio Barros, Prefeito de Maring\u00e1- (PR)p Foto cedida pela prefeitura<\/h6>\n<p>Embora muito dos prefeitos que assumiram apresentem melhor qualifica\u00e7\u00e3o t\u00e9cnica e maior experi\u00eancia administrativa, eles herdam cen\u00e1rios fiscais mais restritivos. O crescimento das despesas obrigat\u00f3rias \u2014 sa\u00fade, educa\u00e7\u00e3o, funcionalismo e previd\u00eancia \u2014 reduz a margem de investimento, obrigando gestores a serem mais assertivos e inovadores. A gest\u00e3o municipal entra em uma fase em que planejamento de longo prazo, boa governan\u00e7a, articula\u00e7\u00e3o pol\u00edtica e capacidade de captar recursos ser\u00e3o determinantes para que prefeitos entreguem mandatos bem-sucedidos.<\/p>\n<p>Outro ponto central do texto \u00e9 a mudan\u00e7a do papel dos munic\u00edpios no pacto federativo.<\/p>\n<p><em>\u201cOs munic\u00edpios deixaram de ser o elo mais fr\u00e1gil da federa\u00e7\u00e3o para se tornarem o centro da entrega das pol\u00edticas p\u00fablicas, mas sem que a receita crescesse no mesmo ritmo da responsabilidade\u201d<\/em><\/p>\n<p>Fonte: P&amp;G<\/p>\n","protected":false},"excerpt":{"rendered":"<p>Evandro Leit\u00e3o, Prefeito de Fortaleza -(CE )-Foto cedida pela prefeitura A an\u00e1lise parte do contexto nacional: prefeitos iniciam seus mandatos 2025\u20132028 diante de um pa\u00eds pressionado por desigualdades sociais, inseguran\u00e7a urbana, desafios fiscais, mudan\u00e7as clim\u00e1ticas, judicializa\u00e7\u00e3o crescente das pol\u00edticas p\u00fablicas e avan\u00e7os tecnol\u00f3gicos que imp\u00f5em moderniza\u00e7\u00e3o acelerada. O primeiro ano de governo, historicamente destinado \u00e0 [&hellip;]<\/p>\n","protected":false},"author":2,"featured_media":4037,"comment_status":"open","ping_status":"open","sticky":false,"template":"","format":"standard","meta":{"rop_custom_images_group":[],"rop_custom_messages_group":[],"rop_publish_now":"initial","rop_publish_now_accounts":{"twitter_850042665852968960_850042665852968960":""},"rop_publish_now_history":[],"rop_publish_now_status":"pending","footnotes":""},"categories":[9],"tags":[373,123,824,101],"class_list":["post-4034","post","type-post","status-publish","format-standard","has-post-thumbnail","hentry","category-municipios","tag-1o-de-janeiro","tag-municipios","tag-posse-prefeitos","tag-prefeituras"],"yoast_head":"<!-- This site is optimized with the Yoast SEO plugin v27.2 - https:\/\/yoast.com\/product\/yoast-seo-wordpress\/ -->\n<title>PREFEITOS E PREFEITAS ELEITOS EM 2024 TOMAM POSSE - Prefeitos &amp; Gest\u00f5es<\/title>\n<meta name=\"description\" content=\"A an\u00e1lise parte do contexto nacional: prefeitos iniciam seus mandatos 2025\u20132028 diante de um pa\u00eds pressionado por desigualdades sociais, inseguran\u00e7a urbana, desafios fiscais, mudan\u00e7as clim\u00e1ticas, judicializa\u00e7\u00e3o crescente das pol\u00edticas p\u00fablicas e avan\u00e7os tecnol\u00f3gicos que imp\u00f5em moderniza\u00e7\u00e3o acelerada.\" \/>\n<meta name=\"robots\" content=\"index, follow, max-snippet:-1, max-image-preview:large, max-video-preview:-1\" \/>\n<link rel=\"canonical\" href=\"https:\/\/prefeitosegestoes.com.br\/portal\/prefeitos-e-prefeitas-eleitos-em-2024-tomam-posse\/\" \/>\n<meta property=\"og:locale\" content=\"pt_BR\" \/>\n<meta property=\"og:type\" content=\"article\" \/>\n<meta property=\"og:title\" content=\"PREFEITOS E PREFEITAS ELEITOS EM 2024 TOMAM POSSE - Prefeitos &amp; Gest\u00f5es\" \/>\n<meta property=\"og:description\" content=\"A an\u00e1lise parte do contexto nacional: prefeitos iniciam seus mandatos 2025\u20132028 diante de um pa\u00eds pressionado por desigualdades sociais, inseguran\u00e7a urbana, desafios fiscais, mudan\u00e7as clim\u00e1ticas, judicializa\u00e7\u00e3o crescente das pol\u00edticas p\u00fablicas e avan\u00e7os tecnol\u00f3gicos que imp\u00f5em moderniza\u00e7\u00e3o acelerada.\" \/>\n<meta property=\"og:url\" content=\"https:\/\/prefeitosegestoes.com.br\/portal\/prefeitos-e-prefeitas-eleitos-em-2024-tomam-posse\/\" \/>\n<meta property=\"og:site_name\" content=\"Prefeitos &amp; Gest\u00f5es\" \/>\n<meta property=\"article:publisher\" content=\"https:\/\/www.facebook.com\/prefeitosonline\" \/>\n<meta property=\"article:published_time\" content=\"2025-11-28T19:05:15+00:00\" \/>\n<meta property=\"article:modified_time\" content=\"2025-11-28T19:46:03+00:00\" \/>\n<meta property=\"og:image\" content=\"https:\/\/prefeitosegestoes.com.br\/portal\/wp-content\/uploads\/2025\/11\/Mat-1-Destaque-Legenda-Evandro-Leitao-Prefeito-de-Fortaleza-CE-Foto-cedida-pela-prefeitura-scaled.jpg\" \/>\n\t<meta property=\"og:image:width\" content=\"2560\" \/>\n\t<meta property=\"og:image:height\" content=\"1706\" \/>\n\t<meta property=\"og:image:type\" content=\"image\/jpeg\" \/>\n<meta name=\"author\" content=\"Prefeitos &amp; Gest\u00f5es\" \/>\n<meta name=\"twitter:card\" content=\"summary_large_image\" \/>\n<meta name=\"twitter:creator\" content=\"@PrefGestoes\" \/>\n<meta name=\"twitter:site\" content=\"@PrefGestoes\" \/>\n<meta name=\"twitter:label1\" content=\"Escrito por\" \/>\n\t<meta name=\"twitter:data1\" content=\"Prefeitos &amp; Gest\u00f5es\" \/>\n\t<meta name=\"twitter:label2\" content=\"Est. tempo de leitura\" \/>\n\t<meta name=\"twitter:data2\" content=\"3 minutos\" \/>\n<script type=\"application\/ld+json\" class=\"yoast-schema-graph\">{\"@context\":\"https:\/\/schema.org\",\"@graph\":[{\"@type\":\"Article\",\"@id\":\"https:\/\/prefeitosegestoes.com.br\/portal\/prefeitos-e-prefeitas-eleitos-em-2024-tomam-posse\/#article\",\"isPartOf\":{\"@id\":\"https:\/\/prefeitosegestoes.com.br\/portal\/prefeitos-e-prefeitas-eleitos-em-2024-tomam-posse\/\"},\"author\":{\"name\":\"Prefeitos &amp; Gest\u00f5es\",\"@id\":\"https:\/\/prefeitosegestoes.com.br\/portal\/#\/schema\/person\/d00059f2ec99963e7e1850d448ae94b8\"},\"headline\":\"PREFEITOS E PREFEITAS ELEITOS EM 2024 TOMAM POSSE\",\"datePublished\":\"2025-11-28T19:05:15+00:00\",\"dateModified\":\"2025-11-28T19:46:03+00:00\",\"mainEntityOfPage\":{\"@id\":\"https:\/\/prefeitosegestoes.com.br\/portal\/prefeitos-e-prefeitas-eleitos-em-2024-tomam-posse\/\"},\"wordCount\":381,\"commentCount\":0,\"publisher\":{\"@id\":\"https:\/\/prefeitosegestoes.com.br\/portal\/#organization\"},\"image\":{\"@id\":\"https:\/\/prefeitosegestoes.com.br\/portal\/prefeitos-e-prefeitas-eleitos-em-2024-tomam-posse\/#primaryimage\"},\"thumbnailUrl\":\"https:\/\/prefeitosegestoes.com.br\/portal\/wp-content\/uploads\/2025\/11\/Mat-1-Destaque-Legenda-Evandro-Leitao-Prefeito-de-Fortaleza-CE-Foto-cedida-pela-prefeitura-scaled.jpg\",\"keywords\":[\"1o de janeiro\",\"Munic\u00edpios\",\"Posse prefeitos\",\"Prefeituras\"],\"articleSection\":[\"Munic\u00edpios\"],\"inLanguage\":\"pt-BR\",\"potentialAction\":[{\"@type\":\"CommentAction\",\"name\":\"Comment\",\"target\":[\"https:\/\/prefeitosegestoes.com.br\/portal\/prefeitos-e-prefeitas-eleitos-em-2024-tomam-posse\/#respond\"]}]},{\"@type\":\"WebPage\",\"@id\":\"https:\/\/prefeitosegestoes.com.br\/portal\/prefeitos-e-prefeitas-eleitos-em-2024-tomam-posse\/\",\"url\":\"https:\/\/prefeitosegestoes.com.br\/portal\/prefeitos-e-prefeitas-eleitos-em-2024-tomam-posse\/\",\"name\":\"PREFEITOS E PREFEITAS ELEITOS EM 2024 TOMAM POSSE - Prefeitos &amp; Gest\u00f5es\",\"isPartOf\":{\"@id\":\"https:\/\/prefeitosegestoes.com.br\/portal\/#website\"},\"primaryImageOfPage\":{\"@id\":\"https:\/\/prefeitosegestoes.com.br\/portal\/prefeitos-e-prefeitas-eleitos-em-2024-tomam-posse\/#primaryimage\"},\"image\":{\"@id\":\"https:\/\/prefeitosegestoes.com.br\/portal\/prefeitos-e-prefeitas-eleitos-em-2024-tomam-posse\/#primaryimage\"},\"thumbnailUrl\":\"https:\/\/prefeitosegestoes.com.br\/portal\/wp-content\/uploads\/2025\/11\/Mat-1-Destaque-Legenda-Evandro-Leitao-Prefeito-de-Fortaleza-CE-Foto-cedida-pela-prefeitura-scaled.jpg\",\"datePublished\":\"2025-11-28T19:05:15+00:00\",\"dateModified\":\"2025-11-28T19:46:03+00:00\",\"description\":\"A an\u00e1lise parte do contexto nacional: prefeitos iniciam seus mandatos 2025\u20132028 diante de um pa\u00eds pressionado por desigualdades sociais, inseguran\u00e7a urbana, desafios fiscais, mudan\u00e7as clim\u00e1ticas, judicializa\u00e7\u00e3o crescente das pol\u00edticas p\u00fablicas e avan\u00e7os tecnol\u00f3gicos que imp\u00f5em moderniza\u00e7\u00e3o acelerada.\",\"breadcrumb\":{\"@id\":\"https:\/\/prefeitosegestoes.com.br\/portal\/prefeitos-e-prefeitas-eleitos-em-2024-tomam-posse\/#breadcrumb\"},\"inLanguage\":\"pt-BR\",\"potentialAction\":[{\"@type\":\"ReadAction\",\"target\":[\"https:\/\/prefeitosegestoes.com.br\/portal\/prefeitos-e-prefeitas-eleitos-em-2024-tomam-posse\/\"]}]},{\"@type\":\"ImageObject\",\"inLanguage\":\"pt-BR\",\"@id\":\"https:\/\/prefeitosegestoes.com.br\/portal\/prefeitos-e-prefeitas-eleitos-em-2024-tomam-posse\/#primaryimage\",\"url\":\"https:\/\/prefeitosegestoes.com.br\/portal\/wp-content\/uploads\/2025\/11\/Mat-1-Destaque-Legenda-Evandro-Leitao-Prefeito-de-Fortaleza-CE-Foto-cedida-pela-prefeitura-scaled.jpg\",\"contentUrl\":\"https:\/\/prefeitosegestoes.com.br\/portal\/wp-content\/uploads\/2025\/11\/Mat-1-Destaque-Legenda-Evandro-Leitao-Prefeito-de-Fortaleza-CE-Foto-cedida-pela-prefeitura-scaled.jpg\",\"width\":2560,\"height\":1706},{\"@type\":\"BreadcrumbList\",\"@id\":\"https:\/\/prefeitosegestoes.com.br\/portal\/prefeitos-e-prefeitas-eleitos-em-2024-tomam-posse\/#breadcrumb\",\"itemListElement\":[{\"@type\":\"ListItem\",\"position\":1,\"name\":\"In\u00edcio\",\"item\":\"https:\/\/prefeitosegestoes.com.br\/portal\/\"},{\"@type\":\"ListItem\",\"position\":2,\"name\":\"PREFEITOS E PREFEITAS ELEITOS EM 2024 TOMAM POSSE\"}]},{\"@type\":\"WebSite\",\"@id\":\"https:\/\/prefeitosegestoes.com.br\/portal\/#website\",\"url\":\"https:\/\/prefeitosegestoes.com.br\/portal\/\",\"name\":\"Prefeitos & Gest\u00f5es\",\"description\":\"\",\"publisher\":{\"@id\":\"https:\/\/prefeitosegestoes.com.br\/portal\/#organization\"},\"potentialAction\":[{\"@type\":\"SearchAction\",\"target\":{\"@type\":\"EntryPoint\",\"urlTemplate\":\"https:\/\/prefeitosegestoes.com.br\/portal\/?s={search_term_string}\"},\"query-input\":{\"@type\":\"PropertyValueSpecification\",\"valueRequired\":true,\"valueName\":\"search_term_string\"}}],\"inLanguage\":\"pt-BR\"},{\"@type\":\"Organization\",\"@id\":\"https:\/\/prefeitosegestoes.com.br\/portal\/#organization\",\"name\":\"Prefeitos & Gest\u00f5es\",\"url\":\"https:\/\/prefeitosegestoes.com.br\/portal\/\",\"logo\":{\"@type\":\"ImageObject\",\"inLanguage\":\"pt-BR\",\"@id\":\"https:\/\/prefeitosegestoes.com.br\/portal\/#\/schema\/logo\/image\/\",\"url\":\"https:\/\/prefeitosegestoes.com.br\/portal\/wp-content\/uploads\/2024\/10\/lg_trans_prefeitos_2024_preto2.png\",\"contentUrl\":\"https:\/\/prefeitosegestoes.com.br\/portal\/wp-content\/uploads\/2024\/10\/lg_trans_prefeitos_2024_preto2.png\",\"width\":199,\"height\":122,\"caption\":\"Prefeitos & Gest\u00f5es\"},\"image\":{\"@id\":\"https:\/\/prefeitosegestoes.com.br\/portal\/#\/schema\/logo\/image\/\"},\"sameAs\":[\"https:\/\/www.facebook.com\/prefeitosonline\",\"https:\/\/x.com\/PrefGestoes\"]},{\"@type\":\"Person\",\"@id\":\"https:\/\/prefeitosegestoes.com.br\/portal\/#\/schema\/person\/d00059f2ec99963e7e1850d448ae94b8\",\"name\":\"Prefeitos &amp; Gest\u00f5es\",\"image\":{\"@type\":\"ImageObject\",\"inLanguage\":\"pt-BR\",\"@id\":\"https:\/\/secure.gravatar.com\/avatar\/738fb281e479212ed32c1a21a4307dda9f3af9292edb6918a16c9ce9fff5f48d?s=96&d=mm&r=g\",\"url\":\"https:\/\/secure.gravatar.com\/avatar\/738fb281e479212ed32c1a21a4307dda9f3af9292edb6918a16c9ce9fff5f48d?s=96&d=mm&r=g\",\"contentUrl\":\"https:\/\/secure.gravatar.com\/avatar\/738fb281e479212ed32c1a21a4307dda9f3af9292edb6918a16c9ce9fff5f48d?s=96&d=mm&r=g\",\"caption\":\"Prefeitos &amp; Gest\u00f5es\"},\"url\":\"https:\/\/prefeitosegestoes.com.br\/portal\/author\/prefeitosegestoes\/\"}]}<\/script>\n<!-- \/ Yoast SEO plugin. -->","yoast_head_json":{"title":"PREFEITOS E PREFEITAS ELEITOS EM 2024 TOMAM POSSE - Prefeitos &amp; Gest\u00f5es","description":"A an\u00e1lise parte do contexto nacional: prefeitos iniciam seus mandatos 2025\u20132028 diante de um pa\u00eds pressionado por desigualdades sociais, inseguran\u00e7a urbana, desafios fiscais, mudan\u00e7as clim\u00e1ticas, judicializa\u00e7\u00e3o crescente das pol\u00edticas p\u00fablicas e avan\u00e7os tecnol\u00f3gicos que imp\u00f5em moderniza\u00e7\u00e3o acelerada.","robots":{"index":"index","follow":"follow","max-snippet":"max-snippet:-1","max-image-preview":"max-image-preview:large","max-video-preview":"max-video-preview:-1"},"canonical":"https:\/\/prefeitosegestoes.com.br\/portal\/prefeitos-e-prefeitas-eleitos-em-2024-tomam-posse\/","og_locale":"pt_BR","og_type":"article","og_title":"PREFEITOS E PREFEITAS ELEITOS EM 2024 TOMAM POSSE - Prefeitos &amp; Gest\u00f5es","og_description":"A an\u00e1lise parte do contexto nacional: prefeitos iniciam seus mandatos 2025\u20132028 diante de um pa\u00eds pressionado por desigualdades sociais, inseguran\u00e7a urbana, desafios fiscais, mudan\u00e7as clim\u00e1ticas, judicializa\u00e7\u00e3o crescente das pol\u00edticas p\u00fablicas e avan\u00e7os tecnol\u00f3gicos que imp\u00f5em moderniza\u00e7\u00e3o acelerada.","og_url":"https:\/\/prefeitosegestoes.com.br\/portal\/prefeitos-e-prefeitas-eleitos-em-2024-tomam-posse\/","og_site_name":"Prefeitos &amp; Gest\u00f5es","article_publisher":"https:\/\/www.facebook.com\/prefeitosonline","article_published_time":"2025-11-28T19:05:15+00:00","article_modified_time":"2025-11-28T19:46:03+00:00","og_image":[{"width":2560,"height":1706,"url":"https:\/\/prefeitosegestoes.com.br\/portal\/wp-content\/uploads\/2025\/11\/Mat-1-Destaque-Legenda-Evandro-Leitao-Prefeito-de-Fortaleza-CE-Foto-cedida-pela-prefeitura-scaled.jpg","type":"image\/jpeg"}],"author":"Prefeitos &amp; Gest\u00f5es","twitter_card":"summary_large_image","twitter_creator":"@PrefGestoes","twitter_site":"@PrefGestoes","twitter_misc":{"Escrito por":"Prefeitos &amp; Gest\u00f5es","Est. tempo de leitura":"3 minutos"},"schema":{"@context":"https:\/\/schema.org","@graph":[{"@type":"Article","@id":"https:\/\/prefeitosegestoes.com.br\/portal\/prefeitos-e-prefeitas-eleitos-em-2024-tomam-posse\/#article","isPartOf":{"@id":"https:\/\/prefeitosegestoes.com.br\/portal\/prefeitos-e-prefeitas-eleitos-em-2024-tomam-posse\/"},"author":{"name":"Prefeitos &amp; Gest\u00f5es","@id":"https:\/\/prefeitosegestoes.com.br\/portal\/#\/schema\/person\/d00059f2ec99963e7e1850d448ae94b8"},"headline":"PREFEITOS E PREFEITAS ELEITOS EM 2024 TOMAM POSSE","datePublished":"2025-11-28T19:05:15+00:00","dateModified":"2025-11-28T19:46:03+00:00","mainEntityOfPage":{"@id":"https:\/\/prefeitosegestoes.com.br\/portal\/prefeitos-e-prefeitas-eleitos-em-2024-tomam-posse\/"},"wordCount":381,"commentCount":0,"publisher":{"@id":"https:\/\/prefeitosegestoes.com.br\/portal\/#organization"},"image":{"@id":"https:\/\/prefeitosegestoes.com.br\/portal\/prefeitos-e-prefeitas-eleitos-em-2024-tomam-posse\/#primaryimage"},"thumbnailUrl":"https:\/\/prefeitosegestoes.com.br\/portal\/wp-content\/uploads\/2025\/11\/Mat-1-Destaque-Legenda-Evandro-Leitao-Prefeito-de-Fortaleza-CE-Foto-cedida-pela-prefeitura-scaled.jpg","keywords":["1o de janeiro","Munic\u00edpios","Posse prefeitos","Prefeituras"],"articleSection":["Munic\u00edpios"],"inLanguage":"pt-BR","potentialAction":[{"@type":"CommentAction","name":"Comment","target":["https:\/\/prefeitosegestoes.com.br\/portal\/prefeitos-e-prefeitas-eleitos-em-2024-tomam-posse\/#respond"]}]},{"@type":"WebPage","@id":"https:\/\/prefeitosegestoes.com.br\/portal\/prefeitos-e-prefeitas-eleitos-em-2024-tomam-posse\/","url":"https:\/\/prefeitosegestoes.com.br\/portal\/prefeitos-e-prefeitas-eleitos-em-2024-tomam-posse\/","name":"PREFEITOS E PREFEITAS ELEITOS EM 2024 TOMAM POSSE - Prefeitos &amp; Gest\u00f5es","isPartOf":{"@id":"https:\/\/prefeitosegestoes.com.br\/portal\/#website"},"primaryImageOfPage":{"@id":"https:\/\/prefeitosegestoes.com.br\/portal\/prefeitos-e-prefeitas-eleitos-em-2024-tomam-posse\/#primaryimage"},"image":{"@id":"https:\/\/prefeitosegestoes.com.br\/portal\/prefeitos-e-prefeitas-eleitos-em-2024-tomam-posse\/#primaryimage"},"thumbnailUrl":"https:\/\/prefeitosegestoes.com.br\/portal\/wp-content\/uploads\/2025\/11\/Mat-1-Destaque-Legenda-Evandro-Leitao-Prefeito-de-Fortaleza-CE-Foto-cedida-pela-prefeitura-scaled.jpg","datePublished":"2025-11-28T19:05:15+00:00","dateModified":"2025-11-28T19:46:03+00:00","description":"A an\u00e1lise parte do contexto nacional: prefeitos iniciam seus mandatos 2025\u20132028 diante de um pa\u00eds pressionado por desigualdades sociais, inseguran\u00e7a urbana, desafios fiscais, mudan\u00e7as clim\u00e1ticas, judicializa\u00e7\u00e3o crescente das pol\u00edticas p\u00fablicas e avan\u00e7os tecnol\u00f3gicos que imp\u00f5em moderniza\u00e7\u00e3o acelerada.","breadcrumb":{"@id":"https:\/\/prefeitosegestoes.com.br\/portal\/prefeitos-e-prefeitas-eleitos-em-2024-tomam-posse\/#breadcrumb"},"inLanguage":"pt-BR","potentialAction":[{"@type":"ReadAction","target":["https:\/\/prefeitosegestoes.com.br\/portal\/prefeitos-e-prefeitas-eleitos-em-2024-tomam-posse\/"]}]},{"@type":"ImageObject","inLanguage":"pt-BR","@id":"https:\/\/prefeitosegestoes.com.br\/portal\/prefeitos-e-prefeitas-eleitos-em-2024-tomam-posse\/#primaryimage","url":"https:\/\/prefeitosegestoes.com.br\/portal\/wp-content\/uploads\/2025\/11\/Mat-1-Destaque-Legenda-Evandro-Leitao-Prefeito-de-Fortaleza-CE-Foto-cedida-pela-prefeitura-scaled.jpg","contentUrl":"https:\/\/prefeitosegestoes.com.br\/portal\/wp-content\/uploads\/2025\/11\/Mat-1-Destaque-Legenda-Evandro-Leitao-Prefeito-de-Fortaleza-CE-Foto-cedida-pela-prefeitura-scaled.jpg","width":2560,"height":1706},{"@type":"BreadcrumbList","@id":"https:\/\/prefeitosegestoes.com.br\/portal\/prefeitos-e-prefeitas-eleitos-em-2024-tomam-posse\/#breadcrumb","itemListElement":[{"@type":"ListItem","position":1,"name":"In\u00edcio","item":"https:\/\/prefeitosegestoes.com.br\/portal\/"},{"@type":"ListItem","position":2,"name":"PREFEITOS E PREFEITAS ELEITOS EM 2024 TOMAM POSSE"}]},{"@type":"WebSite","@id":"https:\/\/prefeitosegestoes.com.br\/portal\/#website","url":"https:\/\/prefeitosegestoes.com.br\/portal\/","name":"Prefeitos & Gest\u00f5es","description":"","publisher":{"@id":"https:\/\/prefeitosegestoes.com.br\/portal\/#organization"},"potentialAction":[{"@type":"SearchAction","target":{"@type":"EntryPoint","urlTemplate":"https:\/\/prefeitosegestoes.com.br\/portal\/?s={search_term_string}"},"query-input":{"@type":"PropertyValueSpecification","valueRequired":true,"valueName":"search_term_string"}}],"inLanguage":"pt-BR"},{"@type":"Organization","@id":"https:\/\/prefeitosegestoes.com.br\/portal\/#organization","name":"Prefeitos & Gest\u00f5es","url":"https:\/\/prefeitosegestoes.com.br\/portal\/","logo":{"@type":"ImageObject","inLanguage":"pt-BR","@id":"https:\/\/prefeitosegestoes.com.br\/portal\/#\/schema\/logo\/image\/","url":"https:\/\/prefeitosegestoes.com.br\/portal\/wp-content\/uploads\/2024\/10\/lg_trans_prefeitos_2024_preto2.png","contentUrl":"https:\/\/prefeitosegestoes.com.br\/portal\/wp-content\/uploads\/2024\/10\/lg_trans_prefeitos_2024_preto2.png","width":199,"height":122,"caption":"Prefeitos & Gest\u00f5es"},"image":{"@id":"https:\/\/prefeitosegestoes.com.br\/portal\/#\/schema\/logo\/image\/"},"sameAs":["https:\/\/www.facebook.com\/prefeitosonline","https:\/\/x.com\/PrefGestoes"]},{"@type":"Person","@id":"https:\/\/prefeitosegestoes.com.br\/portal\/#\/schema\/person\/d00059f2ec99963e7e1850d448ae94b8","name":"Prefeitos &amp; Gest\u00f5es","image":{"@type":"ImageObject","inLanguage":"pt-BR","@id":"https:\/\/secure.gravatar.com\/avatar\/738fb281e479212ed32c1a21a4307dda9f3af9292edb6918a16c9ce9fff5f48d?s=96&d=mm&r=g","url":"https:\/\/secure.gravatar.com\/avatar\/738fb281e479212ed32c1a21a4307dda9f3af9292edb6918a16c9ce9fff5f48d?s=96&d=mm&r=g","contentUrl":"https:\/\/secure.gravatar.com\/avatar\/738fb281e479212ed32c1a21a4307dda9f3af9292edb6918a16c9ce9fff5f48d?s=96&d=mm&r=g","caption":"Prefeitos &amp; Gest\u00f5es"},"url":"https:\/\/prefeitosegestoes.com.br\/portal\/author\/prefeitosegestoes\/"}]}},"_links":{"self":[{"href":"https:\/\/prefeitosegestoes.com.br\/portal\/wp-json\/wp\/v2\/posts\/4034","targetHints":{"allow":["GET"]}}],"collection":[{"href":"https:\/\/prefeitosegestoes.com.br\/portal\/wp-json\/wp\/v2\/posts"}],"about":[{"href":"https:\/\/prefeitosegestoes.com.br\/portal\/wp-json\/wp\/v2\/types\/post"}],"author":[{"embeddable":true,"href":"https:\/\/prefeitosegestoes.com.br\/portal\/wp-json\/wp\/v2\/users\/2"}],"replies":[{"embeddable":true,"href":"https:\/\/prefeitosegestoes.com.br\/portal\/wp-json\/wp\/v2\/comments?post=4034"}],"version-history":[{"count":2,"href":"https:\/\/prefeitosegestoes.com.br\/portal\/wp-json\/wp\/v2\/posts\/4034\/revisions"}],"predecessor-version":[{"id":4060,"href":"https:\/\/prefeitosegestoes.com.br\/portal\/wp-json\/wp\/v2\/posts\/4034\/revisions\/4060"}],"wp:featuredmedia":[{"embeddable":true,"href":"https:\/\/prefeitosegestoes.com.br\/portal\/wp-json\/wp\/v2\/media\/4037"}],"wp:attachment":[{"href":"https:\/\/prefeitosegestoes.com.br\/portal\/wp-json\/wp\/v2\/media?parent=4034"}],"wp:term":[{"taxonomy":"category","embeddable":true,"href":"https:\/\/prefeitosegestoes.com.br\/portal\/wp-json\/wp\/v2\/categories?post=4034"},{"taxonomy":"post_tag","embeddable":true,"href":"https:\/\/prefeitosegestoes.com.br\/portal\/wp-json\/wp\/v2\/tags?post=4034"}],"curies":[{"name":"wp","href":"https:\/\/api.w.org\/{rel}","templated":true}]}}