{"id":4031,"date":"2025-11-27T19:55:34","date_gmt":"2025-11-27T22:55:34","guid":{"rendered":"https:\/\/prefeitosegestoes.com.br\/portal\/?p=4031"},"modified":"2025-11-27T19:57:41","modified_gmt":"2025-11-27T22:57:41","slug":"entenda-em-8-pontos-o-que-muda-com-derrubada-de-vetos-sobre-o-licenciamento-ambiental","status":"publish","type":"post","link":"https:\/\/prefeitosegestoes.com.br\/portal\/entenda-em-8-pontos-o-que-muda-com-derrubada-de-vetos-sobre-o-licenciamento-ambiental\/","title":{"rendered":"Entenda em 8 pontos o que muda com derrubada de vetos sobre o licenciamento ambiental"},"content":{"rendered":"<div class=\"mc-article-header\">\n<div class=\"row content-head mc-column non-featured \">\n<div class=\"medium-centered subtitle\">\n<h6>Foto: Fernando Fraz\u00e3o\/Ag\u00eancia Brasil<\/h6>\n<h2 class=\"content-head__subtitle\">Congresso derrubou nesta quinta 56 dos 63 vetos de Lula e retomou regras que fragilizam o processo de licenciamento ambiental. Decis\u00e3o vai contra apelos de entidades da sociedade civil e ambientalistas.<\/h2>\n<\/div>\n<\/div>\n<div class=\"content__signa-share mc-column\">\n<div class=\"content__signature\">\n<div class=\"content-publication-data\">\n<div class=\"content-publication-data__text\">\n<p class=\"content-publication-data__from\" title=\"Reda\u00e7\u00e3o g1\">Por\u00a0<a class=\"multi_signatures\" href=\"https:\/\/g1.globo.com\/autores\/redacao-g1\/\">Reda\u00e7\u00e3o g1<\/a><\/p>\n<p class=\"content-publication-data__updated\"><time datetime=\"2025-11-27T16:29:51.448-03:00\">27\/11\/2025 16h29\u00a0<\/time><span class=\"content-publication-data__updated-relative\">\u00a0<time datetime=\"2025-11-27T18:51:41.465-03:00\">Atualizado\u00a0<time datetime=\"2025-11-27T18:51:41.465-03:00\">h\u00e1 57 minutos<\/time><\/time><\/span><\/p>\n<\/div>\n<\/div>\n<\/div>\n<\/div>\n<div class=\"mc-summary mc-column\" data-block-type=\"summary\" data-block-id=\"1\">\n<details class=\"mc-summary-card bs-block--exclude-chunk-children\" open=\"open\">\n<div class=\"mc-summary-card__content\">\n<ul class=\"mc-summary-card__list\">\n<li class=\"mc-summary-card__item\">\n<div id=\"chunk-826n0\">\n<div class=\"mc-column content-text active-extra-styles \" data-block-type=\"unstyled\" data-block-weight=\"\">\n<p class=\" content-text__container \" data-track-category=\"Link no Texto\" data-track-links=\"\" data-mrf-recirculation=\"Mat\u00e9ria - Links no Texto\">O Congresso derrubou 56 dos 63 vetos do presidente Lula \u00e0 lei do licenciamento ambiental nesta quinta (27).<\/p>\n<\/div>\n<\/div>\n<\/li>\n<li class=\"mc-summary-card__item\">\n<div id=\"chunk-505bg\">\n<div class=\"mc-column content-text active-extra-styles \" data-block-type=\"unstyled\" data-block-weight=\"\">\n<p class=\" content-text__container \" data-track-category=\"Link no Texto\" data-track-links=\"\" data-mrf-recirculation=\"Mat\u00e9ria - Links no Texto\">A decis\u00e3o retoma dispositivos que flexibilizam regras e ampliam o uso da Licen\u00e7a por Ades\u00e3o e Compromisso (LAC).<\/p>\n<\/div>\n<\/div>\n<\/li>\n<li class=\"mc-summary-card__item\">\n<div id=\"chunk-fk1pe\">\n<div class=\"mc-column content-text active-extra-styles \" data-block-type=\"unstyled\" data-block-weight=\"\">\n<p class=\" content-text__container \" data-track-category=\"Link no Texto\" data-track-links=\"\" data-mrf-recirculation=\"Mat\u00e9ria - Links no Texto\">Entre os pontos reabilitados est\u00e3o mudan\u00e7as sobre atua\u00e7\u00e3o de estados e munic\u00edpios, CAR e prote\u00e7\u00e3o da Mata Atl\u00e2ntica.<\/p>\n<\/div>\n<\/div>\n<\/li>\n<li class=\"mc-summary-card__item\">\n<div id=\"chunk-8rajo\">\n<div class=\"mc-column content-text active-extra-styles \" data-block-type=\"unstyled\" data-block-weight=\"\">\n<p class=\" content-text__container \" data-track-category=\"Link no Texto\" data-track-links=\"\" data-mrf-recirculation=\"Mat\u00e9ria - Links no Texto\">Os vetos tamb\u00e9m envolviam direitos de povos ind\u00edgenas e quilombolas, condicionantes ambientais e regras para Unidades de Conserva\u00e7\u00e3o.<\/p>\n<\/div>\n<\/div>\n<\/li>\n<li class=\"mc-summary-card__item\">\n<div id=\"chunk-2sfs\">\n<div class=\"mc-column content-text active-extra-styles \" data-block-type=\"unstyled\" data-block-weight=\"\">\n<p class=\" content-text__container \" data-track-category=\"Link no Texto\" data-track-links=\"\" data-mrf-recirculation=\"Mat\u00e9ria - Links no Texto\">Entidades ambientais criticaram a decis\u00e3o e afirmam que ela representa retrocesso na prote\u00e7\u00e3o ambiental.<\/p>\n<\/div>\n<\/div>\n<\/li>\n<\/ul>\n<\/div>\n<\/details>\n<\/div>\n<\/div>\n<div class=\"mc-article-body\">\n<article>\n<div id=\"chunk-b3brn\">\n<div class=\"cxm-block-video content-media mc-column \" data-block-type=\"backstage-video\" data-block-id=\"2\">\n<div class=\"cxm-block-video__container cxm-block-video__container--fallback \">\n<div class=\"cxm-block-video__player-fixer\">\n<article class=\"cxm-block-video__player-wrapper\">\n<section class=\"cxm-block-video__player\">\n<div class=\"cxm-block-video__placeholder\" data-video-id=\"14134251\"><img decoding=\"async\" class=\"cxm-block-video__thumb\" title=\"C\u00e2mara derruba vetos de Lula ao licenciamento ambiental\" src=\"https:\/\/s04.video.glbimg.com\/x240\/14134251.jpg\" alt=\"C\u00e2mara derruba vetos de Lula ao licenciamento ambiental\" \/><\/div>\n<\/section>\n<\/article>\n<\/div>\n<div class=\"cxm-block-video__caption-container\">\n<p class=\"codex-caption codex-caption--small\">C\u00e2mara derruba vetos de Lula ao licenciamento ambiental<\/p>\n<\/div>\n<\/div>\n<\/div>\n<\/div>\n<div id=\"chunk-4hbc4\">\n<div class=\"mc-column content-text active-extra-styles \" data-block-type=\"unstyled\" data-block-weight=\"28\" data-block-id=\"3\">\n<p class=\" content-text__container \" data-track-category=\"Link no Texto\" data-track-links=\"\" data-mrf-recirculation=\"Mat\u00e9ria - Links no Texto\">O Congresso derrubou nesta quinta-feira (27) uma\u00a0<a class=\"\" href=\"https:\/\/g1.globo.com\/meio-ambiente\/noticia\/2025\/08\/08\/entenda-o-que-muda-com-vetos-projeto-que-enfraquece-regras-de-licenciamento-ambiental.ghtml\" data-mrf-link=\"https:\/\/g1.globo.com\/meio-ambiente\/noticia\/2025\/08\/08\/entenda-o-que-muda-com-vetos-projeto-que-enfraquece-regras-de-licenciamento-ambiental.ghtml\">s\u00e9rie de vetos do presidente Luiz In\u00e1cio Lula da Silva<\/a>\u00a0(PT) e retomou regras que fragilizam o processo de licenciamento ambiental.<\/p>\n<\/div>\n<\/div>\n<div class=\"wall protected-content\">\n<div id=\"chunk-57ifj\">\n<div class=\"mc-column content-text active-extra-styles \" data-block-type=\"unstyled\" data-block-weight=\"38\" data-block-id=\"5\">\n<p class=\" content-text__container \" data-track-category=\"Link no Texto\" data-track-links=\"\" data-mrf-recirculation=\"Mat\u00e9ria - Links no Texto\">A decis\u00e3o dos congressistas contraria apelos do Pal\u00e1cio do Planalto, de entidades da sociedade civil e de ambientalistas. A avalia\u00e7\u00e3o do grupo \u00e9 de que a medida representa um retrocesso na prote\u00e7\u00e3o do meio ambiente.\u00a0<em>(veja repercuss\u00e3o abaixo)<\/em><\/p>\n<\/div>\n<\/div>\n<div id=\"chunk-aljsm\">\n<div class=\"mc-column content-text active-extra-styles \" data-block-type=\"unstyled\" data-block-weight=\"34\" data-block-id=\"6\">\n<p class=\" content-text__container \" data-track-category=\"Link no Texto\" data-track-links=\"\" data-mrf-recirculation=\"Mat\u00e9ria - Links no Texto\">Foram derrubados 56 dos 63 vetos de Lula \u00e0 lei do licenciamento ambiental. Os pontos referentes \u00e0 Licen\u00e7a Ambiental Especial (LAE) ficaram de fora para a melhora na reda\u00e7\u00e3o antes de entrar em vota\u00e7\u00e3o.<\/p>\n<\/div>\n<\/div>\n<div id=\"chunk-7gl05\">\n<div class=\"mc-column content-text active-extra-styles \" data-block-type=\"unstyled\" data-block-weight=\"46\" data-block-id=\"8\">\n<p class=\" content-text__container \" data-track-category=\"Link no Texto\" data-track-links=\"\" data-mrf-recirculation=\"Mat\u00e9ria - Links no Texto\"><em>\ud83d\udcc4Entre os trechos que devem ser retomados, est\u00e1 autoriza\u00e7\u00e3o para que atividades e empreendimentos considerados de baixo e pequeno porte \u2014 ou com baixo e pequeno potencial poluidor \u2014 obtenham licen\u00e7as por um processo de ades\u00e3o e compromisso (LAC), mais simples do que o procedimento regular.<\/em><\/p>\n<\/div>\n<\/div>\n<div id=\"chunk-ev0oo\">\n<div class=\"mc-column content-text active-extra-styles \" data-block-type=\"unstyled\" data-block-weight=\"13\" data-block-id=\"9\">\n<p class=\" content-text__container \" data-track-category=\"Link no Texto\" data-track-links=\"\" data-mrf-recirculation=\"Mat\u00e9ria - Links no Texto\">Os principais vetos do governo, que foram derrubados, se concentravam nos seguintes pontos:<\/p>\n<\/div>\n<\/div>\n<div id=\"chunk-avu2j\">\n<div class=\"mc-column content-text active-extra-styles\" data-block-type=\"raw\" data-block-weight=\"44\" data-block-id=\"10\">\n<ol class=\"content-ordered-list theme-ordered-list-color-primary\" data-mrf-recirculation=\"Mat\u00e9ria - Links no Texto\">\n<li><a class=\"\" href=\"https:\/\/g1.globo.com\/meio-ambiente\/noticia\/2025\/11\/27\/vetos-licenciamento-ambiental-pontos.ghtml#1\" data-mrf-link=\"https:\/\/g1.globo.com\/meio-ambiente\/noticia\/2025\/11\/27\/vetos-licenciamento-ambiental-pontos.ghtml\">Licen\u00e7a por Ades\u00e3o e Compromisso (LAC)<\/a><\/li>\n<li><a class=\"\" href=\"https:\/\/g1.globo.com\/meio-ambiente\/noticia\/2025\/11\/27\/vetos-licenciamento-ambiental-pontos.ghtml#2\" data-mrf-link=\"https:\/\/g1.globo.com\/meio-ambiente\/noticia\/2025\/11\/27\/vetos-licenciamento-ambiental-pontos.ghtml\">Entes federativos (estados e munic\u00edpios)<\/a><\/li>\n<li><a class=\"\" href=\"https:\/\/g1.globo.com\/meio-ambiente\/noticia\/2025\/11\/27\/vetos-licenciamento-ambiental-pontos.ghtml#3\" data-mrf-link=\"https:\/\/g1.globo.com\/meio-ambiente\/noticia\/2025\/11\/27\/vetos-licenciamento-ambiental-pontos.ghtml\">Preserva\u00e7\u00e3o da Mata Atl\u00e2ntica<\/a><\/li>\n<li><a class=\"\" href=\"https:\/\/g1.globo.com\/meio-ambiente\/noticia\/2025\/11\/27\/vetos-licenciamento-ambiental-pontos.ghtml#4\" data-mrf-link=\"https:\/\/g1.globo.com\/meio-ambiente\/noticia\/2025\/11\/27\/vetos-licenciamento-ambiental-pontos.ghtml\">Direitos de povos ind\u00edgenas e comunidades quilombolas<\/a><\/li>\n<li><a class=\"\" href=\"https:\/\/g1.globo.com\/meio-ambiente\/noticia\/2025\/11\/27\/vetos-licenciamento-ambiental-pontos.ghtml#5\" data-mrf-link=\"https:\/\/g1.globo.com\/meio-ambiente\/noticia\/2025\/11\/27\/vetos-licenciamento-ambiental-pontos.ghtml\">Cadastro Ambiental Rural (CAR)<\/a><\/li>\n<li><a class=\"\" href=\"https:\/\/g1.globo.com\/meio-ambiente\/noticia\/2025\/11\/27\/vetos-licenciamento-ambiental-pontos.ghtml#6\" data-mrf-link=\"https:\/\/g1.globo.com\/meio-ambiente\/noticia\/2025\/11\/27\/vetos-licenciamento-ambiental-pontos.ghtml\">Condicionantes ambientais e medidas compensat\u00f3rias<\/a><\/li>\n<li><a class=\"\" href=\"https:\/\/g1.globo.com\/meio-ambiente\/noticia\/2025\/11\/27\/vetos-licenciamento-ambiental-pontos.ghtml#7\" data-mrf-link=\"https:\/\/g1.globo.com\/meio-ambiente\/noticia\/2025\/11\/27\/vetos-licenciamento-ambiental-pontos.ghtml\">Prote\u00e7\u00e3o \u00e0s Unidades de Conserva\u00e7\u00e3o<\/a><\/li>\n<li><a class=\"\" href=\"https:\/\/g1.globo.com\/meio-ambiente\/noticia\/2025\/11\/27\/vetos-licenciamento-ambiental-pontos.ghtml#8\" data-mrf-link=\"https:\/\/g1.globo.com\/meio-ambiente\/noticia\/2025\/11\/27\/vetos-licenciamento-ambiental-pontos.ghtml\">Responsabilidade de institui\u00e7\u00f5es financeiras na concess\u00e3o de cr\u00e9dito<\/a><\/li>\n<\/ol>\n<\/div>\n<\/div>\n<div id=\"chunk-5nmbq\">\n<div class=\"mc-column content-text active-extra-styles\" data-block-type=\"raw\" data-block-weight=\"8\" data-block-id=\"11\">\n<div class=\"content-intertitle\">\n<h2>1 &#8211; Licen\u00e7a por Ades\u00e3o e Compromisso (LAC)<\/h2>\n<\/div>\n<\/div>\n<\/div>\n<div id=\"chunk-j3j\">\n<div class=\"mc-column content-text active-extra-styles \" data-block-type=\"unstyled\" data-block-weight=\"28\" data-block-id=\"13\">\n<p class=\" content-text__container \" data-track-category=\"Link no Texto\" data-track-links=\"\" data-mrf-recirculation=\"Mat\u00e9ria - Links no Texto\">A proposta original torna mais simples o processo de licenciamento ambiental. Conhecida como &#8220;autolicenciamento&#8221;, a Licen\u00e7a por Ades\u00e3o e Compromisso (LAC) afetaria principalmente empreendimentos de m\u00e9dio impacto.<\/p>\n<\/div>\n<\/div>\n<div id=\"chunk-1qn8l\">\n<div class=\"mc-column content-text active-extra-styles \" data-block-type=\"unstyled\" data-block-weight=\"24\" data-block-id=\"14\">\n<p class=\" content-text__container \" data-track-category=\"Link no Texto\" data-track-links=\"\" data-mrf-recirculation=\"Mat\u00e9ria - Links no Texto\">Com a mudan\u00e7a, cerca de 90% dos licenciamentos estaduais \u2013 que representam a imensa maioria dos licenciamentos do pa\u00eds \u2013 poder\u00e3o ser feitos automaticamente.<\/p>\n<\/div>\n<\/div>\n<div id=\"chunk-nr91\">\n<div class=\"mc-column content-text active-extra-styles \" data-block-type=\"unstyled\" data-block-weight=\"28\" data-block-id=\"15\">\n<p class=\" content-text__container \" data-track-category=\"Link no Texto\" data-track-links=\"\" data-mrf-recirculation=\"Mat\u00e9ria - Links no Texto\">Governo havia vetado a amplia\u00e7\u00e3o do uso da LAC para atividades de m\u00e9dio potencial poluidor. Esse dispositivo permite ao empreendedor atestar seu pr\u00f3prio laudo para a licen\u00e7a.<\/p>\n<\/div>\n<\/div>\n<div id=\"chunk-2dsdq\">\n<div class=\"mc-column content-text active-extra-styles \" data-block-type=\"unstyled\" data-block-weight=\"22\" data-block-id=\"16\">\n<p class=\" content-text__container \" data-track-category=\"Link no Texto\" data-track-links=\"\" data-mrf-recirculation=\"Mat\u00e9ria - Links no Texto\">Isso, segundo o governo, evitaria &#8220;que empreendimentos de risco relevante, como barragens de rejeitos, realizem licenciamento simplificado sem an\u00e1lise t\u00e9cnica adequada&#8221;.<\/p>\n<\/div>\n<\/div>\n<div id=\"chunk-41kc6\">\n<div class=\"mc-column content-text active-extra-styles\" data-block-type=\"raw\" data-block-weight=\"7\" data-block-id=\"17\">\n<div class=\"content-intertitle\">\n<h2>2 &#8211; Entes federativos (estados e munic\u00edpios)<\/h2>\n<\/div>\n<\/div>\n<\/div>\n<div id=\"chunk-37dts\">\n<div class=\"mc-column content-text active-extra-styles \" data-block-type=\"unstyled\" data-block-weight=\"42\" data-block-id=\"19\">\n<p class=\" content-text__container \" data-track-category=\"Link no Texto\" data-track-links=\"\" data-mrf-recirculation=\"Mat\u00e9ria - Links no Texto\">Texto original previa dispositivos que transferiam de forma ampla a cada ente federado, sem padroniza\u00e7\u00e3o, a responsabilidade por estabelecer crit\u00e9rios e procedimentos de licenciamento &#8211; como porte, potencial poluidor, tipologias sujeitas a licenciamento, modalidades espec\u00edficas de licen\u00e7as e atividades pass\u00edveis de LAC.<\/p>\n<\/div>\n<\/div>\n<div id=\"chunk-3aaqh\">\n<div class=\"mc-column content-text active-extra-styles \" data-block-type=\"unstyled\" data-block-weight=\"66\" data-block-id=\"20\">\n<p class=\" content-text__container \" data-track-category=\"Link no Texto\" data-track-links=\"\" data-mrf-recirculation=\"Mat\u00e9ria - Links no Texto\">Havia sido vetado pelo governo porque &#8220;a medida evita uma descentraliza\u00e7\u00e3o que poderia estimular uma competi\u00e7\u00e3o antiambiental entre os entes federativos, em que a flexibiliza\u00e7\u00e3o de regras ambientais se tornaria moeda de troca para atra\u00e7\u00e3o de investimentos com potencial de causar danos. O alinhamento nacional assegura previsibilidade para empreendedores, reduz disputas judiciais e mant\u00e9m um padr\u00e3o m\u00ednimo de prote\u00e7\u00e3o ambiental, garantindo seguran\u00e7a jur\u00eddica aos empreendimentos.&#8221;<\/p>\n<\/div>\n<\/div>\n<div id=\"chunk-7f44v\">\n<div class=\"mc-column content-text active-extra-styles\" data-block-type=\"raw\" data-block-weight=\"6\" data-block-id=\"21\">\n<div class=\"content-intertitle\">\n<h2>3 &#8211; Preserva\u00e7\u00e3o da Mata Atl\u00e2ntica<\/h2>\n<\/div>\n<\/div>\n<\/div>\n<div id=\"chunk-f1nun\">\n<div class=\"mc-column content-text active-extra-styles \" data-block-type=\"unstyled\" data-block-weight=\"44\" data-block-id=\"23\">\n<p class=\" content-text__container \" data-track-category=\"Link no Texto\" data-track-links=\"\" data-mrf-recirculation=\"Mat\u00e9ria - Links no Texto\">O texto original exclu\u00eda a necessidade de aprova\u00e7\u00e3o por um \u00f3rg\u00e3o federal, no caso o Instituto Brasileiro do Meio Ambiente e dos Recursos Naturais Renov\u00e1veis (Ibama), do corte de vegeta\u00e7\u00e3o da Mata Atl\u00e2ntica, deixando a autoriza\u00e7\u00e3o somente nas m\u00e3os de estados e munic\u00edpios.<\/p>\n<\/div>\n<\/div>\n<div id=\"chunk-utiu\">\n<div class=\"mc-column content-text active-extra-styles \" data-block-type=\"unstyled\" data-block-weight=\"21\" data-block-id=\"24\">\n<p class=\" content-text__container \" data-track-category=\"Link no Texto\" data-track-links=\"\" data-mrf-recirculation=\"Mat\u00e9ria - Links no Texto\">O projeto anula dois trechos da Lei da Mata Atl\u00e2ntica, que restringem a derrubada de matas prim\u00e1rias e secund\u00e1rias do bioma.<\/p>\n<\/div>\n<\/div>\n<div id=\"chunk-2p798\">\n<div class=\"mc-column content-text active-extra-styles \" data-block-type=\"unstyled\" data-block-weight=\"27\" data-block-id=\"25\">\n<p class=\" content-text__container \" data-track-category=\"Link no Texto\" data-track-links=\"\" data-mrf-recirculation=\"Mat\u00e9ria - Links no Texto\">O governo havia vetado para impedir a retirada do regime de prote\u00e7\u00e3o especial previsto na Lei da Mata Atl\u00e2ntica em rela\u00e7\u00e3o \u00e0 supress\u00e3o de floresta nativa.<\/p>\n<\/div>\n<\/div>\n<div id=\"chunk-bhaaf\">\n<div class=\"mc-column content-text active-extra-styles \" data-block-type=\"unstyled\" data-block-weight=\"31\" data-block-id=\"26\">\n<p class=\" content-text__container \" data-track-category=\"Link no Texto\" data-track-links=\"\" data-mrf-recirculation=\"Mat\u00e9ria - Links no Texto\">Segundo o governo, &#8220;a Mata Atl\u00e2ntica \u00e9 um bioma reconhecido como patrim\u00f4nio nacional pela Constitui\u00e7\u00e3o Federal e j\u00e1 se encontra em situa\u00e7\u00e3o cr\u00edtica, com apenas 24% de sua vegeta\u00e7\u00e3o nativa remanescente&#8221;.<\/p>\n<\/div>\n<\/div>\n<div id=\"chunk-cb3m9\">\n<div class=\"mc-column content-text active-extra-styles\" data-block-type=\"raw\" data-block-weight=\"9\" data-block-id=\"27\">\n<div class=\"content-intertitle\">\n<h2>4 &#8211; Direitos de povos ind\u00edgenas e comunidades quilombolas<\/h2>\n<\/div>\n<\/div>\n<\/div>\n<div id=\"chunk-rgg1\">\n<div class=\"mc-column content-text active-extra-styles \" data-block-type=\"unstyled\" data-block-weight=\"36\" data-block-id=\"29\">\n<p class=\" content-text__container \" data-track-category=\"Link no Texto\" data-track-links=\"\" data-mrf-recirculation=\"Mat\u00e9ria - Links no Texto\">A proposta original determinava que terras ind\u00edgenas e territ\u00f3rios quilombolas n\u00e3o homologados deixam de ser consideradas \u00e1reas protegidas. Segundo o ISA, isso afeta cerca de 18 milh\u00f5es de hectares \u2014 o equivalente ao territ\u00f3rio do Paran\u00e1.<\/p>\n<\/div>\n<\/div>\n<div id=\"chunk-a0pet\">\n<div class=\"mc-column content-text active-extra-styles \" data-block-type=\"unstyled\" data-block-weight=\"20\" data-block-id=\"30\">\n<p class=\" content-text__container \" data-track-category=\"Link no Texto\" data-track-links=\"\" data-mrf-recirculation=\"Mat\u00e9ria - Links no Texto\">Governo havia vetado os dispositivos que restringiam a consulta aos \u00f3rg\u00e3os respons\u00e1veis pela prote\u00e7\u00e3o de povos ind\u00edgenas e comunidades quilombolas.<\/p>\n<\/div>\n<\/div>\n<div id=\"chunk-3hjol\">\n<div class=\"mc-column content-text active-extra-styles \" data-block-type=\"unstyled\" data-block-weight=\"70\" data-block-id=\"31\">\n<p class=\" content-text__container \" data-track-category=\"Link no Texto\" data-track-links=\"\" data-mrf-recirculation=\"Mat\u00e9ria - Links no Texto\">Segundo o governo, &#8220;a limita\u00e7\u00e3o proposta no texto do PL aprovado deixaria de fora uma s\u00e9rie de povos e territ\u00f3rios em fase de reconhecimento pela Funai e pela Funda\u00e7\u00e3o Palmares, contrariando a Constitui\u00e7\u00e3o Federal. O novo PL assegura a participa\u00e7\u00e3o de ambos, prevenindo conflitos e fortalecendo a participa\u00e7\u00e3o social nas decis\u00f5es que impactam diretamente modos de vida e territ\u00f3rios tradicionais. Assim, mant\u00e9m o que est\u00e1 previsto no regramento federal espec\u00edfico&#8221;.<\/p>\n<\/div>\n<\/div>\n<div id=\"chunk-fdo5k\">\n<div class=\"mc-column content-text active-extra-styles\" data-block-type=\"raw\" data-block-weight=\"6\" data-block-id=\"32\">\n<div class=\"content-intertitle\">\n<h2>5 &#8211; Cadastro Ambiental Rural (CAR)<\/h2>\n<\/div>\n<\/div>\n<\/div>\n<div id=\"chunk-878pu\">\n<div class=\"mc-column content-text active-extra-styles \" data-block-type=\"unstyled\" data-block-weight=\"20\" data-block-id=\"34\">\n<p class=\" content-text__container \" data-track-category=\"Link no Texto\" data-track-links=\"\" data-mrf-recirculation=\"Mat\u00e9ria - Links no Texto\">A proposta original dispensava o licenciamento ambiental para produtores rurais com CAR ainda pendente de an\u00e1lise pelos \u00f3rg\u00e3os ambientais estaduais.<\/p>\n<\/div>\n<\/div>\n<div id=\"chunk-2f2s4\">\n<div class=\"mc-column content-text active-extra-styles \" data-block-type=\"unstyled\" data-block-weight=\"31\" data-block-id=\"35\">\n<p class=\" content-text__container \" data-track-category=\"Link no Texto\" data-track-links=\"\" data-mrf-recirculation=\"Mat\u00e9ria - Links no Texto\">O governo havia vetado o ponto sob justificativa que &#8220;a medida protege o meio ambiente, uma vez que somente ser\u00e3o dispensados do licenciamento os propriet\u00e1rios rurais que tiveram o CAR analisado&#8221;.<\/p>\n<\/div>\n<\/div>\n<div id=\"chunk-4vr09\">\n<div class=\"mc-column content-text active-extra-styles\" data-block-type=\"raw\" data-block-weight=\"7\" data-block-id=\"36\">\n<div class=\"content-intertitle\">\n<h2>6 &#8211; Condicionantes ambientais e medidas compensat\u00f3rias<\/h2>\n<\/div>\n<\/div>\n<\/div>\n<div id=\"chunk-176hu\">\n<div class=\"mc-column content-text active-extra-styles \" data-block-type=\"unstyled\" data-block-weight=\"31\" data-block-id=\"37\">\n<p class=\" content-text__container \" data-track-category=\"Link no Texto\" data-track-links=\"\" data-mrf-recirculation=\"Mat\u00e9ria - Links no Texto\">A proposta original limitava a aplica\u00e7\u00e3o de condicionantes ambientais e medidas compensat\u00f3rias apenas aos impactos diretos, excluindo os impactos indiretos ou os efeitos sobre servi\u00e7os p\u00fablicos agravados pela implanta\u00e7\u00e3o do empreendimento.<\/p>\n<\/div>\n<\/div>\n<div id=\"chunk-9318v\">\n<div class=\"mc-column content-text active-extra-styles \" data-block-type=\"unstyled\" data-block-weight=\"79\" data-block-id=\"38\">\n<p class=\" content-text__container \" data-track-category=\"Link no Texto\" data-track-links=\"\" data-mrf-recirculation=\"Mat\u00e9ria - Links no Texto\">Segundo o governo, havia sido vetado porque &#8220;a medida assegura que, sempre que houver nexo de causalidade entre o empreendimento e os impactos ambientais &#8211; diretos ou indiretos &#8211; possam ser exigidas medidas adequadas de mitiga\u00e7\u00e3o, compensa\u00e7\u00e3o ou controle, preservando a efetividade do licenciamento ambiental. No PL do Executivo a ser enviado, fica garantida a ado\u00e7\u00e3o de medidas para refor\u00e7ar temporariamente servi\u00e7os p\u00fablicos que venham a ser pressionados ou sobrecarregados de forma excepcional em raz\u00e3o da implementa\u00e7\u00e3o do empreendimento.&#8221;<\/p>\n<\/div>\n<\/div>\n<div id=\"chunk-8c9l6\">\n<div class=\"mc-column content-text active-extra-styles\" data-block-type=\"raw\" data-block-weight=\"7\" data-block-id=\"40\">\n<div class=\"content-intertitle\">\n<h2>7 &#8211; Prote\u00e7\u00e3o \u00e0s Unidades de Conserva\u00e7\u00e3o<\/h2>\n<\/div>\n<\/div>\n<\/div>\n<div id=\"chunk-7l9l3\">\n<div class=\"mc-column content-text active-extra-styles \" data-block-type=\"unstyled\" data-block-weight=\"37\" data-block-id=\"41\">\n<p class=\" content-text__container \" data-track-category=\"Link no Texto\" data-track-links=\"\" data-mrf-recirculation=\"Mat\u00e9ria - Links no Texto\">Projeto original previa que o processo de licenciamento ambiental deve exigir a manifesta\u00e7\u00e3o das autoridades envolvidas quando a \u00c1rea Diretamente Afetada (ADA) ou a zona de amortecimento da atividade ou do empreendimento abrigar unidades de conserva\u00e7\u00e3o (UCs).<\/p>\n<\/div>\n<\/div>\n<div id=\"chunk-es419\">\n<div class=\"mc-column content-text active-extra-styles \" data-block-type=\"unstyled\" data-block-weight=\"32\" data-block-id=\"42\">\n<p class=\" content-text__container \" data-track-category=\"Link no Texto\" data-track-links=\"\" data-mrf-recirculation=\"Mat\u00e9ria - Links no Texto\">Governo vetou o artigo que retirava o car\u00e1ter vinculante de manifesta\u00e7\u00e3o de \u00f3rg\u00e3os gestores de Unidades de Conserva\u00e7\u00e3o no licenciamento de empreendimentos que afetem diretamente a unidade ou sua zona de amortecimento.<\/p>\n<\/div>\n<\/div>\n<div id=\"chunk-7uorf\">\n<div class=\"mc-column content-text active-extra-styles \" data-block-type=\"unstyled\" data-block-weight=\"42\" data-block-id=\"43\">\n<p class=\" content-text__container \" data-track-category=\"Link no Texto\" data-track-links=\"\" data-mrf-recirculation=\"Mat\u00e9ria - Links no Texto\">Segundo o governo, &#8220;a medida refor\u00e7a a import\u00e2ncia da avalia\u00e7\u00e3o t\u00e9cnica especializada na prote\u00e7\u00e3o de \u00e1reas ambientalmente sens\u00edveis, assegurando que os impactos sobre Unidades de Conserva\u00e7\u00e3o sejam devidamente analisados e considerados nas decis\u00f5es de licenciamento pelos \u00f3rg\u00e3os gestores respons\u00e1veis por essas \u00e1reas&#8221;.<\/p>\n<\/div>\n<\/div>\n<div id=\"chunk-82oru\">\n<div class=\"mc-column content-text active-extra-styles\" data-block-type=\"raw\" data-block-weight=\"10\" data-block-id=\"45\">\n<div class=\"content-intertitle\">\n<h2>8 &#8211; Responsabilidade de institui\u00e7\u00f5es financeiras na concess\u00e3o de cr\u00e9dito<\/h2>\n<\/div>\n<\/div>\n<\/div>\n<div id=\"chunk-j51s\">\n<div class=\"mc-column content-text active-extra-styles \" data-block-type=\"unstyled\" data-block-weight=\"18\" data-block-id=\"46\">\n<p class=\" content-text__container \" data-track-category=\"Link no Texto\" data-track-links=\"\" data-mrf-recirculation=\"Mat\u00e9ria - Links no Texto\">Projeto original enfraquecia a responsabilidade de institui\u00e7\u00f5es financeiras em casos de danos ambientais de projetos por elas financiados.<\/p>\n<\/div>\n<\/div>\n<div id=\"chunk-fiaan\">\n<div class=\"mc-column content-text active-extra-styles \" data-block-type=\"unstyled\" data-block-weight=\"55\" data-block-id=\"47\">\n<p class=\" content-text__container \" data-track-category=\"Link no Texto\" data-track-links=\"\" data-mrf-recirculation=\"Mat\u00e9ria - Links no Texto\">Segundo o governo, havia sido vetado j\u00e1 que &#8220;a medida refor\u00e7a a import\u00e2ncia de que o cr\u00e9dito seja condicionado ao cumprimento da legisla\u00e7\u00e3o ambiental, estimulando a preven\u00e7\u00e3o de danos e alinhando o financiamento ao desenvolvimento sustent\u00e1vel. O PL do Executivo estabelece que o financiador deve exigir do empreendedor o licenciamento ambiental antes de conceder cr\u00e9dito&#8221;.<\/p>\n<\/div>\n<\/div>\n<div id=\"chunk-am05t\">\n<div class=\"mc-column content-text active-extra-styles\" data-block-type=\"raw\" data-block-weight=\"5\" data-block-id=\"48\">\n<div class=\"content-intertitle\">\n<h2>Entidades criticam derrubada dos vetos<\/h2>\n<\/div>\n<\/div>\n<\/div>\n<div id=\"chunk-ak23g\">\n<div class=\"mc-column content-text active-extra-styles \" data-block-type=\"unstyled\" data-block-weight=\"17\" data-block-id=\"49\">\n<p class=\" content-text__container \" data-track-category=\"Link no Texto\" data-track-links=\"\" data-mrf-recirculation=\"Mat\u00e9ria - Links no Texto\">A derrubada dos vetos pelo Congresso gerou repercuss\u00e3o negativa entre diversas entidades de defesa do meio ambiente.<\/p>\n<\/div>\n<\/div>\n<div id=\"chunk-9dol7\">\n<div class=\"mc-column content-text active-extra-styles \" data-block-type=\"unstyled\" data-block-weight=\"41\" data-block-id=\"51\">\n<p class=\" content-text__container \" data-track-category=\"Link no Texto\" data-track-links=\"\" data-mrf-recirculation=\"Mat\u00e9ria - Links no Texto\">Para o Observat\u00f3rio do Clima, a medida do Congresso \u00e9 um &#8220;retrocesso criminoso na legisla\u00e7\u00e3o ambiental, com simplifica\u00e7\u00e3o excessiva e prioridade para o autolicenciamento, os dispositivos que retornaram com a derrubada dos vetos colidem com os direitos dos ind\u00edgenas e quilombolas&#8221;.<\/p>\n<\/div>\n<\/div>\n<div id=\"chunk-9shs4\">\n<div class=\"mc-column content-text active-extra-styles \" data-block-type=\"unstyled\" data-block-weight=\"35\" data-block-id=\"52\">\n<p class=\" content-text__container \" data-track-category=\"Link no Texto\" data-track-links=\"\" data-mrf-recirculation=\"Mat\u00e9ria - Links no Texto\">O Greenpeace considerou &#8220;escandaloso&#8221; que o Congresso tenha aprovado o PL do Licenciamento Ambiental apenas uma semana ap\u00f3s o Brasil ter sediado a COP30, evento que justamente discute medidas para a prote\u00e7\u00e3o do meio ambiente.<\/p>\n<\/div>\n<\/div>\n<div id=\"chunk-7fgij\">\n<div class=\"mc-column content-text active-extra-styles\" data-block-type=\"raw\" data-block-weight=\"42\" data-block-id=\"53\">\n<blockquote class=\"content-blockquote theme-border-color-primary-before\"><p>&#8220;Em termos pr\u00e1ticos, a nova Lei do Licenciamento Ambiental favorecer\u00e1 a expuls\u00e3o e deslocamentos for\u00e7ados de povos ind\u00edgenas e comunidades tradicionais, assim como facilitar\u00e1 a emiss\u00e3o de licen\u00e7as de blocos de petr\u00f3leo&#8221;, afirmou Gabriela Nepomuceno, especialista em pol\u00edticas p\u00fablicas do Greenpeace Brasil.<\/p><\/blockquote>\n<\/div>\n<\/div>\n<div id=\"chunk-2nbbk\">\n<div class=\"mc-column content-text active-extra-styles \" data-block-type=\"unstyled\" data-block-weight=\"24\" data-block-id=\"54\">\n<p class=\" content-text__container \" data-track-category=\"Link no Texto\" data-track-links=\"\" data-mrf-recirculation=\"Mat\u00e9ria - Links no Texto\">J\u00e1 a SOS Mata Atl\u00e2ntica afirma que a derrubada dos votos mostra o &#8220;qu\u00e3o distante das necessidades da popula\u00e7\u00e3o est\u00e1 grande parte dos parlamentares&#8221;.<\/p>\n<\/div>\n<\/div>\n<div id=\"chunk-5ifvs\">\n<div class=\"mc-column content-text active-extra-styles\" data-block-type=\"raw\" data-block-weight=\"47\" data-block-id=\"55\">\n<blockquote class=\"content-blockquote theme-border-color-primary-before\"><p>&#8220;O resultado dessa \u2018boiada\u2019 agrava os efeitos de eventos clim\u00e1ticos extremos e de novas trag\u00e9dias, al\u00e9m de nos afastar do cumprimento do Acordo de Paris, dos compromissos com a biodiversidade e de um futuro mais seguro&#8221;, critica Malu Ribeiro, diretora de pol\u00edticas p\u00fablicas da SOS Mata Atl\u00e2ntica.<\/p><\/blockquote>\n<\/div>\n<\/div>\n<div id=\"chunk-4kau2\">\n<div class=\"row medium-uncollapsed content-media content-photo\" data-block-type=\"backstage-photo\" data-block-id=\"56\">\n<div class=\" mc-column content-media__container\">\n<div class=\"content-media-container glb-skeleton-box\">\n<figure class=\"content-media-figure\"><img decoding=\"async\" class=\"i-amphtml-fill-content i-amphtml-replaced-content\" src=\"https:\/\/s2-g1.glbimg.com\/zu4e-3-8p7Iu8pzKTUjTrf6V3yc=\/0x0:3840x2160\/984x0\/smart\/filters:strip_icc()\/i.s3.glbimg.com\/v1\/AUTH_59edd422c0c84a879bd37670ae4f538a\/internal_photos\/bs\/2025\/x\/8\/BRBMKlT4SQtZ2L4Z0QGQ\/globo-canal-4-20250717-2000-frame-60860.jpeg\" sizes=\"(max-width: 1536px) 648px, 100vw\" srcset=\"https:\/\/s2-g1.glbimg.com\/3qrTexslfRK4kOh_VVkpxNlTFMk=\/0x0:3840x2160\/1000x0\/smart\/filters:strip_icc()\/i.s3.glbimg.com\/v1\/AUTH_59edd422c0c84a879bd37670ae4f538a\/internal_photos\/bs\/2025\/x\/8\/BRBMKlT4SQtZ2L4Z0QGQ\/globo-canal-4-20250717-2000-frame-60860.jpeg 1000w, https:\/\/s2-g1.glbimg.com\/zu4e-3-8p7Iu8pzKTUjTrf6V3yc=\/0x0:3840x2160\/984x0\/smart\/filters:strip_icc()\/i.s3.glbimg.com\/v1\/AUTH_59edd422c0c84a879bd37670ae4f538a\/internal_photos\/bs\/2025\/x\/8\/BRBMKlT4SQtZ2L4Z0QGQ\/globo-canal-4-20250717-2000-frame-60860.jpeg 984w, https:\/\/s2-g1.glbimg.com\/iCGJUa9OH3PAqwozA_0SPcB6ZT8=\/0x0:3840x2160\/640x0\/smart\/filters:strip_icc()\/i.s3.glbimg.com\/v1\/AUTH_59edd422c0c84a879bd37670ae4f538a\/internal_photos\/bs\/2025\/x\/8\/BRBMKlT4SQtZ2L4Z0QGQ\/globo-canal-4-20250717-2000-frame-60860.jpeg 640w, https:\/\/s2-g1.glbimg.com\/lvaXneICLAFaPkKcBcJYMaWij1I=\/0x0:3840x2160\/600x0\/smart\/filters:strip_icc()\/i.s3.glbimg.com\/v1\/AUTH_59edd422c0c84a879bd37670ae4f538a\/internal_photos\/bs\/2025\/x\/8\/BRBMKlT4SQtZ2L4Z0QGQ\/globo-canal-4-20250717-2000-frame-60860.jpeg 600w\" alt=\"Aprovado na C\u00e2mara dos Deputados, afrouxamento do licenciamento ambiental segue para san\u00e7\u00e3o de Lula \u2014 Foto: Jornal Nacional\/ Reprodu\u00e7\u00e3o\" \/><\/figure>\n<\/div>\n<p class=\"content-media__description \">Aprovado na C\u00e2mara dos Deputados, afrouxamento do licenciamento ambiental segue para san\u00e7\u00e3o de Lula \u2014 Foto: Jornal Nacional\/ Reprodu\u00e7\u00e3o<\/p>\n<\/div>\n<\/div>\n<\/div>\n<div id=\"chunk-dmt3o\">\n<div class=\"content-ads content-ads--reveal\" data-block-type=\"ads\" data-block-id=\"57\">\n<div id=\"banner_materia__6fad0180-28c3-41db-b833-bf26d81a9130\" class=\"tag-manager-publicidade-container tag-manager-publicidade-banner_materia__6fad0180-28c3-41db-b833-bf26d81a9130 tag-manager-publicidade-container--carregado tag-manager-publicidade-container--visivel\" data-google-query-id=\"CInMp7u1k5EDFcZV3QIdsMgWKg\">\n<div id=\"google_ads_iframe_\/95377733\/tvg_G1\/Meio_Ambiente_13__container__\">Fonte: G1<\/div>\n<\/div>\n<\/div>\n<\/div>\n<\/div>\n<\/article>\n<\/div>\n","protected":false},"excerpt":{"rendered":"<p>Foto: Fernando Fraz\u00e3o\/Ag\u00eancia Brasil Congresso derrubou nesta quinta 56 dos 63 vetos de Lula e retomou regras que fragilizam o processo de licenciamento ambiental. Decis\u00e3o vai contra apelos de entidades da sociedade civil e ambientalistas. Por\u00a0Reda\u00e7\u00e3o g1 27\/11\/2025 16h29\u00a0\u00a0Atualizado\u00a0h\u00e1 57 minutos O Congresso derrubou 56 dos 63 vetos do presidente Lula \u00e0 lei do licenciamento [&hellip;]<\/p>\n","protected":false},"author":2,"featured_media":4033,"comment_status":"open","ping_status":"open","sticky":false,"template":"","format":"standard","meta":{"rop_custom_images_group":[],"rop_custom_messages_group":[],"rop_publish_now":"initial","rop_publish_now_accounts":{"twitter_850042665852968960_850042665852968960":""},"rop_publish_now_history":[],"rop_publish_now_status":"pending","footnotes":""},"categories":[15],"tags":[94,823,113],"class_list":["post-4031","post","type-post","status-publish","format-standard","has-post-thumbnail","hentry","category-destaques","tag-desmatamento","tag-licenciamento-ambiental","tag-meio-ambiente"],"yoast_head":"<!-- This site is optimized with the Yoast SEO plugin v27.2 - https:\/\/yoast.com\/product\/yoast-seo-wordpress\/ -->\n<title>Entenda em 8 pontos o que muda com derrubada de vetos sobre o licenciamento ambiental - Prefeitos &amp; Gest\u00f5es<\/title>\n<meta name=\"description\" content=\"Congresso derrubou nesta quinta 56 dos 63 vetos de Lula e retomou regras que fragilizam o processo de licenciamento ambiental. Decis\u00e3o vai contra apelos de entidades da sociedade civil e ambientalistas.\" \/>\n<meta name=\"robots\" content=\"index, follow, max-snippet:-1, max-image-preview:large, max-video-preview:-1\" \/>\n<link rel=\"canonical\" href=\"https:\/\/prefeitosegestoes.com.br\/portal\/entenda-em-8-pontos-o-que-muda-com-derrubada-de-vetos-sobre-o-licenciamento-ambiental\/\" \/>\n<meta property=\"og:locale\" content=\"pt_BR\" \/>\n<meta property=\"og:type\" content=\"article\" \/>\n<meta property=\"og:title\" content=\"Entenda em 8 pontos o que muda com derrubada de vetos sobre o licenciamento ambiental - Prefeitos &amp; Gest\u00f5es\" \/>\n<meta property=\"og:description\" content=\"Congresso derrubou nesta quinta 56 dos 63 vetos de Lula e retomou regras que fragilizam o processo de licenciamento ambiental. Decis\u00e3o vai contra apelos de entidades da sociedade civil e ambientalistas.\" \/>\n<meta property=\"og:url\" content=\"https:\/\/prefeitosegestoes.com.br\/portal\/entenda-em-8-pontos-o-que-muda-com-derrubada-de-vetos-sobre-o-licenciamento-ambiental\/\" \/>\n<meta property=\"og:site_name\" content=\"Prefeitos &amp; Gest\u00f5es\" \/>\n<meta property=\"article:publisher\" content=\"https:\/\/www.facebook.com\/prefeitosonline\" \/>\n<meta property=\"article:published_time\" content=\"2025-11-27T22:55:34+00:00\" \/>\n<meta property=\"article:modified_time\" content=\"2025-11-27T22:57:41+00:00\" \/>\n<meta property=\"og:image\" content=\"https:\/\/prefeitosegestoes.com.br\/portal\/wp-content\/uploads\/2025\/11\/dji_0211_0.webp\" \/>\n\t<meta property=\"og:image:width\" content=\"1024\" \/>\n\t<meta property=\"og:image:height\" content=\"768\" \/>\n\t<meta property=\"og:image:type\" content=\"image\/webp\" \/>\n<meta name=\"author\" content=\"Prefeitos &amp; Gest\u00f5es\" \/>\n<meta name=\"twitter:card\" content=\"summary_large_image\" \/>\n<meta name=\"twitter:creator\" content=\"@PrefGestoes\" \/>\n<meta name=\"twitter:site\" content=\"@PrefGestoes\" \/>\n<meta name=\"twitter:label1\" content=\"Escrito por\" \/>\n\t<meta name=\"twitter:data1\" content=\"Prefeitos &amp; Gest\u00f5es\" \/>\n\t<meta name=\"twitter:label2\" content=\"Est. tempo de leitura\" \/>\n\t<meta name=\"twitter:data2\" content=\"8 minutos\" \/>\n<script type=\"application\/ld+json\" class=\"yoast-schema-graph\">{\"@context\":\"https:\/\/schema.org\",\"@graph\":[{\"@type\":\"Article\",\"@id\":\"https:\/\/prefeitosegestoes.com.br\/portal\/entenda-em-8-pontos-o-que-muda-com-derrubada-de-vetos-sobre-o-licenciamento-ambiental\/#article\",\"isPartOf\":{\"@id\":\"https:\/\/prefeitosegestoes.com.br\/portal\/entenda-em-8-pontos-o-que-muda-com-derrubada-de-vetos-sobre-o-licenciamento-ambiental\/\"},\"author\":{\"name\":\"Prefeitos &amp; Gest\u00f5es\",\"@id\":\"https:\/\/prefeitosegestoes.com.br\/portal\/#\/schema\/person\/d00059f2ec99963e7e1850d448ae94b8\"},\"headline\":\"Entenda em 8 pontos o que muda com derrubada de vetos sobre o licenciamento ambiental\",\"datePublished\":\"2025-11-27T22:55:34+00:00\",\"dateModified\":\"2025-11-27T22:57:41+00:00\",\"mainEntityOfPage\":{\"@id\":\"https:\/\/prefeitosegestoes.com.br\/portal\/entenda-em-8-pontos-o-que-muda-com-derrubada-de-vetos-sobre-o-licenciamento-ambiental\/\"},\"wordCount\":1606,\"commentCount\":0,\"publisher\":{\"@id\":\"https:\/\/prefeitosegestoes.com.br\/portal\/#organization\"},\"image\":{\"@id\":\"https:\/\/prefeitosegestoes.com.br\/portal\/entenda-em-8-pontos-o-que-muda-com-derrubada-de-vetos-sobre-o-licenciamento-ambiental\/#primaryimage\"},\"thumbnailUrl\":\"https:\/\/prefeitosegestoes.com.br\/portal\/wp-content\/uploads\/2025\/11\/dji_0211_0.webp\",\"keywords\":[\"Desmatamento\",\"Licenciamento Ambiental\",\"Meio Ambiente\"],\"articleSection\":[\"Destaques\"],\"inLanguage\":\"pt-BR\",\"potentialAction\":[{\"@type\":\"CommentAction\",\"name\":\"Comment\",\"target\":[\"https:\/\/prefeitosegestoes.com.br\/portal\/entenda-em-8-pontos-o-que-muda-com-derrubada-de-vetos-sobre-o-licenciamento-ambiental\/#respond\"]}]},{\"@type\":\"WebPage\",\"@id\":\"https:\/\/prefeitosegestoes.com.br\/portal\/entenda-em-8-pontos-o-que-muda-com-derrubada-de-vetos-sobre-o-licenciamento-ambiental\/\",\"url\":\"https:\/\/prefeitosegestoes.com.br\/portal\/entenda-em-8-pontos-o-que-muda-com-derrubada-de-vetos-sobre-o-licenciamento-ambiental\/\",\"name\":\"Entenda em 8 pontos o que muda com derrubada de vetos sobre o licenciamento ambiental - Prefeitos &amp; Gest\u00f5es\",\"isPartOf\":{\"@id\":\"https:\/\/prefeitosegestoes.com.br\/portal\/#website\"},\"primaryImageOfPage\":{\"@id\":\"https:\/\/prefeitosegestoes.com.br\/portal\/entenda-em-8-pontos-o-que-muda-com-derrubada-de-vetos-sobre-o-licenciamento-ambiental\/#primaryimage\"},\"image\":{\"@id\":\"https:\/\/prefeitosegestoes.com.br\/portal\/entenda-em-8-pontos-o-que-muda-com-derrubada-de-vetos-sobre-o-licenciamento-ambiental\/#primaryimage\"},\"thumbnailUrl\":\"https:\/\/prefeitosegestoes.com.br\/portal\/wp-content\/uploads\/2025\/11\/dji_0211_0.webp\",\"datePublished\":\"2025-11-27T22:55:34+00:00\",\"dateModified\":\"2025-11-27T22:57:41+00:00\",\"description\":\"Congresso derrubou nesta quinta 56 dos 63 vetos de Lula e retomou regras que fragilizam o processo de licenciamento ambiental. Decis\u00e3o vai contra apelos de entidades da sociedade civil e ambientalistas.\",\"breadcrumb\":{\"@id\":\"https:\/\/prefeitosegestoes.com.br\/portal\/entenda-em-8-pontos-o-que-muda-com-derrubada-de-vetos-sobre-o-licenciamento-ambiental\/#breadcrumb\"},\"inLanguage\":\"pt-BR\",\"potentialAction\":[{\"@type\":\"ReadAction\",\"target\":[\"https:\/\/prefeitosegestoes.com.br\/portal\/entenda-em-8-pontos-o-que-muda-com-derrubada-de-vetos-sobre-o-licenciamento-ambiental\/\"]}]},{\"@type\":\"ImageObject\",\"inLanguage\":\"pt-BR\",\"@id\":\"https:\/\/prefeitosegestoes.com.br\/portal\/entenda-em-8-pontos-o-que-muda-com-derrubada-de-vetos-sobre-o-licenciamento-ambiental\/#primaryimage\",\"url\":\"https:\/\/prefeitosegestoes.com.br\/portal\/wp-content\/uploads\/2025\/11\/dji_0211_0.webp\",\"contentUrl\":\"https:\/\/prefeitosegestoes.com.br\/portal\/wp-content\/uploads\/2025\/11\/dji_0211_0.webp\",\"width\":1024,\"height\":768},{\"@type\":\"BreadcrumbList\",\"@id\":\"https:\/\/prefeitosegestoes.com.br\/portal\/entenda-em-8-pontos-o-que-muda-com-derrubada-de-vetos-sobre-o-licenciamento-ambiental\/#breadcrumb\",\"itemListElement\":[{\"@type\":\"ListItem\",\"position\":1,\"name\":\"In\u00edcio\",\"item\":\"https:\/\/prefeitosegestoes.com.br\/portal\/\"},{\"@type\":\"ListItem\",\"position\":2,\"name\":\"Entenda em 8 pontos o que muda com derrubada de vetos sobre o licenciamento ambiental\"}]},{\"@type\":\"WebSite\",\"@id\":\"https:\/\/prefeitosegestoes.com.br\/portal\/#website\",\"url\":\"https:\/\/prefeitosegestoes.com.br\/portal\/\",\"name\":\"Prefeitos & Gest\u00f5es\",\"description\":\"\",\"publisher\":{\"@id\":\"https:\/\/prefeitosegestoes.com.br\/portal\/#organization\"},\"potentialAction\":[{\"@type\":\"SearchAction\",\"target\":{\"@type\":\"EntryPoint\",\"urlTemplate\":\"https:\/\/prefeitosegestoes.com.br\/portal\/?s={search_term_string}\"},\"query-input\":{\"@type\":\"PropertyValueSpecification\",\"valueRequired\":true,\"valueName\":\"search_term_string\"}}],\"inLanguage\":\"pt-BR\"},{\"@type\":\"Organization\",\"@id\":\"https:\/\/prefeitosegestoes.com.br\/portal\/#organization\",\"name\":\"Prefeitos & Gest\u00f5es\",\"url\":\"https:\/\/prefeitosegestoes.com.br\/portal\/\",\"logo\":{\"@type\":\"ImageObject\",\"inLanguage\":\"pt-BR\",\"@id\":\"https:\/\/prefeitosegestoes.com.br\/portal\/#\/schema\/logo\/image\/\",\"url\":\"https:\/\/prefeitosegestoes.com.br\/portal\/wp-content\/uploads\/2024\/10\/lg_trans_prefeitos_2024_preto2.png\",\"contentUrl\":\"https:\/\/prefeitosegestoes.com.br\/portal\/wp-content\/uploads\/2024\/10\/lg_trans_prefeitos_2024_preto2.png\",\"width\":199,\"height\":122,\"caption\":\"Prefeitos & Gest\u00f5es\"},\"image\":{\"@id\":\"https:\/\/prefeitosegestoes.com.br\/portal\/#\/schema\/logo\/image\/\"},\"sameAs\":[\"https:\/\/www.facebook.com\/prefeitosonline\",\"https:\/\/x.com\/PrefGestoes\"]},{\"@type\":\"Person\",\"@id\":\"https:\/\/prefeitosegestoes.com.br\/portal\/#\/schema\/person\/d00059f2ec99963e7e1850d448ae94b8\",\"name\":\"Prefeitos &amp; Gest\u00f5es\",\"image\":{\"@type\":\"ImageObject\",\"inLanguage\":\"pt-BR\",\"@id\":\"https:\/\/secure.gravatar.com\/avatar\/738fb281e479212ed32c1a21a4307dda9f3af9292edb6918a16c9ce9fff5f48d?s=96&d=mm&r=g\",\"url\":\"https:\/\/secure.gravatar.com\/avatar\/738fb281e479212ed32c1a21a4307dda9f3af9292edb6918a16c9ce9fff5f48d?s=96&d=mm&r=g\",\"contentUrl\":\"https:\/\/secure.gravatar.com\/avatar\/738fb281e479212ed32c1a21a4307dda9f3af9292edb6918a16c9ce9fff5f48d?s=96&d=mm&r=g\",\"caption\":\"Prefeitos &amp; Gest\u00f5es\"},\"url\":\"https:\/\/prefeitosegestoes.com.br\/portal\/author\/prefeitosegestoes\/\"}]}<\/script>\n<!-- \/ Yoast SEO plugin. -->","yoast_head_json":{"title":"Entenda em 8 pontos o que muda com derrubada de vetos sobre o licenciamento ambiental - Prefeitos &amp; Gest\u00f5es","description":"Congresso derrubou nesta quinta 56 dos 63 vetos de Lula e retomou regras que fragilizam o processo de licenciamento ambiental. Decis\u00e3o vai contra apelos de entidades da sociedade civil e ambientalistas.","robots":{"index":"index","follow":"follow","max-snippet":"max-snippet:-1","max-image-preview":"max-image-preview:large","max-video-preview":"max-video-preview:-1"},"canonical":"https:\/\/prefeitosegestoes.com.br\/portal\/entenda-em-8-pontos-o-que-muda-com-derrubada-de-vetos-sobre-o-licenciamento-ambiental\/","og_locale":"pt_BR","og_type":"article","og_title":"Entenda em 8 pontos o que muda com derrubada de vetos sobre o licenciamento ambiental - Prefeitos &amp; Gest\u00f5es","og_description":"Congresso derrubou nesta quinta 56 dos 63 vetos de Lula e retomou regras que fragilizam o processo de licenciamento ambiental. Decis\u00e3o vai contra apelos de entidades da sociedade civil e ambientalistas.","og_url":"https:\/\/prefeitosegestoes.com.br\/portal\/entenda-em-8-pontos-o-que-muda-com-derrubada-de-vetos-sobre-o-licenciamento-ambiental\/","og_site_name":"Prefeitos &amp; Gest\u00f5es","article_publisher":"https:\/\/www.facebook.com\/prefeitosonline","article_published_time":"2025-11-27T22:55:34+00:00","article_modified_time":"2025-11-27T22:57:41+00:00","og_image":[{"width":1024,"height":768,"url":"https:\/\/prefeitosegestoes.com.br\/portal\/wp-content\/uploads\/2025\/11\/dji_0211_0.webp","type":"image\/webp"}],"author":"Prefeitos &amp; Gest\u00f5es","twitter_card":"summary_large_image","twitter_creator":"@PrefGestoes","twitter_site":"@PrefGestoes","twitter_misc":{"Escrito por":"Prefeitos &amp; Gest\u00f5es","Est. tempo de leitura":"8 minutos"},"schema":{"@context":"https:\/\/schema.org","@graph":[{"@type":"Article","@id":"https:\/\/prefeitosegestoes.com.br\/portal\/entenda-em-8-pontos-o-que-muda-com-derrubada-de-vetos-sobre-o-licenciamento-ambiental\/#article","isPartOf":{"@id":"https:\/\/prefeitosegestoes.com.br\/portal\/entenda-em-8-pontos-o-que-muda-com-derrubada-de-vetos-sobre-o-licenciamento-ambiental\/"},"author":{"name":"Prefeitos &amp; Gest\u00f5es","@id":"https:\/\/prefeitosegestoes.com.br\/portal\/#\/schema\/person\/d00059f2ec99963e7e1850d448ae94b8"},"headline":"Entenda em 8 pontos o que muda com derrubada de vetos sobre o licenciamento ambiental","datePublished":"2025-11-27T22:55:34+00:00","dateModified":"2025-11-27T22:57:41+00:00","mainEntityOfPage":{"@id":"https:\/\/prefeitosegestoes.com.br\/portal\/entenda-em-8-pontos-o-que-muda-com-derrubada-de-vetos-sobre-o-licenciamento-ambiental\/"},"wordCount":1606,"commentCount":0,"publisher":{"@id":"https:\/\/prefeitosegestoes.com.br\/portal\/#organization"},"image":{"@id":"https:\/\/prefeitosegestoes.com.br\/portal\/entenda-em-8-pontos-o-que-muda-com-derrubada-de-vetos-sobre-o-licenciamento-ambiental\/#primaryimage"},"thumbnailUrl":"https:\/\/prefeitosegestoes.com.br\/portal\/wp-content\/uploads\/2025\/11\/dji_0211_0.webp","keywords":["Desmatamento","Licenciamento Ambiental","Meio Ambiente"],"articleSection":["Destaques"],"inLanguage":"pt-BR","potentialAction":[{"@type":"CommentAction","name":"Comment","target":["https:\/\/prefeitosegestoes.com.br\/portal\/entenda-em-8-pontos-o-que-muda-com-derrubada-de-vetos-sobre-o-licenciamento-ambiental\/#respond"]}]},{"@type":"WebPage","@id":"https:\/\/prefeitosegestoes.com.br\/portal\/entenda-em-8-pontos-o-que-muda-com-derrubada-de-vetos-sobre-o-licenciamento-ambiental\/","url":"https:\/\/prefeitosegestoes.com.br\/portal\/entenda-em-8-pontos-o-que-muda-com-derrubada-de-vetos-sobre-o-licenciamento-ambiental\/","name":"Entenda em 8 pontos o que muda com derrubada de vetos sobre o licenciamento ambiental - Prefeitos &amp; Gest\u00f5es","isPartOf":{"@id":"https:\/\/prefeitosegestoes.com.br\/portal\/#website"},"primaryImageOfPage":{"@id":"https:\/\/prefeitosegestoes.com.br\/portal\/entenda-em-8-pontos-o-que-muda-com-derrubada-de-vetos-sobre-o-licenciamento-ambiental\/#primaryimage"},"image":{"@id":"https:\/\/prefeitosegestoes.com.br\/portal\/entenda-em-8-pontos-o-que-muda-com-derrubada-de-vetos-sobre-o-licenciamento-ambiental\/#primaryimage"},"thumbnailUrl":"https:\/\/prefeitosegestoes.com.br\/portal\/wp-content\/uploads\/2025\/11\/dji_0211_0.webp","datePublished":"2025-11-27T22:55:34+00:00","dateModified":"2025-11-27T22:57:41+00:00","description":"Congresso derrubou nesta quinta 56 dos 63 vetos de Lula e retomou regras que fragilizam o processo de licenciamento ambiental. Decis\u00e3o vai contra apelos de entidades da sociedade civil e ambientalistas.","breadcrumb":{"@id":"https:\/\/prefeitosegestoes.com.br\/portal\/entenda-em-8-pontos-o-que-muda-com-derrubada-de-vetos-sobre-o-licenciamento-ambiental\/#breadcrumb"},"inLanguage":"pt-BR","potentialAction":[{"@type":"ReadAction","target":["https:\/\/prefeitosegestoes.com.br\/portal\/entenda-em-8-pontos-o-que-muda-com-derrubada-de-vetos-sobre-o-licenciamento-ambiental\/"]}]},{"@type":"ImageObject","inLanguage":"pt-BR","@id":"https:\/\/prefeitosegestoes.com.br\/portal\/entenda-em-8-pontos-o-que-muda-com-derrubada-de-vetos-sobre-o-licenciamento-ambiental\/#primaryimage","url":"https:\/\/prefeitosegestoes.com.br\/portal\/wp-content\/uploads\/2025\/11\/dji_0211_0.webp","contentUrl":"https:\/\/prefeitosegestoes.com.br\/portal\/wp-content\/uploads\/2025\/11\/dji_0211_0.webp","width":1024,"height":768},{"@type":"BreadcrumbList","@id":"https:\/\/prefeitosegestoes.com.br\/portal\/entenda-em-8-pontos-o-que-muda-com-derrubada-de-vetos-sobre-o-licenciamento-ambiental\/#breadcrumb","itemListElement":[{"@type":"ListItem","position":1,"name":"In\u00edcio","item":"https:\/\/prefeitosegestoes.com.br\/portal\/"},{"@type":"ListItem","position":2,"name":"Entenda em 8 pontos o que muda com derrubada de vetos sobre o licenciamento ambiental"}]},{"@type":"WebSite","@id":"https:\/\/prefeitosegestoes.com.br\/portal\/#website","url":"https:\/\/prefeitosegestoes.com.br\/portal\/","name":"Prefeitos & Gest\u00f5es","description":"","publisher":{"@id":"https:\/\/prefeitosegestoes.com.br\/portal\/#organization"},"potentialAction":[{"@type":"SearchAction","target":{"@type":"EntryPoint","urlTemplate":"https:\/\/prefeitosegestoes.com.br\/portal\/?s={search_term_string}"},"query-input":{"@type":"PropertyValueSpecification","valueRequired":true,"valueName":"search_term_string"}}],"inLanguage":"pt-BR"},{"@type":"Organization","@id":"https:\/\/prefeitosegestoes.com.br\/portal\/#organization","name":"Prefeitos & Gest\u00f5es","url":"https:\/\/prefeitosegestoes.com.br\/portal\/","logo":{"@type":"ImageObject","inLanguage":"pt-BR","@id":"https:\/\/prefeitosegestoes.com.br\/portal\/#\/schema\/logo\/image\/","url":"https:\/\/prefeitosegestoes.com.br\/portal\/wp-content\/uploads\/2024\/10\/lg_trans_prefeitos_2024_preto2.png","contentUrl":"https:\/\/prefeitosegestoes.com.br\/portal\/wp-content\/uploads\/2024\/10\/lg_trans_prefeitos_2024_preto2.png","width":199,"height":122,"caption":"Prefeitos & Gest\u00f5es"},"image":{"@id":"https:\/\/prefeitosegestoes.com.br\/portal\/#\/schema\/logo\/image\/"},"sameAs":["https:\/\/www.facebook.com\/prefeitosonline","https:\/\/x.com\/PrefGestoes"]},{"@type":"Person","@id":"https:\/\/prefeitosegestoes.com.br\/portal\/#\/schema\/person\/d00059f2ec99963e7e1850d448ae94b8","name":"Prefeitos &amp; Gest\u00f5es","image":{"@type":"ImageObject","inLanguage":"pt-BR","@id":"https:\/\/secure.gravatar.com\/avatar\/738fb281e479212ed32c1a21a4307dda9f3af9292edb6918a16c9ce9fff5f48d?s=96&d=mm&r=g","url":"https:\/\/secure.gravatar.com\/avatar\/738fb281e479212ed32c1a21a4307dda9f3af9292edb6918a16c9ce9fff5f48d?s=96&d=mm&r=g","contentUrl":"https:\/\/secure.gravatar.com\/avatar\/738fb281e479212ed32c1a21a4307dda9f3af9292edb6918a16c9ce9fff5f48d?s=96&d=mm&r=g","caption":"Prefeitos &amp; Gest\u00f5es"},"url":"https:\/\/prefeitosegestoes.com.br\/portal\/author\/prefeitosegestoes\/"}]}},"_links":{"self":[{"href":"https:\/\/prefeitosegestoes.com.br\/portal\/wp-json\/wp\/v2\/posts\/4031","targetHints":{"allow":["GET"]}}],"collection":[{"href":"https:\/\/prefeitosegestoes.com.br\/portal\/wp-json\/wp\/v2\/posts"}],"about":[{"href":"https:\/\/prefeitosegestoes.com.br\/portal\/wp-json\/wp\/v2\/types\/post"}],"author":[{"embeddable":true,"href":"https:\/\/prefeitosegestoes.com.br\/portal\/wp-json\/wp\/v2\/users\/2"}],"replies":[{"embeddable":true,"href":"https:\/\/prefeitosegestoes.com.br\/portal\/wp-json\/wp\/v2\/comments?post=4031"}],"version-history":[{"count":1,"href":"https:\/\/prefeitosegestoes.com.br\/portal\/wp-json\/wp\/v2\/posts\/4031\/revisions"}],"predecessor-version":[{"id":4032,"href":"https:\/\/prefeitosegestoes.com.br\/portal\/wp-json\/wp\/v2\/posts\/4031\/revisions\/4032"}],"wp:featuredmedia":[{"embeddable":true,"href":"https:\/\/prefeitosegestoes.com.br\/portal\/wp-json\/wp\/v2\/media\/4033"}],"wp:attachment":[{"href":"https:\/\/prefeitosegestoes.com.br\/portal\/wp-json\/wp\/v2\/media?parent=4031"}],"wp:term":[{"taxonomy":"category","embeddable":true,"href":"https:\/\/prefeitosegestoes.com.br\/portal\/wp-json\/wp\/v2\/categories?post=4031"},{"taxonomy":"post_tag","embeddable":true,"href":"https:\/\/prefeitosegestoes.com.br\/portal\/wp-json\/wp\/v2\/tags?post=4031"}],"curies":[{"name":"wp","href":"https:\/\/api.w.org\/{rel}","templated":true}]}}