{"id":4014,"date":"2025-11-18T11:57:49","date_gmt":"2025-11-18T14:57:49","guid":{"rendered":"https:\/\/prefeitosegestoes.com.br\/portal\/?p=4014"},"modified":"2025-11-18T11:57:49","modified_gmt":"2025-11-18T14:57:49","slug":"apoio-escolar-comissao-aprova-novas-regras-para-apoio-a-alunos-com-deficiencia","status":"publish","type":"post","link":"https:\/\/prefeitosegestoes.com.br\/portal\/apoio-escolar-comissao-aprova-novas-regras-para-apoio-a-alunos-com-deficiencia\/","title":{"rendered":"Apoio Escolar  Comiss\u00e3o aprova novas regras para apoio a alunos com defici\u00eancia"},"content":{"rendered":"<h6>Foto Tomaz Silva\/Ag\u00eancia Brasil-Foto divulga\u00e7\u00e3o<\/h6>\n<h2 class=\"asset__summary\">Proposta cria par\u00e2metros para suporte individualizado e amplia a atua\u00e7\u00e3o de profissionais especializados na rede de ensino.<\/h2>\n<div class=\"asset__actions\">\n<div class=\"asset__info\">\n<p class=\"asset__publisher\">Congresso em Foco<\/p>\n<p class=\"asset__date\">17\/11\/2025\u00a0<span class=\"ng-star-inserted\">18:30<\/span><\/p>\n<\/div>\n<\/div>\n<div class=\"asset__content leitura-materia-113935\">\n<div class=\"html-content\">\n<p>A Comiss\u00e3o de Educa\u00e7\u00e3o da C\u00e2mara dos Deputados aprovou o projeto de lei\u00a0<a href=\"https:\/\/www.camara.leg.br\/proposicoesWeb\/fichadetramitacao?idProposicao=2299179\" target=\"_blank\" rel=\"noopener\">3.205\/2021<\/a>, que estabelece novas diretrizes para a atua\u00e7\u00e3o dos profissionais de apoio a estudantes com defici\u00eancia nas escolas de ensino p\u00fablico e privadas.<\/p>\n<p>De acordo com a proposta, o\u00a0<strong>profissional de apoio escolar\u00a0<\/strong>ser\u00e1 respons\u00e1vel por atividades de suporte \u00e0 alimenta\u00e7\u00e3o, higiene e locomo\u00e7\u00e3o do estudante com defici\u00eancia, em institui\u00e7\u00f5es de ensino p\u00fablicas e privadas, em todos os n\u00edveis e modalidades, conforme previsto no Estatuto da Pessoa com Defici\u00eancia (<a href=\"https:\/\/www.planalto.gov.br\/ccivil_03\/_ato2015-2018\/2015\/lei\/l13146.htm\" target=\"_blank\" rel=\"noopener\">13.146\/2015<\/a>). Exige-se forma\u00e7\u00e3o inicial de n\u00edvel m\u00e9dio e qualifica\u00e7\u00e3o profissional espec\u00edfica para o exerc\u00edcio da fun\u00e7\u00e3o.<\/p>\n<p><img fetchpriority=\"high\" decoding=\"async\" title=\"Proposta cria a figura do professor do atendimento educacional especializado.\" src=\"https:\/\/static.congressoemfoco.com.br\/CONG_MATERIA\/2025\/11\/17\/fc757e_CONG_MATERIA_MANUAL_vinculandoleituralivrodispositivodauniversidade.jpg\" alt=\"Proposta cria a figura do professor do atendimento educacional especializado.\" width=\"800\" height=\"450\" \/><\/p>\n<div class=\"img-info\"><span class=\"img-legenda\">Proposta cria a figura do professor do atendimento educacional especializado.<\/span><span class=\"img-credito\">Freepik<\/span><\/div>\n<p>O projeto tamb\u00e9m cria a figura do\u00a0<strong>professor do atendimento educacional especializado<\/strong>, cuja atribui\u00e7\u00e3o \u00e9 o apoio pedag\u00f3gico, incluindo a adapta\u00e7\u00e3o de conte\u00fados e materiais did\u00e1ticos \u00e0s necessidades do estudante com defici\u00eancia.<\/p>\n<p>A avalia\u00e7\u00e3o da necessidade de ambos os profissionais ser\u00e1 conduzida por uma equipe multiprofissional e interdisciplinar, adotando uma abordagem biopsicossocial que considere os impedimentos nas fun\u00e7\u00f5es e estruturas do corpo, os fatores socioambientais, psicol\u00f3gicos e pessoais, a limita\u00e7\u00e3o no desempenho de atividades e a restri\u00e7\u00e3o de participa\u00e7\u00e3o.<\/p>\n<p>O texto tamb\u00e9m enfatiza a import\u00e2ncia da acessibilidade para toda a comunidade escolar, incluindo estudantes, profissionais da educa\u00e7\u00e3o e demais membros, garantindo o acesso \u00e0s edifica\u00e7\u00f5es, ambientes, materiais pedag\u00f3gicos e recursos necess\u00e1rios para a inclus\u00e3o efetiva.<\/p>\n<p>A comiss\u00e3o aprovou o parecer do relator, deputado\u00a0<a class=\"parlLink ignore-hover\" href=\"https:\/\/radar.congressoemfoco.com.br\/parlamentar\/1220598\/perfil\" target=\"_blank\" rel=\"noopener\">Tarc\u00edsio Motta<\/a>\u00a0(Psol-RJ), que elaborou substitutivo para a proposta, de autoria do senador\u00a0<a class=\"parlLink ignore-hover\" href=\"https:\/\/radar.congressoemfoco.com.br\/parlamentar\/25322\/perfil\" target=\"_blank\" rel=\"noopener\">Rom\u00e1rio<\/a>\u00a0(PL-RJ).<\/p>\n<p>O projeto, j\u00e1 aprovado pela Comiss\u00e3o de Defesa dos Direitos das Pessoas com Defici\u00eancia, seguir\u00e1 para an\u00e1lise da Comiss\u00e3o de Constitui\u00e7\u00e3o e Justi\u00e7a e de Cidadania (CCJ), em car\u00e1ter conclusivo. Caso a CCJ confirme as altera\u00e7\u00f5es, a proposta retornar\u00e1 ao Senado antes de ser encaminhada \u00e0 san\u00e7\u00e3o presidencial. Para se tornar lei, o projeto necessita de aprova\u00e7\u00e3o em ambas as casas do Congresso Nacional.<\/p>\n<p><a href=\"https:\/\/static.congressoemfoco.com.br\/attachment\/2025\/11\/17\/2ca4ca_PL_3205_2021__N__Anterior__PLS_278_2016_.pdf\" target=\"_blank\" rel=\"noopener\">Confira a \u00edntegra da proposta.<\/a><\/p>\n<p>Fonte: Congresso em Foco<\/p>\n<\/div>\n<\/div>\n","protected":false},"excerpt":{"rendered":"<p>Foto Tomaz Silva\/Ag\u00eancia Brasil-Foto divulga\u00e7\u00e3o Proposta cria par\u00e2metros para suporte individualizado e amplia a atua\u00e7\u00e3o de profissionais especializados na rede de ensino. Congresso em Foco 17\/11\/2025\u00a018:30 A Comiss\u00e3o de Educa\u00e7\u00e3o da C\u00e2mara dos Deputados aprovou o projeto de lei\u00a03.205\/2021, que estabelece novas diretrizes para a atua\u00e7\u00e3o dos profissionais de apoio a estudantes com defici\u00eancia nas [&hellip;]<\/p>\n","protected":false},"author":2,"featured_media":4015,"comment_status":"open","ping_status":"open","sticky":false,"template":"","format":"standard","meta":{"rop_custom_images_group":[],"rop_custom_messages_group":[],"rop_publish_now":"initial","rop_publish_now_accounts":{"twitter_850042665852968960_850042665852968960":""},"rop_publish_now_history":[],"rop_publish_now_status":"pending","footnotes":""},"categories":[15],"tags":[813,814,815],"class_list":["post-4014","post","type-post","status-publish","format-standard","has-post-thumbnail","hentry","category-destaques","tag-aluno-com-dificiencia","tag-apoio-escolar","tag-rede-de-ensino"],"yoast_head":"<!-- This site is optimized with the Yoast SEO plugin v27.2 - https:\/\/yoast.com\/product\/yoast-seo-wordpress\/ -->\n<title>Apoio Escolar Comiss\u00e3o aprova novas regras para apoio a alunos com defici\u00eancia - Prefeitos &amp; Gest\u00f5es<\/title>\n<meta name=\"description\" content=\"A Comiss\u00e3o de Educa\u00e7\u00e3o da C\u00e2mara dos Deputados aprovou o projeto de lei\u00a03.205\/2021, que estabelece novas diretrizes para a atua\u00e7\u00e3o dos profissionais de apoio a estudantes com defici\u00eancia nas escolas de ensino p\u00fablico e privadas\" \/>\n<meta name=\"robots\" content=\"index, follow, max-snippet:-1, max-image-preview:large, max-video-preview:-1\" \/>\n<link rel=\"canonical\" href=\"https:\/\/prefeitosegestoes.com.br\/portal\/apoio-escolar-comissao-aprova-novas-regras-para-apoio-a-alunos-com-deficiencia\/\" \/>\n<meta property=\"og:locale\" content=\"pt_BR\" \/>\n<meta property=\"og:type\" content=\"article\" \/>\n<meta property=\"og:title\" content=\"Apoio Escolar Comiss\u00e3o aprova novas regras para apoio a alunos com defici\u00eancia - Prefeitos &amp; Gest\u00f5es\" \/>\n<meta property=\"og:description\" content=\"A Comiss\u00e3o de Educa\u00e7\u00e3o da C\u00e2mara dos Deputados aprovou o projeto de lei\u00a03.205\/2021, que estabelece novas diretrizes para a atua\u00e7\u00e3o dos profissionais de apoio a estudantes com defici\u00eancia nas escolas de ensino p\u00fablico e privadas\" \/>\n<meta property=\"og:url\" content=\"https:\/\/prefeitosegestoes.com.br\/portal\/apoio-escolar-comissao-aprova-novas-regras-para-apoio-a-alunos-com-deficiencia\/\" \/>\n<meta property=\"og:site_name\" content=\"Prefeitos &amp; Gest\u00f5es\" \/>\n<meta property=\"article:publisher\" content=\"https:\/\/www.facebook.com\/prefeitosonline\" \/>\n<meta property=\"article:published_time\" content=\"2025-11-18T14:57:49+00:00\" \/>\n<meta property=\"og:image\" content=\"https:\/\/prefeitosegestoes.com.br\/portal\/wp-content\/uploads\/2025\/11\/972535-inclusao_abr2653.webp\" \/>\n\t<meta property=\"og:image:width\" content=\"1024\" \/>\n\t<meta property=\"og:image:height\" content=\"768\" \/>\n\t<meta property=\"og:image:type\" content=\"image\/webp\" \/>\n<meta name=\"author\" content=\"Prefeitos &amp; Gest\u00f5es\" \/>\n<meta name=\"twitter:card\" content=\"summary_large_image\" \/>\n<meta name=\"twitter:creator\" content=\"@PrefGestoes\" \/>\n<meta name=\"twitter:site\" content=\"@PrefGestoes\" \/>\n<meta name=\"twitter:label1\" content=\"Escrito por\" \/>\n\t<meta name=\"twitter:data1\" content=\"Prefeitos &amp; Gest\u00f5es\" \/>\n\t<meta name=\"twitter:label2\" content=\"Est. tempo de leitura\" \/>\n\t<meta name=\"twitter:data2\" content=\"3 minutos\" \/>\n<script type=\"application\/ld+json\" class=\"yoast-schema-graph\">{\"@context\":\"https:\/\/schema.org\",\"@graph\":[{\"@type\":\"Article\",\"@id\":\"https:\/\/prefeitosegestoes.com.br\/portal\/apoio-escolar-comissao-aprova-novas-regras-para-apoio-a-alunos-com-deficiencia\/#article\",\"isPartOf\":{\"@id\":\"https:\/\/prefeitosegestoes.com.br\/portal\/apoio-escolar-comissao-aprova-novas-regras-para-apoio-a-alunos-com-deficiencia\/\"},\"author\":{\"name\":\"Prefeitos &amp; Gest\u00f5es\",\"@id\":\"https:\/\/prefeitosegestoes.com.br\/portal\/#\/schema\/person\/d00059f2ec99963e7e1850d448ae94b8\"},\"headline\":\"Apoio Escolar Comiss\u00e3o aprova novas regras para apoio a alunos com defici\u00eancia\",\"datePublished\":\"2025-11-18T14:57:49+00:00\",\"mainEntityOfPage\":{\"@id\":\"https:\/\/prefeitosegestoes.com.br\/portal\/apoio-escolar-comissao-aprova-novas-regras-para-apoio-a-alunos-com-deficiencia\/\"},\"wordCount\":413,\"commentCount\":0,\"publisher\":{\"@id\":\"https:\/\/prefeitosegestoes.com.br\/portal\/#organization\"},\"image\":{\"@id\":\"https:\/\/prefeitosegestoes.com.br\/portal\/apoio-escolar-comissao-aprova-novas-regras-para-apoio-a-alunos-com-deficiencia\/#primaryimage\"},\"thumbnailUrl\":\"https:\/\/prefeitosegestoes.com.br\/portal\/wp-content\/uploads\/2025\/11\/972535-inclusao_abr2653.webp\",\"keywords\":[\"Aluno com difici\u00eancia\",\"apoio escolar\",\"Rede de Ensino\"],\"articleSection\":[\"Destaques\"],\"inLanguage\":\"pt-BR\",\"potentialAction\":[{\"@type\":\"CommentAction\",\"name\":\"Comment\",\"target\":[\"https:\/\/prefeitosegestoes.com.br\/portal\/apoio-escolar-comissao-aprova-novas-regras-para-apoio-a-alunos-com-deficiencia\/#respond\"]}]},{\"@type\":\"WebPage\",\"@id\":\"https:\/\/prefeitosegestoes.com.br\/portal\/apoio-escolar-comissao-aprova-novas-regras-para-apoio-a-alunos-com-deficiencia\/\",\"url\":\"https:\/\/prefeitosegestoes.com.br\/portal\/apoio-escolar-comissao-aprova-novas-regras-para-apoio-a-alunos-com-deficiencia\/\",\"name\":\"Apoio Escolar Comiss\u00e3o aprova novas regras para apoio a alunos com defici\u00eancia - Prefeitos &amp; Gest\u00f5es\",\"isPartOf\":{\"@id\":\"https:\/\/prefeitosegestoes.com.br\/portal\/#website\"},\"primaryImageOfPage\":{\"@id\":\"https:\/\/prefeitosegestoes.com.br\/portal\/apoio-escolar-comissao-aprova-novas-regras-para-apoio-a-alunos-com-deficiencia\/#primaryimage\"},\"image\":{\"@id\":\"https:\/\/prefeitosegestoes.com.br\/portal\/apoio-escolar-comissao-aprova-novas-regras-para-apoio-a-alunos-com-deficiencia\/#primaryimage\"},\"thumbnailUrl\":\"https:\/\/prefeitosegestoes.com.br\/portal\/wp-content\/uploads\/2025\/11\/972535-inclusao_abr2653.webp\",\"datePublished\":\"2025-11-18T14:57:49+00:00\",\"description\":\"A Comiss\u00e3o de Educa\u00e7\u00e3o da C\u00e2mara dos Deputados aprovou o projeto de lei\u00a03.205\/2021, que estabelece novas diretrizes para a atua\u00e7\u00e3o dos profissionais de apoio a estudantes com defici\u00eancia nas escolas de ensino p\u00fablico e privadas\",\"breadcrumb\":{\"@id\":\"https:\/\/prefeitosegestoes.com.br\/portal\/apoio-escolar-comissao-aprova-novas-regras-para-apoio-a-alunos-com-deficiencia\/#breadcrumb\"},\"inLanguage\":\"pt-BR\",\"potentialAction\":[{\"@type\":\"ReadAction\",\"target\":[\"https:\/\/prefeitosegestoes.com.br\/portal\/apoio-escolar-comissao-aprova-novas-regras-para-apoio-a-alunos-com-deficiencia\/\"]}]},{\"@type\":\"ImageObject\",\"inLanguage\":\"pt-BR\",\"@id\":\"https:\/\/prefeitosegestoes.com.br\/portal\/apoio-escolar-comissao-aprova-novas-regras-para-apoio-a-alunos-com-deficiencia\/#primaryimage\",\"url\":\"https:\/\/prefeitosegestoes.com.br\/portal\/wp-content\/uploads\/2025\/11\/972535-inclusao_abr2653.webp\",\"contentUrl\":\"https:\/\/prefeitosegestoes.com.br\/portal\/wp-content\/uploads\/2025\/11\/972535-inclusao_abr2653.webp\",\"width\":1024,\"height\":768},{\"@type\":\"BreadcrumbList\",\"@id\":\"https:\/\/prefeitosegestoes.com.br\/portal\/apoio-escolar-comissao-aprova-novas-regras-para-apoio-a-alunos-com-deficiencia\/#breadcrumb\",\"itemListElement\":[{\"@type\":\"ListItem\",\"position\":1,\"name\":\"In\u00edcio\",\"item\":\"https:\/\/prefeitosegestoes.com.br\/portal\/\"},{\"@type\":\"ListItem\",\"position\":2,\"name\":\"Apoio Escolar Comiss\u00e3o aprova novas regras para apoio a alunos com defici\u00eancia\"}]},{\"@type\":\"WebSite\",\"@id\":\"https:\/\/prefeitosegestoes.com.br\/portal\/#website\",\"url\":\"https:\/\/prefeitosegestoes.com.br\/portal\/\",\"name\":\"Prefeitos & Gest\u00f5es\",\"description\":\"\",\"publisher\":{\"@id\":\"https:\/\/prefeitosegestoes.com.br\/portal\/#organization\"},\"potentialAction\":[{\"@type\":\"SearchAction\",\"target\":{\"@type\":\"EntryPoint\",\"urlTemplate\":\"https:\/\/prefeitosegestoes.com.br\/portal\/?s={search_term_string}\"},\"query-input\":{\"@type\":\"PropertyValueSpecification\",\"valueRequired\":true,\"valueName\":\"search_term_string\"}}],\"inLanguage\":\"pt-BR\"},{\"@type\":\"Organization\",\"@id\":\"https:\/\/prefeitosegestoes.com.br\/portal\/#organization\",\"name\":\"Prefeitos & Gest\u00f5es\",\"url\":\"https:\/\/prefeitosegestoes.com.br\/portal\/\",\"logo\":{\"@type\":\"ImageObject\",\"inLanguage\":\"pt-BR\",\"@id\":\"https:\/\/prefeitosegestoes.com.br\/portal\/#\/schema\/logo\/image\/\",\"url\":\"https:\/\/prefeitosegestoes.com.br\/portal\/wp-content\/uploads\/2024\/10\/lg_trans_prefeitos_2024_preto2.png\",\"contentUrl\":\"https:\/\/prefeitosegestoes.com.br\/portal\/wp-content\/uploads\/2024\/10\/lg_trans_prefeitos_2024_preto2.png\",\"width\":199,\"height\":122,\"caption\":\"Prefeitos & Gest\u00f5es\"},\"image\":{\"@id\":\"https:\/\/prefeitosegestoes.com.br\/portal\/#\/schema\/logo\/image\/\"},\"sameAs\":[\"https:\/\/www.facebook.com\/prefeitosonline\",\"https:\/\/x.com\/PrefGestoes\"]},{\"@type\":\"Person\",\"@id\":\"https:\/\/prefeitosegestoes.com.br\/portal\/#\/schema\/person\/d00059f2ec99963e7e1850d448ae94b8\",\"name\":\"Prefeitos &amp; Gest\u00f5es\",\"image\":{\"@type\":\"ImageObject\",\"inLanguage\":\"pt-BR\",\"@id\":\"https:\/\/secure.gravatar.com\/avatar\/738fb281e479212ed32c1a21a4307dda9f3af9292edb6918a16c9ce9fff5f48d?s=96&d=mm&r=g\",\"url\":\"https:\/\/secure.gravatar.com\/avatar\/738fb281e479212ed32c1a21a4307dda9f3af9292edb6918a16c9ce9fff5f48d?s=96&d=mm&r=g\",\"contentUrl\":\"https:\/\/secure.gravatar.com\/avatar\/738fb281e479212ed32c1a21a4307dda9f3af9292edb6918a16c9ce9fff5f48d?s=96&d=mm&r=g\",\"caption\":\"Prefeitos &amp; Gest\u00f5es\"},\"url\":\"https:\/\/prefeitosegestoes.com.br\/portal\/author\/prefeitosegestoes\/\"}]}<\/script>\n<!-- \/ Yoast SEO plugin. -->","yoast_head_json":{"title":"Apoio Escolar Comiss\u00e3o aprova novas regras para apoio a alunos com defici\u00eancia - Prefeitos &amp; Gest\u00f5es","description":"A Comiss\u00e3o de Educa\u00e7\u00e3o da C\u00e2mara dos Deputados aprovou o projeto de lei\u00a03.205\/2021, que estabelece novas diretrizes para a atua\u00e7\u00e3o dos profissionais de apoio a estudantes com defici\u00eancia nas escolas de ensino p\u00fablico e privadas","robots":{"index":"index","follow":"follow","max-snippet":"max-snippet:-1","max-image-preview":"max-image-preview:large","max-video-preview":"max-video-preview:-1"},"canonical":"https:\/\/prefeitosegestoes.com.br\/portal\/apoio-escolar-comissao-aprova-novas-regras-para-apoio-a-alunos-com-deficiencia\/","og_locale":"pt_BR","og_type":"article","og_title":"Apoio Escolar Comiss\u00e3o aprova novas regras para apoio a alunos com defici\u00eancia - Prefeitos &amp; Gest\u00f5es","og_description":"A Comiss\u00e3o de Educa\u00e7\u00e3o da C\u00e2mara dos Deputados aprovou o projeto de lei\u00a03.205\/2021, que estabelece novas diretrizes para a atua\u00e7\u00e3o dos profissionais de apoio a estudantes com defici\u00eancia nas escolas de ensino p\u00fablico e privadas","og_url":"https:\/\/prefeitosegestoes.com.br\/portal\/apoio-escolar-comissao-aprova-novas-regras-para-apoio-a-alunos-com-deficiencia\/","og_site_name":"Prefeitos &amp; Gest\u00f5es","article_publisher":"https:\/\/www.facebook.com\/prefeitosonline","article_published_time":"2025-11-18T14:57:49+00:00","og_image":[{"width":1024,"height":768,"url":"https:\/\/prefeitosegestoes.com.br\/portal\/wp-content\/uploads\/2025\/11\/972535-inclusao_abr2653.webp","type":"image\/webp"}],"author":"Prefeitos &amp; Gest\u00f5es","twitter_card":"summary_large_image","twitter_creator":"@PrefGestoes","twitter_site":"@PrefGestoes","twitter_misc":{"Escrito por":"Prefeitos &amp; Gest\u00f5es","Est. tempo de leitura":"3 minutos"},"schema":{"@context":"https:\/\/schema.org","@graph":[{"@type":"Article","@id":"https:\/\/prefeitosegestoes.com.br\/portal\/apoio-escolar-comissao-aprova-novas-regras-para-apoio-a-alunos-com-deficiencia\/#article","isPartOf":{"@id":"https:\/\/prefeitosegestoes.com.br\/portal\/apoio-escolar-comissao-aprova-novas-regras-para-apoio-a-alunos-com-deficiencia\/"},"author":{"name":"Prefeitos &amp; Gest\u00f5es","@id":"https:\/\/prefeitosegestoes.com.br\/portal\/#\/schema\/person\/d00059f2ec99963e7e1850d448ae94b8"},"headline":"Apoio Escolar Comiss\u00e3o aprova novas regras para apoio a alunos com defici\u00eancia","datePublished":"2025-11-18T14:57:49+00:00","mainEntityOfPage":{"@id":"https:\/\/prefeitosegestoes.com.br\/portal\/apoio-escolar-comissao-aprova-novas-regras-para-apoio-a-alunos-com-deficiencia\/"},"wordCount":413,"commentCount":0,"publisher":{"@id":"https:\/\/prefeitosegestoes.com.br\/portal\/#organization"},"image":{"@id":"https:\/\/prefeitosegestoes.com.br\/portal\/apoio-escolar-comissao-aprova-novas-regras-para-apoio-a-alunos-com-deficiencia\/#primaryimage"},"thumbnailUrl":"https:\/\/prefeitosegestoes.com.br\/portal\/wp-content\/uploads\/2025\/11\/972535-inclusao_abr2653.webp","keywords":["Aluno com difici\u00eancia","apoio escolar","Rede de Ensino"],"articleSection":["Destaques"],"inLanguage":"pt-BR","potentialAction":[{"@type":"CommentAction","name":"Comment","target":["https:\/\/prefeitosegestoes.com.br\/portal\/apoio-escolar-comissao-aprova-novas-regras-para-apoio-a-alunos-com-deficiencia\/#respond"]}]},{"@type":"WebPage","@id":"https:\/\/prefeitosegestoes.com.br\/portal\/apoio-escolar-comissao-aprova-novas-regras-para-apoio-a-alunos-com-deficiencia\/","url":"https:\/\/prefeitosegestoes.com.br\/portal\/apoio-escolar-comissao-aprova-novas-regras-para-apoio-a-alunos-com-deficiencia\/","name":"Apoio Escolar Comiss\u00e3o aprova novas regras para apoio a alunos com defici\u00eancia - Prefeitos &amp; Gest\u00f5es","isPartOf":{"@id":"https:\/\/prefeitosegestoes.com.br\/portal\/#website"},"primaryImageOfPage":{"@id":"https:\/\/prefeitosegestoes.com.br\/portal\/apoio-escolar-comissao-aprova-novas-regras-para-apoio-a-alunos-com-deficiencia\/#primaryimage"},"image":{"@id":"https:\/\/prefeitosegestoes.com.br\/portal\/apoio-escolar-comissao-aprova-novas-regras-para-apoio-a-alunos-com-deficiencia\/#primaryimage"},"thumbnailUrl":"https:\/\/prefeitosegestoes.com.br\/portal\/wp-content\/uploads\/2025\/11\/972535-inclusao_abr2653.webp","datePublished":"2025-11-18T14:57:49+00:00","description":"A Comiss\u00e3o de Educa\u00e7\u00e3o da C\u00e2mara dos Deputados aprovou o projeto de lei\u00a03.205\/2021, que estabelece novas diretrizes para a atua\u00e7\u00e3o dos profissionais de apoio a estudantes com defici\u00eancia nas escolas de ensino p\u00fablico e privadas","breadcrumb":{"@id":"https:\/\/prefeitosegestoes.com.br\/portal\/apoio-escolar-comissao-aprova-novas-regras-para-apoio-a-alunos-com-deficiencia\/#breadcrumb"},"inLanguage":"pt-BR","potentialAction":[{"@type":"ReadAction","target":["https:\/\/prefeitosegestoes.com.br\/portal\/apoio-escolar-comissao-aprova-novas-regras-para-apoio-a-alunos-com-deficiencia\/"]}]},{"@type":"ImageObject","inLanguage":"pt-BR","@id":"https:\/\/prefeitosegestoes.com.br\/portal\/apoio-escolar-comissao-aprova-novas-regras-para-apoio-a-alunos-com-deficiencia\/#primaryimage","url":"https:\/\/prefeitosegestoes.com.br\/portal\/wp-content\/uploads\/2025\/11\/972535-inclusao_abr2653.webp","contentUrl":"https:\/\/prefeitosegestoes.com.br\/portal\/wp-content\/uploads\/2025\/11\/972535-inclusao_abr2653.webp","width":1024,"height":768},{"@type":"BreadcrumbList","@id":"https:\/\/prefeitosegestoes.com.br\/portal\/apoio-escolar-comissao-aprova-novas-regras-para-apoio-a-alunos-com-deficiencia\/#breadcrumb","itemListElement":[{"@type":"ListItem","position":1,"name":"In\u00edcio","item":"https:\/\/prefeitosegestoes.com.br\/portal\/"},{"@type":"ListItem","position":2,"name":"Apoio Escolar Comiss\u00e3o aprova novas regras para apoio a alunos com defici\u00eancia"}]},{"@type":"WebSite","@id":"https:\/\/prefeitosegestoes.com.br\/portal\/#website","url":"https:\/\/prefeitosegestoes.com.br\/portal\/","name":"Prefeitos & Gest\u00f5es","description":"","publisher":{"@id":"https:\/\/prefeitosegestoes.com.br\/portal\/#organization"},"potentialAction":[{"@type":"SearchAction","target":{"@type":"EntryPoint","urlTemplate":"https:\/\/prefeitosegestoes.com.br\/portal\/?s={search_term_string}"},"query-input":{"@type":"PropertyValueSpecification","valueRequired":true,"valueName":"search_term_string"}}],"inLanguage":"pt-BR"},{"@type":"Organization","@id":"https:\/\/prefeitosegestoes.com.br\/portal\/#organization","name":"Prefeitos & Gest\u00f5es","url":"https:\/\/prefeitosegestoes.com.br\/portal\/","logo":{"@type":"ImageObject","inLanguage":"pt-BR","@id":"https:\/\/prefeitosegestoes.com.br\/portal\/#\/schema\/logo\/image\/","url":"https:\/\/prefeitosegestoes.com.br\/portal\/wp-content\/uploads\/2024\/10\/lg_trans_prefeitos_2024_preto2.png","contentUrl":"https:\/\/prefeitosegestoes.com.br\/portal\/wp-content\/uploads\/2024\/10\/lg_trans_prefeitos_2024_preto2.png","width":199,"height":122,"caption":"Prefeitos & Gest\u00f5es"},"image":{"@id":"https:\/\/prefeitosegestoes.com.br\/portal\/#\/schema\/logo\/image\/"},"sameAs":["https:\/\/www.facebook.com\/prefeitosonline","https:\/\/x.com\/PrefGestoes"]},{"@type":"Person","@id":"https:\/\/prefeitosegestoes.com.br\/portal\/#\/schema\/person\/d00059f2ec99963e7e1850d448ae94b8","name":"Prefeitos &amp; Gest\u00f5es","image":{"@type":"ImageObject","inLanguage":"pt-BR","@id":"https:\/\/secure.gravatar.com\/avatar\/738fb281e479212ed32c1a21a4307dda9f3af9292edb6918a16c9ce9fff5f48d?s=96&d=mm&r=g","url":"https:\/\/secure.gravatar.com\/avatar\/738fb281e479212ed32c1a21a4307dda9f3af9292edb6918a16c9ce9fff5f48d?s=96&d=mm&r=g","contentUrl":"https:\/\/secure.gravatar.com\/avatar\/738fb281e479212ed32c1a21a4307dda9f3af9292edb6918a16c9ce9fff5f48d?s=96&d=mm&r=g","caption":"Prefeitos &amp; Gest\u00f5es"},"url":"https:\/\/prefeitosegestoes.com.br\/portal\/author\/prefeitosegestoes\/"}]}},"_links":{"self":[{"href":"https:\/\/prefeitosegestoes.com.br\/portal\/wp-json\/wp\/v2\/posts\/4014","targetHints":{"allow":["GET"]}}],"collection":[{"href":"https:\/\/prefeitosegestoes.com.br\/portal\/wp-json\/wp\/v2\/posts"}],"about":[{"href":"https:\/\/prefeitosegestoes.com.br\/portal\/wp-json\/wp\/v2\/types\/post"}],"author":[{"embeddable":true,"href":"https:\/\/prefeitosegestoes.com.br\/portal\/wp-json\/wp\/v2\/users\/2"}],"replies":[{"embeddable":true,"href":"https:\/\/prefeitosegestoes.com.br\/portal\/wp-json\/wp\/v2\/comments?post=4014"}],"version-history":[{"count":1,"href":"https:\/\/prefeitosegestoes.com.br\/portal\/wp-json\/wp\/v2\/posts\/4014\/revisions"}],"predecessor-version":[{"id":4016,"href":"https:\/\/prefeitosegestoes.com.br\/portal\/wp-json\/wp\/v2\/posts\/4014\/revisions\/4016"}],"wp:featuredmedia":[{"embeddable":true,"href":"https:\/\/prefeitosegestoes.com.br\/portal\/wp-json\/wp\/v2\/media\/4015"}],"wp:attachment":[{"href":"https:\/\/prefeitosegestoes.com.br\/portal\/wp-json\/wp\/v2\/media?parent=4014"}],"wp:term":[{"taxonomy":"category","embeddable":true,"href":"https:\/\/prefeitosegestoes.com.br\/portal\/wp-json\/wp\/v2\/categories?post=4014"},{"taxonomy":"post_tag","embeddable":true,"href":"https:\/\/prefeitosegestoes.com.br\/portal\/wp-json\/wp\/v2\/tags?post=4014"}],"curies":[{"name":"wp","href":"https:\/\/api.w.org\/{rel}","templated":true}]}}