{"id":3979,"date":"2025-11-17T11:33:38","date_gmt":"2025-11-17T14:33:38","guid":{"rendered":"https:\/\/prefeitosegestoes.com.br\/portal\/?p=3979"},"modified":"2025-11-17T11:33:38","modified_gmt":"2025-11-17T14:33:38","slug":"semana-decisiva-em-belem-a-ausencia-que-chamou-atencao-e-as-decisoes-de-capa","status":"publish","type":"post","link":"https:\/\/prefeitosegestoes.com.br\/portal\/semana-decisiva-em-belem-a-ausencia-que-chamou-atencao-e-as-decisoes-de-capa\/","title":{"rendered":"Semana decisiva em Bel\u00e9m, a aus\u00eancia que chamou aten\u00e7\u00e3o e as decis\u00f5es de capa"},"content":{"rendered":"<div class=\"mc-article-header\">\n<div class=\"row content-head mc-column non-featured \">\n<div class=\"medium-centered subtitle\">\n<h2 class=\"content-head__subtitle\">Tudo que voc\u00ea precisa saber neste oitavo dia da COP30 resumido em 7 t\u00f3picos pelo boletim di\u00e1rio do g1.<\/h2>\n<\/div>\n<\/div>\n<div class=\"content__signa-share mc-column\">\n<div class=\"content__signature\">\n<div class=\"content-publication-data\">\n<div class=\"content-publication-data__text\">\n<p class=\"content-publication-data__from\" title=\"Roberto Peixoto\">Por\u00a0<a class=\"multi_signatures\" href=\"https:\/\/g1.globo.com\/autores\/roberto-peixoto\/\">Roberto Peixoto<\/a>, g1<\/p>\n<p class=\"content-publication-data__updated\"><time datetime=\"2025-11-17T00:00:32.969-03:00\">17\/11\/2025 00h00\u00a0<\/time><span class=\"content-publication-data__updated-relative\">\u00a0<time datetime=\"2025-11-17T07:46:54.298-03:00\">Atualizado\u00a0<time datetime=\"2025-11-17T07:46:54.298-03:00\">h\u00e1 3 hora<\/time><\/time><\/span><\/p>\n<\/div>\n<\/div>\n<\/div>\n<\/div>\n<\/div>\n<div class=\"mc-article-body\">\n<article>\n<div id=\"chunk-9134o\">\n<div class=\"cxm-block-video content-media mc-column \" data-block-type=\"backstage-video\" data-block-id=\"2\">\n<div class=\"cxm-block-video__container cxm-block-video__container--fallback cxm-block-video__container--vertical\">\n<div class=\"cxm-block-video__player-fixer\">\n<article class=\"cxm-block-video__player-wrapper\">\n<section class=\"cxm-block-video__player\">\n<div class=\"cxm-block-video__placeholder\" data-video-id=\"14103660\"><img decoding=\"async\" class=\"cxm-block-video__thumb\" title=\"TERM\u00d4METRO DA COP30 #DIA 8\" src=\"https:\/\/s01.video.glbimg.com\/x240\/14103660.jpg\" alt=\"TERM\u00d4METRO DA COP30 #DIA 8\" \/><\/p>\n<div>\n<div class=\"clappr-detach clappr-detach--visible\">\n<div class=\"clappr-detach__placeholder-background\"><\/div>\n<\/div>\n<\/div>\n<\/div>\n<\/section>\n<\/article>\n<\/div>\n<div class=\"cxm-block-video__caption-container\">\n<p class=\"codex-caption codex-caption--small\">TERM\u00d4METRO DA COP30 #DIA 8<\/p>\n<\/div>\n<\/div>\n<\/div>\n<\/div>\n<div id=\"chunk-abi6s\">\n<div class=\"mc-column content-text active-extra-styles \" data-block-type=\"unstyled\" data-block-weight=\"39\" data-block-id=\"3\">\n<p class=\" content-text__container \" data-track-category=\"Link no Texto\" data-track-links=\"\" data-mrf-recirculation=\"Mat\u00e9ria - Links no Texto\">Ol\u00e1, aqui quem escreve \u00e9\u00a0<strong>Roberto Peixoto<\/strong>, rep\u00f3rter de Meio Ambiente no\u00a0<a class=\"\" href=\"https:\/\/g1.globo.com\/\" data-mrf-link=\"https:\/\/g1.globo.com\/\">g1<\/a>. Este \u00e9 o\u00a0<strong>Term\u00f4metro da COP30,<\/strong>\u00a0edi\u00e7\u00e3o #DIA 8, um boletim com o essencial que voc\u00ea precisa saber sobre a 30\u00aa Confer\u00eancia do Clima da ONU.<\/p>\n<\/div>\n<\/div>\n<div class=\"wall protected-content\">\n<div id=\"chunk-crn54\">\n<div class=\"mc-column content-text active-extra-styles \" data-block-type=\"unstyled\" data-block-weight=\"49\" data-block-id=\"5\">\n<p class=\" content-text__container \" data-track-category=\"Link no Texto\" data-track-links=\"\" data-mrf-recirculation=\"Mat\u00e9ria - Links no Texto\">Eu vou explicar para voc\u00ea, em\u00a0<strong>7 t\u00f3picos<\/strong>, como foi o final de semana em Bel\u00e9m.\u00a0<span class=\"highlight highlighted\">Entre os destaques, eu conto que a Alemanha finalmente sinalizou que deve anunciar sua contribui\u00e7\u00e3o ao Fundo Florestas Tropicais para Sempre, enquanto o plano de\u00a0<\/span><strong><span class=\"highlight highlighted\">US$ 1,3 trilh\u00e3o<\/span><\/strong><span class=\"highlight highlighted\">\u00a0segue enfrentando resist\u00eancia de pa\u00edses-chave.<\/span><\/p>\n<\/div>\n<\/div>\n<div id=\"chunk-ea259\">\n<div class=\"mc-column content-text active-extra-styles \" data-block-type=\"unstyled\" data-block-weight=\"42\" data-block-id=\"6\">\n<p class=\" content-text__container \" data-track-category=\"Link no Texto\" data-track-links=\"\" data-mrf-recirculation=\"Mat\u00e9ria - Links no Texto\">Vou falar tamb\u00e9m por que a discuss\u00e3o sobre minerais virou assunto central da COP pela primeira vez. E ainda explico o que est\u00e1 por tr\u00e1s da disputa sobre as\u00a0<strong>decis\u00f5es de capa<\/strong> e por que isso importa para o desfecho desta confer\u00eancia.<\/p>\n<\/div>\n<\/div>\n<div id=\"chunk-eothv\">\n<div class=\"mc-column content-text active-extra-styles\" data-block-type=\"raw\" data-block-weight=\"7\" data-block-id=\"8\">\n<div class=\"content-intertitle\">\n<h2>1 &#8211; Em alta X em baixa<\/h2>\n<\/div>\n<\/div>\n<\/div>\n<div id=\"chunk-45vt1\">\n<div class=\"mc-column content-text active-extra-styles\" data-block-type=\"raw\" data-block-weight=\"48\" data-block-id=\"9\">\n<ul class=\"content-unordered-list\" data-mrf-recirculation=\"Mat\u00e9ria - Leia Tamb\u00e9m (Lista)\">\n<li><strong>EM ALTA: \ud83d\udcb0\u00a0<\/strong>A Alemanha deu um sinal importante em Bel\u00e9m. O ministro do Meio Ambiente, Carsten Schneider, disse que \u201c<strong>nos pr\u00f3ximos dias<\/strong>\u201d deve anunciar quanto o pa\u00eds vai colocar no Fundo Florestas Tropicais para Sempre, o TFFF,\u00a0<a class=\"\" href=\"https:\/\/g1.globo.com\/meio-ambiente\/cop-30\/noticia\/2025\/11\/06\/tfff-entenda-em-5-pontos-o-que-e-o-fundo-florestas-tropicais-para-sempre-proposta-liderada-pelo-brasil.ghtml\" data-mrf-link=\"https:\/\/g1.globo.com\/meio-ambiente\/cop-30\/noticia\/2025\/11\/06\/tfff-entenda-em-5-pontos-o-que-e-o-fundo-florestas-tropicais-para-sempre-proposta-liderada-pelo-brasil.ghtml\">iniciativa lan\u00e7ada pelo Brasil para pagar quem conserva suas florestas.<\/a><\/li>\n<\/ul>\n<\/div>\n<\/div>\n<div id=\"chunk-a37e9\">\n<div class=\"mc-column content-text active-extra-styles\" data-block-type=\"raw\" data-block-weight=\"41\" data-block-id=\"10\">\n<blockquote class=\"content-blockquote theme-border-color-primary-before\"><p>\u201cTenho mantido conversas sobre isso em Berlim nos \u00faltimos dias e espero que, muito em breve, possamos dizer exatamente quanto dinheiro estar\u00e1 envolvido\u201d, afirmou Schneider. \u201cMas podem ter certeza de que, se a Alemanha fizer isso, ser\u00e1 feito da maneira correta.<\/p><\/blockquote>\n<\/div>\n<\/div>\n<div id=\"chunk-cnjgb\">\n<div class=\"mc-column content-text active-extra-styles\" data-block-type=\"raw\" data-block-weight=\"98\" data-block-id=\"11\">\n<ul class=\"content-unordered-list\" data-mrf-recirculation=\"Mat\u00e9ria - Leia Tamb\u00e9m (Lista)\">\n<li><strong>EM BAIXA:<\/strong>\u00a0\ud83d\uddfa\ufe0f O plano de mobilizar\u00a0<strong>US$ 1,3 trilh\u00e3o<\/strong>\u00a0por ano em financiamento clim\u00e1tico, uma das apostas pol\u00edticas do Brasil para esta COP30, encontrou resist\u00eancia. Jap\u00e3o, China e Qu\u00eania questionaram a legitimidade do debate e evitaram apoiar o documento preparado pelas presid\u00eancias da COP29 e COP30. Um resumo t\u00e9cnico divulgado no fim de semana\u00a0<em>(entenda mais no item 4)<\/em>, que deveria ajudar a montar um pacote de decis\u00f5es, tamb\u00e9m n\u00e3o incorporou os\u00a0<strong>mapas do caminho<\/strong>\u00a0defendidos por Lula, deixando o roteiro brasileiro com menos for\u00e7a justamente no momento em que o tema entra no centro das negocia\u00e7\u00f5es.<\/li>\n<\/ul>\n<\/div>\n<\/div>\n<div id=\"chunk-60ngm\">\n<div class=\"mc-column content-text active-extra-styles\" data-block-type=\"raw\" data-block-weight=\"12\" data-block-id=\"12\">\n<div class=\"content-intertitle\">\n<h2>2 &#8211; Brisa de esperan\u00e7a: minerais entram no palco principal da COP30<\/h2>\n<\/div>\n<\/div>\n<\/div>\n<div id=\"chunk-cq82l\">\n<div class=\"mc-column content-text active-extra-styles \" data-block-type=\"unstyled\" data-block-weight=\"54\" data-block-id=\"14\">\n<p class=\" content-text__container \" data-track-category=\"Link no Texto\" data-track-links=\"\" data-mrf-recirculation=\"Mat\u00e9ria - Links no Texto\">Uma novidade importante apareceu na \u00faltima sexta-feira (14) em Bel\u00e9m. Pela primeira vez, os pa\u00edses reunidos numa c\u00fapula do tipo da ONU come\u00e7aram a discutir abertamente de onde v\u00eam os\u00a0<strong>minerais\u00a0<\/strong>que fazem a energia limpa acontecer. Ou seja, tudo aquilo que vira bateria, painel solar, motor de carro el\u00e9trico e turbina e\u00f3lica.<\/p>\n<\/div>\n<\/div>\n<div id=\"chunk-a10vb\">\n<div class=\"mc-column content-text active-extra-styles \" data-block-type=\"unstyled\" data-block-weight=\"20\" data-block-id=\"15\">\n<p class=\" content-text__container \" data-track-category=\"Link no Texto\" data-track-links=\"\" data-mrf-recirculation=\"Mat\u00e9ria - Links no Texto\">At\u00e9 agora, esse assunto tinha ficado sempre na\u00a0<strong>borda das COPs<\/strong>, mesmo sendo decisivo para qualquer promessa de transi\u00e7\u00e3o energ\u00e9tica.<\/p>\n<\/div>\n<\/div>\n<div id=\"chunk-e5vm7\">\n<div class=\"mc-column content-text active-extra-styles \" data-block-type=\"unstyled\" data-block-weight=\"29\" data-block-id=\"16\">\n<p class=\" content-text__container \" data-track-category=\"Link no Texto\" data-track-links=\"\" data-mrf-recirculation=\"Mat\u00e9ria - Links no Texto\"><span class=\"highlight highlighted\">No fim do dia, um rascunho divulgado admitiu que a corrida por l\u00edtio, cobre e n\u00edquel cria oportunidades, mas tamb\u00e9m pressiona comunidades que vivem perto das \u00e1reas de minera\u00e7\u00e3o.<\/span><\/p>\n<\/div>\n<\/div>\n<div id=\"chunk-femk0\">\n<div class=\"mc-column content-text active-extra-styles \" data-block-type=\"unstyled\" data-block-weight=\"27\" data-block-id=\"17\">\n<p class=\" content-text__container \" data-track-category=\"Link no Texto\" data-track-links=\"\" data-mrf-recirculation=\"Mat\u00e9ria - Links no Texto\">E trouxe um ponto novo: o texto reconhece os direitos dos povos ind\u00edgenas, inclusive grupos em isolamento volunt\u00e1rio, que podem ser diretamente afetados pela expans\u00e3o desses projetos.<\/p>\n<\/div>\n<\/div>\n<div id=\"chunk-1nu8s\">\n<div class=\"mc-column content-text active-extra-styles\" data-block-type=\"raw\" data-block-weight=\"13\" data-block-id=\"18\">\n<ul class=\"content-unordered-list\" data-mrf-recirculation=\"Mat\u00e9ria - Leia Tamb\u00e9m (Lista)\">\n<li><a class=\"\" href=\"https:\/\/g1.globo.com\/economia\/noticia\/2024\/03\/04\/oferta-de-energia-cresce-mais-que-consumo-e-brasil-joga-fora-excesso-entenda.ghtml\" data-mrf-link=\"https:\/\/g1.globo.com\/economia\/noticia\/2024\/03\/04\/oferta-de-energia-cresce-mais-que-consumo-e-brasil-joga-fora-excesso-entenda.ghtml\">Oferta de energia cresce mais que consumo, e Brasil &#8216;joga fora&#8217; excesso; entenda<\/a><\/li>\n<\/ul>\n<\/div>\n<\/div>\n<div id=\"chunk-5riu7\">\n<div class=\"mc-column content-text active-extra-styles \" data-block-type=\"unstyled\" data-block-weight=\"65\" data-block-id=\"19\">\n<p class=\" content-text__container \" data-track-category=\"Link no Texto\" data-track-links=\"\" data-mrf-recirculation=\"Mat\u00e9ria - Links no Texto\">O clima nas salas de negocia\u00e7\u00e3o \u00e9 de que esse assunto precisava aparecer. Pa\u00edses como Brasil e v\u00e1rias na\u00e7\u00f5es africanas v\u00eam repetindo que a\u00a0<strong>transi\u00e7\u00e3o energ\u00e9tica<\/strong> s\u00f3 ser\u00e1 justa se os territ\u00f3rios que fornecem esses recursos n\u00e3o ficarem com o \u00f4nus e perderem o b\u00f4nus. Por isso, a entrada do tema no texto, mesmo ainda entre colchetes, coloca essa discuss\u00e3o na rota das decis\u00f5es pol\u00edticas.<\/p>\n<\/div>\n<\/div>\n<div id=\"chunk-tnhm\">\n<div class=\"mc-column content-text active-extra-styles \" data-block-type=\"unstyled\" data-block-weight=\"43\" data-block-id=\"21\">\n<p class=\" content-text__container \" data-track-category=\"Link no Texto\" data-track-links=\"\" data-mrf-recirculation=\"Mat\u00e9ria - Links no Texto\">Nada est\u00e1 fechado e o documento continua em disputa, mas o fato de o tema ter entrado de vez na mesa \u00e9 um passo para encarar n\u00e3o s\u00f3 o futuro da energia limpa, mas todo esse caminho que ela percorre at\u00e9 chegar l\u00e1.<\/p>\n<\/div>\n<\/div>\n<div id=\"chunk-5vlm7\">\n<div class=\"mc-column content-text active-extra-styles\" data-block-type=\"raw\" data-block-weight=\"5\" data-block-id=\"22\">\n<div class=\"content-intertitle\">\n<h2>3 &#8211; Traduz a\u00ed, g1<\/h2>\n<\/div>\n<\/div>\n<\/div>\n<div id=\"chunk-5eb4c\">\n<div class=\"row medium-uncollapsed content-media content-photo\" data-block-type=\"backstage-photo\" data-block-id=\"23\">\n<div class=\" mc-column  content-media__container\">\n<p class=\"content-media__description  \">Obras no Parque da Cidade da COP30 \u2014 Foto: PABLO PORCIUNCULA\/AFP<\/p>\n<\/div>\n<\/div>\n<\/div>\n<div id=\"chunk-9qsp4\">\n<div class=\"mc-column content-text active-extra-styles \" data-block-type=\"unstyled\" data-block-weight=\"30\" data-block-id=\"24\">\n<p class=\" content-text__container \" data-track-category=\"Link no Texto\" data-track-links=\"\" data-mrf-recirculation=\"Mat\u00e9ria - Links no Texto\"><strong>O QUE S\u00c3O AS DECIS\u00d5ES DE CAPA?<\/strong>\u00a0As decis\u00f5es de capa s\u00e3o documentos pol\u00edticos escritos pela presid\u00eancia da COP para \u201c<strong>amarrar<\/strong>\u201d o resultado final de uma confer\u00eancia do clima.<\/p>\n<\/div>\n<\/div>\n<div id=\"chunk-9pjos\">\n<div class=\"mc-column content-text active-extra-styles \" data-block-type=\"unstyled\" data-block-weight=\"33\" data-block-id=\"25\">\n<p class=\" content-text__container \" data-track-category=\"Link no Texto\" data-track-links=\"\" data-mrf-recirculation=\"Mat\u00e9ria - Links no Texto\">Elas funcionam como um texto guarda-chuva:\u00a0<span class=\"highlight\">n\u00e3o pertencem a nenhum item espec\u00edfico da agenda, mas sintetizam a mensagem pol\u00edtica da COP e podem destacar temas que n\u00e3o foram totalmente resolvidos nas negocia\u00e7\u00f5es formais.<\/span><\/p>\n<\/div>\n<\/div>\n<div id=\"chunk-54udj\">\n<div class=\"mc-column content-text active-extra-styles \" data-block-type=\"unstyled\" data-block-weight=\"40\" data-block-id=\"27\">\n<p class=\" content-text__container \" data-track-category=\"Link no Texto\" data-track-links=\"\" data-mrf-recirculation=\"Mat\u00e9ria - Links no Texto\">Na pr\u00e1tica, s\u00e3o usadas quando a presid\u00eancia quer dar um rumo geral \u00e0 confer\u00eancia, refor\u00e7ar prioridades ou registrar compromissos que n\u00e3o cabem nas decis\u00f5es t\u00e9cnicas. Por isso mesmo, s\u00e3o textos mais pol\u00edticos do que operacionais, e acabam criando debate.<\/p>\n<\/div>\n<\/div>\n<div id=\"chunk-a6v6e\">\n<div class=\"mc-column content-text active-extra-styles \" data-block-type=\"unstyled\" data-block-weight=\"30\" data-block-id=\"28\">\n<p class=\" content-text__container \" data-track-category=\"Link no Texto\" data-track-links=\"\" data-mrf-recirculation=\"Mat\u00e9ria - Links no Texto\">Pa\u00edses como o Brasil costumam questionar a legitimidade desse instrumento, j\u00e1 que ele\u00a0<strong>n\u00e3o passa pelo mesmo processo r\u00edgido de negocia\u00e7\u00e3o<\/strong>\u00a0linha a linha que rege o restante da COP.<\/p>\n<\/div>\n<\/div>\n<div id=\"chunk-634vm\">\n<div class=\"mc-column content-text active-extra-styles \" data-block-type=\"unstyled\" data-block-weight=\"49\" data-block-id=\"29\">\n<p class=\" content-text__container \" data-track-category=\"Link no Texto\" data-track-links=\"\" data-mrf-recirculation=\"Mat\u00e9ria - Links no Texto\">Outro motivo de pol\u00eamica \u00e9 o consenso: toda decis\u00e3o da COP precisa ser adotada sem obje\u00e7\u00f5es formais, mas cabe \u00e0 presid\u00eancia interpretar se esse consenso existe. Em\u00a0<a class=\"\" href=\"https:\/\/g1.globo.com\/meio-ambiente\/cop-27\/noticia\/2022\/11\/20\/cop-27-organizacoes-de-defesa-do-clima-apontam-vitorias-e-retrocessos.ghtml\" data-mrf-link=\"https:\/\/g1.globo.com\/meio-ambiente\/cop-27\/noticia\/2022\/11\/20\/cop-27-organizacoes-de-defesa-do-clima-apontam-vitorias-e-retrocessos.ghtml\">confer\u00eancias recentes<\/a>, textos foram aprovados mesmo diante de\u00a0<a class=\"\" href=\"https:\/\/g1.globo.com\/meio-ambiente\/cop-26\/noticia\/2021\/11\/13\/cop26-texto-final-e-acordado-apos-pedido-de-mudanca-de-ultima-hora-mas-ainda-assim-defende-reducao-de-combustiveis-fosseis.ghtml\" data-mrf-link=\"https:\/\/g1.globo.com\/meio-ambiente\/cop-26\/noticia\/2021\/11\/13\/cop26-texto-final-e-acordado-apos-pedido-de-mudanca-de-ultima-hora-mas-ainda-assim-defende-reducao-de-combustiveis-fosseis.ghtml\">discord\u00e2ncias expl\u00edcitas<\/a>, o que aumentou a desconfian\u00e7a sobre o uso das decis\u00f5es de capa.<\/p>\n<\/div>\n<\/div>\n<div id=\"chunk-f9h1q\">\n<div class=\"mc-column content-text active-extra-styles \" data-block-type=\"unstyled\" data-block-weight=\"6\" data-block-id=\"30\">\n<p class=\" content-text__container \" data-track-category=\"Link no Texto\" data-track-links=\"\" data-mrf-recirculation=\"Mat\u00e9ria - Links no Texto\"><strong>Veja exemplos importantes de outras COPs:<\/strong><\/p>\n<\/div>\n<\/div>\n<div id=\"chunk-ao4ha\">\n<div class=\"mc-column content-text active-extra-styles\" data-block-type=\"raw\" data-block-weight=\"39\" data-block-id=\"31\">\n<ul class=\"content-unordered-list\" data-mrf-recirculation=\"Mat\u00e9ria - Leia Tamb\u00e9m (Lista)\">\n<li><strong>COP26 (Glasgow):\u00a0<\/strong>pela primeira vez, mencionou carv\u00e3o e subs\u00eddios f\u00f3sseis.<\/li>\n<li><strong>COP28 (Dubai)<\/strong>: trouxe a frase hist\u00f3rica sobre a \u201ctransi\u00e7\u00e3o para longe dos combust\u00edveis f\u00f3sseis\u201d, assinada por 198 pa\u00edses.<\/li>\n<li><strong>COP25 (Madri) e COP27 (Egito):<\/strong>\u00a0entregaram decis\u00f5es fracas e muito criticadas.<\/li>\n<\/ul>\n<\/div>\n<\/div>\n<div id=\"chunk-fs6he\">\n<div class=\"mc-column content-text active-extra-styles \" data-block-type=\"unstyled\" data-block-weight=\"23\" data-block-id=\"32\">\n<p class=\" content-text__container \" data-track-category=\"Link no Texto\" data-track-links=\"\" data-mrf-recirculation=\"Mat\u00e9ria - Links no Texto\">Em resumo: decis\u00f5es de capa podem elevar a ambi\u00e7\u00e3o da confer\u00eancia, como Glasgow e Dubai, ou frustrar expectativas, como Madri e Sharm.<\/p>\n<\/div>\n<\/div>\n<div id=\"chunk-a7hnq\">\n<div class=\"mc-column content-text active-extra-styles \" data-block-type=\"unstyled\" data-block-weight=\"32\" data-block-id=\"33\">\n<p class=\" content-text__container \" data-track-category=\"Link no Texto\" data-track-links=\"\" data-mrf-recirculation=\"Mat\u00e9ria - Links no Texto\">Em Bel\u00e9m, o Brasil diz que prefere n\u00e3o usar esse instrumento, mas a\u00a0<a class=\"\" href=\"https:\/\/g1.globo.com\/meio-ambiente\/cop-30\/noticia\/2025\/11\/15\/nos-bastidores-da-cop30-brasil-arma-estrategia-para-destravar-plano-global-contra-combustiveis-fosseis.ghtml\" data-mrf-link=\"https:\/\/g1.globo.com\/meio-ambiente\/cop-30\/noticia\/2025\/11\/15\/nos-bastidores-da-cop30-brasil-arma-estrategia-para-destravar-plano-global-contra-combustiveis-fosseis.ghtml\">press\u00e3o por um recado claro sobre combust\u00edveis f\u00f3sseis<\/a>, desmatamento e financiamento est\u00e1 mantendo o assunto no centro das conversas.<\/p>\n<\/div>\n<\/div>\n<div id=\"chunk-a3hla\">\n<div class=\"mc-column content-text active-extra-styles\" data-block-type=\"raw\" data-block-weight=\"16\" data-block-id=\"35\">\n<div class=\"content-intertitle\">\n<h2>4 &#8211; Pergunta do dia: o que falta para um acordo &#8211; e quando isso acontece?<\/h2>\n<\/div>\n<\/div>\n<\/div>\n<div id=\"chunk-ce3fj\">\n<div class=\"mc-column content-text active-extra-styles \" data-block-type=\"unstyled\" data-block-weight=\"73\" data-block-id=\"36\">\n<p class=\" content-text__container \" data-track-category=\"Link no Texto\" data-track-links=\"\" data-mrf-recirculation=\"Mat\u00e9ria - Links no Texto\">A COP30 come\u00e7a essa sua segunda semana com uma pe\u00e7a importante j\u00e1 na mesa: o documento que resume as consultas sobre os quatro temas que ficaram pendentes no in\u00edcio da confer\u00eancia:\u00a0<strong>financiamento clim\u00e1tico\u00a0<\/strong>(quem paga a conta da crise),<strong>\u00a0com\u00e9rcio internacional\u00a0<\/strong>(como regras de mercado afetam o clima),<strong>\u00a0lacuna de ambi\u00e7\u00e3o\u00a0<\/strong>(o quanto as metas atuais ainda s\u00e3o insuficientes) e\u00a0<strong>relat\u00f3rios de implementa\u00e7\u00e3o\u00a0<\/strong>(como cada pa\u00eds mostra o que fez ou n\u00e3o fez).<\/p>\n<\/div>\n<\/div>\n<div id=\"chunk-7u3kg\">\n<div class=\"mc-column content-text active-extra-styles \" data-block-type=\"unstyled\" data-block-weight=\"18\" data-block-id=\"37\">\n<p class=\" content-text__container \" data-track-category=\"Link no Texto\" data-track-links=\"\" data-mrf-recirculation=\"Mat\u00e9ria - Links no Texto\"><span class=\"highlight highlighted\">Esse material saiu no fim do domingo e agora serve de base para tudo que come\u00e7a nesta segunda-feira.<\/span><\/p>\n<\/div>\n<\/div>\n<div id=\"chunk-5omds\">\n<div class=\"mc-column content-text active-extra-styles\" data-block-type=\"quote-plugin\" data-block-id=\"38\">\n<div class=\"show-block-quote\">\n<div class=\"show-block-quote__caption\">O desafio daqui em diante \u00e9 se o Brasil vai aproveitar esses dois pilares, financiamento e ambi\u00e7\u00e3o, para conduzir um resultado robusto, ou permitir que o processo caia no denominador comum mais baixo. Igualmente cr\u00edtico \u00e9 saber se a Europa e outros pa\u00edses desenvolvidos v\u00e3o aumentar sua ambi\u00e7\u00e3o em financiamento clim\u00e1tico para viabilizar um acordo.<\/div>\n<div class=\"show-block-quote__after-caption\"><\/div>\n<div class=\"show-block-quote__author\">\u2014 Andreas Sieber, diretor-Associado de Pol\u00edticas e Campanhas da 350.org.<\/div>\n<\/div>\n<\/div>\n<\/div>\n<div id=\"chunk-frtj6\">\n<div class=\"mc-column content-text active-extra-styles\" data-block-type=\"raw\" data-block-weight=\"6\" data-block-id=\"40\">\n<ul class=\"content-unordered-list\" data-mrf-recirculation=\"Mat\u00e9ria - Leia Tamb\u00e9m (Lista)\">\n<li><a class=\"\" href=\"https:\/\/g1.globo.com\/meio-ambiente\/cop-30\/noticia\/2025\/11\/10\/como-funcionam-as-negociacoes-na-cop-qual-o-caminho-dos-acordos-e-o-que-acontece-nas-salas-da-conferencia.ghtml\" data-mrf-link=\"https:\/\/g1.globo.com\/meio-ambiente\/cop-30\/noticia\/2025\/11\/10\/como-funcionam-as-negociacoes-na-cop-qual-o-caminho-dos-acordos-e-o-que-acontece-nas-salas-da-conferencia.ghtml\">Como funcionam as negocia\u00e7\u00f5es na COP<\/a><\/li>\n<\/ul>\n<\/div>\n<\/div>\n<div id=\"chunk-d1ath\">\n<div class=\"mc-column content-text active-extra-styles \" data-block-type=\"unstyled\" data-block-weight=\"63\" data-block-id=\"41\">\n<p class=\" content-text__container \" data-track-category=\"Link no Texto\" data-track-links=\"\" data-mrf-recirculation=\"Mat\u00e9ria - Links no Texto\">E a partir de hoje, entram em cena as discuss\u00f5es mais pol\u00edticas. Com a chegada de diversos ministros, come\u00e7a a etapa em que os pa\u00edses precisam decidir o que est\u00e3o dispostos a ceder para que a confer\u00eancia avance. \u00c9 tamb\u00e9m o in\u00edcio das\u00a0<strong>falas de alto n\u00edvel<\/strong>, quando essas autoridades fazem discursos p\u00fablicos e deixam claro qual \u00e9 a prioridade de cada governo.<\/p>\n<\/div>\n<\/div>\n<div id=\"chunk-3ig6l\">\n<div class=\"mc-column content-text active-extra-styles\" data-block-type=\"raw\" data-block-weight=\"16\" data-block-id=\"42\">\n<ul class=\"content-unordered-list\" data-mrf-recirculation=\"Mat\u00e9ria - Leia Tamb\u00e9m (Lista)\">\n<li><a class=\"\" href=\"https:\/\/g1.globo.com\/institucional\/vc-no-g1-como-entrar-em-contato-enviar-videos-fotos-e-mensagens.ghtml\" data-mrf-link=\"https:\/\/g1.globo.com\/institucional\/vc-no-g1-como-entrar-em-contato-enviar-videos-fotos-e-mensagens.ghtml\">Quer mandar uma pergunta pro TERM\u00d4METRO? Envie pelo VC no g1 ou nos coment\u00e1rios desta reportagem<\/a><\/li>\n<\/ul>\n<\/div>\n<\/div>\n<div id=\"chunk-5jl24\">\n<div class=\"mc-column content-text active-extra-styles \" data-block-type=\"unstyled\" data-block-weight=\"52\" data-block-id=\"43\">\n<p class=\" content-text__container \" data-track-category=\"Link no Texto\" data-track-links=\"\" data-mrf-recirculation=\"Mat\u00e9ria - Links no Texto\">O grande teste da semana \u00e9 ver se esses quatro temas conseguem caminhar juntos. A ideia de\u00a0<strong>empacotar tudo numa decis\u00e3o \u00fanica\u00a0<\/strong>ainda est\u00e1 circulando, mas depende de algo que, at\u00e9 agora, n\u00e3o apareceu com clareza: consenso sobre financiamento.\u00a0<span class=\"highlight highlighted\">Sem isso, metas n\u00e3o andam; e sem metas, com\u00e9rcio e transpar\u00eancia ficam parados.<\/span><\/p>\n<\/div>\n<\/div>\n<div id=\"chunk-e61us\">\n<div class=\"mc-column content-text active-extra-styles \" data-block-type=\"unstyled\" data-block-weight=\"47\" data-block-id=\"44\">\n<p class=\" content-text__container \" data-track-category=\"Link no Texto\" data-track-links=\"\" data-mrf-recirculation=\"Mat\u00e9ria - Links no Texto\">Em outras palavras: esta \u00e9 a semana em que a COP30 decide se consegue transformar aquele diagn\u00f3stico t\u00e9cnico do domingo em acordos reais e se sai de Bel\u00e9m com um conjunto de decis\u00f5es capaz de ser apresentado como avan\u00e7o, n\u00e3o apenas como mais uma\u00a0<strong>lista de impasses.<\/strong><\/p>\n<\/div>\n<\/div>\n<div id=\"chunk-6kr6m\">\n<div class=\"mc-column content-text active-extra-styles\" data-block-type=\"raw\" data-block-weight=\"5\" data-block-id=\"45\">\n<div class=\"content-intertitle\">\n<h2>5 &#8211; F\u00f3ssil do Dia<\/h2>\n<\/div>\n<\/div>\n<\/div>\n<div id=\"chunk-fkhvm\">\n<div class=\"row medium-uncollapsed content-media content-photo\" data-block-type=\"backstage-photo\" data-block-id=\"46\">\n<div class=\" mc-column  content-media__container\">\n<p class=\"content-media__description  \">Ativistas entregam o \u201cF\u00f3ssil do Dia\u201d \u00e0 Indon\u00e9sia durante cerim\u00f4nia sat\u00edrica na COP30, em Bel\u00e9m. \u2014 Foto: Climate Action Network<\/p>\n<\/div>\n<\/div>\n<\/div>\n<div id=\"chunk-ru2d\">\n<div class=\"mc-column content-text active-extra-styles \" data-block-type=\"unstyled\" data-block-weight=\"68\" data-block-id=\"48\">\n<p class=\" content-text__container \" data-track-category=\"Link no Texto\" data-track-links=\"\" data-mrf-recirculation=\"Mat\u00e9ria - Links no Texto\">O F\u00f3ssil do Dia do s\u00e1bado foi para a Indon\u00e9sia. O motivo: o pa\u00eds levou para a delega\u00e7\u00e3o um dos maiores\u00a0<a class=\"\" href=\"https:\/\/g1.globo.com\/meio-ambiente\/cop-30\/noticia\/2025\/11\/01\/quem-sao-os-lobistas-que-atuam-nas-cops.ghtml\" data-mrf-link=\"https:\/\/g1.globo.com\/meio-ambiente\/cop-30\/noticia\/2025\/11\/01\/quem-sao-os-lobistas-que-atuam-nas-cops.ghtml\">grupos de lobistas de combust\u00edveis f\u00f3sseis<\/a>\u00a0entre os pa\u00edses em desenvolvimento e, segundo organiza\u00e7\u00f5es da sociedade civil, chegou a repetir quase palavra por palavra, em uma fala oficial, os argumentos desses grupos nas negocia\u00e7\u00f5es do\u00a0<em>Artigo 6.4,<\/em>\u00a0que trata das regras do\u00a0<strong>mercado de carbono<\/strong> da ONU.<\/p>\n<\/div>\n<\/div>\n<div id=\"chunk-483bj\">\n<div class=\"mc-column content-text active-extra-styles\" data-block-type=\"raw\" data-block-weight=\"12\" data-block-id=\"49\">\n<ul class=\"content-unordered-list\" data-mrf-recirculation=\"Mat\u00e9ria - Leia Tamb\u00e9m (Lista)\">\n<li><a class=\"\" href=\"https:\/\/g1.globo.com\/meio-ambiente\/cop-30\/noticia\/2025\/08\/30\/o-que-e-e-como-funciona-o-mercado-de-carbono.ghtml\" data-mrf-link=\"https:\/\/g1.globo.com\/meio-ambiente\/cop-30\/noticia\/2025\/08\/30\/o-que-e-e-como-funciona-o-mercado-de-carbono.ghtml\">O que \u00e9 e como funciona o mercado de carbono? Entenda aqui<\/a><\/li>\n<\/ul>\n<\/div>\n<\/div>\n<div id=\"chunk-ar20\">\n<div class=\"mc-column content-text active-extra-styles \" data-block-type=\"unstyled\" data-block-weight=\"40\" data-block-id=\"50\">\n<p class=\" content-text__container \" data-track-category=\"Link no Texto\" data-track-links=\"\" data-mrf-recirculation=\"Mat\u00e9ria - Links no Texto\">Na pr\u00e1tica, a cr\u00edtica \u00e9 simples: em vez de defender regras mais r\u00edgidas para garantir que os cr\u00e9ditos de carbono tenham qualidade e n\u00e3o sirvam para adiar\u00a0<strong>cortes de emiss\u00f5es<\/strong>, a Indon\u00e9sia adotou posi\u00e7\u00f5es vistas pelos ativistas como permissivas demais.<\/p>\n<\/div>\n<\/div>\n<div id=\"chunk-6vopq\">\n<div class=\"mc-column content-text active-extra-styles \" data-block-type=\"unstyled\" data-block-weight=\"37\" data-block-id=\"51\">\n<p class=\" content-text__container \" data-track-category=\"Link no Texto\" data-track-links=\"\" data-mrf-recirculation=\"Mat\u00e9ria - Links no Texto\">Esse pr\u00eamio tamb\u00e9m reflete o clima da COP30. Um levantamento divulgado por organiza\u00e7\u00f5es mostrou que mais de\u00a0<strong><span class=\"highlight highlighted\">1,6 mil pessoas ligadas \u00e0 ind\u00fastria f\u00f3ssil est\u00e3o credenciadas na confer\u00eancia<\/span><\/strong>, um n\u00famero que ultrapassa delega\u00e7\u00f5es inteiras de pa\u00edses vulner\u00e1veis.<\/p>\n<\/div>\n<\/div>\n<div id=\"chunk-dr562\">\n<div class=\"mc-column content-text active-extra-styles \" data-block-type=\"unstyled\" data-block-weight=\"22\" data-block-id=\"52\">\n<p class=\" content-text__container \" data-track-category=\"Link no Texto\" data-track-links=\"\" data-mrf-recirculation=\"Mat\u00e9ria - Links no Texto\"><em>\ud83e\udd96 O &#8220;F\u00f3ssil do dia&#8221; \u00e9 um &#8220;pr\u00eamio&#8221; simb\u00f3lico e ir\u00f4nico, concedido uma vez por dia durante as confer\u00eancias clim\u00e1ticas da ONU.<\/em><\/p>\n<\/div>\n<\/div>\n<div id=\"chunk-1q1p4\">\n<div class=\"mc-column content-text active-extra-styles\" data-block-type=\"raw\" data-block-weight=\"5\" data-block-id=\"53\">\n<div class=\"content-intertitle\">\n<h2>6 &#8211; Voc\u00ea precisa assistir<\/h2>\n<\/div>\n<\/div>\n<\/div>\n<div id=\"chunk-bq8am\">\n<div class=\"cxm-block-video content-media mc-column \" data-block-type=\"backstage-video\" data-block-id=\"54\">\n<div class=\"cxm-block-video__container cxm-block-video__container--fallback cxm-block-video__container--vertical\">\n<div class=\"cxm-block-video__player-fixer\">\n<article class=\"cxm-block-video__player-wrapper\">\n<section class=\"cxm-block-video__player\">\n<div class=\"cxm-block-video__placeholder\" data-video-id=\"14100228\"><img decoding=\"async\" class=\"cxm-block-video__thumb\" title=\"Povos ind\u00edgenas v\u00e3o a COP para combater crise clim\u00e1tica: 'queremos decidir juntos'\" src=\"https:\/\/s01.video.glbimg.com\/x240\/14100228.jpg\" alt=\"Povos ind\u00edgenas v\u00e3o a COP para combater crise clim\u00e1tica: 'queremos decidir juntos'\" \/><\/div>\n<\/section>\n<\/article>\n<\/div>\n<div class=\"cxm-block-video__caption-container\">\n<p class=\"codex-caption codex-caption--small\">Povos ind\u00edgenas v\u00e3o a COP para combater crise clim\u00e1tica: &#8216;queremos decidir juntos&#8217;<\/p>\n<\/div>\n<\/div>\n<\/div>\n<\/div>\n<div id=\"chunk-2jnjt\">\n<div class=\"mc-column content-text active-extra-styles \" data-block-type=\"unstyled\" data-block-weight=\"73\" data-block-id=\"56\">\n<p class=\" content-text__container \" data-track-category=\"Link no Texto\" data-track-links=\"\" data-mrf-recirculation=\"Mat\u00e9ria - Links no Texto\">A nossa Paula Paiva Paulo esteve na Aldeia COP, na UFPA, e encontrou um espa\u00e7o que virou um outro centro da confer\u00eancia. Mais de\u00a0<strong>3 mil ind\u00edgenas<\/strong>, de v\u00e1rias regi\u00f5es do Brasil e tamb\u00e9m de fora, est\u00e3o reunidos ali enquanto a COP30 acontece. A PPP conta que, quando voc\u00ea chega ao local, a diversidade salta aos olhos:\u00a0<a class=\"\" href=\"https:\/\/g1.globo.com\/economia\/censo\/noticia\/2025\/10\/24\/censo-2022-etnias-linguas-indigenas.ghtml\" data-mrf-link=\"https:\/\/g1.globo.com\/economia\/censo\/noticia\/2025\/10\/24\/censo-2022-etnias-linguas-indigenas.ghtml\">\u00e9 quase um resumo do pa\u00eds, que tem 391 povos e 295 l\u00ednguas, segundo o IBGE.<\/a><\/p>\n<\/div>\n<\/div>\n<div id=\"chunk-co998\">\n<div class=\"mc-column content-text active-extra-styles \" data-block-type=\"unstyled\" data-block-weight=\"54\" data-block-id=\"57\">\n<p class=\" content-text__container \" data-track-category=\"Link no Texto\" data-track-links=\"\" data-mrf-recirculation=\"Mat\u00e9ria - Links no Texto\">A Paula conversou com v\u00e1rios deles para entender o que esperam da COP. E um ponto apareceu em quase todas as falas: o clima j\u00e1 est\u00e1 mexendo com o b\u00e1sico, como o plantio.\u00a0<span class=\"highlight highlighted\">Chuva que n\u00e3o avisa, calor fora de \u00e9poca, produ\u00e7\u00e3o perdida. N\u00e3o \u00e9 uma discuss\u00e3o distante, \u00e9 o cotidiano de muita gente.<\/span><\/p>\n<\/div>\n<\/div>\n<div id=\"chunk-91t1v\">\n<div class=\"mc-column content-text active-extra-styles \" data-block-type=\"unstyled\" data-block-weight=\"45\" data-block-id=\"58\">\n<p class=\" content-text__container \" data-track-category=\"Link no Texto\" data-track-links=\"\" data-mrf-recirculation=\"Mat\u00e9ria - Links no Texto\">E, claro, surgem temas que est\u00e3o h\u00e1 anos na pauta ind\u00edgena:\u00a0<strong>demarca\u00e7\u00e3o<\/strong>,\u00a0<strong>homologa\u00e7\u00e3o\u00a0<\/strong>e\u00a0<strong>participa\u00e7\u00e3o direta<\/strong>\u00a0nas decis\u00f5es. Um dos l\u00edderes resumiu bem dizendo que n\u00e3o basta deixar tudo na m\u00e3o dos chefes de Estado, eles querem estar na mesa onde as escolhas s\u00e3o feitas.<\/p>\n<\/div>\n<\/div>\n<div id=\"chunk-np0n\">\n<div class=\"mc-column content-text active-extra-styles \" data-block-type=\"unstyled\" data-block-weight=\"29\" data-block-id=\"59\">\n<p class=\" content-text__container \" data-track-category=\"Link no Texto\" data-track-links=\"\" data-mrf-recirculation=\"Mat\u00e9ria - Links no Texto\">O v\u00eddeo da Paula mostra esse movimento de perto e ajuda a entender uma parte da COP que n\u00e3o aparece nos pavilh\u00f5es, mas que est\u00e1 muito presente em Bel\u00e9m.<\/p>\n<\/div>\n<\/div>\n<div id=\"chunk-1folb\">\n<div class=\"mc-column content-text active-extra-styles\" data-block-type=\"raw\" data-block-weight=\"5\" data-block-id=\"61\">\n<div class=\"content-intertitle\">\n<h2>7 &#8211; Al\u00e9m da imagem<\/h2>\n<\/div>\n<\/div>\n<\/div>\n<div id=\"chunk-29j52\">\n<div class=\"row medium-uncollapsed content-media content-photo\" data-block-type=\"backstage-photo\" data-block-id=\"62\">\n<div class=\" mc-column  content-media__container\">\n<div class=\"content-media-container glb-skeleton-box\">\n<figure class=\"content-media-figure\"><img decoding=\"async\" class=\"i-amphtml-fill-content i-amphtml-replaced-content\" src=\"https:\/\/s2-g1.glbimg.com\/TzluFCmGBIt1YEfy9Zk-0VvwTrM=\/0x0:7922x5282\/984x0\/smart\/filters:strip_icc()\/i.s3.glbimg.com\/v1\/AUTH_59edd422c0c84a879bd37670ae4f538a\/internal_photos\/bs\/2025\/P\/3\/1Q0W5NQAyBsCrmyHl67A\/ap25319637028180.jpg\" sizes=\"(max-width: 1536px) 648px, 100vw\" srcset=\"https:\/\/s2-g1.glbimg.com\/JfJlRfOA_qdUHd4-3FSOOWv7BTc=\/0x0:7922x5282\/1000x0\/smart\/filters:strip_icc()\/i.s3.glbimg.com\/v1\/AUTH_59edd422c0c84a879bd37670ae4f538a\/internal_photos\/bs\/2025\/P\/3\/1Q0W5NQAyBsCrmyHl67A\/ap25319637028180.jpg 1000w, https:\/\/s2-g1.glbimg.com\/TzluFCmGBIt1YEfy9Zk-0VvwTrM=\/0x0:7922x5282\/984x0\/smart\/filters:strip_icc()\/i.s3.glbimg.com\/v1\/AUTH_59edd422c0c84a879bd37670ae4f538a\/internal_photos\/bs\/2025\/P\/3\/1Q0W5NQAyBsCrmyHl67A\/ap25319637028180.jpg 984w, https:\/\/s2-g1.glbimg.com\/G7bzXlrI5SHSVanVI8AgMcDPFcI=\/0x0:7922x5282\/640x0\/smart\/filters:strip_icc()\/i.s3.glbimg.com\/v1\/AUTH_59edd422c0c84a879bd37670ae4f538a\/internal_photos\/bs\/2025\/P\/3\/1Q0W5NQAyBsCrmyHl67A\/ap25319637028180.jpg 640w, https:\/\/s2-g1.glbimg.com\/83clHKyTZw-l83oITkCWXOvLNTs=\/0x0:7922x5282\/600x0\/smart\/filters:strip_icc()\/i.s3.glbimg.com\/v1\/AUTH_59edd422c0c84a879bd37670ae4f538a\/internal_photos\/bs\/2025\/P\/3\/1Q0W5NQAyBsCrmyHl67A\/ap25319637028180.jpg 600w\" alt=\"Marcha Global por Justi\u00e7a Clim\u00e1tica reuniu movimentos sociais de diversos pa\u00edses em Bel\u00e9m. \u2014 Foto: AP\/Andre Penner\" \/><\/figure>\n<\/div>\n<p class=\"content-media__description  \">Marcha Global por Justi\u00e7a Clim\u00e1tica reuniu movimentos sociais de diversos pa\u00edses em Bel\u00e9m. \u2014 Foto: AP\/Andre Penner<\/p>\n<\/div>\n<\/div>\n<\/div>\n<div id=\"chunk-fmaic\">\n<div class=\"mc-column content-text active-extra-styles\" data-block-type=\"raw\" data-block-weight=\"59\" data-block-id=\"63\">\n<blockquote class=\"content-blockquote theme-border-color-primary-before\"><p>MAIS DO QUE UMA FOTO: A Marcha Global por Justi\u00e7a Clim\u00e1tica levou milhares de pessoas \u00e0s ruas de Bel\u00e9m no \u00faltimo s\u00e1bado, e esses tr\u00eas caix\u00f5es (com os nomes carv\u00e3o, petr\u00f3leo e g\u00e1s) resumem o tom do protesto. Foi a imagem que abriu a caminhada, marcada pela presen\u00e7a de grupos culturais, povos tradicionais e movimentos sociais de v\u00e1rios pa\u00edses.<\/p><\/blockquote>\n<\/div>\n<\/div>\n<div id=\"chunk-agnjb\">\n<div class=\"mc-column content-text active-extra-styles \" data-block-type=\"unstyled\" data-block-weight=\"45\" data-block-id=\"64\">\n<p class=\" content-text__container \" data-track-category=\"Link no Texto\" data-track-links=\"\" data-mrf-recirculation=\"Mat\u00e9ria - Links no Texto\">A marcha n\u00e3o passou pela Zona Azul, mas as telas da confer\u00eancia transmitiram tudo, e muitos delegados pararam para acompanhar. E a ideia dos organizadores era justamente essa: mostrar que, fora das salas de negocia\u00e7\u00e3o, h\u00e1 uma press\u00e3o crescente por<strong>\u00a0respostas mais r\u00e1pidas\u00a0<\/strong>e\u00a0<strong>claras<\/strong>.<\/p>\n<\/div>\n<p data-track-category=\"Link no Texto\" data-track-links=\"\" data-mrf-recirculation=\"Mat\u00e9ria - Links no Texto\">Fonte: G1<\/p>\n<\/div>\n<\/div>\n<\/article>\n<\/div>\n","protected":false},"excerpt":{"rendered":"<p>Tudo que voc\u00ea precisa saber neste oitavo dia da COP30 resumido em 7 t\u00f3picos pelo boletim di\u00e1rio do g1. Por\u00a0Roberto Peixoto, g1 17\/11\/2025 00h00\u00a0\u00a0Atualizado\u00a0h\u00e1 3 hora TERM\u00d4METRO DA COP30 #DIA 8 Ol\u00e1, aqui quem escreve \u00e9\u00a0Roberto Peixoto, rep\u00f3rter de Meio Ambiente no\u00a0g1. Este \u00e9 o\u00a0Term\u00f4metro da COP30,\u00a0edi\u00e7\u00e3o #DIA 8, um boletim com o essencial que [&hellip;]<\/p>\n","protected":false},"author":2,"featured_media":3981,"comment_status":"open","ping_status":"open","sticky":false,"template":"","format":"standard","meta":{"rop_custom_images_group":[],"rop_custom_messages_group":[],"rop_publish_now":"initial","rop_publish_now_accounts":{"twitter_850042665852968960_850042665852968960":""},"rop_publish_now_history":[],"rop_publish_now_status":"pending","footnotes":""},"categories":[15],"tags":[238,236,402,400,303,812],"class_list":["post-3979","post","type-post","status-publish","format-standard","has-post-thumbnail","hentry","category-destaques","tag-acordo","tag-amazonia","tag-belem","tag-cop-30","tag-crise-climatica","tag-destaques"],"yoast_head":"<!-- This site is optimized with the Yoast SEO plugin v27.2 - https:\/\/yoast.com\/product\/yoast-seo-wordpress\/ -->\n<title>Semana decisiva em Bel\u00e9m, a aus\u00eancia que chamou aten\u00e7\u00e3o e as decis\u00f5es de capa - Prefeitos &amp; Gest\u00f5es<\/title>\n<meta name=\"robots\" content=\"index, follow, max-snippet:-1, max-image-preview:large, max-video-preview:-1\" \/>\n<link rel=\"canonical\" href=\"https:\/\/prefeitosegestoes.com.br\/portal\/semana-decisiva-em-belem-a-ausencia-que-chamou-atencao-e-as-decisoes-de-capa\/\" \/>\n<meta property=\"og:locale\" content=\"pt_BR\" \/>\n<meta property=\"og:type\" content=\"article\" \/>\n<meta property=\"og:title\" content=\"Semana decisiva em Bel\u00e9m, a aus\u00eancia que chamou aten\u00e7\u00e3o e as decis\u00f5es de capa - Prefeitos &amp; Gest\u00f5es\" \/>\n<meta property=\"og:description\" content=\"Tudo que voc\u00ea precisa saber neste oitavo dia da COP30 resumido em 7 t\u00f3picos pelo boletim di\u00e1rio do g1. Por\u00a0Roberto Peixoto, g1 17\/11\/2025 00h00\u00a0\u00a0Atualizado\u00a0h\u00e1 3 hora TERM\u00d4METRO DA COP30 #DIA 8 Ol\u00e1, aqui quem escreve \u00e9\u00a0Roberto Peixoto, rep\u00f3rter de Meio Ambiente no\u00a0g1. Este \u00e9 o\u00a0Term\u00f4metro da COP30,\u00a0edi\u00e7\u00e3o #DIA 8, um boletim com o essencial que [&hellip;]\" \/>\n<meta property=\"og:url\" content=\"https:\/\/prefeitosegestoes.com.br\/portal\/semana-decisiva-em-belem-a-ausencia-que-chamou-atencao-e-as-decisoes-de-capa\/\" \/>\n<meta property=\"og:site_name\" content=\"Prefeitos &amp; Gest\u00f5es\" \/>\n<meta property=\"article:publisher\" content=\"https:\/\/www.facebook.com\/prefeitosonline\" \/>\n<meta property=\"article:published_time\" content=\"2025-11-17T14:33:38+00:00\" \/>\n<meta property=\"og:image\" content=\"https:\/\/prefeitosegestoes.com.br\/portal\/wp-content\/uploads\/2025\/11\/COP-30-engenharia-civil-amazonia.png\" \/>\n\t<meta property=\"og:image:width\" content=\"1024\" \/>\n\t<meta property=\"og:image:height\" content=\"1024\" \/>\n\t<meta property=\"og:image:type\" content=\"image\/png\" \/>\n<meta name=\"author\" content=\"Prefeitos &amp; Gest\u00f5es\" \/>\n<meta name=\"twitter:card\" content=\"summary_large_image\" \/>\n<meta name=\"twitter:creator\" content=\"@PrefGestoes\" \/>\n<meta name=\"twitter:site\" content=\"@PrefGestoes\" \/>\n<meta name=\"twitter:label1\" content=\"Escrito por\" \/>\n\t<meta name=\"twitter:data1\" content=\"Prefeitos &amp; Gest\u00f5es\" \/>\n\t<meta name=\"twitter:label2\" content=\"Est. tempo de leitura\" \/>\n\t<meta name=\"twitter:data2\" content=\"11 minutos\" \/>\n<script type=\"application\/ld+json\" class=\"yoast-schema-graph\">{\"@context\":\"https:\/\/schema.org\",\"@graph\":[{\"@type\":\"Article\",\"@id\":\"https:\/\/prefeitosegestoes.com.br\/portal\/semana-decisiva-em-belem-a-ausencia-que-chamou-atencao-e-as-decisoes-de-capa\/#article\",\"isPartOf\":{\"@id\":\"https:\/\/prefeitosegestoes.com.br\/portal\/semana-decisiva-em-belem-a-ausencia-que-chamou-atencao-e-as-decisoes-de-capa\/\"},\"author\":{\"name\":\"Prefeitos &amp; Gest\u00f5es\",\"@id\":\"https:\/\/prefeitosegestoes.com.br\/portal\/#\/schema\/person\/d00059f2ec99963e7e1850d448ae94b8\"},\"headline\":\"Semana decisiva em Bel\u00e9m, a aus\u00eancia que chamou aten\u00e7\u00e3o e as decis\u00f5es de capa\",\"datePublished\":\"2025-11-17T14:33:38+00:00\",\"mainEntityOfPage\":{\"@id\":\"https:\/\/prefeitosegestoes.com.br\/portal\/semana-decisiva-em-belem-a-ausencia-que-chamou-atencao-e-as-decisoes-de-capa\/\"},\"wordCount\":2046,\"commentCount\":0,\"publisher\":{\"@id\":\"https:\/\/prefeitosegestoes.com.br\/portal\/#organization\"},\"image\":{\"@id\":\"https:\/\/prefeitosegestoes.com.br\/portal\/semana-decisiva-em-belem-a-ausencia-que-chamou-atencao-e-as-decisoes-de-capa\/#primaryimage\"},\"thumbnailUrl\":\"https:\/\/prefeitosegestoes.com.br\/portal\/wp-content\/uploads\/2025\/11\/COP-30-engenharia-civil-amazonia.png\",\"keywords\":[\"Acordo\",\"Amaz\u00f4nia\",\"Bel\u00e9m\",\"COP 30\",\"Crise clim\u00e1tica\",\"Destaques\"],\"articleSection\":[\"Destaques\"],\"inLanguage\":\"pt-BR\",\"potentialAction\":[{\"@type\":\"CommentAction\",\"name\":\"Comment\",\"target\":[\"https:\/\/prefeitosegestoes.com.br\/portal\/semana-decisiva-em-belem-a-ausencia-que-chamou-atencao-e-as-decisoes-de-capa\/#respond\"]}]},{\"@type\":\"WebPage\",\"@id\":\"https:\/\/prefeitosegestoes.com.br\/portal\/semana-decisiva-em-belem-a-ausencia-que-chamou-atencao-e-as-decisoes-de-capa\/\",\"url\":\"https:\/\/prefeitosegestoes.com.br\/portal\/semana-decisiva-em-belem-a-ausencia-que-chamou-atencao-e-as-decisoes-de-capa\/\",\"name\":\"Semana decisiva em Bel\u00e9m, a aus\u00eancia que chamou aten\u00e7\u00e3o e as decis\u00f5es de capa - Prefeitos &amp; Gest\u00f5es\",\"isPartOf\":{\"@id\":\"https:\/\/prefeitosegestoes.com.br\/portal\/#website\"},\"primaryImageOfPage\":{\"@id\":\"https:\/\/prefeitosegestoes.com.br\/portal\/semana-decisiva-em-belem-a-ausencia-que-chamou-atencao-e-as-decisoes-de-capa\/#primaryimage\"},\"image\":{\"@id\":\"https:\/\/prefeitosegestoes.com.br\/portal\/semana-decisiva-em-belem-a-ausencia-que-chamou-atencao-e-as-decisoes-de-capa\/#primaryimage\"},\"thumbnailUrl\":\"https:\/\/prefeitosegestoes.com.br\/portal\/wp-content\/uploads\/2025\/11\/COP-30-engenharia-civil-amazonia.png\",\"datePublished\":\"2025-11-17T14:33:38+00:00\",\"breadcrumb\":{\"@id\":\"https:\/\/prefeitosegestoes.com.br\/portal\/semana-decisiva-em-belem-a-ausencia-que-chamou-atencao-e-as-decisoes-de-capa\/#breadcrumb\"},\"inLanguage\":\"pt-BR\",\"potentialAction\":[{\"@type\":\"ReadAction\",\"target\":[\"https:\/\/prefeitosegestoes.com.br\/portal\/semana-decisiva-em-belem-a-ausencia-que-chamou-atencao-e-as-decisoes-de-capa\/\"]}]},{\"@type\":\"ImageObject\",\"inLanguage\":\"pt-BR\",\"@id\":\"https:\/\/prefeitosegestoes.com.br\/portal\/semana-decisiva-em-belem-a-ausencia-que-chamou-atencao-e-as-decisoes-de-capa\/#primaryimage\",\"url\":\"https:\/\/prefeitosegestoes.com.br\/portal\/wp-content\/uploads\/2025\/11\/COP-30-engenharia-civil-amazonia.png\",\"contentUrl\":\"https:\/\/prefeitosegestoes.com.br\/portal\/wp-content\/uploads\/2025\/11\/COP-30-engenharia-civil-amazonia.png\",\"width\":1024,\"height\":1024},{\"@type\":\"BreadcrumbList\",\"@id\":\"https:\/\/prefeitosegestoes.com.br\/portal\/semana-decisiva-em-belem-a-ausencia-que-chamou-atencao-e-as-decisoes-de-capa\/#breadcrumb\",\"itemListElement\":[{\"@type\":\"ListItem\",\"position\":1,\"name\":\"In\u00edcio\",\"item\":\"https:\/\/prefeitosegestoes.com.br\/portal\/\"},{\"@type\":\"ListItem\",\"position\":2,\"name\":\"Semana decisiva em Bel\u00e9m, a aus\u00eancia que chamou aten\u00e7\u00e3o e as decis\u00f5es de capa\"}]},{\"@type\":\"WebSite\",\"@id\":\"https:\/\/prefeitosegestoes.com.br\/portal\/#website\",\"url\":\"https:\/\/prefeitosegestoes.com.br\/portal\/\",\"name\":\"Prefeitos & Gest\u00f5es\",\"description\":\"\",\"publisher\":{\"@id\":\"https:\/\/prefeitosegestoes.com.br\/portal\/#organization\"},\"potentialAction\":[{\"@type\":\"SearchAction\",\"target\":{\"@type\":\"EntryPoint\",\"urlTemplate\":\"https:\/\/prefeitosegestoes.com.br\/portal\/?s={search_term_string}\"},\"query-input\":{\"@type\":\"PropertyValueSpecification\",\"valueRequired\":true,\"valueName\":\"search_term_string\"}}],\"inLanguage\":\"pt-BR\"},{\"@type\":\"Organization\",\"@id\":\"https:\/\/prefeitosegestoes.com.br\/portal\/#organization\",\"name\":\"Prefeitos & Gest\u00f5es\",\"url\":\"https:\/\/prefeitosegestoes.com.br\/portal\/\",\"logo\":{\"@type\":\"ImageObject\",\"inLanguage\":\"pt-BR\",\"@id\":\"https:\/\/prefeitosegestoes.com.br\/portal\/#\/schema\/logo\/image\/\",\"url\":\"https:\/\/prefeitosegestoes.com.br\/portal\/wp-content\/uploads\/2024\/10\/lg_trans_prefeitos_2024_preto2.png\",\"contentUrl\":\"https:\/\/prefeitosegestoes.com.br\/portal\/wp-content\/uploads\/2024\/10\/lg_trans_prefeitos_2024_preto2.png\",\"width\":199,\"height\":122,\"caption\":\"Prefeitos & Gest\u00f5es\"},\"image\":{\"@id\":\"https:\/\/prefeitosegestoes.com.br\/portal\/#\/schema\/logo\/image\/\"},\"sameAs\":[\"https:\/\/www.facebook.com\/prefeitosonline\",\"https:\/\/x.com\/PrefGestoes\"]},{\"@type\":\"Person\",\"@id\":\"https:\/\/prefeitosegestoes.com.br\/portal\/#\/schema\/person\/d00059f2ec99963e7e1850d448ae94b8\",\"name\":\"Prefeitos &amp; Gest\u00f5es\",\"image\":{\"@type\":\"ImageObject\",\"inLanguage\":\"pt-BR\",\"@id\":\"https:\/\/secure.gravatar.com\/avatar\/738fb281e479212ed32c1a21a4307dda9f3af9292edb6918a16c9ce9fff5f48d?s=96&d=mm&r=g\",\"url\":\"https:\/\/secure.gravatar.com\/avatar\/738fb281e479212ed32c1a21a4307dda9f3af9292edb6918a16c9ce9fff5f48d?s=96&d=mm&r=g\",\"contentUrl\":\"https:\/\/secure.gravatar.com\/avatar\/738fb281e479212ed32c1a21a4307dda9f3af9292edb6918a16c9ce9fff5f48d?s=96&d=mm&r=g\",\"caption\":\"Prefeitos &amp; Gest\u00f5es\"},\"url\":\"https:\/\/prefeitosegestoes.com.br\/portal\/author\/prefeitosegestoes\/\"}]}<\/script>\n<!-- \/ Yoast SEO plugin. -->","yoast_head_json":{"title":"Semana decisiva em Bel\u00e9m, a aus\u00eancia que chamou aten\u00e7\u00e3o e as decis\u00f5es de capa - Prefeitos &amp; Gest\u00f5es","robots":{"index":"index","follow":"follow","max-snippet":"max-snippet:-1","max-image-preview":"max-image-preview:large","max-video-preview":"max-video-preview:-1"},"canonical":"https:\/\/prefeitosegestoes.com.br\/portal\/semana-decisiva-em-belem-a-ausencia-que-chamou-atencao-e-as-decisoes-de-capa\/","og_locale":"pt_BR","og_type":"article","og_title":"Semana decisiva em Bel\u00e9m, a aus\u00eancia que chamou aten\u00e7\u00e3o e as decis\u00f5es de capa - Prefeitos &amp; Gest\u00f5es","og_description":"Tudo que voc\u00ea precisa saber neste oitavo dia da COP30 resumido em 7 t\u00f3picos pelo boletim di\u00e1rio do g1. Por\u00a0Roberto Peixoto, g1 17\/11\/2025 00h00\u00a0\u00a0Atualizado\u00a0h\u00e1 3 hora TERM\u00d4METRO DA COP30 #DIA 8 Ol\u00e1, aqui quem escreve \u00e9\u00a0Roberto Peixoto, rep\u00f3rter de Meio Ambiente no\u00a0g1. Este \u00e9 o\u00a0Term\u00f4metro da COP30,\u00a0edi\u00e7\u00e3o #DIA 8, um boletim com o essencial que [&hellip;]","og_url":"https:\/\/prefeitosegestoes.com.br\/portal\/semana-decisiva-em-belem-a-ausencia-que-chamou-atencao-e-as-decisoes-de-capa\/","og_site_name":"Prefeitos &amp; Gest\u00f5es","article_publisher":"https:\/\/www.facebook.com\/prefeitosonline","article_published_time":"2025-11-17T14:33:38+00:00","og_image":[{"width":1024,"height":1024,"url":"https:\/\/prefeitosegestoes.com.br\/portal\/wp-content\/uploads\/2025\/11\/COP-30-engenharia-civil-amazonia.png","type":"image\/png"}],"author":"Prefeitos &amp; Gest\u00f5es","twitter_card":"summary_large_image","twitter_creator":"@PrefGestoes","twitter_site":"@PrefGestoes","twitter_misc":{"Escrito por":"Prefeitos &amp; Gest\u00f5es","Est. tempo de leitura":"11 minutos"},"schema":{"@context":"https:\/\/schema.org","@graph":[{"@type":"Article","@id":"https:\/\/prefeitosegestoes.com.br\/portal\/semana-decisiva-em-belem-a-ausencia-que-chamou-atencao-e-as-decisoes-de-capa\/#article","isPartOf":{"@id":"https:\/\/prefeitosegestoes.com.br\/portal\/semana-decisiva-em-belem-a-ausencia-que-chamou-atencao-e-as-decisoes-de-capa\/"},"author":{"name":"Prefeitos &amp; Gest\u00f5es","@id":"https:\/\/prefeitosegestoes.com.br\/portal\/#\/schema\/person\/d00059f2ec99963e7e1850d448ae94b8"},"headline":"Semana decisiva em Bel\u00e9m, a aus\u00eancia que chamou aten\u00e7\u00e3o e as decis\u00f5es de capa","datePublished":"2025-11-17T14:33:38+00:00","mainEntityOfPage":{"@id":"https:\/\/prefeitosegestoes.com.br\/portal\/semana-decisiva-em-belem-a-ausencia-que-chamou-atencao-e-as-decisoes-de-capa\/"},"wordCount":2046,"commentCount":0,"publisher":{"@id":"https:\/\/prefeitosegestoes.com.br\/portal\/#organization"},"image":{"@id":"https:\/\/prefeitosegestoes.com.br\/portal\/semana-decisiva-em-belem-a-ausencia-que-chamou-atencao-e-as-decisoes-de-capa\/#primaryimage"},"thumbnailUrl":"https:\/\/prefeitosegestoes.com.br\/portal\/wp-content\/uploads\/2025\/11\/COP-30-engenharia-civil-amazonia.png","keywords":["Acordo","Amaz\u00f4nia","Bel\u00e9m","COP 30","Crise clim\u00e1tica","Destaques"],"articleSection":["Destaques"],"inLanguage":"pt-BR","potentialAction":[{"@type":"CommentAction","name":"Comment","target":["https:\/\/prefeitosegestoes.com.br\/portal\/semana-decisiva-em-belem-a-ausencia-que-chamou-atencao-e-as-decisoes-de-capa\/#respond"]}]},{"@type":"WebPage","@id":"https:\/\/prefeitosegestoes.com.br\/portal\/semana-decisiva-em-belem-a-ausencia-que-chamou-atencao-e-as-decisoes-de-capa\/","url":"https:\/\/prefeitosegestoes.com.br\/portal\/semana-decisiva-em-belem-a-ausencia-que-chamou-atencao-e-as-decisoes-de-capa\/","name":"Semana decisiva em Bel\u00e9m, a aus\u00eancia que chamou aten\u00e7\u00e3o e as decis\u00f5es de capa - Prefeitos &amp; Gest\u00f5es","isPartOf":{"@id":"https:\/\/prefeitosegestoes.com.br\/portal\/#website"},"primaryImageOfPage":{"@id":"https:\/\/prefeitosegestoes.com.br\/portal\/semana-decisiva-em-belem-a-ausencia-que-chamou-atencao-e-as-decisoes-de-capa\/#primaryimage"},"image":{"@id":"https:\/\/prefeitosegestoes.com.br\/portal\/semana-decisiva-em-belem-a-ausencia-que-chamou-atencao-e-as-decisoes-de-capa\/#primaryimage"},"thumbnailUrl":"https:\/\/prefeitosegestoes.com.br\/portal\/wp-content\/uploads\/2025\/11\/COP-30-engenharia-civil-amazonia.png","datePublished":"2025-11-17T14:33:38+00:00","breadcrumb":{"@id":"https:\/\/prefeitosegestoes.com.br\/portal\/semana-decisiva-em-belem-a-ausencia-que-chamou-atencao-e-as-decisoes-de-capa\/#breadcrumb"},"inLanguage":"pt-BR","potentialAction":[{"@type":"ReadAction","target":["https:\/\/prefeitosegestoes.com.br\/portal\/semana-decisiva-em-belem-a-ausencia-que-chamou-atencao-e-as-decisoes-de-capa\/"]}]},{"@type":"ImageObject","inLanguage":"pt-BR","@id":"https:\/\/prefeitosegestoes.com.br\/portal\/semana-decisiva-em-belem-a-ausencia-que-chamou-atencao-e-as-decisoes-de-capa\/#primaryimage","url":"https:\/\/prefeitosegestoes.com.br\/portal\/wp-content\/uploads\/2025\/11\/COP-30-engenharia-civil-amazonia.png","contentUrl":"https:\/\/prefeitosegestoes.com.br\/portal\/wp-content\/uploads\/2025\/11\/COP-30-engenharia-civil-amazonia.png","width":1024,"height":1024},{"@type":"BreadcrumbList","@id":"https:\/\/prefeitosegestoes.com.br\/portal\/semana-decisiva-em-belem-a-ausencia-que-chamou-atencao-e-as-decisoes-de-capa\/#breadcrumb","itemListElement":[{"@type":"ListItem","position":1,"name":"In\u00edcio","item":"https:\/\/prefeitosegestoes.com.br\/portal\/"},{"@type":"ListItem","position":2,"name":"Semana decisiva em Bel\u00e9m, a aus\u00eancia que chamou aten\u00e7\u00e3o e as decis\u00f5es de capa"}]},{"@type":"WebSite","@id":"https:\/\/prefeitosegestoes.com.br\/portal\/#website","url":"https:\/\/prefeitosegestoes.com.br\/portal\/","name":"Prefeitos & Gest\u00f5es","description":"","publisher":{"@id":"https:\/\/prefeitosegestoes.com.br\/portal\/#organization"},"potentialAction":[{"@type":"SearchAction","target":{"@type":"EntryPoint","urlTemplate":"https:\/\/prefeitosegestoes.com.br\/portal\/?s={search_term_string}"},"query-input":{"@type":"PropertyValueSpecification","valueRequired":true,"valueName":"search_term_string"}}],"inLanguage":"pt-BR"},{"@type":"Organization","@id":"https:\/\/prefeitosegestoes.com.br\/portal\/#organization","name":"Prefeitos & Gest\u00f5es","url":"https:\/\/prefeitosegestoes.com.br\/portal\/","logo":{"@type":"ImageObject","inLanguage":"pt-BR","@id":"https:\/\/prefeitosegestoes.com.br\/portal\/#\/schema\/logo\/image\/","url":"https:\/\/prefeitosegestoes.com.br\/portal\/wp-content\/uploads\/2024\/10\/lg_trans_prefeitos_2024_preto2.png","contentUrl":"https:\/\/prefeitosegestoes.com.br\/portal\/wp-content\/uploads\/2024\/10\/lg_trans_prefeitos_2024_preto2.png","width":199,"height":122,"caption":"Prefeitos & Gest\u00f5es"},"image":{"@id":"https:\/\/prefeitosegestoes.com.br\/portal\/#\/schema\/logo\/image\/"},"sameAs":["https:\/\/www.facebook.com\/prefeitosonline","https:\/\/x.com\/PrefGestoes"]},{"@type":"Person","@id":"https:\/\/prefeitosegestoes.com.br\/portal\/#\/schema\/person\/d00059f2ec99963e7e1850d448ae94b8","name":"Prefeitos &amp; Gest\u00f5es","image":{"@type":"ImageObject","inLanguage":"pt-BR","@id":"https:\/\/secure.gravatar.com\/avatar\/738fb281e479212ed32c1a21a4307dda9f3af9292edb6918a16c9ce9fff5f48d?s=96&d=mm&r=g","url":"https:\/\/secure.gravatar.com\/avatar\/738fb281e479212ed32c1a21a4307dda9f3af9292edb6918a16c9ce9fff5f48d?s=96&d=mm&r=g","contentUrl":"https:\/\/secure.gravatar.com\/avatar\/738fb281e479212ed32c1a21a4307dda9f3af9292edb6918a16c9ce9fff5f48d?s=96&d=mm&r=g","caption":"Prefeitos &amp; Gest\u00f5es"},"url":"https:\/\/prefeitosegestoes.com.br\/portal\/author\/prefeitosegestoes\/"}]}},"_links":{"self":[{"href":"https:\/\/prefeitosegestoes.com.br\/portal\/wp-json\/wp\/v2\/posts\/3979","targetHints":{"allow":["GET"]}}],"collection":[{"href":"https:\/\/prefeitosegestoes.com.br\/portal\/wp-json\/wp\/v2\/posts"}],"about":[{"href":"https:\/\/prefeitosegestoes.com.br\/portal\/wp-json\/wp\/v2\/types\/post"}],"author":[{"embeddable":true,"href":"https:\/\/prefeitosegestoes.com.br\/portal\/wp-json\/wp\/v2\/users\/2"}],"replies":[{"embeddable":true,"href":"https:\/\/prefeitosegestoes.com.br\/portal\/wp-json\/wp\/v2\/comments?post=3979"}],"version-history":[{"count":1,"href":"https:\/\/prefeitosegestoes.com.br\/portal\/wp-json\/wp\/v2\/posts\/3979\/revisions"}],"predecessor-version":[{"id":3982,"href":"https:\/\/prefeitosegestoes.com.br\/portal\/wp-json\/wp\/v2\/posts\/3979\/revisions\/3982"}],"wp:featuredmedia":[{"embeddable":true,"href":"https:\/\/prefeitosegestoes.com.br\/portal\/wp-json\/wp\/v2\/media\/3981"}],"wp:attachment":[{"href":"https:\/\/prefeitosegestoes.com.br\/portal\/wp-json\/wp\/v2\/media?parent=3979"}],"wp:term":[{"taxonomy":"category","embeddable":true,"href":"https:\/\/prefeitosegestoes.com.br\/portal\/wp-json\/wp\/v2\/categories?post=3979"},{"taxonomy":"post_tag","embeddable":true,"href":"https:\/\/prefeitosegestoes.com.br\/portal\/wp-json\/wp\/v2\/tags?post=3979"}],"curies":[{"name":"wp","href":"https:\/\/api.w.org\/{rel}","templated":true}]}}