{"id":3975,"date":"2025-11-11T09:07:26","date_gmt":"2025-11-11T12:07:26","guid":{"rendered":"https:\/\/prefeitosegestoes.com.br\/portal\/?p=3975"},"modified":"2025-11-11T09:07:26","modified_gmt":"2025-11-11T12:07:26","slug":"abcip-encontro-nacional-de-gestores-municipais","status":"publish","type":"post","link":"https:\/\/prefeitosegestoes.com.br\/portal\/abcip-encontro-nacional-de-gestores-municipais\/","title":{"rendered":"ABCIP: Encontro Nacional de Gestores Municipais"},"content":{"rendered":"<p>A ABCIP est\u00e1 promovendo o Encontro Nacional de Gestores Municipais, em Bras\u00edlia, no dia 26 de novembro, com a participa\u00e7\u00e3o de executivos do poder p\u00fablico e grandes nomes do setor, abordando os temas mais atuais e relevantes para o setor. O evento \u00e9 exclusivo para gestores municipais e associados ABCIP.<\/p>\n<p>As inscri\u00e7\u00f5es est\u00e3o abertas no site www.conexao-abcip.com.br<\/p>\n<p>#abcip #ilumina\u00e7\u00e3opublica #cidadesinteligentes #gestoresmunicipais #prefeituras #evento #COSIP\u00a0#telegestao<\/p>\n","protected":false},"excerpt":{"rendered":"<p>A ABCIP est\u00e1 promovendo o Encontro Nacional de Gestores Municipais, em Bras\u00edlia, no dia 26 de novembro, com a participa\u00e7\u00e3o de executivos do poder p\u00fablico e grandes nomes do setor, abordando os temas mais atuais e relevantes para o setor. O evento \u00e9 exclusivo para gestores municipais e associados ABCIP. As inscri\u00e7\u00f5es est\u00e3o abertas no [&hellip;]<\/p>\n","protected":false},"author":2,"featured_media":3976,"comment_status":"open","ping_status":"open","sticky":false,"template":"","format":"standard","meta":{"rop_custom_images_group":[],"rop_custom_messages_group":[],"rop_publish_now":"initial","rop_publish_now_accounts":{"twitter_850042665852968960_850042665852968960":""},"rop_publish_now_history":[],"rop_publish_now_status":"pending","footnotes":""},"categories":[11],"tags":[810,811],"class_list":["post-3975","post","type-post","status-publish","format-standard","has-post-thumbnail","hentry","category-eventos","tag-abcip-brasilia","tag-iluminacao-publifa"],"yoast_head":"<!-- This site is optimized with the Yoast SEO plugin v27.2 - https:\/\/yoast.com\/product\/yoast-seo-wordpress\/ -->\n<title>ABCIP: Encontro Nacional de Gestores Municipais - Prefeitos &amp; Gest\u00f5es<\/title>\n<meta name=\"description\" content=\"A ABCIP est\u00e1 promovendo o Encontro Nacional de Gestores Municipais, em Bras\u00edlia, no dia 26 de novembro, com a participa\u00e7\u00e3o de executivos do poder p\u00fablico e grandes nomes do setor, abordando os temas mais atuais e relevantes para o setor. O evento \u00e9 exclusivo para gestores municipais e associados ABCIP. As inscri\u00e7\u00f5es est\u00e3o abertas no site www.conexao-abcip.com.br#abcip #ilumina\u00e7\u00e3opublica #cidadesinteligentes #gestoresmunicipais #prefeituras #evento #COSIP #telegestao\" \/>\n<meta name=\"robots\" content=\"index, follow, max-snippet:-1, max-image-preview:large, max-video-preview:-1\" \/>\n<link rel=\"canonical\" href=\"https:\/\/prefeitosegestoes.com.br\/portal\/abcip-encontro-nacional-de-gestores-municipais\/\" \/>\n<meta property=\"og:locale\" content=\"pt_BR\" \/>\n<meta property=\"og:type\" content=\"article\" \/>\n<meta property=\"og:title\" content=\"ABCIP: Encontro Nacional de Gestores Municipais - Prefeitos &amp; Gest\u00f5es\" \/>\n<meta property=\"og:description\" content=\"A ABCIP est\u00e1 promovendo o Encontro Nacional de Gestores Municipais, em Bras\u00edlia, no dia 26 de novembro, com a participa\u00e7\u00e3o de executivos do poder p\u00fablico e grandes nomes do setor, abordando os temas mais atuais e relevantes para o setor. O evento \u00e9 exclusivo para gestores municipais e associados ABCIP. As inscri\u00e7\u00f5es est\u00e3o abertas no site www.conexao-abcip.com.br#abcip #ilumina\u00e7\u00e3opublica #cidadesinteligentes #gestoresmunicipais #prefeituras #evento #COSIP #telegestao\" \/>\n<meta property=\"og:url\" content=\"https:\/\/prefeitosegestoes.com.br\/portal\/abcip-encontro-nacional-de-gestores-municipais\/\" \/>\n<meta property=\"og:site_name\" content=\"Prefeitos &amp; Gest\u00f5es\" \/>\n<meta property=\"article:publisher\" content=\"https:\/\/www.facebook.com\/prefeitosonline\" \/>\n<meta property=\"article:published_time\" content=\"2025-11-11T12:07:26+00:00\" \/>\n<meta property=\"og:image\" content=\"https:\/\/prefeitosegestoes.com.br\/portal\/wp-content\/uploads\/2025\/11\/CARROSSEL-01_01.png\" \/>\n\t<meta property=\"og:image:width\" content=\"1080\" \/>\n\t<meta property=\"og:image:height\" content=\"1350\" \/>\n\t<meta property=\"og:image:type\" content=\"image\/png\" \/>\n<meta name=\"author\" content=\"Prefeitos &amp; Gest\u00f5es\" \/>\n<meta name=\"twitter:card\" content=\"summary_large_image\" \/>\n<meta name=\"twitter:creator\" content=\"@PrefGestoes\" \/>\n<meta name=\"twitter:site\" content=\"@PrefGestoes\" \/>\n<meta name=\"twitter:label1\" content=\"Escrito por\" \/>\n\t<meta name=\"twitter:data1\" content=\"Prefeitos &amp; Gest\u00f5es\" \/>\n\t<meta name=\"twitter:label2\" content=\"Est. tempo de leitura\" \/>\n\t<meta name=\"twitter:data2\" content=\"1 minuto\" \/>\n<script type=\"application\/ld+json\" class=\"yoast-schema-graph\">{\"@context\":\"https:\/\/schema.org\",\"@graph\":[{\"@type\":\"Article\",\"@id\":\"https:\/\/prefeitosegestoes.com.br\/portal\/abcip-encontro-nacional-de-gestores-municipais\/#article\",\"isPartOf\":{\"@id\":\"https:\/\/prefeitosegestoes.com.br\/portal\/abcip-encontro-nacional-de-gestores-municipais\/\"},\"author\":{\"name\":\"Prefeitos &amp; Gest\u00f5es\",\"@id\":\"https:\/\/prefeitosegestoes.com.br\/portal\/#\/schema\/person\/d00059f2ec99963e7e1850d448ae94b8\"},\"headline\":\"ABCIP: Encontro Nacional de Gestores Municipais\",\"datePublished\":\"2025-11-11T12:07:26+00:00\",\"mainEntityOfPage\":{\"@id\":\"https:\/\/prefeitosegestoes.com.br\/portal\/abcip-encontro-nacional-de-gestores-municipais\/\"},\"wordCount\":78,\"commentCount\":0,\"publisher\":{\"@id\":\"https:\/\/prefeitosegestoes.com.br\/portal\/#organization\"},\"image\":{\"@id\":\"https:\/\/prefeitosegestoes.com.br\/portal\/abcip-encontro-nacional-de-gestores-municipais\/#primaryimage\"},\"thumbnailUrl\":\"https:\/\/prefeitosegestoes.com.br\/portal\/wp-content\/uploads\/2025\/11\/CARROSSEL-01_01.png\",\"keywords\":[\"ABCIP; Bras\u00edlia\",\"Ilumina\u00e7\u00e3o P\u00fablifa\"],\"articleSection\":[\"Eventos\"],\"inLanguage\":\"pt-BR\",\"potentialAction\":[{\"@type\":\"CommentAction\",\"name\":\"Comment\",\"target\":[\"https:\/\/prefeitosegestoes.com.br\/portal\/abcip-encontro-nacional-de-gestores-municipais\/#respond\"]}]},{\"@type\":\"WebPage\",\"@id\":\"https:\/\/prefeitosegestoes.com.br\/portal\/abcip-encontro-nacional-de-gestores-municipais\/\",\"url\":\"https:\/\/prefeitosegestoes.com.br\/portal\/abcip-encontro-nacional-de-gestores-municipais\/\",\"name\":\"ABCIP: Encontro Nacional de Gestores Municipais - Prefeitos &amp; Gest\u00f5es\",\"isPartOf\":{\"@id\":\"https:\/\/prefeitosegestoes.com.br\/portal\/#website\"},\"primaryImageOfPage\":{\"@id\":\"https:\/\/prefeitosegestoes.com.br\/portal\/abcip-encontro-nacional-de-gestores-municipais\/#primaryimage\"},\"image\":{\"@id\":\"https:\/\/prefeitosegestoes.com.br\/portal\/abcip-encontro-nacional-de-gestores-municipais\/#primaryimage\"},\"thumbnailUrl\":\"https:\/\/prefeitosegestoes.com.br\/portal\/wp-content\/uploads\/2025\/11\/CARROSSEL-01_01.png\",\"datePublished\":\"2025-11-11T12:07:26+00:00\",\"description\":\"A ABCIP est\u00e1 promovendo o Encontro Nacional de Gestores Municipais, em Bras\u00edlia, no dia 26 de novembro, com a participa\u00e7\u00e3o de executivos do poder p\u00fablico e grandes nomes do setor, abordando os temas mais atuais e relevantes para o setor. O evento \u00e9 exclusivo para gestores municipais e associados ABCIP. As inscri\u00e7\u00f5es est\u00e3o abertas no site www.conexao-abcip.com.br#abcip #ilumina\u00e7\u00e3opublica #cidadesinteligentes #gestoresmunicipais #prefeituras #evento #COSIP #telegestao\",\"breadcrumb\":{\"@id\":\"https:\/\/prefeitosegestoes.com.br\/portal\/abcip-encontro-nacional-de-gestores-municipais\/#breadcrumb\"},\"inLanguage\":\"pt-BR\",\"potentialAction\":[{\"@type\":\"ReadAction\",\"target\":[\"https:\/\/prefeitosegestoes.com.br\/portal\/abcip-encontro-nacional-de-gestores-municipais\/\"]}]},{\"@type\":\"ImageObject\",\"inLanguage\":\"pt-BR\",\"@id\":\"https:\/\/prefeitosegestoes.com.br\/portal\/abcip-encontro-nacional-de-gestores-municipais\/#primaryimage\",\"url\":\"https:\/\/prefeitosegestoes.com.br\/portal\/wp-content\/uploads\/2025\/11\/CARROSSEL-01_01.png\",\"contentUrl\":\"https:\/\/prefeitosegestoes.com.br\/portal\/wp-content\/uploads\/2025\/11\/CARROSSEL-01_01.png\",\"width\":1080,\"height\":1350},{\"@type\":\"BreadcrumbList\",\"@id\":\"https:\/\/prefeitosegestoes.com.br\/portal\/abcip-encontro-nacional-de-gestores-municipais\/#breadcrumb\",\"itemListElement\":[{\"@type\":\"ListItem\",\"position\":1,\"name\":\"In\u00edcio\",\"item\":\"https:\/\/prefeitosegestoes.com.br\/portal\/\"},{\"@type\":\"ListItem\",\"position\":2,\"name\":\"ABCIP: Encontro Nacional de Gestores Municipais\"}]},{\"@type\":\"WebSite\",\"@id\":\"https:\/\/prefeitosegestoes.com.br\/portal\/#website\",\"url\":\"https:\/\/prefeitosegestoes.com.br\/portal\/\",\"name\":\"Prefeitos & Gest\u00f5es\",\"description\":\"\",\"publisher\":{\"@id\":\"https:\/\/prefeitosegestoes.com.br\/portal\/#organization\"},\"potentialAction\":[{\"@type\":\"SearchAction\",\"target\":{\"@type\":\"EntryPoint\",\"urlTemplate\":\"https:\/\/prefeitosegestoes.com.br\/portal\/?s={search_term_string}\"},\"query-input\":{\"@type\":\"PropertyValueSpecification\",\"valueRequired\":true,\"valueName\":\"search_term_string\"}}],\"inLanguage\":\"pt-BR\"},{\"@type\":\"Organization\",\"@id\":\"https:\/\/prefeitosegestoes.com.br\/portal\/#organization\",\"name\":\"Prefeitos & Gest\u00f5es\",\"url\":\"https:\/\/prefeitosegestoes.com.br\/portal\/\",\"logo\":{\"@type\":\"ImageObject\",\"inLanguage\":\"pt-BR\",\"@id\":\"https:\/\/prefeitosegestoes.com.br\/portal\/#\/schema\/logo\/image\/\",\"url\":\"https:\/\/prefeitosegestoes.com.br\/portal\/wp-content\/uploads\/2024\/10\/lg_trans_prefeitos_2024_preto2.png\",\"contentUrl\":\"https:\/\/prefeitosegestoes.com.br\/portal\/wp-content\/uploads\/2024\/10\/lg_trans_prefeitos_2024_preto2.png\",\"width\":199,\"height\":122,\"caption\":\"Prefeitos & Gest\u00f5es\"},\"image\":{\"@id\":\"https:\/\/prefeitosegestoes.com.br\/portal\/#\/schema\/logo\/image\/\"},\"sameAs\":[\"https:\/\/www.facebook.com\/prefeitosonline\",\"https:\/\/x.com\/PrefGestoes\"]},{\"@type\":\"Person\",\"@id\":\"https:\/\/prefeitosegestoes.com.br\/portal\/#\/schema\/person\/d00059f2ec99963e7e1850d448ae94b8\",\"name\":\"Prefeitos &amp; Gest\u00f5es\",\"image\":{\"@type\":\"ImageObject\",\"inLanguage\":\"pt-BR\",\"@id\":\"https:\/\/secure.gravatar.com\/avatar\/738fb281e479212ed32c1a21a4307dda9f3af9292edb6918a16c9ce9fff5f48d?s=96&d=mm&r=g\",\"url\":\"https:\/\/secure.gravatar.com\/avatar\/738fb281e479212ed32c1a21a4307dda9f3af9292edb6918a16c9ce9fff5f48d?s=96&d=mm&r=g\",\"contentUrl\":\"https:\/\/secure.gravatar.com\/avatar\/738fb281e479212ed32c1a21a4307dda9f3af9292edb6918a16c9ce9fff5f48d?s=96&d=mm&r=g\",\"caption\":\"Prefeitos &amp; Gest\u00f5es\"},\"url\":\"https:\/\/prefeitosegestoes.com.br\/portal\/author\/prefeitosegestoes\/\"}]}<\/script>\n<!-- \/ Yoast SEO plugin. -->","yoast_head_json":{"title":"ABCIP: Encontro Nacional de Gestores Municipais - Prefeitos &amp; Gest\u00f5es","description":"A ABCIP est\u00e1 promovendo o Encontro Nacional de Gestores Municipais, em Bras\u00edlia, no dia 26 de novembro, com a participa\u00e7\u00e3o de executivos do poder p\u00fablico e grandes nomes do setor, abordando os temas mais atuais e relevantes para o setor. O evento \u00e9 exclusivo para gestores municipais e associados ABCIP. As inscri\u00e7\u00f5es est\u00e3o abertas no site www.conexao-abcip.com.br#abcip #ilumina\u00e7\u00e3opublica #cidadesinteligentes #gestoresmunicipais #prefeituras #evento #COSIP #telegestao","robots":{"index":"index","follow":"follow","max-snippet":"max-snippet:-1","max-image-preview":"max-image-preview:large","max-video-preview":"max-video-preview:-1"},"canonical":"https:\/\/prefeitosegestoes.com.br\/portal\/abcip-encontro-nacional-de-gestores-municipais\/","og_locale":"pt_BR","og_type":"article","og_title":"ABCIP: Encontro Nacional de Gestores Municipais - Prefeitos &amp; Gest\u00f5es","og_description":"A ABCIP est\u00e1 promovendo o Encontro Nacional de Gestores Municipais, em Bras\u00edlia, no dia 26 de novembro, com a participa\u00e7\u00e3o de executivos do poder p\u00fablico e grandes nomes do setor, abordando os temas mais atuais e relevantes para o setor. O evento \u00e9 exclusivo para gestores municipais e associados ABCIP. As inscri\u00e7\u00f5es est\u00e3o abertas no site www.conexao-abcip.com.br#abcip #ilumina\u00e7\u00e3opublica #cidadesinteligentes #gestoresmunicipais #prefeituras #evento #COSIP #telegestao","og_url":"https:\/\/prefeitosegestoes.com.br\/portal\/abcip-encontro-nacional-de-gestores-municipais\/","og_site_name":"Prefeitos &amp; Gest\u00f5es","article_publisher":"https:\/\/www.facebook.com\/prefeitosonline","article_published_time":"2025-11-11T12:07:26+00:00","og_image":[{"width":1080,"height":1350,"url":"https:\/\/prefeitosegestoes.com.br\/portal\/wp-content\/uploads\/2025\/11\/CARROSSEL-01_01.png","type":"image\/png"}],"author":"Prefeitos &amp; Gest\u00f5es","twitter_card":"summary_large_image","twitter_creator":"@PrefGestoes","twitter_site":"@PrefGestoes","twitter_misc":{"Escrito por":"Prefeitos &amp; Gest\u00f5es","Est. tempo de leitura":"1 minuto"},"schema":{"@context":"https:\/\/schema.org","@graph":[{"@type":"Article","@id":"https:\/\/prefeitosegestoes.com.br\/portal\/abcip-encontro-nacional-de-gestores-municipais\/#article","isPartOf":{"@id":"https:\/\/prefeitosegestoes.com.br\/portal\/abcip-encontro-nacional-de-gestores-municipais\/"},"author":{"name":"Prefeitos &amp; Gest\u00f5es","@id":"https:\/\/prefeitosegestoes.com.br\/portal\/#\/schema\/person\/d00059f2ec99963e7e1850d448ae94b8"},"headline":"ABCIP: Encontro Nacional de Gestores Municipais","datePublished":"2025-11-11T12:07:26+00:00","mainEntityOfPage":{"@id":"https:\/\/prefeitosegestoes.com.br\/portal\/abcip-encontro-nacional-de-gestores-municipais\/"},"wordCount":78,"commentCount":0,"publisher":{"@id":"https:\/\/prefeitosegestoes.com.br\/portal\/#organization"},"image":{"@id":"https:\/\/prefeitosegestoes.com.br\/portal\/abcip-encontro-nacional-de-gestores-municipais\/#primaryimage"},"thumbnailUrl":"https:\/\/prefeitosegestoes.com.br\/portal\/wp-content\/uploads\/2025\/11\/CARROSSEL-01_01.png","keywords":["ABCIP; Bras\u00edlia","Ilumina\u00e7\u00e3o P\u00fablifa"],"articleSection":["Eventos"],"inLanguage":"pt-BR","potentialAction":[{"@type":"CommentAction","name":"Comment","target":["https:\/\/prefeitosegestoes.com.br\/portal\/abcip-encontro-nacional-de-gestores-municipais\/#respond"]}]},{"@type":"WebPage","@id":"https:\/\/prefeitosegestoes.com.br\/portal\/abcip-encontro-nacional-de-gestores-municipais\/","url":"https:\/\/prefeitosegestoes.com.br\/portal\/abcip-encontro-nacional-de-gestores-municipais\/","name":"ABCIP: Encontro Nacional de Gestores Municipais - Prefeitos &amp; Gest\u00f5es","isPartOf":{"@id":"https:\/\/prefeitosegestoes.com.br\/portal\/#website"},"primaryImageOfPage":{"@id":"https:\/\/prefeitosegestoes.com.br\/portal\/abcip-encontro-nacional-de-gestores-municipais\/#primaryimage"},"image":{"@id":"https:\/\/prefeitosegestoes.com.br\/portal\/abcip-encontro-nacional-de-gestores-municipais\/#primaryimage"},"thumbnailUrl":"https:\/\/prefeitosegestoes.com.br\/portal\/wp-content\/uploads\/2025\/11\/CARROSSEL-01_01.png","datePublished":"2025-11-11T12:07:26+00:00","description":"A ABCIP est\u00e1 promovendo o Encontro Nacional de Gestores Municipais, em Bras\u00edlia, no dia 26 de novembro, com a participa\u00e7\u00e3o de executivos do poder p\u00fablico e grandes nomes do setor, abordando os temas mais atuais e relevantes para o setor. O evento \u00e9 exclusivo para gestores municipais e associados ABCIP. As inscri\u00e7\u00f5es est\u00e3o abertas no site www.conexao-abcip.com.br#abcip #ilumina\u00e7\u00e3opublica #cidadesinteligentes #gestoresmunicipais #prefeituras #evento #COSIP #telegestao","breadcrumb":{"@id":"https:\/\/prefeitosegestoes.com.br\/portal\/abcip-encontro-nacional-de-gestores-municipais\/#breadcrumb"},"inLanguage":"pt-BR","potentialAction":[{"@type":"ReadAction","target":["https:\/\/prefeitosegestoes.com.br\/portal\/abcip-encontro-nacional-de-gestores-municipais\/"]}]},{"@type":"ImageObject","inLanguage":"pt-BR","@id":"https:\/\/prefeitosegestoes.com.br\/portal\/abcip-encontro-nacional-de-gestores-municipais\/#primaryimage","url":"https:\/\/prefeitosegestoes.com.br\/portal\/wp-content\/uploads\/2025\/11\/CARROSSEL-01_01.png","contentUrl":"https:\/\/prefeitosegestoes.com.br\/portal\/wp-content\/uploads\/2025\/11\/CARROSSEL-01_01.png","width":1080,"height":1350},{"@type":"BreadcrumbList","@id":"https:\/\/prefeitosegestoes.com.br\/portal\/abcip-encontro-nacional-de-gestores-municipais\/#breadcrumb","itemListElement":[{"@type":"ListItem","position":1,"name":"In\u00edcio","item":"https:\/\/prefeitosegestoes.com.br\/portal\/"},{"@type":"ListItem","position":2,"name":"ABCIP: Encontro Nacional de Gestores Municipais"}]},{"@type":"WebSite","@id":"https:\/\/prefeitosegestoes.com.br\/portal\/#website","url":"https:\/\/prefeitosegestoes.com.br\/portal\/","name":"Prefeitos & Gest\u00f5es","description":"","publisher":{"@id":"https:\/\/prefeitosegestoes.com.br\/portal\/#organization"},"potentialAction":[{"@type":"SearchAction","target":{"@type":"EntryPoint","urlTemplate":"https:\/\/prefeitosegestoes.com.br\/portal\/?s={search_term_string}"},"query-input":{"@type":"PropertyValueSpecification","valueRequired":true,"valueName":"search_term_string"}}],"inLanguage":"pt-BR"},{"@type":"Organization","@id":"https:\/\/prefeitosegestoes.com.br\/portal\/#organization","name":"Prefeitos & Gest\u00f5es","url":"https:\/\/prefeitosegestoes.com.br\/portal\/","logo":{"@type":"ImageObject","inLanguage":"pt-BR","@id":"https:\/\/prefeitosegestoes.com.br\/portal\/#\/schema\/logo\/image\/","url":"https:\/\/prefeitosegestoes.com.br\/portal\/wp-content\/uploads\/2024\/10\/lg_trans_prefeitos_2024_preto2.png","contentUrl":"https:\/\/prefeitosegestoes.com.br\/portal\/wp-content\/uploads\/2024\/10\/lg_trans_prefeitos_2024_preto2.png","width":199,"height":122,"caption":"Prefeitos & Gest\u00f5es"},"image":{"@id":"https:\/\/prefeitosegestoes.com.br\/portal\/#\/schema\/logo\/image\/"},"sameAs":["https:\/\/www.facebook.com\/prefeitosonline","https:\/\/x.com\/PrefGestoes"]},{"@type":"Person","@id":"https:\/\/prefeitosegestoes.com.br\/portal\/#\/schema\/person\/d00059f2ec99963e7e1850d448ae94b8","name":"Prefeitos &amp; Gest\u00f5es","image":{"@type":"ImageObject","inLanguage":"pt-BR","@id":"https:\/\/secure.gravatar.com\/avatar\/738fb281e479212ed32c1a21a4307dda9f3af9292edb6918a16c9ce9fff5f48d?s=96&d=mm&r=g","url":"https:\/\/secure.gravatar.com\/avatar\/738fb281e479212ed32c1a21a4307dda9f3af9292edb6918a16c9ce9fff5f48d?s=96&d=mm&r=g","contentUrl":"https:\/\/secure.gravatar.com\/avatar\/738fb281e479212ed32c1a21a4307dda9f3af9292edb6918a16c9ce9fff5f48d?s=96&d=mm&r=g","caption":"Prefeitos &amp; Gest\u00f5es"},"url":"https:\/\/prefeitosegestoes.com.br\/portal\/author\/prefeitosegestoes\/"}]}},"_links":{"self":[{"href":"https:\/\/prefeitosegestoes.com.br\/portal\/wp-json\/wp\/v2\/posts\/3975","targetHints":{"allow":["GET"]}}],"collection":[{"href":"https:\/\/prefeitosegestoes.com.br\/portal\/wp-json\/wp\/v2\/posts"}],"about":[{"href":"https:\/\/prefeitosegestoes.com.br\/portal\/wp-json\/wp\/v2\/types\/post"}],"author":[{"embeddable":true,"href":"https:\/\/prefeitosegestoes.com.br\/portal\/wp-json\/wp\/v2\/users\/2"}],"replies":[{"embeddable":true,"href":"https:\/\/prefeitosegestoes.com.br\/portal\/wp-json\/wp\/v2\/comments?post=3975"}],"version-history":[{"count":1,"href":"https:\/\/prefeitosegestoes.com.br\/portal\/wp-json\/wp\/v2\/posts\/3975\/revisions"}],"predecessor-version":[{"id":3977,"href":"https:\/\/prefeitosegestoes.com.br\/portal\/wp-json\/wp\/v2\/posts\/3975\/revisions\/3977"}],"wp:featuredmedia":[{"embeddable":true,"href":"https:\/\/prefeitosegestoes.com.br\/portal\/wp-json\/wp\/v2\/media\/3976"}],"wp:attachment":[{"href":"https:\/\/prefeitosegestoes.com.br\/portal\/wp-json\/wp\/v2\/media?parent=3975"}],"wp:term":[{"taxonomy":"category","embeddable":true,"href":"https:\/\/prefeitosegestoes.com.br\/portal\/wp-json\/wp\/v2\/categories?post=3975"},{"taxonomy":"post_tag","embeddable":true,"href":"https:\/\/prefeitosegestoes.com.br\/portal\/wp-json\/wp\/v2\/tags?post=3975"}],"curies":[{"name":"wp","href":"https:\/\/api.w.org\/{rel}","templated":true}]}}