{"id":3971,"date":"2025-11-10T11:20:13","date_gmt":"2025-11-10T14:20:13","guid":{"rendered":"https:\/\/prefeitosegestoes.com.br\/portal\/?p=3971"},"modified":"2025-11-10T11:20:13","modified_gmt":"2025-11-10T14:20:13","slug":"cop30-comeca-10-11-nesta-segunda-saiba-o-que-esta-em-jogo-e-o-que-esperar-da-conferencia-sobre-a-crise-do-clima","status":"publish","type":"post","link":"https:\/\/prefeitosegestoes.com.br\/portal\/cop30-comeca-10-11-nesta-segunda-saiba-o-que-esta-em-jogo-e-o-que-esperar-da-conferencia-sobre-a-crise-do-clima\/","title":{"rendered":"COP30 come\u00e7a (10.11) nesta segunda; saiba o que est\u00e1 em jogo e o que esperar da confer\u00eancia sobre a crise do clima"},"content":{"rendered":"<div class=\"mc-article-header\">\n<div class=\"row content-head mc-column non-featured \">\n<div class=\"medium-centered subtitle\">\n<h6 class=\"content-head__subtitle\">Roteiro Airbnb Bel\u00e9m \u2014 Foto: Divulga\u00e7\u00e3o<\/h6>\n<h2 class=\"content-head__subtitle\">Entenda os pontos-chave da Confer\u00eancia das Na\u00e7\u00f5es Unidas sobre Mudan\u00e7as Clim\u00e1ticas, que acontece pela primeira vez na Amaz\u00f4nia, em Bel\u00e9m (PA).<\/h2>\n<\/div>\n<\/div>\n<div class=\"content__signa-share mc-column\">\n<div class=\"content__signature\">\n<div class=\"content-publication-data\">\n<div class=\"content-publication-data__text\">\n<p class=\"content-publication-data__from\" title=\"Roberto Peixoto\">Por\u00a0<a class=\"multi_signatures\" href=\"https:\/\/g1.globo.com\/autores\/roberto-peixoto\/\">Roberto Peixoto<\/a>, g1<\/p>\n<p class=\"content-publication-data__updated\"><time datetime=\"2025-11-10T00:00:28.172-03:00\">10\/11\/2025 00h00\u00a0<\/time><span class=\"content-publication-data__updated-relative\">\u00a0<time datetime=\"2025-11-10T08:29:04.001-03:00\">Atualizado\u00a0<time datetime=\"2025-11-10T08:29:04.001-03:00\">h\u00e1 2 horas<\/time><\/time><\/span><\/p>\n<\/div>\n<\/div>\n<\/div>\n<\/div>\n<div class=\"mc-summary mc-column\" data-block-type=\"summary\" data-block-id=\"1\">\n<details class=\"mc-summary-card bs-block--exclude-chunk-children\">\n<div class=\"mc-summary-card__content\">\n<ul class=\"mc-summary-card__list\">\n<li class=\"mc-summary-card__item\">\n<div id=\"chunk-atj1u\">\n<div class=\"mc-column content-text active-extra-styles \" data-block-type=\"unstyled\" data-block-weight=\"\">\n<p class=\" content-text__container \" data-track-category=\"Link no Texto\" data-track-links=\"\" data-mrf-recirculation=\"Mat\u00e9ria - Links no Texto\">A COP30, confer\u00eancia do clima da ONU, tem in\u00edcio nesta segunda-feira (10) em Bel\u00e9m, a primeira sediada na Amaz\u00f4nia.<\/p>\n<\/div>\n<\/div>\n<\/li>\n<li class=\"mc-summary-card__item\">\n<div id=\"chunk-e3p0j\">\n<div class=\"mc-column content-text active-extra-styles \" data-block-type=\"unstyled\" data-block-weight=\"\">\n<p class=\" content-text__container \" data-track-category=\"Link no Texto\" data-track-links=\"\" data-mrf-recirculation=\"Mat\u00e9ria - Links no Texto\">O evento re\u00fane cerca de 50 mil pessoas para discutir solu\u00e7\u00f5es diante do agravamento da crise clim\u00e1tica.<\/p>\n<\/div>\n<\/div>\n<\/li>\n<li class=\"mc-summary-card__item\">\n<div id=\"chunk-aff9r\">\n<div class=\"mc-column content-text active-extra-styles \" data-block-type=\"unstyled\" data-block-weight=\"\">\n<p class=\" content-text__container \" data-track-category=\"Link no Texto\" data-track-links=\"\" data-mrf-recirculation=\"Mat\u00e9ria - Links no Texto\">A C\u00fapula de L\u00edderes definiu as prioridades: acelerar a transi\u00e7\u00e3o energ\u00e9tica, ampliar o financiamento e proteger as florestas.<\/p>\n<\/div>\n<\/div>\n<\/li>\n<li class=\"mc-summary-card__item\">\n<div id=\"chunk-cuk0d\">\n<div class=\"mc-column content-text active-extra-styles \" data-block-type=\"unstyled\" data-block-weight=\"\">\n<p class=\" content-text__container \" data-track-category=\"Link no Texto\" data-track-links=\"\" data-mrf-recirculation=\"Mat\u00e9ria - Links no Texto\">O Brasil tenta consolidar lideran\u00e7a global com propostas como o fundo Florestas Tropicais para Sempre e o pacto Bel\u00e9m 4X.<\/p>\n<\/div>\n<\/div>\n<\/li>\n<li class=\"mc-summary-card__item\">\n<div id=\"chunk-bnkm2\">\n<div class=\"mc-column content-text active-extra-styles \" data-block-type=\"unstyled\" data-block-weight=\"\">\n<p class=\" content-text__container \" data-track-category=\"Link no Texto\" data-track-links=\"\" data-mrf-recirculation=\"Mat\u00e9ria - Links no Texto\">As negocia\u00e7\u00f5es devem transformar compromissos pol\u00edticos em metas concretas, com prazos e recursos definidos.<\/p>\n<\/div>\n<\/div>\n<\/li>\n<\/ul>\n<\/div>\n<\/details>\n<\/div>\n<\/div>\n<div class=\"mc-article-body\">\n<article>\n<div id=\"chunk-75vi6\">\n<div class=\"cxm-video-block mc-column  content-media content-video\" data-block-type=\"backstage-video\" data-block-id=\"2\">\n<div class=\"content-media__container content-media__container--codex-fallback\">\n<div class=\"content-video__bigger-player-description-fixer\">\n<article class=\"content-video\">\n<section class=\"content-video__video-container\">\n<div class=\"content-video__video\">\n<div class=\"content-video__placeholder\" data-video-id=\"14084624\">\n<div>\n<div id=\"wp3-player-1\" class=\"clappr-player\" tabindex=\"9999\" data-player=\"\"><\/div>\n<\/div>\n<\/div>\n<\/div>\n<\/section>\n<\/article>\n<\/div>\n<div class=\"bs-block-video__container\">\n<p class=\"codex-caption codex-caption--small\">COP30 come\u00e7a nesta segunda-feira; saiba o que est\u00e1 em jogo<\/p>\n<\/div>\n<\/div>\n<\/div>\n<\/div>\n<div id=\"chunk-drro3\">\n<div class=\"mc-column content-text active-extra-styles \" data-block-type=\"unstyled\" data-block-weight=\"32\" data-block-id=\"3\">\n<p class=\" content-text__container \" data-track-category=\"Link no Texto\" data-track-links=\"\" data-mrf-recirculation=\"Mat\u00e9ria - Links no Texto\">A 30\u00aa Confer\u00eancia do Clima da ONU (<strong>COP30<\/strong>) come\u00e7a nesta segunda-feira (10) em Bel\u00e9m (PA), a primeira realizada na Amaz\u00f4nia. Ser\u00e3o\u00a0<strong>duas semanas decisivas<\/strong>\u00a0para a a\u00e7\u00e3o global contra as mudan\u00e7as clim\u00e1ticas.<\/p>\n<\/div>\n<\/div>\n<div class=\"wall protected-content\">\n<div id=\"chunk-h9j\">\n<div class=\"mc-column content-text active-extra-styles \" data-block-type=\"unstyled\" data-block-weight=\"34\" data-block-id=\"5\">\n<p class=\" content-text__container \" data-track-category=\"Link no Texto\" data-track-links=\"\" data-mrf-recirculation=\"Mat\u00e9ria - Links no Texto\">Cerca de\u00a0<strong>50 mil pessoas<\/strong>\u00a0\u2014 entre diplomatas, l\u00edderes, ativistas, cientistas e empres\u00e1rios \u2014 participam do encontro. A\u00a0<strong>C\u00fapula de L\u00edderes<\/strong>, que terminou na sexta (7), j\u00e1 indicou o tom pol\u00edtico das negocia\u00e7\u00f5es:<\/p>\n<\/div>\n<\/div>\n<div id=\"chunk-dvl0t\">\n<div class=\"mc-column content-text active-extra-styles\" data-block-type=\"raw\" data-block-weight=\"19\" data-block-id=\"6\">\n<ul class=\"content-unordered-list\" data-mrf-recirculation=\"Mat\u00e9ria - Leia Tamb\u00e9m (Lista)\">\n<li>acelerar a\u00a0<strong>transi\u00e7\u00e3o energ\u00e9tica<\/strong>,<\/li>\n<li>ampliar o\u00a0<strong>financiamento<\/strong>\u00a0clim\u00e1tico e<\/li>\n<li>proteger as<strong>\u00a0florestas tropicais<\/strong>\u00a0(<a class=\"\" href=\"https:\/\/g1.globo.com\/meio-ambiente\/cop-30\/noticia\/2025\/11\/08\/em-10-pontos-entenda-o-que-a-cupula-de-lideres-mostra-sobre-o-rumo-da-cop30-e-seus-desafios.ghtml\" data-mrf-link=\"https:\/\/g1.globo.com\/meio-ambiente\/cop-30\/noticia\/2025\/11\/08\/em-10-pontos-entenda-o-que-a-cupula-de-lideres-mostra-sobre-o-rumo-da-cop30-e-seus-desafios.ghtml\">entenda a c\u00fapula em 10 pontos<\/a>).<\/li>\n<\/ul>\n<\/div>\n<\/div>\n<div id=\"chunk-cpajj\">\n<div class=\"mc-column content-text active-extra-styles \" data-block-type=\"unstyled\" data-block-weight=\"50\" data-block-id=\"7\">\n<p class=\" content-text__container \" data-track-category=\"Link no Texto\" data-track-links=\"\" data-mrf-recirculation=\"Mat\u00e9ria - Links no Texto\">Agora, as aten\u00e7\u00f5es se voltam para as mesas de negocia\u00e7\u00e3o, onde esses compromissos ter\u00e3o de sair do discurso e se transformar em planos concretos, com metas, prazos e recursos definidos. Mas o que \u00e9 de fato a COP, qual a sua import\u00e2ncia e o que ser\u00e1 realmente discutido neste ano?<\/p>\n<\/div>\n<\/div>\n<div id=\"chunk-7k6m3\">\n<div class=\"mc-column content-text active-extra-styles \" data-block-type=\"unstyled\" data-block-weight=\"6\" data-block-id=\"9\">\n<p class=\" content-text__container \" data-track-category=\"Link no Texto\" data-track-links=\"\" data-mrf-recirculation=\"Mat\u00e9ria - Links no Texto\"><em>Abaixo, nesta reportagem, voc\u00ea vai ver:<\/em><\/p>\n<\/div>\n<\/div>\n<div id=\"chunk-7sv1h\">\n<div class=\"mc-column content-text active-extra-styles\" data-block-type=\"raw\" data-block-weight=\"36\" data-block-id=\"10\">\n<ol class=\"content-ordered-list theme-ordered-list-color-primary\">\n<li><a class=\"\" href=\"https:\/\/g1.globo.com\/meio-ambiente\/cop-30\/noticia\/2025\/11\/10\/cop30-comeca-oficialmente-nesta-segunda-saiba-o-que-esta-em-jogo-e-o-que-esperar-da-conferencia-sobre-a-crise-do-clima.ghtml#1\"><strong>O que \u00e9 a Confer\u00eancia das Partes, a COP30?<\/strong><\/a><\/li>\n<li><a class=\"\" href=\"https:\/\/g1.globo.com\/meio-ambiente\/cop-30\/noticia\/2025\/11\/10\/cop30-comeca-oficialmente-nesta-segunda-saiba-o-que-esta-em-jogo-e-o-que-esperar-da-conferencia-sobre-a-crise-do-clima.ghtml#2\"><strong>O que deve ser discutido na confer\u00eancia?<\/strong><\/a><\/li>\n<li><a class=\"\" href=\"https:\/\/g1.globo.com\/meio-ambiente\/cop-30\/noticia\/2025\/11\/10\/cop30-comeca-oficialmente-nesta-segunda-saiba-o-que-esta-em-jogo-e-o-que-esperar-da-conferencia-sobre-a-crise-do-clima.ghtml#3\"><strong>Qual a expectativa do governo Lula?<\/strong><\/a><\/li>\n<li><a class=\"\" href=\"https:\/\/g1.globo.com\/meio-ambiente\/cop-30\/noticia\/2025\/11\/10\/cop30-comeca-oficialmente-nesta-segunda-saiba-o-que-esta-em-jogo-e-o-que-esperar-da-conferencia-sobre-a-crise-do-clima.ghtml#4\"><strong>Quem \u00e9 o respons\u00e1vel por fazer a COP dar certo?<\/strong><\/a><\/li>\n<li><a class=\"\" href=\"https:\/\/g1.globo.com\/meio-ambiente\/cop-30\/noticia\/2025\/11\/10\/cop30-comeca-oficialmente-nesta-segunda-saiba-o-que-esta-em-jogo-e-o-que-esperar-da-conferencia-sobre-a-crise-do-clima.ghtml#5\"><strong>Quais resultados s\u00e3o esperados?<\/strong><\/a><\/li>\n<\/ol>\n<\/div>\n<\/div>\n<div id=\"chunk-ao460\">\n<section id=\"show-shortz-ao460\" class=\"show-shortz\" data-shortzid=\"ao460\">\n<div class=\"show-shortz-container mc-column content-text active-extra-styles\">\n<div>\n<div data-testid=\"slider-wrapper\">\n<div>\n<div id=\"shortz\" class=\"sc-gsJsQu hYnWAh\">\n<div class=\"sc-gvqKNf eoYPzp\">\n<div>\n<div class=\"sc-kjwdDK ipkSqI\">\n<div class=\"sc-gLaqbQ chFxal\">\n<h2>A COP30 e nosso futuro<\/h2>\n<\/div>\n<\/div>\n<div class=\"sc-cOpnSz bPyKmV\" data-testid=\"slider wrapper\">\n<div class=\"sc-etsjJW hVPTtS item-thumb\" tabindex=\"0\" role=\"button\" data-testid=\"wrapper-vale-a-pena-investir-em-energia-solar-para-uso-\"><\/div>\n<\/div>\n<\/div>\n<\/div>\n<\/div>\n<\/div>\n<\/div>\n<\/div>\n<\/div>\n<\/section>\n<\/div>\n<div id=\"chunk-bjrnh\">\n<div class=\"mc-column content-text active-extra-styles\" data-block-type=\"raw\" data-block-weight=\"6\" data-block-id=\"12\">\n<div class=\"content-intertitle\">\n<h2>1) O que \u00e9 a COP30?<\/h2>\n<\/div>\n<\/div>\n<\/div>\n<div id=\"chunk-dq9np\">\n<div class=\"mc-column content-text active-extra-styles \" data-block-type=\"unstyled\" data-block-weight=\"42\" data-block-id=\"13\">\n<p class=\" content-text__container \" data-track-category=\"Link no Texto\" data-track-links=\"\" data-mrf-recirculation=\"Mat\u00e9ria - Links no Texto\">A COP30 \u00e9 30\u00aa confer\u00eancia do clima da ONU, um evento que re\u00fane governos do mundo inteiro, diplomatas, cientistas, membros da sociedade civil e diversas entidades privadas com o objetivo de debater e buscar solu\u00e7\u00f5es para a\u00a0<strong>crise clim\u00e1tica\u00a0<\/strong>causada pelo homem.<\/p>\n<\/div>\n<\/div>\n<div id=\"chunk-2is03\">\n<div class=\"mc-column content-text active-extra-styles \" data-block-type=\"unstyled\" data-block-weight=\"49\" data-block-id=\"14\">\n<p class=\" content-text__container \" data-track-category=\"Link no Texto\" data-track-links=\"\" data-mrf-recirculation=\"Mat\u00e9ria - Links no Texto\">A confer\u00eancia vem sendo realizada anualmente desde 1995 (exceto em 2020, por causa da pandemia) e o termo COP \u00e9 uma sigla em ingl\u00eas que quer dizer &#8220;<strong>Confer\u00eancia das Partes<\/strong>&#8220;, uma refer\u00eancia \u00e0s 197 na\u00e7\u00f5es que concordaram com um pacto ambiental da ONU no in\u00edcio da d\u00e9cada de 1990.<\/p>\n<\/div>\n<\/div>\n<div id=\"chunk-c07fq\">\n<div class=\"mc-column content-text active-extra-styles \" data-block-type=\"unstyled\" data-block-weight=\"46\" data-block-id=\"15\">\n<p class=\" content-text__container \" data-track-category=\"Link no Texto\" data-track-links=\"\" data-mrf-recirculation=\"Mat\u00e9ria - Links no Texto\">O tratado, chamado de<strong>\u00a0Conven\u00e7\u00e3o-Quadro das Na\u00e7\u00f5es Unidas sobre a Mudan\u00e7a do Clima (CQNUMC<\/strong>), tem como principal objetivo estabilizar a emiss\u00e3o de gases de efeito estufa na atmosfera e, assim, combater a amea\u00e7a humana ao sistema clim\u00e1tico da Terra,<a class=\"\" href=\"https:\/\/g1.globo.com\/meio-ambiente\/noticia\/2025\/11\/08\/tornado-ciclone-furacao-entenda-diferencas-fenomenos-meteorologicos.ghtml\" data-mrf-link=\"https:\/\/g1.globo.com\/meio-ambiente\/noticia\/2025\/11\/08\/tornado-ciclone-furacao-entenda-diferencas-fenomenos-meteorologicos.ghtml\"> cada vez mais evidente nos \u00faltimos meses.<\/a><\/p>\n<\/div>\n<\/div>\n<div id=\"chunk-93v15\">\n<div class=\"mc-column content-text active-extra-styles \" data-block-type=\"unstyled\" data-block-weight=\"15\" data-block-id=\"17\">\n<p class=\" content-text__container \" data-track-category=\"Link no Texto\" data-track-links=\"\" data-mrf-recirculation=\"Mat\u00e9ria - Links no Texto\">Nos \u00faltimos anos, por exemplo, o n\u00famero de tornados registrados no Brasil vem\u00a0<a class=\"\" href=\"https:\/\/g1.globo.com\/fantastico\/noticia\/2025\/11\/09\/numero-de-tornados-cresce-no-brasil-e-sul-concentra-maior-risco-apontam-especialistas.ghtml\" data-mrf-link=\"https:\/\/g1.globo.com\/fantastico\/noticia\/2025\/11\/09\/numero-de-tornados-cresce-no-brasil-e-sul-concentra-maior-risco-apontam-especialistas.ghtml\">aumentando<\/a>.<\/p>\n<\/div>\n<\/div>\n<div id=\"chunk-7kbk9\">\n<div class=\"mc-column content-text active-extra-styles \" data-block-type=\"unstyled\" data-block-weight=\"46\" data-block-id=\"18\">\n<p class=\" content-text__container \" data-track-category=\"Link no Texto\" data-track-links=\"\" data-mrf-recirculation=\"Mat\u00e9ria - Links no Texto\">Aliado a isso, segundo o observat\u00f3rio europeu Copernicus, outubro de 2025 foi o terceiro outubro mais quente j\u00e1 registrado no planeta, com uma temperatura m\u00e9dia global de\u00a0<strong>15,14 \u00b0C \u2014 0,7 \u00b0C\u00a0<\/strong>acima da m\u00e9dia de 1991 a 2020 e\u00a0<strong>1,55 \u00b0C<\/strong>\u00a0acima do per\u00edodo pr\u00e9-industrial.<\/p>\n<\/div>\n<\/div>\n<div id=\"chunk-6vb4s\">\n<div class=\"mc-column content-text active-extra-styles \" data-block-type=\"unstyled\" data-block-weight=\"19\" data-block-id=\"19\">\n<p class=\" content-text__container \" data-track-category=\"Link no Texto\" data-track-links=\"\" data-mrf-recirculation=\"Mat\u00e9ria - Links no Texto\">Por causa desse recorde e de meses anteriores,<a class=\"\" href=\"https:\/\/g1.globo.com\/meio-ambiente\/cop-30\/noticia\/2025\/11\/07\/observatorio-europeu-indica-que-2025-deve-ser-um-dos-anos-mais-quentes-ja-registrados.ghtml\" data-mrf-link=\"https:\/\/g1.globo.com\/meio-ambiente\/cop-30\/noticia\/2025\/11\/07\/observatorio-europeu-indica-que-2025-deve-ser-um-dos-anos-mais-quentes-ja-registrados.ghtml\">\u00a02025 deve encerrar entre os tr\u00eas anos mais quentes da hist\u00f3ria.<\/a><\/p>\n<\/div>\n<\/div>\n<div id=\"chunk-evf3c\">\n<div class=\"mc-column content-text active-extra-styles \" data-block-type=\"unstyled\" data-block-weight=\"3\" data-block-id=\"20\">\n<p class=\" content-text__container \" data-track-category=\"Link no Texto\" data-track-links=\"\" data-mrf-recirculation=\"Mat\u00e9ria - Links no Texto\"><a class=\"\" href=\"https:\/\/g1.globo.com\/meio-ambiente\/cop-30\/noticia\/2025\/11\/10\/cop30-comeca-oficialmente-nesta-segunda-saiba-o-que-esta-em-jogo-e-o-que-esperar-da-conferencia-sobre-a-crise-do-clima.ghtml#menu\" data-mrf-link=\"https:\/\/g1.globo.com\/meio-ambiente\/cop-30\/noticia\/2025\/11\/10\/cop30-comeca-oficialmente-nesta-segunda-saiba-o-que-esta-em-jogo-e-o-que-esperar-da-conferencia-sobre-a-crise-do-clima.ghtml\"><em>Voltar ao menu.<\/em><\/a><\/p>\n<\/div>\n<\/div>\n<div id=\"chunk-dp9gn\">\n<div class=\"row medium-uncollapsed content-media content-photo\" data-block-type=\"backstage-photo\" data-block-id=\"21\">\n<div class=\" mc-column  content-media__container\">\n<div class=\"content-media-container glb-skeleton-box\">\n<figure class=\"content-media-figure\"><img decoding=\"async\" class=\"i-amphtml-fill-content i-amphtml-replaced-content\" src=\"https:\/\/s2-g1.glbimg.com\/kTrQ-thHJTexkW4zoXi8aaOLoZc=\/0x0:6000x4000\/984x0\/smart\/filters:strip_icc()\/i.s3.glbimg.com\/v1\/AUTH_59edd422c0c84a879bd37670ae4f538a\/internal_photos\/bs\/2025\/d\/c\/y4hP9fR920jYSX9kRMjw\/ap25312769417665.jpg\" sizes=\"(max-width: 1536px) 648px, 100vw\" srcset=\"https:\/\/s2-g1.glbimg.com\/_dMgsf8xbYNpBFa1kG7GGGlzPd0=\/0x0:6000x4000\/1000x0\/smart\/filters:strip_icc()\/i.s3.glbimg.com\/v1\/AUTH_59edd422c0c84a879bd37670ae4f538a\/internal_photos\/bs\/2025\/d\/c\/y4hP9fR920jYSX9kRMjw\/ap25312769417665.jpg 1000w, https:\/\/s2-g1.glbimg.com\/kTrQ-thHJTexkW4zoXi8aaOLoZc=\/0x0:6000x4000\/984x0\/smart\/filters:strip_icc()\/i.s3.glbimg.com\/v1\/AUTH_59edd422c0c84a879bd37670ae4f538a\/internal_photos\/bs\/2025\/d\/c\/y4hP9fR920jYSX9kRMjw\/ap25312769417665.jpg 984w, https:\/\/s2-g1.glbimg.com\/icUf_3ehhcepn5QQ93MNhUHl3vw=\/0x0:6000x4000\/640x0\/smart\/filters:strip_icc()\/i.s3.glbimg.com\/v1\/AUTH_59edd422c0c84a879bd37670ae4f538a\/internal_photos\/bs\/2025\/d\/c\/y4hP9fR920jYSX9kRMjw\/ap25312769417665.jpg 640w, https:\/\/s2-g1.glbimg.com\/HJocvNQDsIX4I9KOm3SWFtaOpfs=\/0x0:6000x4000\/600x0\/smart\/filters:strip_icc()\/i.s3.glbimg.com\/v1\/AUTH_59edd422c0c84a879bd37670ae4f538a\/internal_photos\/bs\/2025\/d\/c\/y4hP9fR920jYSX9kRMjw\/ap25312769417665.jpg 600w\" alt=\"Pessoas posam para fotos em frente ao local da Confer\u00eancia das Na\u00e7\u00f5es Unidas sobre Mudan\u00e7a do Clima (COP30), neste s\u00e1bado (8), em Bel\u00e9m (PA). \u2014 Foto: AP Photo\/Fernando Llano\" \/><\/figure>\n<\/div>\n<p class=\"content-media__description  \">Pessoas posam para fotos em frente ao local da Confer\u00eancia das Na\u00e7\u00f5es Unidas sobre Mudan\u00e7a do Clima (COP30), neste s\u00e1bado (8), em Bel\u00e9m (PA). \u2014 Foto: AP Photo\/Fernando Llano<\/p>\n<\/div>\n<\/div>\n<\/div>\n<div id=\"chunk-1o259\">\n<div class=\"mc-column content-text active-extra-styles\" data-block-type=\"raw\" data-block-weight=\"8\" data-block-id=\"23\">\n<div class=\"content-intertitle\">\n<h2>2) O que deve ser discutido na COP30?<\/h2>\n<\/div>\n<\/div>\n<\/div>\n<div id=\"chunk-ab78t\">\n<div class=\"mc-column content-text active-extra-styles \" data-block-type=\"unstyled\" data-block-weight=\"11\" data-block-id=\"24\">\n<p class=\" content-text__container \" data-track-category=\"Link no Texto\" data-track-links=\"\" data-mrf-recirculation=\"Mat\u00e9ria - Links no Texto\">As discuss\u00f5es em Bel\u00e9m se concentram em tr\u00eas grandes eixos:<\/p>\n<\/div>\n<\/div>\n<div id=\"chunk-ddh3g\">\n<div class=\"mc-column content-text active-extra-styles\" data-block-type=\"raw\" data-block-weight=\"6\" data-block-id=\"25\">\n<ul class=\"content-unordered-list\" data-mrf-recirculation=\"Mat\u00e9ria - Leia Tamb\u00e9m (Lista)\">\n<li><strong>transi\u00e7\u00e3o energ\u00e9tica<\/strong>,<\/li>\n<li><strong>adapta\u00e7\u00e3o clim\u00e1tica<\/strong>\u00a0e<\/li>\n<li><strong>financiamento<\/strong>.<\/li>\n<\/ul>\n<\/div>\n<\/div>\n<div id=\"chunk-59hvl\">\n<div class=\"mc-column content-text active-extra-styles \" data-block-type=\"unstyled\" data-block-weight=\"50\" data-block-id=\"26\">\n<p class=\" content-text__container \" data-track-category=\"Link no Texto\" data-track-links=\"\" data-mrf-recirculation=\"Mat\u00e9ria - Links no Texto\">Na frente da transi\u00e7\u00e3o energ\u00e9tica, o Brasil pretende liderar a constru\u00e7\u00e3o do chamado \u201c<strong>mapa do caminho<\/strong>\u201d, uma express\u00e3o usada para definir o roteiro pol\u00edtico e t\u00e9cnico que vai estabelecer etapas, prazos e responsabilidades de cada pa\u00eds na substitui\u00e7\u00e3o do petr\u00f3leo, g\u00e1s e carv\u00e3o por fontes renov\u00e1veis e efici\u00eancia energ\u00e9tica.<\/p>\n<\/div>\n<\/div>\n<div id=\"chunk-2fj13\">\n<div class=\"mc-column content-text active-extra-styles \" data-block-type=\"unstyled\" data-block-weight=\"43\" data-block-id=\"27\">\n<p class=\" content-text__container \" data-track-category=\"Link no Texto\" data-track-links=\"\" data-mrf-recirculation=\"Mat\u00e9ria - Links no Texto\"><strong>\u26a1ENTENDA:<\/strong>\u00a0A transi\u00e7\u00e3o energ\u00e9tica \u00e9 um dos grandes temas da COP30. Ela sintetiza um dos maiores desafios das pr\u00f3ximas d\u00e9cadas: transformar a forma como o mundo produz e consome energia, reduzindo a depend\u00eancia de combust\u00edveis f\u00f3sseis e ampliando o uso de fontes renov\u00e1veis.<\/p>\n<\/div>\n<\/div>\n<div id=\"chunk-3r1lh\">\n<div class=\"mc-column content-text active-extra-styles \" data-block-type=\"unstyled\" data-block-weight=\"23\" data-block-id=\"28\">\n<p class=\" content-text__container \" data-track-category=\"Link no Texto\" data-track-links=\"\" data-mrf-recirculation=\"Mat\u00e9ria - Links no Texto\">A meta \u00e9 garantir que a transi\u00e7\u00e3o seja justa, ordenada e equitativa, levando em conta as diferentes capacidades e responsabilidades das na\u00e7\u00f5es.<\/p>\n<\/div>\n<\/div>\n<div id=\"chunk-197qf\">\n<div class=\"mc-column content-text active-extra-styles \" data-block-type=\"unstyled\" data-block-weight=\"35\" data-block-id=\"29\">\n<p class=\" content-text__container \" data-track-category=\"Link no Texto\" data-track-links=\"\" data-mrf-recirculation=\"Mat\u00e9ria - Links no Texto\">Essa ser\u00e1 uma das principais frentes de trabalho da presid\u00eancia brasileira, que quer transformar o acordo firmado em Dubai na COP28 em um plano com metas e mecanismos verific\u00e1veis,\u00a0<a class=\"\" href=\"https:\/\/g1.globo.com\/meio-ambiente\/noticia\/2023\/11\/27\/cop28-emirados-arabes-planejaram-usar-negociacoes-do-clima-para-fazer-acordos-de-petroleo-e-gas.ghtml\" data-mrf-link=\"https:\/\/g1.globo.com\/meio-ambiente\/noticia\/2023\/11\/27\/cop28-emirados-arabes-planejaram-usar-negociacoes-do-clima-para-fazer-acordos-de-petroleo-e-gas.ghtml\">e n\u00e3o apenas um compromisso pol\u00edtico.<\/a><\/p>\n<\/div>\n<\/div>\n<div id=\"chunk-7sfco\">\n<div class=\"mc-column content-text active-extra-styles\" data-block-type=\"raw\" data-block-weight=\"58\" data-block-id=\"30\">\n<blockquote class=\"content-blockquote theme-border-color-primary-before\"><p>\u201cEstamos \u00e0 beira de pontos de inflex\u00e3o clim\u00e1ticos e da potencial perda da Amaz\u00f4nia, ent\u00e3o, esta COP precisa, simplesmente, promover a mudan\u00e7a urgente necess\u00e1ria. N\u00e3o h\u00e1 segunda chance e tudo come\u00e7a com os l\u00edderes, que devem dar \u00e0 COP30 um mandato claro para fechar a lacuna da ambi\u00e7\u00e3o de 1,5\u00b0C&#8221;, avalia Carolina Pasquali, diretora executiva do Greenpeace Brasil.<\/p><\/blockquote>\n<\/div>\n<\/div>\n<div id=\"chunk-a83mp\">\n<div class=\"mc-column content-text active-extra-styles \" data-block-type=\"unstyled\" data-block-weight=\"28\" data-block-id=\"32\">\n<p class=\" content-text__container \" data-track-category=\"Link no Texto\" data-track-links=\"\" data-mrf-recirculation=\"Mat\u00e9ria - Links no Texto\">Outra discuss\u00e3o central \u00e9 o\u00a0<strong>Objetivo Global de Adapta\u00e7\u00e3o (GGA)<\/strong>, um instrumento que pretende medir o quanto os pa\u00edses est\u00e3o se preparando para os impactos do clima.<\/p>\n<\/div>\n<\/div>\n<div id=\"chunk-5h5ig\">\n<div class=\"mc-column content-text active-extra-styles \" data-block-type=\"unstyled\" data-block-weight=\"31\" data-block-id=\"33\">\n<p class=\" content-text__container \" data-track-category=\"Link no Texto\" data-track-links=\"\" data-mrf-recirculation=\"Mat\u00e9ria - Links no Texto\">A proposta faz parte do Marco UAE\u2013Bel\u00e9m para Resili\u00eancia Clim\u00e1tica Global e \u00e9 vista como essencial para avaliar quem est\u00e1 conseguindo se adaptar e quem ainda est\u00e1 ficando para tr\u00e1s.<\/p>\n<\/div>\n<\/div>\n<div id=\"chunk-4uskk\">\n<div class=\"mc-column content-text active-extra-styles \" data-block-type=\"unstyled\" data-block-weight=\"21\" data-block-id=\"34\">\n<p class=\" content-text__container \" data-track-category=\"Link no Texto\" data-track-links=\"\" data-mrf-recirculation=\"Mat\u00e9ria - Links no Texto\"><span class=\"highlight highlighted\">O desafio, no entanto, \u00e9 garantir recursos est\u00e1veis e previs\u00edveis para que o sistema n\u00e3o se torne apenas um ritual simb\u00f3lico.<\/span><\/p>\n<\/div>\n<\/div>\n<div id=\"chunk-c9vgq\">\n<div class=\"mc-column content-text active-extra-styles \" data-block-type=\"unstyled\" data-block-weight=\"35\" data-block-id=\"35\">\n<p class=\" content-text__container \" data-track-category=\"Link no Texto\" data-track-links=\"\" data-mrf-recirculation=\"Mat\u00e9ria - Links no Texto\">&#8220;\u00c9 fundamental que a ambi\u00e7\u00e3o n\u00e3o se limite \u00e0s a\u00e7\u00f5es de mitiga\u00e7\u00e3o \u2014 ela tamb\u00e9m deve envolver a entrega efetiva de recursos&#8221;, avalia Vaibhav Chaturvedi, pesquisador s\u00eanior do Council On Energy, Environment and Water (CEEW).<\/p>\n<\/div>\n<\/div>\n<div id=\"chunk-46mst\">\n<div class=\"mc-column content-text active-extra-styles \" data-block-type=\"unstyled\" data-block-weight=\"30\" data-block-id=\"36\">\n<p class=\" content-text__container \" data-track-category=\"Link no Texto\" data-track-links=\"\" data-mrf-recirculation=\"Mat\u00e9ria - Links no Texto\">No campo das finan\u00e7as, os pa\u00edses em desenvolvimento chegam a Bel\u00e9m com uma reivindica\u00e7\u00e3o clara: a crise clim\u00e1tica n\u00e3o pode continuar sendo tratada como algo separado da economia global.<\/p>\n<\/div>\n<\/div>\n<div id=\"chunk-1hhe\">\n<div class=\"mc-column content-text active-extra-styles \" data-block-type=\"unstyled\" data-block-weight=\"33\" data-block-id=\"37\">\n<p class=\" content-text__container \" data-track-category=\"Link no Texto\" data-track-links=\"\" data-mrf-recirculation=\"Mat\u00e9ria - Links no Texto\">O desafio da confer\u00eancia ser\u00e1 dar conte\u00fado ao\u00a0<strong>Roteiro de Baku a Bel\u00e9m,<\/strong>\u00a0plano que busca mobilizar\u00a0<strong>US$ 1,3 trilh\u00e3o\u00a0<\/strong>por ano at\u00e9 2035, com juros baixos, mais doa\u00e7\u00f5es e menos endividamento.<\/p>\n<\/div>\n<\/div>\n<div id=\"chunk-6b7a1\">\n<div class=\"mc-column content-text active-extra-styles \" data-block-type=\"unstyled\" data-block-weight=\"24\" data-block-id=\"38\">\n<p class=\" content-text__container \" data-track-category=\"Link no Texto\" data-track-links=\"\" data-mrf-recirculation=\"Mat\u00e9ria - Links no Texto\">Esse ponto ser\u00e1 decisivo para definir o sucesso da COP, j\u00e1 que sem financiamento em escala, metas de descarboniza\u00e7\u00e3o e adapta\u00e7\u00e3o se tornam invi\u00e1veis.<\/p>\n<\/div>\n<\/div>\n<div id=\"chunk-c4k16\">\n<div class=\"mc-column content-text active-extra-styles \" data-block-type=\"unstyled\" data-block-weight=\"30\" data-block-id=\"40\">\n<p class=\" content-text__container \" data-track-category=\"Link no Texto\" data-track-links=\"\" data-mrf-recirculation=\"Mat\u00e9ria - Links no Texto\">Al\u00e9m desses tr\u00eas eixos, temas como o\u00a0<strong>Fundo Florestas Tropicais para Sempre (TFFF),<\/strong>\u00a0o fortalecimento dos mercados de carbono e o debate sobre racismo ambiental tamb\u00e9m devem ter destaque.<\/p>\n<\/div>\n<\/div>\n<div id=\"chunk-8an2h\">\n<div class=\"mc-column content-text active-extra-styles \" data-block-type=\"unstyled\" data-block-weight=\"63\" data-block-id=\"41\">\n<p class=\" content-text__container \" data-track-category=\"Link no Texto\" data-track-links=\"\" data-mrf-recirculation=\"Mat\u00e9ria - Links no Texto\">\ud83c\udf33 \ud83d\udcb5\u00a0<strong>O QUE \u00c9 O TFFF:<\/strong>\u00a0O fundo \u00e9 um mecanismo financeiro proposto pelo Brasil que usa um modelo de investimento de renda fixa para gerar recursos destinados \u00e0 conserva\u00e7\u00e3o de florestas tropicais. N\u00e3o se tratam de doa\u00e7\u00f5es. O lucro das aplica\u00e7\u00f5es ser\u00e1 usado para remunerar pa\u00edses que mant\u00eam suas florestas em p\u00e9, com prioridade para na\u00e7\u00f5es como Brasil, Indon\u00e9sia e Congo.<\/p>\n<\/div>\n<\/div>\n<div id=\"chunk-dmv8k\">\n<div class=\"mc-column content-text active-extra-styles \" data-block-type=\"unstyled\" data-block-weight=\"26\" data-block-id=\"42\">\n<p class=\" content-text__container \" data-track-category=\"Link no Texto\" data-track-links=\"\" data-mrf-recirculation=\"Mat\u00e9ria - Links no Texto\">A confer\u00eancia ser\u00e1 o espa\u00e7o para discutir como integrar justi\u00e7a social e justi\u00e7a clim\u00e1tica, e para alinhar mecanismos que tornem a transi\u00e7\u00e3o energ\u00e9tica global realmente inclusiva.<\/p>\n<\/div>\n<\/div>\n<div id=\"chunk-27vtl\">\n<div class=\"mc-column content-text active-extra-styles \" data-block-type=\"unstyled\" data-block-weight=\"3\" data-block-id=\"43\">\n<p class=\" content-text__container \" data-track-category=\"Link no Texto\" data-track-links=\"\" data-mrf-recirculation=\"Mat\u00e9ria - Links no Texto\"><a class=\"\" href=\"https:\/\/g1.globo.com\/meio-ambiente\/cop-30\/noticia\/2025\/11\/10\/cop30-comeca-oficialmente-nesta-segunda-saiba-o-que-esta-em-jogo-e-o-que-esperar-da-conferencia-sobre-a-crise-do-clima.ghtml#menu\" data-mrf-link=\"https:\/\/g1.globo.com\/meio-ambiente\/cop-30\/noticia\/2025\/11\/10\/cop30-comeca-oficialmente-nesta-segunda-saiba-o-que-esta-em-jogo-e-o-que-esperar-da-conferencia-sobre-a-crise-do-clima.ghtml\"><em>Voltar ao menu.<\/em><\/a><\/p>\n<\/div>\n<\/div>\n<div id=\"chunk-9g4mm\">\n<div class=\"row medium-uncollapsed content-media content-photo\" data-block-type=\"backstage-photo\" data-block-id=\"44\">\n<div class=\" mc-column  content-media__container\">\n<div class=\"content-media-container glb-skeleton-box\">\n<figure class=\"content-media-figure\"><img decoding=\"async\" class=\"i-amphtml-fill-content i-amphtml-replaced-content\" src=\"https:\/\/s2-g1.glbimg.com\/N5FUciOOdtpUS7E4tJuAH99S3Zw=\/0x0:5831x3887\/984x0\/smart\/filters:strip_icc()\/i.s3.glbimg.com\/v1\/AUTH_59edd422c0c84a879bd37670ae4f538a\/internal_photos\/bs\/2025\/4\/q\/E6Ea0VSsaeTLNAgbIZ9w\/2025-11-09t204049z-878162907-rc27thavyezi-rtrmadp-3-climate-cop30.jpg\" sizes=\"(max-width: 1536px) 648px, 100vw\" srcset=\"https:\/\/s2-g1.glbimg.com\/JHW_qHK55w-D_o5nGb_HcWYj6GI=\/0x0:5831x3887\/1000x0\/smart\/filters:strip_icc()\/i.s3.glbimg.com\/v1\/AUTH_59edd422c0c84a879bd37670ae4f538a\/internal_photos\/bs\/2025\/4\/q\/E6Ea0VSsaeTLNAgbIZ9w\/2025-11-09t204049z-878162907-rc27thavyezi-rtrmadp-3-climate-cop30.jpg 1000w, https:\/\/s2-g1.glbimg.com\/N5FUciOOdtpUS7E4tJuAH99S3Zw=\/0x0:5831x3887\/984x0\/smart\/filters:strip_icc()\/i.s3.glbimg.com\/v1\/AUTH_59edd422c0c84a879bd37670ae4f538a\/internal_photos\/bs\/2025\/4\/q\/E6Ea0VSsaeTLNAgbIZ9w\/2025-11-09t204049z-878162907-rc27thavyezi-rtrmadp-3-climate-cop30.jpg 984w, https:\/\/s2-g1.glbimg.com\/VP4H8bOgod-62NnELCo7SE39mSc=\/0x0:5831x3887\/640x0\/smart\/filters:strip_icc()\/i.s3.glbimg.com\/v1\/AUTH_59edd422c0c84a879bd37670ae4f538a\/internal_photos\/bs\/2025\/4\/q\/E6Ea0VSsaeTLNAgbIZ9w\/2025-11-09t204049z-878162907-rc27thavyezi-rtrmadp-3-climate-cop30.jpg 640w, https:\/\/s2-g1.glbimg.com\/-GVhQQyfskAYezVS9JT1Z0nN98I=\/0x0:5831x3887\/600x0\/smart\/filters:strip_icc()\/i.s3.glbimg.com\/v1\/AUTH_59edd422c0c84a879bd37670ae4f538a\/internal_photos\/bs\/2025\/4\/q\/E6Ea0VSsaeTLNAgbIZ9w\/2025-11-09t204049z-878162907-rc27thavyezi-rtrmadp-3-climate-cop30.jpg 600w\" alt=\"Flotilha ind\u00edgena chega a Bel\u00e9m (PA) neste domingo (9), \u00e0s v\u00e9speras da COP30, trazendo representantes de diversos pa\u00edses da Am\u00e9rica Latina para a confer\u00eancia do clima da ONU. Na lateral do barco, uma faixa com os dizeres \u201cAmaz\u00f4nia livre de petr\u00f3leo\u201d. \u2014 Foto: REUTERS\/Adriano Machado\" \/><\/figure>\n<\/div>\n<p class=\"content-media__description  \">Flotilha ind\u00edgena chega a Bel\u00e9m (PA) neste domingo (9), \u00e0s v\u00e9speras da COP30, trazendo representantes de diversos pa\u00edses da Am\u00e9rica Latina para a confer\u00eancia do clima da ONU. Na lateral do barco, uma faixa com os dizeres \u201cAmaz\u00f4nia livre de petr\u00f3leo\u201d. \u2014 Foto: REUTERS\/Adriano Machado<\/p>\n<\/div>\n<\/div>\n<\/div>\n<div id=\"chunk-4h3q6\">\n<div class=\"content-ads content-ads--reveal\" data-block-type=\"ads\" data-block-id=\"45\">\n<div id=\"banner_materia__4ad872ca-de59-430e-8d62-1e12348595f2\" class=\"tag-manager-publicidade-container tag-manager-publicidade-banner_materia__4ad872ca-de59-430e-8d62-1e12348595f2 tag-manager-publicidade-container--carregado tag-manager-publicidade-container--visivel\" data-google-query-id=\"CK7NgLTe55ADFfBLuAQd2X4bpA\">\n<div id=\"google_ads_iframe_\/95377733\/tvg_G1\/Meio_Ambiente_10__container__\"><\/div>\n<\/div>\n<\/div>\n<\/div>\n<div id=\"chunk-bgq8\">\n<div class=\"mc-column content-text active-extra-styles\" data-block-type=\"raw\" data-block-weight=\"9\" data-block-id=\"46\">\n<p class=\"content-text__container\" data-mrf-recirculation=\"Mat\u00e9ria - Links no Texto\">\n<div class=\"content-intertitle\">\n<h2>3) Qual a expectativa do governo Lula na COP30?<\/h2>\n<\/div>\n<p>&nbsp;<\/p>\n<\/div>\n<\/div>\n<div id=\"chunk-10l62\">\n<div class=\"mc-column content-text active-extra-styles \" data-block-type=\"unstyled\" data-block-weight=\"28\" data-block-id=\"47\">\n<p class=\" content-text__container \" data-track-category=\"Link no Texto\" data-track-links=\"\" data-mrf-recirculation=\"Mat\u00e9ria - Links no Texto\">A expectativa do governo Lula na COP30 \u00e9 consolidar o Brasil como protagonista global da agenda clim\u00e1tica e como mediador entre o Norte e o Sul Global.<\/p>\n<\/div>\n<\/div>\n<div id=\"chunk-5en0t\">\n<div class=\"mc-column content-text active-extra-styles \" data-block-type=\"unstyled\" data-block-weight=\"28\" data-block-id=\"48\">\n<p class=\" content-text__container \" data-track-category=\"Link no Texto\" data-track-links=\"\" data-mrf-recirculation=\"Mat\u00e9ria - Links no Texto\">O pa\u00eds chega a Bel\u00e9m com a miss\u00e3o de mostrar resultados concretos em transi\u00e7\u00e3o energ\u00e9tica e prote\u00e7\u00e3o florestal, e de refor\u00e7ar seu papel pol\u00edtico como anfitri\u00e3o da confer\u00eancia.<\/p>\n<\/div>\n<\/div>\n<div id=\"chunk-e792m\">\n<div class=\"mc-column content-text active-extra-styles \" data-block-type=\"unstyled\" data-block-weight=\"35\" data-block-id=\"49\">\n<p class=\" content-text__container \" data-track-category=\"Link no Texto\" data-track-links=\"\" data-mrf-recirculation=\"Mat\u00e9ria - Links no Texto\">O discurso do presidente Lula durante a C\u00fapula de L\u00edderes deixou clara a estrat\u00e9gia brasileira: defender uma transi\u00e7\u00e3o energ\u00e9tica justa, capaz de equilibrar o avan\u00e7o das energias renov\u00e1veis com a valoriza\u00e7\u00e3o dos combust\u00edveis sustent\u00e1veis.<\/p>\n<\/div>\n<\/div>\n<div id=\"chunk-bfh9m\">\n<div class=\"mc-column content-text active-extra-styles \" data-block-type=\"unstyled\" data-block-weight=\"20\" data-block-id=\"51\">\n<p class=\" content-text__container \" data-track-category=\"Link no Texto\" data-track-links=\"\" data-mrf-recirculation=\"Mat\u00e9ria - Links no Texto\">O governo aposta no\u00a0<strong>Compromisso de Bel\u00e9m pelos Combust\u00edveis Sustent\u00e1veis<\/strong>, o chamado Bel\u00e9m 4X, como uma vitrine desse posicionamento.<\/p>\n<\/div>\n<\/div>\n<div id=\"chunk-bp94t\">\n<div class=\"mc-column content-text active-extra-styles \" data-block-type=\"unstyled\" data-block-weight=\"28\" data-block-id=\"52\">\n<p class=\" content-text__container \" data-track-category=\"Link no Texto\" data-track-links=\"\" data-mrf-recirculation=\"Mat\u00e9ria - Links no Texto\">A iniciativa, co-patrocinada por Brasil, It\u00e1lia e Jap\u00e3o, busca quadruplicar o uso global de combust\u00edveis sustent\u00e1veis at\u00e9 2035, com acompanhamento anual da Ag\u00eancia Internacional de Energia (AIE).<\/p>\n<\/div>\n<\/div>\n<div id=\"chunk-4ui2r\">\n<div class=\"mc-column content-text active-extra-styles \" data-block-type=\"unstyled\" data-block-weight=\"37\" data-block-id=\"53\">\n<p class=\" content-text__container \" data-track-category=\"Link no Texto\" data-track-links=\"\" data-mrf-recirculation=\"Mat\u00e9ria - Links no Texto\">Na vis\u00e3o do Planalto, a eletrifica\u00e7\u00e3o sozinha n\u00e3o \u00e9 suficiente para descarbonizar setores intensivos como transporte pesado e ind\u00fastria, e por isso o pa\u00eds aposta em hidrog\u00eanio verde, biogases, biocombust\u00edveis e combust\u00edveis sint\u00e9ticos como parte da solu\u00e7\u00e3o.<\/p>\n<\/div>\n<\/div>\n<div id=\"chunk-13bak\">\n<div class=\"mc-column content-text active-extra-styles \" data-block-type=\"unstyled\" data-block-weight=\"21\" data-block-id=\"54\">\n<p class=\" content-text__container \" data-track-category=\"Link no Texto\" data-track-links=\"\" data-mrf-recirculation=\"Mat\u00e9ria - Links no Texto\">Ao mesmo tempo, o governo quer usar a COP30 para consolidar o TFFF como um modelo inovador de financiamento clim\u00e1tico.<\/p>\n<\/div>\n<\/div>\n<div id=\"chunk-3qfng\">\n<div class=\"mc-column content-text active-extra-styles\" data-block-type=\"raw\" data-block-weight=\"12\" data-block-id=\"55\">\n<ul class=\"content-unordered-list\" data-mrf-recirculation=\"Mat\u00e9ria - Leia Tamb\u00e9m (Lista)\">\n<li><a class=\"\" href=\"https:\/\/g1.globo.com\/meio-ambiente\/cop-27\/noticia\/2022\/11\/10\/como-funcionam-as-discussoes-da-cop-a-conferencia-do-clima-da-onu-que-e-realizada-no-egito.ghtml\" data-mrf-link=\"https:\/\/g1.globo.com\/meio-ambiente\/cop-27\/noticia\/2022\/11\/10\/como-funcionam-as-discussoes-da-cop-a-conferencia-do-clima-da-onu-que-e-realizada-no-egito.ghtml\">Como funcionam as discuss\u00f5es da COP, a confer\u00eancia do clima da ONU<\/a><\/li>\n<\/ul>\n<\/div>\n<\/div>\n<div id=\"chunk-eku7s\">\n<div class=\"mc-column content-text active-extra-styles \" data-block-type=\"unstyled\" data-block-weight=\"31\" data-block-id=\"56\">\n<p class=\" content-text__container \" data-track-category=\"Link no Texto\" data-track-links=\"\" data-mrf-recirculation=\"Mat\u00e9ria - Links no Texto\">O fundo, proposto pelo Brasil, busca gerar recursos de forma permanente para pa\u00edses que mant\u00eam suas florestas em p\u00e9, com base em investimentos de renda fixa e n\u00e3o em doa\u00e7\u00f5es.<\/p>\n<\/div>\n<\/div>\n<div id=\"chunk-7c865\">\n<div class=\"mc-column content-text active-extra-styles \" data-block-type=\"unstyled\" data-block-weight=\"27\" data-block-id=\"57\">\n<p class=\" content-text__container \" data-track-category=\"Link no Texto\" data-track-links=\"\" data-mrf-recirculation=\"Mat\u00e9ria - Links no Texto\">O an\u00fancio de aportes de mais de\u00a0<strong>US$ 5,5 bilh\u00f5es<\/strong>\u00a0foi recebido como um sinal pol\u00edtico importante de que o pa\u00eds pretende transformar conserva\u00e7\u00e3o em oportunidade econ\u00f4mica.<\/p>\n<\/div>\n<\/div>\n<div id=\"chunk-97ip4\">\n<div class=\"mc-column content-text active-extra-styles \" data-block-type=\"unstyled\" data-block-weight=\"38\" data-block-id=\"58\">\n<p class=\" content-text__container \" data-track-category=\"Link no Texto\" data-track-links=\"\" data-mrf-recirculation=\"Mat\u00e9ria - Links no Texto\">Mas o governo tamb\u00e9m enfrenta cr\u00edticas e dilemas. Organiza\u00e7\u00f5es da sociedade civil alertam que apostar em combust\u00edveis sustent\u00e1veis n\u00e3o pode substituir o esfor\u00e7o de reduzir o uso de petr\u00f3leo, sob o risco de adiar a transi\u00e7\u00e3o energ\u00e9tica.<\/p>\n<\/div>\n<\/div>\n<div id=\"chunk-2olfu\">\n<div class=\"mc-column content-text active-extra-styles \" data-block-type=\"unstyled\" data-block-weight=\"26\" data-block-id=\"60\">\n<p class=\" content-text__container \" data-track-category=\"Link no Texto\" data-track-links=\"\" data-mrf-recirculation=\"Mat\u00e9ria - Links no Texto\">Al\u00e9m disso, o licenciamento de\u00a0<strong>blocos de petr\u00f3leo na margem equatorial<\/strong> poucos dias antes da confer\u00eancia gerou cobran\u00e7as de coer\u00eancia em rela\u00e7\u00e3o ao discurso de descarboniza\u00e7\u00e3o.<\/p>\n<\/div>\n<\/div>\n<div id=\"chunk-1ahn6\">\n<div class=\"mc-column content-text active-extra-styles\" data-block-type=\"raw\" data-block-weight=\"45\" data-block-id=\"61\">\n<blockquote class=\"content-blockquote theme-border-color-primary-before\"><p>&#8220;O sinal pol\u00edtico do discurso de Lula \u00e9 muito positivo, ao colocar na mesa o que deve ser o tema central da COP \u2014 implementar a decis\u00e3o de Dubai de abandonar os combust\u00edveis f\u00f3sseis&#8221;, diz Cl\u00e1udio \u00c2ngelo, coordenador de Pol\u00edtica Internacional do Observat\u00f3rio do Clima.<\/p><\/blockquote>\n<\/div>\n<\/div>\n<div id=\"chunk-dlequ\">\n<div class=\"mc-column content-text active-extra-styles \" data-block-type=\"unstyled\" data-block-weight=\"37\" data-block-id=\"62\">\n<p class=\" content-text__container \" data-track-category=\"Link no Texto\" data-track-links=\"\" data-mrf-recirculation=\"Mat\u00e9ria - Links no Texto\">Internamente, o Pal\u00e1cio do Planalto v\u00ea a COP30 como uma oportunidade de reafirmar o Brasil como\u00a0<strong>ponte diplom\u00e1tica<\/strong>\u00a0e de\u00a0<strong>projetar a imagem do pa\u00eds<\/strong>\u00a0como l\u00edder dessa transi\u00e7\u00e3o energ\u00e9tica que n\u00e3o exclui pa\u00edses em desenvolvimento.<\/p>\n<\/div>\n<\/div>\n<div id=\"chunk-c5l5h\">\n<div class=\"mc-column content-text active-extra-styles \" data-block-type=\"unstyled\" data-block-weight=\"39\" data-block-id=\"63\">\n<p class=\" content-text__container \" data-track-category=\"Link no Texto\" data-track-links=\"\" data-mrf-recirculation=\"Mat\u00e9ria - Links no Texto\">A expectativa \u00e9 que Lula use a confer\u00eancia para pressionar os pa\u00edses ricos por mais financiamento clim\u00e1tico e por regras mais justas de acesso a cr\u00e9dito verde, refor\u00e7ando o papel pol\u00edtico que o Brasil quer desempenhar nas pr\u00f3ximas d\u00e9cadas.<\/p>\n<\/div>\n<\/div>\n<div id=\"chunk-emm8c\">\n<div class=\"mc-column content-text active-extra-styles \" data-block-type=\"unstyled\" data-block-weight=\"39\" data-block-id=\"64\">\n<p class=\" content-text__container \" data-track-category=\"Link no Texto\" data-track-links=\"\" data-mrf-recirculation=\"Mat\u00e9ria - Links no Texto\">&#8220;Sabemos que ser\u00e1 dif\u00edcil avan\u00e7ar nesse tema, mas uma COP que n\u00e3o fala de f\u00f3sseis falha em seu prop\u00f3sito. As palavras importam \u2014 e Lula, como anfitri\u00e3o, deu \u00e0 presid\u00eancia brasileira o mandato pol\u00edtico de que precisava&#8221;, acrescenta \u00c2ngelo.<\/p>\n<\/div>\n<\/div>\n<div id=\"chunk-aea5j\">\n<div class=\"mc-column content-text active-extra-styles \" data-block-type=\"unstyled\" data-block-weight=\"3\" data-block-id=\"65\">\n<p class=\" content-text__container \" data-track-category=\"Link no Texto\" data-track-links=\"\" data-mrf-recirculation=\"Mat\u00e9ria - Links no Texto\"><a class=\"\" href=\"https:\/\/g1.globo.com\/meio-ambiente\/cop-30\/noticia\/2025\/11\/10\/cop30-comeca-oficialmente-nesta-segunda-saiba-o-que-esta-em-jogo-e-o-que-esperar-da-conferencia-sobre-a-crise-do-clima.ghtml#menu\" data-mrf-link=\"https:\/\/g1.globo.com\/meio-ambiente\/cop-30\/noticia\/2025\/11\/10\/cop30-comeca-oficialmente-nesta-segunda-saiba-o-que-esta-em-jogo-e-o-que-esperar-da-conferencia-sobre-a-crise-do-clima.ghtml\"><em>Voltar ao menu.<\/em><\/a><\/p>\n<\/div>\n<\/div>\n<div id=\"chunk-9r531\">\n<div class=\"row medium-uncollapsed content-media content-photo\" data-block-type=\"backstage-photo\" data-block-id=\"66\">\n<div class=\" mc-column  content-media__container\">\n<div class=\"content-media-container glb-skeleton-box\">\n<figure class=\"content-media-figure\"><img decoding=\"async\" class=\"i-amphtml-fill-content i-amphtml-replaced-content\" src=\"https:\/\/s2-g1.glbimg.com\/dyd16vZBT3MbJSBrrbCMQhdLBrw=\/0x0:3917x2611\/984x0\/smart\/filters:strip_icc()\/i.s3.glbimg.com\/v1\/AUTH_59edd422c0c84a879bd37670ae4f538a\/internal_photos\/bs\/2025\/E\/0\/VG24maT8SihqAvkGe03g\/2025-11-08t082507z-4185741-rc2e6hamsa5k-rtrmadp-3-climate-cop30.jpg\" sizes=\"(max-width: 1536px) 648px, 100vw\" srcset=\"https:\/\/s2-g1.glbimg.com\/tALlyxFPMH0vWqDl4VjJHAK8-t4=\/0x0:3917x2611\/1000x0\/smart\/filters:strip_icc()\/i.s3.glbimg.com\/v1\/AUTH_59edd422c0c84a879bd37670ae4f538a\/internal_photos\/bs\/2025\/E\/0\/VG24maT8SihqAvkGe03g\/2025-11-08t082507z-4185741-rc2e6hamsa5k-rtrmadp-3-climate-cop30.jpg 1000w, https:\/\/s2-g1.glbimg.com\/dyd16vZBT3MbJSBrrbCMQhdLBrw=\/0x0:3917x2611\/984x0\/smart\/filters:strip_icc()\/i.s3.glbimg.com\/v1\/AUTH_59edd422c0c84a879bd37670ae4f538a\/internal_photos\/bs\/2025\/E\/0\/VG24maT8SihqAvkGe03g\/2025-11-08t082507z-4185741-rc2e6hamsa5k-rtrmadp-3-climate-cop30.jpg 984w, https:\/\/s2-g1.glbimg.com\/IX1dW2PeiLglGhdDFKhw4LZTF1I=\/0x0:3917x2611\/640x0\/smart\/filters:strip_icc()\/i.s3.glbimg.com\/v1\/AUTH_59edd422c0c84a879bd37670ae4f538a\/internal_photos\/bs\/2025\/E\/0\/VG24maT8SihqAvkGe03g\/2025-11-08t082507z-4185741-rc2e6hamsa5k-rtrmadp-3-climate-cop30.jpg 640w, https:\/\/s2-g1.glbimg.com\/svIMl88DaPJAU5eSKjoM0Wq2QWA=\/0x0:3917x2611\/600x0\/smart\/filters:strip_icc()\/i.s3.glbimg.com\/v1\/AUTH_59edd422c0c84a879bd37670ae4f538a\/internal_photos\/bs\/2025\/E\/0\/VG24maT8SihqAvkGe03g\/2025-11-08t082507z-4185741-rc2e6hamsa5k-rtrmadp-3-climate-cop30.jpg 600w\" alt=\"O secret\u00e1rio-geral da ONU, Ant\u00f3nio Guterres, caminha ao lado do presidente Luiz In\u00e1cio Lula da Silva durante a abertura da plen\u00e1ria da C\u00fapula do Clima, parte da COP30, em Bel\u00e9m (PA), em 6 de novembro de 2025. \u2014 Foto: REUTERS\/Adriano Machado\" \/><\/figure>\n<\/div>\n<p class=\"content-media__description  \">O secret\u00e1rio-geral da ONU, Ant\u00f3nio Guterres, caminha ao lado do presidente Luiz In\u00e1cio Lula da Silva durante a abertura da plen\u00e1ria da C\u00fapula do Clima, parte da COP30, em Bel\u00e9m (PA), em 6 de novembro de 2025. \u2014 Foto: REUTERS\/Adriano Machado<\/p>\n<\/div>\n<\/div>\n<\/div>\n<div id=\"chunk-de8kk\">\n<div class=\"mc-column content-text active-extra-styles\" data-block-type=\"raw\" data-block-weight=\"11\" data-block-id=\"68\">\n<div class=\"content-intertitle\">\n<h2>4) Quem \u00e9 o respons\u00e1vel por fazer a COP30 dar certo?<\/h2>\n<\/div>\n<\/div>\n<\/div>\n<div id=\"chunk-a2gdg\">\n<div class=\"mc-column content-text active-extra-styles \" data-block-type=\"unstyled\" data-block-weight=\"8\" data-block-id=\"69\">\n<p class=\" content-text__container \" data-track-category=\"Link no Texto\" data-track-links=\"\" data-mrf-recirculation=\"Mat\u00e9ria - Links no Texto\">A resposta n\u00e3o cabe a uma \u00fanica pessoa.<\/p>\n<\/div>\n<\/div>\n<div id=\"chunk-22lu6\">\n<div class=\"mc-column content-text active-extra-styles \" data-block-type=\"unstyled\" data-block-weight=\"25\" data-block-id=\"70\">\n<p class=\" content-text__container \" data-track-category=\"Link no Texto\" data-track-links=\"\" data-mrf-recirculation=\"Mat\u00e9ria - Links no Texto\">A confer\u00eancia mobiliza milhares de representantes de governos, organiza\u00e7\u00f5es, empresas e da sociedade civil em busca de consensos que ajudem a enfrentar a crise clim\u00e1tica.<\/p>\n<\/div>\n<\/div>\n<div id=\"chunk-54gp7\">\n<div class=\"mc-column content-text active-extra-styles \" data-block-type=\"unstyled\" data-block-weight=\"6\" data-block-id=\"71\">\n<p class=\" content-text__container \" data-track-category=\"Link no Texto\" data-track-links=\"\" data-mrf-recirculation=\"Mat\u00e9ria - Links no Texto\">Ainda assim, h\u00e1 lideran\u00e7as-chave nessa engrenagem.<\/p>\n<\/div>\n<\/div>\n<div id=\"chunk-bujfa\">\n<div class=\"mc-column content-text active-extra-styles \" data-block-type=\"unstyled\" data-block-weight=\"19\" data-block-id=\"72\">\n<p class=\" content-text__container \" data-track-category=\"Link no Texto\" data-track-links=\"\" data-mrf-recirculation=\"Mat\u00e9ria - Links no Texto\"><strong>LEIA TAMB\u00c9M:\u00a0<\/strong><a class=\"\" href=\"https:\/\/g1.globo.com\/meio-ambiente\/noticia\/2025\/08\/11\/marina-silva-g1-exploracao-petroleo-petrobras.ghtml\" data-mrf-link=\"https:\/\/g1.globo.com\/meio-ambiente\/noticia\/2025\/08\/11\/marina-silva-g1-exploracao-petroleo-petrobras.ghtml\">&#8216;Empresas como a Petrobras t\u00eam que deixar de ser apenas de explora\u00e7\u00e3o de petr\u00f3leo&#8217;, diz Marina Silva<\/a><\/p>\n<\/div>\n<\/div>\n<div id=\"chunk-dsc28\">\n<div class=\"mc-column content-text active-extra-styles \" data-block-type=\"unstyled\" data-block-weight=\"16\" data-block-id=\"73\">\n<p class=\" content-text__container \" data-track-category=\"Link no Texto\" data-track-links=\"\" data-mrf-recirculation=\"Mat\u00e9ria - Links no Texto\">Na linha de frente est\u00e1 o embaixador Andr\u00e9 Corr\u00eaa do Lago, nomeado como presidente da COP30.<\/p>\n<\/div>\n<\/div>\n<div id=\"chunk-7kr58\">\n<div class=\"mc-column content-text active-extra-styles \" data-block-type=\"unstyled\" data-block-weight=\"35\" data-block-id=\"74\">\n<p class=\" content-text__container \" data-track-category=\"Link no Texto\" data-track-links=\"\" data-mrf-recirculation=\"Mat\u00e9ria - Links no Texto\">\u00c9 dele a tarefa de mediar as negocia\u00e7\u00f5es entre mais de 190 pa\u00edses e tentar costurar um texto final equilibrado \u2014 que contemple os interesses de governos, ambientalistas e empresas, sem travar os avan\u00e7os necess\u00e1rios.<\/p>\n<\/div>\n<\/div>\n<div id=\"chunk-88ftg\">\n<div class=\"mc-column content-text active-extra-styles \" data-block-type=\"unstyled\" data-block-weight=\"18\" data-block-id=\"76\">\n<p class=\" content-text__container \" data-track-category=\"Link no Texto\" data-track-links=\"\" data-mrf-recirculation=\"Mat\u00e9ria - Links no Texto\"><span class=\"highlight highlighted\">Ao lado dele, Ana Toni, diretora-executiva da confer\u00eancia, responde por garantir o bom funcionamento de toda a estrutura.<\/span><\/p>\n<\/div>\n<\/div>\n<div id=\"chunk-2o90b\">\n<div class=\"mc-column content-text active-extra-styles \" data-block-type=\"unstyled\" data-block-weight=\"23\" data-block-id=\"77\">\n<p class=\" content-text__container \" data-track-category=\"Link no Texto\" data-track-links=\"\" data-mrf-recirculation=\"Mat\u00e9ria - Links no Texto\">Cabe a ela coordenar agendas, garantir que os temas priorit\u00e1rios entrem na pauta e que os grupos de trabalho avancem conforme o cronograma.<\/p>\n<\/div>\n<\/div>\n<div id=\"chunk-36f4i\">\n<div class=\"mc-column content-text active-extra-styles \" data-block-type=\"unstyled\" data-block-weight=\"8\" data-block-id=\"78\">\n<p class=\" content-text__container \" data-track-category=\"Link no Texto\" data-track-links=\"\" data-mrf-recirculation=\"Mat\u00e9ria - Links no Texto\">Nas confer\u00eancias da ONU, os dias s\u00e3o intensos.<\/p>\n<\/div>\n<\/div>\n<div id=\"chunk-d7gb2\">\n<div class=\"mc-column content-text active-extra-styles \" data-block-type=\"unstyled\" data-block-weight=\"25\" data-block-id=\"79\">\n<p class=\" content-text__container \" data-track-category=\"Link no Texto\" data-track-links=\"\" data-mrf-recirculation=\"Mat\u00e9ria - Links no Texto\">Come\u00e7am com reuni\u00f5es t\u00e9cnicas entre delegados, passam por encontros de alto n\u00edvel com ministros e podem terminar com decis\u00f5es pol\u00edticas tomadas por chefes de Estado.<\/p>\n<\/div>\n<\/div>\n<div id=\"chunk-9udps\">\n<div class=\"mc-column content-text active-extra-styles \" data-block-type=\"unstyled\" data-block-weight=\"27\" data-block-id=\"80\">\n<p class=\" content-text__container \" data-track-category=\"Link no Texto\" data-track-links=\"\" data-mrf-recirculation=\"Mat\u00e9ria - Links no Texto\">Tudo isso precisa seguir uma ordem bem definida, com os documentos sendo negociados, revisados e finalizados antes do prazo \u2014 que, em geral, \u00e9 curto e apertado.<\/p>\n<\/div>\n<\/div>\n<div id=\"chunk-9amo1\">\n<div class=\"mc-column content-text active-extra-styles \" data-block-type=\"unstyled\" data-block-weight=\"3\" data-block-id=\"81\">\n<p class=\" content-text__container \" data-track-category=\"Link no Texto\" data-track-links=\"\" data-mrf-recirculation=\"Mat\u00e9ria - Links no Texto\"><a class=\"\" href=\"https:\/\/g1.globo.com\/meio-ambiente\/cop-30\/noticia\/2025\/11\/10\/cop30-comeca-oficialmente-nesta-segunda-saiba-o-que-esta-em-jogo-e-o-que-esperar-da-conferencia-sobre-a-crise-do-clima.ghtml#menu\" data-mrf-link=\"https:\/\/g1.globo.com\/meio-ambiente\/cop-30\/noticia\/2025\/11\/10\/cop30-comeca-oficialmente-nesta-segunda-saiba-o-que-esta-em-jogo-e-o-que-esperar-da-conferencia-sobre-a-crise-do-clima.ghtml\"><em>Voltar ao menu.<\/em><\/a><\/p>\n<\/div>\n<\/div>\n<div id=\"chunk-dtopm\">\n<div class=\"row medium-uncollapsed content-media content-photo\" data-block-type=\"backstage-photo\" data-block-id=\"82\">\n<div class=\" mc-column  content-media__container\">\n<div class=\"content-media-container glb-skeleton-box\">\n<figure class=\"content-media-figure\"><img decoding=\"async\" class=\"i-amphtml-fill-content i-amphtml-replaced-content\" src=\"https:\/\/s2-g1.glbimg.com\/KFiHu7ic3iUX7LtRJhcvsfgG0_g=\/0x0:2048x1365\/984x0\/smart\/filters:strip_icc()\/i.s3.glbimg.com\/v1\/AUTH_59edd422c0c84a879bd37670ae4f538a\/internal_photos\/bs\/2025\/g\/V\/1FzRf8QDisgS5Fed7Urw\/53688019399-cb11ac6856-k.jpg\" sizes=\"(max-width: 1536px) 648px, 100vw\" srcset=\"https:\/\/s2-g1.glbimg.com\/pXNJGW7IqQIfVJOsQqBSwB_JF1E=\/0x0:2048x1365\/1000x0\/smart\/filters:strip_icc()\/i.s3.glbimg.com\/v1\/AUTH_59edd422c0c84a879bd37670ae4f538a\/internal_photos\/bs\/2025\/g\/V\/1FzRf8QDisgS5Fed7Urw\/53688019399-cb11ac6856-k.jpg 1000w, https:\/\/s2-g1.glbimg.com\/KFiHu7ic3iUX7LtRJhcvsfgG0_g=\/0x0:2048x1365\/984x0\/smart\/filters:strip_icc()\/i.s3.glbimg.com\/v1\/AUTH_59edd422c0c84a879bd37670ae4f538a\/internal_photos\/bs\/2025\/g\/V\/1FzRf8QDisgS5Fed7Urw\/53688019399-cb11ac6856-k.jpg 984w, https:\/\/s2-g1.glbimg.com\/ETt7L-IOU16fjwC3ma2GOORL5do=\/0x0:2048x1365\/640x0\/smart\/filters:strip_icc()\/i.s3.glbimg.com\/v1\/AUTH_59edd422c0c84a879bd37670ae4f538a\/internal_photos\/bs\/2025\/g\/V\/1FzRf8QDisgS5Fed7Urw\/53688019399-cb11ac6856-k.jpg 640w, https:\/\/s2-g1.glbimg.com\/bFh2DQ3OfNKNsIMquAY4U_hlAss=\/0x0:2048x1365\/600x0\/smart\/filters:strip_icc()\/i.s3.glbimg.com\/v1\/AUTH_59edd422c0c84a879bd37670ae4f538a\/internal_photos\/bs\/2025\/g\/V\/1FzRf8QDisgS5Fed7Urw\/53688019399-cb11ac6856-k.jpg 600w\" alt=\"A ministra Marina Silva e o embaixador Andr\u00e9 Corr\u00eaa do Lago em reuni\u00e3o ministerial de Clima, Energia e Meio Ambiente do G7. \u2014 Foto: Felipe Werneck\/MMA\" \/><\/figure>\n<\/div>\n<p class=\"content-media__description  \">A ministra Marina Silva e o embaixador Andr\u00e9 Corr\u00eaa do Lago em reuni\u00e3o ministerial de Clima, Energia e Meio Ambiente do G7. \u2014 Foto: Felipe Werneck\/MMA<\/p>\n<\/div>\n<\/div>\n<\/div>\n<div id=\"chunk-3h85l\">\n<div class=\"mc-column content-text active-extra-styles\" data-block-type=\"raw\" data-block-weight=\"7\" data-block-id=\"84\">\n<div class=\"content-intertitle\">\n<h2>5) Quais resultados s\u00e3o esperados da COP30?<\/h2>\n<\/div>\n<\/div>\n<\/div>\n<div id=\"chunk-8jvb4\">\n<div class=\"mc-column content-text active-extra-styles \" data-block-type=\"unstyled\" data-block-weight=\"44\" data-block-id=\"85\">\n<p class=\" content-text__container \" data-track-category=\"Link no Texto\" data-track-links=\"\" data-mrf-recirculation=\"Mat\u00e9ria - Links no Texto\">Os resultados esperados da COP30 v\u00e3o muito al\u00e9m de declara\u00e7\u00f5es de inten\u00e7\u00e3o. A confer\u00eancia \u00e9 vista como um marco decisivo para transformar o consenso pol\u00edtico constru\u00eddo desde Dubai em a\u00e7\u00f5es concretas e mensur\u00e1veis, capazes de recolocar o planeta na\u00a0<strong>rota do limite de 1,5\u00b0C<\/strong>.<\/p>\n<\/div>\n<\/div>\n<div id=\"chunk-7bivm\">\n<div class=\"mc-column content-text active-extra-styles \" data-block-type=\"unstyled\" data-block-weight=\"36\" data-block-id=\"86\">\n<p class=\" content-text__container \" data-track-category=\"Link no Texto\" data-track-links=\"\" data-mrf-recirculation=\"Mat\u00e9ria - Links no Texto\">O primeiro resultado esperado \u00e9 o avan\u00e7o em torno das\u00a0<strong>metas clim\u00e1ticas (NDCs)<\/strong>. At\u00e9 agora, pouco mais de 100 pa\u00edses enviaram suas novas metas para 2035, mas a maioria ainda est\u00e1 muito aqu\u00e9m do necess\u00e1rio.<\/p>\n<\/div>\n<\/div>\n<div id=\"chunk-12hcv\">\n<div class=\"mc-column content-text active-extra-styles \" data-block-type=\"unstyled\" data-block-weight=\"35\" data-block-id=\"87\">\n<p class=\" content-text__container \" data-track-category=\"Link no Texto\" data-track-links=\"\" data-mrf-recirculation=\"Mat\u00e9ria - Links no Texto\"><strong><span class=\"highlight highlighted\">Hoje, as metas em vigor cobrem apenas 30% das emiss\u00f5es globais e levariam a uma redu\u00e7\u00e3o de 4% at\u00e9 2035, quando a ci\u00eancia aponta que seria preciso cortar cerca de 60% para estabilizar o clima.<\/span><\/strong><\/p>\n<\/div>\n<\/div>\n<div id=\"chunk-4d4ot\">\n<div class=\"mc-column content-text active-extra-styles \" data-block-type=\"unstyled\" data-block-weight=\"29\" data-block-id=\"89\">\n<p class=\" content-text__container \" data-track-category=\"Link no Texto\" data-track-links=\"\" data-mrf-recirculation=\"Mat\u00e9ria - Links no Texto\">O Brasil e outros pa\u00edses esperam que Bel\u00e9m seja o espa\u00e7o para reabrir o ciclo de ambi\u00e7\u00e3o, com compromissos mais fortes, prazos definidos e mecanismos de revis\u00e3o mais rigorosos.<\/p>\n<\/div>\n<\/div>\n<div id=\"chunk-6la7i\">\n<div class=\"mc-column content-text active-extra-styles\" data-block-type=\"raw\" data-block-weight=\"39\" data-block-id=\"90\">\n<blockquote class=\"content-blockquote theme-border-color-primary-before\"><p>&#8220;Os discursos s\u00e3o bem-vindos, mas precisamos que isso vire compromisso formal: que os pa\u00edses que ainda n\u00e3o entregaram, entreguem, e que os que entregaram pouco, revejam e melhorem suas metas\u201d, afirma M\u00e1rcio Astrini, secret\u00e1rio executivo do Observat\u00f3rio do Clima.<\/p><\/blockquote>\n<\/div>\n<\/div>\n<div id=\"chunk-abdqk\">\n<div class=\"mc-column content-text active-extra-styles \" data-block-type=\"unstyled\" data-block-weight=\"18\" data-block-id=\"91\">\n<p class=\" content-text__container \" data-track-category=\"Link no Texto\" data-track-links=\"\" data-mrf-recirculation=\"Mat\u00e9ria - Links no Texto\">Outro resultado esperado \u00e9 que a confer\u00eancia consiga dar forma ao \u201c<strong>mapa do caminho<\/strong>\u201d da transi\u00e7\u00e3o energ\u00e9tica.<\/p>\n<\/div>\n<\/div>\n<div id=\"chunk-7a18g\">\n<div class=\"mc-column content-text active-extra-styles \" data-block-type=\"unstyled\" data-block-weight=\"57\" data-block-id=\"92\">\n<p class=\" content-text__container \" data-track-category=\"Link no Texto\" data-track-links=\"\" data-mrf-recirculation=\"Mat\u00e9ria - Links no Texto\">\ud83d\uddfa\ufe0f \ud83d\udee3\ufe0f<strong>\u00a0ENTENDA O TERMO:<\/strong> \u201cMapa do caminho\u201d ou roadmap (em ingl\u00eas) \u00e9 o termo usado em negocia\u00e7\u00f5es internacionais para designar planos de a\u00e7\u00e3o que estabelecem etapas, prazos e metas concretas rumo a um objetivo comum. Na pr\u00e1tica, trata-se de um roteiro pol\u00edtico e t\u00e9cnico que define \u201cquem faz o qu\u00ea, at\u00e9 quando e com quais recursos\u201d.<\/p>\n<\/div>\n<\/div>\n<div id=\"chunk-fcbnt\">\n<div class=\"mc-column content-text active-extra-styles\" data-block-type=\"raw\" data-block-weight=\"29\" data-block-id=\"93\">\n<blockquote class=\"content-blockquote theme-border-color-primary-before\"><p>Durante a pr\u00e9-COP em Bras\u00edlia, a ministra Marina Silva foi direta ao afirmar que \u201cn\u00e3o existe como falar de COP da implementa\u00e7\u00e3o se n\u00e3o tivermos os meios para isso\u201d.<\/p><\/blockquote>\n<\/div>\n<\/div>\n<div id=\"chunk-dodv0\">\n<div class=\"mc-column content-text active-extra-styles \" data-block-type=\"unstyled\" data-block-weight=\"26\" data-block-id=\"94\">\n<p class=\" content-text__container \" data-track-category=\"Link no Texto\" data-track-links=\"\" data-mrf-recirculation=\"Mat\u00e9ria - Links no Texto\">Segundo a ministra, os pa\u00edses precisam garantir recursos financeiros, humanos e tecnol\u00f3gicos para viabilizar as metas de redu\u00e7\u00e3o de emiss\u00f5es e de adapta\u00e7\u00e3o ao clima.<\/p>\n<\/div>\n<\/div>\n<div id=\"chunk-2h01o\">\n<div class=\"mc-column content-text active-extra-styles \" data-block-type=\"unstyled\" data-block-weight=\"3\" data-block-id=\"95\">\n<p class=\" content-text__container \" data-track-category=\"Link no Texto\" data-track-links=\"\" data-mrf-recirculation=\"Mat\u00e9ria - Links no Texto\"><a class=\"\" href=\"https:\/\/g1.globo.com\/meio-ambiente\/cop-30\/noticia\/2025\/11\/10\/cop30-comeca-oficialmente-nesta-segunda-saiba-o-que-esta-em-jogo-e-o-que-esperar-da-conferencia-sobre-a-crise-do-clima.ghtml#menu\" data-mrf-link=\"https:\/\/g1.globo.com\/meio-ambiente\/cop-30\/noticia\/2025\/11\/10\/cop30-comeca-oficialmente-nesta-segunda-saiba-o-que-esta-em-jogo-e-o-que-esperar-da-conferencia-sobre-a-crise-do-clima.ghtml\"><em>Voltar ao menu.<\/em><\/a><\/p>\n<\/div>\n<\/div>\n<div id=\"chunk-frld7\">\n<div class=\"mc-column content-text active-extra-styles \" data-block-type=\"unstyled\" data-block-weight=\"2\" data-block-id=\"97\">\n<p class=\" content-text__container \" data-track-category=\"Link no Texto\" data-track-links=\"\" data-mrf-recirculation=\"Mat\u00e9ria - Links no Texto\"><strong>LEIA TAMB\u00c9M:<\/strong><\/p>\n<\/div>\n<\/div>\n<div id=\"chunk-am79d\">\n<div class=\"mc-column content-text active-extra-styles\" data-block-type=\"raw\" data-block-weight=\"42\" data-block-id=\"98\">\n<ul class=\"content-unordered-list\" data-mrf-recirculation=\"Mat\u00e9ria - Leia Tamb\u00e9m (Lista)\">\n<li><a class=\"\" href=\"https:\/\/g1.globo.com\/meio-ambiente\/noticia\/2025\/11\/09\/como-as-mudancas-climaticas-ja-afetam-o-cotidiano-no-brasil.ghtml\" data-mrf-link=\"https:\/\/g1.globo.com\/meio-ambiente\/noticia\/2025\/11\/09\/como-as-mudancas-climaticas-ja-afetam-o-cotidiano-no-brasil.ghtml\">Como as mudan\u00e7as clim\u00e1ticas j\u00e1 afetam o cotidiano no Brasil<\/a><\/li>\n<li><a class=\"\" href=\"https:\/\/g1.globo.com\/pa\/para\/noticia\/2025\/11\/09\/precos-de-hospedagem-caem-quase-50percent-em-belem-as-vesperas-da-cop-30-aponta-airbnb.ghtml\" data-mrf-link=\"https:\/\/g1.globo.com\/pa\/para\/noticia\/2025\/11\/09\/precos-de-hospedagem-caem-quase-50percent-em-belem-as-vesperas-da-cop-30-aponta-airbnb.ghtml\">Pre\u00e7os de hospedagem caem quase 50% em Bel\u00e9m \u00e0s v\u00e9speras da COP 30, aponta Airbnb<\/a><\/li>\n<li><a class=\"\" href=\"https:\/\/g1.globo.com\/meio-ambiente\/cop-30\/noticia\/2025\/11\/08\/cupula-de-belem-surpreende-ao-trazer-de-volta-o-petroleo-para-o-foco-das-negociacoes-da-cop.ghtml\" data-mrf-link=\"https:\/\/g1.globo.com\/meio-ambiente\/cop-30\/noticia\/2025\/11\/08\/cupula-de-belem-surpreende-ao-trazer-de-volta-o-petroleo-para-o-foco-das-negociacoes-da-cop.ghtml\">C\u00fapula de Bel\u00e9m surpreende ao trazer de volta o petr\u00f3leo para o foco das negocia\u00e7\u00f5es da COP<\/a><\/li>\n<\/ul>\n<\/div>\n<\/div>\n<div id=\"chunk-bbhv2\">\n<div class=\"cxm-video-block mc-column  content-media content-video\" data-block-type=\"backstage-video\" data-block-id=\"99\">\n<div class=\"content-media__container content-media__container--codex-fallback\">\n<div class=\"content-video__bigger-player-description-fixer\">\n<article class=\"content-video\">\n<section class=\"content-video__video-container\">\n<div class=\"content-video__video\">\n<div class=\"content-video__placeholder\" data-video-id=\"13895073\">\n<div id=\"wp3-player-2\" class=\"clappr-player\" tabindex=\"9999\" data-player=\"\">\n<div class=\"dfp-ad-overlay dfp-ad-overlay--poster-mode\">\n<div>\n<div>Acesse o v\u00eddeo<\/div>\n<div><\/div>\n<\/div>\n<\/div>\n<div>\n<p><iframe title=\"COP-30 Bel\u00e9m em 2025\" width=\"640\" height=\"360\" src=\"https:\/\/www.youtube.com\/embed\/jZv-03NtY5o?feature=oembed\" frameborder=\"0\" allow=\"accelerometer; autoplay; clipboard-write; encrypted-media; gyroscope; picture-in-picture; web-share\" referrerpolicy=\"strict-origin-when-cross-origin\" allowfullscreen><\/iframe><\/p>\n<\/div>\n<div><\/div>\n<div class=\"media-control media-control-hide h720 w960\">\n<div class=\"media-control-panel\">\n<div class=\"media-control-panel__back-layer\">FONTE: G1<\/div>\n<div class=\"media-control-panel__upper\">\n<div class=\"opposites-container\"><\/div>\n<\/div>\n<div class=\"media-control-panel__lower\" data-controls=\"\">\n<div class=\"opposites-container\">\n<div class=\"media-control-position__right\"><\/div>\n<\/div>\n<\/div>\n<div class=\"media-control-panel__front-layer\"><\/div>\n<\/div>\n<\/div>\n<\/div>\n<\/div>\n<\/div>\n<\/section>\n<\/article>\n<\/div>\n<div class=\"bs-block-video__container\"><\/div>\n<\/div>\n<\/div>\n<\/div>\n<\/div>\n<\/article>\n<\/div>\n","protected":false},"excerpt":{"rendered":"<p>Roteiro Airbnb Bel\u00e9m \u2014 Foto: Divulga\u00e7\u00e3o Entenda os pontos-chave da Confer\u00eancia das Na\u00e7\u00f5es Unidas sobre Mudan\u00e7as Clim\u00e1ticas, que acontece pela primeira vez na Amaz\u00f4nia, em Bel\u00e9m (PA). Por\u00a0Roberto Peixoto, g1 10\/11\/2025 00h00\u00a0\u00a0Atualizado\u00a0h\u00e1 2 horas A COP30, confer\u00eancia do clima da ONU, tem in\u00edcio nesta segunda-feira (10) em Bel\u00e9m, a primeira sediada na Amaz\u00f4nia. O evento [&hellip;]<\/p>\n","protected":false},"author":2,"featured_media":3972,"comment_status":"open","ping_status":"open","sticky":false,"template":"","format":"standard","meta":{"rop_custom_images_group":[],"rop_custom_messages_group":[],"rop_publish_now":"initial","rop_publish_now_accounts":{"twitter_850042665852968960_850042665852968960":""},"rop_publish_now_history":[],"rop_publish_now_status":"pending","footnotes":""},"categories":[15],"tags":[236,808,92,701,400,807,809],"class_list":["post-3971","post","type-post","status-publish","format-standard","has-post-thumbnail","hentry","category-destaques","tag-amazonia","tag-belem-pa","tag-clima","tag-conferencia-climatica","tag-cop-30","tag-onu","tag-transitacao-energetica"],"yoast_head":"<!-- This site is optimized with the Yoast SEO plugin v27.2 - https:\/\/yoast.com\/product\/yoast-seo-wordpress\/ -->\n<title>COP30 come\u00e7a (10.11) nesta segunda; saiba o que est\u00e1 em jogo e o que esperar da confer\u00eancia sobre a crise do clima - Prefeitos &amp; Gest\u00f5es<\/title>\n<meta name=\"description\" content=\"A COP30 \u00e9 30\u00aa confer\u00eancia do clima da ONU, um evento que re\u00fane governos do mundo inteiro, diplomatas, cientistas, membros da sociedade civil e diversas entidades privadas com o objetivo de debater e buscar solu\u00e7\u00f5es para a\u00a0crise clim\u00e1tica\u00a0causada pelo homem.\" \/>\n<meta name=\"robots\" content=\"index, follow, max-snippet:-1, max-image-preview:large, max-video-preview:-1\" \/>\n<link rel=\"canonical\" href=\"https:\/\/prefeitosegestoes.com.br\/portal\/cop30-comeca-10-11-nesta-segunda-saiba-o-que-esta-em-jogo-e-o-que-esperar-da-conferencia-sobre-a-crise-do-clima\/\" \/>\n<meta property=\"og:locale\" content=\"pt_BR\" \/>\n<meta property=\"og:type\" content=\"article\" \/>\n<meta property=\"og:title\" content=\"COP30 come\u00e7a (10.11) nesta segunda; saiba o que est\u00e1 em jogo e o que esperar da confer\u00eancia sobre a crise do clima - Prefeitos &amp; Gest\u00f5es\" \/>\n<meta property=\"og:description\" content=\"A COP30 \u00e9 30\u00aa confer\u00eancia do clima da ONU, um evento que re\u00fane governos do mundo inteiro, diplomatas, cientistas, membros da sociedade civil e diversas entidades privadas com o objetivo de debater e buscar solu\u00e7\u00f5es para a\u00a0crise clim\u00e1tica\u00a0causada pelo homem.\" \/>\n<meta property=\"og:url\" content=\"https:\/\/prefeitosegestoes.com.br\/portal\/cop30-comeca-10-11-nesta-segunda-saiba-o-que-esta-em-jogo-e-o-que-esperar-da-conferencia-sobre-a-crise-do-clima\/\" \/>\n<meta property=\"og:site_name\" content=\"Prefeitos &amp; Gest\u00f5es\" \/>\n<meta property=\"article:publisher\" content=\"https:\/\/www.facebook.com\/prefeitosonline\" \/>\n<meta property=\"article:published_time\" content=\"2025-11-10T14:20:13+00:00\" \/>\n<meta property=\"og:image\" content=\"https:\/\/prefeitosegestoes.com.br\/portal\/wp-content\/uploads\/2025\/11\/rbr1989.webp\" \/>\n\t<meta property=\"og:image:width\" content=\"1170\" \/>\n\t<meta property=\"og:image:height\" content=\"700\" \/>\n\t<meta property=\"og:image:type\" content=\"image\/webp\" \/>\n<meta name=\"author\" content=\"Prefeitos &amp; Gest\u00f5es\" \/>\n<meta name=\"twitter:card\" content=\"summary_large_image\" \/>\n<meta name=\"twitter:creator\" content=\"@PrefGestoes\" \/>\n<meta name=\"twitter:site\" content=\"@PrefGestoes\" \/>\n<meta name=\"twitter:label1\" content=\"Escrito por\" \/>\n\t<meta name=\"twitter:data1\" content=\"Prefeitos &amp; Gest\u00f5es\" \/>\n\t<meta name=\"twitter:label2\" content=\"Est. tempo de leitura\" \/>\n\t<meta name=\"twitter:data2\" content=\"13 minutos\" \/>\n<script type=\"application\/ld+json\" class=\"yoast-schema-graph\">{\"@context\":\"https:\/\/schema.org\",\"@graph\":[{\"@type\":\"Article\",\"@id\":\"https:\/\/prefeitosegestoes.com.br\/portal\/cop30-comeca-10-11-nesta-segunda-saiba-o-que-esta-em-jogo-e-o-que-esperar-da-conferencia-sobre-a-crise-do-clima\/#article\",\"isPartOf\":{\"@id\":\"https:\/\/prefeitosegestoes.com.br\/portal\/cop30-comeca-10-11-nesta-segunda-saiba-o-que-esta-em-jogo-e-o-que-esperar-da-conferencia-sobre-a-crise-do-clima\/\"},\"author\":{\"name\":\"Prefeitos &amp; Gest\u00f5es\",\"@id\":\"https:\/\/prefeitosegestoes.com.br\/portal\/#\/schema\/person\/d00059f2ec99963e7e1850d448ae94b8\"},\"headline\":\"COP30 come\u00e7a (10.11) nesta segunda; saiba o que est\u00e1 em jogo e o que esperar da confer\u00eancia sobre a crise do clima\",\"datePublished\":\"2025-11-10T14:20:13+00:00\",\"mainEntityOfPage\":{\"@id\":\"https:\/\/prefeitosegestoes.com.br\/portal\/cop30-comeca-10-11-nesta-segunda-saiba-o-que-esta-em-jogo-e-o-que-esperar-da-conferencia-sobre-a-crise-do-clima\/\"},\"wordCount\":2647,\"commentCount\":0,\"publisher\":{\"@id\":\"https:\/\/prefeitosegestoes.com.br\/portal\/#organization\"},\"image\":{\"@id\":\"https:\/\/prefeitosegestoes.com.br\/portal\/cop30-comeca-10-11-nesta-segunda-saiba-o-que-esta-em-jogo-e-o-que-esperar-da-conferencia-sobre-a-crise-do-clima\/#primaryimage\"},\"thumbnailUrl\":\"https:\/\/prefeitosegestoes.com.br\/portal\/wp-content\/uploads\/2025\/11\/rbr1989.webp\",\"keywords\":[\"Amaz\u00f4nia\",\"Bel\u00e9m-PA\",\"Clima\",\"Confer\u00eancia Clim\u00e1tica\",\"COP 30\",\"ONU\",\"Transita\u00e7\u00e3o energ\u00e9tica\"],\"articleSection\":[\"Destaques\"],\"inLanguage\":\"pt-BR\",\"potentialAction\":[{\"@type\":\"CommentAction\",\"name\":\"Comment\",\"target\":[\"https:\/\/prefeitosegestoes.com.br\/portal\/cop30-comeca-10-11-nesta-segunda-saiba-o-que-esta-em-jogo-e-o-que-esperar-da-conferencia-sobre-a-crise-do-clima\/#respond\"]}]},{\"@type\":\"WebPage\",\"@id\":\"https:\/\/prefeitosegestoes.com.br\/portal\/cop30-comeca-10-11-nesta-segunda-saiba-o-que-esta-em-jogo-e-o-que-esperar-da-conferencia-sobre-a-crise-do-clima\/\",\"url\":\"https:\/\/prefeitosegestoes.com.br\/portal\/cop30-comeca-10-11-nesta-segunda-saiba-o-que-esta-em-jogo-e-o-que-esperar-da-conferencia-sobre-a-crise-do-clima\/\",\"name\":\"COP30 come\u00e7a (10.11) nesta segunda; saiba o que est\u00e1 em jogo e o que esperar da confer\u00eancia sobre a crise do clima - Prefeitos &amp; Gest\u00f5es\",\"isPartOf\":{\"@id\":\"https:\/\/prefeitosegestoes.com.br\/portal\/#website\"},\"primaryImageOfPage\":{\"@id\":\"https:\/\/prefeitosegestoes.com.br\/portal\/cop30-comeca-10-11-nesta-segunda-saiba-o-que-esta-em-jogo-e-o-que-esperar-da-conferencia-sobre-a-crise-do-clima\/#primaryimage\"},\"image\":{\"@id\":\"https:\/\/prefeitosegestoes.com.br\/portal\/cop30-comeca-10-11-nesta-segunda-saiba-o-que-esta-em-jogo-e-o-que-esperar-da-conferencia-sobre-a-crise-do-clima\/#primaryimage\"},\"thumbnailUrl\":\"https:\/\/prefeitosegestoes.com.br\/portal\/wp-content\/uploads\/2025\/11\/rbr1989.webp\",\"datePublished\":\"2025-11-10T14:20:13+00:00\",\"description\":\"A COP30 \u00e9 30\u00aa confer\u00eancia do clima da ONU, um evento que re\u00fane governos do mundo inteiro, diplomatas, cientistas, membros da sociedade civil e diversas entidades privadas com o objetivo de debater e buscar solu\u00e7\u00f5es para a\u00a0crise clim\u00e1tica\u00a0causada pelo homem.\",\"breadcrumb\":{\"@id\":\"https:\/\/prefeitosegestoes.com.br\/portal\/cop30-comeca-10-11-nesta-segunda-saiba-o-que-esta-em-jogo-e-o-que-esperar-da-conferencia-sobre-a-crise-do-clima\/#breadcrumb\"},\"inLanguage\":\"pt-BR\",\"potentialAction\":[{\"@type\":\"ReadAction\",\"target\":[\"https:\/\/prefeitosegestoes.com.br\/portal\/cop30-comeca-10-11-nesta-segunda-saiba-o-que-esta-em-jogo-e-o-que-esperar-da-conferencia-sobre-a-crise-do-clima\/\"]}]},{\"@type\":\"ImageObject\",\"inLanguage\":\"pt-BR\",\"@id\":\"https:\/\/prefeitosegestoes.com.br\/portal\/cop30-comeca-10-11-nesta-segunda-saiba-o-que-esta-em-jogo-e-o-que-esperar-da-conferencia-sobre-a-crise-do-clima\/#primaryimage\",\"url\":\"https:\/\/prefeitosegestoes.com.br\/portal\/wp-content\/uploads\/2025\/11\/rbr1989.webp\",\"contentUrl\":\"https:\/\/prefeitosegestoes.com.br\/portal\/wp-content\/uploads\/2025\/11\/rbr1989.webp\",\"width\":1170,\"height\":700},{\"@type\":\"BreadcrumbList\",\"@id\":\"https:\/\/prefeitosegestoes.com.br\/portal\/cop30-comeca-10-11-nesta-segunda-saiba-o-que-esta-em-jogo-e-o-que-esperar-da-conferencia-sobre-a-crise-do-clima\/#breadcrumb\",\"itemListElement\":[{\"@type\":\"ListItem\",\"position\":1,\"name\":\"In\u00edcio\",\"item\":\"https:\/\/prefeitosegestoes.com.br\/portal\/\"},{\"@type\":\"ListItem\",\"position\":2,\"name\":\"COP30 come\u00e7a (10.11) nesta segunda; saiba o que est\u00e1 em jogo e o que esperar da confer\u00eancia sobre a crise do clima\"}]},{\"@type\":\"WebSite\",\"@id\":\"https:\/\/prefeitosegestoes.com.br\/portal\/#website\",\"url\":\"https:\/\/prefeitosegestoes.com.br\/portal\/\",\"name\":\"Prefeitos & Gest\u00f5es\",\"description\":\"\",\"publisher\":{\"@id\":\"https:\/\/prefeitosegestoes.com.br\/portal\/#organization\"},\"potentialAction\":[{\"@type\":\"SearchAction\",\"target\":{\"@type\":\"EntryPoint\",\"urlTemplate\":\"https:\/\/prefeitosegestoes.com.br\/portal\/?s={search_term_string}\"},\"query-input\":{\"@type\":\"PropertyValueSpecification\",\"valueRequired\":true,\"valueName\":\"search_term_string\"}}],\"inLanguage\":\"pt-BR\"},{\"@type\":\"Organization\",\"@id\":\"https:\/\/prefeitosegestoes.com.br\/portal\/#organization\",\"name\":\"Prefeitos & Gest\u00f5es\",\"url\":\"https:\/\/prefeitosegestoes.com.br\/portal\/\",\"logo\":{\"@type\":\"ImageObject\",\"inLanguage\":\"pt-BR\",\"@id\":\"https:\/\/prefeitosegestoes.com.br\/portal\/#\/schema\/logo\/image\/\",\"url\":\"https:\/\/prefeitosegestoes.com.br\/portal\/wp-content\/uploads\/2024\/10\/lg_trans_prefeitos_2024_preto2.png\",\"contentUrl\":\"https:\/\/prefeitosegestoes.com.br\/portal\/wp-content\/uploads\/2024\/10\/lg_trans_prefeitos_2024_preto2.png\",\"width\":199,\"height\":122,\"caption\":\"Prefeitos & Gest\u00f5es\"},\"image\":{\"@id\":\"https:\/\/prefeitosegestoes.com.br\/portal\/#\/schema\/logo\/image\/\"},\"sameAs\":[\"https:\/\/www.facebook.com\/prefeitosonline\",\"https:\/\/x.com\/PrefGestoes\"]},{\"@type\":\"Person\",\"@id\":\"https:\/\/prefeitosegestoes.com.br\/portal\/#\/schema\/person\/d00059f2ec99963e7e1850d448ae94b8\",\"name\":\"Prefeitos &amp; Gest\u00f5es\",\"image\":{\"@type\":\"ImageObject\",\"inLanguage\":\"pt-BR\",\"@id\":\"https:\/\/secure.gravatar.com\/avatar\/738fb281e479212ed32c1a21a4307dda9f3af9292edb6918a16c9ce9fff5f48d?s=96&d=mm&r=g\",\"url\":\"https:\/\/secure.gravatar.com\/avatar\/738fb281e479212ed32c1a21a4307dda9f3af9292edb6918a16c9ce9fff5f48d?s=96&d=mm&r=g\",\"contentUrl\":\"https:\/\/secure.gravatar.com\/avatar\/738fb281e479212ed32c1a21a4307dda9f3af9292edb6918a16c9ce9fff5f48d?s=96&d=mm&r=g\",\"caption\":\"Prefeitos &amp; Gest\u00f5es\"},\"url\":\"https:\/\/prefeitosegestoes.com.br\/portal\/author\/prefeitosegestoes\/\"}]}<\/script>\n<!-- \/ Yoast SEO plugin. -->","yoast_head_json":{"title":"COP30 come\u00e7a (10.11) nesta segunda; saiba o que est\u00e1 em jogo e o que esperar da confer\u00eancia sobre a crise do clima - Prefeitos &amp; Gest\u00f5es","description":"A COP30 \u00e9 30\u00aa confer\u00eancia do clima da ONU, um evento que re\u00fane governos do mundo inteiro, diplomatas, cientistas, membros da sociedade civil e diversas entidades privadas com o objetivo de debater e buscar solu\u00e7\u00f5es para a\u00a0crise clim\u00e1tica\u00a0causada pelo homem.","robots":{"index":"index","follow":"follow","max-snippet":"max-snippet:-1","max-image-preview":"max-image-preview:large","max-video-preview":"max-video-preview:-1"},"canonical":"https:\/\/prefeitosegestoes.com.br\/portal\/cop30-comeca-10-11-nesta-segunda-saiba-o-que-esta-em-jogo-e-o-que-esperar-da-conferencia-sobre-a-crise-do-clima\/","og_locale":"pt_BR","og_type":"article","og_title":"COP30 come\u00e7a (10.11) nesta segunda; saiba o que est\u00e1 em jogo e o que esperar da confer\u00eancia sobre a crise do clima - Prefeitos &amp; Gest\u00f5es","og_description":"A COP30 \u00e9 30\u00aa confer\u00eancia do clima da ONU, um evento que re\u00fane governos do mundo inteiro, diplomatas, cientistas, membros da sociedade civil e diversas entidades privadas com o objetivo de debater e buscar solu\u00e7\u00f5es para a\u00a0crise clim\u00e1tica\u00a0causada pelo homem.","og_url":"https:\/\/prefeitosegestoes.com.br\/portal\/cop30-comeca-10-11-nesta-segunda-saiba-o-que-esta-em-jogo-e-o-que-esperar-da-conferencia-sobre-a-crise-do-clima\/","og_site_name":"Prefeitos &amp; Gest\u00f5es","article_publisher":"https:\/\/www.facebook.com\/prefeitosonline","article_published_time":"2025-11-10T14:20:13+00:00","og_image":[{"width":1170,"height":700,"url":"https:\/\/prefeitosegestoes.com.br\/portal\/wp-content\/uploads\/2025\/11\/rbr1989.webp","type":"image\/webp"}],"author":"Prefeitos &amp; Gest\u00f5es","twitter_card":"summary_large_image","twitter_creator":"@PrefGestoes","twitter_site":"@PrefGestoes","twitter_misc":{"Escrito por":"Prefeitos &amp; Gest\u00f5es","Est. tempo de leitura":"13 minutos"},"schema":{"@context":"https:\/\/schema.org","@graph":[{"@type":"Article","@id":"https:\/\/prefeitosegestoes.com.br\/portal\/cop30-comeca-10-11-nesta-segunda-saiba-o-que-esta-em-jogo-e-o-que-esperar-da-conferencia-sobre-a-crise-do-clima\/#article","isPartOf":{"@id":"https:\/\/prefeitosegestoes.com.br\/portal\/cop30-comeca-10-11-nesta-segunda-saiba-o-que-esta-em-jogo-e-o-que-esperar-da-conferencia-sobre-a-crise-do-clima\/"},"author":{"name":"Prefeitos &amp; Gest\u00f5es","@id":"https:\/\/prefeitosegestoes.com.br\/portal\/#\/schema\/person\/d00059f2ec99963e7e1850d448ae94b8"},"headline":"COP30 come\u00e7a (10.11) nesta segunda; saiba o que est\u00e1 em jogo e o que esperar da confer\u00eancia sobre a crise do clima","datePublished":"2025-11-10T14:20:13+00:00","mainEntityOfPage":{"@id":"https:\/\/prefeitosegestoes.com.br\/portal\/cop30-comeca-10-11-nesta-segunda-saiba-o-que-esta-em-jogo-e-o-que-esperar-da-conferencia-sobre-a-crise-do-clima\/"},"wordCount":2647,"commentCount":0,"publisher":{"@id":"https:\/\/prefeitosegestoes.com.br\/portal\/#organization"},"image":{"@id":"https:\/\/prefeitosegestoes.com.br\/portal\/cop30-comeca-10-11-nesta-segunda-saiba-o-que-esta-em-jogo-e-o-que-esperar-da-conferencia-sobre-a-crise-do-clima\/#primaryimage"},"thumbnailUrl":"https:\/\/prefeitosegestoes.com.br\/portal\/wp-content\/uploads\/2025\/11\/rbr1989.webp","keywords":["Amaz\u00f4nia","Bel\u00e9m-PA","Clima","Confer\u00eancia Clim\u00e1tica","COP 30","ONU","Transita\u00e7\u00e3o energ\u00e9tica"],"articleSection":["Destaques"],"inLanguage":"pt-BR","potentialAction":[{"@type":"CommentAction","name":"Comment","target":["https:\/\/prefeitosegestoes.com.br\/portal\/cop30-comeca-10-11-nesta-segunda-saiba-o-que-esta-em-jogo-e-o-que-esperar-da-conferencia-sobre-a-crise-do-clima\/#respond"]}]},{"@type":"WebPage","@id":"https:\/\/prefeitosegestoes.com.br\/portal\/cop30-comeca-10-11-nesta-segunda-saiba-o-que-esta-em-jogo-e-o-que-esperar-da-conferencia-sobre-a-crise-do-clima\/","url":"https:\/\/prefeitosegestoes.com.br\/portal\/cop30-comeca-10-11-nesta-segunda-saiba-o-que-esta-em-jogo-e-o-que-esperar-da-conferencia-sobre-a-crise-do-clima\/","name":"COP30 come\u00e7a (10.11) nesta segunda; saiba o que est\u00e1 em jogo e o que esperar da confer\u00eancia sobre a crise do clima - Prefeitos &amp; Gest\u00f5es","isPartOf":{"@id":"https:\/\/prefeitosegestoes.com.br\/portal\/#website"},"primaryImageOfPage":{"@id":"https:\/\/prefeitosegestoes.com.br\/portal\/cop30-comeca-10-11-nesta-segunda-saiba-o-que-esta-em-jogo-e-o-que-esperar-da-conferencia-sobre-a-crise-do-clima\/#primaryimage"},"image":{"@id":"https:\/\/prefeitosegestoes.com.br\/portal\/cop30-comeca-10-11-nesta-segunda-saiba-o-que-esta-em-jogo-e-o-que-esperar-da-conferencia-sobre-a-crise-do-clima\/#primaryimage"},"thumbnailUrl":"https:\/\/prefeitosegestoes.com.br\/portal\/wp-content\/uploads\/2025\/11\/rbr1989.webp","datePublished":"2025-11-10T14:20:13+00:00","description":"A COP30 \u00e9 30\u00aa confer\u00eancia do clima da ONU, um evento que re\u00fane governos do mundo inteiro, diplomatas, cientistas, membros da sociedade civil e diversas entidades privadas com o objetivo de debater e buscar solu\u00e7\u00f5es para a\u00a0crise clim\u00e1tica\u00a0causada pelo homem.","breadcrumb":{"@id":"https:\/\/prefeitosegestoes.com.br\/portal\/cop30-comeca-10-11-nesta-segunda-saiba-o-que-esta-em-jogo-e-o-que-esperar-da-conferencia-sobre-a-crise-do-clima\/#breadcrumb"},"inLanguage":"pt-BR","potentialAction":[{"@type":"ReadAction","target":["https:\/\/prefeitosegestoes.com.br\/portal\/cop30-comeca-10-11-nesta-segunda-saiba-o-que-esta-em-jogo-e-o-que-esperar-da-conferencia-sobre-a-crise-do-clima\/"]}]},{"@type":"ImageObject","inLanguage":"pt-BR","@id":"https:\/\/prefeitosegestoes.com.br\/portal\/cop30-comeca-10-11-nesta-segunda-saiba-o-que-esta-em-jogo-e-o-que-esperar-da-conferencia-sobre-a-crise-do-clima\/#primaryimage","url":"https:\/\/prefeitosegestoes.com.br\/portal\/wp-content\/uploads\/2025\/11\/rbr1989.webp","contentUrl":"https:\/\/prefeitosegestoes.com.br\/portal\/wp-content\/uploads\/2025\/11\/rbr1989.webp","width":1170,"height":700},{"@type":"BreadcrumbList","@id":"https:\/\/prefeitosegestoes.com.br\/portal\/cop30-comeca-10-11-nesta-segunda-saiba-o-que-esta-em-jogo-e-o-que-esperar-da-conferencia-sobre-a-crise-do-clima\/#breadcrumb","itemListElement":[{"@type":"ListItem","position":1,"name":"In\u00edcio","item":"https:\/\/prefeitosegestoes.com.br\/portal\/"},{"@type":"ListItem","position":2,"name":"COP30 come\u00e7a (10.11) nesta segunda; saiba o que est\u00e1 em jogo e o que esperar da confer\u00eancia sobre a crise do clima"}]},{"@type":"WebSite","@id":"https:\/\/prefeitosegestoes.com.br\/portal\/#website","url":"https:\/\/prefeitosegestoes.com.br\/portal\/","name":"Prefeitos & Gest\u00f5es","description":"","publisher":{"@id":"https:\/\/prefeitosegestoes.com.br\/portal\/#organization"},"potentialAction":[{"@type":"SearchAction","target":{"@type":"EntryPoint","urlTemplate":"https:\/\/prefeitosegestoes.com.br\/portal\/?s={search_term_string}"},"query-input":{"@type":"PropertyValueSpecification","valueRequired":true,"valueName":"search_term_string"}}],"inLanguage":"pt-BR"},{"@type":"Organization","@id":"https:\/\/prefeitosegestoes.com.br\/portal\/#organization","name":"Prefeitos & Gest\u00f5es","url":"https:\/\/prefeitosegestoes.com.br\/portal\/","logo":{"@type":"ImageObject","inLanguage":"pt-BR","@id":"https:\/\/prefeitosegestoes.com.br\/portal\/#\/schema\/logo\/image\/","url":"https:\/\/prefeitosegestoes.com.br\/portal\/wp-content\/uploads\/2024\/10\/lg_trans_prefeitos_2024_preto2.png","contentUrl":"https:\/\/prefeitosegestoes.com.br\/portal\/wp-content\/uploads\/2024\/10\/lg_trans_prefeitos_2024_preto2.png","width":199,"height":122,"caption":"Prefeitos & Gest\u00f5es"},"image":{"@id":"https:\/\/prefeitosegestoes.com.br\/portal\/#\/schema\/logo\/image\/"},"sameAs":["https:\/\/www.facebook.com\/prefeitosonline","https:\/\/x.com\/PrefGestoes"]},{"@type":"Person","@id":"https:\/\/prefeitosegestoes.com.br\/portal\/#\/schema\/person\/d00059f2ec99963e7e1850d448ae94b8","name":"Prefeitos &amp; Gest\u00f5es","image":{"@type":"ImageObject","inLanguage":"pt-BR","@id":"https:\/\/secure.gravatar.com\/avatar\/738fb281e479212ed32c1a21a4307dda9f3af9292edb6918a16c9ce9fff5f48d?s=96&d=mm&r=g","url":"https:\/\/secure.gravatar.com\/avatar\/738fb281e479212ed32c1a21a4307dda9f3af9292edb6918a16c9ce9fff5f48d?s=96&d=mm&r=g","contentUrl":"https:\/\/secure.gravatar.com\/avatar\/738fb281e479212ed32c1a21a4307dda9f3af9292edb6918a16c9ce9fff5f48d?s=96&d=mm&r=g","caption":"Prefeitos &amp; Gest\u00f5es"},"url":"https:\/\/prefeitosegestoes.com.br\/portal\/author\/prefeitosegestoes\/"}]}},"_links":{"self":[{"href":"https:\/\/prefeitosegestoes.com.br\/portal\/wp-json\/wp\/v2\/posts\/3971","targetHints":{"allow":["GET"]}}],"collection":[{"href":"https:\/\/prefeitosegestoes.com.br\/portal\/wp-json\/wp\/v2\/posts"}],"about":[{"href":"https:\/\/prefeitosegestoes.com.br\/portal\/wp-json\/wp\/v2\/types\/post"}],"author":[{"embeddable":true,"href":"https:\/\/prefeitosegestoes.com.br\/portal\/wp-json\/wp\/v2\/users\/2"}],"replies":[{"embeddable":true,"href":"https:\/\/prefeitosegestoes.com.br\/portal\/wp-json\/wp\/v2\/comments?post=3971"}],"version-history":[{"count":1,"href":"https:\/\/prefeitosegestoes.com.br\/portal\/wp-json\/wp\/v2\/posts\/3971\/revisions"}],"predecessor-version":[{"id":3973,"href":"https:\/\/prefeitosegestoes.com.br\/portal\/wp-json\/wp\/v2\/posts\/3971\/revisions\/3973"}],"wp:featuredmedia":[{"embeddable":true,"href":"https:\/\/prefeitosegestoes.com.br\/portal\/wp-json\/wp\/v2\/media\/3972"}],"wp:attachment":[{"href":"https:\/\/prefeitosegestoes.com.br\/portal\/wp-json\/wp\/v2\/media?parent=3971"}],"wp:term":[{"taxonomy":"category","embeddable":true,"href":"https:\/\/prefeitosegestoes.com.br\/portal\/wp-json\/wp\/v2\/categories?post=3971"},{"taxonomy":"post_tag","embeddable":true,"href":"https:\/\/prefeitosegestoes.com.br\/portal\/wp-json\/wp\/v2\/tags?post=3971"}],"curies":[{"name":"wp","href":"https:\/\/api.w.org\/{rel}","templated":true}]}}