{"id":3968,"date":"2025-11-07T17:58:10","date_gmt":"2025-11-07T20:58:10","guid":{"rendered":"https:\/\/prefeitosegestoes.com.br\/portal\/?p=3968"},"modified":"2025-11-07T17:58:10","modified_gmt":"2025-11-07T20:58:10","slug":"edital-inova-cultura-impulsiona-a-economia-criativa-no-nordeste","status":"publish","type":"post","link":"https:\/\/prefeitosegestoes.com.br\/portal\/edital-inova-cultura-impulsiona-a-economia-criativa-no-nordeste\/","title":{"rendered":"Edital Inova Cultura impulsiona a economia criativa no Nordeste"},"content":{"rendered":"<div class=\"\">\n<div id=\"content\">\n<article>\n<p class=\"nitfSubtitle\">Foto:Marcelo Camargo\/Ag\u00eancia Brasil<\/p>\n<h1 class=\"documentFirstHeading\">MinC e Sudene lan\u00e7am edital Inova Cultura com R$ 2 milh\u00f5es para impulsionar a economia criativa no Nordeste<\/h1>\n<div class=\"documentDescription\">Iniciativa busca apoiar modelos de neg\u00f3cios inovadores apresentados por startups e empreendedores culturais dos nove estados nordestinos<\/div>\n<div id=\"viewlet-above-content-body\">\n<div class=\"social-links\"><\/div>\n<div id=\"plone-document-byline\" class=\"documentByLine\"><span class=\"documentPublished\">Publicado em\u00a0<span class=\"value\">07\/11\/2025 17h27<\/span><\/span><\/div>\n<div><\/div>\n<div id=\"media\"><img fetchpriority=\"high\" decoding=\"async\" src=\"https:\/\/www.gov.br\/cultura\/pt-br\/assuntos\/noticias\/minc-e-sudene-lancam-edital-inova-cultura-com-r-2-milhoes-para-impulsionar-a-economia-criativa-no-nordeste\/copy-of-copia-de-carrossel.png\/@@images\/61ad7b74-e210-443f-a36f-0d0dbf080f51.png\" alt=\"Copy of C\u00f3pia de carrossel.png\" width=\"768\" height=\"510\" \/><\/div>\n<\/div>\n<div id=\"content-core\">\n<div id=\"parent-fieldname-text\" class=\"\">\n<div>\n<p>OMinist\u00e9rio da Cultura (MinC), em parceria com a Superintend\u00eancia do Desenvolvimento do Nordeste (Sudene), lan\u00e7ou nesta sexta-feira (7), no Pa\u00e7o do Frevo, em Recife (PE), o Edital Inova Cultura, que destina R$ 2 milh\u00f5es a projetos de Pesquisa, Desenvolvimento e Inova\u00e7\u00e3o (PD&amp;I) voltados ao fortalecimento da economia criativa.<\/p>\n<p>\u201cEssa \u00e9 uma parceria maravilhosa entre o Minist\u00e9rio da Cultura e a Sudene, que refor\u00e7a o compromisso com o desenvolvimento regional e o fortalecimento da economia criativa, especialmente no Nordeste, no norte de Minas Gerais e no norte do Esp\u00edrito Santo. Ser\u00e3o R$ 2 milh\u00f5es investidos em projetos que unem cultura, tecnologia e sustentabilidade, impulsionando startups e empresas criativas que acreditam no poder da inova\u00e7\u00e3o para transformar territ\u00f3rios e gerar oportunidades. A dimens\u00e3o do desenvolvimento est\u00e1 dentro da cultura\u201d, afirmou a ministra da Cultura, Margareth Menezes, em v\u00eddeo exibido durante o lan\u00e7amento.<\/p>\n<p>A iniciativa busca apoiar modelos de neg\u00f3cios inovadores e solu\u00e7\u00f5es tecnol\u00f3gicas apresentadas por startups e empreendedores culturais dos nove estados do Nordeste, al\u00e9m do norte de Minas Gerais e do norte do Esp\u00edrito Santo, regi\u00f5es que integram a \u00e1rea de atua\u00e7\u00e3o da Sudene.<\/p>\n<p>Com investimentos de at\u00e9 R$ 200 mil por proposta, o edital tem como foco estimular o empreendedorismo, a gera\u00e7\u00e3o de empregos, o uso sustent\u00e1vel de recursos e a valoriza\u00e7\u00e3o da diversidade cultural. As propostas devem apresentar solu\u00e7\u00f5es criativas e sustent\u00e1veis que contribuam para a moderniza\u00e7\u00e3o de pr\u00e1ticas culturais e para a adapta\u00e7\u00e3o \u00e0s novas realidades sociais e tecnol\u00f3gicas.<\/p>\n<p>A secret\u00e1ria de Economia Criativa do MinC, Cl\u00e1udia Leit\u00e3o, destacou que a iniciativa representa um marco para a regi\u00e3o. \u201cO Nordeste sempre foi reconhecido, historicamente, pelas suas dificuldades e desigualdades. Mas hoje, estamos virando esse jogo. Falamos de um Nordeste criativo, da ci\u00eancia, da ecologia e de um novo modelo de desenvolvimento no s\u00e9culo XXI. Precisamos falar de economia no campo da cultura, sem preconceito e sem medo. A economia criativa \u00e9, hoje, um bom investimento, ela valoriza o talento, o patrim\u00f4nio imaterial, a tecnologia e a gest\u00e3o, elementos que juntos sustentam um novo modelo de desenvolvimento cultural e regional para o pa\u00eds\u201d, afirmou.<\/p>\n<p>J\u00e1 o superintendente da Sudene, Francisco Alexandre, ressaltou o papel hist\u00f3rico da institui\u00e7\u00e3o na promo\u00e7\u00e3o do desenvolvimento regional.<br \/>\n\u201cO Nordeste \u00e9 uma regi\u00e3o pr\u00f3diga em talentos, o Inova Cultura nasce para transformar essa criatividade em oportunidades. Ao fomentar esse tipo de iniciativa , a Sudene cumpre o papel para o qual foi criada, um papel que remonta a Celso Furtado, que sempre acreditou na cultura como vetor de desenvolvimento e identidade regional\u201d, afirmou.<\/p>\n<p>Em mensagem em v\u00eddeo, a ministra da Ci\u00eancia, Tecnologia e Inova\u00e7\u00e3o, Luciana Santos, refor\u00e7ou a import\u00e2ncia da integra\u00e7\u00e3o entre as \u00e1reas. \u201cConhecimento, inova\u00e7\u00e3o e cultura s\u00e3o motores para um desenvolvimento sustent\u00e1vel e inclusivo\u201d, declarou.<\/p>\n<p>O Edital Inova Cultura vai apoiar propostas de empresas e startups localizadas na \u00e1rea de atua\u00e7\u00e3o da Sudene, com pelo menos 12 meses de exist\u00eancia formal. Cada proponente poder\u00e1 inscrever apenas uma proposta, e as empresas dever\u00e3o oferecer uma contrapartida m\u00ednima de 5% do valor recebido.<\/p>\n<p>Entre os segmentos contemplados est\u00e3o patrim\u00f4nio cultural e natural, artes visuais e c\u00eanicas, audiovisual, espet\u00e1culos e mostras culturais, turismo cultural, multim\u00eddia, educa\u00e7\u00e3o criativa, tecnologias digitais aplicadas \u00e0 cultura, governan\u00e7a e gest\u00e3o criativa.<\/p>\n<p>As inscri\u00e7\u00f5es estar\u00e3o abertas de 28 de novembro de 2025 a 30 de janeiro de 2026, por meio da plataforma Mapa da Cultura.<br \/>\nO evento de lan\u00e7amento contou ainda com a presen\u00e7a do senador Humberto Costa; da secret\u00e1ria executiva de Cultura de Pernambuco, Yasmin Neves &#8211; que representou a governadora do estado-; do secret\u00e1rio executivo de Articula\u00e7\u00e3o da Secretaria de Cultura do Recife, Andr\u00e9 Brasileiro, representando o prefeito da cidade; e de Diego Pessoa, representante do Cons\u00f3rcio Nordeste.<\/p>\n<\/div>\n<\/div>\n<\/div>\n<div class=\"documentActions\"><\/div>\n<\/article>\n<div class=\"column\">\n<div id=\"category\">Tags:\u00a0<a class=\"link-category\" href=\"https:\/\/www.gov.br\/cultura\/pt-br\/@@search?origem=keyword&amp;SearchableText=SEC\">SEC<\/a><a class=\"link-category\" href=\"https:\/\/www.gov.br\/cultura\/pt-br\/@@search?origem=keyword&amp;SearchableText=ECONOMIA%20CRIATIVA\">ECONOMIA CRIATIVA<\/a><a class=\"link-category\" href=\"https:\/\/www.gov.br\/cultura\/pt-br\/@@search?origem=keyword&amp;SearchableText=RECIFE\">RECIFE<\/a><a class=\"link-category\" href=\"https:\/\/www.gov.br\/cultura\/pt-br\/@@search?origem=keyword&amp;SearchableText=REGIAO%20NORDESTE\">REGIAO NORDESTE<\/a><\/div>\n<\/div>\n<\/div>\n<\/div>\n<div><\/div>\n<div id=\"viewlet-below-content\">Fonte: MinC<\/div>\n","protected":false},"excerpt":{"rendered":"<p>Foto:Marcelo Camargo\/Ag\u00eancia Brasil MinC e Sudene lan\u00e7am edital Inova Cultura com R$ 2 milh\u00f5es para impulsionar a economia criativa no Nordeste Iniciativa busca apoiar modelos de neg\u00f3cios inovadores apresentados por startups e empreendedores culturais dos nove estados nordestinos Publicado em\u00a007\/11\/2025 17h27 OMinist\u00e9rio da Cultura (MinC), em parceria com a Superintend\u00eancia do Desenvolvimento do Nordeste (Sudene), [&hellip;]<\/p>\n","protected":false},"author":2,"featured_media":3969,"comment_status":"open","ping_status":"open","sticky":false,"template":"","format":"standard","meta":{"rop_custom_images_group":[],"rop_custom_messages_group":[],"rop_publish_now":"initial","rop_publish_now_accounts":{"twitter_850042665852968960_850042665852968960":""},"rop_publish_now_history":[],"rop_publish_now_status":"pending","footnotes":""},"categories":[15],"tags":[532,805,806,804],"class_list":["post-3968","post","type-post","status-publish","format-standard","has-post-thumbnail","hentry","category-destaques","tag-cultura","tag-economia-criativa-sudene","tag-edital-nova-cultura","tag-minc"],"yoast_head":"<!-- This site is optimized with the Yoast SEO plugin v27.2 - https:\/\/yoast.com\/product\/yoast-seo-wordpress\/ -->\n<title>Edital Inova Cultura impulsiona a economia criativa no Nordeste - Prefeitos &amp; Gest\u00f5es<\/title>\n<meta name=\"description\" content=\"MinC e Sudene lan\u00e7am edital Inova Cultura com R$ 2 milh\u00f5es para impulsionar a economia criativa no Nordeste\" \/>\n<meta name=\"robots\" content=\"index, follow, max-snippet:-1, max-image-preview:large, max-video-preview:-1\" \/>\n<link rel=\"canonical\" href=\"https:\/\/prefeitosegestoes.com.br\/portal\/edital-inova-cultura-impulsiona-a-economia-criativa-no-nordeste\/\" \/>\n<meta property=\"og:locale\" content=\"pt_BR\" \/>\n<meta property=\"og:type\" content=\"article\" \/>\n<meta property=\"og:title\" content=\"Edital Inova Cultura impulsiona a economia criativa no Nordeste - Prefeitos &amp; Gest\u00f5es\" \/>\n<meta property=\"og:description\" content=\"MinC e Sudene lan\u00e7am edital Inova Cultura com R$ 2 milh\u00f5es para impulsionar a economia criativa no Nordeste\" \/>\n<meta property=\"og:url\" content=\"https:\/\/prefeitosegestoes.com.br\/portal\/edital-inova-cultura-impulsiona-a-economia-criativa-no-nordeste\/\" \/>\n<meta property=\"og:site_name\" content=\"Prefeitos &amp; Gest\u00f5es\" \/>\n<meta property=\"article:publisher\" content=\"https:\/\/www.facebook.com\/prefeitosonline\" \/>\n<meta property=\"article:published_time\" content=\"2025-11-07T20:58:10+00:00\" \/>\n<meta property=\"og:image\" content=\"https:\/\/prefeitosegestoes.com.br\/portal\/wp-content\/uploads\/2025\/11\/moda-marajoara-mc_abr_30092025-1.webp\" \/>\n\t<meta property=\"og:image:width\" content=\"1024\" \/>\n\t<meta property=\"og:image:height\" content=\"768\" \/>\n\t<meta property=\"og:image:type\" content=\"image\/webp\" \/>\n<meta name=\"author\" content=\"Prefeitos &amp; Gest\u00f5es\" \/>\n<meta name=\"twitter:card\" content=\"summary_large_image\" \/>\n<meta name=\"twitter:creator\" content=\"@PrefGestoes\" \/>\n<meta name=\"twitter:site\" content=\"@PrefGestoes\" \/>\n<meta name=\"twitter:label1\" content=\"Escrito por\" \/>\n\t<meta name=\"twitter:data1\" content=\"Prefeitos &amp; Gest\u00f5es\" \/>\n\t<meta name=\"twitter:label2\" content=\"Est. tempo de leitura\" \/>\n\t<meta name=\"twitter:data2\" content=\"5 minutos\" \/>\n<script type=\"application\/ld+json\" class=\"yoast-schema-graph\">{\"@context\":\"https:\/\/schema.org\",\"@graph\":[{\"@type\":\"Article\",\"@id\":\"https:\/\/prefeitosegestoes.com.br\/portal\/edital-inova-cultura-impulsiona-a-economia-criativa-no-nordeste\/#article\",\"isPartOf\":{\"@id\":\"https:\/\/prefeitosegestoes.com.br\/portal\/edital-inova-cultura-impulsiona-a-economia-criativa-no-nordeste\/\"},\"author\":{\"name\":\"Prefeitos &amp; Gest\u00f5es\",\"@id\":\"https:\/\/prefeitosegestoes.com.br\/portal\/#\/schema\/person\/d00059f2ec99963e7e1850d448ae94b8\"},\"headline\":\"Edital Inova Cultura impulsiona a economia criativa no Nordeste\",\"datePublished\":\"2025-11-07T20:58:10+00:00\",\"mainEntityOfPage\":{\"@id\":\"https:\/\/prefeitosegestoes.com.br\/portal\/edital-inova-cultura-impulsiona-a-economia-criativa-no-nordeste\/\"},\"wordCount\":734,\"commentCount\":0,\"publisher\":{\"@id\":\"https:\/\/prefeitosegestoes.com.br\/portal\/#organization\"},\"image\":{\"@id\":\"https:\/\/prefeitosegestoes.com.br\/portal\/edital-inova-cultura-impulsiona-a-economia-criativa-no-nordeste\/#primaryimage\"},\"thumbnailUrl\":\"https:\/\/prefeitosegestoes.com.br\/portal\/wp-content\/uploads\/2025\/11\/moda-marajoara-mc_abr_30092025-1.webp\",\"keywords\":[\"Cultura\",\"Economia Criativa; Sudene\",\"Edital Nova Cultura\",\"MinC\"],\"articleSection\":[\"Destaques\"],\"inLanguage\":\"pt-BR\",\"potentialAction\":[{\"@type\":\"CommentAction\",\"name\":\"Comment\",\"target\":[\"https:\/\/prefeitosegestoes.com.br\/portal\/edital-inova-cultura-impulsiona-a-economia-criativa-no-nordeste\/#respond\"]}]},{\"@type\":\"WebPage\",\"@id\":\"https:\/\/prefeitosegestoes.com.br\/portal\/edital-inova-cultura-impulsiona-a-economia-criativa-no-nordeste\/\",\"url\":\"https:\/\/prefeitosegestoes.com.br\/portal\/edital-inova-cultura-impulsiona-a-economia-criativa-no-nordeste\/\",\"name\":\"Edital Inova Cultura impulsiona a economia criativa no Nordeste - Prefeitos &amp; Gest\u00f5es\",\"isPartOf\":{\"@id\":\"https:\/\/prefeitosegestoes.com.br\/portal\/#website\"},\"primaryImageOfPage\":{\"@id\":\"https:\/\/prefeitosegestoes.com.br\/portal\/edital-inova-cultura-impulsiona-a-economia-criativa-no-nordeste\/#primaryimage\"},\"image\":{\"@id\":\"https:\/\/prefeitosegestoes.com.br\/portal\/edital-inova-cultura-impulsiona-a-economia-criativa-no-nordeste\/#primaryimage\"},\"thumbnailUrl\":\"https:\/\/prefeitosegestoes.com.br\/portal\/wp-content\/uploads\/2025\/11\/moda-marajoara-mc_abr_30092025-1.webp\",\"datePublished\":\"2025-11-07T20:58:10+00:00\",\"description\":\"MinC e Sudene lan\u00e7am edital Inova Cultura com R$ 2 milh\u00f5es para impulsionar a economia criativa no Nordeste\",\"breadcrumb\":{\"@id\":\"https:\/\/prefeitosegestoes.com.br\/portal\/edital-inova-cultura-impulsiona-a-economia-criativa-no-nordeste\/#breadcrumb\"},\"inLanguage\":\"pt-BR\",\"potentialAction\":[{\"@type\":\"ReadAction\",\"target\":[\"https:\/\/prefeitosegestoes.com.br\/portal\/edital-inova-cultura-impulsiona-a-economia-criativa-no-nordeste\/\"]}]},{\"@type\":\"ImageObject\",\"inLanguage\":\"pt-BR\",\"@id\":\"https:\/\/prefeitosegestoes.com.br\/portal\/edital-inova-cultura-impulsiona-a-economia-criativa-no-nordeste\/#primaryimage\",\"url\":\"https:\/\/prefeitosegestoes.com.br\/portal\/wp-content\/uploads\/2025\/11\/moda-marajoara-mc_abr_30092025-1.webp\",\"contentUrl\":\"https:\/\/prefeitosegestoes.com.br\/portal\/wp-content\/uploads\/2025\/11\/moda-marajoara-mc_abr_30092025-1.webp\",\"width\":1024,\"height\":768},{\"@type\":\"BreadcrumbList\",\"@id\":\"https:\/\/prefeitosegestoes.com.br\/portal\/edital-inova-cultura-impulsiona-a-economia-criativa-no-nordeste\/#breadcrumb\",\"itemListElement\":[{\"@type\":\"ListItem\",\"position\":1,\"name\":\"In\u00edcio\",\"item\":\"https:\/\/prefeitosegestoes.com.br\/portal\/\"},{\"@type\":\"ListItem\",\"position\":2,\"name\":\"Edital Inova Cultura impulsiona a economia criativa no Nordeste\"}]},{\"@type\":\"WebSite\",\"@id\":\"https:\/\/prefeitosegestoes.com.br\/portal\/#website\",\"url\":\"https:\/\/prefeitosegestoes.com.br\/portal\/\",\"name\":\"Prefeitos & Gest\u00f5es\",\"description\":\"\",\"publisher\":{\"@id\":\"https:\/\/prefeitosegestoes.com.br\/portal\/#organization\"},\"potentialAction\":[{\"@type\":\"SearchAction\",\"target\":{\"@type\":\"EntryPoint\",\"urlTemplate\":\"https:\/\/prefeitosegestoes.com.br\/portal\/?s={search_term_string}\"},\"query-input\":{\"@type\":\"PropertyValueSpecification\",\"valueRequired\":true,\"valueName\":\"search_term_string\"}}],\"inLanguage\":\"pt-BR\"},{\"@type\":\"Organization\",\"@id\":\"https:\/\/prefeitosegestoes.com.br\/portal\/#organization\",\"name\":\"Prefeitos & Gest\u00f5es\",\"url\":\"https:\/\/prefeitosegestoes.com.br\/portal\/\",\"logo\":{\"@type\":\"ImageObject\",\"inLanguage\":\"pt-BR\",\"@id\":\"https:\/\/prefeitosegestoes.com.br\/portal\/#\/schema\/logo\/image\/\",\"url\":\"https:\/\/prefeitosegestoes.com.br\/portal\/wp-content\/uploads\/2024\/10\/lg_trans_prefeitos_2024_preto2.png\",\"contentUrl\":\"https:\/\/prefeitosegestoes.com.br\/portal\/wp-content\/uploads\/2024\/10\/lg_trans_prefeitos_2024_preto2.png\",\"width\":199,\"height\":122,\"caption\":\"Prefeitos & Gest\u00f5es\"},\"image\":{\"@id\":\"https:\/\/prefeitosegestoes.com.br\/portal\/#\/schema\/logo\/image\/\"},\"sameAs\":[\"https:\/\/www.facebook.com\/prefeitosonline\",\"https:\/\/x.com\/PrefGestoes\"]},{\"@type\":\"Person\",\"@id\":\"https:\/\/prefeitosegestoes.com.br\/portal\/#\/schema\/person\/d00059f2ec99963e7e1850d448ae94b8\",\"name\":\"Prefeitos &amp; Gest\u00f5es\",\"image\":{\"@type\":\"ImageObject\",\"inLanguage\":\"pt-BR\",\"@id\":\"https:\/\/secure.gravatar.com\/avatar\/738fb281e479212ed32c1a21a4307dda9f3af9292edb6918a16c9ce9fff5f48d?s=96&d=mm&r=g\",\"url\":\"https:\/\/secure.gravatar.com\/avatar\/738fb281e479212ed32c1a21a4307dda9f3af9292edb6918a16c9ce9fff5f48d?s=96&d=mm&r=g\",\"contentUrl\":\"https:\/\/secure.gravatar.com\/avatar\/738fb281e479212ed32c1a21a4307dda9f3af9292edb6918a16c9ce9fff5f48d?s=96&d=mm&r=g\",\"caption\":\"Prefeitos &amp; Gest\u00f5es\"},\"url\":\"https:\/\/prefeitosegestoes.com.br\/portal\/author\/prefeitosegestoes\/\"}]}<\/script>\n<!-- \/ Yoast SEO plugin. -->","yoast_head_json":{"title":"Edital Inova Cultura impulsiona a economia criativa no Nordeste - Prefeitos &amp; Gest\u00f5es","description":"MinC e Sudene lan\u00e7am edital Inova Cultura com R$ 2 milh\u00f5es para impulsionar a economia criativa no Nordeste","robots":{"index":"index","follow":"follow","max-snippet":"max-snippet:-1","max-image-preview":"max-image-preview:large","max-video-preview":"max-video-preview:-1"},"canonical":"https:\/\/prefeitosegestoes.com.br\/portal\/edital-inova-cultura-impulsiona-a-economia-criativa-no-nordeste\/","og_locale":"pt_BR","og_type":"article","og_title":"Edital Inova Cultura impulsiona a economia criativa no Nordeste - Prefeitos &amp; Gest\u00f5es","og_description":"MinC e Sudene lan\u00e7am edital Inova Cultura com R$ 2 milh\u00f5es para impulsionar a economia criativa no Nordeste","og_url":"https:\/\/prefeitosegestoes.com.br\/portal\/edital-inova-cultura-impulsiona-a-economia-criativa-no-nordeste\/","og_site_name":"Prefeitos &amp; Gest\u00f5es","article_publisher":"https:\/\/www.facebook.com\/prefeitosonline","article_published_time":"2025-11-07T20:58:10+00:00","og_image":[{"width":1024,"height":768,"url":"https:\/\/prefeitosegestoes.com.br\/portal\/wp-content\/uploads\/2025\/11\/moda-marajoara-mc_abr_30092025-1.webp","type":"image\/webp"}],"author":"Prefeitos &amp; Gest\u00f5es","twitter_card":"summary_large_image","twitter_creator":"@PrefGestoes","twitter_site":"@PrefGestoes","twitter_misc":{"Escrito por":"Prefeitos &amp; Gest\u00f5es","Est. tempo de leitura":"5 minutos"},"schema":{"@context":"https:\/\/schema.org","@graph":[{"@type":"Article","@id":"https:\/\/prefeitosegestoes.com.br\/portal\/edital-inova-cultura-impulsiona-a-economia-criativa-no-nordeste\/#article","isPartOf":{"@id":"https:\/\/prefeitosegestoes.com.br\/portal\/edital-inova-cultura-impulsiona-a-economia-criativa-no-nordeste\/"},"author":{"name":"Prefeitos &amp; Gest\u00f5es","@id":"https:\/\/prefeitosegestoes.com.br\/portal\/#\/schema\/person\/d00059f2ec99963e7e1850d448ae94b8"},"headline":"Edital Inova Cultura impulsiona a economia criativa no Nordeste","datePublished":"2025-11-07T20:58:10+00:00","mainEntityOfPage":{"@id":"https:\/\/prefeitosegestoes.com.br\/portal\/edital-inova-cultura-impulsiona-a-economia-criativa-no-nordeste\/"},"wordCount":734,"commentCount":0,"publisher":{"@id":"https:\/\/prefeitosegestoes.com.br\/portal\/#organization"},"image":{"@id":"https:\/\/prefeitosegestoes.com.br\/portal\/edital-inova-cultura-impulsiona-a-economia-criativa-no-nordeste\/#primaryimage"},"thumbnailUrl":"https:\/\/prefeitosegestoes.com.br\/portal\/wp-content\/uploads\/2025\/11\/moda-marajoara-mc_abr_30092025-1.webp","keywords":["Cultura","Economia Criativa; Sudene","Edital Nova Cultura","MinC"],"articleSection":["Destaques"],"inLanguage":"pt-BR","potentialAction":[{"@type":"CommentAction","name":"Comment","target":["https:\/\/prefeitosegestoes.com.br\/portal\/edital-inova-cultura-impulsiona-a-economia-criativa-no-nordeste\/#respond"]}]},{"@type":"WebPage","@id":"https:\/\/prefeitosegestoes.com.br\/portal\/edital-inova-cultura-impulsiona-a-economia-criativa-no-nordeste\/","url":"https:\/\/prefeitosegestoes.com.br\/portal\/edital-inova-cultura-impulsiona-a-economia-criativa-no-nordeste\/","name":"Edital Inova Cultura impulsiona a economia criativa no Nordeste - Prefeitos &amp; Gest\u00f5es","isPartOf":{"@id":"https:\/\/prefeitosegestoes.com.br\/portal\/#website"},"primaryImageOfPage":{"@id":"https:\/\/prefeitosegestoes.com.br\/portal\/edital-inova-cultura-impulsiona-a-economia-criativa-no-nordeste\/#primaryimage"},"image":{"@id":"https:\/\/prefeitosegestoes.com.br\/portal\/edital-inova-cultura-impulsiona-a-economia-criativa-no-nordeste\/#primaryimage"},"thumbnailUrl":"https:\/\/prefeitosegestoes.com.br\/portal\/wp-content\/uploads\/2025\/11\/moda-marajoara-mc_abr_30092025-1.webp","datePublished":"2025-11-07T20:58:10+00:00","description":"MinC e Sudene lan\u00e7am edital Inova Cultura com R$ 2 milh\u00f5es para impulsionar a economia criativa no Nordeste","breadcrumb":{"@id":"https:\/\/prefeitosegestoes.com.br\/portal\/edital-inova-cultura-impulsiona-a-economia-criativa-no-nordeste\/#breadcrumb"},"inLanguage":"pt-BR","potentialAction":[{"@type":"ReadAction","target":["https:\/\/prefeitosegestoes.com.br\/portal\/edital-inova-cultura-impulsiona-a-economia-criativa-no-nordeste\/"]}]},{"@type":"ImageObject","inLanguage":"pt-BR","@id":"https:\/\/prefeitosegestoes.com.br\/portal\/edital-inova-cultura-impulsiona-a-economia-criativa-no-nordeste\/#primaryimage","url":"https:\/\/prefeitosegestoes.com.br\/portal\/wp-content\/uploads\/2025\/11\/moda-marajoara-mc_abr_30092025-1.webp","contentUrl":"https:\/\/prefeitosegestoes.com.br\/portal\/wp-content\/uploads\/2025\/11\/moda-marajoara-mc_abr_30092025-1.webp","width":1024,"height":768},{"@type":"BreadcrumbList","@id":"https:\/\/prefeitosegestoes.com.br\/portal\/edital-inova-cultura-impulsiona-a-economia-criativa-no-nordeste\/#breadcrumb","itemListElement":[{"@type":"ListItem","position":1,"name":"In\u00edcio","item":"https:\/\/prefeitosegestoes.com.br\/portal\/"},{"@type":"ListItem","position":2,"name":"Edital Inova Cultura impulsiona a economia criativa no Nordeste"}]},{"@type":"WebSite","@id":"https:\/\/prefeitosegestoes.com.br\/portal\/#website","url":"https:\/\/prefeitosegestoes.com.br\/portal\/","name":"Prefeitos & Gest\u00f5es","description":"","publisher":{"@id":"https:\/\/prefeitosegestoes.com.br\/portal\/#organization"},"potentialAction":[{"@type":"SearchAction","target":{"@type":"EntryPoint","urlTemplate":"https:\/\/prefeitosegestoes.com.br\/portal\/?s={search_term_string}"},"query-input":{"@type":"PropertyValueSpecification","valueRequired":true,"valueName":"search_term_string"}}],"inLanguage":"pt-BR"},{"@type":"Organization","@id":"https:\/\/prefeitosegestoes.com.br\/portal\/#organization","name":"Prefeitos & Gest\u00f5es","url":"https:\/\/prefeitosegestoes.com.br\/portal\/","logo":{"@type":"ImageObject","inLanguage":"pt-BR","@id":"https:\/\/prefeitosegestoes.com.br\/portal\/#\/schema\/logo\/image\/","url":"https:\/\/prefeitosegestoes.com.br\/portal\/wp-content\/uploads\/2024\/10\/lg_trans_prefeitos_2024_preto2.png","contentUrl":"https:\/\/prefeitosegestoes.com.br\/portal\/wp-content\/uploads\/2024\/10\/lg_trans_prefeitos_2024_preto2.png","width":199,"height":122,"caption":"Prefeitos & Gest\u00f5es"},"image":{"@id":"https:\/\/prefeitosegestoes.com.br\/portal\/#\/schema\/logo\/image\/"},"sameAs":["https:\/\/www.facebook.com\/prefeitosonline","https:\/\/x.com\/PrefGestoes"]},{"@type":"Person","@id":"https:\/\/prefeitosegestoes.com.br\/portal\/#\/schema\/person\/d00059f2ec99963e7e1850d448ae94b8","name":"Prefeitos &amp; Gest\u00f5es","image":{"@type":"ImageObject","inLanguage":"pt-BR","@id":"https:\/\/secure.gravatar.com\/avatar\/738fb281e479212ed32c1a21a4307dda9f3af9292edb6918a16c9ce9fff5f48d?s=96&d=mm&r=g","url":"https:\/\/secure.gravatar.com\/avatar\/738fb281e479212ed32c1a21a4307dda9f3af9292edb6918a16c9ce9fff5f48d?s=96&d=mm&r=g","contentUrl":"https:\/\/secure.gravatar.com\/avatar\/738fb281e479212ed32c1a21a4307dda9f3af9292edb6918a16c9ce9fff5f48d?s=96&d=mm&r=g","caption":"Prefeitos &amp; Gest\u00f5es"},"url":"https:\/\/prefeitosegestoes.com.br\/portal\/author\/prefeitosegestoes\/"}]}},"_links":{"self":[{"href":"https:\/\/prefeitosegestoes.com.br\/portal\/wp-json\/wp\/v2\/posts\/3968","targetHints":{"allow":["GET"]}}],"collection":[{"href":"https:\/\/prefeitosegestoes.com.br\/portal\/wp-json\/wp\/v2\/posts"}],"about":[{"href":"https:\/\/prefeitosegestoes.com.br\/portal\/wp-json\/wp\/v2\/types\/post"}],"author":[{"embeddable":true,"href":"https:\/\/prefeitosegestoes.com.br\/portal\/wp-json\/wp\/v2\/users\/2"}],"replies":[{"embeddable":true,"href":"https:\/\/prefeitosegestoes.com.br\/portal\/wp-json\/wp\/v2\/comments?post=3968"}],"version-history":[{"count":1,"href":"https:\/\/prefeitosegestoes.com.br\/portal\/wp-json\/wp\/v2\/posts\/3968\/revisions"}],"predecessor-version":[{"id":3970,"href":"https:\/\/prefeitosegestoes.com.br\/portal\/wp-json\/wp\/v2\/posts\/3968\/revisions\/3970"}],"wp:featuredmedia":[{"embeddable":true,"href":"https:\/\/prefeitosegestoes.com.br\/portal\/wp-json\/wp\/v2\/media\/3969"}],"wp:attachment":[{"href":"https:\/\/prefeitosegestoes.com.br\/portal\/wp-json\/wp\/v2\/media?parent=3968"}],"wp:term":[{"taxonomy":"category","embeddable":true,"href":"https:\/\/prefeitosegestoes.com.br\/portal\/wp-json\/wp\/v2\/categories?post=3968"},{"taxonomy":"post_tag","embeddable":true,"href":"https:\/\/prefeitosegestoes.com.br\/portal\/wp-json\/wp\/v2\/tags?post=3968"}],"curies":[{"name":"wp","href":"https:\/\/api.w.org\/{rel}","templated":true}]}}