{"id":3965,"date":"2025-11-05T11:36:10","date_gmt":"2025-11-05T14:36:10","guid":{"rendered":"https:\/\/prefeitosegestoes.com.br\/portal\/?p=3965"},"modified":"2025-11-05T11:36:10","modified_gmt":"2025-11-05T14:36:10","slug":"brasil-tem-34-mil-criancas-e-adolescentes-de-ate-14-anos-vivendo-em-unioes-conjugais-mostra-censo","status":"publish","type":"post","link":"https:\/\/prefeitosegestoes.com.br\/portal\/brasil-tem-34-mil-criancas-e-adolescentes-de-ate-14-anos-vivendo-em-unioes-conjugais-mostra-censo\/","title":{"rendered":"Brasil tem 34 mil crian\u00e7as e adolescentes de at\u00e9 14 anos vivendo em uni\u00f5es conjugais, mostra Censo"},"content":{"rendered":"<div class=\"mc-article-header\">\n<div class=\"row content-head mc-column non-featured \">\n<div class=\"medium-centered subtitle\">\n<h2 class=\"content-head__subtitle\">Foto Ilustrativa<\/h2>\n<div class=\"autor\">Cr\u00e9dito: Paulo Pinto\/Ag\u00eancia Brasil<\/div>\n<h2 class=\"content-head__subtitle\">Casamento civil com menores de 16 anos \u00e9 proibido no Brasil. IBGE diz que o Censo n\u00e3o solicita certid\u00f5es ou documentos para comprovar a uni\u00e3o conjugal.<\/h2>\n<\/div>\n<\/div>\n<div class=\"content__signa-share mc-column\">\n<div class=\"content__signature\">\n<div class=\"content-publication-data\">\n<div class=\"content-publication-data__text\">\n<p class=\"content-publication-data__from\" title=\"Bianca Muniz\">Por\u00a0<a class=\"multi_signatures\" href=\"https:\/\/g1.globo.com\/autores\/bianca-muniz\/\">Bianca Muniz<\/a>\u00a0\u2014 S\u00e3o Paulo<\/p>\n<p class=\"content-publication-data__updated\"><time datetime=\"2025-11-05T10:00:02.937-03:00\">05\/11\/2025 10h00\u00a0<\/time><span class=\"content-publication-data__updated-relative\">\u00a0<time datetime=\"2025-11-05T11:15:23.650-03:00\">Atualizado\u00a0<time datetime=\"2025-11-05T11:15:23.650-03:00\">h\u00e1 10 minutos<\/time><\/time><\/span><\/p>\n<\/div>\n<\/div>\n<\/div>\n<\/div>\n<div class=\"mc-summary mc-column\" data-block-type=\"summary\" data-block-id=\"1\">\n<details class=\"mc-summary-card bs-block--exclude-chunk-children\" open=\"open\">\n<div class=\"mc-summary-card__content\">\n<ul class=\"mc-summary-card__list\">\n<li class=\"mc-summary-card__item\">\n<div id=\"chunk-b3t1k\">\n<div class=\"mc-column content-text active-extra-styles \" data-block-type=\"unstyled\" data-block-weight=\"\">\n<p class=\" content-text__container \" data-track-category=\"Link no Texto\" data-track-links=\"\" data-mrf-recirculation=\"Mat\u00e9ria - Links no Texto\">Dados do IBGE apontam que mais de 34 mil pessoas entre 10 e 14 anos vivem em uni\u00e3o conjugal no Brasil. Quase oito em cada dez dessas pessoas s\u00e3o mulheres.<\/p>\n<\/div>\n<\/div>\n<\/li>\n<li class=\"mc-summary-card__item\">\n<div id=\"chunk-870cl\">\n<div class=\"mc-column content-text active-extra-styles \" data-block-type=\"unstyled\" data-block-weight=\"\">\n<p class=\" content-text__container \" data-track-category=\"Link no Texto\" data-track-links=\"\" data-mrf-recirculation=\"Mat\u00e9ria - Links no Texto\">Quase 90% dessas uni\u00f5es n\u00e3o t\u00eam registro civil, j\u00e1 que o casamento entre menores de 16 anos \u00e9 proibido no Brasil.<\/p>\n<\/div>\n<\/div>\n<\/li>\n<li class=\"mc-summary-card__item\">\n<div id=\"chunk-39k23\">\n<div class=\"mc-column content-text active-extra-styles \" data-block-type=\"unstyled\" data-block-weight=\"\">\n<p class=\" content-text__container \" data-track-category=\"Link no Texto\" data-track-links=\"\" data-mrf-recirculation=\"Mat\u00e9ria - Links no Texto\">O IBGE refor\u00e7a que os n\u00fameros se baseiam nas informa\u00e7\u00f5es fornecidas pelos pr\u00f3prios moradores e n\u00e3o solicita certid\u00f5es que comprovem as uni\u00f5es.<\/p>\n<\/div>\n<\/div>\n<\/li>\n<li class=\"mc-summary-card__item\">\n<div id=\"chunk-b76n8\">\n<div class=\"mc-column content-text active-extra-styles \" data-block-type=\"unstyled\" data-block-weight=\"\">\n<p class=\" content-text__container \" data-track-category=\"Link no Texto\" data-track-links=\"\" data-mrf-recirculation=\"Mat\u00e9ria - Links no Texto\">Segundo pesquisadora, os n\u00fameros podem ajudar na elabora\u00e7\u00e3o de pol\u00edticas p\u00fablicas para mitigar ou eliminar o que n\u00e3o est\u00e1 conforme a lei.<\/p>\n<\/div>\n<\/div>\n<\/li>\n<\/ul>\n<\/div>\n<\/details>\n<\/div>\n<\/div>\n<div class=\"mc-article-body\">\n<article>\n<div id=\"chunk-bu1ek\">\n<div class=\"cxm-video-block mc-column  content-media\" data-block-type=\"backstage-video\" data-block-id=\"2\">\n<div class=\"content-media__container content-media__container--codex-fallback content-media__container--vertical\">\n<div class=\"content-video__bigger-player-description-fixer\">\n<article class=\"content-video\">\n<section class=\"content-video__video-container\">\n<div class=\"content-video__video\">\n<div class=\"content-video__placeholder\" data-video-id=\"14071635\"><img decoding=\"async\" class=\"content-video__placeholder__thumb\" title=\"Censo: Brasil tem 34 mil crian\u00e7as e adolescentes de at\u00e9 14 anos em uni\u00f5es conjugais\" src=\"https:\/\/s04.video.glbimg.com\/x240\/14071635.jpg\" alt=\"Censo: Brasil tem 34 mil crian\u00e7as e adolescentes de at\u00e9 14 anos em uni\u00f5es conjugais\" \/><\/div>\n<div data-video-id=\"14071635\"><\/div>\n<\/div>\n<\/section>\n<\/article>\n<\/div>\n<div class=\"bs-block-video__container\">\n<p class=\"codex-caption codex-caption--small\">Censo: Brasil tem 34 mil crian\u00e7as e adolescentes de at\u00e9 14 anos em uni\u00f5es conjugais<\/p>\n<\/div>\n<\/div>\n<\/div>\n<\/div>\n<div id=\"chunk-9op3h\">\n<div class=\"mc-column content-text active-extra-styles \" data-block-type=\"unstyled\" data-block-weight=\"56\" data-block-id=\"3\">\n<p class=\" content-text__container \" data-track-category=\"Link no Texto\" data-track-links=\"\" data-mrf-recirculation=\"Mat\u00e9ria - Links no Texto\">Dados do Instituto Brasileiro de Geografia e Estat\u00edstica divulgados nesta quarta-feira (5) retratam que mais de<strong><span class=\"highlight highlighted\">\u00a034 mil pessoas entre 10 e 14 anos vivem em uni\u00e3o conjugal no Brasil<\/span><\/strong>. Os dados fazem parte do question\u00e1rio da amostra do Censo 2022, sobre nupcialidade e estrutura familiar. Desse grupo, quase oito em cada dez (77%) s\u00e3o mulheres.<\/p>\n<\/div>\n<\/div>\n<div class=\"wall protected-content\">\n<div id=\"chunk-agjuj\">\n<div class=\"mc-column content-text active-extra-styles \" data-block-type=\"unstyled\" data-block-weight=\"39\" data-block-id=\"5\">\n<p class=\" content-text__container \" data-track-category=\"Link no Texto\" data-track-links=\"\" data-mrf-recirculation=\"Mat\u00e9ria - Links no Texto\">O IBGE ressalta que os n\u00fameros se baseiam nas\u00a0<strong>informa\u00e7\u00f5es fornecidas pelos pr\u00f3prios moradores<\/strong>\u00a0e n\u00e3o representam uma comprova\u00e7\u00e3o legal das uni\u00f5es. Segundo o instituto, as respostas podem refletir percep\u00e7\u00f5es pessoais e incluir interpreta\u00e7\u00f5es equivocadas ou erros de preenchimento.<\/p>\n<\/div>\n<\/div>\n<div id=\"chunk-a5nti\">\n<div class=\"mc-column content-text active-extra-styles \" data-block-type=\"unstyled\" data-block-weight=\"47\" data-block-id=\"6\">\n<p class=\" content-text__container \" data-track-category=\"Link no Texto\" data-track-links=\"\" data-mrf-recirculation=\"Mat\u00e9ria - Links no Texto\">Conforme o Censo, das pessoas entre 10 e 14 anos que viviam em algum tipo de uni\u00e3o,\u00a0<strong><span class=\"highlight highlighted\">7% est\u00e3o casadas no civil e no religioso, 4,9% s\u00f3 no civil e 1,5% s\u00f3 no religioso. O restante da amostra, 87%, viviam em algum outro tipo de uni\u00e3o consensual.<\/span><\/strong><\/p>\n<\/div>\n<\/div>\n<div id=\"chunk-euhuf\">\n<div class=\"mc-column content-text active-extra-styles \" data-block-type=\"unstyled\" data-block-weight=\"43\" data-block-id=\"9\">\n<p class=\" content-text__container \" data-track-category=\"Link no Texto\" data-track-links=\"\" data-mrf-recirculation=\"Mat\u00e9ria - Links no Texto\">A legisla\u00e7\u00e3o brasileira<a class=\"\" href=\"https:\/\/g1.globo.com\/pr\/parana\/noticia\/2023\/04\/25\/entenda-o-que-diz-lei-sobre-casamento-de-adolescentes-no-brasil-prefeito-no-parana-casou-com-garota-um-dia-apos-ela-completar-16-anos.ghtml\" data-mrf-link=\"https:\/\/g1.globo.com\/pr\/parana\/noticia\/2023\/04\/25\/entenda-o-que-diz-lei-sobre-casamento-de-adolescentes-no-brasil-prefeito-no-parana-casou-com-garota-um-dia-apos-ela-completar-16-anos.ghtml\">\u00a0pro\u00edbe o casamento civil entre menores de 16 anos, salvo em situa\u00e7\u00f5es excepcionais autorizadas pela Justi\u00e7a<\/a>. Contudo, o IBGE destaca que n\u00e3o \u00e9 sua fun\u00e7\u00e3o verificar a legalidade dessas rela\u00e7\u00f5es, j\u00e1 que o Censo n\u00e3o solicita certid\u00f5es ou documentos.<\/p>\n<\/div>\n<\/div>\n<div id=\"chunk-cf1jv\">\n<div class=\"mc-column content-text active-extra-styles\" data-block-type=\"raw\" data-block-weight=\"24\" data-block-id=\"10\">\n<blockquote class=\"content-blockquote theme-border-color-primary-before\"><p>\u201cA coleta \u00e9 baseada unicamente na declara\u00e7\u00e3o do informante\u201d, ressalta Marcio Mitsuo Minamiguchi, da Ger\u00eancia de Estudos e An\u00e1lises da Din\u00e2mica Demogr\u00e1fica do instituto.<\/p><\/blockquote>\n<\/div>\n<\/div>\n<div id=\"chunk-c6bmu\">\n<div class=\"mc-column content-text active-extra-styles \" data-block-type=\"unstyled\" data-block-weight=\"21\" data-block-id=\"11\">\n<p class=\" content-text__container \" data-track-category=\"Link no Texto\" data-track-links=\"\" data-mrf-recirculation=\"Mat\u00e9ria - Links no Texto\">Luciene Aparecida Longo, t\u00e9cnica do IBGE, explica que o conceito de \u201cuni\u00e3o consensual\u201d adotado pelo Censo\u00a0<strong>n\u00e3o exige comprova\u00e7\u00e3o documental<\/strong>.<\/p>\n<\/div>\n<\/div>\n<div id=\"chunk-c5uub\">\n<div class=\"mc-column content-text active-extra-styles \" data-block-type=\"unstyled\" data-block-weight=\"24\" data-block-id=\"12\">\n<p class=\" content-text__container \" data-track-category=\"Link no Texto\" data-track-links=\"\" data-mrf-recirculation=\"Mat\u00e9ria - Links no Texto\">\u201cA resposta depende de quem declara. Uma pessoa pode se considerar em uni\u00e3o, enquanto a outra se v\u00ea como namorada, por exemplo\u201d, afirma.<\/p>\n<\/div>\n<\/div>\n<div id=\"chunk-1j8bs\">\n<div class=\"mc-column content-text active-extra-styles \" data-block-type=\"unstyled\" data-block-weight=\"27\" data-block-id=\"13\">\n<p class=\" content-text__container \" data-track-category=\"Link no Texto\" data-track-links=\"\" data-mrf-recirculation=\"Mat\u00e9ria - Links no Texto\">Ela refor\u00e7a que o IBGE questiona sobre uni\u00f5es a partir de dez anos<strong>\u00a0por entender que isso tamb\u00e9m faz parte da realidade brasileira, embora n\u00e3o seja permitido<\/strong>.<\/p>\n<\/div>\n<\/div>\n<div id=\"chunk-e3j6d\">\n<div class=\"mc-column content-text active-extra-styles\" data-block-type=\"raw\" data-block-weight=\"45\" data-block-id=\"14\">\n<blockquote class=\"content-blockquote theme-border-color-primary-before\"><p>&#8221; O IBGE quer o retrato do pa\u00eds e n\u00e3o somente o que \u00e9 legal ou n\u00e3o, justamente para identificar onde h\u00e1 quest\u00f5es onde as pol\u00edticas p\u00fablicas podem atuar para mitigar ou eliminar o que n\u00e3o est\u00e1 na conformidade&#8221; &#8211; Luciene Aparecida Longo, do IBGE.<\/p><\/blockquote>\n<\/div>\n<\/div>\n<div id=\"chunk-4s22u\">\n<div class=\"mc-column content-text active-extra-styles \" data-block-type=\"unstyled\" data-block-weight=\"23\" data-block-id=\"17\">\n<p class=\" content-text__container \" data-track-category=\"Link no Texto\" data-track-links=\"\" data-mrf-recirculation=\"Mat\u00e9ria - Links no Texto\">Segundo Minamiguchi, o Censo, por cobrir todo o territ\u00f3rio nacional, acaba registrando \u201cfatos raros\u201d que n\u00e3o costumam aparecer em pesquisas amostrais menores.<\/p>\n<\/div>\n<\/div>\n<div id=\"chunk-el69l\">\n<div class=\"mc-column content-text active-extra-styles \" data-block-type=\"unstyled\" data-block-weight=\"63\" data-block-id=\"18\">\n<p class=\" content-text__container \" data-track-category=\"Link no Texto\" data-track-links=\"\" data-mrf-recirculation=\"Mat\u00e9ria - Links no Texto\">O levantamento tamb\u00e9m mostrou a composi\u00e7\u00e3o desse grupo de acordo com cor e ra\u00e7a declarada e estados.\u00a0<strong>A maioria \u00e9 formada por pessoas pardas<\/strong>\u00a0(20.414 crian\u00e7as e adolescentes), seguido por brancas (10.009), pretas (3.246), ind\u00edgenas (483) e amarelas (51). Al\u00e9m disso, o estado com maior n\u00famero de crian\u00e7as e adolescentes que viviam em uma uni\u00e3o conjugal \u00e9 S\u00e3o Paulo.\u00a0<strong>Veja abaixo a lista:<\/strong><\/p>\n<\/div>\n<\/div>\n<div id=\"chunk-7d06o\">\n<div class=\"mc-column content-text active-extra-styles\" data-block-type=\"raw\" data-block-weight=\"125\" data-block-id=\"19\">\n<ul class=\"content-unordered-list\">\n<li>S\u00e3o Paulo: 13,8% (4.722 pessoas);<\/li>\n<li>Bahia: 7,9% (2.716 pessoas);<\/li>\n<li>Par\u00e1: 7,5% (2.579 pessoas);<\/li>\n<li>Maranh\u00e3o: 6,4% (2.201 pessoas);<\/li>\n<li>Cear\u00e1: 6% (2.039 pessoas);<\/li>\n<li>Pernambuco: 5,8% (1.968 pessoas);<\/li>\n<li>Rio de Janeiro: 5,3% (1.803 pessoas);<\/li>\n<li>Amazonas: 4,9% (1.672 pessoas);<\/li>\n<li>Paran\u00e1: 4,4% (1.501 pessoas);<\/li>\n<li>Minas Gerais: 4,2% (1.430 pessoas);<\/li>\n<li>Rio Grande do Sul: 3,8% (1.283 pessoas);<\/li>\n<li>Alagoas: 3,6% (1.231 pessoas);<\/li>\n<li>Goi\u00e1s: 3,6% (1.241 pessoas);<\/li>\n<li>Para\u00edba: 3,1% (1.065 pessoas);<\/li>\n<li>Mato Grosso: 2,8% (946 pessoas);<\/li>\n<li>Santa Catarina: 2,7% (927 pessoas);<\/li>\n<li>Rio Grande do Norte: 2,4% (825 pessoas);<\/li>\n<li>Sergipe: 2,3% (774 pessoas);<\/li>\n<li>Mato Grosso do Sul: 1,6% (531 pessoas);<\/li>\n<li>Piau\u00ed: 1,4% (495 pessoas);<\/li>\n<li>Esp\u00edrito Santo: 1,4% (470 pessoas);<\/li>\n<li>Rond\u00f4nia: 1,2% (400 pessoas);<\/li>\n<li>Acre: 1,1% (366 pessoas);<\/li>\n<li>Tocantins: 1% (346 pessoas);<\/li>\n<li>Amap\u00e1: 0,8% (269 pessoas);<\/li>\n<li>Roraima: 0,6% (198 pessoas);<\/li>\n<li>Distrito Federal: 0,6% (207 pessoas);<\/li>\n<\/ul>\n<\/div>\n<\/div>\n<div id=\"chunk-80flj\">\n<div class=\"content-ads content-ads--reveal\" data-block-type=\"ads\" data-block-id=\"20\"><\/div>\n<\/div>\n<div id=\"chunk-droun\">\n<div class=\"mc-column content-text active-extra-styles\" data-block-type=\"raw\" data-block-weight=\"6\" data-block-id=\"21\">\n<div class=\"content-intertitle\">\n<h2>Outros dados sobre nupcialidade e fam\u00edlia<\/h2>\n<\/div>\n<\/div>\n<\/div>\n<div id=\"chunk-cd5tr\">\n<div class=\"mc-column content-text active-extra-styles \" data-block-type=\"unstyled\" data-block-weight=\"20\" data-block-id=\"22\">\n<p class=\" content-text__container \" data-track-category=\"Link no Texto\" data-track-links=\"\" data-mrf-recirculation=\"Mat\u00e9ria - Links no Texto\">Na divulga\u00e7\u00e3o desta quarta, o IBGE tamb\u00e9m apresentou outros dados sobre estrutura familiar e uni\u00e3o conjugal.\u00a0<strong>Veja os destaques abaixo:<\/strong><\/p>\n<\/div>\n<\/div>\n<div id=\"chunk-6jrhi\">\n<div class=\"mc-column content-text active-extra-styles\" data-block-type=\"raw\" data-block-weight=\"102\" data-block-id=\"23\">\n<ul class=\"content-unordered-list\">\n<li>O n\u00famero de pessoas morando sozinhas triplicou: de 4,1 milh\u00f5es (2000) para 13,6 milh\u00f5es (2022) \u2014\u00a0<strong>quase 1 em cada 5 domic\u00edlios<\/strong>.<\/li>\n<li>Em 2022,\u00a0<strong>51,3% da popula\u00e7\u00e3o com 10 anos ou mais vivia em uni\u00e3o conjugal<\/strong>\u00a0\u2014 aumento em rela\u00e7\u00e3o a 2010 (50,1%) e 2000 (49,5%).<\/li>\n<li>Santa Catarina (58,4%), Rond\u00f4nia (55,4%) e Paran\u00e1 (55,3%) registraram os maiores percentuais de pessoas em uni\u00e3o; Amap\u00e1 (47,1%), Distrito Federal (47,7%) e Amazonas (48,1%), os menores.<\/li>\n<li>A propor\u00e7\u00e3o dos que nunca viveram em uni\u00e3o caiu de 38,6% (2000) para 30,1% (2022). J\u00e1 os que n\u00e3o vivem, mas j\u00e1 viveram em uni\u00e3o subiram de 11,9% para 18,6%.<\/li>\n<\/ul>\n<\/div>\n<\/div>\n<div id=\"chunk-9vn4l\">\n<div class=\"row medium-uncollapsed content-media content-photo\" data-block-type=\"backstage-photo\" data-block-id=\"24\">\n<div class=\" mc-column  content-media__container\">\n<div class=\"content-media-container glb-skeleton-box\">\n<figure class=\"content-media-figure\"><img decoding=\"async\" class=\"i-amphtml-fill-content i-amphtml-replaced-content\" src=\"https:\/\/s2-g1.glbimg.com\/EjO-yOileJ1zoOL1PIGfEDYnGqI=\/0x0:5418x3617\/984x0\/smart\/filters:strip_icc()\/i.s3.glbimg.com\/v1\/AUTH_59edd422c0c84a879bd37670ae4f538a\/internal_photos\/bs\/2023\/K\/t\/Rqyom3TgOOk6OJxEFbOA\/momentos-de-casamento-recem-casar-as-maos-do-casal-com-aneis-de-casamento.jpg\" sizes=\"(max-width: 1536px) 680px, 100vw\" srcset=\"https:\/\/s2-g1.glbimg.com\/sM0Fb5FZvdhyeSN2Cze6Y2JOVIg=\/0x0:5418x3617\/1000x0\/smart\/filters:strip_icc()\/i.s3.glbimg.com\/v1\/AUTH_59edd422c0c84a879bd37670ae4f538a\/internal_photos\/bs\/2023\/K\/t\/Rqyom3TgOOk6OJxEFbOA\/momentos-de-casamento-recem-casar-as-maos-do-casal-com-aneis-de-casamento.jpg 1000w, https:\/\/s2-g1.glbimg.com\/EjO-yOileJ1zoOL1PIGfEDYnGqI=\/0x0:5418x3617\/984x0\/smart\/filters:strip_icc()\/i.s3.glbimg.com\/v1\/AUTH_59edd422c0c84a879bd37670ae4f538a\/internal_photos\/bs\/2023\/K\/t\/Rqyom3TgOOk6OJxEFbOA\/momentos-de-casamento-recem-casar-as-maos-do-casal-com-aneis-de-casamento.jpg 984w, https:\/\/s2-g1.glbimg.com\/8d6BpywDstnhhcvUCNEfWvIK_a8=\/0x0:5418x3617\/640x0\/smart\/filters:strip_icc()\/i.s3.glbimg.com\/v1\/AUTH_59edd422c0c84a879bd37670ae4f538a\/internal_photos\/bs\/2023\/K\/t\/Rqyom3TgOOk6OJxEFbOA\/momentos-de-casamento-recem-casar-as-maos-do-casal-com-aneis-de-casamento.jpg 640w, https:\/\/s2-g1.glbimg.com\/7LQE84n0ZtC11ZXXdsp_QvsdWvA=\/0x0:5418x3617\/600x0\/smart\/filters:strip_icc()\/i.s3.glbimg.com\/v1\/AUTH_59edd422c0c84a879bd37670ae4f538a\/internal_photos\/bs\/2023\/K\/t\/Rqyom3TgOOk6OJxEFbOA\/momentos-de-casamento-recem-casar-as-maos-do-casal-com-aneis-de-casamento.jpg 600w\" alt=\"Lei brasileira permite casamento a partir dos 16 anos  \u2014 Foto: Reprodu\u00e7\u00e3o\/Freepik\" \/><\/figure>\n<\/div>\n<p class=\"content-media__description  \">Lei brasileira permite casamento a partir dos 16 anos \u2014 Foto: Reprodu\u00e7\u00e3o\/Freepik<\/p>\n<p>Fonte G1<\/p>\n<\/div>\n<\/div>\n<\/div>\n<div id=\"chunk-dcl30\">\n<div class=\"content-ads content-ads--reveal\" data-block-type=\"ads\" data-block-id=\"25\">\n<div id=\"banner_materia__4023c42a-69f2-48a2-8fa5-4640dd5cf1cd\" class=\"tag-manager-publicidade-container tag-manager-publicidade-banner_materia__4023c42a-69f2-48a2-8fa5-4640dd5cf1cd tag-manager-publicidade-container--carregado tag-manager-publicidade-container--visivel\" data-google-query-id=\"CPL38LKc25ADFRuqYQYd28s7Zg\"><\/div>\n<\/div>\n<\/div>\n<\/div>\n<\/article>\n<\/div>\n","protected":false},"excerpt":{"rendered":"<p>Foto Ilustrativa Cr\u00e9dito: Paulo Pinto\/Ag\u00eancia Brasil Casamento civil com menores de 16 anos \u00e9 proibido no Brasil. IBGE diz que o Censo n\u00e3o solicita certid\u00f5es ou documentos para comprovar a uni\u00e3o conjugal. Por\u00a0Bianca Muniz\u00a0\u2014 S\u00e3o Paulo 05\/11\/2025 10h00\u00a0\u00a0Atualizado\u00a0h\u00e1 10 minutos Dados do IBGE apontam que mais de 34 mil pessoas entre 10 e 14 anos [&hellip;]<\/p>\n","protected":false},"author":2,"featured_media":3966,"comment_status":"open","ping_status":"open","sticky":false,"template":"","format":"standard","meta":{"rop_custom_images_group":[],"rop_custom_messages_group":[],"rop_publish_now":"initial","rop_publish_now_accounts":{"twitter_850042665852968960_850042665852968960":""},"rop_publish_now_history":[],"rop_publish_now_status":"pending","footnotes":""},"categories":[15],"tags":[800,184,803,801,802],"class_list":["post-3965","post","type-post","status-publish","format-standard","has-post-thumbnail","hentry","category-destaques","tag-casamento","tag-ibge","tag-m-alianca","tag-menores","tag-uniao-conjugal"],"yoast_head":"<!-- This site is optimized with the Yoast SEO plugin v27.2 - https:\/\/yoast.com\/product\/yoast-seo-wordpress\/ -->\n<title>Brasil tem 34 mil crian\u00e7as e adolescentes de at\u00e9 14 anos vivendo em uni\u00f5es conjugais, mostra Censo - Prefeitos &amp; Gest\u00f5es<\/title>\n<meta name=\"description\" content=\"Casamento civil com menores de 16 anos \u00e9 proibido no Brasil. IBGE diz que o Censo n\u00e3o solicita certid\u00f5es ou documentos para comprovar a uni\u00e3o conjugal.\" \/>\n<meta name=\"robots\" content=\"index, follow, max-snippet:-1, max-image-preview:large, max-video-preview:-1\" \/>\n<link rel=\"canonical\" href=\"https:\/\/prefeitosegestoes.com.br\/portal\/brasil-tem-34-mil-criancas-e-adolescentes-de-ate-14-anos-vivendo-em-unioes-conjugais-mostra-censo\/\" \/>\n<meta property=\"og:locale\" content=\"pt_BR\" \/>\n<meta property=\"og:type\" content=\"article\" \/>\n<meta property=\"og:title\" content=\"Brasil tem 34 mil crian\u00e7as e adolescentes de at\u00e9 14 anos vivendo em uni\u00f5es conjugais, mostra Censo - Prefeitos &amp; Gest\u00f5es\" \/>\n<meta property=\"og:description\" content=\"Casamento civil com menores de 16 anos \u00e9 proibido no Brasil. IBGE diz que o Censo n\u00e3o solicita certid\u00f5es ou documentos para comprovar a uni\u00e3o conjugal.\" \/>\n<meta property=\"og:url\" content=\"https:\/\/prefeitosegestoes.com.br\/portal\/brasil-tem-34-mil-criancas-e-adolescentes-de-ate-14-anos-vivendo-em-unioes-conjugais-mostra-censo\/\" \/>\n<meta property=\"og:site_name\" content=\"Prefeitos &amp; Gest\u00f5es\" \/>\n<meta property=\"article:publisher\" content=\"https:\/\/www.facebook.com\/prefeitosonline\" \/>\n<meta property=\"article:published_time\" content=\"2025-11-05T14:36:10+00:00\" \/>\n<meta property=\"og:image\" content=\"https:\/\/prefeitosegestoes.com.br\/portal\/wp-content\/uploads\/2025\/11\/pin2487.webp\" \/>\n\t<meta property=\"og:image:width\" content=\"1024\" \/>\n\t<meta property=\"og:image:height\" content=\"768\" \/>\n\t<meta property=\"og:image:type\" content=\"image\/webp\" \/>\n<meta name=\"author\" content=\"Prefeitos &amp; Gest\u00f5es\" \/>\n<meta name=\"twitter:card\" content=\"summary_large_image\" \/>\n<meta name=\"twitter:creator\" content=\"@PrefGestoes\" \/>\n<meta name=\"twitter:site\" content=\"@PrefGestoes\" \/>\n<meta name=\"twitter:label1\" content=\"Escrito por\" \/>\n\t<meta name=\"twitter:data1\" content=\"Prefeitos &amp; Gest\u00f5es\" \/>\n\t<meta name=\"twitter:label2\" content=\"Est. tempo de leitura\" \/>\n\t<meta name=\"twitter:data2\" content=\"5 minutos\" \/>\n<script type=\"application\/ld+json\" class=\"yoast-schema-graph\">{\"@context\":\"https:\/\/schema.org\",\"@graph\":[{\"@type\":\"Article\",\"@id\":\"https:\/\/prefeitosegestoes.com.br\/portal\/brasil-tem-34-mil-criancas-e-adolescentes-de-ate-14-anos-vivendo-em-unioes-conjugais-mostra-censo\/#article\",\"isPartOf\":{\"@id\":\"https:\/\/prefeitosegestoes.com.br\/portal\/brasil-tem-34-mil-criancas-e-adolescentes-de-ate-14-anos-vivendo-em-unioes-conjugais-mostra-censo\/\"},\"author\":{\"name\":\"Prefeitos &amp; Gest\u00f5es\",\"@id\":\"https:\/\/prefeitosegestoes.com.br\/portal\/#\/schema\/person\/d00059f2ec99963e7e1850d448ae94b8\"},\"headline\":\"Brasil tem 34 mil crian\u00e7as e adolescentes de at\u00e9 14 anos vivendo em uni\u00f5es conjugais, mostra Censo\",\"datePublished\":\"2025-11-05T14:36:10+00:00\",\"mainEntityOfPage\":{\"@id\":\"https:\/\/prefeitosegestoes.com.br\/portal\/brasil-tem-34-mil-criancas-e-adolescentes-de-ate-14-anos-vivendo-em-unioes-conjugais-mostra-censo\/\"},\"wordCount\":834,\"commentCount\":0,\"publisher\":{\"@id\":\"https:\/\/prefeitosegestoes.com.br\/portal\/#organization\"},\"image\":{\"@id\":\"https:\/\/prefeitosegestoes.com.br\/portal\/brasil-tem-34-mil-criancas-e-adolescentes-de-ate-14-anos-vivendo-em-unioes-conjugais-mostra-censo\/#primaryimage\"},\"thumbnailUrl\":\"https:\/\/prefeitosegestoes.com.br\/portal\/wp-content\/uploads\/2025\/11\/pin2487.webp\",\"keywords\":[\"Casamento\",\"IBGE\",\"m Alian\u00e7a\",\"Menores\",\"Uni\u00e3o conjugal\"],\"articleSection\":[\"Destaques\"],\"inLanguage\":\"pt-BR\",\"potentialAction\":[{\"@type\":\"CommentAction\",\"name\":\"Comment\",\"target\":[\"https:\/\/prefeitosegestoes.com.br\/portal\/brasil-tem-34-mil-criancas-e-adolescentes-de-ate-14-anos-vivendo-em-unioes-conjugais-mostra-censo\/#respond\"]}]},{\"@type\":\"WebPage\",\"@id\":\"https:\/\/prefeitosegestoes.com.br\/portal\/brasil-tem-34-mil-criancas-e-adolescentes-de-ate-14-anos-vivendo-em-unioes-conjugais-mostra-censo\/\",\"url\":\"https:\/\/prefeitosegestoes.com.br\/portal\/brasil-tem-34-mil-criancas-e-adolescentes-de-ate-14-anos-vivendo-em-unioes-conjugais-mostra-censo\/\",\"name\":\"Brasil tem 34 mil crian\u00e7as e adolescentes de at\u00e9 14 anos vivendo em uni\u00f5es conjugais, mostra Censo - Prefeitos &amp; Gest\u00f5es\",\"isPartOf\":{\"@id\":\"https:\/\/prefeitosegestoes.com.br\/portal\/#website\"},\"primaryImageOfPage\":{\"@id\":\"https:\/\/prefeitosegestoes.com.br\/portal\/brasil-tem-34-mil-criancas-e-adolescentes-de-ate-14-anos-vivendo-em-unioes-conjugais-mostra-censo\/#primaryimage\"},\"image\":{\"@id\":\"https:\/\/prefeitosegestoes.com.br\/portal\/brasil-tem-34-mil-criancas-e-adolescentes-de-ate-14-anos-vivendo-em-unioes-conjugais-mostra-censo\/#primaryimage\"},\"thumbnailUrl\":\"https:\/\/prefeitosegestoes.com.br\/portal\/wp-content\/uploads\/2025\/11\/pin2487.webp\",\"datePublished\":\"2025-11-05T14:36:10+00:00\",\"description\":\"Casamento civil com menores de 16 anos \u00e9 proibido no Brasil. IBGE diz que o Censo n\u00e3o solicita certid\u00f5es ou documentos para comprovar a uni\u00e3o conjugal.\",\"breadcrumb\":{\"@id\":\"https:\/\/prefeitosegestoes.com.br\/portal\/brasil-tem-34-mil-criancas-e-adolescentes-de-ate-14-anos-vivendo-em-unioes-conjugais-mostra-censo\/#breadcrumb\"},\"inLanguage\":\"pt-BR\",\"potentialAction\":[{\"@type\":\"ReadAction\",\"target\":[\"https:\/\/prefeitosegestoes.com.br\/portal\/brasil-tem-34-mil-criancas-e-adolescentes-de-ate-14-anos-vivendo-em-unioes-conjugais-mostra-censo\/\"]}]},{\"@type\":\"ImageObject\",\"inLanguage\":\"pt-BR\",\"@id\":\"https:\/\/prefeitosegestoes.com.br\/portal\/brasil-tem-34-mil-criancas-e-adolescentes-de-ate-14-anos-vivendo-em-unioes-conjugais-mostra-censo\/#primaryimage\",\"url\":\"https:\/\/prefeitosegestoes.com.br\/portal\/wp-content\/uploads\/2025\/11\/pin2487.webp\",\"contentUrl\":\"https:\/\/prefeitosegestoes.com.br\/portal\/wp-content\/uploads\/2025\/11\/pin2487.webp\",\"width\":1024,\"height\":768},{\"@type\":\"BreadcrumbList\",\"@id\":\"https:\/\/prefeitosegestoes.com.br\/portal\/brasil-tem-34-mil-criancas-e-adolescentes-de-ate-14-anos-vivendo-em-unioes-conjugais-mostra-censo\/#breadcrumb\",\"itemListElement\":[{\"@type\":\"ListItem\",\"position\":1,\"name\":\"In\u00edcio\",\"item\":\"https:\/\/prefeitosegestoes.com.br\/portal\/\"},{\"@type\":\"ListItem\",\"position\":2,\"name\":\"Brasil tem 34 mil crian\u00e7as e adolescentes de at\u00e9 14 anos vivendo em uni\u00f5es conjugais, mostra Censo\"}]},{\"@type\":\"WebSite\",\"@id\":\"https:\/\/prefeitosegestoes.com.br\/portal\/#website\",\"url\":\"https:\/\/prefeitosegestoes.com.br\/portal\/\",\"name\":\"Prefeitos & Gest\u00f5es\",\"description\":\"\",\"publisher\":{\"@id\":\"https:\/\/prefeitosegestoes.com.br\/portal\/#organization\"},\"potentialAction\":[{\"@type\":\"SearchAction\",\"target\":{\"@type\":\"EntryPoint\",\"urlTemplate\":\"https:\/\/prefeitosegestoes.com.br\/portal\/?s={search_term_string}\"},\"query-input\":{\"@type\":\"PropertyValueSpecification\",\"valueRequired\":true,\"valueName\":\"search_term_string\"}}],\"inLanguage\":\"pt-BR\"},{\"@type\":\"Organization\",\"@id\":\"https:\/\/prefeitosegestoes.com.br\/portal\/#organization\",\"name\":\"Prefeitos & Gest\u00f5es\",\"url\":\"https:\/\/prefeitosegestoes.com.br\/portal\/\",\"logo\":{\"@type\":\"ImageObject\",\"inLanguage\":\"pt-BR\",\"@id\":\"https:\/\/prefeitosegestoes.com.br\/portal\/#\/schema\/logo\/image\/\",\"url\":\"https:\/\/prefeitosegestoes.com.br\/portal\/wp-content\/uploads\/2024\/10\/lg_trans_prefeitos_2024_preto2.png\",\"contentUrl\":\"https:\/\/prefeitosegestoes.com.br\/portal\/wp-content\/uploads\/2024\/10\/lg_trans_prefeitos_2024_preto2.png\",\"width\":199,\"height\":122,\"caption\":\"Prefeitos & Gest\u00f5es\"},\"image\":{\"@id\":\"https:\/\/prefeitosegestoes.com.br\/portal\/#\/schema\/logo\/image\/\"},\"sameAs\":[\"https:\/\/www.facebook.com\/prefeitosonline\",\"https:\/\/x.com\/PrefGestoes\"]},{\"@type\":\"Person\",\"@id\":\"https:\/\/prefeitosegestoes.com.br\/portal\/#\/schema\/person\/d00059f2ec99963e7e1850d448ae94b8\",\"name\":\"Prefeitos &amp; Gest\u00f5es\",\"image\":{\"@type\":\"ImageObject\",\"inLanguage\":\"pt-BR\",\"@id\":\"https:\/\/secure.gravatar.com\/avatar\/738fb281e479212ed32c1a21a4307dda9f3af9292edb6918a16c9ce9fff5f48d?s=96&d=mm&r=g\",\"url\":\"https:\/\/secure.gravatar.com\/avatar\/738fb281e479212ed32c1a21a4307dda9f3af9292edb6918a16c9ce9fff5f48d?s=96&d=mm&r=g\",\"contentUrl\":\"https:\/\/secure.gravatar.com\/avatar\/738fb281e479212ed32c1a21a4307dda9f3af9292edb6918a16c9ce9fff5f48d?s=96&d=mm&r=g\",\"caption\":\"Prefeitos &amp; Gest\u00f5es\"},\"url\":\"https:\/\/prefeitosegestoes.com.br\/portal\/author\/prefeitosegestoes\/\"}]}<\/script>\n<!-- \/ Yoast SEO plugin. -->","yoast_head_json":{"title":"Brasil tem 34 mil crian\u00e7as e adolescentes de at\u00e9 14 anos vivendo em uni\u00f5es conjugais, mostra Censo - Prefeitos &amp; Gest\u00f5es","description":"Casamento civil com menores de 16 anos \u00e9 proibido no Brasil. IBGE diz que o Censo n\u00e3o solicita certid\u00f5es ou documentos para comprovar a uni\u00e3o conjugal.","robots":{"index":"index","follow":"follow","max-snippet":"max-snippet:-1","max-image-preview":"max-image-preview:large","max-video-preview":"max-video-preview:-1"},"canonical":"https:\/\/prefeitosegestoes.com.br\/portal\/brasil-tem-34-mil-criancas-e-adolescentes-de-ate-14-anos-vivendo-em-unioes-conjugais-mostra-censo\/","og_locale":"pt_BR","og_type":"article","og_title":"Brasil tem 34 mil crian\u00e7as e adolescentes de at\u00e9 14 anos vivendo em uni\u00f5es conjugais, mostra Censo - Prefeitos &amp; Gest\u00f5es","og_description":"Casamento civil com menores de 16 anos \u00e9 proibido no Brasil. IBGE diz que o Censo n\u00e3o solicita certid\u00f5es ou documentos para comprovar a uni\u00e3o conjugal.","og_url":"https:\/\/prefeitosegestoes.com.br\/portal\/brasil-tem-34-mil-criancas-e-adolescentes-de-ate-14-anos-vivendo-em-unioes-conjugais-mostra-censo\/","og_site_name":"Prefeitos &amp; Gest\u00f5es","article_publisher":"https:\/\/www.facebook.com\/prefeitosonline","article_published_time":"2025-11-05T14:36:10+00:00","og_image":[{"width":1024,"height":768,"url":"https:\/\/prefeitosegestoes.com.br\/portal\/wp-content\/uploads\/2025\/11\/pin2487.webp","type":"image\/webp"}],"author":"Prefeitos &amp; Gest\u00f5es","twitter_card":"summary_large_image","twitter_creator":"@PrefGestoes","twitter_site":"@PrefGestoes","twitter_misc":{"Escrito por":"Prefeitos &amp; Gest\u00f5es","Est. tempo de leitura":"5 minutos"},"schema":{"@context":"https:\/\/schema.org","@graph":[{"@type":"Article","@id":"https:\/\/prefeitosegestoes.com.br\/portal\/brasil-tem-34-mil-criancas-e-adolescentes-de-ate-14-anos-vivendo-em-unioes-conjugais-mostra-censo\/#article","isPartOf":{"@id":"https:\/\/prefeitosegestoes.com.br\/portal\/brasil-tem-34-mil-criancas-e-adolescentes-de-ate-14-anos-vivendo-em-unioes-conjugais-mostra-censo\/"},"author":{"name":"Prefeitos &amp; Gest\u00f5es","@id":"https:\/\/prefeitosegestoes.com.br\/portal\/#\/schema\/person\/d00059f2ec99963e7e1850d448ae94b8"},"headline":"Brasil tem 34 mil crian\u00e7as e adolescentes de at\u00e9 14 anos vivendo em uni\u00f5es conjugais, mostra Censo","datePublished":"2025-11-05T14:36:10+00:00","mainEntityOfPage":{"@id":"https:\/\/prefeitosegestoes.com.br\/portal\/brasil-tem-34-mil-criancas-e-adolescentes-de-ate-14-anos-vivendo-em-unioes-conjugais-mostra-censo\/"},"wordCount":834,"commentCount":0,"publisher":{"@id":"https:\/\/prefeitosegestoes.com.br\/portal\/#organization"},"image":{"@id":"https:\/\/prefeitosegestoes.com.br\/portal\/brasil-tem-34-mil-criancas-e-adolescentes-de-ate-14-anos-vivendo-em-unioes-conjugais-mostra-censo\/#primaryimage"},"thumbnailUrl":"https:\/\/prefeitosegestoes.com.br\/portal\/wp-content\/uploads\/2025\/11\/pin2487.webp","keywords":["Casamento","IBGE","m Alian\u00e7a","Menores","Uni\u00e3o conjugal"],"articleSection":["Destaques"],"inLanguage":"pt-BR","potentialAction":[{"@type":"CommentAction","name":"Comment","target":["https:\/\/prefeitosegestoes.com.br\/portal\/brasil-tem-34-mil-criancas-e-adolescentes-de-ate-14-anos-vivendo-em-unioes-conjugais-mostra-censo\/#respond"]}]},{"@type":"WebPage","@id":"https:\/\/prefeitosegestoes.com.br\/portal\/brasil-tem-34-mil-criancas-e-adolescentes-de-ate-14-anos-vivendo-em-unioes-conjugais-mostra-censo\/","url":"https:\/\/prefeitosegestoes.com.br\/portal\/brasil-tem-34-mil-criancas-e-adolescentes-de-ate-14-anos-vivendo-em-unioes-conjugais-mostra-censo\/","name":"Brasil tem 34 mil crian\u00e7as e adolescentes de at\u00e9 14 anos vivendo em uni\u00f5es conjugais, mostra Censo - Prefeitos &amp; Gest\u00f5es","isPartOf":{"@id":"https:\/\/prefeitosegestoes.com.br\/portal\/#website"},"primaryImageOfPage":{"@id":"https:\/\/prefeitosegestoes.com.br\/portal\/brasil-tem-34-mil-criancas-e-adolescentes-de-ate-14-anos-vivendo-em-unioes-conjugais-mostra-censo\/#primaryimage"},"image":{"@id":"https:\/\/prefeitosegestoes.com.br\/portal\/brasil-tem-34-mil-criancas-e-adolescentes-de-ate-14-anos-vivendo-em-unioes-conjugais-mostra-censo\/#primaryimage"},"thumbnailUrl":"https:\/\/prefeitosegestoes.com.br\/portal\/wp-content\/uploads\/2025\/11\/pin2487.webp","datePublished":"2025-11-05T14:36:10+00:00","description":"Casamento civil com menores de 16 anos \u00e9 proibido no Brasil. IBGE diz que o Censo n\u00e3o solicita certid\u00f5es ou documentos para comprovar a uni\u00e3o conjugal.","breadcrumb":{"@id":"https:\/\/prefeitosegestoes.com.br\/portal\/brasil-tem-34-mil-criancas-e-adolescentes-de-ate-14-anos-vivendo-em-unioes-conjugais-mostra-censo\/#breadcrumb"},"inLanguage":"pt-BR","potentialAction":[{"@type":"ReadAction","target":["https:\/\/prefeitosegestoes.com.br\/portal\/brasil-tem-34-mil-criancas-e-adolescentes-de-ate-14-anos-vivendo-em-unioes-conjugais-mostra-censo\/"]}]},{"@type":"ImageObject","inLanguage":"pt-BR","@id":"https:\/\/prefeitosegestoes.com.br\/portal\/brasil-tem-34-mil-criancas-e-adolescentes-de-ate-14-anos-vivendo-em-unioes-conjugais-mostra-censo\/#primaryimage","url":"https:\/\/prefeitosegestoes.com.br\/portal\/wp-content\/uploads\/2025\/11\/pin2487.webp","contentUrl":"https:\/\/prefeitosegestoes.com.br\/portal\/wp-content\/uploads\/2025\/11\/pin2487.webp","width":1024,"height":768},{"@type":"BreadcrumbList","@id":"https:\/\/prefeitosegestoes.com.br\/portal\/brasil-tem-34-mil-criancas-e-adolescentes-de-ate-14-anos-vivendo-em-unioes-conjugais-mostra-censo\/#breadcrumb","itemListElement":[{"@type":"ListItem","position":1,"name":"In\u00edcio","item":"https:\/\/prefeitosegestoes.com.br\/portal\/"},{"@type":"ListItem","position":2,"name":"Brasil tem 34 mil crian\u00e7as e adolescentes de at\u00e9 14 anos vivendo em uni\u00f5es conjugais, mostra Censo"}]},{"@type":"WebSite","@id":"https:\/\/prefeitosegestoes.com.br\/portal\/#website","url":"https:\/\/prefeitosegestoes.com.br\/portal\/","name":"Prefeitos & Gest\u00f5es","description":"","publisher":{"@id":"https:\/\/prefeitosegestoes.com.br\/portal\/#organization"},"potentialAction":[{"@type":"SearchAction","target":{"@type":"EntryPoint","urlTemplate":"https:\/\/prefeitosegestoes.com.br\/portal\/?s={search_term_string}"},"query-input":{"@type":"PropertyValueSpecification","valueRequired":true,"valueName":"search_term_string"}}],"inLanguage":"pt-BR"},{"@type":"Organization","@id":"https:\/\/prefeitosegestoes.com.br\/portal\/#organization","name":"Prefeitos & Gest\u00f5es","url":"https:\/\/prefeitosegestoes.com.br\/portal\/","logo":{"@type":"ImageObject","inLanguage":"pt-BR","@id":"https:\/\/prefeitosegestoes.com.br\/portal\/#\/schema\/logo\/image\/","url":"https:\/\/prefeitosegestoes.com.br\/portal\/wp-content\/uploads\/2024\/10\/lg_trans_prefeitos_2024_preto2.png","contentUrl":"https:\/\/prefeitosegestoes.com.br\/portal\/wp-content\/uploads\/2024\/10\/lg_trans_prefeitos_2024_preto2.png","width":199,"height":122,"caption":"Prefeitos & Gest\u00f5es"},"image":{"@id":"https:\/\/prefeitosegestoes.com.br\/portal\/#\/schema\/logo\/image\/"},"sameAs":["https:\/\/www.facebook.com\/prefeitosonline","https:\/\/x.com\/PrefGestoes"]},{"@type":"Person","@id":"https:\/\/prefeitosegestoes.com.br\/portal\/#\/schema\/person\/d00059f2ec99963e7e1850d448ae94b8","name":"Prefeitos &amp; Gest\u00f5es","image":{"@type":"ImageObject","inLanguage":"pt-BR","@id":"https:\/\/secure.gravatar.com\/avatar\/738fb281e479212ed32c1a21a4307dda9f3af9292edb6918a16c9ce9fff5f48d?s=96&d=mm&r=g","url":"https:\/\/secure.gravatar.com\/avatar\/738fb281e479212ed32c1a21a4307dda9f3af9292edb6918a16c9ce9fff5f48d?s=96&d=mm&r=g","contentUrl":"https:\/\/secure.gravatar.com\/avatar\/738fb281e479212ed32c1a21a4307dda9f3af9292edb6918a16c9ce9fff5f48d?s=96&d=mm&r=g","caption":"Prefeitos &amp; Gest\u00f5es"},"url":"https:\/\/prefeitosegestoes.com.br\/portal\/author\/prefeitosegestoes\/"}]}},"_links":{"self":[{"href":"https:\/\/prefeitosegestoes.com.br\/portal\/wp-json\/wp\/v2\/posts\/3965","targetHints":{"allow":["GET"]}}],"collection":[{"href":"https:\/\/prefeitosegestoes.com.br\/portal\/wp-json\/wp\/v2\/posts"}],"about":[{"href":"https:\/\/prefeitosegestoes.com.br\/portal\/wp-json\/wp\/v2\/types\/post"}],"author":[{"embeddable":true,"href":"https:\/\/prefeitosegestoes.com.br\/portal\/wp-json\/wp\/v2\/users\/2"}],"replies":[{"embeddable":true,"href":"https:\/\/prefeitosegestoes.com.br\/portal\/wp-json\/wp\/v2\/comments?post=3965"}],"version-history":[{"count":1,"href":"https:\/\/prefeitosegestoes.com.br\/portal\/wp-json\/wp\/v2\/posts\/3965\/revisions"}],"predecessor-version":[{"id":3967,"href":"https:\/\/prefeitosegestoes.com.br\/portal\/wp-json\/wp\/v2\/posts\/3965\/revisions\/3967"}],"wp:featuredmedia":[{"embeddable":true,"href":"https:\/\/prefeitosegestoes.com.br\/portal\/wp-json\/wp\/v2\/media\/3966"}],"wp:attachment":[{"href":"https:\/\/prefeitosegestoes.com.br\/portal\/wp-json\/wp\/v2\/media?parent=3965"}],"wp:term":[{"taxonomy":"category","embeddable":true,"href":"https:\/\/prefeitosegestoes.com.br\/portal\/wp-json\/wp\/v2\/categories?post=3965"},{"taxonomy":"post_tag","embeddable":true,"href":"https:\/\/prefeitosegestoes.com.br\/portal\/wp-json\/wp\/v2\/tags?post=3965"}],"curies":[{"name":"wp","href":"https:\/\/api.w.org\/{rel}","templated":true}]}}