{"id":3956,"date":"2025-11-03T19:03:07","date_gmt":"2025-11-03T22:03:07","guid":{"rendered":"https:\/\/prefeitosegestoes.com.br\/portal\/?p=3956"},"modified":"2025-11-03T19:03:07","modified_gmt":"2025-11-03T22:03:07","slug":"governo-decreta-glo-em-belem-para-protecao-da-cop30","status":"publish","type":"post","link":"https:\/\/prefeitosegestoes.com.br\/portal\/governo-decreta-glo-em-belem-para-protecao-da-cop30\/","title":{"rendered":"Governo decreta GLO em Bel\u00e9m para prote\u00e7\u00e3o da COP30"},"content":{"rendered":"<h6 class=\"asset__summary\">Foto: Tomaz Silva\/Ag\u00eancia Brasil<\/h6>\n<h2 class=\"asset__summary\">Opera\u00e7\u00e3o mobiliza 8 mil militares em Bel\u00e9m, Altamira e Tucuru\u00ed para refor\u00e7ar a seguran\u00e7a do evento clim\u00e1tico.<\/h2>\n<div class=\"asset__actions\">\n<div class=\"asset__info\">\n<p class=\"asset__publisher\">Congresso em Foco<\/p>\n<p class=\"asset__date\">3\/11\/2025\u00a0<span class=\"ng-star-inserted\">15:51<\/span><\/p>\n<\/div>\n<\/div>\n<div class=\"asset__content leitura-materia-113514\">\n<div class=\"html-content\">\n<p>O presidente Lula decretou nesta segunda-feira (3) a deflagra\u00e7\u00e3o de uma Opera\u00e7\u00e3o de Garantia da Lei e da Ordem (GLO) no Estado do Par\u00e1 para garantir a seguran\u00e7a da COP30, que ocorre entre os dias 10 e 21 de novembro. O decreto autoriza o emprego das For\u00e7as Armadas at\u00e9 o dia 23.<\/p>\n<p>Cerca de 8 mil militares ser\u00e3o mobilizados para proteger \u00e1reas estrat\u00e9gicas da capital paraense, incluindo o per\u00edmetro externo do Parque da Cidade, o Aeroporto Internacional Val-de-Cans, os portos de Bel\u00e9m, Outeiro e Miramar, al\u00e9m de subesta\u00e7\u00f5es de energia e sistemas de abastecimento de \u00e1gua.<\/p>\n<p><img fetchpriority=\"high\" decoding=\"async\" title=\"Militares dever\u00e3o refor\u00e7ar a seguran\u00e7a da capital paraense durante a confer\u00eancia internacional.\" src=\"https:\/\/static.congressoemfoco.com.br\/CONG_MATERIA\/2025\/11\/03\/885e0e_CONG_MATERIA_MANUAL_31044802high.jpg\" alt=\"Militares dever\u00e3o refor\u00e7ar a seguran\u00e7a da capital paraense durante a confer\u00eancia internacional.\" width=\"800\" height=\"450\" \/><\/p>\n<div class=\"img-info\"><span class=\"img-legenda\">Militares dever\u00e3o refor\u00e7ar a seguran\u00e7a da capital paraense durante a confer\u00eancia internacional.<\/span><span class=\"img-credito\">Filipe Bispo \/Fotoarena\/Folhapress<\/span><\/div>\n<p>O plano tamb\u00e9m abrange o entorno das usinas de Tucuru\u00ed e Belo Monte no interior do Estado, consideradas infraestruturas cr\u00edticas, e prev\u00ea atua\u00e7\u00e3o integrada com o Minist\u00e9rio da Justi\u00e7a e Seguran\u00e7a P\u00fablica.<\/p>\n<p>A opera\u00e7\u00e3o envolve a coordena\u00e7\u00e3o entre os minist\u00e9rios da Defesa, Justi\u00e7a e Gabinete de Seguran\u00e7a Institucional. As tropas tamb\u00e9m poder\u00e3o atuar em \u00e1reas adjacentes e vias de acesso usadas por delega\u00e7\u00f5es internacionais. O decreto detalha ainda a cobertura de \u00e1reas fluviais estrat\u00e9gicas, como o Rio Par\u00e1 e a Ba\u00eda do Guajar\u00e1, fundamentais para o transporte e a seguran\u00e7a durante a confer\u00eancia.<\/p>\n<p>A opera\u00e7\u00e3o foi deflagrada a pedido do pr\u00f3prio governador do Par\u00e1, Helder Barbalho, para assegurar a prote\u00e7\u00e3o das cerca de 170 delega\u00e7\u00f5es e 140 chefes de Estado esperados para a confer\u00eancia. Esta n\u00e3o \u00e9 a primeira vez que uma GLO \u00e9 realizada para a prote\u00e7\u00e3o de eventos internacionais: o mesmo foi feito em 2024 durante a reuni\u00e3o da c\u00fapula do G20, no Rio de Janeiro.<\/p>\n<p><a href=\"https:\/\/static.congressoemfoco.com.br\/attachment\/2025\/11\/03\/7db6a3_decreto_lula_glo_belem_cop_3nov2025.pdf\" target=\"_blank\" rel=\"noopener\">Veja a \u00edntegra do decreto de deflagra\u00e7\u00e3o da GLO.<\/a><\/p>\n<\/div>\n<\/div>\n<div class=\"share share--bottom\">Fonte: Congresso em Foco<\/div>\n","protected":false},"excerpt":{"rendered":"<p>Foto: Tomaz Silva\/Ag\u00eancia Brasil Opera\u00e7\u00e3o mobiliza 8 mil militares em Bel\u00e9m, Altamira e Tucuru\u00ed para refor\u00e7ar a seguran\u00e7a do evento clim\u00e1tico. Congresso em Foco 3\/11\/2025\u00a015:51 O presidente Lula decretou nesta segunda-feira (3) a deflagra\u00e7\u00e3o de uma Opera\u00e7\u00e3o de Garantia da Lei e da Ordem (GLO) no Estado do Par\u00e1 para garantir a seguran\u00e7a da COP30, [&hellip;]<\/p>\n","protected":false},"author":2,"featured_media":3957,"comment_status":"open","ping_status":"open","sticky":false,"template":"","format":"standard","meta":{"rop_custom_images_group":[],"rop_custom_messages_group":[],"rop_publish_now":"initial","rop_publish_now_accounts":{"twitter_850042665852968960_850042665852968960":""},"rop_publish_now_history":[],"rop_publish_now_status":"pending","footnotes":""},"categories":[15],"tags":[402,400,795,224,83],"class_list":["post-3956","post","type-post","status-publish","format-standard","has-post-thumbnail","hentry","category-destaques","tag-belem","tag-cop-30","tag-glo","tag-militares","tag-sustentabilidade"],"yoast_head":"<!-- This site is optimized with the Yoast SEO plugin v27.2 - https:\/\/yoast.com\/product\/yoast-seo-wordpress\/ -->\n<title>Governo decreta GLO em Bel\u00e9m para prote\u00e7\u00e3o da COP30 - Prefeitos &amp; Gest\u00f5es<\/title>\n<meta name=\"description\" content=\"O presidente Lula decretou nesta segunda-feira (3) a deflagra\u00e7\u00e3o de uma Opera\u00e7\u00e3o de Garantia da Lei e da Ordem (GLO) no Estado do Par\u00e1 para garantir a seguran\u00e7a da COP30, que ocorre entre os dias 10 e 21 de novembro. O decreto autoriza o emprego das For\u00e7as Armadas at\u00e9 o dia 23.\" \/>\n<meta name=\"robots\" content=\"index, follow, max-snippet:-1, max-image-preview:large, max-video-preview:-1\" \/>\n<link rel=\"canonical\" href=\"https:\/\/prefeitosegestoes.com.br\/portal\/governo-decreta-glo-em-belem-para-protecao-da-cop30\/\" \/>\n<meta property=\"og:locale\" content=\"pt_BR\" \/>\n<meta property=\"og:type\" content=\"article\" \/>\n<meta property=\"og:title\" content=\"Governo decreta GLO em Bel\u00e9m para prote\u00e7\u00e3o da COP30 - Prefeitos &amp; Gest\u00f5es\" \/>\n<meta property=\"og:description\" content=\"O presidente Lula decretou nesta segunda-feira (3) a deflagra\u00e7\u00e3o de uma Opera\u00e7\u00e3o de Garantia da Lei e da Ordem (GLO) no Estado do Par\u00e1 para garantir a seguran\u00e7a da COP30, que ocorre entre os dias 10 e 21 de novembro. O decreto autoriza o emprego das For\u00e7as Armadas at\u00e9 o dia 23.\" \/>\n<meta property=\"og:url\" content=\"https:\/\/prefeitosegestoes.com.br\/portal\/governo-decreta-glo-em-belem-para-protecao-da-cop30\/\" \/>\n<meta property=\"og:site_name\" content=\"Prefeitos &amp; Gest\u00f5es\" \/>\n<meta property=\"article:publisher\" content=\"https:\/\/www.facebook.com\/prefeitosonline\" \/>\n<meta property=\"article:published_time\" content=\"2025-11-03T22:03:07+00:00\" \/>\n<meta property=\"og:image\" content=\"https:\/\/prefeitosegestoes.com.br\/portal\/wp-content\/uploads\/2025\/11\/toms6709.webp\" \/>\n\t<meta property=\"og:image:width\" content=\"1024\" \/>\n\t<meta property=\"og:image:height\" content=\"768\" \/>\n\t<meta property=\"og:image:type\" content=\"image\/webp\" \/>\n<meta name=\"author\" content=\"Prefeitos &amp; Gest\u00f5es\" \/>\n<meta name=\"twitter:card\" content=\"summary_large_image\" \/>\n<meta name=\"twitter:creator\" content=\"@PrefGestoes\" \/>\n<meta name=\"twitter:site\" content=\"@PrefGestoes\" \/>\n<meta name=\"twitter:label1\" content=\"Escrito por\" \/>\n\t<meta name=\"twitter:data1\" content=\"Prefeitos &amp; Gest\u00f5es\" \/>\n\t<meta name=\"twitter:label2\" content=\"Est. tempo de leitura\" \/>\n\t<meta name=\"twitter:data2\" content=\"3 minutos\" \/>\n<script type=\"application\/ld+json\" class=\"yoast-schema-graph\">{\"@context\":\"https:\/\/schema.org\",\"@graph\":[{\"@type\":\"Article\",\"@id\":\"https:\/\/prefeitosegestoes.com.br\/portal\/governo-decreta-glo-em-belem-para-protecao-da-cop30\/#article\",\"isPartOf\":{\"@id\":\"https:\/\/prefeitosegestoes.com.br\/portal\/governo-decreta-glo-em-belem-para-protecao-da-cop30\/\"},\"author\":{\"name\":\"Prefeitos &amp; Gest\u00f5es\",\"@id\":\"https:\/\/prefeitosegestoes.com.br\/portal\/#\/schema\/person\/d00059f2ec99963e7e1850d448ae94b8\"},\"headline\":\"Governo decreta GLO em Bel\u00e9m para prote\u00e7\u00e3o da COP30\",\"datePublished\":\"2025-11-03T22:03:07+00:00\",\"mainEntityOfPage\":{\"@id\":\"https:\/\/prefeitosegestoes.com.br\/portal\/governo-decreta-glo-em-belem-para-protecao-da-cop30\/\"},\"wordCount\":357,\"commentCount\":0,\"publisher\":{\"@id\":\"https:\/\/prefeitosegestoes.com.br\/portal\/#organization\"},\"image\":{\"@id\":\"https:\/\/prefeitosegestoes.com.br\/portal\/governo-decreta-glo-em-belem-para-protecao-da-cop30\/#primaryimage\"},\"thumbnailUrl\":\"https:\/\/prefeitosegestoes.com.br\/portal\/wp-content\/uploads\/2025\/11\/toms6709.webp\",\"keywords\":[\"Bel\u00e9m\",\"COP 30\",\"GLO\",\"Militares\",\"sustentabilidade\"],\"articleSection\":[\"Destaques\"],\"inLanguage\":\"pt-BR\",\"potentialAction\":[{\"@type\":\"CommentAction\",\"name\":\"Comment\",\"target\":[\"https:\/\/prefeitosegestoes.com.br\/portal\/governo-decreta-glo-em-belem-para-protecao-da-cop30\/#respond\"]}]},{\"@type\":\"WebPage\",\"@id\":\"https:\/\/prefeitosegestoes.com.br\/portal\/governo-decreta-glo-em-belem-para-protecao-da-cop30\/\",\"url\":\"https:\/\/prefeitosegestoes.com.br\/portal\/governo-decreta-glo-em-belem-para-protecao-da-cop30\/\",\"name\":\"Governo decreta GLO em Bel\u00e9m para prote\u00e7\u00e3o da COP30 - Prefeitos &amp; Gest\u00f5es\",\"isPartOf\":{\"@id\":\"https:\/\/prefeitosegestoes.com.br\/portal\/#website\"},\"primaryImageOfPage\":{\"@id\":\"https:\/\/prefeitosegestoes.com.br\/portal\/governo-decreta-glo-em-belem-para-protecao-da-cop30\/#primaryimage\"},\"image\":{\"@id\":\"https:\/\/prefeitosegestoes.com.br\/portal\/governo-decreta-glo-em-belem-para-protecao-da-cop30\/#primaryimage\"},\"thumbnailUrl\":\"https:\/\/prefeitosegestoes.com.br\/portal\/wp-content\/uploads\/2025\/11\/toms6709.webp\",\"datePublished\":\"2025-11-03T22:03:07+00:00\",\"description\":\"O presidente Lula decretou nesta segunda-feira (3) a deflagra\u00e7\u00e3o de uma Opera\u00e7\u00e3o de Garantia da Lei e da Ordem (GLO) no Estado do Par\u00e1 para garantir a seguran\u00e7a da COP30, que ocorre entre os dias 10 e 21 de novembro. O decreto autoriza o emprego das For\u00e7as Armadas at\u00e9 o dia 23.\",\"breadcrumb\":{\"@id\":\"https:\/\/prefeitosegestoes.com.br\/portal\/governo-decreta-glo-em-belem-para-protecao-da-cop30\/#breadcrumb\"},\"inLanguage\":\"pt-BR\",\"potentialAction\":[{\"@type\":\"ReadAction\",\"target\":[\"https:\/\/prefeitosegestoes.com.br\/portal\/governo-decreta-glo-em-belem-para-protecao-da-cop30\/\"]}]},{\"@type\":\"ImageObject\",\"inLanguage\":\"pt-BR\",\"@id\":\"https:\/\/prefeitosegestoes.com.br\/portal\/governo-decreta-glo-em-belem-para-protecao-da-cop30\/#primaryimage\",\"url\":\"https:\/\/prefeitosegestoes.com.br\/portal\/wp-content\/uploads\/2025\/11\/toms6709.webp\",\"contentUrl\":\"https:\/\/prefeitosegestoes.com.br\/portal\/wp-content\/uploads\/2025\/11\/toms6709.webp\",\"width\":1024,\"height\":768},{\"@type\":\"BreadcrumbList\",\"@id\":\"https:\/\/prefeitosegestoes.com.br\/portal\/governo-decreta-glo-em-belem-para-protecao-da-cop30\/#breadcrumb\",\"itemListElement\":[{\"@type\":\"ListItem\",\"position\":1,\"name\":\"In\u00edcio\",\"item\":\"https:\/\/prefeitosegestoes.com.br\/portal\/\"},{\"@type\":\"ListItem\",\"position\":2,\"name\":\"Governo decreta GLO em Bel\u00e9m para prote\u00e7\u00e3o da COP30\"}]},{\"@type\":\"WebSite\",\"@id\":\"https:\/\/prefeitosegestoes.com.br\/portal\/#website\",\"url\":\"https:\/\/prefeitosegestoes.com.br\/portal\/\",\"name\":\"Prefeitos & Gest\u00f5es\",\"description\":\"\",\"publisher\":{\"@id\":\"https:\/\/prefeitosegestoes.com.br\/portal\/#organization\"},\"potentialAction\":[{\"@type\":\"SearchAction\",\"target\":{\"@type\":\"EntryPoint\",\"urlTemplate\":\"https:\/\/prefeitosegestoes.com.br\/portal\/?s={search_term_string}\"},\"query-input\":{\"@type\":\"PropertyValueSpecification\",\"valueRequired\":true,\"valueName\":\"search_term_string\"}}],\"inLanguage\":\"pt-BR\"},{\"@type\":\"Organization\",\"@id\":\"https:\/\/prefeitosegestoes.com.br\/portal\/#organization\",\"name\":\"Prefeitos & Gest\u00f5es\",\"url\":\"https:\/\/prefeitosegestoes.com.br\/portal\/\",\"logo\":{\"@type\":\"ImageObject\",\"inLanguage\":\"pt-BR\",\"@id\":\"https:\/\/prefeitosegestoes.com.br\/portal\/#\/schema\/logo\/image\/\",\"url\":\"https:\/\/prefeitosegestoes.com.br\/portal\/wp-content\/uploads\/2024\/10\/lg_trans_prefeitos_2024_preto2.png\",\"contentUrl\":\"https:\/\/prefeitosegestoes.com.br\/portal\/wp-content\/uploads\/2024\/10\/lg_trans_prefeitos_2024_preto2.png\",\"width\":199,\"height\":122,\"caption\":\"Prefeitos & Gest\u00f5es\"},\"image\":{\"@id\":\"https:\/\/prefeitosegestoes.com.br\/portal\/#\/schema\/logo\/image\/\"},\"sameAs\":[\"https:\/\/www.facebook.com\/prefeitosonline\",\"https:\/\/x.com\/PrefGestoes\"]},{\"@type\":\"Person\",\"@id\":\"https:\/\/prefeitosegestoes.com.br\/portal\/#\/schema\/person\/d00059f2ec99963e7e1850d448ae94b8\",\"name\":\"Prefeitos &amp; Gest\u00f5es\",\"image\":{\"@type\":\"ImageObject\",\"inLanguage\":\"pt-BR\",\"@id\":\"https:\/\/secure.gravatar.com\/avatar\/738fb281e479212ed32c1a21a4307dda9f3af9292edb6918a16c9ce9fff5f48d?s=96&d=mm&r=g\",\"url\":\"https:\/\/secure.gravatar.com\/avatar\/738fb281e479212ed32c1a21a4307dda9f3af9292edb6918a16c9ce9fff5f48d?s=96&d=mm&r=g\",\"contentUrl\":\"https:\/\/secure.gravatar.com\/avatar\/738fb281e479212ed32c1a21a4307dda9f3af9292edb6918a16c9ce9fff5f48d?s=96&d=mm&r=g\",\"caption\":\"Prefeitos &amp; Gest\u00f5es\"},\"url\":\"https:\/\/prefeitosegestoes.com.br\/portal\/author\/prefeitosegestoes\/\"}]}<\/script>\n<!-- \/ Yoast SEO plugin. -->","yoast_head_json":{"title":"Governo decreta GLO em Bel\u00e9m para prote\u00e7\u00e3o da COP30 - Prefeitos &amp; Gest\u00f5es","description":"O presidente Lula decretou nesta segunda-feira (3) a deflagra\u00e7\u00e3o de uma Opera\u00e7\u00e3o de Garantia da Lei e da Ordem (GLO) no Estado do Par\u00e1 para garantir a seguran\u00e7a da COP30, que ocorre entre os dias 10 e 21 de novembro. O decreto autoriza o emprego das For\u00e7as Armadas at\u00e9 o dia 23.","robots":{"index":"index","follow":"follow","max-snippet":"max-snippet:-1","max-image-preview":"max-image-preview:large","max-video-preview":"max-video-preview:-1"},"canonical":"https:\/\/prefeitosegestoes.com.br\/portal\/governo-decreta-glo-em-belem-para-protecao-da-cop30\/","og_locale":"pt_BR","og_type":"article","og_title":"Governo decreta GLO em Bel\u00e9m para prote\u00e7\u00e3o da COP30 - Prefeitos &amp; Gest\u00f5es","og_description":"O presidente Lula decretou nesta segunda-feira (3) a deflagra\u00e7\u00e3o de uma Opera\u00e7\u00e3o de Garantia da Lei e da Ordem (GLO) no Estado do Par\u00e1 para garantir a seguran\u00e7a da COP30, que ocorre entre os dias 10 e 21 de novembro. O decreto autoriza o emprego das For\u00e7as Armadas at\u00e9 o dia 23.","og_url":"https:\/\/prefeitosegestoes.com.br\/portal\/governo-decreta-glo-em-belem-para-protecao-da-cop30\/","og_site_name":"Prefeitos &amp; Gest\u00f5es","article_publisher":"https:\/\/www.facebook.com\/prefeitosonline","article_published_time":"2025-11-03T22:03:07+00:00","og_image":[{"width":1024,"height":768,"url":"https:\/\/prefeitosegestoes.com.br\/portal\/wp-content\/uploads\/2025\/11\/toms6709.webp","type":"image\/webp"}],"author":"Prefeitos &amp; Gest\u00f5es","twitter_card":"summary_large_image","twitter_creator":"@PrefGestoes","twitter_site":"@PrefGestoes","twitter_misc":{"Escrito por":"Prefeitos &amp; Gest\u00f5es","Est. tempo de leitura":"3 minutos"},"schema":{"@context":"https:\/\/schema.org","@graph":[{"@type":"Article","@id":"https:\/\/prefeitosegestoes.com.br\/portal\/governo-decreta-glo-em-belem-para-protecao-da-cop30\/#article","isPartOf":{"@id":"https:\/\/prefeitosegestoes.com.br\/portal\/governo-decreta-glo-em-belem-para-protecao-da-cop30\/"},"author":{"name":"Prefeitos &amp; Gest\u00f5es","@id":"https:\/\/prefeitosegestoes.com.br\/portal\/#\/schema\/person\/d00059f2ec99963e7e1850d448ae94b8"},"headline":"Governo decreta GLO em Bel\u00e9m para prote\u00e7\u00e3o da COP30","datePublished":"2025-11-03T22:03:07+00:00","mainEntityOfPage":{"@id":"https:\/\/prefeitosegestoes.com.br\/portal\/governo-decreta-glo-em-belem-para-protecao-da-cop30\/"},"wordCount":357,"commentCount":0,"publisher":{"@id":"https:\/\/prefeitosegestoes.com.br\/portal\/#organization"},"image":{"@id":"https:\/\/prefeitosegestoes.com.br\/portal\/governo-decreta-glo-em-belem-para-protecao-da-cop30\/#primaryimage"},"thumbnailUrl":"https:\/\/prefeitosegestoes.com.br\/portal\/wp-content\/uploads\/2025\/11\/toms6709.webp","keywords":["Bel\u00e9m","COP 30","GLO","Militares","sustentabilidade"],"articleSection":["Destaques"],"inLanguage":"pt-BR","potentialAction":[{"@type":"CommentAction","name":"Comment","target":["https:\/\/prefeitosegestoes.com.br\/portal\/governo-decreta-glo-em-belem-para-protecao-da-cop30\/#respond"]}]},{"@type":"WebPage","@id":"https:\/\/prefeitosegestoes.com.br\/portal\/governo-decreta-glo-em-belem-para-protecao-da-cop30\/","url":"https:\/\/prefeitosegestoes.com.br\/portal\/governo-decreta-glo-em-belem-para-protecao-da-cop30\/","name":"Governo decreta GLO em Bel\u00e9m para prote\u00e7\u00e3o da COP30 - Prefeitos &amp; Gest\u00f5es","isPartOf":{"@id":"https:\/\/prefeitosegestoes.com.br\/portal\/#website"},"primaryImageOfPage":{"@id":"https:\/\/prefeitosegestoes.com.br\/portal\/governo-decreta-glo-em-belem-para-protecao-da-cop30\/#primaryimage"},"image":{"@id":"https:\/\/prefeitosegestoes.com.br\/portal\/governo-decreta-glo-em-belem-para-protecao-da-cop30\/#primaryimage"},"thumbnailUrl":"https:\/\/prefeitosegestoes.com.br\/portal\/wp-content\/uploads\/2025\/11\/toms6709.webp","datePublished":"2025-11-03T22:03:07+00:00","description":"O presidente Lula decretou nesta segunda-feira (3) a deflagra\u00e7\u00e3o de uma Opera\u00e7\u00e3o de Garantia da Lei e da Ordem (GLO) no Estado do Par\u00e1 para garantir a seguran\u00e7a da COP30, que ocorre entre os dias 10 e 21 de novembro. O decreto autoriza o emprego das For\u00e7as Armadas at\u00e9 o dia 23.","breadcrumb":{"@id":"https:\/\/prefeitosegestoes.com.br\/portal\/governo-decreta-glo-em-belem-para-protecao-da-cop30\/#breadcrumb"},"inLanguage":"pt-BR","potentialAction":[{"@type":"ReadAction","target":["https:\/\/prefeitosegestoes.com.br\/portal\/governo-decreta-glo-em-belem-para-protecao-da-cop30\/"]}]},{"@type":"ImageObject","inLanguage":"pt-BR","@id":"https:\/\/prefeitosegestoes.com.br\/portal\/governo-decreta-glo-em-belem-para-protecao-da-cop30\/#primaryimage","url":"https:\/\/prefeitosegestoes.com.br\/portal\/wp-content\/uploads\/2025\/11\/toms6709.webp","contentUrl":"https:\/\/prefeitosegestoes.com.br\/portal\/wp-content\/uploads\/2025\/11\/toms6709.webp","width":1024,"height":768},{"@type":"BreadcrumbList","@id":"https:\/\/prefeitosegestoes.com.br\/portal\/governo-decreta-glo-em-belem-para-protecao-da-cop30\/#breadcrumb","itemListElement":[{"@type":"ListItem","position":1,"name":"In\u00edcio","item":"https:\/\/prefeitosegestoes.com.br\/portal\/"},{"@type":"ListItem","position":2,"name":"Governo decreta GLO em Bel\u00e9m para prote\u00e7\u00e3o da COP30"}]},{"@type":"WebSite","@id":"https:\/\/prefeitosegestoes.com.br\/portal\/#website","url":"https:\/\/prefeitosegestoes.com.br\/portal\/","name":"Prefeitos & Gest\u00f5es","description":"","publisher":{"@id":"https:\/\/prefeitosegestoes.com.br\/portal\/#organization"},"potentialAction":[{"@type":"SearchAction","target":{"@type":"EntryPoint","urlTemplate":"https:\/\/prefeitosegestoes.com.br\/portal\/?s={search_term_string}"},"query-input":{"@type":"PropertyValueSpecification","valueRequired":true,"valueName":"search_term_string"}}],"inLanguage":"pt-BR"},{"@type":"Organization","@id":"https:\/\/prefeitosegestoes.com.br\/portal\/#organization","name":"Prefeitos & Gest\u00f5es","url":"https:\/\/prefeitosegestoes.com.br\/portal\/","logo":{"@type":"ImageObject","inLanguage":"pt-BR","@id":"https:\/\/prefeitosegestoes.com.br\/portal\/#\/schema\/logo\/image\/","url":"https:\/\/prefeitosegestoes.com.br\/portal\/wp-content\/uploads\/2024\/10\/lg_trans_prefeitos_2024_preto2.png","contentUrl":"https:\/\/prefeitosegestoes.com.br\/portal\/wp-content\/uploads\/2024\/10\/lg_trans_prefeitos_2024_preto2.png","width":199,"height":122,"caption":"Prefeitos & Gest\u00f5es"},"image":{"@id":"https:\/\/prefeitosegestoes.com.br\/portal\/#\/schema\/logo\/image\/"},"sameAs":["https:\/\/www.facebook.com\/prefeitosonline","https:\/\/x.com\/PrefGestoes"]},{"@type":"Person","@id":"https:\/\/prefeitosegestoes.com.br\/portal\/#\/schema\/person\/d00059f2ec99963e7e1850d448ae94b8","name":"Prefeitos &amp; Gest\u00f5es","image":{"@type":"ImageObject","inLanguage":"pt-BR","@id":"https:\/\/secure.gravatar.com\/avatar\/738fb281e479212ed32c1a21a4307dda9f3af9292edb6918a16c9ce9fff5f48d?s=96&d=mm&r=g","url":"https:\/\/secure.gravatar.com\/avatar\/738fb281e479212ed32c1a21a4307dda9f3af9292edb6918a16c9ce9fff5f48d?s=96&d=mm&r=g","contentUrl":"https:\/\/secure.gravatar.com\/avatar\/738fb281e479212ed32c1a21a4307dda9f3af9292edb6918a16c9ce9fff5f48d?s=96&d=mm&r=g","caption":"Prefeitos &amp; Gest\u00f5es"},"url":"https:\/\/prefeitosegestoes.com.br\/portal\/author\/prefeitosegestoes\/"}]}},"_links":{"self":[{"href":"https:\/\/prefeitosegestoes.com.br\/portal\/wp-json\/wp\/v2\/posts\/3956","targetHints":{"allow":["GET"]}}],"collection":[{"href":"https:\/\/prefeitosegestoes.com.br\/portal\/wp-json\/wp\/v2\/posts"}],"about":[{"href":"https:\/\/prefeitosegestoes.com.br\/portal\/wp-json\/wp\/v2\/types\/post"}],"author":[{"embeddable":true,"href":"https:\/\/prefeitosegestoes.com.br\/portal\/wp-json\/wp\/v2\/users\/2"}],"replies":[{"embeddable":true,"href":"https:\/\/prefeitosegestoes.com.br\/portal\/wp-json\/wp\/v2\/comments?post=3956"}],"version-history":[{"count":1,"href":"https:\/\/prefeitosegestoes.com.br\/portal\/wp-json\/wp\/v2\/posts\/3956\/revisions"}],"predecessor-version":[{"id":3958,"href":"https:\/\/prefeitosegestoes.com.br\/portal\/wp-json\/wp\/v2\/posts\/3956\/revisions\/3958"}],"wp:featuredmedia":[{"embeddable":true,"href":"https:\/\/prefeitosegestoes.com.br\/portal\/wp-json\/wp\/v2\/media\/3957"}],"wp:attachment":[{"href":"https:\/\/prefeitosegestoes.com.br\/portal\/wp-json\/wp\/v2\/media?parent=3956"}],"wp:term":[{"taxonomy":"category","embeddable":true,"href":"https:\/\/prefeitosegestoes.com.br\/portal\/wp-json\/wp\/v2\/categories?post=3956"},{"taxonomy":"post_tag","embeddable":true,"href":"https:\/\/prefeitosegestoes.com.br\/portal\/wp-json\/wp\/v2\/tags?post=3956"}],"curies":[{"name":"wp","href":"https:\/\/api.w.org\/{rel}","templated":true}]}}