{"id":3946,"date":"2025-10-23T16:37:48","date_gmt":"2025-10-23T19:37:48","guid":{"rendered":"https:\/\/prefeitosegestoes.com.br\/portal\/?p=3946"},"modified":"2025-10-23T16:37:48","modified_gmt":"2025-10-23T19:37:48","slug":"estados-e-municipios-terao-de-adotar-criterios-de-transparencia-para-executar-emendas-em-2026","status":"publish","type":"post","link":"https:\/\/prefeitosegestoes.com.br\/portal\/estados-e-municipios-terao-de-adotar-criterios-de-transparencia-para-executar-emendas-em-2026\/","title":{"rendered":"Estados e munic\u00edpios ter\u00e3o de adotar crit\u00e9rios de transpar\u00eancia para executar emendas em 2026"},"content":{"rendered":"<div class=\"mc-article-header\">\n<div class=\"row content-head mc-column non-featured \">\n<div class=\"medium-centered subtitle\">\n<h2 class=\"content-head__subtitle\">Ministro do STF determinou que estados, Distrito Federal e munic\u00edpios tamb\u00e9m dever\u00e3o adotar medidas para garantir maior clareza nas emendas de deputados e vereadores.<\/h2>\n<\/div>\n<\/div>\n<div class=\"content__signa-share mc-column\">\n<div class=\"content__signature\">\n<div class=\"content-publication-data\">\n<div class=\"content-publication-data__text\">\n<p class=\"content-publication-data__from\" title=\"M\u00e1rcio Falc\u00e3o\">Por\u00a0<a class=\"multi_signatures\" href=\"https:\/\/g1.globo.com\/autores\/marcio-falcao\/\">M\u00e1rcio Falc\u00e3o<\/a>, TV Globo\u00a0\u2014 Bras\u00edlia<\/p>\n<p class=\"content-publication-data__updated\"><time datetime=\"2025-10-23T12:55:58.091-03:00\">23\/10\/2025 12h55\u00a0<\/time><span class=\"content-publication-data__updated-relative\">\u00a0<time datetime=\"2025-10-23T13:24:39.425-03:00\">Atualizado\u00a0<time datetime=\"2025-10-23T13:24:39.425-03:00\">h\u00e1 3 horas<\/time><\/time><\/span><\/p>\n<\/div>\n<\/div>\n<\/div>\n<\/div>\n<div class=\"glb-share-bar content__share-bar\">\n<div class=\"glb-share-bar_icons\">\n<div class=\"glb-share-bar_button-img\"><\/div>\n<\/div>\n<\/div>\n<div class=\"mc-summary mc-column\" data-block-type=\"summary\" data-block-id=\"1\">\n<details class=\"mc-summary-card bs-block--exclude-chunk-children\">\n<div class=\"mc-summary-card__content\">\n<ul class=\"mc-summary-card__list\">\n<li class=\"mc-summary-card__item\">\n<div id=\"chunk-mlea\">\n<div class=\"mc-column content-text active-extra-styles \" data-block-type=\"unstyled\" data-block-weight=\"\">\n<p class=\" content-text__container \" data-track-category=\"Link no Texto\" data-track-links=\"\" data-mrf-recirculation=\"Mat\u00e9ria - Links no Texto\">Dino definiu que estados e munic\u00edpios tamb\u00e9m ter\u00e3o de garantir transpar\u00eancia e rastreabilidade na execu\u00e7\u00e3o de emendas de deputados e vereadores.<\/p>\n<\/div>\n<\/div>\n<\/li>\n<li class=\"mc-summary-card__item\">\n<div id=\"chunk-epnse\">\n<div class=\"mc-column content-text active-extra-styles \" data-block-type=\"unstyled\" data-block-weight=\"\">\n<p class=\" content-text__container \" data-track-category=\"Link no Texto\" data-track-links=\"\" data-mrf-recirculation=\"Mat\u00e9ria - Links no Texto\">A ideia \u00e9 que os entes estaduais e municipais sigam modelos semelhantes ao aplicado em rela\u00e7\u00e3o a esses gastos no governo federal.<\/p>\n<\/div>\n<\/div>\n<\/li>\n<li class=\"mc-summary-card__item\">\n<div id=\"chunk-7ihhp\">\n<div class=\"mc-column content-text active-extra-styles \" data-block-type=\"unstyled\" data-block-weight=\"\">\n<p class=\" content-text__container \" data-track-category=\"Link no Texto\" data-track-links=\"\" data-mrf-recirculation=\"Mat\u00e9ria - Links no Texto\">Dino afirmou que os Tribunais de Contas dos Estados, dos munic\u00edpios e do DF v\u00e3o ter que estabelecer um modelo de fiscaliza\u00e7\u00e3o.<\/p>\n<\/div>\n<\/div>\n<\/li>\n<li class=\"mc-summary-card__item\">\n<div id=\"chunk-1gbj9\">\n<div class=\"mc-column content-text active-extra-styles \" data-block-type=\"unstyled\" data-block-weight=\"\">\n<p class=\" content-text__container \" data-track-category=\"Link no Texto\" data-track-links=\"\" data-mrf-recirculation=\"Mat\u00e9ria - Links no Texto\">A execu\u00e7\u00e3o de valores em 2026, segundo o ministro, s\u00f3 vai ser liberada ap\u00f3s a adapta\u00e7\u00e3o dos sistemas.<\/p>\n<\/div>\n<\/div>\n<\/li>\n<li class=\"mc-summary-card__item\">\n<div id=\"chunk-7saui\">\n<div class=\"mc-column content-text active-extra-styles \" data-block-type=\"unstyled\" data-block-weight=\"\">\n<p class=\" content-text__container \" data-track-category=\"Link no Texto\" data-track-links=\"\" data-mrf-recirculation=\"Mat\u00e9ria - Links no Texto\">Segundo Dino, apenas 3 das 27 unidades da federa\u00e7\u00e3o divulgam informa\u00e7\u00f5es completas sobre as emendas.<\/p>\n<\/div>\n<\/div>\n<\/li>\n<\/ul>\n<\/div>\n<\/details>\n<\/div>\n<\/div>\n<div class=\"mc-article-body\">\n<article>\n<div id=\"chunk-ds0fh\">\n<div class=\"mc-column mc-side-item__container\" data-block-type=\"ads\" data-block-id=\"3\">\n<div class=\"mc-side-item mc-side-item--right content-ads content-ads--side-ad\"><\/div>\n<\/div>\n<\/div>\n<div id=\"chunk-4ji46\">\n<div class=\"mc-column content-text active-extra-styles active-capital-letter\" data-block-type=\"unstyled\" data-block-weight=\"38\" data-block-id=\"2\">\n<p class=\" content-text__container theme-color-primary-first-letter\" data-track-category=\"Link no Texto\" data-track-links=\"\" data-mrf-recirculation=\"Mat\u00e9ria - Links no Texto\">O ministro\u00a0<a class=\"\" href=\"https:\/\/g1.globo.com\/tudo-sobre\/flavio-dino\/\" data-mrf-link=\"https:\/\/g1.globo.com\/tudo-sobre\/flavio-dino\/\">Fl\u00e1vio Dino<\/a>, do Supremo Tribunal Federal (<a class=\"\" href=\"https:\/\/g1.globo.com\/tudo-sobre\/supremo-tribunal-federal\/\" data-mrf-link=\"https:\/\/g1.globo.com\/tudo-sobre\/supremo-tribunal-federal\/\">STF<\/a>), determinou nesta quinta-feira (23) que estados e munic\u00edpios tamb\u00e9m ter\u00e3o que adotar medidas para garantir maior transpar\u00eancia e rastreabilidade na execu\u00e7\u00e3o de emendas indicadas por deputados estaduais e vereadores.<\/p>\n<\/div>\n<\/div>\n<div class=\"wall protected-content\">\n<div id=\"chunk-6pich\">\n<div class=\"mc-column content-text active-extra-styles \" data-block-type=\"unstyled\" data-block-weight=\"35\" data-block-id=\"4\">\n<p class=\" content-text__container \" data-track-category=\"Link no Texto\" data-track-links=\"\" data-mrf-recirculation=\"Mat\u00e9ria - Links no Texto\">A ideia \u00e9 que os entes estaduais e municipais sigam modelos semelhantes ao aplicado em rela\u00e7\u00e3o a esses gastos no governo federal \u2013 implementado ap\u00f3s o Supremo determinar o fim do chamado or\u00e7amento secreto.<\/p>\n<\/div>\n<\/div>\n<div id=\"chunk-52jod\">\n<div class=\"mc-column content-text active-extra-styles \" data-block-type=\"unstyled\" data-block-weight=\"32\" data-block-id=\"5\">\n<p class=\" content-text__container \" data-track-category=\"Link no Texto\" data-track-links=\"\" data-mrf-recirculation=\"Mat\u00e9ria - Links no Texto\">Relator das a\u00e7\u00f5es que discutem a execu\u00e7\u00e3o de emendas, Dino afirmou que os Tribunais de Contas dos Estados, dos munic\u00edpios e do DF v\u00e3o ter que estabelecer um modelo de fiscaliza\u00e7\u00e3o.<\/p>\n<\/div>\n<\/div>\n<div id=\"chunk-brk43\">\n<div class=\"mc-column content-text active-extra-styles \" data-block-type=\"unstyled\" data-block-weight=\"19\" data-block-id=\"6\">\n<p class=\" content-text__container \" data-track-category=\"Link no Texto\" data-track-links=\"\" data-mrf-recirculation=\"Mat\u00e9ria - Links no Texto\">A execu\u00e7\u00e3o de valores em 2026, segundo o ministro,\u00a0<span class=\"highlight highlighted\">s\u00f3 vai ser liberada ap\u00f3s a adapta\u00e7\u00e3o dos sistemas<\/span>.<\/p>\n<\/div>\n<\/div>\n<div id=\"chunk-flbdp\">\n<div class=\"mc-column content-text active-extra-styles \" data-block-type=\"unstyled\" data-block-weight=\"15\" data-block-id=\"9\">\n<p class=\" content-text__container \" data-track-category=\"Link no Texto\" data-track-links=\"\" data-mrf-recirculation=\"Mat\u00e9ria - Links no Texto\">Segundo Dino, apenas 3 das 27 unidades da federa\u00e7\u00e3o divulgam informa\u00e7\u00f5es completas sobre as emendas.<\/p>\n<\/div>\n<\/div>\n<div id=\"chunk-8o0fe\">\n<div class=\"mc-column content-text active-extra-styles \" data-block-type=\"unstyled\" data-block-weight=\"31\" data-block-id=\"10\">\n<p class=\" content-text__container \" data-track-category=\"Link no Texto\" data-track-links=\"\" data-mrf-recirculation=\"Mat\u00e9ria - Links no Texto\">Para o magistrado, &#8220;n\u00e3o faz sentido que o dever de identificar os benefici\u00e1rios finais de recursos p\u00fablicos, com transpar\u00eancia e rastreabilidade de ponta a ponta, se limite ao plano federal&#8221;.<\/p>\n<\/div>\n<\/div>\n<div id=\"chunk-9cc13\">\n<div class=\"mc-column content-text active-extra-styles\" data-block-type=\"raw\" data-block-weight=\"45\" data-block-id=\"11\">\n<blockquote class=\"content-blockquote theme-border-color-primary-before\"><p>\u201cIsso permitira que os mesmos v\u00edcios, opacidade, fragmenta\u00e7\u00e3o, a esse planejamento de controle social, persista nos n\u00edveis estadual, distrital e municipal. Em outras palavras, ter\u00edamos um sistema constitucional que exige transpar\u00eancia seletiva, apenas no ente federal, mas tolera pr\u00e1ticas delet\u00e9rias no n\u00edvel subnacional&#8221;, declarou Dino.<\/p><\/blockquote>\n<\/div>\n<\/div>\n<div id=\"chunk-ejou1\">\n<div class=\"mc-column content-text active-extra-styles \" data-block-type=\"unstyled\" data-block-weight=\"33\" data-block-id=\"12\">\n<p class=\" content-text__container \" data-track-category=\"Link no Texto\" data-track-links=\"\" data-mrf-recirculation=\"Mat\u00e9ria - Links no Texto\">O ministro acrescentou que esse cen\u00e1rio geraria uma &#8220;assimetria&#8221; incompat\u00edvel com a Constitui\u00e7\u00e3o Federal, com crit\u00e9rio mais r\u00edgidos para recursos federais e mais brandos para os recursos arrecadados com tributos estaduais e municipais.<\/p>\n<\/div>\n<\/div>\n<div id=\"chunk-8n0ci\">\n<div class=\"mc-column content-text active-extra-styles \" data-block-type=\"unstyled\" data-block-weight=\"17\" data-block-id=\"13\">\n<p class=\" content-text__container \" data-track-category=\"Link no Texto\" data-track-links=\"\" data-mrf-recirculation=\"Mat\u00e9ria - Links no Texto\">&#8220;\u00c9 algo realmente que nos chama a aten\u00e7\u00e3o e, obviamente, \u00e9 intoler\u00e1vel na nossa perspectiva&#8221;, concluiu Dino.<\/p>\n<p data-track-category=\"Link no Texto\" data-track-links=\"\" data-mrf-recirculation=\"Mat\u00e9ria - Links no Texto\">Fonte G1<\/p>\n<\/div>\n<\/div>\n<\/div>\n<\/article>\n<\/div>\n","protected":false},"excerpt":{"rendered":"<p>Ministro do STF determinou que estados, Distrito Federal e munic\u00edpios tamb\u00e9m dever\u00e3o adotar medidas para garantir maior clareza nas emendas de deputados e vereadores. Por\u00a0M\u00e1rcio Falc\u00e3o, TV Globo\u00a0\u2014 Bras\u00edlia 23\/10\/2025 12h55\u00a0\u00a0Atualizado\u00a0h\u00e1 3 horas Dino definiu que estados e munic\u00edpios tamb\u00e9m ter\u00e3o de garantir transpar\u00eancia e rastreabilidade na execu\u00e7\u00e3o de emendas de deputados e vereadores. A [&hellip;]<\/p>\n","protected":false},"author":2,"featured_media":3947,"comment_status":"open","ping_status":"open","sticky":false,"template":"","format":"standard","meta":{"rop_custom_images_group":[],"rop_custom_messages_group":[],"rop_publish_now":"initial","rop_publish_now_accounts":{"twitter_850042665852968960_850042665852968960":""},"rop_publish_now_history":[],"rop_publish_now_status":"pending","footnotes":""},"categories":[15],"tags":[786,364,787,352],"class_list":["post-3946","post","type-post","status-publish","format-standard","has-post-thumbnail","hentry","category-destaques","tag-786","tag-emendas","tag-esados-e-municipios","tag-flavio-dino"],"yoast_head":"<!-- This site is optimized with the Yoast SEO plugin v27.2 - https:\/\/yoast.com\/product\/yoast-seo-wordpress\/ -->\n<title>Estados e munic\u00edpios ter\u00e3o de adotar crit\u00e9rios de transpar\u00eancia para executar emendas em 2026 - Prefeitos &amp; Gest\u00f5es<\/title>\n<meta name=\"description\" content=\"Ministro do STF determinou que estados, Distrito Federal e munic\u00edpios tamb\u00e9m dever\u00e3o adotar medidas para garantir maior clareza nas emendas de deputados e vereadores.\" \/>\n<meta name=\"robots\" content=\"index, follow, max-snippet:-1, max-image-preview:large, max-video-preview:-1\" \/>\n<link rel=\"canonical\" href=\"https:\/\/prefeitosegestoes.com.br\/portal\/estados-e-municipios-terao-de-adotar-criterios-de-transparencia-para-executar-emendas-em-2026\/\" \/>\n<meta property=\"og:locale\" content=\"pt_BR\" \/>\n<meta property=\"og:type\" content=\"article\" \/>\n<meta property=\"og:title\" content=\"Estados e munic\u00edpios ter\u00e3o de adotar crit\u00e9rios de transpar\u00eancia para executar emendas em 2026 - Prefeitos &amp; Gest\u00f5es\" \/>\n<meta property=\"og:description\" content=\"Ministro do STF determinou que estados, Distrito Federal e munic\u00edpios tamb\u00e9m dever\u00e3o adotar medidas para garantir maior clareza nas emendas de deputados e vereadores.\" \/>\n<meta property=\"og:url\" content=\"https:\/\/prefeitosegestoes.com.br\/portal\/estados-e-municipios-terao-de-adotar-criterios-de-transparencia-para-executar-emendas-em-2026\/\" \/>\n<meta property=\"og:site_name\" content=\"Prefeitos &amp; Gest\u00f5es\" \/>\n<meta property=\"article:publisher\" content=\"https:\/\/www.facebook.com\/prefeitosonline\" \/>\n<meta property=\"article:published_time\" content=\"2025-10-23T19:37:48+00:00\" \/>\n<meta property=\"og:image\" content=\"https:\/\/prefeitosegestoes.com.br\/portal\/wp-content\/uploads\/2025\/10\/124a2833_0.webp\" \/>\n\t<meta property=\"og:image:width\" content=\"1024\" \/>\n\t<meta property=\"og:image:height\" content=\"768\" \/>\n\t<meta property=\"og:image:type\" content=\"image\/webp\" \/>\n<meta name=\"author\" content=\"Prefeitos &amp; Gest\u00f5es\" \/>\n<meta name=\"twitter:card\" content=\"summary_large_image\" \/>\n<meta name=\"twitter:creator\" content=\"@PrefGestoes\" \/>\n<meta name=\"twitter:site\" content=\"@PrefGestoes\" \/>\n<meta name=\"twitter:label1\" content=\"Escrito por\" \/>\n\t<meta name=\"twitter:data1\" content=\"Prefeitos &amp; Gest\u00f5es\" \/>\n\t<meta name=\"twitter:label2\" content=\"Est. tempo de leitura\" \/>\n\t<meta name=\"twitter:data2\" content=\"3 minutos\" \/>\n<script type=\"application\/ld+json\" class=\"yoast-schema-graph\">{\"@context\":\"https:\/\/schema.org\",\"@graph\":[{\"@type\":\"Article\",\"@id\":\"https:\/\/prefeitosegestoes.com.br\/portal\/estados-e-municipios-terao-de-adotar-criterios-de-transparencia-para-executar-emendas-em-2026\/#article\",\"isPartOf\":{\"@id\":\"https:\/\/prefeitosegestoes.com.br\/portal\/estados-e-municipios-terao-de-adotar-criterios-de-transparencia-para-executar-emendas-em-2026\/\"},\"author\":{\"name\":\"Prefeitos &amp; Gest\u00f5es\",\"@id\":\"https:\/\/prefeitosegestoes.com.br\/portal\/#\/schema\/person\/d00059f2ec99963e7e1850d448ae94b8\"},\"headline\":\"Estados e munic\u00edpios ter\u00e3o de adotar crit\u00e9rios de transpar\u00eancia para executar emendas em 2026\",\"datePublished\":\"2025-10-23T19:37:48+00:00\",\"mainEntityOfPage\":{\"@id\":\"https:\/\/prefeitosegestoes.com.br\/portal\/estados-e-municipios-terao-de-adotar-criterios-de-transparencia-para-executar-emendas-em-2026\/\"},\"wordCount\":458,\"commentCount\":0,\"publisher\":{\"@id\":\"https:\/\/prefeitosegestoes.com.br\/portal\/#organization\"},\"image\":{\"@id\":\"https:\/\/prefeitosegestoes.com.br\/portal\/estados-e-municipios-terao-de-adotar-criterios-de-transparencia-para-executar-emendas-em-2026\/#primaryimage\"},\"thumbnailUrl\":\"https:\/\/prefeitosegestoes.com.br\/portal\/wp-content\/uploads\/2025\/10\/124a2833_0.webp\",\"keywords\":[\"2026\",\"Emendas\",\"Esados e Munic\u00edpios\",\"Fl\u00e1vio Dino\"],\"articleSection\":[\"Destaques\"],\"inLanguage\":\"pt-BR\",\"potentialAction\":[{\"@type\":\"CommentAction\",\"name\":\"Comment\",\"target\":[\"https:\/\/prefeitosegestoes.com.br\/portal\/estados-e-municipios-terao-de-adotar-criterios-de-transparencia-para-executar-emendas-em-2026\/#respond\"]}]},{\"@type\":\"WebPage\",\"@id\":\"https:\/\/prefeitosegestoes.com.br\/portal\/estados-e-municipios-terao-de-adotar-criterios-de-transparencia-para-executar-emendas-em-2026\/\",\"url\":\"https:\/\/prefeitosegestoes.com.br\/portal\/estados-e-municipios-terao-de-adotar-criterios-de-transparencia-para-executar-emendas-em-2026\/\",\"name\":\"Estados e munic\u00edpios ter\u00e3o de adotar crit\u00e9rios de transpar\u00eancia para executar emendas em 2026 - Prefeitos &amp; Gest\u00f5es\",\"isPartOf\":{\"@id\":\"https:\/\/prefeitosegestoes.com.br\/portal\/#website\"},\"primaryImageOfPage\":{\"@id\":\"https:\/\/prefeitosegestoes.com.br\/portal\/estados-e-municipios-terao-de-adotar-criterios-de-transparencia-para-executar-emendas-em-2026\/#primaryimage\"},\"image\":{\"@id\":\"https:\/\/prefeitosegestoes.com.br\/portal\/estados-e-municipios-terao-de-adotar-criterios-de-transparencia-para-executar-emendas-em-2026\/#primaryimage\"},\"thumbnailUrl\":\"https:\/\/prefeitosegestoes.com.br\/portal\/wp-content\/uploads\/2025\/10\/124a2833_0.webp\",\"datePublished\":\"2025-10-23T19:37:48+00:00\",\"description\":\"Ministro do STF determinou que estados, Distrito Federal e munic\u00edpios tamb\u00e9m dever\u00e3o adotar medidas para garantir maior clareza nas emendas de deputados e vereadores.\",\"breadcrumb\":{\"@id\":\"https:\/\/prefeitosegestoes.com.br\/portal\/estados-e-municipios-terao-de-adotar-criterios-de-transparencia-para-executar-emendas-em-2026\/#breadcrumb\"},\"inLanguage\":\"pt-BR\",\"potentialAction\":[{\"@type\":\"ReadAction\",\"target\":[\"https:\/\/prefeitosegestoes.com.br\/portal\/estados-e-municipios-terao-de-adotar-criterios-de-transparencia-para-executar-emendas-em-2026\/\"]}]},{\"@type\":\"ImageObject\",\"inLanguage\":\"pt-BR\",\"@id\":\"https:\/\/prefeitosegestoes.com.br\/portal\/estados-e-municipios-terao-de-adotar-criterios-de-transparencia-para-executar-emendas-em-2026\/#primaryimage\",\"url\":\"https:\/\/prefeitosegestoes.com.br\/portal\/wp-content\/uploads\/2025\/10\/124a2833_0.webp\",\"contentUrl\":\"https:\/\/prefeitosegestoes.com.br\/portal\/wp-content\/uploads\/2025\/10\/124a2833_0.webp\",\"width\":1024,\"height\":768},{\"@type\":\"BreadcrumbList\",\"@id\":\"https:\/\/prefeitosegestoes.com.br\/portal\/estados-e-municipios-terao-de-adotar-criterios-de-transparencia-para-executar-emendas-em-2026\/#breadcrumb\",\"itemListElement\":[{\"@type\":\"ListItem\",\"position\":1,\"name\":\"In\u00edcio\",\"item\":\"https:\/\/prefeitosegestoes.com.br\/portal\/\"},{\"@type\":\"ListItem\",\"position\":2,\"name\":\"Estados e munic\u00edpios ter\u00e3o de adotar crit\u00e9rios de transpar\u00eancia para executar emendas em 2026\"}]},{\"@type\":\"WebSite\",\"@id\":\"https:\/\/prefeitosegestoes.com.br\/portal\/#website\",\"url\":\"https:\/\/prefeitosegestoes.com.br\/portal\/\",\"name\":\"Prefeitos & Gest\u00f5es\",\"description\":\"\",\"publisher\":{\"@id\":\"https:\/\/prefeitosegestoes.com.br\/portal\/#organization\"},\"potentialAction\":[{\"@type\":\"SearchAction\",\"target\":{\"@type\":\"EntryPoint\",\"urlTemplate\":\"https:\/\/prefeitosegestoes.com.br\/portal\/?s={search_term_string}\"},\"query-input\":{\"@type\":\"PropertyValueSpecification\",\"valueRequired\":true,\"valueName\":\"search_term_string\"}}],\"inLanguage\":\"pt-BR\"},{\"@type\":\"Organization\",\"@id\":\"https:\/\/prefeitosegestoes.com.br\/portal\/#organization\",\"name\":\"Prefeitos & Gest\u00f5es\",\"url\":\"https:\/\/prefeitosegestoes.com.br\/portal\/\",\"logo\":{\"@type\":\"ImageObject\",\"inLanguage\":\"pt-BR\",\"@id\":\"https:\/\/prefeitosegestoes.com.br\/portal\/#\/schema\/logo\/image\/\",\"url\":\"https:\/\/prefeitosegestoes.com.br\/portal\/wp-content\/uploads\/2024\/10\/lg_trans_prefeitos_2024_preto2.png\",\"contentUrl\":\"https:\/\/prefeitosegestoes.com.br\/portal\/wp-content\/uploads\/2024\/10\/lg_trans_prefeitos_2024_preto2.png\",\"width\":199,\"height\":122,\"caption\":\"Prefeitos & Gest\u00f5es\"},\"image\":{\"@id\":\"https:\/\/prefeitosegestoes.com.br\/portal\/#\/schema\/logo\/image\/\"},\"sameAs\":[\"https:\/\/www.facebook.com\/prefeitosonline\",\"https:\/\/x.com\/PrefGestoes\"]},{\"@type\":\"Person\",\"@id\":\"https:\/\/prefeitosegestoes.com.br\/portal\/#\/schema\/person\/d00059f2ec99963e7e1850d448ae94b8\",\"name\":\"Prefeitos &amp; Gest\u00f5es\",\"image\":{\"@type\":\"ImageObject\",\"inLanguage\":\"pt-BR\",\"@id\":\"https:\/\/secure.gravatar.com\/avatar\/738fb281e479212ed32c1a21a4307dda9f3af9292edb6918a16c9ce9fff5f48d?s=96&d=mm&r=g\",\"url\":\"https:\/\/secure.gravatar.com\/avatar\/738fb281e479212ed32c1a21a4307dda9f3af9292edb6918a16c9ce9fff5f48d?s=96&d=mm&r=g\",\"contentUrl\":\"https:\/\/secure.gravatar.com\/avatar\/738fb281e479212ed32c1a21a4307dda9f3af9292edb6918a16c9ce9fff5f48d?s=96&d=mm&r=g\",\"caption\":\"Prefeitos &amp; Gest\u00f5es\"},\"url\":\"https:\/\/prefeitosegestoes.com.br\/portal\/author\/prefeitosegestoes\/\"}]}<\/script>\n<!-- \/ Yoast SEO plugin. -->","yoast_head_json":{"title":"Estados e munic\u00edpios ter\u00e3o de adotar crit\u00e9rios de transpar\u00eancia para executar emendas em 2026 - Prefeitos &amp; Gest\u00f5es","description":"Ministro do STF determinou que estados, Distrito Federal e munic\u00edpios tamb\u00e9m dever\u00e3o adotar medidas para garantir maior clareza nas emendas de deputados e vereadores.","robots":{"index":"index","follow":"follow","max-snippet":"max-snippet:-1","max-image-preview":"max-image-preview:large","max-video-preview":"max-video-preview:-1"},"canonical":"https:\/\/prefeitosegestoes.com.br\/portal\/estados-e-municipios-terao-de-adotar-criterios-de-transparencia-para-executar-emendas-em-2026\/","og_locale":"pt_BR","og_type":"article","og_title":"Estados e munic\u00edpios ter\u00e3o de adotar crit\u00e9rios de transpar\u00eancia para executar emendas em 2026 - Prefeitos &amp; Gest\u00f5es","og_description":"Ministro do STF determinou que estados, Distrito Federal e munic\u00edpios tamb\u00e9m dever\u00e3o adotar medidas para garantir maior clareza nas emendas de deputados e vereadores.","og_url":"https:\/\/prefeitosegestoes.com.br\/portal\/estados-e-municipios-terao-de-adotar-criterios-de-transparencia-para-executar-emendas-em-2026\/","og_site_name":"Prefeitos &amp; Gest\u00f5es","article_publisher":"https:\/\/www.facebook.com\/prefeitosonline","article_published_time":"2025-10-23T19:37:48+00:00","og_image":[{"width":1024,"height":768,"url":"https:\/\/prefeitosegestoes.com.br\/portal\/wp-content\/uploads\/2025\/10\/124a2833_0.webp","type":"image\/webp"}],"author":"Prefeitos &amp; Gest\u00f5es","twitter_card":"summary_large_image","twitter_creator":"@PrefGestoes","twitter_site":"@PrefGestoes","twitter_misc":{"Escrito por":"Prefeitos &amp; Gest\u00f5es","Est. tempo de leitura":"3 minutos"},"schema":{"@context":"https:\/\/schema.org","@graph":[{"@type":"Article","@id":"https:\/\/prefeitosegestoes.com.br\/portal\/estados-e-municipios-terao-de-adotar-criterios-de-transparencia-para-executar-emendas-em-2026\/#article","isPartOf":{"@id":"https:\/\/prefeitosegestoes.com.br\/portal\/estados-e-municipios-terao-de-adotar-criterios-de-transparencia-para-executar-emendas-em-2026\/"},"author":{"name":"Prefeitos &amp; Gest\u00f5es","@id":"https:\/\/prefeitosegestoes.com.br\/portal\/#\/schema\/person\/d00059f2ec99963e7e1850d448ae94b8"},"headline":"Estados e munic\u00edpios ter\u00e3o de adotar crit\u00e9rios de transpar\u00eancia para executar emendas em 2026","datePublished":"2025-10-23T19:37:48+00:00","mainEntityOfPage":{"@id":"https:\/\/prefeitosegestoes.com.br\/portal\/estados-e-municipios-terao-de-adotar-criterios-de-transparencia-para-executar-emendas-em-2026\/"},"wordCount":458,"commentCount":0,"publisher":{"@id":"https:\/\/prefeitosegestoes.com.br\/portal\/#organization"},"image":{"@id":"https:\/\/prefeitosegestoes.com.br\/portal\/estados-e-municipios-terao-de-adotar-criterios-de-transparencia-para-executar-emendas-em-2026\/#primaryimage"},"thumbnailUrl":"https:\/\/prefeitosegestoes.com.br\/portal\/wp-content\/uploads\/2025\/10\/124a2833_0.webp","keywords":["2026","Emendas","Esados e Munic\u00edpios","Fl\u00e1vio Dino"],"articleSection":["Destaques"],"inLanguage":"pt-BR","potentialAction":[{"@type":"CommentAction","name":"Comment","target":["https:\/\/prefeitosegestoes.com.br\/portal\/estados-e-municipios-terao-de-adotar-criterios-de-transparencia-para-executar-emendas-em-2026\/#respond"]}]},{"@type":"WebPage","@id":"https:\/\/prefeitosegestoes.com.br\/portal\/estados-e-municipios-terao-de-adotar-criterios-de-transparencia-para-executar-emendas-em-2026\/","url":"https:\/\/prefeitosegestoes.com.br\/portal\/estados-e-municipios-terao-de-adotar-criterios-de-transparencia-para-executar-emendas-em-2026\/","name":"Estados e munic\u00edpios ter\u00e3o de adotar crit\u00e9rios de transpar\u00eancia para executar emendas em 2026 - Prefeitos &amp; Gest\u00f5es","isPartOf":{"@id":"https:\/\/prefeitosegestoes.com.br\/portal\/#website"},"primaryImageOfPage":{"@id":"https:\/\/prefeitosegestoes.com.br\/portal\/estados-e-municipios-terao-de-adotar-criterios-de-transparencia-para-executar-emendas-em-2026\/#primaryimage"},"image":{"@id":"https:\/\/prefeitosegestoes.com.br\/portal\/estados-e-municipios-terao-de-adotar-criterios-de-transparencia-para-executar-emendas-em-2026\/#primaryimage"},"thumbnailUrl":"https:\/\/prefeitosegestoes.com.br\/portal\/wp-content\/uploads\/2025\/10\/124a2833_0.webp","datePublished":"2025-10-23T19:37:48+00:00","description":"Ministro do STF determinou que estados, Distrito Federal e munic\u00edpios tamb\u00e9m dever\u00e3o adotar medidas para garantir maior clareza nas emendas de deputados e vereadores.","breadcrumb":{"@id":"https:\/\/prefeitosegestoes.com.br\/portal\/estados-e-municipios-terao-de-adotar-criterios-de-transparencia-para-executar-emendas-em-2026\/#breadcrumb"},"inLanguage":"pt-BR","potentialAction":[{"@type":"ReadAction","target":["https:\/\/prefeitosegestoes.com.br\/portal\/estados-e-municipios-terao-de-adotar-criterios-de-transparencia-para-executar-emendas-em-2026\/"]}]},{"@type":"ImageObject","inLanguage":"pt-BR","@id":"https:\/\/prefeitosegestoes.com.br\/portal\/estados-e-municipios-terao-de-adotar-criterios-de-transparencia-para-executar-emendas-em-2026\/#primaryimage","url":"https:\/\/prefeitosegestoes.com.br\/portal\/wp-content\/uploads\/2025\/10\/124a2833_0.webp","contentUrl":"https:\/\/prefeitosegestoes.com.br\/portal\/wp-content\/uploads\/2025\/10\/124a2833_0.webp","width":1024,"height":768},{"@type":"BreadcrumbList","@id":"https:\/\/prefeitosegestoes.com.br\/portal\/estados-e-municipios-terao-de-adotar-criterios-de-transparencia-para-executar-emendas-em-2026\/#breadcrumb","itemListElement":[{"@type":"ListItem","position":1,"name":"In\u00edcio","item":"https:\/\/prefeitosegestoes.com.br\/portal\/"},{"@type":"ListItem","position":2,"name":"Estados e munic\u00edpios ter\u00e3o de adotar crit\u00e9rios de transpar\u00eancia para executar emendas em 2026"}]},{"@type":"WebSite","@id":"https:\/\/prefeitosegestoes.com.br\/portal\/#website","url":"https:\/\/prefeitosegestoes.com.br\/portal\/","name":"Prefeitos & Gest\u00f5es","description":"","publisher":{"@id":"https:\/\/prefeitosegestoes.com.br\/portal\/#organization"},"potentialAction":[{"@type":"SearchAction","target":{"@type":"EntryPoint","urlTemplate":"https:\/\/prefeitosegestoes.com.br\/portal\/?s={search_term_string}"},"query-input":{"@type":"PropertyValueSpecification","valueRequired":true,"valueName":"search_term_string"}}],"inLanguage":"pt-BR"},{"@type":"Organization","@id":"https:\/\/prefeitosegestoes.com.br\/portal\/#organization","name":"Prefeitos & Gest\u00f5es","url":"https:\/\/prefeitosegestoes.com.br\/portal\/","logo":{"@type":"ImageObject","inLanguage":"pt-BR","@id":"https:\/\/prefeitosegestoes.com.br\/portal\/#\/schema\/logo\/image\/","url":"https:\/\/prefeitosegestoes.com.br\/portal\/wp-content\/uploads\/2024\/10\/lg_trans_prefeitos_2024_preto2.png","contentUrl":"https:\/\/prefeitosegestoes.com.br\/portal\/wp-content\/uploads\/2024\/10\/lg_trans_prefeitos_2024_preto2.png","width":199,"height":122,"caption":"Prefeitos & Gest\u00f5es"},"image":{"@id":"https:\/\/prefeitosegestoes.com.br\/portal\/#\/schema\/logo\/image\/"},"sameAs":["https:\/\/www.facebook.com\/prefeitosonline","https:\/\/x.com\/PrefGestoes"]},{"@type":"Person","@id":"https:\/\/prefeitosegestoes.com.br\/portal\/#\/schema\/person\/d00059f2ec99963e7e1850d448ae94b8","name":"Prefeitos &amp; Gest\u00f5es","image":{"@type":"ImageObject","inLanguage":"pt-BR","@id":"https:\/\/secure.gravatar.com\/avatar\/738fb281e479212ed32c1a21a4307dda9f3af9292edb6918a16c9ce9fff5f48d?s=96&d=mm&r=g","url":"https:\/\/secure.gravatar.com\/avatar\/738fb281e479212ed32c1a21a4307dda9f3af9292edb6918a16c9ce9fff5f48d?s=96&d=mm&r=g","contentUrl":"https:\/\/secure.gravatar.com\/avatar\/738fb281e479212ed32c1a21a4307dda9f3af9292edb6918a16c9ce9fff5f48d?s=96&d=mm&r=g","caption":"Prefeitos &amp; Gest\u00f5es"},"url":"https:\/\/prefeitosegestoes.com.br\/portal\/author\/prefeitosegestoes\/"}]}},"_links":{"self":[{"href":"https:\/\/prefeitosegestoes.com.br\/portal\/wp-json\/wp\/v2\/posts\/3946","targetHints":{"allow":["GET"]}}],"collection":[{"href":"https:\/\/prefeitosegestoes.com.br\/portal\/wp-json\/wp\/v2\/posts"}],"about":[{"href":"https:\/\/prefeitosegestoes.com.br\/portal\/wp-json\/wp\/v2\/types\/post"}],"author":[{"embeddable":true,"href":"https:\/\/prefeitosegestoes.com.br\/portal\/wp-json\/wp\/v2\/users\/2"}],"replies":[{"embeddable":true,"href":"https:\/\/prefeitosegestoes.com.br\/portal\/wp-json\/wp\/v2\/comments?post=3946"}],"version-history":[{"count":1,"href":"https:\/\/prefeitosegestoes.com.br\/portal\/wp-json\/wp\/v2\/posts\/3946\/revisions"}],"predecessor-version":[{"id":3948,"href":"https:\/\/prefeitosegestoes.com.br\/portal\/wp-json\/wp\/v2\/posts\/3946\/revisions\/3948"}],"wp:featuredmedia":[{"embeddable":true,"href":"https:\/\/prefeitosegestoes.com.br\/portal\/wp-json\/wp\/v2\/media\/3947"}],"wp:attachment":[{"href":"https:\/\/prefeitosegestoes.com.br\/portal\/wp-json\/wp\/v2\/media?parent=3946"}],"wp:term":[{"taxonomy":"category","embeddable":true,"href":"https:\/\/prefeitosegestoes.com.br\/portal\/wp-json\/wp\/v2\/categories?post=3946"},{"taxonomy":"post_tag","embeddable":true,"href":"https:\/\/prefeitosegestoes.com.br\/portal\/wp-json\/wp\/v2\/tags?post=3946"}],"curies":[{"name":"wp","href":"https:\/\/api.w.org\/{rel}","templated":true}]}}