{"id":3943,"date":"2025-10-22T19:16:33","date_gmt":"2025-10-22T22:16:33","guid":{"rendered":"https:\/\/prefeitosegestoes.com.br\/portal\/?p=3943"},"modified":"2025-10-22T19:16:33","modified_gmt":"2025-10-22T22:16:33","slug":"exploracao-da-foz-do-amazonas-o-que-se-sabe-e-o-que-falta-saber-sobre-a-operacao-da-petrobras","status":"publish","type":"post","link":"https:\/\/prefeitosegestoes.com.br\/portal\/exploracao-da-foz-do-amazonas-o-que-se-sabe-e-o-que-falta-saber-sobre-a-operacao-da-petrobras\/","title":{"rendered":"Explora\u00e7\u00e3o da Foz do Amazonas: o que se sabe e o que falta saber sobre a opera\u00e7\u00e3o da Petrobras"},"content":{"rendered":"<div class=\"mc-article-header\">\n<div class=\"row content-head mc-column non-featured \">\n<div class=\"medium-centered subtitle\">\n<h6 class=\"content-head__subtitle\">Foto Divulga\u00e7\u00e3o- Cr\u00e9dito Fernando Fraz\u00e3o\/Ag\u00eancia Brasil<\/h6>\n<h2 class=\"content-head__subtitle\">A atividade na regi\u00e3o \u00e9 duramente criticada por ambientalistas, enquanto especialistas em petr\u00f3leo e o Minist\u00e9rio de Minas e Energia ressaltam sua import\u00e2ncia para a produ\u00e7\u00e3o.<\/h2>\n<\/div>\n<\/div>\n<div class=\"content__signa-share mc-column\">\n<div class=\"content__signature\">\n<div class=\"content-publication-data\">\n<div class=\"content-publication-data__text\">\n<p class=\"content-publication-data__from\" title=\"Andr\u00e9 Catto\">Por\u00a0<a class=\"multi_signatures\" href=\"https:\/\/g1.globo.com\/autores\/andre-catto\/\">Andr\u00e9 Catto<\/a>, g1\u00a0\u2014 S\u00e3o Paulo<\/p>\n<p class=\"content-publication-data__updated\"><time datetime=\"2025-10-22T05:04:28.408-03:00\">22\/10\/2025 05h04\u00a0<\/time><span class=\"content-publication-data__updated-relative\">\u00a0<time datetime=\"2025-10-22T05:04:29.469-03:00\">Atualizado\u00a0<time datetime=\"2025-10-22T05:04:29.469-03:00\">h\u00e1 11 horas<\/time><\/time><\/span><\/p>\n<\/div>\n<\/div>\n<\/div>\n<\/div>\n<div class=\"glb-share-bar content__share-bar\">\n<div class=\"glb-share-bar_icons\">\n<div class=\"glb-share-bar_button-img\"><\/div>\n<\/div>\n<\/div>\n<div class=\"mc-summary mc-column\" data-block-type=\"summary\" data-block-id=\"1\">\n<details class=\"mc-summary-card bs-block--exclude-chunk-children\" open=\"open\">\n<div class=\"mc-summary-card__summary-container\"><\/div>\n<div class=\"mc-summary-card__content\">\n<ul class=\"mc-summary-card__list\">\n<li class=\"mc-summary-card__item\">\n<div id=\"chunk-4perr\">\n<div class=\"mc-column content-text active-extra-styles \" data-block-type=\"unstyled\" data-block-weight=\"\">\n<p class=\" content-text__container \" data-track-category=\"Link no Texto\" data-track-links=\"\" data-mrf-recirculation=\"Mat\u00e9ria - Links no Texto\">O Ibama autorizou, na segunda-feira (20), a Petrobras a perfurar um po\u00e7o em \u00e1guas profundas na regi\u00e3o da Foz do Amazonas, localizada na chamada Margem Equatorial.<\/p>\n<\/div>\n<\/div>\n<\/li>\n<li class=\"mc-summary-card__item\">\n<div id=\"chunk-ob4m\">\n<div class=\"mc-column content-text active-extra-styles \" data-block-type=\"unstyled\" data-block-weight=\"\">\n<p class=\" content-text__container \" data-track-category=\"Link no Texto\" data-track-links=\"\" data-mrf-recirculation=\"Mat\u00e9ria - Links no Texto\">O aval \u00e9 exclusivo para pesquisa explorat\u00f3ria.<\/p>\n<\/div>\n<\/div>\n<\/li>\n<li class=\"mc-summary-card__item\">\n<div id=\"chunk-35otk\">\n<div class=\"mc-column content-text active-extra-styles \" data-block-type=\"unstyled\" data-block-weight=\"\">\n<p class=\" content-text__container \" data-track-category=\"Link no Texto\" data-track-links=\"\" data-mrf-recirculation=\"Mat\u00e9ria - Links no Texto\">\u00a0atividade na regi\u00e3o \u00e9 duramente criticada por ambientalistas, enquanto especialistas em petr\u00f3leo ressaltam sua import\u00e2ncia para a produ\u00e7\u00e3o.<\/p>\n<\/div>\n<\/div>\n<\/li>\n<li class=\"mc-summary-card__item\">\n<div id=\"chunk-atigr\">\n<div class=\"mc-column content-text active-extra-styles \" data-block-type=\"unstyled\" data-block-weight=\"\">\n<p class=\" content-text__container \" data-track-category=\"Link no Texto\" data-track-links=\"\" data-mrf-recirculation=\"Mat\u00e9ria - Links no Texto\">O ministro de Minas e Energia, Alexandre Silveira, afirmou que a Margem Equatorial representa o &#8220;futuro da soberania energ\u00e9tica&#8221;.<\/p>\n<\/div>\n<\/div>\n<\/li>\n<li class=\"mc-summary-card__item\">\n<div id=\"chunk-3e5q3\">\n<div class=\"mc-column content-text active-extra-styles \" data-block-type=\"unstyled\" data-block-weight=\"\">\n<p class=\" content-text__container \" data-track-category=\"Link no Texto\" data-track-links=\"\" data-mrf-recirculation=\"Mat\u00e9ria - Links no Texto\">A perfura\u00e7\u00e3o pela Petrobras est\u00e1 prevista para come\u00e7ar de forma imediata e deve durar cerca de cinco meses.<\/p>\n<\/div>\n<\/div>\n<\/li>\n<\/ul>\n<\/div>\n<\/details>\n<\/div>\n<\/div>\n<div class=\"mc-article-body\">\n<article>\n<div id=\"chunk-6ko01\">\n<div class=\"cxm-video-block mc-column  content-media content-video\" data-block-type=\"backstage-video\" data-block-id=\"2\">\n<div class=\"content-media__container content-media__container--codex-fallback\">\n<div class=\"content-video__bigger-player-description-fixer\">\n<article class=\"content-video\">\n<section class=\"content-video__video-container\">\n<div class=\"content-video__video\">\n<div class=\"content-video__placeholder\" data-video-id=\"14029117\"><img decoding=\"async\" class=\"content-video__placeholder__thumb\" title=\"Ibama d\u00e1 sinal verde para Petrobras perfurar po\u00e7o explorat\u00f3rio na Bacia da Foz do Amazonas\" src=\"https:\/\/s02.video.glbimg.com\/x240\/14029117.jpg\" alt=\"Ibama d\u00e1 sinal verde para Petrobras perfurar po\u00e7o explorat\u00f3rio na Bacia da Foz do Amazonas\" \/><\/p>\n<div>\n<div id=\"wp3-player-1\" class=\"clappr-player video-rec-after-end--enabled clappr-detach--is-detached clappr-detach--is-detached__visible\" tabindex=\"9999\" data-player=\"\">\n<div class=\"dfp-ad-overlay dfp-ad-overlay--poster-mode\">\n<div><\/div>\n<\/div>\n<div class=\"frame-ad h720 w360\">Ibama d\u00e1 sinal verde para Petrobras perfurar po\u00e7o explorat\u00f3rio na Bacia da Foz do Amazonas<\/div>\n<\/div>\n<\/div>\n<\/div>\n<\/div>\n<\/section>\n<\/article>\n<\/div>\n<\/div>\n<\/div>\n<\/div>\n<div id=\"chunk-ddq13\">\n<div class=\"mc-column mc-side-item__container\" data-block-type=\"ads\" data-block-id=\"4\">\n<div class=\"mc-side-item mc-side-item--right content-ads content-ads--side-ad\">\n<div id=\"banner_materia1\" class=\"tag-manager-publicidade-container tag-manager-publicidade-banner_materia1 tag-manager-publicidade-container--carregado tag-manager-publicidade-container--visivel\" data-google-query-id=\"CL2wqfrjuJADFXFJuAQdbWA30Q\">\n<div id=\"google_ads_iframe_\/95377733\/tvg_G1\/Economia_2__container__\">O <a class=\"\" href=\"https:\/\/g1.globo.com\/tudo-sobre\/ibama\/\" data-mrf-link=\"https:\/\/g1.globo.com\/tudo-sobre\/ibama\/\">Ibama<\/a>\u00a0autorizou, na segunda-feira (20), a\u00a0<a class=\"\" href=\"https:\/\/g1.globo.com\/tudo-sobre\/petrobras\/\" data-mrf-link=\"https:\/\/g1.globo.com\/tudo-sobre\/petrobras\/\">Petrobras<\/a>\u00a0a\u00a0<a class=\"\" href=\"https:\/\/g1.globo.com\/meio-ambiente\/noticia\/2025\/10\/20\/petrobras.ghtml\" data-mrf-link=\"https:\/\/g1.globo.com\/meio-ambiente\/noticia\/2025\/10\/20\/petrobras.ghtml\">perfurar um po\u00e7o em \u00e1guas profundas na regi\u00e3o da Foz do Amazonas<\/a>, localizada na Margem Equatorial \u2014 que se estende do Amap\u00e1 ao Rio Grande do Norte. O aval \u00e9 exclusivo para pesquisa explorat\u00f3ria.<\/div>\n<\/div>\n<\/div>\n<\/div>\n<\/div>\n<div class=\"wall protected-content\">\n<div id=\"chunk-54nmt\">\n<div class=\"mc-column content-text active-extra-styles\" data-block-type=\"raw\" data-block-weight=\"14\" data-block-id=\"5\">\n<ul class=\"content-unordered-list\">\n<li><a class=\"\" href=\"https:\/\/g1globo.onelink.me\/Jbxg\/3smrfa8c?utm_source=app&amp;utm_medium=materias\" target=\"_blank\" rel=\"noopener\">\ud83d\udcf1Baixe o app do g1 para ver not\u00edcias em tempo real e de gra\u00e7a<\/a><\/li>\n<\/ul>\n<p>atividade na regi\u00e3o \u00e9 <a class=\"\" href=\"https:\/\/g1.globo.com\/meio-ambiente\/noticia\/2025\/10\/20\/licenca-do-ibama-foz-do-amazonas-reacoes.ghtml\" data-mrf-link=\"https:\/\/g1.globo.com\/meio-ambiente\/noticia\/2025\/10\/20\/licenca-do-ibama-foz-do-amazonas-reacoes.ghtml\">duramente criticada por ambientalistas<\/a>, enquanto especialistas em petr\u00f3leo ressaltam sua\u00a0<a class=\"\" href=\"https:\/\/g1.globo.com\/economia\/noticia\/2025\/10\/20\/petrobras-foz-do-amazonas.ghtml\" data-mrf-link=\"https:\/\/g1.globo.com\/economia\/noticia\/2025\/10\/20\/petrobras-foz-do-amazonas.ghtml\">import\u00e2ncia para a produ\u00e7\u00e3o<\/a>. O ministro de Minas e Energia, Alexandre Silveira, afirmou que a Margem Equatorial representa o &#8220;futuro da soberania energ\u00e9tica&#8221;.<\/p>\n<\/div>\n<\/div>\n<div id=\"chunk-3807n\">\n<div class=\"mc-column content-text active-extra-styles \" data-block-type=\"unstyled\" data-block-weight=\"23\" data-block-id=\"7\">\n<p class=\" content-text__container \" data-track-category=\"Link no Texto\" data-track-links=\"\" data-mrf-recirculation=\"Mat\u00e9ria - Links no Texto\"><strong>Entenda nesta reportagem o que se sabe e o que falta saber sobre a opera\u00e7\u00e3o.\u00a0<\/strong><em>(clique nas perguntas abaixo para navegar pelo conte\u00fado)<\/em><\/p>\n<\/div>\n<\/div>\n<div id=\"chunk-f8jkk\">\n<div class=\"mc-column content-text active-extra-styles\" data-block-type=\"raw\" data-block-weight=\"94\" data-block-id=\"9\">\n<ol class=\"content-ordered-list theme-ordered-list-color-primary\">\n<li><a class=\"\" href=\"https:\/\/g1.globo.com\/economia\/noticia\/2025\/10\/22\/exploracao-da-foz-do-amazonas-o-que-se-sabe-e-o-que-falta-saber.ghtml#1\">Qual \u00e9 a permiss\u00e3o concedida pelo Ibama?<\/a><\/li>\n<li><a class=\"\" href=\"https:\/\/g1.globo.com\/economia\/noticia\/2025\/10\/22\/exploracao-da-foz-do-amazonas-o-que-se-sabe-e-o-que-falta-saber.ghtml#2\">Quanto tempo vai levar a pesquisa?<\/a><\/li>\n<li><a class=\"\" href=\"https:\/\/g1.globo.com\/economia\/noticia\/2025\/10\/22\/exploracao-da-foz-do-amazonas-o-que-se-sabe-e-o-que-falta-saber.ghtml#3\">Onde ser\u00e1 a explora\u00e7\u00e3o?<\/a><\/li>\n<li><a class=\"\" href=\"https:\/\/g1.globo.com\/economia\/noticia\/2025\/10\/22\/exploracao-da-foz-do-amazonas-o-que-se-sabe-e-o-que-falta-saber.ghtml#4\">Qual o tamanho da Bacia da Foz do Amazonas?<\/a><\/li>\n<li><a class=\"\" href=\"https:\/\/g1.globo.com\/economia\/noticia\/2025\/10\/22\/exploracao-da-foz-do-amazonas-o-que-se-sabe-e-o-que-falta-saber.ghtml#5\">Qual \u00e9 a import\u00e2ncia estrat\u00e9gica da \u00e1rea?<\/a><\/li>\n<li><a class=\"\" href=\"https:\/\/g1.globo.com\/economia\/noticia\/2025\/10\/22\/exploracao-da-foz-do-amazonas-o-que-se-sabe-e-o-que-falta-saber.ghtml#6\">Qual volume pode ser extra\u00eddo?<\/a><\/li>\n<li><a class=\"\" href=\"https:\/\/g1.globo.com\/economia\/noticia\/2025\/10\/22\/exploracao-da-foz-do-amazonas-o-que-se-sabe-e-o-que-falta-saber.ghtml#7\">Quanto pode ser arrecadado?<\/a><\/li>\n<li><a class=\"\" href=\"https:\/\/g1.globo.com\/economia\/noticia\/2025\/10\/22\/exploracao-da-foz-do-amazonas-o-que-se-sabe-e-o-que-falta-saber.ghtml#8\">Qual \u00e9 a qualidade do \u00f3leo na regi\u00e3o?<\/a><\/li>\n<li><a class=\"\" href=\"https:\/\/g1.globo.com\/economia\/noticia\/2025\/10\/22\/exploracao-da-foz-do-amazonas-o-que-se-sabe-e-o-que-falta-saber.ghtml#9\">Qual o custo do navio usado para a perfura\u00e7\u00e3o?<\/a><\/li>\n<li><a class=\"\" href=\"https:\/\/g1.globo.com\/economia\/noticia\/2025\/10\/22\/exploracao-da-foz-do-amazonas-o-que-se-sabe-e-o-que-falta-saber.ghtml#10\">Por que as a\u00e7\u00f5es da Petrobras ca\u00edram ap\u00f3s aval do Ibama?<\/a><\/li>\n<li><a class=\"\" href=\"https:\/\/g1.globo.com\/economia\/noticia\/2025\/10\/22\/exploracao-da-foz-do-amazonas-o-que-se-sabe-e-o-que-falta-saber.ghtml#11\">O que dizem Ibama e Petrobras?<\/a><\/li>\n<li><a class=\"\" href=\"https:\/\/g1.globo.com\/economia\/noticia\/2025\/10\/22\/exploracao-da-foz-do-amazonas-o-que-se-sabe-e-o-que-falta-saber.ghtml#12\">Como ambientalistas avaliam a aprova\u00e7\u00e3o?<\/a><\/li>\n<li><a class=\"\" href=\"https:\/\/g1.globo.com\/economia\/noticia\/2025\/10\/22\/exploracao-da-foz-do-amazonas-o-que-se-sabe-e-o-que-falta-saber.ghtml#13\">Quanto tempo levou para o Ibama conceder a licen\u00e7a?<\/a><\/li>\n<li><a class=\"\" href=\"https:\/\/g1.globo.com\/economia\/noticia\/2025\/10\/22\/exploracao-da-foz-do-amazonas-o-que-se-sabe-e-o-que-falta-saber.ghtml#14\">Quais os pr\u00f3ximos passos?<\/a><\/li>\n<\/ol>\n<\/div>\n<\/div>\n<div id=\"chunk-2rcr7\">\n<div class=\"mc-column content-text active-extra-styles\" data-block-type=\"raw\" data-block-weight=\"7\" data-block-id=\"11\">\n<div class=\"content-intertitle\">\n<h2>Qual \u00e9 a permiss\u00e3o concedida pelo Ibama?<\/h2>\n<\/div>\n<\/div>\n<\/div>\n<div id=\"chunk-blveb\">\n<div class=\"mc-column content-text active-extra-styles \" data-block-type=\"unstyled\" data-block-weight=\"29\" data-block-id=\"12\">\n<p class=\" content-text__container \" data-track-category=\"Link no Texto\" data-track-links=\"\" data-mrf-recirculation=\"Mat\u00e9ria - Links no Texto\">Na pr\u00e1tica, a licen\u00e7a concedida pelo Ibama autoriza a realiza\u00e7\u00e3o de atividades de perfura\u00e7\u00e3o e pesquisa em um bloco na Foz do Amazonas.\u00a0<em>(veja a localiza\u00e7\u00e3o exata mais abaixo)<\/em><\/p>\n<\/div>\n<\/div>\n<div id=\"chunk-fl3tg\">\n<div class=\"mc-column content-text active-extra-styles \" data-block-type=\"unstyled\" data-block-weight=\"35\" data-block-id=\"13\">\n<p class=\" content-text__container \" data-track-category=\"Link no Texto\" data-track-links=\"\" data-mrf-recirculation=\"Mat\u00e9ria - Links no Texto\">A proposta \u00e9 que a<strong>\u00a0<\/strong>empresa realize estudos para verificar se realmente existe potencial de ocorr\u00eancia de petr\u00f3leo na regi\u00e3o.\u00a0<strong><span class=\"highlight highlighted\">Caso a presen\u00e7a de petr\u00f3leo seja confirmada, ser\u00e1 necess\u00e1rio obter novas licen\u00e7as para a extra\u00e7\u00e3o.<\/span><\/strong><\/p>\n<\/div>\n<\/div>\n<div id=\"chunk-1akh3\">\n<div class=\"mc-column content-text active-extra-styles \" data-block-type=\"unstyled\" data-block-weight=\"3\" data-block-id=\"14\">\n<p class=\" content-text__container \" data-track-category=\"Link no Texto\" data-track-links=\"\" data-mrf-recirculation=\"Mat\u00e9ria - Links no Texto\"><a class=\"\" href=\"https:\/\/g1.globo.com\/economia\/noticia\/2025\/10\/22\/exploracao-da-foz-do-amazonas-o-que-se-sabe-e-o-que-falta-saber.ghtml#inicio\" data-mrf-link=\"https:\/\/g1.globo.com\/economia\/noticia\/2025\/10\/22\/exploracao-da-foz-do-amazonas-o-que-se-sabe-e-o-que-falta-saber.ghtml\"><em>Voltar ao \u00edndice.<\/em><\/a><\/p>\n<\/div>\n<\/div>\n<div id=\"chunk-aaib2\">\n<div class=\"mc-column content-text active-extra-styles\" data-block-type=\"raw\" data-block-weight=\"6\" data-block-id=\"15\">\n<div class=\"content-intertitle\">\n<h2>Quanto tempo vai levar a pesquisa?<\/h2>\n<\/div>\n<\/div>\n<\/div>\n<div id=\"chunk-7bm37\">\n<div class=\"mc-column content-text active-extra-styles \" data-block-type=\"unstyled\" data-block-weight=\"31\" data-block-id=\"16\">\n<p class=\" content-text__container \" data-track-category=\"Link no Texto\" data-track-links=\"\" data-mrf-recirculation=\"Mat\u00e9ria - Links no Texto\">o pela Petrobras est\u00e1 prevista para come\u00e7ar de forma imediata e\u00a0<strong><span class=\"highlight highlighted\">deve durar cerca de cinco meses.<\/span><\/strong><strong>\u00a0<\/strong>Os efeitos concretos da iniciativa, portanto, s\u00f3 poder\u00e3o ser observados ap\u00f3s esse per\u00edodo.<\/p>\n<\/div>\n<\/div>\n<div id=\"chunk-5un1p\">\n<div class=\"mc-column content-text active-extra-styles \" data-block-type=\"unstyled\" data-block-weight=\"30\" data-block-id=\"18\">\n<p class=\" content-text__container \" data-track-category=\"Link no Texto\" data-track-links=\"\" data-mrf-recirculation=\"Mat\u00e9ria - Links no Texto\">Nesta fase, n\u00e3o h\u00e1 produ\u00e7\u00e3o de petr\u00f3leo: trata-se exclusivamente de pesquisa explorat\u00f3ria. Apesar disso, essa etapa \u00e9 vista como uma derrota para aqueles que s\u00e3o contra a explora\u00e7\u00e3o na regi\u00e3o.<\/p>\n<\/div>\n<\/div>\n<div id=\"chunk-5j293\">\n<div class=\"mc-column content-text active-extra-styles \" data-block-type=\"unstyled\" data-block-weight=\"3\" data-block-id=\"19\">\n<p class=\" content-text__container \" data-track-category=\"Link no Texto\" data-track-links=\"\" data-mrf-recirculation=\"Mat\u00e9ria - Links no Texto\"><a class=\"\" href=\"https:\/\/g1.globo.com\/economia\/noticia\/2025\/10\/22\/exploracao-da-foz-do-amazonas-o-que-se-sabe-e-o-que-falta-saber.ghtml#inicio\" data-mrf-link=\"https:\/\/g1.globo.com\/economia\/noticia\/2025\/10\/22\/exploracao-da-foz-do-amazonas-o-que-se-sabe-e-o-que-falta-saber.ghtml\"><em>Voltar ao \u00edndice.<\/em><\/a><\/p>\n<\/div>\n<\/div>\n<div id=\"chunk-4fu25\">\n<div class=\"mc-column content-text active-extra-styles\" data-block-type=\"raw\" data-block-weight=\"4\" data-block-id=\"20\">\n<div class=\"content-intertitle\">\n<h2>Onde ser\u00e1 a explora\u00e7\u00e3o?<\/h2>\n<\/div>\n<\/div>\n<\/div>\n<div id=\"chunk-efho9\">\n<div class=\"mc-column content-text active-extra-styles \" data-block-type=\"unstyled\" data-block-weight=\"34\" data-block-id=\"21\">\n<p class=\" content-text__container \" data-track-category=\"Link no Texto\" data-track-links=\"\" data-mrf-recirculation=\"Mat\u00e9ria - Links no Texto\">A perfura\u00e7\u00e3o ser\u00e1 realizada no bloco FZA-M-059, localizado em mar aberto, a\u00a0<strong>cerca de 175 km da costa do Amap\u00e1 e 500 km da foz do Rio Amazonas<\/strong>, em uma \u00e1rea de \u00e1guas profundas.<\/p>\n<\/div>\n<\/div>\n<div id=\"chunk-5bt7\">\n<div class=\"mc-column content-text active-extra-styles \" data-block-type=\"unstyled\" data-block-weight=\"24\" data-block-id=\"22\">\n<p class=\" content-text__container \" data-track-category=\"Link no Texto\" data-track-links=\"\" data-mrf-recirculation=\"Mat\u00e9ria - Links no Texto\">Segundo a Petrobras, ser\u00e3o coletados dados geol\u00f3gicos para verificar a presen\u00e7a de petr\u00f3leo e g\u00e1s em escala comercial.\u00a0<em>(veja as pr\u00f3ximas etapas mais abaixo.)<\/em><\/p>\n<\/div>\n<\/div>\n<div id=\"chunk-p1jf\">\n<div class=\"row medium-uncollapsed content-media content-photo\" data-block-type=\"backstage-photo\" data-block-id=\"23\">\n<div class=\" mc-column  content-media__container\">\n<div class=\"content-media-container glb-skeleton-box\">\n<figure class=\"content-media-figure\"><img decoding=\"async\" class=\"i-amphtml-fill-content i-amphtml-replaced-content\" src=\"https:\/\/s2-g1.glbimg.com\/XQTAcDbc1R9q-gIOSY_q5-DxwRw=\/0x0:1200x1337\/984x0\/smart\/filters:strip_icc()\/i.s3.glbimg.com\/v1\/AUTH_59edd422c0c84a879bd37670ae4f538a\/internal_photos\/bs\/2025\/M\/V\/31j8wmTKixR8c6uEUrZQ\/251020-info-foz-amazonas-turi.jpg\" sizes=\"(max-width: 1536px) 648px, 100vw\" srcset=\"https:\/\/s2-g1.glbimg.com\/MTsJawUR0-ltELCwnGo9ZfmeMp8=\/0x0:1200x1337\/1000x0\/smart\/filters:strip_icc()\/i.s3.glbimg.com\/v1\/AUTH_59edd422c0c84a879bd37670ae4f538a\/internal_photos\/bs\/2025\/M\/V\/31j8wmTKixR8c6uEUrZQ\/251020-info-foz-amazonas-turi.jpg 1000w, https:\/\/s2-g1.glbimg.com\/XQTAcDbc1R9q-gIOSY_q5-DxwRw=\/0x0:1200x1337\/984x0\/smart\/filters:strip_icc()\/i.s3.glbimg.com\/v1\/AUTH_59edd422c0c84a879bd37670ae4f538a\/internal_photos\/bs\/2025\/M\/V\/31j8wmTKixR8c6uEUrZQ\/251020-info-foz-amazonas-turi.jpg 984w, https:\/\/s2-g1.glbimg.com\/HBIMC2tQcCtwwIwWS_Qp6ZjViZs=\/0x0:1200x1337\/640x0\/smart\/filters:strip_icc()\/i.s3.glbimg.com\/v1\/AUTH_59edd422c0c84a879bd37670ae4f538a\/internal_photos\/bs\/2025\/M\/V\/31j8wmTKixR8c6uEUrZQ\/251020-info-foz-amazonas-turi.jpg 640w, https:\/\/s2-g1.glbimg.com\/wiBaJ-0-x3KH25fwl4cveTC8ok8=\/0x0:1200x1337\/600x0\/smart\/filters:strip_icc()\/i.s3.glbimg.com\/v1\/AUTH_59edd422c0c84a879bd37670ae4f538a\/internal_photos\/bs\/2025\/M\/V\/31j8wmTKixR8c6uEUrZQ\/251020-info-foz-amazonas-turi.jpg 600w\" alt=\"Infogr\u00e1fico mostra o local em que a Petrobras vai explorar petr\u00f3leo na bacia da Foz do Amazonas. \u2014 Foto: Arte\/g1\" \/><\/figure>\n<\/div>\n<p class=\"content-media__description  \">Infogr\u00e1fico mostra o local em que a Petrobras vai explorar petr\u00f3leo na bacia da Foz do Amazonas. \u2014 Foto: Arte\/g1<\/p>\n<\/div>\n<\/div>\n<\/div>\n<div id=\"chunk-fd22m\">\n<div class=\"content-ads content-ads--reveal\" data-block-type=\"ads\" data-block-id=\"24\">\n<div id=\"banner_materia__e4c07133-a259-4781-b0f7-2979e9589171\" class=\"tag-manager-publicidade-container tag-manager-publicidade-banner_materia__e4c07133-a259-4781-b0f7-2979e9589171 tag-manager-publicidade-container--carregado tag-manager-publicidade-container--visivel\" data-google-query-id=\"CKiH8fvjuJADFdKDYQYdCFYd_Q\">\n<div id=\"google_ads_iframe_\/95377733\/tvg_G1\/Economia_7__container__\"><a class=\"\" href=\"https:\/\/g1.globo.com\/economia\/noticia\/2025\/10\/22\/exploracao-da-foz-do-amazonas-o-que-se-sabe-e-o-que-falta-saber.ghtml#inicio\" data-mrf-link=\"https:\/\/g1.globo.com\/economia\/noticia\/2025\/10\/22\/exploracao-da-foz-do-amazonas-o-que-se-sabe-e-o-que-falta-saber.ghtml\"><em>Voltar ao \u00edndice.<\/em><\/a><\/div>\n<\/div>\n<\/div>\n<\/div>\n<div id=\"chunk-fr43c\">\n<div id=\"4\" class=\"anchor-position\"><\/div>\n<\/div>\n<div id=\"chunk-7efrl\">\n<div class=\"mc-column content-text active-extra-styles\" data-block-type=\"raw\" data-block-weight=\"9\" data-block-id=\"26\">\n<p class=\"content-text__container\" data-mrf-recirculation=\"Mat\u00e9ria - Links no Texto\">Qual o tamanho da Bacia da Foz do Amazonas?<\/p>\n<p>A \u00e1rea est\u00e1 localizada no extremo oeste da Margem Equatorial brasileira e <strong>tem cerca de 268 mil km\u00b2<\/strong>, segundo a Petrobras. A extens\u00e3o abrange a plataforma continental, o talude e a regi\u00e3o de \u00e1guas profundas, at\u00e9 o limite entre as crostas continental e oce\u00e2nica.<\/p>\n<\/div>\n<\/div>\n<div id=\"chunk-95skt\">\n<div class=\"mc-column content-text active-extra-styles \" data-block-type=\"unstyled\" data-block-weight=\"3\" data-block-id=\"28\">\n<p class=\" content-text__container \" data-track-category=\"Link no Texto\" data-track-links=\"\" data-mrf-recirculation=\"Mat\u00e9ria - Links no Texto\"><a class=\"\" href=\"https:\/\/g1.globo.com\/economia\/noticia\/2025\/10\/22\/exploracao-da-foz-do-amazonas-o-que-se-sabe-e-o-que-falta-saber.ghtml#inicio\" data-mrf-link=\"https:\/\/g1.globo.com\/economia\/noticia\/2025\/10\/22\/exploracao-da-foz-do-amazonas-o-que-se-sabe-e-o-que-falta-saber.ghtml\"><em>Voltar ao \u00edndice.<\/em><\/a><\/p>\n<\/div>\n<\/div>\n<div id=\"chunk-6vkgl\">\n<div id=\"5\" class=\"anchor-position\"><\/div>\n<\/div>\n<div id=\"chunk-1ve4c\">\n<div class=\"content-ads content-ads--reveal\" data-block-type=\"ads\" data-block-id=\"29\">\n<div id=\"banner_materia__6303fb39-4b4b-4130-bf57-b52a8d494e12\" class=\"tag-manager-publicidade-container tag-manager-publicidade-banner_materia__6303fb39-4b4b-4130-bf57-b52a8d494e12 tag-manager-publicidade-container--carregado tag-manager-publicidade-container--visivel\" data-google-query-id=\"CObUi_zjuJADFUJV3QId-Z4r8A\">\n<div id=\"google_ads_iframe_\/95377733\/tvg_G1\/Economia_8__container__\">Qual \u00e9 a import\u00e2ncia estrat\u00e9gica da \u00e1rea?<\/div>\n<\/div>\n<\/div>\n<\/div>\n<div id=\"chunk-d3c3u\">\n<div class=\"mc-column content-text active-extra-styles\" data-block-type=\"raw\" data-block-weight=\"7\" data-block-id=\"30\">\n<p>A Margem Equatorial, onde est\u00e1 localizada a Bacia da Foz do Amazonas, \u00e9 vista como uma das novas fronteiras de explora\u00e7\u00e3o de petr\u00f3leo e g\u00e1s no Brasil, com potencial para se tornar um <strong>novo \u201cpr\u00e9-sal\u201d<\/strong>, segundo o\u00a0<a class=\"\" href=\"https:\/\/g1.globo.com\/tudo-sobre\/ministerio-de-minas-e-energia\/\" data-mrf-link=\"https:\/\/g1.globo.com\/tudo-sobre\/ministerio-de-minas-e-energia\/\">Minist\u00e9rio de Minas e Energia<\/a>\u00a0(MME).<\/p>\n<\/div>\n<\/div>\n<div id=\"chunk-e3gbd\">\n<div class=\"mc-column content-text active-extra-styles \" data-block-type=\"unstyled\" data-block-weight=\"31\" data-block-id=\"32\">\n<p class=\" content-text__container \" data-track-category=\"Link no Texto\" data-track-links=\"\" data-mrf-recirculation=\"Mat\u00e9ria - Links no Texto\">A regi\u00e3o \u00e9 considerada promissora devido \u00e0\u00a0<span class=\"highlight highlighted\">semelhan\u00e7a geol\u00f3gica com as bacias vizinhas da Guiana e do Suriname<\/span>, que concentram algumas das reservas de petr\u00f3leo e g\u00e1s mais relevantes do mundo.<\/p>\n<\/div>\n<\/div>\n<div id=\"chunk-157lk\">\n<div class=\"mc-column content-text active-extra-styles \" data-block-type=\"unstyled\" data-block-weight=\"34\" data-block-id=\"33\">\n<p class=\" content-text__container \" data-track-category=\"Link no Texto\" data-track-links=\"\" data-mrf-recirculation=\"Mat\u00e9ria - Links no Texto\">Segundo a Empresa de Pesquisa Energ\u00e9tica (EPE), esses pa\u00edses passaram de zero produ\u00e7\u00e3o em 2019 para 360 mil barris por dia em 2023, com proje\u00e7\u00f5es de ultrapassar 1 milh\u00e3o de barris di\u00e1rios at\u00e9 2027.<\/p>\n<\/div>\n<\/div>\n<div id=\"chunk-ap6js\">\n<div class=\"mc-column content-text active-extra-styles \" data-block-type=\"unstyled\" data-block-weight=\"3\" data-block-id=\"34\">\n<p class=\" content-text__container \" data-track-category=\"Link no Texto\" data-track-links=\"\" data-mrf-recirculation=\"Mat\u00e9ria - Links no Texto\"><a class=\"\" href=\"https:\/\/g1.globo.com\/economia\/noticia\/2025\/10\/22\/exploracao-da-foz-do-amazonas-o-que-se-sabe-e-o-que-falta-saber.ghtml#inicio\" data-mrf-link=\"https:\/\/g1.globo.com\/economia\/noticia\/2025\/10\/22\/exploracao-da-foz-do-amazonas-o-que-se-sabe-e-o-que-falta-saber.ghtml\"><em>Voltar ao \u00edndice.<\/em><\/a><\/p>\n<\/div>\n<\/div>\n<div id=\"chunk-5i8ci\">\n<div id=\"6\" class=\"anchor-position\">Qual volume pode ser extra\u00eddo?<\/div>\n<\/div>\n<div id=\"chunk-ccd3g\">\n<div class=\"mc-column content-text active-extra-styles\" data-block-type=\"raw\" data-block-weight=\"5\" data-block-id=\"36\">\n<p>O governo estima que <span class=\"highlight highlighted\">a Margem Equatorial teria reservas que permitiriam explorar 1,1 milh\u00e3o de barris de petr\u00f3leo diariamente.<\/span>\u00a0\u00c9 mais do que a capacidade dos dois principais campos da Bacia de Santos: Tupi, com cerca de 850 mil barris por dia, e B\u00fazios, que ultrapassou os 900 mil.<\/p>\n<\/div>\n<\/div>\n<div id=\"chunk-36ul0\">\n<div class=\"mc-column content-text active-extra-styles \" data-block-type=\"unstyled\" data-block-weight=\"47\" data-block-id=\"38\">\n<p class=\" content-text__container \" data-track-category=\"Link no Texto\" data-track-links=\"\" data-mrf-recirculation=\"Mat\u00e9ria - Links no Texto\">Segundo o MME, com isso,\u00a0<strong>seria poss\u00edvel retirar at\u00e9 10 bilh\u00f5es de barris de petr\u00f3leo da regi\u00e3o.<\/strong>\u00a0Atualmente, o Brasil tem uma reserva comprovada de 16,8 bilh\u00f5es de barris \u2014 o que seria suficiente para manter o pa\u00eds sem precisar comprar petr\u00f3leo de outros pa\u00edses at\u00e9 2030.<\/p>\n<\/div>\n<\/div>\n<div id=\"chunk-887md\">\n<div class=\"mc-column content-text active-extra-styles \" data-block-type=\"unstyled\" data-block-weight=\"40\" data-block-id=\"39\">\n<p class=\" content-text__container \" data-track-category=\"Link no Texto\" data-track-links=\"\" data-mrf-recirculation=\"Mat\u00e9ria - Links no Texto\">A EPE calcula que\u00a0<span class=\"highlight highlighted\">a\u00a0<\/span><strong><span class=\"highlight highlighted\">Bacia da Foz do Amazonas<\/span><\/strong><span class=\"highlight highlighted\">\u00a0possui um volume recuper\u00e1vel de\u00a0<\/span><strong><span class=\"highlight highlighted\">6,2 bilh\u00f5es de barris<\/span><\/strong><span class=\"highlight highlighted\">\u00a0de \u00f3leo equivalente.<\/span>\u00a0A estimativa faz parte de um estudo que comp\u00f5e um projeto dedicado \u00e0 an\u00e1lise das bacias sedimentares brasileiras.<\/p>\n<\/div>\n<\/div>\n<div id=\"chunk-33bbp\">\n<div class=\"mc-column content-text active-extra-styles \" data-block-type=\"unstyled\" data-block-weight=\"3\" data-block-id=\"40\">\n<p class=\" content-text__container \" data-track-category=\"Link no Texto\" data-track-links=\"\" data-mrf-recirculation=\"Mat\u00e9ria - Links no Texto\"><a class=\"\" href=\"https:\/\/g1.globo.com\/economia\/noticia\/2025\/10\/22\/exploracao-da-foz-do-amazonas-o-que-se-sabe-e-o-que-falta-saber.ghtml#inicio\" data-mrf-link=\"https:\/\/g1.globo.com\/economia\/noticia\/2025\/10\/22\/exploracao-da-foz-do-amazonas-o-que-se-sabe-e-o-que-falta-saber.ghtml\"><em>Voltar ao \u00edndice.<\/em><\/a><\/p>\n<\/div>\n<\/div>\n<div id=\"chunk-a2h50\">\n<div id=\"7\" class=\"anchor-position\">Quanto pode ser arrecadado?<\/div>\n<\/div>\n<div id=\"chunk-blmr\">\n<div class=\"mc-column content-text active-extra-styles\" data-block-type=\"raw\" data-block-weight=\"4\" data-block-id=\"42\">\n<p>Em entrevista \u00e0 <strong>GloboNews<\/strong>, o ministro Alexandre Silveira afirmou que a\u00a0<strong>Margem Equatorial<\/strong>\u00a0poder\u00e1 receber mais de R$ 300 bilh\u00f5es em investimentos e gerar at\u00e9\u00a0<strong><span class=\"highlight highlighted\">R$ 1 trilh\u00e3o em arrecada\u00e7\u00e3o<\/span><\/strong>\u00a0nas pr\u00f3ximas d\u00e9cadas, com retorno para \u00e1reas como sa\u00fade e educa\u00e7\u00e3o.<\/p>\n<\/div>\n<\/div>\n<div id=\"chunk-7p4f3\">\n<div class=\"mc-column content-text active-extra-styles \" data-block-type=\"unstyled\" data-block-weight=\"16\" data-block-id=\"44\">\n<p class=\" content-text__container \" data-track-category=\"Link no Texto\" data-track-links=\"\" data-mrf-recirculation=\"Mat\u00e9ria - Links no Texto\">Ele n\u00e3o detalhou o potencial espec\u00edfico da Bacia da Foz do Amazonas, situada na mesma regi\u00e3o.<\/p>\n<\/div>\n<\/div>\n<div id=\"chunk-74hue\">\n<div class=\"mc-column content-text active-extra-styles \" data-block-type=\"unstyled\" data-block-weight=\"46\" data-block-id=\"45\">\n<p class=\" content-text__container \" data-track-category=\"Link no Texto\" data-track-links=\"\" data-mrf-recirculation=\"Mat\u00e9ria - Links no Texto\">Segundo o Simulador de Impacto na Margem Equatorial, do Observat\u00f3rio Nacional da Ind\u00fastria, uma produ\u00e7\u00e3o de 100 mil barris di\u00e1rios na costa do Amap\u00e1 \u2014 16% da atual produ\u00e7\u00e3o da Guiana \u2014 poderia acrescentar R$ 10,7 bilh\u00f5es ao PIB do estado e criar 53,9 mil empregos.<\/p>\n<\/div>\n<\/div>\n<div id=\"chunk-2jnit\">\n<div class=\"mc-column content-text active-extra-styles \" data-block-type=\"unstyled\" data-block-weight=\"3\" data-block-id=\"46\">\n<p class=\" content-text__container \" data-track-category=\"Link no Texto\" data-track-links=\"\" data-mrf-recirculation=\"Mat\u00e9ria - Links no Texto\"><a class=\"\" href=\"https:\/\/g1.globo.com\/economia\/noticia\/2025\/10\/22\/exploracao-da-foz-do-amazonas-o-que-se-sabe-e-o-que-falta-saber.ghtml#inicio\" data-mrf-link=\"https:\/\/g1.globo.com\/economia\/noticia\/2025\/10\/22\/exploracao-da-foz-do-amazonas-o-que-se-sabe-e-o-que-falta-saber.ghtml\"><em>Voltar ao \u00edndice.<\/em><\/a><\/p>\n<\/div>\n<\/div>\n<div id=\"chunk-7jjn3\">\n<div class=\"cxm-video-block mc-column  content-media content-video\" data-block-type=\"backstage-video\" data-block-id=\"47\">\n<div class=\"content-media__container content-media__container--codex-fallback\">\n<div class=\"content-video__bigger-player-description-fixer\">\n<article class=\"content-video\">\n<section class=\"content-video__video-container\">\n<div class=\"content-video__video\">\n<div class=\"content-video__placeholder\" data-video-id=\"14029118\"><img decoding=\"async\" class=\"content-video__placeholder__thumb\" title=\"Bruno Carazza fala sobre explora\u00e7\u00e3o da Bacia da Foz do Amazonas\" src=\"https:\/\/s03.video.glbimg.com\/x240\/14029118.jpg\" alt=\"Bruno Carazza fala sobre explora\u00e7\u00e3o da Bacia da Foz do Amazonas\" \/><\/p>\n<div>\n<div id=\"wp3-player-2\" class=\"clappr-player\" tabindex=\"9999\" data-player=\"\">\n<div class=\"frame-ad h720 w960\"><\/div>\n<div class=\"container\" data-container=\"\">\n<div class=\"poster\">Bruno Carazza fala sobre explora\u00e7\u00e3o da Bacia da Foz do Amazonas<\/div>\n<\/div>\n<\/div>\n<\/div>\n<\/div>\n<\/div>\n<\/section>\n<\/article>\n<\/div>\n<\/div>\n<\/div>\n<\/div>\n<div id=\"chunk-d7kne\">\n<div class=\"mc-column content-text active-extra-styles\" data-block-type=\"raw\" data-block-weight=\"8\" data-block-id=\"49\">\n<div class=\"content-intertitle\">\n<h2>Qual \u00e9 a qualidade do \u00f3leo na regi\u00e3o?<\/h2>\n<\/div>\n<\/div>\n<\/div>\n<div id=\"chunk-egrub\">\n<div class=\"mc-column content-text active-extra-styles \" data-block-type=\"unstyled\" data-block-weight=\"22\" data-block-id=\"50\">\n<p class=\" content-text__container \" data-track-category=\"Link no Texto\" data-track-links=\"\" data-mrf-recirculation=\"Mat\u00e9ria - Links no Texto\">Ainda n\u00e3o existem estudos oficiais que comprovem a qualidade do petr\u00f3leo e do g\u00e1s natural na Bacia da Foz do Amazonas.<\/p>\n<\/div>\n<\/div>\n<div id=\"chunk-7tqlt\">\n<div class=\"mc-column content-text active-extra-styles \" data-block-type=\"unstyled\" data-block-weight=\"33\" data-block-id=\"51\">\n<p class=\" content-text__container \" data-track-category=\"Link no Texto\" data-track-links=\"\" data-mrf-recirculation=\"Mat\u00e9ria - Links no Texto\">Os \u00f3leos que eventualmente forem encontrados podem ser classificados como leves, m\u00e9dios ou pesados, conforme a densidade avaliada em graus API \u2014 uma escala que compara a densidade do petr\u00f3leo \u00e0 da \u00e1gua.<\/p>\n<\/div>\n<\/div>\n<div id=\"chunk-8fr1o\">\n<div class=\"mc-column content-text active-extra-styles \" data-block-type=\"unstyled\" data-block-weight=\"27\" data-block-id=\"52\">\n<p class=\" content-text__container \" data-track-category=\"Link no Texto\" data-track-links=\"\" data-mrf-recirculation=\"Mat\u00e9ria - Links no Texto\">No entanto, essas caracter\u00edsticas s\u00f3 poder\u00e3o ser confirmadas ap\u00f3s a coleta e an\u00e1lise das amostras. Al\u00e9m disso, n\u00e3o h\u00e1 detalhamento sobre o teor de enxofre do material.<\/p>\n<\/div>\n<\/div>\n<div id=\"chunk-f14lv\">\n<div class=\"mc-column content-text active-extra-styles \" data-block-type=\"unstyled\" data-block-weight=\"36\" data-block-id=\"53\">\n<p class=\" content-text__container \" data-track-category=\"Link no Texto\" data-track-links=\"\" data-mrf-recirculation=\"Mat\u00e9ria - Links no Texto\">As primeiras respostas sobre a composi\u00e7\u00e3o e a qualidade do petr\u00f3leo e do g\u00e1s devem surgir ao longo do per\u00edodo de explora\u00e7\u00e3o,\u00a0<span class=\"highlight highlighted\">previsto para cerca de cinco meses, quando os resultados laboratoriais das perfura\u00e7\u00f5es forem divulgados.<\/span><\/p>\n<\/div>\n<\/div>\n<div id=\"chunk-96g96\">\n<div class=\"mc-column content-text active-extra-styles \" data-block-type=\"unstyled\" data-block-weight=\"3\" data-block-id=\"55\">\n<p class=\" content-text__container \" data-track-category=\"Link no Texto\" data-track-links=\"\" data-mrf-recirculation=\"Mat\u00e9ria - Links no Texto\"><a class=\"\" href=\"https:\/\/g1.globo.com\/economia\/noticia\/2025\/10\/22\/exploracao-da-foz-do-amazonas-o-que-se-sabe-e-o-que-falta-saber.ghtml#inicio\" data-mrf-link=\"https:\/\/g1.globo.com\/economia\/noticia\/2025\/10\/22\/exploracao-da-foz-do-amazonas-o-que-se-sabe-e-o-que-falta-saber.ghtml\"><em>Voltar ao \u00edndice.<\/em><\/a><\/p>\n<\/div>\n<\/div>\n<div id=\"chunk-1g93f\">\n<div class=\"mc-column content-text active-extra-styles\" data-block-type=\"raw\" data-block-weight=\"9\" data-block-id=\"56\">\n<p class=\"content-text__container\" data-mrf-recirculation=\"Mat\u00e9ria - Links no Texto\">\n<div class=\"content-intertitle\">\n<h2>Qual o custo do navio usado para a perfura\u00e7\u00e3o?<\/h2>\n<\/div>\n<\/div>\n<\/div>\n<div id=\"chunk-2jjdi\">\n<div class=\"mc-column content-text active-extra-styles \" data-block-type=\"unstyled\" data-block-weight=\"39\" data-block-id=\"57\">\n<p class=\" content-text__container \" data-track-category=\"Link no Texto\" data-track-links=\"\" data-mrf-recirculation=\"Mat\u00e9ria - Links no Texto\">A Petrobras contratou a sonda NS-42 para perfurar um po\u00e7o na Bacia da Foz do Amazonas. O navio, utilizado na explora\u00e7\u00e3o de petr\u00f3leo e g\u00e1s e em pesquisas cient\u00edficas em alto-mar, custa\u00a0<strong><span class=\"highlight highlighted\">R$ 4 milh\u00f5es por dia de aluguel.<\/span><\/strong><\/p>\n<\/div>\n<\/div>\n<div id=\"chunk-apkv9\">\n<div class=\"mc-column content-text active-extra-styles \" data-block-type=\"unstyled\" data-block-weight=\"53\" data-block-id=\"58\">\n<p class=\" content-text__container \" data-track-category=\"Link no Texto\" data-track-links=\"\" data-mrf-recirculation=\"Mat\u00e9ria - Links no Texto\">A embarca\u00e7\u00e3o tem\u00a0<strong>238 metros de comprimento \u2014 o equivalente a dois campos de futebol<\/strong> \u2014 e uma torre de perfura\u00e7\u00e3o com 64 metros de altura, similar a um pr\u00e9dio de 20 andares. Essa estrutura funciona como um elevador, com a fun\u00e7\u00e3o de erguer, descer e sustentar a coluna que perfura o solo.<\/p>\n<\/div>\n<\/div>\n<div id=\"chunk-5f4fc\">\n<div class=\"mc-column content-text active-extra-styles \" data-block-type=\"unstyled\" data-block-weight=\"37\" data-block-id=\"60\">\n<p class=\" content-text__container \" data-track-category=\"Link no Texto\" data-track-links=\"\" data-mrf-recirculation=\"Mat\u00e9ria - Links no Texto\"><span class=\"highlight highlighted\">A NS-42 \u00e9 capaz de perfurar po\u00e7os com profundidade de at\u00e9 12,1 mil metros<\/span>, considerando tanto a dist\u00e2ncia entre a superf\u00edcie e o fundo do mar quanto as camadas de rocha localizadas em n\u00edveis ainda mais profundos.<\/p>\n<\/div>\n<\/div>\n<div id=\"chunk-ejhdp\">\n<div class=\"mc-column content-text active-extra-styles \" data-block-type=\"unstyled\" data-block-weight=\"40\" data-block-id=\"61\">\n<p class=\" content-text__container \" data-track-category=\"Link no Texto\" data-track-links=\"\" data-mrf-recirculation=\"Mat\u00e9ria - Links no Texto\">O navio utiliza a mesma tecnologia empregada no pr\u00e9-sal, com equipamentos de alta precis\u00e3o e sistemas autom\u00e1ticos de posicionamento. S\u00e3o esses sistemas que mant\u00eam a embarca\u00e7\u00e3o est\u00e1vel, sem o uso de \u00e2ncoras, mesmo diante de correntezas e rajadas de vento.<\/p>\n<\/div>\n<\/div>\n<div id=\"chunk-a3f2b\">\n<div class=\"mc-column content-text active-extra-styles \" data-block-type=\"unstyled\" data-block-weight=\"28\" data-block-id=\"62\">\n<p class=\" content-text__container \" data-track-category=\"Link no Texto\" data-track-links=\"\" data-mrf-recirculation=\"Mat\u00e9ria - Links no Texto\">A sonda pertence \u00e0 empresa Forsea. A sonda estava parada desde agosto no Amap\u00e1 esperando pela autoriza\u00e7\u00e3o para perfura\u00e7\u00e3o do bloco FZA-M-59, na Bacia da Foz do Amazonas.<\/p>\n<\/div>\n<\/div>\n<div id=\"chunk-61ed1\">\n<div class=\"mc-column content-text active-extra-styles \" data-block-type=\"unstyled\" data-block-weight=\"3\" data-block-id=\"63\">\n<p class=\" content-text__container \" data-track-category=\"Link no Texto\" data-track-links=\"\" data-mrf-recirculation=\"Mat\u00e9ria - Links no Texto\"><a class=\"\" href=\"https:\/\/g1.globo.com\/economia\/noticia\/2025\/10\/22\/exploracao-da-foz-do-amazonas-o-que-se-sabe-e-o-que-falta-saber.ghtml#inicio\" data-mrf-link=\"https:\/\/g1.globo.com\/economia\/noticia\/2025\/10\/22\/exploracao-da-foz-do-amazonas-o-que-se-sabe-e-o-que-falta-saber.ghtml\"><em>Voltar ao \u00edndice.<\/em><\/a><\/p>\n<\/div>\n<\/div>\n<div id=\"chunk-9don6\">\n<div class=\"row medium-uncollapsed content-media content-photo\" data-block-type=\"backstage-photo\" data-block-id=\"64\">\n<div class=\" mc-column  content-media__container\">\n<div class=\"content-media-container glb-skeleton-box\">\n<figure class=\"content-media-figure\"><img decoding=\"async\" class=\"i-amphtml-fill-content i-amphtml-replaced-content\" src=\"https:\/\/s2-g1.glbimg.com\/PuCoSl3IIRl_yxfogfGNz8R_Ick=\/0x0:5616x3744\/984x0\/smart\/filters:strip_icc()\/i.s3.glbimg.com\/v1\/AUTH_59edd422c0c84a879bd37670ae4f538a\/internal_photos\/bs\/2025\/P\/2\/IflcmVRYa6mmvJrodL2Q\/sonda-ns-42-odn-ii-foto2-divulgacao-foresea.jpg\" sizes=\"(max-width: 1536px) 648px, 100vw\" srcset=\"https:\/\/s2-g1.glbimg.com\/Rt_27c89KEulcxdZPC8tI71G0x0=\/0x0:5616x3744\/1000x0\/smart\/filters:strip_icc()\/i.s3.glbimg.com\/v1\/AUTH_59edd422c0c84a879bd37670ae4f538a\/internal_photos\/bs\/2025\/P\/2\/IflcmVRYa6mmvJrodL2Q\/sonda-ns-42-odn-ii-foto2-divulgacao-foresea.jpg 1000w, https:\/\/s2-g1.glbimg.com\/PuCoSl3IIRl_yxfogfGNz8R_Ick=\/0x0:5616x3744\/984x0\/smart\/filters:strip_icc()\/i.s3.glbimg.com\/v1\/AUTH_59edd422c0c84a879bd37670ae4f538a\/internal_photos\/bs\/2025\/P\/2\/IflcmVRYa6mmvJrodL2Q\/sonda-ns-42-odn-ii-foto2-divulgacao-foresea.jpg 984w, https:\/\/s2-g1.glbimg.com\/64CT1ETEmV0hUDlASENrwGjG-6U=\/0x0:5616x3744\/640x0\/smart\/filters:strip_icc()\/i.s3.glbimg.com\/v1\/AUTH_59edd422c0c84a879bd37670ae4f538a\/internal_photos\/bs\/2025\/P\/2\/IflcmVRYa6mmvJrodL2Q\/sonda-ns-42-odn-ii-foto2-divulgacao-foresea.jpg 640w, https:\/\/s2-g1.glbimg.com\/nvevrEYfUnhcpGy1uWmUzTVa6Zg=\/0x0:5616x3744\/600x0\/smart\/filters:strip_icc()\/i.s3.glbimg.com\/v1\/AUTH_59edd422c0c84a879bd37670ae4f538a\/internal_photos\/bs\/2025\/P\/2\/IflcmVRYa6mmvJrodL2Q\/sonda-ns-42-odn-ii-foto2-divulgacao-foresea.jpg 600w\" alt=\"Sonda de perfura\u00e7\u00e3o NS-42 \u2014 Foto: Divulga\u00e7\u00e3o Foresea\" \/><\/figure>\n<\/div>\n<p class=\"content-media__description  \">Sonda de perfura\u00e7\u00e3o NS-42 \u2014 Foto: Divulga\u00e7\u00e3o Foresea<\/p>\n<\/div>\n<\/div>\n<\/div>\n<div id=\"chunk-2q5q1\">\n<div class=\"mc-column content-text active-extra-styles\" data-block-type=\"raw\" data-block-weight=\"11\" data-block-id=\"66\">\n<div class=\"content-intertitle\">\n<h2>Por que as a\u00e7\u00f5es da Petrobras ca\u00edram ap\u00f3s aval do Ibama?<\/h2>\n<\/div>\n<\/div>\n<\/div>\n<div id=\"chunk-8d72l\">\n<div class=\"mc-column content-text active-extra-styles \" data-block-type=\"unstyled\" data-block-weight=\"23\" data-block-id=\"67\">\n<p class=\" content-text__container \" data-track-category=\"Link no Texto\" data-track-links=\"\" data-mrf-recirculation=\"Mat\u00e9ria - Links no Texto\">Mesmo com o avan\u00e7o para a explora\u00e7\u00e3o da Foz do Amazonas,\u00a0<a class=\"\" href=\"https:\/\/g1.globo.com\/economia\/noticia\/2025\/10\/20\/petrobras-foz-do-amazonas.ghtml\" data-mrf-link=\"https:\/\/g1.globo.com\/economia\/noticia\/2025\/10\/20\/petrobras-foz-do-amazonas.ghtml\">as a\u00e7\u00f5es da Petrobras n\u00e3o tiveram bom desempenho na bolsa de valores<\/a>.<\/p>\n<\/div>\n<\/div>\n<div id=\"chunk-q0m5\">\n<div class=\"mc-column content-text active-extra-styles\" data-block-type=\"raw\" data-block-weight=\"40\" data-block-id=\"68\">\n<ul class=\"content-unordered-list\">\n<li>As a\u00e7\u00f5es\u00a0<strong>ordin\u00e1rias da petroleira (PETR3) recuaram 0,54% na segunda-feira<\/strong>, dia do an\u00fancio. Nesta ter\u00e7a,\u00a0<strong><span class=\"highlight highlighted\">o recuo foi ainda maior, de 1,05%.<\/span><\/strong><\/li>\n<li>J\u00e1 os\u00a0<strong>pap\u00e9is preferenciais (PETR4)<\/strong>\u00a0tiveram leve alta de 0,13% na segunda e\u00a0<strong><span class=\"highlight highlighted\">queda de 0,74% nesta ter\u00e7a.<\/span><\/strong><\/li>\n<\/ul>\n<\/div>\n<\/div>\n<div id=\"chunk-7fil3\">\n<div class=\"mc-column content-text active-extra-styles \" data-block-type=\"unstyled\" data-block-weight=\"39\" data-block-id=\"69\">\n<p class=\" content-text__container \" data-track-category=\"Link no Texto\" data-track-links=\"\" data-mrf-recirculation=\"Mat\u00e9ria - Links no Texto\">Especialistas ouvidos pelo\u00a0<a class=\"\" href=\"https:\/\/g1.globo.com\/\" data-mrf-link=\"https:\/\/g1.globo.com\/\"><strong>g1<\/strong><\/a> afirmam que, embora a medida represente um avan\u00e7o estrat\u00e9gico com foco no longo prazo, o mercado reagiu com pouca empolga\u00e7\u00e3o porque j\u00e1 esperava a decis\u00e3o. Al\u00e9m disso, fatores externos continuaram pressionando as a\u00e7\u00f5es da Petrobras.<\/p>\n<\/div>\n<\/div>\n<div id=\"chunk-1ut9a\">\n<div class=\"mc-column content-text active-extra-styles \" data-block-type=\"unstyled\" data-block-weight=\"49\" data-block-id=\"71\">\n<p class=\" content-text__container \" data-track-category=\"Link no Texto\" data-track-links=\"\" data-mrf-recirculation=\"Mat\u00e9ria - Links no Texto\">Um deles \u00e9 a\u00a0<strong>queda no pre\u00e7o do barril de petr\u00f3leo no mercado internacional.<\/strong>\u00a0A cota\u00e7\u00e3o\u00a0<a class=\"\" href=\"https:\/\/g1.globo.com\/economia\/noticia\/2025\/10\/17\/queda-do-petroleo-entenda.ghtml\" data-mrf-link=\"https:\/\/g1.globo.com\/economia\/noticia\/2025\/10\/17\/queda-do-petroleo-entenda.ghtml\">atingiu o menor n\u00edvel em meses<\/a>, pressionada pelo excesso de oferta e pela recente redu\u00e7\u00e3o das tens\u00f5es em conflitos como R\u00fassia-Ucr\u00e2nia e Israel-Hamas. Nesta ter\u00e7a (21), o Brent foi negociado a\u00a0<strong>US$ 61,63.<\/strong><\/p>\n<\/div>\n<\/div>\n<div id=\"chunk-9csiu\">\n<div class=\"mc-column content-text active-extra-styles \" data-block-type=\"unstyled\" data-block-weight=\"32\" data-block-id=\"72\">\n<p class=\" content-text__container \" data-track-category=\"Link no Texto\" data-track-links=\"\" data-mrf-recirculation=\"Mat\u00e9ria - Links no Texto\">O economista Adriano Pires, s\u00f3cio-fundador e diretor do Centro Brasileiro de Infraestrutura (CBIE), afirma que a expectativa de um petr\u00f3leo ainda mais barato em 2026 ajudou a frear o \u00e2nimo do mercado.<\/p>\n<\/div>\n<\/div>\n<div id=\"chunk-2q725\">\n<div class=\"mc-column content-text active-extra-styles\" data-block-type=\"raw\" data-block-weight=\"46\" data-block-id=\"73\">\n<blockquote class=\"content-blockquote theme-border-color-primary-before\"><p>&#8220;Demorou para sair a licen\u00e7a do Ibama para perfurar o po\u00e7o explorat\u00f3rio na Foz do Amazonas. Quando saiu, o mercado j\u00e1 apontava para uma queda no pre\u00e7o do barril, com uma m\u00e9dia prevista de US$ 50 em 2026. Isso vai diminuir a receita da empresa&#8221;, diz.<\/p><\/blockquote>\n<\/div>\n<\/div>\n<div id=\"chunk-3s3e6\">\n<div class=\"mc-column content-text active-extra-styles \" data-block-type=\"unstyled\" data-block-weight=\"22\" data-block-id=\"74\">\n<p class=\" content-text__container \" data-track-category=\"Link no Texto\" data-track-links=\"\" data-mrf-recirculation=\"Mat\u00e9ria - Links no Texto\">Ilan Arbetman, da Ativa Investimentos, destaca que o \u00e2nimo dos investidores foi mais moderado, principalmente, porque a aprova\u00e7\u00e3o j\u00e1 era esperada.<\/p>\n<\/div>\n<\/div>\n<div id=\"chunk-14jj7\">\n<div class=\"mc-column content-text active-extra-styles \" data-block-type=\"unstyled\" data-block-weight=\"44\" data-block-id=\"75\">\n<p class=\" content-text__container \" data-track-category=\"Link no Texto\" data-track-links=\"\" data-mrf-recirculation=\"Mat\u00e9ria - Links no Texto\">Por outro lado, h\u00e1 a expectativa de que a \u00e1rea a ser explorada tenha\u00a0<strong>caracter\u00edsticas semelhantes \u00e0s encontradas na Guiana<\/strong>\u00a0e, possivelmente, no Suriname, o que pode ser \u201cmuito positivo\u201d para a Petrobras. A Guiana\u00a0<a class=\"\" href=\"https:\/\/g1.globo.com\/economia\/noticia\/2025\/08\/30\/como-brasil-lidera-a-transformacao-da-america-do-sul-na-regiao-petrolifera-que-mais-cresce-no-mundo.ghtml\" data-mrf-link=\"https:\/\/g1.globo.com\/economia\/noticia\/2025\/08\/30\/como-brasil-lidera-a-transformacao-da-america-do-sul-na-regiao-petrolifera-que-mais-cresce-no-mundo.ghtml\">tem vivido um\u00a0<em>boom<\/em> petrol\u00edfero como nunca na hist\u00f3ria.<\/a><\/p>\n<\/div>\n<\/div>\n<div id=\"chunk-cneb9\">\n<div class=\"mc-column content-text active-extra-styles\" data-block-type=\"raw\" data-block-weight=\"32\" data-block-id=\"76\">\n<blockquote class=\"content-blockquote theme-border-color-primary-before\"><p>&#8220;Ser\u00e1 feita a pesquisa para verificar se h\u00e1 presen\u00e7a de hidrocarbonetos, entender as caracter\u00edsticas geol\u00f3gicas da regi\u00e3o e avaliar se h\u00e1, de fato, proximidade com os reservat\u00f3rios encontrados na Guiana&#8221;, destaca Arbetma<\/p><\/blockquote>\n<\/div>\n<\/div>\n<div id=\"chunk-1ub9a\">\n<div class=\"mc-column content-text active-extra-styles \" data-block-type=\"unstyled\" data-block-weight=\"29\" data-block-id=\"78\">\n<p class=\" content-text__container \" data-track-category=\"Link no Texto\" data-track-links=\"\" data-mrf-recirculation=\"Mat\u00e9ria - Links no Texto\">Segundo os especialistas, ainda n\u00e3o \u00e9 poss\u00edvel afirmar com precis\u00e3o quais ser\u00e3o os ganhos em royalties \u2014 pagamentos feitos pela explora\u00e7\u00e3o de recursos naturais \u2014 com a nova explora\u00e7\u00e3o.<\/p>\n<\/div>\n<\/div>\n<div id=\"chunk-3hvec\">\n<div class=\"mc-column content-text active-extra-styles \" data-block-type=\"unstyled\" data-block-weight=\"3\" data-block-id=\"79\">\n<p class=\" content-text__container \" data-track-category=\"Link no Texto\" data-track-links=\"\" data-mrf-recirculation=\"Mat\u00e9ria - Links no Texto\"><a class=\"\" href=\"https:\/\/g1.globo.com\/economia\/noticia\/2025\/10\/22\/exploracao-da-foz-do-amazonas-o-que-se-sabe-e-o-que-falta-saber.ghtml#inicio\" data-mrf-link=\"https:\/\/g1.globo.com\/economia\/noticia\/2025\/10\/22\/exploracao-da-foz-do-amazonas-o-que-se-sabe-e-o-que-falta-saber.ghtml\"><em>Voltar ao \u00edndice.<\/em><\/a><\/p>\n<\/div>\n<\/div>\n<div id=\"chunk-7aim7\">\n<div class=\"row medium-uncollapsed content-media content-photo\" data-block-type=\"backstage-photo\" data-block-id=\"80\">\n<div class=\" mc-column  content-media__container\">\n<div class=\"content-media-container glb-skeleton-box\">\n<figure class=\"content-media-figure\"><img decoding=\"async\" class=\"i-amphtml-fill-content i-amphtml-replaced-content\" src=\"https:\/\/s2-g1.glbimg.com\/jupecSxCR4BFfDanQUk_cLbjWYc=\/0x0:6000x3376\/984x0\/smart\/filters:strip_icc()\/i.s3.glbimg.com\/v1\/AUTH_59edd422c0c84a879bd37670ae4f538a\/internal_photos\/bs\/2023\/S\/j\/JIHxBVTyiEMxuL7CntDQ\/dsc0247.jpg\" sizes=\"(max-width: 1536px) 648px, 100vw\" srcset=\"https:\/\/s2-g1.glbimg.com\/9kEZ5AgV3LERZ23HC6SHeCEN7Ug=\/0x0:6000x3376\/1000x0\/smart\/filters:strip_icc()\/i.s3.glbimg.com\/v1\/AUTH_59edd422c0c84a879bd37670ae4f538a\/internal_photos\/bs\/2023\/S\/j\/JIHxBVTyiEMxuL7CntDQ\/dsc0247.jpg 1000w, https:\/\/s2-g1.glbimg.com\/jupecSxCR4BFfDanQUk_cLbjWYc=\/0x0:6000x3376\/984x0\/smart\/filters:strip_icc()\/i.s3.glbimg.com\/v1\/AUTH_59edd422c0c84a879bd37670ae4f538a\/internal_photos\/bs\/2023\/S\/j\/JIHxBVTyiEMxuL7CntDQ\/dsc0247.jpg 984w, https:\/\/s2-g1.glbimg.com\/5k9ODmqHE4XPN9_DVmdaCgFTh1M=\/0x0:6000x3376\/640x0\/smart\/filters:strip_icc()\/i.s3.glbimg.com\/v1\/AUTH_59edd422c0c84a879bd37670ae4f538a\/internal_photos\/bs\/2023\/S\/j\/JIHxBVTyiEMxuL7CntDQ\/dsc0247.jpg 640w, https:\/\/s2-g1.glbimg.com\/Jw0MT_fMKwYA3E9WzIy5AMqmTWk=\/0x0:6000x3376\/600x0\/smart\/filters:strip_icc()\/i.s3.glbimg.com\/v1\/AUTH_59edd422c0c84a879bd37670ae4f538a\/internal_photos\/bs\/2023\/S\/j\/JIHxBVTyiEMxuL7CntDQ\/dsc0247.jpg 600w\" alt=\"Edif\u00edcio-sede da Petrobras, no centro do Rio \u2014 Foto: Marcos Serra Lima\/g1\" \/><\/figure>\n<\/div>\n<p class=\"content-media__description  \">Edif\u00edcio-sede da Petrobras, no centro do Rio \u2014 Foto: Marcos Serra Lima\/g1<\/p>\n<\/div>\n<\/div>\n<\/div>\n<div id=\"chunk-bg2ea\">\n<div class=\"mc-column content-text active-extra-styles\" data-block-type=\"raw\" data-block-weight=\"6\" data-block-id=\"82\">\n<div class=\"content-intertitle\">\n<h2>O que dizem Ibama e Petrobras?<\/h2>\n<\/div>\n<\/div>\n<\/div>\n<div id=\"chunk-fk59i\">\n<div class=\"mc-column content-text active-extra-styles \" data-block-type=\"unstyled\" data-block-weight=\"40\" data-block-id=\"83\">\n<p class=\" content-text__container \" data-track-category=\"Link no Texto\" data-track-links=\"\" data-mrf-recirculation=\"Mat\u00e9ria - Links no Texto\">O Ibama informou que a permiss\u00e3o foi concedida ap\u00f3s uma s\u00e9rie de aperfei\u00e7oamentos no projeto da Petrobras. Enquanto isso, a petroleira disse que comprovou a\u00a0<strong>&#8220;robustez de toda a estrutura de prote\u00e7\u00e3o ao meio ambiente&#8221;<\/strong>\u00a0que ser\u00e1 usada na perfura\u00e7\u00e3o.<\/p>\n<\/div>\n<\/div>\n<div id=\"chunk-2mos8\">\n<div class=\"mc-column content-text active-extra-styles \" data-block-type=\"unstyled\" data-block-weight=\"27\" data-block-id=\"84\">\n<p class=\" content-text__container \" data-track-category=\"Link no Texto\" data-track-links=\"\" data-mrf-recirculation=\"Mat\u00e9ria - Links no Texto\">A Petrobras tamb\u00e9m afirmou que novas fronteiras de explora\u00e7\u00e3o s\u00e3o importantes para &#8220;assegurar a\u00a0<strong>seguran\u00e7a energ\u00e9tica<\/strong>\u00a0do pa\u00eds e os\u00a0<strong>recursos necess\u00e1rios para a transi\u00e7\u00e3o energ\u00e9tica justa&#8221;.<\/strong><\/p>\n<\/div>\n<\/div>\n<div id=\"chunk-c523j\">\n<div class=\"mc-column content-text active-extra-styles \" data-block-type=\"unstyled\" data-block-weight=\"3\" data-block-id=\"85\">\n<p class=\" content-text__container \" data-track-category=\"Link no Texto\" data-track-links=\"\" data-mrf-recirculation=\"Mat\u00e9ria - Links no Texto\"><a class=\"\" href=\"https:\/\/g1.globo.com\/economia\/noticia\/2025\/10\/22\/exploracao-da-foz-do-amazonas-o-que-se-sabe-e-o-que-falta-saber.ghtml#inicio\" data-mrf-link=\"https:\/\/g1.globo.com\/economia\/noticia\/2025\/10\/22\/exploracao-da-foz-do-amazonas-o-que-se-sabe-e-o-que-falta-saber.ghtml\"><em>Voltar ao \u00edndice.<\/em><\/a><\/p>\n<\/div>\n<\/div>\n<div id=\"chunk-1p7pv\">\n<div class=\"mc-column content-text active-extra-styles\" data-block-type=\"raw\" data-block-weight=\"5\" data-block-id=\"86\">\n<div class=\"content-intertitle\">\n<h2>Como ambientalistas avaliam a aprova\u00e7\u00e3o?<\/h2>\n<\/div>\n<\/div>\n<\/div>\n<div id=\"chunk-3lkjr\">\n<div class=\"mc-column content-text active-extra-styles \" data-block-type=\"unstyled\" data-block-weight=\"21\" data-block-id=\"87\">\n<p class=\" content-text__container \" data-track-category=\"Link no Texto\" data-track-links=\"\" data-mrf-recirculation=\"Mat\u00e9ria - Links no Texto\">Ap\u00f3s a aprova\u00e7\u00e3o, ambientalistas e entidades afirmaram que a licen\u00e7a\u00a0<a class=\"\" href=\"https:\/\/g1.globo.com\/meio-ambiente\/noticia\/2025\/10\/20\/licenca-do-ibama-foz-do-amazonas-reacoes.ghtml\" data-mrf-link=\"https:\/\/g1.globo.com\/meio-ambiente\/noticia\/2025\/10\/20\/licenca-do-ibama-foz-do-amazonas-reacoes.ghtml\">\u00e9 um duro golpe nas pol\u00edticas ambientais<\/a> \u00e0s v\u00e9speras da COP30.<\/p>\n<\/div>\n<\/div>\n<div id=\"chunk-74eh1\">\n<div class=\"mc-column content-text active-extra-styles \" data-block-type=\"unstyled\" data-block-weight=\"23\" data-block-id=\"89\">\n<p class=\" content-text__container \" data-track-category=\"Link no Texto\" data-track-links=\"\" data-mrf-recirculation=\"Mat\u00e9ria - Links no Texto\">O Observat\u00f3rio do Clima classificou a medida como uma \u201cdupla sabotagem\u201d, tanto ao planeta quanto \u00e0 confer\u00eancia clim\u00e1tica que o Brasil vai sediar.<\/p>\n<\/div>\n<\/div>\n<div id=\"chunk-ac28n\">\n<div class=\"mc-column content-text active-extra-styles \" data-block-type=\"unstyled\" data-block-weight=\"33\" data-block-id=\"90\">\n<p class=\" content-text__container \" data-track-category=\"Link no Texto\" data-track-links=\"\" data-mrf-recirculation=\"Mat\u00e9ria - Links no Texto\">Suely Ara\u00fajo, coordenadora de Pol\u00edticas P\u00fablicas do Observat\u00f3rio do Clima, disse que, \u201cpor um lado, o governo atua contra a humanidade, ao estimular mais expans\u00e3o f\u00f3ssil e apostar em mais aquecimento global&#8221;.<\/p>\n<\/div>\n<\/div>\n<div id=\"chunk-9jope\">\n<div class=\"mc-column content-text active-extra-styles\" data-block-type=\"raw\" data-block-weight=\"19\" data-block-id=\"91\">\n<blockquote class=\"content-blockquote theme-border-color-primary-before\"><p>&#8220;Por outro, atrapalha a pr\u00f3pria COP30, cuja entrega mais importante precisa ser a elimina\u00e7\u00e3o gradual dos combust\u00edveis f\u00f3sseis\u201d, acrescentou.<\/p><\/blockquote>\n<\/div>\n<\/div>\n<div id=\"chunk-fmhef\">\n<div class=\"mc-column content-text active-extra-styles \" data-block-type=\"unstyled\" data-block-weight=\"21\" data-block-id=\"92\">\n<p class=\" content-text__container \" data-track-category=\"Link no Texto\" data-track-links=\"\" data-mrf-recirculation=\"Mat\u00e9ria - Links no Texto\">O climatologista Carlos Nobre, copresidente do Painel Cient\u00edfico para a Amaz\u00f4nia, alertou que a regi\u00e3o est\u00e1 pr\u00f3xima de um limite perigoso.<\/p>\n<\/div>\n<\/div>\n<div id=\"chunk-auan9\">\n<div class=\"mc-column content-text active-extra-styles\" data-block-type=\"raw\" data-block-weight=\"20\" data-block-id=\"93\">\n<blockquote class=\"content-blockquote theme-border-color-primary-before\"><p>\u201cA Amaz\u00f4nia est\u00e1 muito pr\u00f3xima do ponto de n\u00e3o retorno. N\u00e3o h\u00e1 justificativa para qualquer nova explora\u00e7\u00e3o de petr\u00f3leo\u201d, criticou.<\/p><\/blockquote>\n<\/div>\n<\/div>\n<div id=\"chunk-3glrt\">\n<div class=\"mc-column content-text active-extra-styles \" data-block-type=\"unstyled\" data-block-weight=\"3\" data-block-id=\"94\">\n<p class=\" content-text__container \" data-track-category=\"Link no Texto\" data-track-links=\"\" data-mrf-recirculation=\"Mat\u00e9ria - Links no Texto\"><a class=\"\" href=\"https:\/\/g1.globo.com\/economia\/noticia\/2025\/10\/22\/exploracao-da-foz-do-amazonas-o-que-se-sabe-e-o-que-falta-saber.ghtml#inicio\" data-mrf-link=\"https:\/\/g1.globo.com\/economia\/noticia\/2025\/10\/22\/exploracao-da-foz-do-amazonas-o-que-se-sabe-e-o-que-falta-saber.ghtml\"><em>Voltar ao \u00edndice.<\/em><\/a><\/p>\n<\/div>\n<\/div>\n<div id=\"chunk-69so7\">\n<div class=\"mc-column content-text active-extra-styles\" data-block-type=\"raw\" data-block-weight=\"9\" data-block-id=\"96\">\n<div class=\"content-intertitle\">\n<h2><strong>Quanto tempo levou para o Ibama conceder a licen\u00e7a?<\/strong><\/h2>\n<\/div>\n<\/div>\n<\/div>\n<div id=\"chunk-1m4j0\">\n<div class=\"mc-column content-text active-extra-styles \" data-block-type=\"unstyled\" data-block-weight=\"33\" data-block-id=\"97\">\n<p class=\" content-text__container \" data-track-category=\"Link no Texto\" data-track-links=\"\" data-mrf-recirculation=\"Mat\u00e9ria - Links no Texto\">A licen\u00e7a para explora\u00e7\u00e3o encerra um\u00a0<strong>processo que durou mais de uma d\u00e9cada.<\/strong>\u00a0O bloco foi concedido em 2013 e o processo de licenciamento ambiental do bloco 59 come\u00e7ou em abril de 2014.<\/p>\n<\/div>\n<\/div>\n<div id=\"chunk-7b0bd\">\n<div class=\"mc-column content-text active-extra-styles \" data-block-type=\"unstyled\" data-block-weight=\"32\" data-block-id=\"98\">\n<p class=\" content-text__container \" data-track-category=\"Link no Texto\" data-track-links=\"\" data-mrf-recirculation=\"Mat\u00e9ria - Links no Texto\">O tema passou a ser discutido pelo Ibama a pedido da empresa BP Energy do Brasil.\u00a0<span class=\"highlight highlighted\">Em 2020, os direitos de explora\u00e7\u00e3o de petr\u00f3leo no bloco foram transferidos para a Petrobras.<\/span><\/p>\n<\/div>\n<\/div>\n<div id=\"chunk-7mng2\">\n<div class=\"mc-column content-text active-extra-styles \" data-block-type=\"unstyled\" data-block-weight=\"24\" data-block-id=\"99\">\n<p class=\" content-text__container \" data-track-category=\"Link no Texto\" data-track-links=\"\" data-mrf-recirculation=\"Mat\u00e9ria - Links no Texto\">Em agosto, a empresa realizou um simulado de emerg\u00eancia supervisionado pelo Ibama, etapa final para comprovar a capacidade de resposta e seguran\u00e7a da opera\u00e7\u00e3o.<\/p>\n<\/div>\n<\/div>\n<div id=\"chunk-2njrp\">\n<div class=\"mc-column content-text active-extra-styles \" data-block-type=\"unstyled\" data-block-weight=\"3\" data-block-id=\"100\">\n<p class=\" content-text__container \" data-track-category=\"Link no Texto\" data-track-links=\"\" data-mrf-recirculation=\"Mat\u00e9ria - Links no Texto\"><a class=\"\" href=\"https:\/\/g1.globo.com\/economia\/noticia\/2025\/10\/22\/exploracao-da-foz-do-amazonas-o-que-se-sabe-e-o-que-falta-saber.ghtml#inicio\" data-mrf-link=\"https:\/\/g1.globo.com\/economia\/noticia\/2025\/10\/22\/exploracao-da-foz-do-amazonas-o-que-se-sabe-e-o-que-falta-saber.ghtml\"><em>Voltar ao \u00edndice.<\/em><\/a><\/p>\n<\/div>\n<\/div>\n<div id=\"chunk-en8qb\">\n<div class=\"mc-column content-text active-extra-styles\" data-block-type=\"raw\" data-block-weight=\"4\" data-block-id=\"102\">\n<div class=\"content-intertitle\">\n<h2>Quais os pr\u00f3ximos passos?<\/h2>\n<\/div>\n<\/div>\n<\/div>\n<div id=\"chunk-3qa9o\">\n<div class=\"mc-column content-text active-extra-styles \" data-block-type=\"unstyled\" data-block-weight=\"20\" data-block-id=\"103\">\n<p class=\" content-text__container \" data-track-category=\"Link no Texto\" data-track-links=\"\" data-mrf-recirculation=\"Mat\u00e9ria - Links no Texto\">Antes que a estatal inicie a produ\u00e7\u00e3o de petr\u00f3leo na Foz do Amazonas, \u00e9 necess\u00e1rio cumprir algumas etapas. Entre elas:<\/p>\n<\/div>\n<\/div>\n<div id=\"chunk-9cti8\">\n<div class=\"mc-column content-text active-extra-styles\" data-block-type=\"raw\" data-block-weight=\"47\" data-block-id=\"104\">\n<ul class=\"content-unordered-list\">\n<li>confirmar a exist\u00eancia de petr\u00f3leo em volume suficiente para justificar o investimento na produ\u00e7\u00e3o;<\/li>\n<li>declarar a comercialidade da \u00e1rea, dando in\u00edcio \u00e0 fase de desenvolvimento do campo;<\/li>\n<li>obter a aprova\u00e7\u00e3o de novos licenciamentos ambientais junto ao Ibama para as atividades de instala\u00e7\u00e3o de equipamentos, infraestrutura e produ\u00e7\u00e3o.<\/li>\n<\/ul>\n<\/div>\n<\/div>\n<div id=\"chunk-emg21\">\n<div class=\"mc-column content-text active-extra-styles \" data-block-type=\"unstyled\" data-block-weight=\"3\" data-block-id=\"105\">\n<p class=\" content-text__container \" data-track-category=\"Link no Texto\" data-track-links=\"\" data-mrf-recirculation=\"Mat\u00e9ria - Links no Texto\"><a class=\"\" href=\"https:\/\/g1.globo.com\/economia\/noticia\/2025\/10\/22\/exploracao-da-foz-do-amazonas-o-que-se-sabe-e-o-que-falta-saber.ghtml#inicio\" data-mrf-link=\"https:\/\/g1.globo.com\/economia\/noticia\/2025\/10\/22\/exploracao-da-foz-do-amazonas-o-que-se-sabe-e-o-que-falta-saber.ghtml\"><em>Voltar ao ndice.<\/em><\/a><img decoding=\"async\" class=\"i-amphtml-fill-content i-amphtml-replaced-content\" src=\"https:\/\/s2-g1.glbimg.com\/LFvHqaAsx_ror44Mnl7JAi2cCYI=\/0x0:1262x1856\/984x0\/smart\/filters:strip_icc()\/i.s3.glbimg.com\/v1\/AUTH_59edd422c0c84a879bd37670ae4f538a\/internal_photos\/bs\/2025\/D\/3\/OrA0SETECHQV08iUNhoQ\/g1-esp-foz-amazonas-desk.avif\" sizes=\"(max-width: 1536px) 648px, 100vw\" srcset=\"https:\/\/s2-g1.glbimg.com\/KRWOmTsi2hVFXtoHDpXhXxkdQ24=\/0x0:1262x1856\/1000x0\/smart\/filters:strip_icc()\/i.s3.glbimg.com\/v1\/AUTH_59edd422c0c84a879bd37670ae4f538a\/internal_photos\/bs\/2025\/D\/3\/OrA0SETECHQV08iUNhoQ\/g1-esp-foz-amazonas-desk.avif 1000w, https:\/\/s2-g1.glbimg.com\/LFvHqaAsx_ror44Mnl7JAi2cCYI=\/0x0:1262x1856\/984x0\/smart\/filters:strip_icc()\/i.s3.glbimg.com\/v1\/AUTH_59edd422c0c84a879bd37670ae4f538a\/internal_photos\/bs\/2025\/D\/3\/OrA0SETECHQV08iUNhoQ\/g1-esp-foz-amazonas-desk.avif 984w, https:\/\/s2-g1.glbimg.com\/98hC5CIHMIM7eWQNqmHi02f70LU=\/0x0:1262x1856\/640x0\/smart\/filters:strip_icc()\/i.s3.glbimg.com\/v1\/AUTH_59edd422c0c84a879bd37670ae4f538a\/internal_photos\/bs\/2025\/D\/3\/OrA0SETECHQV08iUNhoQ\/g1-esp-foz-amazonas-desk.avif 640w, https:\/\/s2-g1.glbimg.com\/J90BGjtcHeomh3gtUSLtFGOwupA=\/0x0:1262x1856\/600x0\/smart\/filters:strip_icc()\/i.s3.glbimg.com\/v1\/AUTH_59edd422c0c84a879bd37670ae4f538a\/internal_photos\/bs\/2025\/D\/3\/OrA0SETECHQV08iUNhoQ\/g1-esp-foz-amazonas-desk.avif 600w\" alt=\"\u00c1rea da Foz do Amazonas \u2014 Foto: Arte\/g1\" \/><\/p>\n<\/div>\n<\/div>\n<div id=\"chunk-ee3n4\">\n<div class=\"row medium-uncollapsed content-media content-photo\" data-block-type=\"backstage-photo\" data-block-id=\"106\">\n<div class=\" mc-column  content-media__container\">\n<p class=\"content-media__description  \">\u00c1rea da Foz do Amazonas \u2014 Foto: Arte\/g1<\/p>\n<\/div>\n<\/div>\n<\/div>\n<div id=\"chunk-1t88r\">\n<div class=\"cxm-video-block mc-column  content-media content-video\" data-block-type=\"backstage-video\" data-block-id=\"107\">\n<div class=\"content-media__container content-media__container--codex-fallback\">\n<div class=\"content-video__bigger-player-description-fixer\">\n<article class=\"content-video\">\n<section class=\"content-video__video-container\">\n<div class=\"content-video__video\">\n<div class=\"content-video__placeholder\" data-video-id=\"14027379\"><img decoding=\"async\" class=\"content-video__placeholder__thumb\" title=\"Andr\u00e9 Trigueiro: Brasil vive 'contradi\u00e7\u00e3o' com autoriza\u00e7\u00e3o para pesquisas de petr\u00f3leo na Foz do Amazonas\" src=\"https:\/\/s04.video.glbimg.com\/x240\/14027379.jpg\" alt=\"Andr\u00e9 Trigueiro: Brasil vive 'contradi\u00e7\u00e3o' com autoriza\u00e7\u00e3o para pesquisas de petr\u00f3leo na Foz do Amazonas\" \/><\/div>\n<\/div>\n<\/section>\n<\/article>\n<\/div>\n<div class=\"bs-block-video__container\">\n<p class=\"codex-caption codex-caption--small\">Andr\u00e9 Trigueiro: Brasil vive &#8216;contradi\u00e7\u00e3o&#8217; com autoriza\u00e7\u00e3o para pesquisas de petr\u00f3leo na Foz do Amazonas<\/p>\n<\/div>\n<\/div>\n<\/div>\n<\/div>\n<div id=\"chunk-arf4b\">\n<div class=\"mc-column content-text active-extra-styles \" data-block-type=\"unstyled\" data-block-weight=\"12\" data-block-id=\"109\">\n<p class=\" content-text__container \" data-track-category=\"Link no Texto\" data-track-links=\"\" data-mrf-recirculation=\"Mat\u00e9ria - Links no Texto\"><em>* Com informa\u00e7\u00f5es da GloboNews, de Roberto Peixoto e de Poliana Casemiro.<\/em><\/p>\n<\/div>\n<\/div>\n<div data-track-category=\"multicontent\" data-track-action=\"multicontent\" data-track-noninteraction=\"false\" data-track-scroll=\"ultimo chunk conteudo\" data-track-value=\"view\">\n<div id=\"chunk-7rejv\">\n<div class=\"block-podcast\">\n<div class=\"mc-column content-media content-media--normal podcast-container\" data-block-type=\"multicontent-podcast\" data-block-id=\"110\"><iframe class=\"podcast-iframe audiopub-player\" src=\"https:\/\/s3.glbimg.com\/v1\/AUTH_14ce1dbebbe64b1e8e955809a085692d\/web-components\/teste-ab.html?url=aHR0cHM6Ly9zMy5nbGJpbWcuY29tL3YxL0FVVEhfMTRjZTFkYmViYmU2NGIxZThlOTU1ODA5YTA4NTY5MmQvd2ViLWNvbXBvbmVudHMvcGxheWVyLXdlYi1tdWx0aWNvbnRlbnQvcHJvZC93aWRnZXQuaHRtbD9wcm9kdWN0TmFtZT1nMSZwcm9kdWN0Q29sb3I9JTIzQzQxNzBDJmFydHdvcmtVUkw9aHR0cHMlM0ElMkYlMkZzMy5nbGJpbWcuY29tJTJGdjElMkZBVVRIXzU5ZWRkNDIyYzBjODRhODc5YmQzNzY3MGFlNGY1MzhhJTJGYXVkaW9wdWItZXBpc29kZXMlMkZicyUyRjIwMjUlMkZmJTJGQiUyRnBWamI3d1RZeVZ0VnBsUmJtVWZBJTJGbmF0dXphLWNhcGEuanBnJmF1ZGlvVVJMPWh0dHBzJTNBJTJGJTJGdHJhZmZpYy5vbW55LmZtJTJGZCUyRmNsaXBzJTJGNjUxYTI1MWUtMDZlMS00N2UwLTkzMzYtYWM1YTAwZjQxNjI4JTJGMDQ1NjFiNDMtNzUzZC00Nzg0LThlMTktYWM4YjAwZTg2NDExJTJGYTEzN2FjYzAtOWI0Yy00MTY3LWJmZTEtYjM3OTAwMzVkM2ZkJTJGYXVkaW8ubXAzJmR1cmF0aW9uPTE0NzcuNTAyJmF1dGhvcj1HMSZlcGlzb2RlVGl0bGU9TytlbmNvbnRybytCcmFzaWwtRVVBK2UrbytmYXRvcitWZW5lenVlbGErJnBvZGNhc3RUaXRsZT1PK0Fzc3VudG8mcHVibGlzaGVkQXQ9MjAyNS0xMC0xN1QwMyUzQTE3JTNBMDZaJnNoYXJlVXJsPWh0dHBzJTNBJTJGJTJGZzEuZ2xvYm8uY29tJTJGcG9kY2FzdCUyRm8tYXNzdW50byUyRg==&amp;channel=desktop\" width=\"320\" height=\"210\" frameborder=\"0\" scrolling=\"no\" data-mce-fragment=\"1\"><\/iframe><\/div>\n<\/div>\n<\/div>\n<\/div>\n<\/div>\n<\/article>\n<div class=\"mc-column entities\">\n<ul class=\"entities__list\" data-track-category=\"multicontent\" data-track-action=\"tag semantica\" data-mrf-recirculation=\"Mat\u00e9ria - Tags Entidades Sem\u00e2nticas\">\n<li class=\"entities__list-item\"><a class=\"entities__list-itemLink\" href=\"https:\/\/g1.globo.com\/tudo-sobre\/ibama\/\" data-track-click=\"Ibama\" data-mrf-link=\"https:\/\/g1.globo.com\/tudo-sobre\/ibama\/\">Ibama<\/a><\/li>\n<li class=\"entities__list-item\"><a class=\"entities__list-itemLink\" href=\"https:\/\/g1.globo.com\/tudo-sobre\/ministerio-de-minas-e-energia\/\" data-track-click=\"Minist\u00e9rio de Minas e Energia\" data-mrf-link=\"https:\/\/g1.globo.com\/tudo-sobre\/ministerio-de-minas-e-energia\/\">Minist\u00e9rio de Minas e Energia<\/a><\/li>\n<li class=\"entities__list-item\"><a class=\"entities__list-itemLink\" href=\"https:\/\/g1.globo.com\/tudo-sobre\/petrobras\/\" data-track-click=\"Petrobras\" data-mrf-link=\"https:\/\/g1.globo.com\/tudo-sobre\/petrobras\/\">Petrobras<\/a><\/li>\n<\/ul>\n<p>FONTE: G1<\/p>\n<\/div>\n<div class=\"mc-column newsletter-g1\"><\/div>\n<\/div>\n<p>&nbsp;<\/p>\n","protected":false},"excerpt":{"rendered":"<p>Foto Divulga\u00e7\u00e3o- Cr\u00e9dito Fernando Fraz\u00e3o\/Ag\u00eancia Brasil A atividade na regi\u00e3o \u00e9 duramente criticada por ambientalistas, enquanto especialistas em petr\u00f3leo e o Minist\u00e9rio de Minas e Energia ressaltam sua import\u00e2ncia para a produ\u00e7\u00e3o. Por\u00a0Andr\u00e9 Catto, g1\u00a0\u2014 S\u00e3o Paulo 22\/10\/2025 05h04\u00a0\u00a0Atualizado\u00a0h\u00e1 11 horas O Ibama autorizou, na segunda-feira (20), a Petrobras a perfurar um po\u00e7o em \u00e1guas [&hellip;]<\/p>\n","protected":false},"author":2,"featured_media":3944,"comment_status":"open","ping_status":"open","sticky":false,"template":"","format":"standard","meta":{"rop_custom_images_group":[],"rop_custom_messages_group":[],"rop_publish_now":"initial","rop_publish_now_accounts":{"twitter_850042665852968960_850042665852968960":""},"rop_publish_now_history":[],"rop_publish_now_status":"pending","footnotes":""},"categories":[15],"tags":[782,783,784,785],"class_list":["post-3943","post","type-post","status-publish","format-standard","has-post-thumbnail","hentry","category-destaques","tag-exploracao-da-foz-do-amazonas","tag-ibama","tag-perfuracao","tag-peroleo"],"yoast_head":"<!-- This site is optimized with the Yoast SEO plugin v27.2 - https:\/\/yoast.com\/product\/yoast-seo-wordpress\/ -->\n<title>Explora\u00e7\u00e3o da Foz do Amazonas: o que se sabe e o que falta saber sobre a opera\u00e7\u00e3o da Petrobras - Prefeitos &amp; Gest\u00f5es<\/title>\n<meta name=\"description\" content=\"Explora\u00e7\u00e3o da Foz do Amazonas: o que se sabe e o que falta saber sobre a opera\u00e7\u00e3o da Petrobras.\" \/>\n<meta name=\"robots\" content=\"index, follow, max-snippet:-1, max-image-preview:large, max-video-preview:-1\" \/>\n<link rel=\"canonical\" href=\"https:\/\/prefeitosegestoes.com.br\/portal\/exploracao-da-foz-do-amazonas-o-que-se-sabe-e-o-que-falta-saber-sobre-a-operacao-da-petrobras\/\" \/>\n<meta property=\"og:locale\" content=\"pt_BR\" \/>\n<meta property=\"og:type\" content=\"article\" \/>\n<meta property=\"og:title\" content=\"Explora\u00e7\u00e3o da Foz do Amazonas: o que se sabe e o que falta saber sobre a opera\u00e7\u00e3o da Petrobras - Prefeitos &amp; Gest\u00f5es\" \/>\n<meta property=\"og:description\" content=\"Explora\u00e7\u00e3o da Foz do Amazonas: o que se sabe e o que falta saber sobre a opera\u00e7\u00e3o da Petrobras.\" \/>\n<meta property=\"og:url\" content=\"https:\/\/prefeitosegestoes.com.br\/portal\/exploracao-da-foz-do-amazonas-o-que-se-sabe-e-o-que-falta-saber-sobre-a-operacao-da-petrobras\/\" \/>\n<meta property=\"og:site_name\" content=\"Prefeitos &amp; Gest\u00f5es\" \/>\n<meta property=\"article:publisher\" content=\"https:\/\/www.facebook.com\/prefeitosonline\" \/>\n<meta property=\"article:published_time\" content=\"2025-10-22T22:16:33+00:00\" \/>\n<meta property=\"og:image\" content=\"https:\/\/prefeitosegestoes.com.br\/portal\/wp-content\/uploads\/2025\/10\/d6a4763.webp\" \/>\n\t<meta property=\"og:image:width\" content=\"1024\" \/>\n\t<meta property=\"og:image:height\" content=\"768\" \/>\n\t<meta property=\"og:image:type\" content=\"image\/webp\" \/>\n<meta name=\"author\" content=\"Prefeitos &amp; Gest\u00f5es\" \/>\n<meta name=\"twitter:card\" content=\"summary_large_image\" \/>\n<meta name=\"twitter:creator\" content=\"@PrefGestoes\" \/>\n<meta name=\"twitter:site\" content=\"@PrefGestoes\" \/>\n<meta name=\"twitter:label1\" content=\"Escrito por\" \/>\n\t<meta name=\"twitter:data1\" content=\"Prefeitos &amp; Gest\u00f5es\" \/>\n\t<meta name=\"twitter:label2\" content=\"Est. tempo de leitura\" \/>\n\t<meta name=\"twitter:data2\" content=\"13 minutos\" \/>\n<script type=\"application\/ld+json\" class=\"yoast-schema-graph\">{\"@context\":\"https:\/\/schema.org\",\"@graph\":[{\"@type\":\"Article\",\"@id\":\"https:\/\/prefeitosegestoes.com.br\/portal\/exploracao-da-foz-do-amazonas-o-que-se-sabe-e-o-que-falta-saber-sobre-a-operacao-da-petrobras\/#article\",\"isPartOf\":{\"@id\":\"https:\/\/prefeitosegestoes.com.br\/portal\/exploracao-da-foz-do-amazonas-o-que-se-sabe-e-o-que-falta-saber-sobre-a-operacao-da-petrobras\/\"},\"author\":{\"name\":\"Prefeitos &amp; Gest\u00f5es\",\"@id\":\"https:\/\/prefeitosegestoes.com.br\/portal\/#\/schema\/person\/d00059f2ec99963e7e1850d448ae94b8\"},\"headline\":\"Explora\u00e7\u00e3o da Foz do Amazonas: o que se sabe e o que falta saber sobre a opera\u00e7\u00e3o da Petrobras\",\"datePublished\":\"2025-10-22T22:16:33+00:00\",\"mainEntityOfPage\":{\"@id\":\"https:\/\/prefeitosegestoes.com.br\/portal\/exploracao-da-foz-do-amazonas-o-que-se-sabe-e-o-que-falta-saber-sobre-a-operacao-da-petrobras\/\"},\"wordCount\":2431,\"commentCount\":0,\"publisher\":{\"@id\":\"https:\/\/prefeitosegestoes.com.br\/portal\/#organization\"},\"image\":{\"@id\":\"https:\/\/prefeitosegestoes.com.br\/portal\/exploracao-da-foz-do-amazonas-o-que-se-sabe-e-o-que-falta-saber-sobre-a-operacao-da-petrobras\/#primaryimage\"},\"thumbnailUrl\":\"https:\/\/prefeitosegestoes.com.br\/portal\/wp-content\/uploads\/2025\/10\/d6a4763.webp\",\"keywords\":[\"Explora\u00e7\u00e3o da Foz do Amazonas\",\"IBAMA\",\"Perfura\u00e7\u00e3o\",\"Per\u00f3leo\"],\"articleSection\":[\"Destaques\"],\"inLanguage\":\"pt-BR\",\"potentialAction\":[{\"@type\":\"CommentAction\",\"name\":\"Comment\",\"target\":[\"https:\/\/prefeitosegestoes.com.br\/portal\/exploracao-da-foz-do-amazonas-o-que-se-sabe-e-o-que-falta-saber-sobre-a-operacao-da-petrobras\/#respond\"]}]},{\"@type\":\"WebPage\",\"@id\":\"https:\/\/prefeitosegestoes.com.br\/portal\/exploracao-da-foz-do-amazonas-o-que-se-sabe-e-o-que-falta-saber-sobre-a-operacao-da-petrobras\/\",\"url\":\"https:\/\/prefeitosegestoes.com.br\/portal\/exploracao-da-foz-do-amazonas-o-que-se-sabe-e-o-que-falta-saber-sobre-a-operacao-da-petrobras\/\",\"name\":\"Explora\u00e7\u00e3o da Foz do Amazonas: o que se sabe e o que falta saber sobre a opera\u00e7\u00e3o da Petrobras - Prefeitos &amp; Gest\u00f5es\",\"isPartOf\":{\"@id\":\"https:\/\/prefeitosegestoes.com.br\/portal\/#website\"},\"primaryImageOfPage\":{\"@id\":\"https:\/\/prefeitosegestoes.com.br\/portal\/exploracao-da-foz-do-amazonas-o-que-se-sabe-e-o-que-falta-saber-sobre-a-operacao-da-petrobras\/#primaryimage\"},\"image\":{\"@id\":\"https:\/\/prefeitosegestoes.com.br\/portal\/exploracao-da-foz-do-amazonas-o-que-se-sabe-e-o-que-falta-saber-sobre-a-operacao-da-petrobras\/#primaryimage\"},\"thumbnailUrl\":\"https:\/\/prefeitosegestoes.com.br\/portal\/wp-content\/uploads\/2025\/10\/d6a4763.webp\",\"datePublished\":\"2025-10-22T22:16:33+00:00\",\"description\":\"Explora\u00e7\u00e3o da Foz do Amazonas: o que se sabe e o que falta saber sobre a opera\u00e7\u00e3o da Petrobras.\",\"breadcrumb\":{\"@id\":\"https:\/\/prefeitosegestoes.com.br\/portal\/exploracao-da-foz-do-amazonas-o-que-se-sabe-e-o-que-falta-saber-sobre-a-operacao-da-petrobras\/#breadcrumb\"},\"inLanguage\":\"pt-BR\",\"potentialAction\":[{\"@type\":\"ReadAction\",\"target\":[\"https:\/\/prefeitosegestoes.com.br\/portal\/exploracao-da-foz-do-amazonas-o-que-se-sabe-e-o-que-falta-saber-sobre-a-operacao-da-petrobras\/\"]}]},{\"@type\":\"ImageObject\",\"inLanguage\":\"pt-BR\",\"@id\":\"https:\/\/prefeitosegestoes.com.br\/portal\/exploracao-da-foz-do-amazonas-o-que-se-sabe-e-o-que-falta-saber-sobre-a-operacao-da-petrobras\/#primaryimage\",\"url\":\"https:\/\/prefeitosegestoes.com.br\/portal\/wp-content\/uploads\/2025\/10\/d6a4763.webp\",\"contentUrl\":\"https:\/\/prefeitosegestoes.com.br\/portal\/wp-content\/uploads\/2025\/10\/d6a4763.webp\",\"width\":1024,\"height\":768},{\"@type\":\"BreadcrumbList\",\"@id\":\"https:\/\/prefeitosegestoes.com.br\/portal\/exploracao-da-foz-do-amazonas-o-que-se-sabe-e-o-que-falta-saber-sobre-a-operacao-da-petrobras\/#breadcrumb\",\"itemListElement\":[{\"@type\":\"ListItem\",\"position\":1,\"name\":\"In\u00edcio\",\"item\":\"https:\/\/prefeitosegestoes.com.br\/portal\/\"},{\"@type\":\"ListItem\",\"position\":2,\"name\":\"Explora\u00e7\u00e3o da Foz do Amazonas: o que se sabe e o que falta saber sobre a opera\u00e7\u00e3o da Petrobras\"}]},{\"@type\":\"WebSite\",\"@id\":\"https:\/\/prefeitosegestoes.com.br\/portal\/#website\",\"url\":\"https:\/\/prefeitosegestoes.com.br\/portal\/\",\"name\":\"Prefeitos & Gest\u00f5es\",\"description\":\"\",\"publisher\":{\"@id\":\"https:\/\/prefeitosegestoes.com.br\/portal\/#organization\"},\"potentialAction\":[{\"@type\":\"SearchAction\",\"target\":{\"@type\":\"EntryPoint\",\"urlTemplate\":\"https:\/\/prefeitosegestoes.com.br\/portal\/?s={search_term_string}\"},\"query-input\":{\"@type\":\"PropertyValueSpecification\",\"valueRequired\":true,\"valueName\":\"search_term_string\"}}],\"inLanguage\":\"pt-BR\"},{\"@type\":\"Organization\",\"@id\":\"https:\/\/prefeitosegestoes.com.br\/portal\/#organization\",\"name\":\"Prefeitos & Gest\u00f5es\",\"url\":\"https:\/\/prefeitosegestoes.com.br\/portal\/\",\"logo\":{\"@type\":\"ImageObject\",\"inLanguage\":\"pt-BR\",\"@id\":\"https:\/\/prefeitosegestoes.com.br\/portal\/#\/schema\/logo\/image\/\",\"url\":\"https:\/\/prefeitosegestoes.com.br\/portal\/wp-content\/uploads\/2024\/10\/lg_trans_prefeitos_2024_preto2.png\",\"contentUrl\":\"https:\/\/prefeitosegestoes.com.br\/portal\/wp-content\/uploads\/2024\/10\/lg_trans_prefeitos_2024_preto2.png\",\"width\":199,\"height\":122,\"caption\":\"Prefeitos & Gest\u00f5es\"},\"image\":{\"@id\":\"https:\/\/prefeitosegestoes.com.br\/portal\/#\/schema\/logo\/image\/\"},\"sameAs\":[\"https:\/\/www.facebook.com\/prefeitosonline\",\"https:\/\/x.com\/PrefGestoes\"]},{\"@type\":\"Person\",\"@id\":\"https:\/\/prefeitosegestoes.com.br\/portal\/#\/schema\/person\/d00059f2ec99963e7e1850d448ae94b8\",\"name\":\"Prefeitos &amp; Gest\u00f5es\",\"image\":{\"@type\":\"ImageObject\",\"inLanguage\":\"pt-BR\",\"@id\":\"https:\/\/secure.gravatar.com\/avatar\/738fb281e479212ed32c1a21a4307dda9f3af9292edb6918a16c9ce9fff5f48d?s=96&d=mm&r=g\",\"url\":\"https:\/\/secure.gravatar.com\/avatar\/738fb281e479212ed32c1a21a4307dda9f3af9292edb6918a16c9ce9fff5f48d?s=96&d=mm&r=g\",\"contentUrl\":\"https:\/\/secure.gravatar.com\/avatar\/738fb281e479212ed32c1a21a4307dda9f3af9292edb6918a16c9ce9fff5f48d?s=96&d=mm&r=g\",\"caption\":\"Prefeitos &amp; Gest\u00f5es\"},\"url\":\"https:\/\/prefeitosegestoes.com.br\/portal\/author\/prefeitosegestoes\/\"}]}<\/script>\n<!-- \/ Yoast SEO plugin. -->","yoast_head_json":{"title":"Explora\u00e7\u00e3o da Foz do Amazonas: o que se sabe e o que falta saber sobre a opera\u00e7\u00e3o da Petrobras - Prefeitos &amp; Gest\u00f5es","description":"Explora\u00e7\u00e3o da Foz do Amazonas: o que se sabe e o que falta saber sobre a opera\u00e7\u00e3o da Petrobras.","robots":{"index":"index","follow":"follow","max-snippet":"max-snippet:-1","max-image-preview":"max-image-preview:large","max-video-preview":"max-video-preview:-1"},"canonical":"https:\/\/prefeitosegestoes.com.br\/portal\/exploracao-da-foz-do-amazonas-o-que-se-sabe-e-o-que-falta-saber-sobre-a-operacao-da-petrobras\/","og_locale":"pt_BR","og_type":"article","og_title":"Explora\u00e7\u00e3o da Foz do Amazonas: o que se sabe e o que falta saber sobre a opera\u00e7\u00e3o da Petrobras - Prefeitos &amp; Gest\u00f5es","og_description":"Explora\u00e7\u00e3o da Foz do Amazonas: o que se sabe e o que falta saber sobre a opera\u00e7\u00e3o da Petrobras.","og_url":"https:\/\/prefeitosegestoes.com.br\/portal\/exploracao-da-foz-do-amazonas-o-que-se-sabe-e-o-que-falta-saber-sobre-a-operacao-da-petrobras\/","og_site_name":"Prefeitos &amp; Gest\u00f5es","article_publisher":"https:\/\/www.facebook.com\/prefeitosonline","article_published_time":"2025-10-22T22:16:33+00:00","og_image":[{"width":1024,"height":768,"url":"https:\/\/prefeitosegestoes.com.br\/portal\/wp-content\/uploads\/2025\/10\/d6a4763.webp","type":"image\/webp"}],"author":"Prefeitos &amp; Gest\u00f5es","twitter_card":"summary_large_image","twitter_creator":"@PrefGestoes","twitter_site":"@PrefGestoes","twitter_misc":{"Escrito por":"Prefeitos &amp; Gest\u00f5es","Est. tempo de leitura":"13 minutos"},"schema":{"@context":"https:\/\/schema.org","@graph":[{"@type":"Article","@id":"https:\/\/prefeitosegestoes.com.br\/portal\/exploracao-da-foz-do-amazonas-o-que-se-sabe-e-o-que-falta-saber-sobre-a-operacao-da-petrobras\/#article","isPartOf":{"@id":"https:\/\/prefeitosegestoes.com.br\/portal\/exploracao-da-foz-do-amazonas-o-que-se-sabe-e-o-que-falta-saber-sobre-a-operacao-da-petrobras\/"},"author":{"name":"Prefeitos &amp; Gest\u00f5es","@id":"https:\/\/prefeitosegestoes.com.br\/portal\/#\/schema\/person\/d00059f2ec99963e7e1850d448ae94b8"},"headline":"Explora\u00e7\u00e3o da Foz do Amazonas: o que se sabe e o que falta saber sobre a opera\u00e7\u00e3o da Petrobras","datePublished":"2025-10-22T22:16:33+00:00","mainEntityOfPage":{"@id":"https:\/\/prefeitosegestoes.com.br\/portal\/exploracao-da-foz-do-amazonas-o-que-se-sabe-e-o-que-falta-saber-sobre-a-operacao-da-petrobras\/"},"wordCount":2431,"commentCount":0,"publisher":{"@id":"https:\/\/prefeitosegestoes.com.br\/portal\/#organization"},"image":{"@id":"https:\/\/prefeitosegestoes.com.br\/portal\/exploracao-da-foz-do-amazonas-o-que-se-sabe-e-o-que-falta-saber-sobre-a-operacao-da-petrobras\/#primaryimage"},"thumbnailUrl":"https:\/\/prefeitosegestoes.com.br\/portal\/wp-content\/uploads\/2025\/10\/d6a4763.webp","keywords":["Explora\u00e7\u00e3o da Foz do Amazonas","IBAMA","Perfura\u00e7\u00e3o","Per\u00f3leo"],"articleSection":["Destaques"],"inLanguage":"pt-BR","potentialAction":[{"@type":"CommentAction","name":"Comment","target":["https:\/\/prefeitosegestoes.com.br\/portal\/exploracao-da-foz-do-amazonas-o-que-se-sabe-e-o-que-falta-saber-sobre-a-operacao-da-petrobras\/#respond"]}]},{"@type":"WebPage","@id":"https:\/\/prefeitosegestoes.com.br\/portal\/exploracao-da-foz-do-amazonas-o-que-se-sabe-e-o-que-falta-saber-sobre-a-operacao-da-petrobras\/","url":"https:\/\/prefeitosegestoes.com.br\/portal\/exploracao-da-foz-do-amazonas-o-que-se-sabe-e-o-que-falta-saber-sobre-a-operacao-da-petrobras\/","name":"Explora\u00e7\u00e3o da Foz do Amazonas: o que se sabe e o que falta saber sobre a opera\u00e7\u00e3o da Petrobras - Prefeitos &amp; Gest\u00f5es","isPartOf":{"@id":"https:\/\/prefeitosegestoes.com.br\/portal\/#website"},"primaryImageOfPage":{"@id":"https:\/\/prefeitosegestoes.com.br\/portal\/exploracao-da-foz-do-amazonas-o-que-se-sabe-e-o-que-falta-saber-sobre-a-operacao-da-petrobras\/#primaryimage"},"image":{"@id":"https:\/\/prefeitosegestoes.com.br\/portal\/exploracao-da-foz-do-amazonas-o-que-se-sabe-e-o-que-falta-saber-sobre-a-operacao-da-petrobras\/#primaryimage"},"thumbnailUrl":"https:\/\/prefeitosegestoes.com.br\/portal\/wp-content\/uploads\/2025\/10\/d6a4763.webp","datePublished":"2025-10-22T22:16:33+00:00","description":"Explora\u00e7\u00e3o da Foz do Amazonas: o que se sabe e o que falta saber sobre a opera\u00e7\u00e3o da Petrobras.","breadcrumb":{"@id":"https:\/\/prefeitosegestoes.com.br\/portal\/exploracao-da-foz-do-amazonas-o-que-se-sabe-e-o-que-falta-saber-sobre-a-operacao-da-petrobras\/#breadcrumb"},"inLanguage":"pt-BR","potentialAction":[{"@type":"ReadAction","target":["https:\/\/prefeitosegestoes.com.br\/portal\/exploracao-da-foz-do-amazonas-o-que-se-sabe-e-o-que-falta-saber-sobre-a-operacao-da-petrobras\/"]}]},{"@type":"ImageObject","inLanguage":"pt-BR","@id":"https:\/\/prefeitosegestoes.com.br\/portal\/exploracao-da-foz-do-amazonas-o-que-se-sabe-e-o-que-falta-saber-sobre-a-operacao-da-petrobras\/#primaryimage","url":"https:\/\/prefeitosegestoes.com.br\/portal\/wp-content\/uploads\/2025\/10\/d6a4763.webp","contentUrl":"https:\/\/prefeitosegestoes.com.br\/portal\/wp-content\/uploads\/2025\/10\/d6a4763.webp","width":1024,"height":768},{"@type":"BreadcrumbList","@id":"https:\/\/prefeitosegestoes.com.br\/portal\/exploracao-da-foz-do-amazonas-o-que-se-sabe-e-o-que-falta-saber-sobre-a-operacao-da-petrobras\/#breadcrumb","itemListElement":[{"@type":"ListItem","position":1,"name":"In\u00edcio","item":"https:\/\/prefeitosegestoes.com.br\/portal\/"},{"@type":"ListItem","position":2,"name":"Explora\u00e7\u00e3o da Foz do Amazonas: o que se sabe e o que falta saber sobre a opera\u00e7\u00e3o da Petrobras"}]},{"@type":"WebSite","@id":"https:\/\/prefeitosegestoes.com.br\/portal\/#website","url":"https:\/\/prefeitosegestoes.com.br\/portal\/","name":"Prefeitos & Gest\u00f5es","description":"","publisher":{"@id":"https:\/\/prefeitosegestoes.com.br\/portal\/#organization"},"potentialAction":[{"@type":"SearchAction","target":{"@type":"EntryPoint","urlTemplate":"https:\/\/prefeitosegestoes.com.br\/portal\/?s={search_term_string}"},"query-input":{"@type":"PropertyValueSpecification","valueRequired":true,"valueName":"search_term_string"}}],"inLanguage":"pt-BR"},{"@type":"Organization","@id":"https:\/\/prefeitosegestoes.com.br\/portal\/#organization","name":"Prefeitos & Gest\u00f5es","url":"https:\/\/prefeitosegestoes.com.br\/portal\/","logo":{"@type":"ImageObject","inLanguage":"pt-BR","@id":"https:\/\/prefeitosegestoes.com.br\/portal\/#\/schema\/logo\/image\/","url":"https:\/\/prefeitosegestoes.com.br\/portal\/wp-content\/uploads\/2024\/10\/lg_trans_prefeitos_2024_preto2.png","contentUrl":"https:\/\/prefeitosegestoes.com.br\/portal\/wp-content\/uploads\/2024\/10\/lg_trans_prefeitos_2024_preto2.png","width":199,"height":122,"caption":"Prefeitos & Gest\u00f5es"},"image":{"@id":"https:\/\/prefeitosegestoes.com.br\/portal\/#\/schema\/logo\/image\/"},"sameAs":["https:\/\/www.facebook.com\/prefeitosonline","https:\/\/x.com\/PrefGestoes"]},{"@type":"Person","@id":"https:\/\/prefeitosegestoes.com.br\/portal\/#\/schema\/person\/d00059f2ec99963e7e1850d448ae94b8","name":"Prefeitos &amp; Gest\u00f5es","image":{"@type":"ImageObject","inLanguage":"pt-BR","@id":"https:\/\/secure.gravatar.com\/avatar\/738fb281e479212ed32c1a21a4307dda9f3af9292edb6918a16c9ce9fff5f48d?s=96&d=mm&r=g","url":"https:\/\/secure.gravatar.com\/avatar\/738fb281e479212ed32c1a21a4307dda9f3af9292edb6918a16c9ce9fff5f48d?s=96&d=mm&r=g","contentUrl":"https:\/\/secure.gravatar.com\/avatar\/738fb281e479212ed32c1a21a4307dda9f3af9292edb6918a16c9ce9fff5f48d?s=96&d=mm&r=g","caption":"Prefeitos &amp; Gest\u00f5es"},"url":"https:\/\/prefeitosegestoes.com.br\/portal\/author\/prefeitosegestoes\/"}]}},"_links":{"self":[{"href":"https:\/\/prefeitosegestoes.com.br\/portal\/wp-json\/wp\/v2\/posts\/3943","targetHints":{"allow":["GET"]}}],"collection":[{"href":"https:\/\/prefeitosegestoes.com.br\/portal\/wp-json\/wp\/v2\/posts"}],"about":[{"href":"https:\/\/prefeitosegestoes.com.br\/portal\/wp-json\/wp\/v2\/types\/post"}],"author":[{"embeddable":true,"href":"https:\/\/prefeitosegestoes.com.br\/portal\/wp-json\/wp\/v2\/users\/2"}],"replies":[{"embeddable":true,"href":"https:\/\/prefeitosegestoes.com.br\/portal\/wp-json\/wp\/v2\/comments?post=3943"}],"version-history":[{"count":1,"href":"https:\/\/prefeitosegestoes.com.br\/portal\/wp-json\/wp\/v2\/posts\/3943\/revisions"}],"predecessor-version":[{"id":3945,"href":"https:\/\/prefeitosegestoes.com.br\/portal\/wp-json\/wp\/v2\/posts\/3943\/revisions\/3945"}],"wp:featuredmedia":[{"embeddable":true,"href":"https:\/\/prefeitosegestoes.com.br\/portal\/wp-json\/wp\/v2\/media\/3944"}],"wp:attachment":[{"href":"https:\/\/prefeitosegestoes.com.br\/portal\/wp-json\/wp\/v2\/media?parent=3943"}],"wp:term":[{"taxonomy":"category","embeddable":true,"href":"https:\/\/prefeitosegestoes.com.br\/portal\/wp-json\/wp\/v2\/categories?post=3943"},{"taxonomy":"post_tag","embeddable":true,"href":"https:\/\/prefeitosegestoes.com.br\/portal\/wp-json\/wp\/v2\/tags?post=3943"}],"curies":[{"name":"wp","href":"https:\/\/api.w.org\/{rel}","templated":true}]}}