{"id":3935,"date":"2025-10-16T11:46:09","date_gmt":"2025-10-16T14:46:09","guid":{"rendered":"https:\/\/prefeitosegestoes.com.br\/portal\/?p=3935"},"modified":"2025-10-16T11:48:49","modified_gmt":"2025-10-16T14:48:49","slug":"camara-define-que-criancas-devem-ser-alfabetizadas-ate-o-fim-do-2o-ano","status":"publish","type":"post","link":"https:\/\/prefeitosegestoes.com.br\/portal\/camara-define-que-criancas-devem-ser-alfabetizadas-ate-o-fim-do-2o-ano\/","title":{"rendered":"C\u00e2mara define que crian\u00e7as devem ser alfabetizadas at\u00e9 o fim do 2\u00ba ano"},"content":{"rendered":"<h6 class=\"asset__summary\">Foto: Tomaz Silva\/Ag\u00eancia Brasil<\/h6>\n<h2 class=\"asset__summary\">Projeto transforma Compromisso Nacional da Crian\u00e7a Alfabetizada em pol\u00edtica de Estado, com ades\u00e3o volunt\u00e1ria de estados e munic\u00edpios.<\/h2>\n<div class=\"asset__actions\">\n<div class=\"asset__info\">\n<p class=\"asset__publisher\">Congresso em Foco<\/p>\n<p class=\"asset__date\">16\/10\/2025\u00a0<span class=\"ng-star-inserted\">10:00<\/span><\/p>\n<\/div>\n<\/div>\n<div class=\"asset__content leitura-materia-112993\">\n<div class=\"html-content\">\n<p>A C\u00e2mara dos Deputados aprovou o projeto de lei que estabelece o Compromisso Nacional da Crian\u00e7a Alfabetizada, uma iniciativa de ades\u00e3o volunt\u00e1ria destinada a estados e munic\u00edpios, com o objetivo de otimizar a gest\u00e3o de a\u00e7\u00f5es e programas voltados para a alfabetiza\u00e7\u00e3o infantil. A proposi\u00e7\u00e3o segue agora para a san\u00e7\u00e3o do Poder Executivo.<\/p>\n<p>De autoria do Senado Federal, o projeto de lei\u00a0<a href=\"https:\/\/www.camara.leg.br\/proposicoesWeb\/fichadetramitacao?idProposicao=2487987\" target=\"_blank\" rel=\"noopener\">4937\/2024<\/a>\u00a0foi aprovado em sess\u00e3o plen\u00e1ria, com pareceres favor\u00e1veis da deputada\u00a0<a class=\"parlLink ignore-hover\" href=\"https:\/\/radar.congressoemfoco.com.br\/parlamentar\/1204540\/perfil\" target=\"_blank\" rel=\"noopener\">Maria Rosas (Republicanos-SP)<\/a>\u00a0na Comiss\u00e3o de Educa\u00e7\u00e3o e do deputado\u00a0<a class=\"parlLink ignore-hover\" href=\"https:\/\/radar.congressoemfoco.com.br\/parlamentar\/174160\/perfil\" target=\"_blank\" rel=\"noopener\">Patrus Ananias (PT-MG)<\/a>, relator em Plen\u00e1rio. Sob a coordena\u00e7\u00e3o da Uni\u00e3o, os entes federativos que aderirem ao compromisso assumir\u00e3o a responsabilidade de promover a melhoria da qualidade do ensino e dos resultados da alfabetiza\u00e7\u00e3o, visando reduzir as disparidades de aprendizagem entre os estudantes.<\/p>\n<p>A ades\u00e3o \u00e0s pol\u00edticas, programas e a\u00e7\u00f5es estabelecidas no \u00e2mbito do compromisso poder\u00e1 ser realizada pelas redes de educa\u00e7\u00e3o, considerando suas necessidades espec\u00edficas e os territ\u00f3rios etnoeducacionais. O projeto estabelece como objetivos principais a alfabetiza\u00e7\u00e3o das crian\u00e7as brasileiras at\u00e9 o final do segundo ano do ensino fundamental e a promo\u00e7\u00e3o de medidas para a recomposi\u00e7\u00e3o das aprendizagens, com foco na alfabetiza\u00e7\u00e3o e na amplia\u00e7\u00e3o das compet\u00eancias em leitura e escrita.<\/p>\n<div class=\"img-info\"><span class=\"img-legenda\">Crian\u00e7as devem ser alfabetizadas at\u00e9 o final do 2\u00ba ano, com monitoramento e incentivo \u00e0s redes de ensino.<\/span><span class=\"img-credito\">Fernando Fraz\u00e3o\/Ag\u00eancia Brasil<\/span><\/div>\n<p>A Uni\u00e3o, al\u00e9m de coordenar o compromisso, oferecer\u00e1 apoio t\u00e9cnico e financeiro \u00e0s redes de ensino que aplicarem a avalia\u00e7\u00e3o diagn\u00f3stica prevista no projeto, considerando crit\u00e9rios como a propor\u00e7\u00e3o de crian\u00e7as n\u00e3o alfabetizadas, o incremento anual na propor\u00e7\u00e3o de crian\u00e7as alfabetizadas, caracter\u00edsticas socioecon\u00f4micas e \u00e9tnico-raciais, e a presen\u00e7a de crian\u00e7as da educa\u00e7\u00e3o especial inclusiva. A assist\u00eancia financeira estar\u00e1 sujeita ao or\u00e7amento do Minist\u00e9rio da Educa\u00e7\u00e3o e \u00e0s limita\u00e7\u00f5es do arcabou\u00e7o fiscal.<\/p>\n<p>O deputado Patrus Ananias ressaltou que a proposta n\u00e3o interfere na compet\u00eancia exclusiva do presidente da Rep\u00fablica, mas visa consolidar em lei uma pol\u00edtica p\u00fablica j\u00e1 em funcionamento, transformando o Compromisso Nacional Crian\u00e7a Alfabetizada em pol\u00edtica de Estado. Ele enfatizou que a iniciativa reflete o esp\u00edrito da Constitui\u00e7\u00e3o Cidad\u00e3, reafirmando a import\u00e2ncia de investir na alfabetiza\u00e7\u00e3o das crian\u00e7as para o futuro do pa\u00eds e a dignidade humana. &#8220;Tivemos o cuidado de manter o projeto na sua estrutura b\u00e1sica, para dar mais um passo para possibilitar a plena educa\u00e7\u00e3o de crian\u00e7as e jovens&#8221;, declarou.<\/p>\n<p>O projeto tamb\u00e9m cria o F\u00f3rum Nacional do Compromisso (FNC), de car\u00e1ter permanente, para articular e implementar as pol\u00edticas educacionais, garantindo o direito \u00e0 alfabetiza\u00e7\u00e3o. O f\u00f3rum ser\u00e1 presidido pelo presidente da Rep\u00fablica e contar\u00e1 com a participa\u00e7\u00e3o dos governadores dos estados que aderirem ao compromisso. No plano executivo, o Comit\u00ea Estrat\u00e9gico Nacional do Compromisso (Cenac) ser\u00e1 respons\u00e1vel pela governan\u00e7a sist\u00eamica das pactua\u00e7\u00f5es e pela colabora\u00e7\u00e3o na implementa\u00e7\u00e3o de pol\u00edticas, programas e a\u00e7\u00f5es em defesa da alfabetiza\u00e7\u00e3o.<\/p>\n<p>Para garantir a gest\u00e3o das a\u00e7\u00f5es pactuadas, ser\u00e1 institu\u00edda a Rede Nacional de Articula\u00e7\u00e3o de Gest\u00e3o, Forma\u00e7\u00e3o e Mobiliza\u00e7\u00e3o (Renalfa), visando o desenvolvimento profissional dos educadores e gestores, bem como o monitoramento dos resultados de aprendizagem. Uni\u00e3o, estados e munic\u00edpios dever\u00e3o estabelecer estrat\u00e9gias para identificar, reconhecer, premiar e disseminar pr\u00e1ticas pedag\u00f3gicas e de gest\u00e3o bem-sucedidas na alfabetiza\u00e7\u00e3o.<\/p>\n<p>Ser\u00e1 institu\u00eddo ainda o Selo Nacional Compromisso com a Alfabetiza\u00e7\u00e3o para premiar os esfor\u00e7os das secretarias de Educa\u00e7\u00e3o no alcance dos objetivos do compromisso, considerando a porcentagem de crian\u00e7as alfabetizadas e o incremento anual dessa porcentagem. Um regulamento definir\u00e1 estrat\u00e9gias e prazos para a implementa\u00e7\u00e3o de a\u00e7\u00f5es complementares que garantam o direito \u00e0 alfabetiza\u00e7\u00e3o de popula\u00e7\u00f5es espec\u00edficas, como jovens e adultos, educa\u00e7\u00e3o especial, educa\u00e7\u00e3o bil\u00edngue de surdos, educa\u00e7\u00e3o do campo, educa\u00e7\u00e3o escolar ind\u00edgena e educa\u00e7\u00e3o escolar quilombola.<\/p>\n<p>O apoio da Uni\u00e3o para a alfabetiza\u00e7\u00e3o dessas popula\u00e7\u00f5es abranger\u00e1 assist\u00eancia t\u00e9cnica, distribui\u00e7\u00e3o de materiais did\u00e1ticos e avalia\u00e7\u00f5es educacionais. O projeto lista princ\u00edpios e diretrizes como o pluralismo de ideias, o respeito \u00e0 liberdade e \u00e0 toler\u00e2ncia, a autonomia pedag\u00f3gica, o foco na alfabetiza\u00e7\u00e3o na idade certa e a pol\u00edtica de forma\u00e7\u00e3o para professores, t\u00e9cnicos e gestores educacionais.<\/p>\n<p><a href=\"https:\/\/static.congressoemfoco.com.br\/attachment\/2025\/10\/16\/0519a0_PL_4937_2024.pdf\" target=\"_blank\" rel=\"noopener\">Leia a \u00edntegra da proposta.<\/a><\/p>\n<\/div>\n<div id=\"parlTooltip\" class=\"ng-star-inserted\">\n<div class=\"parlTooltip-content\">\n<div class=\"parlTooltip-content-col-2\">\n<div class=\"parlTooltip-content-bloco\">\n<div class=\"parlTooltip-analises\"><\/div>\n<\/div>\n<\/div>\n<\/div>\n<\/div>\n<\/div>\n<div class=\"asset__tags\">\n<p class=\"asset__tags-title\">Font: Congresso em Foco<\/p>\n<\/div>\n","protected":false},"excerpt":{"rendered":"<p>Foto: Tomaz Silva\/Ag\u00eancia Brasil Projeto transforma Compromisso Nacional da Crian\u00e7a Alfabetizada em pol\u00edtica de Estado, com ades\u00e3o volunt\u00e1ria de estados e munic\u00edpios. Congresso em Foco 16\/10\/2025\u00a010:00 A C\u00e2mara dos Deputados aprovou o projeto de lei que estabelece o Compromisso Nacional da Crian\u00e7a Alfabetizada, uma iniciativa de ades\u00e3o volunt\u00e1ria destinada a estados e munic\u00edpios, com o [&hellip;]<\/p>\n","protected":false},"author":2,"featured_media":3938,"comment_status":"open","ping_status":"open","sticky":false,"template":"","format":"standard","meta":{"rop_custom_images_group":[],"rop_custom_messages_group":[],"rop_publish_now":"initial","rop_publish_now_accounts":{"twitter_850042665852968960_850042665852968960":""},"rop_publish_now_history":[],"rop_publish_now_status":"pending","footnotes":""},"categories":[15],"tags":[680,778,468,779,777],"class_list":["post-3935","post","type-post","status-publish","format-standard","has-post-thumbnail","hentry","category-destaques","tag-alfabetizacao","tag-alfabetozsap","tag-camara-dos-deputados","tag-compromisso-nacional-da-crianca-alfabetizada","tag-estados-e-municipios"],"yoast_head":"<!-- This site is optimized with the Yoast SEO plugin v27.2 - https:\/\/yoast.com\/product\/yoast-seo-wordpress\/ -->\n<title>C\u00e2mara define que crian\u00e7as devem ser alfabetizadas at\u00e9 o fim do 2\u00ba ano - Prefeitos &amp; Gest\u00f5es<\/title>\n<meta name=\"robots\" content=\"index, follow, max-snippet:-1, max-image-preview:large, max-video-preview:-1\" \/>\n<link rel=\"canonical\" href=\"https:\/\/prefeitosegestoes.com.br\/portal\/camara-define-que-criancas-devem-ser-alfabetizadas-ate-o-fim-do-2o-ano\/\" \/>\n<meta property=\"og:locale\" content=\"pt_BR\" \/>\n<meta property=\"og:type\" content=\"article\" \/>\n<meta property=\"og:title\" content=\"C\u00e2mara define que crian\u00e7as devem ser alfabetizadas at\u00e9 o fim do 2\u00ba ano - Prefeitos &amp; Gest\u00f5es\" \/>\n<meta property=\"og:description\" content=\"Foto: Tomaz Silva\/Ag\u00eancia Brasil Projeto transforma Compromisso Nacional da Crian\u00e7a Alfabetizada em pol\u00edtica de Estado, com ades\u00e3o volunt\u00e1ria de estados e munic\u00edpios. Congresso em Foco 16\/10\/2025\u00a010:00 A C\u00e2mara dos Deputados aprovou o projeto de lei que estabelece o Compromisso Nacional da Crian\u00e7a Alfabetizada, uma iniciativa de ades\u00e3o volunt\u00e1ria destinada a estados e munic\u00edpios, com o [&hellip;]\" \/>\n<meta property=\"og:url\" content=\"https:\/\/prefeitosegestoes.com.br\/portal\/camara-define-que-criancas-devem-ser-alfabetizadas-ate-o-fim-do-2o-ano\/\" \/>\n<meta property=\"og:site_name\" content=\"Prefeitos &amp; Gest\u00f5es\" \/>\n<meta property=\"article:publisher\" content=\"https:\/\/www.facebook.com\/prefeitosonline\" \/>\n<meta property=\"article:published_time\" content=\"2025-10-16T14:46:09+00:00\" \/>\n<meta property=\"article:modified_time\" content=\"2025-10-16T14:48:49+00:00\" \/>\n<meta property=\"og:image\" content=\"https:\/\/prefeitosegestoes.com.br\/portal\/wp-content\/uploads\/2025\/10\/toms0693.webp\" \/>\n\t<meta property=\"og:image:width\" content=\"1024\" \/>\n\t<meta property=\"og:image:height\" content=\"768\" \/>\n\t<meta property=\"og:image:type\" content=\"image\/webp\" \/>\n<meta name=\"author\" content=\"Prefeitos &amp; Gest\u00f5es\" \/>\n<meta name=\"twitter:card\" content=\"summary_large_image\" \/>\n<meta name=\"twitter:creator\" content=\"@PrefGestoes\" \/>\n<meta name=\"twitter:site\" content=\"@PrefGestoes\" \/>\n<meta name=\"twitter:label1\" content=\"Escrito por\" \/>\n\t<meta name=\"twitter:data1\" content=\"Prefeitos &amp; Gest\u00f5es\" \/>\n\t<meta name=\"twitter:label2\" content=\"Est. tempo de leitura\" \/>\n\t<meta name=\"twitter:data2\" content=\"4 minutos\" \/>\n<script type=\"application\/ld+json\" class=\"yoast-schema-graph\">{\"@context\":\"https:\/\/schema.org\",\"@graph\":[{\"@type\":\"Article\",\"@id\":\"https:\/\/prefeitosegestoes.com.br\/portal\/camara-define-que-criancas-devem-ser-alfabetizadas-ate-o-fim-do-2o-ano\/#article\",\"isPartOf\":{\"@id\":\"https:\/\/prefeitosegestoes.com.br\/portal\/camara-define-que-criancas-devem-ser-alfabetizadas-ate-o-fim-do-2o-ano\/\"},\"author\":{\"name\":\"Prefeitos &amp; Gest\u00f5es\",\"@id\":\"https:\/\/prefeitosegestoes.com.br\/portal\/#\/schema\/person\/d00059f2ec99963e7e1850d448ae94b8\"},\"headline\":\"C\u00e2mara define que crian\u00e7as devem ser alfabetizadas at\u00e9 o fim do 2\u00ba ano\",\"datePublished\":\"2025-10-16T14:46:09+00:00\",\"dateModified\":\"2025-10-16T14:48:49+00:00\",\"mainEntityOfPage\":{\"@id\":\"https:\/\/prefeitosegestoes.com.br\/portal\/camara-define-que-criancas-devem-ser-alfabetizadas-ate-o-fim-do-2o-ano\/\"},\"wordCount\":840,\"commentCount\":0,\"publisher\":{\"@id\":\"https:\/\/prefeitosegestoes.com.br\/portal\/#organization\"},\"image\":{\"@id\":\"https:\/\/prefeitosegestoes.com.br\/portal\/camara-define-que-criancas-devem-ser-alfabetizadas-ate-o-fim-do-2o-ano\/#primaryimage\"},\"thumbnailUrl\":\"https:\/\/prefeitosegestoes.com.br\/portal\/wp-content\/uploads\/2025\/10\/toms0693.webp\",\"keywords\":[\"Alfabetiza\u00e7\u00e3o\",\"Alfabetozs~]ap\",\"C\u00e2mara dos Deputados\",\"Compromisso Nacional da Crian\u00e7a Alfabetizada\",\"Estados e Munic\u00edpios\"],\"articleSection\":[\"Destaques\"],\"inLanguage\":\"pt-BR\",\"potentialAction\":[{\"@type\":\"CommentAction\",\"name\":\"Comment\",\"target\":[\"https:\/\/prefeitosegestoes.com.br\/portal\/camara-define-que-criancas-devem-ser-alfabetizadas-ate-o-fim-do-2o-ano\/#respond\"]}]},{\"@type\":\"WebPage\",\"@id\":\"https:\/\/prefeitosegestoes.com.br\/portal\/camara-define-que-criancas-devem-ser-alfabetizadas-ate-o-fim-do-2o-ano\/\",\"url\":\"https:\/\/prefeitosegestoes.com.br\/portal\/camara-define-que-criancas-devem-ser-alfabetizadas-ate-o-fim-do-2o-ano\/\",\"name\":\"C\u00e2mara define que crian\u00e7as devem ser alfabetizadas at\u00e9 o fim do 2\u00ba ano - Prefeitos &amp; Gest\u00f5es\",\"isPartOf\":{\"@id\":\"https:\/\/prefeitosegestoes.com.br\/portal\/#website\"},\"primaryImageOfPage\":{\"@id\":\"https:\/\/prefeitosegestoes.com.br\/portal\/camara-define-que-criancas-devem-ser-alfabetizadas-ate-o-fim-do-2o-ano\/#primaryimage\"},\"image\":{\"@id\":\"https:\/\/prefeitosegestoes.com.br\/portal\/camara-define-que-criancas-devem-ser-alfabetizadas-ate-o-fim-do-2o-ano\/#primaryimage\"},\"thumbnailUrl\":\"https:\/\/prefeitosegestoes.com.br\/portal\/wp-content\/uploads\/2025\/10\/toms0693.webp\",\"datePublished\":\"2025-10-16T14:46:09+00:00\",\"dateModified\":\"2025-10-16T14:48:49+00:00\",\"breadcrumb\":{\"@id\":\"https:\/\/prefeitosegestoes.com.br\/portal\/camara-define-que-criancas-devem-ser-alfabetizadas-ate-o-fim-do-2o-ano\/#breadcrumb\"},\"inLanguage\":\"pt-BR\",\"potentialAction\":[{\"@type\":\"ReadAction\",\"target\":[\"https:\/\/prefeitosegestoes.com.br\/portal\/camara-define-que-criancas-devem-ser-alfabetizadas-ate-o-fim-do-2o-ano\/\"]}]},{\"@type\":\"ImageObject\",\"inLanguage\":\"pt-BR\",\"@id\":\"https:\/\/prefeitosegestoes.com.br\/portal\/camara-define-que-criancas-devem-ser-alfabetizadas-ate-o-fim-do-2o-ano\/#primaryimage\",\"url\":\"https:\/\/prefeitosegestoes.com.br\/portal\/wp-content\/uploads\/2025\/10\/toms0693.webp\",\"contentUrl\":\"https:\/\/prefeitosegestoes.com.br\/portal\/wp-content\/uploads\/2025\/10\/toms0693.webp\",\"width\":1024,\"height\":768},{\"@type\":\"BreadcrumbList\",\"@id\":\"https:\/\/prefeitosegestoes.com.br\/portal\/camara-define-que-criancas-devem-ser-alfabetizadas-ate-o-fim-do-2o-ano\/#breadcrumb\",\"itemListElement\":[{\"@type\":\"ListItem\",\"position\":1,\"name\":\"In\u00edcio\",\"item\":\"https:\/\/prefeitosegestoes.com.br\/portal\/\"},{\"@type\":\"ListItem\",\"position\":2,\"name\":\"C\u00e2mara define que crian\u00e7as devem ser alfabetizadas at\u00e9 o fim do 2\u00ba ano\"}]},{\"@type\":\"WebSite\",\"@id\":\"https:\/\/prefeitosegestoes.com.br\/portal\/#website\",\"url\":\"https:\/\/prefeitosegestoes.com.br\/portal\/\",\"name\":\"Prefeitos & Gest\u00f5es\",\"description\":\"\",\"publisher\":{\"@id\":\"https:\/\/prefeitosegestoes.com.br\/portal\/#organization\"},\"potentialAction\":[{\"@type\":\"SearchAction\",\"target\":{\"@type\":\"EntryPoint\",\"urlTemplate\":\"https:\/\/prefeitosegestoes.com.br\/portal\/?s={search_term_string}\"},\"query-input\":{\"@type\":\"PropertyValueSpecification\",\"valueRequired\":true,\"valueName\":\"search_term_string\"}}],\"inLanguage\":\"pt-BR\"},{\"@type\":\"Organization\",\"@id\":\"https:\/\/prefeitosegestoes.com.br\/portal\/#organization\",\"name\":\"Prefeitos & Gest\u00f5es\",\"url\":\"https:\/\/prefeitosegestoes.com.br\/portal\/\",\"logo\":{\"@type\":\"ImageObject\",\"inLanguage\":\"pt-BR\",\"@id\":\"https:\/\/prefeitosegestoes.com.br\/portal\/#\/schema\/logo\/image\/\",\"url\":\"https:\/\/prefeitosegestoes.com.br\/portal\/wp-content\/uploads\/2024\/10\/lg_trans_prefeitos_2024_preto2.png\",\"contentUrl\":\"https:\/\/prefeitosegestoes.com.br\/portal\/wp-content\/uploads\/2024\/10\/lg_trans_prefeitos_2024_preto2.png\",\"width\":199,\"height\":122,\"caption\":\"Prefeitos & Gest\u00f5es\"},\"image\":{\"@id\":\"https:\/\/prefeitosegestoes.com.br\/portal\/#\/schema\/logo\/image\/\"},\"sameAs\":[\"https:\/\/www.facebook.com\/prefeitosonline\",\"https:\/\/x.com\/PrefGestoes\"]},{\"@type\":\"Person\",\"@id\":\"https:\/\/prefeitosegestoes.com.br\/portal\/#\/schema\/person\/d00059f2ec99963e7e1850d448ae94b8\",\"name\":\"Prefeitos &amp; Gest\u00f5es\",\"image\":{\"@type\":\"ImageObject\",\"inLanguage\":\"pt-BR\",\"@id\":\"https:\/\/secure.gravatar.com\/avatar\/738fb281e479212ed32c1a21a4307dda9f3af9292edb6918a16c9ce9fff5f48d?s=96&d=mm&r=g\",\"url\":\"https:\/\/secure.gravatar.com\/avatar\/738fb281e479212ed32c1a21a4307dda9f3af9292edb6918a16c9ce9fff5f48d?s=96&d=mm&r=g\",\"contentUrl\":\"https:\/\/secure.gravatar.com\/avatar\/738fb281e479212ed32c1a21a4307dda9f3af9292edb6918a16c9ce9fff5f48d?s=96&d=mm&r=g\",\"caption\":\"Prefeitos &amp; Gest\u00f5es\"},\"url\":\"https:\/\/prefeitosegestoes.com.br\/portal\/author\/prefeitosegestoes\/\"}]}<\/script>\n<!-- \/ Yoast SEO plugin. -->","yoast_head_json":{"title":"C\u00e2mara define que crian\u00e7as devem ser alfabetizadas at\u00e9 o fim do 2\u00ba ano - Prefeitos &amp; Gest\u00f5es","robots":{"index":"index","follow":"follow","max-snippet":"max-snippet:-1","max-image-preview":"max-image-preview:large","max-video-preview":"max-video-preview:-1"},"canonical":"https:\/\/prefeitosegestoes.com.br\/portal\/camara-define-que-criancas-devem-ser-alfabetizadas-ate-o-fim-do-2o-ano\/","og_locale":"pt_BR","og_type":"article","og_title":"C\u00e2mara define que crian\u00e7as devem ser alfabetizadas at\u00e9 o fim do 2\u00ba ano - Prefeitos &amp; Gest\u00f5es","og_description":"Foto: Tomaz Silva\/Ag\u00eancia Brasil Projeto transforma Compromisso Nacional da Crian\u00e7a Alfabetizada em pol\u00edtica de Estado, com ades\u00e3o volunt\u00e1ria de estados e munic\u00edpios. Congresso em Foco 16\/10\/2025\u00a010:00 A C\u00e2mara dos Deputados aprovou o projeto de lei que estabelece o Compromisso Nacional da Crian\u00e7a Alfabetizada, uma iniciativa de ades\u00e3o volunt\u00e1ria destinada a estados e munic\u00edpios, com o [&hellip;]","og_url":"https:\/\/prefeitosegestoes.com.br\/portal\/camara-define-que-criancas-devem-ser-alfabetizadas-ate-o-fim-do-2o-ano\/","og_site_name":"Prefeitos &amp; Gest\u00f5es","article_publisher":"https:\/\/www.facebook.com\/prefeitosonline","article_published_time":"2025-10-16T14:46:09+00:00","article_modified_time":"2025-10-16T14:48:49+00:00","og_image":[{"width":1024,"height":768,"url":"https:\/\/prefeitosegestoes.com.br\/portal\/wp-content\/uploads\/2025\/10\/toms0693.webp","type":"image\/webp"}],"author":"Prefeitos &amp; Gest\u00f5es","twitter_card":"summary_large_image","twitter_creator":"@PrefGestoes","twitter_site":"@PrefGestoes","twitter_misc":{"Escrito por":"Prefeitos &amp; Gest\u00f5es","Est. tempo de leitura":"4 minutos"},"schema":{"@context":"https:\/\/schema.org","@graph":[{"@type":"Article","@id":"https:\/\/prefeitosegestoes.com.br\/portal\/camara-define-que-criancas-devem-ser-alfabetizadas-ate-o-fim-do-2o-ano\/#article","isPartOf":{"@id":"https:\/\/prefeitosegestoes.com.br\/portal\/camara-define-que-criancas-devem-ser-alfabetizadas-ate-o-fim-do-2o-ano\/"},"author":{"name":"Prefeitos &amp; Gest\u00f5es","@id":"https:\/\/prefeitosegestoes.com.br\/portal\/#\/schema\/person\/d00059f2ec99963e7e1850d448ae94b8"},"headline":"C\u00e2mara define que crian\u00e7as devem ser alfabetizadas at\u00e9 o fim do 2\u00ba ano","datePublished":"2025-10-16T14:46:09+00:00","dateModified":"2025-10-16T14:48:49+00:00","mainEntityOfPage":{"@id":"https:\/\/prefeitosegestoes.com.br\/portal\/camara-define-que-criancas-devem-ser-alfabetizadas-ate-o-fim-do-2o-ano\/"},"wordCount":840,"commentCount":0,"publisher":{"@id":"https:\/\/prefeitosegestoes.com.br\/portal\/#organization"},"image":{"@id":"https:\/\/prefeitosegestoes.com.br\/portal\/camara-define-que-criancas-devem-ser-alfabetizadas-ate-o-fim-do-2o-ano\/#primaryimage"},"thumbnailUrl":"https:\/\/prefeitosegestoes.com.br\/portal\/wp-content\/uploads\/2025\/10\/toms0693.webp","keywords":["Alfabetiza\u00e7\u00e3o","Alfabetozs~]ap","C\u00e2mara dos Deputados","Compromisso Nacional da Crian\u00e7a Alfabetizada","Estados e Munic\u00edpios"],"articleSection":["Destaques"],"inLanguage":"pt-BR","potentialAction":[{"@type":"CommentAction","name":"Comment","target":["https:\/\/prefeitosegestoes.com.br\/portal\/camara-define-que-criancas-devem-ser-alfabetizadas-ate-o-fim-do-2o-ano\/#respond"]}]},{"@type":"WebPage","@id":"https:\/\/prefeitosegestoes.com.br\/portal\/camara-define-que-criancas-devem-ser-alfabetizadas-ate-o-fim-do-2o-ano\/","url":"https:\/\/prefeitosegestoes.com.br\/portal\/camara-define-que-criancas-devem-ser-alfabetizadas-ate-o-fim-do-2o-ano\/","name":"C\u00e2mara define que crian\u00e7as devem ser alfabetizadas at\u00e9 o fim do 2\u00ba ano - Prefeitos &amp; Gest\u00f5es","isPartOf":{"@id":"https:\/\/prefeitosegestoes.com.br\/portal\/#website"},"primaryImageOfPage":{"@id":"https:\/\/prefeitosegestoes.com.br\/portal\/camara-define-que-criancas-devem-ser-alfabetizadas-ate-o-fim-do-2o-ano\/#primaryimage"},"image":{"@id":"https:\/\/prefeitosegestoes.com.br\/portal\/camara-define-que-criancas-devem-ser-alfabetizadas-ate-o-fim-do-2o-ano\/#primaryimage"},"thumbnailUrl":"https:\/\/prefeitosegestoes.com.br\/portal\/wp-content\/uploads\/2025\/10\/toms0693.webp","datePublished":"2025-10-16T14:46:09+00:00","dateModified":"2025-10-16T14:48:49+00:00","breadcrumb":{"@id":"https:\/\/prefeitosegestoes.com.br\/portal\/camara-define-que-criancas-devem-ser-alfabetizadas-ate-o-fim-do-2o-ano\/#breadcrumb"},"inLanguage":"pt-BR","potentialAction":[{"@type":"ReadAction","target":["https:\/\/prefeitosegestoes.com.br\/portal\/camara-define-que-criancas-devem-ser-alfabetizadas-ate-o-fim-do-2o-ano\/"]}]},{"@type":"ImageObject","inLanguage":"pt-BR","@id":"https:\/\/prefeitosegestoes.com.br\/portal\/camara-define-que-criancas-devem-ser-alfabetizadas-ate-o-fim-do-2o-ano\/#primaryimage","url":"https:\/\/prefeitosegestoes.com.br\/portal\/wp-content\/uploads\/2025\/10\/toms0693.webp","contentUrl":"https:\/\/prefeitosegestoes.com.br\/portal\/wp-content\/uploads\/2025\/10\/toms0693.webp","width":1024,"height":768},{"@type":"BreadcrumbList","@id":"https:\/\/prefeitosegestoes.com.br\/portal\/camara-define-que-criancas-devem-ser-alfabetizadas-ate-o-fim-do-2o-ano\/#breadcrumb","itemListElement":[{"@type":"ListItem","position":1,"name":"In\u00edcio","item":"https:\/\/prefeitosegestoes.com.br\/portal\/"},{"@type":"ListItem","position":2,"name":"C\u00e2mara define que crian\u00e7as devem ser alfabetizadas at\u00e9 o fim do 2\u00ba ano"}]},{"@type":"WebSite","@id":"https:\/\/prefeitosegestoes.com.br\/portal\/#website","url":"https:\/\/prefeitosegestoes.com.br\/portal\/","name":"Prefeitos & Gest\u00f5es","description":"","publisher":{"@id":"https:\/\/prefeitosegestoes.com.br\/portal\/#organization"},"potentialAction":[{"@type":"SearchAction","target":{"@type":"EntryPoint","urlTemplate":"https:\/\/prefeitosegestoes.com.br\/portal\/?s={search_term_string}"},"query-input":{"@type":"PropertyValueSpecification","valueRequired":true,"valueName":"search_term_string"}}],"inLanguage":"pt-BR"},{"@type":"Organization","@id":"https:\/\/prefeitosegestoes.com.br\/portal\/#organization","name":"Prefeitos & Gest\u00f5es","url":"https:\/\/prefeitosegestoes.com.br\/portal\/","logo":{"@type":"ImageObject","inLanguage":"pt-BR","@id":"https:\/\/prefeitosegestoes.com.br\/portal\/#\/schema\/logo\/image\/","url":"https:\/\/prefeitosegestoes.com.br\/portal\/wp-content\/uploads\/2024\/10\/lg_trans_prefeitos_2024_preto2.png","contentUrl":"https:\/\/prefeitosegestoes.com.br\/portal\/wp-content\/uploads\/2024\/10\/lg_trans_prefeitos_2024_preto2.png","width":199,"height":122,"caption":"Prefeitos & Gest\u00f5es"},"image":{"@id":"https:\/\/prefeitosegestoes.com.br\/portal\/#\/schema\/logo\/image\/"},"sameAs":["https:\/\/www.facebook.com\/prefeitosonline","https:\/\/x.com\/PrefGestoes"]},{"@type":"Person","@id":"https:\/\/prefeitosegestoes.com.br\/portal\/#\/schema\/person\/d00059f2ec99963e7e1850d448ae94b8","name":"Prefeitos &amp; Gest\u00f5es","image":{"@type":"ImageObject","inLanguage":"pt-BR","@id":"https:\/\/secure.gravatar.com\/avatar\/738fb281e479212ed32c1a21a4307dda9f3af9292edb6918a16c9ce9fff5f48d?s=96&d=mm&r=g","url":"https:\/\/secure.gravatar.com\/avatar\/738fb281e479212ed32c1a21a4307dda9f3af9292edb6918a16c9ce9fff5f48d?s=96&d=mm&r=g","contentUrl":"https:\/\/secure.gravatar.com\/avatar\/738fb281e479212ed32c1a21a4307dda9f3af9292edb6918a16c9ce9fff5f48d?s=96&d=mm&r=g","caption":"Prefeitos &amp; Gest\u00f5es"},"url":"https:\/\/prefeitosegestoes.com.br\/portal\/author\/prefeitosegestoes\/"}]}},"_links":{"self":[{"href":"https:\/\/prefeitosegestoes.com.br\/portal\/wp-json\/wp\/v2\/posts\/3935","targetHints":{"allow":["GET"]}}],"collection":[{"href":"https:\/\/prefeitosegestoes.com.br\/portal\/wp-json\/wp\/v2\/posts"}],"about":[{"href":"https:\/\/prefeitosegestoes.com.br\/portal\/wp-json\/wp\/v2\/types\/post"}],"author":[{"embeddable":true,"href":"https:\/\/prefeitosegestoes.com.br\/portal\/wp-json\/wp\/v2\/users\/2"}],"replies":[{"embeddable":true,"href":"https:\/\/prefeitosegestoes.com.br\/portal\/wp-json\/wp\/v2\/comments?post=3935"}],"version-history":[{"count":1,"href":"https:\/\/prefeitosegestoes.com.br\/portal\/wp-json\/wp\/v2\/posts\/3935\/revisions"}],"predecessor-version":[{"id":3937,"href":"https:\/\/prefeitosegestoes.com.br\/portal\/wp-json\/wp\/v2\/posts\/3935\/revisions\/3937"}],"wp:featuredmedia":[{"embeddable":true,"href":"https:\/\/prefeitosegestoes.com.br\/portal\/wp-json\/wp\/v2\/media\/3938"}],"wp:attachment":[{"href":"https:\/\/prefeitosegestoes.com.br\/portal\/wp-json\/wp\/v2\/media?parent=3935"}],"wp:term":[{"taxonomy":"category","embeddable":true,"href":"https:\/\/prefeitosegestoes.com.br\/portal\/wp-json\/wp\/v2\/categories?post=3935"},{"taxonomy":"post_tag","embeddable":true,"href":"https:\/\/prefeitosegestoes.com.br\/portal\/wp-json\/wp\/v2\/tags?post=3935"}],"curies":[{"name":"wp","href":"https:\/\/api.w.org\/{rel}","templated":true}]}}