{"id":3918,"date":"2025-10-14T16:31:58","date_gmt":"2025-10-14T19:31:58","guid":{"rendered":"https:\/\/prefeitosegestoes.com.br\/portal\/?p=3918"},"modified":"2025-10-14T16:41:46","modified_gmt":"2025-10-14T19:41:46","slug":"educadores-brasileiros-viajam-a-finlandia-e-estonia-para-praticas-imersivas-em-modelos-de-excelencia-escolar","status":"publish","type":"post","link":"https:\/\/prefeitosegestoes.com.br\/portal\/educadores-brasileiros-viajam-a-finlandia-e-estonia-para-praticas-imersivas-em-modelos-de-excelencia-escolar\/","title":{"rendered":"Educadores brasileiros viajam \u00e0 Finl\u00e2ndia e Est\u00f4nia para pr\u00e1ticas imersivas\u00a0em modelos de excel\u00eancia escolar\u00a0\u00a0"},"content":{"rendered":"<p>&nbsp;<\/p>\n<h6>Foto cedida pela FTD-Cr\u00e9dito shutterstock_divulga\u00e7\u00e3o<\/h6>\n<h2><strong><em>Programa de imers\u00e3o internacional re\u00fane gestores e lideran\u00e7as do setor em visitas t\u00e9cnicas a pa\u00edses refer\u00eancia em equidade, inova\u00e7\u00e3o educacional e indicadores de resultados como o Pisa<\/em>\u00a0\u00a0<\/strong><\/h2>\n<p>Enquanto o Brasil discute os desafios de aprendizagem e busca caminhos para melhorar a qualidade da educa\u00e7\u00e3o, um grupo de gestores escolares e lideran\u00e7as brasileiras parte em outubro para a Finl\u00e2ndia e a Est\u00f4nia.<\/p>\n<p>A iniciativa de conhecer os modelos educacionais desses pa\u00edses integra uma imers\u00e3o internacional organizada pela Futuro Eventos, empresa com 30 anos de experi\u00eancia em programas globais de forma\u00e7\u00e3o, e conta com a chancela da FTD Educa\u00e7\u00e3o. O programa pretende oferecer aos participantes contato direto com escolas, especialistas e pol\u00edticas p\u00fablicas que transformaram esses sistemas educacionais em modelos de excel\u00eancia.<\/p>\n<p>Os dois pa\u00edses s\u00e3o refer\u00eancia global em inova\u00e7\u00e3o, equidade escolar e indicadores de resultados de aprendizagem, como o Programa Internacional de Avalia\u00e7\u00e3o de Estudantes (Pisa, na sigla em ingl\u00eas), que mede o desempenho de estudantes de 15 anos em Matem\u00e1tica, Leitura e Ci\u00eancias.<\/p>\n<p>Na prova aplicada em 81 pa\u00edses, ambos est\u00e3o no top 10: a Est\u00f4nia teve destaque nas tr\u00eas \u00e1reas de conhecimento, com a sexta coloca\u00e7\u00e3o em Leitura e Ci\u00eancias e s\u00e9tima em Matem\u00e1tica. Finl\u00e2ndia ficou em nono no ranking de Ci\u00eancias.<\/p>\n<p>Na \u00faltima avalia\u00e7\u00e3o do Pisa, o Brasil ficou na s\u00e9tima posi\u00e7\u00e3o entre os pa\u00edses da Am\u00e9rica Latina. Mas na classifica\u00e7\u00e3o geral, em Matem\u00e1tica, o pa\u00eds ficou na 65\u00aa coloca\u00e7\u00e3o, bem abaixo da m\u00e9dia dos pa\u00edses da Organiza\u00e7\u00e3o para a Coopera\u00e7\u00e3o e Desenvolvimento Econ\u00f4mico (OCDE), respons\u00e1vel pelo programa.<\/p>\n<p>Aplicado a cada 3 anos, os resultados s\u00e3o do Pisa 2022, divulgado em 2023. O pr\u00f3ximo ranking dever\u00e1 ser apresentado em 2026 e ter\u00e1 uma novidade: vai come\u00e7ar a medir, tamb\u00e9m, as habilidades digitais dos estudantes.<\/p>\n<p><img fetchpriority=\"high\" decoding=\"async\" class=\"alignnone wp-image-3919\" src=\"https:\/\/prefeitosegestoes.com.br\/portal\/wp-content\/uploads\/2025\/10\/2-imersao-finlandia-estonia-credito-shutterstock_divulgacao-300x200.jpg\" alt=\"\" width=\"479\" height=\"319\" srcset=\"https:\/\/prefeitosegestoes.com.br\/portal\/wp-content\/uploads\/2025\/10\/2-imersao-finlandia-estonia-credito-shutterstock_divulgacao-300x200.jpg 300w, https:\/\/prefeitosegestoes.com.br\/portal\/wp-content\/uploads\/2025\/10\/2-imersao-finlandia-estonia-credito-shutterstock_divulgacao-768x512.jpg 768w, https:\/\/prefeitosegestoes.com.br\/portal\/wp-content\/uploads\/2025\/10\/2-imersao-finlandia-estonia-credito-shutterstock_divulgacao.jpg 1000w\" sizes=\"(max-width: 479px) 100vw, 479px\" \/><\/p>\n<h6>Foto cedida pela FTD-Cr\u00e9dito shutterstock_divulga\u00e7\u00e3o<\/h6>\n<p>\u201cVamos buscar novas refer\u00eancias e modelos de educa\u00e7\u00e3o para compreender de que forma o meio digital e o letramento tecnol\u00f3gico podem contribuir para que o Brasil avance no Pisa. Queremos identificar aprendizados que possam ser aplicados ou adaptados \u00e0 nossa realidade, levando em conta diferentes culturas, hemisf\u00e9rios e contextos. O prop\u00f3sito \u00e9 descobrir o que faz sentido para n\u00f3s e para a nossa educa\u00e7\u00e3o\u201d, afirma Ricardo Tavares, diretor-geral da FTD Educa\u00e7\u00e3o, empresa de solu\u00e7\u00f5es educacionais com mais de 120 anos de hist\u00f3ria, que integra o Champagnat Global, institui\u00e7\u00e3o presente em mais de 80 pa\u00edses, nos 5 continentes e em mais de 600 escolas. O executivo vai integrar o grupo que visitar\u00e1 a Est\u00f4nia.<\/p>\n<p><img decoding=\"async\" class=\"alignnone wp-image-3920\" src=\"https:\/\/prefeitosegestoes.com.br\/portal\/wp-content\/uploads\/2025\/10\/3Ricardo-Tavares-Press-2025-Horizontal-300x200.jpg\" alt=\"\" width=\"485\" height=\"323\" srcset=\"https:\/\/prefeitosegestoes.com.br\/portal\/wp-content\/uploads\/2025\/10\/3Ricardo-Tavares-Press-2025-Horizontal-300x200.jpg 300w, https:\/\/prefeitosegestoes.com.br\/portal\/wp-content\/uploads\/2025\/10\/3Ricardo-Tavares-Press-2025-Horizontal-1024x683.jpg 1024w, https:\/\/prefeitosegestoes.com.br\/portal\/wp-content\/uploads\/2025\/10\/3Ricardo-Tavares-Press-2025-Horizontal-768x512.jpg 768w, https:\/\/prefeitosegestoes.com.br\/portal\/wp-content\/uploads\/2025\/10\/3Ricardo-Tavares-Press-2025-Horizontal-1536x1024.jpg 1536w, https:\/\/prefeitosegestoes.com.br\/portal\/wp-content\/uploads\/2025\/10\/3Ricardo-Tavares-Press-2025-Horizontal-2048x1365.jpg 2048w\" sizes=\"(max-width: 485px) 100vw, 485px\" \/><\/p>\n<h6>Ricardo Tavares, diretor-geral da FTD Educa\u00e7\u00e3o- Foto cedida pela FTD<\/h6>\n<p>\u201cNa Est\u00f4nia, a digitaliza\u00e7\u00e3o das escolas, a autonomia dos professores e a personaliza\u00e7\u00e3o do aprendizado s\u00e3o pilares fundamentais de uma revolu\u00e7\u00e3o educacional que transformou o pa\u00eds no mais digital da Europa. Conhecer de perto esse sistema \u00e1gil e conectado \u00e9 uma oportunidade \u00fanica de reflex\u00e3o e inspira\u00e7\u00e3o\u201d, afirma Ricardo Tavares.<\/p>\n<p><strong>Imers\u00e3o internacional<\/strong><\/p>\n<p>As agendas da Imers\u00e3o Futuro na Finl\u00e2ndia e Est\u00f4nia incluem visitas t\u00e9cnicas exclusivas a institui\u00e7\u00f5es de ensino, reuni\u00f5es com autoridades locais, debates com pesquisadores e atividades culturais que visam ampliar a compreens\u00e3o sobre como esses pa\u00edses alcan\u00e7aram \u00edndices elevados de aprendizagem e bem-estar estudantil. Mais do que observar, a proposta \u00e9 criar um espa\u00e7o de reflex\u00e3o para adapta\u00e7\u00e3o de boas pr\u00e1ticas ao contexto das escolas brasileiras.<\/p>\n<p>O grupo, com cerca de 50 participantes, \u00e9 formado por um p\u00fablico diverso, que vai de mantenedores de institui\u00e7\u00f5es de ensino, prefeitos, secret\u00e1rios municipais e estaduais de educa\u00e7\u00e3o, a autoridades p\u00fablicas, ONGs, empresas, edtechs, startups, consultorias e lideran\u00e7as acad\u00eamicas. Professores de redes p\u00fablicas e privadas tamb\u00e9m integram a delega\u00e7\u00e3o, garantindo uma troca de experi\u00eancias rica e plural.<\/p>\n<p>A FTD Educa\u00e7\u00e3o, que levar\u00e1 clientes estrat\u00e9gicos, refor\u00e7a com a iniciativa seu posicionamento como parceira de excel\u00eancia em solu\u00e7\u00f5es educacionais. Al\u00e9m do diretor-geral, a empresa ser\u00e1 representada por Caroline Franco Dias, gerente de desenvolvimento educacional da educa\u00e7\u00e3o p\u00fablica, presente nas duas imers\u00f5es.<\/p>\n<p>\u201cA Finl\u00e2ndia \u00e9 reconhecida como o pa\u00eds mais feliz do mundo e tem na educa\u00e7\u00e3o a base de sua cultura. O que buscamos nesta imers\u00e3o \u00e9 identificar pr\u00e1ticas escal\u00e1veis e adapt\u00e1veis \u00e0 realidade brasileira, especialmente no campo da valoriza\u00e7\u00e3o dos professores e nos modelos de avalia\u00e7\u00e3o diferenciados. Nosso objetivo \u00e9 ampliar o repert\u00f3rio da FTD Educa\u00e7\u00e3o para a \u00e1rea p\u00fablica e trazer, na bagagem, boas refer\u00eancias que possam ser multiplicadas em nosso pa\u00eds\u201d, destaca Caroline Franco Dias, da FTD Educa\u00e7\u00e3o.<\/p>\n<p>As imers\u00f5es internacionais da Futuro Eventos t\u00eam como prop\u00f3sito capacitar educadores e gestores, promover networking internacional e estimular uma mudan\u00e7a de mentalidade. Al\u00e9m de conhecimento t\u00e9cnico, o programa inclui transforma\u00e7\u00e3o pessoal, experi\u00eancias culturais e a amplia\u00e7\u00e3o da vis\u00e3o de futuro para quem atua no setor educacional.<\/p>\n<p>\u201cCom esta iniciativa, a FTD Educa\u00e7\u00e3o reafirma seu compromisso de ser uma empresa inovadora, parceira, flex\u00edvel e humana, al\u00e9m de refor\u00e7ar sua miss\u00e3o de conectar hist\u00f3rias e construir futuros, apoiando institui\u00e7\u00f5es brasileiras na busca por modelos educacionais mais inclusivos, inovadores e eficazes\u201d, completa Ricardo Tavares.<\/p>\n<p><strong>Datas das imers\u00f5es<\/strong><\/p>\n<ul>\n<li>Finl\u00e2ndia: 5 a 11 de outubro de 2025<\/li>\n<li>Est\u00f4nia: 12 a 18 de outubro de 2025<\/li>\n<\/ul>\n<p><strong>Sobre a FTD Educa\u00e7\u00e3o\u202f<\/strong><\/p>\n<p>Ftd.com.br<\/p>\n<p>H\u00e1 mais de 120 anos, a <strong>FTD Educa\u00e7\u00e3o<\/strong>\u00a0tem como miss\u00e3o transformar o futuro por meio da Educa\u00e7\u00e3o, pensando al\u00e9m e inspirando a descoberta, a escolha, a liberdade e a cidadania. Reconhecida como uma empresa inovadora, parceira, flex\u00edvel e humana, \u00e9 movida pelo <em>slogan<\/em>\u00a0\u201cConectamos hist\u00f3rias. Constru\u00edmos futuros\u201d. Sua proposta \u00e9 integrada para escolas, estudantes, professores e sociedade e conta com: materiais did\u00e1ticos e de literatura; solu\u00e7\u00f5es educacionais (com suporte para escolas, consultoria educacional, forma\u00e7\u00e3o de professores, entre outros); novas tecnologias (ferramentas que ampliam possibilidades de ensino dentro e fora da sala de aula); obras e servi\u00e7os que envolvem a fam\u00edlia na busca por uma Educa\u00e7\u00e3o completa.<\/p>\n<p>Assessoria de Comunica\u00e7\u00e3o \u2013 FTD Educa\u00e7\u00e3o Andrea Martins \u2013 <u><a href=\"mailto:assessoria@ftd.com.br\">assessoria@ftd.com.br<\/a><\/u>\u00a0\u2013(11) 98383 6191<\/p>\n<p>Fonte: FTD<\/p>\n<p>&nbsp;<\/p>\n","protected":false},"excerpt":{"rendered":"<p>&nbsp; Foto cedida pela FTD-Cr\u00e9dito shutterstock_divulga\u00e7\u00e3o Programa de imers\u00e3o internacional re\u00fane gestores e lideran\u00e7as do setor em visitas t\u00e9cnicas a pa\u00edses refer\u00eancia em equidade, inova\u00e7\u00e3o educacional e indicadores de resultados como o Pisa\u00a0\u00a0 Enquanto o Brasil discute os desafios de aprendizagem e busca caminhos para melhorar a qualidade da educa\u00e7\u00e3o, um grupo de gestores escolares [&hellip;]<\/p>\n","protected":false},"author":2,"featured_media":3921,"comment_status":"open","ping_status":"open","sticky":false,"template":"","format":"standard","meta":{"rop_custom_images_group":[],"rop_custom_messages_group":[],"rop_publish_now":"initial","rop_publish_now_accounts":{"twitter_850042665852968960_850042665852968960":""},"rop_publish_now_history":[],"rop_publish_now_status":"pending","footnotes":""},"categories":[15],"tags":[769,378,770,772,771],"class_list":["post-3918","post","type-post","status-publish","format-standard","has-post-thumbnail","hentry","category-destaques","tag-estonia","tag-finlandia","tag-ftd-educacao","tag-imersao","tag-pisa"],"yoast_head":"<!-- This site is optimized with the Yoast SEO plugin v27.2 - https:\/\/yoast.com\/product\/yoast-seo-wordpress\/ -->\n<title>Educadores brasileiros viajam \u00e0 Finl\u00e2ndia e Est\u00f4nia para pr\u00e1ticas imersivas\u00a0em modelos de excel\u00eancia escolar\u00a0\u00a0 - Prefeitos &amp; Gest\u00f5es<\/title>\n<meta name=\"description\" content=\"Enquanto o Brasil discute os desafios de aprendizagem e busca caminhos para melhorar a qualidade da educa\u00e7\u00e3o, um grupo de gestores escolares e lideran\u00e7as brasileiras parte em outubro para a Finl\u00e2ndia e a Est\u00f4nia.\u00a0\u00a0\" \/>\n<meta name=\"robots\" content=\"index, follow, max-snippet:-1, max-image-preview:large, max-video-preview:-1\" \/>\n<link rel=\"canonical\" href=\"https:\/\/prefeitosegestoes.com.br\/portal\/educadores-brasileiros-viajam-a-finlandia-e-estonia-para-praticas-imersivas-em-modelos-de-excelencia-escolar\/\" \/>\n<meta property=\"og:locale\" content=\"pt_BR\" \/>\n<meta property=\"og:type\" content=\"article\" \/>\n<meta property=\"og:title\" content=\"Educadores brasileiros viajam \u00e0 Finl\u00e2ndia e Est\u00f4nia para pr\u00e1ticas imersivas\u00a0em modelos de excel\u00eancia escolar\u00a0\u00a0 - Prefeitos &amp; Gest\u00f5es\" \/>\n<meta property=\"og:description\" content=\"Enquanto o Brasil discute os desafios de aprendizagem e busca caminhos para melhorar a qualidade da educa\u00e7\u00e3o, um grupo de gestores escolares e lideran\u00e7as brasileiras parte em outubro para a Finl\u00e2ndia e a Est\u00f4nia.\u00a0\u00a0\" \/>\n<meta property=\"og:url\" content=\"https:\/\/prefeitosegestoes.com.br\/portal\/educadores-brasileiros-viajam-a-finlandia-e-estonia-para-praticas-imersivas-em-modelos-de-excelencia-escolar\/\" \/>\n<meta property=\"og:site_name\" content=\"Prefeitos &amp; Gest\u00f5es\" \/>\n<meta property=\"article:publisher\" content=\"https:\/\/www.facebook.com\/prefeitosonline\" \/>\n<meta property=\"article:published_time\" content=\"2025-10-14T19:31:58+00:00\" \/>\n<meta property=\"article:modified_time\" content=\"2025-10-14T19:41:46+00:00\" \/>\n<meta property=\"og:image\" content=\"https:\/\/prefeitosegestoes.com.br\/portal\/wp-content\/uploads\/2025\/10\/pr-Imersao-Finlandia-e-estoia-credito-shutterstock_divulgacao.jpg\" \/>\n\t<meta property=\"og:image:width\" content=\"1408\" \/>\n\t<meta property=\"og:image:height\" content=\"768\" \/>\n\t<meta property=\"og:image:type\" content=\"image\/jpeg\" \/>\n<meta name=\"author\" content=\"Prefeitos &amp; Gest\u00f5es\" \/>\n<meta name=\"twitter:card\" content=\"summary_large_image\" \/>\n<meta name=\"twitter:creator\" content=\"@PrefGestoes\" \/>\n<meta name=\"twitter:site\" content=\"@PrefGestoes\" \/>\n<meta name=\"twitter:label1\" content=\"Escrito por\" \/>\n\t<meta name=\"twitter:data1\" content=\"Prefeitos &amp; Gest\u00f5es\" \/>\n\t<meta name=\"twitter:label2\" content=\"Est. tempo de leitura\" \/>\n\t<meta name=\"twitter:data2\" content=\"6 minutos\" \/>\n<script type=\"application\/ld+json\" class=\"yoast-schema-graph\">{\"@context\":\"https:\/\/schema.org\",\"@graph\":[{\"@type\":\"Article\",\"@id\":\"https:\/\/prefeitosegestoes.com.br\/portal\/educadores-brasileiros-viajam-a-finlandia-e-estonia-para-praticas-imersivas-em-modelos-de-excelencia-escolar\/#article\",\"isPartOf\":{\"@id\":\"https:\/\/prefeitosegestoes.com.br\/portal\/educadores-brasileiros-viajam-a-finlandia-e-estonia-para-praticas-imersivas-em-modelos-de-excelencia-escolar\/\"},\"author\":{\"name\":\"Prefeitos &amp; Gest\u00f5es\",\"@id\":\"https:\/\/prefeitosegestoes.com.br\/portal\/#\/schema\/person\/d00059f2ec99963e7e1850d448ae94b8\"},\"headline\":\"Educadores brasileiros viajam \u00e0 Finl\u00e2ndia e Est\u00f4nia para pr\u00e1ticas imersivas\u00a0em modelos de excel\u00eancia escolar\u00a0\u00a0\",\"datePublished\":\"2025-10-14T19:31:58+00:00\",\"dateModified\":\"2025-10-14T19:41:46+00:00\",\"mainEntityOfPage\":{\"@id\":\"https:\/\/prefeitosegestoes.com.br\/portal\/educadores-brasileiros-viajam-a-finlandia-e-estonia-para-praticas-imersivas-em-modelos-de-excelencia-escolar\/\"},\"wordCount\":1110,\"commentCount\":0,\"publisher\":{\"@id\":\"https:\/\/prefeitosegestoes.com.br\/portal\/#organization\"},\"image\":{\"@id\":\"https:\/\/prefeitosegestoes.com.br\/portal\/educadores-brasileiros-viajam-a-finlandia-e-estonia-para-praticas-imersivas-em-modelos-de-excelencia-escolar\/#primaryimage\"},\"thumbnailUrl\":\"https:\/\/prefeitosegestoes.com.br\/portal\/wp-content\/uploads\/2025\/10\/pr-Imersao-Finlandia-e-estoia-credito-shutterstock_divulgacao.jpg\",\"keywords\":[\"Est\u00f4nia\",\"Finl\u00e2ndia\",\"FTD Educa\u00e7ao\",\"Imers\u00e3o\",\"Pisa\"],\"articleSection\":[\"Destaques\"],\"inLanguage\":\"pt-BR\",\"potentialAction\":[{\"@type\":\"CommentAction\",\"name\":\"Comment\",\"target\":[\"https:\/\/prefeitosegestoes.com.br\/portal\/educadores-brasileiros-viajam-a-finlandia-e-estonia-para-praticas-imersivas-em-modelos-de-excelencia-escolar\/#respond\"]}]},{\"@type\":\"WebPage\",\"@id\":\"https:\/\/prefeitosegestoes.com.br\/portal\/educadores-brasileiros-viajam-a-finlandia-e-estonia-para-praticas-imersivas-em-modelos-de-excelencia-escolar\/\",\"url\":\"https:\/\/prefeitosegestoes.com.br\/portal\/educadores-brasileiros-viajam-a-finlandia-e-estonia-para-praticas-imersivas-em-modelos-de-excelencia-escolar\/\",\"name\":\"Educadores brasileiros viajam \u00e0 Finl\u00e2ndia e Est\u00f4nia para pr\u00e1ticas imersivas\u00a0em modelos de excel\u00eancia escolar\u00a0\u00a0 - Prefeitos &amp; Gest\u00f5es\",\"isPartOf\":{\"@id\":\"https:\/\/prefeitosegestoes.com.br\/portal\/#website\"},\"primaryImageOfPage\":{\"@id\":\"https:\/\/prefeitosegestoes.com.br\/portal\/educadores-brasileiros-viajam-a-finlandia-e-estonia-para-praticas-imersivas-em-modelos-de-excelencia-escolar\/#primaryimage\"},\"image\":{\"@id\":\"https:\/\/prefeitosegestoes.com.br\/portal\/educadores-brasileiros-viajam-a-finlandia-e-estonia-para-praticas-imersivas-em-modelos-de-excelencia-escolar\/#primaryimage\"},\"thumbnailUrl\":\"https:\/\/prefeitosegestoes.com.br\/portal\/wp-content\/uploads\/2025\/10\/pr-Imersao-Finlandia-e-estoia-credito-shutterstock_divulgacao.jpg\",\"datePublished\":\"2025-10-14T19:31:58+00:00\",\"dateModified\":\"2025-10-14T19:41:46+00:00\",\"description\":\"Enquanto o Brasil discute os desafios de aprendizagem e busca caminhos para melhorar a qualidade da educa\u00e7\u00e3o, um grupo de gestores escolares e lideran\u00e7as brasileiras parte em outubro para a Finl\u00e2ndia e a Est\u00f4nia.\u00a0\u00a0\",\"breadcrumb\":{\"@id\":\"https:\/\/prefeitosegestoes.com.br\/portal\/educadores-brasileiros-viajam-a-finlandia-e-estonia-para-praticas-imersivas-em-modelos-de-excelencia-escolar\/#breadcrumb\"},\"inLanguage\":\"pt-BR\",\"potentialAction\":[{\"@type\":\"ReadAction\",\"target\":[\"https:\/\/prefeitosegestoes.com.br\/portal\/educadores-brasileiros-viajam-a-finlandia-e-estonia-para-praticas-imersivas-em-modelos-de-excelencia-escolar\/\"]}]},{\"@type\":\"ImageObject\",\"inLanguage\":\"pt-BR\",\"@id\":\"https:\/\/prefeitosegestoes.com.br\/portal\/educadores-brasileiros-viajam-a-finlandia-e-estonia-para-praticas-imersivas-em-modelos-de-excelencia-escolar\/#primaryimage\",\"url\":\"https:\/\/prefeitosegestoes.com.br\/portal\/wp-content\/uploads\/2025\/10\/pr-Imersao-Finlandia-e-estoia-credito-shutterstock_divulgacao.jpg\",\"contentUrl\":\"https:\/\/prefeitosegestoes.com.br\/portal\/wp-content\/uploads\/2025\/10\/pr-Imersao-Finlandia-e-estoia-credito-shutterstock_divulgacao.jpg\",\"width\":1408,\"height\":768},{\"@type\":\"BreadcrumbList\",\"@id\":\"https:\/\/prefeitosegestoes.com.br\/portal\/educadores-brasileiros-viajam-a-finlandia-e-estonia-para-praticas-imersivas-em-modelos-de-excelencia-escolar\/#breadcrumb\",\"itemListElement\":[{\"@type\":\"ListItem\",\"position\":1,\"name\":\"In\u00edcio\",\"item\":\"https:\/\/prefeitosegestoes.com.br\/portal\/\"},{\"@type\":\"ListItem\",\"position\":2,\"name\":\"Educadores brasileiros viajam \u00e0 Finl\u00e2ndia e Est\u00f4nia para pr\u00e1ticas imersivas\u00a0em modelos de excel\u00eancia escolar\u00a0\u00a0\"}]},{\"@type\":\"WebSite\",\"@id\":\"https:\/\/prefeitosegestoes.com.br\/portal\/#website\",\"url\":\"https:\/\/prefeitosegestoes.com.br\/portal\/\",\"name\":\"Prefeitos & Gest\u00f5es\",\"description\":\"\",\"publisher\":{\"@id\":\"https:\/\/prefeitosegestoes.com.br\/portal\/#organization\"},\"potentialAction\":[{\"@type\":\"SearchAction\",\"target\":{\"@type\":\"EntryPoint\",\"urlTemplate\":\"https:\/\/prefeitosegestoes.com.br\/portal\/?s={search_term_string}\"},\"query-input\":{\"@type\":\"PropertyValueSpecification\",\"valueRequired\":true,\"valueName\":\"search_term_string\"}}],\"inLanguage\":\"pt-BR\"},{\"@type\":\"Organization\",\"@id\":\"https:\/\/prefeitosegestoes.com.br\/portal\/#organization\",\"name\":\"Prefeitos & Gest\u00f5es\",\"url\":\"https:\/\/prefeitosegestoes.com.br\/portal\/\",\"logo\":{\"@type\":\"ImageObject\",\"inLanguage\":\"pt-BR\",\"@id\":\"https:\/\/prefeitosegestoes.com.br\/portal\/#\/schema\/logo\/image\/\",\"url\":\"https:\/\/prefeitosegestoes.com.br\/portal\/wp-content\/uploads\/2024\/10\/lg_trans_prefeitos_2024_preto2.png\",\"contentUrl\":\"https:\/\/prefeitosegestoes.com.br\/portal\/wp-content\/uploads\/2024\/10\/lg_trans_prefeitos_2024_preto2.png\",\"width\":199,\"height\":122,\"caption\":\"Prefeitos & Gest\u00f5es\"},\"image\":{\"@id\":\"https:\/\/prefeitosegestoes.com.br\/portal\/#\/schema\/logo\/image\/\"},\"sameAs\":[\"https:\/\/www.facebook.com\/prefeitosonline\",\"https:\/\/x.com\/PrefGestoes\"]},{\"@type\":\"Person\",\"@id\":\"https:\/\/prefeitosegestoes.com.br\/portal\/#\/schema\/person\/d00059f2ec99963e7e1850d448ae94b8\",\"name\":\"Prefeitos &amp; Gest\u00f5es\",\"image\":{\"@type\":\"ImageObject\",\"inLanguage\":\"pt-BR\",\"@id\":\"https:\/\/secure.gravatar.com\/avatar\/738fb281e479212ed32c1a21a4307dda9f3af9292edb6918a16c9ce9fff5f48d?s=96&d=mm&r=g\",\"url\":\"https:\/\/secure.gravatar.com\/avatar\/738fb281e479212ed32c1a21a4307dda9f3af9292edb6918a16c9ce9fff5f48d?s=96&d=mm&r=g\",\"contentUrl\":\"https:\/\/secure.gravatar.com\/avatar\/738fb281e479212ed32c1a21a4307dda9f3af9292edb6918a16c9ce9fff5f48d?s=96&d=mm&r=g\",\"caption\":\"Prefeitos &amp; Gest\u00f5es\"},\"url\":\"https:\/\/prefeitosegestoes.com.br\/portal\/author\/prefeitosegestoes\/\"}]}<\/script>\n<!-- \/ Yoast SEO plugin. -->","yoast_head_json":{"title":"Educadores brasileiros viajam \u00e0 Finl\u00e2ndia e Est\u00f4nia para pr\u00e1ticas imersivas\u00a0em modelos de excel\u00eancia escolar\u00a0\u00a0 - Prefeitos &amp; Gest\u00f5es","description":"Enquanto o Brasil discute os desafios de aprendizagem e busca caminhos para melhorar a qualidade da educa\u00e7\u00e3o, um grupo de gestores escolares e lideran\u00e7as brasileiras parte em outubro para a Finl\u00e2ndia e a Est\u00f4nia.\u00a0\u00a0","robots":{"index":"index","follow":"follow","max-snippet":"max-snippet:-1","max-image-preview":"max-image-preview:large","max-video-preview":"max-video-preview:-1"},"canonical":"https:\/\/prefeitosegestoes.com.br\/portal\/educadores-brasileiros-viajam-a-finlandia-e-estonia-para-praticas-imersivas-em-modelos-de-excelencia-escolar\/","og_locale":"pt_BR","og_type":"article","og_title":"Educadores brasileiros viajam \u00e0 Finl\u00e2ndia e Est\u00f4nia para pr\u00e1ticas imersivas\u00a0em modelos de excel\u00eancia escolar\u00a0\u00a0 - Prefeitos &amp; Gest\u00f5es","og_description":"Enquanto o Brasil discute os desafios de aprendizagem e busca caminhos para melhorar a qualidade da educa\u00e7\u00e3o, um grupo de gestores escolares e lideran\u00e7as brasileiras parte em outubro para a Finl\u00e2ndia e a Est\u00f4nia.\u00a0\u00a0","og_url":"https:\/\/prefeitosegestoes.com.br\/portal\/educadores-brasileiros-viajam-a-finlandia-e-estonia-para-praticas-imersivas-em-modelos-de-excelencia-escolar\/","og_site_name":"Prefeitos &amp; Gest\u00f5es","article_publisher":"https:\/\/www.facebook.com\/prefeitosonline","article_published_time":"2025-10-14T19:31:58+00:00","article_modified_time":"2025-10-14T19:41:46+00:00","og_image":[{"width":1408,"height":768,"url":"https:\/\/prefeitosegestoes.com.br\/portal\/wp-content\/uploads\/2025\/10\/pr-Imersao-Finlandia-e-estoia-credito-shutterstock_divulgacao.jpg","type":"image\/jpeg"}],"author":"Prefeitos &amp; Gest\u00f5es","twitter_card":"summary_large_image","twitter_creator":"@PrefGestoes","twitter_site":"@PrefGestoes","twitter_misc":{"Escrito por":"Prefeitos &amp; Gest\u00f5es","Est. tempo de leitura":"6 minutos"},"schema":{"@context":"https:\/\/schema.org","@graph":[{"@type":"Article","@id":"https:\/\/prefeitosegestoes.com.br\/portal\/educadores-brasileiros-viajam-a-finlandia-e-estonia-para-praticas-imersivas-em-modelos-de-excelencia-escolar\/#article","isPartOf":{"@id":"https:\/\/prefeitosegestoes.com.br\/portal\/educadores-brasileiros-viajam-a-finlandia-e-estonia-para-praticas-imersivas-em-modelos-de-excelencia-escolar\/"},"author":{"name":"Prefeitos &amp; Gest\u00f5es","@id":"https:\/\/prefeitosegestoes.com.br\/portal\/#\/schema\/person\/d00059f2ec99963e7e1850d448ae94b8"},"headline":"Educadores brasileiros viajam \u00e0 Finl\u00e2ndia e Est\u00f4nia para pr\u00e1ticas imersivas\u00a0em modelos de excel\u00eancia escolar\u00a0\u00a0","datePublished":"2025-10-14T19:31:58+00:00","dateModified":"2025-10-14T19:41:46+00:00","mainEntityOfPage":{"@id":"https:\/\/prefeitosegestoes.com.br\/portal\/educadores-brasileiros-viajam-a-finlandia-e-estonia-para-praticas-imersivas-em-modelos-de-excelencia-escolar\/"},"wordCount":1110,"commentCount":0,"publisher":{"@id":"https:\/\/prefeitosegestoes.com.br\/portal\/#organization"},"image":{"@id":"https:\/\/prefeitosegestoes.com.br\/portal\/educadores-brasileiros-viajam-a-finlandia-e-estonia-para-praticas-imersivas-em-modelos-de-excelencia-escolar\/#primaryimage"},"thumbnailUrl":"https:\/\/prefeitosegestoes.com.br\/portal\/wp-content\/uploads\/2025\/10\/pr-Imersao-Finlandia-e-estoia-credito-shutterstock_divulgacao.jpg","keywords":["Est\u00f4nia","Finl\u00e2ndia","FTD Educa\u00e7ao","Imers\u00e3o","Pisa"],"articleSection":["Destaques"],"inLanguage":"pt-BR","potentialAction":[{"@type":"CommentAction","name":"Comment","target":["https:\/\/prefeitosegestoes.com.br\/portal\/educadores-brasileiros-viajam-a-finlandia-e-estonia-para-praticas-imersivas-em-modelos-de-excelencia-escolar\/#respond"]}]},{"@type":"WebPage","@id":"https:\/\/prefeitosegestoes.com.br\/portal\/educadores-brasileiros-viajam-a-finlandia-e-estonia-para-praticas-imersivas-em-modelos-de-excelencia-escolar\/","url":"https:\/\/prefeitosegestoes.com.br\/portal\/educadores-brasileiros-viajam-a-finlandia-e-estonia-para-praticas-imersivas-em-modelos-de-excelencia-escolar\/","name":"Educadores brasileiros viajam \u00e0 Finl\u00e2ndia e Est\u00f4nia para pr\u00e1ticas imersivas\u00a0em modelos de excel\u00eancia escolar\u00a0\u00a0 - Prefeitos &amp; Gest\u00f5es","isPartOf":{"@id":"https:\/\/prefeitosegestoes.com.br\/portal\/#website"},"primaryImageOfPage":{"@id":"https:\/\/prefeitosegestoes.com.br\/portal\/educadores-brasileiros-viajam-a-finlandia-e-estonia-para-praticas-imersivas-em-modelos-de-excelencia-escolar\/#primaryimage"},"image":{"@id":"https:\/\/prefeitosegestoes.com.br\/portal\/educadores-brasileiros-viajam-a-finlandia-e-estonia-para-praticas-imersivas-em-modelos-de-excelencia-escolar\/#primaryimage"},"thumbnailUrl":"https:\/\/prefeitosegestoes.com.br\/portal\/wp-content\/uploads\/2025\/10\/pr-Imersao-Finlandia-e-estoia-credito-shutterstock_divulgacao.jpg","datePublished":"2025-10-14T19:31:58+00:00","dateModified":"2025-10-14T19:41:46+00:00","description":"Enquanto o Brasil discute os desafios de aprendizagem e busca caminhos para melhorar a qualidade da educa\u00e7\u00e3o, um grupo de gestores escolares e lideran\u00e7as brasileiras parte em outubro para a Finl\u00e2ndia e a Est\u00f4nia.\u00a0\u00a0","breadcrumb":{"@id":"https:\/\/prefeitosegestoes.com.br\/portal\/educadores-brasileiros-viajam-a-finlandia-e-estonia-para-praticas-imersivas-em-modelos-de-excelencia-escolar\/#breadcrumb"},"inLanguage":"pt-BR","potentialAction":[{"@type":"ReadAction","target":["https:\/\/prefeitosegestoes.com.br\/portal\/educadores-brasileiros-viajam-a-finlandia-e-estonia-para-praticas-imersivas-em-modelos-de-excelencia-escolar\/"]}]},{"@type":"ImageObject","inLanguage":"pt-BR","@id":"https:\/\/prefeitosegestoes.com.br\/portal\/educadores-brasileiros-viajam-a-finlandia-e-estonia-para-praticas-imersivas-em-modelos-de-excelencia-escolar\/#primaryimage","url":"https:\/\/prefeitosegestoes.com.br\/portal\/wp-content\/uploads\/2025\/10\/pr-Imersao-Finlandia-e-estoia-credito-shutterstock_divulgacao.jpg","contentUrl":"https:\/\/prefeitosegestoes.com.br\/portal\/wp-content\/uploads\/2025\/10\/pr-Imersao-Finlandia-e-estoia-credito-shutterstock_divulgacao.jpg","width":1408,"height":768},{"@type":"BreadcrumbList","@id":"https:\/\/prefeitosegestoes.com.br\/portal\/educadores-brasileiros-viajam-a-finlandia-e-estonia-para-praticas-imersivas-em-modelos-de-excelencia-escolar\/#breadcrumb","itemListElement":[{"@type":"ListItem","position":1,"name":"In\u00edcio","item":"https:\/\/prefeitosegestoes.com.br\/portal\/"},{"@type":"ListItem","position":2,"name":"Educadores brasileiros viajam \u00e0 Finl\u00e2ndia e Est\u00f4nia para pr\u00e1ticas imersivas\u00a0em modelos de excel\u00eancia escolar\u00a0\u00a0"}]},{"@type":"WebSite","@id":"https:\/\/prefeitosegestoes.com.br\/portal\/#website","url":"https:\/\/prefeitosegestoes.com.br\/portal\/","name":"Prefeitos & Gest\u00f5es","description":"","publisher":{"@id":"https:\/\/prefeitosegestoes.com.br\/portal\/#organization"},"potentialAction":[{"@type":"SearchAction","target":{"@type":"EntryPoint","urlTemplate":"https:\/\/prefeitosegestoes.com.br\/portal\/?s={search_term_string}"},"query-input":{"@type":"PropertyValueSpecification","valueRequired":true,"valueName":"search_term_string"}}],"inLanguage":"pt-BR"},{"@type":"Organization","@id":"https:\/\/prefeitosegestoes.com.br\/portal\/#organization","name":"Prefeitos & Gest\u00f5es","url":"https:\/\/prefeitosegestoes.com.br\/portal\/","logo":{"@type":"ImageObject","inLanguage":"pt-BR","@id":"https:\/\/prefeitosegestoes.com.br\/portal\/#\/schema\/logo\/image\/","url":"https:\/\/prefeitosegestoes.com.br\/portal\/wp-content\/uploads\/2024\/10\/lg_trans_prefeitos_2024_preto2.png","contentUrl":"https:\/\/prefeitosegestoes.com.br\/portal\/wp-content\/uploads\/2024\/10\/lg_trans_prefeitos_2024_preto2.png","width":199,"height":122,"caption":"Prefeitos & Gest\u00f5es"},"image":{"@id":"https:\/\/prefeitosegestoes.com.br\/portal\/#\/schema\/logo\/image\/"},"sameAs":["https:\/\/www.facebook.com\/prefeitosonline","https:\/\/x.com\/PrefGestoes"]},{"@type":"Person","@id":"https:\/\/prefeitosegestoes.com.br\/portal\/#\/schema\/person\/d00059f2ec99963e7e1850d448ae94b8","name":"Prefeitos &amp; Gest\u00f5es","image":{"@type":"ImageObject","inLanguage":"pt-BR","@id":"https:\/\/secure.gravatar.com\/avatar\/738fb281e479212ed32c1a21a4307dda9f3af9292edb6918a16c9ce9fff5f48d?s=96&d=mm&r=g","url":"https:\/\/secure.gravatar.com\/avatar\/738fb281e479212ed32c1a21a4307dda9f3af9292edb6918a16c9ce9fff5f48d?s=96&d=mm&r=g","contentUrl":"https:\/\/secure.gravatar.com\/avatar\/738fb281e479212ed32c1a21a4307dda9f3af9292edb6918a16c9ce9fff5f48d?s=96&d=mm&r=g","caption":"Prefeitos &amp; Gest\u00f5es"},"url":"https:\/\/prefeitosegestoes.com.br\/portal\/author\/prefeitosegestoes\/"}]}},"_links":{"self":[{"href":"https:\/\/prefeitosegestoes.com.br\/portal\/wp-json\/wp\/v2\/posts\/3918","targetHints":{"allow":["GET"]}}],"collection":[{"href":"https:\/\/prefeitosegestoes.com.br\/portal\/wp-json\/wp\/v2\/posts"}],"about":[{"href":"https:\/\/prefeitosegestoes.com.br\/portal\/wp-json\/wp\/v2\/types\/post"}],"author":[{"embeddable":true,"href":"https:\/\/prefeitosegestoes.com.br\/portal\/wp-json\/wp\/v2\/users\/2"}],"replies":[{"embeddable":true,"href":"https:\/\/prefeitosegestoes.com.br\/portal\/wp-json\/wp\/v2\/comments?post=3918"}],"version-history":[{"count":3,"href":"https:\/\/prefeitosegestoes.com.br\/portal\/wp-json\/wp\/v2\/posts\/3918\/revisions"}],"predecessor-version":[{"id":3924,"href":"https:\/\/prefeitosegestoes.com.br\/portal\/wp-json\/wp\/v2\/posts\/3918\/revisions\/3924"}],"wp:featuredmedia":[{"embeddable":true,"href":"https:\/\/prefeitosegestoes.com.br\/portal\/wp-json\/wp\/v2\/media\/3921"}],"wp:attachment":[{"href":"https:\/\/prefeitosegestoes.com.br\/portal\/wp-json\/wp\/v2\/media?parent=3918"}],"wp:term":[{"taxonomy":"category","embeddable":true,"href":"https:\/\/prefeitosegestoes.com.br\/portal\/wp-json\/wp\/v2\/categories?post=3918"},{"taxonomy":"post_tag","embeddable":true,"href":"https:\/\/prefeitosegestoes.com.br\/portal\/wp-json\/wp\/v2\/tags?post=3918"}],"curies":[{"name":"wp","href":"https:\/\/api.w.org\/{rel}","templated":true}]}}