{"id":3915,"date":"2025-10-13T12:43:15","date_gmt":"2025-10-13T15:43:15","guid":{"rendered":"https:\/\/prefeitosegestoes.com.br\/portal\/?p=3915"},"modified":"2025-10-13T12:43:15","modified_gmt":"2025-10-13T15:43:15","slug":"desafios-da-sustentabilidade-do-sus","status":"publish","type":"post","link":"https:\/\/prefeitosegestoes.com.br\/portal\/desafios-da-sustentabilidade-do-sus\/","title":{"rendered":"Desafios da sustentabilidade do SUS"},"content":{"rendered":"<h6 class=\"asset__summary\">Foto:Fernando Fraz\u00e3o\/Ag\u00eancia Brasil<\/h6>\n<h2 class=\"asset__summary\">Garantir o futuro do sistema exige financiamento justo e gest\u00e3o integrada<\/h2>\n<div class=\"asset__author\">\n<div class=\"asset__author-wrapper\">\n<p class=\"asset__author-name\">Marcus Pestana<\/p>\n<\/div>\n<\/div>\n<div class=\"asset__actions\">\n<div class=\"asset__info\">\n<p class=\"asset__date\">4\/10\/2025\u00a0<span class=\"ng-star-inserted\">8:00<\/span><\/p>\n<div class=\"asset__content leitura-materia-112617\">\n<div class=\"html-content html-content--coluna\">\n<p>Fui convidado pelo Tribunal de Contas da Uni\u00e3o (TCU) para fazer a palestra de abertura do semin\u00e1rio &#8220;Sustentabilidade do SUS&#8221; realizado em parceria com o CONASS, CONASEMS, Instituto Rui Barbosa e IBROS. O TCU tem feito um interessante movimento ao abandonar a \u00f3tica punitivista e extempor\u00e2nea e se aproximar dos gestores do sistema de sa\u00fade para diagnosticar problemas e apontar solu\u00e7\u00f5es.<\/p>\n<p>Desenhei a agenda de desafios do SUS, 35 anos depois de seu marco fundador (a Lei 8080\/1990, a Lei Org\u00e2nica da Sa\u00fade) em 5 etapas: financiamento, gest\u00e3o e aumento de produtividade, incorpora\u00e7\u00e3o tecnol\u00f3gica e gest\u00e3o da cl\u00ednica, recursos humanos e constru\u00e7\u00e3o das redes assistenciais integradas.<\/p>\n<p>Dinheiro n\u00e3o \u00e9 tudo, mas sem financiamento adequado nenhuma pol\u00edtica p\u00fablica fica de p\u00e9. Realcei que apesar do gasto total em sa\u00fade do Brasil (9,8% do PIB) ser acima da m\u00e9dia dos pa\u00edses da OCDE (9,2%), quando calibramos pela popula\u00e7\u00e3o nosso gasto per capita (US$ 1.578) \u00e9 menos de 1\/3 do gasto per capita deles (US$ 4.986). Para piorar nossa equa\u00e7\u00e3o financeira, enquanto a maioria dos pa\u00edses tem cerca de 80% gasto no sistema p\u00fablico, no Brasil ficamos com menos apenas 45%.<\/p>\n<p>Enquanto o SUS teve R$ 2.398,00 por habitante (2024), a sa\u00fade suplementar teve R$ 6.730,00 para atender cada pessoa que \u00e9 coberta por um plano ou seguro de sa\u00fade. Mostrei que para manter o atual padr\u00e3o do SUS, fazer frente ao envelhecimento da popula\u00e7\u00e3o e encarar a incorpora\u00e7\u00e3o de novas tecnologias, o or\u00e7amento precisar\u00e1 crescer 3,9% acima da infla\u00e7\u00e3o. Nem o piso constitucional de gastos em sa\u00fade, nem as regras do arcabou\u00e7o fiscal asseguram isso. Portanto, precisaremos deslocar recursos de outros setores para a sa\u00fade.<\/p>\n<p><img fetchpriority=\"high\" decoding=\"async\" title=\"O futuro do SUS exige mais que financiamento.\" src=\"https:\/\/static.congressoemfoco.com.br\/CONG_MATERIA\/2025\/10\/03\/9f900c_CONG_MATERIA_MANUAL_d6a2761.jpg\" alt=\"O futuro do SUS exige mais que financiamento.\" width=\"800\" height=\"450\" \/><\/p>\n<div class=\"img-info\"><span class=\"img-legenda\">O futuro do SUS exige mais que financiamento.<\/span><span class=\"img-credito\">Fernando Fraz\u00e3o\/Ag\u00eancia Brasil<\/span><\/div>\n<p>Diante do aperto financeiro, acentuei a necessidade de fazer mais e melhor com cada real atrav\u00e9s do uso de modernas ferramentas tecnol\u00f3gicas de gest\u00e3o (prontu\u00e1rio eletr\u00f4nico, telemedicina etc.) e de arranjos institucionais adequados (carreiras p\u00fablicas, organiza\u00e7\u00f5es sociais, cons\u00f3rcios intermunicipais).<\/p>\n<p>O fator que mais impacta a expans\u00e3o dos custos do sistema \u00e9 a veloz incorpora\u00e7\u00e3o de novas tecnologias (novos medicamentos, equipamentos e insumos). \u00c9 fundamental acertar nas escolhas do que ser\u00e1 introduzido, evitar a judicializa\u00e7\u00e3o e acertar na gest\u00e3o da cl\u00ednica (uso racional dos recursos existentes).<\/p>\n<p>Nos recursos humanos, ultrapassaremos, em 2026, os EUA, a China e o Jap\u00e3o em n\u00famero de m\u00e9dicos por mil habitantes (3,0\/1.000). E atingiremos a marca de 5 m\u00e9dicos por cada mil habitantes, em 2035. N\u00e3o faltar\u00e3o m\u00e9dicos. Mas isso de nada adiantar\u00e1 se a forma\u00e7\u00e3o deles n\u00e3o tiver qualidade, n\u00e3o estiverem distribu\u00eddos corretamente pelas especialidades demandadas pelo sistema, n\u00e3o se espalharem pelo mapa brasileiro e se os modelos de remunera\u00e7\u00e3o e contrata\u00e7\u00e3o n\u00e3o forem eficientes.<\/p>\n<p>Por \u00faltimo, frisei o mais importante: superar a fragmenta\u00e7\u00e3o e qualificar a aten\u00e7\u00e3o prim\u00e1ria como centro coordenador do SUS, na organiza\u00e7\u00e3o das diversas redes assistenciais (hipertens\u00e3o, diabetes, oncologia etc.), com sistemas log\u00edsticos e de apoio que articulem os diversos n\u00edveis de aten\u00e7\u00e3o (prim\u00e1rio, secund\u00e1rio e terci\u00e1rio).<\/p>\n<p>O professor Eug\u00eanio Villa\u00e7a, que estava presente, e \u00e9 o maior sanitarista vivo do Brasil, sempre gostou de duas frases: &#8220;n\u00e3o h\u00e1 sa\u00eddas simples para problemas complexos&#8221;, mas que &#8220;o SUS n\u00e3o \u00e9 um problema sem solu\u00e7\u00e3o, mas uma solu\u00e7\u00e3o com problemas&#8221;.<\/p>\n<p>Fonte: Congresso em Foco<\/p>\n<p>&nbsp;<\/p>\n<p>&nbsp;<\/p>\n<p>&nbsp;<\/p>\n<p>&nbsp;<\/p>\n<p>&nbsp;<\/p>\n<p>&nbsp;<\/p>\n<hr \/>\n<p>&nbsp;<\/p>\n<p><strong>O texto acima expressa a vis\u00e3o de quem o assina, n\u00e3o necessariamente do Congresso em Foco. Se voc\u00ea quer publicar algo sobre o mesmo tema, mas com um diferente ponto de vista, envie sua sugest\u00e3o de texto para redacao@congressoemfoco.com.br.<\/strong><\/p>\n<\/div>\n<\/div>\n<div class=\"share share--coluna share--bottom\"><a class=\"share-news\" title=\"Google News\" href=\"https:\/\/news.google.com\/publications\/CAAqBwgKMKzRlQswnbarAw?hl=pt-BR&amp;gl=BR&amp;ceid=BR%3Apt-419\" target=\"_blank\" rel=\"noopener\"><span class=\"share-news--texto\">Siga-nos<\/span><\/a><\/div>\n<\/div>\n<\/div>\n","protected":false},"excerpt":{"rendered":"<p>Foto:Fernando Fraz\u00e3o\/Ag\u00eancia Brasil Garantir o futuro do sistema exige financiamento justo e gest\u00e3o integrada Marcus Pestana 4\/10\/2025\u00a08:00 Fui convidado pelo Tribunal de Contas da Uni\u00e3o (TCU) para fazer a palestra de abertura do semin\u00e1rio &#8220;Sustentabilidade do SUS&#8221; realizado em parceria com o CONASS, CONASEMS, Instituto Rui Barbosa e IBROS. O TCU tem feito um interessante [&hellip;]<\/p>\n","protected":false},"author":2,"featured_media":3916,"comment_status":"open","ping_status":"open","sticky":false,"template":"","format":"standard","meta":{"rop_custom_images_group":[],"rop_custom_messages_group":[],"rop_publish_now":"initial","rop_publish_now_accounts":{"twitter_850042665852968960_850042665852968960":""},"rop_publish_now_history":[],"rop_publish_now_status":"pending","footnotes":""},"categories":[15],"tags":[768,767,638,83,766],"class_list":["post-3915","post","type-post","status-publish","format-standard","has-post-thumbnail","hentry","category-destaques","tag-conasems","tag-conass","tag-sus","tag-sustentabilidade","tag-tcu"],"yoast_head":"<!-- This site is optimized with the Yoast SEO plugin v27.2 - https:\/\/yoast.com\/product\/yoast-seo-wordpress\/ -->\n<title>Desafios da sustentabilidade do SUS - Prefeitos &amp; Gest\u00f5es<\/title>\n<meta name=\"description\" content=\"Dinheiro n\u00e3o \u00e9 tudo, mas sem financiamento adequado nenhuma pol\u00edtica p\u00fablica fica de p\u00e9. Realcei que apesar do gasto total em sa\u00fade do Brasil (9,8% do PIB) ser acima da m\u00e9dia dos pa\u00edses da OCDE (9,2%), quando calibramos pela popula\u00e7\u00e3o nosso gasto per capita (US$ 1.578) \u00e9 menos de 1\/3 do gasto per capita deles (US$ 4.986). Para piorar nossa equa\u00e7\u00e3o financeira, enquanto a maioria dos pa\u00edses tem cerca de 80% gasto no sistema p\u00fablico, no Brasil ficamos com menos apenas 45%.\" \/>\n<meta name=\"robots\" content=\"index, follow, max-snippet:-1, max-image-preview:large, max-video-preview:-1\" \/>\n<link rel=\"canonical\" href=\"https:\/\/prefeitosegestoes.com.br\/portal\/desafios-da-sustentabilidade-do-sus\/\" \/>\n<meta property=\"og:locale\" content=\"pt_BR\" \/>\n<meta property=\"og:type\" content=\"article\" \/>\n<meta property=\"og:title\" content=\"Desafios da sustentabilidade do SUS - Prefeitos &amp; Gest\u00f5es\" \/>\n<meta property=\"og:description\" content=\"Dinheiro n\u00e3o \u00e9 tudo, mas sem financiamento adequado nenhuma pol\u00edtica p\u00fablica fica de p\u00e9. Realcei que apesar do gasto total em sa\u00fade do Brasil (9,8% do PIB) ser acima da m\u00e9dia dos pa\u00edses da OCDE (9,2%), quando calibramos pela popula\u00e7\u00e3o nosso gasto per capita (US$ 1.578) \u00e9 menos de 1\/3 do gasto per capita deles (US$ 4.986). Para piorar nossa equa\u00e7\u00e3o financeira, enquanto a maioria dos pa\u00edses tem cerca de 80% gasto no sistema p\u00fablico, no Brasil ficamos com menos apenas 45%.\" \/>\n<meta property=\"og:url\" content=\"https:\/\/prefeitosegestoes.com.br\/portal\/desafios-da-sustentabilidade-do-sus\/\" \/>\n<meta property=\"og:site_name\" content=\"Prefeitos &amp; Gest\u00f5es\" \/>\n<meta property=\"article:publisher\" content=\"https:\/\/www.facebook.com\/prefeitosonline\" \/>\n<meta property=\"article:published_time\" content=\"2025-10-13T15:43:15+00:00\" \/>\n<meta property=\"og:image\" content=\"https:\/\/prefeitosegestoes.com.br\/portal\/wp-content\/uploads\/2025\/10\/d6a3135.webp\" \/>\n\t<meta property=\"og:image:width\" content=\"1024\" \/>\n\t<meta property=\"og:image:height\" content=\"768\" \/>\n\t<meta property=\"og:image:type\" content=\"image\/webp\" \/>\n<meta name=\"author\" content=\"Prefeitos &amp; Gest\u00f5es\" \/>\n<meta name=\"twitter:card\" content=\"summary_large_image\" \/>\n<meta name=\"twitter:creator\" content=\"@PrefGestoes\" \/>\n<meta name=\"twitter:site\" content=\"@PrefGestoes\" \/>\n<meta name=\"twitter:label1\" content=\"Escrito por\" \/>\n\t<meta name=\"twitter:data1\" content=\"Prefeitos &amp; Gest\u00f5es\" \/>\n\t<meta name=\"twitter:label2\" content=\"Est. tempo de leitura\" \/>\n\t<meta name=\"twitter:data2\" content=\"4 minutos\" \/>\n<script type=\"application\/ld+json\" class=\"yoast-schema-graph\">{\"@context\":\"https:\/\/schema.org\",\"@graph\":[{\"@type\":\"Article\",\"@id\":\"https:\/\/prefeitosegestoes.com.br\/portal\/desafios-da-sustentabilidade-do-sus\/#article\",\"isPartOf\":{\"@id\":\"https:\/\/prefeitosegestoes.com.br\/portal\/desafios-da-sustentabilidade-do-sus\/\"},\"author\":{\"name\":\"Prefeitos &amp; Gest\u00f5es\",\"@id\":\"https:\/\/prefeitosegestoes.com.br\/portal\/#\/schema\/person\/d00059f2ec99963e7e1850d448ae94b8\"},\"headline\":\"Desafios da sustentabilidade do SUS\",\"datePublished\":\"2025-10-13T15:43:15+00:00\",\"mainEntityOfPage\":{\"@id\":\"https:\/\/prefeitosegestoes.com.br\/portal\/desafios-da-sustentabilidade-do-sus\/\"},\"wordCount\":672,\"commentCount\":0,\"publisher\":{\"@id\":\"https:\/\/prefeitosegestoes.com.br\/portal\/#organization\"},\"image\":{\"@id\":\"https:\/\/prefeitosegestoes.com.br\/portal\/desafios-da-sustentabilidade-do-sus\/#primaryimage\"},\"thumbnailUrl\":\"https:\/\/prefeitosegestoes.com.br\/portal\/wp-content\/uploads\/2025\/10\/d6a3135.webp\",\"keywords\":[\"CONASEMS\",\"CONASS\",\"SUS\",\"sustentabilidade\",\"TCU\"],\"articleSection\":[\"Destaques\"],\"inLanguage\":\"pt-BR\",\"potentialAction\":[{\"@type\":\"CommentAction\",\"name\":\"Comment\",\"target\":[\"https:\/\/prefeitosegestoes.com.br\/portal\/desafios-da-sustentabilidade-do-sus\/#respond\"]}]},{\"@type\":\"WebPage\",\"@id\":\"https:\/\/prefeitosegestoes.com.br\/portal\/desafios-da-sustentabilidade-do-sus\/\",\"url\":\"https:\/\/prefeitosegestoes.com.br\/portal\/desafios-da-sustentabilidade-do-sus\/\",\"name\":\"Desafios da sustentabilidade do SUS - Prefeitos &amp; Gest\u00f5es\",\"isPartOf\":{\"@id\":\"https:\/\/prefeitosegestoes.com.br\/portal\/#website\"},\"primaryImageOfPage\":{\"@id\":\"https:\/\/prefeitosegestoes.com.br\/portal\/desafios-da-sustentabilidade-do-sus\/#primaryimage\"},\"image\":{\"@id\":\"https:\/\/prefeitosegestoes.com.br\/portal\/desafios-da-sustentabilidade-do-sus\/#primaryimage\"},\"thumbnailUrl\":\"https:\/\/prefeitosegestoes.com.br\/portal\/wp-content\/uploads\/2025\/10\/d6a3135.webp\",\"datePublished\":\"2025-10-13T15:43:15+00:00\",\"description\":\"Dinheiro n\u00e3o \u00e9 tudo, mas sem financiamento adequado nenhuma pol\u00edtica p\u00fablica fica de p\u00e9. Realcei que apesar do gasto total em sa\u00fade do Brasil (9,8% do PIB) ser acima da m\u00e9dia dos pa\u00edses da OCDE (9,2%), quando calibramos pela popula\u00e7\u00e3o nosso gasto per capita (US$ 1.578) \u00e9 menos de 1\/3 do gasto per capita deles (US$ 4.986). Para piorar nossa equa\u00e7\u00e3o financeira, enquanto a maioria dos pa\u00edses tem cerca de 80% gasto no sistema p\u00fablico, no Brasil ficamos com menos apenas 45%.\",\"breadcrumb\":{\"@id\":\"https:\/\/prefeitosegestoes.com.br\/portal\/desafios-da-sustentabilidade-do-sus\/#breadcrumb\"},\"inLanguage\":\"pt-BR\",\"potentialAction\":[{\"@type\":\"ReadAction\",\"target\":[\"https:\/\/prefeitosegestoes.com.br\/portal\/desafios-da-sustentabilidade-do-sus\/\"]}]},{\"@type\":\"ImageObject\",\"inLanguage\":\"pt-BR\",\"@id\":\"https:\/\/prefeitosegestoes.com.br\/portal\/desafios-da-sustentabilidade-do-sus\/#primaryimage\",\"url\":\"https:\/\/prefeitosegestoes.com.br\/portal\/wp-content\/uploads\/2025\/10\/d6a3135.webp\",\"contentUrl\":\"https:\/\/prefeitosegestoes.com.br\/portal\/wp-content\/uploads\/2025\/10\/d6a3135.webp\",\"width\":1024,\"height\":768},{\"@type\":\"BreadcrumbList\",\"@id\":\"https:\/\/prefeitosegestoes.com.br\/portal\/desafios-da-sustentabilidade-do-sus\/#breadcrumb\",\"itemListElement\":[{\"@type\":\"ListItem\",\"position\":1,\"name\":\"In\u00edcio\",\"item\":\"https:\/\/prefeitosegestoes.com.br\/portal\/\"},{\"@type\":\"ListItem\",\"position\":2,\"name\":\"Desafios da sustentabilidade do SUS\"}]},{\"@type\":\"WebSite\",\"@id\":\"https:\/\/prefeitosegestoes.com.br\/portal\/#website\",\"url\":\"https:\/\/prefeitosegestoes.com.br\/portal\/\",\"name\":\"Prefeitos & Gest\u00f5es\",\"description\":\"\",\"publisher\":{\"@id\":\"https:\/\/prefeitosegestoes.com.br\/portal\/#organization\"},\"potentialAction\":[{\"@type\":\"SearchAction\",\"target\":{\"@type\":\"EntryPoint\",\"urlTemplate\":\"https:\/\/prefeitosegestoes.com.br\/portal\/?s={search_term_string}\"},\"query-input\":{\"@type\":\"PropertyValueSpecification\",\"valueRequired\":true,\"valueName\":\"search_term_string\"}}],\"inLanguage\":\"pt-BR\"},{\"@type\":\"Organization\",\"@id\":\"https:\/\/prefeitosegestoes.com.br\/portal\/#organization\",\"name\":\"Prefeitos & Gest\u00f5es\",\"url\":\"https:\/\/prefeitosegestoes.com.br\/portal\/\",\"logo\":{\"@type\":\"ImageObject\",\"inLanguage\":\"pt-BR\",\"@id\":\"https:\/\/prefeitosegestoes.com.br\/portal\/#\/schema\/logo\/image\/\",\"url\":\"https:\/\/prefeitosegestoes.com.br\/portal\/wp-content\/uploads\/2024\/10\/lg_trans_prefeitos_2024_preto2.png\",\"contentUrl\":\"https:\/\/prefeitosegestoes.com.br\/portal\/wp-content\/uploads\/2024\/10\/lg_trans_prefeitos_2024_preto2.png\",\"width\":199,\"height\":122,\"caption\":\"Prefeitos & Gest\u00f5es\"},\"image\":{\"@id\":\"https:\/\/prefeitosegestoes.com.br\/portal\/#\/schema\/logo\/image\/\"},\"sameAs\":[\"https:\/\/www.facebook.com\/prefeitosonline\",\"https:\/\/x.com\/PrefGestoes\"]},{\"@type\":\"Person\",\"@id\":\"https:\/\/prefeitosegestoes.com.br\/portal\/#\/schema\/person\/d00059f2ec99963e7e1850d448ae94b8\",\"name\":\"Prefeitos &amp; Gest\u00f5es\",\"image\":{\"@type\":\"ImageObject\",\"inLanguage\":\"pt-BR\",\"@id\":\"https:\/\/secure.gravatar.com\/avatar\/738fb281e479212ed32c1a21a4307dda9f3af9292edb6918a16c9ce9fff5f48d?s=96&d=mm&r=g\",\"url\":\"https:\/\/secure.gravatar.com\/avatar\/738fb281e479212ed32c1a21a4307dda9f3af9292edb6918a16c9ce9fff5f48d?s=96&d=mm&r=g\",\"contentUrl\":\"https:\/\/secure.gravatar.com\/avatar\/738fb281e479212ed32c1a21a4307dda9f3af9292edb6918a16c9ce9fff5f48d?s=96&d=mm&r=g\",\"caption\":\"Prefeitos &amp; Gest\u00f5es\"},\"url\":\"https:\/\/prefeitosegestoes.com.br\/portal\/author\/prefeitosegestoes\/\"}]}<\/script>\n<!-- \/ Yoast SEO plugin. -->","yoast_head_json":{"title":"Desafios da sustentabilidade do SUS - Prefeitos &amp; Gest\u00f5es","description":"Dinheiro n\u00e3o \u00e9 tudo, mas sem financiamento adequado nenhuma pol\u00edtica p\u00fablica fica de p\u00e9. Realcei que apesar do gasto total em sa\u00fade do Brasil (9,8% do PIB) ser acima da m\u00e9dia dos pa\u00edses da OCDE (9,2%), quando calibramos pela popula\u00e7\u00e3o nosso gasto per capita (US$ 1.578) \u00e9 menos de 1\/3 do gasto per capita deles (US$ 4.986). Para piorar nossa equa\u00e7\u00e3o financeira, enquanto a maioria dos pa\u00edses tem cerca de 80% gasto no sistema p\u00fablico, no Brasil ficamos com menos apenas 45%.","robots":{"index":"index","follow":"follow","max-snippet":"max-snippet:-1","max-image-preview":"max-image-preview:large","max-video-preview":"max-video-preview:-1"},"canonical":"https:\/\/prefeitosegestoes.com.br\/portal\/desafios-da-sustentabilidade-do-sus\/","og_locale":"pt_BR","og_type":"article","og_title":"Desafios da sustentabilidade do SUS - Prefeitos &amp; Gest\u00f5es","og_description":"Dinheiro n\u00e3o \u00e9 tudo, mas sem financiamento adequado nenhuma pol\u00edtica p\u00fablica fica de p\u00e9. Realcei que apesar do gasto total em sa\u00fade do Brasil (9,8% do PIB) ser acima da m\u00e9dia dos pa\u00edses da OCDE (9,2%), quando calibramos pela popula\u00e7\u00e3o nosso gasto per capita (US$ 1.578) \u00e9 menos de 1\/3 do gasto per capita deles (US$ 4.986). Para piorar nossa equa\u00e7\u00e3o financeira, enquanto a maioria dos pa\u00edses tem cerca de 80% gasto no sistema p\u00fablico, no Brasil ficamos com menos apenas 45%.","og_url":"https:\/\/prefeitosegestoes.com.br\/portal\/desafios-da-sustentabilidade-do-sus\/","og_site_name":"Prefeitos &amp; Gest\u00f5es","article_publisher":"https:\/\/www.facebook.com\/prefeitosonline","article_published_time":"2025-10-13T15:43:15+00:00","og_image":[{"width":1024,"height":768,"url":"https:\/\/prefeitosegestoes.com.br\/portal\/wp-content\/uploads\/2025\/10\/d6a3135.webp","type":"image\/webp"}],"author":"Prefeitos &amp; Gest\u00f5es","twitter_card":"summary_large_image","twitter_creator":"@PrefGestoes","twitter_site":"@PrefGestoes","twitter_misc":{"Escrito por":"Prefeitos &amp; Gest\u00f5es","Est. tempo de leitura":"4 minutos"},"schema":{"@context":"https:\/\/schema.org","@graph":[{"@type":"Article","@id":"https:\/\/prefeitosegestoes.com.br\/portal\/desafios-da-sustentabilidade-do-sus\/#article","isPartOf":{"@id":"https:\/\/prefeitosegestoes.com.br\/portal\/desafios-da-sustentabilidade-do-sus\/"},"author":{"name":"Prefeitos &amp; Gest\u00f5es","@id":"https:\/\/prefeitosegestoes.com.br\/portal\/#\/schema\/person\/d00059f2ec99963e7e1850d448ae94b8"},"headline":"Desafios da sustentabilidade do SUS","datePublished":"2025-10-13T15:43:15+00:00","mainEntityOfPage":{"@id":"https:\/\/prefeitosegestoes.com.br\/portal\/desafios-da-sustentabilidade-do-sus\/"},"wordCount":672,"commentCount":0,"publisher":{"@id":"https:\/\/prefeitosegestoes.com.br\/portal\/#organization"},"image":{"@id":"https:\/\/prefeitosegestoes.com.br\/portal\/desafios-da-sustentabilidade-do-sus\/#primaryimage"},"thumbnailUrl":"https:\/\/prefeitosegestoes.com.br\/portal\/wp-content\/uploads\/2025\/10\/d6a3135.webp","keywords":["CONASEMS","CONASS","SUS","sustentabilidade","TCU"],"articleSection":["Destaques"],"inLanguage":"pt-BR","potentialAction":[{"@type":"CommentAction","name":"Comment","target":["https:\/\/prefeitosegestoes.com.br\/portal\/desafios-da-sustentabilidade-do-sus\/#respond"]}]},{"@type":"WebPage","@id":"https:\/\/prefeitosegestoes.com.br\/portal\/desafios-da-sustentabilidade-do-sus\/","url":"https:\/\/prefeitosegestoes.com.br\/portal\/desafios-da-sustentabilidade-do-sus\/","name":"Desafios da sustentabilidade do SUS - Prefeitos &amp; Gest\u00f5es","isPartOf":{"@id":"https:\/\/prefeitosegestoes.com.br\/portal\/#website"},"primaryImageOfPage":{"@id":"https:\/\/prefeitosegestoes.com.br\/portal\/desafios-da-sustentabilidade-do-sus\/#primaryimage"},"image":{"@id":"https:\/\/prefeitosegestoes.com.br\/portal\/desafios-da-sustentabilidade-do-sus\/#primaryimage"},"thumbnailUrl":"https:\/\/prefeitosegestoes.com.br\/portal\/wp-content\/uploads\/2025\/10\/d6a3135.webp","datePublished":"2025-10-13T15:43:15+00:00","description":"Dinheiro n\u00e3o \u00e9 tudo, mas sem financiamento adequado nenhuma pol\u00edtica p\u00fablica fica de p\u00e9. Realcei que apesar do gasto total em sa\u00fade do Brasil (9,8% do PIB) ser acima da m\u00e9dia dos pa\u00edses da OCDE (9,2%), quando calibramos pela popula\u00e7\u00e3o nosso gasto per capita (US$ 1.578) \u00e9 menos de 1\/3 do gasto per capita deles (US$ 4.986). Para piorar nossa equa\u00e7\u00e3o financeira, enquanto a maioria dos pa\u00edses tem cerca de 80% gasto no sistema p\u00fablico, no Brasil ficamos com menos apenas 45%.","breadcrumb":{"@id":"https:\/\/prefeitosegestoes.com.br\/portal\/desafios-da-sustentabilidade-do-sus\/#breadcrumb"},"inLanguage":"pt-BR","potentialAction":[{"@type":"ReadAction","target":["https:\/\/prefeitosegestoes.com.br\/portal\/desafios-da-sustentabilidade-do-sus\/"]}]},{"@type":"ImageObject","inLanguage":"pt-BR","@id":"https:\/\/prefeitosegestoes.com.br\/portal\/desafios-da-sustentabilidade-do-sus\/#primaryimage","url":"https:\/\/prefeitosegestoes.com.br\/portal\/wp-content\/uploads\/2025\/10\/d6a3135.webp","contentUrl":"https:\/\/prefeitosegestoes.com.br\/portal\/wp-content\/uploads\/2025\/10\/d6a3135.webp","width":1024,"height":768},{"@type":"BreadcrumbList","@id":"https:\/\/prefeitosegestoes.com.br\/portal\/desafios-da-sustentabilidade-do-sus\/#breadcrumb","itemListElement":[{"@type":"ListItem","position":1,"name":"In\u00edcio","item":"https:\/\/prefeitosegestoes.com.br\/portal\/"},{"@type":"ListItem","position":2,"name":"Desafios da sustentabilidade do SUS"}]},{"@type":"WebSite","@id":"https:\/\/prefeitosegestoes.com.br\/portal\/#website","url":"https:\/\/prefeitosegestoes.com.br\/portal\/","name":"Prefeitos & Gest\u00f5es","description":"","publisher":{"@id":"https:\/\/prefeitosegestoes.com.br\/portal\/#organization"},"potentialAction":[{"@type":"SearchAction","target":{"@type":"EntryPoint","urlTemplate":"https:\/\/prefeitosegestoes.com.br\/portal\/?s={search_term_string}"},"query-input":{"@type":"PropertyValueSpecification","valueRequired":true,"valueName":"search_term_string"}}],"inLanguage":"pt-BR"},{"@type":"Organization","@id":"https:\/\/prefeitosegestoes.com.br\/portal\/#organization","name":"Prefeitos & Gest\u00f5es","url":"https:\/\/prefeitosegestoes.com.br\/portal\/","logo":{"@type":"ImageObject","inLanguage":"pt-BR","@id":"https:\/\/prefeitosegestoes.com.br\/portal\/#\/schema\/logo\/image\/","url":"https:\/\/prefeitosegestoes.com.br\/portal\/wp-content\/uploads\/2024\/10\/lg_trans_prefeitos_2024_preto2.png","contentUrl":"https:\/\/prefeitosegestoes.com.br\/portal\/wp-content\/uploads\/2024\/10\/lg_trans_prefeitos_2024_preto2.png","width":199,"height":122,"caption":"Prefeitos & Gest\u00f5es"},"image":{"@id":"https:\/\/prefeitosegestoes.com.br\/portal\/#\/schema\/logo\/image\/"},"sameAs":["https:\/\/www.facebook.com\/prefeitosonline","https:\/\/x.com\/PrefGestoes"]},{"@type":"Person","@id":"https:\/\/prefeitosegestoes.com.br\/portal\/#\/schema\/person\/d00059f2ec99963e7e1850d448ae94b8","name":"Prefeitos &amp; Gest\u00f5es","image":{"@type":"ImageObject","inLanguage":"pt-BR","@id":"https:\/\/secure.gravatar.com\/avatar\/738fb281e479212ed32c1a21a4307dda9f3af9292edb6918a16c9ce9fff5f48d?s=96&d=mm&r=g","url":"https:\/\/secure.gravatar.com\/avatar\/738fb281e479212ed32c1a21a4307dda9f3af9292edb6918a16c9ce9fff5f48d?s=96&d=mm&r=g","contentUrl":"https:\/\/secure.gravatar.com\/avatar\/738fb281e479212ed32c1a21a4307dda9f3af9292edb6918a16c9ce9fff5f48d?s=96&d=mm&r=g","caption":"Prefeitos &amp; Gest\u00f5es"},"url":"https:\/\/prefeitosegestoes.com.br\/portal\/author\/prefeitosegestoes\/"}]}},"_links":{"self":[{"href":"https:\/\/prefeitosegestoes.com.br\/portal\/wp-json\/wp\/v2\/posts\/3915","targetHints":{"allow":["GET"]}}],"collection":[{"href":"https:\/\/prefeitosegestoes.com.br\/portal\/wp-json\/wp\/v2\/posts"}],"about":[{"href":"https:\/\/prefeitosegestoes.com.br\/portal\/wp-json\/wp\/v2\/types\/post"}],"author":[{"embeddable":true,"href":"https:\/\/prefeitosegestoes.com.br\/portal\/wp-json\/wp\/v2\/users\/2"}],"replies":[{"embeddable":true,"href":"https:\/\/prefeitosegestoes.com.br\/portal\/wp-json\/wp\/v2\/comments?post=3915"}],"version-history":[{"count":1,"href":"https:\/\/prefeitosegestoes.com.br\/portal\/wp-json\/wp\/v2\/posts\/3915\/revisions"}],"predecessor-version":[{"id":3917,"href":"https:\/\/prefeitosegestoes.com.br\/portal\/wp-json\/wp\/v2\/posts\/3915\/revisions\/3917"}],"wp:featuredmedia":[{"embeddable":true,"href":"https:\/\/prefeitosegestoes.com.br\/portal\/wp-json\/wp\/v2\/media\/3916"}],"wp:attachment":[{"href":"https:\/\/prefeitosegestoes.com.br\/portal\/wp-json\/wp\/v2\/media?parent=3915"}],"wp:term":[{"taxonomy":"category","embeddable":true,"href":"https:\/\/prefeitosegestoes.com.br\/portal\/wp-json\/wp\/v2\/categories?post=3915"},{"taxonomy":"post_tag","embeddable":true,"href":"https:\/\/prefeitosegestoes.com.br\/portal\/wp-json\/wp\/v2\/tags?post=3915"}],"curies":[{"name":"wp","href":"https:\/\/api.w.org\/{rel}","templated":true}]}}