{"id":3911,"date":"2025-10-06T12:56:50","date_gmt":"2025-10-06T15:56:50","guid":{"rendered":"https:\/\/prefeitosegestoes.com.br\/portal\/?p=3911"},"modified":"2025-10-06T12:56:50","modified_gmt":"2025-10-06T15:56:50","slug":"como-professora-ajudou-a-revolucionar-escola-no-interior-de-sp-e-se-tornou-finalista-de-um-dos-principais-premios-da-educacao","status":"publish","type":"post","link":"https:\/\/prefeitosegestoes.com.br\/portal\/como-professora-ajudou-a-revolucionar-escola-no-interior-de-sp-e-se-tornou-finalista-de-um-dos-principais-premios-da-educacao\/","title":{"rendered":"Como professora ajudou a revolucionar escola no interior de SP e se tornou finalista de um dos principais pr\u00eamios da educa\u00e7\u00e3o"},"content":{"rendered":"<div class=\"mc-article-header\">\n<div class=\"row content-head mc-column non-featured \">\n<div class=\"medium-centered subtitle\"><\/div>\n<\/div>\n<\/div>\n<div class=\"mc-article-body\">\n<article>\n<div class=\"wall protected-content\">\n<div id=\"chunk-e2pai\">\n<div class=\"mc-column content-text active-extra-styles\" data-block-type=\"raw\" data-block-weight=\"81\" data-block-id=\"31\">\n<blockquote class=\"content-blockquote theme-border-color-primary-before\">\n<div class=\"mc-article-header\">\n<div class=\"row content-head mc-column non-featured \">\n<div class=\"medium-centered subtitle\">\n<h6>Foto Ilustrativa: Marcelo Camargo\/Ag\u00eancia Brasil<\/h6>\n<h2 class=\"content-head__subtitle\">Priscila Terencio est\u00e1 entre os nove finalistas do Pr\u00eamio Educador Nota 10, que recebeu mais de 4 mil projetos de todo Brasil em 2025. Vencedores ser\u00e3o conhecidos em 28 de outubro.<\/h2>\n<\/div>\n<\/div>\n<div class=\"content__signa-share mc-column\">\n<div class=\"content__signature\">\n<div class=\"content-publication-data\">\n<div class=\"content-publication-data__text\">\n<p class=\"content-publication-data__from\" title=\"Gabriel Luca*\">Por Gabriel Luca*, g1 Ribeir\u00e3o e Franca<\/p>\n<p class=\"content-publication-data__updated\"><time datetime=\"2025-10-06T05:01:40.447-03:00\">06\/10\/2025 05h01\u00a0<\/time><span class=\"content-publication-data__updated-relative\">\u00a0<time datetime=\"2025-10-06T05:01:41.070-03:00\">Atualizado\u00a0<time datetime=\"2025-10-06T05:01:41.070-03:00\">h\u00e1 7 horas<\/time><\/time><\/span><\/p>\n<\/div>\n<\/div>\n<\/div>\n<\/div>\n<div class=\"mc-summary mc-column\" data-block-type=\"summary\" data-block-id=\"1\">\n<details class=\"mc-summary-card bs-block--exclude-chunk-children\" open=\"open\">\n<div class=\"mc-summary-card__content\">\n<div id=\"chunk-616ki\">\n<div class=\"mc-column content-text active-extra-styles \" data-block-type=\"unstyled\" data-block-weight=\"\">\n<p class=\" content-text__container \" data-track-category=\"Link no Texto\" data-track-links=\"\" data-mrf-recirculation=\"Mat\u00e9ria - Links no Texto\">A professora Priscila Terencio, da Escola Estadual \u00c2ngelo Scarabucci, em Franca (SP), est\u00e1 entre os nove finalistas da 27\u00aa edi\u00e7\u00e3o do Pr\u00eamio Educador Nota 10.<\/p>\n<\/div>\n<\/div>\n<ul class=\"mc-summary-card__list\">\n<li class=\"mc-summary-card__item\">\n<div id=\"chunk-cj8lc\">\n<div class=\"mc-column content-text active-extra-styles \" data-block-type=\"unstyled\" data-block-weight=\"\">\n<p class=\" content-text__container \" data-track-category=\"Link no Texto\" data-track-links=\"\" data-mrf-recirculation=\"Mat\u00e9ria - Links no Texto\">O projeto inscrito por Priscila, chamado \u201cChegadas e partidas: Hist\u00f3rias que se conectam!\u201d, nasceu ap\u00f3s a troca de metade da equipe docente da escola em 2024.<\/p>\n<\/div>\n<\/div>\n<\/li>\n<li class=\"mc-summary-card__item\">\n<div id=\"chunk-c2ske\">\n<div class=\"mc-column content-text active-extra-styles \" data-block-type=\"unstyled\" data-block-weight=\"\">\n<p class=\" content-text__container \" data-track-category=\"Link no Texto\" data-track-links=\"\" data-mrf-recirculation=\"Mat\u00e9ria - Links no Texto\">Ao todo, mais de 400 alunos participaram de atividades que inclu\u00edram pesquisas hist\u00f3ricas e entrevistas.<\/p>\n<\/div>\n<\/div>\n<\/li>\n<li class=\"mc-summary-card__item\">\n<div id=\"chunk-16aif\">\n<div class=\"mc-column content-text active-extra-styles \" data-block-type=\"unstyled\" data-block-weight=\"\">\n<p class=\" content-text__container \" data-track-category=\"Link no Texto\" data-track-links=\"\" data-mrf-recirculation=\"Mat\u00e9ria - Links no Texto\">O material resultou ainda em um almanaque virtual acess\u00edvel por QR Codes.<\/p>\n<\/div>\n<\/div>\n<\/li>\n<li class=\"mc-summary-card__item\">\n<div id=\"chunk-fmc7q\">\n<div class=\"mc-column content-text active-extra-styles \" data-block-type=\"unstyled\" data-block-weight=\"\">\n<p class=\" content-text__container \" data-track-category=\"Link no Texto\" data-track-links=\"\" data-mrf-recirculation=\"Mat\u00e9ria - Links no Texto\">O an\u00fancio dos vencedores ser\u00e1 feito no dia 28 de outubro.<\/p>\n<\/div>\n<\/div>\n<\/li>\n<\/ul>\n<\/div>\n<\/details>\n<\/div>\n<\/div>\n<div class=\"mc-article-body\">\n<article>\n<div id=\"chunk-59ro7\">\n<div class=\"cxm-video-block mc-column  content-media content-video\" data-block-type=\"backstage-video\" data-block-id=\"2\">\n<div class=\"content-media__container content-media__container--codex-fallback\">\n<div class=\"content-video__bigger-player-description-fixer\">\n<article class=\"content-video\">\n<section class=\"content-video__video-container\">\n<div class=\"content-video__video\">\n<div class=\"content-video__placeholder\" data-video-id=\"13984464\"><img decoding=\"async\" class=\"content-video__placeholder__thumb\" title=\"Professora de Franca, SP, \u00e9 finalista do Pr\u00eamio Educador Nota 10\" src=\"https:\/\/s01.video.glbimg.com\/x240\/13984464.jpg\" alt=\"Professora de Franca, SP, \u00e9 finalista do Pr\u00eamio Educador Nota 10\" \/><\/p>\n<div>\n<div id=\"wp3-player-1\" class=\"clappr-player\" tabindex=\"9999\" data-player=\"\">\n<div class=\"dfp-ad-overlay dfp-ad-overlay--poster-mode\"><\/div>\n<\/div>\n<\/div>\n<\/div>\n<\/div>\n<\/section>\n<\/article>\n<\/div>\n<\/div>\n<\/div>\n<\/div>\n<div id=\"chunk-olh8\">\n<div class=\"mc-column mc-side-item__container\" data-block-type=\"ads\" data-block-id=\"4\">\n<div class=\"mc-side-item mc-side-item--right content-ads content-ads--side-ad\">\n<div id=\"banner_materia1\" class=\"tag-manager-publicidade-container tag-manager-publicidade-banner_materia1 tag-manager-publicidade-container--carregado tag-manager-publicidade-container--visivel\" data-google-query-id=\"CNHc7of0j5ADFdY3uQYdV6ATdg\">\n<div><\/div>\n<div id=\"google_ads_iframe_\/95377733\/tvg_G1\/Sua_Regiao&gt;Sudeste&gt;Sao_Paulo_(Ribeirao_Preto)_1__container__\">A professora Priscila Terencio, da Escola Estadual \u00c2ngelo Scarabucci, em <a class=\"\" href=\"https:\/\/g1.globo.com\/sp\/ribeirao-preto-franca\/cidade\/franca\/\" data-mrf-link=\"https:\/\/g1.globo.com\/sp\/ribeirao-preto-franca\/cidade\/franca\/\">Franca (SP)<\/a>, est\u00e1 entre os nove finalistas da 27\u00aa edi\u00e7\u00e3o do Pr\u00eamio Educador Nota 10, considerado o maior reconhecimento da educa\u00e7\u00e3o b\u00e1sica no Brasil. O an\u00fancio dos vencedores ser\u00e1 feito no dia\u00a0<strong>28 de outubro<\/strong>, em cerim\u00f4nia na Pinacoteca de S\u00e3o Paulo.<\/div>\n<\/div>\n<\/div>\n<\/div>\n<\/div>\n<div class=\"wall protected-content\">\n<div id=\"chunk-712ll\">\n<div class=\"mc-column content-text active-extra-styles \" data-block-type=\"unstyled\" data-block-weight=\"27\" data-block-id=\"5\">\n<p class=\" content-text__container \" data-track-category=\"Link no Texto\" data-track-links=\"\" data-mrf-recirculation=\"Mat\u00e9ria - Links no Texto\">O projeto inscrito por Priscila, chamado \u201cChegadas e partidas: Hist\u00f3rias que se conectam!\u201d, nasceu ap\u00f3s a\u00a0<strong><span class=\"highlight highlighted\">troca de metade da equipe docente da escola em 2024<\/span><\/strong>.<\/p>\n<\/div>\n<\/div>\n<div id=\"chunk-4ph8v\">\n<div class=\"mc-column content-text active-extra-styles \" data-block-type=\"unstyled\" data-block-weight=\"47\" data-block-id=\"6\">\n<p class=\" content-text__container \" data-track-category=\"Link no Texto\" data-track-links=\"\" data-mrf-recirculation=\"Mat\u00e9ria - Links no Texto\">Diante do desafio de integrar professores novos e veteranos, a\u00a0<strong><span class=\"highlight highlighted\">educadora decidiu transformar o momento em oportunidade para fortalecer o sentimento de pertencimento e valorizar a mem\u00f3ria da institui\u00e7\u00e3o e do bairro Vila Scarabucci<\/span><\/strong>, regi\u00e3o de classe m\u00e9dia marcada pela cultura mas, tamb\u00e9m, por algumas vulnerabilidades sociais.<\/p>\n<\/div>\n<\/div>\n<div id=\"chunk-doajd\">\n<div class=\"mc-column content-text active-extra-styles\" data-block-type=\"raw\" data-block-weight=\"45\" data-block-id=\"8\">\n<blockquote class=\"content-blockquote theme-border-color-primary-before\"><p>&#8220;Quando n\u00f3s iniciamos o ano, n\u00f3s trocamos metade da equipe de professores. Ent\u00e3o, a gente fez um resgate de hist\u00f3rias da comunidade, em que todo mundo tamb\u00e9m p\u00f4de somar com as suas hist\u00f3rias, com as suas experi\u00eancias e trazer esse pertencimento&#8221;, comentou Priscila ao\u00a0<a class=\"\" href=\"https:\/\/g1.globo.com\/sp\/ribeirao-preto-franca\/\">g1<\/a><\/p><\/blockquote>\n<\/div>\n<\/div>\n<div id=\"chunk-aqt1e\">\n<div class=\"mc-column content-text active-extra-styles \" data-block-type=\"unstyled\" data-block-weight=\"16\" data-block-id=\"10\">\n<p class=\" content-text__container \" data-track-category=\"Link no Texto\" data-track-links=\"\" data-mrf-recirculation=\"Mat\u00e9ria - Links no Texto\">Durante o trabalho, os professores foram organizados em duplas pedag\u00f3gicas para favorecer a troca de experi\u00eancias.<\/p>\n<\/div>\n<\/div>\n<div id=\"chunk-2s1b6\">\n<div class=\"mc-column content-text active-extra-styles \" data-block-type=\"unstyled\" data-block-weight=\"46\" data-block-id=\"11\">\n<p class=\" content-text__container \" data-track-category=\"Link no Texto\" data-track-links=\"\" data-mrf-recirculation=\"Mat\u00e9ria - Links no Texto\">&#8220;A gente come\u00e7ou a trabalhar dessa forma, valorizando o que cada pessoa sabe, o que eles (novos professores) traziam e tamb\u00e9m a troca de conhecimento, n\u00e9? Eu acho que isso, quando a gente troca um com o outro, a gente consegue chegar num resultado melhor.&#8221;<\/p>\n<\/div>\n<\/div>\n<div id=\"chunk-5995b\">\n<div class=\"mc-column content-text active-extra-styles \" data-block-type=\"unstyled\" data-block-weight=\"50\" data-block-id=\"12\">\n<p class=\" content-text__container \" data-track-category=\"Link no Texto\" data-track-links=\"\" data-mrf-recirculation=\"Mat\u00e9ria - Links no Texto\">Ao todo,\u00a0<span class=\"highlight highlighted\">mais de 400 alunos, do 6\u00ba ano do Ensino Fundamental ao 3\u00ba ano do Ensino M\u00e9dio, participaram de atividades\u00a0<\/span>que inclu\u00edram pesquisas hist\u00f3ricas de Franca e da escola, entrevistas com moradores do bairro e ex-alunos, tudo com o objetivo da produ\u00e7\u00e3o de conte\u00fados midi\u00e1ticos e um document\u00e1rio.<\/p>\n<\/div>\n<\/div>\n<div id=\"chunk-4jhov\">\n<div class=\"mc-column content-text active-extra-styles \" data-block-type=\"unstyled\" data-block-weight=\"35\" data-block-id=\"13\">\n<p class=\" content-text__container \" data-track-category=\"Link no Texto\" data-track-links=\"\" data-mrf-recirculation=\"Mat\u00e9ria - Links no Texto\">&#8220;A gente teve a ideia inicial, dentro do nosso primeiro planejamento, de fazer um document\u00e1rio com essas pessoas, porque quando a mem\u00f3ria n\u00e3o funciona, sobram as imagens e os registros que a gente tem&#8221;, relatou.<\/p>\n<\/div>\n<\/div>\n<div id=\"chunk-euc85\">\n<div class=\"content-ads content-ads--reveal\" data-block-type=\"ads\" data-block-id=\"14\">\n<div id=\"banner_materia__135b96b7-6c88-4024-9366-4bf4d4336f23\" class=\"tag-manager-publicidade-container tag-manager-publicidade-banner_materia__135b96b7-6c88-4024-9366-4bf4d4336f23 tag-manager-publicidade-container--carregado tag-manager-publicidade-container--visivel\" data-google-query-id=\"CPO88r_0j5ADFQdKuAQd9uUasw\">\n<div id=\"google_ads_iframe_\/95377733\/tvg_G1\/Sua_Regiao&gt;Sudeste&gt;Sao_Paulo_(Ribeirao_Preto)_3__container__\"><\/div>\n<\/div>\n<\/div>\n<\/div>\n<div id=\"chunk-adq34\">\n<div class=\"row medium-uncollapsed content-media content-photo\" data-block-type=\"backstage-photo\" data-block-id=\"15\">\n<div class=\" mc-column  content-media__container\">\n<div class=\"content-media-container glb-skeleton-box\">\n<figure class=\"content-media-figure\"><img decoding=\"async\" class=\"i-amphtml-fill-content i-amphtml-replaced-content\" src=\"https:\/\/s2-g1.glbimg.com\/v5OiGRySMymTC_YcwvIjwooXfws=\/0x0:1700x1065\/984x0\/smart\/filters:strip_icc()\/i.s3.glbimg.com\/v1\/AUTH_59edd422c0c84a879bd37670ae4f538a\/internal_photos\/bs\/2025\/W\/M\/xuDM8FTCaqm5s1Gya3ZQ\/semana-do-cinema-35-.jpg\" sizes=\"(max-width: 1536px) 648px, 100vw\" srcset=\"https:\/\/s2-g1.glbimg.com\/cnckPDDb46kwLVmirSPA3ratckU=\/0x0:1700x1065\/1000x0\/smart\/filters:strip_icc()\/i.s3.glbimg.com\/v1\/AUTH_59edd422c0c84a879bd37670ae4f538a\/internal_photos\/bs\/2025\/W\/M\/xuDM8FTCaqm5s1Gya3ZQ\/semana-do-cinema-35-.jpg 1000w, https:\/\/s2-g1.glbimg.com\/v5OiGRySMymTC_YcwvIjwooXfws=\/0x0:1700x1065\/984x0\/smart\/filters:strip_icc()\/i.s3.glbimg.com\/v1\/AUTH_59edd422c0c84a879bd37670ae4f538a\/internal_photos\/bs\/2025\/W\/M\/xuDM8FTCaqm5s1Gya3ZQ\/semana-do-cinema-35-.jpg 984w, https:\/\/s2-g1.glbimg.com\/8qaPjBV1uFBxhVf8O6tIepBf4gM=\/0x0:1700x1065\/640x0\/smart\/filters:strip_icc()\/i.s3.glbimg.com\/v1\/AUTH_59edd422c0c84a879bd37670ae4f538a\/internal_photos\/bs\/2025\/W\/M\/xuDM8FTCaqm5s1Gya3ZQ\/semana-do-cinema-35-.jpg 640w, https:\/\/s2-g1.glbimg.com\/cI5O5TEEomrZR-6rYvdsqVt1yPY=\/0x0:1700x1065\/600x0\/smart\/filters:strip_icc()\/i.s3.glbimg.com\/v1\/AUTH_59edd422c0c84a879bd37670ae4f538a\/internal_photos\/bs\/2025\/W\/M\/xuDM8FTCaqm5s1Gya3ZQ\/semana-do-cinema-35-.jpg 600w\" alt=\"A professora Priscila Terencio, da Escola Estadual \u00c2ngelo Scarabucci, em Franca (SP), est\u00e1 entre os nove finalistas da 27\u00aa edi\u00e7\u00e3o do Pr\u00eamio Educador Nota 10 \u2014 Foto: Divulga\u00e7\u00e3o\" \/><\/figure>\n<\/div>\n<p class=\"content-media__description  \">A professora Priscila Terencio, da Escola Estadual \u00c2ngelo Scarabucci, em Franca (SP), est\u00e1 entre os nove finalistas da 27\u00aa edi\u00e7\u00e3o do Pr\u00eamio Educador Nota 10 \u2014 Foto: Divulga\u00e7\u00e3o<\/p>\n<\/div>\n<\/div>\n<\/div>\n<div id=\"chunk-4ng04\">\n<div class=\"mc-column content-text active-extra-styles\" data-block-type=\"raw\" data-block-weight=\"4\" data-block-id=\"16\">\n<div class=\"content-intertitle\">\n<h2>Projeto colocado em pr\u00e1tica<\/h2>\n<\/div>\n<\/div>\n<\/div>\n<div id=\"chunk-cvbd3\">\n<div class=\"mc-column content-text active-extra-styles \" data-block-type=\"unstyled\" data-block-weight=\"41\" data-block-id=\"17\">\n<p class=\" content-text__container \" data-track-category=\"Link no Texto\" data-track-links=\"\" data-mrf-recirculation=\"Mat\u00e9ria - Links no Texto\">E foi de forma simples, com grava\u00e7\u00f5es caseiras, que a comunidade compartilhou mem\u00f3rias que surpreenderam at\u00e9 os pr\u00f3prios alunos. Um estudante, por exemplo, revelou n\u00e3o saber que o pai, ex-aluno da unidade, havia sido presidente da escola de samba do bairro.<\/p>\n<\/div>\n<\/div>\n<div id=\"chunk-e8tfb\">\n<div class=\"mc-column content-text active-extra-styles\" data-block-type=\"raw\" data-block-weight=\"40\" data-block-id=\"18\">\n<blockquote class=\"content-blockquote theme-border-color-primary-before\"><p>&#8220;O aluno me falou: &#8216;mas eu n\u00e3o sabia que meu pai era t\u00e3o importante&#8217;. Ent\u00e3o, foi assim que a gente foi descobrindo hist\u00f3rias. E, na verdade, se a gente n\u00e3o conhece o passado, a gente n\u00e3o sabe projetar o futuro.&#8221;<\/p><\/blockquote>\n<\/div>\n<\/div>\n<div id=\"chunk-cvmbe\">\n<div class=\"mc-column content-text active-extra-styles \" data-block-type=\"unstyled\" data-block-weight=\"40\" data-block-id=\"19\">\n<p class=\" content-text__container \" data-track-category=\"Link no Texto\" data-track-links=\"\" data-mrf-recirculation=\"Mat\u00e9ria - Links no Texto\">As atividades foram realizadas ao longo de todo o ano letivo de 2024, com aulas dedicadas para a execu\u00e7\u00e3o das pesquisas e produ\u00e7\u00f5es. O processo de edi\u00e7\u00e3o e organiza\u00e7\u00e3o foi feito coletivamente por professores e alunos que atuaram no projeto.<\/p>\n<\/div>\n<\/div>\n<div id=\"chunk-cnve8\">\n<div class=\"mc-column content-text active-extra-styles \" data-block-type=\"unstyled\" data-block-weight=\"25\" data-block-id=\"21\">\n<p class=\" content-text__container \" data-track-category=\"Link no Texto\" data-track-links=\"\" data-mrf-recirculation=\"Mat\u00e9ria - Links no Texto\"><span class=\"highlight highlighted\">O material resultou ainda em um almanaque virtual<\/span> acess\u00edvel por QR Codes que, por sugest\u00e3o de um aluno, foram distribu\u00eddos em diferentes pontos da comunidade.<\/p>\n<\/div>\n<\/div>\n<div id=\"chunk-lvkn\">\n<div class=\"mc-column content-text active-extra-styles\" data-block-type=\"raw\" data-block-weight=\"40\" data-block-id=\"22\">\n<blockquote class=\"content-blockquote theme-border-color-primary-before\"><p>&#8220;Um dos alunos deu a ideia de fazer um QR Code para socializar com a comunidade, de fato, tudo aquilo que estava acontecendo na escola. Ent\u00e3o, de uma maneira simples, a gente conseguiu ter essa conversa com todos do bairro.&#8221;<\/p><\/blockquote>\n<p>&nbsp;<\/p>\n<\/div>\n<\/div>\n<div id=\"chunk-9hhht\">\n<div class=\"row medium-uncollapsed content-media content-photo\" data-block-type=\"backstage-photo\" data-block-id=\"23\">\n<div class=\" mc-column  content-media__container\">\n<div class=\"content-media-container glb-skeleton-box\">\n<figure class=\"content-media-figure\"><img decoding=\"async\" class=\"i-amphtml-fill-content i-amphtml-replaced-content\" src=\"https:\/\/s2-g1.glbimg.com\/HgdDj-WkhFqxVS53bn_1JrjUS2c=\/0x0:712x510\/984x0\/smart\/filters:strip_icc()\/i.s3.glbimg.com\/v1\/AUTH_59edd422c0c84a879bd37670ae4f538a\/internal_photos\/bs\/2025\/g\/X\/3z1XAOSDiGuceqWcvr4g\/captura-de-tela-2025-09-19-154004.jpg\" sizes=\"(max-width: 1536px) 648px, 100vw\" srcset=\"https:\/\/s2-g1.glbimg.com\/a9m5GIj9jBjB1lcYaEYaeDVRfJo=\/0x0:712x510\/1000x0\/smart\/filters:strip_icc()\/i.s3.glbimg.com\/v1\/AUTH_59edd422c0c84a879bd37670ae4f538a\/internal_photos\/bs\/2025\/g\/X\/3z1XAOSDiGuceqWcvr4g\/captura-de-tela-2025-09-19-154004.jpg 1000w, https:\/\/s2-g1.glbimg.com\/HgdDj-WkhFqxVS53bn_1JrjUS2c=\/0x0:712x510\/984x0\/smart\/filters:strip_icc()\/i.s3.glbimg.com\/v1\/AUTH_59edd422c0c84a879bd37670ae4f538a\/internal_photos\/bs\/2025\/g\/X\/3z1XAOSDiGuceqWcvr4g\/captura-de-tela-2025-09-19-154004.jpg 984w, https:\/\/s2-g1.glbimg.com\/SqH4wlgNAhd7Nz1Pv9d9BRhQ1y8=\/0x0:712x510\/640x0\/smart\/filters:strip_icc()\/i.s3.glbimg.com\/v1\/AUTH_59edd422c0c84a879bd37670ae4f538a\/internal_photos\/bs\/2025\/g\/X\/3z1XAOSDiGuceqWcvr4g\/captura-de-tela-2025-09-19-154004.jpg 640w, https:\/\/s2-g1.glbimg.com\/Ot5FE9XL_c5hPwoAPM-h8DOCJQM=\/0x0:712x510\/600x0\/smart\/filters:strip_icc()\/i.s3.glbimg.com\/v1\/AUTH_59edd422c0c84a879bd37670ae4f538a\/internal_photos\/bs\/2025\/g\/X\/3z1XAOSDiGuceqWcvr4g\/captura-de-tela-2025-09-19-154004.jpg 600w\" alt=\"Alunos distribu\u00edram diversos QR Codes em diferentes pontos e com\u00e9rcios da comunidade \u2014 Foto: Arquivo pessoal\" \/><\/figure>\n<\/div>\n<p class=\"content-media__description  \">Alunos distribu\u00edram diversos QR Codes em diferentes pontos e com\u00e9rcios da comunidade \u2014 Foto: Arquivo pessoal<\/p>\n<\/div>\n<\/div>\n<\/div>\n<div id=\"chunk-12nsn\">\n<div class=\"mc-column content-text active-extra-styles\" data-block-type=\"raw\" data-block-weight=\"4\" data-block-id=\"24\">\n<div class=\"content-intertitle\">\n<h2>De &#8216;Carandiru&#8217; \u00e0 transforma\u00e7\u00e3o<\/h2>\n<\/div>\n<\/div>\n<\/div>\n<div id=\"chunk-fsnne\">\n<div class=\"mc-column content-text active-extra-styles \" data-block-type=\"unstyled\" data-block-weight=\"31\" data-block-id=\"25\">\n<p class=\" content-text__container \" data-track-category=\"Link no Texto\" data-track-links=\"\" data-mrf-recirculation=\"Mat\u00e9ria - Links no Texto\">Priscila leciona h\u00e1 20 anos na rede estadual, sendo dez deles na Escola \u00c2ngelo Scarabucci. Ela conta que tenta participar do pr\u00eamio desde 2020 e que j\u00e1 foi pr\u00e9-finalista duas vezes.<\/p>\n<\/div>\n<\/div>\n<div id=\"chunk-115q0\">\n<div class=\"mc-column content-text active-extra-styles \" data-block-type=\"unstyled\" data-block-weight=\"58\" data-block-id=\"27\">\n<p class=\" content-text__container \" data-track-category=\"Link no Texto\" data-track-links=\"\" data-mrf-recirculation=\"Mat\u00e9ria - Links no Texto\">&#8220;Eu j\u00e1 fui pr\u00e9-finalista duas vezes, sempre foi um sonho. A primeira vez, o processo era diferente. Eu fiquei entre os 50 finalistas. A gente fez uma revista de boas pr\u00e1ticas durante a pandemia, foi um desafio. Depois, fizemos um outro projeto, uma atividade de recomposi\u00e7\u00e3o de aprendizagem, porque a escola aqui n\u00e3o tem um estigma muito legal.&#8221;<\/p>\n<\/div>\n<\/div>\n<div id=\"chunk-fooen\">\n<div class=\"mc-column content-text active-extra-styles \" data-block-type=\"unstyled\" data-block-weight=\"37\" data-block-id=\"28\">\n<p class=\" content-text__container \" data-track-category=\"Link no Texto\" data-track-links=\"\" data-mrf-recirculation=\"Mat\u00e9ria - Links no Texto\">A unidade, fundada em 1958, j\u00e1 enfrentou momentos dif\u00edceis. Em 2015, esteve entre as dez piores escolas de Franca em desempenho e ganhou a fama de \u201cCarandiru\u201d, devido \u00e0 viol\u00eancia nos arredores e ao baixo rendimento escolar.<\/p>\n<\/div>\n<\/div>\n<div id=\"chunk-6btdo\">\n<div class=\"mc-column content-text active-extra-styles\" data-block-type=\"raw\" data-block-weight=\"25\" data-block-id=\"29\">\n<blockquote class=\"content-blockquote theme-border-color-primary-before\"><p>&#8220;A escola aqui n\u00e3o tinha um estigma muito legal, todo mundo conhecia o Scarabucci por Carandiru, chamava a escola de dep\u00f3sito de bandidos&#8221;, relembrou Priscila.<\/p><\/blockquote>\n<\/div>\n<\/div>\n<div id=\"chunk-doqj5\">\n<div class=\"mc-column content-text active-extra-styles \" data-block-type=\"unstyled\" data-block-weight=\"62\" data-block-id=\"30\">\n<p class=\" content-text__container \" data-track-category=\"Link no Texto\" data-track-links=\"\" data-mrf-recirculation=\"Mat\u00e9ria - Links no Texto\">A virada de chave s\u00f3 veio com a ades\u00e3o ao Programa de Ensino Integral (PEI) e a cria\u00e7\u00e3o de projetos de valoriza\u00e7\u00e3o e pertencimento. Com esses fatores, atualmente, a\u00a0<span class=\"highlight highlighted\">escola se tornou uma das 50 melhores escolas do estado<\/span>, com crescimento no \u00cdndice de Desenvolvimento da Educa\u00e7\u00e3o B\u00e1sica (Ideb), alcan\u00e7ando nota 6,5 no Ensino Fundamental e 6, no Ensino M\u00e9dio em 2023.<\/p>\n<\/div>\n<\/div>\n<div id=\"chunk-e2pai\">\n<div class=\"mc-column content-text active-extra-styles\" data-block-type=\"raw\" data-block-weight=\"81\" data-block-id=\"31\">\n<p class=\"content-text__container\" data-mrf-recirculation=\"Mat\u00e9ria - Links no Texto\">\n<blockquote class=\"content-blockquote theme-border-color-primary-before\"><p>\u201cCom esse trabalho que a gente vem fazendo no dia a dia, hoje tem fila para fazer matr\u00edcula na escola. Aqui tem jovem que entra na faculdade, que sempre estudou aqui, e tira 960 numa reda\u00e7\u00e3o de Enem. Eu acho que a gente precisa mostrar isso para muita gente, e o pr\u00eamio \u00e9 uma oportunidade para isso. Eu fiz a inscri\u00e7\u00e3o esse ano como um sonho profissional e um sonho de elevar o nome dessa escola para a comunidade do Brasil.&#8221;<\/p><\/blockquote>\n<\/div>\n<\/div>\n<div id=\"chunk-8fuv8\">\n<div class=\"row medium-uncollapsed content-media content-photo\" data-block-type=\"backstage-photo\" data-block-id=\"33\">\n<div class=\" mc-column  content-media__container\">\n<div class=\"content-media-container glb-skeleton-box\">\n<figure class=\"content-media-figure\"><img decoding=\"async\" class=\"i-amphtml-fill-content i-amphtml-replaced-content\" src=\"https:\/\/s2-g1.glbimg.com\/wSgTZ6IlX90Kj4HBxDoF307GFKA=\/0x0:658x488\/984x0\/smart\/filters:strip_icc()\/i.s3.glbimg.com\/v1\/AUTH_59edd422c0c84a879bd37670ae4f538a\/internal_photos\/bs\/2025\/G\/l\/BBAYVjRpuzF6c4kGJr3w\/captura-de-tela-2025-09-19-154216.jpg\" sizes=\"(max-width: 1536px) 648px, 100vw\" srcset=\"https:\/\/s2-g1.glbimg.com\/5HFfKX_5T6zcvVBqE52_SVieHek=\/0x0:658x488\/1000x0\/smart\/filters:strip_icc()\/i.s3.glbimg.com\/v1\/AUTH_59edd422c0c84a879bd37670ae4f538a\/internal_photos\/bs\/2025\/G\/l\/BBAYVjRpuzF6c4kGJr3w\/captura-de-tela-2025-09-19-154216.jpg 1000w, https:\/\/s2-g1.glbimg.com\/wSgTZ6IlX90Kj4HBxDoF307GFKA=\/0x0:658x488\/984x0\/smart\/filters:strip_icc()\/i.s3.glbimg.com\/v1\/AUTH_59edd422c0c84a879bd37670ae4f538a\/internal_photos\/bs\/2025\/G\/l\/BBAYVjRpuzF6c4kGJr3w\/captura-de-tela-2025-09-19-154216.jpg 984w, https:\/\/s2-g1.glbimg.com\/ZjYc5HbEo1dxxDvHsncQJvwq3U0=\/0x0:658x488\/640x0\/smart\/filters:strip_icc()\/i.s3.glbimg.com\/v1\/AUTH_59edd422c0c84a879bd37670ae4f538a\/internal_photos\/bs\/2025\/G\/l\/BBAYVjRpuzF6c4kGJr3w\/captura-de-tela-2025-09-19-154216.jpg 640w, https:\/\/s2-g1.glbimg.com\/YIzZf8wyLC4Lbq2VHkun9ckYHgA=\/0x0:658x488\/600x0\/smart\/filters:strip_icc()\/i.s3.glbimg.com\/v1\/AUTH_59edd422c0c84a879bd37670ae4f538a\/internal_photos\/bs\/2025\/G\/l\/BBAYVjRpuzF6c4kGJr3w\/captura-de-tela-2025-09-19-154216.jpg 600w\" alt=\"Priscila tem o sonho de elevar o nome dessa escola para a comunidade do Brasil \u2014 Foto: Arquivo pessoal\" \/><\/figure>\n<p>&nbsp;<\/p>\n<\/div>\n<p class=\"content-media__description  \">Priscila tem o sonho de elevar o nome dessa escola para a comunidade do Brasil \u2014 Foto: Arquivo pessoal<\/p>\n<\/div>\n<\/div>\n<\/div>\n<div id=\"chunk-dlltb\">\n<div class=\"mc-column content-text active-extra-styles\" data-block-type=\"raw\" data-block-weight=\"2\" data-block-id=\"34\">\n<div class=\"content-intertitle\">\n<h2>O pr\u00eamio<\/h2>\n<\/div>\n<\/div>\n<\/div>\n<div id=\"chunk-5gdtg\">\n<div class=\"mc-column content-text active-extra-styles \" data-block-type=\"unstyled\" data-block-weight=\"37\" data-block-id=\"35\">\n<p class=\" content-text__container \" data-track-category=\"Link no Texto\" data-track-links=\"\" data-mrf-recirculation=\"Mat\u00e9ria - Links no Texto\">Criado em 1998, o Pr\u00eamio Educador Nota 10 j\u00e1 reconheceu 279 educadores. S\u00f3 em 2025 foram inscritos mais de 4 mil projetos. As iniciativas s\u00e3o avaliadas em tr\u00eas eixos:\u00a0<span class=\"highlight highlighted\">Direitos Humanos, Sustentabilidade e Inova\u00e7\u00e3o e Tecnologia.<\/span><\/p>\n<\/div>\n<\/div>\n<div id=\"chunk-epic3\">\n<div class=\"mc-column content-text active-extra-styles \" data-block-type=\"unstyled\" data-block-weight=\"19\" data-block-id=\"36\">\n<p class=\" content-text__container \" data-track-category=\"Link no Texto\" data-track-links=\"\" data-mrf-recirculation=\"Mat\u00e9ria - Links no Texto\">Priscila concorre na categoria de tecnologia,\u00a0<span class=\"highlight highlighted\">destacando-se pelo uso criativo de ferramentas digitais acess\u00edveis para aproximar escola e comunidade<\/span>.<\/p>\n<\/div>\n<\/div>\n<div id=\"chunk-94crd\">\n<div class=\"mc-column content-text active-extra-styles \" data-block-type=\"unstyled\" data-block-weight=\"36\" data-block-id=\"37\">\n<p class=\" content-text__container \" data-track-category=\"Link no Texto\" data-track-links=\"\" data-mrf-recirculation=\"Mat\u00e9ria - Links no Texto\">Para concorrer \u00e0 premia\u00e7\u00e3o deste ano, os profissionais deveriam inscrever projetos transformadores e de impacto em suas comunidades que estivessem alinhados aos 17 objetivos de Desenvolvimento Sustent\u00e1vel da Agenda 2023 da Organiza\u00e7\u00e3o das Na\u00e7\u00f5es Unidas (ONU).<\/p>\n<\/div>\n<\/div>\n<div id=\"chunk-9sta7\">\n<div class=\"mc-column content-text active-extra-styles \" data-block-type=\"unstyled\" data-block-weight=\"52\" data-block-id=\"38\">\n<p class=\" content-text__container \" data-track-category=\"Link no Texto\" data-track-links=\"\" data-mrf-recirculation=\"Mat\u00e9ria - Links no Texto\">Os vencedores de cada categoria receber\u00e3o pr\u00eamios de at\u00e9 R$ 25 mil, bolsas integrais de p\u00f3s-gradua\u00e7\u00e3o e acesso a cursos de forma\u00e7\u00e3o continuada. Al\u00e9m disso, os projetos que conquistarem o primeiro lugar concorrem ao t\u00edtulo de Educador do Ano, que garante ainda uma doa\u00e7\u00e3o extra de R$ 25 mil para a escola.<\/p>\n<\/div>\n<p data-track-category=\"Link no Texto\" data-track-links=\"\" data-mrf-recirculation=\"Mat\u00e9ria - Links no Texto\">FONTE: G1<\/p>\n<\/div>\n<div id=\"chunk-h46e\">\n<div class=\"content-ads content-ads--reveal\" data-block-type=\"ads\" data-block-id=\"39\">\n<div id=\"banner_materia__07877461-6b99-43cd-9f97-12b49986ddfa\" class=\"tag-manager-publicidade-container tag-manager-publicidade-banner_materia__07877461-6b99-43cd-9f97-12b49986ddfa tag-manager-publicidade-container--carregado tag-manager-publicidade-container--visivel\" data-google-query-id=\"COjRysj0j5ADFa2DYQYdk8ogiA\"><\/div>\n<\/div>\n<\/div>\n<\/div>\n<\/article>\n<\/div>\n<\/blockquote>\n<p>&nbsp;<\/p>\n<\/div>\n<\/div>\n<div id=\"chunk-dgeo5\">\n<div class=\"content-ads content-ads--reveal\" data-block-type=\"ads\" data-block-id=\"32\">\n<div id=\"banner_materia__b1f13446-dfc0-4cc3-b53b-e9bc1d13f7ab\" class=\"tag-manager-publicidade-container tag-manager-publicidade-banner_materia__b1f13446-dfc0-4cc3-b53b-e9bc1d13f7ab tag-manager-publicidade-container--carregado tag-manager-publicidade-container--visivel\" data-google-query-id=\"CP_Tt8X0j5ADFaVRuAQdgcIaMQ\"><\/div>\n<\/div>\n<\/div>\n<div id=\"chunk-9sta7\">\n<div class=\"mc-column content-text active-extra-styles \" data-block-type=\"unstyled\" data-block-weight=\"52\" data-block-id=\"38\">\n<p class=\" content-text__container \" data-track-category=\"Link no Texto\" data-track-links=\"\" data-mrf-recirculation=\"Mat\u00e9ria - Links no Texto\">\n<\/div>\n<\/div>\n<div id=\"chunk-h46e\">\n<div class=\"content-ads content-ads--reveal\" data-block-type=\"ads\" data-block-id=\"39\">\n<div id=\"banner_materia__07877461-6b99-43cd-9f97-12b49986ddfa\" class=\"tag-manager-publicidade-container tag-manager-publicidade-banner_materia__07877461-6b99-43cd-9f97-12b49986ddfa tag-manager-publicidade-container--carregado tag-manager-publicidade-container--visivel\" data-google-query-id=\"COjRysj0j5ADFa2DYQYdk8ogiA\"><\/div>\n<\/div>\n<\/div>\n<\/div>\n<\/article>\n<\/div>\n","protected":false},"excerpt":{"rendered":"<p>Foto Ilustrativa: Marcelo Camargo\/Ag\u00eancia Brasil Priscila Terencio est\u00e1 entre os nove finalistas do Pr\u00eamio Educador Nota 10, que recebeu mais de 4 mil projetos de todo Brasil em 2025. Vencedores ser\u00e3o conhecidos em 28 de outubro. Por Gabriel Luca*, g1 Ribeir\u00e3o e Franca 06\/10\/2025 05h01\u00a0\u00a0Atualizado\u00a0h\u00e1 7 horas A professora Priscila Terencio, da Escola Estadual \u00c2ngelo [&hellip;]<\/p>\n","protected":false},"author":2,"featured_media":3912,"comment_status":"open","ping_status":"open","sticky":false,"template":"","format":"standard","meta":{"rop_custom_images_group":[],"rop_custom_messages_group":[],"rop_publish_now":"initial","rop_publish_now_accounts":{"twitter_850042665852968960_850042665852968960":""},"rop_publish_now_history":[],"rop_publish_now_status":"pending","footnotes":""},"categories":[15],"tags":[765,210,764,763,382],"class_list":["post-3911","post","type-post","status-publish","format-standard","has-post-thumbnail","hentry","category-destaques","tag-desafio","tag-escola","tag-franca","tag-premio-educador-nota-10","tag-professor"],"yoast_head":"<!-- This site is optimized with the Yoast SEO plugin v27.2 - https:\/\/yoast.com\/product\/yoast-seo-wordpress\/ -->\n<title>Como professora ajudou a revolucionar escola no interior de SP e se tornou finalista de um dos principais pr\u00eamios da educa\u00e7\u00e3o - Prefeitos &amp; Gest\u00f5es<\/title>\n<meta name=\"description\" content=\"Professora Priscila Terencio est\u00e1 entre os nove finalistas do Pr\u00eamio Educador Nota 10, que recebeu mais de 4 mil projetos de todo Brasil em 2025. Vencedores ser\u00e3o conhecidos em 28 de outubro.\" \/>\n<meta name=\"robots\" content=\"index, follow, max-snippet:-1, max-image-preview:large, max-video-preview:-1\" \/>\n<link rel=\"canonical\" href=\"https:\/\/prefeitosegestoes.com.br\/portal\/como-professora-ajudou-a-revolucionar-escola-no-interior-de-sp-e-se-tornou-finalista-de-um-dos-principais-premios-da-educacao\/\" \/>\n<meta property=\"og:locale\" content=\"pt_BR\" \/>\n<meta property=\"og:type\" content=\"article\" \/>\n<meta property=\"og:title\" content=\"Como professora ajudou a revolucionar escola no interior de SP e se tornou finalista de um dos principais pr\u00eamios da educa\u00e7\u00e3o - Prefeitos &amp; Gest\u00f5es\" \/>\n<meta property=\"og:description\" content=\"Professora Priscila Terencio est\u00e1 entre os nove finalistas do Pr\u00eamio Educador Nota 10, que recebeu mais de 4 mil projetos de todo Brasil em 2025. Vencedores ser\u00e3o conhecidos em 28 de outubro.\" \/>\n<meta property=\"og:url\" content=\"https:\/\/prefeitosegestoes.com.br\/portal\/como-professora-ajudou-a-revolucionar-escola-no-interior-de-sp-e-se-tornou-finalista-de-um-dos-principais-premios-da-educacao\/\" \/>\n<meta property=\"og:site_name\" content=\"Prefeitos &amp; Gest\u00f5es\" \/>\n<meta property=\"article:publisher\" content=\"https:\/\/www.facebook.com\/prefeitosonline\" \/>\n<meta property=\"article:published_time\" content=\"2025-10-06T15:56:50+00:00\" \/>\n<meta property=\"og:image\" content=\"https:\/\/prefeitosegestoes.com.br\/portal\/wp-content\/uploads\/2025\/10\/lancamento-gibi_mcamgo_abr_26032025-3.webp\" \/>\n\t<meta property=\"og:image:width\" content=\"1024\" \/>\n\t<meta property=\"og:image:height\" content=\"768\" \/>\n\t<meta property=\"og:image:type\" content=\"image\/webp\" \/>\n<meta name=\"author\" content=\"Prefeitos &amp; Gest\u00f5es\" \/>\n<meta name=\"twitter:card\" content=\"summary_large_image\" \/>\n<meta name=\"twitter:creator\" content=\"@PrefGestoes\" \/>\n<meta name=\"twitter:site\" content=\"@PrefGestoes\" \/>\n<meta name=\"twitter:label1\" content=\"Escrito por\" \/>\n\t<meta name=\"twitter:data1\" content=\"Prefeitos &amp; Gest\u00f5es\" \/>\n\t<meta name=\"twitter:label2\" content=\"Est. tempo de leitura\" \/>\n\t<meta name=\"twitter:data2\" content=\"1 minuto\" \/>\n<script type=\"application\/ld+json\" class=\"yoast-schema-graph\">{\"@context\":\"https:\/\/schema.org\",\"@graph\":[{\"@type\":\"Article\",\"@id\":\"https:\/\/prefeitosegestoes.com.br\/portal\/como-professora-ajudou-a-revolucionar-escola-no-interior-de-sp-e-se-tornou-finalista-de-um-dos-principais-premios-da-educacao\/#article\",\"isPartOf\":{\"@id\":\"https:\/\/prefeitosegestoes.com.br\/portal\/como-professora-ajudou-a-revolucionar-escola-no-interior-de-sp-e-se-tornou-finalista-de-um-dos-principais-premios-da-educacao\/\"},\"author\":{\"name\":\"Prefeitos &amp; Gest\u00f5es\",\"@id\":\"https:\/\/prefeitosegestoes.com.br\/portal\/#\/schema\/person\/d00059f2ec99963e7e1850d448ae94b8\"},\"headline\":\"Como professora ajudou a revolucionar escola no interior de SP e se tornou finalista de um dos principais pr\u00eamios da educa\u00e7\u00e3o\",\"datePublished\":\"2025-10-06T15:56:50+00:00\",\"mainEntityOfPage\":{\"@id\":\"https:\/\/prefeitosegestoes.com.br\/portal\/como-professora-ajudou-a-revolucionar-escola-no-interior-de-sp-e-se-tornou-finalista-de-um-dos-principais-premios-da-educacao\/\"},\"wordCount\":1243,\"commentCount\":0,\"publisher\":{\"@id\":\"https:\/\/prefeitosegestoes.com.br\/portal\/#organization\"},\"image\":{\"@id\":\"https:\/\/prefeitosegestoes.com.br\/portal\/como-professora-ajudou-a-revolucionar-escola-no-interior-de-sp-e-se-tornou-finalista-de-um-dos-principais-premios-da-educacao\/#primaryimage\"},\"thumbnailUrl\":\"https:\/\/prefeitosegestoes.com.br\/portal\/wp-content\/uploads\/2025\/10\/lancamento-gibi_mcamgo_abr_26032025-3.webp\",\"keywords\":[\"Desafio\",\"Escola\",\"Franca\",\"Pr\u00eamio Educador Nota 10\",\"Professor\"],\"articleSection\":[\"Destaques\"],\"inLanguage\":\"pt-BR\",\"potentialAction\":[{\"@type\":\"CommentAction\",\"name\":\"Comment\",\"target\":[\"https:\/\/prefeitosegestoes.com.br\/portal\/como-professora-ajudou-a-revolucionar-escola-no-interior-de-sp-e-se-tornou-finalista-de-um-dos-principais-premios-da-educacao\/#respond\"]}]},{\"@type\":\"WebPage\",\"@id\":\"https:\/\/prefeitosegestoes.com.br\/portal\/como-professora-ajudou-a-revolucionar-escola-no-interior-de-sp-e-se-tornou-finalista-de-um-dos-principais-premios-da-educacao\/\",\"url\":\"https:\/\/prefeitosegestoes.com.br\/portal\/como-professora-ajudou-a-revolucionar-escola-no-interior-de-sp-e-se-tornou-finalista-de-um-dos-principais-premios-da-educacao\/\",\"name\":\"Como professora ajudou a revolucionar escola no interior de SP e se tornou finalista de um dos principais pr\u00eamios da educa\u00e7\u00e3o - Prefeitos &amp; Gest\u00f5es\",\"isPartOf\":{\"@id\":\"https:\/\/prefeitosegestoes.com.br\/portal\/#website\"},\"primaryImageOfPage\":{\"@id\":\"https:\/\/prefeitosegestoes.com.br\/portal\/como-professora-ajudou-a-revolucionar-escola-no-interior-de-sp-e-se-tornou-finalista-de-um-dos-principais-premios-da-educacao\/#primaryimage\"},\"image\":{\"@id\":\"https:\/\/prefeitosegestoes.com.br\/portal\/como-professora-ajudou-a-revolucionar-escola-no-interior-de-sp-e-se-tornou-finalista-de-um-dos-principais-premios-da-educacao\/#primaryimage\"},\"thumbnailUrl\":\"https:\/\/prefeitosegestoes.com.br\/portal\/wp-content\/uploads\/2025\/10\/lancamento-gibi_mcamgo_abr_26032025-3.webp\",\"datePublished\":\"2025-10-06T15:56:50+00:00\",\"description\":\"Professora Priscila Terencio est\u00e1 entre os nove finalistas do Pr\u00eamio Educador Nota 10, que recebeu mais de 4 mil projetos de todo Brasil em 2025. Vencedores ser\u00e3o conhecidos em 28 de outubro.\",\"breadcrumb\":{\"@id\":\"https:\/\/prefeitosegestoes.com.br\/portal\/como-professora-ajudou-a-revolucionar-escola-no-interior-de-sp-e-se-tornou-finalista-de-um-dos-principais-premios-da-educacao\/#breadcrumb\"},\"inLanguage\":\"pt-BR\",\"potentialAction\":[{\"@type\":\"ReadAction\",\"target\":[\"https:\/\/prefeitosegestoes.com.br\/portal\/como-professora-ajudou-a-revolucionar-escola-no-interior-de-sp-e-se-tornou-finalista-de-um-dos-principais-premios-da-educacao\/\"]}]},{\"@type\":\"ImageObject\",\"inLanguage\":\"pt-BR\",\"@id\":\"https:\/\/prefeitosegestoes.com.br\/portal\/como-professora-ajudou-a-revolucionar-escola-no-interior-de-sp-e-se-tornou-finalista-de-um-dos-principais-premios-da-educacao\/#primaryimage\",\"url\":\"https:\/\/prefeitosegestoes.com.br\/portal\/wp-content\/uploads\/2025\/10\/lancamento-gibi_mcamgo_abr_26032025-3.webp\",\"contentUrl\":\"https:\/\/prefeitosegestoes.com.br\/portal\/wp-content\/uploads\/2025\/10\/lancamento-gibi_mcamgo_abr_26032025-3.webp\",\"width\":1024,\"height\":768},{\"@type\":\"BreadcrumbList\",\"@id\":\"https:\/\/prefeitosegestoes.com.br\/portal\/como-professora-ajudou-a-revolucionar-escola-no-interior-de-sp-e-se-tornou-finalista-de-um-dos-principais-premios-da-educacao\/#breadcrumb\",\"itemListElement\":[{\"@type\":\"ListItem\",\"position\":1,\"name\":\"In\u00edcio\",\"item\":\"https:\/\/prefeitosegestoes.com.br\/portal\/\"},{\"@type\":\"ListItem\",\"position\":2,\"name\":\"Como professora ajudou a revolucionar escola no interior de SP e se tornou finalista de um dos principais pr\u00eamios da educa\u00e7\u00e3o\"}]},{\"@type\":\"WebSite\",\"@id\":\"https:\/\/prefeitosegestoes.com.br\/portal\/#website\",\"url\":\"https:\/\/prefeitosegestoes.com.br\/portal\/\",\"name\":\"Prefeitos & Gest\u00f5es\",\"description\":\"\",\"publisher\":{\"@id\":\"https:\/\/prefeitosegestoes.com.br\/portal\/#organization\"},\"potentialAction\":[{\"@type\":\"SearchAction\",\"target\":{\"@type\":\"EntryPoint\",\"urlTemplate\":\"https:\/\/prefeitosegestoes.com.br\/portal\/?s={search_term_string}\"},\"query-input\":{\"@type\":\"PropertyValueSpecification\",\"valueRequired\":true,\"valueName\":\"search_term_string\"}}],\"inLanguage\":\"pt-BR\"},{\"@type\":\"Organization\",\"@id\":\"https:\/\/prefeitosegestoes.com.br\/portal\/#organization\",\"name\":\"Prefeitos & Gest\u00f5es\",\"url\":\"https:\/\/prefeitosegestoes.com.br\/portal\/\",\"logo\":{\"@type\":\"ImageObject\",\"inLanguage\":\"pt-BR\",\"@id\":\"https:\/\/prefeitosegestoes.com.br\/portal\/#\/schema\/logo\/image\/\",\"url\":\"https:\/\/prefeitosegestoes.com.br\/portal\/wp-content\/uploads\/2024\/10\/lg_trans_prefeitos_2024_preto2.png\",\"contentUrl\":\"https:\/\/prefeitosegestoes.com.br\/portal\/wp-content\/uploads\/2024\/10\/lg_trans_prefeitos_2024_preto2.png\",\"width\":199,\"height\":122,\"caption\":\"Prefeitos & Gest\u00f5es\"},\"image\":{\"@id\":\"https:\/\/prefeitosegestoes.com.br\/portal\/#\/schema\/logo\/image\/\"},\"sameAs\":[\"https:\/\/www.facebook.com\/prefeitosonline\",\"https:\/\/x.com\/PrefGestoes\"]},{\"@type\":\"Person\",\"@id\":\"https:\/\/prefeitosegestoes.com.br\/portal\/#\/schema\/person\/d00059f2ec99963e7e1850d448ae94b8\",\"name\":\"Prefeitos &amp; Gest\u00f5es\",\"image\":{\"@type\":\"ImageObject\",\"inLanguage\":\"pt-BR\",\"@id\":\"https:\/\/secure.gravatar.com\/avatar\/738fb281e479212ed32c1a21a4307dda9f3af9292edb6918a16c9ce9fff5f48d?s=96&d=mm&r=g\",\"url\":\"https:\/\/secure.gravatar.com\/avatar\/738fb281e479212ed32c1a21a4307dda9f3af9292edb6918a16c9ce9fff5f48d?s=96&d=mm&r=g\",\"contentUrl\":\"https:\/\/secure.gravatar.com\/avatar\/738fb281e479212ed32c1a21a4307dda9f3af9292edb6918a16c9ce9fff5f48d?s=96&d=mm&r=g\",\"caption\":\"Prefeitos &amp; Gest\u00f5es\"},\"url\":\"https:\/\/prefeitosegestoes.com.br\/portal\/author\/prefeitosegestoes\/\"}]}<\/script>\n<!-- \/ Yoast SEO plugin. -->","yoast_head_json":{"title":"Como professora ajudou a revolucionar escola no interior de SP e se tornou finalista de um dos principais pr\u00eamios da educa\u00e7\u00e3o - Prefeitos &amp; Gest\u00f5es","description":"Professora Priscila Terencio est\u00e1 entre os nove finalistas do Pr\u00eamio Educador Nota 10, que recebeu mais de 4 mil projetos de todo Brasil em 2025. Vencedores ser\u00e3o conhecidos em 28 de outubro.","robots":{"index":"index","follow":"follow","max-snippet":"max-snippet:-1","max-image-preview":"max-image-preview:large","max-video-preview":"max-video-preview:-1"},"canonical":"https:\/\/prefeitosegestoes.com.br\/portal\/como-professora-ajudou-a-revolucionar-escola-no-interior-de-sp-e-se-tornou-finalista-de-um-dos-principais-premios-da-educacao\/","og_locale":"pt_BR","og_type":"article","og_title":"Como professora ajudou a revolucionar escola no interior de SP e se tornou finalista de um dos principais pr\u00eamios da educa\u00e7\u00e3o - Prefeitos &amp; Gest\u00f5es","og_description":"Professora Priscila Terencio est\u00e1 entre os nove finalistas do Pr\u00eamio Educador Nota 10, que recebeu mais de 4 mil projetos de todo Brasil em 2025. Vencedores ser\u00e3o conhecidos em 28 de outubro.","og_url":"https:\/\/prefeitosegestoes.com.br\/portal\/como-professora-ajudou-a-revolucionar-escola-no-interior-de-sp-e-se-tornou-finalista-de-um-dos-principais-premios-da-educacao\/","og_site_name":"Prefeitos &amp; Gest\u00f5es","article_publisher":"https:\/\/www.facebook.com\/prefeitosonline","article_published_time":"2025-10-06T15:56:50+00:00","og_image":[{"width":1024,"height":768,"url":"https:\/\/prefeitosegestoes.com.br\/portal\/wp-content\/uploads\/2025\/10\/lancamento-gibi_mcamgo_abr_26032025-3.webp","type":"image\/webp"}],"author":"Prefeitos &amp; Gest\u00f5es","twitter_card":"summary_large_image","twitter_creator":"@PrefGestoes","twitter_site":"@PrefGestoes","twitter_misc":{"Escrito por":"Prefeitos &amp; Gest\u00f5es","Est. tempo de leitura":"1 minuto"},"schema":{"@context":"https:\/\/schema.org","@graph":[{"@type":"Article","@id":"https:\/\/prefeitosegestoes.com.br\/portal\/como-professora-ajudou-a-revolucionar-escola-no-interior-de-sp-e-se-tornou-finalista-de-um-dos-principais-premios-da-educacao\/#article","isPartOf":{"@id":"https:\/\/prefeitosegestoes.com.br\/portal\/como-professora-ajudou-a-revolucionar-escola-no-interior-de-sp-e-se-tornou-finalista-de-um-dos-principais-premios-da-educacao\/"},"author":{"name":"Prefeitos &amp; Gest\u00f5es","@id":"https:\/\/prefeitosegestoes.com.br\/portal\/#\/schema\/person\/d00059f2ec99963e7e1850d448ae94b8"},"headline":"Como professora ajudou a revolucionar escola no interior de SP e se tornou finalista de um dos principais pr\u00eamios da educa\u00e7\u00e3o","datePublished":"2025-10-06T15:56:50+00:00","mainEntityOfPage":{"@id":"https:\/\/prefeitosegestoes.com.br\/portal\/como-professora-ajudou-a-revolucionar-escola-no-interior-de-sp-e-se-tornou-finalista-de-um-dos-principais-premios-da-educacao\/"},"wordCount":1243,"commentCount":0,"publisher":{"@id":"https:\/\/prefeitosegestoes.com.br\/portal\/#organization"},"image":{"@id":"https:\/\/prefeitosegestoes.com.br\/portal\/como-professora-ajudou-a-revolucionar-escola-no-interior-de-sp-e-se-tornou-finalista-de-um-dos-principais-premios-da-educacao\/#primaryimage"},"thumbnailUrl":"https:\/\/prefeitosegestoes.com.br\/portal\/wp-content\/uploads\/2025\/10\/lancamento-gibi_mcamgo_abr_26032025-3.webp","keywords":["Desafio","Escola","Franca","Pr\u00eamio Educador Nota 10","Professor"],"articleSection":["Destaques"],"inLanguage":"pt-BR","potentialAction":[{"@type":"CommentAction","name":"Comment","target":["https:\/\/prefeitosegestoes.com.br\/portal\/como-professora-ajudou-a-revolucionar-escola-no-interior-de-sp-e-se-tornou-finalista-de-um-dos-principais-premios-da-educacao\/#respond"]}]},{"@type":"WebPage","@id":"https:\/\/prefeitosegestoes.com.br\/portal\/como-professora-ajudou-a-revolucionar-escola-no-interior-de-sp-e-se-tornou-finalista-de-um-dos-principais-premios-da-educacao\/","url":"https:\/\/prefeitosegestoes.com.br\/portal\/como-professora-ajudou-a-revolucionar-escola-no-interior-de-sp-e-se-tornou-finalista-de-um-dos-principais-premios-da-educacao\/","name":"Como professora ajudou a revolucionar escola no interior de SP e se tornou finalista de um dos principais pr\u00eamios da educa\u00e7\u00e3o - Prefeitos &amp; Gest\u00f5es","isPartOf":{"@id":"https:\/\/prefeitosegestoes.com.br\/portal\/#website"},"primaryImageOfPage":{"@id":"https:\/\/prefeitosegestoes.com.br\/portal\/como-professora-ajudou-a-revolucionar-escola-no-interior-de-sp-e-se-tornou-finalista-de-um-dos-principais-premios-da-educacao\/#primaryimage"},"image":{"@id":"https:\/\/prefeitosegestoes.com.br\/portal\/como-professora-ajudou-a-revolucionar-escola-no-interior-de-sp-e-se-tornou-finalista-de-um-dos-principais-premios-da-educacao\/#primaryimage"},"thumbnailUrl":"https:\/\/prefeitosegestoes.com.br\/portal\/wp-content\/uploads\/2025\/10\/lancamento-gibi_mcamgo_abr_26032025-3.webp","datePublished":"2025-10-06T15:56:50+00:00","description":"Professora Priscila Terencio est\u00e1 entre os nove finalistas do Pr\u00eamio Educador Nota 10, que recebeu mais de 4 mil projetos de todo Brasil em 2025. Vencedores ser\u00e3o conhecidos em 28 de outubro.","breadcrumb":{"@id":"https:\/\/prefeitosegestoes.com.br\/portal\/como-professora-ajudou-a-revolucionar-escola-no-interior-de-sp-e-se-tornou-finalista-de-um-dos-principais-premios-da-educacao\/#breadcrumb"},"inLanguage":"pt-BR","potentialAction":[{"@type":"ReadAction","target":["https:\/\/prefeitosegestoes.com.br\/portal\/como-professora-ajudou-a-revolucionar-escola-no-interior-de-sp-e-se-tornou-finalista-de-um-dos-principais-premios-da-educacao\/"]}]},{"@type":"ImageObject","inLanguage":"pt-BR","@id":"https:\/\/prefeitosegestoes.com.br\/portal\/como-professora-ajudou-a-revolucionar-escola-no-interior-de-sp-e-se-tornou-finalista-de-um-dos-principais-premios-da-educacao\/#primaryimage","url":"https:\/\/prefeitosegestoes.com.br\/portal\/wp-content\/uploads\/2025\/10\/lancamento-gibi_mcamgo_abr_26032025-3.webp","contentUrl":"https:\/\/prefeitosegestoes.com.br\/portal\/wp-content\/uploads\/2025\/10\/lancamento-gibi_mcamgo_abr_26032025-3.webp","width":1024,"height":768},{"@type":"BreadcrumbList","@id":"https:\/\/prefeitosegestoes.com.br\/portal\/como-professora-ajudou-a-revolucionar-escola-no-interior-de-sp-e-se-tornou-finalista-de-um-dos-principais-premios-da-educacao\/#breadcrumb","itemListElement":[{"@type":"ListItem","position":1,"name":"In\u00edcio","item":"https:\/\/prefeitosegestoes.com.br\/portal\/"},{"@type":"ListItem","position":2,"name":"Como professora ajudou a revolucionar escola no interior de SP e se tornou finalista de um dos principais pr\u00eamios da educa\u00e7\u00e3o"}]},{"@type":"WebSite","@id":"https:\/\/prefeitosegestoes.com.br\/portal\/#website","url":"https:\/\/prefeitosegestoes.com.br\/portal\/","name":"Prefeitos & Gest\u00f5es","description":"","publisher":{"@id":"https:\/\/prefeitosegestoes.com.br\/portal\/#organization"},"potentialAction":[{"@type":"SearchAction","target":{"@type":"EntryPoint","urlTemplate":"https:\/\/prefeitosegestoes.com.br\/portal\/?s={search_term_string}"},"query-input":{"@type":"PropertyValueSpecification","valueRequired":true,"valueName":"search_term_string"}}],"inLanguage":"pt-BR"},{"@type":"Organization","@id":"https:\/\/prefeitosegestoes.com.br\/portal\/#organization","name":"Prefeitos & Gest\u00f5es","url":"https:\/\/prefeitosegestoes.com.br\/portal\/","logo":{"@type":"ImageObject","inLanguage":"pt-BR","@id":"https:\/\/prefeitosegestoes.com.br\/portal\/#\/schema\/logo\/image\/","url":"https:\/\/prefeitosegestoes.com.br\/portal\/wp-content\/uploads\/2024\/10\/lg_trans_prefeitos_2024_preto2.png","contentUrl":"https:\/\/prefeitosegestoes.com.br\/portal\/wp-content\/uploads\/2024\/10\/lg_trans_prefeitos_2024_preto2.png","width":199,"height":122,"caption":"Prefeitos & Gest\u00f5es"},"image":{"@id":"https:\/\/prefeitosegestoes.com.br\/portal\/#\/schema\/logo\/image\/"},"sameAs":["https:\/\/www.facebook.com\/prefeitosonline","https:\/\/x.com\/PrefGestoes"]},{"@type":"Person","@id":"https:\/\/prefeitosegestoes.com.br\/portal\/#\/schema\/person\/d00059f2ec99963e7e1850d448ae94b8","name":"Prefeitos &amp; Gest\u00f5es","image":{"@type":"ImageObject","inLanguage":"pt-BR","@id":"https:\/\/secure.gravatar.com\/avatar\/738fb281e479212ed32c1a21a4307dda9f3af9292edb6918a16c9ce9fff5f48d?s=96&d=mm&r=g","url":"https:\/\/secure.gravatar.com\/avatar\/738fb281e479212ed32c1a21a4307dda9f3af9292edb6918a16c9ce9fff5f48d?s=96&d=mm&r=g","contentUrl":"https:\/\/secure.gravatar.com\/avatar\/738fb281e479212ed32c1a21a4307dda9f3af9292edb6918a16c9ce9fff5f48d?s=96&d=mm&r=g","caption":"Prefeitos &amp; Gest\u00f5es"},"url":"https:\/\/prefeitosegestoes.com.br\/portal\/author\/prefeitosegestoes\/"}]}},"_links":{"self":[{"href":"https:\/\/prefeitosegestoes.com.br\/portal\/wp-json\/wp\/v2\/posts\/3911","targetHints":{"allow":["GET"]}}],"collection":[{"href":"https:\/\/prefeitosegestoes.com.br\/portal\/wp-json\/wp\/v2\/posts"}],"about":[{"href":"https:\/\/prefeitosegestoes.com.br\/portal\/wp-json\/wp\/v2\/types\/post"}],"author":[{"embeddable":true,"href":"https:\/\/prefeitosegestoes.com.br\/portal\/wp-json\/wp\/v2\/users\/2"}],"replies":[{"embeddable":true,"href":"https:\/\/prefeitosegestoes.com.br\/portal\/wp-json\/wp\/v2\/comments?post=3911"}],"version-history":[{"count":1,"href":"https:\/\/prefeitosegestoes.com.br\/portal\/wp-json\/wp\/v2\/posts\/3911\/revisions"}],"predecessor-version":[{"id":3913,"href":"https:\/\/prefeitosegestoes.com.br\/portal\/wp-json\/wp\/v2\/posts\/3911\/revisions\/3913"}],"wp:featuredmedia":[{"embeddable":true,"href":"https:\/\/prefeitosegestoes.com.br\/portal\/wp-json\/wp\/v2\/media\/3912"}],"wp:attachment":[{"href":"https:\/\/prefeitosegestoes.com.br\/portal\/wp-json\/wp\/v2\/media?parent=3911"}],"wp:term":[{"taxonomy":"category","embeddable":true,"href":"https:\/\/prefeitosegestoes.com.br\/portal\/wp-json\/wp\/v2\/categories?post=3911"},{"taxonomy":"post_tag","embeddable":true,"href":"https:\/\/prefeitosegestoes.com.br\/portal\/wp-json\/wp\/v2\/tags?post=3911"}],"curies":[{"name":"wp","href":"https:\/\/api.w.org\/{rel}","templated":true}]}}