{"id":3908,"date":"2025-10-02T16:12:56","date_gmt":"2025-10-02T19:12:56","guid":{"rendered":"https:\/\/prefeitosegestoes.com.br\/portal\/?p=3908"},"modified":"2025-10-02T16:12:56","modified_gmt":"2025-10-02T19:12:56","slug":"capacitacao-discute-producao-e-uso-de-dados-e-indicadores-nos-planos-de-mobilidade-urbana","status":"publish","type":"post","link":"https:\/\/prefeitosegestoes.com.br\/portal\/capacitacao-discute-producao-e-uso-de-dados-e-indicadores-nos-planos-de-mobilidade-urbana\/","title":{"rendered":"Capacita\u00e7\u00e3o discute produ\u00e7\u00e3o e uso de dados e indicadores nos Planos de Mobilidade Urbana"},"content":{"rendered":"<h6>Foto: Fernando Fraz\u00e3o\/Ag\u00eancia Brasil<\/h6>\n<h2 class=\"documentDescription\">O encontro ser\u00e1 realizado de forma on-line<\/h2>\n<div id=\"viewlet-above-content-body\">\n<div id=\"plone-document-byline\" class=\"documentByLine\"><span class=\"documentPublished\">Publicado em\u00a0<span class=\"value\">02\/10\/2025 11h36<\/span>\u00a0<\/span><span class=\"documentModified\">Atualizado em\u00a0<span class=\"value\">02\/10\/2025 12h10<\/span><\/span><\/div>\n<div><\/div>\n<div id=\"media\"><img fetchpriority=\"high\" decoding=\"async\" src=\"https:\/\/www.gov.br\/cidades\/pt-br\/assuntos\/noticias-1\/noticia-mcid-n-1616\/18437016424_fa9995f5a0_o.jpg\/@@images\/e4d8acf6-bf37-4e4b-b109-601232a54e70.jpeg\" alt=\"Na foto pesquisadora entrevista jovem\" width=\"768\" height=\"444\" \/><\/p>\n<p class=\"discreet\">Dados e indicadores s\u00e3o importantes para que as pol\u00edticas p\u00fablicas de mobilidade urbana sejam mais assertivas. Foto: Mariana Gil\/EMBARQ Brasil.<\/p>\n<\/div>\n<\/div>\n<div id=\"content-core\">\n<div id=\"parent-fieldname-text\" class=\"\">\n<div>\n<p>Na pr\u00f3xima sexta-feira (3), das 10h \u00e0s 12h, ocorrer\u00e1 o 4\u00ba evento do Ciclo de Capacita\u00e7\u00f5es para Apoio \u00e0 Elabora\u00e7\u00e3o de Planos de Mobilidade Urbana Locais, promovido de forma on-line pelo Minist\u00e9rio das Cidades na plataforma\u00a0<a class=\"external-link\" title=\"\" href=\"https:\/\/www.redus.org.br\/apoio-a-elaboracao-de-planos-de-mobilidade-urbana-locais\/cronograma\" target=\"_blank\" rel=\"noopener\" data-tippreview-enabled=\"false\" data-tippreview-image=\"\" data-tippreview-title=\"\">ReDUS<\/a>. Esta edi\u00e7\u00e3o far\u00e1 parte do Circuito Urbano 2025, da ONU-Habitat, e ter\u00e1 como foco o tema \u201cDados e Indicadores para o Plano de Mobilidade Urbana\u201d.<\/p>\n<p>A capacita\u00e7\u00e3o vai abordar a import\u00e2ncia de pol\u00edticas p\u00fablicas baseadas em evid\u00eancias para a redu\u00e7\u00e3o das desigualdades nos territ\u00f3rios, al\u00e9m de discutir a produ\u00e7\u00e3o e gest\u00e3o de dados como ferramentas fundamentais para o planejamento da mobilidade. Ser\u00e3o destrinchadas tamb\u00e9m oportunidades de capacita\u00e7\u00f5es e parcerias para produ\u00e7\u00e3o e an\u00e1lise de dados e indicadores de mobilidade urbana.<\/p>\n<p>Os participantes conhecer\u00e3o o funcionamento da Pesquisa Nacional de Mobilidade Urbana (PEMOB), que re\u00fane dados municipais, e do Sistema Nacional de Informa\u00e7\u00f5es em Mobilidade Urbana (SIMU), com indicadores nacionais. O evento tamb\u00e9m trar\u00e1 a experi\u00eancia de Santo Andr\u00e9, refer\u00eancia na constru\u00e7\u00e3o de Planos de Mobilidade e na cria\u00e7\u00e3o do Observat\u00f3rio Nacional de Mobilidade Urbana, destacando a coleta e atualiza\u00e7\u00e3o de dados, a participa\u00e7\u00e3o social e o monitoramento das pol\u00edticas implementadas.<\/p>\n<p>O ciclo de capacita\u00e7\u00f5es j\u00e1 tratou de temas como planejamento e metodologia simplificada para os planos de mobilidade, mobilidade ativa e financiamento da mobilidade com foco na tarifa zero. O calend\u00e1rio segue com debates sobre gest\u00e3o participativa, g\u00eanero e ra\u00e7a na mobilidade urbana e revis\u00e3o dos planos, consolidando um espa\u00e7o cont\u00ednuo de di\u00e1logo e aprendizado para apoiar as cidades brasileiras na constru\u00e7\u00e3o de pol\u00edticas de transporte mais inclusivas, sustent\u00e1veis e baseadas em evid\u00eancias.<\/p>\n<p class=\"callout\"><span class=\"cf0\">Acesse a\u00a0<a class=\"external-link\" title=\"\" href=\"https:\/\/www.gov.br\/cidades\/pt-br\/central-de-conteudos\" target=\"_blank\" rel=\"noopener\" data-tippreview-enabled=\"false\" data-tippreview-image=\"\" data-tippreview-title=\"\">Central de Conte\u00fados<\/a>\u00a0do Minist\u00e9rio das Cidades<\/span><\/p>\n<p>Assessoria Especial de Comunica\u00e7\u00e3o Social do Minist\u00e9rio das Cidades<br \/>\nAtendimento \u00e0 Imprensa<br \/>\nTelefone: (61) 2034-4282<br \/>\nE-mail: imprensa@cidades.gov.br<\/p>\n<\/div>\n<\/div>\n<\/div>\n","protected":false},"excerpt":{"rendered":"<p>Foto: Fernando Fraz\u00e3o\/Ag\u00eancia Brasil O encontro ser\u00e1 realizado de forma on-line Publicado em\u00a002\/10\/2025 11h36\u00a0Atualizado em\u00a002\/10\/2025 12h10 Dados e indicadores s\u00e3o importantes para que as pol\u00edticas p\u00fablicas de mobilidade urbana sejam mais assertivas. Foto: Mariana Gil\/EMBARQ Brasil. Na pr\u00f3xima sexta-feira (3), das 10h \u00e0s 12h, ocorrer\u00e1 o 4\u00ba evento do Ciclo de Capacita\u00e7\u00f5es para Apoio \u00e0 [&hellip;]<\/p>\n","protected":false},"author":2,"featured_media":3909,"comment_status":"open","ping_status":"open","sticky":false,"template":"","format":"standard","meta":{"rop_custom_images_group":[],"rop_custom_messages_group":[],"rop_publish_now":"initial","rop_publish_now_accounts":{"twitter_850042665852968960_850042665852968960":""},"rop_publish_now_history":[],"rop_publish_now_status":"pending","footnotes":""},"categories":[15],"tags":[760,762,761,759],"class_list":["post-3908","post","type-post","status-publish","format-standard","has-post-thumbnail","hentry","category-destaques","tag-capacitacao","tag-habitat","tag-indicadores","tag-mobilidade-urbanda"],"yoast_head":"<!-- This site is optimized with the Yoast SEO plugin v27.2 - https:\/\/yoast.com\/product\/yoast-seo-wordpress\/ -->\n<title>Capacita\u00e7\u00e3o discute produ\u00e7\u00e3o e uso de dados e indicadores nos Planos de Mobilidade Urbana - Prefeitos &amp; Gest\u00f5es<\/title>\n<meta name=\"description\" content=\"Na pr\u00f3xima sexta-feira (3), das 10h \u00e0s 12h, ocorrer\u00e1 o 4\u00ba evento do Ciclo de Capacita\u00e7\u00f5es para Apoio \u00e0 Elabora\u00e7\u00e3o de Planos de Mobilidade Urbana Locais, promovido de forma on-line pelo Minist\u00e9rio das Cidades na plataforma\u00a0ReDUS. Esta edi\u00e7\u00e3o far\u00e1 parte do Circuito Urbano 2025, da ONU-Habitat, e ter\u00e1 como foco o tema \u201cDados e Indicadores para o Plano de Mobilidade Urbana\" \/>\n<meta name=\"robots\" content=\"index, follow, max-snippet:-1, max-image-preview:large, max-video-preview:-1\" \/>\n<link rel=\"canonical\" href=\"https:\/\/prefeitosegestoes.com.br\/portal\/capacitacao-discute-producao-e-uso-de-dados-e-indicadores-nos-planos-de-mobilidade-urbana\/\" \/>\n<meta property=\"og:locale\" content=\"pt_BR\" \/>\n<meta property=\"og:type\" content=\"article\" \/>\n<meta property=\"og:title\" content=\"Capacita\u00e7\u00e3o discute produ\u00e7\u00e3o e uso de dados e indicadores nos Planos de Mobilidade Urbana - Prefeitos &amp; Gest\u00f5es\" \/>\n<meta property=\"og:description\" content=\"Na pr\u00f3xima sexta-feira (3), das 10h \u00e0s 12h, ocorrer\u00e1 o 4\u00ba evento do Ciclo de Capacita\u00e7\u00f5es para Apoio \u00e0 Elabora\u00e7\u00e3o de Planos de Mobilidade Urbana Locais, promovido de forma on-line pelo Minist\u00e9rio das Cidades na plataforma\u00a0ReDUS. Esta edi\u00e7\u00e3o far\u00e1 parte do Circuito Urbano 2025, da ONU-Habitat, e ter\u00e1 como foco o tema \u201cDados e Indicadores para o Plano de Mobilidade Urbana\" \/>\n<meta property=\"og:url\" content=\"https:\/\/prefeitosegestoes.com.br\/portal\/capacitacao-discute-producao-e-uso-de-dados-e-indicadores-nos-planos-de-mobilidade-urbana\/\" \/>\n<meta property=\"og:site_name\" content=\"Prefeitos &amp; Gest\u00f5es\" \/>\n<meta property=\"article:publisher\" content=\"https:\/\/www.facebook.com\/prefeitosonline\" \/>\n<meta property=\"article:published_time\" content=\"2025-10-02T19:12:56+00:00\" \/>\n<meta property=\"og:image\" content=\"https:\/\/prefeitosegestoes.com.br\/portal\/wp-content\/uploads\/2025\/10\/mg_2949_0.webp\" \/>\n\t<meta property=\"og:image:width\" content=\"1024\" \/>\n\t<meta property=\"og:image:height\" content=\"768\" \/>\n\t<meta property=\"og:image:type\" content=\"image\/webp\" \/>\n<meta name=\"author\" content=\"Prefeitos &amp; Gest\u00f5es\" \/>\n<meta name=\"twitter:card\" content=\"summary_large_image\" \/>\n<meta name=\"twitter:creator\" content=\"@PrefGestoes\" \/>\n<meta name=\"twitter:site\" content=\"@PrefGestoes\" \/>\n<meta name=\"twitter:label1\" content=\"Escrito por\" \/>\n\t<meta name=\"twitter:data1\" content=\"Prefeitos &amp; Gest\u00f5es\" \/>\n\t<meta name=\"twitter:label2\" content=\"Est. tempo de leitura\" \/>\n\t<meta name=\"twitter:data2\" content=\"3 minutos\" \/>\n<script type=\"application\/ld+json\" class=\"yoast-schema-graph\">{\"@context\":\"https:\/\/schema.org\",\"@graph\":[{\"@type\":\"Article\",\"@id\":\"https:\/\/prefeitosegestoes.com.br\/portal\/capacitacao-discute-producao-e-uso-de-dados-e-indicadores-nos-planos-de-mobilidade-urbana\/#article\",\"isPartOf\":{\"@id\":\"https:\/\/prefeitosegestoes.com.br\/portal\/capacitacao-discute-producao-e-uso-de-dados-e-indicadores-nos-planos-de-mobilidade-urbana\/\"},\"author\":{\"name\":\"Prefeitos &amp; Gest\u00f5es\",\"@id\":\"https:\/\/prefeitosegestoes.com.br\/portal\/#\/schema\/person\/d00059f2ec99963e7e1850d448ae94b8\"},\"headline\":\"Capacita\u00e7\u00e3o discute produ\u00e7\u00e3o e uso de dados e indicadores nos Planos de Mobilidade Urbana\",\"datePublished\":\"2025-10-02T19:12:56+00:00\",\"mainEntityOfPage\":{\"@id\":\"https:\/\/prefeitosegestoes.com.br\/portal\/capacitacao-discute-producao-e-uso-de-dados-e-indicadores-nos-planos-de-mobilidade-urbana\/\"},\"wordCount\":392,\"commentCount\":0,\"publisher\":{\"@id\":\"https:\/\/prefeitosegestoes.com.br\/portal\/#organization\"},\"image\":{\"@id\":\"https:\/\/prefeitosegestoes.com.br\/portal\/capacitacao-discute-producao-e-uso-de-dados-e-indicadores-nos-planos-de-mobilidade-urbana\/#primaryimage\"},\"thumbnailUrl\":\"https:\/\/prefeitosegestoes.com.br\/portal\/wp-content\/uploads\/2025\/10\/mg_2949_0.webp\",\"keywords\":[\"Capacita\u00e7\u00e3o\",\"Habitat\",\"Indicadores\",\"Mobilidade Urbanda\"],\"articleSection\":[\"Destaques\"],\"inLanguage\":\"pt-BR\",\"potentialAction\":[{\"@type\":\"CommentAction\",\"name\":\"Comment\",\"target\":[\"https:\/\/prefeitosegestoes.com.br\/portal\/capacitacao-discute-producao-e-uso-de-dados-e-indicadores-nos-planos-de-mobilidade-urbana\/#respond\"]}]},{\"@type\":\"WebPage\",\"@id\":\"https:\/\/prefeitosegestoes.com.br\/portal\/capacitacao-discute-producao-e-uso-de-dados-e-indicadores-nos-planos-de-mobilidade-urbana\/\",\"url\":\"https:\/\/prefeitosegestoes.com.br\/portal\/capacitacao-discute-producao-e-uso-de-dados-e-indicadores-nos-planos-de-mobilidade-urbana\/\",\"name\":\"Capacita\u00e7\u00e3o discute produ\u00e7\u00e3o e uso de dados e indicadores nos Planos de Mobilidade Urbana - Prefeitos &amp; Gest\u00f5es\",\"isPartOf\":{\"@id\":\"https:\/\/prefeitosegestoes.com.br\/portal\/#website\"},\"primaryImageOfPage\":{\"@id\":\"https:\/\/prefeitosegestoes.com.br\/portal\/capacitacao-discute-producao-e-uso-de-dados-e-indicadores-nos-planos-de-mobilidade-urbana\/#primaryimage\"},\"image\":{\"@id\":\"https:\/\/prefeitosegestoes.com.br\/portal\/capacitacao-discute-producao-e-uso-de-dados-e-indicadores-nos-planos-de-mobilidade-urbana\/#primaryimage\"},\"thumbnailUrl\":\"https:\/\/prefeitosegestoes.com.br\/portal\/wp-content\/uploads\/2025\/10\/mg_2949_0.webp\",\"datePublished\":\"2025-10-02T19:12:56+00:00\",\"description\":\"Na pr\u00f3xima sexta-feira (3), das 10h \u00e0s 12h, ocorrer\u00e1 o 4\u00ba evento do Ciclo de Capacita\u00e7\u00f5es para Apoio \u00e0 Elabora\u00e7\u00e3o de Planos de Mobilidade Urbana Locais, promovido de forma on-line pelo Minist\u00e9rio das Cidades na plataforma\u00a0ReDUS. Esta edi\u00e7\u00e3o far\u00e1 parte do Circuito Urbano 2025, da ONU-Habitat, e ter\u00e1 como foco o tema \u201cDados e Indicadores para o Plano de Mobilidade Urbana\",\"breadcrumb\":{\"@id\":\"https:\/\/prefeitosegestoes.com.br\/portal\/capacitacao-discute-producao-e-uso-de-dados-e-indicadores-nos-planos-de-mobilidade-urbana\/#breadcrumb\"},\"inLanguage\":\"pt-BR\",\"potentialAction\":[{\"@type\":\"ReadAction\",\"target\":[\"https:\/\/prefeitosegestoes.com.br\/portal\/capacitacao-discute-producao-e-uso-de-dados-e-indicadores-nos-planos-de-mobilidade-urbana\/\"]}]},{\"@type\":\"ImageObject\",\"inLanguage\":\"pt-BR\",\"@id\":\"https:\/\/prefeitosegestoes.com.br\/portal\/capacitacao-discute-producao-e-uso-de-dados-e-indicadores-nos-planos-de-mobilidade-urbana\/#primaryimage\",\"url\":\"https:\/\/prefeitosegestoes.com.br\/portal\/wp-content\/uploads\/2025\/10\/mg_2949_0.webp\",\"contentUrl\":\"https:\/\/prefeitosegestoes.com.br\/portal\/wp-content\/uploads\/2025\/10\/mg_2949_0.webp\",\"width\":1024,\"height\":768},{\"@type\":\"BreadcrumbList\",\"@id\":\"https:\/\/prefeitosegestoes.com.br\/portal\/capacitacao-discute-producao-e-uso-de-dados-e-indicadores-nos-planos-de-mobilidade-urbana\/#breadcrumb\",\"itemListElement\":[{\"@type\":\"ListItem\",\"position\":1,\"name\":\"In\u00edcio\",\"item\":\"https:\/\/prefeitosegestoes.com.br\/portal\/\"},{\"@type\":\"ListItem\",\"position\":2,\"name\":\"Capacita\u00e7\u00e3o discute produ\u00e7\u00e3o e uso de dados e indicadores nos Planos de Mobilidade Urbana\"}]},{\"@type\":\"WebSite\",\"@id\":\"https:\/\/prefeitosegestoes.com.br\/portal\/#website\",\"url\":\"https:\/\/prefeitosegestoes.com.br\/portal\/\",\"name\":\"Prefeitos & Gest\u00f5es\",\"description\":\"\",\"publisher\":{\"@id\":\"https:\/\/prefeitosegestoes.com.br\/portal\/#organization\"},\"potentialAction\":[{\"@type\":\"SearchAction\",\"target\":{\"@type\":\"EntryPoint\",\"urlTemplate\":\"https:\/\/prefeitosegestoes.com.br\/portal\/?s={search_term_string}\"},\"query-input\":{\"@type\":\"PropertyValueSpecification\",\"valueRequired\":true,\"valueName\":\"search_term_string\"}}],\"inLanguage\":\"pt-BR\"},{\"@type\":\"Organization\",\"@id\":\"https:\/\/prefeitosegestoes.com.br\/portal\/#organization\",\"name\":\"Prefeitos & Gest\u00f5es\",\"url\":\"https:\/\/prefeitosegestoes.com.br\/portal\/\",\"logo\":{\"@type\":\"ImageObject\",\"inLanguage\":\"pt-BR\",\"@id\":\"https:\/\/prefeitosegestoes.com.br\/portal\/#\/schema\/logo\/image\/\",\"url\":\"https:\/\/prefeitosegestoes.com.br\/portal\/wp-content\/uploads\/2024\/10\/lg_trans_prefeitos_2024_preto2.png\",\"contentUrl\":\"https:\/\/prefeitosegestoes.com.br\/portal\/wp-content\/uploads\/2024\/10\/lg_trans_prefeitos_2024_preto2.png\",\"width\":199,\"height\":122,\"caption\":\"Prefeitos & Gest\u00f5es\"},\"image\":{\"@id\":\"https:\/\/prefeitosegestoes.com.br\/portal\/#\/schema\/logo\/image\/\"},\"sameAs\":[\"https:\/\/www.facebook.com\/prefeitosonline\",\"https:\/\/x.com\/PrefGestoes\"]},{\"@type\":\"Person\",\"@id\":\"https:\/\/prefeitosegestoes.com.br\/portal\/#\/schema\/person\/d00059f2ec99963e7e1850d448ae94b8\",\"name\":\"Prefeitos &amp; Gest\u00f5es\",\"image\":{\"@type\":\"ImageObject\",\"inLanguage\":\"pt-BR\",\"@id\":\"https:\/\/secure.gravatar.com\/avatar\/738fb281e479212ed32c1a21a4307dda9f3af9292edb6918a16c9ce9fff5f48d?s=96&d=mm&r=g\",\"url\":\"https:\/\/secure.gravatar.com\/avatar\/738fb281e479212ed32c1a21a4307dda9f3af9292edb6918a16c9ce9fff5f48d?s=96&d=mm&r=g\",\"contentUrl\":\"https:\/\/secure.gravatar.com\/avatar\/738fb281e479212ed32c1a21a4307dda9f3af9292edb6918a16c9ce9fff5f48d?s=96&d=mm&r=g\",\"caption\":\"Prefeitos &amp; Gest\u00f5es\"},\"url\":\"https:\/\/prefeitosegestoes.com.br\/portal\/author\/prefeitosegestoes\/\"}]}<\/script>\n<!-- \/ Yoast SEO plugin. -->","yoast_head_json":{"title":"Capacita\u00e7\u00e3o discute produ\u00e7\u00e3o e uso de dados e indicadores nos Planos de Mobilidade Urbana - Prefeitos &amp; Gest\u00f5es","description":"Na pr\u00f3xima sexta-feira (3), das 10h \u00e0s 12h, ocorrer\u00e1 o 4\u00ba evento do Ciclo de Capacita\u00e7\u00f5es para Apoio \u00e0 Elabora\u00e7\u00e3o de Planos de Mobilidade Urbana Locais, promovido de forma on-line pelo Minist\u00e9rio das Cidades na plataforma\u00a0ReDUS. Esta edi\u00e7\u00e3o far\u00e1 parte do Circuito Urbano 2025, da ONU-Habitat, e ter\u00e1 como foco o tema \u201cDados e Indicadores para o Plano de Mobilidade Urbana","robots":{"index":"index","follow":"follow","max-snippet":"max-snippet:-1","max-image-preview":"max-image-preview:large","max-video-preview":"max-video-preview:-1"},"canonical":"https:\/\/prefeitosegestoes.com.br\/portal\/capacitacao-discute-producao-e-uso-de-dados-e-indicadores-nos-planos-de-mobilidade-urbana\/","og_locale":"pt_BR","og_type":"article","og_title":"Capacita\u00e7\u00e3o discute produ\u00e7\u00e3o e uso de dados e indicadores nos Planos de Mobilidade Urbana - Prefeitos &amp; Gest\u00f5es","og_description":"Na pr\u00f3xima sexta-feira (3), das 10h \u00e0s 12h, ocorrer\u00e1 o 4\u00ba evento do Ciclo de Capacita\u00e7\u00f5es para Apoio \u00e0 Elabora\u00e7\u00e3o de Planos de Mobilidade Urbana Locais, promovido de forma on-line pelo Minist\u00e9rio das Cidades na plataforma\u00a0ReDUS. Esta edi\u00e7\u00e3o far\u00e1 parte do Circuito Urbano 2025, da ONU-Habitat, e ter\u00e1 como foco o tema \u201cDados e Indicadores para o Plano de Mobilidade Urbana","og_url":"https:\/\/prefeitosegestoes.com.br\/portal\/capacitacao-discute-producao-e-uso-de-dados-e-indicadores-nos-planos-de-mobilidade-urbana\/","og_site_name":"Prefeitos &amp; Gest\u00f5es","article_publisher":"https:\/\/www.facebook.com\/prefeitosonline","article_published_time":"2025-10-02T19:12:56+00:00","og_image":[{"width":1024,"height":768,"url":"https:\/\/prefeitosegestoes.com.br\/portal\/wp-content\/uploads\/2025\/10\/mg_2949_0.webp","type":"image\/webp"}],"author":"Prefeitos &amp; Gest\u00f5es","twitter_card":"summary_large_image","twitter_creator":"@PrefGestoes","twitter_site":"@PrefGestoes","twitter_misc":{"Escrito por":"Prefeitos &amp; Gest\u00f5es","Est. tempo de leitura":"3 minutos"},"schema":{"@context":"https:\/\/schema.org","@graph":[{"@type":"Article","@id":"https:\/\/prefeitosegestoes.com.br\/portal\/capacitacao-discute-producao-e-uso-de-dados-e-indicadores-nos-planos-de-mobilidade-urbana\/#article","isPartOf":{"@id":"https:\/\/prefeitosegestoes.com.br\/portal\/capacitacao-discute-producao-e-uso-de-dados-e-indicadores-nos-planos-de-mobilidade-urbana\/"},"author":{"name":"Prefeitos &amp; Gest\u00f5es","@id":"https:\/\/prefeitosegestoes.com.br\/portal\/#\/schema\/person\/d00059f2ec99963e7e1850d448ae94b8"},"headline":"Capacita\u00e7\u00e3o discute produ\u00e7\u00e3o e uso de dados e indicadores nos Planos de Mobilidade Urbana","datePublished":"2025-10-02T19:12:56+00:00","mainEntityOfPage":{"@id":"https:\/\/prefeitosegestoes.com.br\/portal\/capacitacao-discute-producao-e-uso-de-dados-e-indicadores-nos-planos-de-mobilidade-urbana\/"},"wordCount":392,"commentCount":0,"publisher":{"@id":"https:\/\/prefeitosegestoes.com.br\/portal\/#organization"},"image":{"@id":"https:\/\/prefeitosegestoes.com.br\/portal\/capacitacao-discute-producao-e-uso-de-dados-e-indicadores-nos-planos-de-mobilidade-urbana\/#primaryimage"},"thumbnailUrl":"https:\/\/prefeitosegestoes.com.br\/portal\/wp-content\/uploads\/2025\/10\/mg_2949_0.webp","keywords":["Capacita\u00e7\u00e3o","Habitat","Indicadores","Mobilidade Urbanda"],"articleSection":["Destaques"],"inLanguage":"pt-BR","potentialAction":[{"@type":"CommentAction","name":"Comment","target":["https:\/\/prefeitosegestoes.com.br\/portal\/capacitacao-discute-producao-e-uso-de-dados-e-indicadores-nos-planos-de-mobilidade-urbana\/#respond"]}]},{"@type":"WebPage","@id":"https:\/\/prefeitosegestoes.com.br\/portal\/capacitacao-discute-producao-e-uso-de-dados-e-indicadores-nos-planos-de-mobilidade-urbana\/","url":"https:\/\/prefeitosegestoes.com.br\/portal\/capacitacao-discute-producao-e-uso-de-dados-e-indicadores-nos-planos-de-mobilidade-urbana\/","name":"Capacita\u00e7\u00e3o discute produ\u00e7\u00e3o e uso de dados e indicadores nos Planos de Mobilidade Urbana - Prefeitos &amp; Gest\u00f5es","isPartOf":{"@id":"https:\/\/prefeitosegestoes.com.br\/portal\/#website"},"primaryImageOfPage":{"@id":"https:\/\/prefeitosegestoes.com.br\/portal\/capacitacao-discute-producao-e-uso-de-dados-e-indicadores-nos-planos-de-mobilidade-urbana\/#primaryimage"},"image":{"@id":"https:\/\/prefeitosegestoes.com.br\/portal\/capacitacao-discute-producao-e-uso-de-dados-e-indicadores-nos-planos-de-mobilidade-urbana\/#primaryimage"},"thumbnailUrl":"https:\/\/prefeitosegestoes.com.br\/portal\/wp-content\/uploads\/2025\/10\/mg_2949_0.webp","datePublished":"2025-10-02T19:12:56+00:00","description":"Na pr\u00f3xima sexta-feira (3), das 10h \u00e0s 12h, ocorrer\u00e1 o 4\u00ba evento do Ciclo de Capacita\u00e7\u00f5es para Apoio \u00e0 Elabora\u00e7\u00e3o de Planos de Mobilidade Urbana Locais, promovido de forma on-line pelo Minist\u00e9rio das Cidades na plataforma\u00a0ReDUS. Esta edi\u00e7\u00e3o far\u00e1 parte do Circuito Urbano 2025, da ONU-Habitat, e ter\u00e1 como foco o tema \u201cDados e Indicadores para o Plano de Mobilidade Urbana","breadcrumb":{"@id":"https:\/\/prefeitosegestoes.com.br\/portal\/capacitacao-discute-producao-e-uso-de-dados-e-indicadores-nos-planos-de-mobilidade-urbana\/#breadcrumb"},"inLanguage":"pt-BR","potentialAction":[{"@type":"ReadAction","target":["https:\/\/prefeitosegestoes.com.br\/portal\/capacitacao-discute-producao-e-uso-de-dados-e-indicadores-nos-planos-de-mobilidade-urbana\/"]}]},{"@type":"ImageObject","inLanguage":"pt-BR","@id":"https:\/\/prefeitosegestoes.com.br\/portal\/capacitacao-discute-producao-e-uso-de-dados-e-indicadores-nos-planos-de-mobilidade-urbana\/#primaryimage","url":"https:\/\/prefeitosegestoes.com.br\/portal\/wp-content\/uploads\/2025\/10\/mg_2949_0.webp","contentUrl":"https:\/\/prefeitosegestoes.com.br\/portal\/wp-content\/uploads\/2025\/10\/mg_2949_0.webp","width":1024,"height":768},{"@type":"BreadcrumbList","@id":"https:\/\/prefeitosegestoes.com.br\/portal\/capacitacao-discute-producao-e-uso-de-dados-e-indicadores-nos-planos-de-mobilidade-urbana\/#breadcrumb","itemListElement":[{"@type":"ListItem","position":1,"name":"In\u00edcio","item":"https:\/\/prefeitosegestoes.com.br\/portal\/"},{"@type":"ListItem","position":2,"name":"Capacita\u00e7\u00e3o discute produ\u00e7\u00e3o e uso de dados e indicadores nos Planos de Mobilidade Urbana"}]},{"@type":"WebSite","@id":"https:\/\/prefeitosegestoes.com.br\/portal\/#website","url":"https:\/\/prefeitosegestoes.com.br\/portal\/","name":"Prefeitos & Gest\u00f5es","description":"","publisher":{"@id":"https:\/\/prefeitosegestoes.com.br\/portal\/#organization"},"potentialAction":[{"@type":"SearchAction","target":{"@type":"EntryPoint","urlTemplate":"https:\/\/prefeitosegestoes.com.br\/portal\/?s={search_term_string}"},"query-input":{"@type":"PropertyValueSpecification","valueRequired":true,"valueName":"search_term_string"}}],"inLanguage":"pt-BR"},{"@type":"Organization","@id":"https:\/\/prefeitosegestoes.com.br\/portal\/#organization","name":"Prefeitos & Gest\u00f5es","url":"https:\/\/prefeitosegestoes.com.br\/portal\/","logo":{"@type":"ImageObject","inLanguage":"pt-BR","@id":"https:\/\/prefeitosegestoes.com.br\/portal\/#\/schema\/logo\/image\/","url":"https:\/\/prefeitosegestoes.com.br\/portal\/wp-content\/uploads\/2024\/10\/lg_trans_prefeitos_2024_preto2.png","contentUrl":"https:\/\/prefeitosegestoes.com.br\/portal\/wp-content\/uploads\/2024\/10\/lg_trans_prefeitos_2024_preto2.png","width":199,"height":122,"caption":"Prefeitos & Gest\u00f5es"},"image":{"@id":"https:\/\/prefeitosegestoes.com.br\/portal\/#\/schema\/logo\/image\/"},"sameAs":["https:\/\/www.facebook.com\/prefeitosonline","https:\/\/x.com\/PrefGestoes"]},{"@type":"Person","@id":"https:\/\/prefeitosegestoes.com.br\/portal\/#\/schema\/person\/d00059f2ec99963e7e1850d448ae94b8","name":"Prefeitos &amp; Gest\u00f5es","image":{"@type":"ImageObject","inLanguage":"pt-BR","@id":"https:\/\/secure.gravatar.com\/avatar\/738fb281e479212ed32c1a21a4307dda9f3af9292edb6918a16c9ce9fff5f48d?s=96&d=mm&r=g","url":"https:\/\/secure.gravatar.com\/avatar\/738fb281e479212ed32c1a21a4307dda9f3af9292edb6918a16c9ce9fff5f48d?s=96&d=mm&r=g","contentUrl":"https:\/\/secure.gravatar.com\/avatar\/738fb281e479212ed32c1a21a4307dda9f3af9292edb6918a16c9ce9fff5f48d?s=96&d=mm&r=g","caption":"Prefeitos &amp; Gest\u00f5es"},"url":"https:\/\/prefeitosegestoes.com.br\/portal\/author\/prefeitosegestoes\/"}]}},"_links":{"self":[{"href":"https:\/\/prefeitosegestoes.com.br\/portal\/wp-json\/wp\/v2\/posts\/3908","targetHints":{"allow":["GET"]}}],"collection":[{"href":"https:\/\/prefeitosegestoes.com.br\/portal\/wp-json\/wp\/v2\/posts"}],"about":[{"href":"https:\/\/prefeitosegestoes.com.br\/portal\/wp-json\/wp\/v2\/types\/post"}],"author":[{"embeddable":true,"href":"https:\/\/prefeitosegestoes.com.br\/portal\/wp-json\/wp\/v2\/users\/2"}],"replies":[{"embeddable":true,"href":"https:\/\/prefeitosegestoes.com.br\/portal\/wp-json\/wp\/v2\/comments?post=3908"}],"version-history":[{"count":1,"href":"https:\/\/prefeitosegestoes.com.br\/portal\/wp-json\/wp\/v2\/posts\/3908\/revisions"}],"predecessor-version":[{"id":3910,"href":"https:\/\/prefeitosegestoes.com.br\/portal\/wp-json\/wp\/v2\/posts\/3908\/revisions\/3910"}],"wp:featuredmedia":[{"embeddable":true,"href":"https:\/\/prefeitosegestoes.com.br\/portal\/wp-json\/wp\/v2\/media\/3909"}],"wp:attachment":[{"href":"https:\/\/prefeitosegestoes.com.br\/portal\/wp-json\/wp\/v2\/media?parent=3908"}],"wp:term":[{"taxonomy":"category","embeddable":true,"href":"https:\/\/prefeitosegestoes.com.br\/portal\/wp-json\/wp\/v2\/categories?post=3908"},{"taxonomy":"post_tag","embeddable":true,"href":"https:\/\/prefeitosegestoes.com.br\/portal\/wp-json\/wp\/v2\/tags?post=3908"}],"curies":[{"name":"wp","href":"https:\/\/api.w.org\/{rel}","templated":true}]}}