{"id":3903,"date":"2025-09-30T16:59:09","date_gmt":"2025-09-30T19:59:09","guid":{"rendered":"https:\/\/prefeitosegestoes.com.br\/portal\/?p=3903"},"modified":"2025-09-30T17:01:13","modified_gmt":"2025-09-30T20:01:13","slug":"municipios-terao-apoio-inedito-para-enfrentar-a-mudanca-do-clima","status":"publish","type":"post","link":"https:\/\/prefeitosegestoes.com.br\/portal\/municipios-terao-apoio-inedito-para-enfrentar-a-mudanca-do-clima\/","title":{"rendered":"Munic\u00edpios ter\u00e3o apoio in\u00e9dito para enfrentar a mudan\u00e7a do clima"},"content":{"rendered":"<h6 style=\"font-weight: 600;\">Foto:Bruno Peres\/Ag\u00eancia Brasil<\/h6>\n<h1 style=\"font-weight: 600;\">Munic\u00edpios ter\u00e3o apoio in\u00e9dito para enfrentar a mudan\u00e7a do clima<\/h1>\n<p style=\"font-weight: 400;\">Edital do Minist\u00e9rio das Cidades vai selecionar 50 propostas e oferecer assessoria t\u00e9cnica para fortalecer o planejamento urbano e a resili\u00eancia clim\u00e1tica dos munic\u00edpios<\/p>\n<p style=\"font-weight: 400;\"><span style=\"font-weight: 400;\">Publicado em\u00a029\/09\/2025 16h22\u00a0<\/span><span style=\"font-weight: 400;\">Atualizado em\u00a029\/09\/2025 16h23<\/span><\/p>\n<p>Calor excessivo e baixa umidade s\u00e3o consequ\u00eancias de mudan\u00e7as do clima. Foto: Bruno Peres\/Ag\u00eancia Brasil.<\/p>\n<p style=\"font-weight: 400;\">Est\u00e1 no ar o\u00a0<a style=\"font-weight: 500;\" href=\"https:\/\/www.gov.br\/cidades\/pt-br\/acesso-a-informacao\/participacao-social\/editais-de-chamamento-publico\/edital-de-chamamento-publico-sndum-no-03-2025-projeto-adaptacao\" data-tippreview-enabled=\"false\" data-tippreview-image=\"\" data-tippreview-title=\"\">Edital de Sele\u00e7\u00e3o P\u00fablica<\/a>\u00a0do Projeto AdaptA\u00c7\u00c3O, iniciativa que busca apoiar munic\u00edpios brasileiros a planejarem seu territ\u00f3rio para a adapta\u00e7\u00e3o \u00e0 mudan\u00e7a do clima. O Projeto vai selecionar 50 propostas de munic\u00edpios ou cons\u00f3rcios. que receber\u00e3o assessoria t\u00e9cnica especializada em rela\u00e7\u00e3o ao tema. A a\u00e7\u00e3o \u00e9 uma parceria da Secretaria Nacional de Desenvolvimento Urbano e Metropolitano do Minist\u00e9rio das Cidades com a Universidade Federal do Rio de Janeiro (UFRJ), por meio do Instituto de Pesquisa e Planejamento Urbano e Regional (IPPUR) e do Observat\u00f3rio das Metr\u00f3poles.<\/p>\n<p style=\"font-weight: 400;\">As inscri\u00e7\u00f5es est\u00e3o abertas entre os dias 26 de setembro e 21 de outubro de 2025 e podem ser feitas clicando no\u00a0<a style=\"font-weight: 500;\" href=\"https:\/\/www.redus.org.br\/projeto-adaptacao\/formularios\/8f1bd057-9254-4037-b995-c4bc900ecb4d\" data-tippreview-enabled=\"false\" data-tippreview-image=\"\" data-tippreview-title=\"\">link<\/a>. Os munic\u00edpios contemplados ter\u00e3o apoio dos n\u00facleos regionais de pesquisa do Observat\u00f3rio das Metr\u00f3poles para aprimorar seus instrumentos de pol\u00edtica urbana, como zoneamento, Zona Especial de Interesse Social (ZEIS), regulariza\u00e7\u00e3o fundi\u00e1ria e estudos de impacto de vizinhan\u00e7a. O objetivo \u00e9 fortalecer a capacidade das gest\u00f5es locais para enfrentar os efeitos da crise clim\u00e1tica e promover cidades mais resilientes.<\/p>\n<p style=\"font-weight: 400;\">Entre os crit\u00e9rios de participa\u00e7\u00e3o estabelecidos no edital, est\u00e3o a exig\u00eancia de Plano Diretor atualizado ou legisla\u00e7\u00e3o urbana equivalente, al\u00e9m de comprova\u00e7\u00e3o de capacidade institucional e compromisso pol\u00edtico das prefeituras. As propostas tamb\u00e9m devem detalhar os problemas urbanos agravados pelas mudan\u00e7as clim\u00e1ticas e apresentar solu\u00e7\u00f5es inovadoras para o planejamento urbano.<\/p>\n<p style=\"font-weight: 400;\">O AdaptA\u00c7\u00c3O valoriza crit\u00e9rios de equidade de g\u00eanero e ra\u00e7a na sele\u00e7\u00e3o dos munic\u00edpios, destacando a participa\u00e7\u00e3o de mulheres, especialmente negras e ind\u00edgenas, em posi\u00e7\u00f5es de lideran\u00e7a. Indicadores sociais, ambientais e regionais ser\u00e3o considerados para garantir equil\u00edbrio federativo e ampliar o alcance da pol\u00edtica p\u00fablica.<\/p>\n<p style=\"font-weight: 400;\">Al\u00e9m da sele\u00e7\u00e3o, o AdaptA\u00c7\u00c3O prev\u00ea a produ\u00e7\u00e3o de guias metodol\u00f3gicos, um reposit\u00f3rio de experi\u00eancias municipais, um programa de forma\u00e7\u00e3o e a cria\u00e7\u00e3o de uma rede nacional de pesquisa em pol\u00edticas urbanas voltadas para adapta\u00e7\u00e3o clim\u00e1tica. A iniciativa refor\u00e7a o compromisso do Governo Federal com o \u201cFederalismo Clim\u00e1tico\u201d, promovendo justi\u00e7a territorial e um futuro mais seguro e sustent\u00e1vel para as cidades brasileiras.<\/p>\n<p style=\"font-weight: 400;\">Para saber mais sobre o Projeto AdaptA\u00c7\u00c3O, acesse a\u00a0<a style=\"font-weight: 500;\" href=\"https:\/\/www.redus.org.br\/projeto-adaptacao\" data-tippreview-enabled=\"false\" data-tippreview-image=\"\" data-tippreview-title=\"\">p\u00e1gina<\/a>\u00a0da iniciativa na ReDUS.<\/p>\n<p style=\"font-weight: 400;\">Acesse a\u00a0<a style=\"font-weight: 500;\" href=\"https:\/\/www.gov.br\/cidades\/pt-br\/central-de-conteudos\" data-tippreview-enabled=\"false\" data-tippreview-image=\"\" data-tippreview-title=\"\">Central de Conte\u00fados<\/a>\u00a0do Minist\u00e9rio das Cidades<\/p>\n<p style=\"font-weight: 400;\">Assessoria Especial de Comunica\u00e7\u00e3o Social do Minist\u00e9rio das Cidades<br \/>\nAtendimento \u00e0 Imprensa<br \/>\nTelefone: (61) 2034-4282<br \/>\nE-mail: imprensa@cidades.gov.br<\/p>\n","protected":false},"excerpt":{"rendered":"<p>Foto:Bruno Peres\/Ag\u00eancia Brasil Munic\u00edpios ter\u00e3o apoio in\u00e9dito para enfrentar a mudan\u00e7a do clima Edital do Minist\u00e9rio das Cidades vai selecionar 50 propostas e oferecer assessoria t\u00e9cnica para fortalecer o planejamento urbano e a resili\u00eancia clim\u00e1tica dos munic\u00edpios Publicado em\u00a029\/09\/2025 16h22\u00a0Atualizado em\u00a029\/09\/2025 16h23 Calor excessivo e baixa umidade s\u00e3o consequ\u00eancias de mudan\u00e7as do clima. Foto: Bruno [&hellip;]<\/p>\n","protected":false},"author":2,"featured_media":3906,"comment_status":"open","ping_status":"open","sticky":false,"template":"","format":"standard","meta":{"rop_custom_images_group":[],"rop_custom_messages_group":[],"rop_publish_now":"initial","rop_publish_now_accounts":{"twitter_850042665852968960_850042665852968960":""},"rop_publish_now_history":[],"rop_publish_now_status":"pending","footnotes":""},"categories":[15],"tags":[92,697,123],"class_list":["post-3903","post","type-post","status-publish","format-standard","has-post-thumbnail","hentry","category-destaques","tag-clima","tag-ministerio-das-cidades","tag-municipios"],"yoast_head":"<!-- This site is optimized with the Yoast SEO plugin v27.2 - https:\/\/yoast.com\/product\/yoast-seo-wordpress\/ -->\n<title>Munic\u00edpios ter\u00e3o apoio in\u00e9dito para enfrentar a mudan\u00e7a do clima - Prefeitos &amp; Gest\u00f5es<\/title>\n<meta name=\"description\" content=\"Est\u00e1 no ar o\u00a0Edital de Sele\u00e7\u00e3o P\u00fablica\u00a0do Projeto AdaptA\u00c7\u00c3O, iniciativa que busca apoiar munic\u00edpios brasileiros a planejarem seu territ\u00f3rio para a adapta\u00e7\u00e3o \u00e0 mudan\u00e7a do clima. O Projeto vai selecionar 50 propostas de munic\u00edpios ou cons\u00f3rcios. que receber\u00e3o assessoria t\u00e9cnica especializada em rela\u00e7\u00e3o ao tema. A a\u00e7\u00e3o \u00e9 uma parceria da Secretaria Nacional de Desenvolvimento Urbano e Metropolitano do Minist\u00e9rio das Cidades com a Universidade Federal do Rio de Janeiro (UFRJ), por meio do Instituto de Pesquisa e Planejamento Urbano e Regional (IPPUR) e do Observat\u00f3rio das Metr\u00f3poles.\" \/>\n<meta name=\"robots\" content=\"index, follow, max-snippet:-1, max-image-preview:large, max-video-preview:-1\" \/>\n<link rel=\"canonical\" href=\"https:\/\/prefeitosegestoes.com.br\/portal\/municipios-terao-apoio-inedito-para-enfrentar-a-mudanca-do-clima\/\" \/>\n<meta property=\"og:locale\" content=\"pt_BR\" \/>\n<meta property=\"og:type\" content=\"article\" \/>\n<meta property=\"og:title\" content=\"Munic\u00edpios ter\u00e3o apoio in\u00e9dito para enfrentar a mudan\u00e7a do clima - Prefeitos &amp; Gest\u00f5es\" \/>\n<meta property=\"og:description\" content=\"Est\u00e1 no ar o\u00a0Edital de Sele\u00e7\u00e3o P\u00fablica\u00a0do Projeto AdaptA\u00c7\u00c3O, iniciativa que busca apoiar munic\u00edpios brasileiros a planejarem seu territ\u00f3rio para a adapta\u00e7\u00e3o \u00e0 mudan\u00e7a do clima. O Projeto vai selecionar 50 propostas de munic\u00edpios ou cons\u00f3rcios. que receber\u00e3o assessoria t\u00e9cnica especializada em rela\u00e7\u00e3o ao tema. A a\u00e7\u00e3o \u00e9 uma parceria da Secretaria Nacional de Desenvolvimento Urbano e Metropolitano do Minist\u00e9rio das Cidades com a Universidade Federal do Rio de Janeiro (UFRJ), por meio do Instituto de Pesquisa e Planejamento Urbano e Regional (IPPUR) e do Observat\u00f3rio das Metr\u00f3poles.\" \/>\n<meta property=\"og:url\" content=\"https:\/\/prefeitosegestoes.com.br\/portal\/municipios-terao-apoio-inedito-para-enfrentar-a-mudanca-do-clima\/\" \/>\n<meta property=\"og:site_name\" content=\"Prefeitos &amp; Gest\u00f5es\" \/>\n<meta property=\"article:publisher\" content=\"https:\/\/www.facebook.com\/prefeitosonline\" \/>\n<meta property=\"article:published_time\" content=\"2025-09-30T19:59:09+00:00\" \/>\n<meta property=\"article:modified_time\" content=\"2025-09-30T20:01:13+00:00\" \/>\n<meta property=\"og:image\" content=\"https:\/\/prefeitosegestoes.com.br\/portal\/wp-content\/uploads\/2025\/09\/mg_7014.webp\" \/>\n\t<meta property=\"og:image:width\" content=\"1024\" \/>\n\t<meta property=\"og:image:height\" content=\"768\" \/>\n\t<meta property=\"og:image:type\" content=\"image\/webp\" \/>\n<meta name=\"author\" content=\"Prefeitos &amp; Gest\u00f5es\" \/>\n<meta name=\"twitter:card\" content=\"summary_large_image\" \/>\n<meta name=\"twitter:creator\" content=\"@PrefGestoes\" \/>\n<meta name=\"twitter:site\" content=\"@PrefGestoes\" \/>\n<meta name=\"twitter:label1\" content=\"Escrito por\" \/>\n\t<meta name=\"twitter:data1\" content=\"Prefeitos &amp; Gest\u00f5es\" \/>\n\t<meta name=\"twitter:label2\" content=\"Est. tempo de leitura\" \/>\n\t<meta name=\"twitter:data2\" content=\"3 minutos\" \/>\n<script type=\"application\/ld+json\" class=\"yoast-schema-graph\">{\"@context\":\"https:\/\/schema.org\",\"@graph\":[{\"@type\":\"Article\",\"@id\":\"https:\/\/prefeitosegestoes.com.br\/portal\/municipios-terao-apoio-inedito-para-enfrentar-a-mudanca-do-clima\/#article\",\"isPartOf\":{\"@id\":\"https:\/\/prefeitosegestoes.com.br\/portal\/municipios-terao-apoio-inedito-para-enfrentar-a-mudanca-do-clima\/\"},\"author\":{\"name\":\"Prefeitos &amp; Gest\u00f5es\",\"@id\":\"https:\/\/prefeitosegestoes.com.br\/portal\/#\/schema\/person\/d00059f2ec99963e7e1850d448ae94b8\"},\"headline\":\"Munic\u00edpios ter\u00e3o apoio in\u00e9dito para enfrentar a mudan\u00e7a do clima\",\"datePublished\":\"2025-09-30T19:59:09+00:00\",\"dateModified\":\"2025-09-30T20:01:13+00:00\",\"mainEntityOfPage\":{\"@id\":\"https:\/\/prefeitosegestoes.com.br\/portal\/municipios-terao-apoio-inedito-para-enfrentar-a-mudanca-do-clima\/\"},\"wordCount\":527,\"commentCount\":0,\"publisher\":{\"@id\":\"https:\/\/prefeitosegestoes.com.br\/portal\/#organization\"},\"image\":{\"@id\":\"https:\/\/prefeitosegestoes.com.br\/portal\/municipios-terao-apoio-inedito-para-enfrentar-a-mudanca-do-clima\/#primaryimage\"},\"thumbnailUrl\":\"https:\/\/prefeitosegestoes.com.br\/portal\/wp-content\/uploads\/2025\/09\/mg_7014.webp\",\"keywords\":[\"Clima\",\"Minist\u00e9rio das Cidades\",\"Munic\u00edpios\"],\"articleSection\":[\"Destaques\"],\"inLanguage\":\"pt-BR\",\"potentialAction\":[{\"@type\":\"CommentAction\",\"name\":\"Comment\",\"target\":[\"https:\/\/prefeitosegestoes.com.br\/portal\/municipios-terao-apoio-inedito-para-enfrentar-a-mudanca-do-clima\/#respond\"]}]},{\"@type\":\"WebPage\",\"@id\":\"https:\/\/prefeitosegestoes.com.br\/portal\/municipios-terao-apoio-inedito-para-enfrentar-a-mudanca-do-clima\/\",\"url\":\"https:\/\/prefeitosegestoes.com.br\/portal\/municipios-terao-apoio-inedito-para-enfrentar-a-mudanca-do-clima\/\",\"name\":\"Munic\u00edpios ter\u00e3o apoio in\u00e9dito para enfrentar a mudan\u00e7a do clima - Prefeitos &amp; Gest\u00f5es\",\"isPartOf\":{\"@id\":\"https:\/\/prefeitosegestoes.com.br\/portal\/#website\"},\"primaryImageOfPage\":{\"@id\":\"https:\/\/prefeitosegestoes.com.br\/portal\/municipios-terao-apoio-inedito-para-enfrentar-a-mudanca-do-clima\/#primaryimage\"},\"image\":{\"@id\":\"https:\/\/prefeitosegestoes.com.br\/portal\/municipios-terao-apoio-inedito-para-enfrentar-a-mudanca-do-clima\/#primaryimage\"},\"thumbnailUrl\":\"https:\/\/prefeitosegestoes.com.br\/portal\/wp-content\/uploads\/2025\/09\/mg_7014.webp\",\"datePublished\":\"2025-09-30T19:59:09+00:00\",\"dateModified\":\"2025-09-30T20:01:13+00:00\",\"description\":\"Est\u00e1 no ar o\u00a0Edital de Sele\u00e7\u00e3o P\u00fablica\u00a0do Projeto AdaptA\u00c7\u00c3O, iniciativa que busca apoiar munic\u00edpios brasileiros a planejarem seu territ\u00f3rio para a adapta\u00e7\u00e3o \u00e0 mudan\u00e7a do clima. O Projeto vai selecionar 50 propostas de munic\u00edpios ou cons\u00f3rcios. que receber\u00e3o assessoria t\u00e9cnica especializada em rela\u00e7\u00e3o ao tema. A a\u00e7\u00e3o \u00e9 uma parceria da Secretaria Nacional de Desenvolvimento Urbano e Metropolitano do Minist\u00e9rio das Cidades com a Universidade Federal do Rio de Janeiro (UFRJ), por meio do Instituto de Pesquisa e Planejamento Urbano e Regional (IPPUR) e do Observat\u00f3rio das Metr\u00f3poles.\",\"breadcrumb\":{\"@id\":\"https:\/\/prefeitosegestoes.com.br\/portal\/municipios-terao-apoio-inedito-para-enfrentar-a-mudanca-do-clima\/#breadcrumb\"},\"inLanguage\":\"pt-BR\",\"potentialAction\":[{\"@type\":\"ReadAction\",\"target\":[\"https:\/\/prefeitosegestoes.com.br\/portal\/municipios-terao-apoio-inedito-para-enfrentar-a-mudanca-do-clima\/\"]}]},{\"@type\":\"ImageObject\",\"inLanguage\":\"pt-BR\",\"@id\":\"https:\/\/prefeitosegestoes.com.br\/portal\/municipios-terao-apoio-inedito-para-enfrentar-a-mudanca-do-clima\/#primaryimage\",\"url\":\"https:\/\/prefeitosegestoes.com.br\/portal\/wp-content\/uploads\/2025\/09\/mg_7014.webp\",\"contentUrl\":\"https:\/\/prefeitosegestoes.com.br\/portal\/wp-content\/uploads\/2025\/09\/mg_7014.webp\",\"width\":1024,\"height\":768},{\"@type\":\"BreadcrumbList\",\"@id\":\"https:\/\/prefeitosegestoes.com.br\/portal\/municipios-terao-apoio-inedito-para-enfrentar-a-mudanca-do-clima\/#breadcrumb\",\"itemListElement\":[{\"@type\":\"ListItem\",\"position\":1,\"name\":\"In\u00edcio\",\"item\":\"https:\/\/prefeitosegestoes.com.br\/portal\/\"},{\"@type\":\"ListItem\",\"position\":2,\"name\":\"Munic\u00edpios ter\u00e3o apoio in\u00e9dito para enfrentar a mudan\u00e7a do clima\"}]},{\"@type\":\"WebSite\",\"@id\":\"https:\/\/prefeitosegestoes.com.br\/portal\/#website\",\"url\":\"https:\/\/prefeitosegestoes.com.br\/portal\/\",\"name\":\"Prefeitos & Gest\u00f5es\",\"description\":\"\",\"publisher\":{\"@id\":\"https:\/\/prefeitosegestoes.com.br\/portal\/#organization\"},\"potentialAction\":[{\"@type\":\"SearchAction\",\"target\":{\"@type\":\"EntryPoint\",\"urlTemplate\":\"https:\/\/prefeitosegestoes.com.br\/portal\/?s={search_term_string}\"},\"query-input\":{\"@type\":\"PropertyValueSpecification\",\"valueRequired\":true,\"valueName\":\"search_term_string\"}}],\"inLanguage\":\"pt-BR\"},{\"@type\":\"Organization\",\"@id\":\"https:\/\/prefeitosegestoes.com.br\/portal\/#organization\",\"name\":\"Prefeitos & Gest\u00f5es\",\"url\":\"https:\/\/prefeitosegestoes.com.br\/portal\/\",\"logo\":{\"@type\":\"ImageObject\",\"inLanguage\":\"pt-BR\",\"@id\":\"https:\/\/prefeitosegestoes.com.br\/portal\/#\/schema\/logo\/image\/\",\"url\":\"https:\/\/prefeitosegestoes.com.br\/portal\/wp-content\/uploads\/2024\/10\/lg_trans_prefeitos_2024_preto2.png\",\"contentUrl\":\"https:\/\/prefeitosegestoes.com.br\/portal\/wp-content\/uploads\/2024\/10\/lg_trans_prefeitos_2024_preto2.png\",\"width\":199,\"height\":122,\"caption\":\"Prefeitos & Gest\u00f5es\"},\"image\":{\"@id\":\"https:\/\/prefeitosegestoes.com.br\/portal\/#\/schema\/logo\/image\/\"},\"sameAs\":[\"https:\/\/www.facebook.com\/prefeitosonline\",\"https:\/\/x.com\/PrefGestoes\"]},{\"@type\":\"Person\",\"@id\":\"https:\/\/prefeitosegestoes.com.br\/portal\/#\/schema\/person\/d00059f2ec99963e7e1850d448ae94b8\",\"name\":\"Prefeitos &amp; Gest\u00f5es\",\"image\":{\"@type\":\"ImageObject\",\"inLanguage\":\"pt-BR\",\"@id\":\"https:\/\/secure.gravatar.com\/avatar\/738fb281e479212ed32c1a21a4307dda9f3af9292edb6918a16c9ce9fff5f48d?s=96&d=mm&r=g\",\"url\":\"https:\/\/secure.gravatar.com\/avatar\/738fb281e479212ed32c1a21a4307dda9f3af9292edb6918a16c9ce9fff5f48d?s=96&d=mm&r=g\",\"contentUrl\":\"https:\/\/secure.gravatar.com\/avatar\/738fb281e479212ed32c1a21a4307dda9f3af9292edb6918a16c9ce9fff5f48d?s=96&d=mm&r=g\",\"caption\":\"Prefeitos &amp; Gest\u00f5es\"},\"url\":\"https:\/\/prefeitosegestoes.com.br\/portal\/author\/prefeitosegestoes\/\"}]}<\/script>\n<!-- \/ Yoast SEO plugin. -->","yoast_head_json":{"title":"Munic\u00edpios ter\u00e3o apoio in\u00e9dito para enfrentar a mudan\u00e7a do clima - Prefeitos &amp; Gest\u00f5es","description":"Est\u00e1 no ar o\u00a0Edital de Sele\u00e7\u00e3o P\u00fablica\u00a0do Projeto AdaptA\u00c7\u00c3O, iniciativa que busca apoiar munic\u00edpios brasileiros a planejarem seu territ\u00f3rio para a adapta\u00e7\u00e3o \u00e0 mudan\u00e7a do clima. O Projeto vai selecionar 50 propostas de munic\u00edpios ou cons\u00f3rcios. que receber\u00e3o assessoria t\u00e9cnica especializada em rela\u00e7\u00e3o ao tema. A a\u00e7\u00e3o \u00e9 uma parceria da Secretaria Nacional de Desenvolvimento Urbano e Metropolitano do Minist\u00e9rio das Cidades com a Universidade Federal do Rio de Janeiro (UFRJ), por meio do Instituto de Pesquisa e Planejamento Urbano e Regional (IPPUR) e do Observat\u00f3rio das Metr\u00f3poles.","robots":{"index":"index","follow":"follow","max-snippet":"max-snippet:-1","max-image-preview":"max-image-preview:large","max-video-preview":"max-video-preview:-1"},"canonical":"https:\/\/prefeitosegestoes.com.br\/portal\/municipios-terao-apoio-inedito-para-enfrentar-a-mudanca-do-clima\/","og_locale":"pt_BR","og_type":"article","og_title":"Munic\u00edpios ter\u00e3o apoio in\u00e9dito para enfrentar a mudan\u00e7a do clima - Prefeitos &amp; Gest\u00f5es","og_description":"Est\u00e1 no ar o\u00a0Edital de Sele\u00e7\u00e3o P\u00fablica\u00a0do Projeto AdaptA\u00c7\u00c3O, iniciativa que busca apoiar munic\u00edpios brasileiros a planejarem seu territ\u00f3rio para a adapta\u00e7\u00e3o \u00e0 mudan\u00e7a do clima. O Projeto vai selecionar 50 propostas de munic\u00edpios ou cons\u00f3rcios. que receber\u00e3o assessoria t\u00e9cnica especializada em rela\u00e7\u00e3o ao tema. A a\u00e7\u00e3o \u00e9 uma parceria da Secretaria Nacional de Desenvolvimento Urbano e Metropolitano do Minist\u00e9rio das Cidades com a Universidade Federal do Rio de Janeiro (UFRJ), por meio do Instituto de Pesquisa e Planejamento Urbano e Regional (IPPUR) e do Observat\u00f3rio das Metr\u00f3poles.","og_url":"https:\/\/prefeitosegestoes.com.br\/portal\/municipios-terao-apoio-inedito-para-enfrentar-a-mudanca-do-clima\/","og_site_name":"Prefeitos &amp; Gest\u00f5es","article_publisher":"https:\/\/www.facebook.com\/prefeitosonline","article_published_time":"2025-09-30T19:59:09+00:00","article_modified_time":"2025-09-30T20:01:13+00:00","og_image":[{"width":1024,"height":768,"url":"https:\/\/prefeitosegestoes.com.br\/portal\/wp-content\/uploads\/2025\/09\/mg_7014.webp","type":"image\/webp"}],"author":"Prefeitos &amp; Gest\u00f5es","twitter_card":"summary_large_image","twitter_creator":"@PrefGestoes","twitter_site":"@PrefGestoes","twitter_misc":{"Escrito por":"Prefeitos &amp; Gest\u00f5es","Est. tempo de leitura":"3 minutos"},"schema":{"@context":"https:\/\/schema.org","@graph":[{"@type":"Article","@id":"https:\/\/prefeitosegestoes.com.br\/portal\/municipios-terao-apoio-inedito-para-enfrentar-a-mudanca-do-clima\/#article","isPartOf":{"@id":"https:\/\/prefeitosegestoes.com.br\/portal\/municipios-terao-apoio-inedito-para-enfrentar-a-mudanca-do-clima\/"},"author":{"name":"Prefeitos &amp; Gest\u00f5es","@id":"https:\/\/prefeitosegestoes.com.br\/portal\/#\/schema\/person\/d00059f2ec99963e7e1850d448ae94b8"},"headline":"Munic\u00edpios ter\u00e3o apoio in\u00e9dito para enfrentar a mudan\u00e7a do clima","datePublished":"2025-09-30T19:59:09+00:00","dateModified":"2025-09-30T20:01:13+00:00","mainEntityOfPage":{"@id":"https:\/\/prefeitosegestoes.com.br\/portal\/municipios-terao-apoio-inedito-para-enfrentar-a-mudanca-do-clima\/"},"wordCount":527,"commentCount":0,"publisher":{"@id":"https:\/\/prefeitosegestoes.com.br\/portal\/#organization"},"image":{"@id":"https:\/\/prefeitosegestoes.com.br\/portal\/municipios-terao-apoio-inedito-para-enfrentar-a-mudanca-do-clima\/#primaryimage"},"thumbnailUrl":"https:\/\/prefeitosegestoes.com.br\/portal\/wp-content\/uploads\/2025\/09\/mg_7014.webp","keywords":["Clima","Minist\u00e9rio das Cidades","Munic\u00edpios"],"articleSection":["Destaques"],"inLanguage":"pt-BR","potentialAction":[{"@type":"CommentAction","name":"Comment","target":["https:\/\/prefeitosegestoes.com.br\/portal\/municipios-terao-apoio-inedito-para-enfrentar-a-mudanca-do-clima\/#respond"]}]},{"@type":"WebPage","@id":"https:\/\/prefeitosegestoes.com.br\/portal\/municipios-terao-apoio-inedito-para-enfrentar-a-mudanca-do-clima\/","url":"https:\/\/prefeitosegestoes.com.br\/portal\/municipios-terao-apoio-inedito-para-enfrentar-a-mudanca-do-clima\/","name":"Munic\u00edpios ter\u00e3o apoio in\u00e9dito para enfrentar a mudan\u00e7a do clima - Prefeitos &amp; Gest\u00f5es","isPartOf":{"@id":"https:\/\/prefeitosegestoes.com.br\/portal\/#website"},"primaryImageOfPage":{"@id":"https:\/\/prefeitosegestoes.com.br\/portal\/municipios-terao-apoio-inedito-para-enfrentar-a-mudanca-do-clima\/#primaryimage"},"image":{"@id":"https:\/\/prefeitosegestoes.com.br\/portal\/municipios-terao-apoio-inedito-para-enfrentar-a-mudanca-do-clima\/#primaryimage"},"thumbnailUrl":"https:\/\/prefeitosegestoes.com.br\/portal\/wp-content\/uploads\/2025\/09\/mg_7014.webp","datePublished":"2025-09-30T19:59:09+00:00","dateModified":"2025-09-30T20:01:13+00:00","description":"Est\u00e1 no ar o\u00a0Edital de Sele\u00e7\u00e3o P\u00fablica\u00a0do Projeto AdaptA\u00c7\u00c3O, iniciativa que busca apoiar munic\u00edpios brasileiros a planejarem seu territ\u00f3rio para a adapta\u00e7\u00e3o \u00e0 mudan\u00e7a do clima. O Projeto vai selecionar 50 propostas de munic\u00edpios ou cons\u00f3rcios. que receber\u00e3o assessoria t\u00e9cnica especializada em rela\u00e7\u00e3o ao tema. A a\u00e7\u00e3o \u00e9 uma parceria da Secretaria Nacional de Desenvolvimento Urbano e Metropolitano do Minist\u00e9rio das Cidades com a Universidade Federal do Rio de Janeiro (UFRJ), por meio do Instituto de Pesquisa e Planejamento Urbano e Regional (IPPUR) e do Observat\u00f3rio das Metr\u00f3poles.","breadcrumb":{"@id":"https:\/\/prefeitosegestoes.com.br\/portal\/municipios-terao-apoio-inedito-para-enfrentar-a-mudanca-do-clima\/#breadcrumb"},"inLanguage":"pt-BR","potentialAction":[{"@type":"ReadAction","target":["https:\/\/prefeitosegestoes.com.br\/portal\/municipios-terao-apoio-inedito-para-enfrentar-a-mudanca-do-clima\/"]}]},{"@type":"ImageObject","inLanguage":"pt-BR","@id":"https:\/\/prefeitosegestoes.com.br\/portal\/municipios-terao-apoio-inedito-para-enfrentar-a-mudanca-do-clima\/#primaryimage","url":"https:\/\/prefeitosegestoes.com.br\/portal\/wp-content\/uploads\/2025\/09\/mg_7014.webp","contentUrl":"https:\/\/prefeitosegestoes.com.br\/portal\/wp-content\/uploads\/2025\/09\/mg_7014.webp","width":1024,"height":768},{"@type":"BreadcrumbList","@id":"https:\/\/prefeitosegestoes.com.br\/portal\/municipios-terao-apoio-inedito-para-enfrentar-a-mudanca-do-clima\/#breadcrumb","itemListElement":[{"@type":"ListItem","position":1,"name":"In\u00edcio","item":"https:\/\/prefeitosegestoes.com.br\/portal\/"},{"@type":"ListItem","position":2,"name":"Munic\u00edpios ter\u00e3o apoio in\u00e9dito para enfrentar a mudan\u00e7a do clima"}]},{"@type":"WebSite","@id":"https:\/\/prefeitosegestoes.com.br\/portal\/#website","url":"https:\/\/prefeitosegestoes.com.br\/portal\/","name":"Prefeitos & Gest\u00f5es","description":"","publisher":{"@id":"https:\/\/prefeitosegestoes.com.br\/portal\/#organization"},"potentialAction":[{"@type":"SearchAction","target":{"@type":"EntryPoint","urlTemplate":"https:\/\/prefeitosegestoes.com.br\/portal\/?s={search_term_string}"},"query-input":{"@type":"PropertyValueSpecification","valueRequired":true,"valueName":"search_term_string"}}],"inLanguage":"pt-BR"},{"@type":"Organization","@id":"https:\/\/prefeitosegestoes.com.br\/portal\/#organization","name":"Prefeitos & Gest\u00f5es","url":"https:\/\/prefeitosegestoes.com.br\/portal\/","logo":{"@type":"ImageObject","inLanguage":"pt-BR","@id":"https:\/\/prefeitosegestoes.com.br\/portal\/#\/schema\/logo\/image\/","url":"https:\/\/prefeitosegestoes.com.br\/portal\/wp-content\/uploads\/2024\/10\/lg_trans_prefeitos_2024_preto2.png","contentUrl":"https:\/\/prefeitosegestoes.com.br\/portal\/wp-content\/uploads\/2024\/10\/lg_trans_prefeitos_2024_preto2.png","width":199,"height":122,"caption":"Prefeitos & Gest\u00f5es"},"image":{"@id":"https:\/\/prefeitosegestoes.com.br\/portal\/#\/schema\/logo\/image\/"},"sameAs":["https:\/\/www.facebook.com\/prefeitosonline","https:\/\/x.com\/PrefGestoes"]},{"@type":"Person","@id":"https:\/\/prefeitosegestoes.com.br\/portal\/#\/schema\/person\/d00059f2ec99963e7e1850d448ae94b8","name":"Prefeitos &amp; Gest\u00f5es","image":{"@type":"ImageObject","inLanguage":"pt-BR","@id":"https:\/\/secure.gravatar.com\/avatar\/738fb281e479212ed32c1a21a4307dda9f3af9292edb6918a16c9ce9fff5f48d?s=96&d=mm&r=g","url":"https:\/\/secure.gravatar.com\/avatar\/738fb281e479212ed32c1a21a4307dda9f3af9292edb6918a16c9ce9fff5f48d?s=96&d=mm&r=g","contentUrl":"https:\/\/secure.gravatar.com\/avatar\/738fb281e479212ed32c1a21a4307dda9f3af9292edb6918a16c9ce9fff5f48d?s=96&d=mm&r=g","caption":"Prefeitos &amp; Gest\u00f5es"},"url":"https:\/\/prefeitosegestoes.com.br\/portal\/author\/prefeitosegestoes\/"}]}},"_links":{"self":[{"href":"https:\/\/prefeitosegestoes.com.br\/portal\/wp-json\/wp\/v2\/posts\/3903","targetHints":{"allow":["GET"]}}],"collection":[{"href":"https:\/\/prefeitosegestoes.com.br\/portal\/wp-json\/wp\/v2\/posts"}],"about":[{"href":"https:\/\/prefeitosegestoes.com.br\/portal\/wp-json\/wp\/v2\/types\/post"}],"author":[{"embeddable":true,"href":"https:\/\/prefeitosegestoes.com.br\/portal\/wp-json\/wp\/v2\/users\/2"}],"replies":[{"embeddable":true,"href":"https:\/\/prefeitosegestoes.com.br\/portal\/wp-json\/wp\/v2\/comments?post=3903"}],"version-history":[{"count":1,"href":"https:\/\/prefeitosegestoes.com.br\/portal\/wp-json\/wp\/v2\/posts\/3903\/revisions"}],"predecessor-version":[{"id":3905,"href":"https:\/\/prefeitosegestoes.com.br\/portal\/wp-json\/wp\/v2\/posts\/3903\/revisions\/3905"}],"wp:featuredmedia":[{"embeddable":true,"href":"https:\/\/prefeitosegestoes.com.br\/portal\/wp-json\/wp\/v2\/media\/3906"}],"wp:attachment":[{"href":"https:\/\/prefeitosegestoes.com.br\/portal\/wp-json\/wp\/v2\/media?parent=3903"}],"wp:term":[{"taxonomy":"category","embeddable":true,"href":"https:\/\/prefeitosegestoes.com.br\/portal\/wp-json\/wp\/v2\/categories?post=3903"},{"taxonomy":"post_tag","embeddable":true,"href":"https:\/\/prefeitosegestoes.com.br\/portal\/wp-json\/wp\/v2\/tags?post=3903"}],"curies":[{"name":"wp","href":"https:\/\/api.w.org\/{rel}","templated":true}]}}