{"id":3894,"date":"2025-09-25T13:12:13","date_gmt":"2025-09-25T16:12:13","guid":{"rendered":"https:\/\/prefeitosegestoes.com.br\/portal\/?p=3894"},"modified":"2025-09-25T13:12:13","modified_gmt":"2025-09-25T16:12:13","slug":"42-milhoes-de-estudantes-de-educacao-basica-estao-com-atraso-escolar-mostra-analise-do-unicef","status":"publish","type":"post","link":"https:\/\/prefeitosegestoes.com.br\/portal\/42-milhoes-de-estudantes-de-educacao-basica-estao-com-atraso-escolar-mostra-analise-do-unicef\/","title":{"rendered":"4,2 milh\u00f5es de estudantes de educa\u00e7\u00e3o b\u00e1sica est\u00e3o com atraso escolar, mostra an\u00e1lise do Unicef"},"content":{"rendered":"<div class=\"mc-article-header\">\n<div class=\"row content-head mc-column non-featured \">\n<div class=\"medium-centered subtitle\">\n<h6 class=\"content-head__subtitle\">Foto:Tomaz Silva\/Ag\u00eancia Brasil (imagem ilustrativa)<\/h6>\n<h2 class=\"content-head__subtitle\">N\u00famero corresponde a 12,5% dos alunos de educa\u00e7\u00e3o b\u00e1sica no pa\u00eds. Os principais afetados s\u00e3o alunos de anos finais do ensino fundamental (42,7%), do sexo masculino (59,6%) e pardos ou pretos (56,3%).<\/h2>\n<\/div>\n<\/div>\n<div class=\"content__signa-share mc-column\">\n<div class=\"content__signature\">\n<div class=\"content-publication-data\">\n<div class=\"content-publication-data__text\">\n<p class=\"content-publication-data__from\" title=\"Reda\u00e7\u00e3o g1\">Por\u00a0<a class=\"multi_signatures\" href=\"https:\/\/g1.globo.com\/autores\/redacao-g1\/\">Reda\u00e7\u00e3o g1<\/a><\/p>\n<p class=\"content-publication-data__updated\"><time datetime=\"2025-09-25T06:00:34.550-03:00\">25\/09\/2025 06h00\u00a0<\/time><span class=\"content-publication-data__updated-relative\">\u00a0<time datetime=\"2025-09-25T06:00:35.331-03:00\">Atualizado\u00a0<time datetime=\"2025-09-25T06:00:35.331-03:00\">h\u00e1 6 horas<\/time><\/time><\/span><\/p>\n<\/div>\n<\/div>\n<\/div>\n<\/div>\n<div class=\"glb-share-bar content__share-bar\">\n<div class=\"glb-share-bar_icons\">\n<div class=\"glb-share-bar_button-img\"><\/div>\n<\/div>\n<\/div>\n<\/div>\n<div class=\"mc-article-body\">\n<article>\n<div id=\"chunk-4qtf\">\n<div class=\"cxm-video-block mc-column  content-media content-video\" data-block-type=\"backstage-video\" data-block-id=\"1\">\n<div class=\"content-media__container content-media__container--codex-fallback\">\n<div class=\"content-video__bigger-player-description-fixer\">\n<article class=\"content-video\">\n<section class=\"content-video__video-container\">\n<div class=\"content-video__video\">\n<div class=\"content-video__placeholder\" data-video-id=\"13846396\"><img decoding=\"async\" class=\"content-video__placeholder__thumb\" title=\"As letras que t\u00eam nomes diferentes no 'ABC do Nordeste'\" src=\"https:\/\/s01.video.glbimg.com\/x240\/13846396.jpg\" alt=\"As letras que t\u00eam nomes diferentes no 'ABC do Nordeste'\" \/><\/div>\n<\/div>\n<\/section>\n<\/article>\n<\/div>\n<div class=\"bs-block-video__container\">\n<p class=\"codex-caption codex-caption--small\">As letras que t\u00eam nomes diferentes no &#8216;ABC do Nordeste&#8217;<\/p>\n<p class=\"codex-caption codex-caption--small\">Pelo menos um em cada 10 estudantes de educa\u00e7\u00e3o b\u00e1sica no Brasil tem um atraso de dois anos ou mais em rela\u00e7\u00e3o \u00e0 s\u00e9rie ideal. \u00c9 o que mostra uma an\u00e1lise feita pelo <a class=\"\" href=\"https:\/\/g1.globo.com\/tudo-sobre\/unicef\/\" data-mrf-link=\"https:\/\/g1.globo.com\/tudo-sobre\/unicef\/\">Unicef<\/a>\u00a0com base no Censo Escolar da Educa\u00e7\u00e3o B\u00e1sica 2024, divulgada nesta quinta-feira (25).<\/p>\n<\/div>\n<\/div>\n<\/div>\n<\/div>\n<div class=\"wall protected-content\">\n<div id=\"chunk-1obpr\">\n<div class=\"mc-column content-text active-extra-styles \" data-block-type=\"unstyled\" data-block-weight=\"26\" data-block-id=\"4\">\n<p class=\" content-text__container \" data-track-category=\"Link no Texto\" data-track-links=\"\" data-mrf-recirculation=\"Mat\u00e9ria - Links no Texto\">Ao todo,\u00a0<span class=\"highlight highlighted\">s\u00e3o cerca de 4,2 milh\u00f5es de crian\u00e7as e adolescentes com atraso escolar.<\/span>\u00a0O n\u00famero corresponde a 12,5% dos alunos de educa\u00e7\u00e3o b\u00e1sica no pa\u00eds.<\/p>\n<\/div>\n<\/div>\n<div id=\"chunk-dnktp\">\n<div class=\"mc-column content-text active-extra-styles \" data-block-type=\"unstyled\" data-block-weight=\"40\" data-block-id=\"5\">\n<p class=\" content-text__container \" data-track-category=\"Link no Texto\" data-track-links=\"\" data-mrf-recirculation=\"Mat\u00e9ria - Links no Texto\">Esse \u00edndice \u00e9 chamado de<strong>\u00a0distor\u00e7\u00e3o idade-s\u00e9rie<\/strong>, e acontece quando o estudante fica com dois ou mais anos de atraso escolar. Em geral, a distor\u00e7\u00e3o ocorre quando o aluno \u00e9 reprovado, ou quando ele abandona o col\u00e9gio em algum per\u00edodo.<\/p>\n<\/div>\n<\/div>\n<div id=\"chunk-5mmkg\">\n<div class=\"row medium-uncollapsed content-media content-photo\" data-block-type=\"backstage-photo\" data-block-id=\"7\">\n<div class=\" mc-column  content-media__container\">\n<div class=\"content-media-container glb-skeleton-box\">\n<figure class=\"content-media-figure\"><img decoding=\"async\" class=\"i-amphtml-fill-content i-amphtml-replaced-content\" src=\"https:\/\/s2-g1.glbimg.com\/rqqSS3YvckUbTHaA0N5woaCGiWc=\/0x0:1280x960\/984x0\/smart\/filters:strip_icc()\/i.s3.glbimg.com\/v1\/AUTH_59edd422c0c84a879bd37670ae4f538a\/internal_photos\/bs\/2024\/m\/S\/MAmj9KQD2PfBj9pXy0xw\/whatsapp-image-2024-06-19-at-09.01.41-1-.jpeg\" sizes=\"(max-width: 1536px) 648px, 100vw\" srcset=\"https:\/\/s2-g1.glbimg.com\/xKaLy-Ks1gNGAoRGxmmndyb6kOk=\/0x0:1280x960\/1000x0\/smart\/filters:strip_icc()\/i.s3.glbimg.com\/v1\/AUTH_59edd422c0c84a879bd37670ae4f538a\/internal_photos\/bs\/2024\/m\/S\/MAmj9KQD2PfBj9pXy0xw\/whatsapp-image-2024-06-19-at-09.01.41-1-.jpeg 1000w, https:\/\/s2-g1.glbimg.com\/rqqSS3YvckUbTHaA0N5woaCGiWc=\/0x0:1280x960\/984x0\/smart\/filters:strip_icc()\/i.s3.glbimg.com\/v1\/AUTH_59edd422c0c84a879bd37670ae4f538a\/internal_photos\/bs\/2024\/m\/S\/MAmj9KQD2PfBj9pXy0xw\/whatsapp-image-2024-06-19-at-09.01.41-1-.jpeg 984w, https:\/\/s2-g1.glbimg.com\/iiOtGzRiuPETT3H-mjBxC4eNJuI=\/0x0:1280x960\/640x0\/smart\/filters:strip_icc()\/i.s3.glbimg.com\/v1\/AUTH_59edd422c0c84a879bd37670ae4f538a\/internal_photos\/bs\/2024\/m\/S\/MAmj9KQD2PfBj9pXy0xw\/whatsapp-image-2024-06-19-at-09.01.41-1-.jpeg 640w, https:\/\/s2-g1.glbimg.com\/RYdHIejxmjassLSm0P0UqMgPbaw=\/0x0:1280x960\/600x0\/smart\/filters:strip_icc()\/i.s3.glbimg.com\/v1\/AUTH_59edd422c0c84a879bd37670ae4f538a\/internal_photos\/bs\/2024\/m\/S\/MAmj9KQD2PfBj9pXy0xw\/whatsapp-image-2024-06-19-at-09.01.41-1-.jpeg 600w\" alt=\"Alunos fazem atividade em sala de aula, em escola estadual de SP \u2014 Foto: Camila Quaresma\/ g1\" \/><\/figure>\n<\/div>\n<p class=\"content-media__description  \">Alunos fazem atividade em sala de aula, em escola estadual de SP \u2014 Foto: Camila Quaresma\/ g1<\/p>\n<\/div>\n<\/div>\n<\/div>\n<div id=\"chunk-3nua9\">\n<div class=\"mc-column content-text active-extra-styles \" data-block-type=\"unstyled\" data-block-weight=\"21\" data-block-id=\"8\">\n<p class=\" content-text__container \" data-track-category=\"Link no Texto\" data-track-links=\"\" data-mrf-recirculation=\"Mat\u00e9ria - Links no Texto\">O problema afeta principalmente\u00a0<strong>alunos de anos finais do ensino fundamental (42,7%), do sexo masculino (59,6%) e pardos ou pretos (56,3%).<\/strong><\/p>\n<\/div>\n<\/div>\n<div id=\"chunk-e079n\">\n<div class=\"mc-column content-text active-extra-styles \" data-block-type=\"unstyled\" data-block-weight=\"18\" data-block-id=\"9\">\n<p class=\" content-text__container \" data-track-category=\"Link no Texto\" data-track-links=\"\" data-mrf-recirculation=\"Mat\u00e9ria - Links no Texto\">A distor\u00e7\u00e3o idade-s\u00e9rie preocupa porque \u00e9 um dos fatores que pode aumentar o risco de evas\u00e3o escolar.<\/p>\n<\/div>\n<\/div>\n<div id=\"chunk-dofrd\">\n<div class=\"row medium-uncollapsed content-text\" data-block-type=\"table-plugin\" data-block-id=\"10\">\n<div class=\"column medium-centered medium-22 large-20\">\n<div class=\"show-table content-media content-media--normal\">\n<p class=\"mc-column show-table__title\">Idade adequada por ano\/s\u00e9rie escolar<\/p>\n<div class=\"show-table__centralized\">\n<div class=\"show-table__container\">\n<table class=\"show-table__content\n show-table__content--highlight-top        \"><\/p>\n<tbody>\n<tr>\n<td>Ano\/S\u00e9rie<\/td>\n<td>Idade adequada<\/td>\n<\/tr>\n<tr>\n<td>1\u00ba ano<\/td>\n<td>6<\/td>\n<\/tr>\n<tr>\n<td>2\u00ba ano\/1\u00aa s\u00e9rie do EF<\/td>\n<td>7<\/td>\n<\/tr>\n<tr>\n<td>3\u00ba ano\/2\u00aa s\u00e9rie do EF<\/td>\n<td>8<\/td>\n<\/tr>\n<tr>\n<td>4\u00ba ano\/3\u00aa s\u00e9rie do EF<\/td>\n<td>9<\/td>\n<\/tr>\n<tr>\n<td>5\u00ba ano\/4\u00aa s\u00e9rie do EF<\/td>\n<td>10<\/td>\n<\/tr>\n<tr>\n<td>6\u00ba ano\/5\u00aa s\u00e9rie do EF<\/td>\n<td>11<\/td>\n<\/tr>\n<tr>\n<td>7\u00ba ano\/6\u00aa s\u00e9rie do EF<\/td>\n<td>12<\/td>\n<\/tr>\n<tr>\n<td>8\u00ba ano\/7\u00aa s\u00e9rie do EF<\/td>\n<td>13<\/td>\n<\/tr>\n<tr>\n<td>9\u00ba ano\/8\u00aa s\u00e9rie do EF<\/td>\n<td>14<\/td>\n<\/tr>\n<tr>\n<td>1\u00ba ano do EM<\/td>\n<td>15<\/td>\n<\/tr>\n<tr>\n<td>2\u00ba ano do EM<\/td>\n<td>16<\/td>\n<\/tr>\n<tr>\n<td>3\u00ba ano do EM<\/td>\n<td>17<\/td>\n<\/tr>\n<\/tbody>\n<\/table>\n<\/div>\n<div class=\"show-table__footer\">\n<div class=\"show-table__source\">Fonte: Unicef<\/div>\n<div><\/div>\n<\/div>\n<\/div>\n<\/div>\n<\/div>\n<\/div>\n<\/div>\n<div id=\"chunk-9ltc0\">\n<div class=\"content-ads content-ads--reveal\" data-block-type=\"ads\" data-block-id=\"11\">\n<div id=\"banner_materia__c13d59e3-0273-44b2-802c-df47a043cb2a\" class=\"tag-manager-publicidade-container tag-manager-publicidade-banner_materia__c13d59e3-0273-44b2-802c-df47a043cb2a tag-manager-publicidade-container--carregado tag-manager-publicidade-container--visivel\" data-google-query-id=\"CIWllICk9I8DFfVc3QIdsrcROw\">\n<div id=\"google_ads_iframe_\/95377733\/tvg_G1\/Educacao_3__container__\">A an\u00e1lise feita pelo Unicef com base em dados do Censo Escolar revela que o Brasil tem reduzido o atraso escolar. Em 2023, a distor\u00e7\u00e3o idade-s\u00e9rie afetava 13,4% dos estudantes.<\/div>\n<\/div>\n<\/div>\n<\/div>\n<div id=\"chunk-2fdpj\">\n<div class=\"mc-column content-text active-extra-styles \" data-block-type=\"unstyled\" data-block-weight=\"7\" data-block-id=\"13\">\n<p class=\" content-text__container \" data-track-category=\"Link no Texto\" data-track-links=\"\" data-mrf-recirculation=\"Mat\u00e9ria - Links no Texto\">Apesar disso, o n\u00famero ainda \u00e9 significativo.<\/p>\n<\/div>\n<\/div>\n<div id=\"chunk-ch3ja\">\n<div class=\"mc-column content-text active-extra-styles\" data-block-type=\"raw\" data-block-weight=\"51\" data-block-id=\"14\">\n<blockquote class=\"content-blockquote theme-border-color-primary-before\"><p>\u201cAo longo dos anos, a taxa de distor\u00e7\u00e3o idade-s\u00e9rie vem caindo, mas n\u00e3o cai na velocidade que a gente gostaria. \u00c9 inaceit\u00e1vel que ainda hoje a gente tenha cerca de 4 milh\u00f5es de estudantes em distor\u00e7\u00e3o de idade-s\u00e9rie&#8221;, avalia a oficial de educa\u00e7\u00e3o do Unicef no Brasil, Erondina Barbosa da Silva.<\/p><\/blockquote>\n<blockquote><p>Fonte: G1<\/p><\/blockquote>\n<\/div>\n<\/div>\n<\/div>\n<\/article>\n<\/div>\n","protected":false},"excerpt":{"rendered":"<p>Foto:Tomaz Silva\/Ag\u00eancia Brasil (imagem ilustrativa) N\u00famero corresponde a 12,5% dos alunos de educa\u00e7\u00e3o b\u00e1sica no pa\u00eds. Os principais afetados s\u00e3o alunos de anos finais do ensino fundamental (42,7%), do sexo masculino (59,6%) e pardos ou pretos (56,3%). Por\u00a0Reda\u00e7\u00e3o g1 25\/09\/2025 06h00\u00a0\u00a0Atualizado\u00a0h\u00e1 6 horas As letras que t\u00eam nomes diferentes no &#8216;ABC do Nordeste&#8217; Pelo menos [&hellip;]<\/p>\n","protected":false},"author":2,"featured_media":3896,"comment_status":"open","ping_status":"open","sticky":false,"template":"","format":"standard","meta":{"rop_custom_images_group":[],"rop_custom_messages_group":[],"rop_publish_now":"initial","rop_publish_now_accounts":{"twitter_850042665852968960_850042665852968960":""},"rop_publish_now_history":[],"rop_publish_now_status":"pending","footnotes":""},"categories":[15],"tags":[250,251,758],"class_list":["post-3894","post","type-post","status-publish","format-standard","has-post-thumbnail","hentry","category-destaques","tag-aluno","tag-educacao-basica","tag-unicef"],"yoast_head":"<!-- This site is optimized with the Yoast SEO plugin v27.2 - https:\/\/yoast.com\/product\/yoast-seo-wordpress\/ -->\n<title>4,2 milh\u00f5es de estudantes de educa\u00e7\u00e3o b\u00e1sica est\u00e3o com atraso escolar, mostra an\u00e1lise do Unicef - Prefeitos &amp; Gest\u00f5es<\/title>\n<meta name=\"description\" content=\"N\u00famero corresponde a 12,5% dos alunos de educa\u00e7\u00e3o b\u00e1sica no pa\u00eds. Os principais afetados s\u00e3o alunos de anos finais do ensino fundamental (42,7%), do sexo masculino (59,6%) e pardos ou pretos (56,3%).\" \/>\n<meta name=\"robots\" content=\"index, follow, max-snippet:-1, max-image-preview:large, max-video-preview:-1\" \/>\n<link rel=\"canonical\" href=\"https:\/\/prefeitosegestoes.com.br\/portal\/42-milhoes-de-estudantes-de-educacao-basica-estao-com-atraso-escolar-mostra-analise-do-unicef\/\" \/>\n<meta property=\"og:locale\" content=\"pt_BR\" \/>\n<meta property=\"og:type\" content=\"article\" \/>\n<meta property=\"og:title\" content=\"4,2 milh\u00f5es de estudantes de educa\u00e7\u00e3o b\u00e1sica est\u00e3o com atraso escolar, mostra an\u00e1lise do Unicef - Prefeitos &amp; Gest\u00f5es\" \/>\n<meta property=\"og:description\" content=\"N\u00famero corresponde a 12,5% dos alunos de educa\u00e7\u00e3o b\u00e1sica no pa\u00eds. Os principais afetados s\u00e3o alunos de anos finais do ensino fundamental (42,7%), do sexo masculino (59,6%) e pardos ou pretos (56,3%).\" \/>\n<meta property=\"og:url\" content=\"https:\/\/prefeitosegestoes.com.br\/portal\/42-milhoes-de-estudantes-de-educacao-basica-estao-com-atraso-escolar-mostra-analise-do-unicef\/\" \/>\n<meta property=\"og:site_name\" content=\"Prefeitos &amp; Gest\u00f5es\" \/>\n<meta property=\"article:publisher\" content=\"https:\/\/www.facebook.com\/prefeitosonline\" \/>\n<meta property=\"article:published_time\" content=\"2025-09-25T16:12:13+00:00\" \/>\n<meta property=\"og:image\" content=\"https:\/\/prefeitosegestoes.com.br\/portal\/wp-content\/uploads\/2025\/09\/toms0691-2.webp\" \/>\n\t<meta property=\"og:image:width\" content=\"1024\" \/>\n\t<meta property=\"og:image:height\" content=\"768\" \/>\n\t<meta property=\"og:image:type\" content=\"image\/webp\" \/>\n<meta name=\"author\" content=\"Prefeitos &amp; Gest\u00f5es\" \/>\n<meta name=\"twitter:card\" content=\"summary_large_image\" \/>\n<meta name=\"twitter:creator\" content=\"@PrefGestoes\" \/>\n<meta name=\"twitter:site\" content=\"@PrefGestoes\" \/>\n<meta name=\"twitter:label1\" content=\"Escrito por\" \/>\n\t<meta name=\"twitter:data1\" content=\"Prefeitos &amp; Gest\u00f5es\" \/>\n\t<meta name=\"twitter:label2\" content=\"Est. tempo de leitura\" \/>\n\t<meta name=\"twitter:data2\" content=\"3 minutos\" \/>\n<script type=\"application\/ld+json\" class=\"yoast-schema-graph\">{\"@context\":\"https:\/\/schema.org\",\"@graph\":[{\"@type\":\"Article\",\"@id\":\"https:\/\/prefeitosegestoes.com.br\/portal\/42-milhoes-de-estudantes-de-educacao-basica-estao-com-atraso-escolar-mostra-analise-do-unicef\/#article\",\"isPartOf\":{\"@id\":\"https:\/\/prefeitosegestoes.com.br\/portal\/42-milhoes-de-estudantes-de-educacao-basica-estao-com-atraso-escolar-mostra-analise-do-unicef\/\"},\"author\":{\"name\":\"Prefeitos &amp; Gest\u00f5es\",\"@id\":\"https:\/\/prefeitosegestoes.com.br\/portal\/#\/schema\/person\/d00059f2ec99963e7e1850d448ae94b8\"},\"headline\":\"4,2 milh\u00f5es de estudantes de educa\u00e7\u00e3o b\u00e1sica est\u00e3o com atraso escolar, mostra an\u00e1lise do Unicef\",\"datePublished\":\"2025-09-25T16:12:13+00:00\",\"mainEntityOfPage\":{\"@id\":\"https:\/\/prefeitosegestoes.com.br\/portal\/42-milhoes-de-estudantes-de-educacao-basica-estao-com-atraso-escolar-mostra-analise-do-unicef\/\"},\"wordCount\":416,\"commentCount\":0,\"publisher\":{\"@id\":\"https:\/\/prefeitosegestoes.com.br\/portal\/#organization\"},\"image\":{\"@id\":\"https:\/\/prefeitosegestoes.com.br\/portal\/42-milhoes-de-estudantes-de-educacao-basica-estao-com-atraso-escolar-mostra-analise-do-unicef\/#primaryimage\"},\"thumbnailUrl\":\"https:\/\/prefeitosegestoes.com.br\/portal\/wp-content\/uploads\/2025\/09\/toms0691-2.webp\",\"keywords\":[\"Aluno\",\"Educa\u00e7\u00e3o B\u00e1sica\",\"Unicef\"],\"articleSection\":[\"Destaques\"],\"inLanguage\":\"pt-BR\",\"potentialAction\":[{\"@type\":\"CommentAction\",\"name\":\"Comment\",\"target\":[\"https:\/\/prefeitosegestoes.com.br\/portal\/42-milhoes-de-estudantes-de-educacao-basica-estao-com-atraso-escolar-mostra-analise-do-unicef\/#respond\"]}]},{\"@type\":\"WebPage\",\"@id\":\"https:\/\/prefeitosegestoes.com.br\/portal\/42-milhoes-de-estudantes-de-educacao-basica-estao-com-atraso-escolar-mostra-analise-do-unicef\/\",\"url\":\"https:\/\/prefeitosegestoes.com.br\/portal\/42-milhoes-de-estudantes-de-educacao-basica-estao-com-atraso-escolar-mostra-analise-do-unicef\/\",\"name\":\"4,2 milh\u00f5es de estudantes de educa\u00e7\u00e3o b\u00e1sica est\u00e3o com atraso escolar, mostra an\u00e1lise do Unicef - Prefeitos &amp; Gest\u00f5es\",\"isPartOf\":{\"@id\":\"https:\/\/prefeitosegestoes.com.br\/portal\/#website\"},\"primaryImageOfPage\":{\"@id\":\"https:\/\/prefeitosegestoes.com.br\/portal\/42-milhoes-de-estudantes-de-educacao-basica-estao-com-atraso-escolar-mostra-analise-do-unicef\/#primaryimage\"},\"image\":{\"@id\":\"https:\/\/prefeitosegestoes.com.br\/portal\/42-milhoes-de-estudantes-de-educacao-basica-estao-com-atraso-escolar-mostra-analise-do-unicef\/#primaryimage\"},\"thumbnailUrl\":\"https:\/\/prefeitosegestoes.com.br\/portal\/wp-content\/uploads\/2025\/09\/toms0691-2.webp\",\"datePublished\":\"2025-09-25T16:12:13+00:00\",\"description\":\"N\u00famero corresponde a 12,5% dos alunos de educa\u00e7\u00e3o b\u00e1sica no pa\u00eds. Os principais afetados s\u00e3o alunos de anos finais do ensino fundamental (42,7%), do sexo masculino (59,6%) e pardos ou pretos (56,3%).\",\"breadcrumb\":{\"@id\":\"https:\/\/prefeitosegestoes.com.br\/portal\/42-milhoes-de-estudantes-de-educacao-basica-estao-com-atraso-escolar-mostra-analise-do-unicef\/#breadcrumb\"},\"inLanguage\":\"pt-BR\",\"potentialAction\":[{\"@type\":\"ReadAction\",\"target\":[\"https:\/\/prefeitosegestoes.com.br\/portal\/42-milhoes-de-estudantes-de-educacao-basica-estao-com-atraso-escolar-mostra-analise-do-unicef\/\"]}]},{\"@type\":\"ImageObject\",\"inLanguage\":\"pt-BR\",\"@id\":\"https:\/\/prefeitosegestoes.com.br\/portal\/42-milhoes-de-estudantes-de-educacao-basica-estao-com-atraso-escolar-mostra-analise-do-unicef\/#primaryimage\",\"url\":\"https:\/\/prefeitosegestoes.com.br\/portal\/wp-content\/uploads\/2025\/09\/toms0691-2.webp\",\"contentUrl\":\"https:\/\/prefeitosegestoes.com.br\/portal\/wp-content\/uploads\/2025\/09\/toms0691-2.webp\",\"width\":1024,\"height\":768},{\"@type\":\"BreadcrumbList\",\"@id\":\"https:\/\/prefeitosegestoes.com.br\/portal\/42-milhoes-de-estudantes-de-educacao-basica-estao-com-atraso-escolar-mostra-analise-do-unicef\/#breadcrumb\",\"itemListElement\":[{\"@type\":\"ListItem\",\"position\":1,\"name\":\"In\u00edcio\",\"item\":\"https:\/\/prefeitosegestoes.com.br\/portal\/\"},{\"@type\":\"ListItem\",\"position\":2,\"name\":\"4,2 milh\u00f5es de estudantes de educa\u00e7\u00e3o b\u00e1sica est\u00e3o com atraso escolar, mostra an\u00e1lise do Unicef\"}]},{\"@type\":\"WebSite\",\"@id\":\"https:\/\/prefeitosegestoes.com.br\/portal\/#website\",\"url\":\"https:\/\/prefeitosegestoes.com.br\/portal\/\",\"name\":\"Prefeitos & Gest\u00f5es\",\"description\":\"\",\"publisher\":{\"@id\":\"https:\/\/prefeitosegestoes.com.br\/portal\/#organization\"},\"potentialAction\":[{\"@type\":\"SearchAction\",\"target\":{\"@type\":\"EntryPoint\",\"urlTemplate\":\"https:\/\/prefeitosegestoes.com.br\/portal\/?s={search_term_string}\"},\"query-input\":{\"@type\":\"PropertyValueSpecification\",\"valueRequired\":true,\"valueName\":\"search_term_string\"}}],\"inLanguage\":\"pt-BR\"},{\"@type\":\"Organization\",\"@id\":\"https:\/\/prefeitosegestoes.com.br\/portal\/#organization\",\"name\":\"Prefeitos & Gest\u00f5es\",\"url\":\"https:\/\/prefeitosegestoes.com.br\/portal\/\",\"logo\":{\"@type\":\"ImageObject\",\"inLanguage\":\"pt-BR\",\"@id\":\"https:\/\/prefeitosegestoes.com.br\/portal\/#\/schema\/logo\/image\/\",\"url\":\"https:\/\/prefeitosegestoes.com.br\/portal\/wp-content\/uploads\/2024\/10\/lg_trans_prefeitos_2024_preto2.png\",\"contentUrl\":\"https:\/\/prefeitosegestoes.com.br\/portal\/wp-content\/uploads\/2024\/10\/lg_trans_prefeitos_2024_preto2.png\",\"width\":199,\"height\":122,\"caption\":\"Prefeitos & Gest\u00f5es\"},\"image\":{\"@id\":\"https:\/\/prefeitosegestoes.com.br\/portal\/#\/schema\/logo\/image\/\"},\"sameAs\":[\"https:\/\/www.facebook.com\/prefeitosonline\",\"https:\/\/x.com\/PrefGestoes\"]},{\"@type\":\"Person\",\"@id\":\"https:\/\/prefeitosegestoes.com.br\/portal\/#\/schema\/person\/d00059f2ec99963e7e1850d448ae94b8\",\"name\":\"Prefeitos &amp; Gest\u00f5es\",\"image\":{\"@type\":\"ImageObject\",\"inLanguage\":\"pt-BR\",\"@id\":\"https:\/\/secure.gravatar.com\/avatar\/738fb281e479212ed32c1a21a4307dda9f3af9292edb6918a16c9ce9fff5f48d?s=96&d=mm&r=g\",\"url\":\"https:\/\/secure.gravatar.com\/avatar\/738fb281e479212ed32c1a21a4307dda9f3af9292edb6918a16c9ce9fff5f48d?s=96&d=mm&r=g\",\"contentUrl\":\"https:\/\/secure.gravatar.com\/avatar\/738fb281e479212ed32c1a21a4307dda9f3af9292edb6918a16c9ce9fff5f48d?s=96&d=mm&r=g\",\"caption\":\"Prefeitos &amp; Gest\u00f5es\"},\"url\":\"https:\/\/prefeitosegestoes.com.br\/portal\/author\/prefeitosegestoes\/\"}]}<\/script>\n<!-- \/ Yoast SEO plugin. -->","yoast_head_json":{"title":"4,2 milh\u00f5es de estudantes de educa\u00e7\u00e3o b\u00e1sica est\u00e3o com atraso escolar, mostra an\u00e1lise do Unicef - Prefeitos &amp; Gest\u00f5es","description":"N\u00famero corresponde a 12,5% dos alunos de educa\u00e7\u00e3o b\u00e1sica no pa\u00eds. Os principais afetados s\u00e3o alunos de anos finais do ensino fundamental (42,7%), do sexo masculino (59,6%) e pardos ou pretos (56,3%).","robots":{"index":"index","follow":"follow","max-snippet":"max-snippet:-1","max-image-preview":"max-image-preview:large","max-video-preview":"max-video-preview:-1"},"canonical":"https:\/\/prefeitosegestoes.com.br\/portal\/42-milhoes-de-estudantes-de-educacao-basica-estao-com-atraso-escolar-mostra-analise-do-unicef\/","og_locale":"pt_BR","og_type":"article","og_title":"4,2 milh\u00f5es de estudantes de educa\u00e7\u00e3o b\u00e1sica est\u00e3o com atraso escolar, mostra an\u00e1lise do Unicef - Prefeitos &amp; Gest\u00f5es","og_description":"N\u00famero corresponde a 12,5% dos alunos de educa\u00e7\u00e3o b\u00e1sica no pa\u00eds. Os principais afetados s\u00e3o alunos de anos finais do ensino fundamental (42,7%), do sexo masculino (59,6%) e pardos ou pretos (56,3%).","og_url":"https:\/\/prefeitosegestoes.com.br\/portal\/42-milhoes-de-estudantes-de-educacao-basica-estao-com-atraso-escolar-mostra-analise-do-unicef\/","og_site_name":"Prefeitos &amp; Gest\u00f5es","article_publisher":"https:\/\/www.facebook.com\/prefeitosonline","article_published_time":"2025-09-25T16:12:13+00:00","og_image":[{"width":1024,"height":768,"url":"https:\/\/prefeitosegestoes.com.br\/portal\/wp-content\/uploads\/2025\/09\/toms0691-2.webp","type":"image\/webp"}],"author":"Prefeitos &amp; Gest\u00f5es","twitter_card":"summary_large_image","twitter_creator":"@PrefGestoes","twitter_site":"@PrefGestoes","twitter_misc":{"Escrito por":"Prefeitos &amp; Gest\u00f5es","Est. tempo de leitura":"3 minutos"},"schema":{"@context":"https:\/\/schema.org","@graph":[{"@type":"Article","@id":"https:\/\/prefeitosegestoes.com.br\/portal\/42-milhoes-de-estudantes-de-educacao-basica-estao-com-atraso-escolar-mostra-analise-do-unicef\/#article","isPartOf":{"@id":"https:\/\/prefeitosegestoes.com.br\/portal\/42-milhoes-de-estudantes-de-educacao-basica-estao-com-atraso-escolar-mostra-analise-do-unicef\/"},"author":{"name":"Prefeitos &amp; Gest\u00f5es","@id":"https:\/\/prefeitosegestoes.com.br\/portal\/#\/schema\/person\/d00059f2ec99963e7e1850d448ae94b8"},"headline":"4,2 milh\u00f5es de estudantes de educa\u00e7\u00e3o b\u00e1sica est\u00e3o com atraso escolar, mostra an\u00e1lise do Unicef","datePublished":"2025-09-25T16:12:13+00:00","mainEntityOfPage":{"@id":"https:\/\/prefeitosegestoes.com.br\/portal\/42-milhoes-de-estudantes-de-educacao-basica-estao-com-atraso-escolar-mostra-analise-do-unicef\/"},"wordCount":416,"commentCount":0,"publisher":{"@id":"https:\/\/prefeitosegestoes.com.br\/portal\/#organization"},"image":{"@id":"https:\/\/prefeitosegestoes.com.br\/portal\/42-milhoes-de-estudantes-de-educacao-basica-estao-com-atraso-escolar-mostra-analise-do-unicef\/#primaryimage"},"thumbnailUrl":"https:\/\/prefeitosegestoes.com.br\/portal\/wp-content\/uploads\/2025\/09\/toms0691-2.webp","keywords":["Aluno","Educa\u00e7\u00e3o B\u00e1sica","Unicef"],"articleSection":["Destaques"],"inLanguage":"pt-BR","potentialAction":[{"@type":"CommentAction","name":"Comment","target":["https:\/\/prefeitosegestoes.com.br\/portal\/42-milhoes-de-estudantes-de-educacao-basica-estao-com-atraso-escolar-mostra-analise-do-unicef\/#respond"]}]},{"@type":"WebPage","@id":"https:\/\/prefeitosegestoes.com.br\/portal\/42-milhoes-de-estudantes-de-educacao-basica-estao-com-atraso-escolar-mostra-analise-do-unicef\/","url":"https:\/\/prefeitosegestoes.com.br\/portal\/42-milhoes-de-estudantes-de-educacao-basica-estao-com-atraso-escolar-mostra-analise-do-unicef\/","name":"4,2 milh\u00f5es de estudantes de educa\u00e7\u00e3o b\u00e1sica est\u00e3o com atraso escolar, mostra an\u00e1lise do Unicef - Prefeitos &amp; Gest\u00f5es","isPartOf":{"@id":"https:\/\/prefeitosegestoes.com.br\/portal\/#website"},"primaryImageOfPage":{"@id":"https:\/\/prefeitosegestoes.com.br\/portal\/42-milhoes-de-estudantes-de-educacao-basica-estao-com-atraso-escolar-mostra-analise-do-unicef\/#primaryimage"},"image":{"@id":"https:\/\/prefeitosegestoes.com.br\/portal\/42-milhoes-de-estudantes-de-educacao-basica-estao-com-atraso-escolar-mostra-analise-do-unicef\/#primaryimage"},"thumbnailUrl":"https:\/\/prefeitosegestoes.com.br\/portal\/wp-content\/uploads\/2025\/09\/toms0691-2.webp","datePublished":"2025-09-25T16:12:13+00:00","description":"N\u00famero corresponde a 12,5% dos alunos de educa\u00e7\u00e3o b\u00e1sica no pa\u00eds. Os principais afetados s\u00e3o alunos de anos finais do ensino fundamental (42,7%), do sexo masculino (59,6%) e pardos ou pretos (56,3%).","breadcrumb":{"@id":"https:\/\/prefeitosegestoes.com.br\/portal\/42-milhoes-de-estudantes-de-educacao-basica-estao-com-atraso-escolar-mostra-analise-do-unicef\/#breadcrumb"},"inLanguage":"pt-BR","potentialAction":[{"@type":"ReadAction","target":["https:\/\/prefeitosegestoes.com.br\/portal\/42-milhoes-de-estudantes-de-educacao-basica-estao-com-atraso-escolar-mostra-analise-do-unicef\/"]}]},{"@type":"ImageObject","inLanguage":"pt-BR","@id":"https:\/\/prefeitosegestoes.com.br\/portal\/42-milhoes-de-estudantes-de-educacao-basica-estao-com-atraso-escolar-mostra-analise-do-unicef\/#primaryimage","url":"https:\/\/prefeitosegestoes.com.br\/portal\/wp-content\/uploads\/2025\/09\/toms0691-2.webp","contentUrl":"https:\/\/prefeitosegestoes.com.br\/portal\/wp-content\/uploads\/2025\/09\/toms0691-2.webp","width":1024,"height":768},{"@type":"BreadcrumbList","@id":"https:\/\/prefeitosegestoes.com.br\/portal\/42-milhoes-de-estudantes-de-educacao-basica-estao-com-atraso-escolar-mostra-analise-do-unicef\/#breadcrumb","itemListElement":[{"@type":"ListItem","position":1,"name":"In\u00edcio","item":"https:\/\/prefeitosegestoes.com.br\/portal\/"},{"@type":"ListItem","position":2,"name":"4,2 milh\u00f5es de estudantes de educa\u00e7\u00e3o b\u00e1sica est\u00e3o com atraso escolar, mostra an\u00e1lise do Unicef"}]},{"@type":"WebSite","@id":"https:\/\/prefeitosegestoes.com.br\/portal\/#website","url":"https:\/\/prefeitosegestoes.com.br\/portal\/","name":"Prefeitos & Gest\u00f5es","description":"","publisher":{"@id":"https:\/\/prefeitosegestoes.com.br\/portal\/#organization"},"potentialAction":[{"@type":"SearchAction","target":{"@type":"EntryPoint","urlTemplate":"https:\/\/prefeitosegestoes.com.br\/portal\/?s={search_term_string}"},"query-input":{"@type":"PropertyValueSpecification","valueRequired":true,"valueName":"search_term_string"}}],"inLanguage":"pt-BR"},{"@type":"Organization","@id":"https:\/\/prefeitosegestoes.com.br\/portal\/#organization","name":"Prefeitos & Gest\u00f5es","url":"https:\/\/prefeitosegestoes.com.br\/portal\/","logo":{"@type":"ImageObject","inLanguage":"pt-BR","@id":"https:\/\/prefeitosegestoes.com.br\/portal\/#\/schema\/logo\/image\/","url":"https:\/\/prefeitosegestoes.com.br\/portal\/wp-content\/uploads\/2024\/10\/lg_trans_prefeitos_2024_preto2.png","contentUrl":"https:\/\/prefeitosegestoes.com.br\/portal\/wp-content\/uploads\/2024\/10\/lg_trans_prefeitos_2024_preto2.png","width":199,"height":122,"caption":"Prefeitos & Gest\u00f5es"},"image":{"@id":"https:\/\/prefeitosegestoes.com.br\/portal\/#\/schema\/logo\/image\/"},"sameAs":["https:\/\/www.facebook.com\/prefeitosonline","https:\/\/x.com\/PrefGestoes"]},{"@type":"Person","@id":"https:\/\/prefeitosegestoes.com.br\/portal\/#\/schema\/person\/d00059f2ec99963e7e1850d448ae94b8","name":"Prefeitos &amp; Gest\u00f5es","image":{"@type":"ImageObject","inLanguage":"pt-BR","@id":"https:\/\/secure.gravatar.com\/avatar\/738fb281e479212ed32c1a21a4307dda9f3af9292edb6918a16c9ce9fff5f48d?s=96&d=mm&r=g","url":"https:\/\/secure.gravatar.com\/avatar\/738fb281e479212ed32c1a21a4307dda9f3af9292edb6918a16c9ce9fff5f48d?s=96&d=mm&r=g","contentUrl":"https:\/\/secure.gravatar.com\/avatar\/738fb281e479212ed32c1a21a4307dda9f3af9292edb6918a16c9ce9fff5f48d?s=96&d=mm&r=g","caption":"Prefeitos &amp; Gest\u00f5es"},"url":"https:\/\/prefeitosegestoes.com.br\/portal\/author\/prefeitosegestoes\/"}]}},"_links":{"self":[{"href":"https:\/\/prefeitosegestoes.com.br\/portal\/wp-json\/wp\/v2\/posts\/3894","targetHints":{"allow":["GET"]}}],"collection":[{"href":"https:\/\/prefeitosegestoes.com.br\/portal\/wp-json\/wp\/v2\/posts"}],"about":[{"href":"https:\/\/prefeitosegestoes.com.br\/portal\/wp-json\/wp\/v2\/types\/post"}],"author":[{"embeddable":true,"href":"https:\/\/prefeitosegestoes.com.br\/portal\/wp-json\/wp\/v2\/users\/2"}],"replies":[{"embeddable":true,"href":"https:\/\/prefeitosegestoes.com.br\/portal\/wp-json\/wp\/v2\/comments?post=3894"}],"version-history":[{"count":1,"href":"https:\/\/prefeitosegestoes.com.br\/portal\/wp-json\/wp\/v2\/posts\/3894\/revisions"}],"predecessor-version":[{"id":3897,"href":"https:\/\/prefeitosegestoes.com.br\/portal\/wp-json\/wp\/v2\/posts\/3894\/revisions\/3897"}],"wp:featuredmedia":[{"embeddable":true,"href":"https:\/\/prefeitosegestoes.com.br\/portal\/wp-json\/wp\/v2\/media\/3896"}],"wp:attachment":[{"href":"https:\/\/prefeitosegestoes.com.br\/portal\/wp-json\/wp\/v2\/media?parent=3894"}],"wp:term":[{"taxonomy":"category","embeddable":true,"href":"https:\/\/prefeitosegestoes.com.br\/portal\/wp-json\/wp\/v2\/categories?post=3894"},{"taxonomy":"post_tag","embeddable":true,"href":"https:\/\/prefeitosegestoes.com.br\/portal\/wp-json\/wp\/v2\/tags?post=3894"}],"curies":[{"name":"wp","href":"https:\/\/api.w.org\/{rel}","templated":true}]}}