{"id":3890,"date":"2025-09-24T12:26:56","date_gmt":"2025-09-24T15:26:56","guid":{"rendered":"https:\/\/prefeitosegestoes.com.br\/portal\/?p=3890"},"modified":"2025-09-24T12:26:56","modified_gmt":"2025-09-24T15:26:56","slug":"brasil-anuncia-us-1-bilhao-para-fundo-de-florestas-tropicais","status":"publish","type":"post","link":"https:\/\/prefeitosegestoes.com.br\/portal\/brasil-anuncia-us-1-bilhao-para-fundo-de-florestas-tropicais\/","title":{"rendered":"Brasil anuncia US$ 1 bilh\u00e3o para fundo de florestas tropicais"},"content":{"rendered":"<div class=\"header-noticia full-width\">\n<h6>\u00a0Reserva florestal Adolpho Ducke, do Instituto Nacional de Pesquisa da Amaz\u00f4nia (INPA), onde se localiza o Museu da Amaz\u00f4nia (MUSA). Foto: T\u00e2nia R\u00eago\/Ag\u00eancia Brasil<\/h6>\n<h2 class=\"linha-fina-noticia\">An\u00fancio de aporte inicial foi feito pelo presidente Lula na Assembleia da ONU<\/h2>\n<div><\/div>\n<\/div>\n<div class=\"subheader\">\n<div class=\"container-autoria\">\n<div class=\"autor-noticia\">Fab\u00edola Sinimb\u00fa &#8211; Rep\u00f3rter da Ag\u00eancia Brasil<\/div>\n<div class=\"container-data rowflex\">\n<div class=\"data\">Publicado em 23\/09\/2025 &#8211; 17:20<\/div>\n<\/div>\n<div class=\"local\">Bras\u00edlia<\/div>\n<\/div>\n<\/div>\n<div class=\"conteudo-noticia\">\n<p>O presidente Luiz In\u00e1cio Lula da Silva anunciou nesta ter\u00e7a-feira (23), em Nova York (Estados Unidos), o investimento\u00a0de US$ 1 bilh\u00e3o para o Fundo Florestas Tropicais para Sempre (TFFF, sigla em ingl\u00eas para\u00a0The Tropical Forest Forever Facility). A divulga\u00e7\u00e3o ocorreu durante o di\u00e1logo de apresenta\u00e7\u00e3o da ferramenta promovido pelo Brasil e o secretariado das Na\u00e7\u00f5es Unidas.<img decoding=\"async\" src=\"https:\/\/agenciabrasil.ebc.com.br\/ebc.png?id=1659945&amp;o=node\" \/><img decoding=\"async\" src=\"https:\/\/agenciabrasil.ebc.com.br\/ebc.gif?id=1659945&amp;o=node\" \/><\/p>\n<p>&#8220;O Brasil vai liderar pelo exemplo e se tornar o primeiro pa\u00eds a se comprometer com investimento no fundo de US$\u00a01 bilh\u00e3o&#8221;, disse Lula, convidando parceiros e outros pa\u00edses presentes ao evento a apresentarem &#8220;contribui\u00e7\u00f5es igualmente ambiciosas&#8221; para que o TFFF possa entrar em opera\u00e7\u00e3o na Confer\u00eancia das Na\u00e7\u00f5es Unidas sobre Mudan\u00e7as Clim\u00e1ticas (COP30), marcada\u00a0para novembro, em Bel\u00e9m.<\/p>\n<p>Antes de anunciar o valor de aporte, o presidente Lula destacou a import\u00e2ncia do fundo para o mundo e, em especial, para\u00a0o Sul Global.<\/p>\n<p>&#8220;O TFFF vai mudar o papel dos pa\u00edses de florestas tropicais no enfrentamento da\u00a0mudan\u00e7a do clima por meio de incentivos econ\u00f4micos reais&#8221;, disse Lula, destacando que o fundo foi constru\u00eddo com apoio do\u00a0Banco Mundial, consultas com sociedade civil, povos ind\u00edgenas e comunidades locais.<\/p>\n<blockquote><p>&#8220;O TFFF \u00e9 um mecanismo para preservar a pr\u00f3pria vida na Terra. As florestas tropicais prestam servi\u00e7os ecossist\u00eamicos essenciais para regula\u00e7\u00e3o do clima. Abrigam as maiores reservas de \u00e1gua doce do mundo, protegem o solo, armazenam oxig\u00eanio e absorvem g\u00e1s carb\u00f4nico.&#8221;<\/p><\/blockquote>\n<p>&#8220;N\u00e3o haver\u00e1 solu\u00e7\u00e3o poss\u00edvel para as florestas tropicais sem o protagonismo de quem vive nelas&#8221;, destacou.<\/p>\n<p>De acordo com Lula, os aportes poder\u00e3o ser feitos por qualquer pa\u00eds e v\u00e3o alavancar um fundo misto cujos dividendos ser\u00e3o repartidos anualmente entre os investidores e os\u00a0pa\u00edses que mantiverem suas florestas em p\u00e9.<\/p>\n<h2>Como vai funcionar<\/h2>\n<p>A previs\u00e3o \u00e9 que o instrumento seja oficialmente lan\u00e7ado na Confer\u00eancia das Na\u00e7\u00f5es Unidas sobre Mudan\u00e7as Clim\u00e1ticas (COP30), em Bel\u00e9m; mas at\u00e9 novembro, a iniciativa prop\u00f5e reunir US$ 25 bilh\u00f5es, com investimentos de capital j\u00fanior por pa\u00edses investidores. A ideia \u00e9 que o aporte seja um atrativo para alavancar o capital s\u00eanior da iniciativa privada e uma capacidade de reunir US$ 125 bilh\u00f5es a serem investidos na conserva\u00e7\u00e3o das florestas tropicais.<\/p>\n<p>\u201cAl\u00e9m do Brasil e demais pa\u00edses de floresta amaz\u00f4nica aqui na Am\u00e9rica Latina, estamos falando de pa\u00edses da \u00c1frica, Gab\u00e3o, Congo\u00a0e, a partir da\u00ed, se espera que possa haver uma remunera\u00e7\u00e3o m\u00e9dia por hectare de floresta preservada ao ano\u201d, detalha a conciliadora da Coaliz\u00e3o Brasil e diretora de pol\u00edticas p\u00fablicas da The Nature Conservancy Brazil, Karen Oliveira.<\/p>\n<p>Na avalia\u00e7\u00e3o do diretor de pol\u00edticas p\u00fablicas da Conserva\u00e7\u00e3o Internacional (CI-Brasil), Gustavo Souza, em uma escala regional, esses aportes podem representar um recurso de investimento anual de US$ 2 bilh\u00f5es\u00a0na Amaz\u00f4nia, por exemplo. \u201cA gente tem um gap [lacuna]\u00a0de financiamento na Amaz\u00f4nia de US$ 7 bilh\u00f5es\u00a0ao ano. Nos \u00faltimos 10 anos, a gente conseguiu, atrav\u00e9s da ajuda do desenvolvimento internacional, filantropia e setor privado, uma ordem de 10% desses US$ 7 bilh\u00f5es, cerca de US$ 600 milh\u00f5es\u00a0ao ano. \u00c9 muito pouco\u201d, explica.<\/p>\n<p>Com o TFFF, esses valores triplicariam os investimentos para que a conserva\u00e7\u00e3o florestal n\u00e3o seja vencida por modelos de desenvolvimento predat\u00f3rios. \u201cEnt\u00e3o isso d\u00e1 uma capacidade para os pa\u00edses detentores de florestas tropicais conseguirem preservar e manejar suas florestas no longo prazo\u201d, refor\u00e7a.<\/p>\n<p>Idealizado pelo governo brasileiro e lan\u00e7ado em 2023, o TFFF foi anunciado em Dubai, pelo presidente Lula, durante a COP28, e j\u00e1 conta com o apoio de cinco pa\u00edses com florestas tropicais (Col\u00f4mbia, Gana, Rep\u00fablica Democr\u00e1tica do Congo, Indon\u00e9sia e Mal\u00e1sia) e outros cinco potenciais investidores (Alemanha, Emirados \u00c1rabes Unidos, Fran\u00e7a, Noruega e Reino Unido).<\/p>\n<p>Com o Brasil saindo na frente, analistas ambientais avaliam que cresce a possibilidade de esses pa\u00edses darem for\u00e7a \u00e0 iniciativa. \u201c\u00c9 not\u00edcia\u00a0de que a China, a Noruega, o Reino Unido, os Emirados \u00c1rabes, entre outros pa\u00edses, tamb\u00e9m\u00a0est\u00e3o comprometidos em fazer aportes iniciais para que o fundo possa realmente ser anunciado durante a COP30 e iniciar a sua implementa\u00e7\u00e3o\u201d, afirmou Karen Oliveira.<\/p>\n<p>Fonte: Ag\u00eancia Brasil<\/p>\n<\/div>\n","protected":false},"excerpt":{"rendered":"<p>\u00a0Reserva florestal Adolpho Ducke, do Instituto Nacional de Pesquisa da Amaz\u00f4nia (INPA), onde se localiza o Museu da Amaz\u00f4nia (MUSA). Foto: T\u00e2nia R\u00eago\/Ag\u00eancia Brasil An\u00fancio de aporte inicial foi feito pelo presidente Lula na Assembleia da ONU Fab\u00edola Sinimb\u00fa &#8211; Rep\u00f3rter da Ag\u00eancia Brasil Publicado em 23\/09\/2025 &#8211; 17:20 Bras\u00edlia O presidente Luiz In\u00e1cio Lula [&hellip;]<\/p>\n","protected":false},"author":2,"featured_media":3892,"comment_status":"open","ping_status":"open","sticky":false,"template":"","format":"standard","meta":{"rop_custom_images_group":[],"rop_custom_messages_group":[],"rop_publish_now":"initial","rop_publish_now_accounts":{"twitter_850042665852968960_850042665852968960":""},"rop_publish_now_history":[],"rop_publish_now_status":"pending","footnotes":""},"categories":[15],"tags":[236,92,756,433,757],"class_list":["post-3890","post","type-post","status-publish","format-standard","has-post-thumbnail","hentry","category-destaques","tag-amazonia","tag-clima","tag-floresta-tropical","tag-indigena","tag-preservacao"],"yoast_head":"<!-- This site is optimized with the Yoast SEO plugin v27.2 - https:\/\/yoast.com\/product\/yoast-seo-wordpress\/ -->\n<title>Brasil anuncia US$ 1 bilh\u00e3o para fundo de florestas tropicais - Prefeitos &amp; Gest\u00f5es<\/title>\n<meta name=\"description\" content=\"O presidente Luiz In\u00e1cio Lula da Silva anunciou nesta ter\u00e7a-feira (23), em Nova York (Estados Unidos), o investimento\u00a0de US$ 1 bilh\u00e3o para o Fundo Florestas Tropicais para Sempre (TFFF, sigla em ingl\u00eas para\u00a0The Tropical Forest Forever Facility). A divulga\u00e7\u00e3o ocorreu durante o di\u00e1logo de apresenta\u00e7\u00e3o da ferramenta promovido pelo Brasil e o secretariado das Na\u00e7\u00f5es Unidas.&quot;O Brasil vai liderar pelo exemplo e se tornar o primeiro pa\u00eds a se comprometer com investimento no fundo de US$\u00a01 bilh\u00e3o&quot;, disse Lula, convidando parceiros e outros pa\u00edses presentes ao evento a apresentarem &quot;contribui\u00e7\u00f5es igualmente ambiciosas&quot; para que o TFFF possa entrar em opera\u00e7\u00e3o na Confer\u00eancia das Na\u00e7\u00f5es Unidas sobre Mudan\u00e7as Clim\u00e1ticas (COP30), marcada\u00a0para novembro, em Bel\u00e9m.\u00a0\" \/>\n<meta name=\"robots\" content=\"index, follow, max-snippet:-1, max-image-preview:large, max-video-preview:-1\" \/>\n<link rel=\"canonical\" href=\"https:\/\/prefeitosegestoes.com.br\/portal\/brasil-anuncia-us-1-bilhao-para-fundo-de-florestas-tropicais\/\" \/>\n<meta property=\"og:locale\" content=\"pt_BR\" \/>\n<meta property=\"og:type\" content=\"article\" \/>\n<meta property=\"og:title\" content=\"Brasil anuncia US$ 1 bilh\u00e3o para fundo de florestas tropicais - Prefeitos &amp; Gest\u00f5es\" \/>\n<meta property=\"og:description\" content=\"O presidente Luiz In\u00e1cio Lula da Silva anunciou nesta ter\u00e7a-feira (23), em Nova York (Estados Unidos), o investimento\u00a0de US$ 1 bilh\u00e3o para o Fundo Florestas Tropicais para Sempre (TFFF, sigla em ingl\u00eas para\u00a0The Tropical Forest Forever Facility). A divulga\u00e7\u00e3o ocorreu durante o di\u00e1logo de apresenta\u00e7\u00e3o da ferramenta promovido pelo Brasil e o secretariado das Na\u00e7\u00f5es Unidas.&quot;O Brasil vai liderar pelo exemplo e se tornar o primeiro pa\u00eds a se comprometer com investimento no fundo de US$\u00a01 bilh\u00e3o&quot;, disse Lula, convidando parceiros e outros pa\u00edses presentes ao evento a apresentarem &quot;contribui\u00e7\u00f5es igualmente ambiciosas&quot; para que o TFFF possa entrar em opera\u00e7\u00e3o na Confer\u00eancia das Na\u00e7\u00f5es Unidas sobre Mudan\u00e7as Clim\u00e1ticas (COP30), marcada\u00a0para novembro, em Bel\u00e9m.\u00a0\" \/>\n<meta property=\"og:url\" content=\"https:\/\/prefeitosegestoes.com.br\/portal\/brasil-anuncia-us-1-bilhao-para-fundo-de-florestas-tropicais\/\" \/>\n<meta property=\"og:site_name\" content=\"Prefeitos &amp; Gest\u00f5es\" \/>\n<meta property=\"article:publisher\" content=\"https:\/\/www.facebook.com\/prefeitosonline\" \/>\n<meta property=\"article:published_time\" content=\"2025-09-24T15:26:56+00:00\" \/>\n<meta property=\"og:image\" content=\"https:\/\/prefeitosegestoes.com.br\/portal\/wp-content\/uploads\/2025\/09\/img_9054-1.webp\" \/>\n\t<meta property=\"og:image:width\" content=\"1024\" \/>\n\t<meta property=\"og:image:height\" content=\"768\" \/>\n\t<meta property=\"og:image:type\" content=\"image\/webp\" \/>\n<meta name=\"author\" content=\"Prefeitos &amp; Gest\u00f5es\" \/>\n<meta name=\"twitter:card\" content=\"summary_large_image\" \/>\n<meta name=\"twitter:creator\" content=\"@PrefGestoes\" \/>\n<meta name=\"twitter:site\" content=\"@PrefGestoes\" \/>\n<meta name=\"twitter:label1\" content=\"Escrito por\" \/>\n\t<meta name=\"twitter:data1\" content=\"Prefeitos &amp; Gest\u00f5es\" \/>\n\t<meta name=\"twitter:label2\" content=\"Est. tempo de leitura\" \/>\n\t<meta name=\"twitter:data2\" content=\"5 minutos\" \/>\n<script type=\"application\/ld+json\" class=\"yoast-schema-graph\">{\"@context\":\"https:\/\/schema.org\",\"@graph\":[{\"@type\":\"Article\",\"@id\":\"https:\/\/prefeitosegestoes.com.br\/portal\/brasil-anuncia-us-1-bilhao-para-fundo-de-florestas-tropicais\/#article\",\"isPartOf\":{\"@id\":\"https:\/\/prefeitosegestoes.com.br\/portal\/brasil-anuncia-us-1-bilhao-para-fundo-de-florestas-tropicais\/\"},\"author\":{\"name\":\"Prefeitos &amp; Gest\u00f5es\",\"@id\":\"https:\/\/prefeitosegestoes.com.br\/portal\/#\/schema\/person\/d00059f2ec99963e7e1850d448ae94b8\"},\"headline\":\"Brasil anuncia US$ 1 bilh\u00e3o para fundo de florestas tropicais\",\"datePublished\":\"2025-09-24T15:26:56+00:00\",\"mainEntityOfPage\":{\"@id\":\"https:\/\/prefeitosegestoes.com.br\/portal\/brasil-anuncia-us-1-bilhao-para-fundo-de-florestas-tropicais\/\"},\"wordCount\":810,\"commentCount\":0,\"publisher\":{\"@id\":\"https:\/\/prefeitosegestoes.com.br\/portal\/#organization\"},\"image\":{\"@id\":\"https:\/\/prefeitosegestoes.com.br\/portal\/brasil-anuncia-us-1-bilhao-para-fundo-de-florestas-tropicais\/#primaryimage\"},\"thumbnailUrl\":\"https:\/\/prefeitosegestoes.com.br\/portal\/wp-content\/uploads\/2025\/09\/img_9054-1.webp\",\"keywords\":[\"Amaz\u00f4nia\",\"Clima\",\"Floresta Tropical\",\"Ind\u00edgena\",\"Preserva\u00e7\u00e3o\"],\"articleSection\":[\"Destaques\"],\"inLanguage\":\"pt-BR\",\"potentialAction\":[{\"@type\":\"CommentAction\",\"name\":\"Comment\",\"target\":[\"https:\/\/prefeitosegestoes.com.br\/portal\/brasil-anuncia-us-1-bilhao-para-fundo-de-florestas-tropicais\/#respond\"]}]},{\"@type\":\"WebPage\",\"@id\":\"https:\/\/prefeitosegestoes.com.br\/portal\/brasil-anuncia-us-1-bilhao-para-fundo-de-florestas-tropicais\/\",\"url\":\"https:\/\/prefeitosegestoes.com.br\/portal\/brasil-anuncia-us-1-bilhao-para-fundo-de-florestas-tropicais\/\",\"name\":\"Brasil anuncia US$ 1 bilh\u00e3o para fundo de florestas tropicais - Prefeitos &amp; Gest\u00f5es\",\"isPartOf\":{\"@id\":\"https:\/\/prefeitosegestoes.com.br\/portal\/#website\"},\"primaryImageOfPage\":{\"@id\":\"https:\/\/prefeitosegestoes.com.br\/portal\/brasil-anuncia-us-1-bilhao-para-fundo-de-florestas-tropicais\/#primaryimage\"},\"image\":{\"@id\":\"https:\/\/prefeitosegestoes.com.br\/portal\/brasil-anuncia-us-1-bilhao-para-fundo-de-florestas-tropicais\/#primaryimage\"},\"thumbnailUrl\":\"https:\/\/prefeitosegestoes.com.br\/portal\/wp-content\/uploads\/2025\/09\/img_9054-1.webp\",\"datePublished\":\"2025-09-24T15:26:56+00:00\",\"description\":\"O presidente Luiz In\u00e1cio Lula da Silva anunciou nesta ter\u00e7a-feira (23), em Nova York (Estados Unidos), o investimento\u00a0de US$ 1 bilh\u00e3o para o Fundo Florestas Tropicais para Sempre (TFFF, sigla em ingl\u00eas para\u00a0The Tropical Forest Forever Facility). A divulga\u00e7\u00e3o ocorreu durante o di\u00e1logo de apresenta\u00e7\u00e3o da ferramenta promovido pelo Brasil e o secretariado das Na\u00e7\u00f5es Unidas.\\\"O Brasil vai liderar pelo exemplo e se tornar o primeiro pa\u00eds a se comprometer com investimento no fundo de US$\u00a01 bilh\u00e3o\\\", disse Lula, convidando parceiros e outros pa\u00edses presentes ao evento a apresentarem \\\"contribui\u00e7\u00f5es igualmente ambiciosas\\\" para que o TFFF possa entrar em opera\u00e7\u00e3o na Confer\u00eancia das Na\u00e7\u00f5es Unidas sobre Mudan\u00e7as Clim\u00e1ticas (COP30), marcada\u00a0para novembro, em Bel\u00e9m.\u00a0\",\"breadcrumb\":{\"@id\":\"https:\/\/prefeitosegestoes.com.br\/portal\/brasil-anuncia-us-1-bilhao-para-fundo-de-florestas-tropicais\/#breadcrumb\"},\"inLanguage\":\"pt-BR\",\"potentialAction\":[{\"@type\":\"ReadAction\",\"target\":[\"https:\/\/prefeitosegestoes.com.br\/portal\/brasil-anuncia-us-1-bilhao-para-fundo-de-florestas-tropicais\/\"]}]},{\"@type\":\"ImageObject\",\"inLanguage\":\"pt-BR\",\"@id\":\"https:\/\/prefeitosegestoes.com.br\/portal\/brasil-anuncia-us-1-bilhao-para-fundo-de-florestas-tropicais\/#primaryimage\",\"url\":\"https:\/\/prefeitosegestoes.com.br\/portal\/wp-content\/uploads\/2025\/09\/img_9054-1.webp\",\"contentUrl\":\"https:\/\/prefeitosegestoes.com.br\/portal\/wp-content\/uploads\/2025\/09\/img_9054-1.webp\",\"width\":1024,\"height\":768},{\"@type\":\"BreadcrumbList\",\"@id\":\"https:\/\/prefeitosegestoes.com.br\/portal\/brasil-anuncia-us-1-bilhao-para-fundo-de-florestas-tropicais\/#breadcrumb\",\"itemListElement\":[{\"@type\":\"ListItem\",\"position\":1,\"name\":\"In\u00edcio\",\"item\":\"https:\/\/prefeitosegestoes.com.br\/portal\/\"},{\"@type\":\"ListItem\",\"position\":2,\"name\":\"Brasil anuncia US$ 1 bilh\u00e3o para fundo de florestas tropicais\"}]},{\"@type\":\"WebSite\",\"@id\":\"https:\/\/prefeitosegestoes.com.br\/portal\/#website\",\"url\":\"https:\/\/prefeitosegestoes.com.br\/portal\/\",\"name\":\"Prefeitos & Gest\u00f5es\",\"description\":\"\",\"publisher\":{\"@id\":\"https:\/\/prefeitosegestoes.com.br\/portal\/#organization\"},\"potentialAction\":[{\"@type\":\"SearchAction\",\"target\":{\"@type\":\"EntryPoint\",\"urlTemplate\":\"https:\/\/prefeitosegestoes.com.br\/portal\/?s={search_term_string}\"},\"query-input\":{\"@type\":\"PropertyValueSpecification\",\"valueRequired\":true,\"valueName\":\"search_term_string\"}}],\"inLanguage\":\"pt-BR\"},{\"@type\":\"Organization\",\"@id\":\"https:\/\/prefeitosegestoes.com.br\/portal\/#organization\",\"name\":\"Prefeitos & Gest\u00f5es\",\"url\":\"https:\/\/prefeitosegestoes.com.br\/portal\/\",\"logo\":{\"@type\":\"ImageObject\",\"inLanguage\":\"pt-BR\",\"@id\":\"https:\/\/prefeitosegestoes.com.br\/portal\/#\/schema\/logo\/image\/\",\"url\":\"https:\/\/prefeitosegestoes.com.br\/portal\/wp-content\/uploads\/2024\/10\/lg_trans_prefeitos_2024_preto2.png\",\"contentUrl\":\"https:\/\/prefeitosegestoes.com.br\/portal\/wp-content\/uploads\/2024\/10\/lg_trans_prefeitos_2024_preto2.png\",\"width\":199,\"height\":122,\"caption\":\"Prefeitos & Gest\u00f5es\"},\"image\":{\"@id\":\"https:\/\/prefeitosegestoes.com.br\/portal\/#\/schema\/logo\/image\/\"},\"sameAs\":[\"https:\/\/www.facebook.com\/prefeitosonline\",\"https:\/\/x.com\/PrefGestoes\"]},{\"@type\":\"Person\",\"@id\":\"https:\/\/prefeitosegestoes.com.br\/portal\/#\/schema\/person\/d00059f2ec99963e7e1850d448ae94b8\",\"name\":\"Prefeitos &amp; Gest\u00f5es\",\"image\":{\"@type\":\"ImageObject\",\"inLanguage\":\"pt-BR\",\"@id\":\"https:\/\/secure.gravatar.com\/avatar\/738fb281e479212ed32c1a21a4307dda9f3af9292edb6918a16c9ce9fff5f48d?s=96&d=mm&r=g\",\"url\":\"https:\/\/secure.gravatar.com\/avatar\/738fb281e479212ed32c1a21a4307dda9f3af9292edb6918a16c9ce9fff5f48d?s=96&d=mm&r=g\",\"contentUrl\":\"https:\/\/secure.gravatar.com\/avatar\/738fb281e479212ed32c1a21a4307dda9f3af9292edb6918a16c9ce9fff5f48d?s=96&d=mm&r=g\",\"caption\":\"Prefeitos &amp; Gest\u00f5es\"},\"url\":\"https:\/\/prefeitosegestoes.com.br\/portal\/author\/prefeitosegestoes\/\"}]}<\/script>\n<!-- \/ Yoast SEO plugin. -->","yoast_head_json":{"title":"Brasil anuncia US$ 1 bilh\u00e3o para fundo de florestas tropicais - Prefeitos &amp; Gest\u00f5es","description":"O presidente Luiz In\u00e1cio Lula da Silva anunciou nesta ter\u00e7a-feira (23), em Nova York (Estados Unidos), o investimento\u00a0de US$ 1 bilh\u00e3o para o Fundo Florestas Tropicais para Sempre (TFFF, sigla em ingl\u00eas para\u00a0The Tropical Forest Forever Facility). A divulga\u00e7\u00e3o ocorreu durante o di\u00e1logo de apresenta\u00e7\u00e3o da ferramenta promovido pelo Brasil e o secretariado das Na\u00e7\u00f5es Unidas.\"O Brasil vai liderar pelo exemplo e se tornar o primeiro pa\u00eds a se comprometer com investimento no fundo de US$\u00a01 bilh\u00e3o\", disse Lula, convidando parceiros e outros pa\u00edses presentes ao evento a apresentarem \"contribui\u00e7\u00f5es igualmente ambiciosas\" para que o TFFF possa entrar em opera\u00e7\u00e3o na Confer\u00eancia das Na\u00e7\u00f5es Unidas sobre Mudan\u00e7as Clim\u00e1ticas (COP30), marcada\u00a0para novembro, em Bel\u00e9m.\u00a0","robots":{"index":"index","follow":"follow","max-snippet":"max-snippet:-1","max-image-preview":"max-image-preview:large","max-video-preview":"max-video-preview:-1"},"canonical":"https:\/\/prefeitosegestoes.com.br\/portal\/brasil-anuncia-us-1-bilhao-para-fundo-de-florestas-tropicais\/","og_locale":"pt_BR","og_type":"article","og_title":"Brasil anuncia US$ 1 bilh\u00e3o para fundo de florestas tropicais - Prefeitos &amp; Gest\u00f5es","og_description":"O presidente Luiz In\u00e1cio Lula da Silva anunciou nesta ter\u00e7a-feira (23), em Nova York (Estados Unidos), o investimento\u00a0de US$ 1 bilh\u00e3o para o Fundo Florestas Tropicais para Sempre (TFFF, sigla em ingl\u00eas para\u00a0The Tropical Forest Forever Facility). A divulga\u00e7\u00e3o ocorreu durante o di\u00e1logo de apresenta\u00e7\u00e3o da ferramenta promovido pelo Brasil e o secretariado das Na\u00e7\u00f5es Unidas.\"O Brasil vai liderar pelo exemplo e se tornar o primeiro pa\u00eds a se comprometer com investimento no fundo de US$\u00a01 bilh\u00e3o\", disse Lula, convidando parceiros e outros pa\u00edses presentes ao evento a apresentarem \"contribui\u00e7\u00f5es igualmente ambiciosas\" para que o TFFF possa entrar em opera\u00e7\u00e3o na Confer\u00eancia das Na\u00e7\u00f5es Unidas sobre Mudan\u00e7as Clim\u00e1ticas (COP30), marcada\u00a0para novembro, em Bel\u00e9m.\u00a0","og_url":"https:\/\/prefeitosegestoes.com.br\/portal\/brasil-anuncia-us-1-bilhao-para-fundo-de-florestas-tropicais\/","og_site_name":"Prefeitos &amp; Gest\u00f5es","article_publisher":"https:\/\/www.facebook.com\/prefeitosonline","article_published_time":"2025-09-24T15:26:56+00:00","og_image":[{"width":1024,"height":768,"url":"https:\/\/prefeitosegestoes.com.br\/portal\/wp-content\/uploads\/2025\/09\/img_9054-1.webp","type":"image\/webp"}],"author":"Prefeitos &amp; Gest\u00f5es","twitter_card":"summary_large_image","twitter_creator":"@PrefGestoes","twitter_site":"@PrefGestoes","twitter_misc":{"Escrito por":"Prefeitos &amp; Gest\u00f5es","Est. tempo de leitura":"5 minutos"},"schema":{"@context":"https:\/\/schema.org","@graph":[{"@type":"Article","@id":"https:\/\/prefeitosegestoes.com.br\/portal\/brasil-anuncia-us-1-bilhao-para-fundo-de-florestas-tropicais\/#article","isPartOf":{"@id":"https:\/\/prefeitosegestoes.com.br\/portal\/brasil-anuncia-us-1-bilhao-para-fundo-de-florestas-tropicais\/"},"author":{"name":"Prefeitos &amp; Gest\u00f5es","@id":"https:\/\/prefeitosegestoes.com.br\/portal\/#\/schema\/person\/d00059f2ec99963e7e1850d448ae94b8"},"headline":"Brasil anuncia US$ 1 bilh\u00e3o para fundo de florestas tropicais","datePublished":"2025-09-24T15:26:56+00:00","mainEntityOfPage":{"@id":"https:\/\/prefeitosegestoes.com.br\/portal\/brasil-anuncia-us-1-bilhao-para-fundo-de-florestas-tropicais\/"},"wordCount":810,"commentCount":0,"publisher":{"@id":"https:\/\/prefeitosegestoes.com.br\/portal\/#organization"},"image":{"@id":"https:\/\/prefeitosegestoes.com.br\/portal\/brasil-anuncia-us-1-bilhao-para-fundo-de-florestas-tropicais\/#primaryimage"},"thumbnailUrl":"https:\/\/prefeitosegestoes.com.br\/portal\/wp-content\/uploads\/2025\/09\/img_9054-1.webp","keywords":["Amaz\u00f4nia","Clima","Floresta Tropical","Ind\u00edgena","Preserva\u00e7\u00e3o"],"articleSection":["Destaques"],"inLanguage":"pt-BR","potentialAction":[{"@type":"CommentAction","name":"Comment","target":["https:\/\/prefeitosegestoes.com.br\/portal\/brasil-anuncia-us-1-bilhao-para-fundo-de-florestas-tropicais\/#respond"]}]},{"@type":"WebPage","@id":"https:\/\/prefeitosegestoes.com.br\/portal\/brasil-anuncia-us-1-bilhao-para-fundo-de-florestas-tropicais\/","url":"https:\/\/prefeitosegestoes.com.br\/portal\/brasil-anuncia-us-1-bilhao-para-fundo-de-florestas-tropicais\/","name":"Brasil anuncia US$ 1 bilh\u00e3o para fundo de florestas tropicais - Prefeitos &amp; Gest\u00f5es","isPartOf":{"@id":"https:\/\/prefeitosegestoes.com.br\/portal\/#website"},"primaryImageOfPage":{"@id":"https:\/\/prefeitosegestoes.com.br\/portal\/brasil-anuncia-us-1-bilhao-para-fundo-de-florestas-tropicais\/#primaryimage"},"image":{"@id":"https:\/\/prefeitosegestoes.com.br\/portal\/brasil-anuncia-us-1-bilhao-para-fundo-de-florestas-tropicais\/#primaryimage"},"thumbnailUrl":"https:\/\/prefeitosegestoes.com.br\/portal\/wp-content\/uploads\/2025\/09\/img_9054-1.webp","datePublished":"2025-09-24T15:26:56+00:00","description":"O presidente Luiz In\u00e1cio Lula da Silva anunciou nesta ter\u00e7a-feira (23), em Nova York (Estados Unidos), o investimento\u00a0de US$ 1 bilh\u00e3o para o Fundo Florestas Tropicais para Sempre (TFFF, sigla em ingl\u00eas para\u00a0The Tropical Forest Forever Facility). A divulga\u00e7\u00e3o ocorreu durante o di\u00e1logo de apresenta\u00e7\u00e3o da ferramenta promovido pelo Brasil e o secretariado das Na\u00e7\u00f5es Unidas.\"O Brasil vai liderar pelo exemplo e se tornar o primeiro pa\u00eds a se comprometer com investimento no fundo de US$\u00a01 bilh\u00e3o\", disse Lula, convidando parceiros e outros pa\u00edses presentes ao evento a apresentarem \"contribui\u00e7\u00f5es igualmente ambiciosas\" para que o TFFF possa entrar em opera\u00e7\u00e3o na Confer\u00eancia das Na\u00e7\u00f5es Unidas sobre Mudan\u00e7as Clim\u00e1ticas (COP30), marcada\u00a0para novembro, em Bel\u00e9m.\u00a0","breadcrumb":{"@id":"https:\/\/prefeitosegestoes.com.br\/portal\/brasil-anuncia-us-1-bilhao-para-fundo-de-florestas-tropicais\/#breadcrumb"},"inLanguage":"pt-BR","potentialAction":[{"@type":"ReadAction","target":["https:\/\/prefeitosegestoes.com.br\/portal\/brasil-anuncia-us-1-bilhao-para-fundo-de-florestas-tropicais\/"]}]},{"@type":"ImageObject","inLanguage":"pt-BR","@id":"https:\/\/prefeitosegestoes.com.br\/portal\/brasil-anuncia-us-1-bilhao-para-fundo-de-florestas-tropicais\/#primaryimage","url":"https:\/\/prefeitosegestoes.com.br\/portal\/wp-content\/uploads\/2025\/09\/img_9054-1.webp","contentUrl":"https:\/\/prefeitosegestoes.com.br\/portal\/wp-content\/uploads\/2025\/09\/img_9054-1.webp","width":1024,"height":768},{"@type":"BreadcrumbList","@id":"https:\/\/prefeitosegestoes.com.br\/portal\/brasil-anuncia-us-1-bilhao-para-fundo-de-florestas-tropicais\/#breadcrumb","itemListElement":[{"@type":"ListItem","position":1,"name":"In\u00edcio","item":"https:\/\/prefeitosegestoes.com.br\/portal\/"},{"@type":"ListItem","position":2,"name":"Brasil anuncia US$ 1 bilh\u00e3o para fundo de florestas tropicais"}]},{"@type":"WebSite","@id":"https:\/\/prefeitosegestoes.com.br\/portal\/#website","url":"https:\/\/prefeitosegestoes.com.br\/portal\/","name":"Prefeitos & Gest\u00f5es","description":"","publisher":{"@id":"https:\/\/prefeitosegestoes.com.br\/portal\/#organization"},"potentialAction":[{"@type":"SearchAction","target":{"@type":"EntryPoint","urlTemplate":"https:\/\/prefeitosegestoes.com.br\/portal\/?s={search_term_string}"},"query-input":{"@type":"PropertyValueSpecification","valueRequired":true,"valueName":"search_term_string"}}],"inLanguage":"pt-BR"},{"@type":"Organization","@id":"https:\/\/prefeitosegestoes.com.br\/portal\/#organization","name":"Prefeitos & Gest\u00f5es","url":"https:\/\/prefeitosegestoes.com.br\/portal\/","logo":{"@type":"ImageObject","inLanguage":"pt-BR","@id":"https:\/\/prefeitosegestoes.com.br\/portal\/#\/schema\/logo\/image\/","url":"https:\/\/prefeitosegestoes.com.br\/portal\/wp-content\/uploads\/2024\/10\/lg_trans_prefeitos_2024_preto2.png","contentUrl":"https:\/\/prefeitosegestoes.com.br\/portal\/wp-content\/uploads\/2024\/10\/lg_trans_prefeitos_2024_preto2.png","width":199,"height":122,"caption":"Prefeitos & Gest\u00f5es"},"image":{"@id":"https:\/\/prefeitosegestoes.com.br\/portal\/#\/schema\/logo\/image\/"},"sameAs":["https:\/\/www.facebook.com\/prefeitosonline","https:\/\/x.com\/PrefGestoes"]},{"@type":"Person","@id":"https:\/\/prefeitosegestoes.com.br\/portal\/#\/schema\/person\/d00059f2ec99963e7e1850d448ae94b8","name":"Prefeitos &amp; Gest\u00f5es","image":{"@type":"ImageObject","inLanguage":"pt-BR","@id":"https:\/\/secure.gravatar.com\/avatar\/738fb281e479212ed32c1a21a4307dda9f3af9292edb6918a16c9ce9fff5f48d?s=96&d=mm&r=g","url":"https:\/\/secure.gravatar.com\/avatar\/738fb281e479212ed32c1a21a4307dda9f3af9292edb6918a16c9ce9fff5f48d?s=96&d=mm&r=g","contentUrl":"https:\/\/secure.gravatar.com\/avatar\/738fb281e479212ed32c1a21a4307dda9f3af9292edb6918a16c9ce9fff5f48d?s=96&d=mm&r=g","caption":"Prefeitos &amp; Gest\u00f5es"},"url":"https:\/\/prefeitosegestoes.com.br\/portal\/author\/prefeitosegestoes\/"}]}},"_links":{"self":[{"href":"https:\/\/prefeitosegestoes.com.br\/portal\/wp-json\/wp\/v2\/posts\/3890","targetHints":{"allow":["GET"]}}],"collection":[{"href":"https:\/\/prefeitosegestoes.com.br\/portal\/wp-json\/wp\/v2\/posts"}],"about":[{"href":"https:\/\/prefeitosegestoes.com.br\/portal\/wp-json\/wp\/v2\/types\/post"}],"author":[{"embeddable":true,"href":"https:\/\/prefeitosegestoes.com.br\/portal\/wp-json\/wp\/v2\/users\/2"}],"replies":[{"embeddable":true,"href":"https:\/\/prefeitosegestoes.com.br\/portal\/wp-json\/wp\/v2\/comments?post=3890"}],"version-history":[{"count":1,"href":"https:\/\/prefeitosegestoes.com.br\/portal\/wp-json\/wp\/v2\/posts\/3890\/revisions"}],"predecessor-version":[{"id":3893,"href":"https:\/\/prefeitosegestoes.com.br\/portal\/wp-json\/wp\/v2\/posts\/3890\/revisions\/3893"}],"wp:featuredmedia":[{"embeddable":true,"href":"https:\/\/prefeitosegestoes.com.br\/portal\/wp-json\/wp\/v2\/media\/3892"}],"wp:attachment":[{"href":"https:\/\/prefeitosegestoes.com.br\/portal\/wp-json\/wp\/v2\/media?parent=3890"}],"wp:term":[{"taxonomy":"category","embeddable":true,"href":"https:\/\/prefeitosegestoes.com.br\/portal\/wp-json\/wp\/v2\/categories?post=3890"},{"taxonomy":"post_tag","embeddable":true,"href":"https:\/\/prefeitosegestoes.com.br\/portal\/wp-json\/wp\/v2\/tags?post=3890"}],"curies":[{"name":"wp","href":"https:\/\/api.w.org\/{rel}","templated":true}]}}