{"id":3886,"date":"2025-09-17T09:08:54","date_gmt":"2025-09-17T12:08:54","guid":{"rendered":"https:\/\/prefeitosegestoes.com.br\/portal\/?p=3886"},"modified":"2025-09-17T09:08:54","modified_gmt":"2025-09-17T12:08:54","slug":"camara-aprova-pec-da-blindagem-como-votaram-os-deputados-e-os-partidos-nos-dois-turnos","status":"publish","type":"post","link":"https:\/\/prefeitosegestoes.com.br\/portal\/camara-aprova-pec-da-blindagem-como-votaram-os-deputados-e-os-partidos-nos-dois-turnos\/","title":{"rendered":"C\u00e2mara aprova PEC da Blindagem: como votaram os deputados e os partidos nos dois turnos"},"content":{"rendered":"<div class=\"mc-article-header\">\n<div class=\"row content-head mc-column non-featured \">\n<div class=\"medium-centered subtitle\">\n<h6 class=\"titulo-materia\">Foto: Lula Marques\/ Ag\u00eancia Brasil<\/h6>\n<h1 class=\"titulo-materia\">PEC da blindagem \u00e9 aprovada por deputados e vai ao Senado<\/h1>\n<h2 class=\"content-head__subtitle\">Texto permite a parlamentares, por exemplo, autorizarem pris\u00e3o de colegas \u2014 determinadas pela Justi\u00e7a \u2014 em vota\u00e7\u00e3o secreta.<\/h2>\n<\/div>\n<\/div>\n<div class=\"content__signa-share mc-column\">\n<div class=\"content__signature\">\n<div class=\"content-publication-data\">\n<div class=\"content-publication-data__text\">\n<p class=\"content-publication-data__from\" title=\"Gustavo Petr\u00f3\">Por\u00a0<a class=\"multi_signatures\" href=\"https:\/\/g1.globo.com\/autores\/gustavo-petro\/\">Gustavo Petr\u00f3<\/a>, g1\u00a0\u2014 S\u00e3o Paulo<\/p>\n<p class=\"content-publication-data__updated\"><time datetime=\"2025-09-16T21:12:02.578-03:00\">16\/09\/2025 21h12\u00a0<\/time><span class=\"content-publication-data__updated-relative\">\u00a0<time datetime=\"2025-09-17T08:49:20.770-03:00\">Atualizado\u00a0<time datetime=\"2025-09-17T08:49:20.770-03:00\">h\u00e1 5 minutos<\/time><\/time><\/span><\/p>\n<\/div>\n<\/div>\n<\/div>\n<\/div>\n<div class=\"glb-share-bar content__share-bar\">\n<div class=\"glb-share-bar_icons\">\n<div class=\"glb-share-bar_button-img\"><\/div>\n<\/div>\n<\/div>\n<\/div>\n<div class=\"mc-article-body\">\n<article>\n<div id=\"chunk-8ve64\">\n<div class=\"row medium-uncollapsed content-media content-photo\" data-block-type=\"backstage-photo\" data-block-id=\"2\">\n<div class=\" mc-column  content-media__container\">\n<div class=\"content-media-container glb-skeleton-box\">\n<figure class=\"content-media-figure\"><img decoding=\"async\" class=\"i-amphtml-fill-content i-amphtml-replaced-content\" src=\"https:\/\/s2-g1.glbimg.com\/IKAZNfTjPfjcMZAad4D1AATud1s=\/0x0:839x467\/984x0\/smart\/filters:strip_icc()\/i.s3.glbimg.com\/v1\/AUTH_59edd422c0c84a879bd37670ae4f538a\/internal_photos\/bs\/2025\/B\/3\/ELr9ABQ3CkLYoOqpEl7w\/captura-de-tela-2025-09-16-211028.png\" sizes=\"(max-width: 1536px) 648px, 100vw\" srcset=\"https:\/\/s2-g1.glbimg.com\/McsVzgO_f1SxUCibNkkMLHvDFfI=\/0x0:839x467\/1000x0\/smart\/filters:strip_icc()\/i.s3.glbimg.com\/v1\/AUTH_59edd422c0c84a879bd37670ae4f538a\/internal_photos\/bs\/2025\/B\/3\/ELr9ABQ3CkLYoOqpEl7w\/captura-de-tela-2025-09-16-211028.png 1000w, https:\/\/s2-g1.glbimg.com\/IKAZNfTjPfjcMZAad4D1AATud1s=\/0x0:839x467\/984x0\/smart\/filters:strip_icc()\/i.s3.glbimg.com\/v1\/AUTH_59edd422c0c84a879bd37670ae4f538a\/internal_photos\/bs\/2025\/B\/3\/ELr9ABQ3CkLYoOqpEl7w\/captura-de-tela-2025-09-16-211028.png 984w, https:\/\/s2-g1.glbimg.com\/F9eopMJC09AZxFMyfcZhNcqPEJw=\/0x0:839x467\/640x0\/smart\/filters:strip_icc()\/i.s3.glbimg.com\/v1\/AUTH_59edd422c0c84a879bd37670ae4f538a\/internal_photos\/bs\/2025\/B\/3\/ELr9ABQ3CkLYoOqpEl7w\/captura-de-tela-2025-09-16-211028.png 640w, https:\/\/s2-g1.glbimg.com\/bpOPiesoUnSC9uVootlnXaoIDmU=\/0x0:839x467\/600x0\/smart\/filters:strip_icc()\/i.s3.glbimg.com\/v1\/AUTH_59edd422c0c84a879bd37670ae4f538a\/internal_photos\/bs\/2025\/B\/3\/ELr9ABQ3CkLYoOqpEl7w\/captura-de-tela-2025-09-16-211028.png 600w\" alt=\"Placar mostra vota\u00e7\u00e3o no 1\u00ba turno da PEC da Blindagem \u2014 Foto: Reprodu\u00e7\u00e3o\" \/><\/figure>\n<\/div>\n<p class=\"content-media__description  \">Placar mostra vota\u00e7\u00e3o no 1\u00ba turno da PEC da Blindagem \u2014 Foto: Reprodu\u00e7\u00e3o<\/p>\n<\/div>\n<\/div>\n<\/div>\n<div id=\"chunk-7qdjk\">\n<div class=\"mc-column content-text active-extra-styles \" data-block-type=\"unstyled\" data-block-weight=\"36\" data-block-id=\"3\">\n<p class=\" content-text__container \" data-track-category=\"Link no Texto\" data-track-links=\"\" data-mrf-recirculation=\"Mat\u00e9ria - Links no Texto\">A\u00a0<a class=\"\" href=\"https:\/\/g1.globo.com\/tudo-sobre\/camara-dos-deputados\/\" data-mrf-link=\"https:\/\/g1.globo.com\/tudo-sobre\/camara-dos-deputados\/\">C\u00e2mara dos Deputados<\/a>\u00a0aprovou nesta ter\u00e7a-feira (16), em dois turnos, o texto-base de uma proposta de Emenda \u00e0 Constitui\u00e7\u00e3o (PEC) que aumenta a blindagem judicial para deputados e senadores.\u00a0<a class=\"\" href=\"https:\/\/g1.globo.com\/politica\/noticia\/2025\/09\/16\/camara-aprova-em-1o-turno-texto-base-da-pec-que-aumenta-blindagem-judicial-para-deputados-e-senadores.ghtml\" data-mrf-link=\"https:\/\/g1.globo.com\/politica\/noticia\/2025\/09\/16\/camara-aprova-em-1o-turno-texto-base-da-pec-que-aumenta-blindagem-judicial-para-deputados-e-senadores.ghtml\">\u00c9 a chamada PEC da Blindagem.<\/a><\/p>\n<\/div>\n<\/div>\n<div class=\"wall protected-content\">\n<div id=\"chunk-ddo7d\">\n<div class=\"mc-column content-text active-extra-styles\" data-block-type=\"raw\" data-block-weight=\"44\" data-block-id=\"5\">\n<ul class=\"content-unordered-list\">\n<li>\u27a1\ufe0f\u00a0<em>O texto promove uma s\u00e9rie de altera\u00e7\u00f5es em temas como medidas cautelares e foro privilegiado para deputados, senadores e presidentes de partidos. A proposta \u00e9 defendida por parlamentares de diferentes espectros na Casa, em especial os do Centr\u00e3o.\u00a0<\/em><a class=\"\" href=\"https:\/\/g1.globo.com\/politica\/noticia\/2025\/09\/16\/camara-aprova-pec-da-blindagem-como-votaram-os-deputados.ghtml#1\"><em>(Veja detalhes da proposta abaixo.)<\/em><\/a><\/li>\n<\/ul>\n<\/div>\n<\/div>\n<div id=\"chunk-1dkj1\">\n<div class=\"mc-column content-text active-extra-styles \" data-block-type=\"unstyled\" data-block-weight=\"32\" data-block-id=\"6\">\n<p class=\" content-text__container \" data-track-category=\"Link no Texto\" data-track-links=\"\" data-mrf-recirculation=\"Mat\u00e9ria - Links no Texto\">No 1\u00ba turno, foram\u00a0<strong>353<\/strong>\u00a0votos a favor e\u00a0<strong>134<\/strong>\u00a0votos contr\u00e1rios. Houve uma absten\u00e7\u00e3o. Eram necess\u00e1rios 308 votos para a aprova\u00e7\u00e3o (<em>veja abaixo<\/em>). No 2\u00ba turno, foi de<strong>\u00a0344<\/strong>\u00a0a\u00a0<strong>133<\/strong>.<\/p>\n<\/div>\n<\/div>\n<div id=\"chunk-6rdpe\">\n<div class=\"mc-column content-text active-extra-styles \" data-block-type=\"unstyled\" data-block-weight=\"21\" data-block-id=\"8\">\n<p class=\" content-text__container \" data-track-category=\"Link no Texto\" data-track-links=\"\" data-mrf-recirculation=\"Mat\u00e9ria - Links no Texto\">O\u00a0<strong>PT<\/strong>, partido do presidente Luiz In\u00e1cio Lula da Silva, teve\u00a0<strong>12 votos a favor da PEC<\/strong>\u00a0no 1\u00ba turno.<\/p>\n<\/div>\n<\/div>\n<div id=\"chunk-9ic1q\">\n<div class=\"mc-column content-text active-extra-styles \" data-block-type=\"unstyled\" data-block-weight=\"27\" data-block-id=\"9\">\n<p class=\" content-text__container \" data-track-category=\"Link no Texto\" data-track-links=\"\" data-mrf-recirculation=\"Mat\u00e9ria - Links no Texto\">J\u00e1 o<strong>\u00a0PL<\/strong>,<strong>\u00a0<\/strong>do ex-presidente Jair Bolsonaro,<strong>\u00a0<\/strong>teve\u00a0<strong>83 votos favor\u00e1veis<\/strong>; o\u00a0<strong>Republicanos, 42<\/strong>;<strong>\u00a0<\/strong>e o\u00a0<strong>PRD, 5<\/strong>. Estes tr\u00eas partidos n\u00e3o tiveram votos contr\u00e1rios \u00e0 proposta.<\/p>\n<\/div>\n<\/div>\n<div id=\"chunk-204f2\">\n<div class=\"mc-column content-text active-extra-styles \" data-block-type=\"unstyled\" data-block-weight=\"19\" data-block-id=\"10\">\n<p class=\" content-text__container \" data-track-category=\"Link no Texto\" data-track-links=\"\" data-mrf-recirculation=\"Mat\u00e9ria - Links no Texto\">J\u00e1 os deputados do<strong>\u00a0PSOL\u00a0<\/strong>e do<strong>\u00a0PCdoB votaram em totalidade contra a PEC<\/strong>: 14 e 9 votos, respectivamente.<\/p>\n<\/div>\n<\/div>\n<div id=\"chunk-515m2\">\n<div class=\"mc-column content-text active-extra-styles\" data-block-type=\"raw\" data-block-weight=\"58\" data-block-id=\"11\">\n<ul class=\"content-unordered-list\">\n<li>\ud83d\uddf3\ufe0f\u00a0<em>A aprova\u00e7\u00e3o da PEC foi negociada pelo ex-presidente da C\u00e2mara Arthur Lira (PP-AL)\u00a0<\/em><a class=\"\" href=\"https:\/\/g1.globo.com\/politica\/noticia\/2025\/08\/19\/motta-ressuscita-pec-que-amplia-protecao-a-parlamentares-e-da-relatoria-a-deputado-do-republicanos.ghtml\"><em>para encerrar um motim de deputados da oposi\u00e7\u00e3o que bloquearam a Mesa Diretora<\/em><\/a><em>\u00a0em protesto contra a pris\u00e3o domiciliar do ex-presidente Jair Bolsonaro.<\/em><\/li>\n<li><em>\u274c A proposta entrou em pauta no in\u00edcio do m\u00eas, mas n\u00e3o foi votada ap\u00f3s falta de consenso sobre o texto.<\/em><\/li>\n<\/ul>\n<\/div>\n<\/div>\n<div id=\"chunk-fha5j\">\n<div class=\"mc-column content-text active-extra-styles \" data-block-type=\"unstyled\" data-block-weight=\"38\" data-block-id=\"12\">\n<p class=\" content-text__container \" data-track-category=\"Link no Texto\" data-track-links=\"\" data-mrf-recirculation=\"Mat\u00e9ria - Links no Texto\">Os deputados devem analisar ainda dois\u00a0<strong>destaques\u00a0<\/strong>\u2013 sugest\u00f5es de altera\u00e7\u00e3o no texto. Finalizada esta etapa, a proposta entra em vota\u00e7\u00e3o no 2\u00ba Turno e s\u00f3 depois desta nova aprova\u00e7\u00e3o \u00e9 que a PEC ser\u00e1 enviada ao Senado.<\/p>\n<\/div>\n<\/div>\n<div id=\"chunk-j3j\">\n<div class=\"mc-column content-text active-extra-styles \" data-block-type=\"unstyled\" data-block-weight=\"8\" data-block-id=\"13\">\n<p class=\" content-text__container \" data-track-category=\"Link no Texto\" data-track-links=\"\" data-mrf-recirculation=\"Mat\u00e9ria - Links no Texto\"><strong>Veja como votaram os deputados no 1\u00ba turno:<\/strong><\/p>\n<\/div>\n<\/div>\n<div id=\"chunk-eeo17\">\n<div class=\"show-flourish-embed-block\" data-mrf-recirculation=\"Mat\u00e9ria - Flourish\">\n<div class=\"show-flourish-embed-block__container show-flourish-embed-block__container--visualization\" data-flourish-embed=\"\" data-flourish-content-type=\"visualization\">\n<div class=\"flourish-embed flourish-embed--visualization flourish-background\" data-src=\"visualisation\/25165303\" data-width=\"100%\"><iframe title=\"Interactive or visual content\" src=\"https:\/\/flo.uri.sh\/visualisation\/25165303\/embed?auto=1\" frameborder=\"0\" scrolling=\"no\" sandbox=\"allow-same-origin allow-forms allow-scripts allow-downloads allow-popups allow-popups-to-escape-sandbox allow-top-navigation-by-user-activation\" data-mce-fragment=\"1\"><\/iframe><\/div>\n<\/div>\n<\/div>\n<\/div>\n<div id=\"chunk-aqe23\">\n<div class=\"content-ads content-ads--reveal\" data-block-type=\"ads\" data-block-id=\"14\">\n<div id=\"banner_materia__b1499d76-a025-4526-8903-8fdc5091a862\" class=\"tag-manager-publicidade-container tag-manager-publicidade-banner_materia__b1499d76-a025-4526-8903-8fdc5091a862 tag-manager-publicidade-container--carregado tag-manager-publicidade-container--visivel\" data-google-query-id=\"CNTjtLXe348DFThOuAQdZIIPyQ\">\n<div id=\"google_ads_iframe_\/95377733\/tvg_G1\/Politica_2__container__\"><\/div>\n<\/div>\n<\/div>\n<\/div>\n<div id=\"chunk-25psc\">\n<div class=\"mc-column content-text active-extra-styles \" data-block-type=\"unstyled\" data-block-weight=\"8\" data-block-id=\"15\">\n<p class=\" content-text__container \" data-track-category=\"Link no Texto\" data-track-links=\"\" data-mrf-recirculation=\"Mat\u00e9ria - Links no Texto\"><strong>Veja como votaram os partidos no 1\u00ba turno:<\/strong><\/p>\n<\/div>\n<\/div>\n<div id=\"chunk-a7c98\">\n<div class=\"show-flourish-embed-block\" data-mrf-recirculation=\"Mat\u00e9ria - Flourish\">\n<div class=\"show-flourish-embed-block__container show-flourish-embed-block__container--visualization\" data-flourish-embed=\"\" data-flourish-content-type=\"visualization\">\n<div class=\"flourish-embed flourish-embed--visualization flourish-background\" data-src=\"visualisation\/25167654\" data-width=\"100%\"><iframe title=\"Interactive or visual content\" src=\"https:\/\/flo.uri.sh\/visualisation\/25167654\/embed?auto=1\" frameborder=\"0\" scrolling=\"no\" sandbox=\"allow-same-origin allow-forms allow-scripts allow-downloads allow-popups allow-popups-to-escape-sandbox allow-top-navigation-by-user-activation\" data-mce-fragment=\"1\"><\/iframe><\/div>\n<\/div>\n<\/div>\n<\/div>\n<div id=\"chunk-f5gp8\">\n<div class=\"mc-column content-text active-extra-styles \" data-block-type=\"unstyled\" data-block-weight=\"16\" data-block-id=\"16\">\n<p class=\" content-text__container \" data-track-category=\"Link no Texto\" data-track-links=\"\" data-mrf-recirculation=\"Mat\u00e9ria - Links no Texto\"><strong>Partidos que foram majoritariamente (mais da metade dos votos) a favor da PEC no 1\u00ba turno:<\/strong><\/p>\n<\/div>\n<\/div>\n<div id=\"chunk-5b87g\">\n<div class=\"mc-column content-text active-extra-styles\" data-block-type=\"raw\" data-block-weight=\"28\" data-block-id=\"17\">\n<ul class=\"content-unordered-list\">\n<li><strong>PL:<\/strong>\u00a083 votos;<\/li>\n<li><strong>Uni\u00e3o Brasil:<\/strong>\u00a053 votos;<\/li>\n<li><strong>PP:<\/strong>\u00a046 votos;<\/li>\n<li><strong>Republicanos:<\/strong>\u00a042 votos;<\/li>\n<li><strong>MDB:\u00a0<\/strong>35 votos;<\/li>\n<li><strong>Podemos:\u00a0<\/strong>14 votos;<\/li>\n<li><strong>PDT:\u00a0<\/strong>10 votos;<\/li>\n<li><strong>Avante:<\/strong>\u00a06 votos;<\/li>\n<li><strong>PRD:<\/strong>\u00a05 votos.<\/li>\n<\/ul>\n<\/div>\n<\/div>\n<div id=\"chunk-dsdgg\">\n<div class=\"mc-column content-text active-extra-styles \" data-block-type=\"unstyled\" data-block-weight=\"15\" data-block-id=\"18\">\n<p class=\" content-text__container \" data-track-category=\"Link no Texto\" data-track-links=\"\" data-mrf-recirculation=\"Mat\u00e9ria - Links no Texto\"><strong>Partidos que foram majoritariamente (mais da metade dos votos) contra a PEC no 1\u00ba turno:<\/strong><\/p>\n<\/div>\n<\/div>\n<div id=\"chunk-1bu40\">\n<div class=\"mc-column content-text active-extra-styles\" data-block-type=\"raw\" data-block-weight=\"12\" data-block-id=\"19\">\n<ul class=\"content-unordered-list\">\n<li><strong>PT:<\/strong>\u00a051 votos;<\/li>\n<li><strong>PSOL:\u00a0<\/strong>14 votos;<\/li>\n<li><strong>PCdoB:<\/strong>\u00a09 votos;<\/li>\n<li><strong>Novo<\/strong>: 4 votos.<\/li>\n<\/ul>\n<\/div>\n<\/div>\n<div id=\"chunk-dimge\">\n<div class=\"mc-column content-text active-extra-styles \" data-block-type=\"unstyled\" data-block-weight=\"8\" data-block-id=\"20\">\n<p class=\" content-text__container \" data-track-category=\"Link no Texto\" data-track-links=\"\" data-mrf-recirculation=\"Mat\u00e9ria - Links no Texto\"><strong>Veja como os deputados votaram no 2\u00ba turno:<\/strong><\/p>\n<\/div>\n<\/div>\n<div id=\"chunk-ee327\">\n<div class=\"show-flourish-embed-block\" data-mrf-recirculation=\"Mat\u00e9ria - Flourish\">\n<div class=\"show-flourish-embed-block__container show-flourish-embed-block__container--visualization\" data-flourish-embed=\"\" data-flourish-content-type=\"visualization\">\n<div class=\"flourish-embed flourish-embed--visualization flourish-background\" data-src=\"visualisation\/25169367\" data-width=\"100%\"><iframe title=\"Interactive or visual content\" src=\"https:\/\/flo.uri.sh\/visualisation\/25169367\/embed?auto=1\" frameborder=\"0\" scrolling=\"no\" sandbox=\"allow-same-origin allow-forms allow-scripts allow-downloads allow-popups allow-popups-to-escape-sandbox allow-top-navigation-by-user-activation\" data-mce-fragment=\"1\"><\/iframe><\/div>\n<\/div>\n<\/div>\n<\/div>\n<div id=\"chunk-9uavu\">\n<div class=\"content-ads content-ads--reveal\" data-block-type=\"ads\" data-block-id=\"21\">\n<div id=\"banner_materia__b523cd45-be54-4710-a44d-9944069da3ed\" class=\"tag-manager-publicidade-container tag-manager-publicidade-banner_materia__b523cd45-be54-4710-a44d-9944069da3ed tag-manager-publicidade-container--carregado tag-manager-publicidade-container--visivel\" data-google-query-id=\"CK7x9fDe348DFXxYuAQdv6UaaA\">\n<div id=\"google_ads_iframe_\/95377733\/tvg_G1\/Politica_5__container__\"><\/div>\n<\/div>\n<\/div>\n<\/div>\n<div id=\"chunk-5g564\">\n<div class=\"mc-column content-text active-extra-styles \" data-block-type=\"unstyled\" data-block-weight=\"7\" data-block-id=\"22\">\n<p class=\" content-text__container \" data-track-category=\"Link no Texto\" data-track-links=\"\" data-mrf-recirculation=\"Mat\u00e9ria - Links no Texto\"><strong>Como votaram os partidos no 2\u00ba turno:<\/strong><\/p>\n<\/div>\n<\/div>\n<div id=\"chunk-ai809\">\n<div class=\"show-flourish-embed-block\" data-mrf-recirculation=\"Mat\u00e9ria - Flourish\">\n<div class=\"show-flourish-embed-block__container show-flourish-embed-block__container--visualization\" data-flourish-embed=\"\" data-flourish-content-type=\"visualization\">\n<div class=\"flourish-embed flourish-embed--visualization flourish-background\" data-src=\"visualisation\/25169415\" data-width=\"100%\"><iframe title=\"Interactive or visual content\" src=\"https:\/\/flo.uri.sh\/visualisation\/25169415\/embed?auto=1\" frameborder=\"0\" scrolling=\"no\" sandbox=\"allow-same-origin allow-forms allow-scripts allow-downloads allow-popups allow-popups-to-escape-sandbox allow-top-navigation-by-user-activation\" data-mce-fragment=\"1\"><\/iframe><\/div>\n<\/div>\n<\/div>\n<\/div>\n<div id=\"chunk-7qfmc\">\n<div id=\"1\" class=\"anchor-position\"><\/div>\n<\/div>\n<div id=\"chunk-8vpco\">\n<div class=\"content-ads content-ads--reveal\" data-block-type=\"ads\" data-block-id=\"23\">\n<div id=\"banner_materia__c4530b64-5848-49b9-b135-d14ec3a0fbbb\" class=\"tag-manager-publicidade-container tag-manager-publicidade-banner_materia__c4530b64-5848-49b9-b135-d14ec3a0fbbb tag-manager-publicidade-container--carregado tag-manager-publicidade-container--visivel\" data-google-query-id=\"CNHczPHe348DFdoW4AMd4oEpSA\">\n<div id=\"google_ads_iframe_\/95377733\/tvg_G1\/Politica_6__container__\">O que \u00e9 a PEC da Blindagem?<\/div>\n<\/div>\n<\/div>\n<\/div>\n<div id=\"chunk-1943c\">\n<div class=\"mc-column content-text active-extra-styles\" data-block-type=\"raw\" data-block-weight=\"7\" data-block-id=\"24\">\n<p>&nbsp;<\/p>\n<\/div>\n<\/div>\n<div id=\"chunk-3du8h\">\n<div class=\"cxm-video-block mc-column  content-media content-video\" data-block-type=\"backstage-video\" data-block-id=\"25\">\n<div class=\"content-media__container content-media__container--codex-fallback\">\n<div class=\"content-video__bigger-player-description-fixer\">\n<article class=\"content-video\">\n<section class=\"content-video__video-container\">\n<div class=\"content-video__video\">\n<div class=\"content-video__placeholder\" data-video-id=\"13935308\"><img decoding=\"async\" class=\"content-video__placeholder__thumb\" title=\"Pec da Blindagem: Projeto ocupou toda a ter\u00e7a-feira na C\u00e2mara dos Deputados\" src=\"https:\/\/s01.video.glbimg.com\/x240\/13935308.jpg\" alt=\"Pec da Blindagem: Projeto ocupou toda a ter\u00e7a-feira na C\u00e2mara dos Deputados\" \/><\/div>\n<\/div>\n<\/section>\n<\/article>\n<\/div>\n<\/div>\n<\/div>\n<\/div>\n<div id=\"chunk-dsbu5\">\n<div class=\"mc-column content-text active-extra-styles \" data-block-type=\"unstyled\" data-block-weight=\"32\" data-block-id=\"26\">\n<p class=\" content-text__container \" data-track-category=\"Link no Texto\" data-track-links=\"\" data-mrf-recirculation=\"Mat\u00e9ria - Links no Texto\">Congressistas favor\u00e1veis \u00e0 PEC afirmam que ela volta \u00e0s regras ao texto da Constitui\u00e7\u00e3o de 1988. Mas, na verdade,\u00a0<a class=\"\" href=\"https:\/\/g1.globo.com\/politica\/noticia\/2025\/09\/16\/pec-da-blindagem-estabelece-mais-protecoes-a-parlamentares-do-que-no-texto-original-da-constituicao.ghtml\" data-mrf-link=\"https:\/\/g1.globo.com\/politica\/noticia\/2025\/09\/16\/pec-da-blindagem-estabelece-mais-protecoes-a-parlamentares-do-que-no-texto-original-da-constituicao.ghtml\">o texto acrescenta novas blindagens,<\/a>\u00a0<span class=\"highlight highlighted\">como a vota\u00e7\u00e3o secreta para pris\u00e3o de parlamentares.<\/span><\/p>\n<\/div>\n<\/div>\n<div id=\"chunk-733rj\">\n<div class=\"mc-column content-text active-extra-styles\" data-block-type=\"raw\" data-block-weight=\"104\" data-block-id=\"27\">\n<ul class=\"content-unordered-list\">\n<li>A Constitui\u00e7\u00e3o prev\u00ea que a pris\u00e3o em flagrante de parlamentar deve ser submetida ao plen\u00e1rio da C\u00e2mara para decidir se a mant\u00e9m ou n\u00e3o.\u00a0<span class=\"highlight highlighted\">A PEC permite, portanto, que parlamentares barrem a pris\u00e3o de colegas determinada pela Justi\u00e7a em vota\u00e7\u00e3o secreta.<\/span><\/li>\n<li>Ou seja, no caso de pris\u00e3o em flagrante por crime inafian\u00e7\u00e1vel, os autos ser\u00e3o enviados \u00e0 C\u00e2mara ou ao Senado dentro de 24 horas para que, pelo voto secreto da maioria de seus membros, se autorize ou n\u00e3o pris\u00e3o do parlamentar.<\/li>\n<li>Foi o que ocorreu, em 2021,\u00a0<a class=\"\" href=\"https:\/\/g1.globo.com\/politica\/noticia\/2021\/02\/17\/supremo-prisao-deputado-daniel-silveira.ghtml\">com o deputado Daniel Silveira,<\/a>\u00a0preso por divulgar um v\u00eddeo no qual faz apologia ao AI-5.<\/li>\n<\/ul>\n<\/div>\n<\/div>\n<div id=\"chunk-422vm\">\n<div class=\"mc-column content-text active-extra-styles \" data-block-type=\"unstyled\" data-block-weight=\"23\" data-block-id=\"29\">\n<p class=\" content-text__container \" data-track-category=\"Link no Texto\" data-track-links=\"\" data-mrf-recirculation=\"Mat\u00e9ria - Links no Texto\">A PEC explicita que os parlamentares\u00a0<span class=\"highlight highlighted\">s\u00f3 ser\u00e3o alvo de medidas cautelares expedidas pelo Supremo Tribunal Federal (STF)<\/span>\u00a0e n\u00e3o de inst\u00e2ncias inferiores.<\/p>\n<\/div>\n<\/div>\n<div id=\"chunk-qr0b\">\n<div class=\"mc-column content-text active-extra-styles \" data-block-type=\"unstyled\" data-block-weight=\"16\" data-block-id=\"30\">\n<p class=\" content-text__container \" data-track-category=\"Link no Texto\" data-track-links=\"\" data-mrf-recirculation=\"Mat\u00e9ria - Links no Texto\">\ud83d\udd0e\u00a0<em>As medidas cautelares s\u00e3o obriga\u00e7\u00f5es impostas pela Justi\u00e7a a investigados e alvos de processos penais.<\/em><\/p>\n<\/div>\n<\/div>\n<div id=\"chunk-fa11m\">\n<div class=\"mc-column content-text active-extra-styles \" data-block-type=\"unstyled\" data-block-weight=\"17\" data-block-id=\"31\">\n<p class=\" content-text__container \" data-track-category=\"Link no Texto\" data-track-links=\"\" data-mrf-recirculation=\"Mat\u00e9ria - Links no Texto\">A C\u00e2mara, no entanto,\u00a0<span class=\"highlight highlighted\">rejeitou a vota\u00e7\u00e3o secreta para autorizar a abertura de processos contra os parlamentares.<\/span><\/p>\n<\/div>\n<\/div>\n<div id=\"chunk-81dto\">\n<div class=\"mc-column content-text active-extra-styles \" data-block-type=\"unstyled\" data-block-weight=\"54\" data-block-id=\"32\">\n<p class=\" content-text__container \" data-track-category=\"Link no Texto\" data-track-links=\"\" data-mrf-recirculation=\"Mat\u00e9ria - Links no Texto\">\ud83d\udd0e\u00a0<em>Antes de 2001, a Constitui\u00e7\u00e3o estabelecia que era preciso uma\u00a0<\/em><strong><em>licen\u00e7a pr\u00e9via<\/em><\/strong><em> da Casa Legislativa para a abertura de processo criminal contra deputados e senadores. Uma emenda constitucional derrubou essa exig\u00eancia, o que permitiu a abertura de a\u00e7\u00f5es penais no Supremo ao longo dos \u00faltimos anos contra parlamentares acusados de envolvimento em irregularidades.<\/em><\/p>\n<\/div>\n<\/div>\n<div id=\"chunk-f2v20\">\n<div class=\"mc-column content-text active-extra-styles\" data-block-type=\"raw\" data-block-weight=\"50\" data-block-id=\"33\">\n<ul class=\"content-unordered-list\">\n<li>Agora, segundo o texto da PEC, antes de processar um parlamentar, o STF dever\u00e1 pedir autoriza\u00e7\u00e3o \u00e0 C\u00e2mara e ao Senado.<\/li>\n<li>Os deputados e senadores dever\u00e3o autorizar ou n\u00e3o,\u00a0<strong>em vota\u00e7\u00e3o aberta,<\/strong>\u00a0que o colega seja processado. Isso deve acontecer em at\u00e9 90 dias a contar do recebimento do pedido.<\/li>\n<\/ul>\n<\/div>\n<\/div>\n<div id=\"chunk-8753n\">\n<div class=\"mc-column content-text active-extra-styles \" data-block-type=\"unstyled\" data-block-weight=\"16\" data-block-id=\"34\">\n<p class=\" content-text__container \" data-track-category=\"Link no Texto\" data-track-links=\"\" data-mrf-recirculation=\"Mat\u00e9ria - Links no Texto\"><span class=\"highlight highlighted\">O texto amplia o foro privilegiado para presidentes de partidos<\/span>\u00a0com representa\u00e7\u00e3o no Congresso Nacional.<\/p>\n<\/div>\n<\/div>\n<div id=\"chunk-409o3\">\n<div class=\"mc-column content-text active-extra-styles \" data-block-type=\"unstyled\" data-block-weight=\"44\" data-block-id=\"35\">\n<p class=\" content-text__container \" data-track-category=\"Link no Texto\" data-track-links=\"\" data-mrf-recirculation=\"Mat\u00e9ria - Links no Texto\">\ud83d\udd0e\u00a0<em>O foro privilegiado \u2013 chamado de foro especial por prerrogativa de fun\u00e7\u00e3o \u2013 \u00e9 um mecanismo previsto na Constitui\u00e7\u00e3o que faz com que algumas autoridades tenham o direito de ser julgadas por crimes comuns, ou de responsabilidade, em tribunais ou em Casas Legislativas.<\/em><\/p>\n<\/div>\n<\/div>\n<div id=\"chunk-hubm\">\n<div class=\"mc-column content-text active-extra-styles\" data-block-type=\"raw\" data-block-weight=\"38\" data-block-id=\"37\">\n<ul class=\"content-unordered-list\">\n<li>Dessa forma, nas infra\u00e7\u00f5es penais comuns, os presidentes de partidos ser\u00e3o processados e julgados originariamente no STF, assim como o presidente da Rep\u00fablica, o vice-presidente, os membros do Congresso Nacional, ministros do STF e o Procurador-Geral da Rep\u00fablica.<\/li>\n<\/ul>\n<p>FONTE: G1<\/p>\n<\/div>\n<\/div>\n<\/div>\n<\/article>\n<\/div>\n","protected":false},"excerpt":{"rendered":"<p>Foto: Lula Marques\/ Ag\u00eancia Brasil PEC da blindagem \u00e9 aprovada por deputados e vai ao Senado Texto permite a parlamentares, por exemplo, autorizarem pris\u00e3o de colegas \u2014 determinadas pela Justi\u00e7a \u2014 em vota\u00e7\u00e3o secreta. Por\u00a0Gustavo Petr\u00f3, g1\u00a0\u2014 S\u00e3o Paulo 16\/09\/2025 21h12\u00a0\u00a0Atualizado\u00a0h\u00e1 5 minutos Placar mostra vota\u00e7\u00e3o no 1\u00ba turno da PEC da Blindagem \u2014 Foto: [&hellip;]<\/p>\n","protected":false},"author":2,"featured_media":3887,"comment_status":"open","ping_status":"open","sticky":false,"template":"","format":"standard","meta":{"rop_custom_images_group":[],"rop_custom_messages_group":[],"rop_publish_now":"initial","rop_publish_now_accounts":{"twitter_850042665852968960_850042665852968960":""},"rop_publish_now_history":[],"rop_publish_now_status":"pending","footnotes":""},"categories":[15],"tags":[],"class_list":["post-3886","post","type-post","status-publish","format-standard","has-post-thumbnail","hentry","category-destaques"],"yoast_head":"<!-- This site is optimized with the Yoast SEO plugin v27.2 - https:\/\/yoast.com\/product\/yoast-seo-wordpress\/ -->\n<title>C\u00e2mara aprova PEC da Blindagem: como votaram os deputados e os partidos nos dois turnos - Prefeitos &amp; Gest\u00f5es<\/title>\n<meta name=\"description\" content=\"Texto permite a parlamentares, por exemplo, autorizarem pris\u00e3o de colegas \u2014 determinadas pela Justi\u00e7a \u2014 em vota\u00e7\u00e3o secreta.\" \/>\n<meta name=\"robots\" content=\"index, follow, max-snippet:-1, max-image-preview:large, max-video-preview:-1\" \/>\n<link rel=\"canonical\" href=\"https:\/\/prefeitosegestoes.com.br\/portal\/camara-aprova-pec-da-blindagem-como-votaram-os-deputados-e-os-partidos-nos-dois-turnos\/\" \/>\n<meta property=\"og:locale\" content=\"pt_BR\" \/>\n<meta property=\"og:type\" content=\"article\" \/>\n<meta property=\"og:title\" content=\"C\u00e2mara aprova PEC da Blindagem: como votaram os deputados e os partidos nos dois turnos - Prefeitos &amp; Gest\u00f5es\" \/>\n<meta property=\"og:description\" content=\"Texto permite a parlamentares, por exemplo, autorizarem pris\u00e3o de colegas \u2014 determinadas pela Justi\u00e7a \u2014 em vota\u00e7\u00e3o secreta.\" \/>\n<meta property=\"og:url\" content=\"https:\/\/prefeitosegestoes.com.br\/portal\/camara-aprova-pec-da-blindagem-como-votaram-os-deputados-e-os-partidos-nos-dois-turnos\/\" \/>\n<meta property=\"og:site_name\" content=\"Prefeitos &amp; Gest\u00f5es\" \/>\n<meta property=\"article:publisher\" content=\"https:\/\/www.facebook.com\/prefeitosonline\" \/>\n<meta property=\"article:published_time\" content=\"2025-09-17T12:08:54+00:00\" \/>\n<meta property=\"og:image\" content=\"https:\/\/prefeitosegestoes.com.br\/portal\/wp-content\/uploads\/2025\/09\/lula0779.webp\" \/>\n\t<meta property=\"og:image:width\" content=\"1024\" \/>\n\t<meta property=\"og:image:height\" content=\"768\" \/>\n\t<meta property=\"og:image:type\" content=\"image\/webp\" \/>\n<meta name=\"author\" content=\"Prefeitos &amp; Gest\u00f5es\" \/>\n<meta name=\"twitter:card\" content=\"summary_large_image\" \/>\n<meta name=\"twitter:creator\" content=\"@PrefGestoes\" \/>\n<meta name=\"twitter:site\" content=\"@PrefGestoes\" \/>\n<meta name=\"twitter:label1\" content=\"Escrito por\" \/>\n\t<meta name=\"twitter:data1\" content=\"Prefeitos &amp; Gest\u00f5es\" \/>\n\t<meta name=\"twitter:label2\" content=\"Est. tempo de leitura\" \/>\n\t<meta name=\"twitter:data2\" content=\"6 minutos\" \/>\n<script type=\"application\/ld+json\" class=\"yoast-schema-graph\">{\"@context\":\"https:\/\/schema.org\",\"@graph\":[{\"@type\":\"Article\",\"@id\":\"https:\/\/prefeitosegestoes.com.br\/portal\/camara-aprova-pec-da-blindagem-como-votaram-os-deputados-e-os-partidos-nos-dois-turnos\/#article\",\"isPartOf\":{\"@id\":\"https:\/\/prefeitosegestoes.com.br\/portal\/camara-aprova-pec-da-blindagem-como-votaram-os-deputados-e-os-partidos-nos-dois-turnos\/\"},\"author\":{\"name\":\"Prefeitos &amp; Gest\u00f5es\",\"@id\":\"https:\/\/prefeitosegestoes.com.br\/portal\/#\/schema\/person\/d00059f2ec99963e7e1850d448ae94b8\"},\"headline\":\"C\u00e2mara aprova PEC da Blindagem: como votaram os deputados e os partidos nos dois turnos\",\"datePublished\":\"2025-09-17T12:08:54+00:00\",\"mainEntityOfPage\":{\"@id\":\"https:\/\/prefeitosegestoes.com.br\/portal\/camara-aprova-pec-da-blindagem-como-votaram-os-deputados-e-os-partidos-nos-dois-turnos\/\"},\"wordCount\":868,\"commentCount\":0,\"publisher\":{\"@id\":\"https:\/\/prefeitosegestoes.com.br\/portal\/#organization\"},\"image\":{\"@id\":\"https:\/\/prefeitosegestoes.com.br\/portal\/camara-aprova-pec-da-blindagem-como-votaram-os-deputados-e-os-partidos-nos-dois-turnos\/#primaryimage\"},\"thumbnailUrl\":\"https:\/\/prefeitosegestoes.com.br\/portal\/wp-content\/uploads\/2025\/09\/lula0779.webp\",\"articleSection\":[\"Destaques\"],\"inLanguage\":\"pt-BR\",\"potentialAction\":[{\"@type\":\"CommentAction\",\"name\":\"Comment\",\"target\":[\"https:\/\/prefeitosegestoes.com.br\/portal\/camara-aprova-pec-da-blindagem-como-votaram-os-deputados-e-os-partidos-nos-dois-turnos\/#respond\"]}]},{\"@type\":\"WebPage\",\"@id\":\"https:\/\/prefeitosegestoes.com.br\/portal\/camara-aprova-pec-da-blindagem-como-votaram-os-deputados-e-os-partidos-nos-dois-turnos\/\",\"url\":\"https:\/\/prefeitosegestoes.com.br\/portal\/camara-aprova-pec-da-blindagem-como-votaram-os-deputados-e-os-partidos-nos-dois-turnos\/\",\"name\":\"C\u00e2mara aprova PEC da Blindagem: como votaram os deputados e os partidos nos dois turnos - Prefeitos &amp; Gest\u00f5es\",\"isPartOf\":{\"@id\":\"https:\/\/prefeitosegestoes.com.br\/portal\/#website\"},\"primaryImageOfPage\":{\"@id\":\"https:\/\/prefeitosegestoes.com.br\/portal\/camara-aprova-pec-da-blindagem-como-votaram-os-deputados-e-os-partidos-nos-dois-turnos\/#primaryimage\"},\"image\":{\"@id\":\"https:\/\/prefeitosegestoes.com.br\/portal\/camara-aprova-pec-da-blindagem-como-votaram-os-deputados-e-os-partidos-nos-dois-turnos\/#primaryimage\"},\"thumbnailUrl\":\"https:\/\/prefeitosegestoes.com.br\/portal\/wp-content\/uploads\/2025\/09\/lula0779.webp\",\"datePublished\":\"2025-09-17T12:08:54+00:00\",\"description\":\"Texto permite a parlamentares, por exemplo, autorizarem pris\u00e3o de colegas \u2014 determinadas pela Justi\u00e7a \u2014 em vota\u00e7\u00e3o secreta.\",\"breadcrumb\":{\"@id\":\"https:\/\/prefeitosegestoes.com.br\/portal\/camara-aprova-pec-da-blindagem-como-votaram-os-deputados-e-os-partidos-nos-dois-turnos\/#breadcrumb\"},\"inLanguage\":\"pt-BR\",\"potentialAction\":[{\"@type\":\"ReadAction\",\"target\":[\"https:\/\/prefeitosegestoes.com.br\/portal\/camara-aprova-pec-da-blindagem-como-votaram-os-deputados-e-os-partidos-nos-dois-turnos\/\"]}]},{\"@type\":\"ImageObject\",\"inLanguage\":\"pt-BR\",\"@id\":\"https:\/\/prefeitosegestoes.com.br\/portal\/camara-aprova-pec-da-blindagem-como-votaram-os-deputados-e-os-partidos-nos-dois-turnos\/#primaryimage\",\"url\":\"https:\/\/prefeitosegestoes.com.br\/portal\/wp-content\/uploads\/2025\/09\/lula0779.webp\",\"contentUrl\":\"https:\/\/prefeitosegestoes.com.br\/portal\/wp-content\/uploads\/2025\/09\/lula0779.webp\",\"width\":1024,\"height\":768},{\"@type\":\"BreadcrumbList\",\"@id\":\"https:\/\/prefeitosegestoes.com.br\/portal\/camara-aprova-pec-da-blindagem-como-votaram-os-deputados-e-os-partidos-nos-dois-turnos\/#breadcrumb\",\"itemListElement\":[{\"@type\":\"ListItem\",\"position\":1,\"name\":\"In\u00edcio\",\"item\":\"https:\/\/prefeitosegestoes.com.br\/portal\/\"},{\"@type\":\"ListItem\",\"position\":2,\"name\":\"C\u00e2mara aprova PEC da Blindagem: como votaram os deputados e os partidos nos dois turnos\"}]},{\"@type\":\"WebSite\",\"@id\":\"https:\/\/prefeitosegestoes.com.br\/portal\/#website\",\"url\":\"https:\/\/prefeitosegestoes.com.br\/portal\/\",\"name\":\"Prefeitos & Gest\u00f5es\",\"description\":\"\",\"publisher\":{\"@id\":\"https:\/\/prefeitosegestoes.com.br\/portal\/#organization\"},\"potentialAction\":[{\"@type\":\"SearchAction\",\"target\":{\"@type\":\"EntryPoint\",\"urlTemplate\":\"https:\/\/prefeitosegestoes.com.br\/portal\/?s={search_term_string}\"},\"query-input\":{\"@type\":\"PropertyValueSpecification\",\"valueRequired\":true,\"valueName\":\"search_term_string\"}}],\"inLanguage\":\"pt-BR\"},{\"@type\":\"Organization\",\"@id\":\"https:\/\/prefeitosegestoes.com.br\/portal\/#organization\",\"name\":\"Prefeitos & Gest\u00f5es\",\"url\":\"https:\/\/prefeitosegestoes.com.br\/portal\/\",\"logo\":{\"@type\":\"ImageObject\",\"inLanguage\":\"pt-BR\",\"@id\":\"https:\/\/prefeitosegestoes.com.br\/portal\/#\/schema\/logo\/image\/\",\"url\":\"https:\/\/prefeitosegestoes.com.br\/portal\/wp-content\/uploads\/2024\/10\/lg_trans_prefeitos_2024_preto2.png\",\"contentUrl\":\"https:\/\/prefeitosegestoes.com.br\/portal\/wp-content\/uploads\/2024\/10\/lg_trans_prefeitos_2024_preto2.png\",\"width\":199,\"height\":122,\"caption\":\"Prefeitos & Gest\u00f5es\"},\"image\":{\"@id\":\"https:\/\/prefeitosegestoes.com.br\/portal\/#\/schema\/logo\/image\/\"},\"sameAs\":[\"https:\/\/www.facebook.com\/prefeitosonline\",\"https:\/\/x.com\/PrefGestoes\"]},{\"@type\":\"Person\",\"@id\":\"https:\/\/prefeitosegestoes.com.br\/portal\/#\/schema\/person\/d00059f2ec99963e7e1850d448ae94b8\",\"name\":\"Prefeitos &amp; Gest\u00f5es\",\"image\":{\"@type\":\"ImageObject\",\"inLanguage\":\"pt-BR\",\"@id\":\"https:\/\/secure.gravatar.com\/avatar\/738fb281e479212ed32c1a21a4307dda9f3af9292edb6918a16c9ce9fff5f48d?s=96&d=mm&r=g\",\"url\":\"https:\/\/secure.gravatar.com\/avatar\/738fb281e479212ed32c1a21a4307dda9f3af9292edb6918a16c9ce9fff5f48d?s=96&d=mm&r=g\",\"contentUrl\":\"https:\/\/secure.gravatar.com\/avatar\/738fb281e479212ed32c1a21a4307dda9f3af9292edb6918a16c9ce9fff5f48d?s=96&d=mm&r=g\",\"caption\":\"Prefeitos &amp; Gest\u00f5es\"},\"url\":\"https:\/\/prefeitosegestoes.com.br\/portal\/author\/prefeitosegestoes\/\"}]}<\/script>\n<!-- \/ Yoast SEO plugin. -->","yoast_head_json":{"title":"C\u00e2mara aprova PEC da Blindagem: como votaram os deputados e os partidos nos dois turnos - Prefeitos &amp; Gest\u00f5es","description":"Texto permite a parlamentares, por exemplo, autorizarem pris\u00e3o de colegas \u2014 determinadas pela Justi\u00e7a \u2014 em vota\u00e7\u00e3o secreta.","robots":{"index":"index","follow":"follow","max-snippet":"max-snippet:-1","max-image-preview":"max-image-preview:large","max-video-preview":"max-video-preview:-1"},"canonical":"https:\/\/prefeitosegestoes.com.br\/portal\/camara-aprova-pec-da-blindagem-como-votaram-os-deputados-e-os-partidos-nos-dois-turnos\/","og_locale":"pt_BR","og_type":"article","og_title":"C\u00e2mara aprova PEC da Blindagem: como votaram os deputados e os partidos nos dois turnos - Prefeitos &amp; Gest\u00f5es","og_description":"Texto permite a parlamentares, por exemplo, autorizarem pris\u00e3o de colegas \u2014 determinadas pela Justi\u00e7a \u2014 em vota\u00e7\u00e3o secreta.","og_url":"https:\/\/prefeitosegestoes.com.br\/portal\/camara-aprova-pec-da-blindagem-como-votaram-os-deputados-e-os-partidos-nos-dois-turnos\/","og_site_name":"Prefeitos &amp; Gest\u00f5es","article_publisher":"https:\/\/www.facebook.com\/prefeitosonline","article_published_time":"2025-09-17T12:08:54+00:00","og_image":[{"width":1024,"height":768,"url":"https:\/\/prefeitosegestoes.com.br\/portal\/wp-content\/uploads\/2025\/09\/lula0779.webp","type":"image\/webp"}],"author":"Prefeitos &amp; Gest\u00f5es","twitter_card":"summary_large_image","twitter_creator":"@PrefGestoes","twitter_site":"@PrefGestoes","twitter_misc":{"Escrito por":"Prefeitos &amp; Gest\u00f5es","Est. tempo de leitura":"6 minutos"},"schema":{"@context":"https:\/\/schema.org","@graph":[{"@type":"Article","@id":"https:\/\/prefeitosegestoes.com.br\/portal\/camara-aprova-pec-da-blindagem-como-votaram-os-deputados-e-os-partidos-nos-dois-turnos\/#article","isPartOf":{"@id":"https:\/\/prefeitosegestoes.com.br\/portal\/camara-aprova-pec-da-blindagem-como-votaram-os-deputados-e-os-partidos-nos-dois-turnos\/"},"author":{"name":"Prefeitos &amp; Gest\u00f5es","@id":"https:\/\/prefeitosegestoes.com.br\/portal\/#\/schema\/person\/d00059f2ec99963e7e1850d448ae94b8"},"headline":"C\u00e2mara aprova PEC da Blindagem: como votaram os deputados e os partidos nos dois turnos","datePublished":"2025-09-17T12:08:54+00:00","mainEntityOfPage":{"@id":"https:\/\/prefeitosegestoes.com.br\/portal\/camara-aprova-pec-da-blindagem-como-votaram-os-deputados-e-os-partidos-nos-dois-turnos\/"},"wordCount":868,"commentCount":0,"publisher":{"@id":"https:\/\/prefeitosegestoes.com.br\/portal\/#organization"},"image":{"@id":"https:\/\/prefeitosegestoes.com.br\/portal\/camara-aprova-pec-da-blindagem-como-votaram-os-deputados-e-os-partidos-nos-dois-turnos\/#primaryimage"},"thumbnailUrl":"https:\/\/prefeitosegestoes.com.br\/portal\/wp-content\/uploads\/2025\/09\/lula0779.webp","articleSection":["Destaques"],"inLanguage":"pt-BR","potentialAction":[{"@type":"CommentAction","name":"Comment","target":["https:\/\/prefeitosegestoes.com.br\/portal\/camara-aprova-pec-da-blindagem-como-votaram-os-deputados-e-os-partidos-nos-dois-turnos\/#respond"]}]},{"@type":"WebPage","@id":"https:\/\/prefeitosegestoes.com.br\/portal\/camara-aprova-pec-da-blindagem-como-votaram-os-deputados-e-os-partidos-nos-dois-turnos\/","url":"https:\/\/prefeitosegestoes.com.br\/portal\/camara-aprova-pec-da-blindagem-como-votaram-os-deputados-e-os-partidos-nos-dois-turnos\/","name":"C\u00e2mara aprova PEC da Blindagem: como votaram os deputados e os partidos nos dois turnos - Prefeitos &amp; Gest\u00f5es","isPartOf":{"@id":"https:\/\/prefeitosegestoes.com.br\/portal\/#website"},"primaryImageOfPage":{"@id":"https:\/\/prefeitosegestoes.com.br\/portal\/camara-aprova-pec-da-blindagem-como-votaram-os-deputados-e-os-partidos-nos-dois-turnos\/#primaryimage"},"image":{"@id":"https:\/\/prefeitosegestoes.com.br\/portal\/camara-aprova-pec-da-blindagem-como-votaram-os-deputados-e-os-partidos-nos-dois-turnos\/#primaryimage"},"thumbnailUrl":"https:\/\/prefeitosegestoes.com.br\/portal\/wp-content\/uploads\/2025\/09\/lula0779.webp","datePublished":"2025-09-17T12:08:54+00:00","description":"Texto permite a parlamentares, por exemplo, autorizarem pris\u00e3o de colegas \u2014 determinadas pela Justi\u00e7a \u2014 em vota\u00e7\u00e3o secreta.","breadcrumb":{"@id":"https:\/\/prefeitosegestoes.com.br\/portal\/camara-aprova-pec-da-blindagem-como-votaram-os-deputados-e-os-partidos-nos-dois-turnos\/#breadcrumb"},"inLanguage":"pt-BR","potentialAction":[{"@type":"ReadAction","target":["https:\/\/prefeitosegestoes.com.br\/portal\/camara-aprova-pec-da-blindagem-como-votaram-os-deputados-e-os-partidos-nos-dois-turnos\/"]}]},{"@type":"ImageObject","inLanguage":"pt-BR","@id":"https:\/\/prefeitosegestoes.com.br\/portal\/camara-aprova-pec-da-blindagem-como-votaram-os-deputados-e-os-partidos-nos-dois-turnos\/#primaryimage","url":"https:\/\/prefeitosegestoes.com.br\/portal\/wp-content\/uploads\/2025\/09\/lula0779.webp","contentUrl":"https:\/\/prefeitosegestoes.com.br\/portal\/wp-content\/uploads\/2025\/09\/lula0779.webp","width":1024,"height":768},{"@type":"BreadcrumbList","@id":"https:\/\/prefeitosegestoes.com.br\/portal\/camara-aprova-pec-da-blindagem-como-votaram-os-deputados-e-os-partidos-nos-dois-turnos\/#breadcrumb","itemListElement":[{"@type":"ListItem","position":1,"name":"In\u00edcio","item":"https:\/\/prefeitosegestoes.com.br\/portal\/"},{"@type":"ListItem","position":2,"name":"C\u00e2mara aprova PEC da Blindagem: como votaram os deputados e os partidos nos dois turnos"}]},{"@type":"WebSite","@id":"https:\/\/prefeitosegestoes.com.br\/portal\/#website","url":"https:\/\/prefeitosegestoes.com.br\/portal\/","name":"Prefeitos & Gest\u00f5es","description":"","publisher":{"@id":"https:\/\/prefeitosegestoes.com.br\/portal\/#organization"},"potentialAction":[{"@type":"SearchAction","target":{"@type":"EntryPoint","urlTemplate":"https:\/\/prefeitosegestoes.com.br\/portal\/?s={search_term_string}"},"query-input":{"@type":"PropertyValueSpecification","valueRequired":true,"valueName":"search_term_string"}}],"inLanguage":"pt-BR"},{"@type":"Organization","@id":"https:\/\/prefeitosegestoes.com.br\/portal\/#organization","name":"Prefeitos & Gest\u00f5es","url":"https:\/\/prefeitosegestoes.com.br\/portal\/","logo":{"@type":"ImageObject","inLanguage":"pt-BR","@id":"https:\/\/prefeitosegestoes.com.br\/portal\/#\/schema\/logo\/image\/","url":"https:\/\/prefeitosegestoes.com.br\/portal\/wp-content\/uploads\/2024\/10\/lg_trans_prefeitos_2024_preto2.png","contentUrl":"https:\/\/prefeitosegestoes.com.br\/portal\/wp-content\/uploads\/2024\/10\/lg_trans_prefeitos_2024_preto2.png","width":199,"height":122,"caption":"Prefeitos & Gest\u00f5es"},"image":{"@id":"https:\/\/prefeitosegestoes.com.br\/portal\/#\/schema\/logo\/image\/"},"sameAs":["https:\/\/www.facebook.com\/prefeitosonline","https:\/\/x.com\/PrefGestoes"]},{"@type":"Person","@id":"https:\/\/prefeitosegestoes.com.br\/portal\/#\/schema\/person\/d00059f2ec99963e7e1850d448ae94b8","name":"Prefeitos &amp; Gest\u00f5es","image":{"@type":"ImageObject","inLanguage":"pt-BR","@id":"https:\/\/secure.gravatar.com\/avatar\/738fb281e479212ed32c1a21a4307dda9f3af9292edb6918a16c9ce9fff5f48d?s=96&d=mm&r=g","url":"https:\/\/secure.gravatar.com\/avatar\/738fb281e479212ed32c1a21a4307dda9f3af9292edb6918a16c9ce9fff5f48d?s=96&d=mm&r=g","contentUrl":"https:\/\/secure.gravatar.com\/avatar\/738fb281e479212ed32c1a21a4307dda9f3af9292edb6918a16c9ce9fff5f48d?s=96&d=mm&r=g","caption":"Prefeitos &amp; Gest\u00f5es"},"url":"https:\/\/prefeitosegestoes.com.br\/portal\/author\/prefeitosegestoes\/"}]}},"_links":{"self":[{"href":"https:\/\/prefeitosegestoes.com.br\/portal\/wp-json\/wp\/v2\/posts\/3886","targetHints":{"allow":["GET"]}}],"collection":[{"href":"https:\/\/prefeitosegestoes.com.br\/portal\/wp-json\/wp\/v2\/posts"}],"about":[{"href":"https:\/\/prefeitosegestoes.com.br\/portal\/wp-json\/wp\/v2\/types\/post"}],"author":[{"embeddable":true,"href":"https:\/\/prefeitosegestoes.com.br\/portal\/wp-json\/wp\/v2\/users\/2"}],"replies":[{"embeddable":true,"href":"https:\/\/prefeitosegestoes.com.br\/portal\/wp-json\/wp\/v2\/comments?post=3886"}],"version-history":[{"count":1,"href":"https:\/\/prefeitosegestoes.com.br\/portal\/wp-json\/wp\/v2\/posts\/3886\/revisions"}],"predecessor-version":[{"id":3888,"href":"https:\/\/prefeitosegestoes.com.br\/portal\/wp-json\/wp\/v2\/posts\/3886\/revisions\/3888"}],"wp:featuredmedia":[{"embeddable":true,"href":"https:\/\/prefeitosegestoes.com.br\/portal\/wp-json\/wp\/v2\/media\/3887"}],"wp:attachment":[{"href":"https:\/\/prefeitosegestoes.com.br\/portal\/wp-json\/wp\/v2\/media?parent=3886"}],"wp:term":[{"taxonomy":"category","embeddable":true,"href":"https:\/\/prefeitosegestoes.com.br\/portal\/wp-json\/wp\/v2\/categories?post=3886"},{"taxonomy":"post_tag","embeddable":true,"href":"https:\/\/prefeitosegestoes.com.br\/portal\/wp-json\/wp\/v2\/tags?post=3886"}],"curies":[{"name":"wp","href":"https:\/\/api.w.org\/{rel}","templated":true}]}}