{"id":3883,"date":"2025-09-16T13:02:56","date_gmt":"2025-09-16T16:02:56","guid":{"rendered":"https:\/\/prefeitosegestoes.com.br\/portal\/?p=3883"},"modified":"2025-09-16T13:02:56","modified_gmt":"2025-09-16T16:02:56","slug":"fnp-solicita-r-1-bilhao-para-que-municipios-comprem-produtos-pereciveis-atingidos-pelo-tarifaco","status":"publish","type":"post","link":"https:\/\/prefeitosegestoes.com.br\/portal\/fnp-solicita-r-1-bilhao-para-que-municipios-comprem-produtos-pereciveis-atingidos-pelo-tarifaco\/","title":{"rendered":"FNP solicita R$ 1 bilh\u00e3o para que munic\u00edpios comprem produtos perec\u00edveis atingidos pelo tarifa\u00e7o"},"content":{"rendered":"<h6>Foto: Jos\u00e9 Cruz\/Ag\u00eancia Brasil<\/h6>\n<h3>O an\u00fancio foi feito por Sim\u00e3o Durando, prefeito de Petrolina\/PE e vice-presidente de fruticultura irrigada da FNP, durante o lan\u00e7amento da cartilha do SEBRAE \u201cContrata\u00e7\u00e3o de G\u00eaneros Aliment\u00edcios para Estados e Munic\u00edpios: Medida Provis\u00f3ria Brasil Soberano\u201d, nesta quarta-feira, 10\/9.<\/h3>\n<p>\u201cA FNP reconhece e sa\u00fada a iniciativa do Governo Federal ao editar a Medida Provis\u00f3ria 1309\/2025, que instituiu o Plano Brasil Soberano. [..] Todavia, cumpre destacar que os munic\u00edpios n\u00e3o disp\u00f5em de disponibilidade or\u00e7ament\u00e1ria imediata para absorver tais aquisi\u00e7\u00f5es, considerando contratos vigentes de fornecimento de merenda escolar e a execu\u00e7\u00e3o or\u00e7ament\u00e1ria j\u00e1 comprometida para o exerc\u00edcio de 2025. Sem suporte adicional, a medida provis\u00f3ria, por mais merit\u00f3ria que seja, corre o risco de n\u00e3o atingir seus objetivos\u201d, afirma o of\u00edcio assinado por Eduardo Paes, prefeito do Rio de Janeiro\/RJ e presidente da FNP.<\/p>\n<p>A MP 1309\/2025, editada pelo Governo Federal para mitigar os efeitos da tarifa de 50% sobre os produtos exportados para os Estados Unidos, permite que todos os entes federativos comprem g\u00eaneros aliment\u00edcios de forma facilitada por 180 dias. Dentre os itens eleg\u00edveis est\u00e3o itens como manga, uva, a\u00e7a\u00ed, castanhas, \u00e1gua de coco, mel e pescados.<\/p>\n<p>\u201cEstamos no meio de muitas dificuldades, mas tamb\u00e9m de grandes oportunidades. A solicita\u00e7\u00e3o de cr\u00e9dito extraordin\u00e1rio chega em boa hora, \u00e9 uma batalha leg\u00edtima. O Programa Nacional de Alimenta\u00e7\u00e3o Escolar (PNAE) tem uma potencialidade enorme. O presidente Lula baixou o percentual de aquisi\u00e7\u00e3o de ultraprocessados, ent\u00e3o teremos mais recursos para adquirir \u2018comida de verdade\u2019\u201d, disse Fernanda Pacobahyba, presidente do Fundo Nacional de Desenvolvimento da Educa\u00e7\u00e3o (FNDE\/MEC), que participou do lan\u00e7amento da cartilha.<\/p>\n<p><strong>Cartilha<\/strong><\/p>\n<p>Formulada pelo Sebrae, em parceria com a FNP, a cartilha &#8220;Contrata\u00e7\u00e3o de G\u00eaneros Aliment\u00edcios para Estados e Munic\u00edpios: Medida Provis\u00f3ria Brasil Soberano\u201d esmiu\u00e7a ponto a ponto os detalhes do cap\u00edtulo da Medida Provis\u00f3ria que trata das compras governamentais, detalhando o passo a passo para que entes federativos, empresas e produtores possam aderir ao programa. A aquisi\u00e7\u00e3o de g\u00eaneros aliment\u00edcios pode ser feita por dispensa de licita\u00e7\u00e3o, sistema de registro de pre\u00e7os ou por ades\u00e3o a atas.<\/p>\n<p>Apresentado pelos t\u00e9cnicos do Sebrae Maur\u00edcio Zanin, Hudson Costa e Jeconias Rosendo, o documento traz ainda modelos de documentos que precisam ser apresentados, como termo de refer\u00eancia, parecer jur\u00eddico, minuta de contrato e a declara\u00e7\u00e3o de perda, a ser preenchida pelos exportadores.<\/p>\n<p>O documento pode ser acessado\u00a0<strong><a href=\"https:\/\/multimidia.fnp.org.br\/biblioteca\/publicacoes\/item\/1277-cartilha-contratacao-de-generos-alimenticios-para-estados-e-municipios-medida-provisoria-brasil-soberano\" target=\"_blank\" rel=\"noopener noreferrer\">aqui<\/a><\/strong>.<\/p>\n<p>\u201cO Estado verdadeiramente presente na vida das pessoas s\u00e3o os munic\u00edpios, que tem um papel preponderante na vida dos brasileiros. S\u00e3o eles que tem uma capacidade r\u00e1pida de dar resposta aos cidad\u00e3os. Por isso, temos uma rela\u00e7\u00e3o de longa data com a FNP\u201d, disse Bruno Quick, diretor t\u00e9cnico do Sebrae Nacional.<\/p>\n<p>Gilberto Perre, secret\u00e1rio-executivo da FNP, destacou em sua fala a parceria da entidade com o SEBRAE e as articula\u00e7\u00f5es feitas pela FNP com o BNDES e o Minist\u00e9rio do Desenvolvimento para auxiliar os munic\u00edpios mais afetados.<\/p>\n<p>Confira o lan\u00e7amento da cartilha\u00a0<strong><a href=\"https:\/\/www.youtube.com\/watch?v=3aqLZiBU2M4\">aqui<\/a><\/strong>.<\/p>\n<p>Fonte:FNP<\/p>\n","protected":false},"excerpt":{"rendered":"<p>Foto: Jos\u00e9 Cruz\/Ag\u00eancia Brasil O an\u00fancio foi feito por Sim\u00e3o Durando, prefeito de Petrolina\/PE e vice-presidente de fruticultura irrigada da FNP, durante o lan\u00e7amento da cartilha do SEBRAE \u201cContrata\u00e7\u00e3o de G\u00eaneros Aliment\u00edcios para Estados e Munic\u00edpios: Medida Provis\u00f3ria Brasil Soberano\u201d, nesta quarta-feira, 10\/9. \u201cA FNP reconhece e sa\u00fada a iniciativa do Governo Federal ao editar [&hellip;]<\/p>\n","protected":false},"author":2,"featured_media":3884,"comment_status":"open","ping_status":"open","sticky":false,"template":"","format":"standard","meta":{"rop_custom_images_group":[],"rop_custom_messages_group":[],"rop_publish_now":"initial","rop_publish_now_accounts":{"twitter_850042665852968960_850042665852968960":""},"rop_publish_now_history":[],"rop_publish_now_status":"pending","footnotes":""},"categories":[15],"tags":[],"class_list":["post-3883","post","type-post","status-publish","format-standard","has-post-thumbnail","hentry","category-destaques"],"yoast_head":"<!-- This site is optimized with the Yoast SEO plugin v27.2 - https:\/\/yoast.com\/product\/yoast-seo-wordpress\/ -->\n<title>FNP solicita R$ 1 bilh\u00e3o para que munic\u00edpios comprem produtos perec\u00edveis atingidos pelo tarifa\u00e7o - Prefeitos &amp; Gest\u00f5es<\/title>\n<meta name=\"description\" content=\"Frente Nacional dos Prefeitos e o Tarifa\u00e7o\" \/>\n<meta name=\"robots\" content=\"index, follow, max-snippet:-1, max-image-preview:large, max-video-preview:-1\" \/>\n<link rel=\"canonical\" href=\"https:\/\/prefeitosegestoes.com.br\/portal\/fnp-solicita-r-1-bilhao-para-que-municipios-comprem-produtos-pereciveis-atingidos-pelo-tarifaco\/\" \/>\n<meta property=\"og:locale\" content=\"pt_BR\" \/>\n<meta property=\"og:type\" content=\"article\" \/>\n<meta property=\"og:title\" content=\"FNP solicita R$ 1 bilh\u00e3o para que munic\u00edpios comprem produtos perec\u00edveis atingidos pelo tarifa\u00e7o - Prefeitos &amp; Gest\u00f5es\" \/>\n<meta property=\"og:description\" content=\"Frente Nacional dos Prefeitos e o Tarifa\u00e7o\" \/>\n<meta property=\"og:url\" content=\"https:\/\/prefeitosegestoes.com.br\/portal\/fnp-solicita-r-1-bilhao-para-que-municipios-comprem-produtos-pereciveis-atingidos-pelo-tarifaco\/\" \/>\n<meta property=\"og:site_name\" content=\"Prefeitos &amp; Gest\u00f5es\" \/>\n<meta property=\"article:publisher\" content=\"https:\/\/www.facebook.com\/prefeitosonline\" \/>\n<meta property=\"article:published_time\" content=\"2025-09-16T16:02:56+00:00\" \/>\n<meta property=\"og:image\" content=\"https:\/\/prefeitosegestoes.com.br\/portal\/wp-content\/uploads\/2025\/09\/0d9a6701.webp\" \/>\n\t<meta property=\"og:image:width\" content=\"1024\" \/>\n\t<meta property=\"og:image:height\" content=\"768\" \/>\n\t<meta property=\"og:image:type\" content=\"image\/webp\" \/>\n<meta name=\"author\" content=\"Prefeitos &amp; Gest\u00f5es\" \/>\n<meta name=\"twitter:card\" content=\"summary_large_image\" \/>\n<meta name=\"twitter:creator\" content=\"@PrefGestoes\" \/>\n<meta name=\"twitter:site\" content=\"@PrefGestoes\" \/>\n<meta name=\"twitter:label1\" content=\"Escrito por\" \/>\n\t<meta name=\"twitter:data1\" content=\"Prefeitos &amp; Gest\u00f5es\" \/>\n\t<meta name=\"twitter:label2\" content=\"Est. tempo de leitura\" \/>\n\t<meta name=\"twitter:data2\" content=\"3 minutos\" \/>\n<script type=\"application\/ld+json\" class=\"yoast-schema-graph\">{\"@context\":\"https:\/\/schema.org\",\"@graph\":[{\"@type\":\"Article\",\"@id\":\"https:\/\/prefeitosegestoes.com.br\/portal\/fnp-solicita-r-1-bilhao-para-que-municipios-comprem-produtos-pereciveis-atingidos-pelo-tarifaco\/#article\",\"isPartOf\":{\"@id\":\"https:\/\/prefeitosegestoes.com.br\/portal\/fnp-solicita-r-1-bilhao-para-que-municipios-comprem-produtos-pereciveis-atingidos-pelo-tarifaco\/\"},\"author\":{\"name\":\"Prefeitos &amp; Gest\u00f5es\",\"@id\":\"https:\/\/prefeitosegestoes.com.br\/portal\/#\/schema\/person\/d00059f2ec99963e7e1850d448ae94b8\"},\"headline\":\"FNP solicita R$ 1 bilh\u00e3o para que munic\u00edpios comprem produtos perec\u00edveis atingidos pelo tarifa\u00e7o\",\"datePublished\":\"2025-09-16T16:02:56+00:00\",\"mainEntityOfPage\":{\"@id\":\"https:\/\/prefeitosegestoes.com.br\/portal\/fnp-solicita-r-1-bilhao-para-que-municipios-comprem-produtos-pereciveis-atingidos-pelo-tarifaco\/\"},\"wordCount\":567,\"commentCount\":0,\"publisher\":{\"@id\":\"https:\/\/prefeitosegestoes.com.br\/portal\/#organization\"},\"image\":{\"@id\":\"https:\/\/prefeitosegestoes.com.br\/portal\/fnp-solicita-r-1-bilhao-para-que-municipios-comprem-produtos-pereciveis-atingidos-pelo-tarifaco\/#primaryimage\"},\"thumbnailUrl\":\"https:\/\/prefeitosegestoes.com.br\/portal\/wp-content\/uploads\/2025\/09\/0d9a6701.webp\",\"articleSection\":[\"Destaques\"],\"inLanguage\":\"pt-BR\",\"potentialAction\":[{\"@type\":\"CommentAction\",\"name\":\"Comment\",\"target\":[\"https:\/\/prefeitosegestoes.com.br\/portal\/fnp-solicita-r-1-bilhao-para-que-municipios-comprem-produtos-pereciveis-atingidos-pelo-tarifaco\/#respond\"]}]},{\"@type\":\"WebPage\",\"@id\":\"https:\/\/prefeitosegestoes.com.br\/portal\/fnp-solicita-r-1-bilhao-para-que-municipios-comprem-produtos-pereciveis-atingidos-pelo-tarifaco\/\",\"url\":\"https:\/\/prefeitosegestoes.com.br\/portal\/fnp-solicita-r-1-bilhao-para-que-municipios-comprem-produtos-pereciveis-atingidos-pelo-tarifaco\/\",\"name\":\"FNP solicita R$ 1 bilh\u00e3o para que munic\u00edpios comprem produtos perec\u00edveis atingidos pelo tarifa\u00e7o - Prefeitos &amp; Gest\u00f5es\",\"isPartOf\":{\"@id\":\"https:\/\/prefeitosegestoes.com.br\/portal\/#website\"},\"primaryImageOfPage\":{\"@id\":\"https:\/\/prefeitosegestoes.com.br\/portal\/fnp-solicita-r-1-bilhao-para-que-municipios-comprem-produtos-pereciveis-atingidos-pelo-tarifaco\/#primaryimage\"},\"image\":{\"@id\":\"https:\/\/prefeitosegestoes.com.br\/portal\/fnp-solicita-r-1-bilhao-para-que-municipios-comprem-produtos-pereciveis-atingidos-pelo-tarifaco\/#primaryimage\"},\"thumbnailUrl\":\"https:\/\/prefeitosegestoes.com.br\/portal\/wp-content\/uploads\/2025\/09\/0d9a6701.webp\",\"datePublished\":\"2025-09-16T16:02:56+00:00\",\"description\":\"Frente Nacional dos Prefeitos e o Tarifa\u00e7o\",\"breadcrumb\":{\"@id\":\"https:\/\/prefeitosegestoes.com.br\/portal\/fnp-solicita-r-1-bilhao-para-que-municipios-comprem-produtos-pereciveis-atingidos-pelo-tarifaco\/#breadcrumb\"},\"inLanguage\":\"pt-BR\",\"potentialAction\":[{\"@type\":\"ReadAction\",\"target\":[\"https:\/\/prefeitosegestoes.com.br\/portal\/fnp-solicita-r-1-bilhao-para-que-municipios-comprem-produtos-pereciveis-atingidos-pelo-tarifaco\/\"]}]},{\"@type\":\"ImageObject\",\"inLanguage\":\"pt-BR\",\"@id\":\"https:\/\/prefeitosegestoes.com.br\/portal\/fnp-solicita-r-1-bilhao-para-que-municipios-comprem-produtos-pereciveis-atingidos-pelo-tarifaco\/#primaryimage\",\"url\":\"https:\/\/prefeitosegestoes.com.br\/portal\/wp-content\/uploads\/2025\/09\/0d9a6701.webp\",\"contentUrl\":\"https:\/\/prefeitosegestoes.com.br\/portal\/wp-content\/uploads\/2025\/09\/0d9a6701.webp\",\"width\":1024,\"height\":768},{\"@type\":\"BreadcrumbList\",\"@id\":\"https:\/\/prefeitosegestoes.com.br\/portal\/fnp-solicita-r-1-bilhao-para-que-municipios-comprem-produtos-pereciveis-atingidos-pelo-tarifaco\/#breadcrumb\",\"itemListElement\":[{\"@type\":\"ListItem\",\"position\":1,\"name\":\"In\u00edcio\",\"item\":\"https:\/\/prefeitosegestoes.com.br\/portal\/\"},{\"@type\":\"ListItem\",\"position\":2,\"name\":\"FNP solicita R$ 1 bilh\u00e3o para que munic\u00edpios comprem produtos perec\u00edveis atingidos pelo tarifa\u00e7o\"}]},{\"@type\":\"WebSite\",\"@id\":\"https:\/\/prefeitosegestoes.com.br\/portal\/#website\",\"url\":\"https:\/\/prefeitosegestoes.com.br\/portal\/\",\"name\":\"Prefeitos & Gest\u00f5es\",\"description\":\"\",\"publisher\":{\"@id\":\"https:\/\/prefeitosegestoes.com.br\/portal\/#organization\"},\"potentialAction\":[{\"@type\":\"SearchAction\",\"target\":{\"@type\":\"EntryPoint\",\"urlTemplate\":\"https:\/\/prefeitosegestoes.com.br\/portal\/?s={search_term_string}\"},\"query-input\":{\"@type\":\"PropertyValueSpecification\",\"valueRequired\":true,\"valueName\":\"search_term_string\"}}],\"inLanguage\":\"pt-BR\"},{\"@type\":\"Organization\",\"@id\":\"https:\/\/prefeitosegestoes.com.br\/portal\/#organization\",\"name\":\"Prefeitos & Gest\u00f5es\",\"url\":\"https:\/\/prefeitosegestoes.com.br\/portal\/\",\"logo\":{\"@type\":\"ImageObject\",\"inLanguage\":\"pt-BR\",\"@id\":\"https:\/\/prefeitosegestoes.com.br\/portal\/#\/schema\/logo\/image\/\",\"url\":\"https:\/\/prefeitosegestoes.com.br\/portal\/wp-content\/uploads\/2024\/10\/lg_trans_prefeitos_2024_preto2.png\",\"contentUrl\":\"https:\/\/prefeitosegestoes.com.br\/portal\/wp-content\/uploads\/2024\/10\/lg_trans_prefeitos_2024_preto2.png\",\"width\":199,\"height\":122,\"caption\":\"Prefeitos & Gest\u00f5es\"},\"image\":{\"@id\":\"https:\/\/prefeitosegestoes.com.br\/portal\/#\/schema\/logo\/image\/\"},\"sameAs\":[\"https:\/\/www.facebook.com\/prefeitosonline\",\"https:\/\/x.com\/PrefGestoes\"]},{\"@type\":\"Person\",\"@id\":\"https:\/\/prefeitosegestoes.com.br\/portal\/#\/schema\/person\/d00059f2ec99963e7e1850d448ae94b8\",\"name\":\"Prefeitos &amp; Gest\u00f5es\",\"image\":{\"@type\":\"ImageObject\",\"inLanguage\":\"pt-BR\",\"@id\":\"https:\/\/secure.gravatar.com\/avatar\/738fb281e479212ed32c1a21a4307dda9f3af9292edb6918a16c9ce9fff5f48d?s=96&d=mm&r=g\",\"url\":\"https:\/\/secure.gravatar.com\/avatar\/738fb281e479212ed32c1a21a4307dda9f3af9292edb6918a16c9ce9fff5f48d?s=96&d=mm&r=g\",\"contentUrl\":\"https:\/\/secure.gravatar.com\/avatar\/738fb281e479212ed32c1a21a4307dda9f3af9292edb6918a16c9ce9fff5f48d?s=96&d=mm&r=g\",\"caption\":\"Prefeitos &amp; Gest\u00f5es\"},\"url\":\"https:\/\/prefeitosegestoes.com.br\/portal\/author\/prefeitosegestoes\/\"}]}<\/script>\n<!-- \/ Yoast SEO plugin. -->","yoast_head_json":{"title":"FNP solicita R$ 1 bilh\u00e3o para que munic\u00edpios comprem produtos perec\u00edveis atingidos pelo tarifa\u00e7o - Prefeitos &amp; Gest\u00f5es","description":"Frente Nacional dos Prefeitos e o Tarifa\u00e7o","robots":{"index":"index","follow":"follow","max-snippet":"max-snippet:-1","max-image-preview":"max-image-preview:large","max-video-preview":"max-video-preview:-1"},"canonical":"https:\/\/prefeitosegestoes.com.br\/portal\/fnp-solicita-r-1-bilhao-para-que-municipios-comprem-produtos-pereciveis-atingidos-pelo-tarifaco\/","og_locale":"pt_BR","og_type":"article","og_title":"FNP solicita R$ 1 bilh\u00e3o para que munic\u00edpios comprem produtos perec\u00edveis atingidos pelo tarifa\u00e7o - Prefeitos &amp; Gest\u00f5es","og_description":"Frente Nacional dos Prefeitos e o Tarifa\u00e7o","og_url":"https:\/\/prefeitosegestoes.com.br\/portal\/fnp-solicita-r-1-bilhao-para-que-municipios-comprem-produtos-pereciveis-atingidos-pelo-tarifaco\/","og_site_name":"Prefeitos &amp; Gest\u00f5es","article_publisher":"https:\/\/www.facebook.com\/prefeitosonline","article_published_time":"2025-09-16T16:02:56+00:00","og_image":[{"width":1024,"height":768,"url":"https:\/\/prefeitosegestoes.com.br\/portal\/wp-content\/uploads\/2025\/09\/0d9a6701.webp","type":"image\/webp"}],"author":"Prefeitos &amp; Gest\u00f5es","twitter_card":"summary_large_image","twitter_creator":"@PrefGestoes","twitter_site":"@PrefGestoes","twitter_misc":{"Escrito por":"Prefeitos &amp; Gest\u00f5es","Est. tempo de leitura":"3 minutos"},"schema":{"@context":"https:\/\/schema.org","@graph":[{"@type":"Article","@id":"https:\/\/prefeitosegestoes.com.br\/portal\/fnp-solicita-r-1-bilhao-para-que-municipios-comprem-produtos-pereciveis-atingidos-pelo-tarifaco\/#article","isPartOf":{"@id":"https:\/\/prefeitosegestoes.com.br\/portal\/fnp-solicita-r-1-bilhao-para-que-municipios-comprem-produtos-pereciveis-atingidos-pelo-tarifaco\/"},"author":{"name":"Prefeitos &amp; Gest\u00f5es","@id":"https:\/\/prefeitosegestoes.com.br\/portal\/#\/schema\/person\/d00059f2ec99963e7e1850d448ae94b8"},"headline":"FNP solicita R$ 1 bilh\u00e3o para que munic\u00edpios comprem produtos perec\u00edveis atingidos pelo tarifa\u00e7o","datePublished":"2025-09-16T16:02:56+00:00","mainEntityOfPage":{"@id":"https:\/\/prefeitosegestoes.com.br\/portal\/fnp-solicita-r-1-bilhao-para-que-municipios-comprem-produtos-pereciveis-atingidos-pelo-tarifaco\/"},"wordCount":567,"commentCount":0,"publisher":{"@id":"https:\/\/prefeitosegestoes.com.br\/portal\/#organization"},"image":{"@id":"https:\/\/prefeitosegestoes.com.br\/portal\/fnp-solicita-r-1-bilhao-para-que-municipios-comprem-produtos-pereciveis-atingidos-pelo-tarifaco\/#primaryimage"},"thumbnailUrl":"https:\/\/prefeitosegestoes.com.br\/portal\/wp-content\/uploads\/2025\/09\/0d9a6701.webp","articleSection":["Destaques"],"inLanguage":"pt-BR","potentialAction":[{"@type":"CommentAction","name":"Comment","target":["https:\/\/prefeitosegestoes.com.br\/portal\/fnp-solicita-r-1-bilhao-para-que-municipios-comprem-produtos-pereciveis-atingidos-pelo-tarifaco\/#respond"]}]},{"@type":"WebPage","@id":"https:\/\/prefeitosegestoes.com.br\/portal\/fnp-solicita-r-1-bilhao-para-que-municipios-comprem-produtos-pereciveis-atingidos-pelo-tarifaco\/","url":"https:\/\/prefeitosegestoes.com.br\/portal\/fnp-solicita-r-1-bilhao-para-que-municipios-comprem-produtos-pereciveis-atingidos-pelo-tarifaco\/","name":"FNP solicita R$ 1 bilh\u00e3o para que munic\u00edpios comprem produtos perec\u00edveis atingidos pelo tarifa\u00e7o - Prefeitos &amp; Gest\u00f5es","isPartOf":{"@id":"https:\/\/prefeitosegestoes.com.br\/portal\/#website"},"primaryImageOfPage":{"@id":"https:\/\/prefeitosegestoes.com.br\/portal\/fnp-solicita-r-1-bilhao-para-que-municipios-comprem-produtos-pereciveis-atingidos-pelo-tarifaco\/#primaryimage"},"image":{"@id":"https:\/\/prefeitosegestoes.com.br\/portal\/fnp-solicita-r-1-bilhao-para-que-municipios-comprem-produtos-pereciveis-atingidos-pelo-tarifaco\/#primaryimage"},"thumbnailUrl":"https:\/\/prefeitosegestoes.com.br\/portal\/wp-content\/uploads\/2025\/09\/0d9a6701.webp","datePublished":"2025-09-16T16:02:56+00:00","description":"Frente Nacional dos Prefeitos e o Tarifa\u00e7o","breadcrumb":{"@id":"https:\/\/prefeitosegestoes.com.br\/portal\/fnp-solicita-r-1-bilhao-para-que-municipios-comprem-produtos-pereciveis-atingidos-pelo-tarifaco\/#breadcrumb"},"inLanguage":"pt-BR","potentialAction":[{"@type":"ReadAction","target":["https:\/\/prefeitosegestoes.com.br\/portal\/fnp-solicita-r-1-bilhao-para-que-municipios-comprem-produtos-pereciveis-atingidos-pelo-tarifaco\/"]}]},{"@type":"ImageObject","inLanguage":"pt-BR","@id":"https:\/\/prefeitosegestoes.com.br\/portal\/fnp-solicita-r-1-bilhao-para-que-municipios-comprem-produtos-pereciveis-atingidos-pelo-tarifaco\/#primaryimage","url":"https:\/\/prefeitosegestoes.com.br\/portal\/wp-content\/uploads\/2025\/09\/0d9a6701.webp","contentUrl":"https:\/\/prefeitosegestoes.com.br\/portal\/wp-content\/uploads\/2025\/09\/0d9a6701.webp","width":1024,"height":768},{"@type":"BreadcrumbList","@id":"https:\/\/prefeitosegestoes.com.br\/portal\/fnp-solicita-r-1-bilhao-para-que-municipios-comprem-produtos-pereciveis-atingidos-pelo-tarifaco\/#breadcrumb","itemListElement":[{"@type":"ListItem","position":1,"name":"In\u00edcio","item":"https:\/\/prefeitosegestoes.com.br\/portal\/"},{"@type":"ListItem","position":2,"name":"FNP solicita R$ 1 bilh\u00e3o para que munic\u00edpios comprem produtos perec\u00edveis atingidos pelo tarifa\u00e7o"}]},{"@type":"WebSite","@id":"https:\/\/prefeitosegestoes.com.br\/portal\/#website","url":"https:\/\/prefeitosegestoes.com.br\/portal\/","name":"Prefeitos & Gest\u00f5es","description":"","publisher":{"@id":"https:\/\/prefeitosegestoes.com.br\/portal\/#organization"},"potentialAction":[{"@type":"SearchAction","target":{"@type":"EntryPoint","urlTemplate":"https:\/\/prefeitosegestoes.com.br\/portal\/?s={search_term_string}"},"query-input":{"@type":"PropertyValueSpecification","valueRequired":true,"valueName":"search_term_string"}}],"inLanguage":"pt-BR"},{"@type":"Organization","@id":"https:\/\/prefeitosegestoes.com.br\/portal\/#organization","name":"Prefeitos & Gest\u00f5es","url":"https:\/\/prefeitosegestoes.com.br\/portal\/","logo":{"@type":"ImageObject","inLanguage":"pt-BR","@id":"https:\/\/prefeitosegestoes.com.br\/portal\/#\/schema\/logo\/image\/","url":"https:\/\/prefeitosegestoes.com.br\/portal\/wp-content\/uploads\/2024\/10\/lg_trans_prefeitos_2024_preto2.png","contentUrl":"https:\/\/prefeitosegestoes.com.br\/portal\/wp-content\/uploads\/2024\/10\/lg_trans_prefeitos_2024_preto2.png","width":199,"height":122,"caption":"Prefeitos & Gest\u00f5es"},"image":{"@id":"https:\/\/prefeitosegestoes.com.br\/portal\/#\/schema\/logo\/image\/"},"sameAs":["https:\/\/www.facebook.com\/prefeitosonline","https:\/\/x.com\/PrefGestoes"]},{"@type":"Person","@id":"https:\/\/prefeitosegestoes.com.br\/portal\/#\/schema\/person\/d00059f2ec99963e7e1850d448ae94b8","name":"Prefeitos &amp; Gest\u00f5es","image":{"@type":"ImageObject","inLanguage":"pt-BR","@id":"https:\/\/secure.gravatar.com\/avatar\/738fb281e479212ed32c1a21a4307dda9f3af9292edb6918a16c9ce9fff5f48d?s=96&d=mm&r=g","url":"https:\/\/secure.gravatar.com\/avatar\/738fb281e479212ed32c1a21a4307dda9f3af9292edb6918a16c9ce9fff5f48d?s=96&d=mm&r=g","contentUrl":"https:\/\/secure.gravatar.com\/avatar\/738fb281e479212ed32c1a21a4307dda9f3af9292edb6918a16c9ce9fff5f48d?s=96&d=mm&r=g","caption":"Prefeitos &amp; Gest\u00f5es"},"url":"https:\/\/prefeitosegestoes.com.br\/portal\/author\/prefeitosegestoes\/"}]}},"_links":{"self":[{"href":"https:\/\/prefeitosegestoes.com.br\/portal\/wp-json\/wp\/v2\/posts\/3883","targetHints":{"allow":["GET"]}}],"collection":[{"href":"https:\/\/prefeitosegestoes.com.br\/portal\/wp-json\/wp\/v2\/posts"}],"about":[{"href":"https:\/\/prefeitosegestoes.com.br\/portal\/wp-json\/wp\/v2\/types\/post"}],"author":[{"embeddable":true,"href":"https:\/\/prefeitosegestoes.com.br\/portal\/wp-json\/wp\/v2\/users\/2"}],"replies":[{"embeddable":true,"href":"https:\/\/prefeitosegestoes.com.br\/portal\/wp-json\/wp\/v2\/comments?post=3883"}],"version-history":[{"count":1,"href":"https:\/\/prefeitosegestoes.com.br\/portal\/wp-json\/wp\/v2\/posts\/3883\/revisions"}],"predecessor-version":[{"id":3885,"href":"https:\/\/prefeitosegestoes.com.br\/portal\/wp-json\/wp\/v2\/posts\/3883\/revisions\/3885"}],"wp:featuredmedia":[{"embeddable":true,"href":"https:\/\/prefeitosegestoes.com.br\/portal\/wp-json\/wp\/v2\/media\/3884"}],"wp:attachment":[{"href":"https:\/\/prefeitosegestoes.com.br\/portal\/wp-json\/wp\/v2\/media?parent=3883"}],"wp:term":[{"taxonomy":"category","embeddable":true,"href":"https:\/\/prefeitosegestoes.com.br\/portal\/wp-json\/wp\/v2\/categories?post=3883"},{"taxonomy":"post_tag","embeddable":true,"href":"https:\/\/prefeitosegestoes.com.br\/portal\/wp-json\/wp\/v2\/tags?post=3883"}],"curies":[{"name":"wp","href":"https:\/\/api.w.org\/{rel}","templated":true}]}}