{"id":3880,"date":"2025-09-16T12:48:36","date_gmt":"2025-09-16T15:48:36","guid":{"rendered":"https:\/\/prefeitosegestoes.com.br\/portal\/?p=3880"},"modified":"2025-09-16T12:48:36","modified_gmt":"2025-09-16T15:48:36","slug":"desemprego-recua-para-56-em-julho-menor-nivel-da-serie-historica-do-ibge","status":"publish","type":"post","link":"https:\/\/prefeitosegestoes.com.br\/portal\/desemprego-recua-para-56-em-julho-menor-nivel-da-serie-historica-do-ibge\/","title":{"rendered":"Desemprego recua para 5,6% em julho, menor n\u00edvel da s\u00e9rie hist\u00f3rica do IBGE"},"content":{"rendered":"<div class=\"mc-article-header\">\n<div class=\"row content-head mc-column non-featured \">\n<div class=\"medium-centered subtitle\">\n<h6 class=\"content-head__subtitle\">Foto: Marcelo Camargo\/Ag\u00eancia Brasil<\/h6>\n<h2 class=\"content-head__subtitle\">N\u00famero de desocupados chegou a 6,11 milh\u00f5es de pessoas no trimestre, o menor patamar desde o fim de 2013. Popula\u00e7\u00e3o ocupada chegou ao recorde de 102,4 milh\u00f5es.<\/h2>\n<\/div>\n<\/div>\n<div class=\"content__signa-share mc-column\">\n<div class=\"content__signature\">\n<div class=\"content-publication-data\">\n<div class=\"content-publication-data__text\">\n<p class=\"content-publication-data__from\" title=\"Micaela Santos\">Por\u00a0<a class=\"multi_signatures\" href=\"https:\/\/g1.globo.com\/autores\/micaela-santos\/\">Micaela Santos<\/a>, g1\u00a0\u2014 S\u00e3o Paulo<\/p>\n<p class=\"content-publication-data__updated\"><time datetime=\"2025-09-16T09:00:33.187-03:00\">16\/09\/2025 09h00\u00a0<\/time><span class=\"content-publication-data__updated-relative\">\u00a0<time datetime=\"2025-09-16T12:35:53.486-03:00\">Atualizado\u00a0<time datetime=\"2025-09-16T12:35:53.486-03:00\">h\u00e1 3 minutos<\/time><\/time><\/span><\/p>\n<\/div>\n<\/div>\n<\/div>\n<\/div>\n<div class=\"glb-share-bar content__share-bar\">\n<div class=\"glb-share-bar_icons\">\n<div class=\"glb-share-bar_button-img\">Desemprego cai para 5,6% no trimestre encerrado em julho<\/div>\n<\/div>\n<\/div>\n<\/div>\n<div class=\"mc-article-body\">\n<article>\n<div id=\"chunk-puuu\">\n<div class=\"mc-column content-text active-extra-styles \" data-block-type=\"unstyled\" data-block-weight=\"36\" data-block-id=\"3\">\n<p class=\" content-text__container \" data-track-category=\"Link no Texto\" data-track-links=\"\" data-mrf-recirculation=\"Mat\u00e9ria - Links no Texto\">A taxa de desemprego no Brasil recuou para\u00a0<strong>5,6%<\/strong>\u00a0no trimestre encerrado em julho, segundo a Pesquisa Nacional por Amostra de Domic\u00edlios (Pnad Cont\u00ednua), divulgada nesta ter\u00e7a-feira (16) pelo Instituto Brasileiro de Geografia e Estat\u00edstica (<a class=\"\" href=\"https:\/\/g1.globo.com\/tudo-sobre\/ibge\/\" data-mrf-link=\"https:\/\/g1.globo.com\/tudo-sobre\/ibge\/\">IBGE<\/a>).<\/p>\n<\/div>\n<\/div>\n<div class=\"wall protected-content\">\n<div id=\"chunk-8pdf2\">\n<div class=\"mc-column content-text active-extra-styles \" data-block-type=\"unstyled\" data-block-weight=\"33\" data-block-id=\"5\">\n<p class=\" content-text__container \" data-track-category=\"Link no Texto\" data-track-links=\"\" data-mrf-recirculation=\"Mat\u00e9ria - Links no Texto\"><strong><span class=\"highlight highlighted\">Esse foi o menor n\u00edvel da s\u00e9rie hist\u00f3rica do instituto, iniciada em 2012.<\/span><\/strong>\u00a0No trimestre anterior, encerrado em abril,\u00a0<a class=\"\" href=\"https:\/\/g1.globo.com\/economia\/noticia\/2025\/05\/29\/desemprego-fica-em-66percent-no-trimestre-terminado-em-abril-diz-ibge.ghtml\" data-mrf-link=\"https:\/\/g1.globo.com\/economia\/noticia\/2025\/05\/29\/desemprego-fica-em-66percent-no-trimestre-terminado-em-abril-diz-ibge.ghtml\">a taxa era de 6,6%<\/a>. No mesmo per\u00edodo do ano passado, era de 6,9%.<\/p>\n<\/div>\n<\/div>\n<div id=\"chunk-212bs\">\n<div class=\"mc-column content-text active-extra-styles \" data-block-type=\"unstyled\" data-block-weight=\"50\" data-block-id=\"7\">\n<p class=\" content-text__container \" data-track-category=\"Link no Texto\" data-track-links=\"\" data-mrf-recirculation=\"Mat\u00e9ria - Links no Texto\"><span class=\"highlight highlighted\">A desocupa\u00e7\u00e3o atingiu 6,11 milh\u00f5es de pessoas no trimestre, o menor n\u00famero desde o fim de 2013, quando era de 6,10 milh\u00f5es.<\/span> O resultado representa uma queda de 14,2% (1 milh\u00e3o de pessoas) contra o trimestre anterior e de 16% (menos 1,2 milh\u00e3o) em rela\u00e7\u00e3o ao mesmo trimestre de 2024.<\/p>\n<\/div>\n<\/div>\n<div id=\"chunk-3fe6e\">\n<div class=\"show-flourish-embed-block\" data-mrf-recirculation=\"Mat\u00e9ria - Flourish\">\n<div class=\"show-flourish-embed-block__container show-flourish-embed-block__container--visualization\" data-flourish-embed=\"\" data-flourish-content-type=\"visualization\">\n<div class=\"flourish-embed flourish-embed--visualization flourish-background\" data-src=\"visualisation\/25156919\" data-width=\"100%\"><iframe title=\"Interactive or visual content\" src=\"https:\/\/flo.uri.sh\/visualisation\/25156919\/embed?auto=1\" frameborder=\"0\" scrolling=\"no\" sandbox=\"allow-same-origin allow-forms allow-scripts allow-downloads allow-popups allow-popups-to-escape-sandbox allow-top-navigation-by-user-activation\" data-mce-fragment=\"1\"><\/iframe><\/div>\n<\/div>\n<\/div>\n<\/div>\n<div id=\"chunk-ctjhf\">\n<div class=\"mc-column content-text active-extra-styles \" data-block-type=\"unstyled\" data-block-weight=\"31\" data-block-id=\"9\">\n<p class=\" content-text__container \" data-track-category=\"Link no Texto\" data-track-links=\"\" data-mrf-recirculation=\"Mat\u00e9ria - Links no Texto\"><span class=\"highlight highlighted\">J\u00e1 a popula\u00e7\u00e3o\u00a0<\/span><strong><span class=\"highlight highlighted\">ocupada<\/span><\/strong><span class=\"highlight highlighted\">\u00a0chegou ao recorde de\u00a0<\/span><strong><span class=\"highlight highlighted\">102,4 milh\u00f5es<\/span><\/strong><span class=\"highlight highlighted\">\u00a0de pessoas.<\/span>\u00a0Desse total, o n\u00famero de\u00a0<strong>empregados com carteira assinada<\/strong>\u00a0tamb\u00e9m foi o mais alto j\u00e1 registrado, somando\u00a0<strong>39,1 milh\u00f5es<\/strong>.<\/p>\n<\/div>\n<\/div>\n<div id=\"chunk-8f75c\">\n<div class=\"mc-column content-text active-extra-styles \" data-block-type=\"unstyled\" data-block-weight=\"27\" data-block-id=\"10\">\n<p class=\" content-text__container \" data-track-category=\"Link no Texto\" data-track-links=\"\" data-mrf-recirculation=\"Mat\u00e9ria - Links no Texto\">Segundo o IBGE, esse aumento no n\u00famero de trabalhadores com carteira puxou o recuo da desocupa\u00e7\u00e3o no pa\u00eds. Desse contingente, os setores quem mais contrataram foram:<\/p>\n<\/div>\n<\/div>\n<div id=\"chunk-d8r0u\">\n<div class=\"mc-column content-text active-extra-styles\" data-block-type=\"raw\" data-block-weight=\"26\" data-block-id=\"11\">\n<ol class=\"content-ordered-list theme-ordered-list-color-primary\">\n<li>Administra\u00e7\u00e3o p\u00fablica, sa\u00fade, educa\u00e7\u00e3o e servi\u00e7os sociais (+522 mil);<\/li>\n<li>Servi\u00e7os ligados a informa\u00e7\u00e3o, comunica\u00e7\u00e3o, finan\u00e7as e administra\u00e7\u00e3o (+260 mil);<\/li>\n<li>Agropecu\u00e1ria e atividades relacionadas (+206 mil pessoas).<\/li>\n<\/ol>\n<\/div>\n<\/div>\n<div id=\"chunk-frqae\">\n<div class=\"mc-column content-text active-extra-styles \" data-block-type=\"unstyled\" data-block-weight=\"13\" data-block-id=\"12\">\n<p class=\" content-text__container \" data-track-category=\"Link no Texto\" data-track-links=\"\" data-mrf-recirculation=\"Mat\u00e9ria - Links no Texto\"><strong>Na compara\u00e7\u00e3o com o mesmo per\u00edodo de 2024, cinco setores se destacaram:<\/strong><\/p>\n<\/div>\n<\/div>\n<div id=\"chunk-97m67\">\n<div class=\"mc-column content-text active-extra-styles\" data-block-type=\"raw\" data-block-weight=\"29\" data-block-id=\"13\">\n<ol class=\"content-ordered-list theme-ordered-list-color-primary\">\n<li>Administra\u00e7\u00e3o p\u00fablica, sa\u00fade, educa\u00e7\u00e3o e servi\u00e7os sociais (+677 mil).<\/li>\n<li>Ind\u00fastria (+580 mil);<\/li>\n<li>Servi\u00e7os de informa\u00e7\u00e3o, comunica\u00e7\u00e3o, finan\u00e7as e administra\u00e7\u00e3o (+480 mil);<\/li>\n<li>Com\u00e9rcio (+398 mil);<\/li>\n<li>Transporte e correio (+360 mil);<\/li>\n<\/ol>\n<\/div>\n<\/div>\n<div id=\"chunk-2l0uo\">\n<div class=\"mc-column content-text active-extra-styles\" data-block-type=\"raw\" data-block-weight=\"36\" data-block-id=\"15\">\n<blockquote class=\"content-blockquote theme-border-color-primary-before\"><p>Para William Kratochwill, analista do IBGE, \u201cesses n\u00fameros sustentam o bom momento do mercado de trabalho, com crescimento da ocupa\u00e7\u00e3o e redu\u00e7\u00e3o da subutiliza\u00e7\u00e3o da m\u00e3o de obra, ou seja, um mercado de trabalho mais ativo\u201d.<\/p><\/blockquote>\n<\/div>\n<\/div>\n<div id=\"chunk-1b2o0\">\n<div class=\"mc-column content-text active-extra-styles\" data-block-type=\"raw\" data-block-weight=\"5\" data-block-id=\"16\">\n<div class=\"content-intertitle\">\n<h2>Veja os destaques da pesquisa<\/h2>\n<\/div>\n<\/div>\n<\/div>\n<div id=\"chunk-bo9ns\">\n<div class=\"mc-column content-text active-extra-styles\" data-block-type=\"raw\" data-block-weight=\"48\" data-block-id=\"17\">\n<ul class=\"content-unordered-list\">\n<li>Taxa de desocupa\u00e7\u00e3o: 5,6%<\/li>\n<li>Popula\u00e7\u00e3o desocupada: 6,118 milh\u00f5es de pessoas<\/li>\n<li>Popula\u00e7\u00e3o ocupada: 102,4 milh\u00f5es<\/li>\n<li>Popula\u00e7\u00e3o fora da for\u00e7a de trabalho: 65,6 milh\u00f5es<\/li>\n<li>Popula\u00e7\u00e3o desalentada: 2,7 milh\u00f5es<\/li>\n<li>Empregados com carteira assinada: 39,1 milh\u00f5es<\/li>\n<li>Empregados sem carteira assinada: 13,5 milh\u00f5es<\/li>\n<li>Trabalhadores por conta pr\u00f3pria: 25,9 milh\u00f5es<\/li>\n<li>Trabalhadores informais: 38,8 milh\u00f5es<\/li>\n<\/ul>\n<\/div>\n<\/div>\n<div id=\"chunk-ed1v3\">\n<div class=\"show-flourish-embed-block\" data-mrf-recirculation=\"Mat\u00e9ria - Flourish\">\n<div class=\"show-flourish-embed-block__container show-flourish-embed-block__container--visualization\" data-flourish-embed=\"\" data-flourish-content-type=\"visualization\">\n<div class=\"flourish-embed flourish-embed--visualization flourish-background\" data-src=\"visualisation\/25156927\" data-width=\"100%\"><iframe title=\"Interactive or visual content\" src=\"https:\/\/flo.uri.sh\/visualisation\/25156927\/embed?auto=1\" frameborder=\"0\" scrolling=\"no\" sandbox=\"allow-same-origin allow-forms allow-scripts allow-downloads allow-popups allow-popups-to-escape-sandbox allow-top-navigation-by-user-activation\" data-mce-fragment=\"1\"><\/iframe><\/div>\n<\/div>\n<\/div>\n<\/div>\n<div id=\"chunk-sp9q\">\n<div class=\"mc-column content-text active-extra-styles \" data-block-type=\"unstyled\" data-block-weight=\"45\" data-block-id=\"18\">\n<p class=\" content-text__container \" data-track-category=\"Link no Texto\" data-track-links=\"\" data-mrf-recirculation=\"Mat\u00e9ria - Links no Texto\">A\u00a0<strong>for\u00e7a de trabalho<\/strong>, que inclui ocupados e desocupados, atingiu\u00a0<strong>108,6 milh\u00f5es<\/strong> de pessoas, tamb\u00e9m um novo recorde da s\u00e9rie hist\u00f3rica do IBGE. O n\u00famero permaneceu estatisticamente est\u00e1vel frente ao trimestre anterior, mas avan\u00e7ou 1,1% (mais 1,2 milh\u00e3o) em rela\u00e7\u00e3o ao mesmo per\u00edodo de 2024.<\/p>\n<\/div>\n<\/div>\n<div id=\"chunk-913oe\">\n<div class=\"mc-column content-text active-extra-styles \" data-block-type=\"unstyled\" data-block-weight=\"17\" data-block-id=\"20\">\n<p class=\" content-text__container \" data-track-category=\"Link no Texto\" data-track-links=\"\" data-mrf-recirculation=\"Mat\u00e9ria - Links no Texto\">A popula\u00e7\u00e3o\u00a0<strong>fora da for\u00e7a de trabalho<\/strong> somou 65,6 milh\u00f5es, tamb\u00e9m mantendo estabilidade nas duas compara\u00e7\u00f5es.<\/p>\n<\/div>\n<\/div>\n<div id=\"chunk-22lks\">\n<div class=\"mc-column content-text active-extra-styles\" data-block-type=\"raw\" data-block-weight=\"47\" data-block-id=\"21\">\n<ul class=\"content-unordered-list\">\n<li><em>\ud83d\udd0eA\u00a0<\/em><strong><em>popula\u00e7\u00e3o ocupada<\/em><\/strong><em>\u00a0inclui todas as pessoas que est\u00e3o trabalhando, formal ou informalmente. J\u00e1 a\u00a0<\/em><strong><em>for\u00e7a de trabalho<\/em><\/strong><em>\u00a0re\u00fane os ocupados e os desocupados, ou seja, quem est\u00e1 empregado e quem busca emprego. Quem n\u00e3o trabalha nem procura trabalho integra a popula\u00e7\u00e3o\u00a0<\/em><strong><em>fora da for\u00e7a de trabalho.<\/em><\/strong><\/li>\n<\/ul>\n<\/div>\n<\/div>\n<div id=\"chunk-amh9v\">\n<div class=\"mc-column content-text active-extra-styles \" data-block-type=\"unstyled\" data-block-weight=\"43\" data-block-id=\"22\">\n<p class=\" content-text__container \" data-track-category=\"Link no Texto\" data-track-links=\"\" data-mrf-recirculation=\"Mat\u00e9ria - Links no Texto\">A popula\u00e7\u00e3o\u00a0<strong>desalentada<\/strong>\u00a0chegou a\u00a0<strong>2,7 milh\u00f5es<\/strong>\u00a0de pessoas, e caiu 11% no trimestre (menos 332 mil) e 15% no ano (menos 475 mil). A taxa de desalento recuou 0,3 ponto percentual no per\u00edodo e 0,4 ponto percentual no ano, chegando a\u00a0<strong>2,4%<\/strong>.<\/p>\n<\/div>\n<\/div>\n<div id=\"chunk-8j4l2\">\n<div class=\"mc-column content-text active-extra-styles \" data-block-type=\"unstyled\" data-block-weight=\"49\" data-block-id=\"23\">\n<p class=\" content-text__container \" data-track-category=\"Link no Texto\" data-track-links=\"\" data-mrf-recirculation=\"Mat\u00e9ria - Links no Texto\">J\u00e1 a\u00a0<strong>taxa composta de subutiliza\u00e7\u00e3o<\/strong>,\u00a0<a class=\"\" href=\"https:\/\/g1.globo.com\/economia\/noticia\/2025\/02\/01\/entenda-como-o-ibge-calcula-a-taxa-de-desemprego-no-brasil.ghtml\" data-mrf-link=\"https:\/\/g1.globo.com\/economia\/noticia\/2025\/02\/01\/entenda-como-o-ibge-calcula-a-taxa-de-desemprego-no-brasil.ghtml\"><strong>que representa a for\u00e7a de trabalho &#8220;desperdi\u00e7ada&#8221; no pa\u00eds<\/strong><\/a>, ficou em 14,1%. Segundo o IBGE, essa tamb\u00e9m foi a mais baixa da s\u00e9rie, representando tamb\u00e9m uma queda de 1,3 p.p. em rela\u00e7\u00e3o ao trimestre anterior (15,4%) e de 2,1 p.p. na compara\u00e7\u00e3o anual.<\/p>\n<\/div>\n<\/div>\n<div id=\"chunk-1ltdp\">\n<div class=\"mc-column content-text active-extra-styles\" data-block-type=\"raw\" data-block-weight=\"37\" data-block-id=\"24\">\n<blockquote class=\"content-blockquote theme-border-color-primary-before\"><p>&#8220;Os dados mostram que quem saiu da desocupa\u00e7\u00e3o n\u00e3o est\u00e1 abandonando a for\u00e7a de trabalho nem entrando no desalento, mas sim se inserindo de fato no mercado, o que \u00e9 confirmado pelo recorde de ocupa\u00e7\u00e3o\u201d, afirma Kratochwill.<\/p><\/blockquote>\n<\/div>\n<\/div>\n<div id=\"chunk-44ap7\">\n<div class=\"mc-column content-text active-extra-styles\" data-block-type=\"raw\" data-block-weight=\"10\" data-block-id=\"25\">\n<div class=\"content-intertitle\">\n<h2>Informalidade cai para 37,8%, mas total de trabalhadores informais aumenta<\/h2>\n<\/div>\n<\/div>\n<\/div>\n<div id=\"chunk-5ebi\">\n<div class=\"mc-column content-text active-extra-styles \" data-block-type=\"unstyled\" data-block-weight=\"30\" data-block-id=\"27\">\n<p class=\" content-text__container \" data-track-category=\"Link no Texto\" data-track-links=\"\" data-mrf-recirculation=\"Mat\u00e9ria - Links no Texto\">Apesar do recorde de trabalhadores\u00a0<strong>com<\/strong>\u00a0<strong>carteira assinada no setor privado,<\/strong>\u00a0houve uma estabilidade em rela\u00e7\u00e3o ao trimestre anterior e de alta de 3,5% frente ao mesmo per\u00edodo de 2024.<\/p>\n<\/div>\n<\/div>\n<div id=\"chunk-e8spj\">\n<div class=\"mc-column content-text active-extra-styles \" data-block-type=\"unstyled\" data-block-weight=\"16\" data-block-id=\"28\">\n<p class=\" content-text__container \" data-track-category=\"Link no Texto\" data-track-links=\"\" data-mrf-recirculation=\"Mat\u00e9ria - Links no Texto\">J\u00e1 os empregados\u00a0<strong>sem carteira assinada\u00a0<\/strong>eram 13,5 milh\u00f5es, o que representa estabilidade nas duas compara\u00e7\u00f5es.<\/p>\n<\/div>\n<\/div>\n<div id=\"chunk-70gpq\">\n<div class=\"mc-column content-text active-extra-styles \" data-block-type=\"unstyled\" data-block-weight=\"29\" data-block-id=\"29\">\n<p class=\" content-text__container \" data-track-category=\"Link no Texto\" data-track-links=\"\" data-mrf-recirculation=\"Mat\u00e9ria - Links no Texto\">Com isso, o n\u00famero de\u00a0<strong>trabalhadores informais\u00a0<\/strong>chegou a 38,8 milh\u00f5es, levemente acima do per\u00edodo anterior de tr\u00eas meses (38,5 milh\u00f5es) e de um ano antes (38,7 milh\u00f5es).<\/p>\n<\/div>\n<\/div>\n<div id=\"chunk-eil6o\">\n<div class=\"mc-column content-text active-extra-styles \" data-block-type=\"unstyled\" data-block-weight=\"32\" data-block-id=\"30\">\n<p class=\" content-text__container \" data-track-category=\"Link no Texto\" data-track-links=\"\" data-mrf-recirculation=\"Mat\u00e9ria - Links no Texto\">O\u00a0<strong>trabalho por conta pr\u00f3pria<\/strong>\u00a0tamb\u00e9m atingiu o maior n\u00edvel da s\u00e9rie, com 25,9 milh\u00f5es, alta de 1,9% no trimestre (mais 492 mil) e de 4,2% no ano (mais 1 milh\u00e3o).<\/p>\n<\/div>\n<\/div>\n<div id=\"chunk-afkaa\">\n<div class=\"mc-column content-text active-extra-styles \" data-block-type=\"unstyled\" data-block-weight=\"25\" data-block-id=\"31\">\n<p class=\" content-text__container \" data-track-category=\"Link no Texto\" data-track-links=\"\" data-mrf-recirculation=\"Mat\u00e9ria - Links no Texto\">Assim, de maio a julho, a\u00a0<strong>taxa de informalidade<\/strong> foi de 37,8%, abaixo do trimestre anterior (38%) e do mesmo per\u00edodo de 2024 (38,7%).<\/p>\n<\/div>\n<\/div>\n<div id=\"chunk-bgqsr\">\n<div class=\"mc-column content-text active-extra-styles\" data-block-type=\"raw\" data-block-weight=\"23\" data-block-id=\"32\">\n<blockquote class=\"content-blockquote theme-border-color-primary-before\"><p>Segundo William, \u201co avan\u00e7o da informalidade foi pequeno e sem relev\u00e2ncia estat\u00edstica, mas a formaliza\u00e7\u00e3o continuou a crescer, o que reduziu o indicador\u201d.<\/p><\/blockquote>\n<\/div>\n<\/div>\n<div id=\"chunk-d6t5g\">\n<div class=\"mc-column content-text active-extra-styles\" data-block-type=\"raw\" data-block-weight=\"6\" data-block-id=\"33\">\n<div class=\"content-intertitle\">\n<h2>Massa de rendimentos tamb\u00e9m bate recorde<\/h2>\n<\/div>\n<\/div>\n<\/div>\n<div id=\"chunk-88rii\">\n<div class=\"mc-column content-text active-extra-styles \" data-block-type=\"unstyled\" data-block-weight=\"38\" data-block-id=\"34\">\n<p class=\" content-text__container \" data-track-category=\"Link no Texto\" data-track-links=\"\" data-mrf-recirculation=\"Mat\u00e9ria - Links no Texto\">As pessoas ocupadas receberam cerca de R$ 3.484 por m\u00eas no trimestre terminado em julho, por todos os trabalhos que tinham na semana de refer\u00eancia da pesquisa. \u00c9 o que o IBGE chama de rendimento m\u00e9dio real habitual.<\/p>\n<\/div>\n<\/div>\n<div id=\"chunk-a2sg2\">\n<div class=\"mc-column content-text active-extra-styles \" data-block-type=\"unstyled\" data-block-weight=\"19\" data-block-id=\"35\">\n<p class=\" content-text__container \" data-track-category=\"Link no Texto\" data-track-links=\"\" data-mrf-recirculation=\"Mat\u00e9ria - Links no Texto\">O valor cresceu 1,3% no trimestre e registrou crescimento de 3,8% quando comparado ao mesmo per\u00edodo do ano anterior.<\/p>\n<\/div>\n<\/div>\n<div id=\"chunk-f1cvs\">\n<div class=\"mc-column content-text active-extra-styles \" data-block-type=\"unstyled\" data-block-weight=\"37\" data-block-id=\"37\">\n<p class=\" content-text__container \" data-track-category=\"Link no Texto\" data-track-links=\"\" data-mrf-recirculation=\"Mat\u00e9ria - Links no Texto\">J\u00e1 a massa de rendimentos, que soma os valores recebidos por todos esses trabalhadores, foi estimada em R$ 352,3 bilh\u00f5es, um novo recorde, com alta de 2,5% trimestre e aumentando 6,4% (mais R$ 21,3 bilh\u00f5es) no ano.<\/p>\n<\/div>\n<\/div>\n<div id=\"chunk-rhgm\">\n<div class=\"mc-column content-text active-extra-styles\" data-block-type=\"raw\" data-block-weight=\"6\" data-block-id=\"38\">\n<div class=\"content-intertitle\">\n<h2>Mercado de trabalho se mant\u00e9m resiliente<\/h2>\n<\/div>\n<\/div>\n<\/div>\n<div id=\"chunk-7spa6\">\n<div class=\"mc-column content-text active-extra-styles \" data-block-type=\"unstyled\" data-block-weight=\"47\" data-block-id=\"39\">\n<p class=\" content-text__container \" data-track-category=\"Link no Texto\" data-track-links=\"\" data-mrf-recirculation=\"Mat\u00e9ria - Links no Texto\">O Banco Central inicia nesta ter\u00e7a-feira sua reuni\u00e3o de pol\u00edtica monet\u00e1ria de dois dias, com expectativa de manter a taxa b\u00e1sica de juros, a Selic, em 15%. A autoridade monet\u00e1ria tem destacado a resili\u00eancia do mercado de trabalho, mesmo diante de sinais de desacelera\u00e7\u00e3o gradual da economia.<\/p>\n<\/div>\n<\/div>\n<div id=\"chunk-cn07a\">\n<div class=\"mc-column content-text active-extra-styles \" data-block-type=\"unstyled\" data-block-weight=\"31\" data-block-id=\"40\">\n<p class=\" content-text__container \" data-track-category=\"Link no Texto\" data-track-links=\"\" data-mrf-recirculation=\"Mat\u00e9ria - Links no Texto\">O economista Maykon Douglas destaca que a forte massa salarial, que vem crescendo quase 6,3% em termos reais, tem ajudado a manter o consumo em setores mais sens\u00edveis \u00e0 demanda.<\/p>\n<\/div>\n<\/div>\n<div id=\"chunk-dtitg\">\n<div class=\"mc-column content-text active-extra-styles \" data-block-type=\"unstyled\" data-block-weight=\"22\" data-block-id=\"41\">\n<p class=\" content-text__container \" data-track-category=\"Link no Texto\" data-track-links=\"\" data-mrf-recirculation=\"Mat\u00e9ria - Links no Texto\">Esse movimento contribui tamb\u00e9m para a desacelera\u00e7\u00e3o da infla\u00e7\u00e3o do n\u00facleo de servi\u00e7os, que reflete pre\u00e7os de itens menos vol\u00e1teis da economia.<\/p>\n<\/div>\n<\/div>\n<div id=\"chunk-9unm4\">\n<div class=\"mc-column content-text active-extra-styles\" data-block-type=\"raw\" data-block-weight=\"46\" data-block-id=\"42\">\n<blockquote class=\"content-blockquote theme-border-color-primary-before\"><p>&#8220;Portanto, dada essa din\u00e2mica conjunta entre emprego e infla\u00e7\u00e3o subjacente, o Copom n\u00e3o tem espa\u00e7o para alterar o cerne da sua comunica\u00e7\u00e3o no momento, e deve manter firme seu objetivo de manter a taxa Selic no atual patamar por tempo suficiente para reequilibrar os pre\u00e7os&#8221;, afirma.<\/p><\/blockquote>\n<\/div>\n<\/div>\n<div id=\"chunk-bvoi9\">\n<div class=\"mc-column content-text active-extra-styles \" data-block-type=\"unstyled\" data-block-weight=\"36\" data-block-id=\"43\">\n<p class=\" content-text__container \" data-track-category=\"Link no Texto\" data-track-links=\"\" data-mrf-recirculation=\"Mat\u00e9ria - Links no Texto\">Entretanto, apesar da m\u00ednima hist\u00f3rica no desemprego, o economista do ASA, Leonardo Costa, acredita que o pa\u00eds est\u00e1 se aproximando da estabilidade, j\u00e1 que a popula\u00e7\u00e3o ocupada vem mostrando sinais de acomoda\u00e7\u00e3o no curto prazo.<\/p>\n<\/div>\n<\/div>\n<div id=\"chunk-8a3an\">\n<div class=\"mc-column content-text active-extra-styles \" data-block-type=\"unstyled\" data-block-weight=\"13\" data-block-id=\"45\">\n<p class=\" content-text__container \" data-track-category=\"Link no Texto\" data-track-links=\"\" data-mrf-recirculation=\"Mat\u00e9ria - Links no Texto\">&#8220;De todo modo, o mercado de trabalho segue como destaque positivo&#8221;, diz.<\/p>\n<\/div>\n<\/div>\n<div id=\"chunk-anecu\">\n<div class=\"row medium-uncollapsed content-media content-photo\" data-block-type=\"backstage-photo\" data-block-id=\"46\">\n<div class=\" mc-column  content-media__container\">\n<div class=\"content-media-container glb-skeleton-box\">\n<figure class=\"content-media-figure\"><img decoding=\"async\" class=\"i-amphtml-fill-content i-amphtml-replaced-content\" src=\"https:\/\/s2-g1.glbimg.com\/iH03g-CQRniXmnsQuz8RZMRUgP4=\/0x0:1350x900\/984x0\/smart\/filters:strip_icc()\/i.s3.glbimg.com\/v1\/AUTH_59edd422c0c84a879bd37670ae4f538a\/internal_photos\/bs\/2025\/6\/C\/fWQyfERe6aJDutv1MTuQ\/copia-de-copia-de-copia-de-copia-de-mcs.jpg\" sizes=\"(max-width: 1536px) 648px, 100vw\" srcset=\"https:\/\/s2-g1.glbimg.com\/t2mFUKjlDIpNB__sUo7RCjrAy5w=\/0x0:1350x900\/1000x0\/smart\/filters:strip_icc()\/i.s3.glbimg.com\/v1\/AUTH_59edd422c0c84a879bd37670ae4f538a\/internal_photos\/bs\/2025\/6\/C\/fWQyfERe6aJDutv1MTuQ\/copia-de-copia-de-copia-de-copia-de-mcs.jpg 1000w, https:\/\/s2-g1.glbimg.com\/iH03g-CQRniXmnsQuz8RZMRUgP4=\/0x0:1350x900\/984x0\/smart\/filters:strip_icc()\/i.s3.glbimg.com\/v1\/AUTH_59edd422c0c84a879bd37670ae4f538a\/internal_photos\/bs\/2025\/6\/C\/fWQyfERe6aJDutv1MTuQ\/copia-de-copia-de-copia-de-copia-de-mcs.jpg 984w, https:\/\/s2-g1.glbimg.com\/buvQ2FxEc1zqzIKtD1Ak_pqs8XI=\/0x0:1350x900\/640x0\/smart\/filters:strip_icc()\/i.s3.glbimg.com\/v1\/AUTH_59edd422c0c84a879bd37670ae4f538a\/internal_photos\/bs\/2025\/6\/C\/fWQyfERe6aJDutv1MTuQ\/copia-de-copia-de-copia-de-copia-de-mcs.jpg 640w, https:\/\/s2-g1.glbimg.com\/QS2zM8s2v7mg_REou7eY2sRUVL4=\/0x0:1350x900\/600x0\/smart\/filters:strip_icc()\/i.s3.glbimg.com\/v1\/AUTH_59edd422c0c84a879bd37670ae4f538a\/internal_photos\/bs\/2025\/6\/C\/fWQyfERe6aJDutv1MTuQ\/copia-de-copia-de-copia-de-copia-de-mcs.jpg 600w\" alt=\"Carteira de Trabalho e Previd\u00eancia Social (CTPS) \u2014 Foto: Divulga\u00e7\u00e3o\/Ag\u00eancia Brasil\" \/><\/figure>\n<\/div>\n<p class=\"content-media__description  \">Carteira de Trabalho e Previd\u00eancia Social (CTPS) \u2014 Foto: Divulga\u00e7\u00e3o\/Ag\u00eancia Brasil<\/p>\n<p>Fonte G1<\/p>\n<\/div>\n<\/div>\n<\/div>\n<\/div>\n<\/article>\n<\/div>\n","protected":false},"excerpt":{"rendered":"<p>Foto: Marcelo Camargo\/Ag\u00eancia Brasil N\u00famero de desocupados chegou a 6,11 milh\u00f5es de pessoas no trimestre, o menor patamar desde o fim de 2013. Popula\u00e7\u00e3o ocupada chegou ao recorde de 102,4 milh\u00f5es. Por\u00a0Micaela Santos, g1\u00a0\u2014 S\u00e3o Paulo 16\/09\/2025 09h00\u00a0\u00a0Atualizado\u00a0h\u00e1 3 minutos Desemprego cai para 5,6% no trimestre encerrado em julho A taxa de desemprego no Brasil [&hellip;]<\/p>\n","protected":false},"author":2,"featured_media":3881,"comment_status":"open","ping_status":"open","sticky":false,"template":"","format":"standard","meta":{"rop_custom_images_group":[],"rop_custom_messages_group":[],"rop_publish_now":"initial","rop_publish_now_accounts":{"twitter_850042665852968960_850042665852968960":""},"rop_publish_now_history":[],"rop_publish_now_status":"pending","footnotes":""},"categories":[15],"tags":[],"class_list":["post-3880","post","type-post","status-publish","format-standard","has-post-thumbnail","hentry","category-destaques"],"yoast_head":"<!-- This site is optimized with the Yoast SEO plugin v27.2 - https:\/\/yoast.com\/product\/yoast-seo-wordpress\/ -->\n<title>Desemprego recua para 5,6% em julho, menor n\u00edvel da s\u00e9rie hist\u00f3rica do IBGE - Prefeitos &amp; Gest\u00f5es<\/title>\n<meta name=\"description\" content=\"A taxa de desemprego no Brasil recuou para\u00a05,6%\u00a0no trimestre encerrado em julho, segundo a Pesquisa Nacional por Amostra de Domic\u00edlios (Pnad Cont\u00ednua), divulgada nesta ter\u00e7a-feira (16) pelo Instituto Brasileiro de Geografia e Estat\u00edstica (IBGE).\" \/>\n<meta name=\"robots\" content=\"index, follow, max-snippet:-1, max-image-preview:large, max-video-preview:-1\" \/>\n<link rel=\"canonical\" href=\"https:\/\/prefeitosegestoes.com.br\/portal\/desemprego-recua-para-56-em-julho-menor-nivel-da-serie-historica-do-ibge\/\" \/>\n<meta property=\"og:locale\" content=\"pt_BR\" \/>\n<meta property=\"og:type\" content=\"article\" \/>\n<meta property=\"og:title\" content=\"Desemprego recua para 5,6% em julho, menor n\u00edvel da s\u00e9rie hist\u00f3rica do IBGE - Prefeitos &amp; Gest\u00f5es\" \/>\n<meta property=\"og:description\" content=\"A taxa de desemprego no Brasil recuou para\u00a05,6%\u00a0no trimestre encerrado em julho, segundo a Pesquisa Nacional por Amostra de Domic\u00edlios (Pnad Cont\u00ednua), divulgada nesta ter\u00e7a-feira (16) pelo Instituto Brasileiro de Geografia e Estat\u00edstica (IBGE).\" \/>\n<meta property=\"og:url\" content=\"https:\/\/prefeitosegestoes.com.br\/portal\/desemprego-recua-para-56-em-julho-menor-nivel-da-serie-historica-do-ibge\/\" \/>\n<meta property=\"og:site_name\" content=\"Prefeitos &amp; Gest\u00f5es\" \/>\n<meta property=\"article:publisher\" content=\"https:\/\/www.facebook.com\/prefeitosonline\" \/>\n<meta property=\"article:published_time\" content=\"2025-09-16T15:48:36+00:00\" \/>\n<meta property=\"og:image\" content=\"https:\/\/prefeitosegestoes.com.br\/portal\/wp-content\/uploads\/2025\/09\/carteira-de-trabalho-digital_mcamgo_abr_240620211818-3.webp\" \/>\n\t<meta property=\"og:image:width\" content=\"1024\" \/>\n\t<meta property=\"og:image:height\" content=\"768\" \/>\n\t<meta property=\"og:image:type\" content=\"image\/webp\" \/>\n<meta name=\"author\" content=\"Prefeitos &amp; Gest\u00f5es\" \/>\n<meta name=\"twitter:card\" content=\"summary_large_image\" \/>\n<meta name=\"twitter:creator\" content=\"@PrefGestoes\" \/>\n<meta name=\"twitter:site\" content=\"@PrefGestoes\" \/>\n<meta name=\"twitter:label1\" content=\"Escrito por\" \/>\n\t<meta name=\"twitter:data1\" content=\"Prefeitos &amp; Gest\u00f5es\" \/>\n\t<meta name=\"twitter:label2\" content=\"Est. tempo de leitura\" \/>\n\t<meta name=\"twitter:data2\" content=\"6 minutos\" \/>\n<script type=\"application\/ld+json\" class=\"yoast-schema-graph\">{\"@context\":\"https:\/\/schema.org\",\"@graph\":[{\"@type\":\"Article\",\"@id\":\"https:\/\/prefeitosegestoes.com.br\/portal\/desemprego-recua-para-56-em-julho-menor-nivel-da-serie-historica-do-ibge\/#article\",\"isPartOf\":{\"@id\":\"https:\/\/prefeitosegestoes.com.br\/portal\/desemprego-recua-para-56-em-julho-menor-nivel-da-serie-historica-do-ibge\/\"},\"author\":{\"name\":\"Prefeitos &amp; Gest\u00f5es\",\"@id\":\"https:\/\/prefeitosegestoes.com.br\/portal\/#\/schema\/person\/d00059f2ec99963e7e1850d448ae94b8\"},\"headline\":\"Desemprego recua para 5,6% em julho, menor n\u00edvel da s\u00e9rie hist\u00f3rica do IBGE\",\"datePublished\":\"2025-09-16T15:48:36+00:00\",\"mainEntityOfPage\":{\"@id\":\"https:\/\/prefeitosegestoes.com.br\/portal\/desemprego-recua-para-56-em-julho-menor-nivel-da-serie-historica-do-ibge\/\"},\"wordCount\":1200,\"commentCount\":0,\"publisher\":{\"@id\":\"https:\/\/prefeitosegestoes.com.br\/portal\/#organization\"},\"image\":{\"@id\":\"https:\/\/prefeitosegestoes.com.br\/portal\/desemprego-recua-para-56-em-julho-menor-nivel-da-serie-historica-do-ibge\/#primaryimage\"},\"thumbnailUrl\":\"https:\/\/prefeitosegestoes.com.br\/portal\/wp-content\/uploads\/2025\/09\/carteira-de-trabalho-digital_mcamgo_abr_240620211818-3.webp\",\"articleSection\":[\"Destaques\"],\"inLanguage\":\"pt-BR\",\"potentialAction\":[{\"@type\":\"CommentAction\",\"name\":\"Comment\",\"target\":[\"https:\/\/prefeitosegestoes.com.br\/portal\/desemprego-recua-para-56-em-julho-menor-nivel-da-serie-historica-do-ibge\/#respond\"]}]},{\"@type\":\"WebPage\",\"@id\":\"https:\/\/prefeitosegestoes.com.br\/portal\/desemprego-recua-para-56-em-julho-menor-nivel-da-serie-historica-do-ibge\/\",\"url\":\"https:\/\/prefeitosegestoes.com.br\/portal\/desemprego-recua-para-56-em-julho-menor-nivel-da-serie-historica-do-ibge\/\",\"name\":\"Desemprego recua para 5,6% em julho, menor n\u00edvel da s\u00e9rie hist\u00f3rica do IBGE - Prefeitos &amp; Gest\u00f5es\",\"isPartOf\":{\"@id\":\"https:\/\/prefeitosegestoes.com.br\/portal\/#website\"},\"primaryImageOfPage\":{\"@id\":\"https:\/\/prefeitosegestoes.com.br\/portal\/desemprego-recua-para-56-em-julho-menor-nivel-da-serie-historica-do-ibge\/#primaryimage\"},\"image\":{\"@id\":\"https:\/\/prefeitosegestoes.com.br\/portal\/desemprego-recua-para-56-em-julho-menor-nivel-da-serie-historica-do-ibge\/#primaryimage\"},\"thumbnailUrl\":\"https:\/\/prefeitosegestoes.com.br\/portal\/wp-content\/uploads\/2025\/09\/carteira-de-trabalho-digital_mcamgo_abr_240620211818-3.webp\",\"datePublished\":\"2025-09-16T15:48:36+00:00\",\"description\":\"A taxa de desemprego no Brasil recuou para\u00a05,6%\u00a0no trimestre encerrado em julho, segundo a Pesquisa Nacional por Amostra de Domic\u00edlios (Pnad Cont\u00ednua), divulgada nesta ter\u00e7a-feira (16) pelo Instituto Brasileiro de Geografia e Estat\u00edstica (IBGE).\",\"breadcrumb\":{\"@id\":\"https:\/\/prefeitosegestoes.com.br\/portal\/desemprego-recua-para-56-em-julho-menor-nivel-da-serie-historica-do-ibge\/#breadcrumb\"},\"inLanguage\":\"pt-BR\",\"potentialAction\":[{\"@type\":\"ReadAction\",\"target\":[\"https:\/\/prefeitosegestoes.com.br\/portal\/desemprego-recua-para-56-em-julho-menor-nivel-da-serie-historica-do-ibge\/\"]}]},{\"@type\":\"ImageObject\",\"inLanguage\":\"pt-BR\",\"@id\":\"https:\/\/prefeitosegestoes.com.br\/portal\/desemprego-recua-para-56-em-julho-menor-nivel-da-serie-historica-do-ibge\/#primaryimage\",\"url\":\"https:\/\/prefeitosegestoes.com.br\/portal\/wp-content\/uploads\/2025\/09\/carteira-de-trabalho-digital_mcamgo_abr_240620211818-3.webp\",\"contentUrl\":\"https:\/\/prefeitosegestoes.com.br\/portal\/wp-content\/uploads\/2025\/09\/carteira-de-trabalho-digital_mcamgo_abr_240620211818-3.webp\",\"width\":1024,\"height\":768},{\"@type\":\"BreadcrumbList\",\"@id\":\"https:\/\/prefeitosegestoes.com.br\/portal\/desemprego-recua-para-56-em-julho-menor-nivel-da-serie-historica-do-ibge\/#breadcrumb\",\"itemListElement\":[{\"@type\":\"ListItem\",\"position\":1,\"name\":\"In\u00edcio\",\"item\":\"https:\/\/prefeitosegestoes.com.br\/portal\/\"},{\"@type\":\"ListItem\",\"position\":2,\"name\":\"Desemprego recua para 5,6% em julho, menor n\u00edvel da s\u00e9rie hist\u00f3rica do IBGE\"}]},{\"@type\":\"WebSite\",\"@id\":\"https:\/\/prefeitosegestoes.com.br\/portal\/#website\",\"url\":\"https:\/\/prefeitosegestoes.com.br\/portal\/\",\"name\":\"Prefeitos & Gest\u00f5es\",\"description\":\"\",\"publisher\":{\"@id\":\"https:\/\/prefeitosegestoes.com.br\/portal\/#organization\"},\"potentialAction\":[{\"@type\":\"SearchAction\",\"target\":{\"@type\":\"EntryPoint\",\"urlTemplate\":\"https:\/\/prefeitosegestoes.com.br\/portal\/?s={search_term_string}\"},\"query-input\":{\"@type\":\"PropertyValueSpecification\",\"valueRequired\":true,\"valueName\":\"search_term_string\"}}],\"inLanguage\":\"pt-BR\"},{\"@type\":\"Organization\",\"@id\":\"https:\/\/prefeitosegestoes.com.br\/portal\/#organization\",\"name\":\"Prefeitos & Gest\u00f5es\",\"url\":\"https:\/\/prefeitosegestoes.com.br\/portal\/\",\"logo\":{\"@type\":\"ImageObject\",\"inLanguage\":\"pt-BR\",\"@id\":\"https:\/\/prefeitosegestoes.com.br\/portal\/#\/schema\/logo\/image\/\",\"url\":\"https:\/\/prefeitosegestoes.com.br\/portal\/wp-content\/uploads\/2024\/10\/lg_trans_prefeitos_2024_preto2.png\",\"contentUrl\":\"https:\/\/prefeitosegestoes.com.br\/portal\/wp-content\/uploads\/2024\/10\/lg_trans_prefeitos_2024_preto2.png\",\"width\":199,\"height\":122,\"caption\":\"Prefeitos & Gest\u00f5es\"},\"image\":{\"@id\":\"https:\/\/prefeitosegestoes.com.br\/portal\/#\/schema\/logo\/image\/\"},\"sameAs\":[\"https:\/\/www.facebook.com\/prefeitosonline\",\"https:\/\/x.com\/PrefGestoes\"]},{\"@type\":\"Person\",\"@id\":\"https:\/\/prefeitosegestoes.com.br\/portal\/#\/schema\/person\/d00059f2ec99963e7e1850d448ae94b8\",\"name\":\"Prefeitos &amp; Gest\u00f5es\",\"image\":{\"@type\":\"ImageObject\",\"inLanguage\":\"pt-BR\",\"@id\":\"https:\/\/secure.gravatar.com\/avatar\/738fb281e479212ed32c1a21a4307dda9f3af9292edb6918a16c9ce9fff5f48d?s=96&d=mm&r=g\",\"url\":\"https:\/\/secure.gravatar.com\/avatar\/738fb281e479212ed32c1a21a4307dda9f3af9292edb6918a16c9ce9fff5f48d?s=96&d=mm&r=g\",\"contentUrl\":\"https:\/\/secure.gravatar.com\/avatar\/738fb281e479212ed32c1a21a4307dda9f3af9292edb6918a16c9ce9fff5f48d?s=96&d=mm&r=g\",\"caption\":\"Prefeitos &amp; Gest\u00f5es\"},\"url\":\"https:\/\/prefeitosegestoes.com.br\/portal\/author\/prefeitosegestoes\/\"}]}<\/script>\n<!-- \/ Yoast SEO plugin. -->","yoast_head_json":{"title":"Desemprego recua para 5,6% em julho, menor n\u00edvel da s\u00e9rie hist\u00f3rica do IBGE - Prefeitos &amp; Gest\u00f5es","description":"A taxa de desemprego no Brasil recuou para\u00a05,6%\u00a0no trimestre encerrado em julho, segundo a Pesquisa Nacional por Amostra de Domic\u00edlios (Pnad Cont\u00ednua), divulgada nesta ter\u00e7a-feira (16) pelo Instituto Brasileiro de Geografia e Estat\u00edstica (IBGE).","robots":{"index":"index","follow":"follow","max-snippet":"max-snippet:-1","max-image-preview":"max-image-preview:large","max-video-preview":"max-video-preview:-1"},"canonical":"https:\/\/prefeitosegestoes.com.br\/portal\/desemprego-recua-para-56-em-julho-menor-nivel-da-serie-historica-do-ibge\/","og_locale":"pt_BR","og_type":"article","og_title":"Desemprego recua para 5,6% em julho, menor n\u00edvel da s\u00e9rie hist\u00f3rica do IBGE - Prefeitos &amp; Gest\u00f5es","og_description":"A taxa de desemprego no Brasil recuou para\u00a05,6%\u00a0no trimestre encerrado em julho, segundo a Pesquisa Nacional por Amostra de Domic\u00edlios (Pnad Cont\u00ednua), divulgada nesta ter\u00e7a-feira (16) pelo Instituto Brasileiro de Geografia e Estat\u00edstica (IBGE).","og_url":"https:\/\/prefeitosegestoes.com.br\/portal\/desemprego-recua-para-56-em-julho-menor-nivel-da-serie-historica-do-ibge\/","og_site_name":"Prefeitos &amp; Gest\u00f5es","article_publisher":"https:\/\/www.facebook.com\/prefeitosonline","article_published_time":"2025-09-16T15:48:36+00:00","og_image":[{"width":1024,"height":768,"url":"https:\/\/prefeitosegestoes.com.br\/portal\/wp-content\/uploads\/2025\/09\/carteira-de-trabalho-digital_mcamgo_abr_240620211818-3.webp","type":"image\/webp"}],"author":"Prefeitos &amp; Gest\u00f5es","twitter_card":"summary_large_image","twitter_creator":"@PrefGestoes","twitter_site":"@PrefGestoes","twitter_misc":{"Escrito por":"Prefeitos &amp; Gest\u00f5es","Est. tempo de leitura":"6 minutos"},"schema":{"@context":"https:\/\/schema.org","@graph":[{"@type":"Article","@id":"https:\/\/prefeitosegestoes.com.br\/portal\/desemprego-recua-para-56-em-julho-menor-nivel-da-serie-historica-do-ibge\/#article","isPartOf":{"@id":"https:\/\/prefeitosegestoes.com.br\/portal\/desemprego-recua-para-56-em-julho-menor-nivel-da-serie-historica-do-ibge\/"},"author":{"name":"Prefeitos &amp; Gest\u00f5es","@id":"https:\/\/prefeitosegestoes.com.br\/portal\/#\/schema\/person\/d00059f2ec99963e7e1850d448ae94b8"},"headline":"Desemprego recua para 5,6% em julho, menor n\u00edvel da s\u00e9rie hist\u00f3rica do IBGE","datePublished":"2025-09-16T15:48:36+00:00","mainEntityOfPage":{"@id":"https:\/\/prefeitosegestoes.com.br\/portal\/desemprego-recua-para-56-em-julho-menor-nivel-da-serie-historica-do-ibge\/"},"wordCount":1200,"commentCount":0,"publisher":{"@id":"https:\/\/prefeitosegestoes.com.br\/portal\/#organization"},"image":{"@id":"https:\/\/prefeitosegestoes.com.br\/portal\/desemprego-recua-para-56-em-julho-menor-nivel-da-serie-historica-do-ibge\/#primaryimage"},"thumbnailUrl":"https:\/\/prefeitosegestoes.com.br\/portal\/wp-content\/uploads\/2025\/09\/carteira-de-trabalho-digital_mcamgo_abr_240620211818-3.webp","articleSection":["Destaques"],"inLanguage":"pt-BR","potentialAction":[{"@type":"CommentAction","name":"Comment","target":["https:\/\/prefeitosegestoes.com.br\/portal\/desemprego-recua-para-56-em-julho-menor-nivel-da-serie-historica-do-ibge\/#respond"]}]},{"@type":"WebPage","@id":"https:\/\/prefeitosegestoes.com.br\/portal\/desemprego-recua-para-56-em-julho-menor-nivel-da-serie-historica-do-ibge\/","url":"https:\/\/prefeitosegestoes.com.br\/portal\/desemprego-recua-para-56-em-julho-menor-nivel-da-serie-historica-do-ibge\/","name":"Desemprego recua para 5,6% em julho, menor n\u00edvel da s\u00e9rie hist\u00f3rica do IBGE - Prefeitos &amp; Gest\u00f5es","isPartOf":{"@id":"https:\/\/prefeitosegestoes.com.br\/portal\/#website"},"primaryImageOfPage":{"@id":"https:\/\/prefeitosegestoes.com.br\/portal\/desemprego-recua-para-56-em-julho-menor-nivel-da-serie-historica-do-ibge\/#primaryimage"},"image":{"@id":"https:\/\/prefeitosegestoes.com.br\/portal\/desemprego-recua-para-56-em-julho-menor-nivel-da-serie-historica-do-ibge\/#primaryimage"},"thumbnailUrl":"https:\/\/prefeitosegestoes.com.br\/portal\/wp-content\/uploads\/2025\/09\/carteira-de-trabalho-digital_mcamgo_abr_240620211818-3.webp","datePublished":"2025-09-16T15:48:36+00:00","description":"A taxa de desemprego no Brasil recuou para\u00a05,6%\u00a0no trimestre encerrado em julho, segundo a Pesquisa Nacional por Amostra de Domic\u00edlios (Pnad Cont\u00ednua), divulgada nesta ter\u00e7a-feira (16) pelo Instituto Brasileiro de Geografia e Estat\u00edstica (IBGE).","breadcrumb":{"@id":"https:\/\/prefeitosegestoes.com.br\/portal\/desemprego-recua-para-56-em-julho-menor-nivel-da-serie-historica-do-ibge\/#breadcrumb"},"inLanguage":"pt-BR","potentialAction":[{"@type":"ReadAction","target":["https:\/\/prefeitosegestoes.com.br\/portal\/desemprego-recua-para-56-em-julho-menor-nivel-da-serie-historica-do-ibge\/"]}]},{"@type":"ImageObject","inLanguage":"pt-BR","@id":"https:\/\/prefeitosegestoes.com.br\/portal\/desemprego-recua-para-56-em-julho-menor-nivel-da-serie-historica-do-ibge\/#primaryimage","url":"https:\/\/prefeitosegestoes.com.br\/portal\/wp-content\/uploads\/2025\/09\/carteira-de-trabalho-digital_mcamgo_abr_240620211818-3.webp","contentUrl":"https:\/\/prefeitosegestoes.com.br\/portal\/wp-content\/uploads\/2025\/09\/carteira-de-trabalho-digital_mcamgo_abr_240620211818-3.webp","width":1024,"height":768},{"@type":"BreadcrumbList","@id":"https:\/\/prefeitosegestoes.com.br\/portal\/desemprego-recua-para-56-em-julho-menor-nivel-da-serie-historica-do-ibge\/#breadcrumb","itemListElement":[{"@type":"ListItem","position":1,"name":"In\u00edcio","item":"https:\/\/prefeitosegestoes.com.br\/portal\/"},{"@type":"ListItem","position":2,"name":"Desemprego recua para 5,6% em julho, menor n\u00edvel da s\u00e9rie hist\u00f3rica do IBGE"}]},{"@type":"WebSite","@id":"https:\/\/prefeitosegestoes.com.br\/portal\/#website","url":"https:\/\/prefeitosegestoes.com.br\/portal\/","name":"Prefeitos & Gest\u00f5es","description":"","publisher":{"@id":"https:\/\/prefeitosegestoes.com.br\/portal\/#organization"},"potentialAction":[{"@type":"SearchAction","target":{"@type":"EntryPoint","urlTemplate":"https:\/\/prefeitosegestoes.com.br\/portal\/?s={search_term_string}"},"query-input":{"@type":"PropertyValueSpecification","valueRequired":true,"valueName":"search_term_string"}}],"inLanguage":"pt-BR"},{"@type":"Organization","@id":"https:\/\/prefeitosegestoes.com.br\/portal\/#organization","name":"Prefeitos & Gest\u00f5es","url":"https:\/\/prefeitosegestoes.com.br\/portal\/","logo":{"@type":"ImageObject","inLanguage":"pt-BR","@id":"https:\/\/prefeitosegestoes.com.br\/portal\/#\/schema\/logo\/image\/","url":"https:\/\/prefeitosegestoes.com.br\/portal\/wp-content\/uploads\/2024\/10\/lg_trans_prefeitos_2024_preto2.png","contentUrl":"https:\/\/prefeitosegestoes.com.br\/portal\/wp-content\/uploads\/2024\/10\/lg_trans_prefeitos_2024_preto2.png","width":199,"height":122,"caption":"Prefeitos & Gest\u00f5es"},"image":{"@id":"https:\/\/prefeitosegestoes.com.br\/portal\/#\/schema\/logo\/image\/"},"sameAs":["https:\/\/www.facebook.com\/prefeitosonline","https:\/\/x.com\/PrefGestoes"]},{"@type":"Person","@id":"https:\/\/prefeitosegestoes.com.br\/portal\/#\/schema\/person\/d00059f2ec99963e7e1850d448ae94b8","name":"Prefeitos &amp; Gest\u00f5es","image":{"@type":"ImageObject","inLanguage":"pt-BR","@id":"https:\/\/secure.gravatar.com\/avatar\/738fb281e479212ed32c1a21a4307dda9f3af9292edb6918a16c9ce9fff5f48d?s=96&d=mm&r=g","url":"https:\/\/secure.gravatar.com\/avatar\/738fb281e479212ed32c1a21a4307dda9f3af9292edb6918a16c9ce9fff5f48d?s=96&d=mm&r=g","contentUrl":"https:\/\/secure.gravatar.com\/avatar\/738fb281e479212ed32c1a21a4307dda9f3af9292edb6918a16c9ce9fff5f48d?s=96&d=mm&r=g","caption":"Prefeitos &amp; Gest\u00f5es"},"url":"https:\/\/prefeitosegestoes.com.br\/portal\/author\/prefeitosegestoes\/"}]}},"_links":{"self":[{"href":"https:\/\/prefeitosegestoes.com.br\/portal\/wp-json\/wp\/v2\/posts\/3880","targetHints":{"allow":["GET"]}}],"collection":[{"href":"https:\/\/prefeitosegestoes.com.br\/portal\/wp-json\/wp\/v2\/posts"}],"about":[{"href":"https:\/\/prefeitosegestoes.com.br\/portal\/wp-json\/wp\/v2\/types\/post"}],"author":[{"embeddable":true,"href":"https:\/\/prefeitosegestoes.com.br\/portal\/wp-json\/wp\/v2\/users\/2"}],"replies":[{"embeddable":true,"href":"https:\/\/prefeitosegestoes.com.br\/portal\/wp-json\/wp\/v2\/comments?post=3880"}],"version-history":[{"count":1,"href":"https:\/\/prefeitosegestoes.com.br\/portal\/wp-json\/wp\/v2\/posts\/3880\/revisions"}],"predecessor-version":[{"id":3882,"href":"https:\/\/prefeitosegestoes.com.br\/portal\/wp-json\/wp\/v2\/posts\/3880\/revisions\/3882"}],"wp:featuredmedia":[{"embeddable":true,"href":"https:\/\/prefeitosegestoes.com.br\/portal\/wp-json\/wp\/v2\/media\/3881"}],"wp:attachment":[{"href":"https:\/\/prefeitosegestoes.com.br\/portal\/wp-json\/wp\/v2\/media?parent=3880"}],"wp:term":[{"taxonomy":"category","embeddable":true,"href":"https:\/\/prefeitosegestoes.com.br\/portal\/wp-json\/wp\/v2\/categories?post=3880"},{"taxonomy":"post_tag","embeddable":true,"href":"https:\/\/prefeitosegestoes.com.br\/portal\/wp-json\/wp\/v2\/tags?post=3880"}],"curies":[{"name":"wp","href":"https:\/\/api.w.org\/{rel}","templated":true}]}}