{"id":3860,"date":"2025-09-15T11:15:07","date_gmt":"2025-09-15T14:15:07","guid":{"rendered":"https:\/\/prefeitosegestoes.com.br\/portal\/?p=3860"},"modified":"2025-09-15T11:35:45","modified_gmt":"2025-09-15T14:35:45","slug":"150-vezes-maior-que-o-pix-entenda-a-plataforma-que-a-receita-federal-prepara-para-a-reforma-tributaria","status":"publish","type":"post","link":"https:\/\/prefeitosegestoes.com.br\/portal\/150-vezes-maior-que-o-pix-entenda-a-plataforma-que-a-receita-federal-prepara-para-a-reforma-tributaria\/","title":{"rendered":"150 vezes maior que o PIX: entenda a plataforma que a Receita Federal prepara para a reforma tribut\u00e1ria"},"content":{"rendered":"<div class=\"mc-article-header\">\n<div class=\"row content-head mc-column non-featured \">\n<div class=\"medium-centered subtitle\">\n<h6 class=\"content-head__subtitle\">Foto: Marcello Casal jr\/Ag\u00eancia Brasil<\/h6>\n<h2 class=\"content-head__subtitle\">Pelo sistema da Receita Federal, transitar\u00e3o cerca de 70 bilh\u00f5es de documentos anualmente. A ferramenta vai viabilizar e estruturar o pagamento dos futuros impostos sobre valor agregado, previstos na reforma tribut\u00e1ria sobre o consumo &#8211; j\u00e1 sancionada pelo presidente Lula.<\/h2>\n<\/div>\n<\/div>\n<div class=\"content__signa-share mc-column\">\n<div class=\"content__signature\">\n<div class=\"content-publication-data\">\n<div class=\"content-publication-data__text\">\n<p class=\"content-publication-data__from\" title=\"Alexandro Martello\">Por\u00a0<a class=\"multi_signatures\" href=\"https:\/\/g1.globo.com\/autores\/alexandro-martello\/\">Alexandro Martello<\/a>, g1\u00a0\u2014 Bras\u00edlia<\/p>\n<p class=\"content-publication-data__updated\"><time datetime=\"2025-09-15T00:00:27.713-03:00\">15\/09\/2025 00h00\u00a0<\/time><span class=\"content-publication-data__updated-relative\">\u00a0<time datetime=\"2025-09-15T07:44:49.038-03:00\">Atualizado\u00a0<time datetime=\"2025-09-15T07:44:49.038-03:00\">h\u00e1 3 horas<\/time><\/time><\/span><\/p>\n<\/div>\n<\/div>\n<\/div>\n<\/div>\n<div class=\"glb-share-bar content__share-bar\">\n<div class=\"glb-share-bar_icons\">\n<div class=\"glb-share-bar_button-img\"><\/div>\n<\/div>\n<\/div>\n<\/div>\n<div class=\"mc-article-body\">\n<article>\n<div id=\"chunk-1ftcl\">\n<div class=\"row medium-uncollapsed content-media content-photo\" data-block-type=\"backstage-photo\" data-block-id=\"2\">\n<div class=\" mc-column content-media__container\">\n<div class=\"content-media-container glb-skeleton-box\">\n<figure class=\"content-media-figure\"><img decoding=\"async\" class=\"i-amphtml-fill-content i-amphtml-replaced-content\" src=\"https:\/\/s2-g1.glbimg.com\/hsWOyRO7hzEj_Uzi4N4_7qTvt7k=\/0x0:1280x719\/984x0\/smart\/filters:strip_icc()\/i.s3.glbimg.com\/v1\/AUTH_59edd422c0c84a879bd37670ae4f538a\/internal_photos\/bs\/2025\/u\/a\/AXXkaTSNmFxzOiTdJBmg\/receita-federal-florianopolis-1.jpeg\" sizes=\"(max-width: 1536px) 648px, 100vw\" srcset=\"https:\/\/s2-g1.glbimg.com\/sWrOsE3zeIrhMBGvmGKs_MivoAs=\/0x0:1280x719\/1000x0\/smart\/filters:strip_icc()\/i.s3.glbimg.com\/v1\/AUTH_59edd422c0c84a879bd37670ae4f538a\/internal_photos\/bs\/2025\/u\/a\/AXXkaTSNmFxzOiTdJBmg\/receita-federal-florianopolis-1.jpeg 1000w, https:\/\/s2-g1.glbimg.com\/hsWOyRO7hzEj_Uzi4N4_7qTvt7k=\/0x0:1280x719\/984x0\/smart\/filters:strip_icc()\/i.s3.glbimg.com\/v1\/AUTH_59edd422c0c84a879bd37670ae4f538a\/internal_photos\/bs\/2025\/u\/a\/AXXkaTSNmFxzOiTdJBmg\/receita-federal-florianopolis-1.jpeg 984w, https:\/\/s2-g1.glbimg.com\/PRmsN9sCywdqiOUbkb45Zq1zgD4=\/0x0:1280x719\/640x0\/smart\/filters:strip_icc()\/i.s3.glbimg.com\/v1\/AUTH_59edd422c0c84a879bd37670ae4f538a\/internal_photos\/bs\/2025\/u\/a\/AXXkaTSNmFxzOiTdJBmg\/receita-federal-florianopolis-1.jpeg 640w, https:\/\/s2-g1.glbimg.com\/fNbvwNIlBHYkUjg3EQYkqs3_Y3A=\/0x0:1280x719\/600x0\/smart\/filters:strip_icc()\/i.s3.glbimg.com\/v1\/AUTH_59edd422c0c84a879bd37670ae4f538a\/internal_photos\/bs\/2025\/u\/a\/AXXkaTSNmFxzOiTdJBmg\/receita-federal-florianopolis-1.jpeg 600w\" alt=\"Pr\u00e9dio da Receita Federal em Florian\u00f3polis \u2014 Foto: Sindifisco Florian\u00f3polis\/Divulga\u00e7\u00e3o\" \/><\/figure>\n<\/div>\n<p class=\"content-media__description \">Pr\u00e9dio da Receita Federal em Florian\u00f3polis \u2014 Foto: Sindifisco Florian\u00f3polis\/Divulga\u00e7\u00e3o<\/p>\n<\/div>\n<\/div>\n<\/div>\n<div id=\"chunk-6sede\">\n<div class=\"mc-column content-text active-extra-styles \" data-block-type=\"unstyled\" data-block-weight=\"24\" data-block-id=\"3\">\n<p class=\" content-text__container \" data-track-category=\"Link no Texto\" data-track-links=\"\" data-mrf-recirculation=\"Mat\u00e9ria - Links no Texto\">A Receita Federal informou nesta semana que prepara uma plataforma tecnol\u00f3gica in\u00e9dita no mundo para operacionalizar os pagamentos dos impostos sobre produtos e servi\u00e7os.<\/p>\n<\/div>\n<\/div>\n<div class=\"wall protected-content\">\n<div id=\"chunk-4br7d\">\n<div class=\"mc-column content-text active-extra-styles \" data-block-type=\"unstyled\" data-block-weight=\"44\" data-block-id=\"5\">\n<p class=\" content-text__container \" data-track-category=\"Link no Texto\" data-track-links=\"\" data-mrf-recirculation=\"Mat\u00e9ria - Links no Texto\">\u27a1\ufe0f\u00a0<em>O novo sistema vai\u00a0<\/em><span class=\"highlight highlighted\"><em>viabilizar e estruturar o pagamento dos futuros impostos sobre valor agregado (IVA),<\/em><\/span><em>\u00a0previstos na\u00a0<\/em><strong><em>reforma tribut\u00e1ria<\/em><\/strong><em>\u00a0sobre o consumo (aprovada em 2024 pelo Congresso Nacional e\u00a0<\/em><a class=\"\" href=\"https:\/\/g1.globo.com\/economia\/noticia\/2025\/01\/16\/lula-participa-de-sancao-da-primeira-lei-que-regulamenta-a-reforma-tributaria-saiba-proximos-passos.ghtml\" data-mrf-link=\"https:\/\/g1.globo.com\/economia\/noticia\/2025\/01\/16\/lula-participa-de-sancao-da-primeira-lei-que-regulamenta-a-reforma-tributaria-saiba-proximos-passos.ghtml\"><em>sancionada no in\u00edcio deste ano pelo presidente Luiz In\u00e1cio Lula da Silva<\/em><\/a><em>).<\/em><\/p>\n<\/div>\n<\/div>\n<div id=\"chunk-drla9\">\n<div class=\"mc-column content-text active-extra-styles \" data-block-type=\"unstyled\" data-block-weight=\"36\" data-block-id=\"6\">\n<p class=\" content-text__container \" data-track-category=\"Link no Texto\" data-track-links=\"\" data-mrf-recirculation=\"Mat\u00e9ria - Links no Texto\">De acordo com o Fisco, o novo sistema ser\u00e1\u00a0<a class=\"\" href=\"https:\/\/g1.globo.com\/economia\/noticia\/2025\/09\/14\/reforma-tributaria-receita-prepara-super-sistema-para-aprimorar-cobranca-de-impostos-e-reduzir-sonegacao.ghtml\" data-mrf-link=\"https:\/\/g1.globo.com\/economia\/noticia\/2025\/09\/14\/reforma-tributaria-receita-prepara-super-sistema-para-aprimorar-cobranca-de-impostos-e-reduzir-sonegacao.ghtml\">150 vezes maior do que o PIX \u2013 ferramenta de transfer\u00eancias em tempo real do Banco Central.<\/a>\u00a0<strong>Por ele, transitar\u00e3o cerca de 70 bilh\u00f5es de documentos anualmente.<\/strong><\/p>\n<\/div>\n<\/div>\n<div id=\"chunk-bqqoi\">\n<div class=\"mc-column content-text active-extra-styles\" data-block-type=\"raw\" data-block-weight=\"85\" data-block-id=\"8\">\n<blockquote class=\"content-blockquote theme-border-color-primary-before\"><p>&#8220;A diferen\u00e7a \u00e9 que, no PIX, voc\u00ea tem pouca informa\u00e7\u00e3o. Voc\u00ea tem [informa\u00e7\u00e3o de] quem manda, quem recebe e o valor. Na nota [fiscal], tem um monte de outras informa\u00e7\u00f5es sobre o produto, sobre quem emite, sobre o cr\u00e9dito. O n\u00famero de documentos \u00e9 o mesmo, mas o volume de cada documento \u00e9 em torno de 150 vezes [o volume] do PIX. Por isso que a gente fala que \u00e9 150 vezes [maior do que o PIX]&#8221;, explicou o secret\u00e1rio da Receita Federal, Robinson Barreirinhas.<\/p><\/blockquote>\n<\/div>\n<\/div>\n<div id=\"chunk-7jicb\">\n<div class=\"mc-column content-text active-extra-styles \" data-block-type=\"unstyled\" data-block-weight=\"50\" data-block-id=\"9\">\n<p class=\" content-text__container \" data-track-category=\"Link no Texto\" data-track-links=\"\" data-mrf-recirculation=\"Mat\u00e9ria - Links no Texto\">\u27a1\ufe0f\u00a0<em>O que o novo sistema far\u00e1 \u00e9\u00a0<\/em><span class=\"highlight highlighted\"><em>recolher os impostos sobre o consumo, calcular e permitir o abatimento de tributos j\u00e1 pagos em cadeias anteriores<\/em><\/span><em>\u00a0da produ\u00e7\u00e3o. Ele tamb\u00e9m viabiliza o c\u00e1lculo do\u00a0<\/em><span class=\"highlight highlighted\"><em>cashback<\/em><\/span><em>\u00a0para a popula\u00e7\u00e3o de baixa renda (ou seja, a devolu\u00e7\u00e3o de parte dos tributos pagos).<\/em><\/p>\n<\/div>\n<\/div>\n<div id=\"chunk-88tnu\">\n<div class=\"mc-column content-text active-extra-styles \" data-block-type=\"unstyled\" data-block-weight=\"13\" data-block-id=\"10\">\n<p class=\" content-text__container \" data-track-category=\"Link no Texto\" data-track-links=\"\" data-mrf-recirculation=\"Mat\u00e9ria - Links no Texto\">\u27a1\ufe0f<em>\u00a0Tamb\u00e9m h\u00e1 a expectativa de que a plataforma reduza a\u00a0<\/em><span class=\"highlight highlighted\"><em>sonega\u00e7\u00e3o fiscal.<\/em><\/span><\/p>\n<\/div>\n<\/div>\n<div id=\"chunk-3q005\">\n<div class=\"mc-column content-text active-extra-styles \" data-block-type=\"unstyled\" data-block-weight=\"38\" data-block-id=\"11\">\n<p class=\" content-text__container \" data-track-category=\"Link no Texto\" data-track-links=\"\" data-mrf-recirculation=\"Mat\u00e9ria - Links no Texto\">Milhares de pessoas \u2013 envolvendo t\u00e9cnicos da Receita Federal, desenvolvedores contratados pelo Servi\u00e7o Federal de Processamento de Dados (Serpro), interlocutores do mercado financeiro e at\u00e9 engenheiros das &#8220;big techs&#8221; (gigantes de tecnologia) \u2013 trabalham para viabilizar a ferramenta.<\/p>\n<\/div>\n<\/div>\n<div id=\"chunk-2g1ol\">\n<div class=\"mc-column content-text active-extra-styles \" data-block-type=\"unstyled\" data-block-weight=\"8\" data-block-id=\"12\">\n<p class=\" content-text__container \" data-track-category=\"Link no Texto\" data-track-links=\"\" data-mrf-recirculation=\"Mat\u00e9ria - Links no Texto\"><strong><em>Veja perguntas e respostas sobre a nova plataforma:<\/em><\/strong><\/p>\n<\/div>\n<\/div>\n<div id=\"chunk-5qflq\">\n<div class=\"mc-column content-text active-extra-styles\" data-block-type=\"raw\" data-block-weight=\"26\" data-block-id=\"13\">\n<ul class=\"content-unordered-list\">\n<li><a class=\"\" href=\"https:\/\/g1.globo.com\/economia\/noticia\/2025\/09\/15\/150-vezes-maior-que-o-pix-entenda-a-plataforma-que-a-receita-federal-prepara-para-a-reforma-tributaria.ghtml#1\">Por que essa plataforma est\u00e1 sendo criada?<\/a><\/li>\n<li><a class=\"\" href=\"https:\/\/g1.globo.com\/economia\/noticia\/2025\/09\/15\/150-vezes-maior-que-o-pix-entenda-a-plataforma-que-a-receita-federal-prepara-para-a-reforma-tributaria.ghtml#2\">Por que ela vai reduzir a sonega\u00e7\u00e3o?<\/a><\/li>\n<li><a class=\"\" href=\"https:\/\/g1.globo.com\/economia\/noticia\/2025\/09\/15\/150-vezes-maior-que-o-pix-entenda-a-plataforma-que-a-receita-federal-prepara-para-a-reforma-tributaria.ghtml#3\">Vai aumentar imposto?<\/a><\/li>\n<li><a class=\"\" href=\"https:\/\/g1.globo.com\/economia\/noticia\/2025\/09\/15\/150-vezes-maior-que-o-pix-entenda-a-plataforma-que-a-receita-federal-prepara-para-a-reforma-tributaria.ghtml#4\">Quem vai utiliz\u00e1-la?<\/a><\/li>\n<li><a class=\"\" href=\"https:\/\/g1.globo.com\/economia\/noticia\/2025\/09\/15\/150-vezes-maior-que-o-pix-entenda-a-plataforma-que-a-receita-federal-prepara-para-a-reforma-tributaria.ghtml#5\">Quando ela vai come\u00e7ar a operar?<\/a><\/li>\n<\/ul>\n<p>&nbsp;<\/p>\n<\/div>\n<\/div>\n<div id=\"chunk-4f9q9\">\n<div class=\"row medium-uncollapsed content-media content-photo\" data-block-type=\"backstage-photo\" data-block-id=\"15\">\n<div class=\" mc-column content-media__container\">\n<div class=\"content-media-container glb-skeleton-box\">\n<figure class=\"content-media-figure\"><img decoding=\"async\" class=\"i-amphtml-fill-content i-amphtml-replaced-content\" src=\"https:\/\/s2-g1.glbimg.com\/zVx0hvl867NQ_QTLrFFEcOotsZM=\/0x0:3840x2160\/984x0\/smart\/filters:strip_icc()\/i.s3.glbimg.com\/v1\/AUTH_59edd422c0c84a879bd37670ae4f538a\/internal_photos\/bs\/2025\/x\/u\/r8zsUbS3u03PxeCp9jsg\/globo-canal-4-20250116-2000-frame-124010.jpeg\" sizes=\"(max-width: 1536px) 648px, 100vw\" srcset=\"https:\/\/s2-g1.glbimg.com\/8jIQtJol7meiFI5CUq0QMy2u3kE=\/0x0:3840x2160\/1000x0\/smart\/filters:strip_icc()\/i.s3.glbimg.com\/v1\/AUTH_59edd422c0c84a879bd37670ae4f538a\/internal_photos\/bs\/2025\/x\/u\/r8zsUbS3u03PxeCp9jsg\/globo-canal-4-20250116-2000-frame-124010.jpeg 1000w, https:\/\/s2-g1.glbimg.com\/zVx0hvl867NQ_QTLrFFEcOotsZM=\/0x0:3840x2160\/984x0\/smart\/filters:strip_icc()\/i.s3.glbimg.com\/v1\/AUTH_59edd422c0c84a879bd37670ae4f538a\/internal_photos\/bs\/2025\/x\/u\/r8zsUbS3u03PxeCp9jsg\/globo-canal-4-20250116-2000-frame-124010.jpeg 984w, https:\/\/s2-g1.glbimg.com\/k2Lap30KMXWdaXEJMGnsQwZzLXI=\/0x0:3840x2160\/640x0\/smart\/filters:strip_icc()\/i.s3.glbimg.com\/v1\/AUTH_59edd422c0c84a879bd37670ae4f538a\/internal_photos\/bs\/2025\/x\/u\/r8zsUbS3u03PxeCp9jsg\/globo-canal-4-20250116-2000-frame-124010.jpeg 640w, https:\/\/s2-g1.glbimg.com\/Td0ZHVjNN7RLEHzUe0474Zmaja0=\/0x0:3840x2160\/600x0\/smart\/filters:strip_icc()\/i.s3.glbimg.com\/v1\/AUTH_59edd422c0c84a879bd37670ae4f538a\/internal_photos\/bs\/2025\/x\/u\/r8zsUbS3u03PxeCp9jsg\/globo-canal-4-20250116-2000-frame-124010.jpeg 600w\" alt=\"Lula sanciona texto que regulamenta a reforma tribut\u00e1ria; veja o que muda \u2014 Foto: Jornal Nacional\/ Reprodu\u00e7\u00e3o\" \/><\/figure>\n<\/div>\n<p class=\"content-media__description \">Lula sanciona texto que regulamenta a reforma tribut\u00e1ria; veja o que muda \u2014 Foto: Jornal Nacional\/ Reprodu\u00e7\u00e3o<\/p>\n<\/div>\n<\/div>\n<\/div>\n<div id=\"chunk-665rc\">\n<div class=\"mc-column content-text active-extra-styles\" data-block-type=\"raw\" data-block-weight=\"8\" data-block-id=\"17\">\n<div class=\"content-intertitle\">\n<h2>\u27a1\ufe0f\u00a0<strong>Por que essa plataforma est\u00e1 sendo criada?<\/strong><\/h2>\n<\/div>\n<\/div>\n<\/div>\n<div id=\"chunk-fmrqq\">\n<div class=\"mc-column content-text active-extra-styles \" data-block-type=\"unstyled\" data-block-weight=\"25\" data-block-id=\"18\">\n<p class=\" content-text__container \" data-track-category=\"Link no Texto\" data-track-links=\"\" data-mrf-recirculation=\"Mat\u00e9ria - Links no Texto\">A reforma tribut\u00e1ria prev\u00ea que ser\u00e3o criados\u00a0<span class=\"highlight highlighted\">dois tributos (CBS e IBS) para ficar no lugar dos atuais PIS, Cofins, IPI, ICMS e ISS.<\/span><\/p>\n<\/div>\n<\/div>\n<div id=\"chunk-5mveo\">\n<div class=\"mc-column content-text active-extra-styles \" data-block-type=\"unstyled\" data-block-weight=\"34\" data-block-id=\"19\">\n<p class=\" content-text__container \" data-track-category=\"Link no Texto\" data-track-links=\"\" data-mrf-recirculation=\"Mat\u00e9ria - Links no Texto\">Al\u00e9m disso, tamb\u00e9m haver\u00e1 um imposto seletivo (conhecido como imposto do pecado) para produtos com &#8220;externalidades negativas&#8221;, ou seja, que geram danos \u00e0 sa\u00fade e ao meio ambiente. Cigarros e bebidas alco\u00f3licas ser\u00e3o sobretaxados.<\/p>\n<\/div>\n<\/div>\n<div id=\"chunk-c11aq\">\n<div class=\"mc-column content-text active-extra-styles \" data-block-type=\"unstyled\" data-block-weight=\"52\" data-block-id=\"20\">\n<p class=\" content-text__container \" data-track-category=\"Link no Texto\" data-track-links=\"\" data-mrf-recirculation=\"Mat\u00e9ria - Links no Texto\">Na reforma tribut\u00e1ria aprovada pelo Congresso Nacional,\u00a0<span class=\"highlight highlighted\">os futuros IVAs (CBS federal, IBS estadual e municipal) ser\u00e3o n\u00e3o cumulativos,<\/span> ou seja, os impostos n\u00e3o incidir\u00e3o sobre valores tribut\u00e1rios j\u00e1 pagos em etapas anteriores da cadeia produtiva. E os valores ser\u00e3o cobrados no &#8220;destino&#8221;, ou seja, onde os produtos e servi\u00e7os s\u00e3o consumidos.<\/p>\n<\/div>\n<\/div>\n<div id=\"chunk-1j6bn\">\n<div class=\"mc-column content-text active-extra-styles\" data-block-type=\"raw\" data-block-weight=\"120\" data-block-id=\"21\">\n<ul class=\"content-unordered-list\">\n<li>Um dos m\u00f3dulos da plataforma, chamado de\u00a0<span class=\"highlight highlighted\">&#8220;split payment&#8221;, permitir\u00e1 que o valor dos tributos seja direcionado em tempo real para o governo, estados e munic\u00edpios<\/span>\u00a0\u2014 reduzindo a sonega\u00e7\u00e3o fiscal.<\/li>\n<li>O novo sistema tamb\u00e9m permitir\u00e1 o\u00a0<span class=\"highlight highlighted\">c\u00e1lculo do imposto j\u00e1 pago em cadeias anteriores<\/span>\u00a0da produ\u00e7\u00e3o, permitindo o abatimento r\u00e1pido pelas empresas.<\/li>\n<li>De acordo com o governo, a nova plataforma tecnol\u00f3gica tamb\u00e9m\u00a0<span class=\"highlight highlighted\">reduzir\u00e1 os erros de c\u00e1lculo,<\/span>\u00a0ou de classifica\u00e7\u00e3o dos produtos, pelas empresas. Ser\u00e1 oferecida, por exemplo, uma calculadora oficial e, no caso de erro, o empres\u00e1rio ser\u00e1 avisado antes de ser autuado.<\/li>\n<li>A outra funcionalidade da nova plataforma tamb\u00e9m ser\u00e1 o\u00a0<span class=\"highlight highlighted\">c\u00e1lculo da devolu\u00e7\u00e3o de impostos para a popula\u00e7\u00e3o de baixa renda<\/span>\u00a0por meio do chamado &#8220;cashback&#8221;.<\/li>\n<\/ul>\n<\/div>\n<\/div>\n<div id=\"chunk-elo2b\">\n<div class=\"mc-column content-text active-extra-styles \" data-block-type=\"unstyled\" data-block-weight=\"41\" data-block-id=\"23\">\n<p class=\" content-text__container \" data-track-category=\"Link no Texto\" data-track-links=\"\" data-mrf-recirculation=\"Mat\u00e9ria - Links no Texto\">De acordo com o governo, a nova plataforma tamb\u00e9m\u00a0<span class=\"highlight highlighted\">reduzir\u00e1 os erros de c\u00e1lculo, ou de classifica\u00e7\u00e3o dos produtos, pelas empresas.<\/span> Ser\u00e1 oferecida, por exemplo, uma calculadora oficial e, no caso de erro, o empres\u00e1rio ser\u00e1 avisado antes de ser autuado.<\/p>\n<\/div>\n<\/div>\n<div id=\"chunk-4ai8d\">\n<div class=\"mc-column content-text active-extra-styles\" data-block-type=\"raw\" data-block-weight=\"44\" data-block-id=\"24\">\n<blockquote class=\"content-blockquote theme-border-color-primary-before\"><p>&#8220;Hoje, quando o empres\u00e1rio vai preencher [a nota fiscal], ele preenche do jeito que quer. Vai pro estado, cai na gest\u00e3o de risco e, se tiver diverg\u00eancia, ele \u00e9 autuado. Quando for produzir no nosso sistema, o empres\u00e1rio vai usar nossa calculadora&#8221;, disse Barreirinhas.<\/p><\/blockquote>\n<\/div>\n<\/div>\n<div id=\"chunk-cmahq\">\n<div class=\"mc-column content-text active-extra-styles \" data-block-type=\"unstyled\" data-block-weight=\"45\" data-block-id=\"25\">\n<p class=\" content-text__container \" data-track-category=\"Link no Texto\" data-track-links=\"\" data-mrf-recirculation=\"Mat\u00e9ria - Links no Texto\">&#8220;N\u00e3o tem como errar. E mesmo, se por acaso, ele preencher alguma coisa errada, nosso sistema vai processar. Se achar uma falha, vai informar para ele corrigir a nota. A grande vantagem desse sistema \u00e9 ele ser amig\u00e1vel, esse que vai ser o ganho&#8221;, completou.<\/p>\n<\/div>\n<\/div>\n<div id=\"chunk-5t47o\">\n<div class=\"mc-column content-text active-extra-styles\" data-block-type=\"raw\" data-block-weight=\"8\" data-block-id=\"27\">\n<div class=\"content-intertitle\">\n<h2>\u27a1\ufe0f\u00a0<strong>Por que ela vai reduzir a sonega\u00e7\u00e3o?<\/strong><\/h2>\n<\/div>\n<\/div>\n<\/div>\n<div id=\"chunk-6q5at\">\n<div class=\"mc-column content-text active-extra-styles \" data-block-type=\"unstyled\" data-block-weight=\"48\" data-block-id=\"28\">\n<p class=\" content-text__container \" data-track-category=\"Link no Texto\" data-track-links=\"\" data-mrf-recirculation=\"Mat\u00e9ria - Links no Texto\">A expectativa do governo, e de tributaristas, \u00e9 de que a nova plataforma\u00a0<span class=\"highlight highlighted\">reduza a sonega\u00e7\u00e3o por conta, principalmente, do chamado &#8220;split payment&#8221;<\/span> &#8211; que \u00e9 o c\u00e1lculo, e recolhimento imediato, dos futuros impostos sobre o valor agregado do governo, estados e munic\u00edpios quando o pagamento for eletr\u00f4nico.<\/p>\n<\/div>\n<\/div>\n<div id=\"chunk-3hbih\">\n<div class=\"mc-column content-text active-extra-styles\" data-block-type=\"raw\" data-block-weight=\"59\" data-block-id=\"29\">\n<ul class=\"content-unordered-list\">\n<li>O novo sistema, de acordo com a Receita Federal, tamb\u00e9m\u00a0<span class=\"highlight highlighted\">acabar\u00e1 com o problema das chamadas &#8220;noteiras&#8221;, ou seja, empresas de fachada criadas para fraudar o Fisco<\/span>\u00a0que emitem notas fiscais falsas ou com informa\u00e7\u00f5es adulteradas para encobrir opera\u00e7\u00f5es ilegais.<\/li>\n<li>Al\u00e9m disso, tamb\u00e9m n\u00e3o ser\u00e1 mais poss\u00edvel o empres\u00e1rio pagar os impostos com atraso quando o pagamento for eletr\u00f4nico.<\/li>\n<\/ul>\n<\/div>\n<\/div>\n<div id=\"chunk-63k5e\">\n<div class=\"mc-column content-text active-extra-styles \" data-block-type=\"unstyled\" data-block-weight=\"56\" data-block-id=\"30\">\n<p class=\" content-text__container \" data-track-category=\"Link no Texto\" data-track-links=\"\" data-mrf-recirculation=\"Mat\u00e9ria - Links no Texto\">\ud83d\udcb5 A Receita Federal n\u00e3o divulga estimativas, mas o tributarista Lucas Ribeiro, fundador e CEO da ROIT, empresa de tecnologia focada em solu\u00e7\u00f5es para a reforma tribut\u00e1ria,\u00a0<span class=\"highlight highlighted\">aponta que o &#8220;split payment&#8221; pode permitir ao governo federal arrecadar de R$ 400 bilh\u00f5es a R$ 500 bilh\u00f5es a mais por ano<\/span>\u00a0\u2013 cifras equivalentes \u00e0 sonega\u00e7\u00e3o fiscal.<\/p>\n<\/div>\n<\/div>\n<div id=\"chunk-6ptej\">\n<div class=\"mc-column content-text active-extra-styles \" data-block-type=\"unstyled\" data-block-weight=\"20\" data-block-id=\"31\">\n<p class=\" content-text__container \" data-track-category=\"Link no Texto\" data-track-links=\"\" data-mrf-recirculation=\"Mat\u00e9ria - Links no Texto\">Segundo o secret\u00e1rio da Receita Federal, Robinson Barreirinhas,\u00a0<span class=\"highlight highlighted\">a nova plataforma n\u00e3o vai significar aumento da fiscaliza\u00e7\u00e3o, mas sim melhora.<\/span><\/p>\n<\/div>\n<\/div>\n<div id=\"chunk-1bqm7\">\n<div class=\"mc-column content-text active-extra-styles\" data-block-type=\"raw\" data-block-weight=\"61\" data-block-id=\"32\">\n<blockquote class=\"content-blockquote theme-border-color-primary-before\"><p>&#8220;N\u00e3o vai aumentar a fiscaliza\u00e7\u00e3o pelo seguinte: eu n\u00e3o consigo fiscalizar quem n\u00e3o emite nota hoje em dia. Que quem tem nota, j\u00e1 tem a informa\u00e7\u00e3o. Quem n\u00e3o emite nota, vai continuar n\u00e3o emitindo do mesmo jeito. Vai ter uma redu\u00e7\u00e3o do volume de fiscaliza\u00e7\u00e3o com uma melhor qualidade. Aumento de qualidade, n\u00e3o \u00e9 aumento de fiscaliza\u00e7\u00e3o&#8221;, disse Barreirinhas ao g1.<\/p><\/blockquote>\n<\/div>\n<\/div>\n<div id=\"chunk-8c8ct\">\n<div class=\"mc-column content-text active-extra-styles\" data-block-type=\"raw\" data-block-weight=\"4\" data-block-id=\"34\">\n<div class=\"content-intertitle\">\n<h2>\u27a1\ufe0f\u00a0<strong>Vai aumentar imposto?<\/strong><\/h2>\n<\/div>\n<\/div>\n<\/div>\n<div id=\"chunk-do73p\">\n<div class=\"mc-column content-text active-extra-styles \" data-block-type=\"unstyled\" data-block-weight=\"49\" data-block-id=\"35\">\n<p class=\" content-text__container \" data-track-category=\"Link no Texto\" data-track-links=\"\" data-mrf-recirculation=\"Mat\u00e9ria - Links no Texto\">Uma das premissas da reforma tribut\u00e1ria aprovada pelo Congresso Nacional \u00e9 que\u00a0<span class=\"highlight highlighted\">n\u00e3o haja aumento da carga tribut\u00e1ria sobre o consumo no Brasil,<\/span>\u00a0que j\u00e1 \u00e9 elevada na compara\u00e7\u00e3o com o resto do mundo \u2013 algo que penaliza, principalmente, a popula\u00e7\u00e3o de baixa renda (que paga proporcionalmente mais imposto).<\/p>\n<\/div>\n<\/div>\n<div id=\"chunk-1tllm\">\n<div class=\"mc-column content-text active-extra-styles \" data-block-type=\"unstyled\" data-block-weight=\"56\" data-block-id=\"36\">\n<p class=\" content-text__container \" data-track-category=\"Link no Texto\" data-track-links=\"\" data-mrf-recirculation=\"Mat\u00e9ria - Links no Texto\">Alguns setores, entretanto, como o de servi\u00e7os, alegam que pode haver aumento de sua carga de tributos, pois eles n\u00e3o s\u00e3o intensivos e\u00a0<a class=\"\" href=\"https:\/\/g1.globo.com\/jornal-nacional\/noticia\/2023\/06\/23\/reforma-tributaria-setor-de-servicos-teme-que-mudancas-provoquem-o-aumento-da-carga-tributaria.ghtml\" data-mrf-link=\"https:\/\/g1.globo.com\/jornal-nacional\/noticia\/2023\/06\/23\/reforma-tributaria-setor-de-servicos-teme-que-mudancas-provoquem-o-aumento-da-carga-tributaria.ghtml\">t\u00eam muita m\u00e3o de obra, com uma cadeia produtiva curta.<\/a> Eles n\u00e3o conseguem realizar tantos abatimentos (de impostos pagos em outras etapas da cadeia) quanto a ind\u00fastria, por exemplo \u2013 que ser\u00e1 beneficiada.<\/p>\n<\/div>\n<\/div>\n<div id=\"chunk-1sms\">\n<div class=\"mc-column content-text active-extra-styles \" data-block-type=\"unstyled\" data-block-weight=\"24\" data-block-id=\"38\">\n<p class=\" content-text__container \" data-track-category=\"Link no Texto\" data-track-links=\"\" data-mrf-recirculation=\"Mat\u00e9ria - Links no Texto\">A reforma tribut\u00e1ria prev\u00ea que as al\u00edquotas dos futuros impostos ser\u00e3o ajustadas para<a class=\"\" href=\"https:\/\/g1.globo.com\/economia\/noticia\/2023\/06\/07\/reforma-tributaria-mantem-o-brasil-entre-os-paises-com-maior-peso-arrecadatorio-dos-impostos-sobre-consumo.ghtml\" data-mrf-link=\"https:\/\/g1.globo.com\/economia\/noticia\/2023\/06\/07\/reforma-tributaria-mantem-o-brasil-entre-os-paises-com-maior-peso-arrecadatorio-dos-impostos-sobre-consumo.ghtml\">\u00a0manter o atual peso dos tributos sobre o consumo no Brasil.<\/a><\/p>\n<\/div>\n<\/div>\n<div id=\"chunk-11luu\">\n<div class=\"mc-column content-text active-extra-styles \" data-block-type=\"unstyled\" data-block-weight=\"29\" data-block-id=\"39\">\n<p class=\" content-text__container \" data-track-category=\"Link no Texto\" data-track-links=\"\" data-mrf-recirculation=\"Mat\u00e9ria - Links no Texto\">At\u00e9 o momento, a previs\u00e3o \u00e9 de a\u00a0<a class=\"\" href=\"https:\/\/g1.globo.com\/economia\/noticia\/2024\/04\/24\/ministerio-da-fazenda-estima-aliquota-de-265percent-nos-impostos-sobre-o-consumo-uma-das-maiores-do-mundo.ghtml\" data-mrf-link=\"https:\/\/g1.globo.com\/economia\/noticia\/2024\/04\/24\/ministerio-da-fazenda-estima-aliquota-de-265percent-nos-impostos-sobre-o-consumo-uma-das-maiores-do-mundo.ghtml\">al\u00edquota de refer\u00eancia brasileira (cobrada da maior parte das empresas, que n\u00e3o contam com exce\u00e7\u00f5es) seja uma das maiores do mundo.<\/a><\/p>\n<\/div>\n<\/div>\n<div id=\"chunk-2qrsj\">\n<div class=\"mc-column content-text active-extra-styles \" data-block-type=\"unstyled\" data-block-weight=\"10\" data-block-id=\"40\">\n<p class=\" content-text__container \" data-track-category=\"Link no Texto\" data-track-links=\"\" data-mrf-recirculation=\"Mat\u00e9ria - Links no Texto\"><strong>O sistema que est\u00e1 sendo preparado pela Receita faz \u00e9:<\/strong><\/p>\n<\/div>\n<\/div>\n<div id=\"chunk-4a3le\">\n<div class=\"mc-column content-text active-extra-styles\" data-block-type=\"raw\" data-block-weight=\"38\" data-block-id=\"41\">\n<ul class=\"content-unordered-list\">\n<li><strong>recolher\u00a0<\/strong>os futuros impostos sobre o consumo;<\/li>\n<li><strong>calcular\u00a0<\/strong>e\u00a0<strong>permitir\u00a0<\/strong>o abatimento de tributos pagos em cadeias anteriores da produ\u00e7\u00e3o; e<\/li>\n<li><strong>viabilizar\u00a0<\/strong>o c\u00e1lculo do cashback para a popula\u00e7\u00e3o de baixa renda (devolu\u00e7\u00e3o de parte dos tributos pagos).<\/li>\n<\/ul>\n<\/div>\n<\/div>\n<div id=\"chunk-976ei\">\n<div class=\"mc-column content-text active-extra-styles \" data-block-type=\"unstyled\" data-block-weight=\"63\" data-block-id=\"42\">\n<p class=\" content-text__container \" data-track-category=\"Link no Texto\" data-track-links=\"\" data-mrf-recirculation=\"Mat\u00e9ria - Links no Texto\">Embora o novo sistema tribut\u00e1rio sobre o consumo feche brechas \u00e0 sonega\u00e7\u00e3o fiscal e, com isso, arrecade mais por um lado, tamb\u00e9m est\u00e1 previsto na reforma tribut\u00e1ria uma desonera\u00e7\u00e3o completa dos investimentos e das exporta\u00e7\u00f5es \u2014 algo que vai gerar perda de arrecada\u00e7\u00e3o por outro. Isso tamb\u00e9m ser\u00e1 levado em conta na hora de calcular a futura al\u00edquota do imposto sobre o consumo.<\/p>\n<\/div>\n<\/div>\n<div id=\"chunk-av7he\">\n<div class=\"mc-column content-text active-extra-styles\" data-block-type=\"raw\" data-block-weight=\"4\" data-block-id=\"44\">\n<div class=\"content-intertitle\">\n<h2>\u27a1\ufe0f\u00a0<strong>Quem vai utiliz\u00e1-la?<\/strong><\/h2>\n<\/div>\n<\/div>\n<\/div>\n<div id=\"chunk-fvj2r\">\n<div class=\"mc-column content-text active-extra-styles \" data-block-type=\"unstyled\" data-block-weight=\"39\" data-block-id=\"45\">\n<p class=\" content-text__container \" data-track-category=\"Link no Texto\" data-track-links=\"\" data-mrf-recirculation=\"Mat\u00e9ria - Links no Texto\">As empresas que vendem produtos e servi\u00e7os usar\u00e3o a plataforma, assim que ela estiver operacional.\u00a0<span class=\"highlight highlighted\">O foco da Receita Federal s\u00e3o as empresas que realizam compras e vendas de produtos e servi\u00e7os entre si, no chamado &#8220;business to business&#8221;.<\/span><\/p>\n<\/div>\n<\/div>\n<div id=\"chunk-9hluh\">\n<div class=\"mc-column content-text active-extra-styles\" data-block-type=\"raw\" data-block-weight=\"41\" data-block-id=\"46\">\n<blockquote class=\"content-blockquote theme-border-color-primary-before\"><p>&#8220;O &#8216;split payment&#8217; vai ser no &#8216;business to business&#8217;. No varejo, vai ser aquele &#8216;split&#8217; [recolhimento de tributos] por estimativa. N\u00e3o faz muita diferen\u00e7a pra gente. A\u00ed, no final do m\u00eas, ele faz o ajuste ali&#8221;, disse Barreirinhas, da Receita Federal.<\/p><\/blockquote>\n<\/div>\n<\/div>\n<div id=\"chunk-8384f\">\n<div class=\"mc-column content-text active-extra-styles\" data-block-type=\"raw\" data-block-weight=\"7\" data-block-id=\"47\">\n<div class=\"content-intertitle\">\n<h2>\u27a1\ufe0f\u00a0<strong>Quando ela vai come\u00e7ar a operar?<\/strong><\/h2>\n<\/div>\n<\/div>\n<\/div>\n<div id=\"chunk-dfafg\">\n<div class=\"mc-column content-text active-extra-styles\" data-block-type=\"raw\" data-block-weight=\"134\" data-block-id=\"48\">\n<ul class=\"content-unordered-list\">\n<li style=\"list-style-type: none;\">\n<ul class=\"content-unordered-list\">\n<li>J\u00e1 em fase de testes, em um projeto-piloto com quase 500 empresas,\u00a0<span class=\"highlight highlighted\">o planejamento da Receita Federal \u00e9 de que o novo sistema esteja funcionando em 2026 sem gerar cobran\u00e7a efetiva<\/span>\u00a0(al\u00edquota ser\u00e1 pequena, de 1%, que poder\u00e1 ser abatida em outros tributos).<\/li>\n<li>A partir de 2027, quando haver\u00e1 a extin\u00e7\u00e3o do PIS e da Cofins, o sistema do &#8220;split payment&#8221; come\u00e7ar\u00e1 a operar em toda a economia para a CBS (tributo federal), focado principalmente nas negocia\u00e7\u00f5es entre empresas \u2014 o chamado &#8220;business to business&#8221;, sem abranger o varejo.<\/li>\n<li>De 2029 a 2032, haver\u00e1 a transi\u00e7\u00e3o do ICMS estadual e do ISS municipal para o IBS, com a redu\u00e7\u00e3o gradual das al\u00edquotas do ICMS e do ISS e o aumento gradual da al\u00edquota do IBS (o futuro tributo sobre consumo dos estados e munic\u00edpios).<\/li>\n<\/ul>\n<\/li>\n<\/ul>\n<ul>EXEMPLO DE N\u00c3O CUMULATIVIDADE DO IVAAcesse o linkhttps:\/\/g1.globo.com\/economia\/noticia\/2025\/09\/15\/150-vezes-maior-que-o-pix-entenda-a-plataforma-que-a-receita-federal-prepara-para-a-reforma-tributaria.ghtml<\/ul>\n<p>Fonte G1<\/p>\n<\/div>\n<\/div>\n<div id=\"chunk-fdhoc\">\n<div class=\"content-ads content-ads--reveal\" data-block-type=\"ads\" data-block-id=\"49\">\n<div id=\"banner_materia__fbe8c179-e5a2-4995-8026-00a9d87383c6\" class=\"tag-manager-publicidade-container tag-manager-publicidade-banner_materia__fbe8c179-e5a2-4995-8026-00a9d87383c6 tag-manager-publicidade-container--carregado tag-manager-publicidade-container--visivel\" data-google-query-id=\"CPas2Zn32o8DFfk2uQYdDJYX_g\"><\/div>\n<\/div>\n<\/div>\n<\/div>\n<\/article>\n<\/div>\n","protected":false},"excerpt":{"rendered":"<p>Foto: Marcello Casal jr\/Ag\u00eancia Brasil Pelo sistema da Receita Federal, transitar\u00e3o cerca de 70 bilh\u00f5es de documentos anualmente. A ferramenta vai viabilizar e estruturar o pagamento dos futuros impostos sobre valor agregado, previstos na reforma tribut\u00e1ria sobre o consumo &#8211; j\u00e1 sancionada pelo presidente Lula. Por\u00a0Alexandro Martello, g1\u00a0\u2014 Bras\u00edlia 15\/09\/2025 00h00\u00a0\u00a0Atualizado\u00a0h\u00e1 3 horas Pr\u00e9dio da [&hellip;]<\/p>\n","protected":false},"author":2,"featured_media":3862,"comment_status":"open","ping_status":"open","sticky":false,"template":"","format":"standard","meta":{"rop_custom_images_group":[],"rop_custom_messages_group":[],"rop_publish_now":"initial","rop_publish_now_accounts":{"twitter_850042665852968960_850042665852968960":""},"rop_publish_now_history":[],"rop_publish_now_status":"pending","footnotes":""},"categories":[15,1],"tags":[753,754,388,391,755],"class_list":["post-3860","post","type-post","status-publish","format-standard","has-post-thumbnail","hentry","category-destaques","category-sem-categoria","tag-cumulatitivade","tag-pagamento","tag-pix","tag-receita-federal","tag-reforma-tributaria"],"yoast_head":"<!-- This site is optimized with the Yoast SEO plugin v27.2 - https:\/\/yoast.com\/product\/yoast-seo-wordpress\/ -->\n<title>150 vezes maior que o PIX: entenda a plataforma que a Receita Federal prepara para a reforma tribut\u00e1ria - Prefeitos &amp; Gest\u00f5es<\/title>\n<meta name=\"description\" content=\"Pelo sistema da Receita Federal, transitar\u00e3o cerca de 70 bilh\u00f5es de documentos anualmente. A ferramenta vai viabilizar e estruturar o pagamento dos futuros impostos sobre valor agregado, previstos na reforma tribut\u00e1ria sobre o consumo - j\u00e1 sancionada pelo presidente Lula.\" \/>\n<meta name=\"robots\" content=\"index, follow, max-snippet:-1, max-image-preview:large, max-video-preview:-1\" \/>\n<link rel=\"canonical\" href=\"https:\/\/prefeitosegestoes.com.br\/portal\/150-vezes-maior-que-o-pix-entenda-a-plataforma-que-a-receita-federal-prepara-para-a-reforma-tributaria\/\" \/>\n<meta property=\"og:locale\" content=\"pt_BR\" \/>\n<meta property=\"og:type\" content=\"article\" \/>\n<meta property=\"og:title\" content=\"150 vezes maior que o PIX: entenda a plataforma que a Receita Federal prepara para a reforma tribut\u00e1ria - Prefeitos &amp; Gest\u00f5es\" \/>\n<meta property=\"og:description\" content=\"Pelo sistema da Receita Federal, transitar\u00e3o cerca de 70 bilh\u00f5es de documentos anualmente. A ferramenta vai viabilizar e estruturar o pagamento dos futuros impostos sobre valor agregado, previstos na reforma tribut\u00e1ria sobre o consumo - j\u00e1 sancionada pelo presidente Lula.\" \/>\n<meta property=\"og:url\" content=\"https:\/\/prefeitosegestoes.com.br\/portal\/150-vezes-maior-que-o-pix-entenda-a-plataforma-que-a-receita-federal-prepara-para-a-reforma-tributaria\/\" \/>\n<meta property=\"og:site_name\" content=\"Prefeitos &amp; Gest\u00f5es\" \/>\n<meta property=\"article:publisher\" content=\"https:\/\/www.facebook.com\/prefeitosonline\" \/>\n<meta property=\"article:published_time\" content=\"2025-09-15T14:15:07+00:00\" \/>\n<meta property=\"article:modified_time\" content=\"2025-09-15T14:35:45+00:00\" \/>\n<meta property=\"og:image\" content=\"https:\/\/prefeitosegestoes.com.br\/portal\/wp-content\/uploads\/2025\/09\/pix_0411202553.webp\" \/>\n\t<meta property=\"og:image:width\" content=\"1024\" \/>\n\t<meta property=\"og:image:height\" content=\"768\" \/>\n\t<meta property=\"og:image:type\" content=\"image\/webp\" \/>\n<meta name=\"author\" content=\"Prefeitos &amp; Gest\u00f5es\" \/>\n<meta name=\"twitter:card\" content=\"summary_large_image\" \/>\n<meta name=\"twitter:creator\" content=\"@PrefGestoes\" \/>\n<meta name=\"twitter:site\" content=\"@PrefGestoes\" \/>\n<meta name=\"twitter:label1\" content=\"Escrito por\" \/>\n\t<meta name=\"twitter:data1\" content=\"Prefeitos &amp; Gest\u00f5es\" \/>\n\t<meta name=\"twitter:label2\" content=\"Est. tempo de leitura\" \/>\n\t<meta name=\"twitter:data2\" content=\"8 minutos\" \/>\n<script type=\"application\/ld+json\" class=\"yoast-schema-graph\">{\"@context\":\"https:\/\/schema.org\",\"@graph\":[{\"@type\":\"Article\",\"@id\":\"https:\/\/prefeitosegestoes.com.br\/portal\/150-vezes-maior-que-o-pix-entenda-a-plataforma-que-a-receita-federal-prepara-para-a-reforma-tributaria\/#article\",\"isPartOf\":{\"@id\":\"https:\/\/prefeitosegestoes.com.br\/portal\/150-vezes-maior-que-o-pix-entenda-a-plataforma-que-a-receita-federal-prepara-para-a-reforma-tributaria\/\"},\"author\":{\"name\":\"Prefeitos &amp; Gest\u00f5es\",\"@id\":\"https:\/\/prefeitosegestoes.com.br\/portal\/#\/schema\/person\/d00059f2ec99963e7e1850d448ae94b8\"},\"headline\":\"150 vezes maior que o PIX: entenda a plataforma que a Receita Federal prepara para a reforma tribut\u00e1ria\",\"datePublished\":\"2025-09-15T14:15:07+00:00\",\"dateModified\":\"2025-09-15T14:35:45+00:00\",\"mainEntityOfPage\":{\"@id\":\"https:\/\/prefeitosegestoes.com.br\/portal\/150-vezes-maior-que-o-pix-entenda-a-plataforma-que-a-receita-federal-prepara-para-a-reforma-tributaria\/\"},\"wordCount\":1676,\"commentCount\":0,\"publisher\":{\"@id\":\"https:\/\/prefeitosegestoes.com.br\/portal\/#organization\"},\"image\":{\"@id\":\"https:\/\/prefeitosegestoes.com.br\/portal\/150-vezes-maior-que-o-pix-entenda-a-plataforma-que-a-receita-federal-prepara-para-a-reforma-tributaria\/#primaryimage\"},\"thumbnailUrl\":\"https:\/\/prefeitosegestoes.com.br\/portal\/wp-content\/uploads\/2025\/09\/pix_0411202553.webp\",\"keywords\":[\"Cumulatitivade\",\"Pagamento\",\"Pix\",\"Receita Federal\",\"Reforma Tribut\u00e1ria\"],\"articleSection\":[\"Destaques\"],\"inLanguage\":\"pt-BR\",\"potentialAction\":[{\"@type\":\"CommentAction\",\"name\":\"Comment\",\"target\":[\"https:\/\/prefeitosegestoes.com.br\/portal\/150-vezes-maior-que-o-pix-entenda-a-plataforma-que-a-receita-federal-prepara-para-a-reforma-tributaria\/#respond\"]}]},{\"@type\":\"WebPage\",\"@id\":\"https:\/\/prefeitosegestoes.com.br\/portal\/150-vezes-maior-que-o-pix-entenda-a-plataforma-que-a-receita-federal-prepara-para-a-reforma-tributaria\/\",\"url\":\"https:\/\/prefeitosegestoes.com.br\/portal\/150-vezes-maior-que-o-pix-entenda-a-plataforma-que-a-receita-federal-prepara-para-a-reforma-tributaria\/\",\"name\":\"150 vezes maior que o PIX: entenda a plataforma que a Receita Federal prepara para a reforma tribut\u00e1ria - Prefeitos &amp; Gest\u00f5es\",\"isPartOf\":{\"@id\":\"https:\/\/prefeitosegestoes.com.br\/portal\/#website\"},\"primaryImageOfPage\":{\"@id\":\"https:\/\/prefeitosegestoes.com.br\/portal\/150-vezes-maior-que-o-pix-entenda-a-plataforma-que-a-receita-federal-prepara-para-a-reforma-tributaria\/#primaryimage\"},\"image\":{\"@id\":\"https:\/\/prefeitosegestoes.com.br\/portal\/150-vezes-maior-que-o-pix-entenda-a-plataforma-que-a-receita-federal-prepara-para-a-reforma-tributaria\/#primaryimage\"},\"thumbnailUrl\":\"https:\/\/prefeitosegestoes.com.br\/portal\/wp-content\/uploads\/2025\/09\/pix_0411202553.webp\",\"datePublished\":\"2025-09-15T14:15:07+00:00\",\"dateModified\":\"2025-09-15T14:35:45+00:00\",\"description\":\"Pelo sistema da Receita Federal, transitar\u00e3o cerca de 70 bilh\u00f5es de documentos anualmente. A ferramenta vai viabilizar e estruturar o pagamento dos futuros impostos sobre valor agregado, previstos na reforma tribut\u00e1ria sobre o consumo - j\u00e1 sancionada pelo presidente Lula.\",\"breadcrumb\":{\"@id\":\"https:\/\/prefeitosegestoes.com.br\/portal\/150-vezes-maior-que-o-pix-entenda-a-plataforma-que-a-receita-federal-prepara-para-a-reforma-tributaria\/#breadcrumb\"},\"inLanguage\":\"pt-BR\",\"potentialAction\":[{\"@type\":\"ReadAction\",\"target\":[\"https:\/\/prefeitosegestoes.com.br\/portal\/150-vezes-maior-que-o-pix-entenda-a-plataforma-que-a-receita-federal-prepara-para-a-reforma-tributaria\/\"]}]},{\"@type\":\"ImageObject\",\"inLanguage\":\"pt-BR\",\"@id\":\"https:\/\/prefeitosegestoes.com.br\/portal\/150-vezes-maior-que-o-pix-entenda-a-plataforma-que-a-receita-federal-prepara-para-a-reforma-tributaria\/#primaryimage\",\"url\":\"https:\/\/prefeitosegestoes.com.br\/portal\/wp-content\/uploads\/2025\/09\/pix_0411202553.webp\",\"contentUrl\":\"https:\/\/prefeitosegestoes.com.br\/portal\/wp-content\/uploads\/2025\/09\/pix_0411202553.webp\",\"width\":1024,\"height\":768},{\"@type\":\"BreadcrumbList\",\"@id\":\"https:\/\/prefeitosegestoes.com.br\/portal\/150-vezes-maior-que-o-pix-entenda-a-plataforma-que-a-receita-federal-prepara-para-a-reforma-tributaria\/#breadcrumb\",\"itemListElement\":[{\"@type\":\"ListItem\",\"position\":1,\"name\":\"In\u00edcio\",\"item\":\"https:\/\/prefeitosegestoes.com.br\/portal\/\"},{\"@type\":\"ListItem\",\"position\":2,\"name\":\"150 vezes maior que o PIX: entenda a plataforma que a Receita Federal prepara para a reforma tribut\u00e1ria\"}]},{\"@type\":\"WebSite\",\"@id\":\"https:\/\/prefeitosegestoes.com.br\/portal\/#website\",\"url\":\"https:\/\/prefeitosegestoes.com.br\/portal\/\",\"name\":\"Prefeitos & Gest\u00f5es\",\"description\":\"\",\"publisher\":{\"@id\":\"https:\/\/prefeitosegestoes.com.br\/portal\/#organization\"},\"potentialAction\":[{\"@type\":\"SearchAction\",\"target\":{\"@type\":\"EntryPoint\",\"urlTemplate\":\"https:\/\/prefeitosegestoes.com.br\/portal\/?s={search_term_string}\"},\"query-input\":{\"@type\":\"PropertyValueSpecification\",\"valueRequired\":true,\"valueName\":\"search_term_string\"}}],\"inLanguage\":\"pt-BR\"},{\"@type\":\"Organization\",\"@id\":\"https:\/\/prefeitosegestoes.com.br\/portal\/#organization\",\"name\":\"Prefeitos & Gest\u00f5es\",\"url\":\"https:\/\/prefeitosegestoes.com.br\/portal\/\",\"logo\":{\"@type\":\"ImageObject\",\"inLanguage\":\"pt-BR\",\"@id\":\"https:\/\/prefeitosegestoes.com.br\/portal\/#\/schema\/logo\/image\/\",\"url\":\"https:\/\/prefeitosegestoes.com.br\/portal\/wp-content\/uploads\/2024\/10\/lg_trans_prefeitos_2024_preto2.png\",\"contentUrl\":\"https:\/\/prefeitosegestoes.com.br\/portal\/wp-content\/uploads\/2024\/10\/lg_trans_prefeitos_2024_preto2.png\",\"width\":199,\"height\":122,\"caption\":\"Prefeitos & Gest\u00f5es\"},\"image\":{\"@id\":\"https:\/\/prefeitosegestoes.com.br\/portal\/#\/schema\/logo\/image\/\"},\"sameAs\":[\"https:\/\/www.facebook.com\/prefeitosonline\",\"https:\/\/x.com\/PrefGestoes\"]},{\"@type\":\"Person\",\"@id\":\"https:\/\/prefeitosegestoes.com.br\/portal\/#\/schema\/person\/d00059f2ec99963e7e1850d448ae94b8\",\"name\":\"Prefeitos &amp; Gest\u00f5es\",\"image\":{\"@type\":\"ImageObject\",\"inLanguage\":\"pt-BR\",\"@id\":\"https:\/\/secure.gravatar.com\/avatar\/738fb281e479212ed32c1a21a4307dda9f3af9292edb6918a16c9ce9fff5f48d?s=96&d=mm&r=g\",\"url\":\"https:\/\/secure.gravatar.com\/avatar\/738fb281e479212ed32c1a21a4307dda9f3af9292edb6918a16c9ce9fff5f48d?s=96&d=mm&r=g\",\"contentUrl\":\"https:\/\/secure.gravatar.com\/avatar\/738fb281e479212ed32c1a21a4307dda9f3af9292edb6918a16c9ce9fff5f48d?s=96&d=mm&r=g\",\"caption\":\"Prefeitos &amp; Gest\u00f5es\"},\"url\":\"https:\/\/prefeitosegestoes.com.br\/portal\/author\/prefeitosegestoes\/\"}]}<\/script>\n<!-- \/ Yoast SEO plugin. -->","yoast_head_json":{"title":"150 vezes maior que o PIX: entenda a plataforma que a Receita Federal prepara para a reforma tribut\u00e1ria - Prefeitos &amp; Gest\u00f5es","description":"Pelo sistema da Receita Federal, transitar\u00e3o cerca de 70 bilh\u00f5es de documentos anualmente. A ferramenta vai viabilizar e estruturar o pagamento dos futuros impostos sobre valor agregado, previstos na reforma tribut\u00e1ria sobre o consumo - j\u00e1 sancionada pelo presidente Lula.","robots":{"index":"index","follow":"follow","max-snippet":"max-snippet:-1","max-image-preview":"max-image-preview:large","max-video-preview":"max-video-preview:-1"},"canonical":"https:\/\/prefeitosegestoes.com.br\/portal\/150-vezes-maior-que-o-pix-entenda-a-plataforma-que-a-receita-federal-prepara-para-a-reforma-tributaria\/","og_locale":"pt_BR","og_type":"article","og_title":"150 vezes maior que o PIX: entenda a plataforma que a Receita Federal prepara para a reforma tribut\u00e1ria - Prefeitos &amp; Gest\u00f5es","og_description":"Pelo sistema da Receita Federal, transitar\u00e3o cerca de 70 bilh\u00f5es de documentos anualmente. A ferramenta vai viabilizar e estruturar o pagamento dos futuros impostos sobre valor agregado, previstos na reforma tribut\u00e1ria sobre o consumo - j\u00e1 sancionada pelo presidente Lula.","og_url":"https:\/\/prefeitosegestoes.com.br\/portal\/150-vezes-maior-que-o-pix-entenda-a-plataforma-que-a-receita-federal-prepara-para-a-reforma-tributaria\/","og_site_name":"Prefeitos &amp; Gest\u00f5es","article_publisher":"https:\/\/www.facebook.com\/prefeitosonline","article_published_time":"2025-09-15T14:15:07+00:00","article_modified_time":"2025-09-15T14:35:45+00:00","og_image":[{"width":1024,"height":768,"url":"https:\/\/prefeitosegestoes.com.br\/portal\/wp-content\/uploads\/2025\/09\/pix_0411202553.webp","type":"image\/webp"}],"author":"Prefeitos &amp; Gest\u00f5es","twitter_card":"summary_large_image","twitter_creator":"@PrefGestoes","twitter_site":"@PrefGestoes","twitter_misc":{"Escrito por":"Prefeitos &amp; Gest\u00f5es","Est. tempo de leitura":"8 minutos"},"schema":{"@context":"https:\/\/schema.org","@graph":[{"@type":"Article","@id":"https:\/\/prefeitosegestoes.com.br\/portal\/150-vezes-maior-que-o-pix-entenda-a-plataforma-que-a-receita-federal-prepara-para-a-reforma-tributaria\/#article","isPartOf":{"@id":"https:\/\/prefeitosegestoes.com.br\/portal\/150-vezes-maior-que-o-pix-entenda-a-plataforma-que-a-receita-federal-prepara-para-a-reforma-tributaria\/"},"author":{"name":"Prefeitos &amp; Gest\u00f5es","@id":"https:\/\/prefeitosegestoes.com.br\/portal\/#\/schema\/person\/d00059f2ec99963e7e1850d448ae94b8"},"headline":"150 vezes maior que o PIX: entenda a plataforma que a Receita Federal prepara para a reforma tribut\u00e1ria","datePublished":"2025-09-15T14:15:07+00:00","dateModified":"2025-09-15T14:35:45+00:00","mainEntityOfPage":{"@id":"https:\/\/prefeitosegestoes.com.br\/portal\/150-vezes-maior-que-o-pix-entenda-a-plataforma-que-a-receita-federal-prepara-para-a-reforma-tributaria\/"},"wordCount":1676,"commentCount":0,"publisher":{"@id":"https:\/\/prefeitosegestoes.com.br\/portal\/#organization"},"image":{"@id":"https:\/\/prefeitosegestoes.com.br\/portal\/150-vezes-maior-que-o-pix-entenda-a-plataforma-que-a-receita-federal-prepara-para-a-reforma-tributaria\/#primaryimage"},"thumbnailUrl":"https:\/\/prefeitosegestoes.com.br\/portal\/wp-content\/uploads\/2025\/09\/pix_0411202553.webp","keywords":["Cumulatitivade","Pagamento","Pix","Receita Federal","Reforma Tribut\u00e1ria"],"articleSection":["Destaques"],"inLanguage":"pt-BR","potentialAction":[{"@type":"CommentAction","name":"Comment","target":["https:\/\/prefeitosegestoes.com.br\/portal\/150-vezes-maior-que-o-pix-entenda-a-plataforma-que-a-receita-federal-prepara-para-a-reforma-tributaria\/#respond"]}]},{"@type":"WebPage","@id":"https:\/\/prefeitosegestoes.com.br\/portal\/150-vezes-maior-que-o-pix-entenda-a-plataforma-que-a-receita-federal-prepara-para-a-reforma-tributaria\/","url":"https:\/\/prefeitosegestoes.com.br\/portal\/150-vezes-maior-que-o-pix-entenda-a-plataforma-que-a-receita-federal-prepara-para-a-reforma-tributaria\/","name":"150 vezes maior que o PIX: entenda a plataforma que a Receita Federal prepara para a reforma tribut\u00e1ria - Prefeitos &amp; Gest\u00f5es","isPartOf":{"@id":"https:\/\/prefeitosegestoes.com.br\/portal\/#website"},"primaryImageOfPage":{"@id":"https:\/\/prefeitosegestoes.com.br\/portal\/150-vezes-maior-que-o-pix-entenda-a-plataforma-que-a-receita-federal-prepara-para-a-reforma-tributaria\/#primaryimage"},"image":{"@id":"https:\/\/prefeitosegestoes.com.br\/portal\/150-vezes-maior-que-o-pix-entenda-a-plataforma-que-a-receita-federal-prepara-para-a-reforma-tributaria\/#primaryimage"},"thumbnailUrl":"https:\/\/prefeitosegestoes.com.br\/portal\/wp-content\/uploads\/2025\/09\/pix_0411202553.webp","datePublished":"2025-09-15T14:15:07+00:00","dateModified":"2025-09-15T14:35:45+00:00","description":"Pelo sistema da Receita Federal, transitar\u00e3o cerca de 70 bilh\u00f5es de documentos anualmente. A ferramenta vai viabilizar e estruturar o pagamento dos futuros impostos sobre valor agregado, previstos na reforma tribut\u00e1ria sobre o consumo - j\u00e1 sancionada pelo presidente Lula.","breadcrumb":{"@id":"https:\/\/prefeitosegestoes.com.br\/portal\/150-vezes-maior-que-o-pix-entenda-a-plataforma-que-a-receita-federal-prepara-para-a-reforma-tributaria\/#breadcrumb"},"inLanguage":"pt-BR","potentialAction":[{"@type":"ReadAction","target":["https:\/\/prefeitosegestoes.com.br\/portal\/150-vezes-maior-que-o-pix-entenda-a-plataforma-que-a-receita-federal-prepara-para-a-reforma-tributaria\/"]}]},{"@type":"ImageObject","inLanguage":"pt-BR","@id":"https:\/\/prefeitosegestoes.com.br\/portal\/150-vezes-maior-que-o-pix-entenda-a-plataforma-que-a-receita-federal-prepara-para-a-reforma-tributaria\/#primaryimage","url":"https:\/\/prefeitosegestoes.com.br\/portal\/wp-content\/uploads\/2025\/09\/pix_0411202553.webp","contentUrl":"https:\/\/prefeitosegestoes.com.br\/portal\/wp-content\/uploads\/2025\/09\/pix_0411202553.webp","width":1024,"height":768},{"@type":"BreadcrumbList","@id":"https:\/\/prefeitosegestoes.com.br\/portal\/150-vezes-maior-que-o-pix-entenda-a-plataforma-que-a-receita-federal-prepara-para-a-reforma-tributaria\/#breadcrumb","itemListElement":[{"@type":"ListItem","position":1,"name":"In\u00edcio","item":"https:\/\/prefeitosegestoes.com.br\/portal\/"},{"@type":"ListItem","position":2,"name":"150 vezes maior que o PIX: entenda a plataforma que a Receita Federal prepara para a reforma tribut\u00e1ria"}]},{"@type":"WebSite","@id":"https:\/\/prefeitosegestoes.com.br\/portal\/#website","url":"https:\/\/prefeitosegestoes.com.br\/portal\/","name":"Prefeitos & Gest\u00f5es","description":"","publisher":{"@id":"https:\/\/prefeitosegestoes.com.br\/portal\/#organization"},"potentialAction":[{"@type":"SearchAction","target":{"@type":"EntryPoint","urlTemplate":"https:\/\/prefeitosegestoes.com.br\/portal\/?s={search_term_string}"},"query-input":{"@type":"PropertyValueSpecification","valueRequired":true,"valueName":"search_term_string"}}],"inLanguage":"pt-BR"},{"@type":"Organization","@id":"https:\/\/prefeitosegestoes.com.br\/portal\/#organization","name":"Prefeitos & Gest\u00f5es","url":"https:\/\/prefeitosegestoes.com.br\/portal\/","logo":{"@type":"ImageObject","inLanguage":"pt-BR","@id":"https:\/\/prefeitosegestoes.com.br\/portal\/#\/schema\/logo\/image\/","url":"https:\/\/prefeitosegestoes.com.br\/portal\/wp-content\/uploads\/2024\/10\/lg_trans_prefeitos_2024_preto2.png","contentUrl":"https:\/\/prefeitosegestoes.com.br\/portal\/wp-content\/uploads\/2024\/10\/lg_trans_prefeitos_2024_preto2.png","width":199,"height":122,"caption":"Prefeitos & Gest\u00f5es"},"image":{"@id":"https:\/\/prefeitosegestoes.com.br\/portal\/#\/schema\/logo\/image\/"},"sameAs":["https:\/\/www.facebook.com\/prefeitosonline","https:\/\/x.com\/PrefGestoes"]},{"@type":"Person","@id":"https:\/\/prefeitosegestoes.com.br\/portal\/#\/schema\/person\/d00059f2ec99963e7e1850d448ae94b8","name":"Prefeitos &amp; Gest\u00f5es","image":{"@type":"ImageObject","inLanguage":"pt-BR","@id":"https:\/\/secure.gravatar.com\/avatar\/738fb281e479212ed32c1a21a4307dda9f3af9292edb6918a16c9ce9fff5f48d?s=96&d=mm&r=g","url":"https:\/\/secure.gravatar.com\/avatar\/738fb281e479212ed32c1a21a4307dda9f3af9292edb6918a16c9ce9fff5f48d?s=96&d=mm&r=g","contentUrl":"https:\/\/secure.gravatar.com\/avatar\/738fb281e479212ed32c1a21a4307dda9f3af9292edb6918a16c9ce9fff5f48d?s=96&d=mm&r=g","caption":"Prefeitos &amp; Gest\u00f5es"},"url":"https:\/\/prefeitosegestoes.com.br\/portal\/author\/prefeitosegestoes\/"}]}},"_links":{"self":[{"href":"https:\/\/prefeitosegestoes.com.br\/portal\/wp-json\/wp\/v2\/posts\/3860","targetHints":{"allow":["GET"]}}],"collection":[{"href":"https:\/\/prefeitosegestoes.com.br\/portal\/wp-json\/wp\/v2\/posts"}],"about":[{"href":"https:\/\/prefeitosegestoes.com.br\/portal\/wp-json\/wp\/v2\/types\/post"}],"author":[{"embeddable":true,"href":"https:\/\/prefeitosegestoes.com.br\/portal\/wp-json\/wp\/v2\/users\/2"}],"replies":[{"embeddable":true,"href":"https:\/\/prefeitosegestoes.com.br\/portal\/wp-json\/wp\/v2\/comments?post=3860"}],"version-history":[{"count":1,"href":"https:\/\/prefeitosegestoes.com.br\/portal\/wp-json\/wp\/v2\/posts\/3860\/revisions"}],"predecessor-version":[{"id":3863,"href":"https:\/\/prefeitosegestoes.com.br\/portal\/wp-json\/wp\/v2\/posts\/3860\/revisions\/3863"}],"wp:featuredmedia":[{"embeddable":true,"href":"https:\/\/prefeitosegestoes.com.br\/portal\/wp-json\/wp\/v2\/media\/3862"}],"wp:attachment":[{"href":"https:\/\/prefeitosegestoes.com.br\/portal\/wp-json\/wp\/v2\/media?parent=3860"}],"wp:term":[{"taxonomy":"category","embeddable":true,"href":"https:\/\/prefeitosegestoes.com.br\/portal\/wp-json\/wp\/v2\/categories?post=3860"},{"taxonomy":"post_tag","embeddable":true,"href":"https:\/\/prefeitosegestoes.com.br\/portal\/wp-json\/wp\/v2\/tags?post=3860"}],"curies":[{"name":"wp","href":"https:\/\/api.w.org\/{rel}","templated":true}]}}