{"id":3857,"date":"2025-09-10T18:03:18","date_gmt":"2025-09-10T21:03:18","guid":{"rendered":"https:\/\/prefeitosegestoes.com.br\/portal\/?p=3857"},"modified":"2025-09-10T18:03:18","modified_gmt":"2025-09-10T21:03:18","slug":"abilux-lanca-cartilha-para-orientar-municipios-na-compra-de-luminarias-led-em-parceria-com-o-ipem-sp","status":"publish","type":"post","link":"https:\/\/prefeitosegestoes.com.br\/portal\/abilux-lanca-cartilha-para-orientar-municipios-na-compra-de-luminarias-led-em-parceria-com-o-ipem-sp\/","title":{"rendered":"ABILUX LAN\u00c7A CARTILHA PARA ORIENTAR MUNIC\u00cdPIOS NA COMPRA DE LUMIN\u00c1RIAS LED EM PARCERIA COM O IPEM-SP"},"content":{"rendered":"<h4>Com linguagem clara, foco pedag\u00f3gico e orienta\u00e7\u00e3o pr\u00e1tica, a ABILUX (Associa\u00e7\u00e3o Brasileira da Ind\u00fastria de Ilumina\u00e7\u00e3o), em parceria com o IPEM-SP (Instituto de Pesquisas e Medidas do Estado de S\u00e3o Paulo), lan\u00e7ou Cartilha Orientadora para servir como\u00a0guia essencial para prefeitos e gestores municipais com as melhores pr\u00e1ticas na elabora\u00e7\u00e3o de editais para compras de produtos de ilumina\u00e7\u00e3o \u2013 Lumin\u00e1rias P\u00fablicas com tecnologia Led.<\/h4>\n<p>A publica\u00e7\u00e3o destaca as precau\u00e7\u00f5es a serem consideradas para a realiza\u00e7\u00e3o de investimentos seguros, que garantam seguran\u00e7a jur\u00eddica e t\u00e9cnica nas contrata\u00e7\u00f5es evitando o ingresso de produtos enganosos em benef\u00edcio do parque de ilumina\u00e7\u00e3o p\u00fablica dos munic\u00edpios e melhores resultados do uso do er\u00e1rio p\u00fablico de maneira a mitigar os riscos que podem afetar as cidades.<\/p>\n<p>O conte\u00fado da cartilha ressalta, entre outros pontos:<\/p>\n<ul>\n<li>A obrigatoriedade de aquisi\u00e7\u00e3o de\u00a0lumin\u00e1rias com certifica\u00e7\u00e3o v\u00e1lida pelo INMETRO, conforme a\u00a0Portaria n\u00ba 62\/2022;<\/li>\n<li>A possibilidade legal de exigir\u00a0ensaios laboratoriais em terceira parte\u00a0antes da instala\u00e7\u00e3o dos equipamentos;<\/li>\n<li>A n\u00e3o observ\u00e2ncia dos crit\u00e9rios t\u00e9cnicos na aquisi\u00e7\u00e3o de produtos sem conformidade, caracteriza infra\u00e7\u00e3o \u00e0\u00a0Lei de Improbidade Administrativa,\u00a0responsabilizando civil e criminalmente os gestores p\u00fablicos e<\/li>\n<li>A\u00a0atua\u00e7\u00e3o do IPEM como agente de\u00a0apoio aos gestores de munic\u00edpios, na realiza\u00e7\u00e3o de processo de fiscaliza\u00e7\u00e3o t\u00e9cnica.<\/li>\n<\/ul>\n<p>Al\u00e9m da expertise e do conhecimento do IPEM-SP (<em>Instituto de Pesos e Medidas do Estado de SP), <\/em>a elabora\u00e7\u00e3o da cartilha contou tamb\u00e9m \u00a0com o apoio do CREA (<em>Conselho Regional de Engenharia e Agronomia<\/em>), cujas contribui\u00e7\u00f5es foram feitas a partir do Manual de Defesa dos Munic\u00edpios na Ilumina\u00e7\u00e3o P\u00fablica, da ABILUX.<\/p>\n<p><strong>A \u00edntegra da cartilha est\u00e1 dispon\u00edvel no site da ABILUX:<\/strong> <a href=\"https:\/\/www.abilux.com.br\/docs\/Cartilha_IPEM_ABILUX.pdf\">https:\/\/www.abilux.com.br\/docs\/Cartilha_IPEM_ABILUX.pdf<\/a><\/p>\n<p><strong>Informa\u00e7\u00f5es para a Imprensa:<\/strong><\/p>\n<p><strong>Senatore Assessoria de Comunica\u00e7\u00e3o<\/strong><\/p>\n<p><strong>Ana Maria Senatore | <\/strong><a href=\"mailto:ana@senatorecomunicacao.com\"><strong>ana@senatorecomunicacao.com<\/strong><\/a><\/p>\n<p><strong>11 98289-3680<\/strong><\/p>\n","protected":false},"excerpt":{"rendered":"<p>Com linguagem clara, foco pedag\u00f3gico e orienta\u00e7\u00e3o pr\u00e1tica, a ABILUX (Associa\u00e7\u00e3o Brasileira da Ind\u00fastria de Ilumina\u00e7\u00e3o), em parceria com o IPEM-SP (Instituto de Pesquisas e Medidas do Estado de S\u00e3o Paulo), lan\u00e7ou Cartilha Orientadora para servir como\u00a0guia essencial para prefeitos e gestores municipais com as melhores pr\u00e1ticas na elabora\u00e7\u00e3o de editais para compras de produtos [&hellip;]<\/p>\n","protected":false},"author":2,"featured_media":3858,"comment_status":"open","ping_status":"open","sticky":false,"template":"","format":"standard","meta":{"rop_custom_images_group":[],"rop_custom_messages_group":[],"rop_publish_now":"initial","rop_publish_now_accounts":{"twitter_850042665852968960_850042665852968960":""},"rop_publish_now_history":[],"rop_publish_now_status":"pending","footnotes":""},"categories":[15],"tags":[749,750,140,752,751],"class_list":["post-3857","post","type-post","status-publish","format-standard","has-post-thumbnail","hentry","category-destaques","tag-abilux","tag-cartilha","tag-iluminacao-publica","tag-ipem","tag-luminarias-led"],"yoast_head":"<!-- This site is optimized with the Yoast SEO plugin v27.2 - https:\/\/yoast.com\/product\/yoast-seo-wordpress\/ -->\n<title>ABILUX LAN\u00c7A CARTILHA PARA ORIENTAR MUNIC\u00cdPIOS NA COMPRA DE LUMIN\u00c1RIAS LED EM PARCERIA COM O IPEM-SP - Prefeitos &amp; Gest\u00f5es<\/title>\n<meta name=\"description\" content=\"Com linguagem clara, foco pedag\u00f3gico e orienta\u00e7\u00e3o pr\u00e1tica, a ABILUX (Associa\u00e7\u00e3o Brasileira da Ind\u00fastria de Ilumina\u00e7\u00e3o), em parceria com o IPEM-SP (Instituto de Pesquisas e Medidas do Estado de S\u00e3o Paulo), lan\u00e7ou Cartilha Orientadora para servir como\u00a0guia essencial para prefeitos e gestores municipais com as melhores pr\u00e1ticas na elabora\u00e7\u00e3o de editais para compras de produtos de ilumina\u00e7\u00e3o \u2013 Lumin\u00e1rias P\u00fablicas com tecnologia Led.\u00a0\u00a0\u00a0\u00a0\" \/>\n<meta name=\"robots\" content=\"index, follow, max-snippet:-1, max-image-preview:large, max-video-preview:-1\" \/>\n<link rel=\"canonical\" href=\"https:\/\/prefeitosegestoes.com.br\/portal\/abilux-lanca-cartilha-para-orientar-municipios-na-compra-de-luminarias-led-em-parceria-com-o-ipem-sp\/\" \/>\n<meta property=\"og:locale\" content=\"pt_BR\" \/>\n<meta property=\"og:type\" content=\"article\" \/>\n<meta property=\"og:title\" content=\"ABILUX LAN\u00c7A CARTILHA PARA ORIENTAR MUNIC\u00cdPIOS NA COMPRA DE LUMIN\u00c1RIAS LED EM PARCERIA COM O IPEM-SP - Prefeitos &amp; Gest\u00f5es\" \/>\n<meta property=\"og:description\" content=\"Com linguagem clara, foco pedag\u00f3gico e orienta\u00e7\u00e3o pr\u00e1tica, a ABILUX (Associa\u00e7\u00e3o Brasileira da Ind\u00fastria de Ilumina\u00e7\u00e3o), em parceria com o IPEM-SP (Instituto de Pesquisas e Medidas do Estado de S\u00e3o Paulo), lan\u00e7ou Cartilha Orientadora para servir como\u00a0guia essencial para prefeitos e gestores municipais com as melhores pr\u00e1ticas na elabora\u00e7\u00e3o de editais para compras de produtos de ilumina\u00e7\u00e3o \u2013 Lumin\u00e1rias P\u00fablicas com tecnologia Led.\u00a0\u00a0\u00a0\u00a0\" \/>\n<meta property=\"og:url\" content=\"https:\/\/prefeitosegestoes.com.br\/portal\/abilux-lanca-cartilha-para-orientar-municipios-na-compra-de-luminarias-led-em-parceria-com-o-ipem-sp\/\" \/>\n<meta property=\"og:site_name\" content=\"Prefeitos &amp; Gest\u00f5es\" \/>\n<meta property=\"article:publisher\" content=\"https:\/\/www.facebook.com\/prefeitosonline\" \/>\n<meta property=\"article:published_time\" content=\"2025-09-10T21:03:18+00:00\" \/>\n<meta property=\"og:image\" content=\"https:\/\/prefeitosegestoes.com.br\/portal\/wp-content\/uploads\/2025\/09\/abilux.png\" \/>\n\t<meta property=\"og:image:width\" content=\"656\" \/>\n\t<meta property=\"og:image:height\" content=\"468\" \/>\n\t<meta property=\"og:image:type\" content=\"image\/png\" \/>\n<meta name=\"author\" content=\"Prefeitos &amp; Gest\u00f5es\" \/>\n<meta name=\"twitter:card\" content=\"summary_large_image\" \/>\n<meta name=\"twitter:creator\" content=\"@PrefGestoes\" \/>\n<meta name=\"twitter:site\" content=\"@PrefGestoes\" \/>\n<meta name=\"twitter:label1\" content=\"Escrito por\" \/>\n\t<meta name=\"twitter:data1\" content=\"Prefeitos &amp; Gest\u00f5es\" \/>\n\t<meta name=\"twitter:label2\" content=\"Est. tempo de leitura\" \/>\n\t<meta name=\"twitter:data2\" content=\"2 minutos\" \/>\n<script type=\"application\/ld+json\" class=\"yoast-schema-graph\">{\"@context\":\"https:\/\/schema.org\",\"@graph\":[{\"@type\":\"Article\",\"@id\":\"https:\/\/prefeitosegestoes.com.br\/portal\/abilux-lanca-cartilha-para-orientar-municipios-na-compra-de-luminarias-led-em-parceria-com-o-ipem-sp\/#article\",\"isPartOf\":{\"@id\":\"https:\/\/prefeitosegestoes.com.br\/portal\/abilux-lanca-cartilha-para-orientar-municipios-na-compra-de-luminarias-led-em-parceria-com-o-ipem-sp\/\"},\"author\":{\"name\":\"Prefeitos &amp; Gest\u00f5es\",\"@id\":\"https:\/\/prefeitosegestoes.com.br\/portal\/#\/schema\/person\/d00059f2ec99963e7e1850d448ae94b8\"},\"headline\":\"ABILUX LAN\u00c7A CARTILHA PARA ORIENTAR MUNIC\u00cdPIOS NA COMPRA DE LUMIN\u00c1RIAS LED EM PARCERIA COM O IPEM-SP\",\"datePublished\":\"2025-09-10T21:03:18+00:00\",\"mainEntityOfPage\":{\"@id\":\"https:\/\/prefeitosegestoes.com.br\/portal\/abilux-lanca-cartilha-para-orientar-municipios-na-compra-de-luminarias-led-em-parceria-com-o-ipem-sp\/\"},\"wordCount\":361,\"commentCount\":0,\"publisher\":{\"@id\":\"https:\/\/prefeitosegestoes.com.br\/portal\/#organization\"},\"image\":{\"@id\":\"https:\/\/prefeitosegestoes.com.br\/portal\/abilux-lanca-cartilha-para-orientar-municipios-na-compra-de-luminarias-led-em-parceria-com-o-ipem-sp\/#primaryimage\"},\"thumbnailUrl\":\"https:\/\/prefeitosegestoes.com.br\/portal\/wp-content\/uploads\/2025\/09\/abilux.png\",\"keywords\":[\"Abilux\",\"Cartilha\",\"Ilumina\u00e7\u00e3o P\u00fablica\",\"Ipem\",\"Lumin\u00e1rias Led\"],\"articleSection\":[\"Destaques\"],\"inLanguage\":\"pt-BR\",\"potentialAction\":[{\"@type\":\"CommentAction\",\"name\":\"Comment\",\"target\":[\"https:\/\/prefeitosegestoes.com.br\/portal\/abilux-lanca-cartilha-para-orientar-municipios-na-compra-de-luminarias-led-em-parceria-com-o-ipem-sp\/#respond\"]}]},{\"@type\":\"WebPage\",\"@id\":\"https:\/\/prefeitosegestoes.com.br\/portal\/abilux-lanca-cartilha-para-orientar-municipios-na-compra-de-luminarias-led-em-parceria-com-o-ipem-sp\/\",\"url\":\"https:\/\/prefeitosegestoes.com.br\/portal\/abilux-lanca-cartilha-para-orientar-municipios-na-compra-de-luminarias-led-em-parceria-com-o-ipem-sp\/\",\"name\":\"ABILUX LAN\u00c7A CARTILHA PARA ORIENTAR MUNIC\u00cdPIOS NA COMPRA DE LUMIN\u00c1RIAS LED EM PARCERIA COM O IPEM-SP - Prefeitos &amp; Gest\u00f5es\",\"isPartOf\":{\"@id\":\"https:\/\/prefeitosegestoes.com.br\/portal\/#website\"},\"primaryImageOfPage\":{\"@id\":\"https:\/\/prefeitosegestoes.com.br\/portal\/abilux-lanca-cartilha-para-orientar-municipios-na-compra-de-luminarias-led-em-parceria-com-o-ipem-sp\/#primaryimage\"},\"image\":{\"@id\":\"https:\/\/prefeitosegestoes.com.br\/portal\/abilux-lanca-cartilha-para-orientar-municipios-na-compra-de-luminarias-led-em-parceria-com-o-ipem-sp\/#primaryimage\"},\"thumbnailUrl\":\"https:\/\/prefeitosegestoes.com.br\/portal\/wp-content\/uploads\/2025\/09\/abilux.png\",\"datePublished\":\"2025-09-10T21:03:18+00:00\",\"description\":\"Com linguagem clara, foco pedag\u00f3gico e orienta\u00e7\u00e3o pr\u00e1tica, a ABILUX (Associa\u00e7\u00e3o Brasileira da Ind\u00fastria de Ilumina\u00e7\u00e3o), em parceria com o IPEM-SP (Instituto de Pesquisas e Medidas do Estado de S\u00e3o Paulo), lan\u00e7ou Cartilha Orientadora para servir como\u00a0guia essencial para prefeitos e gestores municipais com as melhores pr\u00e1ticas na elabora\u00e7\u00e3o de editais para compras de produtos de ilumina\u00e7\u00e3o \u2013 Lumin\u00e1rias P\u00fablicas com tecnologia Led.\u00a0\u00a0\u00a0\u00a0\",\"breadcrumb\":{\"@id\":\"https:\/\/prefeitosegestoes.com.br\/portal\/abilux-lanca-cartilha-para-orientar-municipios-na-compra-de-luminarias-led-em-parceria-com-o-ipem-sp\/#breadcrumb\"},\"inLanguage\":\"pt-BR\",\"potentialAction\":[{\"@type\":\"ReadAction\",\"target\":[\"https:\/\/prefeitosegestoes.com.br\/portal\/abilux-lanca-cartilha-para-orientar-municipios-na-compra-de-luminarias-led-em-parceria-com-o-ipem-sp\/\"]}]},{\"@type\":\"ImageObject\",\"inLanguage\":\"pt-BR\",\"@id\":\"https:\/\/prefeitosegestoes.com.br\/portal\/abilux-lanca-cartilha-para-orientar-municipios-na-compra-de-luminarias-led-em-parceria-com-o-ipem-sp\/#primaryimage\",\"url\":\"https:\/\/prefeitosegestoes.com.br\/portal\/wp-content\/uploads\/2025\/09\/abilux.png\",\"contentUrl\":\"https:\/\/prefeitosegestoes.com.br\/portal\/wp-content\/uploads\/2025\/09\/abilux.png\",\"width\":656,\"height\":468},{\"@type\":\"BreadcrumbList\",\"@id\":\"https:\/\/prefeitosegestoes.com.br\/portal\/abilux-lanca-cartilha-para-orientar-municipios-na-compra-de-luminarias-led-em-parceria-com-o-ipem-sp\/#breadcrumb\",\"itemListElement\":[{\"@type\":\"ListItem\",\"position\":1,\"name\":\"In\u00edcio\",\"item\":\"https:\/\/prefeitosegestoes.com.br\/portal\/\"},{\"@type\":\"ListItem\",\"position\":2,\"name\":\"ABILUX LAN\u00c7A CARTILHA PARA ORIENTAR MUNIC\u00cdPIOS NA COMPRA DE LUMIN\u00c1RIAS LED EM PARCERIA COM O IPEM-SP\"}]},{\"@type\":\"WebSite\",\"@id\":\"https:\/\/prefeitosegestoes.com.br\/portal\/#website\",\"url\":\"https:\/\/prefeitosegestoes.com.br\/portal\/\",\"name\":\"Prefeitos & Gest\u00f5es\",\"description\":\"\",\"publisher\":{\"@id\":\"https:\/\/prefeitosegestoes.com.br\/portal\/#organization\"},\"potentialAction\":[{\"@type\":\"SearchAction\",\"target\":{\"@type\":\"EntryPoint\",\"urlTemplate\":\"https:\/\/prefeitosegestoes.com.br\/portal\/?s={search_term_string}\"},\"query-input\":{\"@type\":\"PropertyValueSpecification\",\"valueRequired\":true,\"valueName\":\"search_term_string\"}}],\"inLanguage\":\"pt-BR\"},{\"@type\":\"Organization\",\"@id\":\"https:\/\/prefeitosegestoes.com.br\/portal\/#organization\",\"name\":\"Prefeitos & Gest\u00f5es\",\"url\":\"https:\/\/prefeitosegestoes.com.br\/portal\/\",\"logo\":{\"@type\":\"ImageObject\",\"inLanguage\":\"pt-BR\",\"@id\":\"https:\/\/prefeitosegestoes.com.br\/portal\/#\/schema\/logo\/image\/\",\"url\":\"https:\/\/prefeitosegestoes.com.br\/portal\/wp-content\/uploads\/2024\/10\/lg_trans_prefeitos_2024_preto2.png\",\"contentUrl\":\"https:\/\/prefeitosegestoes.com.br\/portal\/wp-content\/uploads\/2024\/10\/lg_trans_prefeitos_2024_preto2.png\",\"width\":199,\"height\":122,\"caption\":\"Prefeitos & Gest\u00f5es\"},\"image\":{\"@id\":\"https:\/\/prefeitosegestoes.com.br\/portal\/#\/schema\/logo\/image\/\"},\"sameAs\":[\"https:\/\/www.facebook.com\/prefeitosonline\",\"https:\/\/x.com\/PrefGestoes\"]},{\"@type\":\"Person\",\"@id\":\"https:\/\/prefeitosegestoes.com.br\/portal\/#\/schema\/person\/d00059f2ec99963e7e1850d448ae94b8\",\"name\":\"Prefeitos &amp; Gest\u00f5es\",\"image\":{\"@type\":\"ImageObject\",\"inLanguage\":\"pt-BR\",\"@id\":\"https:\/\/secure.gravatar.com\/avatar\/738fb281e479212ed32c1a21a4307dda9f3af9292edb6918a16c9ce9fff5f48d?s=96&d=mm&r=g\",\"url\":\"https:\/\/secure.gravatar.com\/avatar\/738fb281e479212ed32c1a21a4307dda9f3af9292edb6918a16c9ce9fff5f48d?s=96&d=mm&r=g\",\"contentUrl\":\"https:\/\/secure.gravatar.com\/avatar\/738fb281e479212ed32c1a21a4307dda9f3af9292edb6918a16c9ce9fff5f48d?s=96&d=mm&r=g\",\"caption\":\"Prefeitos &amp; Gest\u00f5es\"},\"url\":\"https:\/\/prefeitosegestoes.com.br\/portal\/author\/prefeitosegestoes\/\"}]}<\/script>\n<!-- \/ Yoast SEO plugin. -->","yoast_head_json":{"title":"ABILUX LAN\u00c7A CARTILHA PARA ORIENTAR MUNIC\u00cdPIOS NA COMPRA DE LUMIN\u00c1RIAS LED EM PARCERIA COM O IPEM-SP - Prefeitos &amp; Gest\u00f5es","description":"Com linguagem clara, foco pedag\u00f3gico e orienta\u00e7\u00e3o pr\u00e1tica, a ABILUX (Associa\u00e7\u00e3o Brasileira da Ind\u00fastria de Ilumina\u00e7\u00e3o), em parceria com o IPEM-SP (Instituto de Pesquisas e Medidas do Estado de S\u00e3o Paulo), lan\u00e7ou Cartilha Orientadora para servir como\u00a0guia essencial para prefeitos e gestores municipais com as melhores pr\u00e1ticas na elabora\u00e7\u00e3o de editais para compras de produtos de ilumina\u00e7\u00e3o \u2013 Lumin\u00e1rias P\u00fablicas com tecnologia Led.\u00a0\u00a0\u00a0\u00a0","robots":{"index":"index","follow":"follow","max-snippet":"max-snippet:-1","max-image-preview":"max-image-preview:large","max-video-preview":"max-video-preview:-1"},"canonical":"https:\/\/prefeitosegestoes.com.br\/portal\/abilux-lanca-cartilha-para-orientar-municipios-na-compra-de-luminarias-led-em-parceria-com-o-ipem-sp\/","og_locale":"pt_BR","og_type":"article","og_title":"ABILUX LAN\u00c7A CARTILHA PARA ORIENTAR MUNIC\u00cdPIOS NA COMPRA DE LUMIN\u00c1RIAS LED EM PARCERIA COM O IPEM-SP - Prefeitos &amp; Gest\u00f5es","og_description":"Com linguagem clara, foco pedag\u00f3gico e orienta\u00e7\u00e3o pr\u00e1tica, a ABILUX (Associa\u00e7\u00e3o Brasileira da Ind\u00fastria de Ilumina\u00e7\u00e3o), em parceria com o IPEM-SP (Instituto de Pesquisas e Medidas do Estado de S\u00e3o Paulo), lan\u00e7ou Cartilha Orientadora para servir como\u00a0guia essencial para prefeitos e gestores municipais com as melhores pr\u00e1ticas na elabora\u00e7\u00e3o de editais para compras de produtos de ilumina\u00e7\u00e3o \u2013 Lumin\u00e1rias P\u00fablicas com tecnologia Led.\u00a0\u00a0\u00a0\u00a0","og_url":"https:\/\/prefeitosegestoes.com.br\/portal\/abilux-lanca-cartilha-para-orientar-municipios-na-compra-de-luminarias-led-em-parceria-com-o-ipem-sp\/","og_site_name":"Prefeitos &amp; Gest\u00f5es","article_publisher":"https:\/\/www.facebook.com\/prefeitosonline","article_published_time":"2025-09-10T21:03:18+00:00","og_image":[{"width":656,"height":468,"url":"https:\/\/prefeitosegestoes.com.br\/portal\/wp-content\/uploads\/2025\/09\/abilux.png","type":"image\/png"}],"author":"Prefeitos &amp; Gest\u00f5es","twitter_card":"summary_large_image","twitter_creator":"@PrefGestoes","twitter_site":"@PrefGestoes","twitter_misc":{"Escrito por":"Prefeitos &amp; Gest\u00f5es","Est. tempo de leitura":"2 minutos"},"schema":{"@context":"https:\/\/schema.org","@graph":[{"@type":"Article","@id":"https:\/\/prefeitosegestoes.com.br\/portal\/abilux-lanca-cartilha-para-orientar-municipios-na-compra-de-luminarias-led-em-parceria-com-o-ipem-sp\/#article","isPartOf":{"@id":"https:\/\/prefeitosegestoes.com.br\/portal\/abilux-lanca-cartilha-para-orientar-municipios-na-compra-de-luminarias-led-em-parceria-com-o-ipem-sp\/"},"author":{"name":"Prefeitos &amp; Gest\u00f5es","@id":"https:\/\/prefeitosegestoes.com.br\/portal\/#\/schema\/person\/d00059f2ec99963e7e1850d448ae94b8"},"headline":"ABILUX LAN\u00c7A CARTILHA PARA ORIENTAR MUNIC\u00cdPIOS NA COMPRA DE LUMIN\u00c1RIAS LED EM PARCERIA COM O IPEM-SP","datePublished":"2025-09-10T21:03:18+00:00","mainEntityOfPage":{"@id":"https:\/\/prefeitosegestoes.com.br\/portal\/abilux-lanca-cartilha-para-orientar-municipios-na-compra-de-luminarias-led-em-parceria-com-o-ipem-sp\/"},"wordCount":361,"commentCount":0,"publisher":{"@id":"https:\/\/prefeitosegestoes.com.br\/portal\/#organization"},"image":{"@id":"https:\/\/prefeitosegestoes.com.br\/portal\/abilux-lanca-cartilha-para-orientar-municipios-na-compra-de-luminarias-led-em-parceria-com-o-ipem-sp\/#primaryimage"},"thumbnailUrl":"https:\/\/prefeitosegestoes.com.br\/portal\/wp-content\/uploads\/2025\/09\/abilux.png","keywords":["Abilux","Cartilha","Ilumina\u00e7\u00e3o P\u00fablica","Ipem","Lumin\u00e1rias Led"],"articleSection":["Destaques"],"inLanguage":"pt-BR","potentialAction":[{"@type":"CommentAction","name":"Comment","target":["https:\/\/prefeitosegestoes.com.br\/portal\/abilux-lanca-cartilha-para-orientar-municipios-na-compra-de-luminarias-led-em-parceria-com-o-ipem-sp\/#respond"]}]},{"@type":"WebPage","@id":"https:\/\/prefeitosegestoes.com.br\/portal\/abilux-lanca-cartilha-para-orientar-municipios-na-compra-de-luminarias-led-em-parceria-com-o-ipem-sp\/","url":"https:\/\/prefeitosegestoes.com.br\/portal\/abilux-lanca-cartilha-para-orientar-municipios-na-compra-de-luminarias-led-em-parceria-com-o-ipem-sp\/","name":"ABILUX LAN\u00c7A CARTILHA PARA ORIENTAR MUNIC\u00cdPIOS NA COMPRA DE LUMIN\u00c1RIAS LED EM PARCERIA COM O IPEM-SP - Prefeitos &amp; Gest\u00f5es","isPartOf":{"@id":"https:\/\/prefeitosegestoes.com.br\/portal\/#website"},"primaryImageOfPage":{"@id":"https:\/\/prefeitosegestoes.com.br\/portal\/abilux-lanca-cartilha-para-orientar-municipios-na-compra-de-luminarias-led-em-parceria-com-o-ipem-sp\/#primaryimage"},"image":{"@id":"https:\/\/prefeitosegestoes.com.br\/portal\/abilux-lanca-cartilha-para-orientar-municipios-na-compra-de-luminarias-led-em-parceria-com-o-ipem-sp\/#primaryimage"},"thumbnailUrl":"https:\/\/prefeitosegestoes.com.br\/portal\/wp-content\/uploads\/2025\/09\/abilux.png","datePublished":"2025-09-10T21:03:18+00:00","description":"Com linguagem clara, foco pedag\u00f3gico e orienta\u00e7\u00e3o pr\u00e1tica, a ABILUX (Associa\u00e7\u00e3o Brasileira da Ind\u00fastria de Ilumina\u00e7\u00e3o), em parceria com o IPEM-SP (Instituto de Pesquisas e Medidas do Estado de S\u00e3o Paulo), lan\u00e7ou Cartilha Orientadora para servir como\u00a0guia essencial para prefeitos e gestores municipais com as melhores pr\u00e1ticas na elabora\u00e7\u00e3o de editais para compras de produtos de ilumina\u00e7\u00e3o \u2013 Lumin\u00e1rias P\u00fablicas com tecnologia Led.\u00a0\u00a0\u00a0\u00a0","breadcrumb":{"@id":"https:\/\/prefeitosegestoes.com.br\/portal\/abilux-lanca-cartilha-para-orientar-municipios-na-compra-de-luminarias-led-em-parceria-com-o-ipem-sp\/#breadcrumb"},"inLanguage":"pt-BR","potentialAction":[{"@type":"ReadAction","target":["https:\/\/prefeitosegestoes.com.br\/portal\/abilux-lanca-cartilha-para-orientar-municipios-na-compra-de-luminarias-led-em-parceria-com-o-ipem-sp\/"]}]},{"@type":"ImageObject","inLanguage":"pt-BR","@id":"https:\/\/prefeitosegestoes.com.br\/portal\/abilux-lanca-cartilha-para-orientar-municipios-na-compra-de-luminarias-led-em-parceria-com-o-ipem-sp\/#primaryimage","url":"https:\/\/prefeitosegestoes.com.br\/portal\/wp-content\/uploads\/2025\/09\/abilux.png","contentUrl":"https:\/\/prefeitosegestoes.com.br\/portal\/wp-content\/uploads\/2025\/09\/abilux.png","width":656,"height":468},{"@type":"BreadcrumbList","@id":"https:\/\/prefeitosegestoes.com.br\/portal\/abilux-lanca-cartilha-para-orientar-municipios-na-compra-de-luminarias-led-em-parceria-com-o-ipem-sp\/#breadcrumb","itemListElement":[{"@type":"ListItem","position":1,"name":"In\u00edcio","item":"https:\/\/prefeitosegestoes.com.br\/portal\/"},{"@type":"ListItem","position":2,"name":"ABILUX LAN\u00c7A CARTILHA PARA ORIENTAR MUNIC\u00cdPIOS NA COMPRA DE LUMIN\u00c1RIAS LED EM PARCERIA COM O IPEM-SP"}]},{"@type":"WebSite","@id":"https:\/\/prefeitosegestoes.com.br\/portal\/#website","url":"https:\/\/prefeitosegestoes.com.br\/portal\/","name":"Prefeitos & Gest\u00f5es","description":"","publisher":{"@id":"https:\/\/prefeitosegestoes.com.br\/portal\/#organization"},"potentialAction":[{"@type":"SearchAction","target":{"@type":"EntryPoint","urlTemplate":"https:\/\/prefeitosegestoes.com.br\/portal\/?s={search_term_string}"},"query-input":{"@type":"PropertyValueSpecification","valueRequired":true,"valueName":"search_term_string"}}],"inLanguage":"pt-BR"},{"@type":"Organization","@id":"https:\/\/prefeitosegestoes.com.br\/portal\/#organization","name":"Prefeitos & Gest\u00f5es","url":"https:\/\/prefeitosegestoes.com.br\/portal\/","logo":{"@type":"ImageObject","inLanguage":"pt-BR","@id":"https:\/\/prefeitosegestoes.com.br\/portal\/#\/schema\/logo\/image\/","url":"https:\/\/prefeitosegestoes.com.br\/portal\/wp-content\/uploads\/2024\/10\/lg_trans_prefeitos_2024_preto2.png","contentUrl":"https:\/\/prefeitosegestoes.com.br\/portal\/wp-content\/uploads\/2024\/10\/lg_trans_prefeitos_2024_preto2.png","width":199,"height":122,"caption":"Prefeitos & Gest\u00f5es"},"image":{"@id":"https:\/\/prefeitosegestoes.com.br\/portal\/#\/schema\/logo\/image\/"},"sameAs":["https:\/\/www.facebook.com\/prefeitosonline","https:\/\/x.com\/PrefGestoes"]},{"@type":"Person","@id":"https:\/\/prefeitosegestoes.com.br\/portal\/#\/schema\/person\/d00059f2ec99963e7e1850d448ae94b8","name":"Prefeitos &amp; Gest\u00f5es","image":{"@type":"ImageObject","inLanguage":"pt-BR","@id":"https:\/\/secure.gravatar.com\/avatar\/738fb281e479212ed32c1a21a4307dda9f3af9292edb6918a16c9ce9fff5f48d?s=96&d=mm&r=g","url":"https:\/\/secure.gravatar.com\/avatar\/738fb281e479212ed32c1a21a4307dda9f3af9292edb6918a16c9ce9fff5f48d?s=96&d=mm&r=g","contentUrl":"https:\/\/secure.gravatar.com\/avatar\/738fb281e479212ed32c1a21a4307dda9f3af9292edb6918a16c9ce9fff5f48d?s=96&d=mm&r=g","caption":"Prefeitos &amp; Gest\u00f5es"},"url":"https:\/\/prefeitosegestoes.com.br\/portal\/author\/prefeitosegestoes\/"}]}},"_links":{"self":[{"href":"https:\/\/prefeitosegestoes.com.br\/portal\/wp-json\/wp\/v2\/posts\/3857","targetHints":{"allow":["GET"]}}],"collection":[{"href":"https:\/\/prefeitosegestoes.com.br\/portal\/wp-json\/wp\/v2\/posts"}],"about":[{"href":"https:\/\/prefeitosegestoes.com.br\/portal\/wp-json\/wp\/v2\/types\/post"}],"author":[{"embeddable":true,"href":"https:\/\/prefeitosegestoes.com.br\/portal\/wp-json\/wp\/v2\/users\/2"}],"replies":[{"embeddable":true,"href":"https:\/\/prefeitosegestoes.com.br\/portal\/wp-json\/wp\/v2\/comments?post=3857"}],"version-history":[{"count":1,"href":"https:\/\/prefeitosegestoes.com.br\/portal\/wp-json\/wp\/v2\/posts\/3857\/revisions"}],"predecessor-version":[{"id":3859,"href":"https:\/\/prefeitosegestoes.com.br\/portal\/wp-json\/wp\/v2\/posts\/3857\/revisions\/3859"}],"wp:featuredmedia":[{"embeddable":true,"href":"https:\/\/prefeitosegestoes.com.br\/portal\/wp-json\/wp\/v2\/media\/3858"}],"wp:attachment":[{"href":"https:\/\/prefeitosegestoes.com.br\/portal\/wp-json\/wp\/v2\/media?parent=3857"}],"wp:term":[{"taxonomy":"category","embeddable":true,"href":"https:\/\/prefeitosegestoes.com.br\/portal\/wp-json\/wp\/v2\/categories?post=3857"},{"taxonomy":"post_tag","embeddable":true,"href":"https:\/\/prefeitosegestoes.com.br\/portal\/wp-json\/wp\/v2\/tags?post=3857"}],"curies":[{"name":"wp","href":"https:\/\/api.w.org\/{rel}","templated":true}]}}