{"id":3854,"date":"2025-09-09T18:10:03","date_gmt":"2025-09-09T21:10:03","guid":{"rendered":"https:\/\/prefeitosegestoes.com.br\/portal\/?p=3854"},"modified":"2025-09-09T18:10:03","modified_gmt":"2025-09-09T21:10:03","slug":"menos-de-40-dos-alunos-valorizam-professor-revela-pesquisa","status":"publish","type":"post","link":"https:\/\/prefeitosegestoes.com.br\/portal\/menos-de-40-dos-alunos-valorizam-professor-revela-pesquisa\/","title":{"rendered":"Menos de 40% dos alunos valorizam professor, revela pesquisa"},"content":{"rendered":"<div class=\"header-noticia full-width\">\n<h6 class=\"titulo-materia\">Foto:Tomaz Silva\/Ag\u00eancia Brasil<\/h6>\n<h1 class=\"titulo-materia\">Pesquisa<\/h1>\n<h2 class=\"linha-fina-noticia\">Levantamento ouviu mais de 2,3 milh\u00f5es de jovens do 6\u00ba ao 9\u00ba ano<\/h2>\n<\/div>\n<div class=\"subheader\">\n<div class=\"container-autoria\">\n<div class=\"autor-noticia\">Amanda Cieglinski e Daniella Almeida &#8211; Rep\u00f3rteres da Ag\u00eancia Brasil<\/div>\n<div class=\"container-data rowflex\">\n<div><\/div>\n<div class=\"data\">Publicado em 09\/09\/2025 &#8211; 14:35<\/div>\n<\/div>\n<div class=\"local\">Bras\u00edlia<\/div>\n<\/div>\n<nav class=\"compartilhamento rowflex\"><\/nav>\n<\/div>\n<div class=\"capa-materia rel-position\">\n<figure><img decoding=\"async\" id=\"media-434471\" title=\"Seduc-Cear\u00e1\" src=\"https:\/\/imagens.ebc.com.br\/zLZCQC_3EWan1Ql1tFkOFsqbQcI=\/1170x700\/smart\/https:\/\/agenciabrasil.ebc.com.br\/sites\/default\/files\/thumbnails\/image\/2025\/08\/21\/0s1a2992.jpg?itok=7zfo2oDp\" alt=\"Bras\u00edlia (DF), 21\/08\/2025 - Cear\u00e1 ganha nova escola quilombola de Ensino M\u00e9dio\nEstabelecimento \u00e9 o primeiro na modalidade de tempo integral.\nFoto: Seduc-Cear\u00e1\" \/><figcaption class=\"credito-foto abs-position fullwidth\">\u00a9 Seduc-Cear\u00e1<\/figcaption><\/figure>\n<\/div>\n<div id=\"block-tts-block-tts\" class=\"block block-tts\">\n<div class=\"content\">\n<div id=\"tts-container\" class=\"container-audio rel-position\">\n<div class=\"title abs-position\">Vers\u00e3o em \u00e1udio<\/div>\n<\/div>\n<\/div>\n<\/div>\n<div class=\"conteudo-noticia\">\n<p>Os chamados anos finais do ensino fundamental \u2013 que compreendem o 6\u00ba, 7\u00b0, 8\u00ba e 9 \u00ba anos\u00a0\u2013 s\u00e3o considerados uma etapa escolar peculiar, que enfrenta desafios pr\u00f3prios ao reunir\u00a0os estudantes que est\u00e3o na transi\u00e7\u00e3o da inf\u00e2ncia para a adolesc\u00eancia. Para subsidiar a cria\u00e7\u00e3o da primeira pol\u00edtica nacional voltada para esta etapa, foi lan\u00e7ada nesta ter\u00e7a-feira (9) uma<strong>\u00a0pesquisa que ouviu mais de 2,3 milh\u00f5es de estudantes em 21 mil escolas do pa\u00eds.\u00a0<\/strong><img decoding=\"async\" src=\"https:\/\/agenciabrasil.ebc.com.br\/ebc.png?id=1657848&amp;o=node\" \/><img decoding=\"async\" src=\"https:\/\/agenciabrasil.ebc.com.br\/ebc.gif?id=1657848&amp;o=node\" \/><\/p>\n<p><strong>Os resultados apontam que mais da metade dos estudantes diz se sentir acolhida\u00a0pela escola, mas menos de 40% dizem respeitar e valorizar o professor. \u00a0\u00a0<\/strong><\/p>\n<p>O estudo \u00e9 fruto de uma parceria do Minist\u00e9rio da Educa\u00e7\u00e3o (MEC), Conselho Nacional de Secret\u00e1rios de Educa\u00e7\u00e3o (Consed), a\u00a0Uni\u00e3o dos Dirigentes Municipais de Educa\u00e7\u00e3o (Undime) e o Ita\u00fa Social.\u00a0A pesquisa foi realizada durante a Semana da Escuta das Adolesc\u00eancias nas Escolas, mobiliza\u00e7\u00e3o que engajou o equivalente a 46% das institui\u00e7\u00f5es de ensino que oferecem os anos finais nas redes municipais, estaduais e distrital em todo o Brasil.<\/p>\n<p>Durante o lan\u00e7amento do relat\u00f3rio, em Bras\u00edlia, a secret\u00e1ria da Secretaria de Educa\u00e7\u00e3o B\u00e1sica (SEB), do MEC, Katia Schweickardt, afirmou que a\u00a0escuta dos adolescentes do 6\u00ba ao 9\u00ba ano ajuda o Poder P\u00fablico a\u00a0entender que \u201ctodos aprendem de um jeito diferente\u201d e que todo mundo sabe algo, baseado nas experi\u00eancias individuais.<\/p>\n<p>Katia Schweickardt explica que \u00e9 preciso adaptar as salas de aulas para essa realidade multisseriada, ou seja, com alunos de diferentes perfis. \u201cTodo mundo aprende de um jeito diferente. O que a gente precisa \u00e9 preparar os professores, o equipamento escolar, a comunidade, todo mundo para essas especificidades.&#8221;<\/p>\n<p>A secret\u00e1ria do MEC\u00a0destaca que este preparo passa pelo curr\u00edculo escolar.<\/p>\n<blockquote><p>\u201cCurr\u00edculo, que n\u00e3o \u00e9 s\u00f3 um conjunto, uma lista de desejos de conte\u00fado e pr\u00e1ticas pedag\u00f3gicas que a gente p\u00f5e em um documento e deixa na gaveta. Curr\u00edculo, de fato, \u00e9 uma perspectiva de viv\u00eancia, de exist\u00eancia de uma escola que \u00e9 significativa\u201d, disse.<\/p><\/blockquote>\n<p><a href=\"https:\/\/www.whatsapp.com\/channel\/0029VaoRTgrInlqYLSk59B2M\" target=\"_blank\" rel=\"noopener\">&gt;&gt; Siga o canal da\u00a0<strong>Ag\u00eancia Brasil\u00a0<\/strong>no WhatsApp<\/a><\/p>\n<p>A representante da organiza\u00e7\u00e3o da sociedade civil Roda Educativa, a pedagoga Tereza Perez, concorda que \u00e9 preciso enxergar as diferentes composi\u00e7\u00f5es das salas de ensino, sob pena de provocar a evas\u00e3o escolar e o abandono dos estudos.<\/p>\n<blockquote><p>\u201cA m\u00e1quina da educa\u00e7\u00e3o escolar busca homogeneizar as aprendizagens, por meio de um ensino \u00fanico, negligenciando a heterogeneidade e a diversidade existente em todas as salas de aula. Esse fato, embora reconhecido, n\u00e3o provoca mudan\u00e7as significativas na forma de ensino e, muitas vezes, culpabiliza alunos que n\u00e3o aprendem, usando a reprova\u00e7\u00e3o como o \u00fanico recurso para que aprendam. Na maioria das vezes, tamb\u00e9m, n\u00e3o atingem o seu prop\u00f3sito de aprendizagem, gerando evas\u00e3o e abandono\u201d, destacou.<\/p><\/blockquote>\n<h2>Pesquisa<\/h2>\n<p>As percep\u00e7\u00f5es\u00a0dos alunos, colhidas em question\u00e1rios e din\u00e2micas coletivas, foram dividas\u00a0em dois grupos: os alunos mais novos, do 6\u00ba\u00a0e 7\u00ba ano, e os mais velhos, do 8\u00ba e 9\u00ba anos. Apesar da pouca dist\u00e2ncia de idade, \u00e9 poss\u00edvel encontrar importantes contrastes\u00a0entre as respostas.<\/p>\n<p>A pesquisa buscou identificar a opini\u00e3o dos alunos sobre a escola, conte\u00fados para desenvolvimento pessoal, atividades essenciais para o futuro, formas de aprendizagem, conviv\u00eancia, entre outros. De forma geral,\u00a0<strong>estudantes dos 8\u00ba e 9\u00ba anos t\u00eam uma vis\u00e3o menos positiva sobre a escola do que aqueles de 6\u00ba e 7\u00ba anos. \u00a0\u00a0<\/strong><\/p>\n<p>A superintendente do Ita\u00fa Social, Patr\u00edcia Mota Guedes, lembrou que o Brasil tem hist\u00f3rico de d\u00e9cadas sem qualquer pol\u00edtica voltada \u00e0 educa\u00e7\u00e3o na adolesc\u00eancia e que, desde 2023, o MEC, com o projeto da Escola das Adolesc\u00eancias, passou a dialogar com estudantes, gestores educacionais e diferentes setores da sociedade civil e acad\u00eamicos, al\u00e9m de organismo internacionais para trabalhar em conjunto em dire\u00e7\u00e3o a um objetivo comum.<\/p>\n<blockquote><p>\u201cNenhum outro pa\u00eds que a gente acompanha teve coragem de escutar os adolescentes como parte da pol\u00edtica p\u00fablica. Ent\u00e3o, \u00e9 com esse exemplo de constru\u00e7\u00e3o de converg\u00eancias, de escuta, que o MEC conseguiu criar converg\u00eancias de diferentes territ\u00f3rios, de diferentes setores da sociedade civil brasileira. Nesse sentido, reafirmamos nosso prop\u00f3sito de n\u00e3o deixar nunca mais os anos finais [do ensino fundamental] serem uma etapa esquecida\u201d, defendeu.<\/p><\/blockquote>\n<h2>Acolhimento<\/h2>\n<p>No quesito \u201cacolhimento e pertencimento\u201d,\u00a0<strong>66% dos mais jovens disseram que se\u00a0sentem acolhidos pela escola<\/strong>\u00a0&#8211; 27% veem a experi\u00eancia como parcial e 7% discordam. J\u00e1 entre os mais velhos, apenas 54% sentem-se amparados, 33% se consideram \u201cmais ou menos\u201d\u00a0acolhidos\u00a0e 13% discordam.<\/p>\n<p>Na mesma tem\u00e1tica,\u00a0<strong>75% dos estudantes dos 6\u00ba e 7\u00ba anos afirmaram que confiam em pelo menos um adulto na escola, mas apenas 58% sentem-se verdadeiramente acolhidos por esses adultos<\/strong>. Entre os do\u00a0<strong>8\u00ba e 9\u00ba anos, o percentual de acolhimento cai para 45%<\/strong>.<\/p>\n<p>A pesquisa destaca que, em escolas com maior propor\u00e7\u00e3o de estudantes em situa\u00e7\u00e3o de vulnerabilidade, 69% percebem a escola como espa\u00e7o de acolhimento, contra 56% em contextos de menor vulnerabilidade.<\/p>\n<h2>Socializa\u00e7\u00e3o<\/h2>\n<p>Ao investigar como os alunos se sentem em rela\u00e7\u00e3o aos relacionamentos e \u00e0 socializa\u00e7\u00e3o na escola,\u00a0<strong>65% dos estudantes dos 6\u00ba e 7\u00ba anos concordam que a escola favorece amizades e intera\u00e7\u00f5es sociais<\/strong>, com 29% considerando \u201cmais ou menos\u201d e 6% discordando. Para os do 8\u00ba e 9\u00ba anos, 55% concordam, 35% avaliam como \u201cmais ou menos\u201d e 10% discordam.<\/p>\n<p>O relat\u00f3rio destaca ainda que\u00a0<strong>oito em cada dez estudantes (84% nos 6\u00ba e 7\u00ba anos e 83% nos 8\u00ba e 9\u00ba anos) t\u00eam amigos com quem gostam de estar na escola<\/strong>. No entanto, o\u00a0<strong>estudo alerta para os desafios na rela\u00e7\u00e3o aluno-professor: apenas 39% dos mais novos e 26% dos mais velhos afirmam respeitar e valorizar os professores.\u00a0<\/strong><\/p>\n<p>A aluna da rede p\u00fablica de ensino de Rio Branco, Dandara Vieira Melo, de 13 anos, que estava bastante atrasada nos estudos devido a mudan\u00e7as de munic\u00edpio e outras quest\u00f5es familiares, foi atendida no Programa Travessia, iniciativa do Fundo das Na\u00e7\u00f5es Unidas para a Inf\u00e2ncia (Unicef) para o Brasil, juntamente com governo do Acre.<\/p>\n<p>Ao diminuir a distor\u00e7\u00e3o idade-s\u00e9rie, a adolescente v\u00ea a escola de outra forma. \u201c\u00c9 um lugar para que eu possa aprender mais, conhecer novas culturas, novas pessoas e para fazer novas amizades\u201d, definiu Dandara, que estava presente no lan\u00e7amento da pesquisa.<\/p>\n<h2>Forma\u00e7\u00e3o<\/h2>\n<p>Sobre os conte\u00fados e conhecimentos que consideram mais importante para o seu desenvolvimento, os estudantes mais novos citaram as disciplinas tradicionais (48%), seguido pela categoria corpo e socioemocional (31%)\u00a0que inclui temas como esportes, bem-estar e sa\u00fade mental. Na sequ\u00eancia aparecem as chamadas habilidades para o futuro\u00a0(21%), como educa\u00e7\u00e3o financeira\u00a0e tecnologia, seguida\u00a0pelo tema \u201cdireitos e sustentabilidade\u00a0(13%).<\/p>\n<p>Entre os alunos do 8\u00ba e 9\u00ba anos, as disciplinas tradicionais s\u00e3o apontas por 38% como muito importante para o desenvolvimento, seguida pela dimens\u00e3o corpo e socioemocional\u00a0(29%), habilidades para o futuro (24%) e direitos e sustentabilidade (13%).<\/p>\n<p>Fonte: Ag\u00eancia Brasil<\/p>\n<\/div>\n","protected":false},"excerpt":{"rendered":"<p>Foto:Tomaz Silva\/Ag\u00eancia Brasil Pesquisa Levantamento ouviu mais de 2,3 milh\u00f5es de jovens do 6\u00ba ao 9\u00ba ano Amanda Cieglinski e Daniella Almeida &#8211; Rep\u00f3rteres da Ag\u00eancia Brasil Publicado em 09\/09\/2025 &#8211; 14:35 Bras\u00edlia \u00a9 Seduc-Cear\u00e1 Vers\u00e3o em \u00e1udio Os chamados anos finais do ensino fundamental \u2013 que compreendem o 6\u00ba, 7\u00b0, 8\u00ba e 9 \u00ba [&hellip;]<\/p>\n","protected":false},"author":2,"featured_media":3855,"comment_status":"open","ping_status":"open","sticky":false,"template":"","format":"standard","meta":{"rop_custom_images_group":[],"rop_custom_messages_group":[],"rop_publish_now":"initial","rop_publish_now_accounts":{"twitter_850042665852968960_850042665852968960":""},"rop_publish_now_history":[],"rop_publish_now_status":"pending","footnotes":""},"categories":[15],"tags":[250,748,747,382],"class_list":["post-3854","post","type-post","status-publish","format-standard","has-post-thumbnail","hentry","category-destaques","tag-aluno","tag-ensino-fundamental","tag-pesquusa","tag-professor"],"yoast_head":"<!-- This site is optimized with the Yoast SEO plugin v27.2 - https:\/\/yoast.com\/product\/yoast-seo-wordpress\/ -->\n<title>Menos de 40% dos alunos valorizam professor, revela pesquisa - Prefeitos &amp; Gest\u00f5es<\/title>\n<meta name=\"description\" content=\"Os chamados anos finais do ensino fundamental \u2013 que compreendem o 6\u00ba, 7\u00b0, 8\u00ba e 9 \u00ba anos\u00a0\u2013 s\u00e3o considerados uma etapa escolar peculiar, que enfrenta desafios pr\u00f3prios ao reunir\u00a0os estudantes que est\u00e3o na transi\u00e7\u00e3o da inf\u00e2ncia para a adolesc\u00eancia. Para subsidiar a cria\u00e7\u00e3o da primeira pol\u00edtica nacional voltada para esta etapa, foi lan\u00e7ada nesta ter\u00e7a-feira (9) uma\u00a0pesquisa que ouviu mais de 2,3 milh\u00f5es de estudantes em 21 mil escolas do pa\u00eds.\u00a0\" \/>\n<meta name=\"robots\" content=\"index, follow, max-snippet:-1, max-image-preview:large, max-video-preview:-1\" \/>\n<link rel=\"canonical\" href=\"https:\/\/prefeitosegestoes.com.br\/portal\/menos-de-40-dos-alunos-valorizam-professor-revela-pesquisa\/\" \/>\n<meta property=\"og:locale\" content=\"pt_BR\" \/>\n<meta property=\"og:type\" content=\"article\" \/>\n<meta property=\"og:title\" content=\"Menos de 40% dos alunos valorizam professor, revela pesquisa - Prefeitos &amp; Gest\u00f5es\" \/>\n<meta property=\"og:description\" content=\"Os chamados anos finais do ensino fundamental \u2013 que compreendem o 6\u00ba, 7\u00b0, 8\u00ba e 9 \u00ba anos\u00a0\u2013 s\u00e3o considerados uma etapa escolar peculiar, que enfrenta desafios pr\u00f3prios ao reunir\u00a0os estudantes que est\u00e3o na transi\u00e7\u00e3o da inf\u00e2ncia para a adolesc\u00eancia. Para subsidiar a cria\u00e7\u00e3o da primeira pol\u00edtica nacional voltada para esta etapa, foi lan\u00e7ada nesta ter\u00e7a-feira (9) uma\u00a0pesquisa que ouviu mais de 2,3 milh\u00f5es de estudantes em 21 mil escolas do pa\u00eds.\u00a0\" \/>\n<meta property=\"og:url\" content=\"https:\/\/prefeitosegestoes.com.br\/portal\/menos-de-40-dos-alunos-valorizam-professor-revela-pesquisa\/\" \/>\n<meta property=\"og:site_name\" content=\"Prefeitos &amp; Gest\u00f5es\" \/>\n<meta property=\"article:publisher\" content=\"https:\/\/www.facebook.com\/prefeitosonline\" \/>\n<meta property=\"article:published_time\" content=\"2025-09-09T21:10:03+00:00\" \/>\n<meta property=\"og:image\" content=\"https:\/\/prefeitosegestoes.com.br\/portal\/wp-content\/uploads\/2025\/09\/toms0691.webp\" \/>\n\t<meta property=\"og:image:width\" content=\"1024\" \/>\n\t<meta property=\"og:image:height\" content=\"768\" \/>\n\t<meta property=\"og:image:type\" content=\"image\/webp\" \/>\n<meta name=\"author\" content=\"Prefeitos &amp; Gest\u00f5es\" \/>\n<meta name=\"twitter:card\" content=\"summary_large_image\" \/>\n<meta name=\"twitter:creator\" content=\"@PrefGestoes\" \/>\n<meta name=\"twitter:site\" content=\"@PrefGestoes\" \/>\n<meta name=\"twitter:label1\" content=\"Escrito por\" \/>\n\t<meta name=\"twitter:data1\" content=\"Prefeitos &amp; Gest\u00f5es\" \/>\n\t<meta name=\"twitter:label2\" content=\"Est. tempo de leitura\" \/>\n\t<meta name=\"twitter:data2\" content=\"7 minutos\" \/>\n<script type=\"application\/ld+json\" class=\"yoast-schema-graph\">{\"@context\":\"https:\/\/schema.org\",\"@graph\":[{\"@type\":\"Article\",\"@id\":\"https:\/\/prefeitosegestoes.com.br\/portal\/menos-de-40-dos-alunos-valorizam-professor-revela-pesquisa\/#article\",\"isPartOf\":{\"@id\":\"https:\/\/prefeitosegestoes.com.br\/portal\/menos-de-40-dos-alunos-valorizam-professor-revela-pesquisa\/\"},\"author\":{\"name\":\"Prefeitos &amp; Gest\u00f5es\",\"@id\":\"https:\/\/prefeitosegestoes.com.br\/portal\/#\/schema\/person\/d00059f2ec99963e7e1850d448ae94b8\"},\"headline\":\"Menos de 40% dos alunos valorizam professor, revela pesquisa\",\"datePublished\":\"2025-09-09T21:10:03+00:00\",\"mainEntityOfPage\":{\"@id\":\"https:\/\/prefeitosegestoes.com.br\/portal\/menos-de-40-dos-alunos-valorizam-professor-revela-pesquisa\/\"},\"wordCount\":1199,\"commentCount\":0,\"publisher\":{\"@id\":\"https:\/\/prefeitosegestoes.com.br\/portal\/#organization\"},\"image\":{\"@id\":\"https:\/\/prefeitosegestoes.com.br\/portal\/menos-de-40-dos-alunos-valorizam-professor-revela-pesquisa\/#primaryimage\"},\"thumbnailUrl\":\"https:\/\/prefeitosegestoes.com.br\/portal\/wp-content\/uploads\/2025\/09\/toms0691.webp\",\"keywords\":[\"Aluno\",\"Ensino Fundamental\",\"pesquusa\",\"Professor\"],\"articleSection\":[\"Destaques\"],\"inLanguage\":\"pt-BR\",\"potentialAction\":[{\"@type\":\"CommentAction\",\"name\":\"Comment\",\"target\":[\"https:\/\/prefeitosegestoes.com.br\/portal\/menos-de-40-dos-alunos-valorizam-professor-revela-pesquisa\/#respond\"]}]},{\"@type\":\"WebPage\",\"@id\":\"https:\/\/prefeitosegestoes.com.br\/portal\/menos-de-40-dos-alunos-valorizam-professor-revela-pesquisa\/\",\"url\":\"https:\/\/prefeitosegestoes.com.br\/portal\/menos-de-40-dos-alunos-valorizam-professor-revela-pesquisa\/\",\"name\":\"Menos de 40% dos alunos valorizam professor, revela pesquisa - Prefeitos &amp; Gest\u00f5es\",\"isPartOf\":{\"@id\":\"https:\/\/prefeitosegestoes.com.br\/portal\/#website\"},\"primaryImageOfPage\":{\"@id\":\"https:\/\/prefeitosegestoes.com.br\/portal\/menos-de-40-dos-alunos-valorizam-professor-revela-pesquisa\/#primaryimage\"},\"image\":{\"@id\":\"https:\/\/prefeitosegestoes.com.br\/portal\/menos-de-40-dos-alunos-valorizam-professor-revela-pesquisa\/#primaryimage\"},\"thumbnailUrl\":\"https:\/\/prefeitosegestoes.com.br\/portal\/wp-content\/uploads\/2025\/09\/toms0691.webp\",\"datePublished\":\"2025-09-09T21:10:03+00:00\",\"description\":\"Os chamados anos finais do ensino fundamental \u2013 que compreendem o 6\u00ba, 7\u00b0, 8\u00ba e 9 \u00ba anos\u00a0\u2013 s\u00e3o considerados uma etapa escolar peculiar, que enfrenta desafios pr\u00f3prios ao reunir\u00a0os estudantes que est\u00e3o na transi\u00e7\u00e3o da inf\u00e2ncia para a adolesc\u00eancia. Para subsidiar a cria\u00e7\u00e3o da primeira pol\u00edtica nacional voltada para esta etapa, foi lan\u00e7ada nesta ter\u00e7a-feira (9) uma\u00a0pesquisa que ouviu mais de 2,3 milh\u00f5es de estudantes em 21 mil escolas do pa\u00eds.\u00a0\",\"breadcrumb\":{\"@id\":\"https:\/\/prefeitosegestoes.com.br\/portal\/menos-de-40-dos-alunos-valorizam-professor-revela-pesquisa\/#breadcrumb\"},\"inLanguage\":\"pt-BR\",\"potentialAction\":[{\"@type\":\"ReadAction\",\"target\":[\"https:\/\/prefeitosegestoes.com.br\/portal\/menos-de-40-dos-alunos-valorizam-professor-revela-pesquisa\/\"]}]},{\"@type\":\"ImageObject\",\"inLanguage\":\"pt-BR\",\"@id\":\"https:\/\/prefeitosegestoes.com.br\/portal\/menos-de-40-dos-alunos-valorizam-professor-revela-pesquisa\/#primaryimage\",\"url\":\"https:\/\/prefeitosegestoes.com.br\/portal\/wp-content\/uploads\/2025\/09\/toms0691.webp\",\"contentUrl\":\"https:\/\/prefeitosegestoes.com.br\/portal\/wp-content\/uploads\/2025\/09\/toms0691.webp\",\"width\":1024,\"height\":768},{\"@type\":\"BreadcrumbList\",\"@id\":\"https:\/\/prefeitosegestoes.com.br\/portal\/menos-de-40-dos-alunos-valorizam-professor-revela-pesquisa\/#breadcrumb\",\"itemListElement\":[{\"@type\":\"ListItem\",\"position\":1,\"name\":\"In\u00edcio\",\"item\":\"https:\/\/prefeitosegestoes.com.br\/portal\/\"},{\"@type\":\"ListItem\",\"position\":2,\"name\":\"Menos de 40% dos alunos valorizam professor, revela pesquisa\"}]},{\"@type\":\"WebSite\",\"@id\":\"https:\/\/prefeitosegestoes.com.br\/portal\/#website\",\"url\":\"https:\/\/prefeitosegestoes.com.br\/portal\/\",\"name\":\"Prefeitos & Gest\u00f5es\",\"description\":\"\",\"publisher\":{\"@id\":\"https:\/\/prefeitosegestoes.com.br\/portal\/#organization\"},\"potentialAction\":[{\"@type\":\"SearchAction\",\"target\":{\"@type\":\"EntryPoint\",\"urlTemplate\":\"https:\/\/prefeitosegestoes.com.br\/portal\/?s={search_term_string}\"},\"query-input\":{\"@type\":\"PropertyValueSpecification\",\"valueRequired\":true,\"valueName\":\"search_term_string\"}}],\"inLanguage\":\"pt-BR\"},{\"@type\":\"Organization\",\"@id\":\"https:\/\/prefeitosegestoes.com.br\/portal\/#organization\",\"name\":\"Prefeitos & Gest\u00f5es\",\"url\":\"https:\/\/prefeitosegestoes.com.br\/portal\/\",\"logo\":{\"@type\":\"ImageObject\",\"inLanguage\":\"pt-BR\",\"@id\":\"https:\/\/prefeitosegestoes.com.br\/portal\/#\/schema\/logo\/image\/\",\"url\":\"https:\/\/prefeitosegestoes.com.br\/portal\/wp-content\/uploads\/2024\/10\/lg_trans_prefeitos_2024_preto2.png\",\"contentUrl\":\"https:\/\/prefeitosegestoes.com.br\/portal\/wp-content\/uploads\/2024\/10\/lg_trans_prefeitos_2024_preto2.png\",\"width\":199,\"height\":122,\"caption\":\"Prefeitos & Gest\u00f5es\"},\"image\":{\"@id\":\"https:\/\/prefeitosegestoes.com.br\/portal\/#\/schema\/logo\/image\/\"},\"sameAs\":[\"https:\/\/www.facebook.com\/prefeitosonline\",\"https:\/\/x.com\/PrefGestoes\"]},{\"@type\":\"Person\",\"@id\":\"https:\/\/prefeitosegestoes.com.br\/portal\/#\/schema\/person\/d00059f2ec99963e7e1850d448ae94b8\",\"name\":\"Prefeitos &amp; Gest\u00f5es\",\"image\":{\"@type\":\"ImageObject\",\"inLanguage\":\"pt-BR\",\"@id\":\"https:\/\/secure.gravatar.com\/avatar\/738fb281e479212ed32c1a21a4307dda9f3af9292edb6918a16c9ce9fff5f48d?s=96&d=mm&r=g\",\"url\":\"https:\/\/secure.gravatar.com\/avatar\/738fb281e479212ed32c1a21a4307dda9f3af9292edb6918a16c9ce9fff5f48d?s=96&d=mm&r=g\",\"contentUrl\":\"https:\/\/secure.gravatar.com\/avatar\/738fb281e479212ed32c1a21a4307dda9f3af9292edb6918a16c9ce9fff5f48d?s=96&d=mm&r=g\",\"caption\":\"Prefeitos &amp; Gest\u00f5es\"},\"url\":\"https:\/\/prefeitosegestoes.com.br\/portal\/author\/prefeitosegestoes\/\"}]}<\/script>\n<!-- \/ Yoast SEO plugin. -->","yoast_head_json":{"title":"Menos de 40% dos alunos valorizam professor, revela pesquisa - Prefeitos &amp; Gest\u00f5es","description":"Os chamados anos finais do ensino fundamental \u2013 que compreendem o 6\u00ba, 7\u00b0, 8\u00ba e 9 \u00ba anos\u00a0\u2013 s\u00e3o considerados uma etapa escolar peculiar, que enfrenta desafios pr\u00f3prios ao reunir\u00a0os estudantes que est\u00e3o na transi\u00e7\u00e3o da inf\u00e2ncia para a adolesc\u00eancia. Para subsidiar a cria\u00e7\u00e3o da primeira pol\u00edtica nacional voltada para esta etapa, foi lan\u00e7ada nesta ter\u00e7a-feira (9) uma\u00a0pesquisa que ouviu mais de 2,3 milh\u00f5es de estudantes em 21 mil escolas do pa\u00eds.\u00a0","robots":{"index":"index","follow":"follow","max-snippet":"max-snippet:-1","max-image-preview":"max-image-preview:large","max-video-preview":"max-video-preview:-1"},"canonical":"https:\/\/prefeitosegestoes.com.br\/portal\/menos-de-40-dos-alunos-valorizam-professor-revela-pesquisa\/","og_locale":"pt_BR","og_type":"article","og_title":"Menos de 40% dos alunos valorizam professor, revela pesquisa - Prefeitos &amp; Gest\u00f5es","og_description":"Os chamados anos finais do ensino fundamental \u2013 que compreendem o 6\u00ba, 7\u00b0, 8\u00ba e 9 \u00ba anos\u00a0\u2013 s\u00e3o considerados uma etapa escolar peculiar, que enfrenta desafios pr\u00f3prios ao reunir\u00a0os estudantes que est\u00e3o na transi\u00e7\u00e3o da inf\u00e2ncia para a adolesc\u00eancia. Para subsidiar a cria\u00e7\u00e3o da primeira pol\u00edtica nacional voltada para esta etapa, foi lan\u00e7ada nesta ter\u00e7a-feira (9) uma\u00a0pesquisa que ouviu mais de 2,3 milh\u00f5es de estudantes em 21 mil escolas do pa\u00eds.\u00a0","og_url":"https:\/\/prefeitosegestoes.com.br\/portal\/menos-de-40-dos-alunos-valorizam-professor-revela-pesquisa\/","og_site_name":"Prefeitos &amp; Gest\u00f5es","article_publisher":"https:\/\/www.facebook.com\/prefeitosonline","article_published_time":"2025-09-09T21:10:03+00:00","og_image":[{"width":1024,"height":768,"url":"https:\/\/prefeitosegestoes.com.br\/portal\/wp-content\/uploads\/2025\/09\/toms0691.webp","type":"image\/webp"}],"author":"Prefeitos &amp; Gest\u00f5es","twitter_card":"summary_large_image","twitter_creator":"@PrefGestoes","twitter_site":"@PrefGestoes","twitter_misc":{"Escrito por":"Prefeitos &amp; Gest\u00f5es","Est. tempo de leitura":"7 minutos"},"schema":{"@context":"https:\/\/schema.org","@graph":[{"@type":"Article","@id":"https:\/\/prefeitosegestoes.com.br\/portal\/menos-de-40-dos-alunos-valorizam-professor-revela-pesquisa\/#article","isPartOf":{"@id":"https:\/\/prefeitosegestoes.com.br\/portal\/menos-de-40-dos-alunos-valorizam-professor-revela-pesquisa\/"},"author":{"name":"Prefeitos &amp; Gest\u00f5es","@id":"https:\/\/prefeitosegestoes.com.br\/portal\/#\/schema\/person\/d00059f2ec99963e7e1850d448ae94b8"},"headline":"Menos de 40% dos alunos valorizam professor, revela pesquisa","datePublished":"2025-09-09T21:10:03+00:00","mainEntityOfPage":{"@id":"https:\/\/prefeitosegestoes.com.br\/portal\/menos-de-40-dos-alunos-valorizam-professor-revela-pesquisa\/"},"wordCount":1199,"commentCount":0,"publisher":{"@id":"https:\/\/prefeitosegestoes.com.br\/portal\/#organization"},"image":{"@id":"https:\/\/prefeitosegestoes.com.br\/portal\/menos-de-40-dos-alunos-valorizam-professor-revela-pesquisa\/#primaryimage"},"thumbnailUrl":"https:\/\/prefeitosegestoes.com.br\/portal\/wp-content\/uploads\/2025\/09\/toms0691.webp","keywords":["Aluno","Ensino Fundamental","pesquusa","Professor"],"articleSection":["Destaques"],"inLanguage":"pt-BR","potentialAction":[{"@type":"CommentAction","name":"Comment","target":["https:\/\/prefeitosegestoes.com.br\/portal\/menos-de-40-dos-alunos-valorizam-professor-revela-pesquisa\/#respond"]}]},{"@type":"WebPage","@id":"https:\/\/prefeitosegestoes.com.br\/portal\/menos-de-40-dos-alunos-valorizam-professor-revela-pesquisa\/","url":"https:\/\/prefeitosegestoes.com.br\/portal\/menos-de-40-dos-alunos-valorizam-professor-revela-pesquisa\/","name":"Menos de 40% dos alunos valorizam professor, revela pesquisa - Prefeitos &amp; Gest\u00f5es","isPartOf":{"@id":"https:\/\/prefeitosegestoes.com.br\/portal\/#website"},"primaryImageOfPage":{"@id":"https:\/\/prefeitosegestoes.com.br\/portal\/menos-de-40-dos-alunos-valorizam-professor-revela-pesquisa\/#primaryimage"},"image":{"@id":"https:\/\/prefeitosegestoes.com.br\/portal\/menos-de-40-dos-alunos-valorizam-professor-revela-pesquisa\/#primaryimage"},"thumbnailUrl":"https:\/\/prefeitosegestoes.com.br\/portal\/wp-content\/uploads\/2025\/09\/toms0691.webp","datePublished":"2025-09-09T21:10:03+00:00","description":"Os chamados anos finais do ensino fundamental \u2013 que compreendem o 6\u00ba, 7\u00b0, 8\u00ba e 9 \u00ba anos\u00a0\u2013 s\u00e3o considerados uma etapa escolar peculiar, que enfrenta desafios pr\u00f3prios ao reunir\u00a0os estudantes que est\u00e3o na transi\u00e7\u00e3o da inf\u00e2ncia para a adolesc\u00eancia. Para subsidiar a cria\u00e7\u00e3o da primeira pol\u00edtica nacional voltada para esta etapa, foi lan\u00e7ada nesta ter\u00e7a-feira (9) uma\u00a0pesquisa que ouviu mais de 2,3 milh\u00f5es de estudantes em 21 mil escolas do pa\u00eds.\u00a0","breadcrumb":{"@id":"https:\/\/prefeitosegestoes.com.br\/portal\/menos-de-40-dos-alunos-valorizam-professor-revela-pesquisa\/#breadcrumb"},"inLanguage":"pt-BR","potentialAction":[{"@type":"ReadAction","target":["https:\/\/prefeitosegestoes.com.br\/portal\/menos-de-40-dos-alunos-valorizam-professor-revela-pesquisa\/"]}]},{"@type":"ImageObject","inLanguage":"pt-BR","@id":"https:\/\/prefeitosegestoes.com.br\/portal\/menos-de-40-dos-alunos-valorizam-professor-revela-pesquisa\/#primaryimage","url":"https:\/\/prefeitosegestoes.com.br\/portal\/wp-content\/uploads\/2025\/09\/toms0691.webp","contentUrl":"https:\/\/prefeitosegestoes.com.br\/portal\/wp-content\/uploads\/2025\/09\/toms0691.webp","width":1024,"height":768},{"@type":"BreadcrumbList","@id":"https:\/\/prefeitosegestoes.com.br\/portal\/menos-de-40-dos-alunos-valorizam-professor-revela-pesquisa\/#breadcrumb","itemListElement":[{"@type":"ListItem","position":1,"name":"In\u00edcio","item":"https:\/\/prefeitosegestoes.com.br\/portal\/"},{"@type":"ListItem","position":2,"name":"Menos de 40% dos alunos valorizam professor, revela pesquisa"}]},{"@type":"WebSite","@id":"https:\/\/prefeitosegestoes.com.br\/portal\/#website","url":"https:\/\/prefeitosegestoes.com.br\/portal\/","name":"Prefeitos & Gest\u00f5es","description":"","publisher":{"@id":"https:\/\/prefeitosegestoes.com.br\/portal\/#organization"},"potentialAction":[{"@type":"SearchAction","target":{"@type":"EntryPoint","urlTemplate":"https:\/\/prefeitosegestoes.com.br\/portal\/?s={search_term_string}"},"query-input":{"@type":"PropertyValueSpecification","valueRequired":true,"valueName":"search_term_string"}}],"inLanguage":"pt-BR"},{"@type":"Organization","@id":"https:\/\/prefeitosegestoes.com.br\/portal\/#organization","name":"Prefeitos & Gest\u00f5es","url":"https:\/\/prefeitosegestoes.com.br\/portal\/","logo":{"@type":"ImageObject","inLanguage":"pt-BR","@id":"https:\/\/prefeitosegestoes.com.br\/portal\/#\/schema\/logo\/image\/","url":"https:\/\/prefeitosegestoes.com.br\/portal\/wp-content\/uploads\/2024\/10\/lg_trans_prefeitos_2024_preto2.png","contentUrl":"https:\/\/prefeitosegestoes.com.br\/portal\/wp-content\/uploads\/2024\/10\/lg_trans_prefeitos_2024_preto2.png","width":199,"height":122,"caption":"Prefeitos & Gest\u00f5es"},"image":{"@id":"https:\/\/prefeitosegestoes.com.br\/portal\/#\/schema\/logo\/image\/"},"sameAs":["https:\/\/www.facebook.com\/prefeitosonline","https:\/\/x.com\/PrefGestoes"]},{"@type":"Person","@id":"https:\/\/prefeitosegestoes.com.br\/portal\/#\/schema\/person\/d00059f2ec99963e7e1850d448ae94b8","name":"Prefeitos &amp; Gest\u00f5es","image":{"@type":"ImageObject","inLanguage":"pt-BR","@id":"https:\/\/secure.gravatar.com\/avatar\/738fb281e479212ed32c1a21a4307dda9f3af9292edb6918a16c9ce9fff5f48d?s=96&d=mm&r=g","url":"https:\/\/secure.gravatar.com\/avatar\/738fb281e479212ed32c1a21a4307dda9f3af9292edb6918a16c9ce9fff5f48d?s=96&d=mm&r=g","contentUrl":"https:\/\/secure.gravatar.com\/avatar\/738fb281e479212ed32c1a21a4307dda9f3af9292edb6918a16c9ce9fff5f48d?s=96&d=mm&r=g","caption":"Prefeitos &amp; Gest\u00f5es"},"url":"https:\/\/prefeitosegestoes.com.br\/portal\/author\/prefeitosegestoes\/"}]}},"_links":{"self":[{"href":"https:\/\/prefeitosegestoes.com.br\/portal\/wp-json\/wp\/v2\/posts\/3854","targetHints":{"allow":["GET"]}}],"collection":[{"href":"https:\/\/prefeitosegestoes.com.br\/portal\/wp-json\/wp\/v2\/posts"}],"about":[{"href":"https:\/\/prefeitosegestoes.com.br\/portal\/wp-json\/wp\/v2\/types\/post"}],"author":[{"embeddable":true,"href":"https:\/\/prefeitosegestoes.com.br\/portal\/wp-json\/wp\/v2\/users\/2"}],"replies":[{"embeddable":true,"href":"https:\/\/prefeitosegestoes.com.br\/portal\/wp-json\/wp\/v2\/comments?post=3854"}],"version-history":[{"count":1,"href":"https:\/\/prefeitosegestoes.com.br\/portal\/wp-json\/wp\/v2\/posts\/3854\/revisions"}],"predecessor-version":[{"id":3856,"href":"https:\/\/prefeitosegestoes.com.br\/portal\/wp-json\/wp\/v2\/posts\/3854\/revisions\/3856"}],"wp:featuredmedia":[{"embeddable":true,"href":"https:\/\/prefeitosegestoes.com.br\/portal\/wp-json\/wp\/v2\/media\/3855"}],"wp:attachment":[{"href":"https:\/\/prefeitosegestoes.com.br\/portal\/wp-json\/wp\/v2\/media?parent=3854"}],"wp:term":[{"taxonomy":"category","embeddable":true,"href":"https:\/\/prefeitosegestoes.com.br\/portal\/wp-json\/wp\/v2\/categories?post=3854"},{"taxonomy":"post_tag","embeddable":true,"href":"https:\/\/prefeitosegestoes.com.br\/portal\/wp-json\/wp\/v2\/tags?post=3854"}],"curies":[{"name":"wp","href":"https:\/\/api.w.org\/{rel}","templated":true}]}}