{"id":3700,"date":"2025-08-07T17:18:45","date_gmt":"2025-08-07T20:18:45","guid":{"rendered":"https:\/\/prefeitosegestoes.com.br\/portal\/?p=3700"},"modified":"2025-08-07T17:22:54","modified_gmt":"2025-08-07T20:22:54","slug":"quem-sao-os-protagonistas-da-transformacao-digital-anunciada-pelo-presidente-lula","status":"publish","type":"post","link":"https:\/\/prefeitosegestoes.com.br\/portal\/quem-sao-os-protagonistas-da-transformacao-digital-anunciada-pelo-presidente-lula\/","title":{"rendered":"Quem s\u00e3o os protagonistas da transforma\u00e7\u00e3o digital anunciada pelo presidente Lula?"},"content":{"rendered":"<h2><em>Conhe\u00e7a o trabalho dos profissionais por tr\u00e1s da intelig\u00eancia digital que transforma a vida de milh\u00f5es de brasileiros<\/em><\/h2>\n<p>Em um marco para a moderniza\u00e7\u00e3o do Estado brasileiro, o presidente Lula assinou, no dia 23 de julho, dois decretos que consolidam a transforma\u00e7\u00e3o digital do servi\u00e7o p\u00fablico nacional. As medidas fazem parte da Estrat\u00e9gia Federal de Governo Digital (EFGD) e trazem como protagonistas os analistas em tecnologia da informa\u00e7\u00e3o (ATIs) do governo federal, profissionais que projetam, desenvolvem e mant\u00eam as solu\u00e7\u00f5es tecnol\u00f3gicas que hoje impactam diretamente a vida da popula\u00e7\u00e3o.<\/p>\n<p>O primeiro decreto torna obrigat\u00f3rio o cadastro biom\u00e9trico para acesso aos benef\u00edcios da Seguridade Social, ampliando a seguran\u00e7a e a integridade dos processos de concess\u00e3o. J\u00e1 o segundo regulamenta a Rede Nacional de Dados em Sa\u00fade (RNDS) e as plataformas do SUS Digital, com foco em garantir a soberania tecnol\u00f3gica, a privacidade dos dados e a efici\u00eancia do atendimento em sa\u00fade.<\/p>\n<p>\u201cOs analistas em TI s\u00e3o os pilares da nova era digital no Brasil. S\u00e3o eles que concebem, executam e governam solu\u00e7\u00f5es que tornam o Estado mais eficiente, seguro e pr\u00f3ximo do cidad\u00e3o. Suas entregas beneficiam milh\u00f5es de brasileiros com servi\u00e7os modernos, integrados e responsivos\u201d, destaca Luiz Alexandre Silva, Diretor Presidente da Associa\u00e7\u00e3o Nacional dos Analistas de Tecnologia da Informa\u00e7\u00e3o (ANATI).<\/p>\n<p><strong>Intelig\u00eancia digital a servi\u00e7o do cidad\u00e3o<\/strong><\/p>\n<p>Al\u00e9m de fortalecer a prote\u00e7\u00e3o de dados e a efici\u00eancia da administra\u00e7\u00e3o p\u00fablica, os analistas em TI foram os respons\u00e1veis por importantes inova\u00e7\u00f5es como:<\/p>\n<p><strong>Carteira de Identidade Nacional (CIN)<\/strong><\/p>\n<p>A CIN representa um marco na unifica\u00e7\u00e3o da identifica\u00e7\u00e3o civil no Brasil. Com validade nacional e dispon\u00edvel nos formatos f\u00edsico e digital, o novo documento elimina a duplicidade de registros estaduais e adota o CPF como n\u00famero \u00fanico de identifica\u00e7\u00e3o. A vers\u00e3o digital pode ser validada por meio de aplicativo gratuito desenvolvido pelos analistas em TI. Mais de 30 milh\u00f5es de unidades j\u00e1 foram emitidas.<\/p>\n<p><strong>Aplicativo Meu Im\u00f3vel Rural<\/strong><\/p>\n<p>Antes, os propriet\u00e1rios rurais precisavam recorrer a quatro sistemas diferentes para acessar informa\u00e7\u00f5es sobre seus im\u00f3veis. Agora, todos os dados est\u00e3o integrados em uma \u00fanica plataforma, tamb\u00e9m fruto do trabalho dos ATIs. O aplicativo facilita o acesso a cr\u00e9dito rural, fomenta a regulariza\u00e7\u00e3o fundi\u00e1ria, ambiental e fiscal, e reduz custos operacionais para o Estado e para o produtor.<\/p>\n<p><strong>Acordo com a Caixa para expans\u00e3o da biometria<\/strong><\/p>\n<p>Um acordo de coopera\u00e7\u00e3o t\u00e9cnica firmado entre o Minist\u00e9rio da Gest\u00e3o e da Inova\u00e7\u00e3o em Servi\u00e7os P\u00fablicos e a Caixa Econ\u00f4mica Federal pretende acelerar o uso da biometria como forma de identifica\u00e7\u00e3o civil digital, com foco em popula\u00e7\u00f5es vulner\u00e1veis e comunidades remotas. A parceria utilizar\u00e1 a expertise da Caixa em unidades m\u00f3veis como as Ag\u00eancias Barco, Caminh\u00e3o e Container, democratizando o acesso a servi\u00e7os digitais.<\/p>\n<p><strong>Impactos para os brasileiros<\/strong><\/p>\n<p>O trabalho silencioso, mas essencial, dos ATIs j\u00e1 se reflete em n\u00fameros significativos:<\/p>\n<ul>\n<li>Mais de 2.000 munic\u00edpios j\u00e1 est\u00e3o integrados \u00e0 plataforma gov.br, um salto impressionante frente aos 163 de dezembro de 2022;<\/li>\n<li>Realiza\u00e7\u00e3o de 1,7 bilh\u00e3o de trocas de informa\u00e7\u00f5es entre sistemas p\u00fablicos, com uma economia estimada de quase R$ 8 bilh\u00f5es;<\/li>\n<li>A infraestrutura digital da sa\u00fade j\u00e1 d\u00e1 suporte a mais de 2 bilh\u00f5es de atendimentos m\u00e9dicos e 1 bilh\u00e3o de doses de vacinas aplicadas, impactando diretamente 50 mil UBSs e 6.600 hospitais do SUS;<\/li>\n<li>Produtores rurais em todo o pa\u00eds agora t\u00eam acesso mais r\u00e1pido e transparente a dados fundi\u00e1rios por meio do Meu Im\u00f3vel Rural;<\/li>\n<li>Com o avan\u00e7o da biometria digital, mais de 210 milh\u00f5es de brasileiros passam a contar com um sistema mais seguro e inclusivo de identifica\u00e7\u00e3o e acesso a benef\u00edcios sociais.<\/li>\n<\/ul>\n<p>\u201cS\u00e3o esses profissionais que transformam dados em pol\u00edticas p\u00fablicas eficazes, reduzem custos, ampliam a transpar\u00eancia e fazem do governo uma plataforma digital de valor para cada brasileiro\u201d, refor\u00e7a Luiz.<\/p>\n<p>Fonte: <em>Assessoria de Imprensa da Associa\u00e7\u00e3o dos Analistas da Tecnologia da Informa\u00e7\u00e3o do Governo Federal<\/em><\/p>\n","protected":false},"excerpt":{"rendered":"<p>Conhe\u00e7a o trabalho dos profissionais por tr\u00e1s da intelig\u00eancia digital que transforma a vida de milh\u00f5es de brasileiros Em um marco para a moderniza\u00e7\u00e3o do Estado brasileiro, o presidente Lula assinou, no dia 23 de julho, dois decretos que consolidam a transforma\u00e7\u00e3o digital do servi\u00e7o p\u00fablico nacional. As medidas fazem parte da Estrat\u00e9gia Federal de [&hellip;]<\/p>\n","protected":false},"author":2,"featured_media":3701,"comment_status":"open","ping_status":"open","sticky":false,"template":"","format":"standard","meta":{"rop_custom_images_group":[],"rop_custom_messages_group":[],"rop_publish_now":"initial","rop_publish_now_accounts":{"twitter_850042665852968960_850042665852968960":""},"rop_publish_now_history":[],"rop_publish_now_status":"pending","footnotes":""},"categories":[15],"tags":[713,714,712,123],"class_list":["post-3700","post","type-post","status-publish","format-standard","has-post-thumbnail","hentry","category-destaques","tag-aplicativo-movel","tag-associacao-nacional-dos-analistas-de-tecnologia-da-informacao-anati","tag-intligencia-artificial","tag-municipios"],"yoast_head":"<!-- This site is optimized with the Yoast SEO plugin v27.2 - https:\/\/yoast.com\/product\/yoast-seo-wordpress\/ -->\n<title>Quem s\u00e3o os protagonistas da transforma\u00e7\u00e3o digital anunciada pelo presidente Lula? - Prefeitos &amp; Gest\u00f5es<\/title>\n<meta name=\"description\" content=\"Em um marco para a moderniza\u00e7\u00e3o do Estado brasileiro, o presidente Lula assinou, no dia 23 de julho, dois decretos que consolidam a transforma\u00e7\u00e3o digital do servi\u00e7o p\u00fablico nacional. As medidas fazem parte da Estrat\u00e9gia Federal de Governo Digital (EFGD) e trazem como protagonistas os analistas em tecnologia da informa\u00e7\u00e3o (ATIs) do governo federal, profissionais que projetam, desenvolvem e mant\u00eam as solu\u00e7\u00f5es tecnol\u00f3gicas que hoje impactam diretamente a vida da popula\u00e7\u00e3o.\" \/>\n<meta name=\"robots\" content=\"index, follow, max-snippet:-1, max-image-preview:large, max-video-preview:-1\" \/>\n<link rel=\"canonical\" href=\"https:\/\/prefeitosegestoes.com.br\/portal\/quem-sao-os-protagonistas-da-transformacao-digital-anunciada-pelo-presidente-lula\/\" \/>\n<meta property=\"og:locale\" content=\"pt_BR\" \/>\n<meta property=\"og:type\" content=\"article\" \/>\n<meta property=\"og:title\" content=\"Quem s\u00e3o os protagonistas da transforma\u00e7\u00e3o digital anunciada pelo presidente Lula? - Prefeitos &amp; Gest\u00f5es\" \/>\n<meta property=\"og:description\" content=\"Em um marco para a moderniza\u00e7\u00e3o do Estado brasileiro, o presidente Lula assinou, no dia 23 de julho, dois decretos que consolidam a transforma\u00e7\u00e3o digital do servi\u00e7o p\u00fablico nacional. As medidas fazem parte da Estrat\u00e9gia Federal de Governo Digital (EFGD) e trazem como protagonistas os analistas em tecnologia da informa\u00e7\u00e3o (ATIs) do governo federal, profissionais que projetam, desenvolvem e mant\u00eam as solu\u00e7\u00f5es tecnol\u00f3gicas que hoje impactam diretamente a vida da popula\u00e7\u00e3o.\" \/>\n<meta property=\"og:url\" content=\"https:\/\/prefeitosegestoes.com.br\/portal\/quem-sao-os-protagonistas-da-transformacao-digital-anunciada-pelo-presidente-lula\/\" \/>\n<meta property=\"og:site_name\" content=\"Prefeitos &amp; Gest\u00f5es\" \/>\n<meta property=\"article:publisher\" content=\"https:\/\/www.facebook.com\/prefeitosonline\" \/>\n<meta property=\"article:published_time\" content=\"2025-08-07T20:18:45+00:00\" \/>\n<meta property=\"article:modified_time\" content=\"2025-08-07T20:22:54+00:00\" \/>\n<meta property=\"og:image\" content=\"https:\/\/prefeitosegestoes.com.br\/portal\/wp-content\/uploads\/2025\/08\/Cidades.jpg\" \/>\n\t<meta property=\"og:image:width\" content=\"1600\" \/>\n\t<meta property=\"og:image:height\" content=\"841\" \/>\n\t<meta property=\"og:image:type\" content=\"image\/jpeg\" \/>\n<meta name=\"author\" content=\"Prefeitos &amp; Gest\u00f5es\" \/>\n<meta name=\"twitter:card\" content=\"summary_large_image\" \/>\n<meta name=\"twitter:creator\" content=\"@PrefGestoes\" \/>\n<meta name=\"twitter:site\" content=\"@PrefGestoes\" \/>\n<meta name=\"twitter:label1\" content=\"Escrito por\" \/>\n\t<meta name=\"twitter:data1\" content=\"Prefeitos &amp; Gest\u00f5es\" \/>\n\t<meta name=\"twitter:label2\" content=\"Est. tempo de leitura\" \/>\n\t<meta name=\"twitter:data2\" content=\"4 minutos\" \/>\n<script type=\"application\/ld+json\" class=\"yoast-schema-graph\">{\"@context\":\"https:\/\/schema.org\",\"@graph\":[{\"@type\":\"Article\",\"@id\":\"https:\/\/prefeitosegestoes.com.br\/portal\/quem-sao-os-protagonistas-da-transformacao-digital-anunciada-pelo-presidente-lula\/#article\",\"isPartOf\":{\"@id\":\"https:\/\/prefeitosegestoes.com.br\/portal\/quem-sao-os-protagonistas-da-transformacao-digital-anunciada-pelo-presidente-lula\/\"},\"author\":{\"name\":\"Prefeitos &amp; Gest\u00f5es\",\"@id\":\"https:\/\/prefeitosegestoes.com.br\/portal\/#\/schema\/person\/d00059f2ec99963e7e1850d448ae94b8\"},\"headline\":\"Quem s\u00e3o os protagonistas da transforma\u00e7\u00e3o digital anunciada pelo presidente Lula?\",\"datePublished\":\"2025-08-07T20:18:45+00:00\",\"dateModified\":\"2025-08-07T20:22:54+00:00\",\"mainEntityOfPage\":{\"@id\":\"https:\/\/prefeitosegestoes.com.br\/portal\/quem-sao-os-protagonistas-da-transformacao-digital-anunciada-pelo-presidente-lula\/\"},\"wordCount\":735,\"commentCount\":0,\"publisher\":{\"@id\":\"https:\/\/prefeitosegestoes.com.br\/portal\/#organization\"},\"image\":{\"@id\":\"https:\/\/prefeitosegestoes.com.br\/portal\/quem-sao-os-protagonistas-da-transformacao-digital-anunciada-pelo-presidente-lula\/#primaryimage\"},\"thumbnailUrl\":\"https:\/\/prefeitosegestoes.com.br\/portal\/wp-content\/uploads\/2025\/08\/Cidades.jpg\",\"keywords\":[\"Aplicativo M\u00f3vel\",\"Associa\u00e7\u00e3o Nacional dos Analistas de Tecnologia da Informa\u00e7\u00e3o (ANATI).\",\"Intlig\u00eancia Artificial\",\"Munic\u00edpios\"],\"articleSection\":[\"Destaques\"],\"inLanguage\":\"pt-BR\",\"potentialAction\":[{\"@type\":\"CommentAction\",\"name\":\"Comment\",\"target\":[\"https:\/\/prefeitosegestoes.com.br\/portal\/quem-sao-os-protagonistas-da-transformacao-digital-anunciada-pelo-presidente-lula\/#respond\"]}]},{\"@type\":\"WebPage\",\"@id\":\"https:\/\/prefeitosegestoes.com.br\/portal\/quem-sao-os-protagonistas-da-transformacao-digital-anunciada-pelo-presidente-lula\/\",\"url\":\"https:\/\/prefeitosegestoes.com.br\/portal\/quem-sao-os-protagonistas-da-transformacao-digital-anunciada-pelo-presidente-lula\/\",\"name\":\"Quem s\u00e3o os protagonistas da transforma\u00e7\u00e3o digital anunciada pelo presidente Lula? - Prefeitos &amp; Gest\u00f5es\",\"isPartOf\":{\"@id\":\"https:\/\/prefeitosegestoes.com.br\/portal\/#website\"},\"primaryImageOfPage\":{\"@id\":\"https:\/\/prefeitosegestoes.com.br\/portal\/quem-sao-os-protagonistas-da-transformacao-digital-anunciada-pelo-presidente-lula\/#primaryimage\"},\"image\":{\"@id\":\"https:\/\/prefeitosegestoes.com.br\/portal\/quem-sao-os-protagonistas-da-transformacao-digital-anunciada-pelo-presidente-lula\/#primaryimage\"},\"thumbnailUrl\":\"https:\/\/prefeitosegestoes.com.br\/portal\/wp-content\/uploads\/2025\/08\/Cidades.jpg\",\"datePublished\":\"2025-08-07T20:18:45+00:00\",\"dateModified\":\"2025-08-07T20:22:54+00:00\",\"description\":\"Em um marco para a moderniza\u00e7\u00e3o do Estado brasileiro, o presidente Lula assinou, no dia 23 de julho, dois decretos que consolidam a transforma\u00e7\u00e3o digital do servi\u00e7o p\u00fablico nacional. As medidas fazem parte da Estrat\u00e9gia Federal de Governo Digital (EFGD) e trazem como protagonistas os analistas em tecnologia da informa\u00e7\u00e3o (ATIs) do governo federal, profissionais que projetam, desenvolvem e mant\u00eam as solu\u00e7\u00f5es tecnol\u00f3gicas que hoje impactam diretamente a vida da popula\u00e7\u00e3o.\",\"breadcrumb\":{\"@id\":\"https:\/\/prefeitosegestoes.com.br\/portal\/quem-sao-os-protagonistas-da-transformacao-digital-anunciada-pelo-presidente-lula\/#breadcrumb\"},\"inLanguage\":\"pt-BR\",\"potentialAction\":[{\"@type\":\"ReadAction\",\"target\":[\"https:\/\/prefeitosegestoes.com.br\/portal\/quem-sao-os-protagonistas-da-transformacao-digital-anunciada-pelo-presidente-lula\/\"]}]},{\"@type\":\"ImageObject\",\"inLanguage\":\"pt-BR\",\"@id\":\"https:\/\/prefeitosegestoes.com.br\/portal\/quem-sao-os-protagonistas-da-transformacao-digital-anunciada-pelo-presidente-lula\/#primaryimage\",\"url\":\"https:\/\/prefeitosegestoes.com.br\/portal\/wp-content\/uploads\/2025\/08\/Cidades.jpg\",\"contentUrl\":\"https:\/\/prefeitosegestoes.com.br\/portal\/wp-content\/uploads\/2025\/08\/Cidades.jpg\",\"width\":1600,\"height\":841},{\"@type\":\"BreadcrumbList\",\"@id\":\"https:\/\/prefeitosegestoes.com.br\/portal\/quem-sao-os-protagonistas-da-transformacao-digital-anunciada-pelo-presidente-lula\/#breadcrumb\",\"itemListElement\":[{\"@type\":\"ListItem\",\"position\":1,\"name\":\"In\u00edcio\",\"item\":\"https:\/\/prefeitosegestoes.com.br\/portal\/\"},{\"@type\":\"ListItem\",\"position\":2,\"name\":\"Quem s\u00e3o os protagonistas da transforma\u00e7\u00e3o digital anunciada pelo presidente Lula?\"}]},{\"@type\":\"WebSite\",\"@id\":\"https:\/\/prefeitosegestoes.com.br\/portal\/#website\",\"url\":\"https:\/\/prefeitosegestoes.com.br\/portal\/\",\"name\":\"Prefeitos & Gest\u00f5es\",\"description\":\"\",\"publisher\":{\"@id\":\"https:\/\/prefeitosegestoes.com.br\/portal\/#organization\"},\"potentialAction\":[{\"@type\":\"SearchAction\",\"target\":{\"@type\":\"EntryPoint\",\"urlTemplate\":\"https:\/\/prefeitosegestoes.com.br\/portal\/?s={search_term_string}\"},\"query-input\":{\"@type\":\"PropertyValueSpecification\",\"valueRequired\":true,\"valueName\":\"search_term_string\"}}],\"inLanguage\":\"pt-BR\"},{\"@type\":\"Organization\",\"@id\":\"https:\/\/prefeitosegestoes.com.br\/portal\/#organization\",\"name\":\"Prefeitos & Gest\u00f5es\",\"url\":\"https:\/\/prefeitosegestoes.com.br\/portal\/\",\"logo\":{\"@type\":\"ImageObject\",\"inLanguage\":\"pt-BR\",\"@id\":\"https:\/\/prefeitosegestoes.com.br\/portal\/#\/schema\/logo\/image\/\",\"url\":\"https:\/\/prefeitosegestoes.com.br\/portal\/wp-content\/uploads\/2024\/10\/lg_trans_prefeitos_2024_preto2.png\",\"contentUrl\":\"https:\/\/prefeitosegestoes.com.br\/portal\/wp-content\/uploads\/2024\/10\/lg_trans_prefeitos_2024_preto2.png\",\"width\":199,\"height\":122,\"caption\":\"Prefeitos & Gest\u00f5es\"},\"image\":{\"@id\":\"https:\/\/prefeitosegestoes.com.br\/portal\/#\/schema\/logo\/image\/\"},\"sameAs\":[\"https:\/\/www.facebook.com\/prefeitosonline\",\"https:\/\/x.com\/PrefGestoes\"]},{\"@type\":\"Person\",\"@id\":\"https:\/\/prefeitosegestoes.com.br\/portal\/#\/schema\/person\/d00059f2ec99963e7e1850d448ae94b8\",\"name\":\"Prefeitos &amp; Gest\u00f5es\",\"image\":{\"@type\":\"ImageObject\",\"inLanguage\":\"pt-BR\",\"@id\":\"https:\/\/secure.gravatar.com\/avatar\/738fb281e479212ed32c1a21a4307dda9f3af9292edb6918a16c9ce9fff5f48d?s=96&d=mm&r=g\",\"url\":\"https:\/\/secure.gravatar.com\/avatar\/738fb281e479212ed32c1a21a4307dda9f3af9292edb6918a16c9ce9fff5f48d?s=96&d=mm&r=g\",\"contentUrl\":\"https:\/\/secure.gravatar.com\/avatar\/738fb281e479212ed32c1a21a4307dda9f3af9292edb6918a16c9ce9fff5f48d?s=96&d=mm&r=g\",\"caption\":\"Prefeitos &amp; Gest\u00f5es\"},\"url\":\"https:\/\/prefeitosegestoes.com.br\/portal\/author\/prefeitosegestoes\/\"}]}<\/script>\n<!-- \/ Yoast SEO plugin. -->","yoast_head_json":{"title":"Quem s\u00e3o os protagonistas da transforma\u00e7\u00e3o digital anunciada pelo presidente Lula? - Prefeitos &amp; Gest\u00f5es","description":"Em um marco para a moderniza\u00e7\u00e3o do Estado brasileiro, o presidente Lula assinou, no dia 23 de julho, dois decretos que consolidam a transforma\u00e7\u00e3o digital do servi\u00e7o p\u00fablico nacional. As medidas fazem parte da Estrat\u00e9gia Federal de Governo Digital (EFGD) e trazem como protagonistas os analistas em tecnologia da informa\u00e7\u00e3o (ATIs) do governo federal, profissionais que projetam, desenvolvem e mant\u00eam as solu\u00e7\u00f5es tecnol\u00f3gicas que hoje impactam diretamente a vida da popula\u00e7\u00e3o.","robots":{"index":"index","follow":"follow","max-snippet":"max-snippet:-1","max-image-preview":"max-image-preview:large","max-video-preview":"max-video-preview:-1"},"canonical":"https:\/\/prefeitosegestoes.com.br\/portal\/quem-sao-os-protagonistas-da-transformacao-digital-anunciada-pelo-presidente-lula\/","og_locale":"pt_BR","og_type":"article","og_title":"Quem s\u00e3o os protagonistas da transforma\u00e7\u00e3o digital anunciada pelo presidente Lula? - Prefeitos &amp; Gest\u00f5es","og_description":"Em um marco para a moderniza\u00e7\u00e3o do Estado brasileiro, o presidente Lula assinou, no dia 23 de julho, dois decretos que consolidam a transforma\u00e7\u00e3o digital do servi\u00e7o p\u00fablico nacional. As medidas fazem parte da Estrat\u00e9gia Federal de Governo Digital (EFGD) e trazem como protagonistas os analistas em tecnologia da informa\u00e7\u00e3o (ATIs) do governo federal, profissionais que projetam, desenvolvem e mant\u00eam as solu\u00e7\u00f5es tecnol\u00f3gicas que hoje impactam diretamente a vida da popula\u00e7\u00e3o.","og_url":"https:\/\/prefeitosegestoes.com.br\/portal\/quem-sao-os-protagonistas-da-transformacao-digital-anunciada-pelo-presidente-lula\/","og_site_name":"Prefeitos &amp; Gest\u00f5es","article_publisher":"https:\/\/www.facebook.com\/prefeitosonline","article_published_time":"2025-08-07T20:18:45+00:00","article_modified_time":"2025-08-07T20:22:54+00:00","og_image":[{"width":1600,"height":841,"url":"https:\/\/prefeitosegestoes.com.br\/portal\/wp-content\/uploads\/2025\/08\/Cidades.jpg","type":"image\/jpeg"}],"author":"Prefeitos &amp; Gest\u00f5es","twitter_card":"summary_large_image","twitter_creator":"@PrefGestoes","twitter_site":"@PrefGestoes","twitter_misc":{"Escrito por":"Prefeitos &amp; Gest\u00f5es","Est. tempo de leitura":"4 minutos"},"schema":{"@context":"https:\/\/schema.org","@graph":[{"@type":"Article","@id":"https:\/\/prefeitosegestoes.com.br\/portal\/quem-sao-os-protagonistas-da-transformacao-digital-anunciada-pelo-presidente-lula\/#article","isPartOf":{"@id":"https:\/\/prefeitosegestoes.com.br\/portal\/quem-sao-os-protagonistas-da-transformacao-digital-anunciada-pelo-presidente-lula\/"},"author":{"name":"Prefeitos &amp; Gest\u00f5es","@id":"https:\/\/prefeitosegestoes.com.br\/portal\/#\/schema\/person\/d00059f2ec99963e7e1850d448ae94b8"},"headline":"Quem s\u00e3o os protagonistas da transforma\u00e7\u00e3o digital anunciada pelo presidente Lula?","datePublished":"2025-08-07T20:18:45+00:00","dateModified":"2025-08-07T20:22:54+00:00","mainEntityOfPage":{"@id":"https:\/\/prefeitosegestoes.com.br\/portal\/quem-sao-os-protagonistas-da-transformacao-digital-anunciada-pelo-presidente-lula\/"},"wordCount":735,"commentCount":0,"publisher":{"@id":"https:\/\/prefeitosegestoes.com.br\/portal\/#organization"},"image":{"@id":"https:\/\/prefeitosegestoes.com.br\/portal\/quem-sao-os-protagonistas-da-transformacao-digital-anunciada-pelo-presidente-lula\/#primaryimage"},"thumbnailUrl":"https:\/\/prefeitosegestoes.com.br\/portal\/wp-content\/uploads\/2025\/08\/Cidades.jpg","keywords":["Aplicativo M\u00f3vel","Associa\u00e7\u00e3o Nacional dos Analistas de Tecnologia da Informa\u00e7\u00e3o (ANATI).","Intlig\u00eancia Artificial","Munic\u00edpios"],"articleSection":["Destaques"],"inLanguage":"pt-BR","potentialAction":[{"@type":"CommentAction","name":"Comment","target":["https:\/\/prefeitosegestoes.com.br\/portal\/quem-sao-os-protagonistas-da-transformacao-digital-anunciada-pelo-presidente-lula\/#respond"]}]},{"@type":"WebPage","@id":"https:\/\/prefeitosegestoes.com.br\/portal\/quem-sao-os-protagonistas-da-transformacao-digital-anunciada-pelo-presidente-lula\/","url":"https:\/\/prefeitosegestoes.com.br\/portal\/quem-sao-os-protagonistas-da-transformacao-digital-anunciada-pelo-presidente-lula\/","name":"Quem s\u00e3o os protagonistas da transforma\u00e7\u00e3o digital anunciada pelo presidente Lula? - Prefeitos &amp; Gest\u00f5es","isPartOf":{"@id":"https:\/\/prefeitosegestoes.com.br\/portal\/#website"},"primaryImageOfPage":{"@id":"https:\/\/prefeitosegestoes.com.br\/portal\/quem-sao-os-protagonistas-da-transformacao-digital-anunciada-pelo-presidente-lula\/#primaryimage"},"image":{"@id":"https:\/\/prefeitosegestoes.com.br\/portal\/quem-sao-os-protagonistas-da-transformacao-digital-anunciada-pelo-presidente-lula\/#primaryimage"},"thumbnailUrl":"https:\/\/prefeitosegestoes.com.br\/portal\/wp-content\/uploads\/2025\/08\/Cidades.jpg","datePublished":"2025-08-07T20:18:45+00:00","dateModified":"2025-08-07T20:22:54+00:00","description":"Em um marco para a moderniza\u00e7\u00e3o do Estado brasileiro, o presidente Lula assinou, no dia 23 de julho, dois decretos que consolidam a transforma\u00e7\u00e3o digital do servi\u00e7o p\u00fablico nacional. As medidas fazem parte da Estrat\u00e9gia Federal de Governo Digital (EFGD) e trazem como protagonistas os analistas em tecnologia da informa\u00e7\u00e3o (ATIs) do governo federal, profissionais que projetam, desenvolvem e mant\u00eam as solu\u00e7\u00f5es tecnol\u00f3gicas que hoje impactam diretamente a vida da popula\u00e7\u00e3o.","breadcrumb":{"@id":"https:\/\/prefeitosegestoes.com.br\/portal\/quem-sao-os-protagonistas-da-transformacao-digital-anunciada-pelo-presidente-lula\/#breadcrumb"},"inLanguage":"pt-BR","potentialAction":[{"@type":"ReadAction","target":["https:\/\/prefeitosegestoes.com.br\/portal\/quem-sao-os-protagonistas-da-transformacao-digital-anunciada-pelo-presidente-lula\/"]}]},{"@type":"ImageObject","inLanguage":"pt-BR","@id":"https:\/\/prefeitosegestoes.com.br\/portal\/quem-sao-os-protagonistas-da-transformacao-digital-anunciada-pelo-presidente-lula\/#primaryimage","url":"https:\/\/prefeitosegestoes.com.br\/portal\/wp-content\/uploads\/2025\/08\/Cidades.jpg","contentUrl":"https:\/\/prefeitosegestoes.com.br\/portal\/wp-content\/uploads\/2025\/08\/Cidades.jpg","width":1600,"height":841},{"@type":"BreadcrumbList","@id":"https:\/\/prefeitosegestoes.com.br\/portal\/quem-sao-os-protagonistas-da-transformacao-digital-anunciada-pelo-presidente-lula\/#breadcrumb","itemListElement":[{"@type":"ListItem","position":1,"name":"In\u00edcio","item":"https:\/\/prefeitosegestoes.com.br\/portal\/"},{"@type":"ListItem","position":2,"name":"Quem s\u00e3o os protagonistas da transforma\u00e7\u00e3o digital anunciada pelo presidente Lula?"}]},{"@type":"WebSite","@id":"https:\/\/prefeitosegestoes.com.br\/portal\/#website","url":"https:\/\/prefeitosegestoes.com.br\/portal\/","name":"Prefeitos & Gest\u00f5es","description":"","publisher":{"@id":"https:\/\/prefeitosegestoes.com.br\/portal\/#organization"},"potentialAction":[{"@type":"SearchAction","target":{"@type":"EntryPoint","urlTemplate":"https:\/\/prefeitosegestoes.com.br\/portal\/?s={search_term_string}"},"query-input":{"@type":"PropertyValueSpecification","valueRequired":true,"valueName":"search_term_string"}}],"inLanguage":"pt-BR"},{"@type":"Organization","@id":"https:\/\/prefeitosegestoes.com.br\/portal\/#organization","name":"Prefeitos & Gest\u00f5es","url":"https:\/\/prefeitosegestoes.com.br\/portal\/","logo":{"@type":"ImageObject","inLanguage":"pt-BR","@id":"https:\/\/prefeitosegestoes.com.br\/portal\/#\/schema\/logo\/image\/","url":"https:\/\/prefeitosegestoes.com.br\/portal\/wp-content\/uploads\/2024\/10\/lg_trans_prefeitos_2024_preto2.png","contentUrl":"https:\/\/prefeitosegestoes.com.br\/portal\/wp-content\/uploads\/2024\/10\/lg_trans_prefeitos_2024_preto2.png","width":199,"height":122,"caption":"Prefeitos & Gest\u00f5es"},"image":{"@id":"https:\/\/prefeitosegestoes.com.br\/portal\/#\/schema\/logo\/image\/"},"sameAs":["https:\/\/www.facebook.com\/prefeitosonline","https:\/\/x.com\/PrefGestoes"]},{"@type":"Person","@id":"https:\/\/prefeitosegestoes.com.br\/portal\/#\/schema\/person\/d00059f2ec99963e7e1850d448ae94b8","name":"Prefeitos &amp; Gest\u00f5es","image":{"@type":"ImageObject","inLanguage":"pt-BR","@id":"https:\/\/secure.gravatar.com\/avatar\/738fb281e479212ed32c1a21a4307dda9f3af9292edb6918a16c9ce9fff5f48d?s=96&d=mm&r=g","url":"https:\/\/secure.gravatar.com\/avatar\/738fb281e479212ed32c1a21a4307dda9f3af9292edb6918a16c9ce9fff5f48d?s=96&d=mm&r=g","contentUrl":"https:\/\/secure.gravatar.com\/avatar\/738fb281e479212ed32c1a21a4307dda9f3af9292edb6918a16c9ce9fff5f48d?s=96&d=mm&r=g","caption":"Prefeitos &amp; Gest\u00f5es"},"url":"https:\/\/prefeitosegestoes.com.br\/portal\/author\/prefeitosegestoes\/"}]}},"_links":{"self":[{"href":"https:\/\/prefeitosegestoes.com.br\/portal\/wp-json\/wp\/v2\/posts\/3700","targetHints":{"allow":["GET"]}}],"collection":[{"href":"https:\/\/prefeitosegestoes.com.br\/portal\/wp-json\/wp\/v2\/posts"}],"about":[{"href":"https:\/\/prefeitosegestoes.com.br\/portal\/wp-json\/wp\/v2\/types\/post"}],"author":[{"embeddable":true,"href":"https:\/\/prefeitosegestoes.com.br\/portal\/wp-json\/wp\/v2\/users\/2"}],"replies":[{"embeddable":true,"href":"https:\/\/prefeitosegestoes.com.br\/portal\/wp-json\/wp\/v2\/comments?post=3700"}],"version-history":[{"count":3,"href":"https:\/\/prefeitosegestoes.com.br\/portal\/wp-json\/wp\/v2\/posts\/3700\/revisions"}],"predecessor-version":[{"id":3704,"href":"https:\/\/prefeitosegestoes.com.br\/portal\/wp-json\/wp\/v2\/posts\/3700\/revisions\/3704"}],"wp:featuredmedia":[{"embeddable":true,"href":"https:\/\/prefeitosegestoes.com.br\/portal\/wp-json\/wp\/v2\/media\/3701"}],"wp:attachment":[{"href":"https:\/\/prefeitosegestoes.com.br\/portal\/wp-json\/wp\/v2\/media?parent=3700"}],"wp:term":[{"taxonomy":"category","embeddable":true,"href":"https:\/\/prefeitosegestoes.com.br\/portal\/wp-json\/wp\/v2\/categories?post=3700"},{"taxonomy":"post_tag","embeddable":true,"href":"https:\/\/prefeitosegestoes.com.br\/portal\/wp-json\/wp\/v2\/tags?post=3700"}],"curies":[{"name":"wp","href":"https:\/\/api.w.org\/{rel}","templated":true}]}}