{"id":3695,"date":"2025-08-05T12:01:50","date_gmt":"2025-08-05T15:01:50","guid":{"rendered":"https:\/\/prefeitosegestoes.com.br\/portal\/?p=3695"},"modified":"2025-08-05T12:01:50","modified_gmt":"2025-08-05T15:01:50","slug":"conferencias-estaduais-das-cidades-vao-ate-o-fim-do-mes","status":"publish","type":"post","link":"https:\/\/prefeitosegestoes.com.br\/portal\/conferencias-estaduais-das-cidades-vao-ate-o-fim-do-mes\/","title":{"rendered":"Confer\u00eancias estaduais das Cidades v\u00e3o at\u00e9 o fim do m\u00eas"},"content":{"rendered":"<h2 class=\"documentDescription\">\u00daltima etapa antes da fase Nacional tem prazo at\u00e9 31 de agosto e engaja todos os estados do pa\u00eds<\/h2>\n<div id=\"viewlet-above-content-body\">\n<div class=\"social-links\"><\/div>\n<div id=\"plone-document-byline\" class=\"documentByLine\"><span class=\"documentPublished\">Publicado em\u00a0<span class=\"value\">04\/08\/2025 16h43<\/span><\/span><\/div>\n<div id=\"media\"><\/div>\n<\/div>\n<div id=\"content-core\">\n<div id=\"parent-fieldname-text\" class=\"\">\n<div>\n<p class=\" \">Agosto ser\u00e1 um m\u00eas movimentado na prepara\u00e7\u00e3o para a 6\u00aa Confer\u00eancia Nacional das Cidades. Segundo passo do cronograma geral, as reuni\u00f5es estaduais podem acontecer at\u00e9 dia 31 e preenchem a agenda do m\u00eas com o encontro em mais de 20 estados e no Distrito Federal, unindo a sociedade civil e o poder p\u00fablico para debater cidades melhores pelo pa\u00eds, com mais inclus\u00e3o, democracia, sustentabilidade e justi\u00e7a social.<\/p>\n<p class=\" \">\u201cEntramos em agosto, o \u00faltimo m\u00eas para a realiza\u00e7\u00e3o das confer\u00eancias estaduais das cidades. Essa \u00e9 a etapa preparat\u00f3ria final para que possamos realizar todos em conjunto a fase nacional e, com isso, cumprirmos o anseio da popula\u00e7\u00e3o brasileira por pol\u00edticas p\u00fablicas de qualidade. Vamos juntos realizar excelentes confer\u00eancias\u201d, disse o secret\u00e1rio executivo do Conselho das Cidades, Victor Monteiro Almeida.<\/p>\n<p class=\" \">Mato Grosso do Sul e S\u00e3o Paulo foram os primeiros estados a realizarem os respectivos encontros, ainda em junho, enquanto a Para\u00edba fez em julho. A agenda de agosto inicia na quarta-feira (6), com a reuni\u00e3o de Minas Gerais, que se estende para quinta (7) e s\u00e1bado (9). Na pr\u00f3xima semana, ser\u00e1 vez de Rio de Janeiro (11 a 13), Par\u00e1 (12 a 14), Rio Grande do Norte (14 e 15) e Rond\u00f4nia (14 e 15).<\/p>\n<p class=\" \">O engajamento vai at\u00e9 o fim do m\u00eas, com as confer\u00eancias de estados como Goi\u00e1s, Esp\u00edrito Santo, Rio Grande do Sul e o Distrito Federal terminando em 31 de agosto, o prazo limite desta etapa.<\/p>\n<p class=\" \">As confer\u00eancias estaduais re\u00fanem os delegados eleitos nas fases municipais, que representam o munic\u00edpio no evento do estado e participam da elabora\u00e7\u00e3o de propostas. As ideias s\u00e3o divididas em cinco eixos, sendo eles urbanismo e habita\u00e7\u00e3o, infraestrutura e mobilidade, meio ambiente e mudan\u00e7as clim\u00e1ticas, cidades inteligentes e governan\u00e7a e participa\u00e7\u00e3o social.<\/p>\n<p class=\" \">\u201c\u00c9 de extrema import\u00e2ncia que a documenta\u00e7\u00e3o seja compartilhada com o ponto focal da confer\u00eancia estadual e seja submetida \u00e0 plataforma ReDUS\u201d, refor\u00e7ou o secret\u00e1rio executivo.<\/p>\n<p class=\" \"><strong>Confira o calend\u00e1rio completo:\u00a0<\/strong><\/p>\n<p class=\" \">Mato Grosso do Sul: j\u00e1 realizada<\/p>\n<p class=\" \"><b>S\u00e3o Paulo: j\u00e1 realizada\u00a0<\/b><\/p>\n<p class=\" \">Para\u00edba: j\u00e1 realizada<\/p>\n<p class=\" \"><b>Minas Gerais: 6, 7 e 9 de agosto\u00a0<\/b><\/p>\n<p class=\" \">Rio de Janeiro: 11 a 13 de agosto<\/p>\n<p class=\" \"><b>Par\u00e1: 12 a 14 de agosto\u00a0<\/b><\/p>\n<p class=\" \">Rio Grande do Norte: 14 e 15 de agosto<\/p>\n<p class=\" \"><b>Rond\u00f4nia: 14 e 15 de agosto\u00a0<\/b><\/p>\n<p class=\" \">Mato Grosso: 18 a 20 de agosto<\/p>\n<p class=\" \"><b>Piau\u00ed: 19 e 20 de agosto\u00a0<\/b><\/p>\n<p class=\" \">Alagoas: 19 a 21 de agosto<\/p>\n<p class=\" \"><b>Santa Catarina: 19 a 21 de agosto\u00a0<\/b><\/p>\n<p class=\" \">Acre: 20 e 21 de agosto<\/p>\n<p class=\" \"><b>Cear\u00e1: 20 e 21 de agosto\u00a0<\/b><\/p>\n<p class=\" \">Amap\u00e1: 21 e 22 de agosto<\/p>\n<p class=\" \"><b>Tocantins: 22 a 24 de agosto\u00a0<\/b><\/p>\n<p class=\" \">Bahia: 26 a 29 de agosto<\/p>\n<p class=\" \"><b>Sergipe: 26 a 28<\/b><\/p>\n<p class=\" \">Maranh\u00e3o: 27 a 29 de agosto<\/p>\n<p class=\" \"><b>Roraima: 27 a 29 de agosto\u00a0<\/b><\/p>\n<p class=\" \">Paran\u00e1: 28 e 29 de agosto<\/p>\n<p class=\" \"><b>Pernambuco: 28 a 30 de agosto<\/b><\/p>\n<p class=\" \">Amazonas: 28 a 30 de agosto<\/p>\n<p class=\" \"><b>Distrito Federal: 29 a 31 de agosto\u00a0<\/b><\/p>\n<p class=\" \">Esp\u00edrito Santo: 29 a 31 de agosto<\/p>\n<p class=\" \"><b>Rio Grande do Sul: 29 a 31 de agosto\u00a0<\/b><\/p>\n<p class=\" \">Goi\u00e1s: 30 e 31 de agosto<\/p>\n<p>&nbsp;<\/p>\n<p class=\"callout\">Acesse a\u00a0<a class=\"external-link\" title=\"\" href=\"https:\/\/www.gov.br\/cidades\/pt-br\/central-de-conteudos\" target=\"_blank\" rel=\"noopener\" data-tippreview-enabled=\"false\" data-tippreview-image=\"\" data-tippreview-title=\"\">Central de Conte\u00fados<\/a>\u00a0do Minist\u00e9rio das Cidades<\/p>\n<p>&nbsp;<\/p>\n<p>Assessoria Especial de Comunica\u00e7\u00e3o Social do Minist\u00e9rio das Cidades<br \/>\nAtendimento \u00e0 Imprensa<br \/>\nTelefone: (61) 2034-4282<br \/>\nE-mail: imprensa@cidades.gov.br<\/p>\n<\/div>\n<\/div>\n<\/div>\n","protected":false},"excerpt":{"rendered":"<p>\u00daltima etapa antes da fase Nacional tem prazo at\u00e9 31 de agosto e engaja todos os estados do pa\u00eds Publicado em\u00a004\/08\/2025 16h43 Agosto ser\u00e1 um m\u00eas movimentado na prepara\u00e7\u00e3o para a 6\u00aa Confer\u00eancia Nacional das Cidades. Segundo passo do cronograma geral, as reuni\u00f5es estaduais podem acontecer at\u00e9 dia 31 e preenchem a agenda do m\u00eas [&hellip;]<\/p>\n","protected":false},"author":2,"featured_media":3696,"comment_status":"open","ping_status":"open","sticky":false,"template":"","format":"standard","meta":{"rop_custom_images_group":[],"rop_custom_messages_group":[],"rop_publish_now":"initial","rop_publish_now_accounts":{"twitter_850042665852968960_850042665852968960":""},"rop_publish_now_history":[],"rop_publish_now_status":"pending","footnotes":""},"categories":[15],"tags":[73,122,710,711,123],"class_list":["post-3695","post","type-post","status-publish","format-standard","has-post-thumbnail","hentry","category-destaques","tag-brasil","tag-cidades","tag-conferencia","tag-etapa","tag-municipios"],"yoast_head":"<!-- This site is optimized with the Yoast SEO plugin v27.2 - https:\/\/yoast.com\/product\/yoast-seo-wordpress\/ -->\n<title>Confer\u00eancias estaduais das Cidades v\u00e3o at\u00e9 o fim do m\u00eas - Prefeitos &amp; Gest\u00f5es<\/title>\n<meta name=\"description\" content=\"Agosto ser\u00e1 um m\u00eas movimentado na prepara\u00e7\u00e3o para a 6\u00aa Confer\u00eancia Nacional das Cidades. Segundo passo do cronograma geral, as reuni\u00f5es estaduais podem acontecer at\u00e9 dia 31 e preenchem a agenda do m\u00eas com o encontro em mais de 20 estados e no Distrito Federal, unindo a sociedade civil e o poder p\u00fablico para debater cidades melhores pelo pa\u00eds, com mais inclus\u00e3o, democracia, sustentabilidade e justi\u00e7a socia\" \/>\n<meta name=\"robots\" content=\"index, follow, max-snippet:-1, max-image-preview:large, max-video-preview:-1\" \/>\n<link rel=\"canonical\" href=\"https:\/\/prefeitosegestoes.com.br\/portal\/conferencias-estaduais-das-cidades-vao-ate-o-fim-do-mes\/\" \/>\n<meta property=\"og:locale\" content=\"pt_BR\" \/>\n<meta property=\"og:type\" content=\"article\" \/>\n<meta property=\"og:title\" content=\"Confer\u00eancias estaduais das Cidades v\u00e3o at\u00e9 o fim do m\u00eas - Prefeitos &amp; Gest\u00f5es\" \/>\n<meta property=\"og:description\" content=\"Agosto ser\u00e1 um m\u00eas movimentado na prepara\u00e7\u00e3o para a 6\u00aa Confer\u00eancia Nacional das Cidades. Segundo passo do cronograma geral, as reuni\u00f5es estaduais podem acontecer at\u00e9 dia 31 e preenchem a agenda do m\u00eas com o encontro em mais de 20 estados e no Distrito Federal, unindo a sociedade civil e o poder p\u00fablico para debater cidades melhores pelo pa\u00eds, com mais inclus\u00e3o, democracia, sustentabilidade e justi\u00e7a socia\" \/>\n<meta property=\"og:url\" content=\"https:\/\/prefeitosegestoes.com.br\/portal\/conferencias-estaduais-das-cidades-vao-ate-o-fim-do-mes\/\" \/>\n<meta property=\"og:site_name\" content=\"Prefeitos &amp; Gest\u00f5es\" \/>\n<meta property=\"article:publisher\" content=\"https:\/\/www.facebook.com\/prefeitosonline\" \/>\n<meta property=\"article:published_time\" content=\"2025-08-05T15:01:50+00:00\" \/>\n<meta property=\"og:image\" content=\"https:\/\/prefeitosegestoes.com.br\/portal\/wp-content\/uploads\/2025\/08\/64e96c3b-cde1-4c4c-9f9d-edbb34f42819.png\" \/>\n\t<meta property=\"og:image:width\" content=\"758\" \/>\n\t<meta property=\"og:image:height\" content=\"439\" \/>\n\t<meta property=\"og:image:type\" content=\"image\/png\" \/>\n<meta name=\"author\" content=\"Prefeitos &amp; Gest\u00f5es\" \/>\n<meta name=\"twitter:card\" content=\"summary_large_image\" \/>\n<meta name=\"twitter:creator\" content=\"@PrefGestoes\" \/>\n<meta name=\"twitter:site\" content=\"@PrefGestoes\" \/>\n<meta name=\"twitter:label1\" content=\"Escrito por\" \/>\n\t<meta name=\"twitter:data1\" content=\"Prefeitos &amp; Gest\u00f5es\" \/>\n\t<meta name=\"twitter:label2\" content=\"Est. tempo de leitura\" \/>\n\t<meta name=\"twitter:data2\" content=\"4 minutos\" \/>\n<script type=\"application\/ld+json\" class=\"yoast-schema-graph\">{\"@context\":\"https:\/\/schema.org\",\"@graph\":[{\"@type\":\"Article\",\"@id\":\"https:\/\/prefeitosegestoes.com.br\/portal\/conferencias-estaduais-das-cidades-vao-ate-o-fim-do-mes\/#article\",\"isPartOf\":{\"@id\":\"https:\/\/prefeitosegestoes.com.br\/portal\/conferencias-estaduais-das-cidades-vao-ate-o-fim-do-mes\/\"},\"author\":{\"name\":\"Prefeitos &amp; Gest\u00f5es\",\"@id\":\"https:\/\/prefeitosegestoes.com.br\/portal\/#\/schema\/person\/d00059f2ec99963e7e1850d448ae94b8\"},\"headline\":\"Confer\u00eancias estaduais das Cidades v\u00e3o at\u00e9 o fim do m\u00eas\",\"datePublished\":\"2025-08-05T15:01:50+00:00\",\"mainEntityOfPage\":{\"@id\":\"https:\/\/prefeitosegestoes.com.br\/portal\/conferencias-estaduais-das-cidades-vao-ate-o-fim-do-mes\/\"},\"wordCount\":539,\"commentCount\":0,\"publisher\":{\"@id\":\"https:\/\/prefeitosegestoes.com.br\/portal\/#organization\"},\"image\":{\"@id\":\"https:\/\/prefeitosegestoes.com.br\/portal\/conferencias-estaduais-das-cidades-vao-ate-o-fim-do-mes\/#primaryimage\"},\"thumbnailUrl\":\"https:\/\/prefeitosegestoes.com.br\/portal\/wp-content\/uploads\/2025\/08\/64e96c3b-cde1-4c4c-9f9d-edbb34f42819.png\",\"keywords\":[\"Brasil\",\"Cidades\",\"Confer\u00eancia\",\"Etapa\",\"Munic\u00edpios\"],\"articleSection\":[\"Destaques\"],\"inLanguage\":\"pt-BR\",\"potentialAction\":[{\"@type\":\"CommentAction\",\"name\":\"Comment\",\"target\":[\"https:\/\/prefeitosegestoes.com.br\/portal\/conferencias-estaduais-das-cidades-vao-ate-o-fim-do-mes\/#respond\"]}]},{\"@type\":\"WebPage\",\"@id\":\"https:\/\/prefeitosegestoes.com.br\/portal\/conferencias-estaduais-das-cidades-vao-ate-o-fim-do-mes\/\",\"url\":\"https:\/\/prefeitosegestoes.com.br\/portal\/conferencias-estaduais-das-cidades-vao-ate-o-fim-do-mes\/\",\"name\":\"Confer\u00eancias estaduais das Cidades v\u00e3o at\u00e9 o fim do m\u00eas - Prefeitos &amp; Gest\u00f5es\",\"isPartOf\":{\"@id\":\"https:\/\/prefeitosegestoes.com.br\/portal\/#website\"},\"primaryImageOfPage\":{\"@id\":\"https:\/\/prefeitosegestoes.com.br\/portal\/conferencias-estaduais-das-cidades-vao-ate-o-fim-do-mes\/#primaryimage\"},\"image\":{\"@id\":\"https:\/\/prefeitosegestoes.com.br\/portal\/conferencias-estaduais-das-cidades-vao-ate-o-fim-do-mes\/#primaryimage\"},\"thumbnailUrl\":\"https:\/\/prefeitosegestoes.com.br\/portal\/wp-content\/uploads\/2025\/08\/64e96c3b-cde1-4c4c-9f9d-edbb34f42819.png\",\"datePublished\":\"2025-08-05T15:01:50+00:00\",\"description\":\"Agosto ser\u00e1 um m\u00eas movimentado na prepara\u00e7\u00e3o para a 6\u00aa Confer\u00eancia Nacional das Cidades. Segundo passo do cronograma geral, as reuni\u00f5es estaduais podem acontecer at\u00e9 dia 31 e preenchem a agenda do m\u00eas com o encontro em mais de 20 estados e no Distrito Federal, unindo a sociedade civil e o poder p\u00fablico para debater cidades melhores pelo pa\u00eds, com mais inclus\u00e3o, democracia, sustentabilidade e justi\u00e7a socia\",\"breadcrumb\":{\"@id\":\"https:\/\/prefeitosegestoes.com.br\/portal\/conferencias-estaduais-das-cidades-vao-ate-o-fim-do-mes\/#breadcrumb\"},\"inLanguage\":\"pt-BR\",\"potentialAction\":[{\"@type\":\"ReadAction\",\"target\":[\"https:\/\/prefeitosegestoes.com.br\/portal\/conferencias-estaduais-das-cidades-vao-ate-o-fim-do-mes\/\"]}]},{\"@type\":\"ImageObject\",\"inLanguage\":\"pt-BR\",\"@id\":\"https:\/\/prefeitosegestoes.com.br\/portal\/conferencias-estaduais-das-cidades-vao-ate-o-fim-do-mes\/#primaryimage\",\"url\":\"https:\/\/prefeitosegestoes.com.br\/portal\/wp-content\/uploads\/2025\/08\/64e96c3b-cde1-4c4c-9f9d-edbb34f42819.png\",\"contentUrl\":\"https:\/\/prefeitosegestoes.com.br\/portal\/wp-content\/uploads\/2025\/08\/64e96c3b-cde1-4c4c-9f9d-edbb34f42819.png\",\"width\":758,\"height\":439},{\"@type\":\"BreadcrumbList\",\"@id\":\"https:\/\/prefeitosegestoes.com.br\/portal\/conferencias-estaduais-das-cidades-vao-ate-o-fim-do-mes\/#breadcrumb\",\"itemListElement\":[{\"@type\":\"ListItem\",\"position\":1,\"name\":\"In\u00edcio\",\"item\":\"https:\/\/prefeitosegestoes.com.br\/portal\/\"},{\"@type\":\"ListItem\",\"position\":2,\"name\":\"Confer\u00eancias estaduais das Cidades v\u00e3o at\u00e9 o fim do m\u00eas\"}]},{\"@type\":\"WebSite\",\"@id\":\"https:\/\/prefeitosegestoes.com.br\/portal\/#website\",\"url\":\"https:\/\/prefeitosegestoes.com.br\/portal\/\",\"name\":\"Prefeitos & Gest\u00f5es\",\"description\":\"\",\"publisher\":{\"@id\":\"https:\/\/prefeitosegestoes.com.br\/portal\/#organization\"},\"potentialAction\":[{\"@type\":\"SearchAction\",\"target\":{\"@type\":\"EntryPoint\",\"urlTemplate\":\"https:\/\/prefeitosegestoes.com.br\/portal\/?s={search_term_string}\"},\"query-input\":{\"@type\":\"PropertyValueSpecification\",\"valueRequired\":true,\"valueName\":\"search_term_string\"}}],\"inLanguage\":\"pt-BR\"},{\"@type\":\"Organization\",\"@id\":\"https:\/\/prefeitosegestoes.com.br\/portal\/#organization\",\"name\":\"Prefeitos & Gest\u00f5es\",\"url\":\"https:\/\/prefeitosegestoes.com.br\/portal\/\",\"logo\":{\"@type\":\"ImageObject\",\"inLanguage\":\"pt-BR\",\"@id\":\"https:\/\/prefeitosegestoes.com.br\/portal\/#\/schema\/logo\/image\/\",\"url\":\"https:\/\/prefeitosegestoes.com.br\/portal\/wp-content\/uploads\/2024\/10\/lg_trans_prefeitos_2024_preto2.png\",\"contentUrl\":\"https:\/\/prefeitosegestoes.com.br\/portal\/wp-content\/uploads\/2024\/10\/lg_trans_prefeitos_2024_preto2.png\",\"width\":199,\"height\":122,\"caption\":\"Prefeitos & Gest\u00f5es\"},\"image\":{\"@id\":\"https:\/\/prefeitosegestoes.com.br\/portal\/#\/schema\/logo\/image\/\"},\"sameAs\":[\"https:\/\/www.facebook.com\/prefeitosonline\",\"https:\/\/x.com\/PrefGestoes\"]},{\"@type\":\"Person\",\"@id\":\"https:\/\/prefeitosegestoes.com.br\/portal\/#\/schema\/person\/d00059f2ec99963e7e1850d448ae94b8\",\"name\":\"Prefeitos &amp; Gest\u00f5es\",\"image\":{\"@type\":\"ImageObject\",\"inLanguage\":\"pt-BR\",\"@id\":\"https:\/\/secure.gravatar.com\/avatar\/738fb281e479212ed32c1a21a4307dda9f3af9292edb6918a16c9ce9fff5f48d?s=96&d=mm&r=g\",\"url\":\"https:\/\/secure.gravatar.com\/avatar\/738fb281e479212ed32c1a21a4307dda9f3af9292edb6918a16c9ce9fff5f48d?s=96&d=mm&r=g\",\"contentUrl\":\"https:\/\/secure.gravatar.com\/avatar\/738fb281e479212ed32c1a21a4307dda9f3af9292edb6918a16c9ce9fff5f48d?s=96&d=mm&r=g\",\"caption\":\"Prefeitos &amp; Gest\u00f5es\"},\"url\":\"https:\/\/prefeitosegestoes.com.br\/portal\/author\/prefeitosegestoes\/\"}]}<\/script>\n<!-- \/ Yoast SEO plugin. -->","yoast_head_json":{"title":"Confer\u00eancias estaduais das Cidades v\u00e3o at\u00e9 o fim do m\u00eas - Prefeitos &amp; Gest\u00f5es","description":"Agosto ser\u00e1 um m\u00eas movimentado na prepara\u00e7\u00e3o para a 6\u00aa Confer\u00eancia Nacional das Cidades. Segundo passo do cronograma geral, as reuni\u00f5es estaduais podem acontecer at\u00e9 dia 31 e preenchem a agenda do m\u00eas com o encontro em mais de 20 estados e no Distrito Federal, unindo a sociedade civil e o poder p\u00fablico para debater cidades melhores pelo pa\u00eds, com mais inclus\u00e3o, democracia, sustentabilidade e justi\u00e7a socia","robots":{"index":"index","follow":"follow","max-snippet":"max-snippet:-1","max-image-preview":"max-image-preview:large","max-video-preview":"max-video-preview:-1"},"canonical":"https:\/\/prefeitosegestoes.com.br\/portal\/conferencias-estaduais-das-cidades-vao-ate-o-fim-do-mes\/","og_locale":"pt_BR","og_type":"article","og_title":"Confer\u00eancias estaduais das Cidades v\u00e3o at\u00e9 o fim do m\u00eas - Prefeitos &amp; Gest\u00f5es","og_description":"Agosto ser\u00e1 um m\u00eas movimentado na prepara\u00e7\u00e3o para a 6\u00aa Confer\u00eancia Nacional das Cidades. Segundo passo do cronograma geral, as reuni\u00f5es estaduais podem acontecer at\u00e9 dia 31 e preenchem a agenda do m\u00eas com o encontro em mais de 20 estados e no Distrito Federal, unindo a sociedade civil e o poder p\u00fablico para debater cidades melhores pelo pa\u00eds, com mais inclus\u00e3o, democracia, sustentabilidade e justi\u00e7a socia","og_url":"https:\/\/prefeitosegestoes.com.br\/portal\/conferencias-estaduais-das-cidades-vao-ate-o-fim-do-mes\/","og_site_name":"Prefeitos &amp; Gest\u00f5es","article_publisher":"https:\/\/www.facebook.com\/prefeitosonline","article_published_time":"2025-08-05T15:01:50+00:00","og_image":[{"width":758,"height":439,"url":"https:\/\/prefeitosegestoes.com.br\/portal\/wp-content\/uploads\/2025\/08\/64e96c3b-cde1-4c4c-9f9d-edbb34f42819.png","type":"image\/png"}],"author":"Prefeitos &amp; Gest\u00f5es","twitter_card":"summary_large_image","twitter_creator":"@PrefGestoes","twitter_site":"@PrefGestoes","twitter_misc":{"Escrito por":"Prefeitos &amp; Gest\u00f5es","Est. tempo de leitura":"4 minutos"},"schema":{"@context":"https:\/\/schema.org","@graph":[{"@type":"Article","@id":"https:\/\/prefeitosegestoes.com.br\/portal\/conferencias-estaduais-das-cidades-vao-ate-o-fim-do-mes\/#article","isPartOf":{"@id":"https:\/\/prefeitosegestoes.com.br\/portal\/conferencias-estaduais-das-cidades-vao-ate-o-fim-do-mes\/"},"author":{"name":"Prefeitos &amp; Gest\u00f5es","@id":"https:\/\/prefeitosegestoes.com.br\/portal\/#\/schema\/person\/d00059f2ec99963e7e1850d448ae94b8"},"headline":"Confer\u00eancias estaduais das Cidades v\u00e3o at\u00e9 o fim do m\u00eas","datePublished":"2025-08-05T15:01:50+00:00","mainEntityOfPage":{"@id":"https:\/\/prefeitosegestoes.com.br\/portal\/conferencias-estaduais-das-cidades-vao-ate-o-fim-do-mes\/"},"wordCount":539,"commentCount":0,"publisher":{"@id":"https:\/\/prefeitosegestoes.com.br\/portal\/#organization"},"image":{"@id":"https:\/\/prefeitosegestoes.com.br\/portal\/conferencias-estaduais-das-cidades-vao-ate-o-fim-do-mes\/#primaryimage"},"thumbnailUrl":"https:\/\/prefeitosegestoes.com.br\/portal\/wp-content\/uploads\/2025\/08\/64e96c3b-cde1-4c4c-9f9d-edbb34f42819.png","keywords":["Brasil","Cidades","Confer\u00eancia","Etapa","Munic\u00edpios"],"articleSection":["Destaques"],"inLanguage":"pt-BR","potentialAction":[{"@type":"CommentAction","name":"Comment","target":["https:\/\/prefeitosegestoes.com.br\/portal\/conferencias-estaduais-das-cidades-vao-ate-o-fim-do-mes\/#respond"]}]},{"@type":"WebPage","@id":"https:\/\/prefeitosegestoes.com.br\/portal\/conferencias-estaduais-das-cidades-vao-ate-o-fim-do-mes\/","url":"https:\/\/prefeitosegestoes.com.br\/portal\/conferencias-estaduais-das-cidades-vao-ate-o-fim-do-mes\/","name":"Confer\u00eancias estaduais das Cidades v\u00e3o at\u00e9 o fim do m\u00eas - Prefeitos &amp; Gest\u00f5es","isPartOf":{"@id":"https:\/\/prefeitosegestoes.com.br\/portal\/#website"},"primaryImageOfPage":{"@id":"https:\/\/prefeitosegestoes.com.br\/portal\/conferencias-estaduais-das-cidades-vao-ate-o-fim-do-mes\/#primaryimage"},"image":{"@id":"https:\/\/prefeitosegestoes.com.br\/portal\/conferencias-estaduais-das-cidades-vao-ate-o-fim-do-mes\/#primaryimage"},"thumbnailUrl":"https:\/\/prefeitosegestoes.com.br\/portal\/wp-content\/uploads\/2025\/08\/64e96c3b-cde1-4c4c-9f9d-edbb34f42819.png","datePublished":"2025-08-05T15:01:50+00:00","description":"Agosto ser\u00e1 um m\u00eas movimentado na prepara\u00e7\u00e3o para a 6\u00aa Confer\u00eancia Nacional das Cidades. Segundo passo do cronograma geral, as reuni\u00f5es estaduais podem acontecer at\u00e9 dia 31 e preenchem a agenda do m\u00eas com o encontro em mais de 20 estados e no Distrito Federal, unindo a sociedade civil e o poder p\u00fablico para debater cidades melhores pelo pa\u00eds, com mais inclus\u00e3o, democracia, sustentabilidade e justi\u00e7a socia","breadcrumb":{"@id":"https:\/\/prefeitosegestoes.com.br\/portal\/conferencias-estaduais-das-cidades-vao-ate-o-fim-do-mes\/#breadcrumb"},"inLanguage":"pt-BR","potentialAction":[{"@type":"ReadAction","target":["https:\/\/prefeitosegestoes.com.br\/portal\/conferencias-estaduais-das-cidades-vao-ate-o-fim-do-mes\/"]}]},{"@type":"ImageObject","inLanguage":"pt-BR","@id":"https:\/\/prefeitosegestoes.com.br\/portal\/conferencias-estaduais-das-cidades-vao-ate-o-fim-do-mes\/#primaryimage","url":"https:\/\/prefeitosegestoes.com.br\/portal\/wp-content\/uploads\/2025\/08\/64e96c3b-cde1-4c4c-9f9d-edbb34f42819.png","contentUrl":"https:\/\/prefeitosegestoes.com.br\/portal\/wp-content\/uploads\/2025\/08\/64e96c3b-cde1-4c4c-9f9d-edbb34f42819.png","width":758,"height":439},{"@type":"BreadcrumbList","@id":"https:\/\/prefeitosegestoes.com.br\/portal\/conferencias-estaduais-das-cidades-vao-ate-o-fim-do-mes\/#breadcrumb","itemListElement":[{"@type":"ListItem","position":1,"name":"In\u00edcio","item":"https:\/\/prefeitosegestoes.com.br\/portal\/"},{"@type":"ListItem","position":2,"name":"Confer\u00eancias estaduais das Cidades v\u00e3o at\u00e9 o fim do m\u00eas"}]},{"@type":"WebSite","@id":"https:\/\/prefeitosegestoes.com.br\/portal\/#website","url":"https:\/\/prefeitosegestoes.com.br\/portal\/","name":"Prefeitos & Gest\u00f5es","description":"","publisher":{"@id":"https:\/\/prefeitosegestoes.com.br\/portal\/#organization"},"potentialAction":[{"@type":"SearchAction","target":{"@type":"EntryPoint","urlTemplate":"https:\/\/prefeitosegestoes.com.br\/portal\/?s={search_term_string}"},"query-input":{"@type":"PropertyValueSpecification","valueRequired":true,"valueName":"search_term_string"}}],"inLanguage":"pt-BR"},{"@type":"Organization","@id":"https:\/\/prefeitosegestoes.com.br\/portal\/#organization","name":"Prefeitos & Gest\u00f5es","url":"https:\/\/prefeitosegestoes.com.br\/portal\/","logo":{"@type":"ImageObject","inLanguage":"pt-BR","@id":"https:\/\/prefeitosegestoes.com.br\/portal\/#\/schema\/logo\/image\/","url":"https:\/\/prefeitosegestoes.com.br\/portal\/wp-content\/uploads\/2024\/10\/lg_trans_prefeitos_2024_preto2.png","contentUrl":"https:\/\/prefeitosegestoes.com.br\/portal\/wp-content\/uploads\/2024\/10\/lg_trans_prefeitos_2024_preto2.png","width":199,"height":122,"caption":"Prefeitos & Gest\u00f5es"},"image":{"@id":"https:\/\/prefeitosegestoes.com.br\/portal\/#\/schema\/logo\/image\/"},"sameAs":["https:\/\/www.facebook.com\/prefeitosonline","https:\/\/x.com\/PrefGestoes"]},{"@type":"Person","@id":"https:\/\/prefeitosegestoes.com.br\/portal\/#\/schema\/person\/d00059f2ec99963e7e1850d448ae94b8","name":"Prefeitos &amp; Gest\u00f5es","image":{"@type":"ImageObject","inLanguage":"pt-BR","@id":"https:\/\/secure.gravatar.com\/avatar\/738fb281e479212ed32c1a21a4307dda9f3af9292edb6918a16c9ce9fff5f48d?s=96&d=mm&r=g","url":"https:\/\/secure.gravatar.com\/avatar\/738fb281e479212ed32c1a21a4307dda9f3af9292edb6918a16c9ce9fff5f48d?s=96&d=mm&r=g","contentUrl":"https:\/\/secure.gravatar.com\/avatar\/738fb281e479212ed32c1a21a4307dda9f3af9292edb6918a16c9ce9fff5f48d?s=96&d=mm&r=g","caption":"Prefeitos &amp; Gest\u00f5es"},"url":"https:\/\/prefeitosegestoes.com.br\/portal\/author\/prefeitosegestoes\/"}]}},"_links":{"self":[{"href":"https:\/\/prefeitosegestoes.com.br\/portal\/wp-json\/wp\/v2\/posts\/3695","targetHints":{"allow":["GET"]}}],"collection":[{"href":"https:\/\/prefeitosegestoes.com.br\/portal\/wp-json\/wp\/v2\/posts"}],"about":[{"href":"https:\/\/prefeitosegestoes.com.br\/portal\/wp-json\/wp\/v2\/types\/post"}],"author":[{"embeddable":true,"href":"https:\/\/prefeitosegestoes.com.br\/portal\/wp-json\/wp\/v2\/users\/2"}],"replies":[{"embeddable":true,"href":"https:\/\/prefeitosegestoes.com.br\/portal\/wp-json\/wp\/v2\/comments?post=3695"}],"version-history":[{"count":1,"href":"https:\/\/prefeitosegestoes.com.br\/portal\/wp-json\/wp\/v2\/posts\/3695\/revisions"}],"predecessor-version":[{"id":3697,"href":"https:\/\/prefeitosegestoes.com.br\/portal\/wp-json\/wp\/v2\/posts\/3695\/revisions\/3697"}],"wp:featuredmedia":[{"embeddable":true,"href":"https:\/\/prefeitosegestoes.com.br\/portal\/wp-json\/wp\/v2\/media\/3696"}],"wp:attachment":[{"href":"https:\/\/prefeitosegestoes.com.br\/portal\/wp-json\/wp\/v2\/media?parent=3695"}],"wp:term":[{"taxonomy":"category","embeddable":true,"href":"https:\/\/prefeitosegestoes.com.br\/portal\/wp-json\/wp\/v2\/categories?post=3695"},{"taxonomy":"post_tag","embeddable":true,"href":"https:\/\/prefeitosegestoes.com.br\/portal\/wp-json\/wp\/v2\/tags?post=3695"}],"curies":[{"name":"wp","href":"https:\/\/api.w.org\/{rel}","templated":true}]}}