{"id":3688,"date":"2025-07-31T19:38:10","date_gmt":"2025-07-31T22:38:10","guid":{"rendered":"https:\/\/prefeitosegestoes.com.br\/portal\/?p=3688"},"modified":"2025-07-31T19:38:10","modified_gmt":"2025-07-31T22:38:10","slug":"desemprego-fica-abaixo-de-6-pela-primeira-vez-no-brasil-aponta-ibge","status":"publish","type":"post","link":"https:\/\/prefeitosegestoes.com.br\/portal\/desemprego-fica-abaixo-de-6-pela-primeira-vez-no-brasil-aponta-ibge\/","title":{"rendered":"Desemprego fica abaixo de 6% pela primeira vez no Brasil, aponta IBGE"},"content":{"rendered":"<h6 class=\"asset__summary\">Foto: Rovena Rosa\/Ag\u00eancia Brasil<\/h6>\n<h2 class=\"asset__summary\">N\u00famero de desocupados recua, informalidade encolhe e emprego com carteira atinge recorde no trimestre.<\/h2>\n<div class=\"asset__actions\">\n<div class=\"asset__info\">\n<p class=\"asset__publisher\">Congresso em Foco<\/p>\n<p class=\"asset__date\">31\/7\/2025\u00a0<span class=\"ng-star-inserted\">10:00<\/span><\/p>\n<\/div>\n<\/div>\n<div class=\"asset__content leitura-materia-110640\">\n<div class=\"html-content\">\n<p>O<a href=\"https:\/\/www.congressoemfoco.com.br\/tag\/desemprego\" target=\"_blank\" rel=\"noopener\">\u00a0desemprego no Brasil<\/a>\u00a0caiu para 5,8% no trimestre encerrado em junho, segundo dados da Pnad Cont\u00ednua Mensal divulgados nesta quarta-feira (31) pelo IBGE. Trata-se da menor taxa de desocupa\u00e7\u00e3o da s\u00e9rie hist\u00f3rica, iniciada em 2012. O resultado reflete a expans\u00e3o da popula\u00e7\u00e3o ocupada, o avan\u00e7o do emprego formal e a queda no n\u00famero de desalentados.<\/p>\n<p>Segundo o levantamento, o total de desocupados recuou para 6,3 milh\u00f5es de pessoas, uma redu\u00e7\u00e3o de 17,4% em rela\u00e7\u00e3o ao trimestre anterior e de 15,4% frente ao mesmo per\u00edodo de 2024. Ao mesmo tempo, o contingente de pessoas ocupadas chegou a 102,3 milh\u00f5es, alta de 1,8% no trimestre e de 2,4% no ano.<\/p>\n<p>&#8220;O crescimento acentuado da popula\u00e7\u00e3o ocupada no trimestre influenciou v\u00e1rios recordes da s\u00e9rie hist\u00f3rica&#8221;, explicou Adriana Beringuy, coordenadora da pesquisa.<\/p>\n<p>Esta \u00e9 a primeira vez que a taxa de desemprego no Brasil fica abaixo de 6%. O menor n\u00edvel tinha sido registrado no\u00a0<a href=\"https:\/\/www.congressoemfoco.com.br\/noticia\/5523\/desemprego-recua-para-61-em-novembro\" target=\"_blank\" rel=\"noopener\">trimestre encerrado em novembro<\/a>\u00a0do ano passado (6,1%).<\/p>\n<p><img fetchpriority=\"high\" decoding=\"async\" title=\"S\u00e9rie hist\u00f3rica do IBGE sobre desemprego\" src=\"https:\/\/static.congressoemfoco.com.br\/CONG_MATERIA\/2025\/07\/31\/8c4a1c_CONG_MATERIA_MANUAL_PNADtabela.jpg\" alt=\"S\u00e9rie hist\u00f3rica do IBGE sobre desemprego\" width=\"800\" height=\"450\" \/><\/p>\n<p><strong>Emprego formal bate recorde e informalidade recua<\/strong><\/p>\n<p>O n\u00famero de trabalhadores com carteira assinada no setor privado chegou a 39 milh\u00f5es, novo recorde da s\u00e9rie. Na compara\u00e7\u00e3o anual, o crescimento foi de 3,7%. J\u00e1 a taxa de informalidade caiu para 37,8%, a segunda menor da hist\u00f3ria, atr\u00e1s apenas do trimestre equivalente de 2020.<\/p>\n<p>Apesar do avan\u00e7o da ocupa\u00e7\u00e3o sem carteira (alta de 2,6%) e por conta pr\u00f3pria com CNPJ (alta de 3,8%), o aumento expressivo dos empregos formais puxou o \u00edndice para baixo. O n\u00famero de desalentados (pessoas que desistiram de procurar emprego) tamb\u00e9m caiu para 2,8 milh\u00f5es, o menor n\u00edvel desde 2016.<\/p>\n<p><strong>Setor p\u00fablico e educa\u00e7\u00e3o puxam alta na ocupa\u00e7\u00e3o<\/strong><\/p>\n<p>Entre os dez grupamentos de atividade, apenas administra\u00e7\u00e3o p\u00fablica, educa\u00e7\u00e3o e sa\u00fade registraram crescimento no trimestre, com destaque para o setor educacional. O n\u00famero de empregados no setor p\u00fablico chegou a 12,8 milh\u00f5es, alta de 5% em tr\u00eas meses e novo recorde.<\/p>\n<p>Na compara\u00e7\u00e3o anual, tamb\u00e9m cresceram os setores de ind\u00fastria, com\u00e9rcio, transportes, servi\u00e7os financeiros e profissionais, al\u00e9m dos servi\u00e7os p\u00fablicos.<\/p>\n<p><strong>Rendimento e massa salarial tamb\u00e9m batem recorde<\/strong><\/p>\n<p>O rendimento m\u00e9dio real habitual atingiu R$ 3.477, um aumento de 1,1% no trimestre e de 3,3% no ano. J\u00e1 a massa de rendimento chegou a R$ 351,2 bilh\u00f5es, maior valor j\u00e1 registrado pela pesquisa. O indicador subiu 2,9% no trimestre e 5,9% em rela\u00e7\u00e3o ao ano anterior, o que representa R$ 19,7 bilh\u00f5es a mais na economia.<\/p>\n<p>A Pnad Cont\u00ednua \u00e9 realizada com base em 211 mil domic\u00edlios em 3.500 munic\u00edpios, sendo a principal pesquisa sobre a for\u00e7a de trabalho no pa\u00eds. Os dados divulgados nesta edi\u00e7\u00e3o j\u00e1 consideram a repondera\u00e7\u00e3o da s\u00e9rie hist\u00f3rica com base no Censo Demogr\u00e1fico de 2022.<\/p>\n<p>A pr\u00f3xima divulga\u00e7\u00e3o da Pnad est\u00e1 prevista para 29 de agosto, com os dados referentes ao trimestre encerrado em julho.<\/p>\n<p>Fonte: Congresso em Foco<\/p>\n<\/div>\n<\/div>\n","protected":false},"excerpt":{"rendered":"<p>Foto: Rovena Rosa\/Ag\u00eancia Brasil N\u00famero de desocupados recua, informalidade encolhe e emprego com carteira atinge recorde no trimestre. Congresso em Foco 31\/7\/2025\u00a010:00 O\u00a0desemprego no Brasil\u00a0caiu para 5,8% no trimestre encerrado em junho, segundo dados da Pnad Cont\u00ednua Mensal divulgados nesta quarta-feira (31) pelo IBGE. Trata-se da menor taxa de desocupa\u00e7\u00e3o da s\u00e9rie hist\u00f3rica, iniciada em [&hellip;]<\/p>\n","protected":false},"author":2,"featured_media":3689,"comment_status":"open","ping_status":"open","sticky":false,"template":"","format":"standard","meta":{"rop_custom_images_group":[],"rop_custom_messages_group":[],"rop_publish_now":"initial","rop_publish_now_accounts":{"twitter_850042665852968960_850042665852968960":""},"rop_publish_now_history":[],"rop_publish_now_status":"pending","footnotes":""},"categories":[15],"tags":[703,705,184,704],"class_list":["post-3688","post","type-post","status-publish","format-standard","has-post-thumbnail","hentry","category-destaques","tag-desemprego","tag-desocupados","tag-ibge","tag-rendimneto-salarial"],"yoast_head":"<!-- This site is optimized with the Yoast SEO plugin v27.2 - https:\/\/yoast.com\/product\/yoast-seo-wordpress\/ -->\n<title>Desemprego fica abaixo de 6% pela primeira vez no Brasil, aponta IBGE - Prefeitos &amp; Gest\u00f5es<\/title>\n<meta name=\"description\" content=\"O\u00a0desemprego no Brasil\u00a0caiu para 5,8% no trimestre encerrado em junho, segundo dados da Pnad Cont\u00ednua Mensal divulgados nesta quarta-feira (31) pelo IBGE. Trata-se da menor taxa de desocupa\u00e7\u00e3o da s\u00e9rie hist\u00f3rica, iniciada em 2012. O resultado reflete a expans\u00e3o da popula\u00e7\u00e3o ocupada, o avan\u00e7o do emprego formal e a queda no n\u00famero de desalentados.\" \/>\n<meta name=\"robots\" content=\"index, follow, max-snippet:-1, max-image-preview:large, max-video-preview:-1\" \/>\n<link rel=\"canonical\" href=\"https:\/\/prefeitosegestoes.com.br\/portal\/desemprego-fica-abaixo-de-6-pela-primeira-vez-no-brasil-aponta-ibge\/\" \/>\n<meta property=\"og:locale\" content=\"pt_BR\" \/>\n<meta property=\"og:type\" content=\"article\" \/>\n<meta property=\"og:title\" content=\"Desemprego fica abaixo de 6% pela primeira vez no Brasil, aponta IBGE - Prefeitos &amp; Gest\u00f5es\" \/>\n<meta property=\"og:description\" content=\"O\u00a0desemprego no Brasil\u00a0caiu para 5,8% no trimestre encerrado em junho, segundo dados da Pnad Cont\u00ednua Mensal divulgados nesta quarta-feira (31) pelo IBGE. Trata-se da menor taxa de desocupa\u00e7\u00e3o da s\u00e9rie hist\u00f3rica, iniciada em 2012. O resultado reflete a expans\u00e3o da popula\u00e7\u00e3o ocupada, o avan\u00e7o do emprego formal e a queda no n\u00famero de desalentados.\" \/>\n<meta property=\"og:url\" content=\"https:\/\/prefeitosegestoes.com.br\/portal\/desemprego-fica-abaixo-de-6-pela-primeira-vez-no-brasil-aponta-ibge\/\" \/>\n<meta property=\"og:site_name\" content=\"Prefeitos &amp; Gest\u00f5es\" \/>\n<meta property=\"article:publisher\" content=\"https:\/\/www.facebook.com\/prefeitosonline\" \/>\n<meta property=\"article:published_time\" content=\"2025-07-31T22:38:10+00:00\" \/>\n<meta property=\"og:image\" content=\"https:\/\/prefeitosegestoes.com.br\/portal\/wp-content\/uploads\/2025\/07\/emprego_trabalho_desemprego_cate_rvrsa_abr_20220429_0566.webp\" \/>\n\t<meta property=\"og:image:width\" content=\"1024\" \/>\n\t<meta property=\"og:image:height\" content=\"768\" \/>\n\t<meta property=\"og:image:type\" content=\"image\/webp\" \/>\n<meta name=\"author\" content=\"Prefeitos &amp; Gest\u00f5es\" \/>\n<meta name=\"twitter:card\" content=\"summary_large_image\" \/>\n<meta name=\"twitter:creator\" content=\"@PrefGestoes\" \/>\n<meta name=\"twitter:site\" content=\"@PrefGestoes\" \/>\n<meta name=\"twitter:label1\" content=\"Escrito por\" \/>\n\t<meta name=\"twitter:data1\" content=\"Prefeitos &amp; Gest\u00f5es\" \/>\n\t<meta name=\"twitter:label2\" content=\"Est. tempo de leitura\" \/>\n\t<meta name=\"twitter:data2\" content=\"4 minutos\" \/>\n<script type=\"application\/ld+json\" class=\"yoast-schema-graph\">{\"@context\":\"https:\/\/schema.org\",\"@graph\":[{\"@type\":\"Article\",\"@id\":\"https:\/\/prefeitosegestoes.com.br\/portal\/desemprego-fica-abaixo-de-6-pela-primeira-vez-no-brasil-aponta-ibge\/#article\",\"isPartOf\":{\"@id\":\"https:\/\/prefeitosegestoes.com.br\/portal\/desemprego-fica-abaixo-de-6-pela-primeira-vez-no-brasil-aponta-ibge\/\"},\"author\":{\"name\":\"Prefeitos &amp; Gest\u00f5es\",\"@id\":\"https:\/\/prefeitosegestoes.com.br\/portal\/#\/schema\/person\/d00059f2ec99963e7e1850d448ae94b8\"},\"headline\":\"Desemprego fica abaixo de 6% pela primeira vez no Brasil, aponta IBGE\",\"datePublished\":\"2025-07-31T22:38:10+00:00\",\"mainEntityOfPage\":{\"@id\":\"https:\/\/prefeitosegestoes.com.br\/portal\/desemprego-fica-abaixo-de-6-pela-primeira-vez-no-brasil-aponta-ibge\/\"},\"wordCount\":532,\"commentCount\":0,\"publisher\":{\"@id\":\"https:\/\/prefeitosegestoes.com.br\/portal\/#organization\"},\"image\":{\"@id\":\"https:\/\/prefeitosegestoes.com.br\/portal\/desemprego-fica-abaixo-de-6-pela-primeira-vez-no-brasil-aponta-ibge\/#primaryimage\"},\"thumbnailUrl\":\"https:\/\/prefeitosegestoes.com.br\/portal\/wp-content\/uploads\/2025\/07\/emprego_trabalho_desemprego_cate_rvrsa_abr_20220429_0566.webp\",\"keywords\":[\"Desemprego\",\"Desocupados\",\"IBGE\",\"Rendimneto Salarial\"],\"articleSection\":[\"Destaques\"],\"inLanguage\":\"pt-BR\",\"potentialAction\":[{\"@type\":\"CommentAction\",\"name\":\"Comment\",\"target\":[\"https:\/\/prefeitosegestoes.com.br\/portal\/desemprego-fica-abaixo-de-6-pela-primeira-vez-no-brasil-aponta-ibge\/#respond\"]}]},{\"@type\":\"WebPage\",\"@id\":\"https:\/\/prefeitosegestoes.com.br\/portal\/desemprego-fica-abaixo-de-6-pela-primeira-vez-no-brasil-aponta-ibge\/\",\"url\":\"https:\/\/prefeitosegestoes.com.br\/portal\/desemprego-fica-abaixo-de-6-pela-primeira-vez-no-brasil-aponta-ibge\/\",\"name\":\"Desemprego fica abaixo de 6% pela primeira vez no Brasil, aponta IBGE - Prefeitos &amp; Gest\u00f5es\",\"isPartOf\":{\"@id\":\"https:\/\/prefeitosegestoes.com.br\/portal\/#website\"},\"primaryImageOfPage\":{\"@id\":\"https:\/\/prefeitosegestoes.com.br\/portal\/desemprego-fica-abaixo-de-6-pela-primeira-vez-no-brasil-aponta-ibge\/#primaryimage\"},\"image\":{\"@id\":\"https:\/\/prefeitosegestoes.com.br\/portal\/desemprego-fica-abaixo-de-6-pela-primeira-vez-no-brasil-aponta-ibge\/#primaryimage\"},\"thumbnailUrl\":\"https:\/\/prefeitosegestoes.com.br\/portal\/wp-content\/uploads\/2025\/07\/emprego_trabalho_desemprego_cate_rvrsa_abr_20220429_0566.webp\",\"datePublished\":\"2025-07-31T22:38:10+00:00\",\"description\":\"O\u00a0desemprego no Brasil\u00a0caiu para 5,8% no trimestre encerrado em junho, segundo dados da Pnad Cont\u00ednua Mensal divulgados nesta quarta-feira (31) pelo IBGE. Trata-se da menor taxa de desocupa\u00e7\u00e3o da s\u00e9rie hist\u00f3rica, iniciada em 2012. O resultado reflete a expans\u00e3o da popula\u00e7\u00e3o ocupada, o avan\u00e7o do emprego formal e a queda no n\u00famero de desalentados.\",\"breadcrumb\":{\"@id\":\"https:\/\/prefeitosegestoes.com.br\/portal\/desemprego-fica-abaixo-de-6-pela-primeira-vez-no-brasil-aponta-ibge\/#breadcrumb\"},\"inLanguage\":\"pt-BR\",\"potentialAction\":[{\"@type\":\"ReadAction\",\"target\":[\"https:\/\/prefeitosegestoes.com.br\/portal\/desemprego-fica-abaixo-de-6-pela-primeira-vez-no-brasil-aponta-ibge\/\"]}]},{\"@type\":\"ImageObject\",\"inLanguage\":\"pt-BR\",\"@id\":\"https:\/\/prefeitosegestoes.com.br\/portal\/desemprego-fica-abaixo-de-6-pela-primeira-vez-no-brasil-aponta-ibge\/#primaryimage\",\"url\":\"https:\/\/prefeitosegestoes.com.br\/portal\/wp-content\/uploads\/2025\/07\/emprego_trabalho_desemprego_cate_rvrsa_abr_20220429_0566.webp\",\"contentUrl\":\"https:\/\/prefeitosegestoes.com.br\/portal\/wp-content\/uploads\/2025\/07\/emprego_trabalho_desemprego_cate_rvrsa_abr_20220429_0566.webp\",\"width\":1024,\"height\":768},{\"@type\":\"BreadcrumbList\",\"@id\":\"https:\/\/prefeitosegestoes.com.br\/portal\/desemprego-fica-abaixo-de-6-pela-primeira-vez-no-brasil-aponta-ibge\/#breadcrumb\",\"itemListElement\":[{\"@type\":\"ListItem\",\"position\":1,\"name\":\"In\u00edcio\",\"item\":\"https:\/\/prefeitosegestoes.com.br\/portal\/\"},{\"@type\":\"ListItem\",\"position\":2,\"name\":\"Desemprego fica abaixo de 6% pela primeira vez no Brasil, aponta IBGE\"}]},{\"@type\":\"WebSite\",\"@id\":\"https:\/\/prefeitosegestoes.com.br\/portal\/#website\",\"url\":\"https:\/\/prefeitosegestoes.com.br\/portal\/\",\"name\":\"Prefeitos & Gest\u00f5es\",\"description\":\"\",\"publisher\":{\"@id\":\"https:\/\/prefeitosegestoes.com.br\/portal\/#organization\"},\"potentialAction\":[{\"@type\":\"SearchAction\",\"target\":{\"@type\":\"EntryPoint\",\"urlTemplate\":\"https:\/\/prefeitosegestoes.com.br\/portal\/?s={search_term_string}\"},\"query-input\":{\"@type\":\"PropertyValueSpecification\",\"valueRequired\":true,\"valueName\":\"search_term_string\"}}],\"inLanguage\":\"pt-BR\"},{\"@type\":\"Organization\",\"@id\":\"https:\/\/prefeitosegestoes.com.br\/portal\/#organization\",\"name\":\"Prefeitos & Gest\u00f5es\",\"url\":\"https:\/\/prefeitosegestoes.com.br\/portal\/\",\"logo\":{\"@type\":\"ImageObject\",\"inLanguage\":\"pt-BR\",\"@id\":\"https:\/\/prefeitosegestoes.com.br\/portal\/#\/schema\/logo\/image\/\",\"url\":\"https:\/\/prefeitosegestoes.com.br\/portal\/wp-content\/uploads\/2024\/10\/lg_trans_prefeitos_2024_preto2.png\",\"contentUrl\":\"https:\/\/prefeitosegestoes.com.br\/portal\/wp-content\/uploads\/2024\/10\/lg_trans_prefeitos_2024_preto2.png\",\"width\":199,\"height\":122,\"caption\":\"Prefeitos & Gest\u00f5es\"},\"image\":{\"@id\":\"https:\/\/prefeitosegestoes.com.br\/portal\/#\/schema\/logo\/image\/\"},\"sameAs\":[\"https:\/\/www.facebook.com\/prefeitosonline\",\"https:\/\/x.com\/PrefGestoes\"]},{\"@type\":\"Person\",\"@id\":\"https:\/\/prefeitosegestoes.com.br\/portal\/#\/schema\/person\/d00059f2ec99963e7e1850d448ae94b8\",\"name\":\"Prefeitos &amp; Gest\u00f5es\",\"image\":{\"@type\":\"ImageObject\",\"inLanguage\":\"pt-BR\",\"@id\":\"https:\/\/secure.gravatar.com\/avatar\/738fb281e479212ed32c1a21a4307dda9f3af9292edb6918a16c9ce9fff5f48d?s=96&d=mm&r=g\",\"url\":\"https:\/\/secure.gravatar.com\/avatar\/738fb281e479212ed32c1a21a4307dda9f3af9292edb6918a16c9ce9fff5f48d?s=96&d=mm&r=g\",\"contentUrl\":\"https:\/\/secure.gravatar.com\/avatar\/738fb281e479212ed32c1a21a4307dda9f3af9292edb6918a16c9ce9fff5f48d?s=96&d=mm&r=g\",\"caption\":\"Prefeitos &amp; Gest\u00f5es\"},\"url\":\"https:\/\/prefeitosegestoes.com.br\/portal\/author\/prefeitosegestoes\/\"}]}<\/script>\n<!-- \/ Yoast SEO plugin. -->","yoast_head_json":{"title":"Desemprego fica abaixo de 6% pela primeira vez no Brasil, aponta IBGE - Prefeitos &amp; Gest\u00f5es","description":"O\u00a0desemprego no Brasil\u00a0caiu para 5,8% no trimestre encerrado em junho, segundo dados da Pnad Cont\u00ednua Mensal divulgados nesta quarta-feira (31) pelo IBGE. Trata-se da menor taxa de desocupa\u00e7\u00e3o da s\u00e9rie hist\u00f3rica, iniciada em 2012. O resultado reflete a expans\u00e3o da popula\u00e7\u00e3o ocupada, o avan\u00e7o do emprego formal e a queda no n\u00famero de desalentados.","robots":{"index":"index","follow":"follow","max-snippet":"max-snippet:-1","max-image-preview":"max-image-preview:large","max-video-preview":"max-video-preview:-1"},"canonical":"https:\/\/prefeitosegestoes.com.br\/portal\/desemprego-fica-abaixo-de-6-pela-primeira-vez-no-brasil-aponta-ibge\/","og_locale":"pt_BR","og_type":"article","og_title":"Desemprego fica abaixo de 6% pela primeira vez no Brasil, aponta IBGE - Prefeitos &amp; Gest\u00f5es","og_description":"O\u00a0desemprego no Brasil\u00a0caiu para 5,8% no trimestre encerrado em junho, segundo dados da Pnad Cont\u00ednua Mensal divulgados nesta quarta-feira (31) pelo IBGE. Trata-se da menor taxa de desocupa\u00e7\u00e3o da s\u00e9rie hist\u00f3rica, iniciada em 2012. O resultado reflete a expans\u00e3o da popula\u00e7\u00e3o ocupada, o avan\u00e7o do emprego formal e a queda no n\u00famero de desalentados.","og_url":"https:\/\/prefeitosegestoes.com.br\/portal\/desemprego-fica-abaixo-de-6-pela-primeira-vez-no-brasil-aponta-ibge\/","og_site_name":"Prefeitos &amp; Gest\u00f5es","article_publisher":"https:\/\/www.facebook.com\/prefeitosonline","article_published_time":"2025-07-31T22:38:10+00:00","og_image":[{"width":1024,"height":768,"url":"https:\/\/prefeitosegestoes.com.br\/portal\/wp-content\/uploads\/2025\/07\/emprego_trabalho_desemprego_cate_rvrsa_abr_20220429_0566.webp","type":"image\/webp"}],"author":"Prefeitos &amp; Gest\u00f5es","twitter_card":"summary_large_image","twitter_creator":"@PrefGestoes","twitter_site":"@PrefGestoes","twitter_misc":{"Escrito por":"Prefeitos &amp; Gest\u00f5es","Est. tempo de leitura":"4 minutos"},"schema":{"@context":"https:\/\/schema.org","@graph":[{"@type":"Article","@id":"https:\/\/prefeitosegestoes.com.br\/portal\/desemprego-fica-abaixo-de-6-pela-primeira-vez-no-brasil-aponta-ibge\/#article","isPartOf":{"@id":"https:\/\/prefeitosegestoes.com.br\/portal\/desemprego-fica-abaixo-de-6-pela-primeira-vez-no-brasil-aponta-ibge\/"},"author":{"name":"Prefeitos &amp; Gest\u00f5es","@id":"https:\/\/prefeitosegestoes.com.br\/portal\/#\/schema\/person\/d00059f2ec99963e7e1850d448ae94b8"},"headline":"Desemprego fica abaixo de 6% pela primeira vez no Brasil, aponta IBGE","datePublished":"2025-07-31T22:38:10+00:00","mainEntityOfPage":{"@id":"https:\/\/prefeitosegestoes.com.br\/portal\/desemprego-fica-abaixo-de-6-pela-primeira-vez-no-brasil-aponta-ibge\/"},"wordCount":532,"commentCount":0,"publisher":{"@id":"https:\/\/prefeitosegestoes.com.br\/portal\/#organization"},"image":{"@id":"https:\/\/prefeitosegestoes.com.br\/portal\/desemprego-fica-abaixo-de-6-pela-primeira-vez-no-brasil-aponta-ibge\/#primaryimage"},"thumbnailUrl":"https:\/\/prefeitosegestoes.com.br\/portal\/wp-content\/uploads\/2025\/07\/emprego_trabalho_desemprego_cate_rvrsa_abr_20220429_0566.webp","keywords":["Desemprego","Desocupados","IBGE","Rendimneto Salarial"],"articleSection":["Destaques"],"inLanguage":"pt-BR","potentialAction":[{"@type":"CommentAction","name":"Comment","target":["https:\/\/prefeitosegestoes.com.br\/portal\/desemprego-fica-abaixo-de-6-pela-primeira-vez-no-brasil-aponta-ibge\/#respond"]}]},{"@type":"WebPage","@id":"https:\/\/prefeitosegestoes.com.br\/portal\/desemprego-fica-abaixo-de-6-pela-primeira-vez-no-brasil-aponta-ibge\/","url":"https:\/\/prefeitosegestoes.com.br\/portal\/desemprego-fica-abaixo-de-6-pela-primeira-vez-no-brasil-aponta-ibge\/","name":"Desemprego fica abaixo de 6% pela primeira vez no Brasil, aponta IBGE - Prefeitos &amp; Gest\u00f5es","isPartOf":{"@id":"https:\/\/prefeitosegestoes.com.br\/portal\/#website"},"primaryImageOfPage":{"@id":"https:\/\/prefeitosegestoes.com.br\/portal\/desemprego-fica-abaixo-de-6-pela-primeira-vez-no-brasil-aponta-ibge\/#primaryimage"},"image":{"@id":"https:\/\/prefeitosegestoes.com.br\/portal\/desemprego-fica-abaixo-de-6-pela-primeira-vez-no-brasil-aponta-ibge\/#primaryimage"},"thumbnailUrl":"https:\/\/prefeitosegestoes.com.br\/portal\/wp-content\/uploads\/2025\/07\/emprego_trabalho_desemprego_cate_rvrsa_abr_20220429_0566.webp","datePublished":"2025-07-31T22:38:10+00:00","description":"O\u00a0desemprego no Brasil\u00a0caiu para 5,8% no trimestre encerrado em junho, segundo dados da Pnad Cont\u00ednua Mensal divulgados nesta quarta-feira (31) pelo IBGE. Trata-se da menor taxa de desocupa\u00e7\u00e3o da s\u00e9rie hist\u00f3rica, iniciada em 2012. O resultado reflete a expans\u00e3o da popula\u00e7\u00e3o ocupada, o avan\u00e7o do emprego formal e a queda no n\u00famero de desalentados.","breadcrumb":{"@id":"https:\/\/prefeitosegestoes.com.br\/portal\/desemprego-fica-abaixo-de-6-pela-primeira-vez-no-brasil-aponta-ibge\/#breadcrumb"},"inLanguage":"pt-BR","potentialAction":[{"@type":"ReadAction","target":["https:\/\/prefeitosegestoes.com.br\/portal\/desemprego-fica-abaixo-de-6-pela-primeira-vez-no-brasil-aponta-ibge\/"]}]},{"@type":"ImageObject","inLanguage":"pt-BR","@id":"https:\/\/prefeitosegestoes.com.br\/portal\/desemprego-fica-abaixo-de-6-pela-primeira-vez-no-brasil-aponta-ibge\/#primaryimage","url":"https:\/\/prefeitosegestoes.com.br\/portal\/wp-content\/uploads\/2025\/07\/emprego_trabalho_desemprego_cate_rvrsa_abr_20220429_0566.webp","contentUrl":"https:\/\/prefeitosegestoes.com.br\/portal\/wp-content\/uploads\/2025\/07\/emprego_trabalho_desemprego_cate_rvrsa_abr_20220429_0566.webp","width":1024,"height":768},{"@type":"BreadcrumbList","@id":"https:\/\/prefeitosegestoes.com.br\/portal\/desemprego-fica-abaixo-de-6-pela-primeira-vez-no-brasil-aponta-ibge\/#breadcrumb","itemListElement":[{"@type":"ListItem","position":1,"name":"In\u00edcio","item":"https:\/\/prefeitosegestoes.com.br\/portal\/"},{"@type":"ListItem","position":2,"name":"Desemprego fica abaixo de 6% pela primeira vez no Brasil, aponta IBGE"}]},{"@type":"WebSite","@id":"https:\/\/prefeitosegestoes.com.br\/portal\/#website","url":"https:\/\/prefeitosegestoes.com.br\/portal\/","name":"Prefeitos & Gest\u00f5es","description":"","publisher":{"@id":"https:\/\/prefeitosegestoes.com.br\/portal\/#organization"},"potentialAction":[{"@type":"SearchAction","target":{"@type":"EntryPoint","urlTemplate":"https:\/\/prefeitosegestoes.com.br\/portal\/?s={search_term_string}"},"query-input":{"@type":"PropertyValueSpecification","valueRequired":true,"valueName":"search_term_string"}}],"inLanguage":"pt-BR"},{"@type":"Organization","@id":"https:\/\/prefeitosegestoes.com.br\/portal\/#organization","name":"Prefeitos & Gest\u00f5es","url":"https:\/\/prefeitosegestoes.com.br\/portal\/","logo":{"@type":"ImageObject","inLanguage":"pt-BR","@id":"https:\/\/prefeitosegestoes.com.br\/portal\/#\/schema\/logo\/image\/","url":"https:\/\/prefeitosegestoes.com.br\/portal\/wp-content\/uploads\/2024\/10\/lg_trans_prefeitos_2024_preto2.png","contentUrl":"https:\/\/prefeitosegestoes.com.br\/portal\/wp-content\/uploads\/2024\/10\/lg_trans_prefeitos_2024_preto2.png","width":199,"height":122,"caption":"Prefeitos & Gest\u00f5es"},"image":{"@id":"https:\/\/prefeitosegestoes.com.br\/portal\/#\/schema\/logo\/image\/"},"sameAs":["https:\/\/www.facebook.com\/prefeitosonline","https:\/\/x.com\/PrefGestoes"]},{"@type":"Person","@id":"https:\/\/prefeitosegestoes.com.br\/portal\/#\/schema\/person\/d00059f2ec99963e7e1850d448ae94b8","name":"Prefeitos &amp; Gest\u00f5es","image":{"@type":"ImageObject","inLanguage":"pt-BR","@id":"https:\/\/secure.gravatar.com\/avatar\/738fb281e479212ed32c1a21a4307dda9f3af9292edb6918a16c9ce9fff5f48d?s=96&d=mm&r=g","url":"https:\/\/secure.gravatar.com\/avatar\/738fb281e479212ed32c1a21a4307dda9f3af9292edb6918a16c9ce9fff5f48d?s=96&d=mm&r=g","contentUrl":"https:\/\/secure.gravatar.com\/avatar\/738fb281e479212ed32c1a21a4307dda9f3af9292edb6918a16c9ce9fff5f48d?s=96&d=mm&r=g","caption":"Prefeitos &amp; Gest\u00f5es"},"url":"https:\/\/prefeitosegestoes.com.br\/portal\/author\/prefeitosegestoes\/"}]}},"_links":{"self":[{"href":"https:\/\/prefeitosegestoes.com.br\/portal\/wp-json\/wp\/v2\/posts\/3688","targetHints":{"allow":["GET"]}}],"collection":[{"href":"https:\/\/prefeitosegestoes.com.br\/portal\/wp-json\/wp\/v2\/posts"}],"about":[{"href":"https:\/\/prefeitosegestoes.com.br\/portal\/wp-json\/wp\/v2\/types\/post"}],"author":[{"embeddable":true,"href":"https:\/\/prefeitosegestoes.com.br\/portal\/wp-json\/wp\/v2\/users\/2"}],"replies":[{"embeddable":true,"href":"https:\/\/prefeitosegestoes.com.br\/portal\/wp-json\/wp\/v2\/comments?post=3688"}],"version-history":[{"count":1,"href":"https:\/\/prefeitosegestoes.com.br\/portal\/wp-json\/wp\/v2\/posts\/3688\/revisions"}],"predecessor-version":[{"id":3690,"href":"https:\/\/prefeitosegestoes.com.br\/portal\/wp-json\/wp\/v2\/posts\/3688\/revisions\/3690"}],"wp:featuredmedia":[{"embeddable":true,"href":"https:\/\/prefeitosegestoes.com.br\/portal\/wp-json\/wp\/v2\/media\/3689"}],"wp:attachment":[{"href":"https:\/\/prefeitosegestoes.com.br\/portal\/wp-json\/wp\/v2\/media?parent=3688"}],"wp:term":[{"taxonomy":"category","embeddable":true,"href":"https:\/\/prefeitosegestoes.com.br\/portal\/wp-json\/wp\/v2\/categories?post=3688"},{"taxonomy":"post_tag","embeddable":true,"href":"https:\/\/prefeitosegestoes.com.br\/portal\/wp-json\/wp\/v2\/tags?post=3688"}],"curies":[{"name":"wp","href":"https:\/\/api.w.org\/{rel}","templated":true}]}}