{"id":3685,"date":"2025-07-29T19:19:15","date_gmt":"2025-07-29T22:19:15","guid":{"rendered":"https:\/\/prefeitosegestoes.com.br\/portal\/?p=3685"},"modified":"2025-07-29T19:19:15","modified_gmt":"2025-07-29T22:19:15","slug":"saude-discute-plano-de-respostas-a-mudancas-climaticas","status":"publish","type":"post","link":"https:\/\/prefeitosegestoes.com.br\/portal\/saude-discute-plano-de-respostas-a-mudancas-climaticas\/","title":{"rendered":"Sa\u00fade discute plano de respostas a mudan\u00e7as clim\u00e1ticas"},"content":{"rendered":"<div class=\"header-noticia full-width\">\n<h6>Bras\u00edlia (DF) 29\/07\/2025 Os ministros da Sa\u00fade, Alexandre Padilha, e do Meio Ambiente e Mudan\u00e7a do Clima, Marina Silva, abrem a 5\u00aa Confer\u00eancia Global de Clima e Sa\u00fade Foto: Fabio Rodrigues-Pozzebom\/ Ag\u00eancia Brasil<\/h6>\n<h2 class=\"linha-fina-noticia\">Confer\u00eancia Global sobre Clima e Sa\u00fade \u00e9 realizado em Bras\u00edlia<\/h2>\n<\/div>\n<div class=\"subheader\">\n<div class=\"container-autoria\">\n<div><\/div>\n<div class=\"autor-noticia\">Paula Laboissi\u00e8re \u2013 Rep\u00f3rter da Ag\u00eancia Brasil<\/div>\n<div class=\"container-data rowflex\">\n<div class=\"data\">Publicado em 29\/07\/2025 &#8211; 14:09<\/div>\n<\/div>\n<div class=\"local\">Bras\u00edlia<\/div>\n<\/div>\n<nav class=\"compartilhamento rowflex\"><\/nav>\n<\/div>\n<div class=\"capa-materia rel-position\">\n<figure><img decoding=\"async\" id=\"media-432283\" title=\"Fabio Rodrigues-Pozzebom\/ Ag\u00eancia Brasil\" src=\"https:\/\/imagens.ebc.com.br\/5B1G-zXVW2aT38pBv7zZl351xTY=\/1170x700\/smart\/https:\/\/agenciabrasil.ebc.com.br\/sites\/default\/files\/thumbnails\/image\/2025\/07\/29\/29072025-pzzb5942.jpg?itok=QIy7gn8f\" alt=\"Bras\u00edlia (DF) 29\/07\/2025 O ministro da Sa\u00fade, Alexandre Padilha, abre a 5\u00aa Confer\u00eancia Global de Clima e Sa\u00fade. Foto: Fabio Rodrigues-Pozzebom\/ Ag\u00eancia Brasil\" \/><figcaption class=\"credito-foto abs-position fullwidth\">\u00a9 Fabio Rodrigues-Pozzebom\/ Ag\u00eancia Brasil<\/figcaption><\/figure>\n<\/div>\n<div id=\"block-tts-block-tts\" class=\"block block-tts\">\n<div class=\"content\">\n<div id=\"tts-container\" class=\"container-audio rel-position\">\n<div class=\"title abs-position\"><strong>Bras\u00edlia sedia, at\u00e9 a pr\u00f3xima quinta-feira (31), a Confer\u00eancia Global sobre Clima e Sa\u00fade, com foco na constru\u00e7\u00e3o de pol\u00edticas de adapta\u00e7\u00e3o do setor em meio aos efeitos das mudan\u00e7as clim\u00e1ticas. Durante a sess\u00e3o de abertura do encontro, nesta ter\u00e7a-feira (29), o ministro da Sa\u00fade, Alexandre Padilha, defendeu \u201cmobiliza\u00e7\u00e3o para transforma\u00e7\u00e3o\u201d.<\/strong><img decoding=\"async\" src=\"https:\/\/agenciabrasil.ebc.com.br\/ebc.png?id=1652449&amp;o=node\" \/><img decoding=\"async\" src=\"https:\/\/agenciabrasil.ebc.com.br\/ebc.gif?id=1652449&amp;o=node\" \/><\/div>\n<\/div>\n<\/div>\n<\/div>\n<div class=\"conteudo-noticia\">\n<p>\u201cPrecisamos realizar um verdadeiro mutir\u00e3o. Esse esfor\u00e7o coletivo \u00e9 essencial, pois nenhuma pessoa ou pa\u00eds sozinho consegue promover as transforma\u00e7\u00f5es necess\u00e1rias. Por isso, a mobiliza\u00e7\u00e3o de toda a sociedade e de todas as na\u00e7\u00f5es \u00e9 fundamental para coordenar e liderar esse mutir\u00e3o\u201d, disse.<\/p>\n<p>Em nota, a pasta destacou que as a\u00e7\u00f5es est\u00e3o alinhadas ao Plano de A\u00e7\u00e3o em Sa\u00fade de Bel\u00e9m, proposta a ser apresentada pelo governo brasileiro durante a 30\u00aa Confer\u00eancia das Na\u00e7\u00f5es Unidas sobre Mudan\u00e7as Clim\u00e1ticas (COP30), em novembro.<\/p>\n<p>\u201cDesenhado para ser uma refer\u00eancia global, o plano busca liderar a\u00e7\u00f5es de resposta aos impactos clim\u00e1ticos sobre a sa\u00fade, com destaque para o enfrentamento de eventos extremos, o fortalecimento de sistemas de alerta precoce e a implementa\u00e7\u00e3o de estrat\u00e9gias de adapta\u00e7\u00e3o nos territ\u00f3rios\u201d, destacou o comunicado.<\/p>\n<p>\u201cA iniciativa, de ades\u00e3o volunt\u00e1ria pelos Estados-membros da Conven\u00e7\u00e3o-Quadro das Na\u00e7\u00f5es Unidas sobre Mudan\u00e7a do Clima (UNFCCC), refor\u00e7a o compromisso do Brasil com a equidade em sa\u00fade, a justi\u00e7a clim\u00e1tica e a governan\u00e7a participativa\u201d, completou a pasta.<\/p>\n<p>Durante o evento, o diretor da Organiza\u00e7\u00e3o Pan-Americana da Sa\u00fade (Opas), Jarbas Barbosa, lembrou que a entidade tem trabalhado junto aos Estados-membros, em n\u00edvel nacional e subnacional, para desenvolver planos de adapta\u00e7\u00e3o da sa\u00fade \u00e0s mudan\u00e7as clim\u00e1ticas e estudos de viabilidade para investimentos.<\/p>\n<p>\u201cA Opas est\u00e1 pronta para implementar as pol\u00edticas mencionadas e o Plano de A\u00e7\u00e3o de Sa\u00fade de Bel\u00e9m\u201d, disse. \u201cSeguiremos comprometidos para avan\u00e7ar juntos e explorar situa\u00e7\u00f5es inovadoras para desafios comuns\u201d, completou Jarbas.<\/p>\n<h2>O evento<\/h2>\n<p>A Confer\u00eancia Global sobre Clima e Sa\u00fade \u00e9 organizada pelo governo brasileiro em parceria com a Organiza\u00e7\u00e3o Mundial da Sa\u00fade (OMS), a Organiza\u00e7\u00e3o Pan-Americana da Sa\u00fade (Opas) e a Alian\u00e7a para A\u00e7\u00e3o Transformadora sobre Clima e Sa\u00fade (Atach).<\/p>\n<p>A programa\u00e7\u00e3o inclui sess\u00f5es plen\u00e1rias, pain\u00e9is, oficinas e rodas de conversa com foco na troca de experi\u00eancias e na apresenta\u00e7\u00e3o de solu\u00e7\u00f5es inovadoras. As discuss\u00f5es, de acordo com o Minist\u00e9rio a Sa\u00fade, v\u00e3o contribuir diretamente para a consolida\u00e7\u00e3o do plano de adapta\u00e7\u00e3o levado \u00e0 COP30.<\/p>\n<div class=\"noticias-relacionadas rel-position rowflex\">\n<div class=\"title abs-position\">Fonte: Ag\u00eancia Brasil<\/div>\n<div class=\"capa-noticia-relacionada\"><\/div>\n<\/div>\n<\/div>\n","protected":false},"excerpt":{"rendered":"<p>Bras\u00edlia (DF) 29\/07\/2025 Os ministros da Sa\u00fade, Alexandre Padilha, e do Meio Ambiente e Mudan\u00e7a do Clima, Marina Silva, abrem a 5\u00aa Confer\u00eancia Global de Clima e Sa\u00fade Foto: Fabio Rodrigues-Pozzebom\/ Ag\u00eancia Brasil Confer\u00eancia Global sobre Clima e Sa\u00fade \u00e9 realizado em Bras\u00edlia Paula Laboissi\u00e8re \u2013 Rep\u00f3rter da Ag\u00eancia Brasil Publicado em 29\/07\/2025 &#8211; 14:09 [&hellip;]<\/p>\n","protected":false},"author":2,"featured_media":3686,"comment_status":"open","ping_status":"open","sticky":false,"template":"","format":"standard","meta":{"rop_custom_images_group":[],"rop_custom_messages_group":[],"rop_publish_now":"initial","rop_publish_now_accounts":{"twitter_850042665852968960_850042665852968960":""},"rop_publish_now_history":[],"rop_publish_now_status":"pending","footnotes":""},"categories":[15],"tags":[92,701,702,424,181],"class_list":["post-3685","post","type-post","status-publish","format-standard","has-post-thumbnail","hentry","category-destaques","tag-clima","tag-conferencia-climatica","tag-global","tag-oms","tag-saude"],"yoast_head":"<!-- This site is optimized with the Yoast SEO plugin v27.2 - https:\/\/yoast.com\/product\/yoast-seo-wordpress\/ -->\n<title>Sa\u00fade discute plano de respostas a mudan\u00e7as clim\u00e1ticas - Prefeitos &amp; Gest\u00f5es<\/title>\n<meta name=\"description\" content=\"Bras\u00edlia sedia, at\u00e9 a pr\u00f3xima quinta-feira (31), a Confer\u00eancia Global sobre Clima e Sa\u00fade, com foco na constru\u00e7\u00e3o de pol\u00edticas de adapta\u00e7\u00e3o do setor em meio aos efeitos das mudan\u00e7as clim\u00e1ticas. Durante a sess\u00e3o de abertura do encontro, nesta ter\u00e7a-feira (29), o ministro da Sa\u00fade, Alexandre Padilha, defendeu \u201cmobiliza\u00e7\u00e3o para transforma\u00e7\u00e3o\u201d.\" \/>\n<meta name=\"robots\" content=\"index, follow, max-snippet:-1, max-image-preview:large, max-video-preview:-1\" \/>\n<link rel=\"canonical\" href=\"https:\/\/prefeitosegestoes.com.br\/portal\/saude-discute-plano-de-respostas-a-mudancas-climaticas\/\" \/>\n<meta property=\"og:locale\" content=\"pt_BR\" \/>\n<meta property=\"og:type\" content=\"article\" \/>\n<meta property=\"og:title\" content=\"Sa\u00fade discute plano de respostas a mudan\u00e7as clim\u00e1ticas - Prefeitos &amp; Gest\u00f5es\" \/>\n<meta property=\"og:description\" content=\"Bras\u00edlia sedia, at\u00e9 a pr\u00f3xima quinta-feira (31), a Confer\u00eancia Global sobre Clima e Sa\u00fade, com foco na constru\u00e7\u00e3o de pol\u00edticas de adapta\u00e7\u00e3o do setor em meio aos efeitos das mudan\u00e7as clim\u00e1ticas. Durante a sess\u00e3o de abertura do encontro, nesta ter\u00e7a-feira (29), o ministro da Sa\u00fade, Alexandre Padilha, defendeu \u201cmobiliza\u00e7\u00e3o para transforma\u00e7\u00e3o\u201d.\" \/>\n<meta property=\"og:url\" content=\"https:\/\/prefeitosegestoes.com.br\/portal\/saude-discute-plano-de-respostas-a-mudancas-climaticas\/\" \/>\n<meta property=\"og:site_name\" content=\"Prefeitos &amp; Gest\u00f5es\" \/>\n<meta property=\"article:publisher\" content=\"https:\/\/www.facebook.com\/prefeitosonline\" \/>\n<meta property=\"article:published_time\" content=\"2025-07-29T22:19:15+00:00\" \/>\n<meta property=\"og:image\" content=\"https:\/\/prefeitosegestoes.com.br\/portal\/wp-content\/uploads\/2025\/07\/29072025-pzzb5680.webp\" \/>\n\t<meta property=\"og:image:width\" content=\"1024\" \/>\n\t<meta property=\"og:image:height\" content=\"768\" \/>\n\t<meta property=\"og:image:type\" content=\"image\/webp\" \/>\n<meta name=\"author\" content=\"Prefeitos &amp; Gest\u00f5es\" \/>\n<meta name=\"twitter:card\" content=\"summary_large_image\" \/>\n<meta name=\"twitter:creator\" content=\"@PrefGestoes\" \/>\n<meta name=\"twitter:site\" content=\"@PrefGestoes\" \/>\n<meta name=\"twitter:label1\" content=\"Escrito por\" \/>\n\t<meta name=\"twitter:data1\" content=\"Prefeitos &amp; Gest\u00f5es\" \/>\n\t<meta name=\"twitter:label2\" content=\"Est. tempo de leitura\" \/>\n\t<meta name=\"twitter:data2\" content=\"4 minutos\" \/>\n<script type=\"application\/ld+json\" class=\"yoast-schema-graph\">{\"@context\":\"https:\/\/schema.org\",\"@graph\":[{\"@type\":\"Article\",\"@id\":\"https:\/\/prefeitosegestoes.com.br\/portal\/saude-discute-plano-de-respostas-a-mudancas-climaticas\/#article\",\"isPartOf\":{\"@id\":\"https:\/\/prefeitosegestoes.com.br\/portal\/saude-discute-plano-de-respostas-a-mudancas-climaticas\/\"},\"author\":{\"name\":\"Prefeitos &amp; Gest\u00f5es\",\"@id\":\"https:\/\/prefeitosegestoes.com.br\/portal\/#\/schema\/person\/d00059f2ec99963e7e1850d448ae94b8\"},\"headline\":\"Sa\u00fade discute plano de respostas a mudan\u00e7as clim\u00e1ticas\",\"datePublished\":\"2025-07-29T22:19:15+00:00\",\"mainEntityOfPage\":{\"@id\":\"https:\/\/prefeitosegestoes.com.br\/portal\/saude-discute-plano-de-respostas-a-mudancas-climaticas\/\"},\"wordCount\":536,\"commentCount\":0,\"publisher\":{\"@id\":\"https:\/\/prefeitosegestoes.com.br\/portal\/#organization\"},\"image\":{\"@id\":\"https:\/\/prefeitosegestoes.com.br\/portal\/saude-discute-plano-de-respostas-a-mudancas-climaticas\/#primaryimage\"},\"thumbnailUrl\":\"https:\/\/prefeitosegestoes.com.br\/portal\/wp-content\/uploads\/2025\/07\/29072025-pzzb5680.webp\",\"keywords\":[\"Clima\",\"Confer\u00eancia Clim\u00e1tica\",\"Global\",\"OMS\",\"Sa\u00fade\"],\"articleSection\":[\"Destaques\"],\"inLanguage\":\"pt-BR\",\"potentialAction\":[{\"@type\":\"CommentAction\",\"name\":\"Comment\",\"target\":[\"https:\/\/prefeitosegestoes.com.br\/portal\/saude-discute-plano-de-respostas-a-mudancas-climaticas\/#respond\"]}]},{\"@type\":\"WebPage\",\"@id\":\"https:\/\/prefeitosegestoes.com.br\/portal\/saude-discute-plano-de-respostas-a-mudancas-climaticas\/\",\"url\":\"https:\/\/prefeitosegestoes.com.br\/portal\/saude-discute-plano-de-respostas-a-mudancas-climaticas\/\",\"name\":\"Sa\u00fade discute plano de respostas a mudan\u00e7as clim\u00e1ticas - Prefeitos &amp; Gest\u00f5es\",\"isPartOf\":{\"@id\":\"https:\/\/prefeitosegestoes.com.br\/portal\/#website\"},\"primaryImageOfPage\":{\"@id\":\"https:\/\/prefeitosegestoes.com.br\/portal\/saude-discute-plano-de-respostas-a-mudancas-climaticas\/#primaryimage\"},\"image\":{\"@id\":\"https:\/\/prefeitosegestoes.com.br\/portal\/saude-discute-plano-de-respostas-a-mudancas-climaticas\/#primaryimage\"},\"thumbnailUrl\":\"https:\/\/prefeitosegestoes.com.br\/portal\/wp-content\/uploads\/2025\/07\/29072025-pzzb5680.webp\",\"datePublished\":\"2025-07-29T22:19:15+00:00\",\"description\":\"Bras\u00edlia sedia, at\u00e9 a pr\u00f3xima quinta-feira (31), a Confer\u00eancia Global sobre Clima e Sa\u00fade, com foco na constru\u00e7\u00e3o de pol\u00edticas de adapta\u00e7\u00e3o do setor em meio aos efeitos das mudan\u00e7as clim\u00e1ticas. Durante a sess\u00e3o de abertura do encontro, nesta ter\u00e7a-feira (29), o ministro da Sa\u00fade, Alexandre Padilha, defendeu \u201cmobiliza\u00e7\u00e3o para transforma\u00e7\u00e3o\u201d.\",\"breadcrumb\":{\"@id\":\"https:\/\/prefeitosegestoes.com.br\/portal\/saude-discute-plano-de-respostas-a-mudancas-climaticas\/#breadcrumb\"},\"inLanguage\":\"pt-BR\",\"potentialAction\":[{\"@type\":\"ReadAction\",\"target\":[\"https:\/\/prefeitosegestoes.com.br\/portal\/saude-discute-plano-de-respostas-a-mudancas-climaticas\/\"]}]},{\"@type\":\"ImageObject\",\"inLanguage\":\"pt-BR\",\"@id\":\"https:\/\/prefeitosegestoes.com.br\/portal\/saude-discute-plano-de-respostas-a-mudancas-climaticas\/#primaryimage\",\"url\":\"https:\/\/prefeitosegestoes.com.br\/portal\/wp-content\/uploads\/2025\/07\/29072025-pzzb5680.webp\",\"contentUrl\":\"https:\/\/prefeitosegestoes.com.br\/portal\/wp-content\/uploads\/2025\/07\/29072025-pzzb5680.webp\",\"width\":1024,\"height\":768},{\"@type\":\"BreadcrumbList\",\"@id\":\"https:\/\/prefeitosegestoes.com.br\/portal\/saude-discute-plano-de-respostas-a-mudancas-climaticas\/#breadcrumb\",\"itemListElement\":[{\"@type\":\"ListItem\",\"position\":1,\"name\":\"In\u00edcio\",\"item\":\"https:\/\/prefeitosegestoes.com.br\/portal\/\"},{\"@type\":\"ListItem\",\"position\":2,\"name\":\"Sa\u00fade discute plano de respostas a mudan\u00e7as clim\u00e1ticas\"}]},{\"@type\":\"WebSite\",\"@id\":\"https:\/\/prefeitosegestoes.com.br\/portal\/#website\",\"url\":\"https:\/\/prefeitosegestoes.com.br\/portal\/\",\"name\":\"Prefeitos & Gest\u00f5es\",\"description\":\"\",\"publisher\":{\"@id\":\"https:\/\/prefeitosegestoes.com.br\/portal\/#organization\"},\"potentialAction\":[{\"@type\":\"SearchAction\",\"target\":{\"@type\":\"EntryPoint\",\"urlTemplate\":\"https:\/\/prefeitosegestoes.com.br\/portal\/?s={search_term_string}\"},\"query-input\":{\"@type\":\"PropertyValueSpecification\",\"valueRequired\":true,\"valueName\":\"search_term_string\"}}],\"inLanguage\":\"pt-BR\"},{\"@type\":\"Organization\",\"@id\":\"https:\/\/prefeitosegestoes.com.br\/portal\/#organization\",\"name\":\"Prefeitos & Gest\u00f5es\",\"url\":\"https:\/\/prefeitosegestoes.com.br\/portal\/\",\"logo\":{\"@type\":\"ImageObject\",\"inLanguage\":\"pt-BR\",\"@id\":\"https:\/\/prefeitosegestoes.com.br\/portal\/#\/schema\/logo\/image\/\",\"url\":\"https:\/\/prefeitosegestoes.com.br\/portal\/wp-content\/uploads\/2024\/10\/lg_trans_prefeitos_2024_preto2.png\",\"contentUrl\":\"https:\/\/prefeitosegestoes.com.br\/portal\/wp-content\/uploads\/2024\/10\/lg_trans_prefeitos_2024_preto2.png\",\"width\":199,\"height\":122,\"caption\":\"Prefeitos & Gest\u00f5es\"},\"image\":{\"@id\":\"https:\/\/prefeitosegestoes.com.br\/portal\/#\/schema\/logo\/image\/\"},\"sameAs\":[\"https:\/\/www.facebook.com\/prefeitosonline\",\"https:\/\/x.com\/PrefGestoes\"]},{\"@type\":\"Person\",\"@id\":\"https:\/\/prefeitosegestoes.com.br\/portal\/#\/schema\/person\/d00059f2ec99963e7e1850d448ae94b8\",\"name\":\"Prefeitos &amp; Gest\u00f5es\",\"image\":{\"@type\":\"ImageObject\",\"inLanguage\":\"pt-BR\",\"@id\":\"https:\/\/secure.gravatar.com\/avatar\/738fb281e479212ed32c1a21a4307dda9f3af9292edb6918a16c9ce9fff5f48d?s=96&d=mm&r=g\",\"url\":\"https:\/\/secure.gravatar.com\/avatar\/738fb281e479212ed32c1a21a4307dda9f3af9292edb6918a16c9ce9fff5f48d?s=96&d=mm&r=g\",\"contentUrl\":\"https:\/\/secure.gravatar.com\/avatar\/738fb281e479212ed32c1a21a4307dda9f3af9292edb6918a16c9ce9fff5f48d?s=96&d=mm&r=g\",\"caption\":\"Prefeitos &amp; Gest\u00f5es\"},\"url\":\"https:\/\/prefeitosegestoes.com.br\/portal\/author\/prefeitosegestoes\/\"}]}<\/script>\n<!-- \/ Yoast SEO plugin. -->","yoast_head_json":{"title":"Sa\u00fade discute plano de respostas a mudan\u00e7as clim\u00e1ticas - Prefeitos &amp; Gest\u00f5es","description":"Bras\u00edlia sedia, at\u00e9 a pr\u00f3xima quinta-feira (31), a Confer\u00eancia Global sobre Clima e Sa\u00fade, com foco na constru\u00e7\u00e3o de pol\u00edticas de adapta\u00e7\u00e3o do setor em meio aos efeitos das mudan\u00e7as clim\u00e1ticas. Durante a sess\u00e3o de abertura do encontro, nesta ter\u00e7a-feira (29), o ministro da Sa\u00fade, Alexandre Padilha, defendeu \u201cmobiliza\u00e7\u00e3o para transforma\u00e7\u00e3o\u201d.","robots":{"index":"index","follow":"follow","max-snippet":"max-snippet:-1","max-image-preview":"max-image-preview:large","max-video-preview":"max-video-preview:-1"},"canonical":"https:\/\/prefeitosegestoes.com.br\/portal\/saude-discute-plano-de-respostas-a-mudancas-climaticas\/","og_locale":"pt_BR","og_type":"article","og_title":"Sa\u00fade discute plano de respostas a mudan\u00e7as clim\u00e1ticas - Prefeitos &amp; Gest\u00f5es","og_description":"Bras\u00edlia sedia, at\u00e9 a pr\u00f3xima quinta-feira (31), a Confer\u00eancia Global sobre Clima e Sa\u00fade, com foco na constru\u00e7\u00e3o de pol\u00edticas de adapta\u00e7\u00e3o do setor em meio aos efeitos das mudan\u00e7as clim\u00e1ticas. Durante a sess\u00e3o de abertura do encontro, nesta ter\u00e7a-feira (29), o ministro da Sa\u00fade, Alexandre Padilha, defendeu \u201cmobiliza\u00e7\u00e3o para transforma\u00e7\u00e3o\u201d.","og_url":"https:\/\/prefeitosegestoes.com.br\/portal\/saude-discute-plano-de-respostas-a-mudancas-climaticas\/","og_site_name":"Prefeitos &amp; Gest\u00f5es","article_publisher":"https:\/\/www.facebook.com\/prefeitosonline","article_published_time":"2025-07-29T22:19:15+00:00","og_image":[{"width":1024,"height":768,"url":"https:\/\/prefeitosegestoes.com.br\/portal\/wp-content\/uploads\/2025\/07\/29072025-pzzb5680.webp","type":"image\/webp"}],"author":"Prefeitos &amp; Gest\u00f5es","twitter_card":"summary_large_image","twitter_creator":"@PrefGestoes","twitter_site":"@PrefGestoes","twitter_misc":{"Escrito por":"Prefeitos &amp; Gest\u00f5es","Est. tempo de leitura":"4 minutos"},"schema":{"@context":"https:\/\/schema.org","@graph":[{"@type":"Article","@id":"https:\/\/prefeitosegestoes.com.br\/portal\/saude-discute-plano-de-respostas-a-mudancas-climaticas\/#article","isPartOf":{"@id":"https:\/\/prefeitosegestoes.com.br\/portal\/saude-discute-plano-de-respostas-a-mudancas-climaticas\/"},"author":{"name":"Prefeitos &amp; Gest\u00f5es","@id":"https:\/\/prefeitosegestoes.com.br\/portal\/#\/schema\/person\/d00059f2ec99963e7e1850d448ae94b8"},"headline":"Sa\u00fade discute plano de respostas a mudan\u00e7as clim\u00e1ticas","datePublished":"2025-07-29T22:19:15+00:00","mainEntityOfPage":{"@id":"https:\/\/prefeitosegestoes.com.br\/portal\/saude-discute-plano-de-respostas-a-mudancas-climaticas\/"},"wordCount":536,"commentCount":0,"publisher":{"@id":"https:\/\/prefeitosegestoes.com.br\/portal\/#organization"},"image":{"@id":"https:\/\/prefeitosegestoes.com.br\/portal\/saude-discute-plano-de-respostas-a-mudancas-climaticas\/#primaryimage"},"thumbnailUrl":"https:\/\/prefeitosegestoes.com.br\/portal\/wp-content\/uploads\/2025\/07\/29072025-pzzb5680.webp","keywords":["Clima","Confer\u00eancia Clim\u00e1tica","Global","OMS","Sa\u00fade"],"articleSection":["Destaques"],"inLanguage":"pt-BR","potentialAction":[{"@type":"CommentAction","name":"Comment","target":["https:\/\/prefeitosegestoes.com.br\/portal\/saude-discute-plano-de-respostas-a-mudancas-climaticas\/#respond"]}]},{"@type":"WebPage","@id":"https:\/\/prefeitosegestoes.com.br\/portal\/saude-discute-plano-de-respostas-a-mudancas-climaticas\/","url":"https:\/\/prefeitosegestoes.com.br\/portal\/saude-discute-plano-de-respostas-a-mudancas-climaticas\/","name":"Sa\u00fade discute plano de respostas a mudan\u00e7as clim\u00e1ticas - Prefeitos &amp; Gest\u00f5es","isPartOf":{"@id":"https:\/\/prefeitosegestoes.com.br\/portal\/#website"},"primaryImageOfPage":{"@id":"https:\/\/prefeitosegestoes.com.br\/portal\/saude-discute-plano-de-respostas-a-mudancas-climaticas\/#primaryimage"},"image":{"@id":"https:\/\/prefeitosegestoes.com.br\/portal\/saude-discute-plano-de-respostas-a-mudancas-climaticas\/#primaryimage"},"thumbnailUrl":"https:\/\/prefeitosegestoes.com.br\/portal\/wp-content\/uploads\/2025\/07\/29072025-pzzb5680.webp","datePublished":"2025-07-29T22:19:15+00:00","description":"Bras\u00edlia sedia, at\u00e9 a pr\u00f3xima quinta-feira (31), a Confer\u00eancia Global sobre Clima e Sa\u00fade, com foco na constru\u00e7\u00e3o de pol\u00edticas de adapta\u00e7\u00e3o do setor em meio aos efeitos das mudan\u00e7as clim\u00e1ticas. Durante a sess\u00e3o de abertura do encontro, nesta ter\u00e7a-feira (29), o ministro da Sa\u00fade, Alexandre Padilha, defendeu \u201cmobiliza\u00e7\u00e3o para transforma\u00e7\u00e3o\u201d.","breadcrumb":{"@id":"https:\/\/prefeitosegestoes.com.br\/portal\/saude-discute-plano-de-respostas-a-mudancas-climaticas\/#breadcrumb"},"inLanguage":"pt-BR","potentialAction":[{"@type":"ReadAction","target":["https:\/\/prefeitosegestoes.com.br\/portal\/saude-discute-plano-de-respostas-a-mudancas-climaticas\/"]}]},{"@type":"ImageObject","inLanguage":"pt-BR","@id":"https:\/\/prefeitosegestoes.com.br\/portal\/saude-discute-plano-de-respostas-a-mudancas-climaticas\/#primaryimage","url":"https:\/\/prefeitosegestoes.com.br\/portal\/wp-content\/uploads\/2025\/07\/29072025-pzzb5680.webp","contentUrl":"https:\/\/prefeitosegestoes.com.br\/portal\/wp-content\/uploads\/2025\/07\/29072025-pzzb5680.webp","width":1024,"height":768},{"@type":"BreadcrumbList","@id":"https:\/\/prefeitosegestoes.com.br\/portal\/saude-discute-plano-de-respostas-a-mudancas-climaticas\/#breadcrumb","itemListElement":[{"@type":"ListItem","position":1,"name":"In\u00edcio","item":"https:\/\/prefeitosegestoes.com.br\/portal\/"},{"@type":"ListItem","position":2,"name":"Sa\u00fade discute plano de respostas a mudan\u00e7as clim\u00e1ticas"}]},{"@type":"WebSite","@id":"https:\/\/prefeitosegestoes.com.br\/portal\/#website","url":"https:\/\/prefeitosegestoes.com.br\/portal\/","name":"Prefeitos & Gest\u00f5es","description":"","publisher":{"@id":"https:\/\/prefeitosegestoes.com.br\/portal\/#organization"},"potentialAction":[{"@type":"SearchAction","target":{"@type":"EntryPoint","urlTemplate":"https:\/\/prefeitosegestoes.com.br\/portal\/?s={search_term_string}"},"query-input":{"@type":"PropertyValueSpecification","valueRequired":true,"valueName":"search_term_string"}}],"inLanguage":"pt-BR"},{"@type":"Organization","@id":"https:\/\/prefeitosegestoes.com.br\/portal\/#organization","name":"Prefeitos & Gest\u00f5es","url":"https:\/\/prefeitosegestoes.com.br\/portal\/","logo":{"@type":"ImageObject","inLanguage":"pt-BR","@id":"https:\/\/prefeitosegestoes.com.br\/portal\/#\/schema\/logo\/image\/","url":"https:\/\/prefeitosegestoes.com.br\/portal\/wp-content\/uploads\/2024\/10\/lg_trans_prefeitos_2024_preto2.png","contentUrl":"https:\/\/prefeitosegestoes.com.br\/portal\/wp-content\/uploads\/2024\/10\/lg_trans_prefeitos_2024_preto2.png","width":199,"height":122,"caption":"Prefeitos & Gest\u00f5es"},"image":{"@id":"https:\/\/prefeitosegestoes.com.br\/portal\/#\/schema\/logo\/image\/"},"sameAs":["https:\/\/www.facebook.com\/prefeitosonline","https:\/\/x.com\/PrefGestoes"]},{"@type":"Person","@id":"https:\/\/prefeitosegestoes.com.br\/portal\/#\/schema\/person\/d00059f2ec99963e7e1850d448ae94b8","name":"Prefeitos &amp; Gest\u00f5es","image":{"@type":"ImageObject","inLanguage":"pt-BR","@id":"https:\/\/secure.gravatar.com\/avatar\/738fb281e479212ed32c1a21a4307dda9f3af9292edb6918a16c9ce9fff5f48d?s=96&d=mm&r=g","url":"https:\/\/secure.gravatar.com\/avatar\/738fb281e479212ed32c1a21a4307dda9f3af9292edb6918a16c9ce9fff5f48d?s=96&d=mm&r=g","contentUrl":"https:\/\/secure.gravatar.com\/avatar\/738fb281e479212ed32c1a21a4307dda9f3af9292edb6918a16c9ce9fff5f48d?s=96&d=mm&r=g","caption":"Prefeitos &amp; Gest\u00f5es"},"url":"https:\/\/prefeitosegestoes.com.br\/portal\/author\/prefeitosegestoes\/"}]}},"_links":{"self":[{"href":"https:\/\/prefeitosegestoes.com.br\/portal\/wp-json\/wp\/v2\/posts\/3685","targetHints":{"allow":["GET"]}}],"collection":[{"href":"https:\/\/prefeitosegestoes.com.br\/portal\/wp-json\/wp\/v2\/posts"}],"about":[{"href":"https:\/\/prefeitosegestoes.com.br\/portal\/wp-json\/wp\/v2\/types\/post"}],"author":[{"embeddable":true,"href":"https:\/\/prefeitosegestoes.com.br\/portal\/wp-json\/wp\/v2\/users\/2"}],"replies":[{"embeddable":true,"href":"https:\/\/prefeitosegestoes.com.br\/portal\/wp-json\/wp\/v2\/comments?post=3685"}],"version-history":[{"count":1,"href":"https:\/\/prefeitosegestoes.com.br\/portal\/wp-json\/wp\/v2\/posts\/3685\/revisions"}],"predecessor-version":[{"id":3687,"href":"https:\/\/prefeitosegestoes.com.br\/portal\/wp-json\/wp\/v2\/posts\/3685\/revisions\/3687"}],"wp:featuredmedia":[{"embeddable":true,"href":"https:\/\/prefeitosegestoes.com.br\/portal\/wp-json\/wp\/v2\/media\/3686"}],"wp:attachment":[{"href":"https:\/\/prefeitosegestoes.com.br\/portal\/wp-json\/wp\/v2\/media?parent=3685"}],"wp:term":[{"taxonomy":"category","embeddable":true,"href":"https:\/\/prefeitosegestoes.com.br\/portal\/wp-json\/wp\/v2\/categories?post=3685"},{"taxonomy":"post_tag","embeddable":true,"href":"https:\/\/prefeitosegestoes.com.br\/portal\/wp-json\/wp\/v2\/tags?post=3685"}],"curies":[{"name":"wp","href":"https:\/\/api.w.org\/{rel}","templated":true}]}}