{"id":3676,"date":"2025-07-26T13:39:25","date_gmt":"2025-07-26T16:39:25","guid":{"rendered":"https:\/\/prefeitosegestoes.com.br\/portal\/?p=3676"},"modified":"2025-07-26T13:39:25","modified_gmt":"2025-07-26T16:39:25","slug":"cpiic-entrega-manifesto-para-cidades-do-futuro-ao-ministerio-de-minas-e-energia-e-ministerio-das-cidades","status":"publish","type":"post","link":"https:\/\/prefeitosegestoes.com.br\/portal\/cpiic-entrega-manifesto-para-cidades-do-futuro-ao-ministerio-de-minas-e-energia-e-ministerio-das-cidades\/","title":{"rendered":"CPIIC entrega Manifesto para Cidades do Futuro ao Minist\u00e9rio de Minas e Energia e Minist\u00e9rio das Cidades"},"content":{"rendered":"<h3>Bras\u00edlia (DF), 23 de julho de 2025<\/h3>\n<p>O Congresso Paulista de Ilumina\u00e7\u00e3o e Cidades do Futuro (CPIIC) deu mais um passo em dire\u00e7\u00e3o ao fortalecimento das pol\u00edticas p\u00fablicas voltadas \u00e0 sustentabilidade urbana. Nesta quarta-feira (23), foi realizada em Bras\u00edlia a entrega oficial do Manifesto do CPIIC para Cidades do Futuro ao Minist\u00e9rio de Minas e Energia (MME), durante reuni\u00e3o com a Coordena\u00e7\u00e3o de Efici\u00eancia Energ\u00e9tica.<\/p>\n<p><img fetchpriority=\"high\" decoding=\"async\" class=\"alignnone  wp-image-3680\" src=\"https:\/\/prefeitosegestoes.com.br\/portal\/wp-content\/uploads\/2025\/07\/Imagem-do-WhatsApp-de-2025-07-26-as-10.32.56_32577964-225x300.jpg\" alt=\"\" width=\"314\" height=\"419\" srcset=\"https:\/\/prefeitosegestoes.com.br\/portal\/wp-content\/uploads\/2025\/07\/Imagem-do-WhatsApp-de-2025-07-26-as-10.32.56_32577964-225x300.jpg 225w, https:\/\/prefeitosegestoes.com.br\/portal\/wp-content\/uploads\/2025\/07\/Imagem-do-WhatsApp-de-2025-07-26-as-10.32.56_32577964-768x1024.jpg 768w, https:\/\/prefeitosegestoes.com.br\/portal\/wp-content\/uploads\/2025\/07\/Imagem-do-WhatsApp-de-2025-07-26-as-10.32.56_32577964-1152x1536.jpg 1152w, https:\/\/prefeitosegestoes.com.br\/portal\/wp-content\/uploads\/2025\/07\/Imagem-do-WhatsApp-de-2025-07-26-as-10.32.56_32577964.jpg 1200w\" sizes=\"(max-width: 314px) 100vw, 314px\" \/><\/p>\n<p>O documento, constru\u00eddo a partir das discuss\u00f5es, propostas e experi\u00eancias reunidas no CPIIC 2025 \u2014 realizado em junho na cidade de Campinas (SP) \u2014 traz um conjunto de recomenda\u00e7\u00f5es e diretrizes para o uso estrat\u00e9gico da ilumina\u00e7\u00e3o p\u00fablica como ferramenta de transforma\u00e7\u00e3o urbana. Entre os temas abordados no manifesto est\u00e3o: inova\u00e7\u00e3o tecnol\u00f3gica, efici\u00eancia energ\u00e9tica, financiamento de projetos, planejamento urbano inteligente e o papel da ilumina\u00e7\u00e3o p\u00fablica na seguran\u00e7a, mobilidade e inclus\u00e3o social.<\/p>\n<p><img decoding=\"async\" class=\"alignnone  wp-image-3678\" src=\"https:\/\/prefeitosegestoes.com.br\/portal\/wp-content\/uploads\/2025\/07\/reuniao-mesa-300x200.jpg\" alt=\"\" width=\"434\" height=\"289\" srcset=\"https:\/\/prefeitosegestoes.com.br\/portal\/wp-content\/uploads\/2025\/07\/reuniao-mesa-300x200.jpg 300w, https:\/\/prefeitosegestoes.com.br\/portal\/wp-content\/uploads\/2025\/07\/reuniao-mesa-1024x683.jpg 1024w, https:\/\/prefeitosegestoes.com.br\/portal\/wp-content\/uploads\/2025\/07\/reuniao-mesa-768x512.jpg 768w, https:\/\/prefeitosegestoes.com.br\/portal\/wp-content\/uploads\/2025\/07\/reuniao-mesa.jpg 1500w\" sizes=\"(max-width: 434px) 100vw, 434px\" \/><\/p>\n<p>O manifesto foi entregue a Leandro Andrade, Diretor do Departamento de Informa\u00e7\u00f5es e Estudos Energ\u00e9ticos, e Samira Sousa, Coordenadora de Efici\u00eancia Energ\u00e9tica. A ENBPar representou as empresas que contribu\u00edram para a constru\u00e7\u00e3o do manifesto, com a presen\u00e7a de Juliana Tadeu (Superintendente) e Alexandre Reis (Gerente Nacional do Procel).<\/p>\n<p>O CPIIC 2025 reuniu centenas de profissionais, gestores p\u00fablicos e lideran\u00e7as do setor para discutir o futuro da ilumina\u00e7\u00e3o e das cidades, consolidando-se como um espa\u00e7o de refer\u00eancia nacional para o tema. Com temas como cidades inteligentes, normas t\u00e9cnicas, compras p\u00fablicas e transi\u00e7\u00e3o energ\u00e9tica, o congresso contribuiu para um debate t\u00e9cnico qualificado e plural.<\/p>\n<p>A pr\u00f3xima edi\u00e7\u00e3o do evento, o CPIIC 2026, j\u00e1 est\u00e1 confirmada e ser\u00e1 sediada em Jundia\u00ed (SP).<\/p>\n<p>Ao acompanhar de perto as iniciativas do Governo Federal e promover o di\u00e1logo t\u00e9cnico com os principais atores do setor, o CPIIC reafirma sua miss\u00e3o de contribuir para o avan\u00e7o de pol\u00edticas p\u00fablicas estruturantes, inteligentes e sustent\u00e1veis.<\/p>\n<p><img decoding=\"async\" class=\"alignnone  wp-image-3682\" src=\"https:\/\/prefeitosegestoes.com.br\/portal\/wp-content\/uploads\/2025\/07\/cidade-300x225.jpg\" alt=\"\" width=\"440\" height=\"330\" srcset=\"https:\/\/prefeitosegestoes.com.br\/portal\/wp-content\/uploads\/2025\/07\/cidade-300x225.jpg 300w, https:\/\/prefeitosegestoes.com.br\/portal\/wp-content\/uploads\/2025\/07\/cidade-1024x768.jpg 1024w, https:\/\/prefeitosegestoes.com.br\/portal\/wp-content\/uploads\/2025\/07\/cidade-768x576.jpg 768w, https:\/\/prefeitosegestoes.com.br\/portal\/wp-content\/uploads\/2025\/07\/cidade-1536x1152.jpg 1536w, https:\/\/prefeitosegestoes.com.br\/portal\/wp-content\/uploads\/2025\/07\/cidade.jpg 1600w\" sizes=\"(max-width: 440px) 100vw, 440px\" \/><\/p>\n<p>\ud83d\udc49 Acesse o site e garanta a sua vaga para o CPIIC 2026: <a href=\"https:\/\/www.cpiic.com.br\/\">https:\/\/www.cpiic.com.br<\/a><\/p>\n<p>Baixe o manifesto agora mesmo e confira o papel da Ilumina\u00e7\u00e3o para cidades inteligentes :\u00a0 <a href=\"https:\/\/evento.cpiic.com.br\/manifesto-cpiic\">https:\/\/evento.cpiic.com.br\/manifesto-cpiic<\/a><\/p>\n<p>&nbsp;<\/p>\n<p>Fonte: GHM Solutions<\/p>\n","protected":false},"excerpt":{"rendered":"<p>Bras\u00edlia (DF), 23 de julho de 2025 O Congresso Paulista de Ilumina\u00e7\u00e3o e Cidades do Futuro (CPIIC) deu mais um passo em dire\u00e7\u00e3o ao fortalecimento das pol\u00edticas p\u00fablicas voltadas \u00e0 sustentabilidade urbana. Nesta quarta-feira (23), foi realizada em Bras\u00edlia a entrega oficial do Manifesto do CPIIC para Cidades do Futuro ao Minist\u00e9rio de Minas e [&hellip;]<\/p>\n","protected":false},"author":2,"featured_media":3677,"comment_status":"open","ping_status":"open","sticky":false,"template":"","format":"standard","meta":{"rop_custom_images_group":[],"rop_custom_messages_group":[],"rop_publish_now":"initial","rop_publish_now_accounts":{"twitter_850042665852968960_850042665852968960":""},"rop_publish_now_history":[],"rop_publish_now_status":"pending","footnotes":""},"categories":[15],"tags":[122,482,698,700,699],"class_list":["post-3676","post","type-post","status-publish","format-standard","has-post-thumbnail","hentry","category-destaques","tag-cidades","tag-cpiic","tag-manifesto-governo-federal","tag-minas-e-energia","tag-ministerios"],"yoast_head":"<!-- This site is optimized with the Yoast SEO plugin v27.2 - https:\/\/yoast.com\/product\/yoast-seo-wordpress\/ -->\n<title>CPIIC entrega Manifesto para Cidades do Futuro ao Minist\u00e9rio de Minas e Energia e Minist\u00e9rio das Cidades - Prefeitos &amp; Gest\u00f5es<\/title>\n<meta name=\"description\" content=\"Bras\u00edlia (DF), 23 de julho de 2025 \u2013 O Congresso Paulista de Ilumina\u00e7\u00e3o e Cidades do Futuro (CPIIC) deu mais um passo em dire\u00e7\u00e3o ao fortalecimento das pol\u00edticas p\u00fablicas voltadas \u00e0 sustentabilidade urbana. Nesta quarta-feira (23), foi realizada em Bras\u00edlia a entrega oficial do Manifesto do CPIIC para Cidades do Futuro ao Minist\u00e9rio de Minas e Energia (MME), durante reuni\u00e3o com a Coordena\u00e7\u00e3o de Efici\u00eancia Energ\u00e9tica.\" \/>\n<meta name=\"robots\" content=\"index, follow, max-snippet:-1, max-image-preview:large, max-video-preview:-1\" \/>\n<link rel=\"canonical\" href=\"https:\/\/prefeitosegestoes.com.br\/portal\/cpiic-entrega-manifesto-para-cidades-do-futuro-ao-ministerio-de-minas-e-energia-e-ministerio-das-cidades\/\" \/>\n<meta property=\"og:locale\" content=\"pt_BR\" \/>\n<meta property=\"og:type\" content=\"article\" \/>\n<meta property=\"og:title\" content=\"CPIIC entrega Manifesto para Cidades do Futuro ao Minist\u00e9rio de Minas e Energia e Minist\u00e9rio das Cidades - Prefeitos &amp; Gest\u00f5es\" \/>\n<meta property=\"og:description\" content=\"Bras\u00edlia (DF), 23 de julho de 2025 \u2013 O Congresso Paulista de Ilumina\u00e7\u00e3o e Cidades do Futuro (CPIIC) deu mais um passo em dire\u00e7\u00e3o ao fortalecimento das pol\u00edticas p\u00fablicas voltadas \u00e0 sustentabilidade urbana. Nesta quarta-feira (23), foi realizada em Bras\u00edlia a entrega oficial do Manifesto do CPIIC para Cidades do Futuro ao Minist\u00e9rio de Minas e Energia (MME), durante reuni\u00e3o com a Coordena\u00e7\u00e3o de Efici\u00eancia Energ\u00e9tica.\" \/>\n<meta property=\"og:url\" content=\"https:\/\/prefeitosegestoes.com.br\/portal\/cpiic-entrega-manifesto-para-cidades-do-futuro-ao-ministerio-de-minas-e-energia-e-ministerio-das-cidades\/\" \/>\n<meta property=\"og:site_name\" content=\"Prefeitos &amp; Gest\u00f5es\" \/>\n<meta property=\"article:publisher\" content=\"https:\/\/www.facebook.com\/prefeitosonline\" \/>\n<meta property=\"article:published_time\" content=\"2025-07-26T16:39:25+00:00\" \/>\n<meta property=\"og:image\" content=\"https:\/\/prefeitosegestoes.com.br\/portal\/wp-content\/uploads\/2025\/07\/Pr.jpg\" \/>\n\t<meta property=\"og:image:width\" content=\"1200\" \/>\n\t<meta property=\"og:image:height\" content=\"1600\" \/>\n\t<meta property=\"og:image:type\" content=\"image\/jpeg\" \/>\n<meta name=\"author\" content=\"Prefeitos &amp; Gest\u00f5es\" \/>\n<meta name=\"twitter:card\" content=\"summary_large_image\" \/>\n<meta name=\"twitter:creator\" content=\"@PrefGestoes\" \/>\n<meta name=\"twitter:site\" content=\"@PrefGestoes\" \/>\n<meta name=\"twitter:label1\" content=\"Escrito por\" \/>\n\t<meta name=\"twitter:data1\" content=\"Prefeitos &amp; Gest\u00f5es\" \/>\n\t<meta name=\"twitter:label2\" content=\"Est. tempo de leitura\" \/>\n\t<meta name=\"twitter:data2\" content=\"3 minutos\" \/>\n<script type=\"application\/ld+json\" class=\"yoast-schema-graph\">{\"@context\":\"https:\/\/schema.org\",\"@graph\":[{\"@type\":\"Article\",\"@id\":\"https:\/\/prefeitosegestoes.com.br\/portal\/cpiic-entrega-manifesto-para-cidades-do-futuro-ao-ministerio-de-minas-e-energia-e-ministerio-das-cidades\/#article\",\"isPartOf\":{\"@id\":\"https:\/\/prefeitosegestoes.com.br\/portal\/cpiic-entrega-manifesto-para-cidades-do-futuro-ao-ministerio-de-minas-e-energia-e-ministerio-das-cidades\/\"},\"author\":{\"name\":\"Prefeitos &amp; Gest\u00f5es\",\"@id\":\"https:\/\/prefeitosegestoes.com.br\/portal\/#\/schema\/person\/d00059f2ec99963e7e1850d448ae94b8\"},\"headline\":\"CPIIC entrega Manifesto para Cidades do Futuro ao Minist\u00e9rio de Minas e Energia e Minist\u00e9rio das Cidades\",\"datePublished\":\"2025-07-26T16:39:25+00:00\",\"mainEntityOfPage\":{\"@id\":\"https:\/\/prefeitosegestoes.com.br\/portal\/cpiic-entrega-manifesto-para-cidades-do-futuro-ao-ministerio-de-minas-e-energia-e-ministerio-das-cidades\/\"},\"wordCount\":398,\"commentCount\":0,\"publisher\":{\"@id\":\"https:\/\/prefeitosegestoes.com.br\/portal\/#organization\"},\"image\":{\"@id\":\"https:\/\/prefeitosegestoes.com.br\/portal\/cpiic-entrega-manifesto-para-cidades-do-futuro-ao-ministerio-de-minas-e-energia-e-ministerio-das-cidades\/#primaryimage\"},\"thumbnailUrl\":\"https:\/\/prefeitosegestoes.com.br\/portal\/wp-content\/uploads\/2025\/07\/Pr.jpg\",\"keywords\":[\"Cidades\",\"CPIIC\",\"Manifesto Governo Federal\",\"Minas e Energia\",\"Minist\u00e9rios\"],\"articleSection\":[\"Destaques\"],\"inLanguage\":\"pt-BR\",\"potentialAction\":[{\"@type\":\"CommentAction\",\"name\":\"Comment\",\"target\":[\"https:\/\/prefeitosegestoes.com.br\/portal\/cpiic-entrega-manifesto-para-cidades-do-futuro-ao-ministerio-de-minas-e-energia-e-ministerio-das-cidades\/#respond\"]}]},{\"@type\":\"WebPage\",\"@id\":\"https:\/\/prefeitosegestoes.com.br\/portal\/cpiic-entrega-manifesto-para-cidades-do-futuro-ao-ministerio-de-minas-e-energia-e-ministerio-das-cidades\/\",\"url\":\"https:\/\/prefeitosegestoes.com.br\/portal\/cpiic-entrega-manifesto-para-cidades-do-futuro-ao-ministerio-de-minas-e-energia-e-ministerio-das-cidades\/\",\"name\":\"CPIIC entrega Manifesto para Cidades do Futuro ao Minist\u00e9rio de Minas e Energia e Minist\u00e9rio das Cidades - Prefeitos &amp; Gest\u00f5es\",\"isPartOf\":{\"@id\":\"https:\/\/prefeitosegestoes.com.br\/portal\/#website\"},\"primaryImageOfPage\":{\"@id\":\"https:\/\/prefeitosegestoes.com.br\/portal\/cpiic-entrega-manifesto-para-cidades-do-futuro-ao-ministerio-de-minas-e-energia-e-ministerio-das-cidades\/#primaryimage\"},\"image\":{\"@id\":\"https:\/\/prefeitosegestoes.com.br\/portal\/cpiic-entrega-manifesto-para-cidades-do-futuro-ao-ministerio-de-minas-e-energia-e-ministerio-das-cidades\/#primaryimage\"},\"thumbnailUrl\":\"https:\/\/prefeitosegestoes.com.br\/portal\/wp-content\/uploads\/2025\/07\/Pr.jpg\",\"datePublished\":\"2025-07-26T16:39:25+00:00\",\"description\":\"Bras\u00edlia (DF), 23 de julho de 2025 \u2013 O Congresso Paulista de Ilumina\u00e7\u00e3o e Cidades do Futuro (CPIIC) deu mais um passo em dire\u00e7\u00e3o ao fortalecimento das pol\u00edticas p\u00fablicas voltadas \u00e0 sustentabilidade urbana. Nesta quarta-feira (23), foi realizada em Bras\u00edlia a entrega oficial do Manifesto do CPIIC para Cidades do Futuro ao Minist\u00e9rio de Minas e Energia (MME), durante reuni\u00e3o com a Coordena\u00e7\u00e3o de Efici\u00eancia Energ\u00e9tica.\",\"breadcrumb\":{\"@id\":\"https:\/\/prefeitosegestoes.com.br\/portal\/cpiic-entrega-manifesto-para-cidades-do-futuro-ao-ministerio-de-minas-e-energia-e-ministerio-das-cidades\/#breadcrumb\"},\"inLanguage\":\"pt-BR\",\"potentialAction\":[{\"@type\":\"ReadAction\",\"target\":[\"https:\/\/prefeitosegestoes.com.br\/portal\/cpiic-entrega-manifesto-para-cidades-do-futuro-ao-ministerio-de-minas-e-energia-e-ministerio-das-cidades\/\"]}]},{\"@type\":\"ImageObject\",\"inLanguage\":\"pt-BR\",\"@id\":\"https:\/\/prefeitosegestoes.com.br\/portal\/cpiic-entrega-manifesto-para-cidades-do-futuro-ao-ministerio-de-minas-e-energia-e-ministerio-das-cidades\/#primaryimage\",\"url\":\"https:\/\/prefeitosegestoes.com.br\/portal\/wp-content\/uploads\/2025\/07\/Pr.jpg\",\"contentUrl\":\"https:\/\/prefeitosegestoes.com.br\/portal\/wp-content\/uploads\/2025\/07\/Pr.jpg\",\"width\":1200,\"height\":1600},{\"@type\":\"BreadcrumbList\",\"@id\":\"https:\/\/prefeitosegestoes.com.br\/portal\/cpiic-entrega-manifesto-para-cidades-do-futuro-ao-ministerio-de-minas-e-energia-e-ministerio-das-cidades\/#breadcrumb\",\"itemListElement\":[{\"@type\":\"ListItem\",\"position\":1,\"name\":\"In\u00edcio\",\"item\":\"https:\/\/prefeitosegestoes.com.br\/portal\/\"},{\"@type\":\"ListItem\",\"position\":2,\"name\":\"CPIIC entrega Manifesto para Cidades do Futuro ao Minist\u00e9rio de Minas e Energia e Minist\u00e9rio das Cidades\"}]},{\"@type\":\"WebSite\",\"@id\":\"https:\/\/prefeitosegestoes.com.br\/portal\/#website\",\"url\":\"https:\/\/prefeitosegestoes.com.br\/portal\/\",\"name\":\"Prefeitos & Gest\u00f5es\",\"description\":\"\",\"publisher\":{\"@id\":\"https:\/\/prefeitosegestoes.com.br\/portal\/#organization\"},\"potentialAction\":[{\"@type\":\"SearchAction\",\"target\":{\"@type\":\"EntryPoint\",\"urlTemplate\":\"https:\/\/prefeitosegestoes.com.br\/portal\/?s={search_term_string}\"},\"query-input\":{\"@type\":\"PropertyValueSpecification\",\"valueRequired\":true,\"valueName\":\"search_term_string\"}}],\"inLanguage\":\"pt-BR\"},{\"@type\":\"Organization\",\"@id\":\"https:\/\/prefeitosegestoes.com.br\/portal\/#organization\",\"name\":\"Prefeitos & Gest\u00f5es\",\"url\":\"https:\/\/prefeitosegestoes.com.br\/portal\/\",\"logo\":{\"@type\":\"ImageObject\",\"inLanguage\":\"pt-BR\",\"@id\":\"https:\/\/prefeitosegestoes.com.br\/portal\/#\/schema\/logo\/image\/\",\"url\":\"https:\/\/prefeitosegestoes.com.br\/portal\/wp-content\/uploads\/2024\/10\/lg_trans_prefeitos_2024_preto2.png\",\"contentUrl\":\"https:\/\/prefeitosegestoes.com.br\/portal\/wp-content\/uploads\/2024\/10\/lg_trans_prefeitos_2024_preto2.png\",\"width\":199,\"height\":122,\"caption\":\"Prefeitos & Gest\u00f5es\"},\"image\":{\"@id\":\"https:\/\/prefeitosegestoes.com.br\/portal\/#\/schema\/logo\/image\/\"},\"sameAs\":[\"https:\/\/www.facebook.com\/prefeitosonline\",\"https:\/\/x.com\/PrefGestoes\"]},{\"@type\":\"Person\",\"@id\":\"https:\/\/prefeitosegestoes.com.br\/portal\/#\/schema\/person\/d00059f2ec99963e7e1850d448ae94b8\",\"name\":\"Prefeitos &amp; Gest\u00f5es\",\"image\":{\"@type\":\"ImageObject\",\"inLanguage\":\"pt-BR\",\"@id\":\"https:\/\/secure.gravatar.com\/avatar\/738fb281e479212ed32c1a21a4307dda9f3af9292edb6918a16c9ce9fff5f48d?s=96&d=mm&r=g\",\"url\":\"https:\/\/secure.gravatar.com\/avatar\/738fb281e479212ed32c1a21a4307dda9f3af9292edb6918a16c9ce9fff5f48d?s=96&d=mm&r=g\",\"contentUrl\":\"https:\/\/secure.gravatar.com\/avatar\/738fb281e479212ed32c1a21a4307dda9f3af9292edb6918a16c9ce9fff5f48d?s=96&d=mm&r=g\",\"caption\":\"Prefeitos &amp; Gest\u00f5es\"},\"url\":\"https:\/\/prefeitosegestoes.com.br\/portal\/author\/prefeitosegestoes\/\"}]}<\/script>\n<!-- \/ Yoast SEO plugin. -->","yoast_head_json":{"title":"CPIIC entrega Manifesto para Cidades do Futuro ao Minist\u00e9rio de Minas e Energia e Minist\u00e9rio das Cidades - Prefeitos &amp; Gest\u00f5es","description":"Bras\u00edlia (DF), 23 de julho de 2025 \u2013 O Congresso Paulista de Ilumina\u00e7\u00e3o e Cidades do Futuro (CPIIC) deu mais um passo em dire\u00e7\u00e3o ao fortalecimento das pol\u00edticas p\u00fablicas voltadas \u00e0 sustentabilidade urbana. Nesta quarta-feira (23), foi realizada em Bras\u00edlia a entrega oficial do Manifesto do CPIIC para Cidades do Futuro ao Minist\u00e9rio de Minas e Energia (MME), durante reuni\u00e3o com a Coordena\u00e7\u00e3o de Efici\u00eancia Energ\u00e9tica.","robots":{"index":"index","follow":"follow","max-snippet":"max-snippet:-1","max-image-preview":"max-image-preview:large","max-video-preview":"max-video-preview:-1"},"canonical":"https:\/\/prefeitosegestoes.com.br\/portal\/cpiic-entrega-manifesto-para-cidades-do-futuro-ao-ministerio-de-minas-e-energia-e-ministerio-das-cidades\/","og_locale":"pt_BR","og_type":"article","og_title":"CPIIC entrega Manifesto para Cidades do Futuro ao Minist\u00e9rio de Minas e Energia e Minist\u00e9rio das Cidades - Prefeitos &amp; Gest\u00f5es","og_description":"Bras\u00edlia (DF), 23 de julho de 2025 \u2013 O Congresso Paulista de Ilumina\u00e7\u00e3o e Cidades do Futuro (CPIIC) deu mais um passo em dire\u00e7\u00e3o ao fortalecimento das pol\u00edticas p\u00fablicas voltadas \u00e0 sustentabilidade urbana. Nesta quarta-feira (23), foi realizada em Bras\u00edlia a entrega oficial do Manifesto do CPIIC para Cidades do Futuro ao Minist\u00e9rio de Minas e Energia (MME), durante reuni\u00e3o com a Coordena\u00e7\u00e3o de Efici\u00eancia Energ\u00e9tica.","og_url":"https:\/\/prefeitosegestoes.com.br\/portal\/cpiic-entrega-manifesto-para-cidades-do-futuro-ao-ministerio-de-minas-e-energia-e-ministerio-das-cidades\/","og_site_name":"Prefeitos &amp; Gest\u00f5es","article_publisher":"https:\/\/www.facebook.com\/prefeitosonline","article_published_time":"2025-07-26T16:39:25+00:00","og_image":[{"width":1200,"height":1600,"url":"https:\/\/prefeitosegestoes.com.br\/portal\/wp-content\/uploads\/2025\/07\/Pr.jpg","type":"image\/jpeg"}],"author":"Prefeitos &amp; Gest\u00f5es","twitter_card":"summary_large_image","twitter_creator":"@PrefGestoes","twitter_site":"@PrefGestoes","twitter_misc":{"Escrito por":"Prefeitos &amp; Gest\u00f5es","Est. tempo de leitura":"3 minutos"},"schema":{"@context":"https:\/\/schema.org","@graph":[{"@type":"Article","@id":"https:\/\/prefeitosegestoes.com.br\/portal\/cpiic-entrega-manifesto-para-cidades-do-futuro-ao-ministerio-de-minas-e-energia-e-ministerio-das-cidades\/#article","isPartOf":{"@id":"https:\/\/prefeitosegestoes.com.br\/portal\/cpiic-entrega-manifesto-para-cidades-do-futuro-ao-ministerio-de-minas-e-energia-e-ministerio-das-cidades\/"},"author":{"name":"Prefeitos &amp; Gest\u00f5es","@id":"https:\/\/prefeitosegestoes.com.br\/portal\/#\/schema\/person\/d00059f2ec99963e7e1850d448ae94b8"},"headline":"CPIIC entrega Manifesto para Cidades do Futuro ao Minist\u00e9rio de Minas e Energia e Minist\u00e9rio das Cidades","datePublished":"2025-07-26T16:39:25+00:00","mainEntityOfPage":{"@id":"https:\/\/prefeitosegestoes.com.br\/portal\/cpiic-entrega-manifesto-para-cidades-do-futuro-ao-ministerio-de-minas-e-energia-e-ministerio-das-cidades\/"},"wordCount":398,"commentCount":0,"publisher":{"@id":"https:\/\/prefeitosegestoes.com.br\/portal\/#organization"},"image":{"@id":"https:\/\/prefeitosegestoes.com.br\/portal\/cpiic-entrega-manifesto-para-cidades-do-futuro-ao-ministerio-de-minas-e-energia-e-ministerio-das-cidades\/#primaryimage"},"thumbnailUrl":"https:\/\/prefeitosegestoes.com.br\/portal\/wp-content\/uploads\/2025\/07\/Pr.jpg","keywords":["Cidades","CPIIC","Manifesto Governo Federal","Minas e Energia","Minist\u00e9rios"],"articleSection":["Destaques"],"inLanguage":"pt-BR","potentialAction":[{"@type":"CommentAction","name":"Comment","target":["https:\/\/prefeitosegestoes.com.br\/portal\/cpiic-entrega-manifesto-para-cidades-do-futuro-ao-ministerio-de-minas-e-energia-e-ministerio-das-cidades\/#respond"]}]},{"@type":"WebPage","@id":"https:\/\/prefeitosegestoes.com.br\/portal\/cpiic-entrega-manifesto-para-cidades-do-futuro-ao-ministerio-de-minas-e-energia-e-ministerio-das-cidades\/","url":"https:\/\/prefeitosegestoes.com.br\/portal\/cpiic-entrega-manifesto-para-cidades-do-futuro-ao-ministerio-de-minas-e-energia-e-ministerio-das-cidades\/","name":"CPIIC entrega Manifesto para Cidades do Futuro ao Minist\u00e9rio de Minas e Energia e Minist\u00e9rio das Cidades - Prefeitos &amp; Gest\u00f5es","isPartOf":{"@id":"https:\/\/prefeitosegestoes.com.br\/portal\/#website"},"primaryImageOfPage":{"@id":"https:\/\/prefeitosegestoes.com.br\/portal\/cpiic-entrega-manifesto-para-cidades-do-futuro-ao-ministerio-de-minas-e-energia-e-ministerio-das-cidades\/#primaryimage"},"image":{"@id":"https:\/\/prefeitosegestoes.com.br\/portal\/cpiic-entrega-manifesto-para-cidades-do-futuro-ao-ministerio-de-minas-e-energia-e-ministerio-das-cidades\/#primaryimage"},"thumbnailUrl":"https:\/\/prefeitosegestoes.com.br\/portal\/wp-content\/uploads\/2025\/07\/Pr.jpg","datePublished":"2025-07-26T16:39:25+00:00","description":"Bras\u00edlia (DF), 23 de julho de 2025 \u2013 O Congresso Paulista de Ilumina\u00e7\u00e3o e Cidades do Futuro (CPIIC) deu mais um passo em dire\u00e7\u00e3o ao fortalecimento das pol\u00edticas p\u00fablicas voltadas \u00e0 sustentabilidade urbana. Nesta quarta-feira (23), foi realizada em Bras\u00edlia a entrega oficial do Manifesto do CPIIC para Cidades do Futuro ao Minist\u00e9rio de Minas e Energia (MME), durante reuni\u00e3o com a Coordena\u00e7\u00e3o de Efici\u00eancia Energ\u00e9tica.","breadcrumb":{"@id":"https:\/\/prefeitosegestoes.com.br\/portal\/cpiic-entrega-manifesto-para-cidades-do-futuro-ao-ministerio-de-minas-e-energia-e-ministerio-das-cidades\/#breadcrumb"},"inLanguage":"pt-BR","potentialAction":[{"@type":"ReadAction","target":["https:\/\/prefeitosegestoes.com.br\/portal\/cpiic-entrega-manifesto-para-cidades-do-futuro-ao-ministerio-de-minas-e-energia-e-ministerio-das-cidades\/"]}]},{"@type":"ImageObject","inLanguage":"pt-BR","@id":"https:\/\/prefeitosegestoes.com.br\/portal\/cpiic-entrega-manifesto-para-cidades-do-futuro-ao-ministerio-de-minas-e-energia-e-ministerio-das-cidades\/#primaryimage","url":"https:\/\/prefeitosegestoes.com.br\/portal\/wp-content\/uploads\/2025\/07\/Pr.jpg","contentUrl":"https:\/\/prefeitosegestoes.com.br\/portal\/wp-content\/uploads\/2025\/07\/Pr.jpg","width":1200,"height":1600},{"@type":"BreadcrumbList","@id":"https:\/\/prefeitosegestoes.com.br\/portal\/cpiic-entrega-manifesto-para-cidades-do-futuro-ao-ministerio-de-minas-e-energia-e-ministerio-das-cidades\/#breadcrumb","itemListElement":[{"@type":"ListItem","position":1,"name":"In\u00edcio","item":"https:\/\/prefeitosegestoes.com.br\/portal\/"},{"@type":"ListItem","position":2,"name":"CPIIC entrega Manifesto para Cidades do Futuro ao Minist\u00e9rio de Minas e Energia e Minist\u00e9rio das Cidades"}]},{"@type":"WebSite","@id":"https:\/\/prefeitosegestoes.com.br\/portal\/#website","url":"https:\/\/prefeitosegestoes.com.br\/portal\/","name":"Prefeitos & Gest\u00f5es","description":"","publisher":{"@id":"https:\/\/prefeitosegestoes.com.br\/portal\/#organization"},"potentialAction":[{"@type":"SearchAction","target":{"@type":"EntryPoint","urlTemplate":"https:\/\/prefeitosegestoes.com.br\/portal\/?s={search_term_string}"},"query-input":{"@type":"PropertyValueSpecification","valueRequired":true,"valueName":"search_term_string"}}],"inLanguage":"pt-BR"},{"@type":"Organization","@id":"https:\/\/prefeitosegestoes.com.br\/portal\/#organization","name":"Prefeitos & Gest\u00f5es","url":"https:\/\/prefeitosegestoes.com.br\/portal\/","logo":{"@type":"ImageObject","inLanguage":"pt-BR","@id":"https:\/\/prefeitosegestoes.com.br\/portal\/#\/schema\/logo\/image\/","url":"https:\/\/prefeitosegestoes.com.br\/portal\/wp-content\/uploads\/2024\/10\/lg_trans_prefeitos_2024_preto2.png","contentUrl":"https:\/\/prefeitosegestoes.com.br\/portal\/wp-content\/uploads\/2024\/10\/lg_trans_prefeitos_2024_preto2.png","width":199,"height":122,"caption":"Prefeitos & Gest\u00f5es"},"image":{"@id":"https:\/\/prefeitosegestoes.com.br\/portal\/#\/schema\/logo\/image\/"},"sameAs":["https:\/\/www.facebook.com\/prefeitosonline","https:\/\/x.com\/PrefGestoes"]},{"@type":"Person","@id":"https:\/\/prefeitosegestoes.com.br\/portal\/#\/schema\/person\/d00059f2ec99963e7e1850d448ae94b8","name":"Prefeitos &amp; Gest\u00f5es","image":{"@type":"ImageObject","inLanguage":"pt-BR","@id":"https:\/\/secure.gravatar.com\/avatar\/738fb281e479212ed32c1a21a4307dda9f3af9292edb6918a16c9ce9fff5f48d?s=96&d=mm&r=g","url":"https:\/\/secure.gravatar.com\/avatar\/738fb281e479212ed32c1a21a4307dda9f3af9292edb6918a16c9ce9fff5f48d?s=96&d=mm&r=g","contentUrl":"https:\/\/secure.gravatar.com\/avatar\/738fb281e479212ed32c1a21a4307dda9f3af9292edb6918a16c9ce9fff5f48d?s=96&d=mm&r=g","caption":"Prefeitos &amp; Gest\u00f5es"},"url":"https:\/\/prefeitosegestoes.com.br\/portal\/author\/prefeitosegestoes\/"}]}},"_links":{"self":[{"href":"https:\/\/prefeitosegestoes.com.br\/portal\/wp-json\/wp\/v2\/posts\/3676","targetHints":{"allow":["GET"]}}],"collection":[{"href":"https:\/\/prefeitosegestoes.com.br\/portal\/wp-json\/wp\/v2\/posts"}],"about":[{"href":"https:\/\/prefeitosegestoes.com.br\/portal\/wp-json\/wp\/v2\/types\/post"}],"author":[{"embeddable":true,"href":"https:\/\/prefeitosegestoes.com.br\/portal\/wp-json\/wp\/v2\/users\/2"}],"replies":[{"embeddable":true,"href":"https:\/\/prefeitosegestoes.com.br\/portal\/wp-json\/wp\/v2\/comments?post=3676"}],"version-history":[{"count":1,"href":"https:\/\/prefeitosegestoes.com.br\/portal\/wp-json\/wp\/v2\/posts\/3676\/revisions"}],"predecessor-version":[{"id":3683,"href":"https:\/\/prefeitosegestoes.com.br\/portal\/wp-json\/wp\/v2\/posts\/3676\/revisions\/3683"}],"wp:featuredmedia":[{"embeddable":true,"href":"https:\/\/prefeitosegestoes.com.br\/portal\/wp-json\/wp\/v2\/media\/3677"}],"wp:attachment":[{"href":"https:\/\/prefeitosegestoes.com.br\/portal\/wp-json\/wp\/v2\/media?parent=3676"}],"wp:term":[{"taxonomy":"category","embeddable":true,"href":"https:\/\/prefeitosegestoes.com.br\/portal\/wp-json\/wp\/v2\/categories?post=3676"},{"taxonomy":"post_tag","embeddable":true,"href":"https:\/\/prefeitosegestoes.com.br\/portal\/wp-json\/wp\/v2\/tags?post=3676"}],"curies":[{"name":"wp","href":"https:\/\/api.w.org\/{rel}","templated":true}]}}