{"id":3669,"date":"2025-07-22T17:09:24","date_gmt":"2025-07-22T20:09:24","guid":{"rendered":"https:\/\/prefeitosegestoes.com.br\/portal\/?p=3669"},"modified":"2025-07-22T17:11:23","modified_gmt":"2025-07-22T20:11:23","slug":"atencao-gestores-municipais-prazo-para-preenchimento-da-pesquisa-nacional-de-mobilidade-urbana-vai-ate-18-de-agosto","status":"publish","type":"post","link":"https:\/\/prefeitosegestoes.com.br\/portal\/atencao-gestores-municipais-prazo-para-preenchimento-da-pesquisa-nacional-de-mobilidade-urbana-vai-ate-18-de-agosto\/","title":{"rendered":"Aten\u00e7\u00e3o, GESTORES MUNICIPAIS! Prazo para preenchimento da Pesquisa Nacional de Mobilidade Urbana vai at\u00e9 18 de agosto"},"content":{"rendered":"<div class=\"\">\n<div id=\"content\">\n<article>\n<div class=\"documentDescription\">\n<div class=\"\">\n<div id=\"content\">\n<article>\n<div>\n<div class=\"\">\n<div id=\"content\">\n<article>\n<div>\n<h6><em>Rio de Janeiro (RJ)\u2013 Trabalhadores usam \u00f4nibus em deslocamento na volta para casa, na regi\u00e3o da Central do Brasil. Foto: Fernando Fraz\u00e3o\/Ag\u00eancia Brasil<\/em><\/h6>\n<\/div>\n<h3 class=\"documentDescription\">Cadastro \u00e9 atualizado anualmente pelo Minist\u00e9rio das Cidades<\/h3>\n<div id=\"viewlet-above-content-body\">\n<div class=\"social-links\"><label>Compartilhe:<\/label>\u00a0<a class=\"\" title=\"Facebook\" href=\"http:\/\/www.facebook.com\/sharer.php?u=https:\/\/www.gov.br\/cidades\/pt-br\/assuntos\/noticias-1\/noticia-mcid-n-1396\">\u00a0<span class=\"sr-only\">Compartilhe por Facebook<\/span><\/a><a class=\"\" title=\"Twitter\" href=\"https:\/\/twitter.com\/share?text=Aten%C3%A7%C3%A3o%2C%20gestores%21%20Prazo%20para%20preenchimento%20da%20Pesquisa%20Nacional%20de%20Mobilidade%20Urbana%20vai%20at%C3%A9%2018%20de%20agosto%3B%20saiba%20mais&amp;url=https:\/\/www.gov.br\/cidades\/resolveuid\/aae7c91f3b1d43c69630441dedc8e8c8\">\u00a0<span class=\"sr-only\">Compartilhe por Twitter<\/span><\/a><a class=\"\" title=\"LinkedIn\" href=\"https:\/\/www.linkedin.com\/shareArticle?mini=true&amp;url=https:\/\/www.gov.br\/cidades\/pt-br\/assuntos\/noticias-1\/noticia-mcid-n-1396&amp;title=Aten%C3%A7%C3%A3o%2C%20gestores%21%20Prazo%20para%20preenchimento%20da%20Pesquisa%20Nacional%20de%20Mobilidade%20Urbana%20vai%20at%C3%A9%2018%20de%20agosto%3B%20saiba%20mais\">\u00a0<span class=\"sr-only\">Compartilhe por LinkedIn<\/span><\/a><a class=\"link-whatsapp\" title=\"WhatsApp\" href=\"https:\/\/api.whatsapp.com\/send?text=https:\/\/www.gov.br\/cidades\/pt-br\/assuntos\/noticias-1\/noticia-mcid-n-1396\">\u00a0<span class=\"sr-only\">Compartilhe por WhatsApp<\/span><\/a><a class=\"link-clipboard\" title=\"Copiar para \u00e1rea de transfer\u00eancia\" href=\"https:\/\/www.gov.br\/cidades\/pt-br\/assuntos\/noticias-1\/noticia-mcid-n-1396\"><span class=\"sr-only\">link para Copiar para \u00e1rea de transfer\u00eancia<\/span><\/a><\/div>\n<div><\/div>\n<div id=\"plone-document-byline\" class=\"documentByLine\"><span class=\"documentPublished\">Publicado em\u00a0<span class=\"value\">21\/07\/2025 09h18<\/span>\u00a0<\/span><span class=\"documentModified\">Atualizado em\u00a0<span class=\"value\">21\/07\/2025 15h09<\/span><\/span><\/div>\n<div><\/div>\n<div id=\"media\">\n<p><img fetchpriority=\"high\" decoding=\"async\" src=\"https:\/\/www.gov.br\/cidades\/pt-br\/assuntos\/noticias-1\/noticia-mcid-n-1396\/transporte-urbano_mcamgo_abr_09082023-7.jpg\/@@images\/f119b533-3c62-4522-b4a3-a657dca9bee7.jpeg\" alt=\"Na foto \u00f4nibus parado na rodovi\u00e1ria do Plano Piloto com o congresso nacional ao fundo\" width=\"768\" height=\"444\" \/><\/p>\n<p class=\"discreet\"><em>Movimenta\u00e7\u00e3o de passageiros e \u00f4nibus na Rodovi\u00e1ria do Plano Piloto, em Bras\u00edlia (DF). Cr\u00e9dito: Marcelo Camargo\/Ag\u00eancia Brasil.<\/em><\/p>\n<\/div>\n<\/div>\n<div id=\"content-core\">\n<div id=\"parent-fieldname-text\" class=\"\">\n<div>\n<p>Bras\u00edlia (DF) &#8211; A Pesquisa Nacional de Mobilidade Urbana (Pemob) nasceu do desejo de entender os caminhos que milh\u00f5es de brasileiros percorrem todos os dias. Realizada anualmente pelo Minist\u00e9rio das Cidades, ela re\u00fane dados sobre o transporte p\u00fablico em munic\u00edpios com mais de 250 mil habitantes. Em 2025, o prazo para que gestores p\u00fablicos preencham o cadastro on-line da Pemob vai at\u00e9 o dia 18 de agosto.<\/p>\n<p>\u201cO levantamento \u00e9 uma ferramenta essencial de monitoramento e avalia\u00e7\u00e3o, que contribui diretamente para aprimorar as pol\u00edticas p\u00fablicas de mobilidade no pa\u00eds. Os dados locais e regionais s\u00e3o fundamentais para definir a pol\u00edtica tarif\u00e1ria, planejar a infraestrutura, orientar a gest\u00e3o e melhorar a qualidade dos servi\u00e7os. Tudo isso com o objetivo de garantir uma mobilidade urbana mais acess\u00edvel, sustent\u00e1vel, segura e eficiente para a popula\u00e7\u00e3o brasileira\u201d, destacou a diretora substituta de Regula\u00e7\u00e3o da Mobilidade e Tr\u00e2nsito Urbano do Minist\u00e9rio das Cidades, Danielle Holanda.<\/p>\n<p>O principal objetivo da Pemob \u00e9 tra\u00e7ar um panorama detalhado da mobilidade nas grandes cidades. A pesquisa coleta informa\u00e7\u00f5es sobre oferta, demanda, tarifas, integra\u00e7\u00f5es e financiamento do transporte p\u00fablico. Os dados servem de base para o planejamento e a avalia\u00e7\u00e3o de pol\u00edticas p\u00fablicas. A partir de 2019, a pesquisa tamb\u00e9m passou a incluir o transporte intermunicipal nas regi\u00f5es metropolitanas.<\/p>\n<p>Al\u00e9m de reunir informa\u00e7\u00f5es estrat\u00e9gicas, a Pemob contribui para o desenvolvimento do\u00a0<a class=\"external-link\" title=\"\" href=\"https:\/\/simu.cidades.gov.br\/\" target=\"_blank\" rel=\"noopener\" data-tippreview-enabled=\"false\" data-tippreview-image=\"\" data-tippreview-title=\"\">Sistema Nacional de Informa\u00e7\u00f5es em Mobilidade Urbana<\/a>\u00a0(SIMU). A plataforma oferece dados organizados e visualiza\u00e7\u00f5es r\u00e1pidas sobre o setor, facilitando o acesso \u00e0 informa\u00e7\u00e3o e o apoio a gestores p\u00fablicos.<\/p>\n<p><iframe src=\"https:\/\/open.spotify.com\/embed\/episode\/3ruSdDyQFJEvwjGNELJVfo?utm_source=generator\" width=\"70%\" height=\"152\" frameborder=\"0\" allowfullscreen=\"allowfullscreen\" data-testid=\"embed-iframe\" data-src=\"https:\/\/open.spotify.com\/embed\/episode\/3ruSdDyQFJEvwjGNELJVfo?utm_source=generator\"><\/iframe><\/p>\n<\/div>\n<\/div>\n<\/div>\n<\/article>\n<\/div>\n<\/div>\n<\/div>\n<\/article>\n<\/div>\n<\/div>\n<\/div>\n<div id=\"content-core\">\n<div id=\"parent-fieldname-text\" class=\"\">\n<div>\n<p>Fonte:<\/p>\n<p><em>Assessoria Especial de Comunica\u00e7\u00e3o Social do Minist\u00e9rio das Cidades<\/em><br \/>\n<em>Atendimento \u00e0 Imprensa<\/em><br \/>\n<em>Telefone: (61) 2034-4282<\/em><br \/>\n<em>E-mail: imprensa@cidades.gov.br<\/em><\/p>\n<\/div>\n<\/div>\n<\/div>\n<div id=\"formfield-form-widgets-categoria\" class=\"field z3cformInlineValidation\">\n<p><em><label class=\"horizontal\">Categoria<\/label><\/em><\/p>\n<div id=\"form-widgets-categoria\" class=\"contenttree-widget relationchoice-field\"><em>Transporte de Passageiros<\/em><\/div>\n<\/div>\n<div class=\"visualClear\"><\/div>\n<div class=\"documentActions\"><\/div>\n<\/article>\n<\/div>\n<\/div>\n<div id=\"viewlet-below-content\"><\/div>\n","protected":false},"excerpt":{"rendered":"<p>Rio de Janeiro (RJ)\u2013 Trabalhadores usam \u00f4nibus em deslocamento na volta para casa, na regi\u00e3o da Central do Brasil. Foto: Fernando Fraz\u00e3o\/Ag\u00eancia Brasil Cadastro \u00e9 atualizado anualmente pelo Minist\u00e9rio das Cidades Compartilhe:\u00a0\u00a0Compartilhe por Facebook\u00a0Compartilhe por Twitter\u00a0Compartilhe por LinkedIn\u00a0Compartilhe por WhatsApplink para Copiar para \u00e1rea de transfer\u00eancia Publicado em\u00a021\/07\/2025 09h18\u00a0Atualizado em\u00a021\/07\/2025 15h09 Movimenta\u00e7\u00e3o de passageiros e [&hellip;]<\/p>\n","protected":false},"author":2,"featured_media":3670,"comment_status":"open","ping_status":"open","sticky":false,"template":"","format":"standard","meta":{"rop_custom_images_group":[],"rop_custom_messages_group":[],"rop_publish_now":"initial","rop_publish_now_accounts":{"twitter_850042665852968960_850042665852968960":""},"rop_publish_now_history":[],"rop_publish_now_status":"pending","footnotes":""},"categories":[15],"tags":[122,697,125,123,696],"class_list":["post-3669","post","type-post","status-publish","format-standard","has-post-thumbnail","hentry","category-destaques","tag-cidades","tag-ministerio-das-cidades","tag-mobilidade-urbana","tag-municipios","tag-pemob"],"yoast_head":"<!-- This site is optimized with the Yoast SEO plugin v27.2 - https:\/\/yoast.com\/product\/yoast-seo-wordpress\/ -->\n<title>Aten\u00e7\u00e3o, GESTORES MUNICIPAIS! Prazo para preenchimento da Pesquisa Nacional de Mobilidade Urbana vai at\u00e9 18 de agosto - Prefeitos &amp; Gest\u00f5es<\/title>\n<meta name=\"description\" content=\"A Pesquisa Nacional de Mobilidade Urbana (Pemob) nasceu do desejo de entender os caminhos que milh\u00f5es de brasileiros percorrem todos os dias. Realizada anualmente pelo Minist\u00e9rio das Cidades, ela re\u00fane dados sobre o transporte p\u00fablico em munic\u00edpios com mais de 250 mil habitantes. Em 2025, o prazo para que gestores p\u00fablicos preencham o cadastro on-line da Pemob vai at\u00e9 o dia 18 de agosto.\" \/>\n<meta name=\"robots\" content=\"index, follow, max-snippet:-1, max-image-preview:large, max-video-preview:-1\" \/>\n<link rel=\"canonical\" href=\"https:\/\/prefeitosegestoes.com.br\/portal\/atencao-gestores-municipais-prazo-para-preenchimento-da-pesquisa-nacional-de-mobilidade-urbana-vai-ate-18-de-agosto\/\" \/>\n<meta property=\"og:locale\" content=\"pt_BR\" \/>\n<meta property=\"og:type\" content=\"article\" \/>\n<meta property=\"og:title\" content=\"Aten\u00e7\u00e3o, GESTORES MUNICIPAIS! Prazo para preenchimento da Pesquisa Nacional de Mobilidade Urbana vai at\u00e9 18 de agosto - Prefeitos &amp; Gest\u00f5es\" \/>\n<meta property=\"og:description\" content=\"A Pesquisa Nacional de Mobilidade Urbana (Pemob) nasceu do desejo de entender os caminhos que milh\u00f5es de brasileiros percorrem todos os dias. Realizada anualmente pelo Minist\u00e9rio das Cidades, ela re\u00fane dados sobre o transporte p\u00fablico em munic\u00edpios com mais de 250 mil habitantes. Em 2025, o prazo para que gestores p\u00fablicos preencham o cadastro on-line da Pemob vai at\u00e9 o dia 18 de agosto.\" \/>\n<meta property=\"og:url\" content=\"https:\/\/prefeitosegestoes.com.br\/portal\/atencao-gestores-municipais-prazo-para-preenchimento-da-pesquisa-nacional-de-mobilidade-urbana-vai-ate-18-de-agosto\/\" \/>\n<meta property=\"og:site_name\" content=\"Prefeitos &amp; Gest\u00f5es\" \/>\n<meta property=\"article:publisher\" content=\"https:\/\/www.facebook.com\/prefeitosonline\" \/>\n<meta property=\"article:published_time\" content=\"2025-07-22T20:09:24+00:00\" \/>\n<meta property=\"article:modified_time\" content=\"2025-07-22T20:11:23+00:00\" \/>\n<meta property=\"og:image\" content=\"https:\/\/prefeitosegestoes.com.br\/portal\/wp-content\/uploads\/2025\/07\/mg_2571-2_0.webp\" \/>\n\t<meta property=\"og:image:width\" content=\"1024\" \/>\n\t<meta property=\"og:image:height\" content=\"768\" \/>\n\t<meta property=\"og:image:type\" content=\"image\/webp\" \/>\n<meta name=\"author\" content=\"Prefeitos &amp; Gest\u00f5es\" \/>\n<meta name=\"twitter:card\" content=\"summary_large_image\" \/>\n<meta name=\"twitter:creator\" content=\"@PrefGestoes\" \/>\n<meta name=\"twitter:site\" content=\"@PrefGestoes\" \/>\n<meta name=\"twitter:label1\" content=\"Escrito por\" \/>\n\t<meta name=\"twitter:data1\" content=\"Prefeitos &amp; Gest\u00f5es\" \/>\n\t<meta name=\"twitter:label2\" content=\"Est. tempo de leitura\" \/>\n\t<meta name=\"twitter:data2\" content=\"3 minutos\" \/>\n<script type=\"application\/ld+json\" class=\"yoast-schema-graph\">{\"@context\":\"https:\/\/schema.org\",\"@graph\":[{\"@type\":\"Article\",\"@id\":\"https:\/\/prefeitosegestoes.com.br\/portal\/atencao-gestores-municipais-prazo-para-preenchimento-da-pesquisa-nacional-de-mobilidade-urbana-vai-ate-18-de-agosto\/#article\",\"isPartOf\":{\"@id\":\"https:\/\/prefeitosegestoes.com.br\/portal\/atencao-gestores-municipais-prazo-para-preenchimento-da-pesquisa-nacional-de-mobilidade-urbana-vai-ate-18-de-agosto\/\"},\"author\":{\"name\":\"Prefeitos &amp; Gest\u00f5es\",\"@id\":\"https:\/\/prefeitosegestoes.com.br\/portal\/#\/schema\/person\/d00059f2ec99963e7e1850d448ae94b8\"},\"headline\":\"Aten\u00e7\u00e3o, GESTORES MUNICIPAIS! Prazo para preenchimento da Pesquisa Nacional de Mobilidade Urbana vai at\u00e9 18 de agosto\",\"datePublished\":\"2025-07-22T20:09:24+00:00\",\"dateModified\":\"2025-07-22T20:11:23+00:00\",\"mainEntityOfPage\":{\"@id\":\"https:\/\/prefeitosegestoes.com.br\/portal\/atencao-gestores-municipais-prazo-para-preenchimento-da-pesquisa-nacional-de-mobilidade-urbana-vai-ate-18-de-agosto\/\"},\"wordCount\":410,\"commentCount\":0,\"publisher\":{\"@id\":\"https:\/\/prefeitosegestoes.com.br\/portal\/#organization\"},\"image\":{\"@id\":\"https:\/\/prefeitosegestoes.com.br\/portal\/atencao-gestores-municipais-prazo-para-preenchimento-da-pesquisa-nacional-de-mobilidade-urbana-vai-ate-18-de-agosto\/#primaryimage\"},\"thumbnailUrl\":\"https:\/\/prefeitosegestoes.com.br\/portal\/wp-content\/uploads\/2025\/07\/mg_2571-2_0.webp\",\"keywords\":[\"Cidades\",\"Minist\u00e9rio das Cidades\",\"Mobilidade Urbana\",\"Munic\u00edpios\",\"Pemob\"],\"articleSection\":[\"Destaques\"],\"inLanguage\":\"pt-BR\",\"potentialAction\":[{\"@type\":\"CommentAction\",\"name\":\"Comment\",\"target\":[\"https:\/\/prefeitosegestoes.com.br\/portal\/atencao-gestores-municipais-prazo-para-preenchimento-da-pesquisa-nacional-de-mobilidade-urbana-vai-ate-18-de-agosto\/#respond\"]}]},{\"@type\":\"WebPage\",\"@id\":\"https:\/\/prefeitosegestoes.com.br\/portal\/atencao-gestores-municipais-prazo-para-preenchimento-da-pesquisa-nacional-de-mobilidade-urbana-vai-ate-18-de-agosto\/\",\"url\":\"https:\/\/prefeitosegestoes.com.br\/portal\/atencao-gestores-municipais-prazo-para-preenchimento-da-pesquisa-nacional-de-mobilidade-urbana-vai-ate-18-de-agosto\/\",\"name\":\"Aten\u00e7\u00e3o, GESTORES MUNICIPAIS! Prazo para preenchimento da Pesquisa Nacional de Mobilidade Urbana vai at\u00e9 18 de agosto - Prefeitos &amp; Gest\u00f5es\",\"isPartOf\":{\"@id\":\"https:\/\/prefeitosegestoes.com.br\/portal\/#website\"},\"primaryImageOfPage\":{\"@id\":\"https:\/\/prefeitosegestoes.com.br\/portal\/atencao-gestores-municipais-prazo-para-preenchimento-da-pesquisa-nacional-de-mobilidade-urbana-vai-ate-18-de-agosto\/#primaryimage\"},\"image\":{\"@id\":\"https:\/\/prefeitosegestoes.com.br\/portal\/atencao-gestores-municipais-prazo-para-preenchimento-da-pesquisa-nacional-de-mobilidade-urbana-vai-ate-18-de-agosto\/#primaryimage\"},\"thumbnailUrl\":\"https:\/\/prefeitosegestoes.com.br\/portal\/wp-content\/uploads\/2025\/07\/mg_2571-2_0.webp\",\"datePublished\":\"2025-07-22T20:09:24+00:00\",\"dateModified\":\"2025-07-22T20:11:23+00:00\",\"description\":\"A Pesquisa Nacional de Mobilidade Urbana (Pemob) nasceu do desejo de entender os caminhos que milh\u00f5es de brasileiros percorrem todos os dias. Realizada anualmente pelo Minist\u00e9rio das Cidades, ela re\u00fane dados sobre o transporte p\u00fablico em munic\u00edpios com mais de 250 mil habitantes. Em 2025, o prazo para que gestores p\u00fablicos preencham o cadastro on-line da Pemob vai at\u00e9 o dia 18 de agosto.\",\"breadcrumb\":{\"@id\":\"https:\/\/prefeitosegestoes.com.br\/portal\/atencao-gestores-municipais-prazo-para-preenchimento-da-pesquisa-nacional-de-mobilidade-urbana-vai-ate-18-de-agosto\/#breadcrumb\"},\"inLanguage\":\"pt-BR\",\"potentialAction\":[{\"@type\":\"ReadAction\",\"target\":[\"https:\/\/prefeitosegestoes.com.br\/portal\/atencao-gestores-municipais-prazo-para-preenchimento-da-pesquisa-nacional-de-mobilidade-urbana-vai-ate-18-de-agosto\/\"]}]},{\"@type\":\"ImageObject\",\"inLanguage\":\"pt-BR\",\"@id\":\"https:\/\/prefeitosegestoes.com.br\/portal\/atencao-gestores-municipais-prazo-para-preenchimento-da-pesquisa-nacional-de-mobilidade-urbana-vai-ate-18-de-agosto\/#primaryimage\",\"url\":\"https:\/\/prefeitosegestoes.com.br\/portal\/wp-content\/uploads\/2025\/07\/mg_2571-2_0.webp\",\"contentUrl\":\"https:\/\/prefeitosegestoes.com.br\/portal\/wp-content\/uploads\/2025\/07\/mg_2571-2_0.webp\",\"width\":1024,\"height\":768},{\"@type\":\"BreadcrumbList\",\"@id\":\"https:\/\/prefeitosegestoes.com.br\/portal\/atencao-gestores-municipais-prazo-para-preenchimento-da-pesquisa-nacional-de-mobilidade-urbana-vai-ate-18-de-agosto\/#breadcrumb\",\"itemListElement\":[{\"@type\":\"ListItem\",\"position\":1,\"name\":\"In\u00edcio\",\"item\":\"https:\/\/prefeitosegestoes.com.br\/portal\/\"},{\"@type\":\"ListItem\",\"position\":2,\"name\":\"Aten\u00e7\u00e3o, GESTORES MUNICIPAIS! Prazo para preenchimento da Pesquisa Nacional de Mobilidade Urbana vai at\u00e9 18 de agosto\"}]},{\"@type\":\"WebSite\",\"@id\":\"https:\/\/prefeitosegestoes.com.br\/portal\/#website\",\"url\":\"https:\/\/prefeitosegestoes.com.br\/portal\/\",\"name\":\"Prefeitos & Gest\u00f5es\",\"description\":\"\",\"publisher\":{\"@id\":\"https:\/\/prefeitosegestoes.com.br\/portal\/#organization\"},\"potentialAction\":[{\"@type\":\"SearchAction\",\"target\":{\"@type\":\"EntryPoint\",\"urlTemplate\":\"https:\/\/prefeitosegestoes.com.br\/portal\/?s={search_term_string}\"},\"query-input\":{\"@type\":\"PropertyValueSpecification\",\"valueRequired\":true,\"valueName\":\"search_term_string\"}}],\"inLanguage\":\"pt-BR\"},{\"@type\":\"Organization\",\"@id\":\"https:\/\/prefeitosegestoes.com.br\/portal\/#organization\",\"name\":\"Prefeitos & Gest\u00f5es\",\"url\":\"https:\/\/prefeitosegestoes.com.br\/portal\/\",\"logo\":{\"@type\":\"ImageObject\",\"inLanguage\":\"pt-BR\",\"@id\":\"https:\/\/prefeitosegestoes.com.br\/portal\/#\/schema\/logo\/image\/\",\"url\":\"https:\/\/prefeitosegestoes.com.br\/portal\/wp-content\/uploads\/2024\/10\/lg_trans_prefeitos_2024_preto2.png\",\"contentUrl\":\"https:\/\/prefeitosegestoes.com.br\/portal\/wp-content\/uploads\/2024\/10\/lg_trans_prefeitos_2024_preto2.png\",\"width\":199,\"height\":122,\"caption\":\"Prefeitos & Gest\u00f5es\"},\"image\":{\"@id\":\"https:\/\/prefeitosegestoes.com.br\/portal\/#\/schema\/logo\/image\/\"},\"sameAs\":[\"https:\/\/www.facebook.com\/prefeitosonline\",\"https:\/\/x.com\/PrefGestoes\"]},{\"@type\":\"Person\",\"@id\":\"https:\/\/prefeitosegestoes.com.br\/portal\/#\/schema\/person\/d00059f2ec99963e7e1850d448ae94b8\",\"name\":\"Prefeitos &amp; Gest\u00f5es\",\"image\":{\"@type\":\"ImageObject\",\"inLanguage\":\"pt-BR\",\"@id\":\"https:\/\/secure.gravatar.com\/avatar\/738fb281e479212ed32c1a21a4307dda9f3af9292edb6918a16c9ce9fff5f48d?s=96&d=mm&r=g\",\"url\":\"https:\/\/secure.gravatar.com\/avatar\/738fb281e479212ed32c1a21a4307dda9f3af9292edb6918a16c9ce9fff5f48d?s=96&d=mm&r=g\",\"contentUrl\":\"https:\/\/secure.gravatar.com\/avatar\/738fb281e479212ed32c1a21a4307dda9f3af9292edb6918a16c9ce9fff5f48d?s=96&d=mm&r=g\",\"caption\":\"Prefeitos &amp; Gest\u00f5es\"},\"url\":\"https:\/\/prefeitosegestoes.com.br\/portal\/author\/prefeitosegestoes\/\"}]}<\/script>\n<!-- \/ Yoast SEO plugin. -->","yoast_head_json":{"title":"Aten\u00e7\u00e3o, GESTORES MUNICIPAIS! Prazo para preenchimento da Pesquisa Nacional de Mobilidade Urbana vai at\u00e9 18 de agosto - Prefeitos &amp; Gest\u00f5es","description":"A Pesquisa Nacional de Mobilidade Urbana (Pemob) nasceu do desejo de entender os caminhos que milh\u00f5es de brasileiros percorrem todos os dias. Realizada anualmente pelo Minist\u00e9rio das Cidades, ela re\u00fane dados sobre o transporte p\u00fablico em munic\u00edpios com mais de 250 mil habitantes. Em 2025, o prazo para que gestores p\u00fablicos preencham o cadastro on-line da Pemob vai at\u00e9 o dia 18 de agosto.","robots":{"index":"index","follow":"follow","max-snippet":"max-snippet:-1","max-image-preview":"max-image-preview:large","max-video-preview":"max-video-preview:-1"},"canonical":"https:\/\/prefeitosegestoes.com.br\/portal\/atencao-gestores-municipais-prazo-para-preenchimento-da-pesquisa-nacional-de-mobilidade-urbana-vai-ate-18-de-agosto\/","og_locale":"pt_BR","og_type":"article","og_title":"Aten\u00e7\u00e3o, GESTORES MUNICIPAIS! Prazo para preenchimento da Pesquisa Nacional de Mobilidade Urbana vai at\u00e9 18 de agosto - Prefeitos &amp; Gest\u00f5es","og_description":"A Pesquisa Nacional de Mobilidade Urbana (Pemob) nasceu do desejo de entender os caminhos que milh\u00f5es de brasileiros percorrem todos os dias. Realizada anualmente pelo Minist\u00e9rio das Cidades, ela re\u00fane dados sobre o transporte p\u00fablico em munic\u00edpios com mais de 250 mil habitantes. Em 2025, o prazo para que gestores p\u00fablicos preencham o cadastro on-line da Pemob vai at\u00e9 o dia 18 de agosto.","og_url":"https:\/\/prefeitosegestoes.com.br\/portal\/atencao-gestores-municipais-prazo-para-preenchimento-da-pesquisa-nacional-de-mobilidade-urbana-vai-ate-18-de-agosto\/","og_site_name":"Prefeitos &amp; Gest\u00f5es","article_publisher":"https:\/\/www.facebook.com\/prefeitosonline","article_published_time":"2025-07-22T20:09:24+00:00","article_modified_time":"2025-07-22T20:11:23+00:00","og_image":[{"width":1024,"height":768,"url":"https:\/\/prefeitosegestoes.com.br\/portal\/wp-content\/uploads\/2025\/07\/mg_2571-2_0.webp","type":"image\/webp"}],"author":"Prefeitos &amp; Gest\u00f5es","twitter_card":"summary_large_image","twitter_creator":"@PrefGestoes","twitter_site":"@PrefGestoes","twitter_misc":{"Escrito por":"Prefeitos &amp; Gest\u00f5es","Est. tempo de leitura":"3 minutos"},"schema":{"@context":"https:\/\/schema.org","@graph":[{"@type":"Article","@id":"https:\/\/prefeitosegestoes.com.br\/portal\/atencao-gestores-municipais-prazo-para-preenchimento-da-pesquisa-nacional-de-mobilidade-urbana-vai-ate-18-de-agosto\/#article","isPartOf":{"@id":"https:\/\/prefeitosegestoes.com.br\/portal\/atencao-gestores-municipais-prazo-para-preenchimento-da-pesquisa-nacional-de-mobilidade-urbana-vai-ate-18-de-agosto\/"},"author":{"name":"Prefeitos &amp; Gest\u00f5es","@id":"https:\/\/prefeitosegestoes.com.br\/portal\/#\/schema\/person\/d00059f2ec99963e7e1850d448ae94b8"},"headline":"Aten\u00e7\u00e3o, GESTORES MUNICIPAIS! Prazo para preenchimento da Pesquisa Nacional de Mobilidade Urbana vai at\u00e9 18 de agosto","datePublished":"2025-07-22T20:09:24+00:00","dateModified":"2025-07-22T20:11:23+00:00","mainEntityOfPage":{"@id":"https:\/\/prefeitosegestoes.com.br\/portal\/atencao-gestores-municipais-prazo-para-preenchimento-da-pesquisa-nacional-de-mobilidade-urbana-vai-ate-18-de-agosto\/"},"wordCount":410,"commentCount":0,"publisher":{"@id":"https:\/\/prefeitosegestoes.com.br\/portal\/#organization"},"image":{"@id":"https:\/\/prefeitosegestoes.com.br\/portal\/atencao-gestores-municipais-prazo-para-preenchimento-da-pesquisa-nacional-de-mobilidade-urbana-vai-ate-18-de-agosto\/#primaryimage"},"thumbnailUrl":"https:\/\/prefeitosegestoes.com.br\/portal\/wp-content\/uploads\/2025\/07\/mg_2571-2_0.webp","keywords":["Cidades","Minist\u00e9rio das Cidades","Mobilidade Urbana","Munic\u00edpios","Pemob"],"articleSection":["Destaques"],"inLanguage":"pt-BR","potentialAction":[{"@type":"CommentAction","name":"Comment","target":["https:\/\/prefeitosegestoes.com.br\/portal\/atencao-gestores-municipais-prazo-para-preenchimento-da-pesquisa-nacional-de-mobilidade-urbana-vai-ate-18-de-agosto\/#respond"]}]},{"@type":"WebPage","@id":"https:\/\/prefeitosegestoes.com.br\/portal\/atencao-gestores-municipais-prazo-para-preenchimento-da-pesquisa-nacional-de-mobilidade-urbana-vai-ate-18-de-agosto\/","url":"https:\/\/prefeitosegestoes.com.br\/portal\/atencao-gestores-municipais-prazo-para-preenchimento-da-pesquisa-nacional-de-mobilidade-urbana-vai-ate-18-de-agosto\/","name":"Aten\u00e7\u00e3o, GESTORES MUNICIPAIS! Prazo para preenchimento da Pesquisa Nacional de Mobilidade Urbana vai at\u00e9 18 de agosto - Prefeitos &amp; Gest\u00f5es","isPartOf":{"@id":"https:\/\/prefeitosegestoes.com.br\/portal\/#website"},"primaryImageOfPage":{"@id":"https:\/\/prefeitosegestoes.com.br\/portal\/atencao-gestores-municipais-prazo-para-preenchimento-da-pesquisa-nacional-de-mobilidade-urbana-vai-ate-18-de-agosto\/#primaryimage"},"image":{"@id":"https:\/\/prefeitosegestoes.com.br\/portal\/atencao-gestores-municipais-prazo-para-preenchimento-da-pesquisa-nacional-de-mobilidade-urbana-vai-ate-18-de-agosto\/#primaryimage"},"thumbnailUrl":"https:\/\/prefeitosegestoes.com.br\/portal\/wp-content\/uploads\/2025\/07\/mg_2571-2_0.webp","datePublished":"2025-07-22T20:09:24+00:00","dateModified":"2025-07-22T20:11:23+00:00","description":"A Pesquisa Nacional de Mobilidade Urbana (Pemob) nasceu do desejo de entender os caminhos que milh\u00f5es de brasileiros percorrem todos os dias. Realizada anualmente pelo Minist\u00e9rio das Cidades, ela re\u00fane dados sobre o transporte p\u00fablico em munic\u00edpios com mais de 250 mil habitantes. Em 2025, o prazo para que gestores p\u00fablicos preencham o cadastro on-line da Pemob vai at\u00e9 o dia 18 de agosto.","breadcrumb":{"@id":"https:\/\/prefeitosegestoes.com.br\/portal\/atencao-gestores-municipais-prazo-para-preenchimento-da-pesquisa-nacional-de-mobilidade-urbana-vai-ate-18-de-agosto\/#breadcrumb"},"inLanguage":"pt-BR","potentialAction":[{"@type":"ReadAction","target":["https:\/\/prefeitosegestoes.com.br\/portal\/atencao-gestores-municipais-prazo-para-preenchimento-da-pesquisa-nacional-de-mobilidade-urbana-vai-ate-18-de-agosto\/"]}]},{"@type":"ImageObject","inLanguage":"pt-BR","@id":"https:\/\/prefeitosegestoes.com.br\/portal\/atencao-gestores-municipais-prazo-para-preenchimento-da-pesquisa-nacional-de-mobilidade-urbana-vai-ate-18-de-agosto\/#primaryimage","url":"https:\/\/prefeitosegestoes.com.br\/portal\/wp-content\/uploads\/2025\/07\/mg_2571-2_0.webp","contentUrl":"https:\/\/prefeitosegestoes.com.br\/portal\/wp-content\/uploads\/2025\/07\/mg_2571-2_0.webp","width":1024,"height":768},{"@type":"BreadcrumbList","@id":"https:\/\/prefeitosegestoes.com.br\/portal\/atencao-gestores-municipais-prazo-para-preenchimento-da-pesquisa-nacional-de-mobilidade-urbana-vai-ate-18-de-agosto\/#breadcrumb","itemListElement":[{"@type":"ListItem","position":1,"name":"In\u00edcio","item":"https:\/\/prefeitosegestoes.com.br\/portal\/"},{"@type":"ListItem","position":2,"name":"Aten\u00e7\u00e3o, GESTORES MUNICIPAIS! Prazo para preenchimento da Pesquisa Nacional de Mobilidade Urbana vai at\u00e9 18 de agosto"}]},{"@type":"WebSite","@id":"https:\/\/prefeitosegestoes.com.br\/portal\/#website","url":"https:\/\/prefeitosegestoes.com.br\/portal\/","name":"Prefeitos & Gest\u00f5es","description":"","publisher":{"@id":"https:\/\/prefeitosegestoes.com.br\/portal\/#organization"},"potentialAction":[{"@type":"SearchAction","target":{"@type":"EntryPoint","urlTemplate":"https:\/\/prefeitosegestoes.com.br\/portal\/?s={search_term_string}"},"query-input":{"@type":"PropertyValueSpecification","valueRequired":true,"valueName":"search_term_string"}}],"inLanguage":"pt-BR"},{"@type":"Organization","@id":"https:\/\/prefeitosegestoes.com.br\/portal\/#organization","name":"Prefeitos & Gest\u00f5es","url":"https:\/\/prefeitosegestoes.com.br\/portal\/","logo":{"@type":"ImageObject","inLanguage":"pt-BR","@id":"https:\/\/prefeitosegestoes.com.br\/portal\/#\/schema\/logo\/image\/","url":"https:\/\/prefeitosegestoes.com.br\/portal\/wp-content\/uploads\/2024\/10\/lg_trans_prefeitos_2024_preto2.png","contentUrl":"https:\/\/prefeitosegestoes.com.br\/portal\/wp-content\/uploads\/2024\/10\/lg_trans_prefeitos_2024_preto2.png","width":199,"height":122,"caption":"Prefeitos & Gest\u00f5es"},"image":{"@id":"https:\/\/prefeitosegestoes.com.br\/portal\/#\/schema\/logo\/image\/"},"sameAs":["https:\/\/www.facebook.com\/prefeitosonline","https:\/\/x.com\/PrefGestoes"]},{"@type":"Person","@id":"https:\/\/prefeitosegestoes.com.br\/portal\/#\/schema\/person\/d00059f2ec99963e7e1850d448ae94b8","name":"Prefeitos &amp; Gest\u00f5es","image":{"@type":"ImageObject","inLanguage":"pt-BR","@id":"https:\/\/secure.gravatar.com\/avatar\/738fb281e479212ed32c1a21a4307dda9f3af9292edb6918a16c9ce9fff5f48d?s=96&d=mm&r=g","url":"https:\/\/secure.gravatar.com\/avatar\/738fb281e479212ed32c1a21a4307dda9f3af9292edb6918a16c9ce9fff5f48d?s=96&d=mm&r=g","contentUrl":"https:\/\/secure.gravatar.com\/avatar\/738fb281e479212ed32c1a21a4307dda9f3af9292edb6918a16c9ce9fff5f48d?s=96&d=mm&r=g","caption":"Prefeitos &amp; Gest\u00f5es"},"url":"https:\/\/prefeitosegestoes.com.br\/portal\/author\/prefeitosegestoes\/"}]}},"_links":{"self":[{"href":"https:\/\/prefeitosegestoes.com.br\/portal\/wp-json\/wp\/v2\/posts\/3669","targetHints":{"allow":["GET"]}}],"collection":[{"href":"https:\/\/prefeitosegestoes.com.br\/portal\/wp-json\/wp\/v2\/posts"}],"about":[{"href":"https:\/\/prefeitosegestoes.com.br\/portal\/wp-json\/wp\/v2\/types\/post"}],"author":[{"embeddable":true,"href":"https:\/\/prefeitosegestoes.com.br\/portal\/wp-json\/wp\/v2\/users\/2"}],"replies":[{"embeddable":true,"href":"https:\/\/prefeitosegestoes.com.br\/portal\/wp-json\/wp\/v2\/comments?post=3669"}],"version-history":[{"count":3,"href":"https:\/\/prefeitosegestoes.com.br\/portal\/wp-json\/wp\/v2\/posts\/3669\/revisions"}],"predecessor-version":[{"id":3673,"href":"https:\/\/prefeitosegestoes.com.br\/portal\/wp-json\/wp\/v2\/posts\/3669\/revisions\/3673"}],"wp:featuredmedia":[{"embeddable":true,"href":"https:\/\/prefeitosegestoes.com.br\/portal\/wp-json\/wp\/v2\/media\/3670"}],"wp:attachment":[{"href":"https:\/\/prefeitosegestoes.com.br\/portal\/wp-json\/wp\/v2\/media?parent=3669"}],"wp:term":[{"taxonomy":"category","embeddable":true,"href":"https:\/\/prefeitosegestoes.com.br\/portal\/wp-json\/wp\/v2\/categories?post=3669"},{"taxonomy":"post_tag","embeddable":true,"href":"https:\/\/prefeitosegestoes.com.br\/portal\/wp-json\/wp\/v2\/tags?post=3669"}],"curies":[{"name":"wp","href":"https:\/\/api.w.org\/{rel}","templated":true}]}}