{"id":3666,"date":"2025-07-22T12:22:25","date_gmt":"2025-07-22T15:22:25","guid":{"rendered":"https:\/\/prefeitosegestoes.com.br\/portal\/?p=3666"},"modified":"2025-07-22T12:22:25","modified_gmt":"2025-07-22T15:22:25","slug":"tendencia-de-consumo-em-favelas-foge-de-estereotipo-da-pobreza-extrema","status":"publish","type":"post","link":"https:\/\/prefeitosegestoes.com.br\/portal\/tendencia-de-consumo-em-favelas-foge-de-estereotipo-da-pobreza-extrema\/","title":{"rendered":"Tend\u00eancia de consumo em favelas foge de estere\u00f3tipo da pobreza extrema"},"content":{"rendered":"<div class=\"header-noticia full-width\">\n<h6>S\u00e3o Paulo (SP), 25\/06\/2025 &#8211; Favela do Moinho no centro da capital paulista. Foto: Rovena Rosa\/Ag\u00eancia Brasil<\/h6>\n<h2 class=\"linha-fina-noticia\">19% t\u00eam como maior sonho melhores condi\u00e7\u00f5es de moradia<\/h2>\n<\/div>\n<div class=\"subheader\">\n<div class=\"container-autoria\">\n<div class=\"autor-noticia\">Guilherme Jeronymo, rep\u00f3rter da Ag\u00eancia Brasil<\/div>\n<div class=\"container-data rowflex\">\n<div class=\"data\">Publicado em 22\/07\/2025 &#8211; 09:01<\/div>\n<\/div>\n<div class=\"local\">S\u00e3o Paulo<\/div>\n<\/div>\n<nav class=\"compartilhamento rowflex\"><\/nav>\n<\/div>\n<div class=\"capa-materia rel-position\">\n<figure><img decoding=\"async\" id=\"media-461\" title=\"Fernando Fraz\u00e3o\/Ag\u00eancia Brasil\" src=\"https:\/\/imagens.ebc.com.br\/cTZk1vNCc9FliAFVazuN1AykUIc=\/1170x700\/smart\/https:\/\/agenciabrasil.ebc.com.br\/sites\/default\/files\/atoms\/image\/1091736-ferfraz_abr_20170922_160815_1.jpg?itok=pp8sJCh_\" alt=\"Rio de Janeiro - Favela da Rocinha. (Foto:  Fernando Fraz\u00e3o\/Ag\u00eanci Brasil)\" \/><figcaption class=\"credito-foto abs-position fullwidth\">\u00a9 Fernando Fraz\u00e3o\/Ag\u00eancia Brasil<\/figcaption><\/figure>\n<\/div>\n<div id=\"block-tts-block-tts\" class=\"block block-tts\">\n<div class=\"content\">\n<div id=\"tts-container\" class=\"container-audio rel-position\">\n<div class=\"title abs-position\">Vers\u00e3o em \u00e1udio<\/div>\n<\/div>\n<\/div>\n<\/div>\n<div class=\"conteudo-noticia\">\n<p><strong>Pesquisa realizada em favelas de todo o pa\u00eds analisou percep\u00e7\u00f5es sobre consumo, condi\u00e7\u00f5es de vida e perspectivas dos moradores. Contrariando o estere\u00f3tipo de que s\u00e3o espa\u00e7os de pobreza, onde o pr\u00f3prio desejo pelo consumo enfrenta limita\u00e7\u00f5es, as respostas indicam um ambiente comercial pujante e alinhado \u00e0s principais marcas e plataformas utilizadas no restante do pa\u00eds.<\/strong><img decoding=\"async\" src=\"https:\/\/agenciabrasil.ebc.com.br\/ebc.png?id=1651531&amp;o=node\" \/><img decoding=\"async\" src=\"https:\/\/agenciabrasil.ebc.com.br\/ebc.gif?id=1651531&amp;o=node\" \/><\/p>\n<p>O estudo ouviu 16 mil pessoas, com atua\u00e7\u00e3o de mil volunt\u00e1rios ligados \u00e0 Central \u00danica das Favelas (Cufa), e metodologia do instituto de pesquisas Data Favela.<\/p>\n<p>Entre as percep\u00e7\u00f5es, a de que 83% dos entrevistados preferem produtos que ao mesmo tempo sejam baratos, mas tenham qualidade; 85% se sentem realizados quando conseguem juntar recursos para comprar um produto de acesso mais dif\u00edcil; e 78% se esfor\u00e7am para adquirir produtos cujo acesso n\u00e3o foi poss\u00edvel quando eram mais jovens, o que denota uma percep\u00e7\u00e3o do consumo como conquista e do acesso como direito e pertencimento.<\/p>\n<p><strong>A sensa\u00e7\u00e3o de frustra\u00e7\u00e3o tamb\u00e9m foi investigada pela pesquisa. E mais: 50% dos entrevistados consideraram j\u00e1 ter passado por situa\u00e7\u00e3o de constrangimento ou humilha\u00e7\u00e3o por n\u00e3o ter acesso a um produto, enquanto 62% se sentiram exclu\u00eddos porque n\u00e3o t\u00eam condi\u00e7\u00f5es financeiras de consumir um produto que est\u00e1 na moda.<\/strong><\/p>\n<p><a href=\"https:\/\/www.whatsapp.com\/channel\/0029VaoRTgrInlqYLSk59B2M\" target=\"_blank\" rel=\"noopener\">&gt;&gt; Siga o canal da\u00a0<strong>Ag\u00eancia Brasil\u00a0<\/strong>no WhatsApp<\/a><\/p>\n<p>Outro aspecto destacado pela pesquisa foi a percep\u00e7\u00e3o da import\u00e2ncia dos cuidados com a apar\u00eancia: 77% dos entrevistados disse se importar com a apar\u00eancia, 57% consideraram produtos cosm\u00e9ticos como itens de primeira necessidade e 37% disseram que ter boa apar\u00eancia \u00e9 um elemento positivo para melhores condi\u00e7\u00f5es profissionais.<\/p>\n<h2>Anseios<\/h2>\n<p>A pesquisa tamb\u00e9m buscou a percep\u00e7\u00e3o sobre quais os principais anseios dos moradores: 19% t\u00eam como maior sonho melhores condi\u00e7\u00f5es de moradia e 18% mais acesso a hospitais e postos de sa\u00fade.<\/p>\n<p>Outros 18% priorizaram mais seguran\u00e7a, enquanto 14% sonham com mais infraestrutura, como rede de esgoto e ilumina\u00e7\u00e3o. O item Respeito para os moradores foi prioridade para 9% dos ouvidos, enquanto o item op\u00e7\u00f5es de lazer ficou com 7%; mais escolas com 5% e mais op\u00e7\u00f5es de transporte, 4%. Cinco por cento priorizaram outros sonhos e 1% n\u00e3o definiu nenhum desejo como priorit\u00e1rio.<\/p>\n<div class=\"dnd-widget-wrapper context-cheio_8colunas type-image\">\n<div class=\"dnd-atom-rendered\"><img decoding=\"async\" title=\"T\u00e2nia R\u00eago\/Ag\u00eancia Brasil\" src=\"https:\/\/imagens.ebc.com.br\/JEjOrS7gXpl5VACy_WilNszEAvU=\/754x0\/smart\/https:\/\/agenciabrasil.ebc.com.br\/sites\/default\/files\/thumbnails\/image\/trbr7132_0.jpg?itok=0tC_MZ1E\" alt=\"Rio de Janeiro (RJ), 22\/02\/2023 - Aglomerado de casas das favelas do Complexo do Alem\u00e3o, zona norte da cidade.  Foto: T\u00e2nia R\u00eago\/Ag\u00eancia Brasil\" \/><\/div>\n<div class=\"dnd-caption-wrapper\">\n<div class=\"meta\">Pesquisa diz que 62% dos moradores de favelas se sentem exclu\u00eddos porque n\u00e3o t\u00eam condi\u00e7\u00f5es financeiras de consumir produto que est\u00e1 na moda.\u00a0<strong>Foto<\/strong>\u00a0&#8211;\u00a0<strong>T\u00e2nia R\u00eago\/Ag\u00eancia Brasil<\/strong><\/div>\n<\/div>\n<\/div>\n<h2>Como a favela compra<\/h2>\n<p><strong>O consumo\u00a0<em>on-line<\/em>\u00a0\u00e9 realizado por seis em cada 10 moradores das favelas nas quais vivem no pa\u00eds cerca de 17 milh\u00f5es de pessoas com mais de 18 anos em 8% dos lares do pa\u00eds.<\/strong><\/p>\n<p>As principais plataformas preferidas s\u00e3o\u00a0<em>Shopee<\/em>,\u00a0<em>Mercado Livre<\/em>\u00a0e\u00a0<em>Shein<\/em>, com 78% de men\u00e7\u00f5es como sites em que os moradores da regi\u00e3o costumam comprar, com lideran\u00e7a consider\u00e1vel da primeira, usada por 40% dos entrevistados.<\/p>\n<blockquote><p>Quanto \u00e0s inten\u00e7\u00f5es de compras em um intervalo de seis meses, 70% dos moradores de favelas pretendem adquirir pe\u00e7as de vesti\u00e1rio, 60% desejam comprar itens de beleza e perfumaria e 51% somente produtos de beleza. Material de constru\u00e7\u00e3o est\u00e1 entre os desejos pr\u00f3ximos de 51% dos entrevistados, mesmo n\u00famero dos que t\u00eam pretens\u00e3o de adquirir eletrodom\u00e9sticos. J\u00e1 43% pretendem comprar eletr\u00f4nicos, enquanto 43% sonham consumir cursos diversos e 29% cursos de idiomas.<\/p><\/blockquote>\n<p>A pesquisa apurou ainda dificuldades em compras on-line. E mais: 60% dos entrevistados relataram ocorr\u00eancia de atrasos na entrega de encomendas, enquanto 20% n\u00e3o receberam encomendas, pois o endere\u00e7o n\u00e3o foi encontrado. Metade dos entrevistados disse ter recebido mensagens ou e-mails fraudulentos sobre encomendas. Um ter\u00e7o dos ouvidos caiu em golpes de mensagens ou\u00a0<em>e-mails<\/em>.<\/p>\n<div class=\"noticias-relacionadas rel-position rowflex\">\n<div class=\"title abs-position\">Fonte: Ag\u00eancia Brasil<\/div>\n<div class=\"capa-noticia-relacionada\"><\/div>\n<\/div>\n<\/div>\n","protected":false},"excerpt":{"rendered":"<p>S\u00e3o Paulo (SP), 25\/06\/2025 &#8211; Favela do Moinho no centro da capital paulista. Foto: Rovena Rosa\/Ag\u00eancia Brasil 19% t\u00eam como maior sonho melhores condi\u00e7\u00f5es de moradia Guilherme Jeronymo, rep\u00f3rter da Ag\u00eancia Brasil Publicado em 22\/07\/2025 &#8211; 09:01 S\u00e3o Paulo \u00a9 Fernando Fraz\u00e3o\/Ag\u00eancia Brasil Vers\u00e3o em \u00e1udio Pesquisa realizada em favelas de todo o pa\u00eds analisou [&hellip;]<\/p>\n","protected":false},"author":2,"featured_media":3667,"comment_status":"open","ping_status":"open","sticky":false,"template":"","format":"standard","meta":{"rop_custom_images_group":[],"rop_custom_messages_group":[],"rop_publish_now":"initial","rop_publish_now_accounts":{"twitter_850042665852968960_850042665852968960":""},"rop_publish_now_history":[],"rop_publish_now_status":"pending","footnotes":""},"categories":[15],"tags":[694,695,693,281,597],"class_list":["post-3666","post","type-post","status-publish","format-standard","has-post-thumbnail","hentry","category-destaques","tag-casa-propria","tag-extrema","tag-favela","tag-fome","tag-miseria"],"yoast_head":"<!-- This site is optimized with the Yoast SEO plugin v27.2 - https:\/\/yoast.com\/product\/yoast-seo-wordpress\/ -->\n<title>Tend\u00eancia de consumo em favelas foge de estere\u00f3tipo da pobreza extrema - Prefeitos &amp; Gest\u00f5es<\/title>\n<meta name=\"robots\" content=\"index, follow, max-snippet:-1, max-image-preview:large, max-video-preview:-1\" \/>\n<link rel=\"canonical\" href=\"https:\/\/prefeitosegestoes.com.br\/portal\/tendencia-de-consumo-em-favelas-foge-de-estereotipo-da-pobreza-extrema\/\" \/>\n<meta property=\"og:locale\" content=\"pt_BR\" \/>\n<meta property=\"og:type\" content=\"article\" \/>\n<meta property=\"og:title\" content=\"Tend\u00eancia de consumo em favelas foge de estere\u00f3tipo da pobreza extrema - Prefeitos &amp; Gest\u00f5es\" \/>\n<meta property=\"og:description\" content=\"S\u00e3o Paulo (SP), 25\/06\/2025 &#8211; Favela do Moinho no centro da capital paulista. Foto: Rovena Rosa\/Ag\u00eancia Brasil 19% t\u00eam como maior sonho melhores condi\u00e7\u00f5es de moradia Guilherme Jeronymo, rep\u00f3rter da Ag\u00eancia Brasil Publicado em 22\/07\/2025 &#8211; 09:01 S\u00e3o Paulo \u00a9 Fernando Fraz\u00e3o\/Ag\u00eancia Brasil Vers\u00e3o em \u00e1udio Pesquisa realizada em favelas de todo o pa\u00eds analisou [&hellip;]\" \/>\n<meta property=\"og:url\" content=\"https:\/\/prefeitosegestoes.com.br\/portal\/tendencia-de-consumo-em-favelas-foge-de-estereotipo-da-pobreza-extrema\/\" \/>\n<meta property=\"og:site_name\" content=\"Prefeitos &amp; Gest\u00f5es\" \/>\n<meta property=\"article:publisher\" content=\"https:\/\/www.facebook.com\/prefeitosonline\" \/>\n<meta property=\"article:published_time\" content=\"2025-07-22T15:22:25+00:00\" \/>\n<meta property=\"og:image\" content=\"https:\/\/prefeitosegestoes.com.br\/portal\/wp-content\/uploads\/2025\/07\/0g0a3141_1.webp\" \/>\n\t<meta property=\"og:image:width\" content=\"1024\" \/>\n\t<meta property=\"og:image:height\" content=\"768\" \/>\n\t<meta property=\"og:image:type\" content=\"image\/webp\" \/>\n<meta name=\"author\" content=\"Prefeitos &amp; Gest\u00f5es\" \/>\n<meta name=\"twitter:card\" content=\"summary_large_image\" \/>\n<meta name=\"twitter:creator\" content=\"@PrefGestoes\" \/>\n<meta name=\"twitter:site\" content=\"@PrefGestoes\" \/>\n<meta name=\"twitter:label1\" content=\"Escrito por\" \/>\n\t<meta name=\"twitter:data1\" content=\"Prefeitos &amp; Gest\u00f5es\" \/>\n\t<meta name=\"twitter:label2\" content=\"Est. tempo de leitura\" \/>\n\t<meta name=\"twitter:data2\" content=\"5 minutos\" \/>\n<script type=\"application\/ld+json\" class=\"yoast-schema-graph\">{\"@context\":\"https:\/\/schema.org\",\"@graph\":[{\"@type\":\"Article\",\"@id\":\"https:\/\/prefeitosegestoes.com.br\/portal\/tendencia-de-consumo-em-favelas-foge-de-estereotipo-da-pobreza-extrema\/#article\",\"isPartOf\":{\"@id\":\"https:\/\/prefeitosegestoes.com.br\/portal\/tendencia-de-consumo-em-favelas-foge-de-estereotipo-da-pobreza-extrema\/\"},\"author\":{\"name\":\"Prefeitos &amp; Gest\u00f5es\",\"@id\":\"https:\/\/prefeitosegestoes.com.br\/portal\/#\/schema\/person\/d00059f2ec99963e7e1850d448ae94b8\"},\"headline\":\"Tend\u00eancia de consumo em favelas foge de estere\u00f3tipo da pobreza extrema\",\"datePublished\":\"2025-07-22T15:22:25+00:00\",\"mainEntityOfPage\":{\"@id\":\"https:\/\/prefeitosegestoes.com.br\/portal\/tendencia-de-consumo-em-favelas-foge-de-estereotipo-da-pobreza-extrema\/\"},\"wordCount\":689,\"commentCount\":0,\"publisher\":{\"@id\":\"https:\/\/prefeitosegestoes.com.br\/portal\/#organization\"},\"image\":{\"@id\":\"https:\/\/prefeitosegestoes.com.br\/portal\/tendencia-de-consumo-em-favelas-foge-de-estereotipo-da-pobreza-extrema\/#primaryimage\"},\"thumbnailUrl\":\"https:\/\/prefeitosegestoes.com.br\/portal\/wp-content\/uploads\/2025\/07\/0g0a3141_1.webp\",\"keywords\":[\"Casa Pr\u00f3pria\",\"Extrema\",\"Favela\",\"Fome\",\"Mis\u00e9ria\"],\"articleSection\":[\"Destaques\"],\"inLanguage\":\"pt-BR\",\"potentialAction\":[{\"@type\":\"CommentAction\",\"name\":\"Comment\",\"target\":[\"https:\/\/prefeitosegestoes.com.br\/portal\/tendencia-de-consumo-em-favelas-foge-de-estereotipo-da-pobreza-extrema\/#respond\"]}]},{\"@type\":\"WebPage\",\"@id\":\"https:\/\/prefeitosegestoes.com.br\/portal\/tendencia-de-consumo-em-favelas-foge-de-estereotipo-da-pobreza-extrema\/\",\"url\":\"https:\/\/prefeitosegestoes.com.br\/portal\/tendencia-de-consumo-em-favelas-foge-de-estereotipo-da-pobreza-extrema\/\",\"name\":\"Tend\u00eancia de consumo em favelas foge de estere\u00f3tipo da pobreza extrema - Prefeitos &amp; Gest\u00f5es\",\"isPartOf\":{\"@id\":\"https:\/\/prefeitosegestoes.com.br\/portal\/#website\"},\"primaryImageOfPage\":{\"@id\":\"https:\/\/prefeitosegestoes.com.br\/portal\/tendencia-de-consumo-em-favelas-foge-de-estereotipo-da-pobreza-extrema\/#primaryimage\"},\"image\":{\"@id\":\"https:\/\/prefeitosegestoes.com.br\/portal\/tendencia-de-consumo-em-favelas-foge-de-estereotipo-da-pobreza-extrema\/#primaryimage\"},\"thumbnailUrl\":\"https:\/\/prefeitosegestoes.com.br\/portal\/wp-content\/uploads\/2025\/07\/0g0a3141_1.webp\",\"datePublished\":\"2025-07-22T15:22:25+00:00\",\"breadcrumb\":{\"@id\":\"https:\/\/prefeitosegestoes.com.br\/portal\/tendencia-de-consumo-em-favelas-foge-de-estereotipo-da-pobreza-extrema\/#breadcrumb\"},\"inLanguage\":\"pt-BR\",\"potentialAction\":[{\"@type\":\"ReadAction\",\"target\":[\"https:\/\/prefeitosegestoes.com.br\/portal\/tendencia-de-consumo-em-favelas-foge-de-estereotipo-da-pobreza-extrema\/\"]}]},{\"@type\":\"ImageObject\",\"inLanguage\":\"pt-BR\",\"@id\":\"https:\/\/prefeitosegestoes.com.br\/portal\/tendencia-de-consumo-em-favelas-foge-de-estereotipo-da-pobreza-extrema\/#primaryimage\",\"url\":\"https:\/\/prefeitosegestoes.com.br\/portal\/wp-content\/uploads\/2025\/07\/0g0a3141_1.webp\",\"contentUrl\":\"https:\/\/prefeitosegestoes.com.br\/portal\/wp-content\/uploads\/2025\/07\/0g0a3141_1.webp\",\"width\":1024,\"height\":768},{\"@type\":\"BreadcrumbList\",\"@id\":\"https:\/\/prefeitosegestoes.com.br\/portal\/tendencia-de-consumo-em-favelas-foge-de-estereotipo-da-pobreza-extrema\/#breadcrumb\",\"itemListElement\":[{\"@type\":\"ListItem\",\"position\":1,\"name\":\"In\u00edcio\",\"item\":\"https:\/\/prefeitosegestoes.com.br\/portal\/\"},{\"@type\":\"ListItem\",\"position\":2,\"name\":\"Tend\u00eancia de consumo em favelas foge de estere\u00f3tipo da pobreza extrema\"}]},{\"@type\":\"WebSite\",\"@id\":\"https:\/\/prefeitosegestoes.com.br\/portal\/#website\",\"url\":\"https:\/\/prefeitosegestoes.com.br\/portal\/\",\"name\":\"Prefeitos & Gest\u00f5es\",\"description\":\"\",\"publisher\":{\"@id\":\"https:\/\/prefeitosegestoes.com.br\/portal\/#organization\"},\"potentialAction\":[{\"@type\":\"SearchAction\",\"target\":{\"@type\":\"EntryPoint\",\"urlTemplate\":\"https:\/\/prefeitosegestoes.com.br\/portal\/?s={search_term_string}\"},\"query-input\":{\"@type\":\"PropertyValueSpecification\",\"valueRequired\":true,\"valueName\":\"search_term_string\"}}],\"inLanguage\":\"pt-BR\"},{\"@type\":\"Organization\",\"@id\":\"https:\/\/prefeitosegestoes.com.br\/portal\/#organization\",\"name\":\"Prefeitos & Gest\u00f5es\",\"url\":\"https:\/\/prefeitosegestoes.com.br\/portal\/\",\"logo\":{\"@type\":\"ImageObject\",\"inLanguage\":\"pt-BR\",\"@id\":\"https:\/\/prefeitosegestoes.com.br\/portal\/#\/schema\/logo\/image\/\",\"url\":\"https:\/\/prefeitosegestoes.com.br\/portal\/wp-content\/uploads\/2024\/10\/lg_trans_prefeitos_2024_preto2.png\",\"contentUrl\":\"https:\/\/prefeitosegestoes.com.br\/portal\/wp-content\/uploads\/2024\/10\/lg_trans_prefeitos_2024_preto2.png\",\"width\":199,\"height\":122,\"caption\":\"Prefeitos & Gest\u00f5es\"},\"image\":{\"@id\":\"https:\/\/prefeitosegestoes.com.br\/portal\/#\/schema\/logo\/image\/\"},\"sameAs\":[\"https:\/\/www.facebook.com\/prefeitosonline\",\"https:\/\/x.com\/PrefGestoes\"]},{\"@type\":\"Person\",\"@id\":\"https:\/\/prefeitosegestoes.com.br\/portal\/#\/schema\/person\/d00059f2ec99963e7e1850d448ae94b8\",\"name\":\"Prefeitos &amp; Gest\u00f5es\",\"image\":{\"@type\":\"ImageObject\",\"inLanguage\":\"pt-BR\",\"@id\":\"https:\/\/secure.gravatar.com\/avatar\/738fb281e479212ed32c1a21a4307dda9f3af9292edb6918a16c9ce9fff5f48d?s=96&d=mm&r=g\",\"url\":\"https:\/\/secure.gravatar.com\/avatar\/738fb281e479212ed32c1a21a4307dda9f3af9292edb6918a16c9ce9fff5f48d?s=96&d=mm&r=g\",\"contentUrl\":\"https:\/\/secure.gravatar.com\/avatar\/738fb281e479212ed32c1a21a4307dda9f3af9292edb6918a16c9ce9fff5f48d?s=96&d=mm&r=g\",\"caption\":\"Prefeitos &amp; Gest\u00f5es\"},\"url\":\"https:\/\/prefeitosegestoes.com.br\/portal\/author\/prefeitosegestoes\/\"}]}<\/script>\n<!-- \/ Yoast SEO plugin. -->","yoast_head_json":{"title":"Tend\u00eancia de consumo em favelas foge de estere\u00f3tipo da pobreza extrema - Prefeitos &amp; Gest\u00f5es","robots":{"index":"index","follow":"follow","max-snippet":"max-snippet:-1","max-image-preview":"max-image-preview:large","max-video-preview":"max-video-preview:-1"},"canonical":"https:\/\/prefeitosegestoes.com.br\/portal\/tendencia-de-consumo-em-favelas-foge-de-estereotipo-da-pobreza-extrema\/","og_locale":"pt_BR","og_type":"article","og_title":"Tend\u00eancia de consumo em favelas foge de estere\u00f3tipo da pobreza extrema - Prefeitos &amp; Gest\u00f5es","og_description":"S\u00e3o Paulo (SP), 25\/06\/2025 &#8211; Favela do Moinho no centro da capital paulista. Foto: Rovena Rosa\/Ag\u00eancia Brasil 19% t\u00eam como maior sonho melhores condi\u00e7\u00f5es de moradia Guilherme Jeronymo, rep\u00f3rter da Ag\u00eancia Brasil Publicado em 22\/07\/2025 &#8211; 09:01 S\u00e3o Paulo \u00a9 Fernando Fraz\u00e3o\/Ag\u00eancia Brasil Vers\u00e3o em \u00e1udio Pesquisa realizada em favelas de todo o pa\u00eds analisou [&hellip;]","og_url":"https:\/\/prefeitosegestoes.com.br\/portal\/tendencia-de-consumo-em-favelas-foge-de-estereotipo-da-pobreza-extrema\/","og_site_name":"Prefeitos &amp; Gest\u00f5es","article_publisher":"https:\/\/www.facebook.com\/prefeitosonline","article_published_time":"2025-07-22T15:22:25+00:00","og_image":[{"width":1024,"height":768,"url":"https:\/\/prefeitosegestoes.com.br\/portal\/wp-content\/uploads\/2025\/07\/0g0a3141_1.webp","type":"image\/webp"}],"author":"Prefeitos &amp; Gest\u00f5es","twitter_card":"summary_large_image","twitter_creator":"@PrefGestoes","twitter_site":"@PrefGestoes","twitter_misc":{"Escrito por":"Prefeitos &amp; Gest\u00f5es","Est. tempo de leitura":"5 minutos"},"schema":{"@context":"https:\/\/schema.org","@graph":[{"@type":"Article","@id":"https:\/\/prefeitosegestoes.com.br\/portal\/tendencia-de-consumo-em-favelas-foge-de-estereotipo-da-pobreza-extrema\/#article","isPartOf":{"@id":"https:\/\/prefeitosegestoes.com.br\/portal\/tendencia-de-consumo-em-favelas-foge-de-estereotipo-da-pobreza-extrema\/"},"author":{"name":"Prefeitos &amp; Gest\u00f5es","@id":"https:\/\/prefeitosegestoes.com.br\/portal\/#\/schema\/person\/d00059f2ec99963e7e1850d448ae94b8"},"headline":"Tend\u00eancia de consumo em favelas foge de estere\u00f3tipo da pobreza extrema","datePublished":"2025-07-22T15:22:25+00:00","mainEntityOfPage":{"@id":"https:\/\/prefeitosegestoes.com.br\/portal\/tendencia-de-consumo-em-favelas-foge-de-estereotipo-da-pobreza-extrema\/"},"wordCount":689,"commentCount":0,"publisher":{"@id":"https:\/\/prefeitosegestoes.com.br\/portal\/#organization"},"image":{"@id":"https:\/\/prefeitosegestoes.com.br\/portal\/tendencia-de-consumo-em-favelas-foge-de-estereotipo-da-pobreza-extrema\/#primaryimage"},"thumbnailUrl":"https:\/\/prefeitosegestoes.com.br\/portal\/wp-content\/uploads\/2025\/07\/0g0a3141_1.webp","keywords":["Casa Pr\u00f3pria","Extrema","Favela","Fome","Mis\u00e9ria"],"articleSection":["Destaques"],"inLanguage":"pt-BR","potentialAction":[{"@type":"CommentAction","name":"Comment","target":["https:\/\/prefeitosegestoes.com.br\/portal\/tendencia-de-consumo-em-favelas-foge-de-estereotipo-da-pobreza-extrema\/#respond"]}]},{"@type":"WebPage","@id":"https:\/\/prefeitosegestoes.com.br\/portal\/tendencia-de-consumo-em-favelas-foge-de-estereotipo-da-pobreza-extrema\/","url":"https:\/\/prefeitosegestoes.com.br\/portal\/tendencia-de-consumo-em-favelas-foge-de-estereotipo-da-pobreza-extrema\/","name":"Tend\u00eancia de consumo em favelas foge de estere\u00f3tipo da pobreza extrema - Prefeitos &amp; Gest\u00f5es","isPartOf":{"@id":"https:\/\/prefeitosegestoes.com.br\/portal\/#website"},"primaryImageOfPage":{"@id":"https:\/\/prefeitosegestoes.com.br\/portal\/tendencia-de-consumo-em-favelas-foge-de-estereotipo-da-pobreza-extrema\/#primaryimage"},"image":{"@id":"https:\/\/prefeitosegestoes.com.br\/portal\/tendencia-de-consumo-em-favelas-foge-de-estereotipo-da-pobreza-extrema\/#primaryimage"},"thumbnailUrl":"https:\/\/prefeitosegestoes.com.br\/portal\/wp-content\/uploads\/2025\/07\/0g0a3141_1.webp","datePublished":"2025-07-22T15:22:25+00:00","breadcrumb":{"@id":"https:\/\/prefeitosegestoes.com.br\/portal\/tendencia-de-consumo-em-favelas-foge-de-estereotipo-da-pobreza-extrema\/#breadcrumb"},"inLanguage":"pt-BR","potentialAction":[{"@type":"ReadAction","target":["https:\/\/prefeitosegestoes.com.br\/portal\/tendencia-de-consumo-em-favelas-foge-de-estereotipo-da-pobreza-extrema\/"]}]},{"@type":"ImageObject","inLanguage":"pt-BR","@id":"https:\/\/prefeitosegestoes.com.br\/portal\/tendencia-de-consumo-em-favelas-foge-de-estereotipo-da-pobreza-extrema\/#primaryimage","url":"https:\/\/prefeitosegestoes.com.br\/portal\/wp-content\/uploads\/2025\/07\/0g0a3141_1.webp","contentUrl":"https:\/\/prefeitosegestoes.com.br\/portal\/wp-content\/uploads\/2025\/07\/0g0a3141_1.webp","width":1024,"height":768},{"@type":"BreadcrumbList","@id":"https:\/\/prefeitosegestoes.com.br\/portal\/tendencia-de-consumo-em-favelas-foge-de-estereotipo-da-pobreza-extrema\/#breadcrumb","itemListElement":[{"@type":"ListItem","position":1,"name":"In\u00edcio","item":"https:\/\/prefeitosegestoes.com.br\/portal\/"},{"@type":"ListItem","position":2,"name":"Tend\u00eancia de consumo em favelas foge de estere\u00f3tipo da pobreza extrema"}]},{"@type":"WebSite","@id":"https:\/\/prefeitosegestoes.com.br\/portal\/#website","url":"https:\/\/prefeitosegestoes.com.br\/portal\/","name":"Prefeitos & Gest\u00f5es","description":"","publisher":{"@id":"https:\/\/prefeitosegestoes.com.br\/portal\/#organization"},"potentialAction":[{"@type":"SearchAction","target":{"@type":"EntryPoint","urlTemplate":"https:\/\/prefeitosegestoes.com.br\/portal\/?s={search_term_string}"},"query-input":{"@type":"PropertyValueSpecification","valueRequired":true,"valueName":"search_term_string"}}],"inLanguage":"pt-BR"},{"@type":"Organization","@id":"https:\/\/prefeitosegestoes.com.br\/portal\/#organization","name":"Prefeitos & Gest\u00f5es","url":"https:\/\/prefeitosegestoes.com.br\/portal\/","logo":{"@type":"ImageObject","inLanguage":"pt-BR","@id":"https:\/\/prefeitosegestoes.com.br\/portal\/#\/schema\/logo\/image\/","url":"https:\/\/prefeitosegestoes.com.br\/portal\/wp-content\/uploads\/2024\/10\/lg_trans_prefeitos_2024_preto2.png","contentUrl":"https:\/\/prefeitosegestoes.com.br\/portal\/wp-content\/uploads\/2024\/10\/lg_trans_prefeitos_2024_preto2.png","width":199,"height":122,"caption":"Prefeitos & Gest\u00f5es"},"image":{"@id":"https:\/\/prefeitosegestoes.com.br\/portal\/#\/schema\/logo\/image\/"},"sameAs":["https:\/\/www.facebook.com\/prefeitosonline","https:\/\/x.com\/PrefGestoes"]},{"@type":"Person","@id":"https:\/\/prefeitosegestoes.com.br\/portal\/#\/schema\/person\/d00059f2ec99963e7e1850d448ae94b8","name":"Prefeitos &amp; Gest\u00f5es","image":{"@type":"ImageObject","inLanguage":"pt-BR","@id":"https:\/\/secure.gravatar.com\/avatar\/738fb281e479212ed32c1a21a4307dda9f3af9292edb6918a16c9ce9fff5f48d?s=96&d=mm&r=g","url":"https:\/\/secure.gravatar.com\/avatar\/738fb281e479212ed32c1a21a4307dda9f3af9292edb6918a16c9ce9fff5f48d?s=96&d=mm&r=g","contentUrl":"https:\/\/secure.gravatar.com\/avatar\/738fb281e479212ed32c1a21a4307dda9f3af9292edb6918a16c9ce9fff5f48d?s=96&d=mm&r=g","caption":"Prefeitos &amp; Gest\u00f5es"},"url":"https:\/\/prefeitosegestoes.com.br\/portal\/author\/prefeitosegestoes\/"}]}},"_links":{"self":[{"href":"https:\/\/prefeitosegestoes.com.br\/portal\/wp-json\/wp\/v2\/posts\/3666","targetHints":{"allow":["GET"]}}],"collection":[{"href":"https:\/\/prefeitosegestoes.com.br\/portal\/wp-json\/wp\/v2\/posts"}],"about":[{"href":"https:\/\/prefeitosegestoes.com.br\/portal\/wp-json\/wp\/v2\/types\/post"}],"author":[{"embeddable":true,"href":"https:\/\/prefeitosegestoes.com.br\/portal\/wp-json\/wp\/v2\/users\/2"}],"replies":[{"embeddable":true,"href":"https:\/\/prefeitosegestoes.com.br\/portal\/wp-json\/wp\/v2\/comments?post=3666"}],"version-history":[{"count":1,"href":"https:\/\/prefeitosegestoes.com.br\/portal\/wp-json\/wp\/v2\/posts\/3666\/revisions"}],"predecessor-version":[{"id":3668,"href":"https:\/\/prefeitosegestoes.com.br\/portal\/wp-json\/wp\/v2\/posts\/3666\/revisions\/3668"}],"wp:featuredmedia":[{"embeddable":true,"href":"https:\/\/prefeitosegestoes.com.br\/portal\/wp-json\/wp\/v2\/media\/3667"}],"wp:attachment":[{"href":"https:\/\/prefeitosegestoes.com.br\/portal\/wp-json\/wp\/v2\/media?parent=3666"}],"wp:term":[{"taxonomy":"category","embeddable":true,"href":"https:\/\/prefeitosegestoes.com.br\/portal\/wp-json\/wp\/v2\/categories?post=3666"},{"taxonomy":"post_tag","embeddable":true,"href":"https:\/\/prefeitosegestoes.com.br\/portal\/wp-json\/wp\/v2\/tags?post=3666"}],"curies":[{"name":"wp","href":"https:\/\/api.w.org\/{rel}","templated":true}]}}