{"id":3649,"date":"2025-07-18T14:54:48","date_gmt":"2025-07-18T17:54:48","guid":{"rendered":"https:\/\/prefeitosegestoes.com.br\/portal\/?p=3649"},"modified":"2025-07-21T13:08:24","modified_gmt":"2025-07-21T16:08:24","slug":"publicacao-da-revista-prefeitosgestoes-repercute-no-instagram-da-editora-moderna","status":"publish","type":"post","link":"https:\/\/prefeitosegestoes.com.br\/portal\/publicacao-da-revista-prefeitosgestoes-repercute-no-instagram-da-editora-moderna\/","title":{"rendered":""},"content":{"rendered":"<h1>Editora Moderna repercute mat\u00e9ria publicada na Revista Prefeitos&amp;Gest\u00f5es<\/h1>\n<p>A recente publica\u00e7\u00e3o de mat\u00e9ria da Editora Moderna, na nossa edi\u00e7\u00e3o Maio-Junho-25, de conte\u00fado pedag\u00f3gico, uma vez que trata dos desafios das escolas p\u00fablicas brasileiras e de as necessidades contempor\u00e2neas de alunos e professores, foi repercutida pelo seu Depto de Marketing e ganhou destaque no seu instagram.<\/p>\n<p>&nbsp;<\/p>\n<p>Para ler a mat\u00e9ria completa na revista Prefeitos&amp;Gest\u00f5es, acesse o link abaixo e clique em REVISTA ON-LINE.<\/p>\n<p><em>https:\/\/prefeitosegestoes.com.br\/portal\/<\/em><\/p>\n<p>&nbsp;<\/p>\n<p>Redes Sociais<\/p>\n<p><em>https:\/\/www.instagram.com\/prefeitosegestoes\/<\/em><\/p>\n<p><em>https:\/\/www.facebook.com\/prefeitosegestoes<\/em><\/p>\n<p>&nbsp;<\/p>\n<p>Para visualizar o post no instagram da Editora Moderna, acesse o link abaixo.<\/p>\n<p><em>https:\/\/www.instagra<\/em><em>m.com\/p\/DMOYyJ7PKNi\/?igsh=bD<\/em><em>R5Ymo2ZHd5OWdm<\/em><\/p>\n<p>&nbsp;<\/p>\n<p><img fetchpriority=\"high\" decoding=\"async\" class=\"alignnone wp-image-3660\" src=\"https:\/\/prefeitosegestoes.com.br\/portal\/wp-content\/uploads\/2025\/07\/Imagem-Moderna-240x300.jpg\" alt=\"\" width=\"546\" height=\"682\" srcset=\"https:\/\/prefeitosegestoes.com.br\/portal\/wp-content\/uploads\/2025\/07\/Imagem-Moderna-240x300.jpg 240w, https:\/\/prefeitosegestoes.com.br\/portal\/wp-content\/uploads\/2025\/07\/Imagem-Moderna-768x961.jpg 768w, https:\/\/prefeitosegestoes.com.br\/portal\/wp-content\/uploads\/2025\/07\/Imagem-Moderna.jpg 1023w\" sizes=\"(max-width: 546px) 100vw, 546px\" \/><\/p>\n<p>&nbsp;<\/p>\n<p>Fonte: Revista Prefeitos&amp;Gest\u00f5es<\/p>\n","protected":false},"excerpt":{"rendered":"<p>Editora Moderna repercute mat\u00e9ria publicada na Revista Prefeitos&amp;Gest\u00f5es A recente publica\u00e7\u00e3o de mat\u00e9ria da Editora Moderna, na nossa edi\u00e7\u00e3o Maio-Junho-25, de conte\u00fado pedag\u00f3gico, uma vez que trata dos desafios das escolas p\u00fablicas brasileiras e de as necessidades contempor\u00e2neas de alunos e professores, foi repercutida pelo seu Depto de Marketing e ganhou destaque no seu instagram. [&hellip;]<\/p>\n","protected":false},"author":2,"featured_media":3657,"comment_status":"open","ping_status":"open","sticky":false,"template":"","format":"standard","meta":{"rop_custom_images_group":[],"rop_custom_messages_group":[],"rop_publish_now":"initial","rop_publish_now_accounts":{"twitter_850042665852968960_850042665852968960":""},"rop_publish_now_history":[],"rop_publish_now_status":"pending","footnotes":""},"categories":[15],"tags":[690,691,692,138,689],"class_list":["post-3649","post","type-post","status-publish","format-standard","has-post-thumbnail","hentry","category-destaques","tag-contemporaneas","tag-desafios-de-alueditora-moderna","tag-desafios-de-alunos-e-professores","tag-educacao","tag-solucoes"],"yoast_head":"<!-- This site is optimized with the Yoast SEO plugin v27.2 - https:\/\/yoast.com\/product\/yoast-seo-wordpress\/ -->\n<title>- Prefeitos &amp; Gest\u00f5es<\/title>\n<meta name=\"description\" content=\"A recente publica\u00e7\u00e3o de mat\u00e9ria da Editora Moderna, na nossa edi\u00e7\u00e3o Maio-Junho-25, de conte\u00fado pedag\u00f3gico, uma vez que trata dos desafios das escolas p\u00fablicas brasileiras e as necessidades contempor\u00e2neas de alunos e professores, foi repercutida pelo seu Depto de Marketing e ganhou destaque no seu instagram.\" \/>\n<meta name=\"robots\" content=\"index, follow, max-snippet:-1, max-image-preview:large, max-video-preview:-1\" \/>\n<link rel=\"canonical\" href=\"https:\/\/prefeitosegestoes.com.br\/portal\/publicacao-da-revista-prefeitosgestoes-repercute-no-instagram-da-editora-moderna\/\" \/>\n<meta property=\"og:locale\" content=\"pt_BR\" \/>\n<meta property=\"og:type\" content=\"article\" \/>\n<meta property=\"og:title\" content=\"- Prefeitos &amp; Gest\u00f5es\" \/>\n<meta property=\"og:description\" content=\"A recente publica\u00e7\u00e3o de mat\u00e9ria da Editora Moderna, na nossa edi\u00e7\u00e3o Maio-Junho-25, de conte\u00fado pedag\u00f3gico, uma vez que trata dos desafios das escolas p\u00fablicas brasileiras e as necessidades contempor\u00e2neas de alunos e professores, foi repercutida pelo seu Depto de Marketing e ganhou destaque no seu instagram.\" \/>\n<meta property=\"og:url\" content=\"https:\/\/prefeitosegestoes.com.br\/portal\/publicacao-da-revista-prefeitosgestoes-repercute-no-instagram-da-editora-moderna\/\" \/>\n<meta property=\"og:site_name\" content=\"Prefeitos &amp; Gest\u00f5es\" \/>\n<meta property=\"article:publisher\" content=\"https:\/\/www.facebook.com\/prefeitosonline\" \/>\n<meta property=\"article:published_time\" content=\"2025-07-18T17:54:48+00:00\" \/>\n<meta property=\"article:modified_time\" content=\"2025-07-21T16:08:24+00:00\" \/>\n<meta name=\"author\" content=\"Prefeitos &amp; Gest\u00f5es\" \/>\n<meta name=\"twitter:card\" content=\"summary_large_image\" \/>\n<meta name=\"twitter:creator\" content=\"@PrefGestoes\" \/>\n<meta name=\"twitter:site\" content=\"@PrefGestoes\" \/>\n<meta name=\"twitter:label1\" content=\"Escrito por\" \/>\n\t<meta name=\"twitter:data1\" content=\"Prefeitos &amp; Gest\u00f5es\" \/>\n\t<meta name=\"twitter:label2\" content=\"Est. tempo de leitura\" \/>\n\t<meta name=\"twitter:data2\" content=\"1 minuto\" \/>\n<script type=\"application\/ld+json\" class=\"yoast-schema-graph\">{\"@context\":\"https:\/\/schema.org\",\"@graph\":[{\"@type\":\"Article\",\"@id\":\"https:\/\/prefeitosegestoes.com.br\/portal\/publicacao-da-revista-prefeitosgestoes-repercute-no-instagram-da-editora-moderna\/#article\",\"isPartOf\":{\"@id\":\"https:\/\/prefeitosegestoes.com.br\/portal\/publicacao-da-revista-prefeitosgestoes-repercute-no-instagram-da-editora-moderna\/\"},\"author\":{\"name\":\"Prefeitos &amp; Gest\u00f5es\",\"@id\":\"https:\/\/prefeitosegestoes.com.br\/portal\/#\/schema\/person\/d00059f2ec99963e7e1850d448ae94b8\"},\"headline\":\"Sem t\u00edtulo\",\"datePublished\":\"2025-07-18T17:54:48+00:00\",\"dateModified\":\"2025-07-21T16:08:24+00:00\",\"mainEntityOfPage\":{\"@id\":\"https:\/\/prefeitosegestoes.com.br\/portal\/publicacao-da-revista-prefeitosgestoes-repercute-no-instagram-da-editora-moderna\/\"},\"wordCount\":142,\"commentCount\":0,\"publisher\":{\"@id\":\"https:\/\/prefeitosegestoes.com.br\/portal\/#organization\"},\"image\":{\"@id\":\"https:\/\/prefeitosegestoes.com.br\/portal\/publicacao-da-revista-prefeitosgestoes-repercute-no-instagram-da-editora-moderna\/#primaryimage\"},\"thumbnailUrl\":\"https:\/\/prefeitosegestoes.com.br\/portal\/wp-content\/uploads\/2025\/07\/cort-Corrigido-18-07-pdf.jpg\",\"keywords\":[\"Contempor\u00e2neas\",\"Desafios de aluEditora Moderna\",\"desafios de alunos e professores\",\"Educa\u00e7\u00e3o\",\"Solu\u00e7\u00f5es\"],\"articleSection\":[\"Destaques\"],\"inLanguage\":\"pt-BR\",\"potentialAction\":[{\"@type\":\"CommentAction\",\"name\":\"Comment\",\"target\":[\"https:\/\/prefeitosegestoes.com.br\/portal\/publicacao-da-revista-prefeitosgestoes-repercute-no-instagram-da-editora-moderna\/#respond\"]}]},{\"@type\":\"WebPage\",\"@id\":\"https:\/\/prefeitosegestoes.com.br\/portal\/publicacao-da-revista-prefeitosgestoes-repercute-no-instagram-da-editora-moderna\/\",\"url\":\"https:\/\/prefeitosegestoes.com.br\/portal\/publicacao-da-revista-prefeitosgestoes-repercute-no-instagram-da-editora-moderna\/\",\"name\":\"- Prefeitos &amp; Gest\u00f5es\",\"isPartOf\":{\"@id\":\"https:\/\/prefeitosegestoes.com.br\/portal\/#website\"},\"primaryImageOfPage\":{\"@id\":\"https:\/\/prefeitosegestoes.com.br\/portal\/publicacao-da-revista-prefeitosgestoes-repercute-no-instagram-da-editora-moderna\/#primaryimage\"},\"image\":{\"@id\":\"https:\/\/prefeitosegestoes.com.br\/portal\/publicacao-da-revista-prefeitosgestoes-repercute-no-instagram-da-editora-moderna\/#primaryimage\"},\"thumbnailUrl\":\"https:\/\/prefeitosegestoes.com.br\/portal\/wp-content\/uploads\/2025\/07\/cort-Corrigido-18-07-pdf.jpg\",\"datePublished\":\"2025-07-18T17:54:48+00:00\",\"dateModified\":\"2025-07-21T16:08:24+00:00\",\"description\":\"A recente publica\u00e7\u00e3o de mat\u00e9ria da Editora Moderna, na nossa edi\u00e7\u00e3o Maio-Junho-25, de conte\u00fado pedag\u00f3gico, uma vez que trata dos desafios das escolas p\u00fablicas brasileiras e as necessidades contempor\u00e2neas de alunos e professores, foi repercutida pelo seu Depto de Marketing e ganhou destaque no seu instagram.\",\"inLanguage\":\"pt-BR\",\"potentialAction\":[{\"@type\":\"ReadAction\",\"target\":[\"https:\/\/prefeitosegestoes.com.br\/portal\/publicacao-da-revista-prefeitosgestoes-repercute-no-instagram-da-editora-moderna\/\"]}]},{\"@type\":\"ImageObject\",\"inLanguage\":\"pt-BR\",\"@id\":\"https:\/\/prefeitosegestoes.com.br\/portal\/publicacao-da-revista-prefeitosgestoes-repercute-no-instagram-da-editora-moderna\/#primaryimage\",\"url\":\"https:\/\/prefeitosegestoes.com.br\/portal\/wp-content\/uploads\/2025\/07\/cort-Corrigido-18-07-pdf.jpg\",\"contentUrl\":\"https:\/\/prefeitosegestoes.com.br\/portal\/wp-content\/uploads\/2025\/07\/cort-Corrigido-18-07-pdf.jpg\"},{\"@type\":\"WebSite\",\"@id\":\"https:\/\/prefeitosegestoes.com.br\/portal\/#website\",\"url\":\"https:\/\/prefeitosegestoes.com.br\/portal\/\",\"name\":\"Prefeitos & Gest\u00f5es\",\"description\":\"\",\"publisher\":{\"@id\":\"https:\/\/prefeitosegestoes.com.br\/portal\/#organization\"},\"potentialAction\":[{\"@type\":\"SearchAction\",\"target\":{\"@type\":\"EntryPoint\",\"urlTemplate\":\"https:\/\/prefeitosegestoes.com.br\/portal\/?s={search_term_string}\"},\"query-input\":{\"@type\":\"PropertyValueSpecification\",\"valueRequired\":true,\"valueName\":\"search_term_string\"}}],\"inLanguage\":\"pt-BR\"},{\"@type\":\"Organization\",\"@id\":\"https:\/\/prefeitosegestoes.com.br\/portal\/#organization\",\"name\":\"Prefeitos & Gest\u00f5es\",\"url\":\"https:\/\/prefeitosegestoes.com.br\/portal\/\",\"logo\":{\"@type\":\"ImageObject\",\"inLanguage\":\"pt-BR\",\"@id\":\"https:\/\/prefeitosegestoes.com.br\/portal\/#\/schema\/logo\/image\/\",\"url\":\"https:\/\/prefeitosegestoes.com.br\/portal\/wp-content\/uploads\/2024\/10\/lg_trans_prefeitos_2024_preto2.png\",\"contentUrl\":\"https:\/\/prefeitosegestoes.com.br\/portal\/wp-content\/uploads\/2024\/10\/lg_trans_prefeitos_2024_preto2.png\",\"width\":199,\"height\":122,\"caption\":\"Prefeitos & Gest\u00f5es\"},\"image\":{\"@id\":\"https:\/\/prefeitosegestoes.com.br\/portal\/#\/schema\/logo\/image\/\"},\"sameAs\":[\"https:\/\/www.facebook.com\/prefeitosonline\",\"https:\/\/x.com\/PrefGestoes\"]},{\"@type\":\"Person\",\"@id\":\"https:\/\/prefeitosegestoes.com.br\/portal\/#\/schema\/person\/d00059f2ec99963e7e1850d448ae94b8\",\"name\":\"Prefeitos &amp; Gest\u00f5es\",\"image\":{\"@type\":\"ImageObject\",\"inLanguage\":\"pt-BR\",\"@id\":\"https:\/\/secure.gravatar.com\/avatar\/738fb281e479212ed32c1a21a4307dda9f3af9292edb6918a16c9ce9fff5f48d?s=96&d=mm&r=g\",\"url\":\"https:\/\/secure.gravatar.com\/avatar\/738fb281e479212ed32c1a21a4307dda9f3af9292edb6918a16c9ce9fff5f48d?s=96&d=mm&r=g\",\"contentUrl\":\"https:\/\/secure.gravatar.com\/avatar\/738fb281e479212ed32c1a21a4307dda9f3af9292edb6918a16c9ce9fff5f48d?s=96&d=mm&r=g\",\"caption\":\"Prefeitos &amp; Gest\u00f5es\"},\"url\":\"https:\/\/prefeitosegestoes.com.br\/portal\/author\/prefeitosegestoes\/\"}]}<\/script>\n<!-- \/ Yoast SEO plugin. -->","yoast_head_json":{"title":"- Prefeitos &amp; Gest\u00f5es","description":"A recente publica\u00e7\u00e3o de mat\u00e9ria da Editora Moderna, na nossa edi\u00e7\u00e3o Maio-Junho-25, de conte\u00fado pedag\u00f3gico, uma vez que trata dos desafios das escolas p\u00fablicas brasileiras e as necessidades contempor\u00e2neas de alunos e professores, foi repercutida pelo seu Depto de Marketing e ganhou destaque no seu instagram.","robots":{"index":"index","follow":"follow","max-snippet":"max-snippet:-1","max-image-preview":"max-image-preview:large","max-video-preview":"max-video-preview:-1"},"canonical":"https:\/\/prefeitosegestoes.com.br\/portal\/publicacao-da-revista-prefeitosgestoes-repercute-no-instagram-da-editora-moderna\/","og_locale":"pt_BR","og_type":"article","og_title":"- Prefeitos &amp; Gest\u00f5es","og_description":"A recente publica\u00e7\u00e3o de mat\u00e9ria da Editora Moderna, na nossa edi\u00e7\u00e3o Maio-Junho-25, de conte\u00fado pedag\u00f3gico, uma vez que trata dos desafios das escolas p\u00fablicas brasileiras e as necessidades contempor\u00e2neas de alunos e professores, foi repercutida pelo seu Depto de Marketing e ganhou destaque no seu instagram.","og_url":"https:\/\/prefeitosegestoes.com.br\/portal\/publicacao-da-revista-prefeitosgestoes-repercute-no-instagram-da-editora-moderna\/","og_site_name":"Prefeitos &amp; Gest\u00f5es","article_publisher":"https:\/\/www.facebook.com\/prefeitosonline","article_published_time":"2025-07-18T17:54:48+00:00","article_modified_time":"2025-07-21T16:08:24+00:00","author":"Prefeitos &amp; Gest\u00f5es","twitter_card":"summary_large_image","twitter_creator":"@PrefGestoes","twitter_site":"@PrefGestoes","twitter_misc":{"Escrito por":"Prefeitos &amp; Gest\u00f5es","Est. tempo de leitura":"1 minuto"},"schema":{"@context":"https:\/\/schema.org","@graph":[{"@type":"Article","@id":"https:\/\/prefeitosegestoes.com.br\/portal\/publicacao-da-revista-prefeitosgestoes-repercute-no-instagram-da-editora-moderna\/#article","isPartOf":{"@id":"https:\/\/prefeitosegestoes.com.br\/portal\/publicacao-da-revista-prefeitosgestoes-repercute-no-instagram-da-editora-moderna\/"},"author":{"name":"Prefeitos &amp; Gest\u00f5es","@id":"https:\/\/prefeitosegestoes.com.br\/portal\/#\/schema\/person\/d00059f2ec99963e7e1850d448ae94b8"},"headline":"Sem t\u00edtulo","datePublished":"2025-07-18T17:54:48+00:00","dateModified":"2025-07-21T16:08:24+00:00","mainEntityOfPage":{"@id":"https:\/\/prefeitosegestoes.com.br\/portal\/publicacao-da-revista-prefeitosgestoes-repercute-no-instagram-da-editora-moderna\/"},"wordCount":142,"commentCount":0,"publisher":{"@id":"https:\/\/prefeitosegestoes.com.br\/portal\/#organization"},"image":{"@id":"https:\/\/prefeitosegestoes.com.br\/portal\/publicacao-da-revista-prefeitosgestoes-repercute-no-instagram-da-editora-moderna\/#primaryimage"},"thumbnailUrl":"https:\/\/prefeitosegestoes.com.br\/portal\/wp-content\/uploads\/2025\/07\/cort-Corrigido-18-07-pdf.jpg","keywords":["Contempor\u00e2neas","Desafios de aluEditora Moderna","desafios de alunos e professores","Educa\u00e7\u00e3o","Solu\u00e7\u00f5es"],"articleSection":["Destaques"],"inLanguage":"pt-BR","potentialAction":[{"@type":"CommentAction","name":"Comment","target":["https:\/\/prefeitosegestoes.com.br\/portal\/publicacao-da-revista-prefeitosgestoes-repercute-no-instagram-da-editora-moderna\/#respond"]}]},{"@type":"WebPage","@id":"https:\/\/prefeitosegestoes.com.br\/portal\/publicacao-da-revista-prefeitosgestoes-repercute-no-instagram-da-editora-moderna\/","url":"https:\/\/prefeitosegestoes.com.br\/portal\/publicacao-da-revista-prefeitosgestoes-repercute-no-instagram-da-editora-moderna\/","name":"- Prefeitos &amp; Gest\u00f5es","isPartOf":{"@id":"https:\/\/prefeitosegestoes.com.br\/portal\/#website"},"primaryImageOfPage":{"@id":"https:\/\/prefeitosegestoes.com.br\/portal\/publicacao-da-revista-prefeitosgestoes-repercute-no-instagram-da-editora-moderna\/#primaryimage"},"image":{"@id":"https:\/\/prefeitosegestoes.com.br\/portal\/publicacao-da-revista-prefeitosgestoes-repercute-no-instagram-da-editora-moderna\/#primaryimage"},"thumbnailUrl":"https:\/\/prefeitosegestoes.com.br\/portal\/wp-content\/uploads\/2025\/07\/cort-Corrigido-18-07-pdf.jpg","datePublished":"2025-07-18T17:54:48+00:00","dateModified":"2025-07-21T16:08:24+00:00","description":"A recente publica\u00e7\u00e3o de mat\u00e9ria da Editora Moderna, na nossa edi\u00e7\u00e3o Maio-Junho-25, de conte\u00fado pedag\u00f3gico, uma vez que trata dos desafios das escolas p\u00fablicas brasileiras e as necessidades contempor\u00e2neas de alunos e professores, foi repercutida pelo seu Depto de Marketing e ganhou destaque no seu instagram.","inLanguage":"pt-BR","potentialAction":[{"@type":"ReadAction","target":["https:\/\/prefeitosegestoes.com.br\/portal\/publicacao-da-revista-prefeitosgestoes-repercute-no-instagram-da-editora-moderna\/"]}]},{"@type":"ImageObject","inLanguage":"pt-BR","@id":"https:\/\/prefeitosegestoes.com.br\/portal\/publicacao-da-revista-prefeitosgestoes-repercute-no-instagram-da-editora-moderna\/#primaryimage","url":"https:\/\/prefeitosegestoes.com.br\/portal\/wp-content\/uploads\/2025\/07\/cort-Corrigido-18-07-pdf.jpg","contentUrl":"https:\/\/prefeitosegestoes.com.br\/portal\/wp-content\/uploads\/2025\/07\/cort-Corrigido-18-07-pdf.jpg"},{"@type":"WebSite","@id":"https:\/\/prefeitosegestoes.com.br\/portal\/#website","url":"https:\/\/prefeitosegestoes.com.br\/portal\/","name":"Prefeitos & Gest\u00f5es","description":"","publisher":{"@id":"https:\/\/prefeitosegestoes.com.br\/portal\/#organization"},"potentialAction":[{"@type":"SearchAction","target":{"@type":"EntryPoint","urlTemplate":"https:\/\/prefeitosegestoes.com.br\/portal\/?s={search_term_string}"},"query-input":{"@type":"PropertyValueSpecification","valueRequired":true,"valueName":"search_term_string"}}],"inLanguage":"pt-BR"},{"@type":"Organization","@id":"https:\/\/prefeitosegestoes.com.br\/portal\/#organization","name":"Prefeitos & Gest\u00f5es","url":"https:\/\/prefeitosegestoes.com.br\/portal\/","logo":{"@type":"ImageObject","inLanguage":"pt-BR","@id":"https:\/\/prefeitosegestoes.com.br\/portal\/#\/schema\/logo\/image\/","url":"https:\/\/prefeitosegestoes.com.br\/portal\/wp-content\/uploads\/2024\/10\/lg_trans_prefeitos_2024_preto2.png","contentUrl":"https:\/\/prefeitosegestoes.com.br\/portal\/wp-content\/uploads\/2024\/10\/lg_trans_prefeitos_2024_preto2.png","width":199,"height":122,"caption":"Prefeitos & Gest\u00f5es"},"image":{"@id":"https:\/\/prefeitosegestoes.com.br\/portal\/#\/schema\/logo\/image\/"},"sameAs":["https:\/\/www.facebook.com\/prefeitosonline","https:\/\/x.com\/PrefGestoes"]},{"@type":"Person","@id":"https:\/\/prefeitosegestoes.com.br\/portal\/#\/schema\/person\/d00059f2ec99963e7e1850d448ae94b8","name":"Prefeitos &amp; Gest\u00f5es","image":{"@type":"ImageObject","inLanguage":"pt-BR","@id":"https:\/\/secure.gravatar.com\/avatar\/738fb281e479212ed32c1a21a4307dda9f3af9292edb6918a16c9ce9fff5f48d?s=96&d=mm&r=g","url":"https:\/\/secure.gravatar.com\/avatar\/738fb281e479212ed32c1a21a4307dda9f3af9292edb6918a16c9ce9fff5f48d?s=96&d=mm&r=g","contentUrl":"https:\/\/secure.gravatar.com\/avatar\/738fb281e479212ed32c1a21a4307dda9f3af9292edb6918a16c9ce9fff5f48d?s=96&d=mm&r=g","caption":"Prefeitos &amp; Gest\u00f5es"},"url":"https:\/\/prefeitosegestoes.com.br\/portal\/author\/prefeitosegestoes\/"}]}},"_links":{"self":[{"href":"https:\/\/prefeitosegestoes.com.br\/portal\/wp-json\/wp\/v2\/posts\/3649","targetHints":{"allow":["GET"]}}],"collection":[{"href":"https:\/\/prefeitosegestoes.com.br\/portal\/wp-json\/wp\/v2\/posts"}],"about":[{"href":"https:\/\/prefeitosegestoes.com.br\/portal\/wp-json\/wp\/v2\/types\/post"}],"author":[{"embeddable":true,"href":"https:\/\/prefeitosegestoes.com.br\/portal\/wp-json\/wp\/v2\/users\/2"}],"replies":[{"embeddable":true,"href":"https:\/\/prefeitosegestoes.com.br\/portal\/wp-json\/wp\/v2\/comments?post=3649"}],"version-history":[{"count":9,"href":"https:\/\/prefeitosegestoes.com.br\/portal\/wp-json\/wp\/v2\/posts\/3649\/revisions"}],"predecessor-version":[{"id":3665,"href":"https:\/\/prefeitosegestoes.com.br\/portal\/wp-json\/wp\/v2\/posts\/3649\/revisions\/3665"}],"wp:featuredmedia":[{"embeddable":true,"href":"https:\/\/prefeitosegestoes.com.br\/portal\/wp-json\/wp\/v2\/media\/3657"}],"wp:attachment":[{"href":"https:\/\/prefeitosegestoes.com.br\/portal\/wp-json\/wp\/v2\/media?parent=3649"}],"wp:term":[{"taxonomy":"category","embeddable":true,"href":"https:\/\/prefeitosegestoes.com.br\/portal\/wp-json\/wp\/v2\/categories?post=3649"},{"taxonomy":"post_tag","embeddable":true,"href":"https:\/\/prefeitosegestoes.com.br\/portal\/wp-json\/wp\/v2\/tags?post=3649"}],"curies":[{"name":"wp","href":"https:\/\/api.w.org\/{rel}","templated":true}]}}